{"data":[{"id":"9782914033299","title":"Un ciel ouvert en toute saison","description":"Ceux qui ont aim\u00e9 les pr\u00e9c\u00e9dents livres de Pascal Boulanger seront  surpris par le changement de ton et le r\u00e9gime tr\u00e8s diff\u00e9rent de  l\u00b4\u00e9criture d\u00b4Un ciel ouvert en toute saison. En effet, ce texte  s\u00b4adresse \u00e0 ses deux filles adolescentes, et le ton est celui d\u00b4un legs  difficile \u00e0 transmettre, celui d\u00b4un ciel d\u00e9sencombr\u00e9 des sir\u00e8nes  fallacieuses qui les menacent. La prose se fait ici prudente, se sachant  \u00e9pi\u00e9e par des \u00eatres encore fragiles face \u00e0 l\u00b4inconnu et \u00e0 l\u00b4incertitude  quant \u00e0 l\u00b4avenir. La beaut\u00e9 de ce texte vient de la fragilit\u00e9 de sa  communication avec cette jeunesse plong\u00e9e dans un monde o\u00f9 tout va \u00e0  vau-l\u00b4eau et o\u00f9 tout sentiment est suspect\u00e9 d\u00b4irrationalit\u00e9 :\r\n\r\n  L\u00b4amour que j\u00b4ai pour vous, je voudrais qu\u00b4il ne soit pas  simplement un sentiment, mais aussi une puissance capable de triompher  de la peur.\r\n\r\nAdmirable et \u00e9mouvante pri\u00e8re d\u00b4un p\u00e8re et d\u00b4un po\u00e8te qui se fait  proche de sa propre jeunesse h\u00e9riti\u00e8re du pire, mais aussi de Rimbaud  qui lui apprit \u00e0 saluer la beaut\u00e9, en d\u00e9pit de ce qui enlaidit, massacre  et humilie l\u00b4\u00e9lan de nos facult\u00e9s. Quelle belle injonction au d\u00e9gagement r\u00eav\u00e9 pr\u00f4n\u00e9 par le po\u00e8te de Charleville dans G\u00e9nie, que cet incipit de Un ciel ouvert en toute saison :\r\n\r\n  Quand vous serez tout simplement l\u00e0, lanc\u00e9es dans notre monde,  dress\u00e9es sur notre plan\u00e8te rocheuse\u00a0; prenez soin de vos \u00e2mes, suivez le  meilleur du pr\u00e9sent, oubliez le temps sur le fil au-dessus du n\u00e9ant.\r\n\r\n\u00c0 la lecture de ce livre, le lecteur ne pourra que souhaiter que ce voeu soit entendu et exauc\u00e9: puisque vous \u00eates merveilles - \u00e9ternellement - dans la prolif\u00e9ration inattendue du simple.\r","authors":["Pascal Boulanger"],"category_codes":["1000000","1010000"],"visuals":{"large":"https:\/\/quaidesbrumes.com\/img\/book-placeholder.png","medium":"https:\/\/quaidesbrumes.com\/img\/book-placeholder.png","thumbnail":"https:\/\/quaidesbrumes.com\/img\/book-placeholder.png"},"orderable":true,"show_badge":true,"formatted_price":"10,00&nbsp;\u20ac","formatted_published_date":"18 avril 2012","publisher_availability_label":"Sur commande","short_details":"Pascal Boulanger \u2014 Le Corridor Bleu","translator":null,"weight":95,"page_count":null,"readership":null,"editor":"Le Corridor Bleu","price":1000,"published_date":"2012-04-17T22:00:00.000000Z","support":"Grand format","publisher_availability":1,"stock":0,"editions":[],"url":"https:\/\/quaidesbrumes.com\/ouvrage\/9782914033299\/un-ciel-ouvert-en-toute-saison"},{"id":"9782492624018","title":"La trireme irradiee","description":null,"authors":["Milbergue Philippe"],"category_codes":["1000000","1090000","1090600"],"visuals":{"large":"https:\/\/images.epagine.fr\/018\/9782492624018_1_75.jpg","medium":"https:\/\/images.epagine.fr\/018\/9782492624018_1_m.jpg","thumbnail":"https:\/\/images.epagine.fr\/018\/9782492624018_1_v.jpg"},"orderable":true,"show_badge":true,"formatted_price":"14,50&nbsp;\u20ac","formatted_published_date":"15 mars 2021","publisher_availability_label":"Sur commande","short_details":"Milbergue Philippe \u2014 Les Morfals","translator":null,"weight":107,"page_count":null,"readership":null,"editor":"Les Morfals","price":1450,"published_date":"2021-03-14T23:00:00.000000Z","support":"Grand format","publisher_availability":1,"stock":0,"editions":[],"url":"https:\/\/quaidesbrumes.com\/ouvrage\/9782492624018\/la-trireme-irradiee"},{"id":"9782354853556","title":"Kizuna - liyannaj","description":"Sous le soleil chamarr\u00e9 de Guadeloupe, m\u00e8re et fille entonnent le chant de l'enfance, des disparus, des anc\u00eatres, de la cr\u00e9olit\u00e9 et des silences. De cet amour implacable, de ce lien intimement pr\u00e9cieux qui unit les deux femmes, jaillit une po\u00e9sie d\u00e9licate et profonde, p\u00e9trie de reconnaissance et de d\u00e9votion. Leurs voix se dressent et se rejoignent dans l'interstice des matins bleus, pour rendre hommage en choeur au don sacr\u00e9 de la vie... Et nous offrir \u00e0 leur tour les mots qui r\u00e9veillent, unissent, combattent la s\u00e9paration, vers cet ailleurs familier et triomphant o\u00f9 l'aura des r\u00eaves \u00e9claire le monde.\r","authors":["Cham Stanislas"],"category_codes":["1000000","1090000"],"visuals":{"large":"https:\/\/images.epagine.fr\/556\/9782354853556_1_75.jpg","medium":"https:\/\/images.epagine.fr\/556\/9782354853556_1_m.jpg","thumbnail":"https:\/\/images.epagine.fr\/556\/9782354853556_1_v.jpg"},"orderable":true,"show_badge":true,"formatted_price":"15,00&nbsp;\u20ac","formatted_published_date":"1er janvier 2013","publisher_availability_label":"Sur commande","short_details":"Cham Stanislas \u2014 JETS D'ENCRE","translator":null,"weight":173,"page_count":122,"readership":null,"editor":"JETS D'ENCRE","price":1500,"published_date":"2012-12-31T23:00:00.000000Z","support":"Grand format","publisher_availability":1,"stock":0,"editions":[],"url":"https:\/\/quaidesbrumes.com\/ouvrage\/9782354853556\/kizuna-liyannaj"},{"id":"9782919120079","title":"Diagonale du desir","description":null,"authors":["Desmee Maria"],"category_codes":["1000000","1090000"],"visuals":{"large":"https:\/\/quaidesbrumes.com\/img\/book-placeholder.png","medium":"https:\/\/quaidesbrumes.com\/img\/book-placeholder.png","thumbnail":"https:\/\/quaidesbrumes.com\/img\/book-placeholder.png"},"orderable":true,"show_badge":true,"formatted_price":"10,00&nbsp;\u20ac","formatted_published_date":"15 mai 2012","publisher_availability_label":"Sur commande","short_details":"Desmee Maria \u2014 Mazette","translator":null,"weight":70,"page_count":null,"readership":null,"editor":"Mazette","price":1000,"published_date":"2012-05-14T22:00:00.000000Z","support":"Grand format","publisher_availability":1,"stock":0,"editions":[],"url":"https:\/\/quaidesbrumes.com\/ouvrage\/9782919120079\/diagonale-du-desir"},{"id":"9782332778543","title":"\u00f4 ! bonheur des maux !","description":"Mettre des mots sur les maux, de tous et de tous les jours...\r\n Dire ce qui parfois semble indicible. User de la douceur polys\u00e9mique des mots pour d\u00e9noncer ce qui nous emp\u00eache d'avancer.\r\n Dire aussi le beau, l'humain, l'amour ; autant de valeurs qui nous entourent et que nous laissons dispara\u00eetre, pour de bien mauvaises raisons.\r\n Dire encore la col\u00e8re, l'incompr\u00e9hension et l'angoisse : se lib\u00e9rer de ces maux qui nous oppressent, et pouvoir appr\u00e9hender, le coeur l\u00e9ger, cet \u00ab \u00e0-venir \u00bb qui nous appartient.\r","authors":["Elsa Dussert"],"category_codes":["1000000","1090000"],"visuals":{"large":"https:\/\/images.epagine.fr\/543\/9782332778543_1_75.jpg","medium":"https:\/\/images.epagine.fr\/543\/9782332778543_1_m.jpg","thumbnail":"https:\/\/images.epagine.fr\/543\/9782332778543_1_v.jpg"},"orderable":true,"show_badge":true,"formatted_price":"8,50&nbsp;\u20ac","formatted_published_date":"6 ao\u00fbt 2014","publisher_availability_label":"Sur commande","short_details":"Elsa Dussert \u2014 Edilivre","translator":null,"weight":96,"page_count":34,"readership":null,"editor":"Edilivre","price":850,"published_date":"2014-08-05T22:00:00.000000Z","support":"Grand format","publisher_availability":1,"stock":0,"editions":[],"url":"https:\/\/quaidesbrumes.com\/ouvrage\/9782332778543\/o-bonheur-des-maux"},{"id":"9782914258746","title":"J'attends cet instant qui s'enroule \u00e9blouissant","description":"Histoire d\u00b4un ravissement amoureux, en 93 po\u00e9sies photographiques et quelques chuchotements.\r","authors":["Val\u00e9rie Huet"],"category_codes":["1000000","1090000"],"visuals":{"large":"https:\/\/quaidesbrumes.com\/img\/book-placeholder.png","medium":"https:\/\/quaidesbrumes.com\/img\/book-placeholder.png","thumbnail":"https:\/\/quaidesbrumes.com\/img\/book-placeholder.png"},"orderable":true,"show_badge":true,"formatted_price":"12,00&nbsp;\u20ac","formatted_published_date":"5 mars 2012","publisher_availability_label":"Sur commande","short_details":"Val\u00e9rie Huet \u2014 Eclats D'Encre","translator":null,"weight":105,"page_count":null,"readership":null,"editor":"Eclats D'Encre","price":1200,"published_date":"2012-03-04T23:00:00.000000Z","support":"Grand format","publisher_availability":1,"stock":0,"editions":[],"url":"https:\/\/quaidesbrumes.com\/ouvrage\/9782914258746\/jattends-cet-instant-qui-senroule-eblouissant"},{"id":"9782916608341","title":"Cahiers jean tardieu n 3 - tardieu l'humoreux","description":null,"authors":["Collectif"],"category_codes":["1000000","1090000"],"visuals":{"large":"https:\/\/images.epagine.fr\/341\/9782916608341_1_75.jpg","medium":"https:\/\/images.epagine.fr\/341\/9782916608341_1_m.jpg","thumbnail":"https:\/\/images.epagine.fr\/341\/9782916608341_1_v.jpg"},"orderable":true,"show_badge":true,"formatted_price":"15,00&nbsp;\u20ac","formatted_published_date":"20 f\u00e9vrier 2012","publisher_availability_label":"Sur commande","short_details":"Collectif \u2014 Calliopees","translator":null,"weight":174,"page_count":null,"readership":null,"editor":"Calliopees","price":1500,"published_date":"2012-02-19T23:00:00.000000Z","support":"Grand format","publisher_availability":1,"stock":0,"editions":[],"url":"https:\/\/quaidesbrumes.com\/ouvrage\/9782916608341\/cahiers-jean-tardieu-n-3-tardieu-lhumoreux"},{"id":"9782296561489","title":"Un autre jour se l\u00e8ve","description":"Dans son troisi\u00e8me livre de po\u00e9sie, Un autre jour se l\u00e8ve, Ilia Gal\u00e1n montre une vision int\u00e9rieure de la nature, comme symbole et r\u00e9f\u00e9rence, soumise aux attaques des d\u00e9sastres \u00e9cologiques : sentiments menac\u00e9s par le ciment, villes de fum\u00e9e \u00e9gar\u00e9es dans des asphaltes anonymes, mystique qui coule \u00e0 travers les for\u00eats et se d\u00e9voile, au-del\u00e0 des conventions, comme la recherche de l'harmonie perdue.\r","authors":["Ilia Galan","Jeanne Marie"],"category_codes":["1000000","1090000"],"visuals":{"large":"https:\/\/images.epagine.fr\/489\/9782296561489_1_75.jpg","medium":"https:\/\/images.epagine.fr\/489\/9782296561489_1_m.jpg","thumbnail":"https:\/\/images.epagine.fr\/489\/9782296561489_1_v.jpg"},"orderable":true,"show_badge":true,"formatted_price":"17,50&nbsp;\u20ac","formatted_published_date":"5 octobre 2011","publisher_availability_label":"Sur commande","short_details":"Ilia Galan, Jeanne Marie \u2014 \u00c9ditions L'Harmattan","translator":"JEANNE MARIE","weight":215,"page_count":166,"readership":null,"editor":"\u00c9ditions L'Harmattan","price":1750,"published_date":"2011-10-04T22:00:00.000000Z","support":"Grand format","publisher_availability":1,"stock":0,"editions":[],"url":"https:\/\/quaidesbrumes.com\/ouvrage\/9782296561489\/un-autre-jour-se-leve"},{"id":"9782953799514","title":"L'inou\u00ef","description":"Ce livre nous invite \u00e0 nous rapprocher de notre femme int\u00e9rieure, la sauvage, la primitive, la reli\u00e9e, celle qui nous habite tous de son intr\u00e9pidit\u00e9 et de sa sagesse.\r\n\r\nThis book invites us to come closer to our inside woman, the wild, the primitive, the connected one, the one who inspire each of us with her intrepidity and wisdom.\r","authors":["Roseline Ferrando-vieille"],"category_codes":["1000000","1090000"],"visuals":{"large":"https:\/\/images.epagine.fr\/514\/9782953799514_1_75.jpg","medium":"https:\/\/images.epagine.fr\/514\/9782953799514_1_m.jpg","thumbnail":"https:\/\/images.epagine.fr\/514\/9782953799514_1_v.jpg"},"orderable":true,"show_badge":true,"formatted_price":"20,00&nbsp;\u20ac","formatted_published_date":"1er septembre 2011","publisher_availability_label":"Sur commande","short_details":"Roseline Ferrando-vieille \u2014 Coop Art","translator":null,"weight":257,"page_count":44,"readership":null,"editor":"Coop Art","price":2000,"published_date":"2011-08-31T22:00:00.000000Z","support":"Beaux-livres","publisher_availability":1,"stock":0,"editions":[],"url":"https:\/\/quaidesbrumes.com\/ouvrage\/9782953799514\/linoui"},{"id":"9782332839725","title":"Coups de coeur","description":"Ce recueil de po\u00e8mes est inspir\u00e9 des propres sentiments, des peines, des col\u00e8res, des amours et des espoirs de l'auteur.\r","authors":["K\u00e9vin Kethy"],"category_codes":["1000000","1090000"],"visuals":{"large":"https:\/\/images.epagine.fr\/725\/9782332839725_1_75.jpg","medium":"https:\/\/images.epagine.fr\/725\/9782332839725_1_m.jpg","thumbnail":"https:\/\/images.epagine.fr\/725\/9782332839725_1_v.jpg"},"orderable":true,"show_badge":true,"formatted_price":"9,50&nbsp;\u20ac","formatted_published_date":"17 d\u00e9cembre 2014","publisher_availability_label":"Sur commande","short_details":"K\u00e9vin Kethy \u2014 Edilivre","translator":null,"weight":125,"page_count":52,"readership":null,"editor":"Edilivre","price":950,"published_date":"2014-12-16T23:00:00.000000Z","support":"Grand format","publisher_availability":1,"stock":0,"editions":[],"url":"https:\/\/quaidesbrumes.com\/ouvrage\/9782332839725\/coups-de-coeur"},{"id":"9782954217871","title":"Fronti\u00e8res de sable","description":null,"authors":["Jacques Robinet"],"category_codes":["1000000","1090000"],"visuals":{"large":"https:\/\/quaidesbrumes.com\/img\/book-placeholder.png","medium":"https:\/\/quaidesbrumes.com\/img\/book-placeholder.png","thumbnail":"https:\/\/quaidesbrumes.com\/img\/book-placeholder.png"},"orderable":true,"show_badge":true,"formatted_price":"16,00&nbsp;\u20ac","formatted_published_date":"15 novembre 2013","publisher_availability_label":"Sur commande","short_details":"Jacques Robinet \u2014 La Tete A L'Envers","translator":null,"weight":178,"page_count":125,"readership":null,"editor":"La Tete A L'Envers","price":1600,"published_date":"2013-11-14T23:00:00.000000Z","support":"Grand format","publisher_availability":1,"stock":0,"editions":[],"url":"https:\/\/quaidesbrumes.com\/ouvrage\/9782954217871\/frontieres-de-sable"},{"id":"9782355770333","title":"Une montagne d'enfance","description":null,"authors":[],"category_codes":["1000000","1090000"],"visuals":{"large":"https:\/\/quaidesbrumes.com\/img\/book-placeholder.png","medium":"https:\/\/quaidesbrumes.com\/img\/book-placeholder.png","thumbnail":"https:\/\/quaidesbrumes.com\/img\/book-placeholder.png"},"orderable":true,"show_badge":true,"formatted_price":"11,00&nbsp;\u20ac","formatted_published_date":"8 mars 2012","publisher_availability_label":"Sur commande","short_details":"La Rumeur Libre","translator":null,"weight":80,"page_count":null,"readership":null,"editor":"La Rumeur Libre","price":1100,"published_date":"2012-03-07T23:00:00.000000Z","support":"Grand format","publisher_availability":1,"stock":0,"editions":[],"url":"https:\/\/quaidesbrumes.com\/ouvrage\/9782355770333\/une-montagne-denfance"},{"id":"9791090380448","title":"Bouquet d'amour","description":"\u00c0 l'amour tant de mots le d\u00e9crivent?! Mais comment parler d'une telle folie que tu m'as offerte. Ce livre est un hymne \u00e0 l'amour. De la joie, des \u00e9motions, mais aussi des instants moins m\u00e9lodieux. Mais qu'importe?! J'aime \u00eatre pris dans ton tourbillon. Comment vivre sans toi?? Chacun ne cesse de t'implorer et r\u00eave de t'avoir pour l'\u00e9ternit\u00e9.\r","authors":["S\u00e9bastien Torro"],"category_codes":["1000000","1090000"],"visuals":{"large":"https:\/\/images.epagine.fr\/448\/9791090380448_1_75.jpg","medium":"https:\/\/images.epagine.fr\/448\/9791090380448_1_m.jpg","thumbnail":"https:\/\/images.epagine.fr\/448\/9791090380448_1_v.jpg"},"orderable":true,"show_badge":true,"formatted_price":"12,00&nbsp;\u20ac","formatted_published_date":"19 mars 2014","publisher_availability_label":"Sur commande","short_details":"S\u00e9bastien Torro \u2014 La Plume De L'Argilete","translator":null,"weight":300,"page_count":null,"readership":null,"editor":"La Plume De L'Argilete","price":1200,"published_date":"2014-03-18T23:00:00.000000Z","support":"Grand format","publisher_availability":1,"stock":0,"editions":[],"url":"https:\/\/quaidesbrumes.com\/ouvrage\/9791090380448\/bouquet-damour"},{"id":"9782846980906","title":"Isolomania","description":"Po\u00e8te croate de renomm\u00e9e internationale, l'auteur est pour la premi\u00e8re fois traduit en corse (par Ghj. Thiers et M.-A. Versini).","authors":["D. Katunaric"],"category_codes":["1000000","1090000"],"visuals":{"large":"https:\/\/images.epagine.fr\/906\/9782846980906_1_75.jpg","medium":"https:\/\/images.epagine.fr\/906\/9782846980906_1_m.jpg","thumbnail":"https:\/\/images.epagine.fr\/906\/9782846980906_1_v.jpg"},"orderable":true,"show_badge":true,"formatted_price":"15,00&nbsp;\u20ac","formatted_published_date":"1er mars 2004","publisher_availability_label":"Sur commande","short_details":"D. Katunaric \u2014 Albiana","translator":null,"weight":168,"page_count":88,"readership":null,"editor":"Albiana","price":1500,"published_date":"2004-02-29T23:00:00.000000Z","support":"Grand format","publisher_availability":1,"stock":0,"editions":[],"url":"https:\/\/quaidesbrumes.com\/ouvrage\/9782846980906\/isolomania"},{"id":"9782915886191","title":"D'un retour d'eclaircie","description":null,"authors":["Michel Bour\u00e7on"],"category_codes":["1000000","1090000"],"visuals":{"large":"https:\/\/quaidesbrumes.com\/img\/book-placeholder.png","medium":"https:\/\/quaidesbrumes.com\/img\/book-placeholder.png","thumbnail":"https:\/\/quaidesbrumes.com\/img\/book-placeholder.png"},"orderable":true,"show_badge":true,"formatted_price":"20,00&nbsp;\u20ac","formatted_published_date":"4 novembre 2011","publisher_availability_label":"Sur commande","short_details":"Michel Bour\u00e7on \u2014 Les Aretes","translator":null,"weight":100,"page_count":null,"readership":null,"editor":"Les Aretes","price":2000,"published_date":"2011-11-03T23:00:00.000000Z","support":"Grand format","publisher_availability":1,"stock":0,"editions":[],"url":"https:\/\/quaidesbrumes.com\/ouvrage\/9782915886191\/dun-retour-declaircie"},{"id":"9782903011819","title":"Cosmologia profanata","description":null,"authors":["Pavlovic Miodrag"],"category_codes":["1000000","1090000"],"visuals":{"large":"https:\/\/quaidesbrumes.com\/img\/book-placeholder.png","medium":"https:\/\/quaidesbrumes.com\/img\/book-placeholder.png","thumbnail":"https:\/\/quaidesbrumes.com\/img\/book-placeholder.png"},"orderable":true,"show_badge":true,"formatted_price":"16,00&nbsp;\u20ac","formatted_published_date":"18 mai 2009","publisher_availability_label":"Sur commande","short_details":"Pavlovic Miodrag \u2014 Memoire Vivante","translator":null,"weight":150,"page_count":null,"readership":null,"editor":"Memoire Vivante","price":1600,"published_date":"2009-05-17T22:00:00.000000Z","support":"Grand format","publisher_availability":1,"stock":0,"editions":[],"url":"https:\/\/quaidesbrumes.com\/ouvrage\/9782903011819\/cosmologia-profanata"},{"id":"9782812188688","title":"Poemes de mon pere","description":"Bienheureux premier jour de l'an qui recommence,  Tu formes dans les c?urs le v?u le plus ardent ; \r\nAux liens d'amiti\u00e9 tu redonnes naissance,  S'ils sont d\u00e9j\u00e0 fl\u00e9tris, tu les fais plus puissants ; \r\nLe c?ur de l'amoureux qui n'a plus d'esp\u00e9rances  Tente de forger de nobles sentiments,  Les offre de plein gr\u00e9, redouble de puissance,  Pour qu'un nouvel amour succ\u00e8de \u00e0 ses tourments. \r\nEt s'il n'est que vex\u00e9 d'une brouille l\u00e9g\u00e8re,  Il adresse un pardon sympathique et sinc\u00e8re  Pour ramener \u00e0 lui les sentiments perdus.\r","authors":["Camille Longaygues"],"category_codes":["1000000","1090000"],"visuals":{"large":"https:\/\/images.epagine.fr\/688\/9782812188688_1_75.jpg","medium":"https:\/\/images.epagine.fr\/688\/9782812188688_1_m.jpg","thumbnail":"https:\/\/images.epagine.fr\/688\/9782812188688_1_v.jpg"},"orderable":true,"show_badge":true,"formatted_price":"18,50&nbsp;\u20ac","formatted_published_date":"24 mai 2011","publisher_availability_label":"Sur commande","short_details":"Camille Longaygues \u2014 Edilivre","translator":null,"weight":327,"page_count":null,"readership":null,"editor":"Edilivre","price":1850,"published_date":"2011-05-23T22:00:00.000000Z","support":"Grand format","publisher_availability":1,"stock":0,"editions":[],"url":"https:\/\/quaidesbrumes.com\/ouvrage\/9782812188688\/poemes-de-mon-pere"},{"id":"9782296569478","title":"S'il n'y a pas d'amour ; po\u00e9sie contemporaine persane (1911-2011)","description":"Cet ouvrage propose, \u00e0 travers cent traductions, une anthologie de la po\u00e9sie moderne persane. Le recueil, compos\u00e9 de po\u00e8mes \u00e9crits entre 1911 et 2011, retrace l'histoire de cette po\u00e9sie, depuis son \u00e9mergence jusqu'\u00e0 nos jours et nous laisse entrevoir les influences po\u00e9tiques que les langues et cultures occidentales ont excerc\u00e9es aupr\u00e8s d'elle.\r","authors":["Mahshid Moshiri"],"category_codes":["1000000","1090000"],"visuals":{"large":"https:\/\/images.epagine.fr\/478\/9782296569478_1_75.jpg","medium":"https:\/\/images.epagine.fr\/478\/9782296569478_1_m.jpg","thumbnail":"https:\/\/images.epagine.fr\/478\/9782296569478_1_v.jpg"},"orderable":true,"show_badge":true,"formatted_price":"22,00&nbsp;\u20ac","formatted_published_date":"1er mars 2012","publisher_availability_label":"Sur commande","short_details":"Mahshid Moshiri \u2014 \u00c9ditions L'Harmattan","translator":null,"weight":255,"page_count":206,"readership":null,"editor":"\u00c9ditions L'Harmattan","price":2200,"published_date":"2012-02-29T23:00:00.000000Z","support":"Grand format","publisher_availability":1,"stock":0,"editions":[],"url":"https:\/\/quaidesbrumes.com\/ouvrage\/9782296569478\/sil-ny-a-pas-damour-poesie-contemporaine-persane-1911-2011"},{"id":"9782846981620","title":"L'arretta bianca","description":"Menant sa barque de po\u00e8te o\u00f9 le vent de la vie le m\u00e8ne, Ghjacumu Thiers aborde des rivages toujours plus larges, toujours plus... sensibles et subtils. En langue corse.","authors":["J. Thiers"],"category_codes":["1000000","1090000"],"visuals":{"large":"https:\/\/images.epagine.fr\/620\/9782846981620_1_75.jpg","medium":"https:\/\/images.epagine.fr\/620\/9782846981620_1_m.jpg","thumbnail":"https:\/\/images.epagine.fr\/620\/9782846981620_1_v.jpg"},"orderable":true,"show_badge":true,"formatted_price":"15,00&nbsp;\u20ac","formatted_published_date":"15 mars 2006","publisher_availability_label":"Sur commande","short_details":"J. Thiers \u2014 Albiana","translator":null,"weight":220,"page_count":105,"readership":null,"editor":"Albiana","price":1500,"published_date":"2006-03-14T23:00:00.000000Z","support":"Grand format","publisher_availability":1,"stock":0,"editions":[],"url":"https:\/\/quaidesbrumes.com\/ouvrage\/9782846981620\/larretta-bianca"},{"id":"9782296135765","title":"Avant de d\u00e9tester Paulo Coelho","description":"Ce recueil de vingt-neuf textes po\u00e9tiques est compos\u00e9 en vers libres. L'\u00e9criture est affranchie de toute contrainte formelle. Le style est choisi par la libert\u00e9 absolue de la pens\u00e9e, de la langue et de l'esth\u00e9tique. Gihan Omar sait narrer dans l'espace du po\u00e8me. Elle dit les choses du quotidien d'une fa\u00e7on profonde et simple. La vie de tous les jours est saisie dans un mouvement dynamique et paisible.\r","authors":["Gihan Omar","Suzanne El lackany"],"category_codes":["1000000","1090000"],"visuals":{"large":"https:\/\/images.epagine.fr\/765\/9782296135765_1_75.jpg","medium":"https:\/\/images.epagine.fr\/765\/9782296135765_1_m.jpg","thumbnail":"https:\/\/images.epagine.fr\/765\/9782296135765_1_v.jpg"},"orderable":true,"show_badge":true,"formatted_price":"9,00&nbsp;\u20ac","formatted_published_date":"17 d\u00e9cembre 2010","publisher_availability_label":"Sur commande","short_details":"Gihan Omar, Suzanne El lackany \u2014 \u00c9ditions L'Harmattan","translator":"SUZANNE EL LACKANY","weight":70,"page_count":46,"readership":null,"editor":"\u00c9ditions L'Harmattan","price":900,"published_date":"2010-12-16T23:00:00.000000Z","support":"Grand format","publisher_availability":1,"stock":0,"editions":[],"url":"https:\/\/quaidesbrumes.com\/ouvrage\/9782296135765\/avant-de-detester-paulo-coelho"},{"id":"9782874596810","title":"Floril\u00e8ge","description":"\"Floril\u00e8ge\" est un kal\u00e9idoscope de po\u00e9sies classiques qui parfois sous forme de ballades d\u00e9voile tout en rimes la sensibilit\u00e9, les  anecdotes du jour, les passions diverses, les instants de bonheur ou les peines. \r\nC'est un recueil fait avec coeur dans la joie mais parfois aussi dans la douleur. \r\nIl suffit parfois d'un mot, d'une photo rat\u00e9e, d'un dessin de jeunesse, d'une vieille dentelle pour que jaillisse le po\u00e8me.\r\nL'assemblage de deux photos agr\u00e9ment\u00e9 de branches recueillies sur place donne naissance \u00e0 une histoire.\r\nLe silex retrouv\u00e9 dans le limon fait rena\u00eetre la Pr\u00e9histoire.\r\nL'amour fou de la nature se transforme en pri\u00e8re.\r\nLa pr\u00e9ciosit\u00e9 des dentelles de Bruges et des Primitifs flamands inspire le respect du sonnet.\r\nLa mer, dans son \u00e9ternit\u00e9, fait entonner un chant d\u00e8s le \"r\u00e9veil\" et la terre nourrici\u00e8re, la terre \"aux multiples visages\" d\u00e9voile \"tout ce qui gronde\".\r\nEt l'on entend la cantil\u00e8ne du \"carillon\" dans la ville qui parfois se pare de mille fleurs, le jardin devient source de ressourcement.\r\nCe livre est illustr\u00e9 par des montages effectu\u00e9s parfois \u00e0 partir de fleurs fra\u00eeches scann\u00e9es sur support de photos, tissus, souvenirs...\r","authors":["Colette Broh\u00e9e"],"category_codes":["1000000","1090000"],"visuals":{"large":"https:\/\/images.epagine.fr\/810\/9782874596810_1_75.jpg","medium":"https:\/\/images.epagine.fr\/810\/9782874596810_1_m.jpg","thumbnail":"https:\/\/images.epagine.fr\/810\/9782874596810_1_v.jpg"},"orderable":true,"show_badge":true,"formatted_price":"26,40&nbsp;\u20ac","formatted_published_date":"29 novembre 2012","publisher_availability_label":"Sur commande","short_details":"Colette Broh\u00e9e \u2014 Chloe Des Lys","translator":null,"weight":150,"page_count":null,"readership":null,"editor":"Chloe Des Lys","price":2640,"published_date":"2012-11-28T23:00:00.000000Z","support":"Grand format","publisher_availability":1,"stock":0,"editions":[],"url":"https:\/\/quaidesbrumes.com\/ouvrage\/9782874596810\/florilege"},{"id":"9782354852511","title":"Echappee de mots...","description":"\u00c9chapp\u00e9e de mots \u00e9vasion Dans ce recueil de po\u00e9sies intimistes et saisissantes, Marie Bock entra\u00eene le lecteur dans une escapade litt\u00e9raire au coeur de ses pens\u00e9es les plus profondes. Elle livre ses secrets et ses souvenirs au travers de mots \u00e0 la fois enivrants et m\u00e9lodieux, immortalise des instants de vie \u00e9ph\u00e9m\u00e8res qu'elle tente d'arracher \u00e0 l'oubli et \u00e0 la fuite du temps, faisant de ce recueil un hymne vibrant \u00e0 l'amour et \u00e0 l'espoir, un hommage \u00e0 la vie qui persiste malgr\u00e9 les peines et les douleurs. Un tourbillon d\u00e9motions, de couleurs et de sons, pour un voyage po\u00e9tique et musical grisant !\r","authors":["Bock Marie"],"category_codes":["1000000","1090000"],"visuals":{"large":"https:\/\/images.epagine.fr\/511\/9782354852511_1_75.jpg","medium":"https:\/\/images.epagine.fr\/511\/9782354852511_1_m.jpg","thumbnail":"https:\/\/images.epagine.fr\/511\/9782354852511_1_v.jpg"},"orderable":true,"show_badge":true,"formatted_price":"16,50&nbsp;\u20ac","formatted_published_date":"29 ao\u00fbt 2011","publisher_availability_label":"Sur commande","short_details":"Bock Marie \u2014 JETS D'ENCRE","translator":null,"weight":140,"page_count":null,"readership":null,"editor":"JETS D'ENCRE","price":1650,"published_date":"2011-08-28T22:00:00.000000Z","support":"Grand format","publisher_availability":1,"stock":0,"editions":[],"url":"https:\/\/quaidesbrumes.com\/ouvrage\/9782354852511\/echappee-de-mots"},{"id":"9782874595639","title":"Le cri des encres","description":null,"authors":["Jean-Yves Le Dorze"],"category_codes":["1000000","1090000"],"visuals":{"large":"https:\/\/images.epagine.fr\/639\/9782874595639_1_75.jpg","medium":"https:\/\/images.epagine.fr\/639\/9782874595639_1_m.jpg","thumbnail":"https:\/\/images.epagine.fr\/639\/9782874595639_1_v.jpg"},"orderable":true,"show_badge":true,"formatted_price":"16,40&nbsp;\u20ac","formatted_published_date":"1er septembre 2011","publisher_availability_label":"Sur commande","short_details":"Jean-Yves Le Dorze \u2014 Chloe Des Lys","translator":null,"weight":100,"page_count":null,"readership":null,"editor":"Chloe Des Lys","price":1640,"published_date":"2011-08-31T22:00:00.000000Z","support":"Grand format","publisher_availability":1,"stock":0,"editions":[],"url":"https:\/\/quaidesbrumes.com\/ouvrage\/9782874595639\/le-cri-des-encres"},{"id":"9782874064562","title":"Offertoire rouge","description":"Homme de conviction autant que de culture, Pierre Tr\u00e9fois, comme tout v\u00e9ritable humaniste, aime \u00e0 les d\u00e9cliner au pluriel, de Ronsard \u00e0 Nietzche, Val\u00e9ry et Izoard. Avec cet Offertoire rouge, en \u00ab taiseux passeur clandestin \u00bb \u00e9pris de musiques entre L\u00e9onard Cohen et Arthur Schnittke, le po\u00e8te nous convie \u00e0 un voyage en trois temps de m\u00e9ditation : sur la chute \u00e0 travers le mythe d'Icare, les amours perdues Sur l'autre l\u00e8vre de la rive, hant\u00e9es par \u00ab le d\u00e9sir de ce qui n'est plus \u00bb de Cioran, et la travers\u00e9e d'un paysage. Trois temps et, en filigrane, trois peintres : Breughel, Bosch et Magritte. Un homme de culture plurielle, disions-nous, lucide car il sait que \u00ab Tu d\u00e9rapes \/ en toi \/ \u00e0 chaque \/ bris \/ de conscience \u00bb. (Francis Chenot)\r","authors":["Pierre Tr\u00e9fois"],"category_codes":["1000000","1090000"],"visuals":{"large":"https:\/\/images.epagine.fr\/562\/9782874064562_1_75.jpg","medium":"https:\/\/images.epagine.fr\/562\/9782874064562_1_m.jpg","thumbnail":"https:\/\/images.epagine.fr\/562\/9782874064562_1_v.jpg"},"orderable":true,"show_badge":true,"formatted_price":"12,00&nbsp;\u20ac","formatted_published_date":"16 octobre 2009","publisher_availability_label":"Sur commande","short_details":"Pierre Tr\u00e9fois \u2014 L'Arbre A Paroles","translator":null,"weight":301,"page_count":null,"readership":null,"editor":"L'Arbre A Paroles","price":1200,"published_date":"2009-10-15T22:00:00.000000Z","support":"Grand format","publisher_availability":1,"stock":0,"editions":[],"url":"https:\/\/quaidesbrumes.com\/ouvrage\/9782874064562\/offertoire-rouge"}]}