{"data":[{"id":"9782355770425","title":"Oeuvres poetiques tome 2 patrick dubost","description":null,"authors":["Patrick Dubost"],"category_codes":["1000000","1090000"],"visuals":{"large":"https:\/\/quaidesbrumes.com\/img\/book-placeholder.png","medium":"https:\/\/quaidesbrumes.com\/img\/book-placeholder.png","thumbnail":"https:\/\/quaidesbrumes.com\/img\/book-placeholder.png"},"orderable":true,"show_badge":true,"formatted_price":"22,00&nbsp;\u20ac","formatted_published_date":"27 novembre 2013","publisher_availability_label":"Sur commande","short_details":"Patrick Dubost \u2014 La Rumeur Libre","translator":null,"weight":332,"page_count":null,"readership":null,"editor":"La Rumeur Libre","price":2200,"published_date":"2013-11-26T23:00:00.000000Z","support":"Grand format","publisher_availability":1,"stock":0,"editions":[],"url":"https:\/\/quaidesbrumes.com\/ouvrage\/9782355770425\/oeuvres-poetiques-tome-2-patrick-dubost"},{"id":"9782355770609","title":"Oeuvres poetiques tome 2 roger dextre","description":null,"authors":[],"category_codes":["1000000","1090000"],"visuals":{"large":"https:\/\/quaidesbrumes.com\/img\/book-placeholder.png","medium":"https:\/\/quaidesbrumes.com\/img\/book-placeholder.png","thumbnail":"https:\/\/quaidesbrumes.com\/img\/book-placeholder.png"},"orderable":true,"show_badge":true,"formatted_price":"22,00&nbsp;\u20ac","formatted_published_date":"2 d\u00e9cembre 2013","publisher_availability_label":"Sur commande","short_details":"La Rumeur Libre","translator":null,"weight":340,"page_count":null,"readership":null,"editor":"La Rumeur Libre","price":2200,"published_date":"2013-12-01T23:00:00.000000Z","support":"Grand format","publisher_availability":1,"stock":0,"editions":[],"url":"https:\/\/quaidesbrumes.com\/ouvrage\/9782355770609\/oeuvres-poetiques-tome-2-roger-dextre"},{"id":"9782940275410","title":"Drozorigami","description":null,"authors":["Collectif"],"category_codes":["1000000","1090000"],"visuals":{"large":"https:\/\/images.epagine.fr\/410\/9782940275410_1_75.jpg","medium":"https:\/\/images.epagine.fr\/410\/9782940275410_1_m.jpg","thumbnail":"https:\/\/images.epagine.fr\/410\/9782940275410_1_v.jpg"},"orderable":true,"show_badge":true,"formatted_price":"8,00&nbsp;\u20ac","formatted_published_date":"19 f\u00e9vrier 2010","publisher_availability_label":"Sur commande","short_details":"Collectif \u2014 Drozophile","translator":null,"weight":47,"page_count":null,"readership":null,"editor":"Drozophile","price":800,"published_date":"2010-02-18T23:00:00.000000Z","support":"Grand format","publisher_availability":1,"stock":0,"editions":[],"url":"https:\/\/quaidesbrumes.com\/ouvrage\/9782940275410\/drozorigami"},{"id":"9782930702711","title":"Sublimisme balkanique tome 2 poetes de bosnie-herzegovine","description":"Tomislav Dretar poursuit sa qu\u00eate de po\u00e8tes relevant de ce qu\u00b4il a nomm\u00e9 \u00ab sublimisme balkanique\u00a0\u00bb et dont il a donn\u00e9 une d\u00e9finition dans un premier tome consacr\u00e9 \u00e0 des po\u00e8tes de Croatie. \u00ab\u00a0Les po\u00e8tes qui r\u00e9pondent \u00e0 ma d\u00e9finition du sublimisme balkanique, s\u00b4ils ont subi la guerre et son choc post-traumatique, ne sont pas tomb\u00e9s dans un \u00e9tat de haine ou de vengeance. Au contraire, ils sont parvenus \u00e0 sublimer dans la po\u00e9sie et par la po\u00e9sie ce qui a traumatis\u00e9 leur chair ou leur imaginaire, cr\u00e9ant un \u00eatre esth\u00e9tique, le Beau, compl\u00e8tement ouvert au monde.\u00a0\u00bb Ce second tome offre une s\u00e9lection de dix-neuf po\u00e8tes de Bosnie\u00ad-Herz\u00e9govine. Fid\u00e8le au principe qui avait d\u00e9j\u00e0 pr\u00e9sid\u00e9 \u00e0 ses choix du Tome 1, T. Dretar a inclus dans ce recueil des po\u00e8tes majeurs de Bosnie-Herz\u00e9govine ainsi que d\u00b4autres, peut-\u00eatre moins connus, mais qu\u00b4il appr\u00e9cie tout autant\u00a0: Sead Begovic, Darko Cvijetic, Mensur Catic, Ferida Durakovic, Biljana Gajic, Vanja Gredelj, Marjan Hajnal, Hanka Hankusa Hamzagica-Fehimova, Vesna Hlavacek, Tarik Jazic, Milo Jukic, Ibrahim Kajan, Arif Kljucanin, Zilhad Kljucanin, Atif Kujundzic, Admiral Mahic, Josip Osti, Jasna Samic, Marina Trumic. N\u00e9 en Croatie, Tomislav Dretar a \u00e9t\u00e9 professeur \u00e0 l\u00b4Universit\u00e9 de Bihac (Bosnie-Herz\u00e9govine) jusqu\u00b4\u00e0 l\u00b4\u00e9clatement de la guerre en 1992. Par ailleurs, po\u00e8te et critique, il a publi\u00e9 une dizaine de recueils, dont des extraits figurent dans plusieurs anthologies bosniennes, ainsi que de nombreux articles en journaux et revues. Forc\u00e9 de fuir la Bosnie durant la guerre, il s'est r\u00e9fugi\u00e9 en Belgique o\u00f9 il vit depuis lors et a obtenu la nationalit\u00e9 belge. Il y a \u00e9tudi\u00e9 le fran\u00e7ais, traduit en croate plusieurs auteurs francophones ainsi que la Bible et le Coran. Il collabore aussi \u00e0 la traduction en fran\u00e7ais d\u00b4auteurs croates et bosniens tout en continuant d\u00b4\u00e9crire.\r","authors":["Tomislav Dretar"],"category_codes":["1000000","1090000"],"visuals":{"large":"https:\/\/quaidesbrumes.com\/img\/book-placeholder.png","medium":"https:\/\/quaidesbrumes.com\/img\/book-placeholder.png","thumbnail":"https:\/\/quaidesbrumes.com\/img\/book-placeholder.png"},"orderable":true,"show_badge":true,"formatted_price":"16,00&nbsp;\u20ac","formatted_published_date":"21 d\u00e9cembre 2013","publisher_availability_label":"Sur commande","short_details":"Tomislav Dretar \u2014 MEO","translator":null,"weight":250,"page_count":null,"readership":null,"editor":"MEO","price":1600,"published_date":"2013-12-20T23:00:00.000000Z","support":"Grand format","publisher_availability":1,"stock":0,"editions":[],"url":"https:\/\/quaidesbrumes.com\/ouvrage\/9782930702711\/sublimisme-balkanique-tome-2-poetes-de-bosnie-herzegovine"},{"id":"9782918265122","title":"Poesies de coree","description":null,"authors":["Won-Gil Kim"],"category_codes":["1000000","1090000"],"visuals":{"large":"https:\/\/images.epagine.fr\/122\/9782918265122_1_75.jpg","medium":"https:\/\/images.epagine.fr\/122\/9782918265122_1_m.jpg","thumbnail":"https:\/\/images.epagine.fr\/122\/9782918265122_1_v.jpg"},"orderable":true,"show_badge":true,"formatted_price":"10,00&nbsp;\u20ac","formatted_published_date":"25 avril 2012","publisher_availability_label":"Sur commande","short_details":"Won-Gil Kim \u2014 Sombres Rets","translator":null,"weight":120,"page_count":null,"readership":null,"editor":"Sombres Rets","price":1000,"published_date":"2012-04-24T22:00:00.000000Z","support":"Grand format","publisher_availability":1,"stock":0,"editions":[],"url":"https:\/\/quaidesbrumes.com\/ouvrage\/9782918265122\/poesies-de-coree"},{"id":"9782374050270","title":"Triptyque","description":"Fleurs de givre.\r\n\r\nFileuses dans l'ar\u00e8ne, elles essaimaient le grain doux.\r\nLe sable chaud de leur tunique.\r\nPr\u00e9c\u00e9d\u00e9es d'obscurs mercenaires.\r\nQui s'acharnaient encore.\r\nSur de p\u00e2les taureaux.\r\n\r\n\r\nDes cohortes de neige.\r\nCirculent maintenant.\r\nPar les pores a\u00e9r\u00e9s de l'innocence.\r\nDemain.\r\nUn Christ aux yeux de myosotis.\r\nDonne sur l'Ouvert.\r\n\r\n\r\nBabyloniens oiseaux du cri !\r\nMont\u00e9e des horloges pouls des d\u00e9sirs.\r\nVerticalit\u00e9 des soleils.\r\n\u00e0 l'horizon des franges !\r\n\r\n\r\n\tTravers\u00e9e du d\u00e9sert.\r\n\r\nUn carr\u00e9 magique.\r\nRenverse les miroirs saisonniers du rire.\r\n\r\nOn jette l'escarbille - une braise \u00e9teinte - parmi la poudre bleue des mouches.\r\nEt des \u00e9lytres.\r\n\r\nA quand les soleils revenants.\r\nEt dansants ?\r\nA quand.\r\nLa ligne courbe des pins.\r\nLes souffles liquides de la Mer ?\r\n\r\n\r\n\tUbiquit\u00e9.\r\n\r\nA l'aube des mains le Signe.\r\nUn grand respect muet.\r\nParmi le froissement des feuilles.\r\n\r\nLe vent sal\u00e9 a balay\u00e9 les miasmes.\r\n\r\nDes orgies de rossignols signalent.\r\nToute absence.\r\nNous en profitons.\r\nPour semer l'errance.\r\n\r\nSous les paupi\u00e8res.\r\nEt dans les grands trains complices.\r\n\r\n\r\nParmi les rires froiss\u00e9s.\r\nEt les frangipanes bleues de l'Instant.\r\n\r\n\r\n\tRemember the ancient light.\r\n\r\nLa voix s'enfonce dans le pays lointain.\r\nDes d\u00e9marcations d'oiseaux.\r\nAtteignent les rivages de la neige.\r\nLeurs pas laissent des traces.\r\nSur le givre encore ind\u00e9cis.\r\nC'est comme une langue \u00e9trang\u00e8re.\r\nCet \u00e9tonnement blanc.\r\nR\u00e9appris.\r\n\r\nApr\u00e8s tant de luttes sauvages.\r\nDe lentes \u00e9mergences.\r\nDe continents tomb\u00e9s dans la mer.\r\nIl y a cet isthme.\r\nCette embouchure.\r\nCette convergence des silences.\r\nCet embrasement des cerisiers dans l'air vivant du matin.\r","authors":["Silvaine Arabo"],"category_codes":["1000000","1090000","1090600"],"visuals":{"large":"https:\/\/images.epagine.fr\/270\/9782374050270_1_75.jpg","medium":"https:\/\/images.epagine.fr\/270\/9782374050270_1_m.jpg","thumbnail":"https:\/\/images.epagine.fr\/270\/9782374050270_1_v.jpg"},"orderable":true,"show_badge":true,"formatted_price":"21,00&nbsp;\u20ac","formatted_published_date":"30 mai 2017","publisher_availability_label":"Sur commande","short_details":"Silvaine Arabo \u2014 Alcyone","translator":null,"weight":0,"page_count":100,"readership":null,"editor":"Alcyone","price":2100,"published_date":"2017-05-29T22:00:00.000000Z","support":"Grand format","publisher_availability":1,"stock":0,"editions":[],"url":"https:\/\/quaidesbrumes.com\/ouvrage\/9782374050270\/triptyque"},{"id":"9782812702983","title":"\u00e0 batons rompus","description":"Observatrice, contemplative, Micheline Blanc-Tillier aime profond\u00e9ment la nature. Elle sait appr\u00e9cer les petits bonheurs quotidiens qu'elle procure et qui agr\u00e9mentent son existence : une aurore perl\u00e9e de ros\u00e9e, une douce nuit d'\u00e9t\u00e9 \u00e9toil\u00e9e, un romantique clair de lune, un flamboyant coucher de soleil, une fleur \u00e0 peine \u00e9close, le parfum d'une rose, un oiseau qui chante tout pr\u00e8s, l\u00e0 dans la haie, la mer \u00ab qui danse le long des golfes clairs \u00bb (merci monsieur Tr\u00e9net). Alors Micheline Blanc-Tillier a c\u00e9d\u00e9 \u00e0 l'envie d'\u00e9crire de bavardage \u00e0 b\u00e2tons rompus sans pr\u00e9tentions, mais elle l'a \u00e9crit avec son coeur.\r","authors":["Michel Blanc-Tillier"],"category_codes":["1000000","1090000"],"visuals":{"large":"https:\/\/images.epagine.fr\/983\/9782812702983_1_75.jpg","medium":"https:\/\/images.epagine.fr\/983\/9782812702983_1_m.jpg","thumbnail":"https:\/\/images.epagine.fr\/983\/9782812702983_1_v.jpg"},"orderable":true,"show_badge":true,"formatted_price":"14,00&nbsp;\u20ac","formatted_published_date":"15 novembre 2011","publisher_availability_label":"Sur commande","short_details":"Michel Blanc-Tillier \u2014 Presses Du Midi","translator":null,"weight":125,"page_count":null,"readership":null,"editor":"Presses Du Midi","price":1400,"published_date":"2011-11-14T23:00:00.000000Z","support":"Grand format","publisher_availability":1,"stock":0,"editions":[],"url":"https:\/\/quaidesbrumes.com\/ouvrage\/9782812702983\/a-batons-rompus"},{"id":"9782919441075","title":"Petits contes amers","description":"Recueil de po\u00e8mes d'Alexis Dendi\u00e9vel, illustr\u00e9s par Margarita Garcia Alonso, pr\u00e9face de S\u00e9bastien Lemoine.\r\nLaissez-vous bousculer par ces \u00ab Petits Contes Amers \u00bb, au coeur de l'intimit\u00e9 d'un voyageur aux \u00e9toiles qui construit son art \u00ab avec l'Autre \u00bb et d\u00e9construit \u00ab malgr\u00e9 l'Autre \u00bb, ceci pour se retrouver comme un enfant face \u00e0 la \u00ab Femme \u00bb - celle qui donne la vie et celle avec laquelle on compte donner un sens \u00e0 sa vie.\r","authors":["Alexis Dend\u00e9viel"],"category_codes":["1000000","1090000"],"visuals":{"large":"https:\/\/images.epagine.fr\/075\/9782919441075_1_75.jpg","medium":"https:\/\/images.epagine.fr\/075\/9782919441075_1_m.jpg","thumbnail":"https:\/\/images.epagine.fr\/075\/9782919441075_1_v.jpg"},"orderable":true,"show_badge":true,"formatted_price":"10,00&nbsp;\u20ac","formatted_published_date":"7 d\u00e9cembre 2010","publisher_availability_label":"Sur commande","short_details":"Alexis Dend\u00e9viel \u2014 Books on Demand","translator":null,"weight":201,"page_count":80,"readership":null,"editor":"Books on Demand","price":1000,"published_date":"2010-12-06T23:00:00.000000Z","support":"Grand format","publisher_availability":1,"stock":0,"editions":[],"url":"https:\/\/quaidesbrumes.com\/ouvrage\/9782919441075\/petits-contes-amers"},{"id":"9782296967670","title":"Je fais r\u00e9sonner le rouleau-tombeau-tambour de mes mots z\u00e9l\u00e9s !","description":"\"Du po\u00e8te Alain Robinet, on peut aussi dire qu'il fait des listes. La liste, chez lui, ne vise pas les choses, mais les mots, ou, pour le dire autrement, la langue. La liste n'est pas alors la mati\u00e8re d'une po\u00e9sie qui viserait \u00e0 dire le monde, mais le support qu'il va s'agir de travailler. Point de d\u00e9part du travail po\u00e9tique, elle est une page, ambigu\u00eb, qu'il va s'agir non plus de remplir, mais de mettre en mouvement.\" Guilhem FABRE\r","authors":["Alain Robinet"],"category_codes":["1000000","1090000"],"visuals":{"large":"https:\/\/images.epagine.fr\/670\/9782296967670_1_75.jpg","medium":"https:\/\/images.epagine.fr\/670\/9782296967670_1_m.jpg","thumbnail":"https:\/\/images.epagine.fr\/670\/9782296967670_1_v.jpg"},"orderable":true,"show_badge":true,"formatted_price":"24,50&nbsp;\u20ac","formatted_published_date":"25 juin 2012","publisher_availability_label":"Sur commande","short_details":"Alain Robinet \u2014 \u00c9ditions L'Harmattan","translator":null,"weight":250,"page_count":176,"readership":null,"editor":"\u00c9ditions L'Harmattan","price":2450,"published_date":"2012-06-24T22:00:00.000000Z","support":"Grand format","publisher_availability":1,"stock":0,"editions":[],"url":"https:\/\/quaidesbrumes.com\/ouvrage\/9782296967670\/je-fais-resonner-le-rouleau-tombeau-tambour-de-mes-mots-zeles"},{"id":"9782956404019","title":"Les versets salhoniens","description":null,"authors":["Mistchevkhov"],"category_codes":["1000000","1090000","1090600"],"visuals":{"large":"https:\/\/images.epagine.fr\/019\/9782956404019_1_75.jpg","medium":"https:\/\/images.epagine.fr\/019\/9782956404019_1_m.jpg","thumbnail":"https:\/\/images.epagine.fr\/019\/9782956404019_1_v.jpg"},"orderable":true,"show_badge":true,"formatted_price":"8,50&nbsp;\u20ac","formatted_published_date":"1er septembre 2020","publisher_availability_label":"Sur commande","short_details":"Mistchevkhov \u2014 Les Morfals","translator":null,"weight":107,"page_count":null,"readership":null,"editor":"Les Morfals","price":850,"published_date":"2020-08-31T22:00:00.000000Z","support":"Grand format","publisher_availability":1,"stock":0,"editions":[],"url":"https:\/\/quaidesbrumes.com\/ouvrage\/9782956404019\/les-versets-salhoniens"},{"id":"9782956404002","title":"L'hymne a la fete","description":null,"authors":["Milbergue Philippe"],"category_codes":["1000000","1090000","1090600"],"visuals":{"large":"https:\/\/images.epagine.fr\/002\/9782956404002_1_75.jpg","medium":"https:\/\/images.epagine.fr\/002\/9782956404002_1_m.jpg","thumbnail":"https:\/\/images.epagine.fr\/002\/9782956404002_1_v.jpg"},"orderable":true,"show_badge":true,"formatted_price":"8,50&nbsp;\u20ac","formatted_published_date":"1er septembre 2020","publisher_availability_label":"Sur commande","short_details":"Milbergue Philippe \u2014 Les Morfals","translator":null,"weight":107,"page_count":null,"readership":null,"editor":"Les Morfals","price":850,"published_date":"2020-08-31T22:00:00.000000Z","support":"Grand format","publisher_availability":1,"stock":0,"editions":[],"url":"https:\/\/quaidesbrumes.com\/ouvrage\/9782956404002\/lhymne-a-la-fete"},{"id":"9781786893130","title":"The Flame","description":"THE NEW YORK TIMES BESTSELLER\r\nWINNER OF THE BOOKS ARE MY BAG READERS AWARD FOR POETRY\r\nTHESE POEMS AND NOTEBOOKS ARE THE LAST WORD FROM THE LATE, GREAT LEONARD COHEN\r\nThe Flame is a stunning collection of Leonard Cohen's last poems and writings, selected and ordered by Cohen in the final months of his life. The book contains an extensive selection from Cohen's notebooks, featuring lyrics, prose pieces and illustrations, which he kept in poetic form throughout his life, and offers an unprecedentedly intimate look inside the life and mind of a singular artist and thinker.\r\nAn enormously powerful final chapter in Cohen's storied literary career, The Flame showcases the full range of Leonard Cohen's lyricism, from the exquisitely transcendent to the darkly funny. By turns devastatingly sad and winningly strange, these are the works of a poet and lyricist who has plumbed the depths of our darkest questions and come up wanting, yearning for more.","authors":["L\u00e9onard Cohen","Adam Cohen","Alexandra Pleshoyano","Robert Faggen"],"category_codes":["1000000","1090000"],"visuals":{"large":"https:\/\/images.epagine.fr\/130\/9781786893130_1_75.jpg","medium":"https:\/\/images.epagine.fr\/130\/9781786893130_1_m.jpg","thumbnail":"https:\/\/images.epagine.fr\/130\/9781786893130_1_v.jpg"},"orderable":true,"show_badge":true,"formatted_price":"27,35&nbsp;\u20ac","formatted_published_date":"14 septembre 2018","publisher_availability_label":"Sur commande","short_details":"L\u00e9onard Cohen, Adam Cohen, Alexandra Pleshoyano, Robert Faggen \u2014 Faber & Faber","translator":null,"weight":564,"page_count":288,"readership":null,"editor":"Faber & Faber","price":2735,"published_date":"2018-09-13T22:00:00.000000Z","support":"Grand format","publisher_availability":1,"stock":0,"editions":[],"url":"https:\/\/quaidesbrumes.com\/ouvrage\/9781786893130\/the-flame"},{"id":"9782322031085","title":"Extra omnes !","description":"EXTRA OMNES ! Un voyage transgressif au coeur de la chapelle Sixtine, au moment d'un conclave. Pas de r\u00e9v\u00e9lation sur l'\u00e9lu appel\u00e9 \u00e0 rev\u00eatir les habits de la charge pontificale. Pas de c\u00e9r\u00e9monial rapport\u00e9. Rien de tout cela. Et pourtant l'essentiel y est : l'audace de la parole po\u00e9tique. Voici donc un livre d'oralit\u00e9 nue, une parabole sauvage \u00e0 partir de laquelle LAURIANE STENGERS transforme les lieux et les personnes en un troublant \" oratorio humain \".\r","authors":["Lauriane Stengers"],"category_codes":["1000000","1090000"],"visuals":{"large":"https:\/\/images.epagine.fr\/085\/9782322031085_1_75.jpg","medium":"https:\/\/images.epagine.fr\/085\/9782322031085_1_m.jpg","thumbnail":"https:\/\/images.epagine.fr\/085\/9782322031085_1_v.jpg"},"orderable":true,"show_badge":true,"formatted_price":"10,00&nbsp;\u20ac","formatted_published_date":"15 mars 2013","publisher_availability_label":"Sur commande","short_details":"Lauriane Stengers \u2014 Books on Demand","translator":null,"weight":201,"page_count":84,"readership":null,"editor":"Books on Demand","price":1000,"published_date":"2013-03-14T23:00:00.000000Z","support":"Grand format","publisher_availability":1,"stock":0,"editions":[],"url":"https:\/\/quaidesbrumes.com\/ouvrage\/9782322031085\/extra-omnes"},{"id":"9782296563087","title":"Instant lumineux","description":"\"La qu\u00eate lyrique chez Zirkuli,(...) rel\u00e8ve du r\u00e9alisme po\u00e9tique qui repose essentiellemnt sur des sensations et ne rejette point le psychologique au nom de je ne sais quelle abstraction r\u00e9ductrice. (...) Le po\u00e8te donne voix \u00e0 sa sensualit\u00e9, mais il n'y trouve pas un havre de paix, un point de fixation o\u00f9 s'accrocher pour ne pas tomber dans les profondeurs qui le menacent.\" Andr\u00e9 Lorant\r","authors":["Pierre Zirkuli"],"category_codes":["1000000","1090000"],"visuals":{"large":"https:\/\/images.epagine.fr\/087\/9782296563087_1_75.jpg","medium":"https:\/\/images.epagine.fr\/087\/9782296563087_1_m.jpg","thumbnail":"https:\/\/images.epagine.fr\/087\/9782296563087_1_v.jpg"},"orderable":true,"show_badge":true,"formatted_price":"11,00&nbsp;\u20ac","formatted_published_date":"15 f\u00e9vrier 2012","publisher_availability_label":"Sur commande","short_details":"Pierre Zirkuli \u2014 \u00c9ditions L'Harmattan","translator":null,"weight":85,"page_count":62,"readership":null,"editor":"\u00c9ditions L'Harmattan","price":1100,"published_date":"2012-02-14T23:00:00.000000Z","support":"Grand format","publisher_availability":1,"stock":0,"editions":[],"url":"https:\/\/quaidesbrumes.com\/ouvrage\/9782296563087\/instant-lumineux"},{"id":"9782917094068","title":"Brueghel en mes domaines, petites proses sur fond de lieux","description":"\"Cent quarante proses po\u00e9tiques pour rythmer pas \u00e0 pas un itin\u00e9raire, explorer des domaines, des lieux essentiels o\u00f9 s'enracinent des m\u00e9ditations sur l'\u00eatre de la po\u00e9sie et de la cr\u00e9ation.\r\n\r\nL'oeil aux aguets, l'oreille tendue vers des accords du monde, Lionel-\u00c9douard Martin approche, transforme et fa\u00e7onne les \u00e9l\u00e9ments, les rencontres et les al\u00e9as du quotidien dans une parole charnelle o\u00f9 s'incorporent la voix des origines et celle des mythes fondateurs de l'Humanit\u00e9. \r\n\r\n\u00ab Il n'est d'\u00e9criture que dans un ressenti particulier de l'univers, o\u00f9 les mots appellent, au-del\u00e0 des \u00eatres et des choses, un monde \u00e9pur\u00e9 de substance, o\u00f9 les corps sont de gloire et ti\u00e8de la pierre - abolies frondes et catapultes. \u00bb\"\r","authors":["Lionel-\u00e9douard Martin"],"category_codes":["1000000","1090000"],"visuals":{"large":"https:\/\/images.epagine.fr\/068\/9782917094068_1_75.jpg","medium":"https:\/\/images.epagine.fr\/068\/9782917094068_1_m.jpg","thumbnail":"https:\/\/images.epagine.fr\/068\/9782917094068_1_v.jpg"},"orderable":true,"show_badge":true,"formatted_price":"16,00&nbsp;\u20ac","formatted_published_date":"31 octobre 2011","publisher_availability_label":"Sur commande","short_details":"Lionel-\u00e9douard Martin \u2014 Vampire Actif","translator":null,"weight":264,"page_count":174,"readership":null,"editor":"Vampire Actif","price":1600,"published_date":"2011-10-30T23:00:00.000000Z","support":"Grand format","publisher_availability":1,"stock":0,"editions":[],"url":"https:\/\/quaidesbrumes.com\/ouvrage\/9782917094068\/brueghel-en-mes-domaines-petites-proses-sur-fond-de-lieux"},{"id":"9782353280766","title":"Une virgule dans un sac de pierres","description":"Une virgule dans un sac de pierres est le premier recueil de po\u00e8mes d'Aur\u00e9lie-Ondine Menninger.\r\n\r\n\u00c9tudiante en Lettres, elle a r\u00e9dig\u00e9 son m\u00e9moire de recherche sur la M\u00e9lusine de Franz Hellens. \r\n\r\nAur\u00e9lie \u00e9crit r\u00e9guli\u00e8rement pour un journal r\u00e9gional, et a d\u00e9j\u00e0 eu l'occasion de publier plusieurs de ses po\u00e8mes dans diverses revues (La Revue Alsacienne de Litt\u00e9rature, Po\u00e9sie\/Premi\u00e8re, l'Arbre \u00e0 Paroles de la Maison de la Po\u00e9sie d'Amay.).\r","authors":["Aurelie Menninger"],"category_codes":["1000000","1090000"],"visuals":{"large":"https:\/\/images.epagine.fr\/766\/9782353280766_1_75.jpg","medium":"https:\/\/images.epagine.fr\/766\/9782353280766_1_m.jpg","thumbnail":"https:\/\/images.epagine.fr\/766\/9782353280766_1_v.jpg"},"orderable":true,"show_badge":true,"formatted_price":"14,20&nbsp;\u20ac","formatted_published_date":"21 mars 2011","publisher_availability_label":"Sur commande","short_details":"Aurelie Menninger \u2014 Editinter","translator":null,"weight":145,"page_count":null,"readership":null,"editor":"Editinter","price":1420,"published_date":"2011-03-20T23:00:00.000000Z","support":"Grand format","publisher_availability":1,"stock":0,"editions":[],"url":"https:\/\/quaidesbrumes.com\/ouvrage\/9782353280766\/une-virgule-dans-un-sac-de-pierres"},{"id":"9782849243428","title":"Le mors au coeur","description":null,"authors":["Poncet-Rimaud I."],"category_codes":["1000000","1090000"],"visuals":{"large":"https:\/\/quaidesbrumes.com\/img\/book-placeholder.png","medium":"https:\/\/quaidesbrumes.com\/img\/book-placeholder.png","thumbnail":"https:\/\/quaidesbrumes.com\/img\/book-placeholder.png"},"orderable":true,"show_badge":true,"formatted_price":"12,00&nbsp;\u20ac","formatted_published_date":"20 novembre 2013","publisher_availability_label":"Sur commande","short_details":"Poncet-Rimaud I. \u2014 Editions Du Cygne","translator":null,"weight":150,"page_count":null,"readership":null,"editor":"Editions Du Cygne","price":1200,"published_date":"2013-11-19T23:00:00.000000Z","support":"Grand format","publisher_availability":1,"stock":0,"editions":[],"url":"https:\/\/quaidesbrumes.com\/ouvrage\/9782849243428\/le-mors-au-coeur"},{"id":"9782956404057","title":"Sommeil d'eclat suivi de haiku kara satho","description":null,"authors":["Son Li\/Milbergue"],"category_codes":["1000000","1090000","1090600"],"visuals":{"large":"https:\/\/images.epagine.fr\/057\/9782956404057_1_75.jpg","medium":"https:\/\/images.epagine.fr\/057\/9782956404057_1_m.jpg","thumbnail":"https:\/\/images.epagine.fr\/057\/9782956404057_1_v.jpg"},"orderable":true,"show_badge":true,"formatted_price":"14,50&nbsp;\u20ac","formatted_published_date":"1er septembre 2020","publisher_availability_label":"Sur commande","short_details":"Son Li\/Milbergue \u2014 Les Morfals","translator":null,"weight":117,"page_count":null,"readership":null,"editor":"Les Morfals","price":1450,"published_date":"2020-08-31T22:00:00.000000Z","support":"Grand format","publisher_availability":1,"stock":0,"editions":[],"url":"https:\/\/quaidesbrumes.com\/ouvrage\/9782956404057\/sommeil-declat-suivi-de-haiku-kara-satho"},{"id":"9782332753007","title":"Congo \u00f4 suivi de saisons plurielles","description":"\u00d4 Congo est une s\u00e9rie de po\u00e8mes sur le Congo-Kinshasa. Des po\u00e8mes de d\u00e9pit, un sanglot \u00e9touff\u00e9 dans des borborygmes de d\u00e9prime sans horizon, un fruit qui \u00e9clate au contact des griffes \u00e9trang\u00e8res. Cet ouvrage est comme un couteau qui taillade sans piti\u00e9 ceux qui saignent ce pays. C\u00b4est un index point\u00e9 sur les fils et filles du Congo, victimes consentantes de sa chute vertigineuse. Des po\u00e8mes virulents, qui ne laissent pas d\u00b4excuse \u00e0 ceux qui apportent leur contribution au malheur de cette nation qui tarde \u00e0 se r\u00e9veiller.\r\n\u00ab Pleurs \u00e9teints qui ne coulent plus des yeux r\u00e9vuls\u00e9s Aux horreurs permises et acclam\u00e9es du dedans comme du dehors... \u00bb Saisons plurielles est une s\u00e9rie de po\u00e8mes tant\u00f4t l\u00e9gers, tant\u00f4t denses, qui parlent d\u00b4amiti\u00e9 et d\u00b4amour frivole, mais qui sont \u00e9galement des jets d'amertume qui fulgurent. Le mot est pur, volatil, il bondit et lac\u00e8re, il serpente et d\u00e9terre les r\u00e9criminations justifi\u00e9es et les frustrations entretenues.\r","authors":["Lambert m. Kabatantshi"],"category_codes":["1000000","1090000"],"visuals":{"large":"https:\/\/images.epagine.fr\/007\/9782332753007_1_75.jpg","medium":"https:\/\/images.epagine.fr\/007\/9782332753007_1_m.jpg","thumbnail":"https:\/\/images.epagine.fr\/007\/9782332753007_1_v.jpg"},"orderable":true,"show_badge":true,"formatted_price":"10,00&nbsp;\u20ac","formatted_published_date":"11 ao\u00fbt 2014","publisher_availability_label":"Sur commande","short_details":"Lambert m. Kabatantshi \u2014 Edilivre","translator":null,"weight":128,"page_count":54,"readership":null,"editor":"Edilivre","price":1000,"published_date":"2014-08-10T22:00:00.000000Z","support":"Grand format","publisher_availability":1,"stock":0,"editions":[],"url":"https:\/\/quaidesbrumes.com\/ouvrage\/9782332753007\/congo-o-suivi-de-saisons-plurielles"},{"id":"9782956404040","title":"Poemes du 11 juillet","description":null,"authors":["Milbergue Philippe"],"category_codes":["1000000","1090000","1090600"],"visuals":{"large":"https:\/\/images.epagine.fr\/040\/9782956404040_1_75.jpg","medium":"https:\/\/images.epagine.fr\/040\/9782956404040_1_m.jpg","thumbnail":"https:\/\/images.epagine.fr\/040\/9782956404040_1_v.jpg"},"orderable":true,"show_badge":true,"formatted_price":"14,50&nbsp;\u20ac","formatted_published_date":"1er septembre 2020","publisher_availability_label":"Sur commande","short_details":"Milbergue Philippe \u2014 Les Morfals","translator":null,"weight":107,"page_count":null,"readership":null,"editor":"Les Morfals","price":1450,"published_date":"2020-08-31T22:00:00.000000Z","support":"Grand format","publisher_availability":1,"stock":0,"editions":[],"url":"https:\/\/quaidesbrumes.com\/ouvrage\/9782956404040\/poemes-du-11-juillet"},{"id":"9782956404033","title":"Mes amours noires","description":null,"authors":["Milbergue Philippe"],"category_codes":["1000000","1090000","1090600"],"visuals":{"large":"https:\/\/images.epagine.fr\/033\/9782956404033_1_75.jpg","medium":"https:\/\/images.epagine.fr\/033\/9782956404033_1_m.jpg","thumbnail":"https:\/\/images.epagine.fr\/033\/9782956404033_1_v.jpg"},"orderable":true,"show_badge":true,"formatted_price":"14,50&nbsp;\u20ac","formatted_published_date":"1er septembre 2020","publisher_availability_label":"Sur commande","short_details":"Milbergue Philippe \u2014 Les Morfals","translator":null,"weight":117,"page_count":null,"readership":null,"editor":"Les Morfals","price":1450,"published_date":"2020-08-31T22:00:00.000000Z","support":"Grand format","publisher_availability":1,"stock":0,"editions":[],"url":"https:\/\/quaidesbrumes.com\/ouvrage\/9782956404033\/mes-amours-noires"},{"id":"9782956404026","title":"Les yeux de l'autre","description":null,"authors":["Milbergue Philippe"],"category_codes":["1000000","1090000","1090600"],"visuals":{"large":"https:\/\/images.epagine.fr\/026\/9782956404026_1_75.jpg","medium":"https:\/\/images.epagine.fr\/026\/9782956404026_1_m.jpg","thumbnail":"https:\/\/images.epagine.fr\/026\/9782956404026_1_v.jpg"},"orderable":true,"show_badge":true,"formatted_price":"8,50&nbsp;\u20ac","formatted_published_date":"1er septembre 2020","publisher_availability_label":"Sur commande","short_details":"Milbergue Philippe \u2014 Les Morfals","translator":null,"weight":107,"page_count":null,"readership":null,"editor":"Les Morfals","price":850,"published_date":"2020-08-31T22:00:00.000000Z","support":"Grand format","publisher_availability":1,"stock":0,"editions":[],"url":"https:\/\/quaidesbrumes.com\/ouvrage\/9782956404026\/les-yeux-de-lautre"},{"id":"9782919120017","title":"Sel du temps","description":null,"authors":["Pierre Maub\u00e9"],"category_codes":["1000000","1090000"],"visuals":{"large":"https:\/\/quaidesbrumes.com\/img\/book-placeholder.png","medium":"https:\/\/quaidesbrumes.com\/img\/book-placeholder.png","thumbnail":"https:\/\/quaidesbrumes.com\/img\/book-placeholder.png"},"orderable":true,"show_badge":true,"formatted_price":"10,00&nbsp;\u20ac","formatted_published_date":"20 octobre 2010","publisher_availability_label":"Sur commande","short_details":"Pierre Maub\u00e9 \u2014 Mazette","translator":null,"weight":70,"page_count":null,"readership":null,"editor":"Mazette","price":1000,"published_date":"2010-10-19T22:00:00.000000Z","support":"Grand format","publisher_availability":1,"stock":0,"editions":[],"url":"https:\/\/quaidesbrumes.com\/ouvrage\/9782919120017\/sel-du-temps"},{"id":"9782952231480","title":"Les reserves de l'ecrivailleur","description":null,"authors":["Eric Daveux"],"category_codes":["1000000","1090000"],"visuals":{"large":"https:\/\/quaidesbrumes.com\/img\/book-placeholder.png","medium":"https:\/\/quaidesbrumes.com\/img\/book-placeholder.png","thumbnail":"https:\/\/quaidesbrumes.com\/img\/book-placeholder.png"},"orderable":true,"show_badge":true,"formatted_price":"16,00&nbsp;\u20ac","formatted_published_date":"19 mars 2011","publisher_availability_label":"Sur commande","short_details":"Eric Daveux \u2014 Amjele","translator":null,"weight":374,"page_count":292,"readership":null,"editor":"Amjele","price":1600,"published_date":"2011-03-18T23:00:00.000000Z","support":"Grand format","publisher_availability":1,"stock":0,"editions":[],"url":"https:\/\/quaidesbrumes.com\/ouvrage\/9782952231480\/les-reserves-de-lecrivailleur"}]}