{"data":[{"id":"9782867420436","title":"L'oeuvre po\u00e9tique du savon du Congo","description":null,"authors":["Marc Angenot"],"category_codes":["1000000","1090000"],"visuals":{"large":"https:\/\/quaidesbrumes.com\/img\/book-placeholder.png","medium":"https:\/\/quaidesbrumes.com\/img\/book-placeholder.png","thumbnail":"https:\/\/quaidesbrumes.com\/img\/book-placeholder.png"},"orderable":true,"show_badge":true,"formatted_price":"18,29&nbsp;\u20ac","formatted_published_date":"2 d\u00e9cembre 2004","publisher_availability_label":"Sur commande","short_details":"Marc Angenot \u2014 Cendres","translator":null,"weight":401,"page_count":null,"readership":null,"editor":"Cendres","price":1829,"published_date":"2004-12-01T23:00:00.000000Z","support":"Grand format","publisher_availability":1,"stock":0,"editions":[],"url":"https:\/\/quaidesbrumes.com\/ouvrage\/9782867420436\/loeuvre-poetique-du-savon-du-congo"},{"id":"9782140310928","title":"Equinoxes","description":"\u00c9quinoxes est un recueil n\u00e9 d'une collision entre deux com\u00e8tes aux chevelures de feu. Un choc titanesque au fond de ces espaces intersid\u00e9raux appartenant au paysage int\u00e9rieur. C'est en cet interstice fragile entre ombres et clart\u00e9s, entre jour et nuit, entre l'hiver et l'\u00e9t\u00e9 que l'auteur, tel l'orpailleur, essaie de chercher la poudre d'or des mots. C'est le moment pu\u00e9ril o\u00f9 tout peut basculer d'un c\u00f4t\u00e9 comme de l'autre de ce fil menu du destin.\r\nTextes d'introspection, voyage int\u00e9rieur o\u00f9 l'auteur s'adresse souvent \u00e0 cet \u00ab autre moi \u00bb tapis au fond de chacun de nous, celui-l\u00e0 qui nous regarde, nous scrute et qui, dans un soliloque, une polyphonie, nous r\u00e9v\u00e8le et se r\u00e9v\u00e8le.\r\nAu fil des po\u00e8mes, comme en une transhumance, un filament menu, fil d'Ariane, nous conduit \u00e0 travers les d\u00e9dales de l'\u00e2me en colima\u00e7on, en kal\u00e9idoscope o\u00f9 des images fragment\u00e9es peuplent l'espace en autant de tessons et finissent par construire ou d\u00e9construire, c'est selon, une mosa\u00efque mouvante et tourment\u00e9e.","authors":["Hamid Ben"],"category_codes":["1000000","1090000","1090600"],"visuals":{"large":"https:\/\/images.epagine.fr\/928\/9782140310928_1_75.jpg","medium":"https:\/\/images.epagine.fr\/928\/9782140310928_1_m.jpg","thumbnail":"https:\/\/images.epagine.fr\/928\/9782140310928_1_v.jpg"},"orderable":true,"show_badge":true,"formatted_price":"15,00&nbsp;\u20ac","formatted_published_date":"30 d\u00e9cembre 2022","publisher_availability_label":"Sur commande","short_details":"Hamid Ben \u2014 \u00c9ditions L'Harmattan","translator":null,"weight":187,"page_count":146,"readership":null,"editor":"\u00c9ditions L'Harmattan","price":1500,"published_date":"2022-12-29T23:00:00.000000Z","support":"Grand format","publisher_availability":1,"stock":0,"editions":[],"url":"https:\/\/quaidesbrumes.com\/ouvrage\/9782140310928\/equinoxes"},{"id":"9782296964969","title":"Renaissance africaine","description":"Ce recueil appelle tout Africain qui sort du \"coma\" \u00e0 chercher le r\u00e9veil, l'illumination, sur les plans mental, comportemental, spirituel, sans distinction de sexe et de niveau intellectuel.","authors":["Gertrude Anaba mengue","Charline berthe Ebe evina"],"category_codes":["1000000","1090000"],"visuals":{"large":"https:\/\/images.epagine.fr\/969\/9782296964969_1_75.jpg","medium":"https:\/\/images.epagine.fr\/969\/9782296964969_1_m.jpg","thumbnail":"https:\/\/images.epagine.fr\/969\/9782296964969_1_v.jpg"},"orderable":true,"show_badge":true,"formatted_price":"13,50&nbsp;\u20ac","formatted_published_date":"6 avril 2012","publisher_availability_label":"Sur commande","short_details":"Gertrude Anaba mengue, Charline berthe Ebe evina \u2014 \u00c9ditions L'Harmattan","translator":null,"weight":150,"page_count":112,"readership":null,"editor":"\u00c9ditions L'Harmattan","price":1350,"published_date":"2012-04-05T22:00:00.000000Z","support":"Grand format","publisher_availability":1,"stock":0,"editions":[],"url":"https:\/\/quaidesbrumes.com\/ouvrage\/9782296964969\/renaissance-africaine"},{"id":"9782854464924","title":"Visite \u00e0 : Jean-Clarence Lambert","description":null,"authors":["Jean-Yves Bosseur","Maurice Mourier"],"category_codes":["1000000","1090000"],"visuals":{"large":"https:\/\/images.epagine.fr\/924\/9782854464924_1_75.jpg","medium":"https:\/\/images.epagine.fr\/924\/9782854464924_1_m.jpg","thumbnail":"https:\/\/images.epagine.fr\/924\/9782854464924_1_v.jpg"},"orderable":true,"show_badge":true,"formatted_price":"13,00&nbsp;\u20ac","formatted_published_date":"25 mai 2011","publisher_availability_label":"Sur commande","short_details":"Jean-Yves Bosseur, Maurice Mourier \u2014 Caracteres","translator":null,"weight":110,"page_count":null,"readership":null,"editor":"Caracteres","price":1300,"published_date":"2011-05-24T22:00:00.000000Z","support":"Grand format","publisher_availability":1,"stock":0,"editions":[],"url":"https:\/\/quaidesbrumes.com\/ouvrage\/9782854464924\/visite-a-jean-clarence-lambert"},{"id":"9782918530220","title":"\"deferlant d'amour \/elle aimait...\" de nicole gdalia","description":null,"authors":["Nicole Gdalia"],"category_codes":["1000000","1090000"],"visuals":{"large":"https:\/\/quaidesbrumes.com\/img\/book-placeholder.png","medium":"https:\/\/quaidesbrumes.com\/img\/book-placeholder.png","thumbnail":"https:\/\/quaidesbrumes.com\/img\/book-placeholder.png"},"orderable":true,"show_badge":true,"formatted_price":"1,00&nbsp;\u20ac","formatted_published_date":"19 mars 2011","publisher_availability_label":"Sur commande","short_details":"Nicole Gdalia \u2014 Le Billet Poeme","translator":null,"weight":10,"page_count":null,"readership":null,"editor":"Le Billet Poeme","price":100,"published_date":"2011-03-18T23:00:00.000000Z","support":"Grand format","publisher_availability":1,"stock":0,"editions":[],"url":"https:\/\/quaidesbrumes.com\/ouvrage\/9782918530220\/deferlant-damour-elle-aimait-de-nicole-gdalia"},{"id":"9782332773982","title":"Claire d'Assise, hymne au cr\u00e9ateur","description":"Allez vers Fran\u00e7ois d'Assise et c'est Claire qui se tiendra l\u00e0, droite et vraie, \u00e0 la crois\u00e9e d'une conversation et d'une lecture.\r\n \u00c9coutez ce que cette femme de t\u00eate et de coeur du XIII\u00e8me veut nous raconter.","authors":["Denis Morin"],"category_codes":["1000000","1090000"],"visuals":{"large":"https:\/\/images.epagine.fr\/982\/9782332773982_1_75.jpg","medium":"https:\/\/images.epagine.fr\/982\/9782332773982_1_m.jpg","thumbnail":"https:\/\/images.epagine.fr\/982\/9782332773982_1_v.jpg"},"orderable":true,"show_badge":true,"formatted_price":"8,00&nbsp;\u20ac","formatted_published_date":"22 ao\u00fbt 2014","publisher_availability_label":"Sur commande","short_details":"Denis Morin \u2014 Edilivre","translator":null,"weight":86,"page_count":28,"readership":null,"editor":"Edilivre","price":800,"published_date":"2014-08-21T22:00:00.000000Z","support":"Grand format","publisher_availability":1,"stock":0,"editions":[],"url":"https:\/\/quaidesbrumes.com\/ouvrage\/9782332773982\/claire-dassise-hymne-au-createur"},{"id":"9782909165868","title":"Au pied des ceps","description":"Du \"Mariage de tatan Jeanne\" \u00e0 \"La mort du ch\u00eane\", en passant par \"Mon mouchou\u00e9\", ce recueil nous fait voyager sur les chemins trac\u00e9s par les po\u00e9sies de Andr\u00e9 Audoux. Po\u00e8te paysan, po\u00e8te patoisant, amuseur pour les uns, r\u00e9f\u00e9rence pour d'autres, cet amoureux de la vie et des mots ponctuait les \u00e9v\u00e9nement heureux ou malheureux de l'existence comme on fait des bouquets.","authors":["Andr\u00e9 Audoux"],"category_codes":["1000000","1090000"],"visuals":{"large":"https:\/\/quaidesbrumes.com\/img\/book-placeholder.png","medium":"https:\/\/quaidesbrumes.com\/img\/book-placeholder.png","thumbnail":"https:\/\/quaidesbrumes.com\/img\/book-placeholder.png"},"orderable":true,"show_badge":true,"formatted_price":"15,00&nbsp;\u20ac","formatted_published_date":"20 f\u00e9vrier 2009","publisher_availability_label":"Sur commande","short_details":"Andr\u00e9 Audoux \u2014 Publications Chauvinoises","translator":null,"weight":430,"page_count":153,"readership":null,"editor":"Publications Chauvinoises","price":1500,"published_date":"2009-02-19T23:00:00.000000Z","support":"Grand format","publisher_availability":1,"stock":0,"editions":[],"url":"https:\/\/quaidesbrumes.com\/ouvrage\/9782909165868\/au-pied-des-ceps"},{"id":"9782332666659","title":"Le r\u00eave peut tuer la dignit\u00e9 ou les souffles engloutis","description":"Combien d'immigr\u00e9s finissent leur course au fond de l'oc\u00e9an, engloutis par les eaux de la mort ? Ce drame de l'immigration me hante chaque jour. Ces populations, pour la plupart jeunes, s'expatrient pour r\u00e9aliser leurs ambitions, et id\u00e9alisent \u00e0 tort leur arriv\u00e9e en terre d'accueil. Nos consciences ne doivent pas s'endormir, bien au contraire, elles doivent se r\u00e9veiller pour faire en sorte que ces r\u00eaves \u00e9chou\u00e9s cessent de tuer la dignit\u00e9 humaine.","authors":["Clarisse Koubem"],"category_codes":["1000000","1090000"],"visuals":{"large":"https:\/\/images.epagine.fr\/659\/9782332666659_1_75.jpg","medium":"https:\/\/images.epagine.fr\/659\/9782332666659_1_m.jpg","thumbnail":"https:\/\/images.epagine.fr\/659\/9782332666659_1_v.jpg"},"orderable":true,"show_badge":true,"formatted_price":"11,00&nbsp;\u20ac","formatted_published_date":"6 ao\u00fbt 2014","publisher_availability_label":"Sur commande","short_details":"Clarisse Koubem \u2014 Edilivre","translator":null,"weight":150,"page_count":68,"readership":null,"editor":"Edilivre","price":1100,"published_date":"2014-08-05T22:00:00.000000Z","support":"Grand format","publisher_availability":1,"stock":0,"editions":[],"url":"https:\/\/quaidesbrumes.com\/ouvrage\/9782332666659\/le-reve-peut-tuer-la-dignite-ou-les-souffles-engloutis"},{"id":"9782912824387","title":"Amarres","description":null,"authors":["Andr\u00e9e Vilar"],"category_codes":["1000000","1090000"],"visuals":{"large":"https:\/\/images.epagine.fr\/387\/9782912824387_1_75.jpg","medium":"https:\/\/images.epagine.fr\/387\/9782912824387_1_m.jpg","thumbnail":"https:\/\/images.epagine.fr\/387\/9782912824387_1_v.jpg"},"orderable":true,"show_badge":true,"formatted_price":"20,00&nbsp;\u20ac","formatted_published_date":"11 juin 2002","publisher_availability_label":"Sur commande","short_details":"Andr\u00e9e Vilar \u2014 ECARTS","translator":null,"weight":120,"page_count":69,"readership":null,"editor":"ECARTS","price":2000,"published_date":"2002-06-10T22:00:00.000000Z","support":"Grand format","publisher_availability":1,"stock":0,"editions":[],"url":"https:\/\/quaidesbrumes.com\/ouvrage\/9782912824387\/amarres"},{"id":"9782918530237","title":"\"il,elle,travaille au noir dans une boutique de sac...\" de claude ber","description":null,"authors":["Claude Ber"],"category_codes":["1000000","1090000"],"visuals":{"large":"https:\/\/quaidesbrumes.com\/img\/book-placeholder.png","medium":"https:\/\/quaidesbrumes.com\/img\/book-placeholder.png","thumbnail":"https:\/\/quaidesbrumes.com\/img\/book-placeholder.png"},"orderable":true,"show_badge":true,"formatted_price":"1,00&nbsp;\u20ac","formatted_published_date":"19 mars 2011","publisher_availability_label":"Sur commande","short_details":"Claude Ber \u2014 Le Billet Poeme","translator":null,"weight":101,"page_count":null,"readership":null,"editor":"Le Billet Poeme","price":100,"published_date":"2011-03-18T23:00:00.000000Z","support":"Grand format","publisher_availability":1,"stock":0,"editions":[],"url":"https:\/\/quaidesbrumes.com\/ouvrage\/9782918530237\/ilelletravaille-au-noir-dans-une-boutique-de-sac-de-claude-ber"},{"id":"9782918530244","title":"\"ma boheme\" d'arthur rimbaud","description":null,"authors":["Arthur Rimbaud"],"category_codes":["1000000","1090000"],"visuals":{"large":"https:\/\/quaidesbrumes.com\/img\/book-placeholder.png","medium":"https:\/\/quaidesbrumes.com\/img\/book-placeholder.png","thumbnail":"https:\/\/quaidesbrumes.com\/img\/book-placeholder.png"},"orderable":true,"show_badge":true,"formatted_price":"1,00&nbsp;\u20ac","formatted_published_date":"19 mars 2011","publisher_availability_label":"Sur commande","short_details":"Arthur Rimbaud \u2014 Le Billet Poeme","translator":null,"weight":101,"page_count":null,"readership":null,"editor":"Le Billet Poeme","price":100,"published_date":"2011-03-18T23:00:00.000000Z","support":"Grand format","publisher_availability":1,"stock":0,"editions":[],"url":"https:\/\/quaidesbrumes.com\/ouvrage\/9782918530244\/ma-boheme-darthur-rimbaud"},{"id":"9782296558625","title":"Rendez-vous apr\u00e8s la pluie","description":"Ce recueil de textes en prose po\u00e9tique constitue un \u00e9mouvant t\u00e9moignage sur l'Afrique de l'Ouest contemporaine. De petits tableaux, finement saisis, attestent de la polychromie de l'existence qui chahute si souvent les \u00e9motions. Cette oeuvre r\u00e9v\u00e8le une Afrique p\u00e9trie par son pass\u00e9 douloureux et l'\u00e2pret\u00e9 de son pr\u00e9sent. De cette r\u00e9alit\u00e9, jaillissent pourtant une l\u00e9g\u00e8ret\u00e9 et une \u00e9nergie rieuses. Ce parcours po\u00e9tique exalte, dans une langue douce et imag\u00e9e, un continent dans toute sa complexit\u00e9.","authors":["Marguerite Jargeaix"],"category_codes":["1000000","1090000"],"visuals":{"large":"https:\/\/images.epagine.fr\/625\/9782296558625_1_75.jpg","medium":"https:\/\/images.epagine.fr\/625\/9782296558625_1_m.jpg","thumbnail":"https:\/\/images.epagine.fr\/625\/9782296558625_1_v.jpg"},"orderable":true,"show_badge":true,"formatted_price":"9,00&nbsp;\u20ac","formatted_published_date":"23 novembre 2011","publisher_availability_label":"Sur commande","short_details":"Marguerite Jargeaix \u2014 \u00c9ditions L'Harmattan","translator":null,"weight":15,"page_count":44,"readership":null,"editor":"\u00c9ditions L'Harmattan","price":900,"published_date":"2011-11-22T23:00:00.000000Z","support":"Grand format","publisher_availability":1,"stock":0,"editions":[],"url":"https:\/\/quaidesbrumes.com\/ouvrage\/9782296558625\/rendez-vous-apres-la-pluie"},{"id":"9782810624478","title":"L'aventure des mots qui soignent les maux","description":"Un recueil de po\u00e8mes sur ma vie.","authors":["Marie-louise Ray"],"category_codes":["1000000","1090000"],"visuals":{"large":"https:\/\/images.epagine.fr\/478\/9782810624478_1_75.jpg","medium":"https:\/\/images.epagine.fr\/478\/9782810624478_1_m.jpg","thumbnail":"https:\/\/images.epagine.fr\/478\/9782810624478_1_v.jpg"},"orderable":true,"show_badge":true,"formatted_price":"17,00&nbsp;\u20ac","formatted_published_date":"14 f\u00e9vrier 2012","publisher_availability_label":"Sur commande","short_details":"Marie-louise Ray \u2014 Books on Demand","translator":null,"weight":401,"page_count":24,"readership":null,"editor":"Books on Demand","price":1700,"published_date":"2012-02-13T23:00:00.000000Z","support":"Grand format","publisher_availability":1,"stock":0,"editions":[],"url":"https:\/\/quaidesbrumes.com\/ouvrage\/9782810624478\/laventure-des-mots-qui-soignent-les-maux"},{"id":"9782296962705","title":"Le petit n\u00e9gligeable","description":"Le Petit N\u00e9gligeable met en sc\u00e8ne des maximes qui prennent racine dans un univers po\u00e9tique avec humour-humanit\u00e9. Elles se d\u00e9chiffrent par permutations de leur centre de gravit\u00e9 en toute libert\u00e9. Elles sont aussi suspendues sur un fil en \u00e9quilibre. Et \u00e0 leur chute, elles se retrouvent entre ciel et terre.","authors":["Magali Le piouff"],"category_codes":["1000000","1090000"],"visuals":{"large":"https:\/\/images.epagine.fr\/705\/9782296962705_1_75.jpg","medium":"https:\/\/images.epagine.fr\/705\/9782296962705_1_m.jpg","thumbnail":"https:\/\/images.epagine.fr\/705\/9782296962705_1_v.jpg"},"orderable":true,"show_badge":true,"formatted_price":"12,00&nbsp;\u20ac","formatted_published_date":"29 juin 2012","publisher_availability_label":"Sur commande","short_details":"Magali Le piouff \u2014 \u00c9ditions L'Harmattan","translator":null,"weight":115,"page_count":76,"readership":null,"editor":"\u00c9ditions L'Harmattan","price":1200,"published_date":"2012-06-28T22:00:00.000000Z","support":"Grand format","publisher_availability":1,"stock":0,"editions":[],"url":"https:\/\/quaidesbrumes.com\/ouvrage\/9782296962705\/le-petit-negligeable"},{"id":"9782296121935","title":"Suites vietnamiennes","description":"Ce recueil se divise en trois parties: La travers\u00e9e de l'aube, La rizi\u00e8re, la digue et la nasse et Tombes japonaises du XVIIe si\u00e8cle. Visiteur \u00e9tranger, le po\u00e8te d\u00e9ploie sous nos yeux le Vietnam qu'il a parcouru et nous dresse au gr\u00e9 des rencontres et des d\u00e9couvertes, des tableaux vivants et chaleureux de ce pays et de sa population.","authors":["Jean Foucault"],"category_codes":["1000000","1090000"],"visuals":{"large":"https:\/\/images.epagine.fr\/935\/9782296121935_1_75.jpg","medium":"https:\/\/images.epagine.fr\/935\/9782296121935_1_m.jpg","thumbnail":"https:\/\/images.epagine.fr\/935\/9782296121935_1_v.jpg"},"orderable":true,"show_badge":true,"formatted_price":"13,50&nbsp;\u20ac","formatted_published_date":"15 juillet 2010","publisher_availability_label":"Sur commande","short_details":"Jean Foucault \u2014 \u00c9ditions L'Harmattan","translator":null,"weight":155,"page_count":124,"readership":null,"editor":"\u00c9ditions L'Harmattan","price":1350,"published_date":"2010-07-14T22:00:00.000000Z","support":"Grand format","publisher_availability":1,"stock":0,"editions":[],"url":"https:\/\/quaidesbrumes.com\/ouvrage\/9782296121935\/suites-vietnamiennes"},{"id":"9782296112360","title":"Re coudre","description":"Le chemin du langage rejoint le chemin spirituel : il s'agit de conserver la vigilance, d'\u00e9viter la routine qui fait sombrer dans les ab\u00eemes des phrases toutes faites, des lieux communs.Il faut s'en remettre aux mots, car, comme le dit l'auteur, les mots n'ont pas le sens qu'on leur donne, mais seulement celui qu'ils veulent bien prendre ou encore chaque mot contient tous les autres, chaque mot contient le monde.","authors":["Antoine Simon"],"category_codes":["1000000","1090000"],"visuals":{"large":"https:\/\/images.epagine.fr\/360\/9782296112360_1_75.jpg","medium":"https:\/\/images.epagine.fr\/360\/9782296112360_1_m.jpg","thumbnail":"https:\/\/images.epagine.fr\/360\/9782296112360_1_v.jpg"},"orderable":true,"show_badge":true,"formatted_price":"11,00&nbsp;\u20ac","formatted_published_date":"22 avril 2010","publisher_availability_label":"Sur commande","short_details":"Antoine Simon \u2014 \u00c9ditions L'Harmattan","translator":null,"weight":85,"page_count":null,"readership":null,"editor":"\u00c9ditions L'Harmattan","price":1100,"published_date":"2010-04-21T22:00:00.000000Z","support":"Grand format","publisher_availability":1,"stock":0,"editions":[],"url":"https:\/\/quaidesbrumes.com\/ouvrage\/9782296112360\/re-coudre"},{"id":"9782705688103","title":"Le langage politique de Diderot","description":"Des articles r\u00e9dig\u00e9s pour l'Encyclop\u00e9die aux conseils adress\u00e9s \u00e0 Catherine II, en passant par les digressions, les anecdotes, les fables, les contes et les images soigneusement choisies, comme celle de Polyph\u00e8me mangeant les compagnons d'Ulysse, Diderot a multipli\u00e9 les modes d'intervention politique. On peut m\u00eame consid\u00e9rer que sa pens\u00e9e politique s'est \u00e9labor\u00e9e dans et par ces formes, et qu'elle est indissociable d'une r\u00e9flexion sur les conditions concr\u00e8tes de la communication. Par cons\u00e9quent, le reproche qui lui a souvent \u00e9t\u00e9 adress\u00e9 de ne pas avoir laiss\u00e9 de trait\u00e9 comparable au Contrat social de Rousseau repose sur un profond malentendu. A-t-on cherch\u00e9 \u00e0 comprendre sa conception du rapport entre discours et soci\u00e9t\u00e9 ? C'est pr\u00e9cis\u00e9ment l'objet du pr\u00e9sent volume, qui, en explorant \u00e0 la fois la po\u00e9tique de Diderot et ses th\u00e8ses sur l'histoire des soci\u00e9t\u00e9s, la vie de la cit\u00e9 et le pouvoir l\u00e9gitime, exhibe la richesse d'une pens\u00e9e politique non dogmatique.","authors":["Franck Sala\u00fcn"],"category_codes":["1000000","1090000","1090300"],"visuals":{"large":"https:\/\/images.epagine.fr\/103\/9782705688103_1_75.jpg","medium":"https:\/\/images.epagine.fr\/103\/9782705688103_1_m.jpg","thumbnail":"https:\/\/images.epagine.fr\/103\/9782705688103_1_v.jpg"},"orderable":true,"show_badge":true,"formatted_price":"28,00&nbsp;\u20ac","formatted_published_date":"18 mars 2014","publisher_availability_label":"Sur commande","short_details":"Franck Sala\u00fcn \u2014 Hermann","translator":null,"weight":360,"page_count":318,"readership":null,"editor":"Hermann","price":2800,"published_date":"2014-03-17T23:00:00.000000Z","support":"Grand format","publisher_availability":1,"stock":0,"editions":[],"url":"https:\/\/quaidesbrumes.com\/ouvrage\/9782705688103\/le-langage-politique-de-diderot"},{"id":"9782854464863","title":"Lent animal amer","description":null,"authors":["Jaime Sabines"],"category_codes":["1000000","1090000"],"visuals":{"large":"https:\/\/images.epagine.fr\/863\/9782854464863_1_75.jpg","medium":"https:\/\/images.epagine.fr\/863\/9782854464863_1_m.jpg","thumbnail":"https:\/\/images.epagine.fr\/863\/9782854464863_1_v.jpg"},"orderable":true,"show_badge":true,"formatted_price":"25,00&nbsp;\u20ac","formatted_published_date":"13 avril 2011","publisher_availability_label":"Sur commande","short_details":"Jaime Sabines \u2014 Caracteres","translator":null,"weight":284,"page_count":null,"readership":null,"editor":"Caracteres","price":2500,"published_date":"2011-04-12T22:00:00.000000Z","support":"Grand format","publisher_availability":1,"stock":0,"editions":[],"url":"https:\/\/quaidesbrumes.com\/ouvrage\/9782854464863\/lent-animal-amer"},{"id":"9782919609000","title":"Anthologie po\u00e9tique","description":null,"authors":["Collectif"],"category_codes":["1000000","1090000"],"visuals":{"large":"https:\/\/quaidesbrumes.com\/img\/book-placeholder.png","medium":"https:\/\/quaidesbrumes.com\/img\/book-placeholder.png","thumbnail":"https:\/\/quaidesbrumes.com\/img\/book-placeholder.png"},"orderable":true,"show_badge":true,"formatted_price":"14,00&nbsp;\u20ac","formatted_published_date":"28 juillet 2011","publisher_availability_label":"Sur commande","short_details":"Collectif \u2014 Robin","translator":null,"weight":200,"page_count":null,"readership":null,"editor":"Robin","price":1400,"published_date":"2011-07-27T22:00:00.000000Z","support":"Grand format","publisher_availability":1,"stock":0,"editions":[],"url":"https:\/\/quaidesbrumes.com\/ouvrage\/9782919609000\/anthologie-poetique"},{"id":"9782372080002","title":"Bribes de pens\u00e9es dans la brume du temps","description":null,"authors":["Remy De Lorenzi"],"category_codes":["1000000","1090000"],"visuals":{"large":"https:\/\/images.epagine.fr\/002\/9782372080002_1_75.jpg","medium":"https:\/\/images.epagine.fr\/002\/9782372080002_1_m.jpg","thumbnail":"https:\/\/images.epagine.fr\/002\/9782372080002_1_v.jpg"},"orderable":true,"show_badge":true,"formatted_price":"14,50&nbsp;\u20ac","formatted_published_date":"11 avril 2014","publisher_availability_label":"Sur commande","short_details":"Remy De Lorenzi \u2014 Les Ogres De Papier","translator":null,"weight":240,"page_count":null,"readership":null,"editor":"Les Ogres De Papier","price":1450,"published_date":"2014-04-10T22:00:00.000000Z","support":"Grand format","publisher_availability":1,"stock":0,"editions":[],"url":"https:\/\/quaidesbrumes.com\/ouvrage\/9782372080002\/bribes-de-pensees-dans-la-brume-du-temps"},{"id":"9782919609017","title":"Vers l'\u00e9ternit\u00e9 immobile","description":null,"authors":["Zerkalo"],"category_codes":["1000000","1090000"],"visuals":{"large":"https:\/\/quaidesbrumes.com\/img\/book-placeholder.png","medium":"https:\/\/quaidesbrumes.com\/img\/book-placeholder.png","thumbnail":"https:\/\/quaidesbrumes.com\/img\/book-placeholder.png"},"orderable":true,"show_badge":true,"formatted_price":"12,00&nbsp;\u20ac","formatted_published_date":"1er octobre 2011","publisher_availability_label":"Sur commande","short_details":"Zerkalo \u2014 Robin","translator":null,"weight":150,"page_count":null,"readership":null,"editor":"Robin","price":1200,"published_date":"2011-09-30T22:00:00.000000Z","support":"Grand format","publisher_availability":1,"stock":0,"editions":[],"url":"https:\/\/quaidesbrumes.com\/ouvrage\/9782919609017\/vers-leternite-immobile"},{"id":"9782296560383","title":"Petites histoires du malheur quotidien","description":"Cet ouvrage est une tentative, au moyen de textes de t\u00e9moignage, de dire la douleur et le doute de vies bris\u00e9es, dans une langue brute non d\u00e9pourvue d'un certain humour et d'un trop-plein d'esp\u00e9rance. L'auteur s'est nourri du sang et du souffle du plus grand po\u00e8te hongrois du vingti\u00e8me si\u00e8cle, Attila Jozsef.","authors":["Jean-pierre Jasz"],"category_codes":["1000000","1090000"],"visuals":{"large":"https:\/\/images.epagine.fr\/383\/9782296560383_1_75.jpg","medium":"https:\/\/images.epagine.fr\/383\/9782296560383_1_m.jpg","thumbnail":"https:\/\/images.epagine.fr\/383\/9782296560383_1_v.jpg"},"orderable":true,"show_badge":true,"formatted_price":"18,00&nbsp;\u20ac","formatted_published_date":"7 mars 2012","publisher_availability_label":"Sur commande","short_details":"Jean-pierre Jasz \u2014 \u00c9ditions L'Harmattan","translator":null,"weight":200,"page_count":162,"readership":null,"editor":"\u00c9ditions L'Harmattan","price":1800,"published_date":"2012-03-06T23:00:00.000000Z","support":"Grand format","publisher_availability":1,"stock":0,"editions":[],"url":"https:\/\/quaidesbrumes.com\/ouvrage\/9782296560383\/petites-histoires-du-malheur-quotidien"},{"id":"9782296131880","title":"Mati\u00e8re et contingence","description":"Les surfaces recouvrent le vide r\u00e9pandu - le r\u00eave des profondeurs s\u00e8me la noirceur de l'inconnu autour de gestes simples, anonymes. Les m\u00e9andres de l'urbanit\u00e9 sont emplis par le grognement de l'animal transfigur\u00e9. Et l'apparence demeure parmi les ruines d'une id\u00e9e incertaine. L'autre semble fuir, il se pr\u00e9cipite dans le silence des pi\u00e8ces inhabit\u00e9es. La s\u00e9paration des hommes. La d\u00e9liquescence d'une unit\u00e9. Des mots.","authors":["Rodhlann Jornod"],"category_codes":["1000000","1090000"],"visuals":{"large":"https:\/\/images.epagine.fr\/880\/9782296131880_1_75.jpg","medium":"https:\/\/images.epagine.fr\/880\/9782296131880_1_m.jpg","thumbnail":"https:\/\/images.epagine.fr\/880\/9782296131880_1_v.jpg"},"orderable":true,"show_badge":true,"formatted_price":"12,00&nbsp;\u20ac","formatted_published_date":"28 d\u00e9cembre 2010","publisher_availability_label":"Sur commande","short_details":"Rodhlann Jornod \u2014 \u00c9ditions L'Harmattan","translator":null,"weight":135,"page_count":102,"readership":null,"editor":"\u00c9ditions L'Harmattan","price":1200,"published_date":"2010-12-27T23:00:00.000000Z","support":"Grand format","publisher_availability":1,"stock":0,"editions":[],"url":"https:\/\/quaidesbrumes.com\/ouvrage\/9782296131880\/matiere-et-contingence"},{"id":"9782355770562","title":"Oeuvres poetiques tome 1 annie salager","description":null,"authors":["Annie Salager"],"category_codes":["1000000","1090000"],"visuals":{"large":"https:\/\/quaidesbrumes.com\/img\/book-placeholder.png","medium":"https:\/\/quaidesbrumes.com\/img\/book-placeholder.png","thumbnail":"https:\/\/quaidesbrumes.com\/img\/book-placeholder.png"},"orderable":true,"show_badge":true,"formatted_price":"23,00&nbsp;\u20ac","formatted_published_date":"27 novembre 2013","publisher_availability_label":"Sur commande","short_details":"Annie Salager \u2014 La Rumeur Libre","translator":null,"weight":400,"page_count":null,"readership":null,"editor":"La Rumeur Libre","price":2300,"published_date":"2013-11-26T23:00:00.000000Z","support":"Grand format","publisher_availability":1,"stock":0,"editions":[],"url":"https:\/\/quaidesbrumes.com\/ouvrage\/9782355770562\/oeuvres-poetiques-tome-1-annie-salager"}]}