{"data":[{"id":"9782919125203","title":"Grain de poussiere... sur l'ile de nantes et ailleurs","description":null,"authors":["Claudette Labouesse"],"category_codes":["1000000","1090000"],"visuals":{"large":"https:\/\/quaidesbrumes.com\/img\/book-placeholder.png","medium":"https:\/\/quaidesbrumes.com\/img\/book-placeholder.png","thumbnail":"https:\/\/quaidesbrumes.com\/img\/book-placeholder.png"},"orderable":true,"show_badge":true,"formatted_price":"22,50&nbsp;\u20ac","formatted_published_date":"14 septembre 2012","publisher_availability_label":"Sur commande","short_details":"Claudette Labouesse \u2014 Ecrituriales","translator":null,"weight":350,"page_count":null,"readership":null,"editor":"Ecrituriales","price":2250,"published_date":"2012-09-13T22:00:00.000000Z","support":"Grand format","publisher_availability":1,"stock":0,"editions":[],"url":"https:\/\/quaidesbrumes.com\/ouvrage\/9782919125203\/grain-de-poussiere-sur-lile-de-nantes-et-ailleurs"},{"id":"9782720011733","title":"Alphabet pour toi ; petit herbier de sagesse","description":null,"authors":["Sobhi Habchi"],"category_codes":["1000000","1090000"],"visuals":{"large":"https:\/\/quaidesbrumes.com\/img\/book-placeholder.png","medium":"https:\/\/quaidesbrumes.com\/img\/book-placeholder.png","thumbnail":"https:\/\/quaidesbrumes.com\/img\/book-placeholder.png"},"orderable":true,"show_badge":true,"formatted_price":"20,00&nbsp;\u20ac","formatted_published_date":"29 juin 2011","publisher_availability_label":"Sur commande","short_details":"Sobhi Habchi \u2014 Jean Maisonneuve","translator":null,"weight":165,"page_count":null,"readership":null,"editor":"Jean Maisonneuve","price":2000,"published_date":"2011-06-28T22:00:00.000000Z","support":"Grand format","publisher_availability":1,"stock":0,"editions":[],"url":"https:\/\/quaidesbrumes.com\/ouvrage\/9782720011733\/alphabet-pour-toi-petit-herbier-de-sagesse"},{"id":"9782710369424","title":"L'exil et sa demeure","description":"'Dans lodeur nue de laube le pi\u00e9ton de la plage pouvait croiser la perfection dun squelette doursin, le bras dhonneur dune branche sur le sable ou lid\u00e9e singuli\u00e8re que les ombres m\u00fbrissent en douce avant de sallonger.'  'On frappe \u00e0 la porte du sommeil. Le songe est mis, rien ne va plus. Des femmes aux d\u00e9sirs fauves se d\u00e9ploient sous de hautes futaies. Une fontaine bruit. Un peuplier tremble. Demain tu seras nu dans lhabitacle de laube.'  En \u00e9quilibre sur la pointe des mots, la po\u00e9sie de Fr\u00e9d\u00e9ric Musso invoque la m\u00e9moire et convoque limm\u00e9diatet\u00e9 des sensations. Elle multiplie les perspectives en jouant \u00e0 la fois des effets de r\u00e9el et des effets de surprise.\r","authors":["Fr\u00e9d\u00e9ric Musso"],"category_codes":["1000000","1090000"],"visuals":{"large":"https:\/\/images.epagine.fr\/424\/9782710369424_1_75.jpg","medium":"https:\/\/images.epagine.fr\/424\/9782710369424_1_m.jpg","thumbnail":"https:\/\/images.epagine.fr\/424\/9782710369424_1_v.jpg"},"orderable":true,"show_badge":true,"formatted_price":"14,00&nbsp;\u20ac","formatted_published_date":"7 mars 2013","publisher_availability_label":"Sur commande","short_details":"Fr\u00e9d\u00e9ric Musso \u2014 \u00c9ditions de La Table Ronde","translator":null,"weight":140,"page_count":96,"readership":null,"editor":"\u00c9ditions de La Table Ronde","price":1400,"published_date":"2013-03-06T23:00:00.000000Z","support":"Grand format","publisher_availability":1,"stock":0,"editions":[],"url":"https:\/\/quaidesbrumes.com\/ouvrage\/9782710369424\/lexil-et-sa-demeure"},{"id":"9782810619603","title":"Rimes d'enfant","description":"Rimes d'enfant est un recueil de po\u00e8mes qui d\u00e9peint l'univers social avec des mots d'enfant. C'est la vision pu\u00e9rile et candide qui se cache derri\u00e8re le regard du po\u00e8te. C'est une autre fa\u00e7on de dire un texte po\u00e9tique avec un langage accessible et des vocables proches de l'enfant.\r\n\r\n\r\nJe me souviens de mes premiers pas J'\u00e9tais tout petit dans les bras de papa Je t\u00e9tais sans cesse le sein de maman Sous son regard protecteur et charmant Je me souviens de mes premiers pas Dans ce berceau \u00e0 l'harmonie sympa Des couleurs comme un bonheur d'amour Des sourires comme une lumi\u00e8re du jour\r","authors":["Jannys Kombila"],"category_codes":["1000000","1090000"],"visuals":{"large":"https:\/\/images.epagine.fr\/603\/9782810619603_1_75.jpg","medium":"https:\/\/images.epagine.fr\/603\/9782810619603_1_m.jpg","thumbnail":"https:\/\/images.epagine.fr\/603\/9782810619603_1_v.jpg"},"orderable":true,"show_badge":true,"formatted_price":"8,00&nbsp;\u20ac","formatted_published_date":"26 ao\u00fbt 2010","publisher_availability_label":"Sur commande","short_details":"Jannys Kombila \u2014 Books on Demand","translator":null,"weight":201,"page_count":28,"readership":null,"editor":"Books on Demand","price":800,"published_date":"2010-08-25T22:00:00.000000Z","support":"Grand format","publisher_availability":1,"stock":0,"editions":[],"url":"https:\/\/quaidesbrumes.com\/ouvrage\/9782810619603\/rimes-denfant"},{"id":"9782874596254","title":"Ma parole est talee","description":null,"authors":["Jean-Jacques Manicou"],"category_codes":["1000000","1090000"],"visuals":{"large":"https:\/\/quaidesbrumes.com\/img\/book-placeholder.png","medium":"https:\/\/quaidesbrumes.com\/img\/book-placeholder.png","thumbnail":"https:\/\/quaidesbrumes.com\/img\/book-placeholder.png"},"orderable":true,"show_badge":true,"formatted_price":"13,60&nbsp;\u20ac","formatted_published_date":"26 avril 2012","publisher_availability_label":"Sur commande","short_details":"Jean-Jacques Manicou \u2014 Chloe Des Lys","translator":null,"weight":150,"page_count":null,"readership":null,"editor":"Chloe Des Lys","price":1360,"published_date":"2012-04-25T22:00:00.000000Z","support":"Grand format","publisher_availability":1,"stock":0,"editions":[],"url":"https:\/\/quaidesbrumes.com\/ouvrage\/9782874596254\/ma-parole-est-talee"},{"id":"9782915831474","title":"Le lierre et la foudre","description":null,"authors":["Pascal Boulanger"],"category_codes":["1000000","1090000"],"visuals":{"large":"https:\/\/images.epagine.fr\/474\/9782915831474_1_75.jpg","medium":"https:\/\/images.epagine.fr\/474\/9782915831474_1_m.jpg","thumbnail":"https:\/\/images.epagine.fr\/474\/9782915831474_1_v.jpg"},"orderable":true,"show_badge":true,"formatted_price":"15,00&nbsp;\u20ac","formatted_published_date":"21 mai 2011","publisher_availability_label":"Sur commande","short_details":"Pascal Boulanger \u2014 Corlevour","translator":null,"weight":146,"page_count":112,"readership":null,"editor":"Corlevour","price":1500,"published_date":"2011-05-20T22:00:00.000000Z","support":"Grand format","publisher_availability":1,"stock":0,"editions":[],"url":"https:\/\/quaidesbrumes.com\/ouvrage\/9782915831474\/le-lierre-et-la-foudre"},{"id":"9782365890342","title":"Les poetes maudits de paul verlaine","description":null,"authors":["Paul Verlaine"],"category_codes":["1000000","1090000"],"visuals":{"large":"https:\/\/quaidesbrumes.com\/img\/book-placeholder.png","medium":"https:\/\/quaidesbrumes.com\/img\/book-placeholder.png","thumbnail":"https:\/\/quaidesbrumes.com\/img\/book-placeholder.png"},"orderable":true,"show_badge":true,"formatted_price":"13,97&nbsp;\u20ac","formatted_published_date":"11 mai 2012","publisher_availability_label":"Sur commande","short_details":"Paul Verlaine \u2014 Lbe Ouvrage.Net","translator":null,"weight":150,"page_count":null,"readership":null,"editor":"Lbe Ouvrage.Net","price":1397,"published_date":"2012-05-10T22:00:00.000000Z","support":"Grand format","publisher_availability":1,"stock":0,"editions":[],"url":"https:\/\/quaidesbrumes.com\/ouvrage\/9782365890342\/les-poetes-maudits-de-paul-verlaine"},{"id":"9782322003730","title":"Si l\u00e9gers","description":null,"authors":["Brigitte Tosi"],"category_codes":["1000000","1090000"],"visuals":{"large":"https:\/\/images.epagine.fr\/730\/9782322003730_1_75.jpg","medium":"https:\/\/images.epagine.fr\/730\/9782322003730_1_m.jpg","thumbnail":"https:\/\/images.epagine.fr\/730\/9782322003730_1_v.jpg"},"orderable":true,"show_badge":true,"formatted_price":"12,00&nbsp;\u20ac","formatted_published_date":"29 f\u00e9vrier 2012","publisher_availability_label":"Sur commande","short_details":"Brigitte Tosi \u2014 Books on Demand","translator":null,"weight":301,"page_count":null,"readership":null,"editor":"Books on Demand","price":1200,"published_date":"2012-02-28T23:00:00.000000Z","support":"Grand format","publisher_availability":1,"stock":0,"editions":[],"url":"https:\/\/quaidesbrumes.com\/ouvrage\/9782322003730\/si-legers"},{"id":"9782854464849","title":"13 po\u00e8tes du nord ; peintures et encres de Turi Arnsten","description":null,"authors":["Jacques Outin"],"category_codes":["1000000","1090000"],"visuals":{"large":"https:\/\/images.epagine.fr\/849\/9782854464849_1_75.jpg","medium":"https:\/\/images.epagine.fr\/849\/9782854464849_1_m.jpg","thumbnail":"https:\/\/images.epagine.fr\/849\/9782854464849_1_v.jpg"},"orderable":true,"show_badge":true,"formatted_price":"18,00&nbsp;\u20ac","formatted_published_date":"10 mars 2011","publisher_availability_label":"Sur commande","short_details":"Jacques Outin \u2014 Caracteres","translator":null,"weight":242,"page_count":null,"readership":null,"editor":"Caracteres","price":1800,"published_date":"2011-03-09T23:00:00.000000Z","support":"Grand format","publisher_availability":1,"stock":0,"editions":[],"url":"https:\/\/quaidesbrumes.com\/ouvrage\/9782854464849\/13-poetes-du-nord-peintures-et-encres-de-turi-arnsten"},{"id":"9782849243008","title":"Une barque pour demain","description":null,"authors":["Estival Julien"],"category_codes":["1000000","1090000"],"visuals":{"large":"https:\/\/quaidesbrumes.com\/img\/book-placeholder.png","medium":"https:\/\/quaidesbrumes.com\/img\/book-placeholder.png","thumbnail":"https:\/\/quaidesbrumes.com\/img\/book-placeholder.png"},"orderable":true,"show_badge":true,"formatted_price":"13,00&nbsp;\u20ac","formatted_published_date":"20 novembre 2012","publisher_availability_label":"Sur commande","short_details":"Estival Julien \u2014 Editions Du Cygne","translator":null,"weight":180,"page_count":null,"readership":null,"editor":"Editions Du Cygne","price":1300,"published_date":"2012-11-19T23:00:00.000000Z","support":"Grand format","publisher_availability":1,"stock":0,"editions":[],"url":"https:\/\/quaidesbrumes.com\/ouvrage\/9782849243008\/une-barque-pour-demain"},{"id":"9782322033164","title":"Voies accores Tome 5 ; S. 17-20","description":"Voies accores Ceci n'est pas un livre d'Histoire. C'est un livre d'histoires au pluriel. C'est moi debout face \u00e0 ces histoires. C'est un face \u00e0 face entre eux, tous ces disparus, toute cette horreur et moi, \u00e9crivant. J'ai voulu dialoguer avec eux, ici, maintenant. C'est parti d'un r\u00e9el besoin, individuel et politique sans pr\u00e9tendre \u00e0 aucune v\u00e9rit\u00e9. C'est ce que je devais faire. C'est tout. Je crois, avec d'autres, que ce g\u00e9nocide central du XX\u00e8me si\u00e8cle est sans commune mesure dans l'histoire de l'humanit\u00e9 et qu'\u00e0 ce titre, en tant qu'artiste, je deviens t\u00e9moin des t\u00e9moins.\r\n\r\nRe-transcrire. R\u00e9-ordonner en d\u00e9sordonnant aussi. Peut-\u00eatre me fallait-il violenter la violence elle-m\u00eame, pour lui extirper autre chose que ce qu'on comprend ou ressent imm\u00e9diatement. Lui r\u00e9sister \u00e0 cette violence des faits pour en r\u00e9chapper et offrir d'autres possibles par des ph\u00e9nom\u00e8nes de renversement.\r\nTout au long du travail qui a commenc\u00e9 en 1994, ce furent tour \u00e0 tour ou parall\u00e8lement, la Yougoslavie, le Rwanda, l'Alg\u00e9rie et \u00e9videmment beaucoup d'autres \u00e9v\u00e9nements. Il s'est agi de re-transcrire les perceptions de toutes ces r\u00e9alit\u00e9s m\u00eal\u00e9es, m\u00eal\u00e9es aussi avec ma propre histoire, soit tout ce qui se passe dans la vie de chacun en fonction de ses activit\u00e9s physiques et psychiques. \u00c7a s'entrecroise. C'est en mouvement. C'est un mouvement incessant d'affleurements et de retraits.\r\n              Chris Meunier De ce temps-l\u00e0 \u00e0 ce temps-ci le livre se d\u00e9plie, s'invente, s'architecture.\r\nCinquante-deux livrets composent VOIES ACCORES, correspondant aux cinquante-deux semaines d'une ann\u00e9e.\r\nCes livrets rassembl\u00e9s forment un tout saisissant o\u00f9 l'Histoire, le r\u00e9cit, le t\u00e9moignage, l'actualit\u00e9, le po\u00e8me, la photographie se frottent, se superposent, se font face, se questionnent. Un c\u00e9notaphe o\u00f9 l'exc\u00e8s de t\u00e9n\u00e8bres et l'exc\u00e8s de lumi\u00e8res provoque les yeux, la t\u00eate, les jambes,et r\u00e9v\u00e8le la pr\u00e9sence d'absences.\r\nAujourd'hui. Pour demain. Ce qui s'est pass\u00e9 hier.\r\nO\u00f9 se situer dans les langues et leur vocabulaire ?\r\nInventer d'autres mots ou se contenter de ceux qui existent ?\r\nCes exp\u00e9riences engagent l'artiste, l'auteur, \u00e0 trouver sa propre parole dans le d\u00e9sir de transmettre \u00e0 son tour. Le livre alors se cr\u00e9e.\r\n            Jean-Christophe Vermot-Gauchy Une lecture publique \u00e0 5 voix de \"Voies accores 1\" a eu lieu en mai 2008 au th\u00e9\u00e2tre de l'\u00c9lys\u00e9e \u00e0 Lyon.\r","authors":["Chris Meunier"],"category_codes":["1000000","1090000"],"visuals":{"large":"https:\/\/images.epagine.fr\/164\/9782322033164_1_75.jpg","medium":"https:\/\/images.epagine.fr\/164\/9782322033164_1_m.jpg","thumbnail":"https:\/\/images.epagine.fr\/164\/9782322033164_1_v.jpg"},"orderable":true,"show_badge":true,"formatted_price":"27,00&nbsp;\u20ac","formatted_published_date":"16 septembre 2013","publisher_availability_label":"Sur commande","short_details":"Chris Meunier \u2014 Books on Demand","translator":null,"weight":601,"page_count":220,"readership":null,"editor":"Books on Demand","price":2700,"published_date":"2013-09-15T22:00:00.000000Z","support":"Grand format","publisher_availability":1,"stock":0,"editions":[],"url":"https:\/\/quaidesbrumes.com\/ouvrage\/9782322033164\/voies-accores-tome-5-s-17-20"},{"id":"9782952408202","title":"Avant que la mort ne nous capture...","description":null,"authors":["Virginie Marino"],"category_codes":["1000000","1090000"],"visuals":{"large":"https:\/\/quaidesbrumes.com\/img\/book-placeholder.png","medium":"https:\/\/quaidesbrumes.com\/img\/book-placeholder.png","thumbnail":"https:\/\/quaidesbrumes.com\/img\/book-placeholder.png"},"orderable":true,"show_badge":true,"formatted_price":"15,00&nbsp;\u20ac","formatted_published_date":"31 mai 2005","publisher_availability_label":"Sur commande","short_details":"Virginie Marino \u2014 Virginie Marino","translator":null,"weight":80,"page_count":null,"readership":null,"editor":"Virginie Marino","price":1500,"published_date":"2005-05-30T22:00:00.000000Z","support":"Grand format","publisher_availability":1,"stock":0,"editions":[],"url":"https:\/\/quaidesbrumes.com\/ouvrage\/9782952408202\/avant-que-la-mort-ne-nous-capture"},{"id":"9782492843174","title":"Ten","description":"Zbi\u00f3r TEN jest wyborem 128 wierszy z poetyckiego dorobku calego zycia Krzysztofa Planety, nigdy wczesniej niewydanych.Ponadto: w przedmowie, w formie rozmowy, czytelnik zapozna sie z postacia Autora.Ilustracje tomiku TEN pochodza z dziela Justinesa Kernera, Kleksographien (Stuttgart, 1890).Wiecej informacji: https:\/\/editionstoutechose.fr\/pl\/ten-krzysztofa-planety-poezje\/","authors":["Planeta Krzysztof"],"category_codes":["1000000","1090000","1090600"],"visuals":{"large":"https:\/\/images.epagine.fr\/174\/9782492843174_1_75.jpg","medium":"https:\/\/images.epagine.fr\/174\/9782492843174_1_m.jpg","thumbnail":"https:\/\/images.epagine.fr\/174\/9782492843174_1_v.jpg"},"orderable":true,"show_badge":true,"formatted_price":"7,50&nbsp;\u20ac","formatted_published_date":"19 ao\u00fbt 2022","publisher_availability_label":"Sur commande","short_details":"Planeta Krzysztof \u2014 Les Editions Toute Chose","translator":null,"weight":260,"page_count":null,"readership":null,"editor":"Les Editions Toute Chose","price":750,"published_date":"2022-08-18T22:00:00.000000Z","support":"Grand format","publisher_availability":1,"stock":0,"editions":[],"url":"https:\/\/quaidesbrumes.com\/ouvrage\/9782492843174\/ten"},{"id":"9782812145094","title":"\u00e0 l'ombre de l'amour","description":"\u00ab Entre le r\u00eave et l'irr\u00e9el la fronti\u00e8re est parfois si mince que ma plume la franchit au gr\u00e9 de mes \u00e9motions, de mes rires, de l'amour ou de la col\u00e8re. Elle aime \u00e0 s'envoler de l'un \u00e0 l'autre sans se lasser. Ces po\u00e8mes sont le reflet de tout ce qui guide ma plume au jour le jour. \u00bb\r","authors":["Katiochka"],"category_codes":["1000000","1090000"],"visuals":{"large":"https:\/\/images.epagine.fr\/094\/9782812145094_1_75.jpg","medium":"https:\/\/images.epagine.fr\/094\/9782812145094_1_m.jpg","thumbnail":"https:\/\/images.epagine.fr\/094\/9782812145094_1_v.jpg"},"orderable":true,"show_badge":true,"formatted_price":"8,50&nbsp;\u20ac","formatted_published_date":"15 d\u00e9cembre 2010","publisher_availability_label":"Sur commande","short_details":"Katiochka \u2014 Edilivre","translator":null,"weight":58,"page_count":36,"readership":null,"editor":"Edilivre","price":850,"published_date":"2010-12-14T23:00:00.000000Z","support":"Grand format","publisher_availability":1,"stock":0,"editions":[],"url":"https:\/\/quaidesbrumes.com\/ouvrage\/9782812145094\/a-lombre-de-lamour"},{"id":"9782918530213","title":"\"en ces lourdes soirees ou les images...\" d'helene dorion","description":null,"authors":["H\u00e9l\u00e8ne Dorion"],"category_codes":["1000000","1090000"],"visuals":{"large":"https:\/\/quaidesbrumes.com\/img\/book-placeholder.png","medium":"https:\/\/quaidesbrumes.com\/img\/book-placeholder.png","thumbnail":"https:\/\/quaidesbrumes.com\/img\/book-placeholder.png"},"orderable":true,"show_badge":true,"formatted_price":"1,00&nbsp;\u20ac","formatted_published_date":"19 mars 2011","publisher_availability_label":"Sur commande","short_details":"H\u00e9l\u00e8ne Dorion \u2014 Le Billet Poeme","translator":null,"weight":101,"page_count":null,"readership":null,"editor":"Le Billet Poeme","price":100,"published_date":"2011-03-18T23:00:00.000000Z","support":"Grand format","publisher_availability":1,"stock":0,"editions":[],"url":"https:\/\/quaidesbrumes.com\/ouvrage\/9782918530213\/en-ces-lourdes-soirees-ou-les-images-dhelene-dorion"},{"id":"9782845875258","title":"Assemblages & ripop\u00e9es","description":"L'attention port\u00e9e \u00e0 la langue et une ind\u00e9fectible curiosit\u00e9 de jouissance dans l'\u00e9criture font de \"Assemblages et Ripop\u00e9es\", un texte \u00e0 la fois rare de truculence po\u00e9tique et qui laisse ais\u00e9ment imaginer ce que pourraient \u00eatre les d\u00e9veloppements futurs de cette exploration offerte \u00e0 Jean-Pascal Dubost et \u00e0 son travail de po\u00e8te soucieux de fouiller une langue et son renouvellement. C'est ici une joyeuse danse verbale avec ses obscurit\u00e9s cr\u00e9ant quelque fois des creux de sens, mais toujours rattrap\u00e9s par la joie d'\u00e9crire. Les deux termes du titre sont \u00e0 entendre au sens propre comme au sens figur\u00e9 d'un art po\u00e9tique.\r","authors":["Jean-Pascal Dubost"],"category_codes":["1000000","1090000","1090600"],"visuals":{"large":"https:\/\/images.epagine.fr\/258\/9782845875258_1_75.jpg","medium":"https:\/\/images.epagine.fr\/258\/9782845875258_1_m.jpg","thumbnail":"https:\/\/images.epagine.fr\/258\/9782845875258_1_v.jpg"},"orderable":true,"show_badge":true,"formatted_price":"14,00&nbsp;\u20ac","formatted_published_date":"1er avril 2021","publisher_availability_label":"Sur commande","short_details":"Jean-Pascal Dubost \u2014 Tarabuste","translator":null,"weight":500,"page_count":150,"readership":null,"editor":"Tarabuste","price":1400,"published_date":"2021-03-31T22:00:00.000000Z","support":"Grand format","publisher_availability":1,"stock":0,"editions":[],"url":"https:\/\/quaidesbrumes.com\/ouvrage\/9782845875258\/assemblages-ripopees"},{"id":"9782876732803","title":"Registre","description":"\" Chaque soir, sous la lampe, mon p\u00e8re transcrivait \u00e0 l'encre sur un registre \u00e0 la reliure de carton couvert de toile noire ce qu'il avait au cours de la journ\u00e9e inscrit au crayon dans son calepin.\r\nC'\u00e9tait tant de fagots ou tant de st\u00e8res, ou bien le compte de tel ou tel journalier ou b\u00fbcheron \u00e0 la t\u00e2che, ou bien le cube de tel arbre en grume, de toute fa\u00e7on toujours quelque chose se rapportant \u00e0 son commerce de marchand de bois. J'ai encore dans les yeux ce haut cahier aux pages ray\u00e9es avec l'ann\u00e9e marqu\u00e9e ainsi que toutes les dates courant au long. Je me dis que selon mon mode c'est peut-\u00eatre un peu ce que je fais aujourd'hui, par les \u00e9critures explorant en outre le registre de ma voix \".\r","authors":["Marteau\/Robert"],"category_codes":["1000000","1090000"],"visuals":{"large":"https:\/\/images.epagine.fr\/803\/9782876732803_1_75.jpg","medium":"https:\/\/images.epagine.fr\/803\/9782876732803_1_m.jpg","thumbnail":"https:\/\/images.epagine.fr\/803\/9782876732803_1_v.jpg"},"orderable":true,"show_badge":true,"formatted_price":"20,00&nbsp;\u20ac","formatted_published_date":"21 mai 1999","publisher_availability_label":"Sur commande","short_details":"Marteau\/Robert \u2014 CHAMP VALLON","translator":null,"weight":280,"page_count":null,"readership":null,"editor":"CHAMP VALLON","price":2000,"published_date":"1999-05-20T22:00:00.000000Z","support":"Grand format","publisher_availability":1,"stock":0,"editions":[],"url":"https:\/\/quaidesbrumes.com\/ouvrage\/9782876732803\/registre"},{"id":"9782312023540","title":"Des mots sur mes maux","description":null,"authors":["Eden Seth"],"category_codes":["1000000","1090000"],"visuals":{"large":"https:\/\/images.epagine.fr\/540\/9782312023540_1_75.jpg","medium":"https:\/\/images.epagine.fr\/540\/9782312023540_1_m.jpg","thumbnail":"https:\/\/images.epagine.fr\/540\/9782312023540_1_v.jpg"},"orderable":true,"show_badge":true,"formatted_price":"15,00&nbsp;\u20ac","formatted_published_date":"28 juillet 2014","publisher_availability_label":"Sur commande","short_details":"Eden Seth \u2014 Editions du Net","translator":null,"weight":219,"page_count":null,"readership":null,"editor":"Editions du Net","price":1500,"published_date":"2014-07-27T22:00:00.000000Z","support":"Grand format","publisher_availability":1,"stock":0,"editions":[],"url":"https:\/\/quaidesbrumes.com\/ouvrage\/9782312023540\/des-mots-sur-mes-maux"},{"id":"9782912093226","title":"Les Hommes sans Epaules n\u00b033 : Dossier PIERRE CHABERT","description":"Dossier : LA PAROLE EST \u00c0 PIERRE CHABERT, par Christophe DAUPHIN. Malicieux comme le sont souvent les gens de Cavaillon, a pr\u00e9cis\u00e9 Jean Breton, Pierre Chabert, cet homme du Sud, amateur de verdure et de naturisme a d'abord publi\u00e9 des po\u00e8mes transparents, gais et solaires, qu'il a regroup\u00e9 pour la plupart dans Arambre (1965). Plus tard, sa gentillesse n\u00e9e et sa bonhomie un peu sceptique ont soudain rencontr\u00e9 les chagrins de la vie. Se souvenant peut-\u00eatre de l'exemple de La Bruy\u00e8re, il inventa, son chef d'oeuvre, un bestiaire peupl\u00e9 de monstres (Les Sales B\u00eates, 1968). Comme il sait d\u00e9cortiquer leurs humeurs, leur m\u00e9chancet\u00e9, leurs coups de pattes ! Il flaire les taches, les odeurs des \u00ab sales b\u00eates \u00bb, soup\u00e8se la contradiction, \u00e9tiquette le poison. Une \u00e9coute presque biologique du mal chez les autres. Un anarchiste se venge des torts subis ! Oeil pour oeil... Il donne ses lettres de noblesse \u00e0 ce qu'il appelle \u00ab l'humour de sang \u00bb. Il n'y a pas, en d\u00e9finitive, une \u00e9criture Chabert, mais une vari\u00e9t\u00e9 de styles, qu'il a adopt\u00e9s pour chercher l'identit\u00e9 qui lui serait demeur\u00e9e opaque. Le reste de ce num\u00e9ro est compos\u00e9 de l'\u00c9ditorial\/T\u00e9moignage : L'exp\u00e9rience po\u00e9tique, par Paul Sanda. Porteurs de Feu : Marie-Claire Bancquart, par Paul Farellier. Richard Rognet, par Paul Farellier. Ainsi furent les Wah : Po\u00e8mes de \u00c9lodia Turki, Jean-Michel Bongiraud, Danielle Corre, Patrick Aveline, Bojenna Orszulak Le po\u00e8te surprise : Rencontre avec Ismail Kadare, par Christophe Dauphin. Une Voix, une oeuvre : Georges Jean, par Mich\u00e8le L\u00e9vy. Max Alhau, par Paul Farellier. Le Po\u00e8te de la Baltique : Pour Tomas Transtromer, par Svante Svahnstrom. Le Photographe de coeur : Th\u00e9odore Brauner, par C\u00e9sar Bir\u00e8ne. Dans les cheveux d'Aoun (proses) : Po\u00e9sie urgente, par Paul Farellier. Les Pages libres des Hommes sans \u00c9paules : Po\u00e8mes de Paul Farellier, Alain Breton, Christophe Dauphin, Jacques Aramburu & Karel Hadek. La Nappe s'ab\u00eeme (chronique) : Revuistes : don de soi, contre soi ?,  par \u00c9ric S\u00e9n\u00e9cal. Avec la moelle des arbres : Notes de lecture de Jean Chatard, G\u00e9rard Paris, Paul Farellier, Jean-Pierre V\u00e9drines & Alain Breton. Infos\/Echos des HSE, par C\u00e9sar Bir\u00e8ne. Illustrations de : Th\u00e9odore Brauner, Maurice Baskine, Victor Brauner.","authors":["Les Hse"],"category_codes":["1000000","1090000"],"visuals":{"large":"https:\/\/images.epagine.fr\/226\/9782912093226_1_75.jpg","medium":"https:\/\/images.epagine.fr\/226\/9782912093226_1_m.jpg","thumbnail":"https:\/\/images.epagine.fr\/226\/9782912093226_1_v.jpg"},"orderable":true,"show_badge":true,"formatted_price":"17,00&nbsp;\u20ac","formatted_published_date":"15 f\u00e9vrier 2012","publisher_availability_label":"Sur commande","short_details":"Les Hse \u2014 Hommes Sans Epaules","translator":null,"weight":303,"page_count":268,"readership":null,"editor":"Hommes Sans Epaules","price":1700,"published_date":"2012-02-14T23:00:00.000000Z","support":"Grand format","publisher_availability":1,"stock":0,"editions":[],"url":"https:\/\/quaidesbrumes.com\/ouvrage\/9782912093226\/les-hommes-sans-epaules-n33-dossier-pierre-chabert"},{"id":"9782352080992","title":"Comme un bouquet de printemps","description":"Les po\u00e8mes que vous trouverez dans ce recueil sont issus d'un concours, organis\u00e9 par les \u00c9ditions du Bord du Lot, qui a r\u00e9uni plus de six cents textes. Ils ont \u00e9t\u00e9 \u00e9crits par des auteurs diff\u00e9rents ; le th\u00e8me \u00e9tait libre et le r\u00e9sultat est tr\u00e8s \u00e9clectique. Je ne connais pas d'exercice plus difficile, et pr\u00eatant \u00e0 l'arbitraire, que le choix de textes po\u00e9tiques et nous demandons \u00e0 tous ceux qui n'ont pas \u00e9t\u00e9 retenus de nous le pardonner. J'esp\u00e8re que vous, lecteur, prendrez autant de plaisir \u00e0 lire ces po\u00e8mes, que nous avons eu de difficult\u00e9s, m\u00eal\u00e9es de doutes, mais souvent aussi de jubilation, \u00e0 les s\u00e9lectionner.\r","authors":["Collectif"],"category_codes":["1000000","1090000"],"visuals":{"large":"https:\/\/images.epagine.fr\/992\/9782352080992_1_75.jpg","medium":"https:\/\/images.epagine.fr\/992\/9782352080992_1_m.jpg","thumbnail":"https:\/\/images.epagine.fr\/992\/9782352080992_1_v.jpg"},"orderable":true,"show_badge":true,"formatted_price":"15,00&nbsp;\u20ac","formatted_published_date":"11 septembre 2012","publisher_availability_label":"Sur commande","short_details":"Collectif \u2014 Bord Du Lot","translator":null,"weight":125,"page_count":null,"readership":null,"editor":"Bord Du Lot","price":1500,"published_date":"2012-09-10T22:00:00.000000Z","support":"Grand format","publisher_availability":1,"stock":0,"editions":[],"url":"https:\/\/quaidesbrumes.com\/ouvrage\/9782352080992\/comme-un-bouquet-de-printemps"},{"id":"9782940393183","title":"The soul sings, songs to the sweet divine mother","description":"The Soul singsThe world knows him as a poet, sage, Yogi, patriot, universalist and a spiritual socialist. His soul sings in these songs. He realized God by intuitive fervour in his fifth year and bloomed into a seer-poet. Purnananda, Jnana Siddha, Sai Baba, Siddharuda, Ramana Maharishi and Sri Aurobindo; Tagore, Gandhiji, Tilak and V. V. S. Ayyar influenced his life and muse. By a self-gathered silence and tenth-plane trance of twenty-five years, the Yogi attained Godhood and directed his Cosmic Energy towards the inner- awakening of humanity. He wrote books in Tamil, English, Hindi, Telugu, French and Sanskrit. The Bharata Shakti (The Epic of Supermen) works out his great ideal of One Humanity living in communion with One God in one transformed world under the canopy of heaven. He travelled all over the world with this ideal of Spiritual Socialism. His Yoga Samaj is a calm and pure centre of Sama Yoga. He offers the fruit of his labour to God in humanity and is free like the wind unattached to material things. May all live in the joy and peace of Sama Yoga.Kavi Yogi Shuddhananda Bharati spent all his life in inner communion and song-offering. The Soul sings is a collection of his songs sparked out of his deep divine intuition.These songs have the power to awaken the divinity in your heart; sing or read them with faith and fervour and you will have peace, bliss, light and energy.It is a real pleasure for me to present The Soul sings to you. Thank you, Dr. Shuddhananda Bharati for having transmitted The Soul sings to us. The first edition of this book is not mentioned. With the blessing of Aum Shuddha Shakti.Editions ASSA, Christian Piaget","authors":["Shuddhananda Bharati"],"category_codes":["1000000","1090000","1090600"],"visuals":{"large":"https:\/\/images.epagine.fr\/183\/9782940393183_1_75.jpg","medium":"https:\/\/images.epagine.fr\/183\/9782940393183_1_m.jpg","thumbnail":"https:\/\/images.epagine.fr\/183\/9782940393183_1_v.jpg"},"orderable":true,"show_badge":true,"formatted_price":"13,00&nbsp;\u20ac","formatted_published_date":"19 septembre 2010","publisher_availability_label":"Sur commande","short_details":"Shuddhananda Bharati \u2014 Assa","translator":null,"weight":150,"page_count":null,"readership":null,"editor":"Assa","price":1300,"published_date":"2010-09-18T22:00:00.000000Z","support":"Grand format","publisher_availability":1,"stock":0,"editions":[],"url":"https:\/\/quaidesbrumes.com\/ouvrage\/9782940393183\/the-soul-sings-songs-to-the-sweet-divine-mother"},{"id":"9782952372763","title":"Une saison \u00e0 l'envers","description":null,"authors":["Pierlyce"],"category_codes":["1000000","1090000"],"visuals":{"large":"https:\/\/quaidesbrumes.com\/img\/book-placeholder.png","medium":"https:\/\/quaidesbrumes.com\/img\/book-placeholder.png","thumbnail":"https:\/\/quaidesbrumes.com\/img\/book-placeholder.png"},"orderable":true,"show_badge":true,"formatted_price":"13,00&nbsp;\u20ac","formatted_published_date":"31 janvier 2007","publisher_availability_label":"Sur commande","short_details":"Pierlyce \u2014 Vermifuge","translator":null,"weight":200,"page_count":139,"readership":null,"editor":"Vermifuge","price":1300,"published_date":"2007-01-30T23:00:00.000000Z","support":"Grand format","publisher_availability":1,"stock":0,"editions":[],"url":"https:\/\/quaidesbrumes.com\/ouvrage\/9782952372763\/une-saison-a-lenvers"},{"id":"9782874596995","title":"Les mots comme ils viennent","description":null,"authors":["Nathalie d. Druant"],"category_codes":["1000000","1090000"],"visuals":{"large":"https:\/\/quaidesbrumes.com\/img\/book-placeholder.png","medium":"https:\/\/quaidesbrumes.com\/img\/book-placeholder.png","thumbnail":"https:\/\/quaidesbrumes.com\/img\/book-placeholder.png"},"orderable":true,"show_badge":true,"formatted_price":"9,30&nbsp;\u20ac","formatted_published_date":"23 d\u00e9cembre 2012","publisher_availability_label":"Sur commande","short_details":"Nathalie d. Druant \u2014 Chloe Des Lys","translator":null,"weight":50,"page_count":null,"readership":null,"editor":"Chloe Des Lys","price":930,"published_date":"2012-12-22T23:00:00.000000Z","support":"Grand format","publisher_availability":1,"stock":0,"editions":[],"url":"https:\/\/quaidesbrumes.com\/ouvrage\/9782874596995\/les-mots-comme-ils-viennent"},{"id":"9782851230140","title":"La nacre du sel","description":null,"authors":["Jo\u00eb Bousquet"],"category_codes":["1000000","1090000","1090600"],"visuals":{"large":"https:\/\/quaidesbrumes.com\/img\/book-placeholder.png","medium":"https:\/\/quaidesbrumes.com\/img\/book-placeholder.png","thumbnail":"https:\/\/quaidesbrumes.com\/img\/book-placeholder.png"},"orderable":true,"show_badge":true,"formatted_price":"15,00&nbsp;\u20ac","formatted_published_date":"27 novembre 2020","publisher_availability_label":"Sur commande","short_details":"Jo\u00eb Bousquet \u2014 Liber Mirabilis","translator":null,"weight":250,"page_count":null,"readership":null,"editor":"Liber Mirabilis","price":1500,"published_date":"2020-11-26T23:00:00.000000Z","support":"Grand format","publisher_availability":1,"stock":0,"editions":[],"url":"https:\/\/quaidesbrumes.com\/ouvrage\/9782851230140\/la-nacre-du-sel"}]}