{"data":[{"id":"9782917826133","title":"La malangue","description":null,"authors":["Yannick Torlini"],"category_codes":["1000000","1090000"],"visuals":{"large":"https:\/\/quaidesbrumes.com\/img\/book-placeholder.png","medium":"https:\/\/quaidesbrumes.com\/img\/book-placeholder.png","thumbnail":"https:\/\/quaidesbrumes.com\/img\/book-placeholder.png"},"orderable":true,"show_badge":true,"formatted_price":"11,00&nbsp;\u20ac","formatted_published_date":"21 septembre 2012","publisher_availability_label":"Sur commande","short_details":"Yannick Torlini \u2014 Vermifuge","translator":null,"weight":130,"page_count":null,"readership":null,"editor":"Vermifuge","price":1100,"published_date":"2012-09-20T22:00:00.000000Z","support":"Grand format","publisher_availability":1,"stock":0,"editions":[],"url":"https:\/\/quaidesbrumes.com\/ouvrage\/9782917826133\/la-malangue"},{"id":"9782296566651","title":"A la pointe noire du temps ; un po\u00e8me documentaire en R\u00e9publique du Congo","description":"Ils sont neuf. Ils ont entre vingt et trente-cinq ans. Ils vivent \u00e0 Pointe Noire, Congo Brazzaville. Ils slament, ils bossent, ils gal\u00e8rent, ils se battent, eau et \u00e9lectricit\u00e9 intermittentes, d\u00e9chetteries \u00e0 ciel ouvert. Ils ont la passion des mots, la soif d'une litt\u00e9rature qui est pass\u00e9e par Tchicaya U Tam'si, Sony Labou Tancy et d'autres. Ils regardent la France avec acuit\u00e9, ils jugent, ils cr\u00e9ent, ils interpellent le coeur du monde.\r","authors":["Collectif"],"category_codes":["1000000","1090000"],"visuals":{"large":"https:\/\/images.epagine.fr\/651\/9782296566651_1_75.jpg","medium":"https:\/\/images.epagine.fr\/651\/9782296566651_1_m.jpg","thumbnail":"https:\/\/images.epagine.fr\/651\/9782296566651_1_v.jpg"},"orderable":true,"show_badge":true,"formatted_price":"13,00&nbsp;\u20ac","formatted_published_date":"23 d\u00e9cembre 2011","publisher_availability_label":"Sur commande","short_details":"Collectif \u2014 \u00c9ditions L'Harmattan","translator":null,"weight":155,"page_count":114,"readership":null,"editor":"\u00c9ditions L'Harmattan","price":1300,"published_date":"2011-12-22T23:00:00.000000Z","support":"Grand format","publisher_availability":1,"stock":0,"editions":[],"url":"https:\/\/quaidesbrumes.com\/ouvrage\/9782296566651\/a-la-pointe-noire-du-temps-un-poeme-documentaire-en-republique-du-congo"},{"id":"9782847123234","title":"Bestioles et babioles","description":"Elabor\u00e9es pour les ateliers d'\u00e9criture en milieu scolaire dirig\u00e9s  par l'auteur, les petites fables r\u00e9unies ici ont \u00e9t\u00e9 s\u00e9lectionn\u00e9es  par les enfants eux-m\u00eames. On y croisera aussi bien un petit  cochon en voyage qu'un pot \u00e0 lait, un fant\u00f4me ou un grand- p\u00e8re dans son jardin. Une farandole d'animaux singuliers et  d'objets h\u00e9t\u00e9roclites pour s'initier \u00e0 la po\u00e9sie.\r","authors":["Roland Marx"],"category_codes":["1000000","1090000"],"visuals":{"large":"https:\/\/images.epagine.fr\/234\/9782847123234_1_75.jpg","medium":"https:\/\/images.epagine.fr\/234\/9782847123234_1_m.jpg","thumbnail":"https:\/\/images.epagine.fr\/234\/9782847123234_1_v.jpg"},"orderable":true,"show_badge":true,"formatted_price":"8,00&nbsp;\u20ac","formatted_published_date":"19 d\u00e9cembre 2011","publisher_availability_label":"Sur commande","short_details":"Roland Marx \u2014 Petit Pave","translator":null,"weight":60,"page_count":null,"readership":null,"editor":"Petit Pave","price":800,"published_date":"2011-12-18T23:00:00.000000Z","support":"Grand format","publisher_availability":1,"stock":0,"editions":[],"url":"https:\/\/quaidesbrumes.com\/ouvrage\/9782847123234\/bestioles-et-babioles"},{"id":"9782296990784","title":"Demain l'Afrique","description":"Selon l'auteur, la po\u00e9sie doit \u00eatre au service de l'homme, au service de la soci\u00e9t\u00e9. Elle est non seulement mise en forme de langue, mais aussi d'expression de soi et de lib\u00e9ration de ses ressentiments.\r\nPour lui, la parole est lib\u00e9ratrice. Cette soif de libert\u00e9 se traduit m\u00eame dans les formes scripturales que le po\u00e8te, dans ce recueil, affranchit des normes trop contraignantes de la po\u00e9sie classique.\r","authors":["Charles Le grand tchagn\u00e9no t\u00e9n\u00e9"],"category_codes":["1000000","1090000"],"visuals":{"large":"https:\/\/images.epagine.fr\/784\/9782296990784_1_75.jpg","medium":"https:\/\/images.epagine.fr\/784\/9782296990784_1_m.jpg","thumbnail":"https:\/\/images.epagine.fr\/784\/9782296990784_1_v.jpg"},"orderable":true,"show_badge":true,"formatted_price":"13,50&nbsp;\u20ac","formatted_published_date":"21 juin 2012","publisher_availability_label":"Sur commande","short_details":"Charles Le grand tchagn\u00e9no t\u00e9n\u00e9 \u2014 \u00c9ditions L'Harmattan","translator":null,"weight":150,"page_count":116,"readership":null,"editor":"\u00c9ditions L'Harmattan","price":1350,"published_date":"2012-06-20T22:00:00.000000Z","support":"Grand format","publisher_availability":1,"stock":0,"editions":[],"url":"https:\/\/quaidesbrumes.com\/ouvrage\/9782296990784\/demain-lafrique"},{"id":"9782844182395","title":"Le passage des chats","description":"Le passage des chats s'inscrit dans la continuit\u00e9 de Plume, lettre \u00e0 un chat disparu. La vie a donn\u00e9 une suite \u00e0 une histoire que l'auteur croyait termin\u00e9e par la mort. Voici d'autres rencontres, d'autres pr\u00e9sences f\u00e9lines. Eph\u00e9m\u00e8res ou durables. Des portraits croqu\u00e9s avec tendresse et humour. Ce nouveau livre est construit comme une chati\u00e8re, qui permet le passage de l'int\u00e9rieur vers l'ext\u00e9rieur. Dedans, dehors. Deux univers s\u00e9par\u00e9s. Dedans, le monde des chats choy\u00e9s, dans le confort des appartements. Dehors, le domaine des chats des rues, \u00e0 la recherche de nourriture et de protection.\r\nLe passage des chats \u00e9voque aussi la fuite de nos ann\u00e9es, sur laquelle nous n'avons pas de prise. A moins de suivre la voie des chats, qui savent vivre pleinement l'instant pr\u00e9sent.\r","authors":["Claude Ansgari"],"category_codes":["1000000","1090000"],"visuals":{"large":"https:\/\/images.epagine.fr\/395\/9782844182395_1_75.jpg","medium":"https:\/\/images.epagine.fr\/395\/9782844182395_1_m.jpg","thumbnail":"https:\/\/images.epagine.fr\/395\/9782844182395_1_v.jpg"},"orderable":true,"show_badge":true,"formatted_price":"13,00&nbsp;\u20ac","formatted_published_date":"20 octobre 2011","publisher_availability_label":"Sur commande","short_details":"Claude Ansgari \u2014 La Part Commune","translator":null,"weight":126,"page_count":96,"readership":null,"editor":"La Part Commune","price":1300,"published_date":"2011-10-19T22:00:00.000000Z","support":"Grand format","publisher_availability":1,"stock":0,"editions":[],"url":"https:\/\/quaidesbrumes.com\/ouvrage\/9782844182395\/le-passage-des-chats"},{"id":"9782312080451","title":"Silence[s] : dessins et po\u00e8mes","description":"Entre le ciel et la terre, il y a tant de bruits qui emplissent mon esprit, masquent le silence et me coupent de la vie. Pourtant un souffle pur et fort traverse mon corps, emplit mes poumons et aussi tout mon coeur. Il me relie \u00e0 l'autre comme au monde entier.\r\nLes mots, les images, la po\u00e9sie sont autant d'instants entre lesquels ce soupir prend corps.\r","authors":["Anne Vernes"],"category_codes":["1000000","1090000"],"visuals":{"large":"https:\/\/images.epagine.fr\/451\/9782312080451_1_75.jpg","medium":"https:\/\/images.epagine.fr\/451\/9782312080451_1_m.jpg","thumbnail":"https:\/\/images.epagine.fr\/451\/9782312080451_1_v.jpg"},"orderable":true,"show_badge":true,"formatted_price":"19,00&nbsp;\u20ac","formatted_published_date":"20 avril 2021","publisher_availability_label":"Sur commande","short_details":"Anne Vernes \u2014 Editions du Net","translator":null,"weight":150,"page_count":84,"readership":null,"editor":"Editions du Net","price":1900,"published_date":"2021-04-19T22:00:00.000000Z","support":"Grand format","publisher_availability":1,"stock":0,"editions":[],"url":"https:\/\/quaidesbrumes.com\/ouvrage\/9782312080451\/silences-dessins-et-poemes"},{"id":"9782368681473","title":"CDI-c\u00e9libataire \u00e0 dur\u00e9e indetermin\u00e9e","description":"C\u00e9libataire \u00e0 Dur\u00e9e Ind\u00e9termin\u00e9e\r\n\r\nJe suis un c\u00e9libataire, aust\u00e8re, et sans int\u00e9r\u00eat.\r\nC'est clair et net, c'est l'agence pour l'\u00e9moi qui me l'a d\u00e9clar\u00e9.\r\nJ'ai pourtant pr\u00e9sent\u00e9 mon \u00ab coeuriculum vid\u00e9 \u00bb, ma lettre d'\u00e9motive action,\r\nCela n'a pas suffi. Pour plaire aujourd'hui, il faut \u00eatre surdipl\u00f4m\u00e9 en cale\u00e7on.\r\nJ'ai parcouru les virtuelles discussions, j'ai \u00e9puis\u00e9 les rep\u00e8res de boissons\r\nPour finalement me retrouver en t\u00eate-\u00e0-t\u00eate avec ma d\u00e9sillusion.\r\nPourtant je pers\u00e9v\u00e8re, ma m\u00e9moire de Cyprin Dor\u00e9 \u00e9tant ma douce alli\u00e9e ;\r\nJe suis la quotidienne victime d'une amn\u00e9sique r\u00e9gularit\u00e9.\r\nAu fond je pense ne pas \u00eatre le seul, au coeur sans \u00e9cho.\r\nCe muscle s'emballe dans ma poitrine, \u00e0 douze sur l'\u00e9chelle de Beaufort\r\nComme s'il voulait s'en extraire, mais les bars sont si sonores\r\nQue cette tachycardie est inaudible des t\u00e9tonni\u00e8res bimbos.","authors":["Gilles Poulanges"],"category_codes":["1000000","1090000","1090600"],"visuals":{"large":"https:\/\/images.epagine.fr\/473\/9782368681473_1_75.jpg","medium":"https:\/\/images.epagine.fr\/473\/9782368681473_1_m.jpg","thumbnail":"https:\/\/images.epagine.fr\/473\/9782368681473_1_v.jpg"},"orderable":true,"show_badge":true,"formatted_price":"12,00&nbsp;\u20ac","formatted_published_date":"23 octobre 2014","publisher_availability_label":"Sur commande","short_details":"Gilles Poulanges \u2014 Stellamaris","translator":null,"weight":85,"page_count":52,"readership":null,"editor":"Stellamaris","price":1200,"published_date":"2014-10-22T22:00:00.000000Z","support":"Grand format","publisher_availability":1,"stock":0,"editions":[],"url":"https:\/\/quaidesbrumes.com\/ouvrage\/9782368681473\/cdi-celibataire-a-duree-indeterminee"},{"id":"9782312028095","title":"Morceaux de clown","description":"Ce livre est un recueil de po\u00e9sie qui s'articule comme un num\u00e9ro de cirque. J'ai choisi le clown parce qu'il a toute la palette des \u00e9motions en lui et qu'il touche tout le monde. C'est un clown d\u00e9butant qui s'applique \u00e0 faire son num\u00e9ro correctement puis il prend de l'assurance et se lance dans son num\u00e9ro avec plus de libert\u00e9.\r","authors":["Le petit clown"],"category_codes":["1000000","1090000"],"visuals":{"large":"https:\/\/images.epagine.fr\/095\/9782312028095_1_75.jpg","medium":"https:\/\/images.epagine.fr\/095\/9782312028095_1_m.jpg","thumbnail":"https:\/\/images.epagine.fr\/095\/9782312028095_1_v.jpg"},"orderable":true,"show_badge":true,"formatted_price":"15,00&nbsp;\u20ac","formatted_published_date":"27 ao\u00fbt 2014","publisher_availability_label":"Sur commande","short_details":"Le petit clown \u2014 Editions du Net","translator":null,"weight":380,"page_count":212,"readership":null,"editor":"Editions du Net","price":1500,"published_date":"2014-08-26T22:00:00.000000Z","support":"Grand format","publisher_availability":1,"stock":0,"editions":[],"url":"https:\/\/quaidesbrumes.com\/ouvrage\/9782312028095\/morceaux-de-clown"},{"id":"9791090150263","title":"Po\u00e9sies","description":"La nature avait l'opacit\u00e9 des jours gris,\r\nDes jours sans surprise, ceux qui rendent aigri.\r\nLa fin de l'hiver, sa qui\u00e9tude indicible,\r\nApaisa lentement mes r\u00eaves irascibles.\r\n\r\nLa pierre vieillie inspirait la paix ;\r\nSilence surpr\u00e9sent : l'air en \u00e9tait \u00e9pais.\r\nDes points bleus ponctuaient le ciel gris lasure\r\nQui se d\u00e9ployait au-dessus de la masure.\r\n\r\nQuelques perces-neiges montraient leurs \u00e9tamines\r\nPour \u00e9gayer de ce monde la morne mine.\r\nPas un son, pas la petite voix d'un oiseau\r\n\r\nNe venait troubler le silence des roseaux.\r\nLa fin de l'hiver, ce tendre moment de tr\u00eave,\r\nMe poussa en avant au tr\u00e9fonds de mes r\u00eaves.","authors":["Keran Wall"],"category_codes":["1000000","1090000"],"visuals":{"large":"https:\/\/images.epagine.fr\/263\/9791090150263_1_75.jpg","medium":"https:\/\/images.epagine.fr\/263\/9791090150263_1_m.jpg","thumbnail":"https:\/\/images.epagine.fr\/263\/9791090150263_1_v.jpg"},"orderable":true,"show_badge":true,"formatted_price":"14,00&nbsp;\u20ac","formatted_published_date":"25 juillet 2012","publisher_availability_label":"Sur commande","short_details":"Keran Wall \u2014 Stellamaris","translator":null,"weight":183,"page_count":145,"readership":null,"editor":"Stellamaris","price":1400,"published_date":"2012-07-24T22:00:00.000000Z","support":"Grand format","publisher_availability":1,"stock":0,"editions":[],"url":"https:\/\/quaidesbrumes.com\/ouvrage\/9791090150263\/poesies"},{"id":"9782364970069","title":"Instants et poemes","description":null,"authors":["Jeannine David"],"category_codes":["1000000","1090000"],"visuals":{"large":"https:\/\/quaidesbrumes.com\/img\/book-placeholder.png","medium":"https:\/\/quaidesbrumes.com\/img\/book-placeholder.png","thumbnail":"https:\/\/quaidesbrumes.com\/img\/book-placeholder.png"},"orderable":true,"show_badge":true,"formatted_price":"38,00&nbsp;\u20ac","formatted_published_date":"6 mars 2011","publisher_availability_label":"Sur commande","short_details":"Jeannine David \u2014 Am Communication","translator":null,"weight":664,"page_count":null,"readership":null,"editor":"Am Communication","price":3800,"published_date":"2011-03-05T23:00:00.000000Z","support":"Grand format","publisher_availability":1,"stock":0,"editions":[],"url":"https:\/\/quaidesbrumes.com\/ouvrage\/9782364970069\/instants-et-poemes"},{"id":"9782296549425","title":"Guide de lieux inexistants","description":"Ce nouveau recueil de po\u00e9sie de Jos\u00e9 Maria Paz Gago approfondit son univers po\u00e9tique personnel o\u00f9 les sc\u00e9nographies se construisent \u00e0 travers l'\u00e9ducation imaginaire et litt\u00e9raire, amoureuse ou \u00e9rotique, festive et presque toujours joyeuse.Basilio R. Canada, pr\u00e9sident du PEN Club d'Espagne\r","authors":["Jose Maria Paz Gago","Jeanne Marie"],"category_codes":["1000000","1090000"],"visuals":{"large":"https:\/\/images.epagine.fr\/425\/9782296549425_1_75.jpg","medium":"https:\/\/images.epagine.fr\/425\/9782296549425_1_m.jpg","thumbnail":"https:\/\/images.epagine.fr\/425\/9782296549425_1_v.jpg"},"orderable":true,"show_badge":true,"formatted_price":"12,00&nbsp;\u20ac","formatted_published_date":"6 mai 2011","publisher_availability_label":"Sur commande","short_details":"Jose Maria Paz Gago, Jeanne Marie \u2014 \u00c9ditions L'Harmattan","translator":"JEANNE MARIE","weight":120,"page_count":92,"readership":null,"editor":"\u00c9ditions L'Harmattan","price":1200,"published_date":"2011-05-05T22:00:00.000000Z","support":"Grand format","publisher_availability":1,"stock":0,"editions":[],"url":"https:\/\/quaidesbrumes.com\/ouvrage\/9782296549425\/guide-de-lieux-inexistants"},{"id":"9782296545373","title":"Exsangue","description":"Peinture musicale de la douleur d'\u00eatre \u00e0 l'h\u00f4pital pourrait d\u00e9crire ce recueil, o\u00f9 le titre Exsangue nous convie d\u00e9j\u00e0 \u00e0 une extirpation de l'auteur \u00e0 sa vie propre pour se glisser dans ses personnages. Extirpation de la couleur r\u00e9elle quand le vert repr\u00e9sente la mort, Mon petit Jockey est le texte qui relie le plus \u00e0 ses livres pr\u00e9c\u00e9dents ; Rosemay Nivard nous parle encore d'une musique qu'elle essaie de comprendre et qu'elle qualifie d'\u00e9trange, celle de la vie et de son sens.\r","authors":["Rosemay Nivard"],"category_codes":["1000000","1090000"],"visuals":{"large":"https:\/\/images.epagine.fr\/373\/9782296545373_1_75.jpg","medium":"https:\/\/images.epagine.fr\/373\/9782296545373_1_m.jpg","thumbnail":"https:\/\/images.epagine.fr\/373\/9782296545373_1_v.jpg"},"orderable":true,"show_badge":true,"formatted_price":"9,00&nbsp;\u20ac","formatted_published_date":"5 avril 2011","publisher_availability_label":"Sur commande","short_details":"Rosemay Nivard \u2014 \u00c9ditions L'Harmattan","translator":null,"weight":75,"page_count":48,"readership":null,"editor":"\u00c9ditions L'Harmattan","price":900,"published_date":"2011-04-04T22:00:00.000000Z","support":"Grand format","publisher_availability":1,"stock":0,"editions":[],"url":"https:\/\/quaidesbrumes.com\/ouvrage\/9782296545373\/exsangue"},{"id":"9782296962576","title":"Je ne mourrai pas avant le printemps","description":"Au-del\u00e0 de l'\u00e9vocation fun\u00e8bre de la mort, c'est la juv\u00e9nilit\u00e9 triomphale, la vigueur de la vie, dont le printemps est m\u00e9taphore, qui est ici chant\u00e9e. En incarnant le cycle de la nature, le po\u00e8me se veut aussi le fruit d'une lente maturation. Evoquant le silence, la nuit, l'absence, la blessure... ce recueil se veut d'abord un hymne \u00e0 l'\u00e9criture et \u00e0 son insoluble paradoxe. Car le don du chant qui lib\u00e8re la parole et exalte la vie lui-m\u00eame nous captive et enferme, jalousement.\r","authors":["Abdelghani Fennane"],"category_codes":["1000000","1090000"],"visuals":{"large":"https:\/\/images.epagine.fr\/576\/9782296962576_1_75.jpg","medium":"https:\/\/images.epagine.fr\/576\/9782296962576_1_m.jpg","thumbnail":"https:\/\/images.epagine.fr\/576\/9782296962576_1_v.jpg"},"orderable":true,"show_badge":true,"formatted_price":"11,00&nbsp;\u20ac","formatted_published_date":"25 juin 2012","publisher_availability_label":"Sur commande","short_details":"Abdelghani Fennane \u2014 \u00c9ditions L'Harmattan","translator":null,"weight":85,"page_count":60,"readership":null,"editor":"\u00c9ditions L'Harmattan","price":1100,"published_date":"2012-06-24T22:00:00.000000Z","support":"Grand format","publisher_availability":1,"stock":0,"editions":[],"url":"https:\/\/quaidesbrumes.com\/ouvrage\/9782296962576\/je-ne-mourrai-pas-avant-le-printemps"},{"id":"9782874596247","title":"\u00eatre et aimer","description":"Comment dissocier \u00catre et Aimer ? Personne ne le peut. Pourtant, d\u00e8s les premi\u00e8res pages, le lecteur s'interroge et s'interpelle. Un miroir sans scrupule se dessine et d\u00e9cime la dualit\u00e9 entre le corps et l'\u00e2me. Et partout, l'espoir na\u00eet du questionnement, l'amour s'enlace \u00e0 l'\u00eatre pour ne former qu'un tout qui s'illumine face \u00e0 soi.  Alors . la magie s'op\u00e8re et se perd \u00e0 esp\u00e9rer au m\u00e9lange des anges et des genres, sans fausse note. Un d\u00e9lice qui s'immisce et qui reste grav\u00e9 dans le coeur de nos vies.\r","authors":["Max de Backer"],"category_codes":["1000000","1090000"],"visuals":{"large":"https:\/\/images.epagine.fr\/247\/9782874596247_1_75.jpg","medium":"https:\/\/images.epagine.fr\/247\/9782874596247_1_m.jpg","thumbnail":"https:\/\/images.epagine.fr\/247\/9782874596247_1_v.jpg"},"orderable":true,"show_badge":true,"formatted_price":"15,00&nbsp;\u20ac","formatted_published_date":"26 avril 2012","publisher_availability_label":"Sur commande","short_details":"Max de Backer \u2014 Chloe Des Lys","translator":null,"weight":138,"page_count":98,"readership":null,"editor":"Chloe Des Lys","price":1500,"published_date":"2012-04-25T22:00:00.000000Z","support":"Grand format","publisher_availability":1,"stock":0,"editions":[],"url":"https:\/\/quaidesbrumes.com\/ouvrage\/9782874596247\/etre-et-aimer"},{"id":"9782332772541","title":"La for\u00eat invisible ; po\u00e9sie et ha\u00efkus libres","description":"\u00ab Fruit, tu portes en toi un arbre \/ Et le mien se r\u00e9jouit \/ De te savoir au monde \/ Aux heures perdues \/ Des mots blancs comme des cailloux \/ Dans la for\u00eat invisible \u00bb \/\r","authors":["Myriam Chevron"],"category_codes":["1000000","1090000"],"visuals":{"large":"https:\/\/images.epagine.fr\/541\/9782332772541_1_75.jpg","medium":"https:\/\/images.epagine.fr\/541\/9782332772541_1_m.jpg","thumbnail":"https:\/\/images.epagine.fr\/541\/9782332772541_1_v.jpg"},"orderable":true,"show_badge":true,"formatted_price":"9,50&nbsp;\u20ac","formatted_published_date":"17 septembre 2014","publisher_availability_label":"Sur commande","short_details":"Myriam Chevron \u2014 Edilivre","translator":null,"weight":125,"page_count":52,"readership":null,"editor":"Edilivre","price":950,"published_date":"2014-09-16T22:00:00.000000Z","support":"Grand format","publisher_availability":1,"stock":0,"editions":[],"url":"https:\/\/quaidesbrumes.com\/ouvrage\/9782332772541\/la-foret-invisible-poesie-et-haikus-libres"},{"id":"9782810619030","title":"Po\u00e8tes du Gers et d'ailleurs ; dialoguer en po\u00e9sie ; recueil de po\u00e8mes 2010","description":"\u00ab Chose promise, chose due \u00bb dit un vieux proverbe. Depuis plusieurs mois, pour ne pas dire un an, le projet d'une publication de po\u00e8mes nouvellement jaillis de la plume de nos fid\u00e8les amis inspir\u00e9s par la Muse, \u00e9tait dans l'air, \u00e0 Dialoguer en Po\u00e9sie.\r","authors":["Collectif"],"category_codes":["1000000","1090000"],"visuals":{"large":"https:\/\/images.epagine.fr\/030\/9782810619030_1_75.jpg","medium":"https:\/\/images.epagine.fr\/030\/9782810619030_1_m.jpg","thumbnail":"https:\/\/images.epagine.fr\/030\/9782810619030_1_v.jpg"},"orderable":true,"show_badge":true,"formatted_price":"16,00&nbsp;\u20ac","formatted_published_date":"24 septembre 2010","publisher_availability_label":"Sur commande","short_details":"Collectif \u2014 Books on Demand","translator":null,"weight":401,"page_count":236,"readership":null,"editor":"Books on Demand","price":1600,"published_date":"2010-09-23T22:00:00.000000Z","support":"Grand format","publisher_availability":1,"stock":0,"editions":[],"url":"https:\/\/quaidesbrumes.com\/ouvrage\/9782810619030\/poetes-du-gers-et-dailleurs-dialoguer-en-poesie-recueil-de-poemes-2010"},{"id":"9782849541296","title":"Le raisin des ours","description":null,"authors":["Ile Eniger"],"category_codes":["1000000","1090000"],"visuals":{"large":"https:\/\/quaidesbrumes.com\/img\/book-placeholder.png","medium":"https:\/\/quaidesbrumes.com\/img\/book-placeholder.png","thumbnail":"https:\/\/quaidesbrumes.com\/img\/book-placeholder.png"},"orderable":true,"show_badge":true,"formatted_price":"13,50&nbsp;\u20ac","formatted_published_date":"29 octobre 2013","publisher_availability_label":"Sur commande","short_details":"Ile Eniger \u2014 Chemins De Plume","translator":null,"weight":110,"page_count":null,"readership":null,"editor":"Chemins De Plume","price":1350,"published_date":"2013-10-28T23:00:00.000000Z","support":"Grand format","publisher_availability":1,"stock":0,"editions":[],"url":"https:\/\/quaidesbrumes.com\/ouvrage\/9782849541296\/le-raisin-des-ours"},{"id":"9782810621958","title":"Fort, utile et beau","description":"L'oeuvre de Christina Goh est bien \u00e0 son image : sans d\u00e9tours, sobre, avec cette finesse toute particuli\u00e8re qui nous en apprend toujours plus... Sur nos vies. \r\nSes confidences po\u00e9tiques nous plongent au coeur de nos dilemmes et nous ram\u00e8nent toujours \u00e0 bon port.\r\nOn en redemande !\r","authors":["Christina Goh"],"category_codes":["1000000","1090000"],"visuals":{"large":"https:\/\/images.epagine.fr\/958\/9782810621958_1_75.jpg","medium":"https:\/\/images.epagine.fr\/958\/9782810621958_1_m.jpg","thumbnail":"https:\/\/images.epagine.fr\/958\/9782810621958_1_v.jpg"},"orderable":true,"show_badge":true,"formatted_price":"6,90&nbsp;\u20ac","formatted_published_date":"18 ao\u00fbt 2011","publisher_availability_label":"Sur commande","short_details":"Christina Goh \u2014 Books on Demand","translator":null,"weight":70,"page_count":null,"readership":null,"editor":"Books on Demand","price":690,"published_date":"2011-08-17T22:00:00.000000Z","support":"Grand format","publisher_availability":1,"stock":0,"editions":[],"url":"https:\/\/quaidesbrumes.com\/ouvrage\/9782810621958\/fort-utile-et-beau"},{"id":"9782354853587","title":"Les grands commencements","description":"Bulldozers. Cadavres par monceaux align\u00e9s.\r\n\r\nBuchenwald 1945. Photos, jet\u00e9es sur mon pupitre :\r\n\r\n\u00ab Tiens, regarde-le bien ! Le voil\u00e0, ton p\u00e8re ! \u00bb... Je ris, ils me regardent, j\u00b4ai peur.\r\n\r\nChez nous, notre pain quotidien, c\u00b4\u00e9tait ses torgnoles !\r\n\r\nM\u00e8re... en silence... \u00ab sublimait \u00bb !\r\n\r\nDe mes sapins au Harrar, jamais ne suis all\u00e9 au bout de mes chemins ; de chute en chute, la m\u00eame m\u00e9lodie ;\r\n\r\nToujours, cascades folles et perverses, jusqu\u00b4\u00e0 ce Bleu dans les lointains.\r\n\r\nDans mes d\u00e9rades... Bethsab\u00e9e a su m\u00b4arr\u00eater.\r\n\r\nFille des Cara\u00efbes, \u00e0 mes c\u00f4t\u00e9s, dans les ressacs, sous les tornades, Bethsab\u00e9e est rest\u00e9e.\r\n\r\nReluit, profond, nos jardins saccag\u00e9s, l\u00b4or tranquille de ses yeux.\r","authors":["Jean-michel Chavin"],"category_codes":["1000000","1090000"],"visuals":{"large":"https:\/\/images.epagine.fr\/587\/9782354853587_1_75.jpg","medium":"https:\/\/images.epagine.fr\/587\/9782354853587_1_m.jpg","thumbnail":"https:\/\/images.epagine.fr\/587\/9782354853587_1_v.jpg"},"orderable":true,"show_badge":true,"formatted_price":"20,00&nbsp;\u20ac","formatted_published_date":"1er janvier 2013","publisher_availability_label":"Sur commande","short_details":"Jean-michel Chavin \u2014 JETS D'ENCRE","translator":null,"weight":250,"page_count":null,"readership":null,"editor":"JETS D'ENCRE","price":2000,"published_date":"2012-12-31T23:00:00.000000Z","support":"Grand format","publisher_availability":1,"stock":0,"editions":[],"url":"https:\/\/quaidesbrumes.com\/ouvrage\/9782354853587\/les-grands-commencements"},{"id":"9782343041643","title":"\u00catres ou ne pas \u00eatre","description":"Ces pages aux r\u00e9flexions douces et am\u00e8res se voulaient intimes, mais voil\u00e0 qu'elles paraissent aujourd'hui vous apporter un t\u00e9moignage sur l'\u00e9volution et l'accompagnement d'un \u00eatre frapp\u00e9 par la maladie d'Alzheimer, maladie actuellement encore incurable.\r","authors":["Elda Von korff"],"category_codes":["1000000","1090000"],"visuals":{"large":"https:\/\/images.epagine.fr\/643\/9782343041643_1_75.jpg","medium":"https:\/\/images.epagine.fr\/643\/9782343041643_1_m.jpg","thumbnail":"https:\/\/images.epagine.fr\/643\/9782343041643_1_v.jpg"},"orderable":true,"show_badge":true,"formatted_price":"11,50&nbsp;\u20ac","formatted_published_date":"5 septembre 2014","publisher_availability_label":"Sur commande","short_details":"Elda Von korff \u2014 \u00c9ditions L'Harmattan","translator":null,"weight":100,"page_count":72,"readership":null,"editor":"\u00c9ditions L'Harmattan","price":1150,"published_date":"2014-09-04T22:00:00.000000Z","support":"Grand format","publisher_availability":1,"stock":0,"editions":[],"url":"https:\/\/quaidesbrumes.com\/ouvrage\/9782343041643\/etres-ou-ne-pas-etre"},{"id":"9791090932043","title":"Mon initiatrice","description":"Cette boite \u00e0 vers fera la confidence D'une racine de la f\u00e9minit\u00e9 Enfonc\u00e9e quelque part dans la distance Entre nos regards court-circuit\u00e9s.\r\n\r\nPuisse-t-elle ne jamais oublier La portion de temps partag\u00e9 En anges aux mains mouill\u00e9es, Loin du confort envisag\u00e9 !\r","authors":["St Antoine De La Vuadi"],"category_codes":["1000000","1090000"],"visuals":{"large":"https:\/\/images.epagine.fr\/043\/9791090932043_1_75.jpg","medium":"https:\/\/images.epagine.fr\/043\/9791090932043_1_m.jpg","thumbnail":"https:\/\/images.epagine.fr\/043\/9791090932043_1_v.jpg"},"orderable":true,"show_badge":true,"formatted_price":"10,00&nbsp;\u20ac","formatted_published_date":"16 d\u00e9cembre 2011","publisher_availability_label":"Sur commande","short_details":"St Antoine De La Vuadi \u2014 La Lettrine Culture","translator":null,"weight":100,"page_count":66,"readership":null,"editor":"La Lettrine Culture","price":1000,"published_date":"2011-12-15T23:00:00.000000Z","support":"Grand format","publisher_availability":1,"stock":0,"editions":[],"url":"https:\/\/quaidesbrumes.com\/ouvrage\/9791090932043\/mon-initiatrice"},{"id":"9782357800090","title":"Lumiere du tres peu","description":null,"authors":["Paul Godard"],"category_codes":["1000000","1090000"],"visuals":{"large":"https:\/\/quaidesbrumes.com\/img\/book-placeholder.png","medium":"https:\/\/quaidesbrumes.com\/img\/book-placeholder.png","thumbnail":"https:\/\/quaidesbrumes.com\/img\/book-placeholder.png"},"orderable":true,"show_badge":true,"formatted_price":"15,00&nbsp;\u20ac","formatted_published_date":"31 mai 2011","publisher_availability_label":"Sur commande","short_details":"Paul Godard \u2014 Domens","translator":null,"weight":178,"page_count":null,"readership":null,"editor":"Domens","price":1500,"published_date":"2011-05-30T22:00:00.000000Z","support":"Grand format","publisher_availability":1,"stock":0,"editions":[],"url":"https:\/\/quaidesbrumes.com\/ouvrage\/9782357800090\/lumiere-du-tres-peu"},{"id":"9782913040793","title":"Ficelle n 103 suite diderot - christian prigent & detlef baltrock","description":null,"authors":["Christian Prigent"],"category_codes":["1000000","1090000"],"visuals":{"large":"https:\/\/images.epagine.fr\/793\/9782913040793_1_75.jpg","medium":"https:\/\/images.epagine.fr\/793\/9782913040793_1_m.jpg","thumbnail":"https:\/\/images.epagine.fr\/793\/9782913040793_1_v.jpg"},"orderable":true,"show_badge":true,"formatted_price":"9,00&nbsp;\u20ac","formatted_published_date":"15 juillet 2011","publisher_availability_label":"Sur commande","short_details":"Christian Prigent \u2014 Atelier Vincent Rougier","translator":null,"weight":50,"page_count":null,"readership":null,"editor":"Atelier Vincent Rougier","price":900,"published_date":"2011-07-14T22:00:00.000000Z","support":"Grand format","publisher_availability":1,"stock":0,"editions":[],"url":"https:\/\/quaidesbrumes.com\/ouvrage\/9782913040793\/ficelle-n-103-suite-diderot-christian-prigent-detlef-baltrock"},{"id":"9782296122970","title":"Quand les fleurs se fanent ; po\u00e8mes et pens\u00e9es","description":"Quand les fleurs se fanent est un recueil de po\u00e8mes et de textes qui collent \u00e0 l'actualit\u00e9 du monde contemporain. Il passe en revue les grands probl\u00e8mes du monde moderne, \u00e0 savoir l'immigration, la pauvret\u00e9, la prostitution, l'\u00e9ducation en p\u00e9ril, le sida, la d\u00e9mocratie, la corruption...\r","authors":["Gabriel Ohandza"],"category_codes":["1000000","1090000"],"visuals":{"large":"https:\/\/images.epagine.fr\/970\/9782296122970_1_75.jpg","medium":"https:\/\/images.epagine.fr\/970\/9782296122970_1_m.jpg","thumbnail":"https:\/\/images.epagine.fr\/970\/9782296122970_1_v.jpg"},"orderable":true,"show_badge":true,"formatted_price":"12,00&nbsp;\u20ac","formatted_published_date":"9 juillet 2010","publisher_availability_label":"Sur commande","short_details":"Gabriel Ohandza \u2014 \u00c9ditions L'Harmattan","translator":null,"weight":100,"page_count":80,"readership":null,"editor":"\u00c9ditions L'Harmattan","price":1200,"published_date":"2010-07-08T22:00:00.000000Z","support":"Grand format","publisher_availability":1,"stock":0,"editions":[],"url":"https:\/\/quaidesbrumes.com\/ouvrage\/9782296122970\/quand-les-fleurs-se-fanent-poemes-et-pensees"}]}