{"data":[{"id":"9782357590236","title":"La danse du chacal","description":null,"authors":["Nasser-Edine Boucheqif"],"category_codes":["1000000","1090000"],"visuals":{"large":"https:\/\/images.epagine.fr\/236\/9782357590236_1_75.jpg","medium":"https:\/\/images.epagine.fr\/236\/9782357590236_1_m.jpg","thumbnail":"https:\/\/images.epagine.fr\/236\/9782357590236_1_v.jpg"},"orderable":true,"show_badge":true,"formatted_price":"13,00&nbsp;\u20ac","formatted_published_date":"10 f\u00e9vrier 2012","publisher_availability_label":"Sur commande","short_details":"Nasser-Edine Boucheqif \u2014 Alfabarre","translator":null,"weight":150,"page_count":130,"readership":null,"editor":"Alfabarre","price":1300,"published_date":"2012-02-09T23:00:00.000000Z","support":"Grand format","publisher_availability":1,"stock":0,"editions":[],"url":"https:\/\/quaidesbrumes.com\/ouvrage\/9782357590236\/la-danse-du-chacal"},{"id":"9782953425932","title":"Chaque fois l'eternite","description":null,"authors":["Roland Tixier"],"category_codes":["1000000","1090000"],"visuals":{"large":"https:\/\/quaidesbrumes.com\/img\/book-placeholder.png","medium":"https:\/\/quaidesbrumes.com\/img\/book-placeholder.png","thumbnail":"https:\/\/quaidesbrumes.com\/img\/book-placeholder.png"},"orderable":true,"show_badge":true,"formatted_price":"12,00&nbsp;\u20ac","formatted_published_date":"20 ao\u00fbt 2011","publisher_availability_label":"Sur commande","short_details":"Roland Tixier \u2014 Pont Du Change","translator":null,"weight":68,"page_count":null,"readership":null,"editor":"Pont Du Change","price":1200,"published_date":"2011-08-19T22:00:00.000000Z","support":"Grand format","publisher_availability":1,"stock":0,"editions":[],"url":"https:\/\/quaidesbrumes.com\/ouvrage\/9782953425932\/chaque-fois-leternite"},{"id":"9782849242636","title":"Penser maillee","description":"Dans le foisonnement ou le manque, dans la m\u00e9moire qui file, dans l'\u00eele qui se d\u00e9robe, la langue explore, fouaille, cherche l'identit\u00e9 m\u00e9tiss\u00e9e.\r\nComment remplir les blancs, combler le noir ?\r\n\r\nTu t'\u00e9pelles comme la premi\u00e8re lettre Tu bazardes en morceaux ton corps par la fen\u00eatre Tu recr\u00e9es l'alphabet sur l'ar\u00eate du ciel [.] Voil\u00e0 mis Bout \u00e0 bout Des pores, des pigments Voil\u00e0 dans le kara\u00ef Tes \u00e9pices fragments Comment penser le mot, mailler le mot, tous les mots...\r","authors":["Muri\u00e8le Mod\u00e9ly"],"category_codes":["1000000","1090000"],"visuals":{"large":"https:\/\/images.epagine.fr\/636\/9782849242636_1_75.jpg","medium":"https:\/\/images.epagine.fr\/636\/9782849242636_1_m.jpg","thumbnail":"https:\/\/images.epagine.fr\/636\/9782849242636_1_v.jpg"},"orderable":true,"show_badge":true,"formatted_price":"12,00&nbsp;\u20ac","formatted_published_date":"10 janvier 2012","publisher_availability_label":"Sur commande","short_details":"Muri\u00e8le Mod\u00e9ly \u2014 Editions Du Cygne","translator":null,"weight":180,"page_count":null,"readership":null,"editor":"Editions Du Cygne","price":1200,"published_date":"2012-01-09T23:00:00.000000Z","support":"Grand format","publisher_availability":1,"stock":0,"editions":[],"url":"https:\/\/quaidesbrumes.com\/ouvrage\/9782849242636\/penser-maillee"},{"id":"9782812702433","title":"Les poetes sont des gens irritables","description":"\u00ab Quand je vous vois, je suis ravi. Petit oiseau de paradis. Vers le ciel froid vous avez fui Dans votre coeur \u00ab y a \u00bb des soucis. Vos deux cerb\u00e8res, vos vrais amis. Nont plus que vous : et c'est leur vie. S'il est bien vrai qu'au paradis. La trappe s'ouvre \u00e0 nos amis \u00bb\r","authors":["Chabanon Christia De"],"category_codes":["1000000","1090000"],"visuals":{"large":"https:\/\/images.epagine.fr\/433\/9782812702433_1_75.jpg","medium":"https:\/\/images.epagine.fr\/433\/9782812702433_1_m.jpg","thumbnail":"https:\/\/images.epagine.fr\/433\/9782812702433_1_v.jpg"},"orderable":true,"show_badge":true,"formatted_price":"10,00&nbsp;\u20ac","formatted_published_date":"29 avril 2011","publisher_availability_label":"Sur commande","short_details":"Chabanon Christia De \u2014 Presses Du Midi","translator":null,"weight":93,"page_count":null,"readership":null,"editor":"Presses Du Midi","price":1000,"published_date":"2011-04-28T22:00:00.000000Z","support":"Grand format","publisher_availability":1,"stock":0,"editions":[],"url":"https:\/\/quaidesbrumes.com\/ouvrage\/9782812702433\/les-poetes-sont-des-gens-irritables"},{"id":"9782952128667","title":"Maison dieu","description":"Maison Dieu nous plonge dans les m\u00e9andres de la vie nocturne, de l'\u00eatre en qu\u00eate de sa v\u00e9ritable destin\u00e9e.\r\n\r\n\r\n\r\nAinsi chacune des notes qui composent ce journal d'une remont\u00e9e hors de la nostalgie et de la col\u00e8re, est-elle nomm\u00e9e \u00ab\u00a0profil automatique\u00a0\u00bb. Comme si l'auteur s'\u00e9tait laiss\u00e9, tout d'abord, prendre au jeu de la machine et de son rythme propre, abandonnant sa volont\u00e9. Pourtant, soudainement, le visage qui se refl\u00e8te \u00e0 la surface froide de l'\u00e9cran bleut\u00e9 se r\u00e9v\u00e8le \u00e0 lui-m\u00eame dans son reflet et retisse de sentiments un r\u00e9seau po\u00e9tique palpitant et vivant. Au lecteur attentif se r\u00e9v\u00e9lera le travail mis en oeuvre.\r","authors":["Didier Sebourdin"],"category_codes":["1000000","1090000"],"visuals":{"large":"https:\/\/images.epagine.fr\/667\/9782952128667_1_75.jpg","medium":"https:\/\/images.epagine.fr\/667\/9782952128667_1_m.jpg","thumbnail":"https:\/\/images.epagine.fr\/667\/9782952128667_1_v.jpg"},"orderable":true,"show_badge":true,"formatted_price":"12,00&nbsp;\u20ac","formatted_published_date":"7 janvier 2013","publisher_availability_label":"Sur commande","short_details":"Didier Sebourdin \u2014 Hugues Facorat","translator":null,"weight":130,"page_count":85,"readership":null,"editor":"Hugues Facorat","price":1200,"published_date":"2013-01-06T23:00:00.000000Z","support":"Grand format","publisher_availability":1,"stock":0,"editions":[],"url":"https:\/\/quaidesbrumes.com\/ouvrage\/9782952128667\/maison-dieu"},{"id":"9791093019826","title":"Plis urgents - t66 - australie - le temps d'un reve - poesie\/journal","description":null,"authors":["Sabine P\u00e9glion"],"category_codes":["1000000","1090000"],"visuals":{"large":"https:\/\/quaidesbrumes.com\/img\/book-placeholder.png","medium":"https:\/\/quaidesbrumes.com\/img\/book-placeholder.png","thumbnail":"https:\/\/quaidesbrumes.com\/img\/book-placeholder.png"},"orderable":true,"show_badge":true,"formatted_price":"16,00&nbsp;\u20ac","formatted_published_date":"25 ao\u00fbt 2022","publisher_availability_label":"Sur commande","short_details":"Sabine P\u00e9glion \u2014 Atelier Vincent Rougier","translator":null,"weight":56,"page_count":null,"readership":null,"editor":"Atelier Vincent Rougier","price":1600,"published_date":"2022-08-24T22:00:00.000000Z","support":"Grand format","publisher_availability":1,"stock":0,"editions":[],"url":"https:\/\/quaidesbrumes.com\/ouvrage\/9791093019826\/plis-urgents-t66-australie-le-temps-dun-reve-poesiejournal"},{"id":"9782368681534","title":"Le sacre des rimes","description":"Ne crois pas\r\n\r\nNe crois pas mes voeux sourds\r\n\u00c0 ton ciel qui m'appelle\r\nPour peu qu'une chapelle\r\nAit fait clocher ses tours !\r\n\r\nNe crois pas ma nuit sombre\r\nFuyante \u00e0 ton sommeil\r\nPour peu qu'un vieux soleil\r\nM'ait mendi\u00e9 quelque ombre !\r\n\r\nNe crois pas que les nids\r\nQui hantent mon feuillage\r\nSoustraient \u00e0 ton ramage\r\nMes rameaux infinis !\r\n\r\nNe crois pas que les louves\r\nQui hurlent sur les nuits\r\nMe perdent o\u00f9 je suis,\r\nNon plus o\u00f9 tu te trouves !\r\n\r\nNe crois pas \u00e0 l'envers\r\nDe l'amour ma croyance !\r\nJ'ai sacr\u00e9 l'alliance\r\nEntre eux deux par mes vers.\r\n\r\nNe crois pas \u00eatre celle\r\nQue nul ne puisse aimer !\r\nMais qui peut exprimer\r\nLa flamme universelle ?","authors":["Yassir Elidrissi"],"category_codes":["1000000","1090000"],"visuals":{"large":"https:\/\/images.epagine.fr\/534\/9782368681534_1_75.jpg","medium":"https:\/\/images.epagine.fr\/534\/9782368681534_1_m.jpg","thumbnail":"https:\/\/images.epagine.fr\/534\/9782368681534_1_v.jpg"},"orderable":true,"show_badge":true,"formatted_price":"12,60&nbsp;\u20ac","formatted_published_date":"23 octobre 2014","publisher_availability_label":"Sur commande","short_details":"Yassir Elidrissi \u2014 Stellamaris","translator":null,"weight":102,"page_count":69,"readership":null,"editor":"Stellamaris","price":1260,"published_date":"2014-10-22T22:00:00.000000Z","support":"Grand format","publisher_availability":1,"stock":0,"editions":[],"url":"https:\/\/quaidesbrumes.com\/ouvrage\/9782368681534\/le-sacre-des-rimes"},{"id":"9782841623563","title":"Le grand livre blanc \u00e0 voir","description":"Deuxi\u00e8me volet de la trilogie de Jan Erik Vold, inaugur\u00e9 par les 12 m\u00e9ditations, publi\u00e9es l'ann\u00e9e derni\u00e8re. Po\u00e9sie minimaliste comme les paysages enneig\u00e9s d'une Norv\u00e8ge disparue.\r\nOmnipr\u00e9sence du blanc, \u00e9rotisme pudique d'une enfance dans la neige. La po\u00e9sie de Vold est au quotidien.\r","authors":["Jan erik Vold","Jacques Outin"],"category_codes":["1000000","1090000","1090600"],"visuals":{"large":"https:\/\/images.epagine.fr\/563\/9782841623563_1_75.jpg","medium":"https:\/\/images.epagine.fr\/563\/9782841623563_1_m.jpg","thumbnail":"https:\/\/images.epagine.fr\/563\/9782841623563_1_v.jpg"},"orderable":true,"show_badge":true,"formatted_price":"10,00&nbsp;\u20ac","formatted_published_date":"20 novembre 2014","publisher_availability_label":"Sur commande","short_details":"Jan erik Vold, Jacques Outin \u2014 \u00c9ditions de l'\u00e9clat","translator":"JACQUES OUTIN","weight":106,"page_count":96,"readership":null,"editor":"\u00c9ditions de l'\u00e9clat","price":1000,"published_date":"2014-11-19T23:00:00.000000Z","support":"Grand format","publisher_availability":1,"stock":0,"editions":[],"url":"https:\/\/quaidesbrumes.com\/ouvrage\/9782841623563\/le-grand-livre-blanc-a-voir"},{"id":"9782296541269","title":"Aucun de vous n'etait absent ; chroniques po\u00e9tiques","description":"Dans ce nouveau recueil po\u00e9tique, en formes de chroniques, Vincent Bouton fait appel : \"Aimer sans preuve que l'amour existe et le faire ainsi exister\". L'auteur est en qu\u00eate de pr\u00e9sence, de sa propre pr\u00e9sence. Mais aussi pr\u00e9sence des hommes que la for\u00eat dessine. Pr\u00e9sence de Dieu que la Lumi\u00e8re, le Souffle, le Nom entre-disent. C'est un appel au salut universel \u00e0 travers le tamis de la vie.\r","authors":["Vincent Bouton"],"category_codes":["1000000","1090000"],"visuals":{"large":"https:\/\/images.epagine.fr\/269\/9782296541269_1_75.jpg","medium":"https:\/\/images.epagine.fr\/269\/9782296541269_1_m.jpg","thumbnail":"https:\/\/images.epagine.fr\/269\/9782296541269_1_v.jpg"},"orderable":true,"show_badge":true,"formatted_price":"12,00&nbsp;\u20ac","formatted_published_date":"3 mars 2011","publisher_availability_label":"Sur commande","short_details":"Vincent Bouton \u2014 \u00c9ditions L'Harmattan","translator":null,"weight":120,"page_count":null,"readership":null,"editor":"\u00c9ditions L'Harmattan","price":1200,"published_date":"2011-03-02T23:00:00.000000Z","support":"Grand format","publisher_availability":1,"stock":0,"editions":[],"url":"https:\/\/quaidesbrumes.com\/ouvrage\/9782296541269\/aucun-de-vous-netait-absent-chroniques-poetiques"},{"id":"9782812702488","title":"Les maux de la vie","description":"L'auteur Paul Di Giovanni puise son inspiration aux sources les plus diverses de la vie. De ces histoires emprunt\u00e9es \u00e0 la r\u00e9alit\u00e9 sont n\u00e9s po\u00e8mes, nouvelles, contes et romans. Son oeuvre est le reflet de son temp\u00e9rament, de sa personnalit\u00e9 droite, simple et ardente. Ce recueil de po\u00e9sie \u00ab Les maux de la vie \u00bb est inspir\u00e9 d'\u00e9v\u00e9nements v\u00e9cus. Paul Di Giovanni est membre de l'Acad\u00e9mie Po\u00e9tique et Litt\u00e9raire de Provence. \u00ab Ce qu'on ne peut pas dire, il ne faut surtout pas le taire, mais l'\u00e9crire \u00bb Jacques Derrida.\r","authors":["Paul Di giovanni"],"category_codes":["1000000","1090000"],"visuals":{"large":"https:\/\/images.epagine.fr\/488\/9782812702488_1_75.jpg","medium":"https:\/\/images.epagine.fr\/488\/9782812702488_1_m.jpg","thumbnail":"https:\/\/images.epagine.fr\/488\/9782812702488_1_v.jpg"},"orderable":true,"show_badge":true,"formatted_price":"12,00&nbsp;\u20ac","formatted_published_date":"29 avril 2011","publisher_availability_label":"Sur commande","short_details":"Paul Di giovanni \u2014 Presses Du Midi","translator":null,"weight":103,"page_count":null,"readership":null,"editor":"Presses Du Midi","price":1200,"published_date":"2011-04-28T22:00:00.000000Z","support":"Grand format","publisher_availability":1,"stock":0,"editions":[],"url":"https:\/\/quaidesbrumes.com\/ouvrage\/9782812702488\/les-maux-de-la-vie"},{"id":"9782914490023","title":"Plus pres des morts","description":null,"authors":["Sisgalli Leonardo"],"category_codes":["1000000","1090000"],"visuals":{"large":"https:\/\/quaidesbrumes.com\/img\/book-placeholder.png","medium":"https:\/\/quaidesbrumes.com\/img\/book-placeholder.png","thumbnail":"https:\/\/quaidesbrumes.com\/img\/book-placeholder.png"},"orderable":true,"show_badge":true,"formatted_price":"13,00&nbsp;\u20ac","formatted_published_date":"1er avril 2004","publisher_availability_label":"Sur commande","short_details":"Sisgalli Leonardo \u2014 Absteme & Bobance","translator":null,"weight":58,"page_count":null,"readership":null,"editor":"Absteme & Bobance","price":1300,"published_date":"2004-03-31T22:00:00.000000Z","support":"Grand format","publisher_availability":1,"stock":0,"editions":[],"url":"https:\/\/quaidesbrumes.com\/ouvrage\/9782914490023\/plus-pres-des-morts"},{"id":"9782849541029","title":"Boomerang","description":"Grand-Ma dit : - La bont\u00e9 petit, c'est la terre qui te porte sans jamais se plaindre de la blessure de tes pas\r","authors":["Ile Eniger"],"category_codes":["1000000","1090000"],"visuals":{"large":"https:\/\/quaidesbrumes.com\/img\/book-placeholder.png","medium":"https:\/\/quaidesbrumes.com\/img\/book-placeholder.png","thumbnail":"https:\/\/quaidesbrumes.com\/img\/book-placeholder.png"},"orderable":true,"show_badge":true,"formatted_price":"10,00&nbsp;\u20ac","formatted_published_date":"4 f\u00e9vrier 2011","publisher_availability_label":"Sur commande","short_details":"Ile Eniger \u2014 Chemins De Plume","translator":null,"weight":90,"page_count":null,"readership":null,"editor":"Chemins De Plume","price":1000,"published_date":"2011-02-03T23:00:00.000000Z","support":"Grand format","publisher_availability":1,"stock":0,"editions":[],"url":"https:\/\/quaidesbrumes.com\/ouvrage\/9782849541029\/boomerang"},{"id":"9782357590250","title":"\u00e0 Marrakech, derri\u00e8re la koutoubia","description":null,"authors":["Jamila Abitar"],"category_codes":["1000000","1090000"],"visuals":{"large":"https:\/\/images.epagine.fr\/250\/9782357590250_1_75.jpg","medium":"https:\/\/images.epagine.fr\/250\/9782357590250_1_m.jpg","thumbnail":"https:\/\/images.epagine.fr\/250\/9782357590250_1_v.jpg"},"orderable":true,"show_badge":true,"formatted_price":"11,00&nbsp;\u20ac","formatted_published_date":"25 f\u00e9vrier 2012","publisher_availability_label":"Sur commande","short_details":"Jamila Abitar \u2014 Alfabarre","translator":null,"weight":125,"page_count":80,"readership":null,"editor":"Alfabarre","price":1100,"published_date":"2012-02-24T23:00:00.000000Z","support":"Grand format","publisher_availability":1,"stock":0,"editions":[],"url":"https:\/\/quaidesbrumes.com\/ouvrage\/9782357590250\/a-marrakech-derriere-la-koutoubia"},{"id":"9782849245002","title":"Psaumes du temps","description":null,"authors":["Giovanni Dotoli"],"category_codes":["1000000","1090000"],"visuals":{"large":"https:\/\/quaidesbrumes.com\/img\/book-placeholder.png","medium":"https:\/\/quaidesbrumes.com\/img\/book-placeholder.png","thumbnail":"https:\/\/quaidesbrumes.com\/img\/book-placeholder.png"},"orderable":true,"show_badge":true,"formatted_price":"12,00&nbsp;\u20ac","formatted_published_date":"18 juillet 2017","publisher_availability_label":"Sur commande","short_details":"Giovanni Dotoli \u2014 Editions Du Cygne","translator":null,"weight":200,"page_count":null,"readership":null,"editor":"Editions Du Cygne","price":1200,"published_date":"2017-07-17T22:00:00.000000Z","support":"Grand format","publisher_availability":1,"stock":0,"editions":[],"url":"https:\/\/quaidesbrumes.com\/ouvrage\/9782849245002\/psaumes-du-temps"},{"id":"9782914688628","title":"S.F. comme syndrome fusionnel","description":null,"authors":["Nicolas Tardy"],"category_codes":["1000000","1090000"],"visuals":{"large":"https:\/\/images.epagine.fr\/628\/9782914688628_1_75.jpg","medium":"https:\/\/images.epagine.fr\/628\/9782914688628_1_m.jpg","thumbnail":"https:\/\/images.epagine.fr\/628\/9782914688628_1_v.jpg"},"orderable":true,"show_badge":true,"formatted_price":"6,50&nbsp;\u20ac","formatted_published_date":"1er juin 2007","publisher_availability_label":"Sur commande","short_details":"Nicolas Tardy \u2014 De L'Attente","translator":null,"weight":60,"page_count":null,"readership":null,"editor":"De L'Attente","price":650,"published_date":"2007-05-31T22:00:00.000000Z","support":"Grand format","publisher_availability":1,"stock":0,"editions":[],"url":"https:\/\/quaidesbrumes.com\/ouvrage\/9782914688628\/sf-comme-syndrome-fusionnel"},{"id":"9782357480070","title":"Oeuvre po\u00e9tique","description":null,"authors":["Jules Barbey d'Aurevilly"],"category_codes":["1000000","1090000"],"visuals":{"large":"https:\/\/images.epagine.fr\/070\/9782357480070_1_75.jpg","medium":"https:\/\/images.epagine.fr\/070\/9782357480070_1_m.jpg","thumbnail":"https:\/\/images.epagine.fr\/070\/9782357480070_1_v.jpg"},"orderable":true,"show_badge":true,"formatted_price":"39,00&nbsp;\u20ac","formatted_published_date":"9 avril 2008","publisher_availability_label":"Sur commande","short_details":"Jules Barbey d'Aurevilly \u2014 Kareline","translator":null,"weight":325,"page_count":200,"readership":null,"editor":"Kareline","price":3900,"published_date":"2008-04-08T22:00:00.000000Z","support":"Grand format","publisher_availability":1,"stock":0,"editions":[],"url":"https:\/\/quaidesbrumes.com\/ouvrage\/9782357480070\/oeuvre-poetique"},{"id":"9782876732711","title":"Main de nuit","description":null,"authors":["Beno\u00eet Conort"],"category_codes":["1000000","1090000"],"visuals":{"large":"https:\/\/quaidesbrumes.com\/img\/book-placeholder.png","medium":"https:\/\/quaidesbrumes.com\/img\/book-placeholder.png","thumbnail":"https:\/\/quaidesbrumes.com\/img\/book-placeholder.png"},"orderable":true,"show_badge":true,"formatted_price":"11,50&nbsp;\u20ac","formatted_published_date":"26 novembre 1998","publisher_availability_label":"Sur commande","short_details":"Beno\u00eet Conort \u2014 CHAMP VALLON","translator":null,"weight":120,"page_count":null,"readership":null,"editor":"CHAMP VALLON","price":1150,"published_date":"1998-11-25T23:00:00.000000Z","support":"Grand format","publisher_availability":1,"stock":0,"editions":[],"url":"https:\/\/quaidesbrumes.com\/ouvrage\/9782876732711\/main-de-nuit"},{"id":"9782312013619","title":"Les esclaves volontaires","description":null,"authors":["Feudjio Dongmo"],"category_codes":["1000000","1090000"],"visuals":{"large":"https:\/\/images.epagine.fr\/619\/9782312013619_1_75.jpg","medium":"https:\/\/images.epagine.fr\/619\/9782312013619_1_m.jpg","thumbnail":"https:\/\/images.epagine.fr\/619\/9782312013619_1_v.jpg"},"orderable":true,"show_badge":true,"formatted_price":"12,00&nbsp;\u20ac","formatted_published_date":"25 septembre 2013","publisher_availability_label":"Sur commande","short_details":"Feudjio Dongmo \u2014 Editions du Net","translator":null,"weight":74,"page_count":null,"readership":null,"editor":"Editions du Net","price":1200,"published_date":"2013-09-24T22:00:00.000000Z","support":"Poche","publisher_availability":1,"stock":0,"editions":[],"url":"https:\/\/quaidesbrumes.com\/ouvrage\/9782312013619\/les-esclaves-volontaires"},{"id":"9782355770326","title":"Oeuvres Po\u00e9tiques Tome I Patrick Dubost","description":null,"authors":["Dubost Patrick"],"category_codes":["1000000","1090000"],"visuals":{"large":"https:\/\/quaidesbrumes.com\/img\/book-placeholder.png","medium":"https:\/\/quaidesbrumes.com\/img\/book-placeholder.png","thumbnail":"https:\/\/quaidesbrumes.com\/img\/book-placeholder.png"},"orderable":true,"show_badge":true,"formatted_price":"21,00&nbsp;\u20ac","formatted_published_date":"1er d\u00e9cembre 2012","publisher_availability_label":"Sur commande","short_details":"Dubost Patrick \u2014 La Rumeur Libre","translator":null,"weight":300,"page_count":256,"readership":null,"editor":"La Rumeur Libre","price":2100,"published_date":"2012-11-30T23:00:00.000000Z","support":"Grand format","publisher_availability":1,"stock":0,"editions":[],"url":"https:\/\/quaidesbrumes.com\/ouvrage\/9782355770326\/oeuvres-poetiques-tome-i-patrick-dubost"},{"id":"9782352841227","title":"Les yeux de l'encre","description":"Montparnasse, 1953.\r\nAtelier de Monsieur Xavier.\r\n\r\nApproche et d\u00e9couverte de l'encre de Chine. Sur le conseil de Marie-Andr\u00e9 G., Philippe de Boissy s'inscrit. Il n'est ni \u00e9crivain, ni peintre. Il y aura douze s\u00e9ances. Plus d'un demi-si\u00e8cle apr\u00e8s, devenu mal voyant, il recouvre cette technique dans son atelier du Guy \u00e0 Pact, situ\u00e9 au bord des terres froides en Nord-Is\u00e8re. Avec du noir de Chine et de l'acrylique noir. Le tout photographi\u00e9 en mai 2012 par Sarah Torrecillas.","authors":["Philippe De Boissy"],"category_codes":["1000000","1090000"],"visuals":{"large":"https:\/\/images.epagine.fr\/227\/9782352841227_1_75.jpg","medium":"https:\/\/images.epagine.fr\/227\/9782352841227_1_m.jpg","thumbnail":"https:\/\/images.epagine.fr\/227\/9782352841227_1_v.jpg"},"orderable":true,"show_badge":true,"formatted_price":"30,00&nbsp;\u20ac","formatted_published_date":"18 d\u00e9cembre 2012","publisher_availability_label":"Sur commande","short_details":"Philippe De Boissy \u2014 Jasmin","translator":null,"weight":420,"page_count":100,"readership":null,"editor":"Jasmin","price":3000,"published_date":"2012-12-17T23:00:00.000000Z","support":"Grand format","publisher_availability":1,"stock":0,"editions":[],"url":"https:\/\/quaidesbrumes.com\/ouvrage\/9782352841227\/les-yeux-de-lencre"},{"id":"9782296059801","title":"La m\u00e9tisse filante","description":"Avec ce quatri\u00e8me recueil, Laurent Poliquin s'autorise une po\u00e9sie lyrique qui d\u00e9montre la vitalit\u00e9 d'un peuple. Le po\u00e8te rend la parole aux communaut\u00e9s tapies dans l'ombre des soci\u00e9t\u00e9s majoritaires. Cette r\u00e9verb\u00e9ration du m\u00e9tissage livre toute la couleur de la dynamique identitaire et terrienne des plaines de l'Ouest canadien. Quelques vers de La M\u00e9tisse filante ont \u00e9t\u00e9 diffus\u00e9s dans les transports en commun de Winnipeg (Manitoba, Canada) \u00e0 l'occasion de Poetry in Motion 2006.\r","authors":["Laurent Poliquin"],"category_codes":["1000000","1090000"],"visuals":{"large":"https:\/\/images.epagine.fr\/801\/9782296059801_1_75.jpg","medium":"https:\/\/images.epagine.fr\/801\/9782296059801_1_m.jpg","thumbnail":"https:\/\/images.epagine.fr\/801\/9782296059801_1_v.jpg"},"orderable":true,"show_badge":true,"formatted_price":"11,50&nbsp;\u20ac","formatted_published_date":"10 juillet 2008","publisher_availability_label":"Sur commande","short_details":"Laurent Poliquin \u2014 \u00c9ditions L'Harmattan","translator":null,"weight":110,"page_count":76,"readership":null,"editor":"\u00c9ditions L'Harmattan","price":1150,"published_date":"2008-07-09T22:00:00.000000Z","support":"Grand format","publisher_availability":1,"stock":0,"editions":[],"url":"https:\/\/quaidesbrumes.com\/ouvrage\/9782296059801\/la-metisse-filante"},{"id":"9782296125247","title":"Des mots pour la Palestine et la plage de Tantoura... ment","description":"En Cisjordanie, j'ai vu des hommes et des femmes qui veulent vivre debout, donner un avenir \u00e0 leurs enfants, les voir sourire. Et pourtant... Je ne dis pas leur vitalit\u00e9, leur refus de n'\u00eatre que des victimes. J'en demande pardon \u00e0 tous ces Palestiniens. A mon retour, je n'ai pu jeter sur le papier que des mots qui crient tous l'ind\u00e9fendable. Les massacres, les destructions, le mur. Les colonies ill\u00e9gales, le vol des terres et de l'eau. Le nettoyage ethnique. La n\u00e9gation de tout un peuple. Les mensonges.\r","authors":["Mich\u00e8le Hicorne"],"category_codes":["1000000","1090000"],"visuals":{"large":"https:\/\/images.epagine.fr\/247\/9782296125247_1_75.jpg","medium":"https:\/\/images.epagine.fr\/247\/9782296125247_1_m.jpg","thumbnail":"https:\/\/images.epagine.fr\/247\/9782296125247_1_v.jpg"},"orderable":true,"show_badge":true,"formatted_price":"12,00&nbsp;\u20ac","formatted_published_date":"21 septembre 2010","publisher_availability_label":"Sur commande","short_details":"Mich\u00e8le Hicorne \u2014 \u00c9ditions L'Harmattan","translator":null,"weight":110,"page_count":82,"readership":null,"editor":"\u00c9ditions L'Harmattan","price":1200,"published_date":"2010-09-20T22:00:00.000000Z","support":"Grand format","publisher_availability":1,"stock":0,"editions":[],"url":"https:\/\/quaidesbrumes.com\/ouvrage\/9782296125247\/des-mots-pour-la-palestine-et-la-plage-de-tantoura-ment"},{"id":"9782491577063","title":"Eparpiller la peau","description":"Le recueil d'Emma Filao est une incursion par-del\u00e0 l'\u00e9piderme : abandonner l'enveloppe protectrice, s'extraire de la gangue d\u00e9l\u00e9t\u00e8re pour incarner \u00e0 vif, d\u00e9celer sa r\u00e9sonance propre et celle de l'autre, devenir geste et manifester l'indicible. L'auteure \u00e9rode la langue sur les asp\u00e9rit\u00e9s du monde, sonde la perm\u00e9abilit\u00e9 de l'apparence, avise \u00e0 \u00e9parpiller la peau.  toi \/ de quel c\u00f4t\u00e9; de la peau es-tu \/ et si tes paroles s'accrochent \u00e0 mes \u00e9pines \/ comment alors n'es-tu pas sur ma peau \u00e0 moi \/ je me retrouve dans ton oubli \/ tu d\u00e9ambules dans ma m\u00e9moire \/ est-elle seulement la mienne \/ qu'est-ce donc que cette vie sous le mot \/ parler \/ se parler \/ comme on s'existe (...)","authors":["Filao Emma"],"category_codes":["1000000","1090000","1090600"],"visuals":{"large":"https:\/\/images.epagine.fr\/063\/9782491577063_1_75.jpg","medium":"https:\/\/images.epagine.fr\/063\/9782491577063_1_m.jpg","thumbnail":"https:\/\/images.epagine.fr\/063\/9782491577063_1_v.jpg"},"orderable":true,"show_badge":true,"formatted_price":"22,00&nbsp;\u20ac","formatted_published_date":"20 avril 2021","publisher_availability_label":"Sur commande","short_details":"Filao Emma \u2014 Rosa Canina","translator":null,"weight":122,"page_count":116,"readership":null,"editor":"Rosa Canina","price":2200,"published_date":"2021-04-19T22:00:00.000000Z","support":"Grand format","publisher_availability":1,"stock":0,"editions":[],"url":"https:\/\/quaidesbrumes.com\/ouvrage\/9782491577063\/eparpiller-la-peau"},{"id":"9782903011987","title":"La mer interieure, entre les iles","description":null,"authors":["Chantal Danjou"],"category_codes":["1000000","1090000"],"visuals":{"large":"https:\/\/quaidesbrumes.com\/img\/book-placeholder.png","medium":"https:\/\/quaidesbrumes.com\/img\/book-placeholder.png","thumbnail":"https:\/\/quaidesbrumes.com\/img\/book-placeholder.png"},"orderable":true,"show_badge":true,"formatted_price":"16,00&nbsp;\u20ac","formatted_published_date":"10 juin 2012","publisher_availability_label":"Sur commande","short_details":"Chantal Danjou \u2014 Memoire Vivante","translator":null,"weight":150,"page_count":null,"readership":null,"editor":"Memoire Vivante","price":1600,"published_date":"2012-06-09T22:00:00.000000Z","support":"Grand format","publisher_availability":1,"stock":0,"editions":[],"url":"https:\/\/quaidesbrumes.com\/ouvrage\/9782903011987\/la-mer-interieure-entre-les-iles"}]}