{"data":[{"id":"9782812406270","title":"Po\u00e9sies","description":"Denis Sanguin de Saint-Pavin (1595-1670), pr\u00e9lat et po\u00e8te, fr\u00e9quenta avec autant d'assiduit\u00e9 les cabarets parisiens que les salons litt\u00e9raires. Il ne cacha ni ses penchants sexuels ni son irr\u00e9ligion ni ses handicaps physiques, et ce refus de se conformer aux moeurs et aux attitudes de son \u00e9poque conf\u00e8re \u00e0 sa po\u00e9sie une modernit\u00e9 \u00e9tonnante. Cette premi\u00e8re publication r\u00e9unissant l'int\u00e9gralit\u00e9 de ses po\u00e8mes nous permet de r\u00e9\u00e9valuer l'originalit\u00e9 saisissante d'un auteur trop longtemps marginalis\u00e9.","authors":["Denis Sanguin de saint-pavin"],"category_codes":["1000000","1090000"],"visuals":{"large":"https:\/\/images.epagine.fr\/270\/9782812406270_1_75.jpg","medium":"https:\/\/images.epagine.fr\/270\/9782812406270_1_m.jpg","thumbnail":"https:\/\/images.epagine.fr\/270\/9782812406270_1_v.jpg"},"orderable":true,"show_badge":true,"formatted_price":"28,00&nbsp;\u20ac","formatted_published_date":"4 octobre 2012","publisher_availability_label":"Sur commande","short_details":"Denis Sanguin de saint-pavin \u2014 CLASSIQUES GARNIER","translator":null,"weight":346,"page_count":235,"readership":null,"editor":"CLASSIQUES GARNIER","price":2800,"published_date":"2012-10-03T22:00:00.000000Z","support":"Grand format","publisher_availability":1,"stock":0,"editions":["9782406164166"],"url":"https:\/\/quaidesbrumes.com\/ouvrage\/9782812406270\/poesies"},{"id":"9782916071701","title":"Heroines adossees de petites idoles et epaulees d'icones","description":null,"authors":["Constantin Ka\u00eft\u00e9ris"],"category_codes":["1000000","1090000"],"visuals":{"large":"https:\/\/quaidesbrumes.com\/img\/book-placeholder.png","medium":"https:\/\/quaidesbrumes.com\/img\/book-placeholder.png","thumbnail":"https:\/\/quaidesbrumes.com\/img\/book-placeholder.png"},"orderable":true,"show_badge":true,"formatted_price":"12,00&nbsp;\u20ac","formatted_published_date":"1er d\u00e9cembre 2012","publisher_availability_label":"Sur commande","short_details":"Constantin Ka\u00eft\u00e9ris \u2014 Vanneaux","translator":null,"weight":105,"page_count":null,"readership":null,"editor":"Vanneaux","price":1200,"published_date":"2012-11-30T23:00:00.000000Z","support":"Grand format","publisher_availability":1,"stock":0,"editions":[],"url":"https:\/\/quaidesbrumes.com\/ouvrage\/9782916071701\/heroines-adossees-de-petites-idoles-et-epaulees-dicones"},{"id":"9791090150171","title":"La cit\u00e9 des anges","description":"Comme un recueil dont chaque po\u00e8me se t\u00e9lescope avec optimisme ou \u00e9l\u00e9gie, La Cit\u00e9 des Anges propose au lecteur un vaste panel po\u00e9tique pour rire, pleurer ou tout simplement trouver mati\u00e8re \u00e0 penser.\r\n\r\nAbordant des th\u00e8mes aussi vari\u00e9s qu'actuels, en vers ou en prose, ces po\u00e8mes s'inscrivent dans le cadre d'une recherche d'un sens \u00e0 la vie, et se caract\u00e9risent par ce \" petit quelque chose \" de pr\u00e9cieuse innocence, si appr\u00e9ci\u00e9 par l'auteur, que l'on retrouve chez Charles Baudelaire ou Ren\u00e9 Guy Cadou","authors":["Damien Desbordes"],"category_codes":["1000000","1090000"],"visuals":{"large":"https:\/\/images.epagine.fr\/171\/9791090150171_1_75.jpg","medium":"https:\/\/images.epagine.fr\/171\/9791090150171_1_m.jpg","thumbnail":"https:\/\/images.epagine.fr\/171\/9791090150171_1_v.jpg"},"orderable":true,"show_badge":true,"formatted_price":"10,00&nbsp;\u20ac","formatted_published_date":"20 mai 2012","publisher_availability_label":"Sur commande","short_details":"Damien Desbordes \u2014 Stellamaris","translator":null,"weight":125,"page_count":81,"readership":null,"editor":"Stellamaris","price":1000,"published_date":"2012-05-19T22:00:00.000000Z","support":"Grand format","publisher_availability":1,"stock":0,"editions":[],"url":"https:\/\/quaidesbrumes.com\/ouvrage\/9791090150171\/la-cite-des-anges"},{"id":"9782952167307","title":"Le jardin aux licornes","description":null,"authors":["Marie Dh\u00e9ron"],"category_codes":["1000000","1090000"],"visuals":{"large":"https:\/\/quaidesbrumes.com\/img\/book-placeholder.png","medium":"https:\/\/quaidesbrumes.com\/img\/book-placeholder.png","thumbnail":"https:\/\/quaidesbrumes.com\/img\/book-placeholder.png"},"orderable":true,"show_badge":true,"formatted_price":"15,00&nbsp;\u20ac","formatted_published_date":"1er avril 2004","publisher_availability_label":"Sur commande","short_details":"Marie Dh\u00e9ron \u2014 Canaima","translator":null,"weight":135,"page_count":129,"readership":null,"editor":"Canaima","price":1500,"published_date":"2004-03-31T22:00:00.000000Z","support":"Grand format","publisher_availability":1,"stock":0,"editions":[],"url":"https:\/\/quaidesbrumes.com\/ouvrage\/9782952167307\/le-jardin-aux-licornes"},{"id":"9782492624001","title":"Des lents elans","description":null,"authors":["Milbergue Philippe"],"category_codes":["1000000","1090000","1090600"],"visuals":{"large":"https:\/\/images.epagine.fr\/001\/9782492624001_1_75.jpg","medium":"https:\/\/images.epagine.fr\/001\/9782492624001_1_m.jpg","thumbnail":"https:\/\/images.epagine.fr\/001\/9782492624001_1_v.jpg"},"orderable":true,"show_badge":true,"formatted_price":"14,50&nbsp;\u20ac","formatted_published_date":"15 mars 2021","publisher_availability_label":"Sur commande","short_details":"Milbergue Philippe \u2014 Les Morfals","translator":null,"weight":187,"page_count":null,"readership":null,"editor":"Les Morfals","price":1450,"published_date":"2021-03-14T23:00:00.000000Z","support":"Grand format","publisher_availability":1,"stock":0,"editions":[],"url":"https:\/\/quaidesbrumes.com\/ouvrage\/9782492624001\/des-lents-elans"},{"id":"9782492624025","title":"Calendaire ephemere (suivi de sorties de routes)","description":null,"authors":["Fukova\/Milbergue"],"category_codes":["1000000","1090000","1090600"],"visuals":{"large":"https:\/\/images.epagine.fr\/025\/9782492624025_1_75.jpg","medium":"https:\/\/images.epagine.fr\/025\/9782492624025_1_m.jpg","thumbnail":"https:\/\/images.epagine.fr\/025\/9782492624025_1_v.jpg"},"orderable":true,"show_badge":true,"formatted_price":"14,50&nbsp;\u20ac","formatted_published_date":"15 mars 2021","publisher_availability_label":"Sur commande","short_details":"Fukova\/Milbergue \u2014 Les Morfals","translator":null,"weight":160,"page_count":null,"readership":null,"editor":"Les Morfals","price":1450,"published_date":"2021-03-14T23:00:00.000000Z","support":"Grand format","publisher_availability":1,"stock":0,"editions":[],"url":"https:\/\/quaidesbrumes.com\/ouvrage\/9782492624025\/calendaire-ephemere-suivi-de-sorties-de-routes"},{"id":"9782919120024","title":"Elle ne passe jamais bien loin","description":null,"authors":["Bouin Yves-Jacques"],"category_codes":["1000000","1090000"],"visuals":{"large":"https:\/\/quaidesbrumes.com\/img\/book-placeholder.png","medium":"https:\/\/quaidesbrumes.com\/img\/book-placeholder.png","thumbnail":"https:\/\/quaidesbrumes.com\/img\/book-placeholder.png"},"orderable":true,"show_badge":true,"formatted_price":"10,00&nbsp;\u20ac","formatted_published_date":"20 octobre 2010","publisher_availability_label":"Sur commande","short_details":"Bouin Yves-Jacques \u2014 Mazette","translator":null,"weight":100,"page_count":null,"readership":null,"editor":"Mazette","price":1000,"published_date":"2010-10-19T22:00:00.000000Z","support":"Grand format","publisher_availability":1,"stock":0,"editions":[],"url":"https:\/\/quaidesbrumes.com\/ouvrage\/9782919120024\/elle-ne-passe-jamais-bien-loin"},{"id":"9782919120031","title":"Circadien","description":null,"authors":["Liska"],"category_codes":["1000000","1090000"],"visuals":{"large":"https:\/\/quaidesbrumes.com\/img\/book-placeholder.png","medium":"https:\/\/quaidesbrumes.com\/img\/book-placeholder.png","thumbnail":"https:\/\/quaidesbrumes.com\/img\/book-placeholder.png"},"orderable":true,"show_badge":true,"formatted_price":"10,00&nbsp;\u20ac","formatted_published_date":"20 octobre 2010","publisher_availability_label":"Sur commande","short_details":"Liska \u2014 Mazette","translator":null,"weight":100,"page_count":null,"readership":null,"editor":"Mazette","price":1000,"published_date":"2010-10-19T22:00:00.000000Z","support":"Grand format","publisher_availability":1,"stock":0,"editions":[],"url":"https:\/\/quaidesbrumes.com\/ouvrage\/9782919120031\/circadien"},{"id":"9782705338312","title":"Mira-Bai - femme, sainte et po\u00e9tesse du Rajasthan : 108 chants d'amour","description":null,"authors":["Patrick Mandala"],"category_codes":["1000000","1090000"],"visuals":{"large":"https:\/\/images.epagine.fr\/312\/9782705338312_1_75.jpg","medium":"https:\/\/images.epagine.fr\/312\/9782705338312_1_m.jpg","thumbnail":"https:\/\/images.epagine.fr\/312\/9782705338312_1_v.jpg"},"orderable":true,"show_badge":true,"formatted_price":"27,00&nbsp;\u20ac","formatted_published_date":"1er janvier 2011","publisher_availability_label":"Sur commande","short_details":"Patrick Mandala \u2014 Paul Geuthner","translator":null,"weight":380,"page_count":null,"readership":null,"editor":"Paul Geuthner","price":2700,"published_date":"2010-12-31T23:00:00.000000Z","support":"Grand format","publisher_availability":1,"stock":0,"editions":[],"url":"https:\/\/quaidesbrumes.com\/ouvrage\/9782705338312\/mira-bai-femme-sainte-et-poetesse-du-rajasthan-108-chants-damour"},{"id":"9782918065029","title":"Ainsi va le flot","description":"\u00ab\u00a0Ainsi va le Flot\u00a0\u00bb... r\u00e9sume bien la vie de l'auteur. 42 ann\u00e9es de complicit\u00e9 avec la mer, celle des quatre saisons  \u00ab\u00a0la mer encore et toujours en berce plus d'un, la nuit comme le jour qui ira par amour ou par obligation, vers elle avec admiration...\u00a0\u00bb, la mer imbriqu\u00e9e compl\u00e8tement dans son existence \u00e0 qui il voue une v\u00e9ritable passion, qu'il  m\u00eale \u00e0 trois autres ancrages forts, sa famille  (Bel \u00e2ge et coquillage, Grand-p\u00e8re, Une vie, Miroir), son m\u00e9tier pr\u00e9sent dans chaque po\u00e8me et sa ville (Souvenirs d'Enfance, Croix de Vie, St Gilles).","authors":["Roger Driez"],"category_codes":["1000000","1090000"],"visuals":{"large":"https:\/\/images.epagine.fr\/029\/9782918065029_1_75.jpg","medium":"https:\/\/images.epagine.fr\/029\/9782918065029_1_m.jpg","thumbnail":"https:\/\/images.epagine.fr\/029\/9782918065029_1_v.jpg"},"orderable":true,"show_badge":true,"formatted_price":"9,00&nbsp;\u20ac","formatted_published_date":"31 mars 2010","publisher_availability_label":"Sur commande","short_details":"Roger Driez \u2014 Le Jarosset","translator":null,"weight":76,"page_count":48,"readership":null,"editor":"Le Jarosset","price":900,"published_date":"2010-03-30T22:00:00.000000Z","support":"Grand format","publisher_availability":1,"stock":0,"editions":["9782918065180"],"url":"https:\/\/quaidesbrumes.com\/ouvrage\/9782918065029\/ainsi-va-le-flot"},{"id":"9782952167314","title":"Colporteur d'\u00e2mes","description":null,"authors":["Marie Dh\u00e9ron"],"category_codes":["1000000","1090000"],"visuals":{"large":"https:\/\/quaidesbrumes.com\/img\/book-placeholder.png","medium":"https:\/\/quaidesbrumes.com\/img\/book-placeholder.png","thumbnail":"https:\/\/quaidesbrumes.com\/img\/book-placeholder.png"},"orderable":true,"show_badge":true,"formatted_price":"15,00&nbsp;\u20ac","formatted_published_date":"1er septembre 2007","publisher_availability_label":"Sur commande","short_details":"Marie Dh\u00e9ron \u2014 Canaima","translator":null,"weight":160,"page_count":155,"readership":null,"editor":"Canaima","price":1500,"published_date":"2007-08-31T22:00:00.000000Z","support":"Grand format","publisher_availability":1,"stock":0,"editions":[],"url":"https:\/\/quaidesbrumes.com\/ouvrage\/9782952167314\/colporteur-dames"},{"id":"9782915785968","title":"Mes po\u00e8mes pour elles","description":"Elles, ce sont les femmes aim\u00e9es Elles, elles ont \u00e9t\u00e9 mal aim\u00e9es Elles, ce sont les femmes chant\u00e9es Elles, ce sont amours constamment recr\u00e9\u00e9es","authors":["Thierry Rollet"],"category_codes":["1000000","1090000"],"visuals":{"large":"https:\/\/images.epagine.fr\/968\/9782915785968_1_75.jpg","medium":"https:\/\/images.epagine.fr\/968\/9782915785968_1_m.jpg","thumbnail":"https:\/\/images.epagine.fr\/968\/9782915785968_1_v.jpg"},"orderable":true,"show_badge":true,"formatted_price":"14,50&nbsp;\u20ac","formatted_published_date":"17 juin 2011","publisher_availability_label":"Sur commande","short_details":"Thierry Rollet \u2014 Editions Du Masque D'Or","translator":null,"weight":150,"page_count":48,"readership":null,"editor":"Editions Du Masque D'Or","price":1450,"published_date":"2011-06-16T22:00:00.000000Z","support":"Grand format","publisher_availability":1,"stock":0,"editions":[],"url":"https:\/\/quaidesbrumes.com\/ouvrage\/9782915785968\/mes-poemes-pour-elles"},{"id":"9782849242230","title":"\u00e9ole l'hy\u00e8ne","description":"Le vent n'est pas que le vent. Il apporte peine et joie selon la mani\u00e8re dont il souffle. \r\nEn donnant pour titre \u00e0 ce recueil \u00c9ole l'hy\u00e8ne, Jean Foucault entend exprimer cette violence du vent, notamment pour les pays du Sud. Une partie du recueil est d'ailleurs intitul\u00e9e \u00ab Interm\u00e8de Cara\u00efbes \u00bb. N'oublions pas le mal de vent que conna\u00eet cette r\u00e9gion, auquel il faut ajouter le mal de terre et le s\u00e9isme de Port-au-Prince du 12 janvier 2010.\r\nNous vous souhaitons tout de m\u00eame \u00ab bon vent \u00bb \u00e0 la lecture de cet ouvrage. Et esp\u00e9rons que vous rencontrerez plus souvent sur votre chemin l'\u00c9ole berger attentif \u00e0 bien canaliser les nuages plut\u00f4t que l'\u00c9ole l'hy\u00e8ne.","authors":["Jean Foucault"],"category_codes":["1000000","1090000"],"visuals":{"large":"https:\/\/images.epagine.fr\/230\/9782849242230_1_75.jpg","medium":"https:\/\/images.epagine.fr\/230\/9782849242230_1_m.jpg","thumbnail":"https:\/\/images.epagine.fr\/230\/9782849242230_1_v.jpg"},"orderable":true,"show_badge":true,"formatted_price":"10,00&nbsp;\u20ac","formatted_published_date":"21 f\u00e9vrier 2011","publisher_availability_label":"Sur commande","short_details":"Jean Foucault \u2014 Editions Du Cygne","translator":null,"weight":150,"page_count":null,"readership":null,"editor":"Editions Du Cygne","price":1000,"published_date":"2011-02-20T23:00:00.000000Z","support":"Grand format","publisher_availability":1,"stock":0,"editions":[],"url":"https:\/\/quaidesbrumes.com\/ouvrage\/9782849242230\/eole-lhyene"},{"id":"9782844182579","title":"Les heures lentes","description":null,"authors":["Pierre Tanguy"],"category_codes":["1000000","1090000"],"visuals":{"large":"https:\/\/images.epagine.fr\/579\/9782844182579_1_75.jpg","medium":"https:\/\/images.epagine.fr\/579\/9782844182579_1_m.jpg","thumbnail":"https:\/\/images.epagine.fr\/579\/9782844182579_1_v.jpg"},"orderable":true,"show_badge":true,"formatted_price":"13,00&nbsp;\u20ac","formatted_published_date":"2 juin 2012","publisher_availability_label":"Sur commande","short_details":"Pierre Tanguy \u2014 La Part Commune","translator":null,"weight":98,"page_count":null,"readership":null,"editor":"La Part Commune","price":1300,"published_date":"2012-06-01T22:00:00.000000Z","support":"Grand format","publisher_availability":1,"stock":0,"editions":[],"url":"https:\/\/quaidesbrumes.com\/ouvrage\/9782844182579\/les-heures-lentes"},{"id":"9782350734163","title":"Serre-t\u00eate et autres fredaines","description":"Serre-t\u00eate et autres fredaines, est un  recueil de po\u00e8sie \u00e9crit par Karine B\u00e9nac et H\u00e9l\u00e8ne Harmat.","authors":["Karine B\u00e9nac","Helene Harmat"],"category_codes":["1000000","1090000","1090600"],"visuals":{"large":"https:\/\/images.epagine.fr\/163\/9782350734163_1_75.jpg","medium":"https:\/\/images.epagine.fr\/163\/9782350734163_1_m.jpg","thumbnail":"https:\/\/images.epagine.fr\/163\/9782350734163_1_v.jpg"},"orderable":true,"show_badge":true,"formatted_price":"8,00&nbsp;\u20ac","formatted_published_date":"18 mai 2011","publisher_availability_label":"Sur commande","short_details":"Karine B\u00e9nac, Helene Harmat \u2014 Presses Litteraires","translator":null,"weight":84,"page_count":40,"readership":null,"editor":"Presses Litteraires","price":800,"published_date":"2011-05-17T22:00:00.000000Z","support":"Grand format","publisher_availability":1,"stock":0,"editions":[],"url":"https:\/\/quaidesbrumes.com\/ouvrage\/9782350734163\/serre-tete-et-autres-fredaines"},{"id":"9782919120048","title":"Machine a mediter","description":null,"authors":["Bernard Moreau"],"category_codes":["1000000","1090000"],"visuals":{"large":"https:\/\/quaidesbrumes.com\/img\/book-placeholder.png","medium":"https:\/\/quaidesbrumes.com\/img\/book-placeholder.png","thumbnail":"https:\/\/quaidesbrumes.com\/img\/book-placeholder.png"},"orderable":true,"show_badge":true,"formatted_price":"10,00&nbsp;\u20ac","formatted_published_date":"17 avril 2011","publisher_availability_label":"Sur commande","short_details":"Bernard Moreau \u2014 Mazette","translator":null,"weight":100,"page_count":null,"readership":null,"editor":"Mazette","price":1000,"published_date":"2011-04-16T22:00:00.000000Z","support":"Grand format","publisher_availability":1,"stock":0,"editions":[],"url":"https:\/\/quaidesbrumes.com\/ouvrage\/9782919120048\/machine-a-mediter"},{"id":"9782919609024","title":"Un exil de trente-sept heures, deux minutes et vingt-huit secondes","description":null,"authors":["Jovan"],"category_codes":["1000000","1090000"],"visuals":{"large":"https:\/\/quaidesbrumes.com\/img\/book-placeholder.png","medium":"https:\/\/quaidesbrumes.com\/img\/book-placeholder.png","thumbnail":"https:\/\/quaidesbrumes.com\/img\/book-placeholder.png"},"orderable":true,"show_badge":true,"formatted_price":"9,00&nbsp;\u20ac","formatted_published_date":"9 novembre 2011","publisher_availability_label":"Sur commande","short_details":"Jovan \u2014 Robin","translator":null,"weight":90,"page_count":null,"readership":null,"editor":"Robin","price":900,"published_date":"2011-11-08T23:00:00.000000Z","support":"Grand format","publisher_availability":1,"stock":0,"editions":[],"url":"https:\/\/quaidesbrumes.com\/ouvrage\/9782919609024\/un-exil-de-trente-sept-heures-deux-minutes-et-vingt-huit-secondes"},{"id":"9782914490016","title":"Ix variations sur un theme de balthus - trilingue anglais\/italien","description":null,"authors":["Horacio Amigorena"],"category_codes":["1000000","1090000"],"visuals":{"large":"https:\/\/quaidesbrumes.com\/img\/book-placeholder.png","medium":"https:\/\/quaidesbrumes.com\/img\/book-placeholder.png","thumbnail":"https:\/\/quaidesbrumes.com\/img\/book-placeholder.png"},"orderable":true,"show_badge":true,"formatted_price":"15,00&nbsp;\u20ac","formatted_published_date":"2 f\u00e9vrier 2002","publisher_availability_label":"Sur commande","short_details":"Horacio Amigorena \u2014 Absteme & Bobance","translator":null,"weight":84,"page_count":null,"readership":null,"editor":"Absteme & Bobance","price":1500,"published_date":"2002-02-01T23:00:00.000000Z","support":"Grand format","publisher_availability":1,"stock":0,"editions":[],"url":"https:\/\/quaidesbrumes.com\/ouvrage\/9782914490016\/ix-variations-sur-un-theme-de-balthus-trilingue-anglaisitalien"},{"id":"9791029005657","title":"La f\u00e9e des mots Tome 3","description":"Une promenade aux rivages de toutes les \u00e9motions passant de l'hiver naissant au joli printemps d'aimer, le fil du temps ...En suivant cette m\u00e9lodie des mots qui nous enchante et nous ouvre les portes de mondes si diff\u00e9rents mais tous tellement touchants.\r\nLes mots racont\u00e9s ... qui ne vous laisseront pas indiff\u00e9rents.\r\nJe vous invite \u00e0 les d\u00e9couvrir .","authors":["Louise Racaud"],"category_codes":["1000000","1090000"],"visuals":{"large":"https:\/\/images.epagine.fr\/657\/9791029005657_1_75.jpg","medium":"https:\/\/images.epagine.fr\/657\/9791029005657_1_m.jpg","thumbnail":"https:\/\/images.epagine.fr\/657\/9791029005657_1_v.jpg"},"orderable":true,"show_badge":true,"formatted_price":"13,00&nbsp;\u20ac","formatted_published_date":"26 ao\u00fbt 2016","publisher_availability_label":"Sur commande","short_details":"Louise Racaud \u2014 CHAPITRE.COM","translator":null,"weight":75,"page_count":70,"readership":null,"editor":"CHAPITRE.COM","price":1300,"published_date":"2016-08-25T22:00:00.000000Z","support":"Grand format","publisher_availability":1,"stock":0,"editions":[],"url":"https:\/\/quaidesbrumes.com\/ouvrage\/9791029005657\/la-fee-des-mots-tome-3"},{"id":"9782296105256","title":"AFRIQUE LIBERTE : voyage dans le tunnel du temps ; r\u00e9bellion de la conscience","description":"Dans Voyage dans le tunnel du Temps (suivi de R\u00e9bellion de la Conscience) \u00e9crire est une autre fa\u00e7on d'\u00eatre, c'est un \u00e9tat d'\u00e2me et la po\u00e9sie assertive et empathique en est une des mat\u00e9rialisations. Autant que la musique, cette po\u00e9sie r\u00e9veille nos sens et proclame son amour du Sens.Dans ce d\u00e9cloisonnement du panafricanisme, le po\u00e8te, ce boulanger de la paix, fa\u00e7onne la mati\u00e8re.","authors":["Seydou Kon\u00e9"],"category_codes":["1000000","1090000"],"visuals":{"large":"https:\/\/images.epagine.fr\/256\/9782296105256_1_75.jpg","medium":"https:\/\/images.epagine.fr\/256\/9782296105256_1_m.jpg","thumbnail":"https:\/\/images.epagine.fr\/256\/9782296105256_1_v.jpg"},"orderable":true,"show_badge":true,"formatted_price":"12,00&nbsp;\u20ac","formatted_published_date":"21 avril 2010","publisher_availability_label":"Sur commande","short_details":"Seydou Kon\u00e9 \u2014 \u00c9ditions L'Harmattan","translator":null,"weight":105,"page_count":null,"readership":null,"editor":"\u00c9ditions L'Harmattan","price":1200,"published_date":"2010-04-20T22:00:00.000000Z","support":"Grand format","publisher_availability":1,"stock":0,"editions":[],"url":"https:\/\/quaidesbrumes.com\/ouvrage\/9782296105256\/afrique-liberte-voyage-dans-le-tunnel-du-temps-rebellion-de-la-conscience"},{"id":"9782919120055","title":"Vous etes ici","description":null,"authors":["Cheval Gilles"],"category_codes":["1000000","1090000"],"visuals":{"large":"https:\/\/quaidesbrumes.com\/img\/book-placeholder.png","medium":"https:\/\/quaidesbrumes.com\/img\/book-placeholder.png","thumbnail":"https:\/\/quaidesbrumes.com\/img\/book-placeholder.png"},"orderable":true,"show_badge":true,"formatted_price":"10,00&nbsp;\u20ac","formatted_published_date":"1er octobre 2011","publisher_availability_label":"Sur commande","short_details":"Cheval Gilles \u2014 Mazette","translator":null,"weight":120,"page_count":null,"readership":null,"editor":"Mazette","price":1000,"published_date":"2011-09-30T22:00:00.000000Z","support":"Grand format","publisher_availability":1,"stock":0,"editions":[],"url":"https:\/\/quaidesbrumes.com\/ouvrage\/9782919120055\/vous-etes-ici"},{"id":"9782970061809","title":"\u00e9tat d'\u00e2me","description":null,"authors":["Carlos Pires"],"category_codes":["1000000","1090000"],"visuals":{"large":"https:\/\/images.epagine.fr\/809\/9782970061809_1_75.jpg","medium":"https:\/\/images.epagine.fr\/809\/9782970061809_1_m.jpg","thumbnail":"https:\/\/images.epagine.fr\/809\/9782970061809_1_v.jpg"},"orderable":true,"show_badge":true,"formatted_price":"12,00&nbsp;\u20ac","formatted_published_date":"1er juin 2008","publisher_availability_label":"Sur commande","short_details":"Carlos Pires \u2014 Furtado Editions","translator":null,"weight":0,"page_count":49,"readership":null,"editor":"Furtado Editions","price":1200,"published_date":"2008-05-31T22:00:00.000000Z","support":"Poche","publisher_availability":1,"stock":0,"editions":[],"url":"https:\/\/quaidesbrumes.com\/ouvrage\/9782970061809\/etat-dame"},{"id":"9782914258760","title":"Gestes courts","description":"\u00ab Gestes Courts rend compte d'un bouleversement dans la perception : ce n'est plus le sujet, l'individu, qui, par son regard (sa pens\u00e9e, son geste...), fait advenir les choses, ce sont les choses (poteau, mur, odeur...) qui se nomment et qui, de cette fa\u00e7on, font appara\u00eetre le sujet, le \u00ab tu \u00bb des textes. Il y a un renversement.\r\nIl ne s'agit cependant pas de se laisser porter, de laisser-faire, il ne s'agit pas non plus ici d'une mollesse contemplative - bien au contraire : car aussi peu que soit vouloir, il est \"seul b\u00e2ti\/entre le feu\".\r\nUne chose a chang\u00e9 cependant : la place du \"tu\" n'est plus centrale. \"Tu\" est en marge - dans le regard d'un rongeur : \"non pas toi mais [...] le rongeur qui te voit\", dans l'indiff\u00e9rence d'un insecte.\r\nCe \"tu\" doit \u00eatre diminu\u00e9 encore. \"Tu\" doit aller vers les \"mots de moins\", les gestes les plus courts. C'est un long travail que celui de se d\u00e9faire - mais alors para\u00eet (il faut l'esp\u00e9rer), sous ces \"mots de moins\", \"l'\u00e9clat de lame\" du r\u00e9el. \u00bb Beno\u00eet Reiss","authors":["Beno\u00eet Reiss"],"category_codes":["1000000","1090000"],"visuals":{"large":"https:\/\/quaidesbrumes.com\/img\/book-placeholder.png","medium":"https:\/\/quaidesbrumes.com\/img\/book-placeholder.png","thumbnail":"https:\/\/quaidesbrumes.com\/img\/book-placeholder.png"},"orderable":true,"show_badge":true,"formatted_price":"12,00&nbsp;\u20ac","formatted_published_date":"12 juin 2012","publisher_availability_label":"Sur commande","short_details":"Beno\u00eet Reiss \u2014 Eclats D'Encre","translator":null,"weight":80,"page_count":null,"readership":null,"editor":"Eclats D'Encre","price":1200,"published_date":"2012-06-11T22:00:00.000000Z","support":"Grand format","publisher_availability":1,"stock":0,"editions":[],"url":"https:\/\/quaidesbrumes.com\/ouvrage\/9782914258760\/gestes-courts"},{"id":"9782952671330","title":"La passion selon Victor Hugo","description":null,"authors":["Victor Hugo","Jacques Reverchon"],"category_codes":["1000000","1090000"],"visuals":{"large":"https:\/\/images.epagine.fr\/330\/9782952671330_1_75.jpg","medium":"https:\/\/images.epagine.fr\/330\/9782952671330_1_m.jpg","thumbnail":"https:\/\/images.epagine.fr\/330\/9782952671330_1_v.jpg"},"orderable":true,"show_badge":true,"formatted_price":"18,50&nbsp;\u20ac","formatted_published_date":"1er mai 2007","publisher_availability_label":"Sur commande","short_details":"Victor Hugo, Jacques Reverchon \u2014 Cyrano","translator":null,"weight":320,"page_count":null,"readership":null,"editor":"Cyrano","price":1850,"published_date":"2007-04-30T22:00:00.000000Z","support":"Grand format","publisher_availability":1,"stock":0,"editions":[],"url":"https:\/\/quaidesbrumes.com\/ouvrage\/9782952671330\/la-passion-selon-victor-hugo"}]}