{"data":[{"id":"9782917826126","title":"Altermoiments","description":null,"authors":["Walter Jacob Vincent"],"category_codes":["1000000","1090000"],"visuals":{"large":"https:\/\/quaidesbrumes.com\/img\/book-placeholder.png","medium":"https:\/\/quaidesbrumes.com\/img\/book-placeholder.png","thumbnail":"https:\/\/quaidesbrumes.com\/img\/book-placeholder.png"},"orderable":true,"show_badge":true,"formatted_price":"9,00&nbsp;\u20ac","formatted_published_date":"14 ao\u00fbt 2012","publisher_availability_label":"Sur commande","short_details":"Walter Jacob Vincent \u2014 Vermifuge","translator":null,"weight":110,"page_count":null,"readership":null,"editor":"Vermifuge","price":900,"published_date":"2012-08-13T22:00:00.000000Z","support":"Grand format","publisher_availability":1,"stock":0,"editions":[],"url":"https:\/\/quaidesbrumes.com\/ouvrage\/9782917826126\/altermoiments"},{"id":"9782353280803","title":"Butiner la vie","description":null,"authors":["Alain Lacouchie"],"category_codes":["1000000","1090000"],"visuals":{"large":"https:\/\/images.epagine.fr\/803\/9782353280803_1_75.jpg","medium":"https:\/\/images.epagine.fr\/803\/9782353280803_1_m.jpg","thumbnail":"https:\/\/images.epagine.fr\/803\/9782353280803_1_v.jpg"},"orderable":true,"show_badge":true,"formatted_price":"16,30&nbsp;\u20ac","formatted_published_date":"13 d\u00e9cembre 2011","publisher_availability_label":"Sur commande","short_details":"Alain Lacouchie \u2014 Editinter","translator":null,"weight":155,"page_count":null,"readership":null,"editor":"Editinter","price":1630,"published_date":"2011-12-12T23:00:00.000000Z","support":"Grand format","publisher_availability":1,"stock":0,"editions":[],"url":"https:\/\/quaidesbrumes.com\/ouvrage\/9782353280803\/butiner-la-vie"},{"id":"9782914343039","title":"L'amour insolent","description":null,"authors":["Jean Legrand"],"category_codes":["1000000","1090000"],"visuals":{"large":"https:\/\/images.epagine.fr\/039\/9782914343039_1_75.jpg","medium":"https:\/\/images.epagine.fr\/039\/9782914343039_1_m.jpg","thumbnail":"https:\/\/images.epagine.fr\/039\/9782914343039_1_v.jpg"},"orderable":true,"show_badge":true,"formatted_price":"7,50&nbsp;\u20ac","formatted_published_date":"1er mai 2002","publisher_availability_label":"Sur commande","short_details":"Jean Legrand \u2014 La Termitiere","translator":null,"weight":100,"page_count":null,"readership":null,"editor":"La Termitiere","price":750,"published_date":"2002-04-30T22:00:00.000000Z","support":"Poche","publisher_availability":1,"stock":0,"editions":[],"url":"https:\/\/quaidesbrumes.com\/ouvrage\/9782914343039\/lamour-insolent"},{"id":"9782312041858","title":"La lumi\u00e8re du chagrin","description":"\" Qu'est-ce que la mort ? \" L'abandon du corps De la vie sur terre La fin du myst\u00e8re \u00bb  Ouvrage po\u00e9tique sur le deuil  qui console le coeur et apaise l'esprit  Des textes aux formes br\u00e8ves et vari\u00e9es   transcrivent \u00e9motions et interrogations  travers\u00e9es lors de la perte d'un \u00eatre cher  ainsi que le cheminement  vers l'insoup\u00e7onnable richesse  de la transformation int\u00e9rieure  qui s'ensuit.\r","authors":["Anne La doil\u00e8ne"],"category_codes":["1000000","1090000"],"visuals":{"large":"https:\/\/images.epagine.fr\/858\/9782312041858_1_75.jpg","medium":"https:\/\/images.epagine.fr\/858\/9782312041858_1_m.jpg","thumbnail":"https:\/\/images.epagine.fr\/858\/9782312041858_1_v.jpg"},"orderable":true,"show_badge":true,"formatted_price":"16,00&nbsp;\u20ac","formatted_published_date":"18 f\u00e9vrier 2016","publisher_availability_label":"Sur commande","short_details":"Anne La doil\u00e8ne \u2014 Editions du Net","translator":null,"weight":237,"page_count":132,"readership":null,"editor":"Editions du Net","price":1600,"published_date":"2016-02-17T23:00:00.000000Z","support":"Grand format","publisher_availability":1,"stock":0,"editions":[],"url":"https:\/\/quaidesbrumes.com\/ouvrage\/9782312041858\/la-lumiere-du-chagrin"},{"id":"9782757002377","title":"Pas de miracles !","description":"Une malice de protocoles et de belles heures de marche pour faire raisonner la porosit\u00e9 des mots.\r\n\r\nLes po\u00e8mes et les textes de Bertrand Chavaroche prolongent ses rencontres avec l'esp\u00e8ce humaine et parfois des d\u00e9rives fixent les r\u00e8gles du je.","authors":["Bertrand Chavaroche"],"category_codes":["1000000","1090000"],"visuals":{"large":"https:\/\/images.epagine.fr\/377\/9782757002377_1_75.jpg","medium":"https:\/\/images.epagine.fr\/377\/9782757002377_1_m.jpg","thumbnail":"https:\/\/images.epagine.fr\/377\/9782757002377_1_v.jpg"},"orderable":true,"show_badge":true,"formatted_price":"11,00&nbsp;\u20ac","formatted_published_date":"9 mai 2012","publisher_availability_label":"Sur commande","short_details":"Bertrand Chavaroche \u2014 Jacques Andre","translator":null,"weight":59,"page_count":40,"readership":null,"editor":"Jacques Andre","price":1100,"published_date":"2012-05-08T22:00:00.000000Z","support":"Grand format","publisher_availability":1,"stock":0,"editions":[],"url":"https:\/\/quaidesbrumes.com\/ouvrage\/9782757002377\/pas-de-miracles"},{"id":"9782874595622","title":"Et toutes les autres choses manquent","description":null,"authors":["B\u00e9atrice Bertieaux"],"category_codes":["1000000","1090000"],"visuals":{"large":"https:\/\/quaidesbrumes.com\/img\/book-placeholder.png","medium":"https:\/\/quaidesbrumes.com\/img\/book-placeholder.png","thumbnail":"https:\/\/quaidesbrumes.com\/img\/book-placeholder.png"},"orderable":true,"show_badge":true,"formatted_price":"16,40&nbsp;\u20ac","formatted_published_date":"2 juin 2011","publisher_availability_label":"Sur commande","short_details":"B\u00e9atrice Bertieaux \u2014 Chloe Des Lys","translator":null,"weight":150,"page_count":null,"readership":null,"editor":"Chloe Des Lys","price":1640,"published_date":"2011-06-01T22:00:00.000000Z","support":"Grand format","publisher_availability":1,"stock":0,"editions":[],"url":"https:\/\/quaidesbrumes.com\/ouvrage\/9782874595622\/et-toutes-les-autres-choses-manquent"},{"id":"9782914327046","title":"Po\u00e8mes accord\u00e9s","description":"De la musique avant toute chose. Ces mots fameux de Paul Verlaine nous rappellent combien l'\u00e9criture po\u00e9tique est affaire de rythmes, de sons et d'harmonie. Combien aussi il n'y a pas de po\u00e8me sans la musique qui l'accompagne, pas de po\u00e8me sans la musique qui le porte. La photographie quant \u00e0 elle, enrichit le texte par sa propre subjectivit\u00e9, en suscitant des ponts entre le visible et l'invisible, entre l'ici et l'ailleurs. D\u00e8s lors, Po\u00e8mes accord\u00e9s, que le Centre Litt\u00e9raire Escales des Lettres vous propose est l'occasion de rencontrer et de faire se rencontrer ces trois formes d'Art.\r\n\r\nVous trouverez dans ce livre les textes originaux de neuf po\u00e8tes : Patrick Bouvet, Werner Lambersy, Ian Monk, Sylvie N\u00e8ve, Charles Pennequin, Jean Portante, Dominique Sampiero, Lucien Suel, Jean-Pierre Verheggen et le travail photographique de Pierre Devin. Tous se sont inspir\u00e9s des instruments du musicien Serge Bulot.\r\n\r\nL'id\u00e9e d'une rencontre entre la po\u00e9sie, la musique et la photographie n'est donc pas anodine. En se regroupant dans un m\u00eame \u00e9lan, ces trois formes d'expression artistique ne s'arr\u00eatent pas \u00e0 la simple description d'un objet ou d'une \u00e9motion ; elles renvoient les unes aux autres une partie de leur perception, et ainsi se recoupent, se compl\u00e8tent et cr\u00e9ent ce que Baudelaire appelait des Correspondances.\r","authors":["Collectif"],"category_codes":["1000000","1090000"],"visuals":{"large":"https:\/\/images.epagine.fr\/046\/9782914327046_1_75.jpg","medium":"https:\/\/images.epagine.fr\/046\/9782914327046_1_m.jpg","thumbnail":"https:\/\/images.epagine.fr\/046\/9782914327046_1_v.jpg"},"orderable":true,"show_badge":true,"formatted_price":"19,00&nbsp;\u20ac","formatted_published_date":"1er janvier 2002","publisher_availability_label":"Sur commande","short_details":"Collectif \u2014 Marais Du Livre","translator":null,"weight":101,"page_count":72,"readership":null,"editor":"Marais Du Livre","price":1900,"published_date":"2001-12-31T23:00:00.000000Z","support":"Grand format","publisher_availability":1,"stock":0,"editions":[],"url":"https:\/\/quaidesbrumes.com\/ouvrage\/9782914327046\/poemes-accordes"},{"id":"9782912093318","title":"L'OMBRE QUE LES LOUPS EMPORTENT (POEMES 1985-2000)","description":"L'ombre que les loups emportent rassemble les po\u00e8mes \u00e9crits par Christophe Dauphin entre 1985 et 2000, soit quinze livres et plaquettes, la plupart in\u00e9dits. \u00ab Sans le po\u00e8te, \u00e9crit Dauphin, il n'y a ni r\u00eaves, ni miroirs \u00bb. Parce que le po\u00e8te refuse, \u00e0 tous les niveaux, de se sentir \u00e0 l'\u00e9troit dans le monde. D'o\u00f9 son recours permanent \u00e0 une toile de fond cosmique : les astres, les \u00e9toiles, l'horizon ; \u00e0 la valse des \u00e9l\u00e9ments : le vent, les fleuves, la pluie ; \u00e0 la Nature jour et nuit en pl\u00e9nitude : les arbres, les feuilles, les fleurs... L'homme - qui d'ailleurs est \u00ab un nomade \u00bb - est, sans cesse p\u00e9n\u00e9tr\u00e9 par le monde. En effet, pour faire face, pour se voir bouger, pour ressentir son \u00eatre, il a besoin de cette fresque \u00e9l\u00e9mentaire \u00e0 quoi s'appuyer, avec quoi jongler, entrer et sortir de soi par toutes sortes de portes, puisqu'il envoie ses po\u00e8mes \u00e0 la poursuite du \u00ab qui sommes-nous au milieu de tout \u00e7a ? \u00bb La mati\u00e8re premi\u00e8re du monde sensible coagul\u00e9e \u00e0 la volont\u00e9 de connaissance de soi et aux incursions, \u00e0 nos \u00e9lans \u00ab sur la route du sang \u00bb... Christophe Dauphin est un po\u00e8te de la po\u00e9sie v\u00e9cue, un po\u00e8te de l'\u00e9motion. Il s'insurge contre les massacres. Il nous appelle \u00e0 r\u00e9unir nos forces afin de \u00ab donner sens \u00e0 cette terre \u00e9gorg\u00e9e par le mensonge \u00bb. Et pour se faire entendre, il pratique le \u00ab cri arracheur d'entrailles \u00bb.\r\n\r\nJean BRETON  (Mars 2000. Extrait de la pr\u00e9face)","authors":["Christophe Dauphin"],"category_codes":["1000000","1090000"],"visuals":{"large":"https:\/\/images.epagine.fr\/318\/9782912093318_1_75.jpg","medium":"https:\/\/images.epagine.fr\/318\/9782912093318_1_m.jpg","thumbnail":"https:\/\/images.epagine.fr\/318\/9782912093318_1_v.jpg"},"orderable":true,"show_badge":true,"formatted_price":"22,00&nbsp;\u20ac","formatted_published_date":"2 octobre 2012","publisher_availability_label":"Sur commande","short_details":"Christophe Dauphin \u2014 Hommes Sans Epaules","translator":null,"weight":508,"page_count":476,"readership":null,"editor":"Hommes Sans Epaules","price":2200,"published_date":"2012-10-01T22:00:00.000000Z","support":"Grand format","publisher_availability":1,"stock":0,"editions":[],"url":"https:\/\/quaidesbrumes.com\/ouvrage\/9782912093318\/lombre-que-les-loups-emportent-poemes-1985-2000"},{"id":"9782296557949","title":"Chants d'amour sous les tropiques","description":"Dans ce onzi\u00e8me recueil de po\u00e9sie, l'auteur laisse chanter l'Amour sous les Tropiques. La paysanne de sa campagne tant\u00f4t Poup\u00e9e, tant\u00f4t travailleuse des champs, incarne l'Amour dans toute sa splendeur et dans toute sa pl\u00e9nitude. Ecrits dans une langue sensuelle, ces po\u00e8mes invitent \u00e0 l'\u00e9vasion, \u00e0 l'abandon de soi, aux rencontres avec la nature et avec l'\u00eatre aim\u00e9.\r","authors":["Ernest Moutoussamy"],"category_codes":["1000000","1090000"],"visuals":{"large":"https:\/\/images.epagine.fr\/949\/9782296557949_1_75.jpg","medium":"https:\/\/images.epagine.fr\/949\/9782296557949_1_m.jpg","thumbnail":"https:\/\/images.epagine.fr\/949\/9782296557949_1_v.jpg"},"orderable":true,"show_badge":true,"formatted_price":"13,50&nbsp;\u20ac","formatted_published_date":"1er d\u00e9cembre 2011","publisher_availability_label":"Sur commande","short_details":"Ernest Moutoussamy \u2014 \u00c9ditions L'Harmattan","translator":null,"weight":145,"page_count":110,"readership":null,"editor":"\u00c9ditions L'Harmattan","price":1350,"published_date":"2011-11-30T23:00:00.000000Z","support":"Grand format","publisher_availability":1,"stock":0,"editions":[],"url":"https:\/\/quaidesbrumes.com\/ouvrage\/9782296557949\/chants-damour-sous-les-tropiques"},{"id":"9782919137008","title":"Polyptyques V ; po\u00e8mes et \u00e9crits sur les oeuvres de Mariannic Parra","description":null,"authors":["Parra"],"category_codes":["1000000","1090000"],"visuals":{"large":"https:\/\/quaidesbrumes.com\/img\/book-placeholder.png","medium":"https:\/\/quaidesbrumes.com\/img\/book-placeholder.png","thumbnail":"https:\/\/quaidesbrumes.com\/img\/book-placeholder.png"},"orderable":true,"show_badge":true,"formatted_price":"15,00&nbsp;\u20ac","formatted_published_date":"14 juillet 2010","publisher_availability_label":"Sur commande","short_details":"Parra \u2014 Dessables","translator":null,"weight":130,"page_count":99,"readership":null,"editor":"Dessables","price":1500,"published_date":"2010-07-13T22:00:00.000000Z","support":"Grand format","publisher_availability":1,"stock":0,"editions":[],"url":"https:\/\/quaidesbrumes.com\/ouvrage\/9782919137008\/polyptyques-v-poemes-et-ecrits-sur-les-oeuvres-de-mariannic-parra"},{"id":"9782332890115","title":"Camille Claudel, la valse des gestes ; po\u00e9sie biographique","description":"Le nom de Camille Claudel (1864-1943) \u00e9voque in\u00e9vitablement le personnage d'Auguste Rodin, sculpteur, ou encore son fr\u00e8re, Paul Claudel, diplomate et \u00e9crivain. Toutefois, il est de ces personnages qui m\u00e9ritent une sortie de l'oubli.\r\n\r\n Dans ce recueil, Denis Morin nous exprime ce qui animait ce grand artiste (la cr\u00e9ation, sa famille, l'amour) et nous d\u00e9crit son entr\u00e9e en exil. Camille n'a pas dit son dernier mot...\r","authors":["Denis Morin"],"category_codes":["1000000","1090000"],"visuals":{"large":"https:\/\/images.epagine.fr\/115\/9782332890115_1_75.jpg","medium":"https:\/\/images.epagine.fr\/115\/9782332890115_1_m.jpg","thumbnail":"https:\/\/images.epagine.fr\/115\/9782332890115_1_v.jpg"},"orderable":true,"show_badge":true,"formatted_price":"11,00&nbsp;\u20ac","formatted_published_date":"17 avril 2015","publisher_availability_label":"Sur commande","short_details":"Denis Morin \u2014 Edilivre","translator":null,"weight":154,"page_count":70,"readership":null,"editor":"Edilivre","price":1100,"published_date":"2015-04-16T22:00:00.000000Z","support":"Grand format","publisher_availability":1,"stock":0,"editions":[],"url":"https:\/\/quaidesbrumes.com\/ouvrage\/9782332890115\/camille-claudel-la-valse-des-gestes-poesie-biographique"},{"id":"9782845875098","title":"D'un phras\u00e9 monde","description":"Un recueil de po\u00e8mes qui \u00e9voquent le d\u00e9roul\u00e9 d'une vie.\r","authors":["Guy Perrocheau"],"category_codes":["1000000","1090000","1090600"],"visuals":{"large":"https:\/\/images.epagine.fr\/098\/9782845875098_1_75.jpg","medium":"https:\/\/images.epagine.fr\/098\/9782845875098_1_m.jpg","thumbnail":"https:\/\/images.epagine.fr\/098\/9782845875098_1_v.jpg"},"orderable":true,"show_badge":true,"formatted_price":"14,00&nbsp;\u20ac","formatted_published_date":"1er septembre 2020","publisher_availability_label":"Sur commande","short_details":"Guy Perrocheau \u2014 Tarabuste","translator":null,"weight":400,"page_count":124,"readership":null,"editor":"Tarabuste","price":1400,"published_date":"2020-08-31T22:00:00.000000Z","support":"Grand format","publisher_availability":1,"stock":0,"editions":[],"url":"https:\/\/quaidesbrumes.com\/ouvrage\/9782845875098\/dun-phrase-monde"},{"id":"9782845875067","title":"Europa popula","description":"Troisi\u00e8me volet de la trilogie sur l'Europe du po\u00e8te avec Big bang Europa et Apr\u00e8s l'union : po\u00e9sie continentale. Ce recueil \u00e9voque l'arriv\u00e9e d'enfants \u00e9migr\u00e9s sur le continent europ\u00e9en, dont le coeur n'est plus un abri mais un lieu saccag\u00e9 dont le narrateur tente de s'\u00e9chapper.\r","authors":["Antonio Rodriguez"],"category_codes":["1000000","1090000","1090600"],"visuals":{"large":"https:\/\/images.epagine.fr\/067\/9782845875067_1_75.jpg","medium":"https:\/\/images.epagine.fr\/067\/9782845875067_1_m.jpg","thumbnail":"https:\/\/images.epagine.fr\/067\/9782845875067_1_v.jpg"},"orderable":true,"show_badge":true,"formatted_price":"13,00&nbsp;\u20ac","formatted_published_date":"1er septembre 2020","publisher_availability_label":"Sur commande","short_details":"Antonio Rodriguez \u2014 Tarabuste","translator":null,"weight":400,"page_count":110,"readership":null,"editor":"Tarabuste","price":1300,"published_date":"2020-08-31T22:00:00.000000Z","support":"Grand format","publisher_availability":1,"stock":0,"editions":[],"url":"https:\/\/quaidesbrumes.com\/ouvrage\/9782845875067\/europa-popula"},{"id":"9782915831788","title":"Au commencement des douleurs","description":null,"authors":["Pascal Boulanger"],"category_codes":["1000000","1090000"],"visuals":{"large":"https:\/\/images.epagine.fr\/788\/9782915831788_1_75.jpg","medium":"https:\/\/images.epagine.fr\/788\/9782915831788_1_m.jpg","thumbnail":"https:\/\/images.epagine.fr\/788\/9782915831788_1_v.jpg"},"orderable":true,"show_badge":true,"formatted_price":"17,00&nbsp;\u20ac","formatted_published_date":"26 avril 2013","publisher_availability_label":"Sur commande","short_details":"Pascal Boulanger \u2014 Corlevour","translator":null,"weight":169,"page_count":128,"readership":null,"editor":"Corlevour","price":1700,"published_date":"2013-04-25T22:00:00.000000Z","support":"Grand format","publisher_availability":1,"stock":0,"editions":[],"url":"https:\/\/quaidesbrumes.com\/ouvrage\/9782915831788\/au-commencement-des-douleurs"},{"id":"9782322573646","title":"Tailleur de r\u00eaves","description":"Je ne suis qu'un tailleur de r\u00eaves\r\nAu ciel des mots","authors":["Bruno Cosson"],"category_codes":["1000000","1090000","1090600"],"visuals":{"large":"https:\/\/images.epagine.fr\/646\/9782322573646_1_75.jpg","medium":"https:\/\/images.epagine.fr\/646\/9782322573646_1_m.jpg","thumbnail":"https:\/\/images.epagine.fr\/646\/9782322573646_1_v.jpg"},"orderable":true,"show_badge":true,"formatted_price":"18,00&nbsp;\u20ac","formatted_published_date":"20 f\u00e9vrier 2025","publisher_availability_label":"Sur commande","short_details":"Bruno Cosson \u2014 Books on Demand","translator":null,"weight":244,"page_count":162,"readership":null,"editor":"Books on Demand","price":1800,"published_date":"2025-02-19T23:00:00.000000Z","support":"Grand format","publisher_availability":1,"stock":0,"editions":[],"url":"https:\/\/quaidesbrumes.com\/ouvrage\/9782322573646\/tailleur-de-reves"},{"id":"9782845875111","title":"Le pr\u00e9sent du pr\u00e9sent ; il faut que tu me suives","description":"Deux recueils \u00e9voquant le travail du po\u00e8te qui tente de poser des mots sur ses sentiments et sur les \u00e9v\u00e9nements qu'il vit ainsi que la difficult\u00e9 de trouver les paroles appropri\u00e9es pour d\u00e9crire ces derniers.\r","authors":["Alexis Pelletier"],"category_codes":["1000000","1090000","1090600"],"visuals":{"large":"https:\/\/images.epagine.fr\/111\/9782845875111_1_75.jpg","medium":"https:\/\/images.epagine.fr\/111\/9782845875111_1_m.jpg","thumbnail":"https:\/\/images.epagine.fr\/111\/9782845875111_1_v.jpg"},"orderable":true,"show_badge":true,"formatted_price":"20,00&nbsp;\u20ac","formatted_published_date":"1er septembre 2020","publisher_availability_label":"Sur commande","short_details":"Alexis Pelletier \u2014 Tarabuste","translator":null,"weight":500,"page_count":320,"readership":null,"editor":"Tarabuste","price":2000,"published_date":"2020-08-31T22:00:00.000000Z","support":"Grand format","publisher_availability":1,"stock":0,"editions":[],"url":"https:\/\/quaidesbrumes.com\/ouvrage\/9782845875111\/le-present-du-present-il-faut-que-tu-me-suives"},{"id":"9791090150157","title":"Po\u00e9mitude t.sixieme","description":"Matin obscur\r\n\r\nLe jour flottait, ombreux, pris d'\u00e9pouvante,\r\nComme happ\u00e9 par un vil traquenard !\r\n\r\nLe jour flottait, ombreux, pris d'\u00e9pouvante\r\nIl ne filtrait qu'une image aveuglante,\r\nToute vie \u00e9garant. Un flot blafard\r\nCeinturait tout en bas. Envahissante,\r\nUne opacit\u00e9 froide et grandissante\r\nFigea sur l'heure un mortel cauchemar,\r\nNe laissant qu'un d\u00e9cor gris de polar.\r\nSeule \u00e0 ma vue, une ombre frissonnante\r\nDessinait de longs bras dans le brouillard,\r\nUn fr\u00eane s'agitait dans la descente\r\nComme happ\u00e9 par un vil traquenard !","authors":["Khris Anthelme"],"category_codes":["1000000","1090000"],"visuals":{"large":"https:\/\/images.epagine.fr\/157\/9791090150157_1_75.jpg","medium":"https:\/\/images.epagine.fr\/157\/9791090150157_1_m.jpg","thumbnail":"https:\/\/images.epagine.fr\/157\/9791090150157_1_v.jpg"},"orderable":true,"show_badge":true,"formatted_price":"15,00&nbsp;\u20ac","formatted_published_date":"20 mai 2012","publisher_availability_label":"Sur commande","short_details":"Khris Anthelme \u2014 Stellamaris","translator":null,"weight":210,"page_count":165,"readership":null,"editor":"Stellamaris","price":1500,"published_date":"2012-05-19T22:00:00.000000Z","support":"Grand format","publisher_availability":1,"stock":0,"editions":[],"url":"https:\/\/quaidesbrumes.com\/ouvrage\/9791090150157\/poemitude-tsixieme"},{"id":"9782845875081","title":"Lire un jardin (l'aube viendra-t-elle)","description":"De courts po\u00e8mes en prose \u00e9voquant divers jardins ainsi que les sentiments qu'ils inspirent au po\u00e8te et les occupations auxquelles il s'y livre, \u00e0 diff\u00e9rents moments de la journ\u00e9e.\r","authors":["Jean-claude Martin"],"category_codes":["1000000","1090000","1090600"],"visuals":{"large":"https:\/\/images.epagine.fr\/081\/9782845875081_1_75.jpg","medium":"https:\/\/images.epagine.fr\/081\/9782845875081_1_m.jpg","thumbnail":"https:\/\/images.epagine.fr\/081\/9782845875081_1_v.jpg"},"orderable":true,"show_badge":true,"formatted_price":"12,00&nbsp;\u20ac","formatted_published_date":"1er septembre 2020","publisher_availability_label":"Sur commande","short_details":"Jean-claude Martin \u2014 Tarabuste","translator":null,"weight":250,"page_count":74,"readership":null,"editor":"Tarabuste","price":1200,"published_date":"2020-08-31T22:00:00.000000Z","support":"Grand format","publisher_availability":1,"stock":0,"editions":[],"url":"https:\/\/quaidesbrumes.com\/ouvrage\/9782845875081\/lire-un-jardin-laube-viendra-t-elle"},{"id":"9782896980727","title":"Chien de fusil","description":"Nous voyons devant nous souvrir les perc\u00e9es \u00e0 travers les arbres, l\u00e0 o\u00f9 nos ennemis s\u00e9corcheront la peau. Ils ne pourront rien contre nous tant que nous resterons cach\u00e9s. Ou alors nous courrons. Cette for\u00eat a d\u00e9j\u00e0 mang\u00e9 des routes et des maisons, et nous sommes si l\u00e9gers. Elle nous absorbera. Nous navons besoin de rien, de presque rien. Nous avons dress\u00e9 des listes: ce quil faudra apporter, ce que nous pourrons cueillir, planter ou tuer pour la viande, les objets \u00e0 b\u00e2tir, \u00e0 r\u00e9parer, \u00e0 br\u00fbler. Larme est trouv\u00e9e, elle repose \u00e0 sa place. Il faudrait plus de temps quil en reste \u00e0 nos vies pour nous venger compl\u00e8tement. Nous y renoncerons bient\u00f4t aussi.\r","authors":["Alexie Morin"],"category_codes":["1000000","1090000"],"visuals":{"large":"https:\/\/images.epagine.fr\/727\/9782896980727_1_75.jpg","medium":"https:\/\/images.epagine.fr\/727\/9782896980727_1_m.jpg","thumbnail":"https:\/\/images.epagine.fr\/727\/9782896980727_1_v.jpg"},"orderable":true,"show_badge":true,"formatted_price":"14,00&nbsp;\u20ac","formatted_published_date":"1er mars 2013","publisher_availability_label":"Sur commande","short_details":"Alexie Morin \u2014 LE QUARTANIER","translator":null,"weight":401,"page_count":null,"readership":null,"editor":"LE QUARTANIER","price":1400,"published_date":"2013-02-28T23:00:00.000000Z","support":"Grand format","publisher_availability":1,"stock":0,"editions":[],"url":"https:\/\/quaidesbrumes.com\/ouvrage\/9782896980727\/chien-de-fusil"},{"id":"9782296564039","title":"D\u00e9ception noire ? le n\u00e8gre est souriant","description":"Le h\u00e9ros de ce recueil est un intellectuel malade fa\u00e7onn\u00e9 pour l'essentiel par l'\u00e9tranger colonisateur. Comment peut-il, cinquante ans apr\u00e8s les ind\u00e9pendances, se mettre au service du peuple africain ? Et de quelle fa\u00e7on pourrait-il r\u00e9soudre le probl\u00e8me essentiel : les Africains ne produisent pas les biens dont ils ont besoin pour vivre dignement ?\r","authors":["Makombo Bambot\u00e9"],"category_codes":["1000000","1090000"],"visuals":{"large":"https:\/\/images.epagine.fr\/039\/9782296564039_1_75.jpg","medium":"https:\/\/images.epagine.fr\/039\/9782296564039_1_m.jpg","thumbnail":"https:\/\/images.epagine.fr\/039\/9782296564039_1_v.jpg"},"orderable":true,"show_badge":true,"formatted_price":"11,50&nbsp;\u20ac","formatted_published_date":"31 octobre 2011","publisher_availability_label":"Sur commande","short_details":"Makombo Bambot\u00e9 \u2014 \u00c9ditions L'Harmattan","translator":null,"weight":95,"page_count":68,"readership":null,"editor":"\u00c9ditions L'Harmattan","price":1150,"published_date":"2011-10-30T23:00:00.000000Z","support":"Grand format","publisher_availability":1,"stock":0,"editions":[],"url":"https:\/\/quaidesbrumes.com\/ouvrage\/9782296564039\/deception-noire-le-negre-est-souriant"},{"id":"9782912824813","title":"K.b. keith barnes","description":"Ce texte de Jacqueline Starer est paru en 1987 aux Editions Maurice Nadeau, Paris.\r\nCet ouvrage constitue la v\u00e9ritable introduction \u00e0 l'ouvrage bilingue \"oeuvre po\u00e9tique 1934-1969 de Keith Barnes\".\r\n  \r\nK.B. \u00e9dition bilingue ( traduction Anglaise par Helen McPhail aux \"\u00e9ditions d'\u00e9carts\" )\r","authors":["Jacqueline Starer"],"category_codes":["1000000","1090000"],"visuals":{"large":"https:\/\/images.epagine.fr\/813\/9782912824813_1_75.jpg","medium":"https:\/\/images.epagine.fr\/813\/9782912824813_1_m.jpg","thumbnail":"https:\/\/images.epagine.fr\/813\/9782912824813_1_v.jpg"},"orderable":true,"show_badge":true,"formatted_price":"20,00&nbsp;\u20ac","formatted_published_date":"13 juin 2007","publisher_availability_label":"Sur commande","short_details":"Jacqueline Starer \u2014 ECARTS","translator":null,"weight":200,"page_count":121,"readership":null,"editor":"ECARTS","price":2000,"published_date":"2007-06-12T22:00:00.000000Z","support":"Grand format","publisher_availability":1,"stock":0,"editions":[],"url":"https:\/\/quaidesbrumes.com\/ouvrage\/9782912824813\/kb-keith-barnes"},{"id":"9782312014791","title":"Recueil de po\u00e8mes","description":"Il s'agit d'un recueil de po\u00e8mes divis\u00e9 en quatre parties : Nature-voyages-r\u00e9flexions-myst\u00e8re.\r","authors":["Sylvie Arteon-sarrade"],"category_codes":["1000000","1090000"],"visuals":{"large":"https:\/\/images.epagine.fr\/791\/9782312014791_1_75.jpg","medium":"https:\/\/images.epagine.fr\/791\/9782312014791_1_m.jpg","thumbnail":"https:\/\/images.epagine.fr\/791\/9782312014791_1_v.jpg"},"orderable":true,"show_badge":true,"formatted_price":"13,00&nbsp;\u20ac","formatted_published_date":"18 octobre 2013","publisher_availability_label":"Sur commande","short_details":"Sylvie Arteon-sarrade \u2014 Editions du Net","translator":null,"weight":223,"page_count":124,"readership":null,"editor":"Editions du Net","price":1300,"published_date":"2013-10-17T22:00:00.000000Z","support":"Grand format","publisher_availability":1,"stock":0,"editions":[],"url":"https:\/\/quaidesbrumes.com\/ouvrage\/9782312014791\/recueil-de-poemes"},{"id":"9782312080161","title":"\u00e0 toi, univers, mon amour","description":"Hymne \u00e0 l'Univers et \u00e0 la nature.\r","authors":["Sophie Mori"],"category_codes":["1000000","1090000"],"visuals":{"large":"https:\/\/images.epagine.fr\/161\/9782312080161_1_75.jpg","medium":"https:\/\/images.epagine.fr\/161\/9782312080161_1_m.jpg","thumbnail":"https:\/\/images.epagine.fr\/161\/9782312080161_1_v.jpg"},"orderable":true,"show_badge":true,"formatted_price":"13,00&nbsp;\u20ac","formatted_published_date":"17 mars 2021","publisher_availability_label":"Sur commande","short_details":"Sophie Mori \u2014 Editions du Net","translator":null,"weight":40,"page_count":38,"readership":null,"editor":"Editions du Net","price":1300,"published_date":"2021-03-16T23:00:00.000000Z","support":"Grand format","publisher_availability":1,"stock":0,"editions":[],"url":"https:\/\/quaidesbrumes.com\/ouvrage\/9782312080161\/a-toi-univers-mon-amour"},{"id":"9782312013817","title":"Libert\u00e9 plum\u00e9e","description":"Des mots dits, des maudits, des mots qu'il fallait coucher sur le papier pour pouvoir rester debout et digne. Des appels, des cris du cieur et de la Raison. Des mots avec lesquels on joue pour montrer le cynisme d'un monde et dans le m\u00eame \u00e9lan son \u00e9ternelle beaut\u00e9..\r","authors":["Marjolaine Mancassola"],"category_codes":["1000000","1090000"],"visuals":{"large":"https:\/\/images.epagine.fr\/817\/9782312013817_1_75.jpg","medium":"https:\/\/images.epagine.fr\/817\/9782312013817_1_m.jpg","thumbnail":"https:\/\/images.epagine.fr\/817\/9782312013817_1_v.jpg"},"orderable":true,"show_badge":true,"formatted_price":"15,00&nbsp;\u20ac","formatted_published_date":"3 octobre 2013","publisher_availability_label":"Sur commande","short_details":"Marjolaine Mancassola \u2014 Editions du Net","translator":null,"weight":154,"page_count":88,"readership":null,"editor":"Editions du Net","price":1500,"published_date":"2013-10-02T22:00:00.000000Z","support":"Grand format","publisher_availability":1,"stock":0,"editions":[],"url":"https:\/\/quaidesbrumes.com\/ouvrage\/9782312013817\/liberte-plumee"}]}