{"data":[{"id":"9782296548695","title":"C\u00f4te d'Ivoire, blessures secr\u00e8tes","description":"Cet ouvrage, pr\u00e9sent\u00e9 sous forme de po\u00e8mes, est l'histoire d'une vie spoli\u00e9e, mitraill\u00e9e sans sommation par flots et profondes l\u00e9sions. C'est simplement le regard d'un enfant qui se souvient, vivant cependant \u00e9clop\u00e9 jusqu'au col des osselets...\r","authors":["Manchini Defela"],"category_codes":["1000000","1090000"],"visuals":{"large":"https:\/\/images.epagine.fr\/695\/9782296548695_1_75.jpg","medium":"https:\/\/images.epagine.fr\/695\/9782296548695_1_m.jpg","thumbnail":"https:\/\/images.epagine.fr\/695\/9782296548695_1_v.jpg"},"orderable":true,"show_badge":true,"formatted_price":"17,50&nbsp;\u20ac","formatted_published_date":"11 juillet 2011","publisher_availability_label":"Sur commande","short_details":"Manchini Defela \u2014 \u00c9ditions L'Harmattan","translator":null,"weight":230,"page_count":174,"readership":null,"editor":"\u00c9ditions L'Harmattan","price":1750,"published_date":"2011-07-10T22:00:00.000000Z","support":"Grand format","publisher_availability":1,"stock":0,"editions":[],"url":"https:\/\/quaidesbrumes.com\/ouvrage\/9782296548695\/cote-divoire-blessures-secretes"},{"id":"9782374050164","title":"Nuages en bas de pages","description":"La mare ne d\u00e9voile que l'angle de sa surface, elle excelle dans un jeu de miroirs rempli de couleurs claires, front pur dans une main blanche. On sort de la nuit avec ceux qui s'\u00e9veillent, remuent sous la terre apr\u00e8s un long sommeil. Quelques pens\u00e9es pour les rejoindre et se serrer contre eux dans cette lente mobilit\u00e9 d'une journ\u00e9e naissante.\r\n* Le vent, les bruits sombres de sa gorge, la rage de ses coups. Aujourd'hui sa rumeur est \u00e9tale et les oiseaux fr\u00f4lent leurs nids. Accoud\u00e9s \u00e0 la premi\u00e8re seconde de la pluie, c'est au poids de l'air qui s'accorde avec notre corps que nous reconnaissons ce qui nous tient en \u00e9veil, l'attente de quelque chose qui donne un sens \u00e0 nos vies.\r\n* Surprenante et perceptible la mati\u00e8re m\u00eame du silence que le froid p\u00e9n\u00e8tre de ses aiguilles. Lent le chemin des yeux pour enjamber le r\u00e9el et le rendre convertible jusqu'au prochain sommeil. Heureux les tons clairs qui bordent les contours. Et nous derri\u00e8re la vitre \u00e0 murmurer nos gestes plut\u00f4t que de les dire.","authors":["Jacquy Joguet"],"category_codes":["1000000","1090000","1090600"],"visuals":{"large":"https:\/\/images.epagine.fr\/164\/9782374050164_1_75.jpg","medium":"https:\/\/images.epagine.fr\/164\/9782374050164_1_m.jpg","thumbnail":"https:\/\/images.epagine.fr\/164\/9782374050164_1_v.jpg"},"orderable":true,"show_badge":true,"formatted_price":"18,00&nbsp;\u20ac","formatted_published_date":"2 janvier 2017","publisher_availability_label":"Sur commande","short_details":"Jacquy Joguet \u2014 Alcyone","translator":null,"weight":0,"page_count":74,"readership":null,"editor":"Alcyone","price":1800,"published_date":"2017-01-01T23:00:00.000000Z","support":"Grand format","publisher_availability":1,"stock":0,"editions":[],"url":"https:\/\/quaidesbrumes.com\/ouvrage\/9782374050164\/nuages-en-bas-de-pages"},{"id":"9782849242988","title":"Les yeux de l'horizon","description":null,"authors":["Denis Emorine"],"category_codes":["1000000","1090000"],"visuals":{"large":"https:\/\/quaidesbrumes.com\/img\/book-placeholder.png","medium":"https:\/\/quaidesbrumes.com\/img\/book-placeholder.png","thumbnail":"https:\/\/quaidesbrumes.com\/img\/book-placeholder.png"},"orderable":true,"show_badge":true,"formatted_price":"10,00&nbsp;\u20ac","formatted_published_date":"29 octobre 2012","publisher_availability_label":"Sur commande","short_details":"Denis Emorine \u2014 Editions Du Cygne","translator":null,"weight":150,"page_count":null,"readership":null,"editor":"Editions Du Cygne","price":1000,"published_date":"2012-10-28T23:00:00.000000Z","support":"Grand format","publisher_availability":1,"stock":0,"editions":[],"url":"https:\/\/quaidesbrumes.com\/ouvrage\/9782849242988\/les-yeux-de-lhorizon"},{"id":"9782312015590","title":"L'homme qui tutoyait Serge","description":"\"Il \u00e9tait une femme Que plus personne ne trouvait jolie Son fichu perc\u00e9 sur ses cheveux gras Son petit sac \u00e9lim\u00e9 sur son maigre bras Dedans, quelles petites affaires ?\r\n\r\n \r\nElle avait des amies Elle tra\u00eene son vieux sac de voyage, sa vie Que personne n'oserait toucher Elle s'arr\u00eate tous les trois pas Migraine Pour avaler de quoi oublier\" (Extrait de Il \u00e9tait une femme)\r","authors":["Sylvain Bourvic"],"category_codes":["1000000","1090000"],"visuals":{"large":"https:\/\/images.epagine.fr\/590\/9782312015590_1_75.jpg","medium":"https:\/\/images.epagine.fr\/590\/9782312015590_1_m.jpg","thumbnail":"https:\/\/images.epagine.fr\/590\/9782312015590_1_v.jpg"},"orderable":true,"show_badge":true,"formatted_price":"12,00&nbsp;\u20ac","formatted_published_date":"21 octobre 2013","publisher_availability_label":"Sur commande","short_details":"Sylvain Bourvic \u2014 Editions du Net","translator":null,"weight":68,"page_count":68,"readership":null,"editor":"Editions du Net","price":1200,"published_date":"2013-10-20T22:00:00.000000Z","support":"Grand format","publisher_availability":1,"stock":0,"editions":[],"url":"https:\/\/quaidesbrumes.com\/ouvrage\/9782312015590\/lhomme-qui-tutoyait-serge"},{"id":"9782390181477","title":"Barry by night","description":"L'utopie entre toi et moi, c'est de croire qu'au-del\u00e0 des apparences, il y a deux \u00e2mes pas si diff\u00e9rentes qui sont unies par quelque chose qui les d\u00e9passe et qui transcende le temps et l'espace.\r","authors":["Laurent Dumortier"],"category_codes":["1000000","1090000","1090600"],"visuals":{"large":"https:\/\/images.epagine.fr\/477\/9782390181477_1_75.jpg","medium":"https:\/\/images.epagine.fr\/477\/9782390181477_1_m.jpg","thumbnail":"https:\/\/images.epagine.fr\/477\/9782390181477_1_v.jpg"},"orderable":true,"show_badge":true,"formatted_price":"10,00&nbsp;\u20ac","formatted_published_date":"18 mars 2021","publisher_availability_label":"Sur commande","short_details":"Laurent Dumortier \u2014 Chloe Des Lys","translator":null,"weight":50,"page_count":68,"readership":null,"editor":"Chloe Des Lys","price":1000,"published_date":"2021-03-17T23:00:00.000000Z","support":"Grand format","publisher_availability":1,"stock":0,"editions":[],"url":"https:\/\/quaidesbrumes.com\/ouvrage\/9782390181477\/barry-by-night"},{"id":"9782354480288","title":"D'un patio en espagne ; la castagnal","description":null,"authors":["Anne Lauricella"],"category_codes":["1000000","1090000"],"visuals":{"large":"https:\/\/quaidesbrumes.com\/img\/book-placeholder.png","medium":"https:\/\/quaidesbrumes.com\/img\/book-placeholder.png","thumbnail":"https:\/\/quaidesbrumes.com\/img\/book-placeholder.png"},"orderable":true,"show_badge":true,"formatted_price":"10,00&nbsp;\u20ac","formatted_published_date":"11 juin 2012","publisher_availability_label":"Sur commande","short_details":"Anne Lauricella \u2014 Isolato","translator":null,"weight":58,"page_count":null,"readership":null,"editor":"Isolato","price":1000,"published_date":"2012-06-10T22:00:00.000000Z","support":"Grand format","publisher_availability":1,"stock":0,"editions":[],"url":"https:\/\/quaidesbrumes.com\/ouvrage\/9782354480288\/dun-patio-en-espagne-la-castagnal"},{"id":"9782390181569","title":"Les statuettes","description":"Trente-six vignettes po\u00e9tiques pour parler d'amour, de beaut\u00e9 et de m\u00e9lancolie.\r","authors":["Micha\u00ebl Zo\u00efna"],"category_codes":["1000000","1090000"],"visuals":{"large":"https:\/\/images.epagine.fr\/569\/9782390181569_1_75.jpg","medium":"https:\/\/images.epagine.fr\/569\/9782390181569_1_m.jpg","thumbnail":"https:\/\/images.epagine.fr\/569\/9782390181569_1_v.jpg"},"orderable":true,"show_badge":true,"formatted_price":"10,00&nbsp;\u20ac","formatted_published_date":"18 mars 2021","publisher_availability_label":"Sur commande","short_details":"Micha\u00ebl Zo\u00efna \u2014 Chloe Des Lys","translator":null,"weight":68,"page_count":90,"readership":null,"editor":"Chloe Des Lys","price":1000,"published_date":"2021-03-17T23:00:00.000000Z","support":"Grand format","publisher_availability":1,"stock":0,"editions":[],"url":"https:\/\/quaidesbrumes.com\/ouvrage\/9782390181569\/les-statuettes"},{"id":"9782390181590","title":"Fugacit\u00e9s : belgitudes en ha\u00efkus","description":"D'origine japonaise, le Ha\u00efku est un po\u00e8me court (environ dix-sept syllabes).  \r\nPlusieurs \u00e9l\u00e9ments composent l'esprit du Ha\u00efku : la saison, la compassion pour tous les \u00eatres, la contemplation de l'harmonie ou du chaos du monde, la joie et la m\u00e9lancolie de l'impermanence.  La traque de la beaut\u00e9 et de la dr\u00f4lerie fortuites ainsi que la gratitude pour les menus miracles de la vie participent aussi de cet esprit qui en appelle tant \u00e0 l'autod\u00e9rision qu'aux retrouvailles de l'enfant en soi.\r\nMatsuo Bash\u00f4, po\u00e8te japonais du dix-septi\u00e8me si\u00e8cle, disait du ha\u00efku : \u00ab c'est simplement ce qui arrive en tel lieu, \u00e0 tel moment \u00bb. \r\nL'auteure rel\u00e8ve le d\u00e9fi de pr\u00e9senter sa belgitude dans cette forme de po\u00e9sie br\u00e8ve avec ce recueil de ha\u00efkus cr\u00e9\u00e9s en Wallonie, \u00e0 Bruxelles et en Flandre et class\u00e9s selon les saisons.\r","authors":["Carmelina Carracillo"],"category_codes":["1000000","1090000","1090700"],"visuals":{"large":"https:\/\/images.epagine.fr\/590\/9782390181590_1_75.jpg","medium":"https:\/\/images.epagine.fr\/590\/9782390181590_1_m.jpg","thumbnail":"https:\/\/images.epagine.fr\/590\/9782390181590_1_v.jpg"},"orderable":true,"show_badge":true,"formatted_price":"18,00&nbsp;\u20ac","formatted_published_date":"18 mars 2021","publisher_availability_label":"Sur commande","short_details":"Carmelina Carracillo \u2014 Chloe Des Lys","translator":null,"weight":150,"page_count":106,"readership":null,"editor":"Chloe Des Lys","price":1800,"published_date":"2021-03-17T23:00:00.000000Z","support":"Grand format","publisher_availability":1,"stock":0,"editions":[],"url":"https:\/\/quaidesbrumes.com\/ouvrage\/9782390181590\/fugacites-belgitudes-en-haikus"},{"id":"9782914258210","title":"L'infini tango de l'ange","description":"Une fois pass\u00e9es les joies de mon dernier recueil : \"Mais si tu parles des fleurs\", il m'est paru n\u00e9cessaire de revenir aux sources d'un imaginaire et d'un v\u00e9cu qui se sont dans\u00e9s jusqu'\u00e0 graver ensemble une piste nouvelle vers l'esp\u00e9rance. L'infini tango de l'ange est celui de cette danse de la vie et des corps laiss\u00e9e en filigrane derri\u00e8re moi, parce que rompue par un cri lui-m\u00eame inachev\u00e9. Nous accumulons parfois des \u00e9preuves qui nous mettent au d\u00e9fi de la vie et du bonheur. Des ann\u00e9es peuvent ainsi s'effacer derri\u00e8re un visage qu'on ne reconna\u00eet plus sien, qui all\u00e8ge, mais ne lib\u00e8re pas, car le coeur, lui, toujours, maintient ! A la perte, quelle qu'en soit la forme, r\u00e9pond le deuil qu'il faut int\u00e9grer pour oser encore s'engager sur les chemins du monde. A d\u00e9faut, tout reste cri, toujours, le m\u00eame cri, infiniment r\u00e9p\u00e9t\u00e9. J'ai donc tent\u00e9 de forcer le chant \u00e0 effacer la part des ombres, \u00e0 devenir, de loin en loin, l'\u00e9cho d'une musique qui me fit tanguero, la silhouette impr\u00e9cise, mais d\u00e9sormais tranquille, d'une reine de la piste. La gr\u00e2ce existe ! Aujourd'hui, le bandon\u00e9on donne un chant plus apais\u00e9, fleur de nostalgie, fleur d'un amour dans\u00e9 qui trouve enfin sa place dans un souvenir accept\u00e9, n'excluant pas la femme nouvelle qui, loin du danseur, mais pr\u00e8s du po\u00e8te, accompagne l'esp\u00e9rance, invente et nourrit son amour.\r","authors":["Dominique Valle"],"category_codes":["1000000","1090000"],"visuals":{"large":"https:\/\/images.epagine.fr\/210\/9782914258210_1_75.jpg","medium":"https:\/\/images.epagine.fr\/210\/9782914258210_1_m.jpg","thumbnail":"https:\/\/images.epagine.fr\/210\/9782914258210_1_v.jpg"},"orderable":true,"show_badge":true,"formatted_price":"12,00&nbsp;\u20ac","formatted_published_date":"1er d\u00e9cembre 2002","publisher_availability_label":"Sur commande","short_details":"Dominique Valle \u2014 Eclats D'Encre","translator":null,"weight":301,"page_count":null,"readership":null,"editor":"Eclats D'Encre","price":1200,"published_date":"2002-11-30T23:00:00.000000Z","support":"Grand format","publisher_availability":1,"stock":0,"editions":[],"url":"https:\/\/quaidesbrumes.com\/ouvrage\/9782914258210\/linfini-tango-de-lange"},{"id":"9782336003672","title":"Dernier tango \u00e0 Salta ; quand deux femmes s'aimaient dans l'Argentine de Videla","description":"\" Alejandra, \/ C'est peut-\u00eatre aujourd'hui \/ Notre dernier tango, \/ Notre derni\u00e8re milonga ; \/ Ici, on ex\u00e9cute m\u00eame le dimanche ; \/ Alors, \/ Donne-moi la main pour traverser la semaine ;\"\r","authors":["Tristan Cabral"],"category_codes":["1000000","1090000"],"visuals":{"large":"https:\/\/images.epagine.fr\/672\/9782336003672_1_75.jpg","medium":"https:\/\/images.epagine.fr\/672\/9782336003672_1_m.jpg","thumbnail":"https:\/\/images.epagine.fr\/672\/9782336003672_1_v.jpg"},"orderable":true,"show_badge":true,"formatted_price":"11,50&nbsp;\u20ac","formatted_published_date":"6 novembre 2012","publisher_availability_label":"Sur commande","short_details":"Tristan Cabral \u2014 \u00c9ditions L'Harmattan","translator":null,"weight":125,"page_count":90,"readership":null,"editor":"\u00c9ditions L'Harmattan","price":1150,"published_date":"2012-11-05T23:00:00.000000Z","support":"Grand format","publisher_availability":1,"stock":0,"editions":[],"url":"https:\/\/quaidesbrumes.com\/ouvrage\/9782336003672\/dernier-tango-a-salta-quand-deux-femmes-saimaient-dans-largentine-de-videla"},{"id":"9782705689391","title":"Une route infatigable","description":"OEuvre fondamentale de la po\u00e9sie mondiale du XXe si\u00e8cle, le Cahier d'un retour au pays natal, qu'Aim\u00e9 C\u00e9saire commence \u00e0 r\u00e9diger en 1936 et qu'il publie dans sa premi\u00e8re version en 1939, vaste po\u00e8me o\u00f9 prose et vers se c\u00f4toient, porte encore aujourd'hui des interrogations po\u00e9tiques, \u00e9thiques et politiques d\u00e9cisives. C'est \u00e0 la fois depuis son contexte et depuis des enjeux qui sont ceux du XXIe si\u00e8cle que de grands sp\u00e9cialistes de l'oeuvre lisent ici ce po\u00e8me majeur.","authors":["Laurent Zimmermann","Aur\u00e9lie Foglia"],"category_codes":["1000000","1090000","1090600"],"visuals":{"large":"https:\/\/images.epagine.fr\/391\/9782705689391_1_75.jpg","medium":"https:\/\/images.epagine.fr\/391\/9782705689391_1_m.jpg","thumbnail":"https:\/\/images.epagine.fr\/391\/9782705689391_1_v.jpg"},"orderable":true,"show_badge":true,"formatted_price":"25,00&nbsp;\u20ac","formatted_published_date":"26 novembre 2014","publisher_availability_label":"Sur commande","short_details":"Laurent Zimmermann, Aur\u00e9lie Foglia \u2014 Hermann","translator":null,"weight":275,"page_count":120,"readership":null,"editor":"Hermann","price":2500,"published_date":"2014-11-25T23:00:00.000000Z","support":"Grand format","publisher_availability":1,"stock":0,"editions":[],"url":"https:\/\/quaidesbrumes.com\/ouvrage\/9782705689391\/une-route-infatigable"},{"id":"9782296966598","title":"Alex & G B K ; Kh\u00f4ra","description":"Cet ouvrage pr\u00e9sente deux pi\u00e8ces de th\u00e9\u00e2tre, Alex & GBK, inspir\u00e9e de la trag\u00e9die racinienne Alexandre le Grand, et Kh\u00f4ra, \" op\u00e9ra bouche en 2 actes \". S'exprimant en rimes dans la premi\u00e8re  et en prose dans la seconde, l'auteur se d\u00e9finit comme un \" fictionnaire \", jouant avec humour tant sur le fond (th\u00e9\u00e2tral) que sur la forme (po\u00e9tique) de la langue fran\u00e7aise qu'il enseigna quarante ans durant.\r","authors":["Alain Robinet"],"category_codes":["1000000","1090000"],"visuals":{"large":"https:\/\/images.epagine.fr\/598\/9782296966598_1_75.jpg","medium":"https:\/\/images.epagine.fr\/598\/9782296966598_1_m.jpg","thumbnail":"https:\/\/images.epagine.fr\/598\/9782296966598_1_v.jpg"},"orderable":true,"show_badge":true,"formatted_price":"12,50&nbsp;\u20ac","formatted_published_date":"20 f\u00e9vrier 2012","publisher_availability_label":"Sur commande","short_details":"Alain Robinet \u2014 \u00c9ditions L'Harmattan","translator":null,"weight":115,"page_count":84,"readership":null,"editor":"\u00c9ditions L'Harmattan","price":1250,"published_date":"2012-02-19T23:00:00.000000Z","support":"Grand format","publisher_availability":1,"stock":0,"editions":[],"url":"https:\/\/quaidesbrumes.com\/ouvrage\/9782296966598\/alex-g-b-k-khora"},{"id":"9782364180680","title":"Car l'eau n'\u00e9teint pas la lumi\u00e8re","description":"Une po\u00e9sie qui tout \u00e0 la fois d\u00e9sire, retient, redoute. Main tendue, certes, mais dans l'incertitude entre saisie, caresse et refus. D'o\u00f9 le trouble dans lequel ces po\u00e8mes nous plongent.\r\n\r\nMoiti\u00e9 sable moiti\u00e9 sourire.\r\nSi la soif est invoqu\u00e9e, souhait\u00e9e, la sati\u00e9t\u00e9 n'est pas de mise. Le tourment y vaut mieux que l'oubli.\r\nNulle violence, pourtant, dans les po\u00e8mes de Fran\u00e7oise Oriot. Pas de cris. Mais une sourde douleur qui est celle de la terre elle-m\u00eame. L'eau douce s'en va la terre s'effondre \/ dans l'eau sal\u00e9e. La blessure est silencieuse.\r\nDans la deuxi\u00e8me partie du recueil, l'auteur s'attache, en un long po\u00e8me, \u00e0 Regarder Eurydice, \u00e0 faire corps avec elle. Elles avancent, \u00e9mues, d'un m\u00eame pas : Et ce dos devant nous... Ce dos, est celui d'Orph\u00e9e qu'elles suivent dans la remont\u00e9e des Enfers. Plus elles avancent \u00e0 la suite de ce dos, plus elles doutent du bien fond\u00e9 d'un retour \u00e0 la vie : L'aimes-tu encore l'aimes-tu assez \/ pour mourir une seconde fois ? \/ Revivre cet amour ?\r\nMieux vaut accepter son destin semblent dire \u00e0 Orph\u00e9e, d'une m\u00eame voix, Eurydice et Fran\u00e7oise Oriot...","authors":["Fran\u00e7oise Oriot"],"category_codes":["1000000","1090000","1090600"],"visuals":{"large":"https:\/\/images.epagine.fr\/680\/9782364180680_1_75.jpg","medium":"https:\/\/images.epagine.fr\/680\/9782364180680_1_m.jpg","thumbnail":"https:\/\/images.epagine.fr\/680\/9782364180680_1_v.jpg"},"orderable":true,"show_badge":true,"formatted_price":"15,00&nbsp;\u20ac","formatted_published_date":"24 septembre 2023","publisher_availability_label":"Sur commande","short_details":"Fran\u00e7oise Oriot \u2014 L'Amourier","translator":null,"weight":140,"page_count":104,"readership":null,"editor":"L'Amourier","price":1500,"published_date":"2023-09-23T22:00:00.000000Z","support":"Grand format","publisher_availability":1,"stock":0,"editions":[],"url":"https:\/\/quaidesbrumes.com\/ouvrage\/9782364180680\/car-leau-neteint-pas-la-lumiere"},{"id":"9782847730616","title":"\u00e0 c\u00f4t\u00e9 d'elles","description":"C'est bien une femme qui \u00e9crit ce qui nous est donn\u00e9 : l'herbe, l'eau, le rocher, la pulpe d'un fruit, la douceur d'une peau. Chacune de ces proses est un paysage sensible, parfois fulgurante, parfois plus compos\u00e9e, qui parle tout bas de ce que nous aimons, mais oublions trop facilement. Le jour illumine le bord de la mer, la nuit apporte ses musiques. 'Elles' racontent. Tout est l\u00e0, \u00e0 port\u00e9e de main, entre naissance et accomplissement.\r","authors":["Fr\u00e9d\u00e9ric Plumerand","Fran\u00e7oise Renaud","Marcel Zaragoza"],"category_codes":["1000000","1090000"],"visuals":{"large":"https:\/\/images.epagine.fr\/616\/9782847730616_1_75.jpg","medium":"https:\/\/images.epagine.fr\/616\/9782847730616_1_m.jpg","thumbnail":"https:\/\/images.epagine.fr\/616\/9782847730616_1_v.jpg"},"orderable":true,"show_badge":true,"formatted_price":"16,00&nbsp;\u20ac","formatted_published_date":"5 mai 2012","publisher_availability_label":"Sur commande","short_details":"Fr\u00e9d\u00e9ric Plumerand, Fran\u00e7oise Renaud, Marcel Zaragoza \u2014 Trois Spirales","translator":null,"weight":200,"page_count":null,"readership":null,"editor":"Trois Spirales","price":1600,"published_date":"2012-05-04T22:00:00.000000Z","support":"Grand format","publisher_availability":1,"stock":0,"editions":[],"url":"https:\/\/quaidesbrumes.com\/ouvrage\/9782847730616\/a-cote-delles"},{"id":"9782296561151","title":"\u00eatres et choses","description":"Le voyage est le voyage du temps, et nous l'accompagnons par des chemins convuls\u00e9s; ses lignes courbes se croisent dans une architecture de destins o\u00f9 la recherche du point d'eau n'est autre que la qu\u00eate de sens des \u00eatres et des choses. Et c'est la parole lib\u00e9r\u00e9e, parmi bien des tumultes, puisant sa ferveur dans le puits int\u00e9rieur, sur la margelle du silence, qui conf\u00e8re ce d\u00e9sir de les d\u00e9visager et m\u00eame de les interroger dans une errance nourrie de r\u00eaves et d'illusions.\r","authors":["Ahmed Ben mahmoud"],"category_codes":["1000000","1090000"],"visuals":{"large":"https:\/\/images.epagine.fr\/151\/9782296561151_1_75.jpg","medium":"https:\/\/images.epagine.fr\/151\/9782296561151_1_m.jpg","thumbnail":"https:\/\/images.epagine.fr\/151\/9782296561151_1_v.jpg"},"orderable":true,"show_badge":true,"formatted_price":"11,50&nbsp;\u20ac","formatted_published_date":"11 juillet 2011","publisher_availability_label":"Sur commande","short_details":"Ahmed Ben mahmoud \u2014 \u00c9ditions L'Harmattan","translator":null,"weight":100,"page_count":68,"readership":null,"editor":"\u00c9ditions L'Harmattan","price":1150,"published_date":"2011-07-10T22:00:00.000000Z","support":"Grand format","publisher_availability":1,"stock":0,"editions":[],"url":"https:\/\/quaidesbrumes.com\/ouvrage\/9782296561151\/etres-et-choses"},{"id":"9791091197014","title":"Carnet de po\u00e9sies","description":"Carnet de po\u00e9sies con\u00e7u et r\u00e9alis\u00e9 par l'\u00e9ditrice R\u00e9miane, regroupe des \u00e9crits de sa soeur  (Rose-May), sa fille (Ingrid) , son amie (Marguerite), textes qu'il aurait \u00e9t\u00e9 dommage de  laisser enfouis au fond d'un tiroir, ou rel\u00e9gu\u00e9s \u00e0 la poubelle.\r","authors":["Baret","Hoarau","Payet"],"category_codes":["1000000","1090000"],"visuals":{"large":"https:\/\/quaidesbrumes.com\/img\/book-placeholder.png","medium":"https:\/\/quaidesbrumes.com\/img\/book-placeholder.png","thumbnail":"https:\/\/quaidesbrumes.com\/img\/book-placeholder.png"},"orderable":true,"show_badge":true,"formatted_price":"12,00&nbsp;\u20ac","formatted_published_date":"27 avril 2012","publisher_availability_label":"Sur commande","short_details":"Baret, Hoarau, Payet \u2014 MEMO LANDE","translator":null,"weight":142,"page_count":68,"readership":null,"editor":"MEMO LANDE","price":1200,"published_date":"2012-04-26T22:00:00.000000Z","support":"Revue","publisher_availability":1,"stock":0,"editions":[],"url":"https:\/\/quaidesbrumes.com\/ouvrage\/9791091197014\/carnet-de-poesies"},{"id":"9782874595561","title":"Royal indigo","description":null,"authors":["Thierry Thirionet"],"category_codes":["1000000","1090000"],"visuals":{"large":"https:\/\/quaidesbrumes.com\/img\/book-placeholder.png","medium":"https:\/\/quaidesbrumes.com\/img\/book-placeholder.png","thumbnail":"https:\/\/quaidesbrumes.com\/img\/book-placeholder.png"},"orderable":true,"show_badge":true,"formatted_price":"17,90&nbsp;\u20ac","formatted_published_date":"2 juin 2011","publisher_availability_label":"Sur commande","short_details":"Thierry Thirionet \u2014 Chloe Des Lys","translator":null,"weight":150,"page_count":null,"readership":null,"editor":"Chloe Des Lys","price":1790,"published_date":"2011-06-01T22:00:00.000000Z","support":"Grand format","publisher_availability":1,"stock":0,"editions":[],"url":"https:\/\/quaidesbrumes.com\/ouvrage\/9782874595561\/royal-indigo"},{"id":"9791092448375","title":"Route(s)","description":null,"authors":["Viguie\/Orus"],"category_codes":["1000000","1090000"],"visuals":{"large":"https:\/\/quaidesbrumes.com\/img\/book-placeholder.png","medium":"https:\/\/quaidesbrumes.com\/img\/book-placeholder.png","thumbnail":"https:\/\/quaidesbrumes.com\/img\/book-placeholder.png"},"orderable":true,"show_badge":true,"formatted_price":"15,00&nbsp;\u20ac","formatted_published_date":"15 mars 2021","publisher_availability_label":"Sur commande","short_details":"Viguie\/Orus \u2014 Marsa","translator":null,"weight":100,"page_count":null,"readership":null,"editor":"Marsa","price":1500,"published_date":"2021-03-14T23:00:00.000000Z","support":"Grand format","publisher_availability":1,"stock":0,"editions":[],"url":"https:\/\/quaidesbrumes.com\/ouvrage\/9791092448375\/routes"},{"id":"9791092448368","title":"Quinze pierres - ishigumis","description":null,"authors":["Tresson\/Bregeras"],"category_codes":["1000000","1090000"],"visuals":{"large":"https:\/\/quaidesbrumes.com\/img\/book-placeholder.png","medium":"https:\/\/quaidesbrumes.com\/img\/book-placeholder.png","thumbnail":"https:\/\/quaidesbrumes.com\/img\/book-placeholder.png"},"orderable":true,"show_badge":true,"formatted_price":"15,00&nbsp;\u20ac","formatted_published_date":"8 mars 2021","publisher_availability_label":"Sur commande","short_details":"Tresson\/Bregeras \u2014 Marsa","translator":null,"weight":220,"page_count":null,"readership":null,"editor":"Marsa","price":1500,"published_date":"2021-03-07T23:00:00.000000Z","support":"Grand format","publisher_availability":1,"stock":0,"editions":[],"url":"https:\/\/quaidesbrumes.com\/ouvrage\/9791092448368\/quinze-pierres-ishigumis"},{"id":"9782296557819","title":"Passions premi\u00e8res","description":"Au gr\u00e9 du rythme et des phon\u00e8mes \/ Dont tu ne sais o\u00f9 ils te m\u00e8nent \/ Ecoute na\u00eetre en ton esprit \/ Des airs de ronde et de sonnet \/ Par la syllabe et la m\u00e9trique \/ A pas compt\u00e9s l'\u00e9cho d'un chant \/ Qui passe un mur d'orchestre en chambre\r","authors":["Dominique thi\u00e9baut Lemaire"],"category_codes":["1000000","1090000"],"visuals":{"large":"https:\/\/images.epagine.fr\/819\/9782296557819_1_75.jpg","medium":"https:\/\/images.epagine.fr\/819\/9782296557819_1_m.jpg","thumbnail":"https:\/\/images.epagine.fr\/819\/9782296557819_1_v.jpg"},"orderable":true,"show_badge":true,"formatted_price":"15,00&nbsp;\u20ac","formatted_published_date":"27 juillet 2012","publisher_availability_label":"Sur commande","short_details":"Dominique thi\u00e9baut Lemaire \u2014 \u00c9ditions L'Harmattan","translator":null,"weight":175,"page_count":140,"readership":null,"editor":"\u00c9ditions L'Harmattan","price":1500,"published_date":"2012-07-26T22:00:00.000000Z","support":"Grand format","publisher_availability":1,"stock":0,"editions":[],"url":"https:\/\/quaidesbrumes.com\/ouvrage\/9782296557819\/passions-premieres"},{"id":"9782296995284","title":"Si loin, si pr\u00e8s","description":"Ce recueil tente de peindre le r\u00e9el et le chim\u00e9rique. L'amour, la nature et l'\u00e9ducation entre autres sont d\u00e9clam\u00e9s au rythme des couleurs, des sons mais aussi des odeurs.\r","authors":["Mame famew Camara"],"category_codes":["1000000","1090000"],"visuals":{"large":"https:\/\/images.epagine.fr\/284\/9782296995284_1_75.jpg","medium":"https:\/\/images.epagine.fr\/284\/9782296995284_1_m.jpg","thumbnail":"https:\/\/images.epagine.fr\/284\/9782296995284_1_v.jpg"},"orderable":true,"show_badge":true,"formatted_price":"12,00&nbsp;\u20ac","formatted_published_date":"13 septembre 2012","publisher_availability_label":"Sur commande","short_details":"Mame famew Camara \u2014 \u00c9ditions L'Harmattan","translator":null,"weight":95,"page_count":64,"readership":null,"editor":"\u00c9ditions L'Harmattan","price":1200,"published_date":"2012-09-12T22:00:00.000000Z","support":"Grand format","publisher_availability":1,"stock":0,"editions":[],"url":"https:\/\/quaidesbrumes.com\/ouvrage\/9782296995284\/si-loin-si-pres"},{"id":"9782952748322","title":"Po\u00e8mes","description":"Au sortir de l'adolescence, en pr\u00e9lude \u00e0 un parcours litt\u00e9raire aussi brillant que bref, les trois filles d'un pasteur du Yorkshire compos\u00e8rent avec passion et application des centaines de po\u00e8mes, comme autant d'\u00e9chos \u00e0 leurs aspirations secr\u00e8tes :\r\n\r\n\u00ab Tr\u00e8s t\u00f4t nous avions caress\u00e9 le r\u00eave de devenir auteurs. Ce r\u00eave, qui ne nous abandonna jamais, m\u00eame lorsque la distance nous s\u00e9para ou que les t\u00e2ches absorbantes nous occup\u00e8rent, acquit alors, soudainement, force et consistance : il prit le caract\u00e8re d'une r\u00e9solution. Nous conv\u00eenmes d'arranger une petite s\u00e9lection de nos po\u00e8mes et, si possible, de la faire imprimer. \u00bb\r\n\r\nCette s\u00e9lection, parue discr\u00e8tement en 1846 sous le simple titre de Po\u00e8mes, marque la premi\u00e8re apparition publique des soeurs Bront\u00eb, encore cach\u00e9es sous les pseudonymes d'Acton, Currer et Ellis Bell, sous lesquels allaient para\u00eetre l'ann\u00e9e suivante Agnes Grey, Jane Eyre, et Les Hauts de Hurlevent. \r\nVari\u00e9, \u00e9tonnant, captivant, ce recueil leur permit de d\u00e9ployer tous les charmes d'un univers complexe et passionn\u00e9, o\u00f9 la pure fiction voisine avec l'effusion, o\u00f9 la foi le dispute au scepticisme, o\u00f9 la femme est tant\u00f4t amante f\u00e9brile, \u00e9pouse d\u00e9laiss\u00e9e, r\u00eaveuse solitaire.\r\n\r\nTraduction in\u00e9dite, agr\u00e9ment\u00e9e de notes et d'une pr\u00e9sentation.\r\n\r\n61 po\u00e8mes,\r\n61 facettes du talent unique des Bront\u00eb.","authors":["Emily Bront\u00eb"],"category_codes":["1000000","1090000"],"visuals":{"large":"https:\/\/images.epagine.fr\/322\/9782952748322_1_75.jpg","medium":"https:\/\/images.epagine.fr\/322\/9782952748322_1_m.jpg","thumbnail":"https:\/\/images.epagine.fr\/322\/9782952748322_1_v.jpg"},"orderable":true,"show_badge":true,"formatted_price":"16,00&nbsp;\u20ac","formatted_published_date":"15 mars 2009","publisher_availability_label":"Sur commande","short_details":"Emily Bront\u00eb \u2014 Fougerouse","translator":null,"weight":210,"page_count":null,"readership":null,"editor":"Fougerouse","price":1600,"published_date":"2009-03-14T23:00:00.000000Z","support":"Grand format","publisher_availability":1,"stock":0,"editions":[],"url":"https:\/\/quaidesbrumes.com\/ouvrage\/9782952748322\/poemes"},{"id":"9782914839341","title":"Po\u00e9sies (\u00e9dition 2009)","description":null,"authors":["Arthur Adamov"],"category_codes":["1000000","1090000"],"visuals":{"large":"https:\/\/images.epagine.fr\/341\/9782914839341_1_75.jpg","medium":"https:\/\/images.epagine.fr\/341\/9782914839341_1_m.jpg","thumbnail":"https:\/\/images.epagine.fr\/341\/9782914839341_1_v.jpg"},"orderable":true,"show_badge":true,"formatted_price":"13,00&nbsp;\u20ac","formatted_published_date":"16 mai 2009","publisher_availability_label":"Sur commande","short_details":"Arthur Adamov \u2014 Urdla","translator":null,"weight":38,"page_count":null,"readership":null,"editor":"Urdla","price":1300,"published_date":"2009-05-15T22:00:00.000000Z","support":"Grand format","publisher_availability":1,"stock":0,"editions":[],"url":"https:\/\/quaidesbrumes.com\/ouvrage\/9782914839341\/poesies-edition-2009"},{"id":"9782916071626","title":"Aquilin de claire ceira","description":null,"authors":["Ceira Claire"],"category_codes":["1000000","1090000"],"visuals":{"large":"https:\/\/quaidesbrumes.com\/img\/book-placeholder.png","medium":"https:\/\/quaidesbrumes.com\/img\/book-placeholder.png","thumbnail":"https:\/\/quaidesbrumes.com\/img\/book-placeholder.png"},"orderable":true,"show_badge":true,"formatted_price":"15,00&nbsp;\u20ac","formatted_published_date":"5 avril 2011","publisher_availability_label":"Sur commande","short_details":"Ceira Claire \u2014 Vanneaux","translator":null,"weight":100,"page_count":null,"readership":null,"editor":"Vanneaux","price":1500,"published_date":"2011-04-04T22:00:00.000000Z","support":"Grand format","publisher_availability":1,"stock":0,"editions":[],"url":"https:\/\/quaidesbrumes.com\/ouvrage\/9782916071626\/aquilin-de-claire-ceira"}]}