{"data":[{"id":"9782296565685","title":"Mmem","description":"Le pr\u00e9sent po\u00e8me est une chanson \u00e0 moult rythmes et partitions \u00e0 \u00ab M\u00e8re \u00bb, que pour plus de tendresse, tir\u00e9e du fond d'une cajolerie pu\u00e9rile, nous avons voulu baptiser \u00ab Mmem \u00bb. Il s'agit l\u00e0 de l'expression des manifestations d'une culture banen (ethnie du Mbam, originaire de la r\u00e9gion du centre du Cameroun), sinon purement africaine tout court. Le chant est aussi une riche berceuse \u00e0 cette \u00ab Mmem \u00bb que l'auteur a bien voulu sempiterniser.\r","authors":["Simploo"],"category_codes":["1000000","1090000"],"visuals":{"large":"https:\/\/images.epagine.fr\/685\/9782296565685_1_75.jpg","medium":"https:\/\/images.epagine.fr\/685\/9782296565685_1_m.jpg","thumbnail":"https:\/\/images.epagine.fr\/685\/9782296565685_1_v.jpg"},"orderable":true,"show_badge":true,"formatted_price":"9,00&nbsp;\u20ac","formatted_published_date":"14 novembre 2011","publisher_availability_label":"Sur commande","short_details":"Simploo \u2014 \u00c9ditions L'Harmattan","translator":null,"weight":75,"page_count":50,"readership":null,"editor":"\u00c9ditions L'Harmattan","price":900,"published_date":"2011-11-13T23:00:00.000000Z","support":"Grand format","publisher_availability":1,"stock":0,"editions":[],"url":"https:\/\/quaidesbrumes.com\/ouvrage\/9782296565685\/mmem"},{"id":"9782343064901","title":"AFRIQUE LIBERTE : si la graine mort","description":"Ce recueil de po\u00e8me vient t\u00e9moigner de la r\u00e9alit\u00e9 mystique de la lutte. Si la graine ne tombe et ne meurt en terre, elle ne peut porter des fruits. La lutte doit briller et br\u00fbler comme un brasier. L'auteur s'adresse au peuple ivoirien en particulier et \u00e0 tous les Africains en g\u00e9n\u00e9ral, pour leur dire que la lutte pour la d\u00e9mocratie, le respect des libert\u00e9s et des souverainet\u00e9s nationales, la lutte contre le nouvel imp\u00e9rialisme exacerbant et le n\u00e9ocolonialisme pervers de l'Occident doit se mener sans r\u00e9pit.\r","authors":["Lazare Koffi koffi"],"category_codes":["1000000","1090000"],"visuals":{"large":"https:\/\/images.epagine.fr\/901\/9782343064901_1_75.jpg","medium":"https:\/\/images.epagine.fr\/901\/9782343064901_1_m.jpg","thumbnail":"https:\/\/images.epagine.fr\/901\/9782343064901_1_v.jpg"},"orderable":true,"show_badge":true,"formatted_price":"21,00&nbsp;\u20ac","formatted_published_date":"22 juillet 2015","publisher_availability_label":"Sur commande","short_details":"Lazare Koffi koffi \u2014 \u00c9ditions L'Harmattan","translator":null,"weight":255,"page_count":212,"readership":null,"editor":"\u00c9ditions L'Harmattan","price":2100,"published_date":"2015-07-21T22:00:00.000000Z","support":"Grand format","publisher_availability":1,"stock":0,"editions":[],"url":"https:\/\/quaidesbrumes.com\/ouvrage\/9782343064901\/afrique-liberte-si-la-graine-mort"},{"id":"9782918937067","title":"Je deviens Jimi Hendrix : fragments - autoportrait","description":"Ch\u00e8re Mathilde, Bon alors, \u00e7a parle de quoi hein ?\r\nVoil\u00e0 je te joins comme pr\u00e9vu ce que j'aimerais publier en pr\u00e9vision de repr\u00e9sentations.\r\nJe te transmets les textes tels quels dans la d\u00e9finition o\u00f9 ils m'ont servi \u00e0 travailler.\r\nLes indications-informations de \u00ab la conduite \u00bb se m\u00e9langent au texte lui-m\u00eame parce qu'elles en font partie. Nous l'avions d\u00e9j\u00e0 avec \u00ab Esse que quelqu'un sait . \u00bb, mais s\u00e9par\u00e9e, ici elle est indissoci\u00e9e.\r\nElle avantage la contextualit\u00e9 sans l'expliquer toutefois, parce que c'est de cette fa\u00e7on que je travaille aujourd'hui : ce qui se pr\u00e9pare, se communique et s'incarne - n\u00e9cessairement.\r\nA certains moments, ce c\u00f4t\u00e9 mode d'emploi peut apostropher le lecteur : \u00ab ce n'est pas une invitation mais la porte est ouverte \u00bb.\r\nComme je te le disais en suivant, sans doute pourra-t-il \u00eatre opportun d'y joindre les s\u00e9quences vid\u00e9os - elles sont le d\u00e9cor, la sc\u00e9nographie, les accessoires -  une lecture de t\u00eate c'est-\u00e0-dire de corps.\r\n\r\nBon alors, \u00e7a parle de quoi hein ?\r\nUne succession d'autoportraits \u00e0 partir de Jimi Hendrix \u00e0 la mani\u00e8re que font les peintres pour savoir o\u00f9 ils (en) sont. Je me souviens que plus jeune, j'aurais sans doute choisi un personnage de Brecht ou de Shakespeare pour me portraiturer.\r\nAujourd'hui, je cherchais une sorte de brute avec une merveilleuse capacit\u00e9 de m\u00e9ditation et un pur esprit qui aimanterait \u00e0 lui des corps sans remords et c'est Jimi Hendrix qui m'est tomb\u00e9 dans la t\u00eate - va savoir ! Je lui colle aux basques et il n'est m\u00eame pas du th\u00e9\u00e2tre, mais quand il incendie sa guitare, c'est pour zombir qu'il a le feu en dedans ou je m'y connais pas en ana (tomie) lyse - c'est tout moi je me suis dit. Ma d\u00e9finition de l'autoportrait au th\u00e9\u00e2tre pourrait dire :  on ne parle que de s (e repr\u00e9senter nu sous les traits d'un Christ) oi-m\u00eame. Rien dire et en s (ilencio) avoir plus.\r\n\r\nEric Da Silva.\r","authors":["Eric Da silva"],"category_codes":["1000000","1090000"],"visuals":{"large":"https:\/\/images.epagine.fr\/067\/9782918937067_1_75.jpg","medium":"https:\/\/images.epagine.fr\/067\/9782918937067_1_m.jpg","thumbnail":"https:\/\/images.epagine.fr\/067\/9782918937067_1_v.jpg"},"orderable":true,"show_badge":true,"formatted_price":"9,00&nbsp;\u20ac","formatted_published_date":"6 octobre 2011","publisher_availability_label":"Sur commande","short_details":"Eric Da silva \u2014 Venenum","translator":null,"weight":137,"page_count":88,"readership":null,"editor":"Venenum","price":900,"published_date":"2011-10-05T22:00:00.000000Z","support":"Grand format","publisher_availability":1,"stock":0,"editions":[],"url":"https:\/\/quaidesbrumes.com\/ouvrage\/9782918937067\/je-deviens-jimi-hendrix-fragments-autoportrait"},{"id":"9782355770296","title":"Oeuvres poetiques tome i roger dextre","description":null,"authors":[],"category_codes":["1000000","1090000"],"visuals":{"large":"https:\/\/quaidesbrumes.com\/img\/book-placeholder.png","medium":"https:\/\/quaidesbrumes.com\/img\/book-placeholder.png","thumbnail":"https:\/\/quaidesbrumes.com\/img\/book-placeholder.png"},"orderable":true,"show_badge":true,"formatted_price":"20,00&nbsp;\u20ac","formatted_published_date":"31 octobre 2012","publisher_availability_label":"Sur commande","short_details":"La Rumeur Libre","translator":null,"weight":290,"page_count":null,"readership":null,"editor":"La Rumeur Libre","price":2000,"published_date":"2012-10-30T23:00:00.000000Z","support":"Grand format","publisher_availability":1,"stock":0,"editions":[],"url":"https:\/\/quaidesbrumes.com\/ouvrage\/9782355770296\/oeuvres-poetiques-tome-i-roger-dextre"},{"id":"9782354853310","title":"L'abandon","description":null,"authors":["Vabre Jean"],"category_codes":["1000000","1090000"],"visuals":{"large":"https:\/\/quaidesbrumes.com\/img\/book-placeholder.png","medium":"https:\/\/quaidesbrumes.com\/img\/book-placeholder.png","thumbnail":"https:\/\/quaidesbrumes.com\/img\/book-placeholder.png"},"orderable":true,"show_badge":true,"formatted_price":"13,00&nbsp;\u20ac","formatted_published_date":"1er septembre 2012","publisher_availability_label":"Sur commande","short_details":"Vabre Jean \u2014 JETS D'ENCRE","translator":null,"weight":80,"page_count":null,"readership":null,"editor":"JETS D'ENCRE","price":1300,"published_date":"2012-08-31T22:00:00.000000Z","support":"Grand format","publisher_availability":1,"stock":0,"editions":[],"url":"https:\/\/quaidesbrumes.com\/ouvrage\/9782354853310\/labandon"},{"id":"9782845292925","title":"Caf\u00e9 en terrasse","description":null,"authors":["V\u00e9ronique L\u00e9vy Scheimann"],"category_codes":["1000000","1090000"],"visuals":{"large":"https:\/\/images.epagine.fr\/925\/9782845292925_1_75.jpg","medium":"https:\/\/images.epagine.fr\/925\/9782845292925_1_m.jpg","thumbnail":"https:\/\/images.epagine.fr\/925\/9782845292925_1_v.jpg"},"orderable":true,"show_badge":true,"formatted_price":"15,00&nbsp;\u20ac","formatted_published_date":"1er mars 2020","publisher_availability_label":"Sur commande","short_details":"V\u00e9ronique L\u00e9vy Scheimann \u2014 Veronique Levy Scheimann","translator":null,"weight":80,"page_count":57,"readership":null,"editor":"Veronique Levy Scheimann","price":1500,"published_date":"2020-02-29T23:00:00.000000Z","support":"Grand format","publisher_availability":1,"stock":0,"editions":[],"url":"https:\/\/quaidesbrumes.com\/ouvrage\/9782845292925\/cafe-en-terrasse"},{"id":"9782296139565","title":"Dire cela","description":"Humains nous sommes jusqu'au signe. De cette parole inqui\u00e8te et tendre qui nous porte, ces po\u00e8mes se font l'\u00e9cho. Sur les rivages du verbe, ils nous conduisent au centre de l'\u00e9ph\u00e9m\u00e8re pour simplement dire et c\u00e9l\u00e9brer cette radieuse d\u00e9chirure de l'existence, offerte en partage de fraternit\u00e9.\r","authors":["V\u00e9ronique Elfakir"],"category_codes":["1000000","1090000"],"visuals":{"large":"https:\/\/images.epagine.fr\/565\/9782296139565_1_75.jpg","medium":"https:\/\/images.epagine.fr\/565\/9782296139565_1_m.jpg","thumbnail":"https:\/\/images.epagine.fr\/565\/9782296139565_1_v.jpg"},"orderable":true,"show_badge":true,"formatted_price":"12,00&nbsp;\u20ac","formatted_published_date":"21 f\u00e9vrier 2011","publisher_availability_label":"Sur commande","short_details":"V\u00e9ronique Elfakir \u2014 \u00c9ditions L'Harmattan","translator":null,"weight":135,"page_count":102,"readership":null,"editor":"\u00c9ditions L'Harmattan","price":1200,"published_date":"2011-02-20T23:00:00.000000Z","support":"Grand format","publisher_availability":1,"stock":0,"editions":[],"url":"https:\/\/quaidesbrumes.com\/ouvrage\/9782296139565\/dire-cela"},{"id":"9782355770487","title":"Apres les morts etc...","description":null,"authors":["Stani Chaine"],"category_codes":["1000000","1090000"],"visuals":{"large":"https:\/\/quaidesbrumes.com\/img\/book-placeholder.png","medium":"https:\/\/quaidesbrumes.com\/img\/book-placeholder.png","thumbnail":"https:\/\/quaidesbrumes.com\/img\/book-placeholder.png"},"orderable":true,"show_badge":true,"formatted_price":"15,00&nbsp;\u20ac","formatted_published_date":"27 novembre 2013","publisher_availability_label":"Sur commande","short_details":"Stani Chaine \u2014 La Rumeur Libre","translator":null,"weight":148,"page_count":null,"readership":null,"editor":"La Rumeur Libre","price":1500,"published_date":"2013-11-26T23:00:00.000000Z","support":"Grand format","publisher_availability":1,"stock":0,"editions":[],"url":"https:\/\/quaidesbrumes.com\/ouvrage\/9782355770487\/apres-les-morts-etc"},{"id":"9782849242810","title":"Liberte, hotesse du coeur","description":null,"authors":["Bella clara Ventura"],"category_codes":["1000000","1090000"],"visuals":{"large":"https:\/\/quaidesbrumes.com\/img\/book-placeholder.png","medium":"https:\/\/quaidesbrumes.com\/img\/book-placeholder.png","thumbnail":"https:\/\/quaidesbrumes.com\/img\/book-placeholder.png"},"orderable":true,"show_badge":true,"formatted_price":"13,00&nbsp;\u20ac","formatted_published_date":"22 juin 2012","publisher_availability_label":"Sur commande","short_details":"Bella clara Ventura \u2014 Editions Du Cygne","translator":null,"weight":220,"page_count":null,"readership":null,"editor":"Editions Du Cygne","price":1300,"published_date":"2012-06-21T22:00:00.000000Z","support":"Grand format","publisher_availability":1,"stock":0,"editions":[],"url":"https:\/\/quaidesbrumes.com\/ouvrage\/9782849242810\/liberte-hotesse-du-coeur"},{"id":"9791029006524","title":"Les rimes fantastiques !","description":"Les rimes fantastiques sont des textes po\u00e9tiques produits de mon imagination, mais aussi un assortiment de situations r\u00e9elles que j'ai v\u00e9cues, aussi incroyables que celles-ci puissent para\u00eetre parfois aux yeux des simples mortels, et que je raconte \u00e0 l'aide de personnages cr\u00e9\u00e9s de toute pi\u00e8ce pour la plupart, dans une sorte de biographie fantastique que j'aimerais raconter \u00e0 mes descendants et aux lecteurs, bref...un r\u00e9sum\u00e9 de ce que j'ai vu, v\u00e9cu, connu et appris, sur ce que j'ai fait, sur mes origines, mes exp\u00e9riences, et aussi sur ce que je d\u00e9nonce.\r","authors":["Roger Barinia"],"category_codes":["1000000","1090000"],"visuals":{"large":"https:\/\/images.epagine.fr\/524\/9791029006524_1_75.jpg","medium":"https:\/\/images.epagine.fr\/524\/9791029006524_1_m.jpg","thumbnail":"https:\/\/images.epagine.fr\/524\/9791029006524_1_v.jpg"},"orderable":true,"show_badge":true,"formatted_price":"15,00&nbsp;\u20ac","formatted_published_date":"22 mars 2017","publisher_availability_label":"Sur commande","short_details":"Roger Barinia \u2014 CHAPITRE.COM","translator":null,"weight":255,"page_count":142,"readership":null,"editor":"CHAPITRE.COM","price":1500,"published_date":"2017-03-21T23:00:00.000000Z","support":"Grand format","publisher_availability":1,"stock":0,"editions":["9781291720495"],"url":"https:\/\/quaidesbrumes.com\/ouvrage\/9791029006524\/les-rimes-fantastiques"},{"id":"9791091197007","title":"Mots et couleurs Tome 1","description":"1994, la vie soudain devient noire, informe pour la m\u00e8re de R\u00e9mi ; l'avion que pilote son fils s'est \u00e9cras\u00e9 dans le cirque de Mafate (Ile de la R\u00e9union).\r\nEn qu\u00eate de \"lumi\u00e8re\" et d'apaisement, elle affronte, interroge et tente d'apprivoiser la montagne en la peignant.\r\nUne soeur, une fille et une amie mettent des mots sur certaines de ses peintures, mots qui se m\u00ealent \u00e0 ceux de po\u00e8tes, peintres ou penseurs reconnus.\r","authors":["Baret","Hoarau","Payet"],"category_codes":["1000000","1090000"],"visuals":{"large":"https:\/\/quaidesbrumes.com\/img\/book-placeholder.png","medium":"https:\/\/quaidesbrumes.com\/img\/book-placeholder.png","thumbnail":"https:\/\/quaidesbrumes.com\/img\/book-placeholder.png"},"orderable":true,"show_badge":true,"formatted_price":"18,95&nbsp;\u20ac","formatted_published_date":"12 mars 2012","publisher_availability_label":"Sur commande","short_details":"Baret, Hoarau, Payet \u2014 MEMO LANDE","translator":null,"weight":139,"page_count":68,"readership":null,"editor":"MEMO LANDE","price":1895,"published_date":"2012-03-11T23:00:00.000000Z","support":"Grand format","publisher_availability":1,"stock":0,"editions":[],"url":"https:\/\/quaidesbrumes.com\/ouvrage\/9791091197007\/mots-et-couleurs-tome-1"},{"id":"9782312037103","title":"Au bonheur d'\u00e9crire","description":"Nicole Roiz, m\u00e8re de quatre enfants, sept fois grand-m\u00e8re et, tant\u00f4t, arri\u00e8re-grand-m\u00e8re, dut un jour, afin de faire bouillir (chanter) la marmite familiale, accepter un emploi qu'elle qualifie \u00ab au ras des p\u00e2querettes \u00bb, dans une \u00e9cole-coll\u00e8ge. Elle a pu y observer la vie de cette microsoci\u00e9t\u00e9 avec tout ce qu'elle comporte de tendre, de cruel, d'injuste, corps enseignant et enfants m\u00eal\u00e9s. Le regard vigilant, pelle et balai parfois mena\u00e7ants ont su y faire place nette, des classes \u00e0 la cour, des toilettes au r\u00e9fectoire. Aid\u00e9e par un humour d\u00e9capant, elle a surpris d'incr\u00e9dules personnes dites \u00ab de qualit\u00e9 \u00bb gr\u00e2ce \u00e0 ses sayn\u00e8tes croqu\u00e9es sur le vif et d\u00fbment orthographi\u00e9es. \u00c7a alors ! Lisez et vous ne verrez plus les dames pipi du m\u00eame oeil !\r","authors":["Nicole Roiz"],"category_codes":["1000000","1090000"],"visuals":{"large":"https:\/\/images.epagine.fr\/103\/9782312037103_1_75.jpg","medium":"https:\/\/images.epagine.fr\/103\/9782312037103_1_m.jpg","thumbnail":"https:\/\/images.epagine.fr\/103\/9782312037103_1_v.jpg"},"orderable":true,"show_badge":true,"formatted_price":"15,00&nbsp;\u20ac","formatted_published_date":"23 juillet 2015","publisher_availability_label":"Sur commande","short_details":"Nicole Roiz \u2014 Editions du Net","translator":null,"weight":237,"page_count":132,"readership":null,"editor":"Editions du Net","price":1500,"published_date":"2015-07-22T22:00:00.000000Z","support":"Grand format","publisher_availability":1,"stock":0,"editions":[],"url":"https:\/\/quaidesbrumes.com\/ouvrage\/9782312037103\/au-bonheur-decrire"},{"id":"9782874595462","title":"Onirique","description":"\" Onirique \" est un recueil de po\u00e8mes bas\u00e9 sur \" Equaam \", la cit\u00e9 des \u00e2mes, dont parle l'auteur dans sa trilogie d'h\u00e9ro\u00efc fantasy, \" Les chroniques de Balthus \".  Une partie des textes a \u00e9t\u00e9 \u00e9crite dans une langue imaginaire, ce qui peut d\u00e9router le lecteur.\r","authors":["Laurent Dumortier"],"category_codes":["1000000","1090000"],"visuals":{"large":"https:\/\/images.epagine.fr\/462\/9782874595462_1_75.jpg","medium":"https:\/\/images.epagine.fr\/462\/9782874595462_1_m.jpg","thumbnail":"https:\/\/images.epagine.fr\/462\/9782874595462_1_v.jpg"},"orderable":true,"show_badge":true,"formatted_price":"10,70&nbsp;\u20ac","formatted_published_date":"2 juin 2011","publisher_availability_label":"Sur commande","short_details":"Laurent Dumortier \u2014 Chloe Des Lys","translator":null,"weight":75,"page_count":null,"readership":null,"editor":"Chloe Des Lys","price":1070,"published_date":"2011-06-01T22:00:00.000000Z","support":"Poche","publisher_availability":1,"stock":0,"editions":[],"url":"https:\/\/quaidesbrumes.com\/ouvrage\/9782874595462\/onirique"},{"id":"9782374051024","title":"La part silencieuse","description":null,"authors":["Eric Chassefi\u00e8re"],"category_codes":["1000000","1090000","1090600"],"visuals":{"large":"https:\/\/images.epagine.fr\/024\/9782374051024_1_75.jpg","medium":"https:\/\/images.epagine.fr\/024\/9782374051024_1_m.jpg","thumbnail":"https:\/\/images.epagine.fr\/024\/9782374051024_1_v.jpg"},"orderable":true,"show_badge":true,"formatted_price":"20,00&nbsp;\u20ac","formatted_published_date":"8 juin 2023","publisher_availability_label":"Sur commande","short_details":"Eric Chassefi\u00e8re \u2014 Alcyone","translator":null,"weight":0,"page_count":91,"readership":null,"editor":"Alcyone","price":2000,"published_date":"2023-06-07T22:00:00.000000Z","support":"Grand format","publisher_availability":1,"stock":0,"editions":[],"url":"https:\/\/quaidesbrumes.com\/ouvrage\/9782374051024\/la-part-silencieuse"},{"id":"9782312051031","title":"Rien que des maux","description":"Rien que des maux, tente \u00e0 travers des po\u00e8mes (en vers libres) de relater, souvent avec beaucoup d'humour, le pass\u00e9 peu glorieux et douloureux des pays africains d\u00fb \u00e0 la cruelle colonisation. Loin de nous l'id\u00e9e de ne tenir pour seul responsable que le colon, mais force est de reconna\u00eetre que l'africain n'a pas jou\u00e9 qu'un r\u00f4le passif, il a aussi sa part de responsabilit\u00e9.\r","authors":["Ahossan Tanoh"],"category_codes":["1000000","1090000"],"visuals":{"large":"https:\/\/images.epagine.fr\/031\/9782312051031_1_75.jpg","medium":"https:\/\/images.epagine.fr\/031\/9782312051031_1_m.jpg","thumbnail":"https:\/\/images.epagine.fr\/031\/9782312051031_1_v.jpg"},"orderable":true,"show_badge":true,"formatted_price":"15,00&nbsp;\u20ac","formatted_published_date":"17 mars 2017","publisher_availability_label":"Sur commande","short_details":"Ahossan Tanoh \u2014 Editions du Net","translator":null,"weight":147,"page_count":null,"readership":null,"editor":"Editions du Net","price":1500,"published_date":"2017-03-16T23:00:00.000000Z","support":"Grand format","publisher_availability":1,"stock":0,"editions":[],"url":"https:\/\/quaidesbrumes.com\/ouvrage\/9782312051031\/rien-que-des-maux"},{"id":"9782336008301","title":"Briseurs de r\u00eaves ; r\u00eaves de Brazzaville","description":"Ce recueil de po\u00e8mes dessine en filigrane l'ombre de tous les r\u00eaves possibles, que le commun des mortels aurait voulu voir se r\u00e9aliser, alors que des briseurs de r\u00eaves en ont quelquefois emp\u00each\u00e9 la r\u00e9alisation. Comme 'un arbre qui tombe fait toujours plus de bruit qu'une for\u00eat qui pousse', des r\u00eaves y renaissent en silence...\r","authors":["Aim\u00e9 Eyengu\u00e9"],"category_codes":["1000000","1090000"],"visuals":{"large":"https:\/\/images.epagine.fr\/301\/9782336008301_1_75.jpg","medium":"https:\/\/images.epagine.fr\/301\/9782336008301_1_m.jpg","thumbnail":"https:\/\/images.epagine.fr\/301\/9782336008301_1_v.jpg"},"orderable":true,"show_badge":true,"formatted_price":"13,00&nbsp;\u20ac","formatted_published_date":"6 d\u00e9cembre 2012","publisher_availability_label":"Sur commande","short_details":"Aim\u00e9 Eyengu\u00e9 \u2014 \u00c9ditions L'Harmattan","translator":null,"weight":140,"page_count":104,"readership":null,"editor":"\u00c9ditions L'Harmattan","price":1300,"published_date":"2012-12-05T23:00:00.000000Z","support":"Grand format","publisher_availability":1,"stock":0,"editions":[],"url":"https:\/\/quaidesbrumes.com\/ouvrage\/9782336008301\/briseurs-de-reves-reves-de-brazzaville"},{"id":"9782874595479","title":"La m\u00e9tamort","description":null,"authors":["Yannick Torlini"],"category_codes":["1000000","1090000"],"visuals":{"large":"https:\/\/images.epagine.fr\/479\/9782874595479_1_75.jpg","medium":"https:\/\/images.epagine.fr\/479\/9782874595479_1_m.jpg","thumbnail":"https:\/\/images.epagine.fr\/479\/9782874595479_1_v.jpg"},"orderable":true,"show_badge":true,"formatted_price":"17,90&nbsp;\u20ac","formatted_published_date":"2 juin 2011","publisher_availability_label":"Sur commande","short_details":"Yannick Torlini \u2014 Chloe Des Lys","translator":null,"weight":150,"page_count":null,"readership":null,"editor":"Chloe Des Lys","price":1790,"published_date":"2011-06-01T22:00:00.000000Z","support":"Grand format","publisher_availability":1,"stock":0,"editions":[],"url":"https:\/\/quaidesbrumes.com\/ouvrage\/9782874595479\/la-metamort"},{"id":"9782847122893","title":"Ombres portees, ombres errantes","description":null,"authors":["MICHEL PASSELERGUE"],"category_codes":["1000000","1090000"],"visuals":{"large":"https:\/\/quaidesbrumes.com\/img\/book-placeholder.png","medium":"https:\/\/quaidesbrumes.com\/img\/book-placeholder.png","thumbnail":"https:\/\/quaidesbrumes.com\/img\/book-placeholder.png"},"orderable":true,"show_badge":true,"formatted_price":"12,00&nbsp;\u20ac","formatted_published_date":"12 mars 2011","publisher_availability_label":"Sur commande","short_details":"MICHEL PASSELERGUE \u2014 Petit Pave","translator":null,"weight":110,"page_count":null,"readership":null,"editor":"Petit Pave","price":1200,"published_date":"2011-03-11T23:00:00.000000Z","support":"Grand format","publisher_availability":1,"stock":0,"editions":[],"url":"https:\/\/quaidesbrumes.com\/ouvrage\/9782847122893\/ombres-portees-ombres-errantes"},{"id":"9782336008967","title":"Tourments d'exil","description":"Ces po\u00e8mes abordent le sentiment de non-sens qui habite l'\u00eatre essouch\u00e9, arrach\u00e9 \u00e0 la douceur affective de sa terre natale. Plongeant le lecteur dans les r\u00e9flexions de l'auteur, ils permettent aussi de susciter ses propres interrogations, car le propos po\u00e9tique de ce recueil peut \u00eatre g\u00e9n\u00e9ralis\u00e9. Nous avons tous une patrie que nous pouvons quitter un jour. Alors, ce que nous pouvons ressentir loin de chez nous, l'auteur nous le dit.\r","authors":["Alain Nzigou-moussavou"],"category_codes":["1000000","1090000"],"visuals":{"large":"https:\/\/images.epagine.fr\/967\/9782336008967_1_75.jpg","medium":"https:\/\/images.epagine.fr\/967\/9782336008967_1_m.jpg","thumbnail":"https:\/\/images.epagine.fr\/967\/9782336008967_1_v.jpg"},"orderable":true,"show_badge":true,"formatted_price":"11,00&nbsp;\u20ac","formatted_published_date":"7 d\u00e9cembre 2012","publisher_availability_label":"Sur commande","short_details":"Alain Nzigou-moussavou \u2014 \u00c9ditions L'Harmattan","translator":null,"weight":90,"page_count":68,"readership":null,"editor":"\u00c9ditions L'Harmattan","price":1100,"published_date":"2012-12-06T23:00:00.000000Z","support":"Grand format","publisher_availability":1,"stock":0,"editions":[],"url":"https:\/\/quaidesbrumes.com\/ouvrage\/9782336008967\/tourments-dexil"},{"id":"9782296547544","title":"L'asphalte des condamn\u00e9s","description":"Ce livre augure la musique verbale, les mots transcend\u00e9s en sons, une po\u00e9sie arrach\u00e9e \u00e0 la torpeur des po\u00e8tes po\u00e9tisants, le clivage des styles est outrepass\u00e9, \"outrag\u00e9\". La Belgique et le monde s'\u00e9veillent au son d'une fanfare atroce, superbement absurde.\r","authors":["Thomas Teicher"],"category_codes":["1000000","1090000"],"visuals":{"large":"https:\/\/images.epagine.fr\/544\/9782296547544_1_75.jpg","medium":"https:\/\/images.epagine.fr\/544\/9782296547544_1_m.jpg","thumbnail":"https:\/\/images.epagine.fr\/544\/9782296547544_1_v.jpg"},"orderable":true,"show_badge":true,"formatted_price":"16,50&nbsp;\u20ac","formatted_published_date":"8 juillet 2011","publisher_availability_label":"Sur commande","short_details":"Thomas Teicher \u2014 \u00c9ditions L'Harmattan","translator":null,"weight":195,"page_count":160,"readership":null,"editor":"\u00c9ditions L'Harmattan","price":1650,"published_date":"2011-07-07T22:00:00.000000Z","support":"Grand format","publisher_availability":1,"stock":0,"editions":[],"url":"https:\/\/quaidesbrumes.com\/ouvrage\/9782296547544\/lasphalte-des-condamnes"},{"id":"9782357590267","title":"Raccourcis","description":"Parfois j'ai l'impression que le monde n'est que l'avant-garde du mot. Qui du monde ou du mot est le plus achev\u00e9 ?\r\n\r\nPubli\u00e9s dans de prestigieuses revues litt\u00e9raires fran\u00e7aises et \u00e0 travers le monde, les aphorismes de grande qualit\u00e9 litt\u00e9raire d'Abdelmajid Benjelloun nous sont une source intarissable d'\u00e9merveillement.\r\n\r\nAvec une pr\u00e9cision chirurgicale, l'aphorisme se fait po\u00e8me et r\u00e9flexion, au sommet d'une vigoureuse et v\u00e9ritable nanotechnologie du mot et de la pens\u00e9e, pour, sans m\u00e9nagement, nous guider au d\u00e9tour de mille et un raccourcis.\r\n\r\nNombre de ses aphorismes ont \u00e9t\u00e9 traduits en une vingtaine de langues, dont l'arabe, l'anglais, l'allemand, l'espagnol, l'italien, le portugais, l'iranien, le turc, le russe, le chinois, le hindi.","authors":["Abdelmajid Benjelloun"],"category_codes":["1000000","1090000"],"visuals":{"large":"https:\/\/images.epagine.fr\/267\/9782357590267_1_75.jpg","medium":"https:\/\/images.epagine.fr\/267\/9782357590267_1_m.jpg","thumbnail":"https:\/\/images.epagine.fr\/267\/9782357590267_1_v.jpg"},"orderable":true,"show_badge":true,"formatted_price":"11,00&nbsp;\u20ac","formatted_published_date":"30 juin 2012","publisher_availability_label":"Sur commande","short_details":"Abdelmajid Benjelloun \u2014 Alfabarre","translator":null,"weight":109,"page_count":85,"readership":null,"editor":"Alfabarre","price":1100,"published_date":"2012-06-29T22:00:00.000000Z","support":"Grand format","publisher_availability":1,"stock":0,"editions":[],"url":"https:\/\/quaidesbrumes.com\/ouvrage\/9782357590267\/raccourcis"},{"id":"9782336005096","title":"Ailes ouvertes","description":"Le marinier, dans son coche d'eau rafistol\u00e9, voiture les paysans d'une rive de la Loire jusqu'\u00e0 l'autre. Qui est-il, ce marinier ? Un amoureux du grand fleuve : sans nul doute ! Un amoureux des rivages lig\u00e9riens qui b\u00e2tit les maisons de la ville et celles de la campagne en les calquant sur la r\u00e8gle du nombre d'or.\r","authors":["Jean-Yves Lenoir"],"category_codes":["1000000","1090000"],"visuals":{"large":"https:\/\/images.epagine.fr\/096\/9782336005096_1_75.jpg","medium":"https:\/\/images.epagine.fr\/096\/9782336005096_1_m.jpg","thumbnail":"https:\/\/images.epagine.fr\/096\/9782336005096_1_v.jpg"},"orderable":true,"show_badge":true,"formatted_price":"15,50&nbsp;\u20ac","formatted_published_date":"27 novembre 2012","publisher_availability_label":"Sur commande","short_details":"Jean-Yves Lenoir \u2014 \u00c9ditions L'Harmattan","translator":null,"weight":185,"page_count":null,"readership":null,"editor":"\u00c9ditions L'Harmattan","price":1550,"published_date":"2012-11-26T23:00:00.000000Z","support":"Grand format","publisher_availability":1,"stock":0,"editions":[],"url":"https:\/\/quaidesbrumes.com\/ouvrage\/9782336005096\/ailes-ouvertes"},{"id":"9782954118000","title":"L'\u00e9paule d'Orph\u00e9e ; l'anneau des fronti\u00e8res","description":null,"authors":["Paul Dirmeikis"],"category_codes":["1000000","1090000"],"visuals":{"large":"https:\/\/quaidesbrumes.com\/img\/book-placeholder.png","medium":"https:\/\/quaidesbrumes.com\/img\/book-placeholder.png","thumbnail":"https:\/\/quaidesbrumes.com\/img\/book-placeholder.png"},"orderable":true,"show_badge":true,"formatted_price":"12,00&nbsp;\u20ac","formatted_published_date":"29 f\u00e9vrier 2012","publisher_availability_label":"Sur commande","short_details":"Paul Dirmeikis \u2014 L'Eveilleur","translator":null,"weight":158,"page_count":null,"readership":null,"editor":"L'Eveilleur","price":1200,"published_date":"2012-02-28T23:00:00.000000Z","support":"Grand format","publisher_availability":1,"stock":0,"editions":[],"url":"https:\/\/quaidesbrumes.com\/ouvrage\/9782954118000\/lepaule-dorphee-lanneau-des-frontieres"},{"id":"9782874595509","title":"En attendant l'ete","description":null,"authors":["Nathalie d. Druant"],"category_codes":["1000000","1090000"],"visuals":{"large":"https:\/\/quaidesbrumes.com\/img\/book-placeholder.png","medium":"https:\/\/quaidesbrumes.com\/img\/book-placeholder.png","thumbnail":"https:\/\/quaidesbrumes.com\/img\/book-placeholder.png"},"orderable":true,"show_badge":true,"formatted_price":"16,40&nbsp;\u20ac","formatted_published_date":"2 juin 2011","publisher_availability_label":"Sur commande","short_details":"Nathalie d. Druant \u2014 Chloe Des Lys","translator":null,"weight":150,"page_count":null,"readership":null,"editor":"Chloe Des Lys","price":1640,"published_date":"2011-06-01T22:00:00.000000Z","support":"Grand format","publisher_availability":1,"stock":0,"editions":[],"url":"https:\/\/quaidesbrumes.com\/ouvrage\/9782874595509\/en-attendant-lete"}]}