{"data":[{"id":"9782914327015","title":"\u00e2me soeur","description":"\u00c2me Soeur est le fruit d'une vraie rencontre entre Dominique Sampiero, \u00e9crivain et Pierre Devin, photographe. La photographie n'est pas l\u00e0 pour illustrer le texte, le texte ne vient pas d'\u00e9crire l'image. Simplement, ces deux esth\u00e9tiques cr\u00e9ent de nouvelles images mentales, une multiplicit\u00e9 des lectures.\r","authors":["Pierre Devin","Dominique Sampiero"],"category_codes":["1000000","1090000"],"visuals":{"large":"https:\/\/images.epagine.fr\/015\/9782914327015_1_75.jpg","medium":"https:\/\/images.epagine.fr\/015\/9782914327015_1_m.jpg","thumbnail":"https:\/\/images.epagine.fr\/015\/9782914327015_1_v.jpg"},"orderable":true,"show_badge":true,"formatted_price":"13,20&nbsp;\u20ac","formatted_published_date":"1er janvier 2002","publisher_availability_label":"Sur commande","short_details":"Pierre Devin, Dominique Sampiero \u2014 Marais Du Livre","translator":null,"weight":101,"page_count":80,"readership":null,"editor":"Marais Du Livre","price":1320,"published_date":"2001-12-31T23:00:00.000000Z","support":"Grand format","publisher_availability":1,"stock":0,"editions":[],"url":"https:\/\/quaidesbrumes.com\/ouvrage\/9782914327015\/ame-soeur"},{"id":"9782915291124","title":"Naissance d'une","description":"Les textes d'Olivier Apprill et les encres d'Armelle  Ritter sont \u00e0 l'unisson. L'encre s'\u00e9tire sur plusieurs  pages. Le format s'allonge. La po\u00e9sie na\u00eet.","authors":["Olivier Apprill","Armelle Ritter"],"category_codes":["1000000","1090000"],"visuals":{"large":"https:\/\/images.epagine.fr\/124\/9782915291124_1_75.jpg","medium":"https:\/\/images.epagine.fr\/124\/9782915291124_1_m.jpg","thumbnail":"https:\/\/images.epagine.fr\/124\/9782915291124_1_v.jpg"},"orderable":true,"show_badge":true,"formatted_price":"18,00&nbsp;\u20ac","formatted_published_date":"27 octobre 2011","publisher_availability_label":"Sur commande","short_details":"Olivier Apprill, Armelle Ritter \u2014 Zinc Editions","translator":null,"weight":350,"page_count":100,"readership":null,"editor":"Zinc Editions","price":1800,"published_date":"2011-10-26T22:00:00.000000Z","support":"Grand format","publisher_availability":1,"stock":0,"editions":[],"url":"https:\/\/quaidesbrumes.com\/ouvrage\/9782915291124\/naissance-dune"},{"id":"9782912824820","title":"The waters will sway ; die wasser werden schaukeln","description":null,"authors":["Keith Barnes"],"category_codes":["1000000","1090000"],"visuals":{"large":"https:\/\/images.epagine.fr\/820\/9782912824820_1_75.jpg","medium":"https:\/\/images.epagine.fr\/820\/9782912824820_1_m.jpg","thumbnail":"https:\/\/images.epagine.fr\/820\/9782912824820_1_v.jpg"},"orderable":true,"show_badge":true,"formatted_price":"20,00&nbsp;\u20ac","formatted_published_date":"1er mars 2011","publisher_availability_label":"Sur commande","short_details":"Keith Barnes \u2014 ECARTS","translator":null,"weight":240,"page_count":149,"readership":null,"editor":"ECARTS","price":2000,"published_date":"2011-02-28T23:00:00.000000Z","support":"Grand format","publisher_availability":1,"stock":0,"editions":[],"url":"https:\/\/quaidesbrumes.com\/ouvrage\/9782912824820\/the-waters-will-sway-die-wasser-werden-schaukeln"},{"id":"9782917081235","title":"Plein champ","description":null,"authors":["Robert Nedelec"],"category_codes":["1000000","1090000"],"visuals":{"large":"https:\/\/quaidesbrumes.com\/img\/book-placeholder.png","medium":"https:\/\/quaidesbrumes.com\/img\/book-placeholder.png","thumbnail":"https:\/\/quaidesbrumes.com\/img\/book-placeholder.png"},"orderable":true,"show_badge":true,"formatted_price":"13,00&nbsp;\u20ac","formatted_published_date":"15 mai 2014","publisher_availability_label":"Sur commande","short_details":"Robert Nedelec \u2014 Aspect","translator":null,"weight":154,"page_count":null,"readership":null,"editor":"Aspect","price":1300,"published_date":"2014-05-14T22:00:00.000000Z","support":"Grand format","publisher_availability":1,"stock":0,"editions":[],"url":"https:\/\/quaidesbrumes.com\/ouvrage\/9782917081235\/plein-champ"},{"id":"9782296108967","title":"Poussi\u00e8res de notes","description":"L'harmonie peut-elle r\u00e9sonner entre le r\u00e9el et l'irr\u00e9el? La qu\u00eate de la note de musique d'origine devient, pour Isidore, le point d'orgue de ses instants. Et si toutes les sonorit\u00e9s pouvaient faire vibrer l'humanit\u00e9 \u00e0 l'unisson? Le monde tournerait-il enfin dans le bon sens?\r\nAu travers d'une \u00e9pop\u00e9e o\u00f9 le lyrisme d'\u00eatres l\u00e9gendaires, les muses, croise le r\u00e9alisme de personnages assoiff\u00e9s de changements, des questions essentielles portent la po\u00e9sie du r\u00e9cit vers une satire de notre soci\u00e9t\u00e9.\r","authors":["Cyrille Dazun"],"category_codes":["1000000","1090000"],"visuals":{"large":"https:\/\/images.epagine.fr\/967\/9782296108967_1_75.jpg","medium":"https:\/\/images.epagine.fr\/967\/9782296108967_1_m.jpg","thumbnail":"https:\/\/images.epagine.fr\/967\/9782296108967_1_v.jpg"},"orderable":true,"show_badge":true,"formatted_price":"19,00&nbsp;\u20ac","formatted_published_date":"8 janvier 2010","publisher_availability_label":"Sur commande","short_details":"Cyrille Dazun \u2014 \u00c9ditions L'Harmattan","translator":null,"weight":200,"page_count":null,"readership":null,"editor":"\u00c9ditions L'Harmattan","price":1900,"published_date":"2010-01-07T23:00:00.000000Z","support":"Grand format","publisher_availability":1,"stock":0,"editions":[],"url":"https:\/\/quaidesbrumes.com\/ouvrage\/9782296108967\/poussieres-de-notes"},{"id":"9782322138401","title":"Portraits et anecdotes","description":"Ce recueil pr\u00e9sente une v\u00e9ritable fresque humaine dont l'auteur a peint les personnages avec po\u00e9sie, fantaisie et humour. Les textes, tr\u00e8s vari\u00e9s, m\u00ealant imagination et r\u00e9alisme avec beaucoup d'adresse, agr\u00e9ment\u00e9s de dessins originaux et de quelques peintures, vous feront passer d'agr\u00e9ables moments !\r","authors":["Catherine Dutailly"],"category_codes":["1000000","1090000","1090600"],"visuals":{"large":"https:\/\/images.epagine.fr\/401\/9782322138401_1_75.jpg","medium":"https:\/\/images.epagine.fr\/401\/9782322138401_1_m.jpg","thumbnail":"https:\/\/images.epagine.fr\/401\/9782322138401_1_v.jpg"},"orderable":true,"show_badge":true,"formatted_price":"24,00&nbsp;\u20ac","formatted_published_date":"15 mars 2017","publisher_availability_label":"Sur commande","short_details":"Catherine Dutailly \u2014 Books on Demand","translator":null,"weight":809,"page_count":176,"readership":null,"editor":"Books on Demand","price":2400,"published_date":"2017-03-14T23:00:00.000000Z","support":"Grand format","publisher_availability":1,"stock":0,"editions":[],"url":"https:\/\/quaidesbrumes.com\/ouvrage\/9782322138401\/portraits-et-anecdotes"},{"id":"9791091555067","title":"L'ombre du vide","description":"Les po\u00e9sies que nous pr\u00e9sentons ici sont traduites du recueil L'Ombre du vide (??? ???) publi\u00e9 en cor\u00e9en en 2006 \u00e0 S\u00e9oul. C'est une anthologie de la production po\u00e9tique de l'auteur de 1979 \u00e0 1989. En guise de postface, nous republions N'\u00e9coutez pas la voix d'un cochon, article \u00e9crit en fran\u00e7ais et publi\u00e9 en 1967 dans la Nouvelle Revue Fran\u00e7aise, o\u00f9 Park situe son parcours intellectuel dans un texte \u00e0 la beaut\u00e9 fulgurante.\r\nLes illustrations sont de son ami, le plasticien fran\u00e7ais Alain Bert.\r","authors":["Park Ynhui","Benjamin Joinau"],"category_codes":["1000000","1090000"],"visuals":{"large":"https:\/\/images.epagine.fr\/067\/9791091555067_1_75.jpg","medium":"https:\/\/images.epagine.fr\/067\/9791091555067_1_m.jpg","thumbnail":"https:\/\/images.epagine.fr\/067\/9791091555067_1_v.jpg"},"orderable":true,"show_badge":true,"formatted_price":"10,00&nbsp;\u20ac","formatted_published_date":"6 d\u00e9cembre 2012","publisher_availability_label":"Sur commande","short_details":"Park Ynhui, Benjamin Joinau \u2014 ATELIER DES CAHIERS","translator":"BENJAMIN JOINAU","weight":260,"page_count":184,"readership":null,"editor":"ATELIER DES CAHIERS","price":1000,"published_date":"2012-12-05T23:00:00.000000Z","support":"Grand format","publisher_availability":1,"stock":0,"editions":[],"url":"https:\/\/quaidesbrumes.com\/ouvrage\/9791091555067\/lombre-du-vide"},{"id":"9782912824844","title":"L'envers du ciel","description":"Faire de l'\u00e9criture, dans l'intensit\u00e9, un partage d'\u00e9motions et d'interrogations, tel est mon souhait.\r\nPour moi, la po\u00e9sie est \u00e0 la litt\u00e9rature ce que la musique de chambre est \u00e0 la musique: sa part la plus secr\u00e8te, la plus exigeante. C'est \u00e0 mon sens, une des meilleures mani\u00e8res de vivre sans \u00eatre d\u00e9tourn\u00e9 de soi-m\u00eame pour autant qu'on y voie, pour \u00e9voquer Thomas Mann, une consolation.\r\n\u00a0 \u00abLe po\u00e8te apporte non pas des preuves, mais des traces. Seules les traces font r\u00eaver\u00bb \u00e9crivait, quant \u00e0 lui, Ren\u00e9 Char...\r\nJ.-L. W.\r\n\u00a0 Jean-Luc Wauthier est n\u00e9 \u00e0 Charleroi, en novembre 1950. Professeur de Litt\u00e9rature, il a publi\u00e9 une vingtaine d'ouvrages, po\u00e9sie, prose, monographies qui ont obtenu de nombreux prix.\r\nR\u00e9dacteur en chef du journal des Po\u00e8tes, il est aussi Vice-Pr\u00e9sident de la Maison internationale de la Po\u00e9sie \u00abArthur Haulot\u00bb (Bruxelles).\r","authors":["Jean-luc Wauthier"],"category_codes":["1000000","1090000"],"visuals":{"large":"https:\/\/images.epagine.fr\/844\/9782912824844_1_75.jpg","medium":"https:\/\/images.epagine.fr\/844\/9782912824844_1_m.jpg","thumbnail":"https:\/\/images.epagine.fr\/844\/9782912824844_1_v.jpg"},"orderable":true,"show_badge":true,"formatted_price":"20,00&nbsp;\u20ac","formatted_published_date":"21 juillet 2007","publisher_availability_label":"Sur commande","short_details":"Jean-luc Wauthier \u2014 ECARTS","translator":null,"weight":174,"page_count":124,"readership":null,"editor":"ECARTS","price":2000,"published_date":"2007-07-20T22:00:00.000000Z","support":"Grand format","publisher_availability":1,"stock":0,"editions":[],"url":"https:\/\/quaidesbrumes.com\/ouvrage\/9782912824844\/lenvers-du-ciel"},{"id":"9782912824509","title":"Oeuvre po\u00e9tique ; collected poems","description":"R\u00e9unit les 89 po\u00e8mes des trois recueils de Keith Barnes (1934-1969) de mani\u00e8re th\u00e9matique : po\u00e8mes d'amour, sur le couple et la famille, po\u00e8mes inspir\u00e9s par la 2\u00e8me guerre mondiale v\u00e9cue \u00e0 Londres, sur l'apr\u00e8s-guerre et sa r\u00e9alit\u00e9 sociale, sur l'\u00e9criture et la mort...\r\n\u00a0 \u00a0 \u00a0Marqu\u00e9e par la tendresse mais aussi par l'humour et le sarcasme, la voix de Keith Barnes s'\u00e9l\u00e8ve entre celle des \" Angry Young Men \" et celle de la \" Beat Generation \".\r\n\u00a0 \u00a0L'actuel choc des cultures r\u00e9v\u00e8le sa pertinence.\r","authors":["Keith Barnes","Jacqueline Starer"],"category_codes":["1000000","1090000"],"visuals":{"large":"https:\/\/images.epagine.fr\/509\/9782912824509_1_75.jpg","medium":"https:\/\/images.epagine.fr\/509\/9782912824509_1_m.jpg","thumbnail":"https:\/\/images.epagine.fr\/509\/9782912824509_1_v.jpg"},"orderable":true,"show_badge":true,"formatted_price":"40,00&nbsp;\u20ac","formatted_published_date":"11 juin 2003","publisher_availability_label":"Sur commande","short_details":"Keith Barnes, Jacqueline Starer \u2014 ECARTS","translator":"JACQUELINE STARER","weight":555,"page_count":300,"readership":null,"editor":"ECARTS","price":4000,"published_date":"2003-06-10T22:00:00.000000Z","support":"Grand format","publisher_availability":1,"stock":0,"editions":[],"url":"https:\/\/quaidesbrumes.com\/ouvrage\/9782912824509\/oeuvre-poetique-collected-poems"},{"id":"9791090150225","title":"L'\u00e2me soeur","description":"\u00c0 ma soeur, \u00c9lisabeth Le Crom, d\u00e9c\u00e9d\u00e9e d'une maladie orpheline apr\u00e8s dix ans de combat.\r\n\r\nMes mots habit\u00e9s la rejoignent,\r\nJ'ai la sensation qu'ils m'\u00e9chappent.\r\n\r\nJe suis aussi la traductrice\r\nDes maux de ma ch\u00e8re maman.\r\n\r\nSublimation \u00e0 hauteur de douleur.\r\nUne fleur qui souffre est encor plus belle ;\r\nEst-ce pareil en po\u00e9sie ?\r\n\r\n\u00ab Tu n'arr\u00eateras plus d'\u00e9crire \u00bb dit Yvon.","authors":["Florence Houssais"],"category_codes":["1000000","1090000"],"visuals":{"large":"https:\/\/images.epagine.fr\/225\/9791090150225_1_75.jpg","medium":"https:\/\/images.epagine.fr\/225\/9791090150225_1_m.jpg","thumbnail":"https:\/\/images.epagine.fr\/225\/9791090150225_1_v.jpg"},"orderable":true,"show_badge":true,"formatted_price":"14,00&nbsp;\u20ac","formatted_published_date":"25 juillet 2012","publisher_availability_label":"Sur commande","short_details":"Florence Houssais \u2014 Stellamaris","translator":null,"weight":189,"page_count":151,"readership":null,"editor":"Stellamaris","price":1400,"published_date":"2012-07-24T22:00:00.000000Z","support":"Grand format","publisher_availability":1,"stock":0,"editions":[],"url":"https:\/\/quaidesbrumes.com\/ouvrage\/9791090150225\/lame-soeur"},{"id":"9782916086064","title":"Les cent nouvelles pas neuves - lecture panique","description":null,"authors":["Andr\u00e9 Stas"],"category_codes":["1000000","1090000"],"visuals":{"large":"https:\/\/quaidesbrumes.com\/img\/book-placeholder.png","medium":"https:\/\/quaidesbrumes.com\/img\/book-placeholder.png","thumbnail":"https:\/\/quaidesbrumes.com\/img\/book-placeholder.png"},"orderable":true,"show_badge":true,"formatted_price":"15,00&nbsp;\u20ac","formatted_published_date":"1er mars 2005","publisher_availability_label":"Sur commande","short_details":"Andr\u00e9 Stas \u2014 Galopin","translator":null,"weight":150,"page_count":null,"readership":null,"editor":"Galopin","price":1500,"published_date":"2005-02-28T23:00:00.000000Z","support":"Grand format","publisher_availability":1,"stock":0,"editions":[],"url":"https:\/\/quaidesbrumes.com\/ouvrage\/9782916086064\/les-cent-nouvelles-pas-neuves-lecture-panique"},{"id":"9782343045405","title":"Olivier qu'on arrache et qui pleure sa terre","description":"Yves Letourneur tient chronique du dernier \u00e9pisode en date de cette trag\u00e9die sur la terre de la Palestine : \u00ab Gaza \u00e9t\u00e9 2014 \u00bb. En explorant tous les m\u00e9andres de cet \u00e9t\u00e9 meurtrier, ce recueil nous montre que le pire peut aussi faire po\u00e8me en y trouvant les lueurs de son possible d\u00e9passement. Osama Khalil\r","authors":["Yves Letourneur"],"category_codes":["1000000","1090000"],"visuals":{"large":"https:\/\/images.epagine.fr\/405\/9782343045405_1_75.jpg","medium":"https:\/\/images.epagine.fr\/405\/9782343045405_1_m.jpg","thumbnail":"https:\/\/images.epagine.fr\/405\/9782343045405_1_v.jpg"},"orderable":true,"show_badge":true,"formatted_price":"13,00&nbsp;\u20ac","formatted_published_date":"17 septembre 2014","publisher_availability_label":"Sur commande","short_details":"Yves Letourneur \u2014 \u00c9ditions L'Harmattan","translator":null,"weight":140,"page_count":106,"readership":null,"editor":"\u00c9ditions L'Harmattan","price":1300,"published_date":"2014-09-16T22:00:00.000000Z","support":"Grand format","publisher_availability":1,"stock":0,"editions":[],"url":"https:\/\/quaidesbrumes.com\/ouvrage\/9782343045405\/olivier-quon-arrache-et-qui-pleure-sa-terre"},{"id":"9782810624355","title":"Ici-bas la terre","description":"Je voulais \u00eatre le po\u00e8te de nulle piti\u00e9. \u00catre le vagabond dans des nuits ivres, dans l'aube bleut\u00e9e. Aimer, si possible, les enfants et la femme et le Dieu, ne jamais prier n'importe qui, n'\u00eatre envieux de personne. Dans mes souliers suivre les chemins d'anc\u00eatres, ni habiles ni juste. Qui suis-je ? - L'ivrogne, le ren\u00e9gat, le menteur et le voleur, pr\u00e9tentieux de ma beaut\u00e9, le faux monogame, l'ill\u00e9gitime libertin ? Ni le m\u00e9decin ni le professeur ni l'ing\u00e9nieur d'une rare profession. Je n'ai m\u00eame pas le soutien d'un parrain, je n'ai pas des m\u00e9rit\u00e9es invitations ni les ma\u00eetresses vieillissantes.\r\nJe voulais marcher comme un somnambule sur les toits, avec mes mains t\u00e2tonner le vide.\r","authors":["Zlatko Martinko"],"category_codes":["1000000","1090000"],"visuals":{"large":"https:\/\/images.epagine.fr\/355\/9782810624355_1_75.jpg","medium":"https:\/\/images.epagine.fr\/355\/9782810624355_1_m.jpg","thumbnail":"https:\/\/images.epagine.fr\/355\/9782810624355_1_v.jpg"},"orderable":true,"show_badge":true,"formatted_price":"18,10&nbsp;\u20ac","formatted_published_date":"17 juillet 2012","publisher_availability_label":"Sur commande","short_details":"Zlatko Martinko \u2014 Books on Demand","translator":null,"weight":401,"page_count":164,"readership":null,"editor":"Books on Demand","price":1810,"published_date":"2012-07-16T22:00:00.000000Z","support":"Grand format","publisher_availability":1,"stock":0,"editions":[],"url":"https:\/\/quaidesbrumes.com\/ouvrage\/9782810624355\/ici-bas-la-terre"},{"id":"9782954568003","title":"Agres acrobates","description":null,"authors":["Anna Jouy"],"category_codes":["1000000","1090000"],"visuals":{"large":"https:\/\/quaidesbrumes.com\/img\/book-placeholder.png","medium":"https:\/\/quaidesbrumes.com\/img\/book-placeholder.png","thumbnail":"https:\/\/quaidesbrumes.com\/img\/book-placeholder.png"},"orderable":true,"show_badge":true,"formatted_price":"8,00&nbsp;\u20ac","formatted_published_date":"5 septembre 2013","publisher_availability_label":"Sur commande","short_details":"Anna Jouy \u2014 P.I.Sage Interieur","translator":null,"weight":97,"page_count":null,"readership":null,"editor":"P.I.Sage Interieur","price":800,"published_date":"2013-09-04T22:00:00.000000Z","support":"Grand format","publisher_availability":1,"stock":0,"editions":[],"url":"https:\/\/quaidesbrumes.com\/ouvrage\/9782954568003\/agres-acrobates"},{"id":"9782296569539","title":"St\u00e8les pour un signe","description":"En Chine, os, carapaces de tortues ou vases de bronze ont r\u00e9v\u00e9l\u00e9 des caract\u00e8res tr\u00e8s anciens dont la beaut\u00e9, le myst\u00e8re ne peuvent que stimuler l'imagination, la r\u00e9flexion. Le po\u00e8te, qui a choisi quelques-uns d'entre eux ayant en commun le signe de la femme, nous invite \u00e0 les d\u00e9couvrir tout en questionnant leur sens, l'histoire ancienne et leur r\u00e9sonance tant avec son univers personnel qu'avec le monde actuel.\r","authors":["Anne-marie Jeanjean"],"category_codes":["1000000","1090000"],"visuals":{"large":"https:\/\/images.epagine.fr\/539\/9782296569539_1_75.jpg","medium":"https:\/\/images.epagine.fr\/539\/9782296569539_1_m.jpg","thumbnail":"https:\/\/images.epagine.fr\/539\/9782296569539_1_v.jpg"},"orderable":true,"show_badge":true,"formatted_price":"14,50&nbsp;\u20ac","formatted_published_date":"28 f\u00e9vrier 2012","publisher_availability_label":"Sur commande","short_details":"Anne-marie Jeanjean \u2014 \u00c9ditions L'Harmattan","translator":null,"weight":170,"page_count":128,"readership":null,"editor":"\u00c9ditions L'Harmattan","price":1450,"published_date":"2012-02-27T23:00:00.000000Z","support":"Grand format","publisher_availability":1,"stock":0,"editions":[],"url":"https:\/\/quaidesbrumes.com\/ouvrage\/9782296569539\/steles-pour-un-signe"},{"id":"9782322139934","title":"Les mots et les sens","description":"Les mots ont- ils un sens, les sens ont-ils des mots c'est en lisant ce recueil que vous trouverez un sens \u00e0 tout ca.\r","authors":["Bernard Brunstein"],"category_codes":["1000000","1090000","1090600"],"visuals":{"large":"https:\/\/images.epagine.fr\/934\/9782322139934_1_75.jpg","medium":"https:\/\/images.epagine.fr\/934\/9782322139934_1_m.jpg","thumbnail":"https:\/\/images.epagine.fr\/934\/9782322139934_1_v.jpg"},"orderable":true,"show_badge":true,"formatted_price":"5,99&nbsp;\u20ac","formatted_published_date":"21 mars 2017","publisher_availability_label":"Sur commande","short_details":"Bernard Brunstein \u2014 Books on Demand","translator":null,"weight":79,"page_count":36,"readership":null,"editor":"Books on Demand","price":599,"published_date":"2017-03-20T23:00:00.000000Z","support":"Grand format","publisher_availability":1,"stock":0,"editions":[],"url":"https:\/\/quaidesbrumes.com\/ouvrage\/9782322139934\/les-mots-et-les-sens"},{"id":"9782954568010","title":"Sous les feuilles","description":null,"authors":["Christian Degoutte"],"category_codes":["1000000","1090000"],"visuals":{"large":"https:\/\/quaidesbrumes.com\/img\/book-placeholder.png","medium":"https:\/\/quaidesbrumes.com\/img\/book-placeholder.png","thumbnail":"https:\/\/quaidesbrumes.com\/img\/book-placeholder.png"},"orderable":true,"show_badge":true,"formatted_price":"8,00&nbsp;\u20ac","formatted_published_date":"5 septembre 2013","publisher_availability_label":"Sur commande","short_details":"Christian Degoutte \u2014 P.I.Sage Interieur","translator":null,"weight":97,"page_count":null,"readership":null,"editor":"P.I.Sage Interieur","price":800,"published_date":"2013-09-04T22:00:00.000000Z","support":"Grand format","publisher_availability":1,"stock":0,"editions":[],"url":"https:\/\/quaidesbrumes.com\/ouvrage\/9782954568010\/sous-les-feuilles"},{"id":"9782296969872","title":"Hymnes pour l'\u00eele ; po\u00e8mes sur la Corse","description":"Dans ces Hymnes , Toussaint M\u00e9dine Shang\u00f4 tente de rivaliser avec un peintre de paysages, afin de d\u00e9crire, de fa\u00e7on int\u00e9rieure, une \u00eele o\u00f9 il est n\u00e9, qui lui a transmis son caract\u00e8re. D\u00e9ja appara\u00eet une coloration mystique dans laquelle s'opposent et s'unissent le transparent et l'apparence.\r","authors":["Toussaint Medine shang\u00f4"],"category_codes":["1000000","1090000"],"visuals":{"large":"https:\/\/images.epagine.fr\/872\/9782296969872_1_75.jpg","medium":"https:\/\/images.epagine.fr\/872\/9782296969872_1_m.jpg","thumbnail":"https:\/\/images.epagine.fr\/872\/9782296969872_1_v.jpg"},"orderable":true,"show_badge":true,"formatted_price":"12,50&nbsp;\u20ac","formatted_published_date":"15 mai 2012","publisher_availability_label":"Sur commande","short_details":"Toussaint Medine shang\u00f4 \u2014 \u00c9ditions L'Harmattan","translator":null,"weight":115,"page_count":84,"readership":null,"editor":"\u00c9ditions L'Harmattan","price":1250,"published_date":"2012-05-14T22:00:00.000000Z","support":"Grand format","publisher_availability":1,"stock":0,"editions":[],"url":"https:\/\/quaidesbrumes.com\/ouvrage\/9782296969872\/hymnes-pour-lile-poemes-sur-la-corse"},{"id":"9782915886528","title":"Petite suite pour jours obscurs","description":null,"authors":["Ancet"],"category_codes":["1000000","1090000"],"visuals":{"large":"https:\/\/quaidesbrumes.com\/img\/book-placeholder.png","medium":"https:\/\/quaidesbrumes.com\/img\/book-placeholder.png","thumbnail":"https:\/\/quaidesbrumes.com\/img\/book-placeholder.png"},"orderable":true,"show_badge":true,"formatted_price":"20,00&nbsp;\u20ac","formatted_published_date":"25 mars 2017","publisher_availability_label":"Sur commande","short_details":"Ancet \u2014 Les Aretes","translator":null,"weight":100,"page_count":null,"readership":null,"editor":"Les Aretes","price":2000,"published_date":"2017-03-24T23:00:00.000000Z","support":"Grand format","publisher_availability":1,"stock":0,"editions":[],"url":"https:\/\/quaidesbrumes.com\/ouvrage\/9782915886528\/petite-suite-pour-jours-obscurs"},{"id":"9782916086071","title":"Cent haikus necromantiques","description":null,"authors":["De Giraud Theophile"],"category_codes":["1000000","1090000"],"visuals":{"large":"https:\/\/quaidesbrumes.com\/img\/book-placeholder.png","medium":"https:\/\/quaidesbrumes.com\/img\/book-placeholder.png","thumbnail":"https:\/\/quaidesbrumes.com\/img\/book-placeholder.png"},"orderable":true,"show_badge":true,"formatted_price":"15,00&nbsp;\u20ac","formatted_published_date":"1er mars 2005","publisher_availability_label":"Sur commande","short_details":"De Giraud Theophile \u2014 Galopin","translator":null,"weight":160,"page_count":null,"readership":null,"editor":"Galopin","price":1500,"published_date":"2005-02-28T23:00:00.000000Z","support":"Grand format","publisher_availability":1,"stock":0,"editions":[],"url":"https:\/\/quaidesbrumes.com\/ouvrage\/9782916086071\/cent-haikus-necromantiques"},{"id":"9782296565685","title":"Mmem","description":"Le pr\u00e9sent po\u00e8me est une chanson \u00e0 moult rythmes et partitions \u00e0 \u00ab M\u00e8re \u00bb, que pour plus de tendresse, tir\u00e9e du fond d'une cajolerie pu\u00e9rile, nous avons voulu baptiser \u00ab Mmem \u00bb. Il s'agit l\u00e0 de l'expression des manifestations d'une culture banen (ethnie du Mbam, originaire de la r\u00e9gion du centre du Cameroun), sinon purement africaine tout court. Le chant est aussi une riche berceuse \u00e0 cette \u00ab Mmem \u00bb que l'auteur a bien voulu sempiterniser.\r","authors":["Simploo"],"category_codes":["1000000","1090000"],"visuals":{"large":"https:\/\/images.epagine.fr\/685\/9782296565685_1_75.jpg","medium":"https:\/\/images.epagine.fr\/685\/9782296565685_1_m.jpg","thumbnail":"https:\/\/images.epagine.fr\/685\/9782296565685_1_v.jpg"},"orderable":true,"show_badge":true,"formatted_price":"9,00&nbsp;\u20ac","formatted_published_date":"14 novembre 2011","publisher_availability_label":"Sur commande","short_details":"Simploo \u2014 \u00c9ditions L'Harmattan","translator":null,"weight":75,"page_count":50,"readership":null,"editor":"\u00c9ditions L'Harmattan","price":900,"published_date":"2011-11-13T23:00:00.000000Z","support":"Grand format","publisher_availability":1,"stock":0,"editions":[],"url":"https:\/\/quaidesbrumes.com\/ouvrage\/9782296565685\/mmem"},{"id":"9782343064901","title":"AFRIQUE LIBERTE : si la graine mort","description":"Ce recueil de po\u00e8me vient t\u00e9moigner de la r\u00e9alit\u00e9 mystique de la lutte. Si la graine ne tombe et ne meurt en terre, elle ne peut porter des fruits. La lutte doit briller et br\u00fbler comme un brasier. L'auteur s'adresse au peuple ivoirien en particulier et \u00e0 tous les Africains en g\u00e9n\u00e9ral, pour leur dire que la lutte pour la d\u00e9mocratie, le respect des libert\u00e9s et des souverainet\u00e9s nationales, la lutte contre le nouvel imp\u00e9rialisme exacerbant et le n\u00e9ocolonialisme pervers de l'Occident doit se mener sans r\u00e9pit.\r","authors":["Lazare Koffi koffi"],"category_codes":["1000000","1090000"],"visuals":{"large":"https:\/\/images.epagine.fr\/901\/9782343064901_1_75.jpg","medium":"https:\/\/images.epagine.fr\/901\/9782343064901_1_m.jpg","thumbnail":"https:\/\/images.epagine.fr\/901\/9782343064901_1_v.jpg"},"orderable":true,"show_badge":true,"formatted_price":"21,00&nbsp;\u20ac","formatted_published_date":"22 juillet 2015","publisher_availability_label":"Sur commande","short_details":"Lazare Koffi koffi \u2014 \u00c9ditions L'Harmattan","translator":null,"weight":255,"page_count":212,"readership":null,"editor":"\u00c9ditions L'Harmattan","price":2100,"published_date":"2015-07-21T22:00:00.000000Z","support":"Grand format","publisher_availability":1,"stock":0,"editions":[],"url":"https:\/\/quaidesbrumes.com\/ouvrage\/9782343064901\/afrique-liberte-si-la-graine-mort"},{"id":"9782918937067","title":"Je deviens Jimi Hendrix : fragments - autoportrait","description":"Ch\u00e8re Mathilde, Bon alors, \u00e7a parle de quoi hein ?\r\nVoil\u00e0 je te joins comme pr\u00e9vu ce que j'aimerais publier en pr\u00e9vision de repr\u00e9sentations.\r\nJe te transmets les textes tels quels dans la d\u00e9finition o\u00f9 ils m'ont servi \u00e0 travailler.\r\nLes indications-informations de \u00ab la conduite \u00bb se m\u00e9langent au texte lui-m\u00eame parce qu'elles en font partie. Nous l'avions d\u00e9j\u00e0 avec \u00ab Esse que quelqu'un sait . \u00bb, mais s\u00e9par\u00e9e, ici elle est indissoci\u00e9e.\r\nElle avantage la contextualit\u00e9 sans l'expliquer toutefois, parce que c'est de cette fa\u00e7on que je travaille aujourd'hui : ce qui se pr\u00e9pare, se communique et s'incarne - n\u00e9cessairement.\r\nA certains moments, ce c\u00f4t\u00e9 mode d'emploi peut apostropher le lecteur : \u00ab ce n'est pas une invitation mais la porte est ouverte \u00bb.\r\nComme je te le disais en suivant, sans doute pourra-t-il \u00eatre opportun d'y joindre les s\u00e9quences vid\u00e9os - elles sont le d\u00e9cor, la sc\u00e9nographie, les accessoires -  une lecture de t\u00eate c'est-\u00e0-dire de corps.\r\n\r\nBon alors, \u00e7a parle de quoi hein ?\r\nUne succession d'autoportraits \u00e0 partir de Jimi Hendrix \u00e0 la mani\u00e8re que font les peintres pour savoir o\u00f9 ils (en) sont. Je me souviens que plus jeune, j'aurais sans doute choisi un personnage de Brecht ou de Shakespeare pour me portraiturer.\r\nAujourd'hui, je cherchais une sorte de brute avec une merveilleuse capacit\u00e9 de m\u00e9ditation et un pur esprit qui aimanterait \u00e0 lui des corps sans remords et c'est Jimi Hendrix qui m'est tomb\u00e9 dans la t\u00eate - va savoir ! Je lui colle aux basques et il n'est m\u00eame pas du th\u00e9\u00e2tre, mais quand il incendie sa guitare, c'est pour zombir qu'il a le feu en dedans ou je m'y connais pas en ana (tomie) lyse - c'est tout moi je me suis dit. Ma d\u00e9finition de l'autoportrait au th\u00e9\u00e2tre pourrait dire :  on ne parle que de s (e repr\u00e9senter nu sous les traits d'un Christ) oi-m\u00eame. Rien dire et en s (ilencio) avoir plus.\r\n\r\nEric Da Silva.\r","authors":["Eric Da silva"],"category_codes":["1000000","1090000"],"visuals":{"large":"https:\/\/images.epagine.fr\/067\/9782918937067_1_75.jpg","medium":"https:\/\/images.epagine.fr\/067\/9782918937067_1_m.jpg","thumbnail":"https:\/\/images.epagine.fr\/067\/9782918937067_1_v.jpg"},"orderable":true,"show_badge":true,"formatted_price":"9,00&nbsp;\u20ac","formatted_published_date":"6 octobre 2011","publisher_availability_label":"Sur commande","short_details":"Eric Da silva \u2014 Venenum","translator":null,"weight":137,"page_count":88,"readership":null,"editor":"Venenum","price":900,"published_date":"2011-10-05T22:00:00.000000Z","support":"Grand format","publisher_availability":1,"stock":0,"editions":[],"url":"https:\/\/quaidesbrumes.com\/ouvrage\/9782918937067\/je-deviens-jimi-hendrix-fragments-autoportrait"},{"id":"9782355770296","title":"Oeuvres poetiques tome i roger dextre","description":null,"authors":[],"category_codes":["1000000","1090000"],"visuals":{"large":"https:\/\/quaidesbrumes.com\/img\/book-placeholder.png","medium":"https:\/\/quaidesbrumes.com\/img\/book-placeholder.png","thumbnail":"https:\/\/quaidesbrumes.com\/img\/book-placeholder.png"},"orderable":true,"show_badge":true,"formatted_price":"20,00&nbsp;\u20ac","formatted_published_date":"31 octobre 2012","publisher_availability_label":"Sur commande","short_details":"La Rumeur Libre","translator":null,"weight":290,"page_count":null,"readership":null,"editor":"La Rumeur Libre","price":2000,"published_date":"2012-10-30T23:00:00.000000Z","support":"Grand format","publisher_availability":1,"stock":0,"editions":[],"url":"https:\/\/quaidesbrumes.com\/ouvrage\/9782355770296\/oeuvres-poetiques-tome-i-roger-dextre"}]}