{"data":[{"id":"9782296541665","title":"Cris de po\u00e8tes Tome 1 ; l'usure de nos r\u00eaves","description":"Au coeur d'un monde par le chaos et par la violence des institutions politiques, de jeunes po\u00e8tes \u00e9l\u00e8vent des cris spasmodiques, des interrogations qui se r\u00e9sument en une question vertigineuse, horizon de cette \u00e9criture po\u00e9tique \u00e0 deux voix: comment comprendre que le Diable nagu\u00e8re vaincu sous la croix domine le monde avec autant d'arrogance?\r","authors":["Priscilla mpemba Ebotsi aurole","Louis-marie Madegha"],"category_codes":["1000000","1090000"],"visuals":{"large":"https:\/\/images.epagine.fr\/665\/9782296541665_1_75.jpg","medium":"https:\/\/images.epagine.fr\/665\/9782296541665_1_m.jpg","thumbnail":"https:\/\/images.epagine.fr\/665\/9782296541665_1_v.jpg"},"orderable":true,"show_badge":true,"formatted_price":"18,00&nbsp;\u20ac","formatted_published_date":"27 janvier 2011","publisher_availability_label":"Sur commande","short_details":"Priscilla mpemba Ebotsi aurole, Louis-marie Madegha \u2014 \u00c9ditions L'Harmattan","translator":null,"weight":220,"page_count":110,"readership":null,"editor":"\u00c9ditions L'Harmattan","price":1800,"published_date":"2011-01-26T23:00:00.000000Z","support":"Grand format","publisher_availability":1,"stock":0,"editions":[],"url":"https:\/\/quaidesbrumes.com\/ouvrage\/9782296541665\/cris-de-poetes-tome-1-lusure-de-nos-reves"},{"id":"9791090150348","title":"Le vieux manoir ; \u00e9chos po\u00e9tiques","description":"Les faits parlent d'un vieux manoir ouvert au vent \r\nQui vous dresse le poil ; il semble l\u00e0, souvent,\r\nQu'on entend un soupir inconstant et lugubre ;\r\nIl se dit que les lieux sont encore habit\u00e9s, \r\nDerri\u00e8re les volets de l'endroit insalubre\r\nUne femme est en pleurs, les murs seraient hant\u00e9s !\r\n\r\nParfois une fen\u00eatre \u00e9blouit le regard\r\nPuis les rideaux crasseux claquent tel l'\u00e9tendard,\r\nUn souffle s'acc\u00e9l\u00e8re et des pas lents se tra\u00eenent\r\nComme si l'on marchait les deux pieds ligot\u00e9s, \r\nSuivent des grincements et des plaintes s'encha\u00eenent.\r\nUne femme est en pleurs, les murs seraient hant\u00e9s,\r\n\r\nDit-on, quand on s'approche un peu plus du chemin.\r\nL'on aper\u00e7oit des yeux quelque chose d'humain, \r\nEt de plus pr\u00e8s, des cris, des fr\u00e9missements, comme\r\nSi l'on sacrifiait quelqu'un. Des coups port\u00e9s\r\nDans l'\u00e9tage entendus. Ne serait-ce un fant\u00f4me ?\r\nUne femme est en pleurs, les murs seraient hant\u00e9s !","authors":["Khris Anthelme"],"category_codes":["1000000","1090000"],"visuals":{"large":"https:\/\/images.epagine.fr\/348\/9791090150348_1_75.jpg","medium":"https:\/\/images.epagine.fr\/348\/9791090150348_1_m.jpg","thumbnail":"https:\/\/images.epagine.fr\/348\/9791090150348_1_v.jpg"},"orderable":true,"show_badge":true,"formatted_price":"12,80&nbsp;\u20ac","formatted_published_date":"14 septembre 2012","publisher_availability_label":"Sur commande","short_details":"Khris Anthelme \u2014 Stellamaris","translator":null,"weight":107,"page_count":77,"readership":null,"editor":"Stellamaris","price":1280,"published_date":"2012-09-13T22:00:00.000000Z","support":"Grand format","publisher_availability":1,"stock":0,"editions":[],"url":"https:\/\/quaidesbrumes.com\/ouvrage\/9791090150348\/le-vieux-manoir-echos-poetiques"},{"id":"9782915715262","title":"Ou sont les arbres ?","description":null,"authors":["Mich\u00e8le Lesbre"],"category_codes":["1000000","1090000"],"visuals":{"large":"https:\/\/quaidesbrumes.com\/img\/book-placeholder.png","medium":"https:\/\/quaidesbrumes.com\/img\/book-placeholder.png","thumbnail":"https:\/\/quaidesbrumes.com\/img\/book-placeholder.png"},"orderable":true,"show_badge":true,"formatted_price":"7,00&nbsp;\u20ac","formatted_published_date":"5 janvier 2013","publisher_availability_label":"Sur commande","short_details":"Mich\u00e8le Lesbre \u2014 Circa 1924","translator":null,"weight":28,"page_count":null,"readership":null,"editor":"Circa 1924","price":700,"published_date":"2013-01-04T23:00:00.000000Z","support":"Grand format","publisher_availability":1,"stock":0,"editions":[],"url":"https:\/\/quaidesbrumes.com\/ouvrage\/9782915715262\/ou-sont-les-arbres"},{"id":"9782296103894","title":"Auspices malicieux","description":"A travers ce recueil, l'auteur invite au d\u00e9cryptage \"po\u00e9tique\" des maux qui minent son temps. Ainsi passe-t-il au crible les id\u00e9es re\u00e7ues issues des chocs culturels qui jalonnent l'histoire de l'Afrique et du Monde, tentant de rendre compte de l'h\u00e9ro\u00efsme des grands Africains, qui ont lutt\u00e9 pour la libert\u00e9 des leurs.\r","authors":["Simonet Ngou\u00e9ne"],"category_codes":["1000000","1090000"],"visuals":{"large":"https:\/\/images.epagine.fr\/894\/9782296103894_1_75.jpg","medium":"https:\/\/images.epagine.fr\/894\/9782296103894_1_m.jpg","thumbnail":"https:\/\/images.epagine.fr\/894\/9782296103894_1_v.jpg"},"orderable":true,"show_badge":true,"formatted_price":"12,50&nbsp;\u20ac","formatted_published_date":"8 janvier 2010","publisher_availability_label":"Sur commande","short_details":"Simonet Ngou\u00e9ne \u2014 \u00c9ditions L'Harmattan","translator":null,"weight":125,"page_count":null,"readership":null,"editor":"\u00c9ditions L'Harmattan","price":1250,"published_date":"2010-01-07T23:00:00.000000Z","support":"Grand format","publisher_availability":1,"stock":0,"editions":[],"url":"https:\/\/quaidesbrumes.com\/ouvrage\/9782296103894\/auspices-malicieux"},{"id":"9782379164415","title":"Po\u00e8mes pour grandir l'\u00e2me","description":"Il est de ces po\u00e8mes qui vous transportent le coeur, \u00e9clairent votre \u00e2me jusqu'\u00e0 la voir grandir bien au-del\u00e0 du monde r\u00e9el. Un monde o\u00f9 l'imaginaire suit la courbe du temps jusqu'\u00e0 ce que le pr\u00e9sent en devienne la seule ligne perceptible, droite et absolue. Un bout d'\u00e9ternit\u00e9 adoss\u00e9 \u00e0 des mots.\r\nCes mots que Muriel Odoyer a \u00ab\u00a0l'art de broder, de tisser entre eux pour en faire un texte au sens fort\u00a0\u00bb. Il vous suffira juste \u00ab\u00a0d'emprunter le chemin qui m\u00e8ne vers soi en passant par les autres\u00a0\u00bb et surtout faire sens\u00a0:\r\nDe ces petits bouts de vie \/ Qui grandissent au temps \/ De ces instants fragiles \/ Parsem\u00e9s dans le champ \/ De la conscience...\r","authors":["Muriel Odoyer"],"category_codes":["1000000","1090000"],"visuals":{"large":"https:\/\/images.epagine.fr\/415\/9782379164415_1_75.jpg","medium":"https:\/\/images.epagine.fr\/415\/9782379164415_1_m.jpg","thumbnail":"https:\/\/images.epagine.fr\/415\/9782379164415_1_v.jpg"},"orderable":true,"show_badge":true,"formatted_price":"15,00&nbsp;\u20ac","formatted_published_date":"10 septembre 2020","publisher_availability_label":"Sur commande","short_details":"Muriel Odoyer \u2014 Editions Ma\u00efa","translator":null,"weight":350,"page_count":106,"readership":null,"editor":"Editions Ma\u00efa","price":1500,"published_date":"2020-09-09T22:00:00.000000Z","support":"Grand format","publisher_availability":1,"stock":0,"editions":[],"url":"https:\/\/quaidesbrumes.com\/ouvrage\/9782379164415\/poemes-pour-grandir-lame"},{"id":"9782354855499","title":"Fleurs des iles","description":"La beaut\u00e9 de la flore insulaire, l'enfance qui s'\u00e9vapore devant la douleur et la tristesse, l'amour des parents pour leurs bambins, la culture cr\u00e9ole chatoyante... Henri Darty d\u00e9die ce recueil aux multiples richesses de son \u00eele natale, la R\u00e9union. Attach\u00e9 aux valeurs r\u00e9unionnaises, profond\u00e9ment humaniste, le po\u00e8te c\u00e9l\u00e8bre la vie insulaire, et tout ce qui la rend belle, dans une po\u00e9sie m\u00e9lodieuse, parfois teint\u00e9e de nostalgie. De vers en vers, Henri Darty livre un hommage tendre et passionn\u00e9 \u00e0 ses racines, et au peuple cr\u00e9ole.\r","authors":["Darty Henri"],"category_codes":["1000000","1090000"],"visuals":{"large":"https:\/\/images.epagine.fr\/499\/9782354855499_1_75.jpg","medium":"https:\/\/images.epagine.fr\/499\/9782354855499_1_m.jpg","thumbnail":"https:\/\/images.epagine.fr\/499\/9782354855499_1_v.jpg"},"orderable":true,"show_badge":true,"formatted_price":"13,00&nbsp;\u20ac","formatted_published_date":"1er septembre 2014","publisher_availability_label":"Sur commande","short_details":"Darty Henri \u2014 JETS D'ENCRE","translator":null,"weight":68,"page_count":null,"readership":null,"editor":"JETS D'ENCRE","price":1300,"published_date":"2014-08-31T22:00:00.000000Z","support":"Grand format","publisher_availability":1,"stock":0,"editions":[],"url":"https:\/\/quaidesbrumes.com\/ouvrage\/9782354855499\/fleurs-des-iles"},{"id":"9782296545953","title":"La volont\u00e9 du temps","description":"Les anecdotes et les po\u00e8mes qui composent ce recueil sont une invitation \u00e0 entrer dans la vie de Madeleine, petite fille n\u00e9e \u00e0 \"fleur de terre\" et qui a fait une fois pour toutes le choix de sourire quoi qu'il advienne.\r","authors":["Made Jarry"],"category_codes":["1000000","1090000"],"visuals":{"large":"https:\/\/images.epagine.fr\/953\/9782296545953_1_75.jpg","medium":"https:\/\/images.epagine.fr\/953\/9782296545953_1_m.jpg","thumbnail":"https:\/\/images.epagine.fr\/953\/9782296545953_1_v.jpg"},"orderable":true,"show_badge":true,"formatted_price":"18,50&nbsp;\u20ac","formatted_published_date":"18 mars 2011","publisher_availability_label":"Sur commande","short_details":"Made Jarry \u2014 \u00c9ditions L'Harmattan","translator":null,"weight":230,"page_count":182,"readership":null,"editor":"\u00c9ditions L'Harmattan","price":1850,"published_date":"2011-03-17T23:00:00.000000Z","support":"Grand format","publisher_availability":1,"stock":0,"editions":[],"url":"https:\/\/quaidesbrumes.com\/ouvrage\/9782296545953\/la-volonte-du-temps"},{"id":"9782811083502","title":"Voyage d'essence","description":"Je vous ouvre mon refuge entre r\u00eaves et r\u00e9alit\u00e9. Arpentez-le comme bon vous semble. Vous \u00eates les bienvenus.\r\nPar une diversit\u00e9 de sujets tels que la mort, l'amour, le mal-\u00eatre et la religion, des histoires se cr\u00e9ent et transcrivent une atmosph\u00e8re tant\u00f4t pesante, tant\u00f4t l\u00e9g\u00e8re.\r","authors":["Ahlam Dine"],"category_codes":["1000000","1090000"],"visuals":{"large":"https:\/\/quaidesbrumes.com\/img\/book-placeholder.png","medium":"https:\/\/quaidesbrumes.com\/img\/book-placeholder.png","thumbnail":"https:\/\/quaidesbrumes.com\/img\/book-placeholder.png"},"orderable":true,"show_badge":true,"formatted_price":"18,50&nbsp;\u20ac","formatted_published_date":"14 avril 2013","publisher_availability_label":"Sur commande","short_details":"Ahlam Dine \u2014 Elzevir","translator":null,"weight":0,"page_count":162,"readership":null,"editor":"Elzevir","price":1850,"published_date":"2013-04-13T22:00:00.000000Z","support":"Grand format","publisher_availability":1,"stock":0,"editions":[],"url":"https:\/\/quaidesbrumes.com\/ouvrage\/9782811083502\/voyage-dessence"},{"id":"9782343111247","title":"Les mots en couleur ; recit poetique","description":"Les absents r\u00eavent au creux de nous... \u00catre d'hier encore, du jour d'avant le jour suivant. Il est de ces matins de nuage et de terre m\u00eal\u00e9s, et un voile \u00e0 peine tomb\u00e9 du ciel, comme pour se pr\u00e9server du grand sommeil. Les oiseaux s'agitent sous les nuages. Peut-\u00eatre est-ce leur fa\u00e7on d'\u00e9crire les mots qui les portent \u00e0 la vie. Je ne sais plus quand tout a commenc\u00e9 ; la chaleur de mes pieds dans l'escalier, les marches une \u00e0 une creus\u00e9es... Assise sur l'herbe dess\u00e9ch\u00e9e, sous le vent je laisse les mots s'enrouler. L\u00e0-haut \u00e0 la derni\u00e8re marche, la vie comme un songe. Elle r\u00eave. Au loin, \u00e0 l'entr\u00e9e des marais, les sabots des chevaux contre le pas des hommes ; labours, semailles, fuites, corps arrach\u00e9s. L\u00e0-haut, juste sous le murmure du toit, elle ferme les yeux. Elle l'attend.\r","authors":["Veronique Menardi"],"category_codes":["1000000","1090000"],"visuals":{"large":"https:\/\/images.epagine.fr\/247\/9782343111247_1_75.jpg","medium":"https:\/\/images.epagine.fr\/247\/9782343111247_1_m.jpg","thumbnail":"https:\/\/images.epagine.fr\/247\/9782343111247_1_v.jpg"},"orderable":true,"show_badge":true,"formatted_price":"13,00&nbsp;\u20ac","formatted_published_date":"22 d\u00e9cembre 2016","publisher_availability_label":"Sur commande","short_details":"Veronique Menardi \u2014 \u00c9ditions L'Harmattan","translator":null,"weight":114,"page_count":84,"readership":null,"editor":"\u00c9ditions L'Harmattan","price":1300,"published_date":"2016-12-21T23:00:00.000000Z","support":"Grand format","publisher_availability":1,"stock":0,"editions":[],"url":"https:\/\/quaidesbrumes.com\/ouvrage\/9782343111247\/les-mots-en-couleur-recit-poetique"},{"id":"9782296969445","title":"Diable en bleu","description":"Ce recueil est la somme de tout \u00eatre, de chaque rencontre, provoqu\u00e9e ou incontr\u00f4l\u00e9e. Miroir multiple pour sortir de soi-m\u00eame, il tisse l'obsession, l'ivresse, et nous poss\u00e8de. Le diable en bleu appara\u00eet, migrant au bulbe des \u00e9motions. Fait na\u00eetre l'\u00e9veil et dispara\u00eet alors le \u00ab logos-symphonie \u00bb !\r","authors":["Mathilde Delavenne"],"category_codes":["1000000","1090000"],"visuals":{"large":"https:\/\/images.epagine.fr\/445\/9782296969445_1_75.jpg","medium":"https:\/\/images.epagine.fr\/445\/9782296969445_1_m.jpg","thumbnail":"https:\/\/images.epagine.fr\/445\/9782296969445_1_v.jpg"},"orderable":true,"show_badge":true,"formatted_price":"12,50&nbsp;\u20ac","formatted_published_date":"5 avril 2012","publisher_availability_label":"Sur commande","short_details":"Mathilde Delavenne \u2014 \u00c9ditions L'Harmattan","translator":null,"weight":105,"page_count":76,"readership":null,"editor":"\u00c9ditions L'Harmattan","price":1250,"published_date":"2012-04-04T22:00:00.000000Z","support":"Grand format","publisher_availability":1,"stock":0,"editions":[],"url":"https:\/\/quaidesbrumes.com\/ouvrage\/9782296969445\/diable-en-bleu"},{"id":"9791090536135","title":"A voix nue","description":null,"authors":["Colette Thevenet"],"category_codes":["1000000","1090000","1090600"],"visuals":{"large":"https:\/\/quaidesbrumes.com\/img\/book-placeholder.png","medium":"https:\/\/quaidesbrumes.com\/img\/book-placeholder.png","thumbnail":"https:\/\/quaidesbrumes.com\/img\/book-placeholder.png"},"orderable":true,"show_badge":true,"formatted_price":"12,00&nbsp;\u20ac","formatted_published_date":"13 mars 2015","publisher_availability_label":"Sur commande","short_details":"Colette Thevenet \u2014 Musimot","translator":null,"weight":85,"page_count":null,"readership":null,"editor":"Musimot","price":1200,"published_date":"2015-03-12T23:00:00.000000Z","support":"Grand format","publisher_availability":1,"stock":0,"editions":[],"url":"https:\/\/quaidesbrumes.com\/ouvrage\/9791090536135\/a-voix-nue"},{"id":"9782353281053","title":"Tant que terre","description":null,"authors":["Georges Drano"],"category_codes":["1000000","1090000"],"visuals":{"large":"https:\/\/quaidesbrumes.com\/img\/book-placeholder.png","medium":"https:\/\/quaidesbrumes.com\/img\/book-placeholder.png","thumbnail":"https:\/\/quaidesbrumes.com\/img\/book-placeholder.png"},"orderable":true,"show_badge":true,"formatted_price":"14,00&nbsp;\u20ac","formatted_published_date":"14 janvier 2013","publisher_availability_label":"Sur commande","short_details":"Georges Drano \u2014 Editinter","translator":null,"weight":135,"page_count":null,"readership":null,"editor":"Editinter","price":1400,"published_date":"2013-01-13T23:00:00.000000Z","support":"Grand format","publisher_availability":1,"stock":0,"editions":[],"url":"https:\/\/quaidesbrumes.com\/ouvrage\/9782353281053\/tant-que-terre"},{"id":"9782352081012","title":"Moissons d'automne","description":"Ce recueil, issu de notre Concours de Po\u00e9sie 2012 r\u00e9unit 58 po\u00e8mes\/auteurs.\r\nUne magnifique diversit\u00e9, un r\u00e9sultat \u00e9tonnant qui ne peut que r\u00e9jouir les amoureux des mots.\r","authors":["Collectif"],"category_codes":["1000000","1090000"],"visuals":{"large":"https:\/\/images.epagine.fr\/012\/9782352081012_1_75.jpg","medium":"https:\/\/images.epagine.fr\/012\/9782352081012_1_m.jpg","thumbnail":"https:\/\/images.epagine.fr\/012\/9782352081012_1_v.jpg"},"orderable":true,"show_badge":true,"formatted_price":"17,00&nbsp;\u20ac","formatted_published_date":"13 octobre 2012","publisher_availability_label":"Sur commande","short_details":"Collectif \u2014 Bord Du Lot","translator":null,"weight":200,"page_count":156,"readership":null,"editor":"Bord Du Lot","price":1700,"published_date":"2012-10-12T22:00:00.000000Z","support":"Grand format","publisher_availability":1,"stock":0,"editions":[],"url":"https:\/\/quaidesbrumes.com\/ouvrage\/9782352081012\/moissons-dautomne"},{"id":"9782376740643","title":"Envol poetique","description":null,"authors":["Morgan Joelle"],"category_codes":["1000000","1090000"],"visuals":{"large":"https:\/\/quaidesbrumes.com\/img\/book-placeholder.png","medium":"https:\/\/quaidesbrumes.com\/img\/book-placeholder.png","thumbnail":"https:\/\/quaidesbrumes.com\/img\/book-placeholder.png"},"orderable":true,"show_badge":true,"formatted_price":"12,00&nbsp;\u20ac","formatted_published_date":"18 mars 2021","publisher_availability_label":"Sur commande","short_details":"Morgan Joelle \u2014 Ecrituriales","translator":null,"weight":50,"page_count":null,"readership":null,"editor":"Ecrituriales","price":1200,"published_date":"2021-03-17T23:00:00.000000Z","support":"Grand format","publisher_availability":1,"stock":0,"editions":[],"url":"https:\/\/quaidesbrumes.com\/ouvrage\/9782376740643\/envol-poetique"},{"id":"9782912824318","title":"Veilleur de nuit de l'aurore","description":null,"authors":["Nikolaj K\"ncev","Denitza Bantcheva"],"category_codes":["1000000","1090000"],"visuals":{"large":"https:\/\/images.epagine.fr\/318\/9782912824318_1_75.jpg","medium":"https:\/\/images.epagine.fr\/318\/9782912824318_1_m.jpg","thumbnail":"https:\/\/images.epagine.fr\/318\/9782912824318_1_v.jpg"},"orderable":true,"show_badge":true,"formatted_price":"18,00&nbsp;\u20ac","formatted_published_date":"10 mai 2001","publisher_availability_label":"Sur commande","short_details":"Nikolaj K\"ncev, Denitza Bantcheva \u2014 ECARTS","translator":"DENITZA BANTCHEVA","weight":149,"page_count":107,"readership":null,"editor":"ECARTS","price":1800,"published_date":"2001-05-09T22:00:00.000000Z","support":"Grand format","publisher_availability":1,"stock":0,"editions":[],"url":"https:\/\/quaidesbrumes.com\/ouvrage\/9782912824318\/veilleur-de-nuit-de-laurore"},{"id":"9782354852658","title":"La vie n'est qu'un passage","description":"Dans cette po\u00e9sie douce et pleine de tendresse, guid\u00e9 par un souffle intimiste incontestable, Patrick Zammout revient sur son parcours, ses rencontres, ses amours, ses amiti\u00e9s Il plonge le lecteur dans son univers teint\u00e9 de nostalgie et d'exaltations, et se d\u00e9voile au gr\u00e9 d'une plume sobre et \u00e9mouvante \u00e0 ressentir plus qu'\u00e0 r\u00e9fl\u00e9chir.\r","authors":["Patrick Zammout"],"category_codes":["1000000","1090000"],"visuals":{"large":"https:\/\/images.epagine.fr\/658\/9782354852658_1_75.jpg","medium":"https:\/\/images.epagine.fr\/658\/9782354852658_1_m.jpg","thumbnail":"https:\/\/images.epagine.fr\/658\/9782354852658_1_v.jpg"},"orderable":true,"show_badge":true,"formatted_price":"12,00&nbsp;\u20ac","formatted_published_date":"27 octobre 2011","publisher_availability_label":"Sur commande","short_details":"Patrick Zammout \u2014 JETS D'ENCRE","translator":null,"weight":50,"page_count":null,"readership":null,"editor":"JETS D'ENCRE","price":1200,"published_date":"2011-10-26T22:00:00.000000Z","support":"Grand format","publisher_availability":1,"stock":0,"editions":[],"url":"https:\/\/quaidesbrumes.com\/ouvrage\/9782354852658\/la-vie-nest-quun-passage"},{"id":"9782849242896","title":"Geometrie d'enfance","description":null,"authors":["Giovanni Dotoli"],"category_codes":["1000000","1090000"],"visuals":{"large":"https:\/\/quaidesbrumes.com\/img\/book-placeholder.png","medium":"https:\/\/quaidesbrumes.com\/img\/book-placeholder.png","thumbnail":"https:\/\/quaidesbrumes.com\/img\/book-placeholder.png"},"orderable":true,"show_badge":true,"formatted_price":"13,00&nbsp;\u20ac","formatted_published_date":"2 septembre 2012","publisher_availability_label":"Sur commande","short_details":"Giovanni Dotoli \u2014 Editions Du Cygne","translator":null,"weight":200,"page_count":null,"readership":null,"editor":"Editions Du Cygne","price":1300,"published_date":"2012-09-01T22:00:00.000000Z","support":"Grand format","publisher_availability":1,"stock":0,"editions":[],"url":"https:\/\/quaidesbrumes.com\/ouvrage\/9782849242896\/geometrie-denfance"},{"id":"9782849243763","title":"Je te vois","description":null,"authors":["Muri\u00e8le Mod\u00e9ly"],"category_codes":["1000000","1090000"],"visuals":{"large":"https:\/\/quaidesbrumes.com\/img\/book-placeholder.png","medium":"https:\/\/quaidesbrumes.com\/img\/book-placeholder.png","thumbnail":"https:\/\/quaidesbrumes.com\/img\/book-placeholder.png"},"orderable":true,"show_badge":true,"formatted_price":"13,00&nbsp;\u20ac","formatted_published_date":"1er septembre 2014","publisher_availability_label":"Sur commande","short_details":"Muri\u00e8le Mod\u00e9ly \u2014 Editions Du Cygne","translator":null,"weight":180,"page_count":null,"readership":null,"editor":"Editions Du Cygne","price":1300,"published_date":"2014-08-31T22:00:00.000000Z","support":"Grand format","publisher_availability":1,"stock":0,"editions":[],"url":"https:\/\/quaidesbrumes.com\/ouvrage\/9782849243763\/je-te-vois"},{"id":"9782849242902","title":"Au plus pres","description":null,"authors":["Philippe Leuckx"],"category_codes":["1000000","1090000"],"visuals":{"large":"https:\/\/quaidesbrumes.com\/img\/book-placeholder.png","medium":"https:\/\/quaidesbrumes.com\/img\/book-placeholder.png","thumbnail":"https:\/\/quaidesbrumes.com\/img\/book-placeholder.png"},"orderable":true,"show_badge":true,"formatted_price":"10,00&nbsp;\u20ac","formatted_published_date":"2 septembre 2012","publisher_availability_label":"Sur commande","short_details":"Philippe Leuckx \u2014 Editions Du Cygne","translator":null,"weight":150,"page_count":null,"readership":null,"editor":"Editions Du Cygne","price":1000,"published_date":"2012-09-01T22:00:00.000000Z","support":"Grand format","publisher_availability":1,"stock":0,"editions":[],"url":"https:\/\/quaidesbrumes.com\/ouvrage\/9782849242902\/au-plus-pres"},{"id":"9782353212156","title":"Nouveaux chemins de tendre","description":null,"authors":["Marie jo Thabuis"],"category_codes":["1000000","1090000"],"visuals":{"large":"https:\/\/quaidesbrumes.com\/img\/book-placeholder.png","medium":"https:\/\/quaidesbrumes.com\/img\/book-placeholder.png","thumbnail":"https:\/\/quaidesbrumes.com\/img\/book-placeholder.png"},"orderable":true,"show_badge":true,"formatted_price":"15,00&nbsp;\u20ac","formatted_published_date":"1er avril 2015","publisher_availability_label":"Sur commande","short_details":"Marie jo Thabuis \u2014 SCRIPTA","translator":null,"weight":225,"page_count":null,"readership":null,"editor":"SCRIPTA","price":1500,"published_date":"2015-03-31T22:00:00.000000Z","support":"Grand format","publisher_availability":1,"stock":0,"editions":[],"url":"https:\/\/quaidesbrumes.com\/ouvrage\/9782353212156\/nouveaux-chemins-de-tendre"},{"id":"9782951860568","title":"L'ame divisee","description":null,"authors":["Ricardo Paseyro"],"category_codes":["1000000","1090000"],"visuals":{"large":"https:\/\/quaidesbrumes.com\/img\/book-placeholder.png","medium":"https:\/\/quaidesbrumes.com\/img\/book-placeholder.png","thumbnail":"https:\/\/quaidesbrumes.com\/img\/book-placeholder.png"},"orderable":true,"show_badge":true,"formatted_price":"14,00&nbsp;\u20ac","formatted_published_date":"30 mai 2012","publisher_availability_label":"Sur commande","short_details":"Ricardo Paseyro \u2014 Corlevour","translator":null,"weight":254,"page_count":null,"readership":null,"editor":"Corlevour","price":1400,"published_date":"2012-05-29T22:00:00.000000Z","support":"Grand format","publisher_availability":1,"stock":0,"editions":[],"url":"https:\/\/quaidesbrumes.com\/ouvrage\/9782951860568\/lame-divisee"},{"id":"9782296960718","title":"Le miel trouble du matin","description":"Recherche 9782296960718\r","authors":["Flavia Cosma"],"category_codes":["1000000","1090000"],"visuals":{"large":"https:\/\/images.epagine.fr\/718\/9782296960718_1_75.jpg","medium":"https:\/\/images.epagine.fr\/718\/9782296960718_1_m.jpg","thumbnail":"https:\/\/images.epagine.fr\/718\/9782296960718_1_v.jpg"},"orderable":true,"show_badge":true,"formatted_price":"16,00&nbsp;\u20ac","formatted_published_date":"26 avril 2012","publisher_availability_label":"Sur commande","short_details":"Flavia Cosma \u2014 \u00c9ditions L'Harmattan","translator":null,"weight":190,"page_count":null,"readership":null,"editor":"\u00c9ditions L'Harmattan","price":1600,"published_date":"2012-04-25T22:00:00.000000Z","support":"Grand format","publisher_availability":1,"stock":0,"editions":[],"url":"https:\/\/quaidesbrumes.com\/ouvrage\/9782296960718\/le-miel-trouble-du-matin"},{"id":"9782847123449","title":"Dans le bois des absents","description":null,"authors":["Hourlier Jean"],"category_codes":["1000000","1090000"],"visuals":{"large":"https:\/\/quaidesbrumes.com\/img\/book-placeholder.png","medium":"https:\/\/quaidesbrumes.com\/img\/book-placeholder.png","thumbnail":"https:\/\/quaidesbrumes.com\/img\/book-placeholder.png"},"orderable":true,"show_badge":true,"formatted_price":"12,00&nbsp;\u20ac","formatted_published_date":"11 juin 2012","publisher_availability_label":"Sur commande","short_details":"Hourlier Jean \u2014 Petit Pave","translator":null,"weight":120,"page_count":null,"readership":null,"editor":"Petit Pave","price":1200,"published_date":"2012-06-10T22:00:00.000000Z","support":"Grand format","publisher_availability":1,"stock":0,"editions":[],"url":"https:\/\/quaidesbrumes.com\/ouvrage\/9782847123449\/dans-le-bois-des-absents"},{"id":"9782874594960","title":"Les \u00e2mes P\u00e9n\u00e9lope","description":"\u00ab Evidemment, c'est Au bar de l'amertume que je me suis tremp\u00e9 dans l'oeuvre de Cavazza. Mais tremp\u00e9 \u00e0 fond, pour ne pas dire noy\u00e9, acceptant - avec r\u00e9ticence au d\u00e9but puis d\u00e9lice en fin de nuit - son errance po\u00e9tique qui est d'abord une errance ontologique. Une de celles qui ne fait pas de cadeau, aucun cadeau tant elle se perd au plus profond de soi. Avec Les \u00e2mes P\u00e9n\u00e9lope, c'est tout un tricotage, un tissage, un filage, un vrai bricolage de sens que nous propose l'auteur. Mais attention, pas de ce bricolage po\u00e9tique qui n'a rien \u00e0 dire sur l'essentiel de notre condition, de Notre temps qui s'\u00e9gare un peu sur le fil du rasoir ! Un bris-collage au sens le plus noble du terme, donc un travail de reconstitutions d'\u00e9motions furtives, d'angoisses toujours \u00e9ph\u00e9m\u00e8res qui vous tombent sur la gueule au premier coin de rue venu, au d\u00e9tour d'un comptoir, apr\u00e8s un peu d'amour et de sueur, aux confins d'un d\u00e9part au petit matin, l\u00e0 o\u00f9 Les griffures de l'aube d\u00e9taillent la chair et la m\u00e9moire, les souvenirs et les regrets. La question pos\u00e9e par G\u00e9rard Cavazza est donc simple, c'est-\u00e0-dire impossible. C'est-\u00e0-dire insupportable : comment faire avec de l'\u00e9pars, du diss\u00e9min\u00e9, du bris\u00e9 ? Comment constituer une direction qui se tienne alors que, perdu, L'espace est un non-lieu ouvert \u00e0 tous les vents, laissant \u00e0 l'auteur l'infinie possibilit\u00e9 de se tenir debout, au monde ?\u00bb Bruno Lavillatte.\r","authors":["G\u00e9rard Gavazza"],"category_codes":["1000000","1090000"],"visuals":{"large":"https:\/\/images.epagine.fr\/960\/9782874594960_1_75.jpg","medium":"https:\/\/images.epagine.fr\/960\/9782874594960_1_m.jpg","thumbnail":"https:\/\/images.epagine.fr\/960\/9782874594960_1_v.jpg"},"orderable":true,"show_badge":true,"formatted_price":"20,70&nbsp;\u20ac","formatted_published_date":"1er octobre 2010","publisher_availability_label":"Sur commande","short_details":"G\u00e9rard Gavazza \u2014 Chloe Des Lys","translator":null,"weight":150,"page_count":null,"readership":null,"editor":"Chloe Des Lys","price":2070,"published_date":"2010-09-30T22:00:00.000000Z","support":"Grand format","publisher_availability":1,"stock":0,"editions":[],"url":"https:\/\/quaidesbrumes.com\/ouvrage\/9782874594960\/les-ames-penelope"}]}