{"data":[{"id":"9782368682029","title":"Triptyque","description":"Si belle dans l'\u00e9clat d'un vitrail sous-marin\r\nD\u00e9clamant \u00e0 pleine voix un pardon souverain,\r\nDe ces eaux interdites excavant de sa main\r\nLa nature maudite qui condamne son sein.\r\n\r\nElle est nymphe sublime dominant les remous\r\nSes yeux fauves d'onyx p\u00e9n\u00e9trant mais si doux \r\nQui subjuguent le coeur et le mettent \u00e0 genoux\r\nFont naitre les aveux des esprits les plus fous\r\nEt suscitent pour son \u00eatre un amour jaloux.\r\n\r\nD\u00e9esse myst\u00e9rieuse et m\u00e8re des souffrances\r\nTelle une source ne connaissant l'indigence\r\nD'o\u00f9 s'\u00e9panouit le verbe de la d\u00e9livrance\r\nDe sa bouche fleurit un murmure qui danse\r\nEssaimant dans l'\u00e9ther des bourgeons d'esp\u00e9rance.\r\n\r\nOrf\u00e8vre magicienne, onirique effigie\r\nPar une myst\u00e9rieuse et profonde alchimie\r\nElle fond dans le moule d'une m\u00eame harmonie\r\nLes forces contraires qui luttent en chaque vie.","authors":["Clara Hester"],"category_codes":["1000000","1090000"],"visuals":{"large":"https:\/\/images.epagine.fr\/029\/9782368682029_1_75.jpg","medium":"https:\/\/images.epagine.fr\/029\/9782368682029_1_m.jpg","thumbnail":"https:\/\/images.epagine.fr\/029\/9782368682029_1_v.jpg"},"orderable":true,"show_badge":true,"formatted_price":"12,00&nbsp;\u20ac","formatted_published_date":"13 novembre 2013","publisher_availability_label":"Sur commande","short_details":"Clara Hester \u2014 Stellamaris","translator":null,"weight":172,"page_count":185,"readership":null,"editor":"Stellamaris","price":1200,"published_date":"2013-11-12T23:00:00.000000Z","support":"Grand format","publisher_availability":1,"stock":0,"editions":[],"url":"https:\/\/quaidesbrumes.com\/ouvrage\/9782368682029\/triptyque"},{"id":"9782874062704","title":"Un danseur evident","description":null,"authors":["Karel Logist"],"category_codes":["1000000","1090000"],"visuals":{"large":"https:\/\/images.epagine.fr\/704\/9782874062704_1_75.jpg","medium":"https:\/\/images.epagine.fr\/704\/9782874062704_1_m.jpg","thumbnail":"https:\/\/images.epagine.fr\/704\/9782874062704_1_v.jpg"},"orderable":true,"show_badge":true,"formatted_price":"7,50&nbsp;\u20ac","formatted_published_date":"14 avril 2004","publisher_availability_label":"Sur commande","short_details":"Karel Logist \u2014 L'Arbre A Paroles","translator":null,"weight":201,"page_count":null,"readership":null,"editor":"L'Arbre A Paroles","price":750,"published_date":"2004-04-13T22:00:00.000000Z","support":"Grand format","publisher_availability":1,"stock":0,"editions":[],"url":"https:\/\/quaidesbrumes.com\/ouvrage\/9782874062704\/un-danseur-evident"},{"id":"9782874596148","title":"Un homme en vers","description":null,"authors":["Vanhoutte Jean"],"category_codes":["1000000","1090000"],"visuals":{"large":"https:\/\/quaidesbrumes.com\/img\/book-placeholder.png","medium":"https:\/\/quaidesbrumes.com\/img\/book-placeholder.png","thumbnail":"https:\/\/quaidesbrumes.com\/img\/book-placeholder.png"},"orderable":true,"show_badge":true,"formatted_price":"19,30&nbsp;\u20ac","formatted_published_date":"8 mars 2012","publisher_availability_label":"Sur commande","short_details":"Vanhoutte Jean \u2014 Chloe Des Lys","translator":null,"weight":150,"page_count":null,"readership":null,"editor":"Chloe Des Lys","price":1930,"published_date":"2012-03-07T23:00:00.000000Z","support":"Grand format","publisher_availability":1,"stock":0,"editions":[],"url":"https:\/\/quaidesbrumes.com\/ouvrage\/9782874596148\/un-homme-en-vers"},{"id":"9782917081280","title":"Pas de traces","description":null,"authors":["Philippe Vallet"],"category_codes":["1000000","1090000","1090600"],"visuals":{"large":"https:\/\/quaidesbrumes.com\/img\/book-placeholder.png","medium":"https:\/\/quaidesbrumes.com\/img\/book-placeholder.png","thumbnail":"https:\/\/quaidesbrumes.com\/img\/book-placeholder.png"},"orderable":true,"show_badge":true,"formatted_price":"12,00&nbsp;\u20ac","formatted_published_date":"15 mars 2015","publisher_availability_label":"Sur commande","short_details":"Philippe Vallet \u2014 Aspect","translator":null,"weight":114,"page_count":null,"readership":null,"editor":"Aspect","price":1200,"published_date":"2015-03-14T23:00:00.000000Z","support":"Grand format","publisher_availability":1,"stock":0,"editions":[],"url":"https:\/\/quaidesbrumes.com\/ouvrage\/9782917081280\/pas-de-traces"},{"id":"9782354852634","title":"Golden child","description":"\u00c0 travers ce recueil de po\u00e8mes \u00e9clectiques et envo\u00fbtants, Adeline Humbert aborde les th\u00e8mes fondamentaux que sont l'amour, la tristesse, la maladie, l'enfance, la mort. Avec un style enlev\u00e9, elle joue des mots et de leur sens, plonge le lecteur dans un univers personnel et revisit\u00e9, o\u00f9 la r\u00e9alit\u00e9 ne doit pas \u00eatre int\u00e9gr\u00e9e comme elle se pr\u00e9sente mais r\u00eav\u00e9e, imagin\u00e9e, transform\u00e9e. Situ\u00e9e entre illusion et r\u00e9alit\u00e9, ombre et lumi\u00e8re, la po\u00e9sie d'Adeline Humbert projette le lecteur au-del\u00e0 des apparences, dans un monde \u00e0 la fois f\u00e9\u00e9rique et bien r\u00e9el, qui trouve toute sa signification et sa splendeur gr\u00e2ce \u00e0 l'harmonie des mots et des rimes.\r","authors":["Humbert Adeline"],"category_codes":["1000000","1090000"],"visuals":{"large":"https:\/\/images.epagine.fr\/634\/9782354852634_1_75.jpg","medium":"https:\/\/images.epagine.fr\/634\/9782354852634_1_m.jpg","thumbnail":"https:\/\/images.epagine.fr\/634\/9782354852634_1_v.jpg"},"orderable":true,"show_badge":true,"formatted_price":"15,50&nbsp;\u20ac","formatted_published_date":"27 octobre 2011","publisher_availability_label":"Sur commande","short_details":"Humbert Adeline \u2014 JETS D'ENCRE","translator":null,"weight":120,"page_count":null,"readership":null,"editor":"JETS D'ENCRE","price":1550,"published_date":"2011-10-26T22:00:00.000000Z","support":"Grand format","publisher_availability":1,"stock":0,"editions":[],"url":"https:\/\/quaidesbrumes.com\/ouvrage\/9782354852634\/golden-child"},{"id":"9782296565784","title":"Po\u00e9sies du versant 1997 2011","description":"Les \"Po\u00e9sies du Versant\" \u00e9gr\u00e8nent les mots d'une po\u00e9tesse dans le versant de sa vie, celui de la s\u00e9r\u00e9nit\u00e9 et de l'acceptation de celle-ci telle qu'elle s'est d\u00e9roul\u00e9e.\r","authors":["Dani\u00e8le Elom perrier"],"category_codes":["1000000","1090000"],"visuals":{"large":"https:\/\/images.epagine.fr\/784\/9782296565784_1_75.jpg","medium":"https:\/\/images.epagine.fr\/784\/9782296565784_1_m.jpg","thumbnail":"https:\/\/images.epagine.fr\/784\/9782296565784_1_v.jpg"},"orderable":true,"show_badge":true,"formatted_price":"9,00&nbsp;\u20ac","formatted_published_date":"8 novembre 2011","publisher_availability_label":"Sur commande","short_details":"Dani\u00e8le Elom perrier \u2014 \u00c9ditions L'Harmattan","translator":null,"weight":60,"page_count":40,"readership":null,"editor":"\u00c9ditions L'Harmattan","price":900,"published_date":"2011-11-07T23:00:00.000000Z","support":"Grand format","publisher_availability":1,"stock":0,"editions":[],"url":"https:\/\/quaidesbrumes.com\/ouvrage\/9782296565784\/poesies-du-versant-1997-2011"},{"id":"9791095112273","title":"Va ! vivre apres l'autre...","description":null,"authors":["Pierre Jouan"],"category_codes":["1000000","1090000"],"visuals":{"large":"https:\/\/quaidesbrumes.com\/img\/book-placeholder.png","medium":"https:\/\/quaidesbrumes.com\/img\/book-placeholder.png","thumbnail":"https:\/\/quaidesbrumes.com\/img\/book-placeholder.png"},"orderable":true,"show_badge":true,"formatted_price":"12,00&nbsp;\u20ac","formatted_published_date":"2 mars 2020","publisher_availability_label":"Sur commande","short_details":"Pierre Jouan \u2014 En Chemin","translator":null,"weight":124,"page_count":null,"readership":null,"editor":"En Chemin","price":1200,"published_date":"2020-03-01T23:00:00.000000Z","support":"Grand format","publisher_availability":1,"stock":0,"editions":[],"url":"https:\/\/quaidesbrumes.com\/ouvrage\/9791095112273\/va-vivre-apres-lautre"},{"id":"9791095112297","title":"La mer a perdu ses couleurs","description":null,"authors":["Pierre Jouan"],"category_codes":["1000000","1090000"],"visuals":{"large":"https:\/\/quaidesbrumes.com\/img\/book-placeholder.png","medium":"https:\/\/quaidesbrumes.com\/img\/book-placeholder.png","thumbnail":"https:\/\/quaidesbrumes.com\/img\/book-placeholder.png"},"orderable":true,"show_badge":true,"formatted_price":"15,00&nbsp;\u20ac","formatted_published_date":"1er avril 2020","publisher_availability_label":"Sur commande","short_details":"Pierre Jouan \u2014 En Chemin","translator":null,"weight":175,"page_count":null,"readership":null,"editor":"En Chemin","price":1500,"published_date":"2020-03-31T22:00:00.000000Z","support":"Grand format","publisher_availability":1,"stock":0,"editions":[],"url":"https:\/\/quaidesbrumes.com\/ouvrage\/9791095112297\/la-mer-a-perdu-ses-couleurs"},{"id":"9782915715231","title":"L'instant est un si bref eclat","description":null,"authors":["Jo\u00ebl Vernet"],"category_codes":["1000000","1090000"],"visuals":{"large":"https:\/\/quaidesbrumes.com\/img\/book-placeholder.png","medium":"https:\/\/quaidesbrumes.com\/img\/book-placeholder.png","thumbnail":"https:\/\/quaidesbrumes.com\/img\/book-placeholder.png"},"orderable":true,"show_badge":true,"formatted_price":"7,00&nbsp;\u20ac","formatted_published_date":"5 janvier 2013","publisher_availability_label":"Sur commande","short_details":"Jo\u00ebl Vernet \u2014 Circa 1924","translator":null,"weight":28,"page_count":null,"readership":null,"editor":"Circa 1924","price":700,"published_date":"2013-01-04T23:00:00.000000Z","support":"Grand format","publisher_availability":1,"stock":0,"editions":[],"url":"https:\/\/quaidesbrumes.com\/ouvrage\/9782915715231\/linstant-est-un-si-bref-eclat"},{"id":"9782940406289","title":"Syllables nomades","description":null,"authors":["Jonathan Dunami"],"category_codes":["1000000","1090000"],"visuals":{"large":"https:\/\/images.epagine.fr\/289\/9782940406289_1_75.jpg","medium":"https:\/\/images.epagine.fr\/289\/9782940406289_1_m.jpg","thumbnail":"https:\/\/images.epagine.fr\/289\/9782940406289_1_v.jpg"},"orderable":true,"show_badge":true,"formatted_price":"12,00&nbsp;\u20ac","formatted_published_date":"1er janvier 2010","publisher_availability_label":"Sur commande","short_details":"Jonathan Dunami \u2014 Metispresses","translator":null,"weight":116,"page_count":58,"readership":null,"editor":"Metispresses","price":1200,"published_date":"2009-12-31T23:00:00.000000Z","support":"Grand format","publisher_availability":1,"stock":0,"editions":[],"url":"https:\/\/quaidesbrumes.com\/ouvrage\/9782940406289\/syllables-nomades"},{"id":"9791029001185","title":"La harpe verte et autres po\u00e8mes","description":"Des textes au langage color\u00e9 o\u00f9 se m\u00ealent parfois le fran\u00e7ais, le breton, le malgache...\r","authors":["Patrick Le bihan"],"category_codes":["1000000","1090000"],"visuals":{"large":"https:\/\/images.epagine.fr\/185\/9791029001185_1_75.jpg","medium":"https:\/\/images.epagine.fr\/185\/9791029001185_1_m.jpg","thumbnail":"https:\/\/images.epagine.fr\/185\/9791029001185_1_v.jpg"},"orderable":true,"show_badge":true,"formatted_price":"15,00&nbsp;\u20ac","formatted_published_date":"1er septembre 2014","publisher_availability_label":"Sur commande","short_details":"Patrick Le bihan \u2014 CHAPITRE.COM","translator":null,"weight":486,"page_count":270,"readership":null,"editor":"CHAPITRE.COM","price":1500,"published_date":"2014-08-31T22:00:00.000000Z","support":"Grand format","publisher_availability":1,"stock":0,"editions":[],"url":"https:\/\/quaidesbrumes.com\/ouvrage\/9791029001185\/la-harpe-verte-et-autres-poemes"},{"id":"9782930702407","title":"S\u00e9jours, l\u00e0 ; d'autres vies","description":"\u00c9crit apr\u00e8s la mort de son p\u00e8re, ce nouveau recueil est d\u00e9di\u00e9 \u00e0 son souvenir.\r","authors":["Jean-louis Massot"],"category_codes":["1000000","1090000"],"visuals":{"large":"https:\/\/images.epagine.fr\/407\/9782930702407_1_75.jpg","medium":"https:\/\/images.epagine.fr\/407\/9782930702407_1_m.jpg","thumbnail":"https:\/\/images.epagine.fr\/407\/9782930702407_1_v.jpg"},"orderable":true,"show_badge":true,"formatted_price":"14,00&nbsp;\u20ac","formatted_published_date":"1er f\u00e9vrier 2013","publisher_availability_label":"Sur commande","short_details":"Jean-louis Massot \u2014 MEO","translator":null,"weight":160,"page_count":112,"readership":null,"editor":"MEO","price":1400,"published_date":"2013-01-31T23:00:00.000000Z","support":"Grand format","publisher_availability":1,"stock":0,"editions":[],"url":"https:\/\/quaidesbrumes.com\/ouvrage\/9782930702407\/sejours-la-dautres-vies"},{"id":"9782343036830","title":"Miroir du monde","description":"Dans ce receuil de po\u00e8me en cinq parties, l'auteur nous fait voyager entre la terre et l'au-del\u00e0, abordant diff\u00e9rents probl\u00e8mes, tant politiques que sociales, qui touchent \u00e0 la condition humaine. Le po\u00e8te nous pr\u00e9sente la mort comme une amie qui nous aide parfois \u00e0 abr\u00e9ger nos souffrances. Il crie \u00e9galement sa col\u00e8re envers les forces invisibles qui semblent souvent indiff\u00e9rentes aux douleurs de l'homme.\r","authors":["Flor\u00e9al Serge Landry Adi\u00e9m\u00e9"],"category_codes":["1000000","1090000"],"visuals":{"large":"https:\/\/images.epagine.fr\/830\/9782343036830_1_75.jpg","medium":"https:\/\/images.epagine.fr\/830\/9782343036830_1_m.jpg","thumbnail":"https:\/\/images.epagine.fr\/830\/9782343036830_1_v.jpg"},"orderable":true,"show_badge":true,"formatted_price":"15,00&nbsp;\u20ac","formatted_published_date":"12 juin 2014","publisher_availability_label":"Sur commande","short_details":"Flor\u00e9al Serge Landry Adi\u00e9m\u00e9 \u2014 \u00c9ditions L'Harmattan","translator":null,"weight":170,"page_count":132,"readership":null,"editor":"\u00c9ditions L'Harmattan","price":1500,"published_date":"2014-06-11T22:00:00.000000Z","support":"Grand format","publisher_availability":1,"stock":0,"editions":[],"url":"https:\/\/quaidesbrumes.com\/ouvrage\/9782343036830\/miroir-du-monde"},{"id":"9782757002780","title":"Le cyclope et les dames","description":"Le Cyclope Polyph\u00e8me qui, sur son \u00eele, d\u00e9vora tout cru quelques uns des compagnons d'Ulysse n'\u00e9tait certes pas du genre commode, mais tous, heureusement, ne sont pas comme lui, et dans l'\u00eelot voisin une autre de ces cr\u00e9atures \u00e0 l'oeil unique semble d'un naturel plus doux...\r\nPolyfemmes, tel est son surnom, ne s'int\u00e9resse en effet gu\u00e8re \u00e0 la guerre...Il aime d'autres champs d'honneurs et, pour livrer bataille, le choix de sa tenue de combat est sans \u00e9quivoque : c'est dans le plus simple appareil qu'il engage ses assauts et lutte corps \u00e0 corps...","authors":["Pierre Guimet"],"category_codes":["1000000","1090000"],"visuals":{"large":"https:\/\/images.epagine.fr\/780\/9782757002780_1_75.jpg","medium":"https:\/\/images.epagine.fr\/780\/9782757002780_1_m.jpg","thumbnail":"https:\/\/images.epagine.fr\/780\/9782757002780_1_v.jpg"},"orderable":true,"show_badge":true,"formatted_price":"25,00&nbsp;\u20ac","formatted_published_date":"10 septembre 2013","publisher_availability_label":"Sur commande","short_details":"Pierre Guimet \u2014 Jacques Andre","translator":null,"weight":135,"page_count":68,"readership":null,"editor":"Jacques Andre","price":2500,"published_date":"2013-09-09T22:00:00.000000Z","support":"Grand format","publisher_availability":1,"stock":0,"editions":[],"url":"https:\/\/quaidesbrumes.com\/ouvrage\/9782757002780\/le-cyclope-et-les-dames"},{"id":"9782336006390","title":"Sofia en \u00e9t\u00e9","description":"Jean-Luc Pouliquen nous offre ici plus que des notes sur son voyage \u00e0 Sofia en Bulgarie mais une s\u00e9rie de tableaux vivants sur la ville, ses intellectuels, sa cuisine, ses jardins et ses odeurs. Il y a dans ce texte une po\u00e9tique du voyage dont l'auteur t\u00e9moigne comme d'un bijou pr\u00e9cieux dont on ne sait encore \u00e0 qui on va l'offrir et nous lecteurs jusqu'\u00e0 la derni\u00e8re ligne, esp\u00e9rons en avoir \u00e9t\u00e9 le destinataire privil\u00e9gi\u00e9. (Philippe Tancelin)\r","authors":["Jean-luc Pouliquen"],"category_codes":["1000000","1090000"],"visuals":{"large":"https:\/\/images.epagine.fr\/390\/9782336006390_1_75.jpg","medium":"https:\/\/images.epagine.fr\/390\/9782336006390_1_m.jpg","thumbnail":"https:\/\/images.epagine.fr\/390\/9782336006390_1_v.jpg"},"orderable":true,"show_badge":true,"formatted_price":"14,50&nbsp;\u20ac","formatted_published_date":"11 d\u00e9cembre 2012","publisher_availability_label":"Sur commande","short_details":"Jean-luc Pouliquen \u2014 \u00c9ditions L'Harmattan","translator":null,"weight":155,"page_count":116,"readership":null,"editor":"\u00c9ditions L'Harmattan","price":1450,"published_date":"2012-12-10T23:00:00.000000Z","support":"Grand format","publisher_availability":1,"stock":0,"editions":[],"url":"https:\/\/quaidesbrumes.com\/ouvrage\/9782336006390\/sofia-en-ete"},{"id":"9782953547238","title":"La vie comme un po\u00e8me","description":"Dans La vie comme un po\u00e8me, l'auteur nous fait partager le temps qui passe aux couleurs de son coeur.\r","authors":["Michel Dillange"],"category_codes":["1000000","1090000"],"visuals":{"large":"https:\/\/images.epagine.fr\/238\/9782953547238_1_75.jpg","medium":"https:\/\/images.epagine.fr\/238\/9782953547238_1_m.jpg","thumbnail":"https:\/\/images.epagine.fr\/238\/9782953547238_1_v.jpg"},"orderable":true,"show_badge":true,"formatted_price":"9,00&nbsp;\u20ac","formatted_published_date":"28 f\u00e9vrier 2011","publisher_availability_label":"Sur commande","short_details":"Michel Dillange \u2014 Les Chantuseries","translator":null,"weight":0,"page_count":43,"readership":null,"editor":"Les Chantuseries","price":900,"published_date":"2011-02-27T23:00:00.000000Z","support":"Grand format","publisher_availability":1,"stock":0,"editions":[],"url":"https:\/\/quaidesbrumes.com\/ouvrage\/9782953547238\/la-vie-comme-un-poeme"},{"id":"9782849242698","title":"La nuit le passage","description":null,"authors":["Giovanni Dotoli"],"category_codes":["1000000","1090000"],"visuals":{"large":"https:\/\/quaidesbrumes.com\/img\/book-placeholder.png","medium":"https:\/\/quaidesbrumes.com\/img\/book-placeholder.png","thumbnail":"https:\/\/quaidesbrumes.com\/img\/book-placeholder.png"},"orderable":true,"show_badge":true,"formatted_price":"13,00&nbsp;\u20ac","formatted_published_date":"21 f\u00e9vrier 2012","publisher_availability_label":"Sur commande","short_details":"Giovanni Dotoli \u2014 Editions Du Cygne","translator":null,"weight":200,"page_count":null,"readership":null,"editor":"Editions Du Cygne","price":1300,"published_date":"2012-02-20T23:00:00.000000Z","support":"Grand format","publisher_availability":1,"stock":0,"editions":[],"url":"https:\/\/quaidesbrumes.com\/ouvrage\/9782849242698\/la-nuit-le-passage"},{"id":"9782810621491","title":"Le ramdam des mots \/ shindig of words","description":"Le Ramdam des mots, traduit en anglais est le messager, le r\u00e9conciliateur, la voix du solitaire, l'avocat des opprim\u00e9s, des d\u00e9sarm\u00e9s et le consolateur des afflig\u00e9s. Le chant lointain de l'Afrique r\u00e9sonne dans ses pages avec des titres comme: Je suis un n\u00e8gre, exil, Sang-m\u00eal\u00e9...\r\nIl rend aussi hommage \u00e0 quelques hommes tels que A. C\u00e9saire, N. Mandela, ou encore S. D\u00e9terville.\r\nA 36 ans, Georges Cocks auteur guadeloup\u00e9en d'origine Saint-Martinoise contrarie le silence des mots avec ce recueil bilingue. Comme un chant de tambours, la candeur de ses mots vous invite \u00e0 la danse.\r","authors":["Georges Cocks"],"category_codes":["1000000","1090000"],"visuals":{"large":"https:\/\/images.epagine.fr\/491\/9782810621491_1_75.jpg","medium":"https:\/\/images.epagine.fr\/491\/9782810621491_1_m.jpg","thumbnail":"https:\/\/images.epagine.fr\/491\/9782810621491_1_v.jpg"},"orderable":true,"show_badge":true,"formatted_price":"14,00&nbsp;\u20ac","formatted_published_date":"15 avril 2011","publisher_availability_label":"Sur commande","short_details":"Georges Cocks \u2014 Books on Demand","translator":null,"weight":401,"page_count":108,"readership":null,"editor":"Books on Demand","price":1400,"published_date":"2011-04-14T22:00:00.000000Z","support":"Grand format","publisher_availability":1,"stock":0,"editions":[],"url":"https:\/\/quaidesbrumes.com\/ouvrage\/9782810621491\/le-ramdam-des-mots-shindig-of-words"},{"id":"9782343081199","title":"Brumes \u00e9tincelantes","description":"\"Ce recueil de po\u00e8mes, le deuxi\u00e8me de l auteur, est n\u00e9 sous le signe du nationalisme po\u00e9tique aux senteurs politiques. Il aborde les th\u00e8mes de la d\u00e9nonciation sociale, de l amour et de la romance, de l unit\u00e9 et du patriotisme, de l \u00e9vasion et de la m\u00e9lancolie...\"\r","authors":["Mo\u00efse Feunkam de talla"],"category_codes":["1000000","1090000"],"visuals":{"large":"https:\/\/images.epagine.fr\/199\/9782343081199_1_75.jpg","medium":"https:\/\/images.epagine.fr\/199\/9782343081199_1_m.jpg","thumbnail":"https:\/\/images.epagine.fr\/199\/9782343081199_1_v.jpg"},"orderable":true,"show_badge":true,"formatted_price":"13,00&nbsp;\u20ac","formatted_published_date":"15 janvier 2016","publisher_availability_label":"Sur commande","short_details":"Mo\u00efse Feunkam de talla \u2014 \u00c9ditions L'Harmattan","translator":null,"weight":210,"page_count":170,"readership":null,"editor":"\u00c9ditions L'Harmattan","price":1300,"published_date":"2016-01-14T23:00:00.000000Z","support":"Grand format","publisher_availability":1,"stock":0,"editions":[],"url":"https:\/\/quaidesbrumes.com\/ouvrage\/9782343081199\/brumes-etincelantes"},{"id":"9791093198736","title":"Enfer, limbes et redemption","description":null,"authors":["Arnoult Noelle"],"category_codes":["1000000","1090000","1090600"],"visuals":{"large":"https:\/\/images.epagine.fr\/736\/9791093198736_1_75.jpg","medium":"https:\/\/images.epagine.fr\/736\/9791093198736_1_m.jpg","thumbnail":"https:\/\/images.epagine.fr\/736\/9791093198736_1_v.jpg"},"orderable":true,"show_badge":true,"formatted_price":"16,00&nbsp;\u20ac","formatted_published_date":"1er mars 2017","publisher_availability_label":"Sur commande","short_details":"Arnoult Noelle \u2014 Hugues Facorat","translator":null,"weight":360,"page_count":null,"readership":null,"editor":"Hugues Facorat","price":1600,"published_date":"2017-02-28T23:00:00.000000Z","support":"Grand format","publisher_availability":1,"stock":0,"editions":[],"url":"https:\/\/quaidesbrumes.com\/ouvrage\/9791093198736\/enfer-limbes-et-redemption"},{"id":"9782930438047","title":"Je suis heros positif","description":null,"authors":["Patrick Lowie"],"category_codes":["1000000","1090000"],"visuals":{"large":"https:\/\/quaidesbrumes.com\/img\/book-placeholder.png","medium":"https:\/\/quaidesbrumes.com\/img\/book-placeholder.png","thumbnail":"https:\/\/quaidesbrumes.com\/img\/book-placeholder.png"},"orderable":true,"show_badge":true,"formatted_price":"9,00&nbsp;\u20ac","formatted_published_date":"9 mai 2005","publisher_availability_label":"Sur commande","short_details":"Patrick Lowie \u2014 Biliki","translator":null,"weight":130,"page_count":null,"readership":null,"editor":"Biliki","price":900,"published_date":"2005-05-08T22:00:00.000000Z","support":"Grand format","publisher_availability":1,"stock":0,"editions":[],"url":"https:\/\/quaidesbrumes.com\/ouvrage\/9782930438047\/je-suis-heros-positif"},{"id":"9782343039701","title":"Cellule","description":"D\u00e9bonnaire, taciturne, l'enfant Tagne aimait passionn\u00e9ment les danses populaires de son village et les ex\u00e9cutait de temps en temps. Tout cela laissait pr\u00e9sager de son talent de po\u00e8te que confirme aujourd'hui cette grande \"cellule\", des coins et des recoins de laquelle sortent de merveilleuses m\u00e9lodies. Non seulement ces m\u00e9lodies redisent autrement l'amour, la paix, la condition humaine mais elles sont aussi un nouvel hymne de la sagesse.\r","authors":["Gabriel Tagne"],"category_codes":["1000000","1090000"],"visuals":{"large":"https:\/\/images.epagine.fr\/701\/9782343039701_1_75.jpg","medium":"https:\/\/images.epagine.fr\/701\/9782343039701_1_m.jpg","thumbnail":"https:\/\/images.epagine.fr\/701\/9782343039701_1_v.jpg"},"orderable":true,"show_badge":true,"formatted_price":"12,50&nbsp;\u20ac","formatted_published_date":"15 septembre 2014","publisher_availability_label":"Sur commande","short_details":"Gabriel Tagne \u2014 \u00c9ditions L'Harmattan","translator":null,"weight":110,"page_count":82,"readership":null,"editor":"\u00c9ditions L'Harmattan","price":1250,"published_date":"2014-09-14T22:00:00.000000Z","support":"Grand format","publisher_availability":1,"stock":0,"editions":[],"url":"https:\/\/quaidesbrumes.com\/ouvrage\/9782343039701\/cellule"},{"id":"9782312024493","title":"R\u00e9pliques","description":null,"authors":["Jean-luc Bengler"],"category_codes":["1000000","1090000"],"visuals":{"large":"https:\/\/images.epagine.fr\/493\/9782312024493_1_75.jpg","medium":"https:\/\/images.epagine.fr\/493\/9782312024493_1_m.jpg","thumbnail":"https:\/\/images.epagine.fr\/493\/9782312024493_1_v.jpg"},"orderable":true,"show_badge":true,"formatted_price":"13,00&nbsp;\u20ac","formatted_published_date":"21 ao\u00fbt 2014","publisher_availability_label":"Sur commande","short_details":"Jean-luc Bengler \u2014 Editions du Net","translator":null,"weight":295,"page_count":23,"readership":null,"editor":"Editions du Net","price":1300,"published_date":"2014-08-20T22:00:00.000000Z","support":"Grand format","publisher_availability":1,"stock":0,"editions":[],"url":"https:\/\/quaidesbrumes.com\/ouvrage\/9782312024493\/repliques"},{"id":"9782343039848","title":"Un coeur n'aime qu'une seule fois","description":"Anaba et Tamba prom\u00e8nent le lecteur dans les profondeurs de l'univers d'un couple dont l'idylle d\u00e9marre \u00e0 un rythme qui frise la folie. A un moment donn\u00e9, l'amour commence \u00e0 avoir du plomb dans l'aile et se d\u00e9lite. L'atmosph\u00e8re au sein de la cellule familiale est d\u00e9l\u00e9t\u00e8re et les secousses n'\u00e9pargnent pas les enfants. Mais du jour au lendemain, le mal est diagnostiqu\u00e9. Les \u00e9poux font leur mea-culpa et l'amour rena\u00eet, illumin\u00e9 par une \u00e9nergie qui les place sur un pi\u00e9destal.\r","authors":["Opic Saint camille"],"category_codes":["1000000","1090000"],"visuals":{"large":"https:\/\/images.epagine.fr\/848\/9782343039848_1_75.jpg","medium":"https:\/\/images.epagine.fr\/848\/9782343039848_1_m.jpg","thumbnail":"https:\/\/images.epagine.fr\/848\/9782343039848_1_v.jpg"},"orderable":true,"show_badge":true,"formatted_price":"12,50&nbsp;\u20ac","formatted_published_date":"15 septembre 2014","publisher_availability_label":"Sur commande","short_details":"Opic Saint camille \u2014 \u00c9ditions L'Harmattan","translator":null,"weight":115,"page_count":88,"readership":null,"editor":"\u00c9ditions L'Harmattan","price":1250,"published_date":"2014-09-14T22:00:00.000000Z","support":"Grand format","publisher_availability":1,"stock":0,"editions":[],"url":"https:\/\/quaidesbrumes.com\/ouvrage\/9782343039848\/un-coeur-naime-quune-seule-fois"}]}