{"data":[{"id":"9782917081273","title":"La bouyre","description":null,"authors":["Maubre Francois"],"category_codes":["1000000","1090000","1090600"],"visuals":{"large":"https:\/\/quaidesbrumes.com\/img\/book-placeholder.png","medium":"https:\/\/quaidesbrumes.com\/img\/book-placeholder.png","thumbnail":"https:\/\/quaidesbrumes.com\/img\/book-placeholder.png"},"orderable":true,"show_badge":true,"formatted_price":"15,00&nbsp;\u20ac","formatted_published_date":"15 mars 2015","publisher_availability_label":"Sur commande","short_details":"Maubre Francois \u2014 Aspect","translator":null,"weight":168,"page_count":null,"readership":null,"editor":"Aspect","price":1500,"published_date":"2015-03-14T23:00:00.000000Z","support":"Grand format","publisher_availability":1,"stock":0,"editions":[],"url":"https:\/\/quaidesbrumes.com\/ouvrage\/9782917081273\/la-bouyre"},{"id":"9782322030880","title":"Morceaux de vie","description":"\"Morceaux de vie\" est un recueil compos\u00e9 de 82 textes. Chaque texte est issu d'une partie de ma vie. L'ordre d'apparition des textes dans le recueil n'est pas chronologique volontairement. Il n'y a pas ou tr\u00e8s peu de ponctuation pour que le lecteur s'approprie chaque textes comme il le veut.","authors":["Dominique Trambouze"],"category_codes":["1000000","1090000"],"visuals":{"large":"https:\/\/images.epagine.fr\/880\/9782322030880_1_75.jpg","medium":"https:\/\/images.epagine.fr\/880\/9782322030880_1_m.jpg","thumbnail":"https:\/\/images.epagine.fr\/880\/9782322030880_1_v.jpg"},"orderable":true,"show_badge":true,"formatted_price":"9,90&nbsp;\u20ac","formatted_published_date":"19 mars 2013","publisher_availability_label":"Sur commande","short_details":"Dominique Trambouze \u2014 Books on Demand","translator":null,"weight":201,"page_count":96,"readership":null,"editor":"Books on Demand","price":990,"published_date":"2013-03-18T23:00:00.000000Z","support":"Grand format","publisher_availability":1,"stock":0,"editions":[],"url":"https:\/\/quaidesbrumes.com\/ouvrage\/9782322030880\/morceaux-de-vie"},{"id":"9782334178181","title":"L'Ombre de la plume","description":null,"authors":["Eskenazi Gilles"],"category_codes":["1000000","1090000"],"visuals":{"large":"https:\/\/images.epagine.fr\/181\/9782334178181_1_75.jpg","medium":"https:\/\/images.epagine.fr\/181\/9782334178181_1_m.jpg","thumbnail":"https:\/\/images.epagine.fr\/181\/9782334178181_1_v.jpg"},"orderable":true,"show_badge":true,"formatted_price":"10,00&nbsp;\u20ac","formatted_published_date":"27 juillet 2016","publisher_availability_label":"Sur commande","short_details":"Eskenazi Gilles \u2014 Edilivre","translator":null,"weight":190,"page_count":92,"readership":null,"editor":"Edilivre","price":1000,"published_date":"2016-07-26T22:00:00.000000Z","support":"Grand format","publisher_availability":1,"stock":0,"editions":[],"url":"https:\/\/quaidesbrumes.com\/ouvrage\/9782334178181\/lombre-de-la-plume"},{"id":"9782296541658","title":"L'\u00e9cume des lendemains","description":"Ce texte pr\u00e9sente en dix-huit pi\u00e8ces admirablement r\u00e9parties, des \u00e9nonc\u00e9s dont l'ar\u00eate principale s'organise autour du champ s\u00e9mantique de l'obscurit\u00e9 et de la nuit. Il y est question de \"pancr\u00e9as du monde\", de \"carences nocturnes\", d'exil de \"minuit\", des \"profondeurs\" et du temps qui passe.","authors":["Wilfried Idiatha"],"category_codes":["1000000","1090000"],"visuals":{"large":"https:\/\/images.epagine.fr\/658\/9782296541658_1_75.jpg","medium":"https:\/\/images.epagine.fr\/658\/9782296541658_1_m.jpg","thumbnail":"https:\/\/images.epagine.fr\/658\/9782296541658_1_v.jpg"},"orderable":true,"show_badge":true,"formatted_price":"12,50&nbsp;\u20ac","formatted_published_date":"27 janvier 2011","publisher_availability_label":"Sur commande","short_details":"Wilfried Idiatha \u2014 \u00c9ditions L'Harmattan","translator":null,"weight":140,"page_count":null,"readership":null,"editor":"\u00c9ditions L'Harmattan","price":1250,"published_date":"2011-01-26T23:00:00.000000Z","support":"Grand format","publisher_availability":1,"stock":0,"editions":[],"url":"https:\/\/quaidesbrumes.com\/ouvrage\/9782296541658\/lecume-des-lendemains"},{"id":"9782878675511","title":"Rose d hiver","description":null,"authors":["Henri Canaguier"],"category_codes":["1000000","1090000"],"visuals":{"large":"https:\/\/quaidesbrumes.com\/img\/book-placeholder.png","medium":"https:\/\/quaidesbrumes.com\/img\/book-placeholder.png","thumbnail":"https:\/\/quaidesbrumes.com\/img\/book-placeholder.png"},"orderable":true,"show_badge":true,"formatted_price":"15,00&nbsp;\u20ac","formatted_published_date":"19 mars 2004","publisher_availability_label":"Sur commande","short_details":"Henri Canaguier \u2014 Presses Du Midi","translator":null,"weight":190,"page_count":null,"readership":null,"editor":"Presses Du Midi","price":1500,"published_date":"2004-03-18T23:00:00.000000Z","support":"Grand format","publisher_availability":1,"stock":0,"editions":[],"url":"https:\/\/quaidesbrumes.com\/ouvrage\/9782878675511\/rose-d-hiver"},{"id":"9782355720031","title":"\u00e0 l'aune des espoirs","description":"Le titre seul de ce recueil retentit comme le signal d'une renaissance, comme un po\u00e8me de l'espoir. \u00c0 L'aune des espoirs se r\u00e9v\u00e8le \u00eatre un chant. Tout au long des po\u00e8mes pr\u00e9sent\u00e9s ici, on sent la qu\u00eate vers un absolu du po\u00e9tique. Les po\u00e8mes se suivent, non comme des s\u00e9quences mais \u00e0 la mani\u00e8re du rythme m\u00eame de la pulsation de l'univers. Ici la po\u00e9sie est essentiellement un regard de la totalit\u00e9, c'est-\u00e0-dire une appropriation fine de soi, ainsi que de l'univers que l'on porte en soi.","authors":["Mamoudou Lamine kane"],"category_codes":["1000000","1090000"],"visuals":{"large":"https:\/\/images.epagine.fr\/031\/9782355720031_1_75.jpg","medium":"https:\/\/images.epagine.fr\/031\/9782355720031_1_m.jpg","thumbnail":"https:\/\/images.epagine.fr\/031\/9782355720031_1_v.jpg"},"orderable":true,"show_badge":true,"formatted_price":"10,00&nbsp;\u20ac","formatted_published_date":"31 d\u00e9cembre 2007","publisher_availability_label":"Sur commande","short_details":"Mamoudou Lamine kane \u2014 \u00c9ditions L'Harmattan","translator":null,"weight":75,"page_count":63,"readership":null,"editor":"\u00c9ditions L'Harmattan","price":1000,"published_date":"2007-12-30T23:00:00.000000Z","support":"Grand format","publisher_availability":1,"stock":0,"editions":[],"url":"https:\/\/quaidesbrumes.com\/ouvrage\/9782355720031\/a-laune-des-espoirs"},{"id":"9782322036462","title":"Vide grenier","description":"L'auteur, Catherine ADIDA-ROSENBERG est n\u00e9e le 21 mars 1967 \u00e0 Montpellier.\r\nIssue d'une culture mixte, elle est proven\u00e7ale et isra\u00e9lienne.\r\nElle \u00e9tudie \u00e0 Vienne, ville d'arch\u00e9ologie et du jazz, puis entre au Conservatoire national, r\u00e9alisant ses classes sous la direction de Marie-Annick Chamarande et Simone Chemin.Elle obtient un dipl\u00f4me national d'excellence \u00e0 l'unanimit\u00e9.\r\n\r\nRebelle, enti\u00e8re, elle ne cesse d'explorer l'art, la mati\u00e8re, l'image, et l'\u00e9crit.\r\n\r\nL'illustratrice Edenh ADIDA-ROSENBERG, 8 ans,r\u00e9alise les illustrations en s'amusant, sur la base des textes.Vide grenier, des \u00e9motions d\u00e9poussi\u00e9r\u00e9es ,en vrac, comme si l'on recycle toute chose existante, tout projet, trouvant leur nouveau destinataire, par del\u00e0 le hasard, pour leur mise en lumi\u00e8re. Aucun projet n'est impossible....tous les textes m\u00e9ritent de vivre...\r\nApr\u00e8s son premier recueil de po\u00e9sie, MAESTRAL, destin\u00e9 \u00e0 la PROVENCE,\u00a7VIDE GRENIER, apparait.\r\nIl est,au d\u00e9part, un recueil de textes, destin\u00e9s \u00e0 devenir des chansons, et puis,class\u00e9 dans des tiroirs,en attente d'une production...\r\nL'amour \u00e9ternel,les g\u00e9n\u00e9rations, la g\u00e9opolitique, l'enracinement en cultures diverses, la mixit\u00e9, le droit de choisir, la libert\u00e9, les fronti\u00e8res, la d\u00e9couverte de l'identit\u00e9, tout ce qu'on se dit, la vie, les exils, l'orient, autant de th\u00e8mes que va decouvrir, en vrac, une petite fille, EDENH, \u00e2g\u00e9e de 8 ans,dans son grenier aux merveilles qui n'est autre que l'illustration all\u00e9gorique des greniers de l'humanit\u00e9 que chaque humain porte en lui-m\u00eame.\r\nTout commence le jour o\u00f9 sa maman d\u00e9cide de faire un vide-grenier...\r\nApr\u00e8s son premier recueil de po\u00e9sie, MAESTRAL, destin\u00e9 \u00e0 la PROVENCE,\u00a7VIDE GRENIER, apparait.\r\nIl est,au d\u00e9part, un recueil de textes, destin\u00e9s \u00e0 devenir des chansons, et puis,class\u00e9 dans des tiroirs,en attente d'une production...\r\nL'amour \u00e9ternel, les g\u00e9n\u00e9rations, la g\u00e9opolitique, l'enracinement en cultures diverses, la mixit\u00e9, le droit de choisir, la libert\u00e9, les fronti\u00e8res, la d\u00e9couverte de l'identit\u00e9, tout ce qu'on se dit, la vie, les exils, l'orient, autant de th\u00e8mes que va decouvrir, en vrac, une petite fille, EDENH, \u00e2g\u00e9e de 8 ans, dans son grenier aux merveilles qui n'est autre que l'illustration all\u00e9gorique des greniers de l'humanit\u00e9 que chaque humain porte en lui-m\u00eame.\r\nTout commence le jour o\u00f9 sa maman d\u00e9cide de faire un vide-grenier...\r\nIl s'agit d'une sorte de fantaisie moderne, insolite pour l'adulte, d\u00e9voilant peu \u00e0 peu la compr\u00e9hension de enfant face \u00e0 l'autre, \u00e0 la difference, au droit de choisir, d\u00e8s l'enfance.\r\nLe vieux coffret, illustrant la d\u00e9mocratie dans un monde tourment\u00e9, r\u00e9v\u00e8le \u00e0 l'enfant que dans ce palais secret d'archives familiales poussi\u00e9reuses, une vision universelle devant les incoh\u00e9rences ou les haines est possible.","authors":["Catherine Adida-rosenberg"],"category_codes":["1000000","1090000","1090600"],"visuals":{"large":"https:\/\/images.epagine.fr\/462\/9782322036462_1_75.jpg","medium":"https:\/\/images.epagine.fr\/462\/9782322036462_1_m.jpg","thumbnail":"https:\/\/images.epagine.fr\/462\/9782322036462_1_v.jpg"},"orderable":true,"show_badge":true,"formatted_price":"24,90&nbsp;\u20ac","formatted_published_date":"7 novembre 2014","publisher_availability_label":"Sur commande","short_details":"Catherine Adida-rosenberg \u2014 Books on Demand","translator":null,"weight":501,"page_count":152,"readership":null,"editor":"Books on Demand","price":2490,"published_date":"2014-11-06T23:00:00.000000Z","support":"Grand format","publisher_availability":1,"stock":0,"editions":[],"url":"https:\/\/quaidesbrumes.com\/ouvrage\/9782322036462\/vide-grenier"},{"id":"9782336005720","title":"La valse des tra\u00eetres","description":"La Valse des tra\u00eetres est un ensemble de po\u00e8mes d\u00e9crivant des \u00e9v\u00e9nements de la vie quotidienne en Afrique et dans le monde. \u00c0 notre \u00e9poque de bouleversements et de souffrances dus aux conflits et aux catastrophes naturelles, saisir ces pens\u00e9es dans des po\u00e8mes est une forme d'exorcisme n\u00e9cessaire \u00e0 l'oubli et \u00e0 la paix de l'esprit.","authors":["Diegou De sahi"],"category_codes":["1000000","1090000"],"visuals":{"large":"https:\/\/images.epagine.fr\/720\/9782336005720_1_75.jpg","medium":"https:\/\/images.epagine.fr\/720\/9782336005720_1_m.jpg","thumbnail":"https:\/\/images.epagine.fr\/720\/9782336005720_1_v.jpg"},"orderable":true,"show_badge":true,"formatted_price":"12,00&nbsp;\u20ac","formatted_published_date":"20 d\u00e9cembre 2012","publisher_availability_label":"Sur commande","short_details":"Diegou De sahi \u2014 \u00c9ditions L'Harmattan","translator":null,"weight":110,"page_count":78,"readership":null,"editor":"\u00c9ditions L'Harmattan","price":1200,"published_date":"2012-12-19T23:00:00.000000Z","support":"Grand format","publisher_availability":1,"stock":0,"editions":[],"url":"https:\/\/quaidesbrumes.com\/ouvrage\/9782336005720\/la-valse-des-traitres"},{"id":"9782357480025","title":"Oscar Wilde ; po\u00e8mes","description":"Auteur d'aphorismes, de romans, de pi\u00e8ces de th\u00e9\u00e2tre et de textes critiques, Oscar Wilde (1854-1900) \u00e9tait aussi, et peut-\u00eatre avant tout, un po\u00e8te. C'est l'essentiel de son oeuvre po\u00e9tique qui est ici rassembl\u00e9.","authors":["Oscar Wilde"],"category_codes":["1000000","1090000"],"visuals":{"large":"https:\/\/images.epagine.fr\/025\/9782357480025_1_75.jpg","medium":"https:\/\/images.epagine.fr\/025\/9782357480025_1_m.jpg","thumbnail":"https:\/\/images.epagine.fr\/025\/9782357480025_1_v.jpg"},"orderable":true,"show_badge":true,"formatted_price":"39,00&nbsp;\u20ac","formatted_published_date":"9 avril 2008","publisher_availability_label":"Sur commande","short_details":"Oscar Wilde \u2014 Hachette","translator":null,"weight":345,"page_count":312,"readership":null,"editor":"Hachette","price":3900,"published_date":"2008-04-08T22:00:00.000000Z","support":"Grand format","publisher_availability":1,"stock":0,"editions":[],"url":"https:\/\/quaidesbrumes.com\/ouvrage\/9782357480025\/oscar-wilde-poemes"},{"id":"9782952887618","title":"Pelerinage interieur","description":null,"authors":["Franck Widro"],"category_codes":["1000000","1090000"],"visuals":{"large":"https:\/\/images.epagine.fr\/618\/9782952887618_1_75.jpg","medium":"https:\/\/images.epagine.fr\/618\/9782952887618_1_m.jpg","thumbnail":"https:\/\/images.epagine.fr\/618\/9782952887618_1_v.jpg"},"orderable":true,"show_badge":true,"formatted_price":"10,00&nbsp;\u20ac","formatted_published_date":"1er f\u00e9vrier 2012","publisher_availability_label":"Sur commande","short_details":"Franck Widro \u2014 Franck W","translator":null,"weight":90,"page_count":null,"readership":null,"editor":"Franck W","price":1000,"published_date":"2012-01-31T23:00:00.000000Z","support":"Grand format","publisher_availability":1,"stock":0,"editions":[],"url":"https:\/\/quaidesbrumes.com\/ouvrage\/9782952887618\/pelerinage-interieur"},{"id":"9782296561083","title":"Le romantique impuissant ; po\u00e9sie","description":"Le romantique impuissant est une oeuvre singuli\u00e8re qui s'est construite naturellement dans le temps et \u00e0 travers celui-ci. Fruit de ce long cheminement personnel, cinquante-neuf po\u00e8mes ont pris corps pour dessiner une oeuvre coh\u00e9rente autour de la figure du romantique impuissant.","authors":["Jean-philippe Samarcq"],"category_codes":["1000000","1090000"],"visuals":{"large":"https:\/\/images.epagine.fr\/083\/9782296561083_1_75.jpg","medium":"https:\/\/images.epagine.fr\/083\/9782296561083_1_m.jpg","thumbnail":"https:\/\/images.epagine.fr\/083\/9782296561083_1_v.jpg"},"orderable":true,"show_badge":true,"formatted_price":"12,00&nbsp;\u20ac","formatted_published_date":"14 juin 2011","publisher_availability_label":"Sur commande","short_details":"Jean-philippe Samarcq \u2014 \u00c9ditions L'Harmattan","translator":null,"weight":105,"page_count":84,"readership":null,"editor":"\u00c9ditions L'Harmattan","price":1200,"published_date":"2011-06-13T22:00:00.000000Z","support":"Grand format","publisher_availability":1,"stock":0,"editions":[],"url":"https:\/\/quaidesbrumes.com\/ouvrage\/9782296561083\/le-romantique-impuissant-poesie"},{"id":"9782970061816","title":"Le jardin secret d'un vieil homme endormi","description":null,"authors":["Carlos Pires"],"category_codes":["1000000","1090000"],"visuals":{"large":"https:\/\/images.epagine.fr\/816\/9782970061816_1_75.jpg","medium":"https:\/\/images.epagine.fr\/816\/9782970061816_1_m.jpg","thumbnail":"https:\/\/images.epagine.fr\/816\/9782970061816_1_v.jpg"},"orderable":true,"show_badge":true,"formatted_price":"12,00&nbsp;\u20ac","formatted_published_date":"1er juin 2008","publisher_availability_label":"Sur commande","short_details":"Carlos Pires \u2014 Furtado Editions","translator":null,"weight":0,"page_count":49,"readership":null,"editor":"Furtado Editions","price":1200,"published_date":"2008-05-31T22:00:00.000000Z","support":"Poche","publisher_availability":1,"stock":0,"editions":[],"url":"https:\/\/quaidesbrumes.com\/ouvrage\/9782970061816\/le-jardin-secret-dun-vieil-homme-endormi"},{"id":"9782343034713","title":"Un pas vers l'\u00e2me","description":"A la fois affirmation et doute, ce second recueil est une plong\u00e9e radicale vers la r\u00e9v\u00e9lation d'une partie secr\u00e8te de son auteur, dans un registre d'\u00e9criture romantique et d\u00e9cal\u00e9. Thomas Baign\u00e8res est-il l'enfant que Michaux aurait eu avec La Rochefoucauld dans les coulisses d'un concert des Pretty Things ? On ne sait pas vraiment de qui il se r\u00e9clame mais il semblerait que, chez lui, l'alexandrin et le rock fassent bon m\u00e9nage...","authors":["Thomas Baign\u00e8res"],"category_codes":["1000000","1090000"],"visuals":{"large":"https:\/\/images.epagine.fr\/713\/9782343034713_1_75.jpg","medium":"https:\/\/images.epagine.fr\/713\/9782343034713_1_m.jpg","thumbnail":"https:\/\/images.epagine.fr\/713\/9782343034713_1_v.jpg"},"orderable":true,"show_badge":true,"formatted_price":"15,50&nbsp;\u20ac","formatted_published_date":"11 juin 2014","publisher_availability_label":"Sur commande","short_details":"Thomas Baign\u00e8res \u2014 \u00c9ditions L'Harmattan","translator":null,"weight":170,"page_count":138,"readership":null,"editor":"\u00c9ditions L'Harmattan","price":1550,"published_date":"2014-06-10T22:00:00.000000Z","support":"Grand format","publisher_availability":1,"stock":0,"editions":[],"url":"https:\/\/quaidesbrumes.com\/ouvrage\/9782343034713\/un-pas-vers-lame"},{"id":"9782810613618","title":"Po\u00e9sies pour futures et jeunes mamans","description":"Ce recueil de po\u00e9sies accompagnera les futures mamans \u00e0 travers cette fabuleuse aventure qu'est la grossesse et l'arriv\u00e9e d'un enfant.","authors":["M\u00e9lanie Courtois"],"category_codes":["1000000","1090000"],"visuals":{"large":"https:\/\/images.epagine.fr\/618\/9782810613618_1_75.jpg","medium":"https:\/\/images.epagine.fr\/618\/9782810613618_1_m.jpg","thumbnail":"https:\/\/images.epagine.fr\/618\/9782810613618_1_v.jpg"},"orderable":true,"show_badge":true,"formatted_price":"15,50&nbsp;\u20ac","formatted_published_date":"29 mars 2011","publisher_availability_label":"Sur commande","short_details":"M\u00e9lanie Courtois \u2014 Books on Demand","translator":null,"weight":401,"page_count":28,"readership":null,"editor":"Books on Demand","price":1550,"published_date":"2011-03-28T22:00:00.000000Z","support":"Grand format","publisher_availability":1,"stock":0,"editions":[],"url":"https:\/\/quaidesbrumes.com\/ouvrage\/9782810613618\/poesies-pour-futures-et-jeunes-mamans"},{"id":"9782336002071","title":"Le soupir des mots","description":"La po\u00e9sie de l'auteur est irrigu\u00e9e par la note de musique qu'\u00e9met son soupir des mots. Non pas soupir las et fatigu\u00e9, il est justement lyrique. A travers des th\u00e8mes courants de la po\u00e9sie comme les maux de certains jours et les bonheurs qui s' ins\u00e8rent entre-eux, l'auteur convoque des th\u00e8mes plus personnels comme ceux de la guerre d'Alg\u00e9rie.","authors":["Benabdallah Dridj"],"category_codes":["1000000","1090000"],"visuals":{"large":"https:\/\/images.epagine.fr\/071\/9782336002071_1_75.jpg","medium":"https:\/\/images.epagine.fr\/071\/9782336002071_1_m.jpg","thumbnail":"https:\/\/images.epagine.fr\/071\/9782336002071_1_v.jpg"},"orderable":true,"show_badge":true,"formatted_price":"14,50&nbsp;\u20ac","formatted_published_date":"11 septembre 2012","publisher_availability_label":"Sur commande","short_details":"Benabdallah Dridj \u2014 \u00c9ditions L'Harmattan","translator":null,"weight":150,"page_count":118,"readership":null,"editor":"\u00c9ditions L'Harmattan","price":1450,"published_date":"2012-09-10T22:00:00.000000Z","support":"Grand format","publisher_availability":1,"stock":0,"editions":[],"url":"https:\/\/quaidesbrumes.com\/ouvrage\/9782336002071\/le-soupir-des-mots"},{"id":"9782874595080","title":"Arc et po\u00e9sie","description":"Arc et Po\u00e9sie est un  recueil de textes qui nous transporte simplement dans l'univers des Archers du temps pass\u00e9 au temps pr\u00e9sent et des n\u00e9ons d'un gymnase aux vertes vall\u00e9es. Simple \u00e0 aborder, il nous entraine avec ses doutes et certitudes vers  la r\u00e9flexion. L'Homme, l'Arc et la fl\u00e8che ne sont plus des mots, mais Po\u00e9sie d'Archerie.","authors":["Laurent Thomas"],"category_codes":["1000000","1090000"],"visuals":{"large":"https:\/\/images.epagine.fr\/080\/9782874595080_1_75.jpg","medium":"https:\/\/images.epagine.fr\/080\/9782874595080_1_m.jpg","thumbnail":"https:\/\/images.epagine.fr\/080\/9782874595080_1_v.jpg"},"orderable":true,"show_badge":true,"formatted_price":"17,90&nbsp;\u20ac","formatted_published_date":"31 octobre 2010","publisher_availability_label":"Sur commande","short_details":"Laurent Thomas \u2014 Chloe Des Lys","translator":null,"weight":150,"page_count":100,"readership":null,"editor":"Chloe Des Lys","price":1790,"published_date":"2010-10-30T22:00:00.000000Z","support":"Grand format","publisher_availability":1,"stock":0,"editions":[],"url":"https:\/\/quaidesbrumes.com\/ouvrage\/9782874595080\/arc-et-poesie"},{"id":"9789995962371","title":"Confidences \u00e0 flot","description":"Quand la po\u00e9sie se m\u00eale \u00e0 l'histoire d'un couple d\u00e9suni, bris\u00e9 par l'\u00e9go\u00efsme d'un homme dominateur, intol\u00e9rant, cela provoque un aveu, des r\u00e9v\u00e9lations et voil\u00e0 qu'un livre s'\u00e9crit: Confidences \u00e0 flot. \r\nL'amour ne peut survivre sans la communion de deux coeurs .","authors":["Lise Fleur"],"category_codes":["1000000","1090000"],"visuals":{"large":"https:\/\/images.epagine.fr\/371\/9789995962371_1_75.jpg","medium":"https:\/\/images.epagine.fr\/371\/9789995962371_1_m.jpg","thumbnail":"https:\/\/images.epagine.fr\/371\/9789995962371_1_v.jpg"},"orderable":true,"show_badge":true,"formatted_price":"13,50&nbsp;\u20ac","formatted_published_date":"16 novembre 2010","publisher_availability_label":"Sur commande","short_details":"Lise Fleur \u2014 LIS MA VIE","translator":null,"weight":301,"page_count":116,"readership":null,"editor":"LIS MA VIE","price":1350,"published_date":"2010-11-15T23:00:00.000000Z","support":"Grand format","publisher_availability":1,"stock":0,"editions":[],"url":"https:\/\/quaidesbrumes.com\/ouvrage\/9789995962371\/confidences-a-flot"},{"id":"9782336006246","title":"Dans la chair du monde","description":"Apr\u00e8s Et l'homme apparut (L'Harmattan 2007), histoire po\u00e9tique de l'homme \u00e0 travers la mont\u00e9e de sa conscience, l'essor de son imaginaire et sonSouverture \u00e0 la beaut\u00e9 du monde, l'auteur prolonge l'histoire en immergeant l'homme dans la chair du monde, ses semblables, l'humanit\u00e9 \u00e0 laquelle il estSin\u00e9luctablement li\u00e9. \u00c9merg\u00e9 du cosmos, vers l'autre, dans la multitude, l'homme est en marche vers son devenir et celui du monde, dans une cr\u00e9ation continue.","authors":["Suzanne M\u00e9riaux"],"category_codes":["1000000","1090000"],"visuals":{"large":"https:\/\/images.epagine.fr\/246\/9782336006246_1_75.jpg","medium":"https:\/\/images.epagine.fr\/246\/9782336006246_1_m.jpg","thumbnail":"https:\/\/images.epagine.fr\/246\/9782336006246_1_v.jpg"},"orderable":true,"show_badge":true,"formatted_price":"11,00&nbsp;\u20ac","formatted_published_date":"2 novembre 2012","publisher_availability_label":"Sur commande","short_details":"Suzanne M\u00e9riaux \u2014 \u00c9ditions L'Harmattan","translator":null,"weight":95,"page_count":null,"readership":null,"editor":"\u00c9ditions L'Harmattan","price":1100,"published_date":"2012-11-01T23:00:00.000000Z","support":"Grand format","publisher_availability":1,"stock":0,"editions":[],"url":"https:\/\/quaidesbrumes.com\/ouvrage\/9782336006246\/dans-la-chair-du-monde"},{"id":"9782917081266","title":"Sur le chemin du merlouchicq","description":null,"authors":["Dani\u00e8le Marche"],"category_codes":["1000000","1090000","1090600"],"visuals":{"large":"https:\/\/quaidesbrumes.com\/img\/book-placeholder.png","medium":"https:\/\/quaidesbrumes.com\/img\/book-placeholder.png","thumbnail":"https:\/\/quaidesbrumes.com\/img\/book-placeholder.png"},"orderable":true,"show_badge":true,"formatted_price":"15,00&nbsp;\u20ac","formatted_published_date":"15 mars 2015","publisher_availability_label":"Sur commande","short_details":"Dani\u00e8le Marche \u2014 Aspect","translator":null,"weight":130,"page_count":null,"readership":null,"editor":"Aspect","price":1500,"published_date":"2015-03-14T23:00:00.000000Z","support":"Grand format","publisher_availability":1,"stock":0,"editions":[],"url":"https:\/\/quaidesbrumes.com\/ouvrage\/9782917081266\/sur-le-chemin-du-merlouchicq"},{"id":"9782332605573","title":"L'encre de lumi\u00e8re","description":"Ces belles clart\u00e9s venues de loin illuminent le chemin de nos r\u00eaves, de nos fantasmes, de nos d\u00e9sirs. Des plus secrets aux plus intimes.\r\nUn voyage po\u00e9tique aussi passionnant que passionnel au coeur du r\u00eave, celui de l'auteur comme au coeur du n\u00f4tre.\r\nEt le coeur de bouillir de plaisir, l'\u00e2me de s'envoler de joie, le corps de planer. Laissez-vous porter au fil des mots et des pages, berc\u00e9s de cette douce po\u00e9sie sur le cours vagabond d'un fleuve enchant\u00e9 qui m\u00e8ne doucement aux lumi\u00e8res interminables des plages de la Vie.","authors":["Heme"],"category_codes":["1000000","1090000"],"visuals":{"large":"https:\/\/images.epagine.fr\/573\/9782332605573_1_75.jpg","medium":"https:\/\/images.epagine.fr\/573\/9782332605573_1_m.jpg","thumbnail":"https:\/\/images.epagine.fr\/573\/9782332605573_1_v.jpg"},"orderable":true,"show_badge":true,"formatted_price":"12,00&nbsp;\u20ac","formatted_published_date":"17 septembre 2013","publisher_availability_label":"Sur commande","short_details":"Heme \u2014 Edilivre","translator":null,"weight":127,"page_count":98,"readership":null,"editor":"Edilivre","price":1200,"published_date":"2013-09-16T22:00:00.000000Z","support":"Grand format","publisher_availability":1,"stock":0,"editions":[],"url":"https:\/\/quaidesbrumes.com\/ouvrage\/9782332605573\/lencre-de-lumiere"},{"id":"9791029001253","title":"Comme l'eau","description":"Les fleurs de la cr\u00e9ation sont \u00e0 l'image de la rose du Petit Prince. Cette rose humect\u00e9e de la fra\u00eecheur de la nuit \u00e9tait une amie profonde et myst\u00e9rieuse avec un horizon de tendresse et de po\u00e9sie. Un univers magique constell\u00e9 d'amour, de confiance, de spontan\u00e9it\u00e9, voil\u00e0 de quoi se rapproche ce recueil. Bonne lecture mes amis voyagez sur notre plan\u00e8te terre et oubliez le reste !","authors":["Patrick Bonnet","Joyce Serri\u00e8re"],"category_codes":["1000000","1090000"],"visuals":{"large":"https:\/\/images.epagine.fr\/253\/9791029001253_1_75.jpg","medium":"https:\/\/images.epagine.fr\/253\/9791029001253_1_m.jpg","thumbnail":"https:\/\/images.epagine.fr\/253\/9791029001253_1_v.jpg"},"orderable":true,"show_badge":true,"formatted_price":"11,00&nbsp;\u20ac","formatted_published_date":"4 septembre 2014","publisher_availability_label":"Sur commande","short_details":"Patrick Bonnet, Joyce Serri\u00e8re \u2014 CHAPITRE.COM","translator":null,"weight":64,"page_count":60,"readership":null,"editor":"CHAPITRE.COM","price":1100,"published_date":"2014-09-03T22:00:00.000000Z","support":"Grand format","publisher_availability":1,"stock":0,"editions":[],"url":"https:\/\/quaidesbrumes.com\/ouvrage\/9791029001253\/comme-leau"},{"id":"9782354852191","title":"Moi ce que j'en dis...","description":"Dans ce recueil de po\u00e9sies \u00e9clectiques, Guillaume Gevrey puise son inspiration dans un v\u00e9cu peu banal, et nous livre, \u00e0 partir de son exp\u00e9rience de la rue, sa vision d'un monde marginal mais profond\u00e9ment humain, son exp\u00e9rience d'une vie faite d'amour, d'incertitudes, de solitude et de r\u00e9voltes.\r\n\r\nAvec des mots simples, bruts et ancr\u00e9s dans la r\u00e9alit\u00e9, l'auteur nous entra\u00eene dans un univers empli d'\u00e9motions mais d\u00e9nu\u00e9 d'artifices, laissant transpara\u00eetre de-ci de-l\u00e0 des lueurs d'espoir, un courage in\u00e9galable et une foi en l'avenir.\r\n\r\n\u00ab Moi ce que j'en dis \u00bb est une po\u00e9sie tant\u00f4t virulente et r\u00e9volt\u00e9e, tant\u00f4t douce et tendre, \u00e0 l'image de la vie.","authors":["Guillaume Grevey"],"category_codes":["1000000","1090000"],"visuals":{"large":"https:\/\/images.epagine.fr\/191\/9782354852191_1_75.jpg","medium":"https:\/\/images.epagine.fr\/191\/9782354852191_1_m.jpg","thumbnail":"https:\/\/images.epagine.fr\/191\/9782354852191_1_v.jpg"},"orderable":true,"show_badge":true,"formatted_price":"13,00&nbsp;\u20ac","formatted_published_date":"1er mars 2011","publisher_availability_label":"Sur commande","short_details":"Guillaume Grevey \u2014 JETS D'ENCRE","translator":null,"weight":60,"page_count":70,"readership":null,"editor":"JETS D'ENCRE","price":1300,"published_date":"2011-02-28T23:00:00.000000Z","support":"Grand format","publisher_availability":1,"stock":0,"editions":[],"url":"https:\/\/quaidesbrumes.com\/ouvrage\/9782354852191\/moi-ce-que-jen-dis"},{"id":"9791090150287","title":"Le livre des saisons","description":"Est-il plus beau cadeau d'anniversaire de mariage qu'offrir \u00e0 son \u00e9pouse une lecture en commun, amoureuse et en vers, de sa vie de couple ? C'est ce que tu fais ici, tr\u00e8s cher Khris...\r\nJe suis heureux de pouvoir y contribuer !\r\nStellamaris","authors":["Khris Anthelme"],"category_codes":["1000000","1090000"],"visuals":{"large":"https:\/\/images.epagine.fr\/287\/9791090150287_1_75.jpg","medium":"https:\/\/images.epagine.fr\/287\/9791090150287_1_m.jpg","thumbnail":"https:\/\/images.epagine.fr\/287\/9791090150287_1_v.jpg"},"orderable":true,"show_badge":true,"formatted_price":"10,00&nbsp;\u20ac","formatted_published_date":"2 janvier 2013","publisher_availability_label":"Sur commande","short_details":"Khris Anthelme \u2014 Stellamaris","translator":null,"weight":35,"page_count":45,"readership":null,"editor":"Stellamaris","price":1000,"published_date":"2013-01-01T23:00:00.000000Z","support":"Grand format","publisher_availability":1,"stock":0,"editions":[],"url":"https:\/\/quaidesbrumes.com\/ouvrage\/9791090150287\/le-livre-des-saisons"},{"id":"9782845622104","title":"Mer interieure","description":null,"authors":["Rapha\u00ebl Monticelli"],"category_codes":["1000000","1090000"],"visuals":{"large":"https:\/\/images.epagine.fr\/104\/9782845622104_1_75.jpg","medium":"https:\/\/images.epagine.fr\/104\/9782845622104_1_m.jpg","thumbnail":"https:\/\/images.epagine.fr\/104\/9782845622104_1_v.jpg"},"orderable":true,"show_badge":true,"formatted_price":"10,00&nbsp;\u20ac","formatted_published_date":"11 mars 2013","publisher_availability_label":"Sur commande","short_details":"Rapha\u00ebl Monticelli \u2014 La Passe Du Vent","translator":null,"weight":200,"page_count":null,"readership":null,"editor":"La Passe Du Vent","price":1000,"published_date":"2013-03-10T23:00:00.000000Z","support":"Grand format","publisher_availability":1,"stock":0,"editions":[],"url":"https:\/\/quaidesbrumes.com\/ouvrage\/9782845622104\/mer-interieure"}]}