{"data":[{"id":"9782952594103","title":"Les yeux de la nuit","description":null,"authors":["Micheleg"],"category_codes":["1000000","1090000"],"visuals":{"large":"https:\/\/images.epagine.fr\/103\/9782952594103_1_75.jpg","medium":"https:\/\/images.epagine.fr\/103\/9782952594103_1_m.jpg","thumbnail":"https:\/\/images.epagine.fr\/103\/9782952594103_1_v.jpg"},"orderable":true,"show_badge":true,"formatted_price":"15,00&nbsp;\u20ac","formatted_published_date":"1er ao\u00fbt 2006","publisher_availability_label":"Sur commande","short_details":"Micheleg \u2014 Communication.Fr","translator":null,"weight":200,"page_count":null,"readership":null,"editor":"Communication.Fr","price":1500,"published_date":"2006-07-31T22:00:00.000000Z","support":"Grand format","publisher_availability":1,"stock":0,"editions":[],"url":"https:\/\/quaidesbrumes.com\/ouvrage\/9782952594103\/les-yeux-de-la-nuit"},{"id":"9782354853037","title":"Incandescences","description":"Comme un volcan qui explose, Alain Graz jette sur la feuille sa vision clair-obscur de la vie, faite d\u00b4espoir et d\u00b4enthousiasme, de fragilit\u00e9 et de fatalit\u00e9, et entra\u00eene le lecteur dans cette coul\u00e9e de mots qui fige l\u00b4instant avant qu\u00b4il ne se poursuive, in\u00e9luctablement. Avec une infinie douceur et beaucoup de sensibilit\u00e9, il \u00e9voque l\u00b4effroi de la perte d\u00b4un \u00eatre cher, le d\u00e9sespoir du noir, le temps qui passe et qui marque, et livre une po\u00e9sie intimiste et profonde, d\u00b4o\u00f9 se d\u00e9gage un \u00e9mouvant optimisme.\r","authors":["Alain Graz"],"category_codes":["1000000","1090000"],"visuals":{"large":"https:\/\/images.epagine.fr\/037\/9782354853037_1_75.jpg","medium":"https:\/\/images.epagine.fr\/037\/9782354853037_1_m.jpg","thumbnail":"https:\/\/images.epagine.fr\/037\/9782354853037_1_v.jpg"},"orderable":true,"show_badge":true,"formatted_price":"13,50&nbsp;\u20ac","formatted_published_date":"1er mai 2012","publisher_availability_label":"Sur commande","short_details":"Alain Graz \u2014 JETS D'ENCRE","translator":null,"weight":80,"page_count":94,"readership":null,"editor":"JETS D'ENCRE","price":1350,"published_date":"2012-04-30T22:00:00.000000Z","support":"Grand format","publisher_availability":1,"stock":0,"editions":[],"url":"https:\/\/quaidesbrumes.com\/ouvrage\/9782354853037\/incandescences"},{"id":"9782849212387","title":"Cicatrures","description":"La Po\u00e9sie au service de la Vie. Cicatrures... entre cicatrices et blessures. Un jour comme un autre - c'est ce que l'on croit - la vie bascule en un instant. Tout se fige, s'obscurcit. On apprend l'insoutenable. R\u00e9volte, terreur, col\u00e8re, tristesse, doute, patience, espoir, confiance, sourire, soif de vivre jalonnent le r\u00e9cit de ce long voyage atypique que l'auteur nous livre en guise d'hymne \u00e0 la vie.\r","authors":["Myriam Baldacci"],"category_codes":["1000000","1090000"],"visuals":{"large":"https:\/\/images.epagine.fr\/387\/9782849212387_1_75.jpg","medium":"https:\/\/images.epagine.fr\/387\/9782849212387_1_m.jpg","thumbnail":"https:\/\/images.epagine.fr\/387\/9782849212387_1_v.jpg"},"orderable":true,"show_badge":true,"formatted_price":"10,00&nbsp;\u20ac","formatted_published_date":"28 mars 2012","publisher_availability_label":"Sur commande","short_details":"Myriam Baldacci \u2014 Editions Thot","translator":null,"weight":75,"page_count":46,"readership":null,"editor":"Editions Thot","price":1000,"published_date":"2012-03-27T22:00:00.000000Z","support":"Grand format","publisher_availability":1,"stock":0,"editions":[],"url":"https:\/\/quaidesbrumes.com\/ouvrage\/9782849212387\/cicatrures"},{"id":"9782810611287","title":"L'\u00e2me des \u00e2ges","description":"Ces po\u00e9sies \u00e9voquent la vie dans son aspect mythique et spirituel. Ce recueil commence d'abord par la Gen\u00e8se et l'ivresse de la cr\u00e9ation, puis suit la tristesse de la \u00ab Nuit obscure \u00bb, th\u00e8me d\u00e9velopp\u00e9 chez Saint Jean de la Croix.  Le  livre se termine sur une nouvelle qu\u00eate : l'id\u00e9al d'une vie simple et la recherche \u00e9sot\u00e9rique ou mystique.\r","authors":["Anne Cristini-fanlo"],"category_codes":["1000000","1090000"],"visuals":{"large":"https:\/\/images.epagine.fr\/287\/9782810611287_1_75.jpg","medium":"https:\/\/images.epagine.fr\/287\/9782810611287_1_m.jpg","thumbnail":"https:\/\/images.epagine.fr\/287\/9782810611287_1_v.jpg"},"orderable":true,"show_badge":true,"formatted_price":"8,00&nbsp;\u20ac","formatted_published_date":"25 mai 2010","publisher_availability_label":"Sur commande","short_details":"Anne Cristini-fanlo \u2014 Books on Demand","translator":null,"weight":125,"page_count":84,"readership":null,"editor":"Books on Demand","price":800,"published_date":"2010-05-24T22:00:00.000000Z","support":"Grand format","publisher_availability":1,"stock":0,"editions":[],"url":"https:\/\/quaidesbrumes.com\/ouvrage\/9782810611287\/lame-des-ages"},{"id":"9782296552425","title":"Joue, je pense \u00e0 toi","description":"B\u00e9b\u00e9, tes parents redorment enfin. Inventons pour toi un po\u00e8me jailli du simple bruit. A tes yeux le monde n'est qu'un jeu. Je suis ton oncle \u00e0 la barbe violette et j'\u00e9cris ce que tu ne liras pas. Jouons.\r","authors":["Eric Humbertclaude"],"category_codes":["1000000","1090000"],"visuals":{"large":"https:\/\/images.epagine.fr\/425\/9782296552425_1_75.jpg","medium":"https:\/\/images.epagine.fr\/425\/9782296552425_1_m.jpg","thumbnail":"https:\/\/images.epagine.fr\/425\/9782296552425_1_v.jpg"},"orderable":true,"show_badge":true,"formatted_price":"11,00&nbsp;\u20ac","formatted_published_date":"28 septembre 2011","publisher_availability_label":"Sur commande","short_details":"Eric Humbertclaude \u2014 \u00c9ditions L'Harmattan","translator":null,"weight":110,"page_count":60,"readership":null,"editor":"\u00c9ditions L'Harmattan","price":1100,"published_date":"2011-09-27T22:00:00.000000Z","support":"Grand format","publisher_availability":1,"stock":0,"editions":[],"url":"https:\/\/quaidesbrumes.com\/ouvrage\/9782296552425\/joue-je-pense-a-toi"},{"id":"9782353714940","title":"Les carnets de guerre d'Alfred B\u00e9n\u00e9zech (1914-1918)","description":"Alfred B\u00e9n\u00e9zech a 25 ans quand il quitte son village de Mudaison, pr\u00e8s de Montpellier, pour \u00eatre mobilis\u00e9 le 3 Ao\u00fbt 1914 au 141\u00e8me r\u00e9giment d'infanterie. Soldat puis brancardier, il va de la Meuse \u00e0 la Marne, de Verdun \u00e0 Nieuport ou Beacon (Belgique), du bois de Malancourt au bois de Margival... D'ao\u00fbt 14 \u00e0 juillet 19, il tient son carnet de guerre. On ne peut pas dire inlassablement parce que lassitude il y a. Alfred est de ces taiseux qui se disent parfois. De ceux dont il faut \u00e9couter aussi les silences.\r\nEt puis il y a les autres, les Barbusse, Genevoix, Giono... Ceux dont c'est le m\u00e9tier d'\u00e9crire. Ceux qui savent poser les mots l\u00e0 o\u00f9 leurs compagnons d'infortune scellent leurs l\u00e8vres, retiennent leurs doigts.\r\nJ'ai voulu croiser ces voix, l'une en compl\u00e9ment de l'autre. Il n'y a pas d'hommes illustres qui \u00e9crivent la guerre. Il y a ceux qui disent et ceux qui disent peu. Ici r\u00e9unis, dialoguant presque, au nom de tous ceux qui n'ont pu dire.\r","authors":["Michel C\u00e9c\u00e9"],"category_codes":["1000000","1090000"],"visuals":{"large":"https:\/\/images.epagine.fr\/940\/9782353714940_1_75.jpg","medium":"https:\/\/images.epagine.fr\/940\/9782353714940_1_m.jpg","thumbnail":"https:\/\/images.epagine.fr\/940\/9782353714940_1_v.jpg"},"orderable":true,"show_badge":true,"formatted_price":"16,00&nbsp;\u20ac","formatted_published_date":"15 mars 2014","publisher_availability_label":"Sur commande","short_details":"Michel C\u00e9c\u00e9 \u2014 Lucie","translator":null,"weight":210,"page_count":160,"readership":null,"editor":"Lucie","price":1600,"published_date":"2014-03-14T23:00:00.000000Z","support":"Grand format","publisher_availability":1,"stock":0,"editions":[],"url":"https:\/\/quaidesbrumes.com\/ouvrage\/9782353714940\/les-carnets-de-guerre-dalfred-benezech-1914-1918"},{"id":"9782336000985","title":"N\u00e9buleuse de larmes","description":"Dans ce recueil, l'auteur crie, agit contre les forces n\u00e9fastes de l'angoisse et de l'inqui\u00e9tude qui tourmente le monde. C'est dans son rapport \u00e0 soi le plus singulier qu'il veut r\u00e9inventer l'universel \u00e0 sa mani\u00e8re. Son langage po\u00e9tique se mod\u00e8le sur l'\u00e9coulement d'un fleuve. Il aime l'ampleur, l'adagio et soutient m\u00eame que la lenteur est le d\u00e9veloppement de toutes choses, de la fleur \u00e0 la lumi\u00e8re... Le fil conducteur qui relie ses po\u00e8mes porte l'empreinte des symboles et d'une sensualit\u00e9 profonde.\r","authors":["Joseph franck Bonny"],"category_codes":["1000000","1090000"],"visuals":{"large":"https:\/\/images.epagine.fr\/985\/9782336000985_1_75.jpg","medium":"https:\/\/images.epagine.fr\/985\/9782336000985_1_m.jpg","thumbnail":"https:\/\/images.epagine.fr\/985\/9782336000985_1_v.jpg"},"orderable":true,"show_badge":true,"formatted_price":"13,00&nbsp;\u20ac","formatted_published_date":"5 d\u00e9cembre 2012","publisher_availability_label":"Sur commande","short_details":"Joseph franck Bonny \u2014 \u00c9ditions L'Harmattan","translator":null,"weight":140,"page_count":102,"readership":null,"editor":"\u00c9ditions L'Harmattan","price":1300,"published_date":"2012-12-04T23:00:00.000000Z","support":"Grand format","publisher_availability":1,"stock":0,"editions":[],"url":"https:\/\/quaidesbrumes.com\/ouvrage\/9782336000985\/nebuleuse-de-larmes"},{"id":"9782342019315","title":"Regards d'un passant","description":"\u00ab\u00a0Il pleut, L'\u00e9quateur fume. Les tropiques tremblent, Les bornes de la terre se dessinent. Les filigranes du soleil apparaissent Et l'ombre du vent fuit, Tout se volatilise. Je me pose sur une vague Pour escalader les cieux. Chute libre jusqu'aux enfers Je prends les ailes de l'aurore Une plume br\u00fble. Je marche encha\u00een\u00e9 vers le d\u00e9sespoir, Temple du doute.\u00a0\u00bb D'une prose hant\u00e9e \u00e0 une plume militante, Milandu-Bashinga nous conte le voyage d'une \u00e2me meurtrie. Entre ombre et lumi\u00e8re, l'orphelin des \"Regards d'un passant\" orchestre dans \"Le chant du feu\" l'amour filial de la m\u00e8re Afrique. Une partition multiple qui, du nihilisme \u00e0 la r\u00e9volte, embrasse l'intime et l'universel.\r","authors":["Milandu-Bashinga"],"category_codes":["1000000","1090000"],"visuals":{"large":"https:\/\/images.epagine.fr\/315\/9782342019315_1_75.jpg","medium":"https:\/\/images.epagine.fr\/315\/9782342019315_1_m.jpg","thumbnail":"https:\/\/images.epagine.fr\/315\/9782342019315_1_v.jpg"},"orderable":true,"show_badge":true,"formatted_price":"14,00&nbsp;\u20ac","formatted_published_date":"18 mars 2014","publisher_availability_label":"Sur commande","short_details":"Milandu-Bashinga \u2014 Societe Des Ecrivains","translator":null,"weight":0,"page_count":88,"readership":null,"editor":"Societe Des Ecrivains","price":1400,"published_date":"2014-03-17T23:00:00.000000Z","support":"Grand format","publisher_availability":1,"stock":0,"editions":[],"url":"https:\/\/quaidesbrumes.com\/ouvrage\/9782342019315\/regards-dun-passant"},{"id":"9782810611317","title":"Trou noir","description":"Tandis que le soleil couchant empourpre l'horizon, je confie mon destin \u00e0 la tigresse noire aux yeux vert \u00e9meraude dont la bouche lippue ensorcelle ma verge et me donne l'envie de combattre l'arrogante ch\u00e2telaine qui d\u00e9fait son manteau \u00e0 col de chinchilla pour allaiter en string un enfant trisomique.\r\n\r\nAlors, sous le regard haineux d'une svelte lesbienne, j'encourage le farouche dompteur qui sodomise au bord de la falaise une garce aux longs cheveux roux dont le tatouage, ornant la fesse gauche, ressemble \u00e0 s'y m\u00e9prendre \u00e0 celui de ma bru.\r","authors":["Camille de Archangelis"],"category_codes":["1000000","1090000"],"visuals":{"large":"https:\/\/images.epagine.fr\/317\/9782810611317_1_75.jpg","medium":"https:\/\/images.epagine.fr\/317\/9782810611317_1_m.jpg","thumbnail":"https:\/\/images.epagine.fr\/317\/9782810611317_1_v.jpg"},"orderable":true,"show_badge":true,"formatted_price":"8,50&nbsp;\u20ac","formatted_published_date":"26 mai 2010","publisher_availability_label":"Sur commande","short_details":"Camille de Archangelis \u2014 Books on Demand","translator":null,"weight":105,"page_count":60,"readership":null,"editor":"Books on Demand","price":850,"published_date":"2010-05-25T22:00:00.000000Z","support":"Grand format","publisher_availability":1,"stock":0,"editions":[],"url":"https:\/\/quaidesbrumes.com\/ouvrage\/9782810611317\/trou-noir"},{"id":"9782336001227","title":"Lettres \u00e0 une g\u00e9n\u00e9ration sacrifi\u00e9e","description":"L'auteur, a pris la plume pour les bannis afin qu'ils soient r\u00e9habilit\u00e9s et pour les d\u00e9sh\u00e9rit\u00e9s afin de leur donner un h\u00e9ritage : sa parole enrichissante ! Lettres \u00e0 une g\u00e9n\u00e9ration sacrifi\u00e9e est un vibrant \u00e9cho \u00e0 la souffrance de son peuple et de l'humanit\u00e9 enti\u00e8re. Ses textes sont autant une instigation \u00e0 un combat pacifique au service du changement et du progr\u00e8s qu'un appel \u00e0 la m\u00e9ditation sur la destin\u00e9e, tant individuelle que collective.\r","authors":["Moise Feunkam Talla"],"category_codes":["1000000","1090000"],"visuals":{"large":"https:\/\/images.epagine.fr\/227\/9782336001227_1_75.jpg","medium":"https:\/\/images.epagine.fr\/227\/9782336001227_1_m.jpg","thumbnail":"https:\/\/images.epagine.fr\/227\/9782336001227_1_v.jpg"},"orderable":true,"show_badge":true,"formatted_price":"12,50&nbsp;\u20ac","formatted_published_date":"10 d\u00e9cembre 2012","publisher_availability_label":"Sur commande","short_details":"Moise Feunkam Talla \u2014 \u00c9ditions L'Harmattan","translator":null,"weight":120,"page_count":null,"readership":null,"editor":"\u00c9ditions L'Harmattan","price":1250,"published_date":"2012-12-09T23:00:00.000000Z","support":"Grand format","publisher_availability":1,"stock":0,"editions":[],"url":"https:\/\/quaidesbrumes.com\/ouvrage\/9782336001227\/lettres-a-une-generation-sacrifiee"},{"id":"9791090150034","title":"Histoires d'Armor et d'Argoat","description":"Champ d'\u00e9cueils jusqu'\u00e0 l'horizon...\r\nL\u00e0, la mer n'est que d\u00e9raison,\r\nVois ces naufrages \u00e0 foison !\r\nCar ci-g\u00eet Ys, ville engloutie\r\n\r\nPar les eaux. Mal\u00e9diction\r\nTragique et sans r\u00e9mission,\r\nCar c'est l'abomination :\r\nDahud, qu'\u00e0 jamais l'on ch\u00e2tie ?\r\n\r\nMensonges de tristes d\u00e9vots\r\n\u00c9mis, aux temps m\u00e9di\u00e9vaux\r\nPar les clercs, recteurs et pr\u00e9v\u00f4ts,\r\nCette v\u00e9rit\u00e9 travestie !\r\n\r\nAh\u00e8s choisit les flots pour sceaux\r\nPour la garder de tous assauts.\r\nCes rochers sont ses colossaux\r\nRemparts ; Vois, elle en est sertie !","authors":["Stellamaris"],"category_codes":["1000000","1090000"],"visuals":{"large":"https:\/\/images.epagine.fr\/034\/9791090150034_1_75.jpg","medium":"https:\/\/images.epagine.fr\/034\/9791090150034_1_m.jpg","thumbnail":"https:\/\/images.epagine.fr\/034\/9791090150034_1_v.jpg"},"orderable":true,"show_badge":true,"formatted_price":"23,00&nbsp;\u20ac","formatted_published_date":"12 juillet 2013","publisher_availability_label":"Sur commande","short_details":"Stellamaris \u2014 Stellamaris","translator":null,"weight":200,"page_count":140,"readership":null,"editor":"Stellamaris","price":2300,"published_date":"2013-07-11T22:00:00.000000Z","support":"Grand format","publisher_availability":1,"stock":0,"editions":[],"url":"https:\/\/quaidesbrumes.com\/ouvrage\/9791090150034\/histoires-darmor-et-dargoat"},{"id":"9782296131453","title":"Bariol\u00e9e","description":"\"Les termes les plus ad\u00e9quats pour d\u00e9crire la po\u00e9sie de Riri Sylvia Manor semblent \u00eatre: authenticit\u00e9, fra\u00eecheur, innocence.Ce qui est \u00e9tonnant dans sa po\u00e9sie,c'est sa capacit\u00e9 \u00e0 transformer tout ce qu'elle effleure, de r\u00e9el et individuel en ce quelque chose d'imaginaire, qui, tenant du domaine de la po\u00e9sie, est un cadeau offert \u00e0 tout le monde.\" Irina Mavrodin\r","authors":["Riri sylvia Manor","Irina Mavrodin"],"category_codes":["1000000","1090000"],"visuals":{"large":"https:\/\/images.epagine.fr\/453\/9782296131453_1_75.jpg","medium":"https:\/\/images.epagine.fr\/453\/9782296131453_1_m.jpg","thumbnail":"https:\/\/images.epagine.fr\/453\/9782296131453_1_v.jpg"},"orderable":true,"show_badge":true,"formatted_price":"12,00&nbsp;\u20ac","formatted_published_date":"1er juin 2011","publisher_availability_label":"Sur commande","short_details":"Riri sylvia Manor, Irina Mavrodin \u2014 \u00c9ditions L'Harmattan","translator":"IRINA MAVRODIN","weight":125,"page_count":92,"readership":null,"editor":"\u00c9ditions L'Harmattan","price":1200,"published_date":"2011-05-31T22:00:00.000000Z","support":"Grand format","publisher_availability":1,"stock":0,"editions":[],"url":"https:\/\/quaidesbrumes.com\/ouvrage\/9782296131453\/bariolee"},{"id":"9782352100621","title":"L'appel ardent de Jean d'Arvor ; po\u00e8mes","description":"Vous avez entre les mains l'ultime recueil d'un homme qui aura toute sa vie vou\u00e9 \u00e0 la po\u00e9sie un culte fascin\u00e9. Enfant, alors qu'il travaillait d\u00e9j\u00e0 en usine, il s'est mis \u00e0 d\u00e9vorer les grands textes des auteurs du XIX\u00e8me et, \u00e0 l'or\u00e9e du XX\u00e8me,il a os\u00e9 franchir le pas : il a lui-m\u00eame \u00e9crit et propos\u00e9 ses po\u00e8mes aux diff\u00e9rentes acad\u00e9mies.Patrick Poivre d'Arvor Dans ce recueil de po\u00e9sies de Jean d'Arvor, on d\u00e9couvre un homme d'une extr\u00eame sensibilit\u00e9, grand amoureux de la nature et de la langue fran\u00e7aise.\r\n\r\nJean d'Arvor, est le grand-p\u00e8re maternel de Patrick Poivre d'Arvor. Cet homme de lettres, a initi\u00e9 son petit-fils \u00e0 la lecture, et lui a fait d\u00e9couvrir et aimer la po\u00e9sie.\r","authors":["Patrick Poivre d'arvor"],"category_codes":["1000000","1090000"],"visuals":{"large":"https:\/\/images.epagine.fr\/621\/9782352100621_1_75.jpg","medium":"https:\/\/images.epagine.fr\/621\/9782352100621_1_m.jpg","thumbnail":"https:\/\/images.epagine.fr\/621\/9782352100621_1_v.jpg"},"orderable":true,"show_badge":true,"formatted_price":"13,50&nbsp;\u20ac","formatted_published_date":"7 janvier 2011","publisher_availability_label":"Sur commande","short_details":"Patrick Poivre d'arvor \u2014 Melis","translator":null,"weight":160,"page_count":128,"readership":null,"editor":"Melis","price":1350,"published_date":"2011-01-06T23:00:00.000000Z","support":"Grand format","publisher_availability":1,"stock":0,"editions":[],"url":"https:\/\/quaidesbrumes.com\/ouvrage\/9782352100621\/lappel-ardent-de-jean-darvor-poemes"},{"id":"9791029000348","title":"L'envers p\u00e9otique","description":"Pourquoi \u00e9crire simplement ? Pourquoi ne pas jouer avec les mots ? Pourquoi ne pas utiliser des mots qui assembl\u00e9s, d\u00e9coup\u00e9s ou retourn\u00e9s cr\u00e9ent d'autres mots ? Pourquoi limiter les rimes aux derni\u00e8res syllabes des mots et phrases ? Pourquoi ne pas faire avec toutes ces possibilit\u00e9s des textes imaginaires et r\u00e9els autour de sujets actuels ? \r\nPourquoi illustrer simplement ces textes ? Pourquoi ne pas jouer aussi avec les lettres ? Pourquoi ne pas les d\u00e9former pour cr\u00e9er plus que des lettres ?\r\nPourquoi ne pas en faire d'autres figures et \u00e9l\u00e9ments ? Pourquoi ne pas profiter de ces cr\u00e9ations hasardeuses pour les lier aux diff\u00e9rents textes par le biais des titres ? \r\nPourquoi se compliquer ? Parce que faire simple n'aurait pas eu d'int\u00e9r\u00eat. \r\nPourquoi toutes ces questions ? Parce que les r\u00e9ponses sont dans ce livre.\r","authors":["Romain Parement"],"category_codes":["1000000","1090000"],"visuals":{"large":"https:\/\/images.epagine.fr\/348\/9791029000348_1_75.jpg","medium":"https:\/\/images.epagine.fr\/348\/9791029000348_1_m.jpg","thumbnail":"https:\/\/images.epagine.fr\/348\/9791029000348_1_v.jpg"},"orderable":true,"show_badge":true,"formatted_price":"12,00&nbsp;\u20ac","formatted_published_date":"27 mai 2014","publisher_availability_label":"Sur commande","short_details":"Romain Parement \u2014 CHAPITRE.COM","translator":null,"weight":144,"page_count":80,"readership":null,"editor":"CHAPITRE.COM","price":1200,"published_date":"2014-05-26T22:00:00.000000Z","support":"Grand format","publisher_availability":1,"stock":0,"editions":[],"url":"https:\/\/quaidesbrumes.com\/ouvrage\/9791029000348\/lenvers-peotique"},{"id":"9782981197092","title":"Envo\u00fbtements","description":"Envo\u00fbtements est un recueil de po\u00e8mes satiriques et \u00e9poustouflants.\r\nC'est \u00e0 une v\u00e9ritable odyss\u00e9e dans les m\u00e9andres des ingr\u00e9dients, senteurs, saveurs et asp\u00e9rit\u00e9s de la vie que nous invite l'auteur.\r\n\r\nEnvo\u00fbtements est une oeuvre de d\u00e9nonciations de tout ce qui avilit affreusement l'homme et son cadre de vie, de mani\u00e8re consciente et\/ou inconsciente. C'est un hymne sublime \u00e0 l'amour ainsi qu'une satire de la mort, la violence et la guerre ; un pamphlet contre la perversion de la vie !\r\n\r\nDans Envo\u00fbtements, \u00e0 travers la po\u00e9sie de leurs vers toniques, les morph\u00e8mes et paroles de l'auteur se substituent \u00e0 la voix de tous les sans voix pour leur redonner courage, m\u00eame dans les \u00e9preuves ; offrir de l'espoir aux \u00e2mes et coeurs meurtris par le quotidien pesant et les vicissitudes de l'existence.\r","authors":["Amidou cheick Soil\u00e9"],"category_codes":["1000000","1090000"],"visuals":{"large":"https:\/\/images.epagine.fr\/092\/9782981197092_1_75.jpg","medium":"https:\/\/images.epagine.fr\/092\/9782981197092_1_m.jpg","thumbnail":"https:\/\/images.epagine.fr\/092\/9782981197092_1_v.jpg"},"orderable":true,"show_badge":true,"formatted_price":"13,00&nbsp;\u20ac","formatted_published_date":"28 f\u00e9vrier 2012","publisher_availability_label":"Sur commande","short_details":"Amidou cheick Soil\u00e9 \u2014 Dhart","translator":null,"weight":132,"page_count":108,"readership":null,"editor":"Dhart","price":1300,"published_date":"2012-02-27T23:00:00.000000Z","support":"Grand format","publisher_availability":1,"stock":0,"editions":[],"url":"https:\/\/quaidesbrumes.com\/ouvrage\/9782981197092\/envoutements"},{"id":"9782368681466","title":"Ha\u00efkus 2","description":"Matin blanc de brume\r\nL'odeur du bois remis\u00e9\r\nP\u00e9n\u00e8tre le pull","authors":["Bernard Soubirous"],"category_codes":["1000000","1090000","1090700"],"visuals":{"large":"https:\/\/images.epagine.fr\/466\/9782368681466_1_75.jpg","medium":"https:\/\/images.epagine.fr\/466\/9782368681466_1_m.jpg","thumbnail":"https:\/\/images.epagine.fr\/466\/9782368681466_1_v.jpg"},"orderable":true,"show_badge":true,"formatted_price":"12,00&nbsp;\u20ac","formatted_published_date":"24 septembre 2013","publisher_availability_label":"Sur commande","short_details":"Bernard Soubirous \u2014 Stellamaris","translator":null,"weight":106,"page_count":159,"readership":null,"editor":"Stellamaris","price":1200,"published_date":"2013-09-23T22:00:00.000000Z","support":"Grand format","publisher_availability":1,"stock":0,"editions":[],"url":"https:\/\/quaidesbrumes.com\/ouvrage\/9782368681466\/haikus-2"},{"id":"9782343115634","title":"Fireplace","description":"Fireplace est un recueil de po\u00e9sie \u00e9crit \u00e0 Paris, o\u00f9 sont r\u00e9unis des textes plus ou moins anciens qui reprennent vie dans cette \u00e9dition. Comme on vient raviver les braises d'un foyer consum\u00e9 la veille pour faire rejaillir l'\u00e9clat d'un feu nouveau - tel un veilleur de vie - l'auteur se penche sur son pass\u00e9 pour mieux l'interroger. Ce recueil aborde les th\u00e8mes de la rencontre, qu'elle soit fortuite, sexuelle ou amoureuse et du vide qui habite les s\u00e9parations de ces moments de vie ou de lit. L'eau des averses ou celle des oc\u00e9ans se fait pr\u00e9sente pour \u00e9teindre la fougue des sentiments mal ma\u00eetris\u00e9s. Fireplace symbolise aussi la chaleur du foyer qu'on attise en hiver, celui au coin duquel la po\u00e9sie invite \u00e0 la r\u00e9interpr\u00e9tation et au renouveau.\r","authors":["David Lecomte"],"category_codes":["1000000","1090000"],"visuals":{"large":"https:\/\/images.epagine.fr\/634\/9782343115634_1_75.jpg","medium":"https:\/\/images.epagine.fr\/634\/9782343115634_1_m.jpg","thumbnail":"https:\/\/images.epagine.fr\/634\/9782343115634_1_v.jpg"},"orderable":true,"show_badge":true,"formatted_price":"11,00&nbsp;\u20ac","formatted_published_date":"13 mars 2017","publisher_availability_label":"Sur commande","short_details":"David Lecomte \u2014 \u00c9ditions L'Harmattan","translator":null,"weight":75,"page_count":54,"readership":null,"editor":"\u00c9ditions L'Harmattan","price":1100,"published_date":"2017-03-12T23:00:00.000000Z","support":"Grand format","publisher_availability":1,"stock":0,"editions":[],"url":"https:\/\/quaidesbrumes.com\/ouvrage\/9782343115634\/fireplace"},{"id":"9782350734965","title":"Instants magiques","description":"Apr\u00e8s ses romans, Jean-Marc Bonnel diversifie son talent et pr\u00e9sente des po\u00e8mes surr\u00e9alistes illustr\u00e9s par Rose-Marie Palun. Un livre \u00e0 la carte, 20 cartes postales d\u00e9tachables r\u00e9unies dans un livre. Instants magiques a obtenu le prix Litt\u00e9raire du Monde Francophone 2012.\r","authors":["Jean-marc Bonnel","Rose-marie Palun"],"category_codes":["1000000","1090000","1090600"],"visuals":{"large":"https:\/\/images.epagine.fr\/965\/9782350734965_1_75.jpg","medium":"https:\/\/images.epagine.fr\/965\/9782350734965_1_m.jpg","thumbnail":"https:\/\/images.epagine.fr\/965\/9782350734965_1_v.jpg"},"orderable":true,"show_badge":true,"formatted_price":"12,00&nbsp;\u20ac","formatted_published_date":"10 d\u00e9cembre 2012","publisher_availability_label":"Sur commande","short_details":"Jean-marc Bonnel, Rose-marie Palun \u2014 Presses Litteraires","translator":null,"weight":180,"page_count":40,"readership":null,"editor":"Presses Litteraires","price":1200,"published_date":"2012-12-09T23:00:00.000000Z","support":"Grand format","publisher_availability":1,"stock":0,"editions":[],"url":"https:\/\/quaidesbrumes.com\/ouvrage\/9782350734965\/instants-magiques"},{"id":"9782296995260","title":"Ivres d\u00e9lices","description":"Cet ouvrage est un r\u00eave ; celui, pour l'auteur, d'\u00e9crire de la po\u00e9sie. Il est la cons\u00e9cration de ses bruits longtemps \u00e9touff\u00e9s, enfin livr\u00e9s sur ces pages. La po\u00e8te nous invite au partage, \u00e0 travers ses rimes folles, elle nous livre ses impressions sur son quotidien et esp\u00e8re le repos ou l'\u00e9vasion du lecteur.\r","authors":["A\u00efcha Ly"],"category_codes":["1000000","1090000"],"visuals":{"large":"https:\/\/images.epagine.fr\/260\/9782296995260_1_75.jpg","medium":"https:\/\/images.epagine.fr\/260\/9782296995260_1_m.jpg","thumbnail":"https:\/\/images.epagine.fr\/260\/9782296995260_1_v.jpg"},"orderable":true,"show_badge":true,"formatted_price":"12,50&nbsp;\u20ac","formatted_published_date":"6 septembre 2012","publisher_availability_label":"Sur commande","short_details":"A\u00efcha Ly \u2014 \u00c9ditions L'Harmattan","translator":null,"weight":120,"page_count":88,"readership":null,"editor":"\u00c9ditions L'Harmattan","price":1250,"published_date":"2012-09-05T22:00:00.000000Z","support":"Grand format","publisher_availability":1,"stock":0,"editions":[],"url":"https:\/\/quaidesbrumes.com\/ouvrage\/9782296995260\/ivres-delices"},{"id":"9782855396651","title":"La victoire de Manasa. traduction fran\u00e7aise du Manasavijaya, po\u00eame bengali de Vipradasa","description":"\u00ab La victoire de Manasa \u00bb, Manasa Vijaya (1495) invite \u00e0 d\u00e9couvir, \u00e0 travers des \u00e9pisodes surprenants et des personnages vari\u00e9s, la cruelle fa\u00e7on dont s'y prend la d\u00e9esse des serpents pour \u00e9tablir son culte sur terre. Ce po\u00e8me bengali, destin\u00e9 \u00e0 la r\u00e9citation et au chant et qui appartient au genre litt\u00e9raire des mangalkavya, fait usage, \u00e0 c\u00f4t\u00e9 de mythes v\u00e9diques, \u00e9piques et puraniques, de th\u00e8mes emprunt\u00e9s au corpus des yogis natha. Il brosse un vaste et vivant tableau de la soci\u00e9t\u00e9 du Bengale m\u00e9di\u00e9val. Cette traduction int\u00e9grale, la premi\u00e8re dans une langue europ\u00e9enne, est accompagn\u00e9e d'une introduction, de commentaires, d'une bibliographie et de glossaires.By way of some surprising episodes that involve a multifarious range of characters, the Manasa Vijaya or Victory of Manasa (1495) portrays the cruel manner in which the Goddess of Serpents established a tradition of her worship in the world. This Bengali poem, intended for singing and recitation, belongs to the literary genre of the mangalkavya. Alongside Vedic, epic and Puranic myths, it borrows themes from the literature of Nath yogins, painting a large and vivid tableau of medieval Bengali society. This complete translation, the first into a European language, is accompanied by an introduction, notes, a bibliography and glossaries.\r","authors":["France Bhattacharya"],"category_codes":["1000000","1090000"],"visuals":{"large":"https:\/\/images.epagine.fr\/651\/9782855396651_1_75.jpg","medium":"https:\/\/images.epagine.fr\/651\/9782855396651_1_m.jpg","thumbnail":"https:\/\/images.epagine.fr\/651\/9782855396651_1_v.jpg"},"orderable":true,"show_badge":true,"formatted_price":"26,00&nbsp;\u20ac","formatted_published_date":"1er juin 2007","publisher_availability_label":"Sur commande","short_details":"France Bhattacharya \u2014 Ecole Francaise Extreme Orient","translator":null,"weight":850,"page_count":null,"readership":null,"editor":"Ecole Francaise Extreme Orient","price":2600,"published_date":"2007-05-31T22:00:00.000000Z","support":"Grand format","publisher_availability":1,"stock":0,"editions":[],"url":"https:\/\/quaidesbrumes.com\/ouvrage\/9782855396651\/la-victoire-de-manasa-traduction-francaise-du-manasavijaya-poeme-bengali-de-vipradasa"},{"id":"9782917826157","title":"Les arbres gonfl\u00e9s","description":null,"authors":["Lucie Dumas"],"category_codes":["1000000","1090000"],"visuals":{"large":"https:\/\/quaidesbrumes.com\/img\/book-placeholder.png","medium":"https:\/\/quaidesbrumes.com\/img\/book-placeholder.png","thumbnail":"https:\/\/quaidesbrumes.com\/img\/book-placeholder.png"},"orderable":true,"show_badge":true,"formatted_price":"11,00&nbsp;\u20ac","formatted_published_date":"26 d\u00e9cembre 2012","publisher_availability_label":"Sur commande","short_details":"Lucie Dumas \u2014 Vermifuge","translator":null,"weight":135,"page_count":null,"readership":null,"editor":"Vermifuge","price":1100,"published_date":"2012-12-25T23:00:00.000000Z","support":"Grand format","publisher_availability":1,"stock":0,"editions":[],"url":"https:\/\/quaidesbrumes.com\/ouvrage\/9782917826157\/les-arbres-gonfles"},{"id":"9782296558823","title":"La fable de l'ineffable ; tombeau de Gaston Miron (1928-1996)","description":"Gaston Miron (1928 - 1996) vient du Qu\u00e9bec. Po\u00e8te ayant su marquer une rupture radicale avec l'oeuvre de ses pr\u00e9d\u00e9cesseurs, Miron a incarn\u00e9 dans son pays la stature de po\u00e8te national. Vers\u00e9 dans la recherche de soi \u00e0 partir de l'humus national, sa po\u00e9sie se d\u00e9cline en miroirs nombreux, alternant constamment l'\u00eatre de l'homme et le noum\u00e8ne ancestral.\r","authors":["Fernando d' Almeida"],"category_codes":["1000000","1090000"],"visuals":{"large":"https:\/\/images.epagine.fr\/823\/9782296558823_1_75.jpg","medium":"https:\/\/images.epagine.fr\/823\/9782296558823_1_m.jpg","thumbnail":"https:\/\/images.epagine.fr\/823\/9782296558823_1_v.jpg"},"orderable":true,"show_badge":true,"formatted_price":"29,00&nbsp;\u20ac","formatted_published_date":"21 d\u00e9cembre 2011","publisher_availability_label":"Sur commande","short_details":"Fernando d' Almeida \u2014 \u00c9ditions L'Harmattan","translator":null,"weight":295,"page_count":274,"readership":null,"editor":"\u00c9ditions L'Harmattan","price":2900,"published_date":"2011-12-20T23:00:00.000000Z","support":"Grand format","publisher_availability":1,"stock":0,"editions":[],"url":"https:\/\/quaidesbrumes.com\/ouvrage\/9782296558823\/la-fable-de-lineffable-tombeau-de-gaston-miron-1928-1996"},{"id":"9782940410095","title":"Au fil du temps defunt","description":null,"authors":["Tuscher Angelique"],"category_codes":["1000000","1090000"],"visuals":{"large":"https:\/\/quaidesbrumes.com\/img\/book-placeholder.png","medium":"https:\/\/quaidesbrumes.com\/img\/book-placeholder.png","thumbnail":"https:\/\/quaidesbrumes.com\/img\/book-placeholder.png"},"orderable":true,"show_badge":true,"formatted_price":"20,00&nbsp;\u20ac","formatted_published_date":"30 octobre 2010","publisher_availability_label":"Sur commande","short_details":"Tuscher Angelique \u2014 La Maison Rose","translator":null,"weight":200,"page_count":null,"readership":null,"editor":"La Maison Rose","price":2000,"published_date":"2010-10-29T22:00:00.000000Z","support":"Grand format","publisher_availability":1,"stock":0,"editions":[],"url":"https:\/\/quaidesbrumes.com\/ouvrage\/9782940410095\/au-fil-du-temps-defunt"},{"id":"9782918908470","title":"Parfums d'\u00e9ternit\u00e9","description":null,"authors":["Eurydice Reinert Cen"],"category_codes":["1000000","1090000"],"visuals":{"large":"https:\/\/images.epagine.fr\/470\/9782918908470_1_75.jpg","medium":"https:\/\/images.epagine.fr\/470\/9782918908470_1_m.jpg","thumbnail":"https:\/\/images.epagine.fr\/470\/9782918908470_1_v.jpg"},"orderable":true,"show_badge":true,"formatted_price":"15,00&nbsp;\u20ac","formatted_published_date":"29 janvier 2012","publisher_availability_label":"Sur commande","short_details":"Eurydice Reinert Cen \u2014 Euryuniverse.Com","translator":null,"weight":200,"page_count":null,"readership":null,"editor":"Euryuniverse.Com","price":1500,"published_date":"2012-01-28T23:00:00.000000Z","support":"Revue","publisher_availability":1,"stock":0,"editions":[],"url":"https:\/\/quaidesbrumes.com\/ouvrage\/9782918908470\/parfums-deternite"}]}