{"data":[{"id":"9782874597824","title":"\u00e0 coeur ouvert","description":"\u00c0 coeur ouvert s'inspire de la vie \u00e0 la mani\u00e8re dont chacun de nous peut \u00eatre amen\u00e9 \u00e0 la vivre.\r\n\u00c0 la fois recueil d'\u00e9motions et de sentiments, de po\u00e9sies et de pens\u00e9es, ce livre est \u00e9crit avec simplicit\u00e9 et sinc\u00e9rit\u00e9, alliant authenticit\u00e9 et naturel.\r\nChacun des r\u00e9cits de vie, des po\u00e8mes et autres textes en tous genres qui s'y trouvent, s'inspirent de faits r\u00e9els, de moments v\u00e9cus, ou de r\u00e9flexions sur le monde et les \u00e9v\u00e8nements de notre \u00e9poque, certains heureux, d'autres tristes tout comme la vie peut \u00eatre parfois heureuse, et parfois triste.\r\n\u00c0 coeur ouvert est donc une mise \u00e0 nu, une fa\u00e7on de lib\u00e9rer les maux par les mots et de laisser son \u00e2me s'exprimer au plus profond d'elle-m\u00eame.\r","authors":["Athena Giove"],"category_codes":["1000000","1090000"],"visuals":{"large":"https:\/\/images.epagine.fr\/824\/9782874597824_1_75.jpg","medium":"https:\/\/images.epagine.fr\/824\/9782874597824_1_m.jpg","thumbnail":"https:\/\/images.epagine.fr\/824\/9782874597824_1_v.jpg"},"orderable":true,"show_badge":true,"formatted_price":"17,90&nbsp;\u20ac","formatted_published_date":"22 mai 2014","publisher_availability_label":"Sur commande","short_details":"Athena Giove \u2014 Chloe Des Lys","translator":null,"weight":150,"page_count":47,"readership":null,"editor":"Chloe Des Lys","price":1790,"published_date":"2014-05-21T22:00:00.000000Z","support":"Grand format","publisher_availability":1,"stock":0,"editions":[],"url":"https:\/\/quaidesbrumes.com\/ouvrage\/9782874597824\/a-coeur-ouvert"},{"id":"9791090120228","title":"Horizons dans la brume","description":null,"authors":["Jo Cassen"],"category_codes":["1000000","1090000"],"visuals":{"large":"https:\/\/quaidesbrumes.com\/img\/book-placeholder.png","medium":"https:\/\/quaidesbrumes.com\/img\/book-placeholder.png","thumbnail":"https:\/\/quaidesbrumes.com\/img\/book-placeholder.png"},"orderable":true,"show_badge":true,"formatted_price":"13,00&nbsp;\u20ac","formatted_published_date":"1er juillet 2014","publisher_availability_label":"Sur commande","short_details":"Jo Cassen \u2014 Editions Des Sourciers","translator":null,"weight":110,"page_count":null,"readership":null,"editor":"Editions Des Sourciers","price":1300,"published_date":"2014-06-30T22:00:00.000000Z","support":"Grand format","publisher_availability":1,"stock":0,"editions":[],"url":"https:\/\/quaidesbrumes.com\/ouvrage\/9791090120228\/horizons-dans-la-brume"},{"id":"9782915235340","title":"Je t apprendrais le verbe aimer","description":null,"authors":["Collectif"],"category_codes":["1000000","1090000"],"visuals":{"large":"https:\/\/quaidesbrumes.com\/img\/book-placeholder.png","medium":"https:\/\/quaidesbrumes.com\/img\/book-placeholder.png","thumbnail":"https:\/\/quaidesbrumes.com\/img\/book-placeholder.png"},"orderable":true,"show_badge":true,"formatted_price":"18,00&nbsp;\u20ac","formatted_published_date":"11 d\u00e9cembre 2006","publisher_availability_label":"Sur commande","short_details":"Collectif \u2014 Encre Et Lumiere","translator":null,"weight":250,"page_count":null,"readership":null,"editor":"Encre Et Lumiere","price":1800,"published_date":"2006-12-10T23:00:00.000000Z","support":"Grand format","publisher_availability":1,"stock":0,"editions":[],"url":"https:\/\/quaidesbrumes.com\/ouvrage\/9782915235340\/je-t-apprendrais-le-verbe-aimer"},{"id":"9782940393213","title":"Ballades au divin, po\u00e8mes","description":"Ballades au Divin, Po\u00e8mesL'oeuvre po\u00e9tique du Dr. Shuddhananda Bharati prolonge sa qu\u00eate spirituelle. Pour lui, \u00ab le Po\u00e8te est un messager de la V\u00e9rit\u00e9 et de la vie harmonieuse. Sa parole cr\u00e9atrice ouvre les yeux humains \u00e0 la vision du Divin en l'homme. \u00bbLe recueil Ballades au Divin, troisi\u00e8me tome de La Po\u00e9sie de l'\u00e9nergie spirituelle, r\u00e9unit les po\u00e8mes \u00e9crits en fran\u00e7ais par le Yogi Shuddhananda Bharati.La ballade est un po\u00e8me lyrique compos\u00e9 g\u00e9n\u00e9ralement de trois strophes \u00e0 la forme identique (souvent 8 ou 10 vers, avec un refrain et des rimes r\u00e9parties selon la structure ababbcbc ou ababbccdcd) et d'une demi-strophe appel\u00e9e envoi, qui reprend les derni\u00e8res rimes et le refrain. Les contraintes formelles, qui exigent du po\u00e8te une grande virtuosit\u00e9, servent \u00e0 cr\u00e9er divers effets. Ainsi, les rimes dispos\u00e9es selon un ordre pr\u00e9d\u00e9termin\u00e9 conf\u00e8rent au po\u00e8me une unit\u00e9 sonore et peuvent aussi tisser des liens s\u00e9mantiques entre les mots qu'elles rapprochent. D'autre part, le refrain n'est pas l\u00e0 seulement pour \u00e9quilibrer le po\u00e8me, mais surtout pour en marquer l'id\u00e9e ou le th\u00e8me.Les douze Ballades au Divin publi\u00e9es ici proviennent d'une suite num\u00e9rot\u00e9e jusqu'\u00e0 80, dont les autres textes ont malheureusement disparu. Les 83 Po\u00e8mes varient par la forme (rime, m\u00e9trique) et la longueur (de 8 \u00e0 56 vers). Certains portent un titre identique ou voisin. Neuf sont sign\u00e9s \u00ab Radhananda \u00bb.Jean Herbert et Romain Rolland ont appr\u00e9ci\u00e9 les po\u00e8mes du Yogi. \u00ab Vos po\u00e8mes r\u00e9v\u00e8lent l'inspiration divine et la r\u00e9alisation yogique. Le temps viendra o\u00f9 ils seront reconnus de l'Est \u00e0 l'Ouest \u00bb, \u00e9crit Romain Rolland en 1940.","authors":["Shuddhananda Bharati"],"category_codes":["1000000","1090000","1090600"],"visuals":{"large":"https:\/\/images.epagine.fr\/213\/9782940393213_1_75.jpg","medium":"https:\/\/images.epagine.fr\/213\/9782940393213_1_m.jpg","thumbnail":"https:\/\/images.epagine.fr\/213\/9782940393213_1_v.jpg"},"orderable":true,"show_badge":true,"formatted_price":"17,50&nbsp;\u20ac","formatted_published_date":"7 janvier 2011","publisher_availability_label":"Sur commande","short_details":"Shuddhananda Bharati \u2014 Assa","translator":null,"weight":200,"page_count":null,"readership":null,"editor":"Assa","price":1750,"published_date":"2011-01-06T23:00:00.000000Z","support":"Grand format","publisher_availability":1,"stock":0,"editions":[],"url":"https:\/\/quaidesbrumes.com\/ouvrage\/9782940393213\/ballades-au-divin-poemes"},{"id":"9782940478590","title":"Parlez, je vous \u00e9coute","description":"\u00ab . La voix de Vah\u00e9 Godel se fait de plus en plus grave, de plus en plus ferme. Ses livres ne ressemblent \u00e0 plus rien de ce qui s'\u00e9crit aujourd'hui. Une sorte de coul\u00e9e lumineuse, parfois hallucin\u00e9e, o\u00f9 jouent le g\u00e9nie multiple du mot, la stupeur d'\u00eatre, la merveille des formes et des corps, la rh\u00e9torique encore, le r\u00eave, la mort. Il faut sans doute aller chez les peintres, du c\u00f4t\u00e9 de Pollock ou de Mark Tobey, pour trouver une analogie \u00e0 cette interjection extatique et parfaitement mat\u00e9rielle.\r\nLa po\u00e9sie de Vah\u00e9 Godel, jaillie depuis une quarantaine d'ann\u00e9es dans un jet constant et muscl\u00e9, c'est \u00e0 la fois la flamme, le feu profond, la source ininterrompue de l'instant, et l'\u00e9l\u00e9gie admirable de l'Arm\u00e9nie. La folie arm\u00e9nienne de Godel a f\u00e9cond\u00e9 son inspiration premi\u00e8re. Il en r\u00e9sulte une oeuvre unique, belle, audacieuse. \u00bb Jacques CHESSEX (Le Nouveau Quotidien, Lausanne, 23 sept. 1993)\r","authors":["Vah\u00e9 Godel"],"category_codes":["1000000","1090000"],"visuals":{"large":"https:\/\/quaidesbrumes.com\/img\/book-placeholder.png","medium":"https:\/\/quaidesbrumes.com\/img\/book-placeholder.png","thumbnail":"https:\/\/quaidesbrumes.com\/img\/book-placeholder.png"},"orderable":true,"show_badge":true,"formatted_price":"30,00&nbsp;\u20ac","formatted_published_date":"1er janvier 2013","publisher_availability_label":"Sur commande","short_details":"Vah\u00e9 Godel \u2014 Editions De L'Aire","translator":null,"weight":601,"page_count":null,"readership":null,"editor":"Editions De L'Aire","price":3000,"published_date":"2012-12-31T23:00:00.000000Z","support":"Grand format","publisher_availability":1,"stock":0,"editions":[],"url":"https:\/\/quaidesbrumes.com\/ouvrage\/9782940478590\/parlez-je-vous-ecoute"},{"id":"9782810627110","title":"Alma mater","description":"Alma mater est le treizi\u00e8me recueil de po\u00e8mes et pens\u00e9es d'HIRAM.\r","authors":["Hiram"],"category_codes":["1000000","1090000"],"visuals":{"large":"https:\/\/images.epagine.fr\/110\/9782810627110_1_75.jpg","medium":"https:\/\/images.epagine.fr\/110\/9782810627110_1_m.jpg","thumbnail":"https:\/\/images.epagine.fr\/110\/9782810627110_1_v.jpg"},"orderable":true,"show_badge":true,"formatted_price":"12,00&nbsp;\u20ac","formatted_published_date":"2 janvier 2013","publisher_availability_label":"Sur commande","short_details":"Hiram \u2014 Books on Demand","translator":null,"weight":301,"page_count":144,"readership":null,"editor":"Books on Demand","price":1200,"published_date":"2013-01-01T23:00:00.000000Z","support":"Grand format","publisher_availability":1,"stock":0,"editions":[],"url":"https:\/\/quaidesbrumes.com\/ouvrage\/9782810627110\/alma-mater"},{"id":"9782918989011","title":"Mes souffles coupes par le milieu","description":null,"authors":["Roja Chamankar"],"category_codes":["1000000","1090000"],"visuals":{"large":"https:\/\/quaidesbrumes.com\/img\/book-placeholder.png","medium":"https:\/\/quaidesbrumes.com\/img\/book-placeholder.png","thumbnail":"https:\/\/quaidesbrumes.com\/img\/book-placeholder.png"},"orderable":true,"show_badge":true,"formatted_price":"7,00&nbsp;\u20ac","formatted_published_date":"20 septembre 2011","publisher_availability_label":"Sur commande","short_details":"Roja Chamankar \u2014 Minuscule","translator":null,"weight":40,"page_count":null,"readership":null,"editor":"Minuscule","price":700,"published_date":"2011-09-19T22:00:00.000000Z","support":"Grand format","publisher_availability":1,"stock":0,"editions":[],"url":"https:\/\/quaidesbrumes.com\/ouvrage\/9782918989011\/mes-souffles-coupes-par-le-milieu"},{"id":"9782322030576","title":"Dejos las ro\u00efnas ; s'abandona la sabla ; a la caressa dau vent ; sous les d\u00e9combres","description":"Po\u00e9sies en occitan et fran\u00e7ais, saupoudr\u00e9s de quelques mots d'arabe, d'anglais, d'espagnol et d'allemand. Vari\u00e9t\u00e9 quant \u00e0 la forme qui va de la prose po\u00e9tique \u00e0 l'alexandrin en passant par le vers libre, mais unit\u00e9 du fond qui est avant tout une recherche de soi-m\u00eame.\r","authors":["Monia Allaya"],"category_codes":["1000000","1090000"],"visuals":{"large":"https:\/\/images.epagine.fr\/576\/9782322030576_1_75.jpg","medium":"https:\/\/images.epagine.fr\/576\/9782322030576_1_m.jpg","thumbnail":"https:\/\/images.epagine.fr\/576\/9782322030576_1_v.jpg"},"orderable":true,"show_badge":true,"formatted_price":"7,00&nbsp;\u20ac","formatted_published_date":"20 juin 2013","publisher_availability_label":"Sur commande","short_details":"Monia Allaya \u2014 Books on Demand","translator":null,"weight":201,"page_count":48,"readership":null,"editor":"Books on Demand","price":700,"published_date":"2013-06-19T22:00:00.000000Z","support":"Grand format","publisher_availability":1,"stock":0,"editions":[],"url":"https:\/\/quaidesbrumes.com\/ouvrage\/9782322030576\/dejos-las-roinas-sabandona-la-sabla-a-la-caressa-dau-vent-sous-les-decombres"},{"id":"9782940393220","title":"Hymnes \u00e0 la paix, po\u00e8mes","description":"Hymne \u00e0 la Paix, Po\u00e8mesL'oeuvre po\u00e9tique du Dr. Shuddhananda Bharati prolonge sa qu\u00eate spirituelle. Pour lui, \u00ab le Po\u00e8te est un messager de la V\u00e9rit\u00e9 et de la vie harmonieuse. Sa parole cr\u00e9atrice ouvre les yeux humains \u00e0 la vision du Divin en l'homme. \u00bbLe recueil Hymne \u00e0 la Paix, quatri\u00e8me tome de La Po\u00e9sie de l'\u00e9nergie spirituelle, r\u00e9unit les po\u00e8mes \u00e9crits en fran\u00e7ais par le Yogi Shuddhananda Bharati.\u00ab La paix pour tous \u00bb, tel est le but \u00e0 atteindre. Dans une lettre de mars 1988, le Yogi \u00e9crit : La paix est dans le Soi. La mission de notre Sama Yoga est essentiellement spirituelle et universelle. La pens\u00e9e est destin\u00e9e \u00e0 l'humanit\u00e9 toute enti\u00e8re divinis\u00e9e ; une nouvelle harmonie dans la vie collective. La lumi\u00e8re, la v\u00e9rit\u00e9, l'harmonie, la conscience cosmique - telles sont notre grand id\u00e9al. (...) Soutenons la paix pour tousL'amour pur pour tous (...)Il existe plusieurs versions de l'Hymne \u00e0 la Paix, dont une a paru dans Enigmes cosmiques (chapitre 31). Un hymne adapt\u00e9 pour le chant introduit ce recueil-ci. Le texte anglais (Peace Anthem) a vraisemblablement \u00e9t\u00e9 traduit par l'auteur lui-m\u00eame.Les 178 Po\u00e8mes varient par la forme (rime, m\u00e9trique) et la longueur (de 8 \u00e0 27 vers - si l'on excepte le cas particulier de Doux Ma\u00eetre, aux 29 vers... d'un seul mot chacun) des strophes bien marqu\u00e9es soulignent parfois la structure. Comme un mot cl\u00e9 ou un extrait de vers sert de titre, plusieurs textes portent un titre identique ou voisin. Vingt-deux po\u00e8mes sont sign\u00e9s \u00ab Radhananda \u00bb.Jean Herbert et Romain Rolland ont appr\u00e9ci\u00e9 les po\u00e8mes du Yogi. \u00ab Vos po\u00e8mes r\u00e9v\u00e8lent l'inspiration divine et la r\u00e9alisation yogique. Le temps viendra o\u00f9 ils seront reconnus de l'Est \u00e0 l'Ouest \u00bb, \u00e9crit Romain Rolland en 1940.","authors":["Shuddhananda Bharati"],"category_codes":["1000000","1090000","1090600"],"visuals":{"large":"https:\/\/images.epagine.fr\/220\/9782940393220_1_75.jpg","medium":"https:\/\/images.epagine.fr\/220\/9782940393220_1_m.jpg","thumbnail":"https:\/\/images.epagine.fr\/220\/9782940393220_1_v.jpg"},"orderable":true,"show_badge":true,"formatted_price":"18,00&nbsp;\u20ac","formatted_published_date":"15 f\u00e9vrier 2011","publisher_availability_label":"Sur commande","short_details":"Shuddhananda Bharati \u2014 Assa","translator":null,"weight":200,"page_count":null,"readership":null,"editor":"Assa","price":1800,"published_date":"2011-02-14T23:00:00.000000Z","support":"Grand format","publisher_availability":1,"stock":0,"editions":[],"url":"https:\/\/quaidesbrumes.com\/ouvrage\/9782940393220\/hymnes-a-la-paix-poemes"},{"id":"9782918566137","title":"Eloge de la limite","description":null,"authors":["Filo A."],"category_codes":["1000000","1090000"],"visuals":{"large":"https:\/\/images.epagine.fr\/137\/9782918566137_1_75.jpg","medium":"https:\/\/images.epagine.fr\/137\/9782918566137_1_m.jpg","thumbnail":"https:\/\/images.epagine.fr\/137\/9782918566137_1_v.jpg"},"orderable":true,"show_badge":true,"formatted_price":"16,00&nbsp;\u20ac","formatted_published_date":"10 octobre 2010","publisher_availability_label":"Sur commande","short_details":"Filo A. \u2014 Filosphere","translator":null,"weight":200,"page_count":null,"readership":null,"editor":"Filosphere","price":1600,"published_date":"2010-10-09T22:00:00.000000Z","support":"Grand format","publisher_availability":1,"stock":0,"editions":[],"url":"https:\/\/quaidesbrumes.com\/ouvrage\/9782918566137\/eloge-de-la-limite"},{"id":"9782354853631","title":"Fresque po\u00e9tique cal\u00e9donienne","description":"Sur la presqu'\u00eele de Teremba, terre de l'enfance, source des joies et des peines premi\u00e8res, les mots affleurent. Impr\u00e9gn\u00e9s de senteurs exotiques, d'\u00e9clats de rire ou de saveurs fruit\u00e9es, ils invitent \u00e0 renouveler la qu\u00eate des origines et ravivent des souvenirs lointains, des \u00eatres chers, des bribes d'instants r\u00e9conciliateurs. \r\nSous forme d'incantation po\u00e9tique, Corine David clame son amour pour la Cal\u00e9donie. De cette appartenance s'affirme une pleine identit\u00e9, enracin\u00e9e au coeur d'\u00e9motions simples et offerte comme legs d'un destin partag\u00e9.","authors":["Corine David"],"category_codes":["1000000","1090000"],"visuals":{"large":"https:\/\/images.epagine.fr\/631\/9782354853631_1_75.jpg","medium":"https:\/\/images.epagine.fr\/631\/9782354853631_1_m.jpg","thumbnail":"https:\/\/images.epagine.fr\/631\/9782354853631_1_v.jpg"},"orderable":true,"show_badge":true,"formatted_price":"13,00&nbsp;\u20ac","formatted_published_date":"1er f\u00e9vrier 2013","publisher_availability_label":"Sur commande","short_details":"Corine David \u2014 JETS D'ENCRE","translator":null,"weight":70,"page_count":80,"readership":null,"editor":"JETS D'ENCRE","price":1300,"published_date":"2013-01-31T23:00:00.000000Z","support":"Grand format","publisher_availability":1,"stock":0,"editions":[],"url":"https:\/\/quaidesbrumes.com\/ouvrage\/9782354853631\/fresque-poetique-caledonienne"},{"id":"9782912093455","title":"Les Hommes sans Epaules n\u00b037: Dossier Georges Bataille et l'exp\u00e9rience des limites","description":"\u00c9ditorial: Introduction \u00e0 l'exp\u00e9rience des limites, par Christophe DAUPHIN. Les Porteurs de feu : Po\u00e8mes de Annie SALAGER, Lionel RAY. Ainsi furent les Wah : Po\u00e8mes de Mahmoud DARWICH, Lyonel TROUILLOT, Tristan CABRAL, Julie BATAILLE, Cathy GARCIA. Dossier: Georges Bataille et l'exp\u00e9rience des limites, par C\u00e9sar BIR\u00c8NE, Christophe DAUPHIN, avec des textes de Georges BATAILLE. Po\u00e8te \u00e0 San Francisco, Lawrence Ferlinghetti: par Christophe DAUPHIN, Po\u00e8mes de Lawrence FERLINGHETTI. Po\u00e8te \u00e0 Ath\u00e8nes, Nanos Valaoritis : par Christophe DAUPHIN, Po\u00e8mes de Nanos VALAORITIS. Dans les cheveux d'Ao\u00fbn: Proses de Ren\u00e9 CREVEL, Jehan VAN LANGHENHOVEN. La prose des ab\u00eemes : Gabrielle WITTKOP, par C\u00e9sar BIR\u00c8NE, G\u00e9rard PARIS. Les pages des Hommes sans \u00c9paules : Po\u00e8mes de Elodia TURKI, Paul FARELLIER, Alain BRETON, Christophe DAUPHIN, Herv\u00e9 DELABARRE. La nappe s'ab\u00eeme (chronique) : Charabias et ang\u00e9lisme, par \u00c9ric S\u00c9N\u00c9CAL. Avec la moelle des arbres : notes de lecture de Jean CHATARD, Paul FARELLIER, G\u00e9rard PARIS, Michel LAMART, Max ALHAU, Karel HADEK. Infos \/ \u00c9chos des HSE, par Claude ARG\u00c8S, avec des textes de Andr\u00e9 BRETON, Jos\u00e9 GAYOSO, Tristan CABRAL, Marie-Christine BRI\u00c8RE, Pierrick de CHERMONT, Fr\u00e9d\u00e9ric TISON, Christophe DAUPHIN, Jean ROUSSELOT, Jean-Vincent VERDONNET, Michel VOITURIER, \u00c9ric S\u00c9N\u00c9CAL, Odile COHEN-ABBAS, Jean-Clarence LAMBERT, St\u00e9phane MALLARM\u00c9, Ilarie VORONCA. Incises po\u00e9tiques : Ivan de MONBRISON, Svante SVAHNSTR\u00d6M","authors":["Les Hse"],"category_codes":["1000000","1090000"],"visuals":{"large":"https:\/\/images.epagine.fr\/455\/9782912093455_1_75.jpg","medium":"https:\/\/images.epagine.fr\/455\/9782912093455_1_m.jpg","thumbnail":"https:\/\/images.epagine.fr\/455\/9782912093455_1_v.jpg"},"orderable":true,"show_badge":true,"formatted_price":"17,00&nbsp;\u20ac","formatted_published_date":"7 mars 2014","publisher_availability_label":"Sur commande","short_details":"Les Hse \u2014 Hommes Sans Epaules","translator":null,"weight":322,"page_count":284,"readership":null,"editor":"Hommes Sans Epaules","price":1700,"published_date":"2014-03-06T23:00:00.000000Z","support":"Grand format","publisher_availability":1,"stock":0,"editions":[],"url":"https:\/\/quaidesbrumes.com\/ouvrage\/9782912093455\/les-hommes-sans-epaules-n37-dossier-georges-bataille-et-lexperience-des-limites"},{"id":"9782915235432","title":"L'or du pardon","description":null,"authors":["Quine Chevalier"],"category_codes":["1000000","1090000"],"visuals":{"large":"https:\/\/quaidesbrumes.com\/img\/book-placeholder.png","medium":"https:\/\/quaidesbrumes.com\/img\/book-placeholder.png","thumbnail":"https:\/\/quaidesbrumes.com\/img\/book-placeholder.png"},"orderable":true,"show_badge":true,"formatted_price":"18,00&nbsp;\u20ac","formatted_published_date":"1er octobre 2007","publisher_availability_label":"Sur commande","short_details":"Quine Chevalier \u2014 Encre Et Lumiere","translator":null,"weight":250,"page_count":null,"readership":null,"editor":"Encre Et Lumiere","price":1800,"published_date":"2007-09-30T22:00:00.000000Z","support":"Grand format","publisher_availability":1,"stock":0,"editions":[],"url":"https:\/\/quaidesbrumes.com\/ouvrage\/9782915235432\/lor-du-pardon"},{"id":"9782296541252","title":"Tr\u00e9fonds de coeurs de pierre","description":"\"Je suis optimiste, certes, mais tr\u00e8s r\u00e9aliste.\" Cette id\u00e9e, j'en ai fait un slogan, slogan autour duquel j'ai tiss\u00e9 ce recueil qui se veut moralisateur et porteur d'espoir. Les habitudes de notre soci\u00e9t\u00e9 y sont pass\u00e9es au crible. Le traditionnel th\u00e8me de l'amour n'est pas ignor\u00e9, tout comme certaines douleurs \"anciennes\". L'Afrique, mon continent, est magnifi\u00e9e, tout comme ma belle C\u00f4te d'Ivoire. C'est enfin le lieu pour moi de rendre hommage \u00e0 des figures que j'ai toujours appr\u00e9ci\u00e9es en tant qu'hommes et plus encore en tant qu'artistes.\r","authors":["C\u00e9dric-marshall Kissy"],"category_codes":["1000000","1090000"],"visuals":{"large":"https:\/\/images.epagine.fr\/252\/9782296541252_1_75.jpg","medium":"https:\/\/images.epagine.fr\/252\/9782296541252_1_m.jpg","thumbnail":"https:\/\/images.epagine.fr\/252\/9782296541252_1_v.jpg"},"orderable":true,"show_badge":true,"formatted_price":"12,00&nbsp;\u20ac","formatted_published_date":"16 mars 2011","publisher_availability_label":"Sur commande","short_details":"C\u00e9dric-marshall Kissy \u2014 \u00c9ditions L'Harmattan","translator":null,"weight":115,"page_count":82,"readership":null,"editor":"\u00c9ditions L'Harmattan","price":1200,"published_date":"2011-03-15T23:00:00.000000Z","support":"Grand format","publisher_availability":1,"stock":0,"editions":[],"url":"https:\/\/quaidesbrumes.com\/ouvrage\/9782296541252\/trefonds-de-coeurs-de-pierre"},{"id":"9782296544062","title":"Un ru d'outre-matin","description":"\"Un ru d'outre-matin\" est passage nocturne, non pas dans sa symbolique de t\u00e9n\u00e8bres, mais en nuit de renaissance ouvrant sur une chaleur diurne. \"Lentement de grands oiseaux blancs \/ Encerclent nos silences d'altitudes.\" A cet ensemble autonome r\u00e9pondent les chapitres suivants qui lient l'humain \u00e0 d'autres temporalit\u00e9s : le mouvement des roches, les cicatrices arbres, la vitesse du silence, les odeurs changeantes du ciel...\r","authors":["Eric Fischer"],"category_codes":["1000000","1090000"],"visuals":{"large":"https:\/\/images.epagine.fr\/062\/9782296544062_1_75.jpg","medium":"https:\/\/images.epagine.fr\/062\/9782296544062_1_m.jpg","thumbnail":"https:\/\/images.epagine.fr\/062\/9782296544062_1_v.jpg"},"orderable":true,"show_badge":true,"formatted_price":"12,00&nbsp;\u20ac","formatted_published_date":"30 mars 2011","publisher_availability_label":"Sur commande","short_details":"Eric Fischer \u2014 \u00c9ditions L'Harmattan","translator":null,"weight":110,"page_count":80,"readership":null,"editor":"\u00c9ditions L'Harmattan","price":1200,"published_date":"2011-03-29T22:00:00.000000Z","support":"Grand format","publisher_availability":1,"stock":0,"editions":[],"url":"https:\/\/quaidesbrumes.com\/ouvrage\/9782296544062\/un-ru-doutre-matin"},{"id":"9782357800236","title":"Nez rouges, peste noire","description":null,"authors":["Peter Barnes"],"category_codes":["1000000","1090000"],"visuals":{"large":"https:\/\/quaidesbrumes.com\/img\/book-placeholder.png","medium":"https:\/\/quaidesbrumes.com\/img\/book-placeholder.png","thumbnail":"https:\/\/quaidesbrumes.com\/img\/book-placeholder.png"},"orderable":true,"show_badge":true,"formatted_price":"15,00&nbsp;\u20ac","formatted_published_date":"10 mai 2010","publisher_availability_label":"Sur commande","short_details":"Peter Barnes \u2014 Domens","translator":null,"weight":230,"page_count":null,"readership":null,"editor":"Domens","price":1500,"published_date":"2010-05-09T22:00:00.000000Z","support":"Grand format","publisher_availability":1,"stock":0,"editions":[],"url":"https:\/\/quaidesbrumes.com\/ouvrage\/9782357800236\/nez-rouges-peste-noire"},{"id":"9782312023168","title":"R\u00e9mission illusoire","description":"Pierre Paris est vivant. L'acteur des Confessions Hallucinatoires n'a jamais \u00e9t\u00e9 mort et son ombre hante les \u00e9crits de la R\u00e9mission Illusoire. Mais comment peut-on parler d'\u00eatre \u00e0 part enti\u00e8re lorsque celui-ci a \u00e9t\u00e9 compl\u00e8tement imagin\u00e9 ? Pierre Paris n'est pas r\u00e9el, il n'est qu'un personnage totalement invent\u00e9 par moi. Jusqu'\u00e0 quel point suis-je Pierre Paris, jusqu'\u00e0 quel point suis-je moi ? Ce doute est l'incarnation d'un schisme profond entre une perception du monde normale et une autre compl\u00e8tement d\u00e9lirante.\r","authors":["Pierre Paris"],"category_codes":["1000000","1090000"],"visuals":{"large":"https:\/\/images.epagine.fr\/168\/9782312023168_1_75.jpg","medium":"https:\/\/images.epagine.fr\/168\/9782312023168_1_m.jpg","thumbnail":"https:\/\/images.epagine.fr\/168\/9782312023168_1_v.jpg"},"orderable":true,"show_badge":true,"formatted_price":"11,00&nbsp;\u20ac","formatted_published_date":"17 juin 2014","publisher_availability_label":"Sur commande","short_details":"Pierre Paris \u2014 Editions du Net","translator":null,"weight":62,"page_count":58,"readership":null,"editor":"Editions du Net","price":1100,"published_date":"2014-06-16T22:00:00.000000Z","support":"Grand format","publisher_availability":1,"stock":0,"editions":[],"url":"https:\/\/quaidesbrumes.com\/ouvrage\/9782312023168\/remission-illusoire"},{"id":"9782336005201","title":"Le bestiaire ami ; un cycle de 40 quatrains","description":"Le Bestiaire Ami se souvient, sans doute, des bestiaires du Moyen \u00c2ge. Mais ici, pas de symbolique, les animaux sont pr\u00e9sents, tels quels. De sorte que cela constitue un cycle de 40 brefs po\u00e8mes, o\u00f9 la pr\u00e9sence animale ne manque pas, in fine, d'englober l'animal humain \u00ab au pas \u00e9toil\u00e9 du troupeau \u00bb.\r","authors":["G\u00e9rard emmanuel Da silva"],"category_codes":["1000000","1090000"],"visuals":{"large":"https:\/\/images.epagine.fr\/201\/9782336005201_1_75.jpg","medium":"https:\/\/images.epagine.fr\/201\/9782336005201_1_m.jpg","thumbnail":"https:\/\/images.epagine.fr\/201\/9782336005201_1_v.jpg"},"orderable":true,"show_badge":true,"formatted_price":"9,00&nbsp;\u20ac","formatted_published_date":"11 d\u00e9cembre 2012","publisher_availability_label":"Sur commande","short_details":"G\u00e9rard emmanuel Da silva \u2014 \u00c9ditions L'Harmattan","translator":null,"weight":75,"page_count":50,"readership":null,"editor":"\u00c9ditions L'Harmattan","price":900,"published_date":"2012-12-10T23:00:00.000000Z","support":"Grand format","publisher_availability":1,"stock":0,"editions":[],"url":"https:\/\/quaidesbrumes.com\/ouvrage\/9782336005201\/le-bestiaire-ami-un-cycle-de-40-quatrains"},{"id":"9782915235661","title":"Corps au miroir","description":null,"authors":["Philippe Rahmy"],"category_codes":["1000000","1090000"],"visuals":{"large":"https:\/\/quaidesbrumes.com\/img\/book-placeholder.png","medium":"https:\/\/quaidesbrumes.com\/img\/book-placeholder.png","thumbnail":"https:\/\/quaidesbrumes.com\/img\/book-placeholder.png"},"orderable":true,"show_badge":true,"formatted_price":"25,00&nbsp;\u20ac","formatted_published_date":"15 f\u00e9vrier 2013","publisher_availability_label":"Sur commande","short_details":"Philippe Rahmy \u2014 Encre Et Lumiere","translator":null,"weight":200,"page_count":null,"readership":null,"editor":"Encre Et Lumiere","price":2500,"published_date":"2013-02-14T23:00:00.000000Z","support":"Grand format","publisher_availability":1,"stock":0,"editions":[],"url":"https:\/\/quaidesbrumes.com\/ouvrage\/9782915235661\/corps-au-miroir"},{"id":"9782296130791","title":"La douceur du piano de ma m\u00e8re","description":"Ce recueil de po\u00e8mes est un combat. Celui d'un bretteur sans vergogne d\u00e9fiant, sabre au clair, sifflotant sous la lune, les tron\u00e7onneurs d'innocence et de tendresse ! Ce Recueil porte le sceau de souvenirs cueillis au plus intime de mon enfance. Il exprime des \u00e9motions marines et lunaires, \u00e9crites \u00e0 Etretat, \u00e0 Hyeres, \u00e0 St-Lunaire...\r","authors":["Patrice Queneau"],"category_codes":["1000000","1090000"],"visuals":{"large":"https:\/\/images.epagine.fr\/791\/9782296130791_1_75.jpg","medium":"https:\/\/images.epagine.fr\/791\/9782296130791_1_m.jpg","thumbnail":"https:\/\/images.epagine.fr\/791\/9782296130791_1_v.jpg"},"orderable":true,"show_badge":true,"formatted_price":"12,00&nbsp;\u20ac","formatted_published_date":"28 janvier 2011","publisher_availability_label":"Sur commande","short_details":"Patrice Queneau \u2014 \u00c9ditions L'Harmattan","translator":null,"weight":135,"page_count":100,"readership":null,"editor":"\u00c9ditions L'Harmattan","price":1200,"published_date":"2011-01-27T23:00:00.000000Z","support":"Grand format","publisher_availability":1,"stock":0,"editions":[],"url":"https:\/\/quaidesbrumes.com\/ouvrage\/9782296130791\/la-douceur-du-piano-de-ma-mere"},{"id":"9782810613595","title":"Blessure et brisure de vie - poesie","description":". la vie, l'essence, l'homme, la soci\u00e9t\u00e9, l'errance, l'amour.\r\nLa monotonie des choses, les idylles de f\u00e9lonie. \r\nLa d\u00e9su\u00e9tude de l'\u00e2me, la d\u00e9ch\u00e9ance, l'espoir. La mort.\r\nAutant de fontaines comme cette mis\u00e8re constante qui ne tarit pas.\r\nIl y a tout un univers d'\u00e9motion dit en un rythme ou en une musicalit\u00e9 lyrique.\r","authors":["Jannys Kombila"],"category_codes":["1000000","1090000"],"visuals":{"large":"https:\/\/images.epagine.fr\/595\/9782810613595_1_75.jpg","medium":"https:\/\/images.epagine.fr\/595\/9782810613595_1_m.jpg","thumbnail":"https:\/\/images.epagine.fr\/595\/9782810613595_1_v.jpg"},"orderable":true,"show_badge":true,"formatted_price":"12,00&nbsp;\u20ac","formatted_published_date":"15 juillet 2011","publisher_availability_label":"Sur commande","short_details":"Jannys Kombila \u2014 Books on Demand","translator":null,"weight":87,"page_count":null,"readership":null,"editor":"Books on Demand","price":1200,"published_date":"2011-07-14T22:00:00.000000Z","support":"Grand format","publisher_availability":1,"stock":0,"editions":[],"url":"https:\/\/quaidesbrumes.com\/ouvrage\/9782810613595\/blessure-et-brisure-de-vie-poesie"},{"id":"9782352100362","title":"Vienne le vent","description":"Cris, chuchotements, ironie, sagesse, complicit\u00e9. La po\u00e9sie dAndr\u00e9 Brincourt cest cela et bien davantage.\r\nMais surtout, lamour dune langue quil fait chanter, pour que la po\u00e9sie soit ce quelle doit toujours \u00eatre, un partage.\r\n\r\n\r","authors":["Andr\u00e9 Brincourt"],"category_codes":["1000000","1090000"],"visuals":{"large":"https:\/\/images.epagine.fr\/362\/9782352100362_1_75.jpg","medium":"https:\/\/images.epagine.fr\/362\/9782352100362_1_m.jpg","thumbnail":"https:\/\/images.epagine.fr\/362\/9782352100362_1_v.jpg"},"orderable":true,"show_badge":true,"formatted_price":"15,00&nbsp;\u20ac","formatted_published_date":"30 septembre 2009","publisher_availability_label":"Sur commande","short_details":"Andr\u00e9 Brincourt \u2014 Melis","translator":null,"weight":300,"page_count":141,"readership":null,"editor":"Melis","price":1500,"published_date":"2009-09-29T22:00:00.000000Z","support":"Grand format","publisher_availability":1,"stock":0,"editions":[],"url":"https:\/\/quaidesbrumes.com\/ouvrage\/9782352100362\/vienne-le-vent"},{"id":"9782296565180","title":"Ros\u00e9e cr\u00e9pusculaire","description":"N'est-ce pas l\u00e0 une curieuse alliance que celle de deux inconciliables, astreints \u00e0 une union contre nature, g\u00e9n\u00e9rant une ros\u00e9e qui se veut cr\u00e9pusculaire ? Dans ce second recueil de po\u00e8mes, l'auteur vogue de part et d'autre de l'Atlantique, des USA \u00e0 Ha\u00efti, en passant par la Guadeloupe et la Martinique, tout en interpellant l'Afrique, \"continent majuscule\".\r","authors":["Christine Okang dyemma"],"category_codes":["1000000","1090000"],"visuals":{"large":"https:\/\/images.epagine.fr\/180\/9782296565180_1_75.jpg","medium":"https:\/\/images.epagine.fr\/180\/9782296565180_1_m.jpg","thumbnail":"https:\/\/images.epagine.fr\/180\/9782296565180_1_v.jpg"},"orderable":true,"show_badge":true,"formatted_price":"14,50&nbsp;\u20ac","formatted_published_date":"21 septembre 2011","publisher_availability_label":"Sur commande","short_details":"Christine Okang dyemma \u2014 \u00c9ditions L'Harmattan","translator":null,"weight":180,"page_count":138,"readership":null,"editor":"\u00c9ditions L'Harmattan","price":1450,"published_date":"2011-09-20T22:00:00.000000Z","support":"Grand format","publisher_availability":1,"stock":0,"editions":[],"url":"https:\/\/quaidesbrumes.com\/ouvrage\/9782296565180\/rosee-crepusculaire"},{"id":"9782849214602","title":"Papiers de vers","description":"Papiers de Vers.\r\nN\u00e9s d'un bouquet de mots, Chacun de sa senteur  Saura, tel un cadeau, Embaumer votre coeur.\r\n\r\nCocktail de sentiments, D'humour, d'instants pass\u00e9s, Du d\u00e9lire d'un moment, Aux souvenirs ancr\u00e9s, D\u00e9croch\u00e9s du carnet.\r\n\r\nQue la vie m'a offert, J'aime \u00e0 faire partager .\r\nTous mes Papiers de Vers.\r","authors":["Jacques Ferry"],"category_codes":["1000000","1090000"],"visuals":{"large":"https:\/\/images.epagine.fr\/602\/9782849214602_1_75.jpg","medium":"https:\/\/images.epagine.fr\/602\/9782849214602_1_m.jpg","thumbnail":"https:\/\/images.epagine.fr\/602\/9782849214602_1_v.jpg"},"orderable":true,"show_badge":true,"formatted_price":"15,00&nbsp;\u20ac","formatted_published_date":"3 septembre 2018","publisher_availability_label":"Sur commande","short_details":"Jacques Ferry \u2014 Editions Thot","translator":null,"weight":214,"page_count":166,"readership":null,"editor":"Editions Thot","price":1500,"published_date":"2018-09-02T22:00:00.000000Z","support":"Grand format","publisher_availability":1,"stock":0,"editions":[],"url":"https:\/\/quaidesbrumes.com\/ouvrage\/9782849214602\/papiers-de-vers"}]}