{"data":[{"id":"9791040625841","title":"Au fil du jour","description":"Au fil des jours, des saisons et des blessures, les po\u00e8mes de Jacques Larzul dessinent une cartographie sensible de l'\u00e2me humaine. Entre amour incandescent et d\u00e9sillusion, r\u00eaves lumineux et r\u00e9alit\u00e9s brutales, chaque texte capte un instant fragile de l'existence. De la douceur d'un regard \u00e0 la violence du monde, la po\u00e9sie devient ici refuge autant que cri. Les images se succ\u00e8dent, vibrantes, m\u00ealant nature, m\u00e9moire et passion. Dans cette travers\u00e9e intime, le lecteur reconna\u00eet ses propres \u00e9lans, ses pertes, ses espoirs. Une \u00e9criture fluide et incarn\u00e9e, port\u00e9e par une musicalit\u00e9 constante.\r\nUn recueil o\u00f9 le quotidien se teinte de po\u00e9sie et d'absolu. Une invitation \u00e0 ressentir, simplement, profond\u00e9ment.\r\n \r\nJacques Larzul est n\u00e9 \u00e0 Guilvinec, dans le Pays Bigouden, o\u00f9 il a v\u00e9cu jusqu'\u00e0 l'\u00e2ge de vingt ans et o\u00f9 il retourne r\u00e9guli\u00e8rement. Issu d'une famille de marins-p\u00eacheurs, il a grandi dans un univers maritime qui nourrit profond\u00e9ment son imaginaire. Aujourd'hui retrait\u00e9, il se consacre pleinement \u00e0 des activit\u00e9s culturelles. La musique, le cin\u00e9ma, le th\u00e9\u00e2tre et l'\u00e9criture occupent d\u00e9sormais une place essentielle dans son quotidien.","authors":["Jacques Larzul"],"category_codes":["1000000","1090000"],"visuals":{"large":"https:\/\/images.epagine.fr\/841\/9791040625841_1_75.jpg","medium":"https:\/\/images.epagine.fr\/841\/9791040625841_1_m.jpg","thumbnail":"https:\/\/images.epagine.fr\/841\/9791040625841_1_v.jpg"},"orderable":true,"show_badge":true,"formatted_price":"18,50&nbsp;\u20ac","formatted_published_date":"24 avril 2026","publisher_availability_label":"Sur commande","short_details":"Jacques Larzul \u2014 Les Trois Colonnes","translator":null,"weight":256,"page_count":206,"readership":null,"editor":"Les Trois Colonnes","price":1850,"published_date":"2026-04-23T22:00:00.000000Z","support":"Grand format","publisher_availability":1,"stock":0,"editions":[],"url":"https:\/\/quaidesbrumes.com\/ouvrage\/9791040625841\/au-fil-du-jour"},{"id":"9791040625957","title":"Le temps des errances","description":"Plonger dans Le Temps des errances, c'est arpenter une existence livr\u00e9e par fragments, non pour en reconstituer le puzzle, mais pour en saisir la vibration intime et secr\u00e8te. La m\u00e9moire, ici, n'offre aucun refuge : elle danse, elle traverse, elle respire. Des sous-bois ardennais, o\u00f9 germent les premi\u00e8res clart\u00e9s, aux douces collines toscanes et aux rivages corses br\u00fbl\u00e9s de soleil, les paysages ne sont plus de simples d\u00e9cors, mais des chambres d'\u00e9cho o\u00f9 l'\u00e2me se d\u00e9couvre et se confronte. Les amours \u00e9ph\u00e9m\u00e8res, les deuils silencieux, les illusions perdues et les renaissances ne s'y \u00e9talent pas en r\u00e9cits : ils percent la surface, tels des \u00e9clats de lumi\u00e8re sous la cendre. Structur\u00e9 en cinq seuils   du d\u00e9part aux retours, des sentiers de m\u00e9moire \u00e0 l'\u00e9coute des silences  , ce recueil n'est pas un itin\u00e9raire balis\u00e9, mais une qu\u00eate exigeante. Chaque po\u00e8me y devient une halte troubl\u00e9e, une veille, un nouveau souffle. Une mani\u00e8re d'avancer dans l'inachev\u00e9, guid\u00e9 seulement par le battement sourd du coeur et la fid\u00e9lit\u00e9 \u00e0 ce qui, malgr\u00e9 tout, persiste.\r\n \r\nPaul Brehal, enracin\u00e9 dans les Ardennes, sculpte la m\u00e9moire en une mati\u00e8re palpitante, o\u00f9 chaque po\u00e8me traverse lieux, amours et absences avec une rigueur de justesse et de sobri\u00e9t\u00e9. H\u00e9ritier discret de Rimbaud et Verlaine, il ne court pas apr\u00e8s l'\u00e9clat, mais guette la vibration secr\u00e8te de l'\u00eatre. Son \u00e9criture, lente et mesur\u00e9e, \u00e9coute les silences qui pr\u00e9c\u00e8dent toute parole. Pour lui, la po\u00e9sie est un acte de fid\u00e9lit\u00e9   \u00e0 l'enfance qui persiste, \u00e0 la lumi\u00e8re qui r\u00e9siste, \u00e0 l'invisible qui habite le monde.","authors":["Paul Brehal"],"category_codes":["1000000","1090000"],"visuals":{"large":"https:\/\/images.epagine.fr\/957\/9791040625957_1_75.jpg","medium":"https:\/\/images.epagine.fr\/957\/9791040625957_1_m.jpg","thumbnail":"https:\/\/images.epagine.fr\/957\/9791040625957_1_v.jpg"},"orderable":true,"show_badge":true,"formatted_price":"17,50&nbsp;\u20ac","formatted_published_date":"24 avril 2026","publisher_availability_label":"Sur commande","short_details":"Paul Brehal \u2014 Les Trois Colonnes","translator":null,"weight":254,"page_count":204,"readership":null,"editor":"Les Trois Colonnes","price":1750,"published_date":"2026-04-23T22:00:00.000000Z","support":"Grand format","publisher_availability":1,"stock":0,"editions":[],"url":"https:\/\/quaidesbrumes.com\/ouvrage\/9791040625957\/le-temps-des-errances"},{"id":"9782312159447","title":"Tous nos amours","description":null,"authors":["Liliclem"],"category_codes":["1000000","1090000"],"visuals":{"large":"https:\/\/quaidesbrumes.com\/img\/book-placeholder.png","medium":"https:\/\/quaidesbrumes.com\/img\/book-placeholder.png","thumbnail":"https:\/\/quaidesbrumes.com\/img\/book-placeholder.png"},"orderable":true,"show_badge":true,"formatted_price":"13,00&nbsp;\u20ac","formatted_published_date":"9 avril 2026","publisher_availability_label":"Sur commande","short_details":"Liliclem \u2014 Editions du Net","translator":null,"weight":72,"page_count":null,"readership":null,"editor":"Editions du Net","price":1300,"published_date":"2026-04-08T22:00:00.000000Z","support":"Poche","publisher_availability":1,"stock":0,"editions":[],"url":"https:\/\/quaidesbrumes.com\/ouvrage\/9782312159447\/tous-nos-amours"},{"id":"9782312159713","title":"Une main ouverte sur le monde - poemes pour la paix et la democratie","description":null,"authors":["Le Roux Alain"],"category_codes":["1000000","1090000"],"visuals":{"large":"https:\/\/quaidesbrumes.com\/img\/book-placeholder.png","medium":"https:\/\/quaidesbrumes.com\/img\/book-placeholder.png","thumbnail":"https:\/\/quaidesbrumes.com\/img\/book-placeholder.png"},"orderable":true,"show_badge":true,"formatted_price":"15,00&nbsp;\u20ac","formatted_published_date":"13 avril 2026","publisher_availability_label":"Sur commande","short_details":"Le Roux Alain \u2014 Editions du Net","translator":null,"weight":175,"page_count":null,"readership":null,"editor":"Editions du Net","price":1500,"published_date":"2026-04-12T22:00:00.000000Z","support":"Grand format","publisher_availability":1,"stock":0,"editions":[],"url":"https:\/\/quaidesbrumes.com\/ouvrage\/9782312159713\/une-main-ouverte-sur-le-monde-poemes-pour-la-paix-et-la-democratie"},{"id":"9782491473105","title":"\u00e9crits \u00e0 voix haute","description":"\u00abUn po\u00e8me, \u00e7a ne s'\u00e9crit pas, \u00e7a se dit\u00bb. Ce sont les premiers vers de ce recueil par lequel Aziz Azed nous entraine dans son univers et c'est bien la musique de cette voix qu'il faut entendre. Un chant qui nous prend et nous bouleverse.\r","authors":["Azed Ized"],"category_codes":["1000000","1090000"],"visuals":{"large":"https:\/\/images.epagine.fr\/105\/9782491473105_1_75.jpg","medium":"https:\/\/images.epagine.fr\/105\/9782491473105_1_m.jpg","thumbnail":"https:\/\/images.epagine.fr\/105\/9782491473105_1_v.jpg"},"orderable":true,"show_badge":true,"formatted_price":"12,00&nbsp;\u20ac","formatted_published_date":"10 avril 2021","publisher_availability_label":"Sur commande","short_details":"Azed Ized \u2014 L'Artbouquine","translator":null,"weight":102,"page_count":74,"readership":null,"editor":"L'Artbouquine","price":1200,"published_date":"2021-04-09T22:00:00.000000Z","support":"Grand format","publisher_availability":1,"stock":0,"editions":[],"url":"https:\/\/quaidesbrumes.com\/ouvrage\/9782491473105\/ecrits-a-voix-haute"},{"id":"9782336004129","title":"Br\u00e8ve anthologie ; bilingue Francais-Espagnol","description":"La po\u00e9sie de Luis Raul Calvo est un cri, une transgression, un fantasme. Elle fait retour au pays des morts, de l'exil, de l'absence, de l'oubli pour dire le grotesque, la cassure de l'humanit\u00e9, l'absurdit\u00e9 de l'existence jusqu'\u00e0 la naus\u00e9e. Seule la soif des amants et de la po\u00e9sie permet la transmutation en \u00eatres libres, peut-\u00eatre ?\r","authors":["Luis ra\u00fal Calvo"],"category_codes":["1000000","1090000"],"visuals":{"large":"https:\/\/images.epagine.fr\/129\/9782336004129_1_75.jpg","medium":"https:\/\/images.epagine.fr\/129\/9782336004129_1_m.jpg","thumbnail":"https:\/\/images.epagine.fr\/129\/9782336004129_1_v.jpg"},"orderable":true,"show_badge":true,"formatted_price":"12,50&nbsp;\u20ac","formatted_published_date":"10 octobre 2012","publisher_availability_label":"Sur commande","short_details":"Luis ra\u00fal Calvo \u2014 \u00c9ditions L'Harmattan","translator":null,"weight":110,"page_count":78,"readership":null,"editor":"\u00c9ditions L'Harmattan","price":1250,"published_date":"2012-10-09T22:00:00.000000Z","support":"Grand format","publisher_availability":1,"stock":0,"editions":[],"url":"https:\/\/quaidesbrumes.com\/ouvrage\/9782336004129\/breve-anthologie-bilingue-francais-espagnol"},{"id":"9782332769848","title":"Le kapokier ; po\u00e8mes de Tunis, 2000-2010","description":"L'ouvrage, recueil de po\u00e8mes compos\u00e9s pour la plupart \u00e0 l'Ariana (Tunis Nord), s'organise en quatre temps :\r\n- Brise de mer : l'ann\u00e9e 2000, - Brise de montagne : les ann\u00e9es 2001-2003, - Brise de terre : les ann\u00e9es 2004-2006, - Brisure ou \u00c0 la salle des pas perdus : les ann\u00e9es 2007-2010.\r","authors":["Amel Safta"],"category_codes":["1000000","1090000"],"visuals":{"large":"https:\/\/images.epagine.fr\/848\/9782332769848_1_75.jpg","medium":"https:\/\/images.epagine.fr\/848\/9782332769848_1_m.jpg","thumbnail":"https:\/\/images.epagine.fr\/848\/9782332769848_1_v.jpg"},"orderable":true,"show_badge":true,"formatted_price":"17,50&nbsp;\u20ac","formatted_published_date":"2 octobre 2014","publisher_availability_label":"Sur commande","short_details":"Amel Safta \u2014 Edilivre","translator":null,"weight":298,"page_count":158,"readership":null,"editor":"Edilivre","price":1750,"published_date":"2014-10-01T22:00:00.000000Z","support":"Grand format","publisher_availability":1,"stock":0,"editions":[],"url":"https:\/\/quaidesbrumes.com\/ouvrage\/9782332769848\/le-kapokier-poemes-de-tunis-2000-2010"},{"id":"9782385802837","title":"C'est un monde secret","description":"Au bord d'un lac lov\u00e9 entre les montagnes, l\u00e0 o\u00f9 le ciel semble toucher la terre et o\u00f9 les anges veillent en silence s'ouvre un monde secret. Dans ce paysage vibrant, la nature devient spectacle : les arbres dansent avec le vent, les nuages dessinent les d\u00e9sirs du coeur et la lune murmure des chansons d'amour. Au fil des jours, la vie s'y r\u00e9v\u00e8le dans toute sa po\u00e9sie : un chat qui r\u00eave d'\u00eatre tigre, un enfant lan\u00e7ant des ricochets avec son chien fougueux, le vol d'une libellule bleue, la joie des sauterelles ou la blancheur paisible de l'hiver. Entre r\u00e9alit\u00e9 et imaginaire, chaque instant devient une invitation \u00e0 \u00e9couter le murmure du Lac et \u00e0 regarder autrement le monde. \r\nDans cet ouvrage po\u00e9tique empreint de douceur et de contemplation, Pascale Mathevon entra\u00eene les lecteurs dans un cheminement sensible au coeur de la nature et de l'enfance retrouv\u00e9e. \u00c0 travers des tableaux d\u00e9licats, elle c\u00e9l\u00e8bre la beaut\u00e9 du vivant et rappelle que les plus grands enchantements se cachent souvent dans la simplicit\u00e9 du regard.","authors":["Pascale Mathevon"],"category_codes":["1000000","1090000"],"visuals":{"large":"https:\/\/images.epagine.fr\/837\/9782385802837_1_75.jpg","medium":"https:\/\/images.epagine.fr\/837\/9782385802837_1_m.jpg","thumbnail":"https:\/\/images.epagine.fr\/837\/9782385802837_1_v.jpg"},"orderable":false,"show_badge":true,"formatted_price":"13,95&nbsp;\u20ac","formatted_published_date":"1er juin 2026","publisher_availability_label":"\u00c0 para\u00eetre","short_details":"Pascale Mathevon \u2014 Jets D'Encre","translator":null,"weight":0,"page_count":null,"readership":null,"editor":"Jets D'Encre","price":1395,"published_date":"2026-05-31T22:00:00.000000Z","support":"Grand format","publisher_availability":2,"stock":0,"editions":[],"url":"https:\/\/quaidesbrumes.com\/ouvrage\/9782385802837\/cest-un-monde-secret"},{"id":"9782386738746","title":"Mes nuits d'automne","description":"Face \u00e0 l'amertume du temps, aux inconsciences de l'amour, \u00e0 nos chim\u00e8res int\u00e9rieures : \u00e9crire parfois lib\u00e8re. Penser ses \u00ab nuits d'automne \u00bb, c'est avant tout se penser soi ; panser toutes les nuits pass\u00e9es \u00e0 sans doute trop penser. Mais c'est aussi penser l'amour d'octobre, celui qui n'a pas de pareil. Qu'est-ce que \u00ab vivre \u00bb dans un monde qui ne vit plus, mais qui subit ? Est-ce aimer ? Peut-\u00eatre est-ce rire, chanter et danser ? \u00ab Vivre \u00bb ne peut se r\u00e9sumer \u00e0 \u00ab mourir \u00bb, comme \u00ab aimer \u00bb ne peut se r\u00e9sumer \u00e0 souffrir. Ce recueil de pens\u00e9es englobe po\u00e8mes et r\u00e9flexions personnelles qui visent \u00e0 donner un sens \u00e0 ce qui n'en a pas. Vraisemblablement, tout n'a de sens qu'\u00e0 travers le coeur.","authors":["Yassin El Kdim"],"category_codes":["1000000","1090000"],"visuals":{"large":"https:\/\/images.epagine.fr\/746\/9782386738746_1_75.jpg","medium":"https:\/\/images.epagine.fr\/746\/9782386738746_1_m.jpg","thumbnail":"https:\/\/images.epagine.fr\/746\/9782386738746_1_v.jpg"},"orderable":false,"show_badge":true,"formatted_price":"14,90&nbsp;\u20ac","formatted_published_date":"29 mai 2026","publisher_availability_label":"\u00c0 para\u00eetre","short_details":"Yassin El Kdim \u2014 Hello Editions","translator":null,"weight":0,"page_count":118,"readership":null,"editor":"Hello Editions","price":1490,"published_date":"2026-05-28T22:00:00.000000Z","support":"Grand format","publisher_availability":2,"stock":0,"editions":[],"url":"https:\/\/quaidesbrumes.com\/ouvrage\/9782386738746\/mes-nuits-dautomne"},{"id":"9782386738913","title":"Paysages : les visions vagabondes","description":"Dans ce recueil, les mots avancent comme des pas dans un paysage. Au fil des pages, surgissent des fragments de mer, de vent, de nuit, de foule ou de silence. Les images apparaissent, disparaissent, se transforment, comme des visions qui traversent l'esprit au gr\u00e9 du temps et des souvenirs. La po\u00e9sie est faite d'instants saisis sur le vif : un horizon marin, une rue nocturne, une pluie d'\u00e9t\u00e9, un souffle de mistral. Chaque texte esquisse un paysage, ext\u00e9rieur ou int\u00e9rieur, o\u00f9 les sensations et les \u00e9motions s'entrem\u00ealent. Paysages, les visions vagabondes est une promenade po\u00e9tique entre nature et m\u00e9moire, un voyage sensible o\u00f9 les mots dessinent des espaces ouverts, laissant au lecteur la libert\u00e9 d'y parcourir son propre chemin.","authors":["Euphrosine de Colombe"],"category_codes":["1000000","1090000"],"visuals":{"large":"https:\/\/images.epagine.fr\/913\/9782386738913_1_75.jpg","medium":"https:\/\/images.epagine.fr\/913\/9782386738913_1_m.jpg","thumbnail":"https:\/\/images.epagine.fr\/913\/9782386738913_1_v.jpg"},"orderable":false,"show_badge":true,"formatted_price":"13,90&nbsp;\u20ac","formatted_published_date":"29 mai 2026","publisher_availability_label":"\u00c0 para\u00eetre","short_details":"Euphrosine de Colombe \u2014 Hello Editions","translator":null,"weight":0,"page_count":32,"readership":null,"editor":"Hello Editions","price":1390,"published_date":"2026-05-28T22:00:00.000000Z","support":"Grand format","publisher_availability":2,"stock":0,"editions":[],"url":"https:\/\/quaidesbrumes.com\/ouvrage\/9782386738913\/paysages-les-visions-vagabondes"},{"id":"9782386738968","title":"L'Appel du Dragonnier","description":"Tout commence par une image : celle d'un arbre \u00e9trange dont la cime se d\u00e9ploie comme un parasol. Un dragonnier de l'\u00eele de Socotra. De cette apparition na\u00eet un appel int\u00e9rieur qui pousse l'autrice \u00e0 partir. Malgr\u00e9 la guerre au Y\u00e9men, elle d\u00e9cide d'aller \u00e0 la rencontre de cet arbre mythique, dont la r\u00e9sine rouge sang nourrit depuis des mill\u00e9naires l\u00e9gendes et imaginaires. Sur cette \u00eele aux paysages presque irr\u00e9els, elle rencontre p\u00eacheurs, b\u00e9douins et po\u00e8tes, partage leur quotidien et d\u00e9couvre une culture o\u00f9 nature, spiritualit\u00e9 et po\u00e9sie sont intimement li\u00e9es. Entre dunes, lagunes, montagnes et for\u00eats, le voyage devient peu \u00e0 peu une qu\u00eate int\u00e9rieure. Entre r\u00e9cit de voyage et m\u00e9ditation po\u00e9tique, L'Appel du Dragonnier nous entra\u00eene au coeur d'un territoire fragile o\u00f9 se joue aussi l'avenir d'une for\u00eat mill\u00e9naire. Car derri\u00e8re la beaut\u00e9 de Socotra se profile une question essentielle : comment pr\u00e9server ce monde unique menac\u00e9 par les bouleversements contemporains ?","authors":["C\u00e9cile Palusinski"],"category_codes":["1000000","1090000","1090600"],"visuals":{"large":"https:\/\/images.epagine.fr\/968\/9782386738968_1_75.jpg","medium":"https:\/\/images.epagine.fr\/968\/9782386738968_1_m.jpg","thumbnail":"https:\/\/images.epagine.fr\/968\/9782386738968_1_v.jpg"},"orderable":false,"show_badge":true,"formatted_price":"14,90&nbsp;\u20ac","formatted_published_date":"29 mai 2026","publisher_availability_label":"\u00c0 para\u00eetre","short_details":"C\u00e9cile Palusinski \u2014 Hello Editions","translator":null,"weight":0,"page_count":106,"readership":null,"editor":"Hello Editions","price":1490,"published_date":"2026-05-28T22:00:00.000000Z","support":"Grand format","publisher_availability":2,"stock":0,"editions":[],"url":"https:\/\/quaidesbrumes.com\/ouvrage\/9782386738968\/lappel-du-dragonnier"},{"id":"9782414824847","title":"\u00c0 contresens","description":"chercher pourquoi tout \u00e7ase fait sans nous savoirscruter la part du mondeet la part du miroir.","authors":["Herv\u00e9 Richard"],"category_codes":["1000000","1090000"],"visuals":{"large":"https:\/\/images.epagine.fr\/847\/9782414824847_1_75.jpg","medium":"https:\/\/images.epagine.fr\/847\/9782414824847_1_m.jpg","thumbnail":"https:\/\/images.epagine.fr\/847\/9782414824847_1_v.jpg"},"orderable":true,"show_badge":true,"formatted_price":"12,00&nbsp;\u20ac","formatted_published_date":"24 avril 2026","publisher_availability_label":"Sur commande","short_details":"Herv\u00e9 Richard \u2014 Edilivre","translator":null,"weight":115,"page_count":84,"readership":null,"editor":"Edilivre","price":1200,"published_date":"2026-04-23T22:00:00.000000Z","support":"Grand format","publisher_availability":1,"stock":0,"editions":[],"url":"https:\/\/quaidesbrumes.com\/ouvrage\/9782414824847\/a-contresens"},{"id":"9782336000794","title":"Les machinations du sable","description":"L'auteur poursuit sa qu\u00eate enfi\u00e9vr\u00e9e d'une parole po\u00e9tique authentique \u00e0 mi-chemin entre le r\u00e9el et l'imaginaire. Il \u00e9chappe aux \u00e9vidences et c\u00e9l\u00e8bre les instances de la f\u00e9\u00e9rie, dont le d\u00e9sert impr\u00e9visible offre une parfaite illustration.\r","authors":["Jean-claude Abada medjo"],"category_codes":["1000000","1090000"],"visuals":{"large":"https:\/\/images.epagine.fr\/794\/9782336000794_1_75.jpg","medium":"https:\/\/images.epagine.fr\/794\/9782336000794_1_m.jpg","thumbnail":"https:\/\/images.epagine.fr\/794\/9782336000794_1_v.jpg"},"orderable":true,"show_badge":true,"formatted_price":"12,00&nbsp;\u20ac","formatted_published_date":"26 septembre 2012","publisher_availability_label":"Sur commande","short_details":"Jean-claude Abada medjo \u2014 \u00c9ditions L'Harmattan","translator":null,"weight":95,"page_count":null,"readership":null,"editor":"\u00c9ditions L'Harmattan","price":1200,"published_date":"2012-09-25T22:00:00.000000Z","support":"Grand format","publisher_availability":1,"stock":0,"editions":[],"url":"https:\/\/quaidesbrumes.com\/ouvrage\/9782336000794\/les-machinations-du-sable"},{"id":"9782296965041","title":"La reine m\u00e8re et la tani\u00e8re noire","description":"Recherche 9782296965041\r","authors":["Dongmo Feudjo"],"category_codes":["1000000","1090000"],"visuals":{"large":"https:\/\/images.epagine.fr\/041\/9782296965041_1_75.jpg","medium":"https:\/\/images.epagine.fr\/041\/9782296965041_1_m.jpg","thumbnail":"https:\/\/images.epagine.fr\/041\/9782296965041_1_v.jpg"},"orderable":true,"show_badge":true,"formatted_price":"11,00&nbsp;\u20ac","formatted_published_date":"16 avril 2012","publisher_availability_label":"Sur commande","short_details":"Dongmo Feudjo \u2014 \u00c9ditions L'Harmattan","translator":null,"weight":90,"page_count":null,"readership":null,"editor":"\u00c9ditions L'Harmattan","price":1100,"published_date":"2012-04-15T22:00:00.000000Z","support":"Grand format","publisher_availability":1,"stock":0,"editions":[],"url":"https:\/\/quaidesbrumes.com\/ouvrage\/9782296965041\/la-reine-mere-et-la-taniere-noire"},{"id":"9782918566236","title":"L'oiseau ivre de vent","description":null,"authors":["Carmen Pennarun"],"category_codes":["1000000","1090000","1090600"],"visuals":{"large":"https:\/\/quaidesbrumes.com\/img\/book-placeholder.png","medium":"https:\/\/quaidesbrumes.com\/img\/book-placeholder.png","thumbnail":"https:\/\/quaidesbrumes.com\/img\/book-placeholder.png"},"orderable":true,"show_badge":true,"formatted_price":"19,00&nbsp;\u20ac","formatted_published_date":"1er f\u00e9vrier 2012","publisher_availability_label":"Sur commande","short_details":"Carmen Pennarun \u2014 Filosphere","translator":null,"weight":280,"page_count":null,"readership":null,"editor":"Filosphere","price":1900,"published_date":"2012-01-31T23:00:00.000000Z","support":"Grand format","publisher_availability":1,"stock":0,"editions":[],"url":"https:\/\/quaidesbrumes.com\/ouvrage\/9782918566236\/loiseau-ivre-de-vent"},{"id":"9782919609062","title":"Terre noire","description":null,"authors":["Guy Vieilfault"],"category_codes":["1000000","1090000"],"visuals":{"large":"https:\/\/quaidesbrumes.com\/img\/book-placeholder.png","medium":"https:\/\/quaidesbrumes.com\/img\/book-placeholder.png","thumbnail":"https:\/\/quaidesbrumes.com\/img\/book-placeholder.png"},"orderable":true,"show_badge":true,"formatted_price":"12,00&nbsp;\u20ac","formatted_published_date":"30 juin 2012","publisher_availability_label":"Sur commande","short_details":"Guy Vieilfault \u2014 Robin","translator":null,"weight":70,"page_count":null,"readership":null,"editor":"Robin","price":1200,"published_date":"2012-06-29T22:00:00.000000Z","support":"Grand format","publisher_availability":1,"stock":0,"editions":[],"url":"https:\/\/quaidesbrumes.com\/ouvrage\/9782919609062\/terre-noire"},{"id":"9791042467869","title":"Cinq Stations","description":"Cinq stations.\r\nCinq lieux pour traverser ce qui s'effondre sans le maquiller.\r\nDes limbes \u00e0 la br\u00fblure, du march\u00e9 noir des \u00e9motions aux plaines de la m\u00e9lancolie - jusqu'\u00e0 ce moment fragile o\u00f9 l'air revient.\r\nPour celles et ceux qui ont connu la nuit et refusent d'y demeurer.","authors":["Ed'N"],"category_codes":["1000000","1090000"],"visuals":{"large":"https:\/\/images.epagine.fr\/869\/9791042467869_1_75.jpg","medium":"https:\/\/images.epagine.fr\/869\/9791042467869_1_m.jpg","thumbnail":"https:\/\/images.epagine.fr\/869\/9791042467869_1_v.jpg"},"orderable":true,"show_badge":true,"formatted_price":"17,00&nbsp;\u20ac","formatted_published_date":"23 avril 2026","publisher_availability_label":"Sur commande","short_details":"Ed'N \u2014 Bookelis","translator":null,"weight":297,"page_count":242,"readership":null,"editor":"Bookelis","price":1700,"published_date":"2026-04-22T22:00:00.000000Z","support":"Grand format","publisher_availability":1,"stock":0,"editions":[],"url":"https:\/\/quaidesbrumes.com\/ouvrage\/9791042467869\/cinq-stations"},{"id":"9782910703042","title":"Propos","description":null,"authors":["Vadislav Jan"],"category_codes":["1000000","1090000"],"visuals":{"large":"https:\/\/quaidesbrumes.com\/img\/book-placeholder.png","medium":"https:\/\/quaidesbrumes.com\/img\/book-placeholder.png","thumbnail":"https:\/\/quaidesbrumes.com\/img\/book-placeholder.png"},"orderable":true,"show_badge":true,"formatted_price":"11,00&nbsp;\u20ac","formatted_published_date":"10 octobre 1995","publisher_availability_label":"Sur commande","short_details":"Vadislav Jan \u2014 Maison De La Poesie","translator":null,"weight":224,"page_count":null,"readership":null,"editor":"Maison De La Poesie","price":1100,"published_date":"1995-10-09T23:00:00.000000Z","support":"Grand format","publisher_availability":1,"stock":0,"editions":[],"url":"https:\/\/quaidesbrumes.com\/ouvrage\/9782910703042\/propos"},{"id":"9782874065279","title":"Les mots de l'art","description":"Avec \u00ab Les mots de l'art \u00bb, Pierre Taminiaux pr\u00e9sente la peinture comme investissement sensible des r\u00e9alit\u00e9s les plus abstraites, comme perversion du monde ordinaire au profit du monde tel qu'il est ; \u00e0 savoir, myst\u00e9rieux et impensable ! Ici, chaque mot semble \u00ab glisser \u00bb entre les choses et leur repr\u00e9sentation pour \u00e9branler notre imaginaire, \u00e9clairer l'incoh\u00e9rence de nos habitudes mentales et nous amener \u00e0 prendre nos distances avec les savoirs constitu\u00e9s et les dogmatismes en tous genres. Bref, ce livre met \u00e0 mal les pr\u00e9tentions humaines, laisse para\u00eetre de la diff\u00e9rence \u00e0 l'\u00e9tat pur, r\u00e9duit \u00e0 n\u00e9ant l'ordre de la repr\u00e9sentation et peuple le d\u00e9sir d'un mouvement d\u00e9di\u00e9 \u00e0 tout ce qui passe et sans nom demeure... (Pierre Schroven)\r","authors":["Pierre Taminiaux"],"category_codes":["1000000","1090000"],"visuals":{"large":"https:\/\/images.epagine.fr\/279\/9782874065279_1_75.jpg","medium":"https:\/\/images.epagine.fr\/279\/9782874065279_1_m.jpg","thumbnail":"https:\/\/images.epagine.fr\/279\/9782874065279_1_v.jpg"},"orderable":true,"show_badge":true,"formatted_price":"9,00&nbsp;\u20ac","formatted_published_date":"1er janvier 2012","publisher_availability_label":"Sur commande","short_details":"Pierre Taminiaux \u2014 L'Arbre A Paroles","translator":null,"weight":201,"page_count":null,"readership":null,"editor":"L'Arbre A Paroles","price":900,"published_date":"2011-12-31T23:00:00.000000Z","support":"Grand format","publisher_availability":1,"stock":0,"editions":[],"url":"https:\/\/quaidesbrumes.com\/ouvrage\/9782874065279\/les-mots-de-lart"},{"id":"9782343031293","title":"\u00c9pines fleuries","description":"Ces po\u00e8mes datent de plus d'un si\u00e8cle. L'auteur est mon arri\u00e8re-grand-p\u00e8re. Les g\u00e9n\u00e9rations actuelles d\u00e9couvriront sa personalit\u00e9 \u00e0 travers ces po\u00e9sies qu'il a commenc\u00e9es \u00e0 l' \u00e2ge de 25 ans et poursuivies jusqu'\u00e0 sa mort. Elles c\u00e9l\u00e8brent les principales p\u00e9rip\u00e9ties d'une famille nombreuse et heureuse : mariages, noces d'or, amours, nostalgie des ann\u00e9es qui passent et m\u00eame \u00e9v\u00e8nements politiques.\r","authors":["Albert de Vathaire"],"category_codes":["1000000","1090000"],"visuals":{"large":"https:\/\/images.epagine.fr\/293\/9782343031293_1_75.jpg","medium":"https:\/\/images.epagine.fr\/293\/9782343031293_1_m.jpg","thumbnail":"https:\/\/images.epagine.fr\/293\/9782343031293_1_v.jpg"},"orderable":true,"show_badge":true,"formatted_price":"20,50&nbsp;\u20ac","formatted_published_date":"17 avril 2014","publisher_availability_label":"Sur commande","short_details":"Albert de Vathaire \u2014 \u00c9ditions L'Harmattan","translator":null,"weight":250,"page_count":200,"readership":null,"editor":"\u00c9ditions L'Harmattan","price":2050,"published_date":"2014-04-16T22:00:00.000000Z","support":"Grand format","publisher_availability":1,"stock":0,"editions":[],"url":"https:\/\/quaidesbrumes.com\/ouvrage\/9782343031293\/epines-fleuries"},{"id":"9782910703165","title":"Sur les chemins ouverts","description":null,"authors":["De La Poesie Maison"],"category_codes":["1000000","1090000","1090600"],"visuals":{"large":"https:\/\/quaidesbrumes.com\/img\/book-placeholder.png","medium":"https:\/\/quaidesbrumes.com\/img\/book-placeholder.png","thumbnail":"https:\/\/quaidesbrumes.com\/img\/book-placeholder.png"},"orderable":true,"show_badge":true,"formatted_price":"11,00&nbsp;\u20ac","formatted_published_date":"24 novembre 2000","publisher_availability_label":"Sur commande","short_details":"De La Poesie Maison \u2014 Maison De La Poesie","translator":null,"weight":170,"page_count":114,"readership":null,"editor":"Maison De La Poesie","price":1100,"published_date":"2000-11-23T23:00:00.000000Z","support":"Grand format","publisher_availability":1,"stock":0,"editions":[],"url":"https:\/\/quaidesbrumes.com\/ouvrage\/9782910703165\/sur-les-chemins-ouverts"},{"id":"9782868661135","title":"Siam hardits !","description":null,"authors":["Frances Alhet"],"category_codes":["1000000","1090000"],"visuals":{"large":"https:\/\/images.epagine.fr\/135\/9782868661135_1_75.jpg","medium":"https:\/\/images.epagine.fr\/135\/9782868661135_1_m.jpg","thumbnail":"https:\/\/images.epagine.fr\/135\/9782868661135_1_v.jpg"},"orderable":true,"show_badge":true,"formatted_price":"9,00&nbsp;\u20ac","formatted_published_date":"1er juin 2014","publisher_availability_label":"Sur commande","short_details":"Frances Alhet \u2014 Per Noste","translator":null,"weight":170,"page_count":null,"readership":null,"editor":"Per Noste","price":900,"published_date":"2014-05-31T22:00:00.000000Z","support":"Grand format","publisher_availability":1,"stock":0,"editions":[],"url":"https:\/\/quaidesbrumes.com\/ouvrage\/9782868661135\/siam-hardits"},{"id":"9791042725983","title":"Fulgurante honn\u00eatet\u00e9","description":"Les po\u00e8mes ne murmurent plus\u00a0: ils br\u00fblent, ils frappent. Ils claquent comme des portes qu'on ne rouvrira plus.Chaque vers est une d\u00e9flagration qui expose les cicatrices sans chercher \u00e0 les embellir. Tels des \u00e9clats de verre, ils parlent de pressions invisibles, de luttes int\u00e9rieures men\u00e9es \u00e0 huis clos.Ici, la rage n'est pas th\u00e9\u00e2trale, elle est sourde, persistante, organique. Elle couve sous la peau, elle fissure les murs, elle transforme la vuln\u00e9rabilit\u00e9 en r\u00e9sistance.","authors":["Sophie Gueuriot"],"category_codes":["1000000","1090000"],"visuals":{"large":"https:\/\/images.epagine.fr\/983\/9791042725983_1_75.jpg","medium":"https:\/\/images.epagine.fr\/983\/9791042725983_1_m.jpg","thumbnail":"https:\/\/images.epagine.fr\/983\/9791042725983_1_v.jpg"},"orderable":false,"show_badge":true,"formatted_price":"16,00&nbsp;\u20ac","formatted_published_date":null,"publisher_availability_label":"\u00c0 para\u00eetre","short_details":"Sophie Gueuriot \u2014 Nombre 7","translator":null,"weight":0,"page_count":150,"readership":null,"editor":"Nombre 7","price":1600,"published_date":null,"support":"Grand format","publisher_availability":2,"stock":0,"editions":[],"url":"https:\/\/quaidesbrumes.com\/ouvrage\/9791042725983\/fulgurante-honnetete"},{"id":"9791042727635","title":"L'\u00c9cho de Narcisse","description":"Ce recueil po\u00e9tique, n\u00e9 d'une n\u00e9cessit\u00e9 int\u00e9rieure, agit comme une travers\u00e9e, interrogeant la figure du po\u00e8te face \u00e0 lui-m\u00eame. Narcisse n'y est pas le symbole de la vanit\u00e9, mais celui de l'introspection radicale. Se regarder pour comprendre. Plonger en soi pour atteindre une parole qui d\u00e9passe le moi. L'eau, le miroir, la voix et l'\u00e9cho structurent cette qu\u00eate.Il s'inscrit dans une tradition qui convoque le mythe pour \u00e9clairer le pr\u00e9sent, mais il demeure profond\u00e9ment incarn\u00e9.","authors":["Jacques Van Brussel"],"category_codes":["1000000","1090000"],"visuals":{"large":"https:\/\/images.epagine.fr\/635\/9791042727635_1_75.jpg","medium":"https:\/\/images.epagine.fr\/635\/9791042727635_1_m.jpg","thumbnail":"https:\/\/images.epagine.fr\/635\/9791042727635_1_v.jpg"},"orderable":false,"show_badge":true,"formatted_price":"11,50&nbsp;\u20ac","formatted_published_date":null,"publisher_availability_label":"\u00c0 para\u00eetre","short_details":"Jacques Van Brussel \u2014 Nombre 7","translator":null,"weight":0,"page_count":90,"readership":null,"editor":"Nombre 7","price":1150,"published_date":null,"support":"Grand format","publisher_availability":2,"stock":0,"editions":[],"url":"https:\/\/quaidesbrumes.com\/ouvrage\/9791042727635\/lecho-de-narcisse"}]}