{"data":[{"id":"9782352100379","title":"Le regard et l'\u00e9nigme ; oeuvres po\u00e9tiques 1958-2008","description":"L'auteur est n\u00e9 \u00e0 Saint-Henry, entre Marseille et l'Estaque.\r\nIl a re\u00e7u une \u00e9ducation cosmopolite et voyag\u00e9 dans le monde entier, mais il est aussi l'homme de plusieurs terroirs, la Provence, la Bourgogne, l'Ile-de-France: le voyage, proche ou lointain, est pour lui une mesure d'hygi\u00e8ne, une ouverture \u00e0 l'inconnu. Ses po\u00e8mes sont le carnet d'un itin\u00e9rant combl\u00e9, mais qui sait aussi voir nos mis\u00e8res, des famines aux prises d'otages, de la guerre au terrorisme.\r\nPour lui, le r\u00f4le du po\u00e8te est de t\u00e9moigner, ici et maintenant.\r","authors":["Jean Orizet"],"category_codes":["1000000","1090000"],"visuals":{"large":"https:\/\/images.epagine.fr\/379\/9782352100379_1_75.jpg","medium":"https:\/\/images.epagine.fr\/379\/9782352100379_1_m.jpg","thumbnail":"https:\/\/images.epagine.fr\/379\/9782352100379_1_v.jpg"},"orderable":true,"show_badge":true,"formatted_price":"28,00&nbsp;\u20ac","formatted_published_date":"10 octobre 2008","publisher_availability_label":"Sur commande","short_details":"Jean Orizet \u2014 Melis","translator":null,"weight":870,"page_count":null,"readership":null,"editor":"Melis","price":2800,"published_date":"2008-10-09T22:00:00.000000Z","support":"Grand format","publisher_availability":1,"stock":0,"editions":[],"url":"https:\/\/quaidesbrumes.com\/ouvrage\/9782352100379\/le-regard-et-lenigme-oeuvres-poetiques-1958-2008"},{"id":"9782917265116","title":"Depuis des reves et des temps","description":null,"authors":["Schibeny Michele"],"category_codes":["1000000","1090000"],"visuals":{"large":"https:\/\/quaidesbrumes.com\/img\/book-placeholder.png","medium":"https:\/\/quaidesbrumes.com\/img\/book-placeholder.png","thumbnail":"https:\/\/quaidesbrumes.com\/img\/book-placeholder.png"},"orderable":true,"show_badge":true,"formatted_price":"25,00&nbsp;\u20ac","formatted_published_date":"1er septembre 2012","publisher_availability_label":"Sur commande","short_details":"Schibeny Michele \u2014 Inclinations","translator":null,"weight":500,"page_count":null,"readership":null,"editor":"Inclinations","price":2500,"published_date":"2012-08-31T22:00:00.000000Z","support":"Grand format","publisher_availability":1,"stock":0,"editions":[],"url":"https:\/\/quaidesbrumes.com\/ouvrage\/9782917265116\/depuis-des-reves-et-des-temps"},{"id":"9782940393190","title":"Villanelles, triolets \u00e0 la v\u00e9rit\u00e9, lyriques","description":"Villanelles, Triolets \u00e0 la V\u00e9rit\u00e9, LyriquesL'oeuvre po\u00e9tique du Dr. Shuddhananda Bharati prolonge sa qu\u00eate spirituelle. Pour lui, \u00ab le Po\u00e8te est un messager de la V\u00e9rit\u00e9 et de la vie harmonieuse. Sa parole cr\u00e9atrice ouvre les yeux humains \u00e0 la vision du Divin en l'homme. \u00bbLe recueil Villanelles, Triolets \u00e0 la V\u00e9rit\u00e9, Lyriques constitue le premier tome de La Po\u00e9sie de l'\u00e9nergie spirituelle, qui r\u00e9unit les po\u00e8mes \u00e9crits en fran\u00e7ais par le Yogi Shuddhananda Bharati.D'origine italienne, la villanelle (de l'italien villanella d\u00e9rivant du latin villanus, paysan) est, en litt\u00e9rature, une petite po\u00e9sie pastorale \u00e0 forme fixe, divis\u00e9e en couplets qui finissent par le m\u00eame refrain. Au d\u00e9part, la villanelle \u00e9tait une danse rustique accompagn\u00e9e de chants et de m\u00e9lodies. Le rythme des villanelles, le nombre des couplets et des vers varient selon les po\u00e8tes. Souvent, elles ont quatre couplets de huit vers le dernier ou les deux derniers vers du premier couplet sont r\u00e9p\u00e9t\u00e9s en guise de refrain.Le triolet est un couplet de huit vers, dont le premier se r\u00e9p\u00e8te au quatri\u00e8me et le second au huiti\u00e8me, selon le sch\u00e9ma abaA abAB.Le lyrisme (du grec lyre) d\u00e9signe, dans les oeuvres litt\u00e9raires, l'enthousiasme, l'inspiration, l'\u00e9lan des sentiments personnels, qui sont les \u00e9l\u00e9ments sp\u00e9ciaux de la po\u00e9sie lyrique. La lyre \u00e9tant l'instrument de musique par excellence (celui d'Apollon, puis d'Orph\u00e9e), lyrisme d\u00e9signe tout aussi bien, en musique, l'art du chant (vocal, mais \u00e9galement instrumental). La po\u00e9sie lyrique traite des sentiments du po\u00e8te. A ses d\u00e9buts, la po\u00e9sie lyrique est issue des pri\u00e8res et des hymnes religieux. Elle \u00e9tait alors tr\u00e8s proche de la musique, du chant.","authors":["Shuddhananda Bharati"],"category_codes":["1000000","1090000","1090200"],"visuals":{"large":"https:\/\/images.epagine.fr\/190\/9782940393190_1_75.jpg","medium":"https:\/\/images.epagine.fr\/190\/9782940393190_1_m.jpg","thumbnail":"https:\/\/images.epagine.fr\/190\/9782940393190_1_v.jpg"},"orderable":true,"show_badge":true,"formatted_price":"17,50&nbsp;\u20ac","formatted_published_date":"17 juillet 2010","publisher_availability_label":"Sur commande","short_details":"Shuddhananda Bharati \u2014 Assa","translator":null,"weight":200,"page_count":null,"readership":null,"editor":"Assa","price":1750,"published_date":"2010-07-16T22:00:00.000000Z","support":"Grand format","publisher_availability":1,"stock":0,"editions":[],"url":"https:\/\/quaidesbrumes.com\/ouvrage\/9782940393190\/villanelles-triolets-a-la-verite-lyriques"},{"id":"9782849540978","title":"J'ecris avec la terre","description":null,"authors":["Freniere Jean-Mar La"],"category_codes":["1000000","1090000"],"visuals":{"large":"https:\/\/quaidesbrumes.com\/img\/book-placeholder.png","medium":"https:\/\/quaidesbrumes.com\/img\/book-placeholder.png","thumbnail":"https:\/\/quaidesbrumes.com\/img\/book-placeholder.png"},"orderable":true,"show_badge":true,"formatted_price":"14,00&nbsp;\u20ac","formatted_published_date":"20 septembre 2012","publisher_availability_label":"Sur commande","short_details":"Freniere Jean-Mar La \u2014 Chemins De Plume","translator":null,"weight":180,"page_count":null,"readership":null,"editor":"Chemins De Plume","price":1400,"published_date":"2012-09-19T22:00:00.000000Z","support":"Grand format","publisher_availability":1,"stock":0,"editions":[],"url":"https:\/\/quaidesbrumes.com\/ouvrage\/9782849540978\/jecris-avec-la-terre"},{"id":"9782296555150","title":"Couleurs du monde","description":"S'\u00e9merveiller des couleurs du monde, partir en qu\u00eate de l'ailleurs poursuivi par Rimbaud, aimer les visages lointains, d'impatiente tendresse. La nature magnifi\u00e9e, les teintes \u00e9blouissantes, l'offrande sans cesse r\u00e9it\u00e9r\u00e9e de la beaut\u00e9, l'\u00e2me en souffrance aussi dans sa soif de vivre. Les fils se croisent, se nouent, se distendent, ceux des ann\u00e9es \u00e9coul\u00e9es, de l'enfance retrouv\u00e9e, du bonheur enfoui, de l'aujourd'hui revivifi\u00e9. Savoir que tout cela est donn\u00e9. Chemin d'\u00e9ternit\u00e9 dans l'unique Amour.\r","authors":["Sabine Badre"],"category_codes":["1000000","1090000"],"visuals":{"large":"https:\/\/images.epagine.fr\/150\/9782296555150_1_75.jpg","medium":"https:\/\/images.epagine.fr\/150\/9782296555150_1_m.jpg","thumbnail":"https:\/\/images.epagine.fr\/150\/9782296555150_1_v.jpg"},"orderable":true,"show_badge":true,"formatted_price":"11,50&nbsp;\u20ac","formatted_published_date":"21 septembre 2011","publisher_availability_label":"Sur commande","short_details":"Sabine Badre \u2014 \u00c9ditions L'Harmattan","translator":null,"weight":95,"page_count":74,"readership":null,"editor":"\u00c9ditions L'Harmattan","price":1150,"published_date":"2011-09-20T22:00:00.000000Z","support":"Grand format","publisher_availability":1,"stock":0,"editions":[],"url":"https:\/\/quaidesbrumes.com\/ouvrage\/9782296555150\/couleurs-du-monde"},{"id":"9782332903105","title":"Le miroir de mes contemplations","description":null,"authors":["Marianne Ravisy"],"category_codes":["1000000","1090000"],"visuals":{"large":"https:\/\/images.epagine.fr\/105\/9782332903105_1_75.jpg","medium":"https:\/\/images.epagine.fr\/105\/9782332903105_1_m.jpg","thumbnail":"https:\/\/images.epagine.fr\/105\/9782332903105_1_v.jpg"},"orderable":true,"show_badge":true,"formatted_price":"12,00&nbsp;\u20ac","formatted_published_date":"5 mars 2015","publisher_availability_label":"Sur commande","short_details":"Marianne Ravisy \u2014 Edilivre","translator":null,"weight":174,"page_count":82,"readership":null,"editor":"Edilivre","price":1200,"published_date":"2015-03-04T23:00:00.000000Z","support":"Grand format","publisher_availability":1,"stock":0,"editions":[],"url":"https:\/\/quaidesbrumes.com\/ouvrage\/9782332903105\/le-miroir-de-mes-contemplations"},{"id":"9782296560208","title":"\u00e0 la recherche des pas perdus ; accent tonique, po\u00e9sie","description":"Les textes de ce recueil ont \u00e9t\u00e9 r\u00e9dig\u00e9s sur une p\u00e9riode d'environ 20 ann\u00e9es. Avec ce dernier ouvrage, l'auteur continue de  creuser le sillon d'une po\u00e9sie profond\u00e9ment humaniste. Po\u00e8mes ou proses ?... L'\u00e9tonnement po\u00e9tique n'ayant pas de style d\u00e9fini pour s'exprimer, l'amateur de po\u00e9sie est ici invit\u00e9, comme un oenologue, \u00e0 appr\u00e9cier des grands crus diff\u00e9rents.\u0160\r","authors":["Maurice Couquiaud"],"category_codes":["1000000","1090000"],"visuals":{"large":"https:\/\/images.epagine.fr\/208\/9782296560208_1_75.jpg","medium":"https:\/\/images.epagine.fr\/208\/9782296560208_1_m.jpg","thumbnail":"https:\/\/images.epagine.fr\/208\/9782296560208_1_v.jpg"},"orderable":true,"show_badge":true,"formatted_price":"14,00&nbsp;\u20ac","formatted_published_date":"10 f\u00e9vrier 2012","publisher_availability_label":"Sur commande","short_details":"Maurice Couquiaud \u2014 \u00c9ditions L'Harmattan","translator":null,"weight":150,"page_count":null,"readership":null,"editor":"\u00c9ditions L'Harmattan","price":1400,"published_date":"2012-02-09T23:00:00.000000Z","support":"Grand format","publisher_availability":1,"stock":0,"editions":[],"url":"https:\/\/quaidesbrumes.com\/ouvrage\/9782296560208\/a-la-recherche-des-pas-perdus-accent-tonique-poesie"},{"id":"9782312032948","title":"Que serions-nous sans \u00e9motions ? qu\u00e9 ser\u00eda de nosotros sin las emociones ?","description":"Dans le dialogue auteur-lecteur, nous esp\u00e9rons que vous d\u00e9couvrirez de multiples \u00e9chos aux \u00e9motions qui \u00e9maillent le livre. Issues des sentiments humains que nous \u00e9prouvons tous \u00e0 l'un ou l'autre moment de notre vie ! Deux amis, Fran\u00e7ois-Xavier Corazon de J\u00e9sus et Ghislaine Renard vous livrent ici une \u00e9dition bilingue fran\u00e7ais-espagnol, dont elle est l'auteur et lui le traducteur exclusif, qui vous permettra de tisser une toile de mots sensibles entre les deux langues et sera, nous l'esp\u00e9rons, un r\u00e9gal pour les bilingues ou apprentis-bilingues de ce pays, des contr\u00e9es francophones et hispanophones de par le monde. L'illustration du livre est un cadeau de Fran\u00e7ois-Xavier et son \u00e9pouse. Je tiens \u00e0 les en remercier chaleureusement. Bonne lecture \u00e0 toutes et \u00e0 tous.\r","authors":["Ghislaine Renard"],"category_codes":["1000000","1090000"],"visuals":{"large":"https:\/\/images.epagine.fr\/948\/9782312032948_1_75.jpg","medium":"https:\/\/images.epagine.fr\/948\/9782312032948_1_m.jpg","thumbnail":"https:\/\/images.epagine.fr\/948\/9782312032948_1_v.jpg"},"orderable":true,"show_badge":true,"formatted_price":"14,00&nbsp;\u20ac","formatted_published_date":"28 janvier 2015","publisher_availability_label":"Sur commande","short_details":"Ghislaine Renard \u2014 Editions du Net","translator":null,"weight":252,"page_count":null,"readership":null,"editor":"Editions du Net","price":1400,"published_date":"2015-01-27T23:00:00.000000Z","support":"Grand format","publisher_availability":1,"stock":0,"editions":[],"url":"https:\/\/quaidesbrumes.com\/ouvrage\/9782312032948\/que-serions-nous-sans-emotions-que-seria-de-nosotros-sin-las-emociones"},{"id":"9782296965126","title":"L'absente ; pour Gilou","description":"Le po\u00e8me L'Absente est tout de rem\u00e9moration, en un lieu tout d'ind\u00e9termination. En souvenance de la lyrique des trouv\u00e8res, il invoque la \"douce gente dame\", qui r\u00e8gne \"en son absence souveraine\". Le po\u00e8me Pour Gilou est \u00e9crit en m\u00e9moire de G\u00e9rard Emmanuel Rubi et de sa vie \"main sur la coeur\".\r","authors":["G\u00e9rard emmanuel Da silva"],"category_codes":["1000000","1090000"],"visuals":{"large":"https:\/\/images.epagine.fr\/126\/9782296965126_1_75.jpg","medium":"https:\/\/images.epagine.fr\/126\/9782296965126_1_m.jpg","thumbnail":"https:\/\/images.epagine.fr\/126\/9782296965126_1_v.jpg"},"orderable":true,"show_badge":true,"formatted_price":"8,00&nbsp;\u20ac","formatted_published_date":"17 avril 2012","publisher_availability_label":"Sur commande","short_details":"G\u00e9rard emmanuel Da silva \u2014 \u00c9ditions L'Harmattan","translator":null,"weight":60,"page_count":36,"readership":null,"editor":"\u00c9ditions L'Harmattan","price":800,"published_date":"2012-04-16T22:00:00.000000Z","support":"Grand format","publisher_availability":1,"stock":0,"editions":[],"url":"https:\/\/quaidesbrumes.com\/ouvrage\/9782296965126\/labsente-pour-gilou"},{"id":"9782915886283","title":"Et s'il ne parlait pas ?","description":null,"authors":["Amandine Marembert"],"category_codes":["1000000","1090000"],"visuals":{"large":"https:\/\/quaidesbrumes.com\/img\/book-placeholder.png","medium":"https:\/\/quaidesbrumes.com\/img\/book-placeholder.png","thumbnail":"https:\/\/quaidesbrumes.com\/img\/book-placeholder.png"},"orderable":true,"show_badge":true,"formatted_price":"20,00&nbsp;\u20ac","formatted_published_date":"4 juin 2013","publisher_availability_label":"Sur commande","short_details":"Amandine Marembert \u2014 Les Aretes","translator":null,"weight":150,"page_count":null,"readership":null,"editor":"Les Aretes","price":2000,"published_date":"2013-06-03T22:00:00.000000Z","support":"Grand format","publisher_availability":1,"stock":0,"editions":[],"url":"https:\/\/quaidesbrumes.com\/ouvrage\/9782915886283\/et-sil-ne-parlait-pas"},{"id":"9782355770630","title":"Tenir ce qui se tient","description":"La po\u00e9sie de Diana est anim\u00e9e par la capacit\u00e9 lyrique de voir le monde dans un \u00e9lan de gr\u00e2ce du langage. Quelque chose g\u00e9mit dans ces po\u00e8mes, comme du cristal bless\u00e9, du sang s\u00e9ch\u00e9, la bouche de la vase.  En m\u00eame temps, sa po\u00e9sie est patiemment douce, peupl\u00e9e de diminutifs, des mauvaises habitudes du langage, d'apocopes de l'intimit\u00e9 populaire au sein de vers fragiles qui resplendissent, rythmiques, chant\u00e9s, o\u00f9 cette richesse n'est plus brid\u00e9e.  L'oeil de Diana Bellessi ne voit pas les choses comme des objets, mais comme des visages port\u00e9s \u00e0 son attention. L\u00e0 r\u00e9side et se condense son habitat : regarder, parler du regard\u00e9 dans le po\u00e8me, \u00eatre regard\u00e9e et parl\u00e9e dans le langage depuis cette condition mortelle qui donne, \u00e0 la po\u00e8te et \u00e0 toutes les cr\u00e9atures, sa place dans le monde.\r","authors":["Diana Bellessi","Nathalie Greff-Santamaria"],"category_codes":["1000000","1090000"],"visuals":{"large":"https:\/\/images.epagine.fr\/630\/9782355770630_1_75.jpg","medium":"https:\/\/images.epagine.fr\/630\/9782355770630_1_m.jpg","thumbnail":"https:\/\/images.epagine.fr\/630\/9782355770630_1_v.jpg"},"orderable":true,"show_badge":true,"formatted_price":"18,00&nbsp;\u20ac","formatted_published_date":"13 mars 2014","publisher_availability_label":"Sur commande","short_details":"Diana Bellessi, Nathalie Greff-Santamaria \u2014 La Rumeur Libre","translator":"NATHALIE GREFF-SANTAMARIA","weight":401,"page_count":224,"readership":null,"editor":"La Rumeur Libre","price":1800,"published_date":"2014-03-12T23:00:00.000000Z","support":"Grand format","publisher_availability":1,"stock":0,"editions":[],"url":"https:\/\/quaidesbrumes.com\/ouvrage\/9782355770630\/tenir-ce-qui-se-tient"},{"id":"9782897124083","title":"La guerre des fleurs ; codex ferus","description":"R\u00e9quisitoire sauvage au nom du vivant, \"La guerre des fleurs - Codex Ferus\" rassemble les principaux manifestes environnementaux, les d\u00e9clarations d'artiste de Domingo Cisneros et un texte in\u00e9dit, le \"Codex Ferus\", manuel d'enseignements pratiques et spirituels de la vie en for\u00eat. \u00c0 l'image des codex mayas, tolt\u00e8ques et azt\u00e8ques, ces manuscrits peints sur des peaux ou des \u00e9corces repli\u00e9es en accord\u00e9on qui permettaient de l\u00e9guer les connaissances aux g\u00e9n\u00e9rations futures, le \"Codex Ferus\" de Domingo Cisneros est un chant de passation de pouvoirs au souffle tellurique, un livre \u00e0 l'\u00e9clat brut et envo\u00fbtant. Domingo Cisneros d\u00e9crit son livre comme \u00ab un cri pour r\u00e9veiller l'instinct de cr\u00e9ation et de r\u00e9sistance \u00bb. Dans la pr\u00e9face, Laure Morali, qui a coordonn\u00e9 l'\u00e9dition, \u00e9crit : \u00ab Domingo Cisneros a invent\u00e9 une langue magique qui nous relie aux fleurs, aux pierres, aux animaux, et r\u00e9v\u00e8le les fibres invisibles entre l'humain et la plan\u00e8te. Le cri de guerre des fleurs est son cri. L'humour noir, le style f\u00e9roce et la tendresse de l'auteur envers tout ce qui vit \u00e9l\u00e8ve.\r","authors":["Domingo Cisneros"],"category_codes":["1000000","1090000"],"visuals":{"large":"https:\/\/images.epagine.fr\/083\/9782897124083_1_75.jpg","medium":"https:\/\/images.epagine.fr\/083\/9782897124083_1_m.jpg","thumbnail":"https:\/\/images.epagine.fr\/083\/9782897124083_1_v.jpg"},"orderable":true,"show_badge":true,"formatted_price":"16,00&nbsp;\u20ac","formatted_published_date":"10 octobre 2016","publisher_availability_label":"Sur commande","short_details":"Domingo Cisneros \u2014 M\u00e9moire d'Encrier","translator":null,"weight":246,"page_count":null,"readership":null,"editor":"M\u00e9moire d'Encrier","price":1600,"published_date":"2016-10-09T22:00:00.000000Z","support":"Grand format","publisher_availability":1,"stock":0,"editions":[],"url":"https:\/\/quaidesbrumes.com\/ouvrage\/9782897124083\/la-guerre-des-fleurs-codex-ferus"},{"id":"9782322017423","title":"S\u00e9pia","description":"Les mots qu'on ajoute Aux peines Qui viennent, Les gens qui s'\u00e9loignent De nos routes Sans doute, Et quand la souffrance Impose sa pr\u00e9sence, Par hasard, on d\u00e9couvre qu'il...\r\n\r\nPasse, le temps passe, Tant de pas, si peu de traces !\r\nLes images d'autrefois Sont d\u00e9j\u00e0 s\u00e9pia.\r\n\r\n_____________ S\u00e9pia est un recueil de chansons et de po\u00e8mes.\r","authors":["Thierry Brayer"],"category_codes":["1000000","1090000","1090600"],"visuals":{"large":"https:\/\/images.epagine.fr\/423\/9782322017423_1_75.jpg","medium":"https:\/\/images.epagine.fr\/423\/9782322017423_1_m.jpg","thumbnail":"https:\/\/images.epagine.fr\/423\/9782322017423_1_v.jpg"},"orderable":true,"show_badge":true,"formatted_price":"9,90&nbsp;\u20ac","formatted_published_date":"13 mai 2015","publisher_availability_label":"Sur commande","short_details":"Thierry Brayer \u2014 Books on Demand","translator":null,"weight":160,"page_count":144,"readership":null,"editor":"Books on Demand","price":990,"published_date":"2015-05-12T22:00:00.000000Z","support":"Grand format","publisher_availability":1,"stock":0,"editions":[],"url":"https:\/\/quaidesbrumes.com\/ouvrage\/9782322017423\/sepia"},{"id":"9782332625700","title":"Le monde d'un chat ; comptoir de po\u00e8mes","description":"Les textes de ce premier comptoir de po\u00e9sie, d'une originalit\u00e9 surprenante, m\u00ealent la Lune et l'horizon aux serpentins de l'\u00e9cole dans une danse joyeuse et douce un peu assombrie par la Mort qui r\u00f4de, mais Ursuline la chouette veille \u00e0 ce que rien de vraiment f\u00e2cheux ne se produise ici. \r\n\r\nC'est avec subtilit\u00e9 que l'auteur, \u00e0 la plume onirique et passionn\u00e9e, nous emporte dans son univers de d\u00e9tours et de rimes.  Chaque texte est consciencieusement construit pour inviter la lectrice ou le lecteur \u00e0 voyager l'espace d'un instant \u00e0 travers la description de notre monde, dans le matin d'un cr\u00e9puscule des aurores \u00e0 venir...\r\n\r\nCe livre, c'est la patte de velours d'un homme de 34 ans qui vous donne envie d'aimer la Vie, tandis que dans vos r\u00eaves de lin\/lune l'amour sera toujours \u00e0 l'heure.","authors":["Johan G\u00e9ma"],"category_codes":["1000000","1090000"],"visuals":{"large":"https:\/\/images.epagine.fr\/700\/9782332625700_1_75.jpg","medium":"https:\/\/images.epagine.fr\/700\/9782332625700_1_m.jpg","thumbnail":"https:\/\/images.epagine.fr\/700\/9782332625700_1_v.jpg"},"orderable":true,"show_badge":true,"formatted_price":"11,00&nbsp;\u20ac","formatted_published_date":"2 octobre 2020","publisher_availability_label":"Sur commande","short_details":"Johan G\u00e9ma \u2014 Edilivre","translator":null,"weight":100,"page_count":74,"readership":null,"editor":"Edilivre","price":1100,"published_date":"2020-10-01T22:00:00.000000Z","support":"Grand format","publisher_availability":1,"stock":0,"editions":[],"url":"https:\/\/quaidesbrumes.com\/ouvrage\/9782332625700\/le-monde-dun-chat-comptoir-de-poemes"},{"id":"9782812700620","title":"Sourires","description":"Sur linfinitude dun temps o\u00f9 sallient la sagesse du pass\u00e9 et lallant du futur, la \u00ab Passion \u00bb parait \u00eatre chant\u00e9e tout au long des chapitres. Loin d\u00eatre une cause dasservissement comme le consid\u00e9raient les sto\u00efciens, elle devient le moteur dune force irrempla\u00e7able : source dinspiration pour lartiste, de motivation pour le chercheur, \u00e9nergie du travail, outil de l\u00e9dification, la passion est pour lHomme cette flamme qui transforme le r\u00eave en une volont\u00e9 inlassable capable de changer le cours de lhistoire, le sens de lavenir. Avec une philosophie o\u00f9 se m\u00ealent po\u00e9sie et spiritualit\u00e9, cet ouvrage sattache \u00e0 \u00e9clairer toujours le c\u00f4t\u00e9 le plus gai de lastre quest notre vie.\r","authors":["V\u00e9ronique Mas"],"category_codes":["1000000","1090000"],"visuals":{"large":"https:\/\/images.epagine.fr\/620\/9782812700620_1_75.jpg","medium":"https:\/\/images.epagine.fr\/620\/9782812700620_1_m.jpg","thumbnail":"https:\/\/images.epagine.fr\/620\/9782812700620_1_v.jpg"},"orderable":true,"show_badge":true,"formatted_price":"15,00&nbsp;\u20ac","formatted_published_date":"15 mai 2009","publisher_availability_label":"Sur commande","short_details":"V\u00e9ronique Mas \u2014 Presses Du Midi","translator":null,"weight":180,"page_count":132,"readership":null,"editor":"Presses Du Midi","price":1500,"published_date":"2009-05-14T22:00:00.000000Z","support":"Grand format","publisher_availability":1,"stock":0,"editions":[],"url":"https:\/\/quaidesbrumes.com\/ouvrage\/9782812700620\/sourires"},{"id":"9782312011264","title":"Amour \u00e0 Sahen","description":"Il y a pr\u00e8s de 40 ans, l'amour m'apparaissait comme un sentiment schizophr\u00e9nique qui se plait \u00e0 porter un double visage : celui des cieux comme un intense bonheur quasi irr\u00e9el et celui des affres des douleurs des enfers. Si sa flamme br\u00fble et consume pour \u00e9lever et porter, elle br\u00fble et consume aussi pour enfoncer et annihiler. Et pourtant il a fallu 40 ans pour apprendre et assimiler l'enseignement de l'\u00e9cole de la vie \u00e0 savoir : l'amour est le seul sentiment qui vaut la peine d'\u00eatre v\u00e9cu par l'Homme. Aussi aujourd'hui, je regarde avec un brin amus\u00e9, cette griffure enfin accept\u00e9e et donc apais\u00e9e, ce don de Dieu aux hommes.\r","authors":["Jean-claude Mounkala"],"category_codes":["1000000","1090000"],"visuals":{"large":"https:\/\/images.epagine.fr\/264\/9782312011264_1_75.jpg","medium":"https:\/\/images.epagine.fr\/264\/9782312011264_1_m.jpg","thumbnail":"https:\/\/images.epagine.fr\/264\/9782312011264_1_v.jpg"},"orderable":true,"show_badge":true,"formatted_price":"12,00&nbsp;\u20ac","formatted_published_date":"19 juin 2013","publisher_availability_label":"Sur commande","short_details":"Jean-claude Mounkala \u2014 Editions du Net","translator":null,"weight":56,"page_count":70,"readership":null,"editor":"Editions du Net","price":1200,"published_date":"2013-06-18T22:00:00.000000Z","support":"Grand format","publisher_availability":1,"stock":0,"editions":[],"url":"https:\/\/quaidesbrumes.com\/ouvrage\/9782312011264\/amour-a-sahen"},{"id":"9791091197090","title":"Mots et couleurs Tome 2","description":null,"authors":["Baret","Payet"],"category_codes":["1000000","1090000"],"visuals":{"large":"https:\/\/quaidesbrumes.com\/img\/book-placeholder.png","medium":"https:\/\/quaidesbrumes.com\/img\/book-placeholder.png","thumbnail":"https:\/\/quaidesbrumes.com\/img\/book-placeholder.png"},"orderable":true,"show_badge":true,"formatted_price":"18,95&nbsp;\u20ac","formatted_published_date":"18 ao\u00fbt 2012","publisher_availability_label":"Sur commande","short_details":"Baret, Payet \u2014 MEMO LANDE","translator":null,"weight":135,"page_count":null,"readership":null,"editor":"MEMO LANDE","price":1895,"published_date":"2012-08-17T22:00:00.000000Z","support":"Grand format","publisher_availability":1,"stock":0,"editions":[],"url":"https:\/\/quaidesbrumes.com\/ouvrage\/9791091197090\/mots-et-couleurs-tome-2"},{"id":"9782845622029","title":"A partir d'un rien, anthologie","description":null,"authors":["Collectif"],"category_codes":["1000000","1090000"],"visuals":{"large":"https:\/\/images.epagine.fr\/029\/9782845622029_1_75.jpg","medium":"https:\/\/images.epagine.fr\/029\/9782845622029_1_m.jpg","thumbnail":"https:\/\/images.epagine.fr\/029\/9782845622029_1_v.jpg"},"orderable":true,"show_badge":true,"formatted_price":"8,00&nbsp;\u20ac","formatted_published_date":"28 f\u00e9vrier 2012","publisher_availability_label":"Sur commande","short_details":"Collectif \u2014 La Passe Du Vent","translator":null,"weight":128,"page_count":null,"readership":null,"editor":"La Passe Du Vent","price":800,"published_date":"2012-02-27T23:00:00.000000Z","support":"Grand format","publisher_availability":1,"stock":0,"editions":[],"url":"https:\/\/quaidesbrumes.com\/ouvrage\/9782845622029\/a-partir-dun-rien-anthologie"},{"id":"9782352081043","title":"Les olifants de la m\u00e9moire","description":"Camille Jaouen est n\u00e9 en 1949 \u00e0 Pont-L'abb\u00e9 dans le pays bigouden et vit aujourd'hui \u00e0 Qu\u00e9ven, dans le Morbihan, pr\u00e8s de Lorient.\r\nCe recueil de po\u00e8mes, \u00e9dit\u00e9 par les \u00c9ditions du Bord du Lot pour r\u00e9compenser le laur\u00e9at du Prix de po\u00e9sie Bordulot 2012, est un ensemble de textes \u00e9crits majoritairement en vers classiques, qui parlent, dans un langage \u00e9mouvant et simple, accessible \u00e0 tous, des choses de la vie - dont le d\u00e9c\u00e8s r\u00e9cent d'un fr\u00e8re - avec une tendresse un peu refoul\u00e9e qui leur donne ce ton m\u00e9lancolique, doux-amer, un tantinet d\u00e9sabus\u00e9.\r","authors":["Camille Jaouen"],"category_codes":["1000000","1090000"],"visuals":{"large":"https:\/\/images.epagine.fr\/043\/9782352081043_1_75.jpg","medium":"https:\/\/images.epagine.fr\/043\/9782352081043_1_m.jpg","thumbnail":"https:\/\/images.epagine.fr\/043\/9782352081043_1_v.jpg"},"orderable":true,"show_badge":true,"formatted_price":"15,00&nbsp;\u20ac","formatted_published_date":"8 novembre 2012","publisher_availability_label":"Sur commande","short_details":"Camille Jaouen \u2014 Bord Du Lot","translator":null,"weight":110,"page_count":null,"readership":null,"editor":"Bord Du Lot","price":1500,"published_date":"2012-11-07T23:00:00.000000Z","support":"Grand format","publisher_availability":1,"stock":0,"editions":[],"url":"https:\/\/quaidesbrumes.com\/ouvrage\/9782352081043\/les-olifants-de-la-memoire"},{"id":"9782842737825","title":"Ce lien secret qui les rassemble","description":null,"authors":["Jean-luc Pouliquen"],"category_codes":["1000000","1090000"],"visuals":{"large":"https:\/\/quaidesbrumes.com\/img\/book-placeholder.png","medium":"https:\/\/quaidesbrumes.com\/img\/book-placeholder.png","thumbnail":"https:\/\/quaidesbrumes.com\/img\/book-placeholder.png"},"orderable":true,"show_badge":true,"formatted_price":"19,00&nbsp;\u20ac","formatted_published_date":"1er novembre 2010","publisher_availability_label":"Sur commande","short_details":"Jean-luc Pouliquen \u2014 Petit Vehicule","translator":null,"weight":450,"page_count":null,"readership":null,"editor":"Petit Vehicule","price":1900,"published_date":"2010-10-31T23:00:00.000000Z","support":"Grand format","publisher_availability":1,"stock":0,"editions":[],"url":"https:\/\/quaidesbrumes.com\/ouvrage\/9782842737825\/ce-lien-secret-qui-les-rassemble"},{"id":"9782322034581","title":"Arcs-en-ciel","description":"Liz et ses arcs en ciel... \r\nDes pages de vie, des sentiments qui coulent parfois en rus de bonheur, parfois en rivi\u00e8res de larmes. Mais, qui, s'illuminent aux couleurs arc-en-ciel de l'amour. Elle porte au coeur de son \u00e2me toute la po\u00e9sie ancestrale de son pays, la Roumanie.\r\nDe la lumi\u00e8re de Mihail Eminescu aux po\u00e8tes d'aujourd'hui, ce pays s'est impr\u00e9gn\u00e9 de po\u00e9sie et d'amour. Et Liz est n\u00e9e dans cette atmosph\u00e8re, l'a respir\u00e9e, l'a v\u00e9cue toute sa vie.\r\nSa po\u00e9sie est la quintessence de ce monde.\r","authors":["Liz Randja"],"category_codes":["1000000","1090000"],"visuals":{"large":"https:\/\/images.epagine.fr\/581\/9782322034581_1_75.jpg","medium":"https:\/\/images.epagine.fr\/581\/9782322034581_1_m.jpg","thumbnail":"https:\/\/images.epagine.fr\/581\/9782322034581_1_v.jpg"},"orderable":true,"show_badge":true,"formatted_price":"15,00&nbsp;\u20ac","formatted_published_date":"19 novembre 2013","publisher_availability_label":"Sur commande","short_details":"Liz Randja \u2014 Books on Demand","translator":null,"weight":401,"page_count":96,"readership":null,"editor":"Books on Demand","price":1500,"published_date":"2013-11-18T23:00:00.000000Z","support":"Grand format","publisher_availability":1,"stock":0,"editions":[],"url":"https:\/\/quaidesbrumes.com\/ouvrage\/9782322034581\/arcs-en-ciel"},{"id":"9782919121113","title":"D\u00e9clinaisons","description":null,"authors":["Fr\u00e9d\u00e9ric Adam"],"category_codes":["1000000","1090000"],"visuals":{"large":"https:\/\/images.epagine.fr\/113\/9782919121113_1_75.jpg","medium":"https:\/\/images.epagine.fr\/113\/9782919121113_1_m.jpg","thumbnail":"https:\/\/images.epagine.fr\/113\/9782919121113_1_v.jpg"},"orderable":true,"show_badge":true,"formatted_price":"20,00&nbsp;\u20ac","formatted_published_date":"16 mars 2013","publisher_availability_label":"Sur commande","short_details":"Fr\u00e9d\u00e9ric Adam \u2014 ECARTS","translator":null,"weight":180,"page_count":null,"readership":null,"editor":"ECARTS","price":2000,"published_date":"2013-03-15T23:00:00.000000Z","support":"Grand format","publisher_availability":1,"stock":0,"editions":[],"url":"https:\/\/quaidesbrumes.com\/ouvrage\/9782919121113\/declinaisons"},{"id":"9782874597749","title":"Choses dites, choses tues","description":null,"authors":["Nathalie d. Druant"],"category_codes":["1000000","1090000"],"visuals":{"large":"https:\/\/quaidesbrumes.com\/img\/book-placeholder.png","medium":"https:\/\/quaidesbrumes.com\/img\/book-placeholder.png","thumbnail":"https:\/\/quaidesbrumes.com\/img\/book-placeholder.png"},"orderable":true,"show_badge":true,"formatted_price":"9,30&nbsp;\u20ac","formatted_published_date":"22 mai 2014","publisher_availability_label":"Sur commande","short_details":"Nathalie d. Druant \u2014 Chloe Des Lys","translator":null,"weight":50,"page_count":null,"readership":null,"editor":"Chloe Des Lys","price":930,"published_date":"2014-05-21T22:00:00.000000Z","support":"Grand format","publisher_availability":1,"stock":0,"editions":[],"url":"https:\/\/quaidesbrumes.com\/ouvrage\/9782874597749\/choses-dites-choses-tues"},{"id":"9782312122007","title":"En m\u00e9moire de ma m\u00e9moire","description":"Un cocktail constitu\u00e9 des textes \u00e0 tonalit\u00e9 lyrique dans la mesure o\u00f9 ils expriment les sentiments que l'auteur a voulu faire partager \u00e0 ses lecteurs les diff\u00e9rents sentiments comme: les maux qui minent son environnement et son quotidien, de son c\u00f4t\u00e9 obscur et un esprit rebelle d\u00e9non\u00e7ant avec force: le tribalisme, l'utilisation des enfants soldats, les enfants de la rue, la destruction de la plan\u00e8te, la mal gouvernance dans plusieurs \u00c9tats Africains, etc. surtout v\u00e9hiculant un profond \u00e9lan d'amour entre \u00catres vivants au-del\u00e0 de leur diff\u00e9rence r\u00e9sum\u00e9 par: Si je pouvais d\u00e9crire, La Beaut\u00e9 de ton \u00eatre, Il me faudrait t'\u00e9crire, Bien plus que cette lettre.","authors":["Pierre Chassagne bilaye malonga"],"category_codes":["1000000","1090000"],"visuals":{"large":"https:\/\/images.epagine.fr\/007\/9782312122007_1_75.jpg","medium":"https:\/\/images.epagine.fr\/007\/9782312122007_1_m.jpg","thumbnail":"https:\/\/images.epagine.fr\/007\/9782312122007_1_v.jpg"},"orderable":true,"show_badge":true,"formatted_price":"13,00&nbsp;\u20ac","formatted_published_date":"21 juin 2022","publisher_availability_label":"Sur commande","short_details":"Pierre Chassagne bilaye malonga \u2014 Editions du Net","translator":null,"weight":83,"page_count":78,"readership":null,"editor":"Editions du Net","price":1300,"published_date":"2022-06-20T22:00:00.000000Z","support":"Grand format","publisher_availability":1,"stock":0,"editions":[],"url":"https:\/\/quaidesbrumes.com\/ouvrage\/9782312122007\/en-memoire-de-ma-memoire"}]}