{"data":[{"id":"9782378279165","title":"\u00c9chos de l'\u00e2me","description":"Ce recueil de po\u00e8mes, intimiste et vibrant, traite de th\u00e9matiques fortes et f\u00e9d\u00e9ratrices telles que l'amour, la beaut\u00e9, la sensibilit\u00e9, la nature, la l\u00e9gende, l'histoire et la guerre ou le rapport au temps qui passe. Il est \u00e0 la fois une exploration lyrique et une c\u00e9l\u00e9bration de la condition humaine.\r\nChaque po\u00e8me est une fen\u00eatre ouverte sur l'\u00e2me, invitant le lecteur \u00e0 un voyage introspectif \u00e0 travers des paysages \u00e9motionnels vari\u00e9s. Des vers d\u00e9licats et puissants se succ\u00e8dent, \u00e9voquant avec finesse les nuances de la vie, des moments d'exaltation joyeuse aux abysses de la m\u00e9lancolie. La langue est \u00e0 la fois riche et accessible, cr\u00e9ant des images vivantes qui r\u00e9sonnent longtemps apr\u00e8s la lecture. Ce recueil est une ode \u00e0 la beaut\u00e9 du monde et \u00e0 la complexit\u00e9 des sentiments humains, un t\u00e9moignage poignant de la capacit\u00e9 de la po\u00e9sie \u00e0 toucher le coeur et \u00e0 \u00e9veiller l'esprit.","authors":["Marc Benredjem"],"category_codes":["1000000","1090000"],"visuals":{"large":"https:\/\/images.epagine.fr\/165\/9782378279165_1_75.jpg","medium":"https:\/\/images.epagine.fr\/165\/9782378279165_1_m.jpg","thumbnail":"https:\/\/images.epagine.fr\/165\/9782378279165_1_v.jpg"},"orderable":true,"show_badge":true,"formatted_price":"18,00&nbsp;\u20ac","formatted_published_date":"19 janvier 2024","publisher_availability_label":"Sur commande","short_details":"Marc Benredjem \u2014 SPINELLE","translator":null,"weight":306,"page_count":246,"readership":null,"editor":"SPINELLE","price":1800,"published_date":"2024-01-18T23:00:00.000000Z","support":"Grand format","publisher_availability":1,"stock":0,"editions":[],"url":"https:\/\/quaidesbrumes.com\/ouvrage\/9782378279165\/echos-de-lame"},{"id":"9782849243626","title":"Un fil de trame","description":null,"authors":["Applanat Nicolet K."],"category_codes":["1000000","1090000"],"visuals":{"large":"https:\/\/images.epagine.fr\/626\/9782849243626_1_75.jpg","medium":"https:\/\/images.epagine.fr\/626\/9782849243626_1_m.jpg","thumbnail":"https:\/\/images.epagine.fr\/626\/9782849243626_1_v.jpg"},"orderable":true,"show_badge":true,"formatted_price":"13,00&nbsp;\u20ac","formatted_published_date":"15 avril 2014","publisher_availability_label":"Sur commande","short_details":"Applanat Nicolet K. \u2014 Editions Du Cygne","translator":null,"weight":200,"page_count":null,"readership":null,"editor":"Editions Du Cygne","price":1300,"published_date":"2014-04-14T22:00:00.000000Z","support":"Grand format","publisher_availability":1,"stock":0,"editions":[],"url":"https:\/\/quaidesbrumes.com\/ouvrage\/9782849243626\/un-fil-de-trame"},{"id":"9782915235487","title":"En aiguise de fragments...","description":null,"authors":["Catherine Cardon"],"category_codes":["1000000","1090000"],"visuals":{"large":"https:\/\/quaidesbrumes.com\/img\/book-placeholder.png","medium":"https:\/\/quaidesbrumes.com\/img\/book-placeholder.png","thumbnail":"https:\/\/quaidesbrumes.com\/img\/book-placeholder.png"},"orderable":true,"show_badge":true,"formatted_price":"20,00&nbsp;\u20ac","formatted_published_date":"3 janvier 2008","publisher_availability_label":"Sur commande","short_details":"Catherine Cardon \u2014 Encre Et Lumiere","translator":null,"weight":200,"page_count":null,"readership":null,"editor":"Encre Et Lumiere","price":2000,"published_date":"2008-01-02T23:00:00.000000Z","support":"Grand format","publisher_availability":1,"stock":0,"editions":[],"url":"https:\/\/quaidesbrumes.com\/ouvrage\/9782915235487\/en-aiguise-de-fragments"},{"id":"9782854465198","title":"L'ivre de bords","description":"Livre d'un po\u00e8te de la marge, volontairement des bords, dont le souffle ivre de mots, d'exclamation, d'interrogation, vous soul\u00e8ve par l'\u00e9tonnement l'inhabituel des associations, des images sans concession :\r\n\r\n\" Expectore vieux maussade Expectore m\u00eame \u00e0 travers Crache sur tout ce qui cr\u00e2ne... \" Il y a de la jouissance rabelaisienne du vocabulaire, des sonorit\u00e9s ; une ivresse \u00e0 saisir avant La Finale:\r\n\r\n\"Faut une fin finale Une fin apr\u00e8s laquelle il n'y aura plus de fin De faim de frime de petite fic\u00e8le de fumerolle...\r\n\r\nC'est con la mort Comme la mort Meuh ! \" Accompagn\u00e9 par les dessins tout aussi inattendus et cr\u00e9atifs de Tristan Felix, nous parcourons dans L'ivre de bords une piste \u00e9troite de surprises tonifiantes.","authors":["Maurice Mourier"],"category_codes":["1000000","1090000"],"visuals":{"large":"https:\/\/images.epagine.fr\/198\/9782854465198_1_75.jpg","medium":"https:\/\/images.epagine.fr\/198\/9782854465198_1_m.jpg","thumbnail":"https:\/\/images.epagine.fr\/198\/9782854465198_1_v.jpg"},"orderable":true,"show_badge":true,"formatted_price":"20,00&nbsp;\u20ac","formatted_published_date":"1er janvier 2013","publisher_availability_label":"Sur commande","short_details":"Maurice Mourier \u2014 Caracteres","translator":null,"weight":127,"page_count":null,"readership":null,"editor":"Caracteres","price":2000,"published_date":"2012-12-31T23:00:00.000000Z","support":"Grand format","publisher_availability":1,"stock":0,"editions":[],"url":"https:\/\/quaidesbrumes.com\/ouvrage\/9782854465198\/livre-de-bords"},{"id":"9782322035656","title":"Paroles d'oiseau","description":"Paroles d'Oiseau, 31 petites fables pour les 31 jours du mois de mai.  Permettez \u00e0 l'oiseau de venir se poser sur votre \u00e9paule pour vous chuchoter \u00e0 l'oreille ces petites fables qui nous parlent de l'\u00eatre, de la terre et du renouveau.  de 10 \u00e0 99ans,  31 illustrations originales de l'auteur","authors":["Didier Eudes"],"category_codes":["1000000","1090000"],"visuals":{"large":"https:\/\/images.epagine.fr\/656\/9782322035656_1_75.jpg","medium":"https:\/\/images.epagine.fr\/656\/9782322035656_1_m.jpg","thumbnail":"https:\/\/images.epagine.fr\/656\/9782322035656_1_v.jpg"},"orderable":true,"show_badge":true,"formatted_price":"13,00&nbsp;\u20ac","formatted_published_date":"10 avril 2014","publisher_availability_label":"Sur commande","short_details":"Didier Eudes \u2014 Books on Demand","translator":null,"weight":301,"page_count":144,"readership":null,"editor":"Books on Demand","price":1300,"published_date":"2014-04-09T22:00:00.000000Z","support":"Grand format","publisher_availability":1,"stock":0,"editions":[],"url":"https:\/\/quaidesbrumes.com\/ouvrage\/9782322035656\/paroles-doiseau"},{"id":"9782296542891","title":"Love live light poems","description":"Love, Live, Light is a poetry book that enlightens you in all aspects of live, especially aspects which outweigh our century... Love as sweet & bitter as it can be... but Live to hold on unto, no matter how deep the creek you felle in... and Light your source of stimulation, the one of endurance (hope) and benefits in your new stand point...","authors":["R\u00e9gine milena Gracy"],"category_codes":["1000000","1090000"],"visuals":{"large":"https:\/\/images.epagine.fr\/891\/9782296542891_1_75.jpg","medium":"https:\/\/images.epagine.fr\/891\/9782296542891_1_m.jpg","thumbnail":"https:\/\/images.epagine.fr\/891\/9782296542891_1_v.jpg"},"orderable":true,"show_badge":true,"formatted_price":"13,00&nbsp;\u20ac","formatted_published_date":"11 f\u00e9vrier 2011","publisher_availability_label":"Sur commande","short_details":"R\u00e9gine milena Gracy \u2014 \u00c9ditions L'Harmattan","translator":null,"weight":150,"page_count":114,"readership":null,"editor":"\u00c9ditions L'Harmattan","price":1300,"published_date":"2011-02-10T23:00:00.000000Z","support":"Grand format","publisher_availability":1,"stock":0,"editions":[],"url":"https:\/\/quaidesbrumes.com\/ouvrage\/9782296542891\/love-live-light-poems"},{"id":"9782322035502","title":"Alg\u00e9rie mon amour","description":"Algerie mon Amour, Voyage Int\u00e9rieur est un ouvrage po\u00e9tique et photographique.","authors":["Karim Hardy-a\u00eft-adjedjou"],"category_codes":["1000000","1090000"],"visuals":{"large":"https:\/\/images.epagine.fr\/502\/9782322035502_1_75.jpg","medium":"https:\/\/images.epagine.fr\/502\/9782322035502_1_m.jpg","thumbnail":"https:\/\/images.epagine.fr\/502\/9782322035502_1_v.jpg"},"orderable":true,"show_badge":true,"formatted_price":"38,90&nbsp;\u20ac","formatted_published_date":"10 avril 2014","publisher_availability_label":"Sur commande","short_details":"Karim Hardy-a\u00eft-adjedjou \u2014 Books on Demand","translator":null,"weight":801,"page_count":104,"readership":null,"editor":"Books on Demand","price":3890,"published_date":"2014-04-09T22:00:00.000000Z","support":"Grand format","publisher_availability":1,"stock":0,"editions":[],"url":"https:\/\/quaidesbrumes.com\/ouvrage\/9782322035502\/algerie-mon-amour"},{"id":"9782915235555","title":"En visitant la grande galerie du jardin des plantes","description":null,"authors":["Ren\u00e9 Pons"],"category_codes":["1000000","1090000"],"visuals":{"large":"https:\/\/quaidesbrumes.com\/img\/book-placeholder.png","medium":"https:\/\/quaidesbrumes.com\/img\/book-placeholder.png","thumbnail":"https:\/\/quaidesbrumes.com\/img\/book-placeholder.png"},"orderable":true,"show_badge":true,"formatted_price":"10,00&nbsp;\u20ac","formatted_published_date":"15 octobre 2009","publisher_availability_label":"Sur commande","short_details":"Ren\u00e9 Pons \u2014 Encre Et Lumiere","translator":null,"weight":80,"page_count":null,"readership":null,"editor":"Encre Et Lumiere","price":1000,"published_date":"2009-10-14T22:00:00.000000Z","support":"Grand format","publisher_availability":1,"stock":0,"editions":[],"url":"https:\/\/quaidesbrumes.com\/ouvrage\/9782915235555\/en-visitant-la-grande-galerie-du-jardin-des-plantes"},{"id":"9782919137022","title":"Sang vieilli","description":null,"authors":["Parra"],"category_codes":["1000000","1090000"],"visuals":{"large":"https:\/\/quaidesbrumes.com\/img\/book-placeholder.png","medium":"https:\/\/quaidesbrumes.com\/img\/book-placeholder.png","thumbnail":"https:\/\/quaidesbrumes.com\/img\/book-placeholder.png"},"orderable":true,"show_badge":true,"formatted_price":"15,00&nbsp;\u20ac","formatted_published_date":"8 septembre 2010","publisher_availability_label":"Sur commande","short_details":"Parra \u2014 Dessables","translator":null,"weight":120,"page_count":86,"readership":null,"editor":"Dessables","price":1500,"published_date":"2010-09-07T22:00:00.000000Z","support":"Grand format","publisher_availability":1,"stock":0,"editions":[],"url":"https:\/\/quaidesbrumes.com\/ouvrage\/9782919137022\/sang-vieilli"},{"id":"9782322031238","title":"Po\u00e9sies ; 1983-2013","description":"Recueil de po\u00e9sies r\u00e9alis\u00e9es sur 30 ans entre 1983 et 2013.\r\n Plusieurs grands th\u00e8mes abord\u00e9s et exercices de style r\u00e9alis\u00e9s.","authors":["Charlotte Gandon-sachs"],"category_codes":["1000000","1090000"],"visuals":{"large":"https:\/\/images.epagine.fr\/238\/9782322031238_1_75.jpg","medium":"https:\/\/images.epagine.fr\/238\/9782322031238_1_m.jpg","thumbnail":"https:\/\/images.epagine.fr\/238\/9782322031238_1_v.jpg"},"orderable":true,"show_badge":true,"formatted_price":"6,90&nbsp;\u20ac","formatted_published_date":"11 novembre 2013","publisher_availability_label":"Sur commande","short_details":"Charlotte Gandon-sachs \u2014 Books on Demand","translator":null,"weight":201,"page_count":56,"readership":null,"editor":"Books on Demand","price":690,"published_date":"2013-11-10T23:00:00.000000Z","support":"Grand format","publisher_availability":1,"stock":0,"editions":[],"url":"https:\/\/quaidesbrumes.com\/ouvrage\/9782322031238\/poesies-1983-2013"},{"id":"9782826020011","title":"Tr\u00e9sors de la vie","description":"Quand on a l\u00b4\u00e2me d\u00b4une po\u00e9tesse, chaque \u00e9v\u00e9nement de la vie (anniversaire, voyage, d\u00e9c\u00e8s, visite d\u00b4un animal, c\u00e9l\u00e9bration nationale, lecture d\u00b4un texte biblique) peut \u00eatre l\u00b4occasion d\u00b4une mise en rimes qui souligne et immortalise son","authors":["Eliane Chapuis"],"category_codes":["1000000","1090000"],"visuals":{"large":"https:\/\/images.epagine.fr\/011\/9782826020011_1_75.jpg","medium":"https:\/\/images.epagine.fr\/011\/9782826020011_1_m.jpg","thumbnail":"https:\/\/images.epagine.fr\/011\/9782826020011_1_v.jpg"},"orderable":true,"show_badge":true,"formatted_price":"13,50&nbsp;\u20ac","formatted_published_date":"30 octobre 2013","publisher_availability_label":"Sur commande","short_details":"Eliane Chapuis \u2014 Scripsi","translator":null,"weight":0,"page_count":null,"readership":null,"editor":"Scripsi","price":1350,"published_date":"2013-10-29T23:00:00.000000Z","support":"Grand format","publisher_availability":1,"stock":0,"editions":[],"url":"https:\/\/quaidesbrumes.com\/ouvrage\/9782826020011\/tresors-de-la-vie"},{"id":"9782854464993","title":"Feuillets apocryphes","description":null,"authors":["Ph\u00e8ne"],"category_codes":["1000000","1090000"],"visuals":{"large":"https:\/\/quaidesbrumes.com\/img\/book-placeholder.png","medium":"https:\/\/quaidesbrumes.com\/img\/book-placeholder.png","thumbnail":"https:\/\/quaidesbrumes.com\/img\/book-placeholder.png"},"orderable":true,"show_badge":true,"formatted_price":"10,00&nbsp;\u20ac","formatted_published_date":"1er avril 2012","publisher_availability_label":"Sur commande","short_details":"Ph\u00e8ne \u2014 Caracteres","translator":null,"weight":92,"page_count":null,"readership":null,"editor":"Caracteres","price":1000,"published_date":"2012-03-31T22:00:00.000000Z","support":"Grand format","publisher_availability":1,"stock":0,"editions":[],"url":"https:\/\/quaidesbrumes.com\/ouvrage\/9782854464993\/feuillets-apocryphes"},{"id":"9782491473105","title":"\u00e9crits \u00e0 voix haute","description":"\u00abUn po\u00e8me, \u00e7a ne s'\u00e9crit pas, \u00e7a se dit\u00bb. Ce sont les premiers vers de ce recueil par lequel Aziz Azed nous entraine dans son univers et c'est bien la musique de cette voix qu'il faut entendre. Un chant qui nous prend et nous bouleverse.","authors":["Azed Ized"],"category_codes":["1000000","1090000"],"visuals":{"large":"https:\/\/images.epagine.fr\/105\/9782491473105_1_75.jpg","medium":"https:\/\/images.epagine.fr\/105\/9782491473105_1_m.jpg","thumbnail":"https:\/\/images.epagine.fr\/105\/9782491473105_1_v.jpg"},"orderable":true,"show_badge":true,"formatted_price":"12,00&nbsp;\u20ac","formatted_published_date":"10 avril 2021","publisher_availability_label":"Sur commande","short_details":"Azed Ized \u2014 L'Artbouquine","translator":null,"weight":102,"page_count":74,"readership":null,"editor":"L'Artbouquine","price":1200,"published_date":"2021-04-09T22:00:00.000000Z","support":"Grand format","publisher_availability":1,"stock":0,"editions":[],"url":"https:\/\/quaidesbrumes.com\/ouvrage\/9782491473105\/ecrits-a-voix-haute"},{"id":"9782336004129","title":"Br\u00e8ve anthologie ; bilingue Francais-Espagnol","description":"La po\u00e9sie de Luis Raul Calvo est un cri, une transgression, un fantasme. Elle fait retour au pays des morts, de l'exil, de l'absence, de l'oubli pour dire le grotesque, la cassure de l'humanit\u00e9, l'absurdit\u00e9 de l'existence jusqu'\u00e0 la naus\u00e9e. Seule la soif des amants et de la po\u00e9sie permet la transmutation en \u00eatres libres, peut-\u00eatre ?","authors":["Luis ra\u00fal Calvo"],"category_codes":["1000000","1090000"],"visuals":{"large":"https:\/\/images.epagine.fr\/129\/9782336004129_1_75.jpg","medium":"https:\/\/images.epagine.fr\/129\/9782336004129_1_m.jpg","thumbnail":"https:\/\/images.epagine.fr\/129\/9782336004129_1_v.jpg"},"orderable":true,"show_badge":true,"formatted_price":"12,50&nbsp;\u20ac","formatted_published_date":"10 octobre 2012","publisher_availability_label":"Sur commande","short_details":"Luis ra\u00fal Calvo \u2014 \u00c9ditions L'Harmattan","translator":null,"weight":110,"page_count":78,"readership":null,"editor":"\u00c9ditions L'Harmattan","price":1250,"published_date":"2012-10-09T22:00:00.000000Z","support":"Grand format","publisher_availability":1,"stock":0,"editions":[],"url":"https:\/\/quaidesbrumes.com\/ouvrage\/9782336004129\/breve-anthologie-bilingue-francais-espagnol"},{"id":"9782332769848","title":"Le kapokier ; po\u00e8mes de Tunis, 2000-2010","description":"L'ouvrage, recueil de po\u00e8mes compos\u00e9s pour la plupart \u00e0 l'Ariana (Tunis Nord), s'organise en quatre temps :\r\n- Brise de mer : l'ann\u00e9e 2000, - Brise de montagne : les ann\u00e9es 2001-2003, - Brise de terre : les ann\u00e9es 2004-2006, - Brisure ou \u00c0 la salle des pas perdus : les ann\u00e9es 2007-2010.","authors":["Amel Safta"],"category_codes":["1000000","1090000"],"visuals":{"large":"https:\/\/images.epagine.fr\/848\/9782332769848_1_75.jpg","medium":"https:\/\/images.epagine.fr\/848\/9782332769848_1_m.jpg","thumbnail":"https:\/\/images.epagine.fr\/848\/9782332769848_1_v.jpg"},"orderable":true,"show_badge":true,"formatted_price":"17,50&nbsp;\u20ac","formatted_published_date":"2 octobre 2014","publisher_availability_label":"Sur commande","short_details":"Amel Safta \u2014 Edilivre","translator":null,"weight":298,"page_count":158,"readership":null,"editor":"Edilivre","price":1750,"published_date":"2014-10-01T22:00:00.000000Z","support":"Grand format","publisher_availability":1,"stock":0,"editions":[],"url":"https:\/\/quaidesbrumes.com\/ouvrage\/9782332769848\/le-kapokier-poemes-de-tunis-2000-2010"},{"id":"9782336000794","title":"Les machinations du sable","description":"L'auteur poursuit sa qu\u00eate enfi\u00e9vr\u00e9e d'une parole po\u00e9tique authentique \u00e0 mi-chemin entre le r\u00e9el et l'imaginaire. Il \u00e9chappe aux \u00e9vidences et c\u00e9l\u00e8bre les instances de la f\u00e9\u00e9rie, dont le d\u00e9sert impr\u00e9visible offre une parfaite illustration.","authors":["Jean-claude Abada medjo"],"category_codes":["1000000","1090000"],"visuals":{"large":"https:\/\/images.epagine.fr\/794\/9782336000794_1_75.jpg","medium":"https:\/\/images.epagine.fr\/794\/9782336000794_1_m.jpg","thumbnail":"https:\/\/images.epagine.fr\/794\/9782336000794_1_v.jpg"},"orderable":true,"show_badge":true,"formatted_price":"12,00&nbsp;\u20ac","formatted_published_date":"26 septembre 2012","publisher_availability_label":"Sur commande","short_details":"Jean-claude Abada medjo \u2014 \u00c9ditions L'Harmattan","translator":null,"weight":95,"page_count":null,"readership":null,"editor":"\u00c9ditions L'Harmattan","price":1200,"published_date":"2012-09-25T22:00:00.000000Z","support":"Grand format","publisher_availability":1,"stock":0,"editions":[],"url":"https:\/\/quaidesbrumes.com\/ouvrage\/9782336000794\/les-machinations-du-sable"},{"id":"9782296965041","title":"La reine m\u00e8re et la tani\u00e8re noire","description":"Recherche 9782296965041","authors":["Dongmo Feudjo"],"category_codes":["1000000","1090000"],"visuals":{"large":"https:\/\/images.epagine.fr\/041\/9782296965041_1_75.jpg","medium":"https:\/\/images.epagine.fr\/041\/9782296965041_1_m.jpg","thumbnail":"https:\/\/images.epagine.fr\/041\/9782296965041_1_v.jpg"},"orderable":true,"show_badge":true,"formatted_price":"11,00&nbsp;\u20ac","formatted_published_date":"16 avril 2012","publisher_availability_label":"Sur commande","short_details":"Dongmo Feudjo \u2014 \u00c9ditions L'Harmattan","translator":null,"weight":90,"page_count":null,"readership":null,"editor":"\u00c9ditions L'Harmattan","price":1100,"published_date":"2012-04-15T22:00:00.000000Z","support":"Grand format","publisher_availability":1,"stock":0,"editions":[],"url":"https:\/\/quaidesbrumes.com\/ouvrage\/9782296965041\/la-reine-mere-et-la-taniere-noire"},{"id":"9782918566236","title":"L'oiseau ivre de vent","description":null,"authors":["Carmen Pennarun"],"category_codes":["1000000","1090000","1090600"],"visuals":{"large":"https:\/\/quaidesbrumes.com\/img\/book-placeholder.png","medium":"https:\/\/quaidesbrumes.com\/img\/book-placeholder.png","thumbnail":"https:\/\/quaidesbrumes.com\/img\/book-placeholder.png"},"orderable":true,"show_badge":true,"formatted_price":"19,00&nbsp;\u20ac","formatted_published_date":"1er f\u00e9vrier 2012","publisher_availability_label":"Sur commande","short_details":"Carmen Pennarun \u2014 Filosphere","translator":null,"weight":280,"page_count":null,"readership":null,"editor":"Filosphere","price":1900,"published_date":"2012-01-31T23:00:00.000000Z","support":"Grand format","publisher_availability":1,"stock":0,"editions":[],"url":"https:\/\/quaidesbrumes.com\/ouvrage\/9782918566236\/loiseau-ivre-de-vent"},{"id":"9782919609062","title":"Terre noire","description":null,"authors":["Guy Vieilfault"],"category_codes":["1000000","1090000"],"visuals":{"large":"https:\/\/quaidesbrumes.com\/img\/book-placeholder.png","medium":"https:\/\/quaidesbrumes.com\/img\/book-placeholder.png","thumbnail":"https:\/\/quaidesbrumes.com\/img\/book-placeholder.png"},"orderable":true,"show_badge":true,"formatted_price":"12,00&nbsp;\u20ac","formatted_published_date":"30 juin 2012","publisher_availability_label":"Sur commande","short_details":"Guy Vieilfault \u2014 Robin","translator":null,"weight":70,"page_count":null,"readership":null,"editor":"Robin","price":1200,"published_date":"2012-06-29T22:00:00.000000Z","support":"Grand format","publisher_availability":1,"stock":0,"editions":[],"url":"https:\/\/quaidesbrumes.com\/ouvrage\/9782919609062\/terre-noire"},{"id":"9782910703042","title":"Propos","description":null,"authors":["Vadislav Jan"],"category_codes":["1000000","1090000"],"visuals":{"large":"https:\/\/quaidesbrumes.com\/img\/book-placeholder.png","medium":"https:\/\/quaidesbrumes.com\/img\/book-placeholder.png","thumbnail":"https:\/\/quaidesbrumes.com\/img\/book-placeholder.png"},"orderable":true,"show_badge":true,"formatted_price":"11,00&nbsp;\u20ac","formatted_published_date":"10 octobre 1995","publisher_availability_label":"Sur commande","short_details":"Vadislav Jan \u2014 Maison De La Poesie","translator":null,"weight":224,"page_count":null,"readership":null,"editor":"Maison De La Poesie","price":1100,"published_date":"1995-10-09T23:00:00.000000Z","support":"Grand format","publisher_availability":1,"stock":0,"editions":[],"url":"https:\/\/quaidesbrumes.com\/ouvrage\/9782910703042\/propos"},{"id":"9782874065279","title":"Les mots de l'art","description":"Avec \u00ab Les mots de l'art \u00bb, Pierre Taminiaux pr\u00e9sente la peinture comme investissement sensible des r\u00e9alit\u00e9s les plus abstraites, comme perversion du monde ordinaire au profit du monde tel qu'il est ; \u00e0 savoir, myst\u00e9rieux et impensable ! Ici, chaque mot semble \u00ab glisser \u00bb entre les choses et leur repr\u00e9sentation pour \u00e9branler notre imaginaire, \u00e9clairer l'incoh\u00e9rence de nos habitudes mentales et nous amener \u00e0 prendre nos distances avec les savoirs constitu\u00e9s et les dogmatismes en tous genres. Bref, ce livre met \u00e0 mal les pr\u00e9tentions humaines, laisse para\u00eetre de la diff\u00e9rence \u00e0 l'\u00e9tat pur, r\u00e9duit \u00e0 n\u00e9ant l'ordre de la repr\u00e9sentation et peuple le d\u00e9sir d'un mouvement d\u00e9di\u00e9 \u00e0 tout ce qui passe et sans nom demeure... (Pierre Schroven)","authors":["Pierre Taminiaux"],"category_codes":["1000000","1090000"],"visuals":{"large":"https:\/\/images.epagine.fr\/279\/9782874065279_1_75.jpg","medium":"https:\/\/images.epagine.fr\/279\/9782874065279_1_m.jpg","thumbnail":"https:\/\/images.epagine.fr\/279\/9782874065279_1_v.jpg"},"orderable":true,"show_badge":true,"formatted_price":"9,00&nbsp;\u20ac","formatted_published_date":"1er janvier 2012","publisher_availability_label":"Sur commande","short_details":"Pierre Taminiaux \u2014 L'Arbre A Paroles","translator":null,"weight":201,"page_count":null,"readership":null,"editor":"L'Arbre A Paroles","price":900,"published_date":"2011-12-31T23:00:00.000000Z","support":"Grand format","publisher_availability":1,"stock":0,"editions":[],"url":"https:\/\/quaidesbrumes.com\/ouvrage\/9782874065279\/les-mots-de-lart"},{"id":"9782343031293","title":"\u00c9pines fleuries","description":"Ces po\u00e8mes datent de plus d'un si\u00e8cle. L'auteur est mon arri\u00e8re-grand-p\u00e8re. Les g\u00e9n\u00e9rations actuelles d\u00e9couvriront sa personalit\u00e9 \u00e0 travers ces po\u00e9sies qu'il a commenc\u00e9es \u00e0 l' \u00e2ge de 25 ans et poursuivies jusqu'\u00e0 sa mort. Elles c\u00e9l\u00e8brent les principales p\u00e9rip\u00e9ties d'une famille nombreuse et heureuse : mariages, noces d'or, amours, nostalgie des ann\u00e9es qui passent et m\u00eame \u00e9v\u00e8nements politiques.","authors":["Albert de Vathaire"],"category_codes":["1000000","1090000"],"visuals":{"large":"https:\/\/images.epagine.fr\/293\/9782343031293_1_75.jpg","medium":"https:\/\/images.epagine.fr\/293\/9782343031293_1_m.jpg","thumbnail":"https:\/\/images.epagine.fr\/293\/9782343031293_1_v.jpg"},"orderable":true,"show_badge":true,"formatted_price":"20,50&nbsp;\u20ac","formatted_published_date":"17 avril 2014","publisher_availability_label":"Sur commande","short_details":"Albert de Vathaire \u2014 \u00c9ditions L'Harmattan","translator":null,"weight":250,"page_count":200,"readership":null,"editor":"\u00c9ditions L'Harmattan","price":2050,"published_date":"2014-04-16T22:00:00.000000Z","support":"Grand format","publisher_availability":1,"stock":0,"editions":[],"url":"https:\/\/quaidesbrumes.com\/ouvrage\/9782343031293\/epines-fleuries"},{"id":"9782910703165","title":"Sur les chemins ouverts","description":null,"authors":["De La Poesie Maison"],"category_codes":["1000000","1090000","1090600"],"visuals":{"large":"https:\/\/quaidesbrumes.com\/img\/book-placeholder.png","medium":"https:\/\/quaidesbrumes.com\/img\/book-placeholder.png","thumbnail":"https:\/\/quaidesbrumes.com\/img\/book-placeholder.png"},"orderable":true,"show_badge":true,"formatted_price":"11,00&nbsp;\u20ac","formatted_published_date":"24 novembre 2000","publisher_availability_label":"Sur commande","short_details":"De La Poesie Maison \u2014 Maison De La Poesie","translator":null,"weight":170,"page_count":114,"readership":null,"editor":"Maison De La Poesie","price":1100,"published_date":"2000-11-23T23:00:00.000000Z","support":"Grand format","publisher_availability":1,"stock":0,"editions":[],"url":"https:\/\/quaidesbrumes.com\/ouvrage\/9782910703165\/sur-les-chemins-ouverts"},{"id":"9782868661135","title":"Siam hardits !","description":null,"authors":["Frances Alhet"],"category_codes":["1000000","1090000"],"visuals":{"large":"https:\/\/images.epagine.fr\/135\/9782868661135_1_75.jpg","medium":"https:\/\/images.epagine.fr\/135\/9782868661135_1_m.jpg","thumbnail":"https:\/\/images.epagine.fr\/135\/9782868661135_1_v.jpg"},"orderable":true,"show_badge":true,"formatted_price":"9,00&nbsp;\u20ac","formatted_published_date":"1er juin 2014","publisher_availability_label":"Sur commande","short_details":"Frances Alhet \u2014 Per Noste","translator":null,"weight":170,"page_count":null,"readership":null,"editor":"Per Noste","price":900,"published_date":"2014-05-31T22:00:00.000000Z","support":"Grand format","publisher_availability":1,"stock":0,"editions":[],"url":"https:\/\/quaidesbrumes.com\/ouvrage\/9782868661135\/siam-hardits"}]}