{"data":[{"id":"9782296963702","title":"Marchand d'intensit\u00e9","description":"Dans une langue habit\u00e9e par une vision initiatique de la vie et d'une pratique po\u00e9tique incarn\u00e9e, la po\u00e9sie de Laurent Poliquin emprunte le passage de tous les souffles de vie pour sonder la densit\u00e9 tellurique des mots, ce qui rythme leur origine. Dans Marchand d'intensit\u00e9, les po\u00e8mes proposent leurs marchandises op\u00e9ratives capables de s'emparer du lecteur pour le rendre \u00e0 sa propre intensit\u00e9.\r","authors":["Laurent Poliquin"],"category_codes":["1000000","1090000"],"visuals":{"large":"https:\/\/images.epagine.fr\/702\/9782296963702_1_75.jpg","medium":"https:\/\/images.epagine.fr\/702\/9782296963702_1_m.jpg","thumbnail":"https:\/\/images.epagine.fr\/702\/9782296963702_1_v.jpg"},"orderable":true,"show_badge":true,"formatted_price":"13,00&nbsp;\u20ac","formatted_published_date":"16 avril 2012","publisher_availability_label":"Sur commande","short_details":"Laurent Poliquin \u2014 \u00c9ditions L'Harmattan","translator":null,"weight":135,"page_count":98,"readership":null,"editor":"\u00c9ditions L'Harmattan","price":1300,"published_date":"2012-04-15T22:00:00.000000Z","support":"Grand format","publisher_availability":1,"stock":0,"editions":[],"url":"https:\/\/quaidesbrumes.com\/ouvrage\/9782296963702\/marchand-dintensite"},{"id":"9782854465129","title":"Femmes d'Irlande en po\u00e9sie 1973-2013 ( anthologie bilingue )","description":"L'Irlande est entre?e dans l'Union europe?enne en 1973, il y a quarante ans. Et, comme le souligne Eavan Boland, \u00ab en l'espace d'une ge?ne?ration, les femmes ont migre? de la place qui leur a e?te? assigne?e comme objets de poe?sie irlandaise a` celle d'auteurs de cette poe?sie \u00bb.\r\n\r\nFemmes d'Irlande en poe?sie 1973- 2013 illustre avec e?clat leur longue migration, et cartographie les nouvelles terres, le nouveau territoire cre?e? par quatre ge?ne?rations de femmes poe`tes.\r\n\r\nLes lecteurs de Femmes d'Irlande en poe?sie 1973-2013 de?couvriront l'originalite? de ces voix de femmes et appre?cieront la grande diversite? des sujets, des registres, et des tonalite?s de leur e?criture.\r","authors":["Ni Riordain Cliona"],"category_codes":["1000000","1090000"],"visuals":{"large":"https:\/\/images.epagine.fr\/129\/9782854465129_1_75.jpg","medium":"https:\/\/images.epagine.fr\/129\/9782854465129_1_m.jpg","thumbnail":"https:\/\/images.epagine.fr\/129\/9782854465129_1_v.jpg"},"orderable":true,"show_badge":true,"formatted_price":"20,00&nbsp;\u20ac","formatted_published_date":"1er mai 2013","publisher_availability_label":"Sur commande","short_details":"Ni Riordain Cliona \u2014 Caracteres","translator":null,"weight":220,"page_count":null,"readership":null,"editor":"Caracteres","price":2000,"published_date":"2013-04-30T22:00:00.000000Z","support":"Grand format","publisher_availability":1,"stock":0,"editions":[],"url":"https:\/\/quaidesbrumes.com\/ouvrage\/9782854465129\/femmes-dirlande-en-poesie-1973-2013-anthologie-bilingue"},{"id":"9782390520542","title":"Attention, fermeture automatique des coeurs, d\u00e9part imminent : Le chemin","description":"\"Les rencontres, le monde qui s'agrandit \u00e0 la mesure du regard amoureux que l'on porte sur lui, tout cela nourrit l'auteure et lui fait ressentir que \u00ab Si les mots sont un chemin, le chemin est aussi sem\u00e9 de mots ; des mots qui ouvrent toujours plus ! \u00bb.\r\nLe chemin est initiatique et qu'importe l'arriv\u00e9e, c'est bien le voyage qui importe , et les mots pour le dire...\"","authors":["Emmanuelle M\u00e9nard"],"category_codes":["1000000","1090000","1090600"],"visuals":{"large":"https:\/\/images.epagine.fr\/542\/9782390520542_1_75.jpg","medium":"https:\/\/images.epagine.fr\/542\/9782390520542_1_m.jpg","thumbnail":"https:\/\/images.epagine.fr\/542\/9782390520542_1_v.jpg"},"orderable":true,"show_badge":true,"formatted_price":"22,00&nbsp;\u20ac","formatted_published_date":"15 novembre 2023","publisher_availability_label":"Sur commande","short_details":"Emmanuelle M\u00e9nard \u2014 LE COUDRIER","translator":null,"weight":501,"page_count":138,"readership":null,"editor":"LE COUDRIER","price":2200,"published_date":"2023-11-14T23:00:00.000000Z","support":"Grand format","publisher_availability":1,"stock":0,"editions":[],"url":"https:\/\/quaidesbrumes.com\/ouvrage\/9782390520542\/attention-fermeture-automatique-des-coeurs-depart-imminent-le-chemin"},{"id":"9782369510338","title":"Or\u00e9ades","description":"Un recueil de po\u00e8mes, \u00e9lectriques parfois, toujours sensibles. Quand lire c'est suivre un cours naturel, s'y laisser submerger, puis s'y abandonner tout entier...\r\nQu'il s'agisse d'aborder l'inspiration po\u00e9tique, l'amour, la solitude, le d\u00e9sir ou tout simplement la vie, r\u00eavez !\r\nMais il s'agit aussi une \u00e9criture r\u00e9solument sombre... Comme toute beaut\u00e9, comme une part de chaque vie.\r\n \r\nGrands yeux noir coton \u00d4 corps \u00e9vid\u00e9s par la bouche Sutur\u00e9e d'ombre\r","authors":["Antoine Silvestre"],"category_codes":["1000000","1090000","1090600"],"visuals":{"large":"https:\/\/images.epagine.fr\/338\/9782369510338_1_75.jpg","medium":"https:\/\/images.epagine.fr\/338\/9782369510338_1_m.jpg","thumbnail":"https:\/\/images.epagine.fr\/338\/9782369510338_1_v.jpg"},"orderable":true,"show_badge":true,"formatted_price":"16,00&nbsp;\u20ac","formatted_published_date":"1er septembre 2013","publisher_availability_label":"Sur commande","short_details":"Antoine Silvestre \u2014 Angel Publications","translator":null,"weight":249,"page_count":140,"readership":null,"editor":"Angel Publications","price":1600,"published_date":"2013-08-31T22:00:00.000000Z","support":"Grand format","publisher_availability":1,"stock":0,"editions":["9782369510321"],"url":"https:\/\/quaidesbrumes.com\/ouvrage\/9782369510338\/oreades"},{"id":"9782322013203","title":"C'est en moi","description":"Textes et po\u00e8mes.\r\n D'une balade dans la vie, De tous les jours, De toutes mes nuits.\r\n Tendres, cruelles, Douces, acides.\r","authors":["Eric Beno\u00eet"],"category_codes":["1000000","1090000","1090600"],"visuals":{"large":"https:\/\/images.epagine.fr\/203\/9782322013203_1_75.jpg","medium":"https:\/\/images.epagine.fr\/203\/9782322013203_1_m.jpg","thumbnail":"https:\/\/images.epagine.fr\/203\/9782322013203_1_v.jpg"},"orderable":true,"show_badge":true,"formatted_price":"15,00&nbsp;\u20ac","formatted_published_date":"22 janvier 2015","publisher_availability_label":"Sur commande","short_details":"Eric Beno\u00eet \u2014 Books on Demand","translator":null,"weight":401,"page_count":64,"readership":null,"editor":"Books on Demand","price":1500,"published_date":"2015-01-21T23:00:00.000000Z","support":"Poche","publisher_availability":1,"stock":0,"editions":[],"url":"https:\/\/quaidesbrumes.com\/ouvrage\/9782322013203\/cest-en-moi"},{"id":"9782368682098","title":"\u00e9cailles de poussi\u00e8re","description":"Lire ces textes revient \u00e0 entrer en po\u00e9sie par la Grande Porte, celle du plaisir et de la r\u00e9flexion, tant les mots sont judicieusement mari\u00e9s les uns aux autres. Tant ils nous lisent, s\u00e9cr\u00e8tent notre sagesse, notre morale aussi. Ce recueil est en subtilit\u00e9. Et il faut le lire, le relire et le reprendre encore une fois pour, \u00e0 chaque lecture d'un texte, saisir de nouveau un d\u00e9tail, inaper\u00e7u et dou\u00e9 de pouvoir magique. La po\u00e9sie de Claudette Broucq est une \u00e9toile qui murmure \u00e0 la lune. Une \u00e9toile de lune qui illumine nos nuits et scintille doucement \u00e0 nos yeux d'enfants,  mais aussi  \u00e0 notre regard d'adulte...\r\n\r\nErick Gauthier","authors":["Claudette Broucq"],"category_codes":["1000000","1090000"],"visuals":{"large":"https:\/\/images.epagine.fr\/098\/9782368682098_1_75.jpg","medium":"https:\/\/images.epagine.fr\/098\/9782368682098_1_m.jpg","thumbnail":"https:\/\/images.epagine.fr\/098\/9782368682098_1_v.jpg"},"orderable":true,"show_badge":true,"formatted_price":"15,00&nbsp;\u20ac","formatted_published_date":"28 novembre 2013","publisher_availability_label":"Sur commande","short_details":"Claudette Broucq \u2014 Stellamaris","translator":null,"weight":236,"page_count":195,"readership":null,"editor":"Stellamaris","price":1500,"published_date":"2013-11-27T23:00:00.000000Z","support":"Grand format","publisher_availability":1,"stock":0,"editions":[],"url":"https:\/\/quaidesbrumes.com\/ouvrage\/9782368682098\/ecailles-de-poussiere"},{"id":"9782874596032","title":"Cadavre exquis","description":null,"authors":["Line Claire"],"category_codes":["1000000","1090000"],"visuals":{"large":"https:\/\/quaidesbrumes.com\/img\/book-placeholder.png","medium":"https:\/\/quaidesbrumes.com\/img\/book-placeholder.png","thumbnail":"https:\/\/quaidesbrumes.com\/img\/book-placeholder.png"},"orderable":true,"show_badge":true,"formatted_price":"10,70&nbsp;\u20ac","formatted_published_date":"15 d\u00e9cembre 2011","publisher_availability_label":"Sur commande","short_details":"Line Claire \u2014 Chloe Des Lys","translator":null,"weight":75,"page_count":null,"readership":null,"editor":"Chloe Des Lys","price":1070,"published_date":"2011-12-14T23:00:00.000000Z","support":"Grand format","publisher_availability":1,"stock":0,"editions":[],"url":"https:\/\/quaidesbrumes.com\/ouvrage\/9782874596032\/cadavre-exquis"},{"id":"9782915684230","title":"G\u00e9om\u00e9trie des organes","description":"G\u00e9om\u00e9trie des organes est le r\u00e9sultat d'un long moment d'\u00e9criture, de ratures, de replis, de silences, qui s'est \u00e9tendu de 2001 \u00e0 fin 2007. Des extraits (repris ou non dans le livre) ont paru dans Gr\u00e8ges n\u00b0 8 et dans le collectif Un temps. Cr\u00e9ation contemporaine en Ard\u00e8che (Faire Part). La question d\u00e9terminante que pose le livre est celle du rapport entre unit\u00e9 (probl\u00e9matique) du corps et dispersion des organes. Elle am\u00e8ne \u00e0 confronter deux postures id\u00e9ologiques antagonistes et fig\u00e9es, celle qui ferait du corps un agr\u00e9gat m\u00e9canique d'organes, et celle qui verrait en lui une unit\u00e9 travers\u00e9e par l'esprit. Un corps n'est jamais que l'un ou que  l'autre, il est entre viande et chair, violence et passation. Il s'agit alors de circuler entre ces deux options et de chercher, par le biais d'interrogations connexes (la nomination, l'espace, l'obstacle...), \u00e0 \u00e9tablir un forme d'insavoir du corps, qui serait constitution d'un sujet.\r\n\r\nYannick Mercoyrol est n\u00e9 en 1970. Membre fondateur et r\u00e9dacteur en chef de la revue Scherzo (1995 \u00e0 2002 - 15 livraisons), il a  publi\u00e9 en 2002 Parler avec du rouge dans la bouche. Face \u00e0 Rothko aux Ed. Chatelain-Julien, livre \u00e0 mi chemin entre prose po\u00e9tique et essai esth\u00e9tique sur le peintre am\u00e9ricain. Il a \u00e9galement particip\u00e9 \u00e0 plusieurs ouvrages collectifs :  Singularit\u00e9s du sujet. Huit \u00e9tudes sur la po\u00e9sie contemporaine (Pr\u00e9texte Ed, 2002) ; Un Temps (Passages d'Encre \/ Faire Part, 2003) ; Quatorze po\u00e8tes. Anthologie critique et po\u00e9tique (Pr\u00e9texte Ed., 2004) et Douze po\u00e8tes. Anthologie critique et po\u00e9tique, II (Pr\u00e9texte Ed., 2006). En outre, il a contribu\u00e9 \u00e0 des catalogues d'exposition  : \u00ab DS \/\/ 3 instruments \u00bb, postface au catalogue de Dimitri Souliotis en 2001, et \u00ab Vitrification \/ Verglasung \u00bb, sur Virgile Novarina, exposition \u00ab Was schl\u00e4ft ? \u00bb, Kraskaeckstein Verlag, 2008. Une trentaine d'articles et textes ont paru entre 1998 et 2007 dans L'Animal (philosophie et litt\u00e9rature), Entr'Actes (th\u00e9\u00e2tre), Gr\u00e8ges, Le Nouveau Recueil, Scherzo, CCP,  Nu(e), Arpa, etc. G\u00e9om\u00e9trie des organes est son premier livre de po\u00e9sie.","authors":["Yannick Mercoyrol"],"category_codes":["1000000","1090000"],"visuals":{"large":"https:\/\/images.epagine.fr\/230\/9782915684230_1_75.jpg","medium":"https:\/\/images.epagine.fr\/230\/9782915684230_1_m.jpg","thumbnail":"https:\/\/images.epagine.fr\/230\/9782915684230_1_v.jpg"},"orderable":true,"show_badge":true,"formatted_price":"11,00&nbsp;\u20ac","formatted_published_date":"1er janvier 2009","publisher_availability_label":"Sur commande","short_details":"Yannick Mercoyrol \u2014 Greges","translator":null,"weight":0,"page_count":64,"readership":null,"editor":"Greges","price":1100,"published_date":"2008-12-31T23:00:00.000000Z","support":"Grand format","publisher_availability":1,"stock":0,"editions":[],"url":"https:\/\/quaidesbrumes.com\/ouvrage\/9782915684230\/geometrie-des-organes"},{"id":"9791091555111","title":"Mises \u00e0 nu cor\u00e9ennes","description":"Mises \u00e0 nu cor\u00e9ennes est d'abord le fruit d'une rencontre amicale entre un peintre cor\u00e9en vivant entre Ath\u00e8nes et S\u00e9oul, et une po\u00e9tesse fran\u00e7aise ancr\u00e9e \u00e0 S\u00e9oul. Mais c'est aussi la r\u00e9union de deux traductrices cor\u00e9ennes francophones qui les ont accompagn\u00e9s jusque dans l'atelier et ont aussi pr\u00eat\u00e9 leur po\u00e9sie pour ce projet bilingue. Le besoin ressenti par la po\u00e9tesse de suivre le geste du peintre sur des corps de femmes cor\u00e9ennes croqu\u00e9s en quelques minutes et celui du peintre de suivre les jets d'\u00e9criture de la po\u00e9tesse sur ses croquis les a pouss\u00e9s tous deux, durant plusieurs ann\u00e9es, \u00e0 croiser leurs regards et \u00e0 questionner l'\u00e9parpillement de chacun uni par leur regard. C'est ainsi que quatre-vingt croquis et autant de po\u00e8mes se sont mir\u00e9s et ont donn\u00e9 corps et voix \u00e0 des femmes, leurs femmes profondes qui monologuent, dialoguent, jouent. Quarante de ces textes \u00e0 fleur de peau ont \u00e9t\u00e9 gard\u00e9s pour ce recueil qui convie le lecteur \u00e0 d\u00e9couvrir un lieu carrefour, car la po\u00e9sie comme la peinture ne peuvent \u00eatre repli\u00e9es sur elles-m\u00eames et doivent aller vers l'\u00ab autre \u00bb et se nourrir de tout.\r","authors":["Rhee Kwang-bok","Cathy Rapin","Im Hye-gy\u00f4ng"],"category_codes":["1000000","1090000"],"visuals":{"large":"https:\/\/images.epagine.fr\/111\/9791091555111_1_75.jpg","medium":"https:\/\/images.epagine.fr\/111\/9791091555111_1_m.jpg","thumbnail":"https:\/\/images.epagine.fr\/111\/9791091555111_1_v.jpg"},"orderable":true,"show_badge":true,"formatted_price":"21,00&nbsp;\u20ac","formatted_published_date":"1er octobre 2014","publisher_availability_label":"Sur commande","short_details":"Rhee Kwang-bok, Cathy Rapin, Im Hye-gy\u00f4ng \u2014 ATELIER DES CAHIERS","translator":"IM HYE-GYONG","weight":501,"page_count":130,"readership":null,"editor":"ATELIER DES CAHIERS","price":2100,"published_date":"2014-09-30T22:00:00.000000Z","support":"Grand format","publisher_availability":1,"stock":0,"editions":[],"url":"https:\/\/quaidesbrumes.com\/ouvrage\/9791091555111\/mises-a-nu-coreennes"},{"id":"9782854465013","title":"Une \u00e9criture en exil","description":"Cet essai a \u00e9t\u00e9 compos\u00e9 \u00e0 la suite de deux Journ\u00e9es de Rencontre avec l'\u00e9crivain Silvia Baron Supervielle et son oeuvre, organis\u00e9es en mai 2011, par le Groupe d'Etudes Francophones de la Facult\u00e9 des Lettres de l'Universit\u00e9 de Ha\u00effa. Le livre regroupe des in\u00e9dits de Silvia Baron Supervieille, des textes critiques sur son oeuvre et un floril\u00e8ge d'extraits de l'oeuvre en version bilingue (fran\u00e7ais-h\u00e9breu).\r","authors":["Silvia Baron Supervielle"],"category_codes":["1000000","1090000"],"visuals":{"large":"https:\/\/images.epagine.fr\/013\/9782854465013_1_75.jpg","medium":"https:\/\/images.epagine.fr\/013\/9782854465013_1_m.jpg","thumbnail":"https:\/\/images.epagine.fr\/013\/9782854465013_1_v.jpg"},"orderable":true,"show_badge":true,"formatted_price":"20,00&nbsp;\u20ac","formatted_published_date":"1er juin 2012","publisher_availability_label":"Sur commande","short_details":"Silvia Baron Supervielle \u2014 Caracteres","translator":null,"weight":185,"page_count":null,"readership":null,"editor":"Caracteres","price":2000,"published_date":"2012-05-31T22:00:00.000000Z","support":"Grand format","publisher_availability":1,"stock":0,"editions":[],"url":"https:\/\/quaidesbrumes.com\/ouvrage\/9782854465013\/une-ecriture-en-exil"},{"id":"9782367780160","title":"Chroniques du sens","description":"Les Chroniques du sens vous invitent \u00e0 d\u00e9couvrir, au travers de 32 espaces s\u00e9mantiques, et autant d' illustrations, de v\u00e9ritables odes \u00e0 la vie. L' \u00e9criture de ces instants de r\u00e9flexion, qui prennent leur source au coeur d' une vie contemporaine effr\u00e9n\u00e9e, remet au go\u00fbt du jour une sagesse presque antique, avec la subtilit\u00e9 d'une \u00e9criture musicale, d\u00e9licate et d'une incroyable modernit\u00e9. Par ce recueil, faites des sens et du sens votre objectif quotidien.\r\nN\u00e9e en 1980, d'un p\u00e8re bouddhiste tha\u00eflandais et d une m\u00e8re proven\u00e7ale, Nathie Nakarat est une touche \u00e0 tout. Directrice des activit\u00e9s digitales dans un grand groupe, elle ne cesse de rechercher un sens au quotidien qu'elle aime enrichir d'art et de musique. Les mots sont certainement sa meilleure arme. Les illustrations de Rery, artiste franco-canadienne d'origine ta\u00efwanaise, complice de toujours, renforcent encore les chroniques de traits d'une sensibilit\u00e9 multiculturelle.\r","authors":["Nathie Nakarat","Rery"],"category_codes":["1000000","1090000"],"visuals":{"large":"https:\/\/images.epagine.fr\/160\/9782367780160_1_75.jpg","medium":"https:\/\/images.epagine.fr\/160\/9782367780160_1_m.jpg","thumbnail":"https:\/\/images.epagine.fr\/160\/9782367780160_1_v.jpg"},"orderable":true,"show_badge":true,"formatted_price":"25,90&nbsp;\u20ac","formatted_published_date":"1er ao\u00fbt 2014","publisher_availability_label":"Sur commande","short_details":"Nathie Nakarat, Rery \u2014 Kawa","translator":null,"weight":400,"page_count":146,"readership":null,"editor":"Kawa","price":2590,"published_date":"2014-07-31T22:00:00.000000Z","support":"Grand format","publisher_availability":1,"stock":0,"editions":[],"url":"https:\/\/quaidesbrumes.com\/ouvrage\/9782367780160\/chroniques-du-sens"},{"id":"9782924097212","title":"Les saisons de la nuit","description":null,"authors":["Dorce Ricarson"],"category_codes":["1000000","1090000"],"visuals":{"large":"https:\/\/images.epagine.fr\/212\/9782924097212_1_75.jpg","medium":"https:\/\/images.epagine.fr\/212\/9782924097212_1_m.jpg","thumbnail":"https:\/\/images.epagine.fr\/212\/9782924097212_1_v.jpg"},"orderable":true,"show_badge":true,"formatted_price":"20,00&nbsp;\u20ac","formatted_published_date":"19 mars 2014","publisher_availability_label":"Sur commande","short_details":"Dorce Ricarson \u2014 Dhart","translator":null,"weight":167,"page_count":null,"readership":null,"editor":"Dhart","price":2000,"published_date":"2014-03-18T23:00:00.000000Z","support":"Grand format","publisher_availability":1,"stock":0,"editions":[],"url":"https:\/\/quaidesbrumes.com\/ouvrage\/9782924097212\/les-saisons-de-la-nuit"},{"id":"9782918542018","title":"Aniline moir\u00e9e","description":null,"authors":["Landry","Mestrallet"],"category_codes":["1000000","1090000"],"visuals":{"large":"https:\/\/quaidesbrumes.com\/img\/book-placeholder.png","medium":"https:\/\/quaidesbrumes.com\/img\/book-placeholder.png","thumbnail":"https:\/\/quaidesbrumes.com\/img\/book-placeholder.png"},"orderable":true,"show_badge":true,"formatted_price":"3,00&nbsp;\u20ac","formatted_published_date":"1er mars 2009","publisher_availability_label":"Sur commande","short_details":"Landry, Mestrallet \u2014 Indiesis","translator":null,"weight":80,"page_count":null,"readership":null,"editor":"Indiesis","price":300,"published_date":"2009-02-28T23:00:00.000000Z","support":"Grand format","publisher_availability":1,"stock":0,"editions":[],"url":"https:\/\/quaidesbrumes.com\/ouvrage\/9782918542018\/aniline-moiree"},{"id":"9782705687953","title":"La po\u00e9sie hors du cadre : G\u00e9rard de Nerval, charles...","description":"\u00c0 travers des cas exemplaires, La Po\u00e9sie hors du cadre \u00e9tudie comment l'imaginaire s'\u00e9toffe au contact d'images picturales ou po\u00e9tiques, voire \u00e9trang\u00e8res, sortant des limites assign\u00e9es aux genres et aux formes, pour retrouver un souffle neuf. Alors qu'elle est envahie par le prosa\u00efque au milieu du XIXe si\u00e8cle, la po\u00e9sie outrepasse son territoire, inscrivant la modernit\u00e9 dans une m\u00e9lancolie critique, porteuse de luttes f\u00e9condes. Ce d\u00e9senchantement produit un sursaut au d\u00e9but du XXe si\u00e8cle, o\u00f9 d'exceptionnelles affinit\u00e9s entre po\u00e8tes et artistes constituent une chance majeure pour rendre sa force au po\u00e8me, en un Romantisme revivifi\u00e9.","authors":["Collectif"],"category_codes":["1000000","1090000"],"visuals":{"large":"https:\/\/images.epagine.fr\/953\/9782705687953_1_75.jpg","medium":"https:\/\/images.epagine.fr\/953\/9782705687953_1_m.jpg","thumbnail":"https:\/\/images.epagine.fr\/953\/9782705687953_1_v.jpg"},"orderable":true,"show_badge":true,"formatted_price":"36,00&nbsp;\u20ac","formatted_published_date":"14 novembre 2014","publisher_availability_label":"Sur commande","short_details":"Collectif \u2014 Hermann","translator":null,"weight":650,"page_count":362,"readership":null,"editor":"Hermann","price":3600,"published_date":"2014-11-13T23:00:00.000000Z","support":"Grand format","publisher_availability":1,"stock":0,"editions":[],"url":"https:\/\/quaidesbrumes.com\/ouvrage\/9782705687953\/la-poesie-hors-du-cadre-gerard-de-nerval-charles"},{"id":"9791029001598","title":"Moi pour toi","description":"Un recueil de po\u00e9sies d'amour, d'amiti\u00e9, de tendresse, d'espoirs, de d\u00e9sirs et de secrets. Une histoire v\u00e9cue, un amour magique vers une \u00e9ternit\u00e9 de constellations. Je parle d'une amiti\u00e9 amoureuse qui m'a apport\u00e9 beaucoup tant en joies qu'en chagrins.\r","authors":["V\u00e9ronique Carpentier"],"category_codes":["1000000","1090000"],"visuals":{"large":"https:\/\/images.epagine.fr\/598\/9791029001598_1_75.jpg","medium":"https:\/\/images.epagine.fr\/598\/9791029001598_1_m.jpg","thumbnail":"https:\/\/images.epagine.fr\/598\/9791029001598_1_v.jpg"},"orderable":true,"show_badge":true,"formatted_price":"13,00&nbsp;\u20ac","formatted_published_date":"27 octobre 2014","publisher_availability_label":"Sur commande","short_details":"V\u00e9ronique Carpentier \u2014 CHAPITRE.COM","translator":null,"weight":115,"page_count":null,"readership":null,"editor":"CHAPITRE.COM","price":1300,"published_date":"2014-10-26T23:00:00.000000Z","support":"Grand format","publisher_availability":1,"stock":0,"editions":[],"url":"https:\/\/quaidesbrumes.com\/ouvrage\/9791029001598\/moi-pour-toi"},{"id":"9782368681374","title":"Miettes de vie","description":"Dans ce recueil de ha\u00efkus et formes courtes, je poursuis le travail de ma\u00efeutique amorc\u00e9 dans mon pr\u00e9c\u00e9dent triptyque. J'expurge ma souffrance dans un processus de purification totale.  Mon cerveau doit \u00eatre une surface lisse, d\u00e9gag\u00e9e de toute asp\u00e9rit\u00e9.\r\n\r\nJe fais de ces lochies mati\u00e8re \u00e0 po\u00e9sie.\r\n\r\nDans le domaine culinaire, je dirais que j'accommode mes restes, je ramasse les miettes.\r\n\r\nJ'ai fait table rase de ma d\u00e9tresse,\r\nJ'en suis \u00e0 ramasser les miettes. \r\n\r\n\u00c9difier un rempart de po\u00e9sie\r\nJusqu'aux prochains tsunamis de ma vie,\r\nJe sais que je suis en sursis.","authors":["Florence Houssais"],"category_codes":["1000000","1090000"],"visuals":{"large":"https:\/\/images.epagine.fr\/374\/9782368681374_1_75.jpg","medium":"https:\/\/images.epagine.fr\/374\/9782368681374_1_m.jpg","thumbnail":"https:\/\/images.epagine.fr\/374\/9782368681374_1_v.jpg"},"orderable":true,"show_badge":true,"formatted_price":"13,00&nbsp;\u20ac","formatted_published_date":"31 juillet 2013","publisher_availability_label":"Sur commande","short_details":"Florence Houssais \u2014 Stellamaris","translator":null,"weight":150,"page_count":229,"readership":null,"editor":"Stellamaris","price":1300,"published_date":"2013-07-30T22:00:00.000000Z","support":"Grand format","publisher_availability":1,"stock":0,"editions":[],"url":"https:\/\/quaidesbrumes.com\/ouvrage\/9782368681374\/miettes-de-vie"},{"id":"9791029001666","title":"Les roses sauvages","description":"L'oeuvre Les roses sauvages est un recueil de po\u00e8mes dans lequel l'auteur exhibe sa pens\u00e9e face aux faits de ce monde qu'il juge cruel. L'oeuvre est divis\u00e9e en trois parties et chaque partie \u00e9labore des th\u00e8mes \u00e9mouvants. La premi\u00e8re partie, est une autobiographie dans laquelle, il d\u00e9voile sa face au regard des \u00e9v\u00e9nements v\u00e9cus par lui. Entre autre, la souffrance, le g\u00e2chis, la repentance... Une vraie autobiographie en Po\u00e9sie. La deuxi\u00e8me partie, s'attaque \u00e0 la soci\u00e9t\u00e9 et incrimine tout le monde. La haine, la libert\u00e9, les religions les coutumes sont des sujets principaux de cette partie. Enfin, la troisi\u00e8me partie est une vision surnaturelle qui se veut philosophique. La mort - la r\u00e9surrection - la mort d'une fille.\r","authors":["Abraham Bako"],"category_codes":["1000000","1090000"],"visuals":{"large":"https:\/\/images.epagine.fr\/666\/9791029001666_1_75.jpg","medium":"https:\/\/images.epagine.fr\/666\/9791029001666_1_m.jpg","thumbnail":"https:\/\/images.epagine.fr\/666\/9791029001666_1_v.jpg"},"orderable":true,"show_badge":true,"formatted_price":"11,00&nbsp;\u20ac","formatted_published_date":"4 novembre 2014","publisher_availability_label":"Sur commande","short_details":"Abraham Bako \u2014 CHAPITRE.COM","translator":null,"weight":84,"page_count":null,"readership":null,"editor":"CHAPITRE.COM","price":1100,"published_date":"2014-11-03T23:00:00.000000Z","support":"Grand format","publisher_availability":1,"stock":0,"editions":[],"url":"https:\/\/quaidesbrumes.com\/ouvrage\/9791029001666\/les-roses-sauvages"},{"id":"9782353281091","title":"Les voyages nous tissent des chevelures de reve","description":null,"authors":["Jean-luc Lamouille"],"category_codes":["1000000","1090000"],"visuals":{"large":"https:\/\/quaidesbrumes.com\/img\/book-placeholder.png","medium":"https:\/\/quaidesbrumes.com\/img\/book-placeholder.png","thumbnail":"https:\/\/quaidesbrumes.com\/img\/book-placeholder.png"},"orderable":true,"show_badge":true,"formatted_price":"15,00&nbsp;\u20ac","formatted_published_date":"8 mars 2013","publisher_availability_label":"Sur commande","short_details":"Jean-luc Lamouille \u2014 Editinter","translator":null,"weight":148,"page_count":null,"readership":null,"editor":"Editinter","price":1500,"published_date":"2013-03-07T23:00:00.000000Z","support":"Grand format","publisher_availability":1,"stock":0,"editions":[],"url":"https:\/\/quaidesbrumes.com\/ouvrage\/9782353281091\/les-voyages-nous-tissent-des-chevelures-de-reve"},{"id":"9782953425949","title":"Le passant de vaulx-en-velin","description":"Vaulx-en-Velin ville du monde, plaine sous le vent, nuages et  m\u00e9moires. Roland Tixier, po\u00e8te amoureux de Vaulx-en-Velin,  livre des reflets, des \u00e9clats de la ville - de sa ville. Adolescent  d\u00e9j\u00e0, il en parcourait les rues \u00e0 bicyclette, il explorait les  m\u00e9andres du vieux Rh\u00f4ne. Cette liaison d'un demi-si\u00e8cle  nourrit les pens\u00e9es l\u00e9g\u00e8res ou graves du marcheur. Le passant  s'\u00e9merveille encore du jour \u00e0 venir sans oublier jamais le  chemin parcouru, ni les peines et les joies, br\u00e8ves mais bien  r\u00e9elles, que tout un chacun r\u00e9colte en avan\u00e7ant dans le temps. \r\nEn sept parties de 21 haikus \u00e9voquant les diff\u00e9rents quartiers  de la ville, Roland Tixier tente d'\u00e9puiser et de c\u00e9l\u00e9brer un lieu,  au fil du temps et du retour rassurant des saisons.\r","authors":["Roland Tixier"],"category_codes":["1000000","1090000"],"visuals":{"large":"https:\/\/images.epagine.fr\/949\/9782953425949_1_75.jpg","medium":"https:\/\/images.epagine.fr\/949\/9782953425949_1_m.jpg","thumbnail":"https:\/\/images.epagine.fr\/949\/9782953425949_1_v.jpg"},"orderable":true,"show_badge":true,"formatted_price":"12,00&nbsp;\u20ac","formatted_published_date":"15 d\u00e9cembre 2011","publisher_availability_label":"Sur commande","short_details":"Roland Tixier \u2014 Pont Du Change","translator":null,"weight":63,"page_count":null,"readership":null,"editor":"Pont Du Change","price":1200,"published_date":"2011-12-14T23:00:00.000000Z","support":"Grand format","publisher_availability":1,"stock":0,"editions":[],"url":"https:\/\/quaidesbrumes.com\/ouvrage\/9782953425949\/le-passant-de-vaulx-en-velin"},{"id":"9782312024158","title":"Confettis et semis","description":"Ce recueil m\u00e9lange des petits po\u00e8mes sans aucun messages et d'autres plus m\u00e9taphysiques. Notamment, le long po\u00e8me, \u00ab \u00c0 rebrousse-torrent \u00bb se d\u00e9cline sur deux niveaux. Sur le premier, un torrent chemine vers la mer, sur le second, un nouveau r\u00e9incarn\u00e9 revois ses vies.\r","authors":["Lucien Liroy"],"category_codes":["1000000","1090000"],"visuals":{"large":"https:\/\/images.epagine.fr\/158\/9782312024158_1_75.jpg","medium":"https:\/\/images.epagine.fr\/158\/9782312024158_1_m.jpg","thumbnail":"https:\/\/images.epagine.fr\/158\/9782312024158_1_v.jpg"},"orderable":true,"show_badge":true,"formatted_price":"12,00&nbsp;\u20ac","formatted_published_date":"23 octobre 2013","publisher_availability_label":"Sur commande","short_details":"Lucien Liroy \u2014 Editions du Net","translator":null,"weight":103,"page_count":104,"readership":null,"editor":"Editions du Net","price":1200,"published_date":"2013-10-22T22:00:00.000000Z","support":"Grand format","publisher_availability":1,"stock":0,"editions":[],"url":"https:\/\/quaidesbrumes.com\/ouvrage\/9782312024158\/confettis-et-semis"},{"id":"9791094068496","title":"Poemas dactilografics","description":"Po\u00e9sie en occitan (proven\u00e7al) improvis\u00e9e sur machine \u00e0 \u00e9crire.","authors":["Gilbert Carr\u00e8re"],"category_codes":["1000000","1090000","1090600"],"visuals":{"large":"https:\/\/images.epagine.fr\/496\/9791094068496_1_75.jpg","medium":"https:\/\/images.epagine.fr\/496\/9791094068496_1_m.jpg","thumbnail":"https:\/\/images.epagine.fr\/496\/9791094068496_1_v.jpg"},"orderable":true,"show_badge":true,"formatted_price":"6,00&nbsp;\u20ac","formatted_published_date":"17 mars 2024","publisher_availability_label":"Sur commande","short_details":"Gilbert Carr\u00e8re \u2014 Sauveterre","translator":null,"weight":178,"page_count":104,"readership":null,"editor":"Sauveterre","price":600,"published_date":"2024-03-16T23:00:00.000000Z","support":"Grand format","publisher_availability":1,"stock":0,"editions":[],"url":"https:\/\/quaidesbrumes.com\/ouvrage\/9791094068496\/poemas-dactilografics"},{"id":"9782350733791","title":"L'entre jambe du d\u00e9sert p\u00e2le","description":"C'est par la peau qu'on fera rentrer la m\u00e9taphysique dans les esprits.\r\nAntonin Artaud\r","authors":["Rodore"],"category_codes":["1000000","1090000"],"visuals":{"large":"https:\/\/images.epagine.fr\/791\/9782350733791_1_75.jpg","medium":"https:\/\/images.epagine.fr\/791\/9782350733791_1_m.jpg","thumbnail":"https:\/\/images.epagine.fr\/791\/9782350733791_1_v.jpg"},"orderable":true,"show_badge":true,"formatted_price":"8,00&nbsp;\u20ac","formatted_published_date":"17 juin 2010","publisher_availability_label":"Sur commande","short_details":"Rodore \u2014 Presses Litteraires","translator":null,"weight":93,"page_count":88,"readership":null,"editor":"Presses Litteraires","price":800,"published_date":"2010-06-16T22:00:00.000000Z","support":"Grand format","publisher_availability":1,"stock":0,"editions":[],"url":"https:\/\/quaidesbrumes.com\/ouvrage\/9782350733791\/lentre-jambe-du-desert-pale"},{"id":"9782849243619","title":"Un souffle de petales","description":null,"authors":["Katty Verny-dugelay"],"category_codes":["1000000","1090000"],"visuals":{"large":"https:\/\/images.epagine.fr\/619\/9782849243619_1_75.jpg","medium":"https:\/\/images.epagine.fr\/619\/9782849243619_1_m.jpg","thumbnail":"https:\/\/images.epagine.fr\/619\/9782849243619_1_v.jpg"},"orderable":true,"show_badge":true,"formatted_price":"12,00&nbsp;\u20ac","formatted_published_date":"15 avril 2014","publisher_availability_label":"Sur commande","short_details":"Katty Verny-dugelay \u2014 Editions Du Cygne","translator":null,"weight":180,"page_count":null,"readership":null,"editor":"Editions Du Cygne","price":1200,"published_date":"2014-04-14T22:00:00.000000Z","support":"Grand format","publisher_availability":1,"stock":0,"editions":[],"url":"https:\/\/quaidesbrumes.com\/ouvrage\/9782849243619\/un-souffle-de-petales"},{"id":"9782854465075","title":"L'apocalypse selon Marta","description":"Bien plus qu'une r\u00e9actualisation po\u00e9tique des \u00e9crits de Jean l'Evang\u00e9liste c'est un cri contre le silence de Dieu et la surdit\u00e9 des hommes que la po\u00e9tesse pousse ici. L'encre lui permet ainsi de sortir du mutisme et d'une acceptation soumise aux r\u00e8gles du monde par des vers tant\u00f4t emprunts de col\u00e8re, tant\u00f4t d'une tristesse insondable.\r","authors":["Marta Petreu","Linda Maria Barosi"],"category_codes":["1000000","1090000"],"visuals":{"large":"https:\/\/images.epagine.fr\/075\/9782854465075_1_75.jpg","medium":"https:\/\/images.epagine.fr\/075\/9782854465075_1_m.jpg","thumbnail":"https:\/\/images.epagine.fr\/075\/9782854465075_1_v.jpg"},"orderable":true,"show_badge":true,"formatted_price":"15,00&nbsp;\u20ac","formatted_published_date":"1er mai 2013","publisher_availability_label":"Sur commande","short_details":"Marta Petreu, Linda Maria Barosi \u2014 Caracteres","translator":"LINDA MARIA BAROSI","weight":150,"page_count":null,"readership":null,"editor":"Caracteres","price":1500,"published_date":"2013-04-30T22:00:00.000000Z","support":"Grand format","publisher_availability":1,"stock":0,"editions":[],"url":"https:\/\/quaidesbrumes.com\/ouvrage\/9782854465075\/lapocalypse-selon-marta"}]}