{"data":[{"id":"9788476818138","title":"Trenen abiadura","description":null,"authors":["Luis Garde Iriarte"],"category_codes":["1000000","1090000","1090600"],"visuals":{"large":"https:\/\/images.epagine.fr\/138\/9788476818138_1_75.jpg","medium":"https:\/\/images.epagine.fr\/138\/9788476818138_1_m.jpg","thumbnail":"https:\/\/images.epagine.fr\/138\/9788476818138_1_v.jpg"},"orderable":true,"show_badge":true,"formatted_price":"13,50&nbsp;\u20ac","formatted_published_date":"24 janvier 2014","publisher_availability_label":"Sur commande","short_details":"Luis Garde Iriarte \u2014 Pamiela","translator":null,"weight":301,"page_count":null,"readership":null,"editor":"Pamiela","price":1350,"published_date":"2014-01-23T23:00:00.000000Z","support":"Grand format","publisher_availability":1,"stock":0,"editions":[],"url":"https:\/\/quaidesbrumes.com\/ouvrage\/9788476818138\/trenen-abiadura"},{"id":"9782296994706","title":"Les cinq capitaux","description":"Les cinq capitaux ne se m\u00ealent pas de th\u00e9ologie. Ni p\u00e9ch\u00e9s ni vertus recens\u00e9s. Ils d\u00e9signent simplement quelques dispositions du comportement humain. La r\u00e8gle de la versification complique \u00e0 peine le topo et n'engage \u00e0 rien de plus que causer pour occuper le temps de nos nuits sans sommeil.\r","authors":["Alain paul Fimbel"],"category_codes":["1000000","1090000"],"visuals":{"large":"https:\/\/images.epagine.fr\/706\/9782296994706_1_75.jpg","medium":"https:\/\/images.epagine.fr\/706\/9782296994706_1_m.jpg","thumbnail":"https:\/\/images.epagine.fr\/706\/9782296994706_1_v.jpg"},"orderable":true,"show_badge":true,"formatted_price":"12,50&nbsp;\u20ac","formatted_published_date":"3 ao\u00fbt 2012","publisher_availability_label":"Sur commande","short_details":"Alain paul Fimbel \u2014 \u00c9ditions L'Harmattan","translator":null,"weight":105,"page_count":78,"readership":null,"editor":"\u00c9ditions L'Harmattan","price":1250,"published_date":"2012-08-02T22:00:00.000000Z","support":"Grand format","publisher_availability":1,"stock":0,"editions":[],"url":"https:\/\/quaidesbrumes.com\/ouvrage\/9782296994706\/les-cinq-capitaux"},{"id":"9782368683316","title":"Salves envol\u00e9es","description":"Tachycardie\r\n\r\nQu'est-ce que j'attends pour aller te voir ?\r\nTe parler dans la rue ou j'ai pu entrevoir\r\nDans ton sourire, une secr\u00e8te intention\r\nQui dans mon coeur attira l'attention\r\nNulle raison de croire qu'en cet instant pr\u00e9cis\r\nMa peur d\u00e9file sur ta poitrine au dessin pr\u00e9cis\r\nQu'est-ce qui fait bloquer ma gorge et provoque de la sorte\r\nCette tachycardie oppressante dans mes veines et chahutant mon aorte ?!\r\n\r\nJe prie Dieu qu'un jour, dans tes plus beaux atours\r\nJe puisse d\u00e9poser dans tes yeux\r\nMa prose assoiff\u00e9e inspir\u00e9e au touch\u00e9 du velours\r\nDe ta peau miroitante dans mon coeur aux tambours\r\nTapant la m\u00e9lop\u00e9e, un, deux...\r\nJe me lance, \u00e0 trois je serai trop vieux\r\n\u00c0 moins qu'\u00e0 quatre tu danses aux battements effr\u00e9n\u00e9s\r\nDe mon coeur aux avances \u00e0 tue-t\u00eate syncop\u00e9es\r\nSous l'emprise de la transe \u00e0 tes hanches \u00e9lanc\u00e9es\r\nQu'est ce que j'attends ? Ta pr\u00e9sence... Je vais crever !!!","authors":["Lo"],"category_codes":["1000000","1090000","1090600"],"visuals":{"large":"https:\/\/images.epagine.fr\/316\/9782368683316_1_75.jpg","medium":"https:\/\/images.epagine.fr\/316\/9782368683316_1_m.jpg","thumbnail":"https:\/\/images.epagine.fr\/316\/9782368683316_1_v.jpg"},"orderable":true,"show_badge":true,"formatted_price":"16,60&nbsp;\u20ac","formatted_published_date":"8 ao\u00fbt 2014","publisher_availability_label":"Sur commande","short_details":"Lo \u2014 Stellamaris","translator":null,"weight":240,"page_count":175,"readership":null,"editor":"Stellamaris","price":1660,"published_date":"2014-08-07T22:00:00.000000Z","support":"Grand format","publisher_availability":1,"stock":0,"editions":[],"url":"https:\/\/quaidesbrumes.com\/ouvrage\/9782368683316\/salves-envolees"},{"id":"9782849243725","title":"Bouria, des mots dans la tourmente","description":null,"authors":["Denis Emorine"],"category_codes":["1000000","1090000"],"visuals":{"large":"https:\/\/images.epagine.fr\/725\/9782849243725_1_75.jpg","medium":"https:\/\/images.epagine.fr\/725\/9782849243725_1_m.jpg","thumbnail":"https:\/\/images.epagine.fr\/725\/9782849243725_1_v.jpg"},"orderable":true,"show_badge":true,"formatted_price":"10,00&nbsp;\u20ac","formatted_published_date":"1er ao\u00fbt 2014","publisher_availability_label":"Sur commande","short_details":"Denis Emorine \u2014 Editions Du Cygne","translator":null,"weight":100,"page_count":null,"readership":null,"editor":"Editions Du Cygne","price":1000,"published_date":"2014-07-31T22:00:00.000000Z","support":"Grand format","publisher_availability":1,"stock":0,"editions":[],"url":"https:\/\/quaidesbrumes.com\/ouvrage\/9782849243725\/bouria-des-mots-dans-la-tourmente"},{"id":"9782353281138","title":"M\u00e9moire tum\u00e9fi\u00e9e ; lettres de Narcisse \u00e0 l'ange","description":null,"authors":["Colette Klein"],"category_codes":["1000000","1090000"],"visuals":{"large":"https:\/\/images.epagine.fr\/138\/9782353281138_1_75.jpg","medium":"https:\/\/images.epagine.fr\/138\/9782353281138_1_m.jpg","thumbnail":"https:\/\/images.epagine.fr\/138\/9782353281138_1_v.jpg"},"orderable":true,"show_badge":true,"formatted_price":"15,00&nbsp;\u20ac","formatted_published_date":"17 mai 2013","publisher_availability_label":"Sur commande","short_details":"Colette Klein \u2014 Editinter","translator":null,"weight":146,"page_count":null,"readership":null,"editor":"Editinter","price":1500,"published_date":"2013-05-16T22:00:00.000000Z","support":"Grand format","publisher_availability":1,"stock":0,"editions":[],"url":"https:\/\/quaidesbrumes.com\/ouvrage\/9782353281138\/memoire-tumefiee-lettres-de-narcisse-a-lange"},{"id":"9782915800999","title":"Cache apr\u00e8s l'cat !","description":"\u00ab Viens, mon beau chat, sur mon coeur amoureux, Retiens les griffes de ta patte, Et laisse-moi plonger dans tes beaux yeux De m\u00e9tal et d'agate. \u00bb Charles BAUDELAIRE \u00ab Viens, min biau cat,... \u00bb.\r\nAh, je ne me permettrai pas de r\u00e9\u00e9crire ces vers, ni en patois ni dans quelque langue que ce soit. Mais si vous d\u00e9sirez en lire d'autres qui parlent aussi des chats, mais dans notre langage traditionnel du Nord, eh bien, ce livre est pour vous ! Et go\u00fbtez aussi les illustrations pleines d'humour et de r\u00eave de No\u00e9mie LEMAN. (Jo\u00eblle Jonas) Apr\u00e8s Cache apr\u00e8s l'tiote bi\u00e8te ! (2010), voici Cache apr\u00e8s l'cat ! (2012), le r\u00e9sultat de la fid\u00e8le complicit\u00e9 entre Jo\u00eblle Jonas et No\u00e9mie Leman, r\u00e9sidente belge mais Wallone. Des beaux textes de Jo\u00eblle Jonas dans un album de couleurs \u00e0 l'aquarelle qui met en valeur notre langue patoisante.\r\n \r\nNotons la double version Fran\u00e7ais - Picard pour celles et ceux, jeunes ou moins jeunes, qui souhaitent lire une version plut\u00f4t qu'une autre.\r","authors":["Joelle Jonas","Noemie Leman"],"category_codes":["1000000","1090000"],"visuals":{"large":"https:\/\/quaidesbrumes.com\/img\/book-placeholder.png","medium":"https:\/\/quaidesbrumes.com\/img\/book-placeholder.png","thumbnail":"https:\/\/quaidesbrumes.com\/img\/book-placeholder.png"},"orderable":true,"show_badge":true,"formatted_price":"9,00&nbsp;\u20ac","formatted_published_date":"6 d\u00e9cembre 2012","publisher_availability_label":"Sur commande","short_details":"Joelle Jonas, Noemie Leman \u2014 Nord Avril","translator":null,"weight":205,"page_count":28,"readership":null,"editor":"Nord Avril","price":900,"published_date":"2012-12-05T23:00:00.000000Z","support":"Grand format","publisher_availability":1,"stock":0,"editions":[],"url":"https:\/\/quaidesbrumes.com\/ouvrage\/9782915800999\/cache-apres-lcat"},{"id":"9782874595981","title":"Derri\u00e8re le silence","description":"La douceur et la violence, La peur et l'ivresse des hauteurs , Le go\u00fbts du sucre et celui des larmes, La difficult\u00e9 de vivre et l'ardeur d'aimer, Palpitent derri\u00e8re mes silences.\r","authors":["Micha\u00ebl Zo\u00efna"],"category_codes":["1000000","1090000"],"visuals":{"large":"https:\/\/images.epagine.fr\/981\/9782874595981_1_75.jpg","medium":"https:\/\/images.epagine.fr\/981\/9782874595981_1_m.jpg","thumbnail":"https:\/\/images.epagine.fr\/981\/9782874595981_1_v.jpg"},"orderable":true,"show_badge":true,"formatted_price":"15,00&nbsp;\u20ac","formatted_published_date":"15 d\u00e9cembre 2011","publisher_availability_label":"Sur commande","short_details":"Micha\u00ebl Zo\u00efna \u2014 Chloe Des Lys","translator":null,"weight":150,"page_count":null,"readership":null,"editor":"Chloe Des Lys","price":1500,"published_date":"2011-12-14T23:00:00.000000Z","support":"Grand format","publisher_availability":1,"stock":0,"editions":[],"url":"https:\/\/quaidesbrumes.com\/ouvrage\/9782874595981\/derriere-le-silence"},{"id":"9782343051437","title":"Mots pour maux","description":"L'auteur nous entra\u00eene dans une imagination cr\u00e9atrice o\u00f9 la po\u00e9sie est le reflet de sentiments humains immuables et intemporels. Jean-Fran\u00e7ois Sabourin est fid\u00e8le \u00e0 son \u00e9criture douce et sensuelle \u00e0 la fois, livrant au lecteur un t\u00e9moignage de sensations per\u00e7ues dans l'\u00e9volution des id\u00e9es sous la forme de rimes libres que discerne en toutes circonstances le visible et l'invisible.\r","authors":["Jean-fran\u00e7ois Sabourin"],"category_codes":["1000000","1090000"],"visuals":{"large":"https:\/\/images.epagine.fr\/437\/9782343051437_1_75.jpg","medium":"https:\/\/images.epagine.fr\/437\/9782343051437_1_m.jpg","thumbnail":"https:\/\/images.epagine.fr\/437\/9782343051437_1_v.jpg"},"orderable":true,"show_badge":true,"formatted_price":"13,00&nbsp;\u20ac","formatted_published_date":"19 d\u00e9cembre 2014","publisher_availability_label":"Sur commande","short_details":"Jean-fran\u00e7ois Sabourin \u2014 \u00c9ditions L'Harmattan","translator":null,"weight":115,"page_count":86,"readership":null,"editor":"\u00c9ditions L'Harmattan","price":1300,"published_date":"2014-12-18T23:00:00.000000Z","support":"Grand format","publisher_availability":1,"stock":0,"editions":[],"url":"https:\/\/quaidesbrumes.com\/ouvrage\/9782343051437\/mots-pour-maux"},{"id":"9782336000909","title":"\u00e2me vivante ; mes visions du monde","description":"Cet ouvrage comprend \u00e0 la fois des po\u00e8mes et des chansons classiques, ainsi que des textes po\u00e9tiques en prose dont la saveur est in\u00e9dite et aborde des th\u00e9matiques vari\u00e9es, allant de l'amour (qui y occupe une place de choix) \u00e0 la guerre, en passant par l'amiti\u00e9, la paix, les traits de caract\u00e8re chez les humains, les faits de soci\u00e9t\u00e9, des hommages \u00e0 des \u00eatres chers, des conseils, des encouragements.\r","authors":["Alain d\u00e9sir\u00e9 Ta\u00efno kari"],"category_codes":["1000000","1090000"],"visuals":{"large":"https:\/\/images.epagine.fr\/909\/9782336000909_1_75.jpg","medium":"https:\/\/images.epagine.fr\/909\/9782336000909_1_m.jpg","thumbnail":"https:\/\/images.epagine.fr\/909\/9782336000909_1_v.jpg"},"orderable":true,"show_badge":true,"formatted_price":"15,50&nbsp;\u20ac","formatted_published_date":"9 octobre 2012","publisher_availability_label":"Sur commande","short_details":"Alain d\u00e9sir\u00e9 Ta\u00efno kari \u2014 \u00c9ditions L'Harmattan","translator":null,"weight":190,"page_count":138,"readership":null,"editor":"\u00c9ditions L'Harmattan","price":1550,"published_date":"2012-10-08T22:00:00.000000Z","support":"Grand format","publisher_availability":1,"stock":0,"editions":[],"url":"https:\/\/quaidesbrumes.com\/ouvrage\/9782336000909\/ame-vivante-mes-visions-du-monde"},{"id":"9782854465181","title":"Tessiture","description":null,"authors":["Georges-Elia Sarfati"],"category_codes":["1000000","1090000"],"visuals":{"large":"https:\/\/images.epagine.fr\/181\/9782854465181_1_75.jpg","medium":"https:\/\/images.epagine.fr\/181\/9782854465181_1_m.jpg","thumbnail":"https:\/\/images.epagine.fr\/181\/9782854465181_1_v.jpg"},"orderable":true,"show_badge":true,"formatted_price":"18,00&nbsp;\u20ac","formatted_published_date":"10 avril 2014","publisher_availability_label":"Sur commande","short_details":"Georges-Elia Sarfati \u2014 Caracteres","translator":null,"weight":250,"page_count":null,"readership":null,"editor":"Caracteres","price":1800,"published_date":"2014-04-09T22:00:00.000000Z","support":"Grand format","publisher_availability":1,"stock":0,"editions":[],"url":"https:\/\/quaidesbrumes.com\/ouvrage\/9782854465181\/tessiture"},{"id":"9782865039234","title":"\u00e9pistres en vers I","description":"A c\u00f4t\u00e9 des grands noms de la litt\u00e9rature (Ronsard, Corneille, Voltaire ou Chateaubriand) et des oeuvres majeures, des collections (Du Bellay, Rotrou, Saint-Evremond, Scarron, Tristan l'Hermite), des auteurs moins connus (Angot de l'Eperonni\u00e8re, Boindin ou Mareschal) et de nombreux textes rares, souvent en premi\u00e8re \u00e9dition moderne, les textes publi\u00e9s par la STFM offrent le panorama le plus riche et le plus vari\u00e9 de la litt\u00e9rature fran\u00e7aise de la Renaissance \u00e0 l'\u00e9poque moderne.\r","authors":["Fran\u00e7ois Boisrobert"],"category_codes":["1000000","1090000"],"visuals":{"large":"https:\/\/images.epagine.fr\/234\/9782865039234_1_75.jpg","medium":"https:\/\/images.epagine.fr\/234\/9782865039234_1_m.jpg","thumbnail":"https:\/\/images.epagine.fr\/234\/9782865039234_1_v.jpg"},"orderable":true,"show_badge":true,"formatted_price":"25,00&nbsp;\u20ac","formatted_published_date":"5 juillet 2016","publisher_availability_label":"Sur commande","short_details":"Fran\u00e7ois Boisrobert \u2014 Stfm","translator":null,"weight":270,"page_count":296,"readership":null,"editor":"Stfm","price":2500,"published_date":"2016-07-04T22:00:00.000000Z","support":"Grand format","publisher_availability":1,"stock":0,"editions":[],"url":"https:\/\/quaidesbrumes.com\/ouvrage\/9782865039234\/epistres-en-vers-i"},{"id":"9782919137053","title":"Yeux fendus dans le fond du coeur","description":null,"authors":["Parra"],"category_codes":["1000000","1090000"],"visuals":{"large":"https:\/\/quaidesbrumes.com\/img\/book-placeholder.png","medium":"https:\/\/quaidesbrumes.com\/img\/book-placeholder.png","thumbnail":"https:\/\/quaidesbrumes.com\/img\/book-placeholder.png"},"orderable":true,"show_badge":true,"formatted_price":"15,00&nbsp;\u20ac","formatted_published_date":"3 novembre 2010","publisher_availability_label":"Sur commande","short_details":"Parra \u2014 Dessables","translator":null,"weight":120,"page_count":81,"readership":null,"editor":"Dessables","price":1500,"published_date":"2010-11-02T23:00:00.000000Z","support":"Grand format","publisher_availability":1,"stock":0,"editions":[],"url":"https:\/\/quaidesbrumes.com\/ouvrage\/9782919137053\/yeux-fendus-dans-le-fond-du-coeur"},{"id":"9782296994454","title":"Entailles douces","description":"Depuis toujours, Agn\u00e8s Royer vit en compagnie des mots. Elle \u00e9crit beaucoup mais jusqu'\u00e0 pr\u00e9sent, ses mots n'\u00e9taient pas venus \u00e0 la lumi\u00e8re du jour. Ces textes ne sont pas une autobiographie. Ils dessinent en creux le portrait d'une femme peut-\u00eatre plus \u00e0 l'aise avec les mots qu'avec les personnes ; sa v\u00e9rit\u00e9 peut se lire dans ces lignes et c'est bien la v\u00e9rit\u00e9, m\u00eame si elle est rarement manifest\u00e9e.\r","authors":["Agn\u00e8s Royer"],"category_codes":["1000000","1090000"],"visuals":{"large":"https:\/\/images.epagine.fr\/454\/9782296994454_1_75.jpg","medium":"https:\/\/images.epagine.fr\/454\/9782296994454_1_m.jpg","thumbnail":"https:\/\/images.epagine.fr\/454\/9782296994454_1_v.jpg"},"orderable":true,"show_badge":true,"formatted_price":"16,50&nbsp;\u20ac","formatted_published_date":"30 ao\u00fbt 2012","publisher_availability_label":"Sur commande","short_details":"Agn\u00e8s Royer \u2014 \u00c9ditions L'Harmattan","translator":null,"weight":180,"page_count":150,"readership":null,"editor":"\u00c9ditions L'Harmattan","price":1650,"published_date":"2012-08-29T22:00:00.000000Z","support":"Grand format","publisher_availability":1,"stock":0,"editions":[],"url":"https:\/\/quaidesbrumes.com\/ouvrage\/9782296994454\/entailles-douces"},{"id":"9782343008202","title":"Gen\u00e8se de la m\u00e9moire passionn\u00e9e : L'impact du Printemps arabe - Po\u00e9sie","description":"Cet ouvrage s'inspire des \u00e9v\u00e9nements r\u00e9cents. Il pr\u00e9tend donner une nouvelle d\u00e9finition de la patrie, la d\u00e9livrer de la domination patriarcale, invite \u00e0 glorifier le souvenir des martyrs pacifistes, et insiste sur l'amour de la patrie et sur sa sauvegarde en contestant sa d\u00e9fense par l'affrontement et la violence. Il parle aussi de la d\u00e9fense contre les maux humains tels que les tendances sectaires et le racisme, r\u00e9pandus dans la soci\u00e9t\u00e9 sous couvert d'une croyance fanatique.\r","authors":["Raed Anis Al-Jishi"],"category_codes":["1000000","1090000"],"visuals":{"large":"https:\/\/images.epagine.fr\/202\/9782343008202_1_75.jpg","medium":"https:\/\/images.epagine.fr\/202\/9782343008202_1_m.jpg","thumbnail":"https:\/\/images.epagine.fr\/202\/9782343008202_1_v.jpg"},"orderable":true,"show_badge":true,"formatted_price":"12,50&nbsp;\u20ac","formatted_published_date":"12 d\u00e9cembre 2013","publisher_availability_label":"Sur commande","short_details":"Raed Anis Al-Jishi \u2014 \u00c9ditions L'Harmattan","translator":null,"weight":110,"page_count":82,"readership":null,"editor":"\u00c9ditions L'Harmattan","price":1250,"published_date":"2013-12-11T23:00:00.000000Z","support":"Grand format","publisher_availability":1,"stock":0,"editions":[],"url":"https:\/\/quaidesbrumes.com\/ouvrage\/9782343008202\/genese-de-la-memoire-passionnee-limpact-du-printemps-arabe-poesie"},{"id":"9782371451278","title":"La porte ou la parenthese de l eternite","description":null,"authors":["Claudine Helft"],"category_codes":[],"visuals":{"large":"https:\/\/quaidesbrumes.com\/img\/book-placeholder.png","medium":"https:\/\/quaidesbrumes.com\/img\/book-placeholder.png","thumbnail":"https:\/\/quaidesbrumes.com\/img\/book-placeholder.png"},"orderable":true,"show_badge":true,"formatted_price":"25,00&nbsp;\u20ac","formatted_published_date":"1er janvier 2016","publisher_availability_label":"Sur commande","short_details":"Claudine Helft \u2014 Petit Vehicule","translator":null,"weight":150,"page_count":null,"readership":null,"editor":"Petit Vehicule","price":2500,"published_date":"2015-12-31T23:00:00.000000Z","support":"Grand format","publisher_availability":1,"stock":0,"editions":[],"url":"https:\/\/quaidesbrumes.com\/ouvrage\/9782371451278\/la-porte-ou-la-parenthese-de-l-eternite"},{"id":"9791096199044","title":"L'arbre de nerfs carnets I-VII","description":"\" l'arbre de nerfs est une qu\u00eate de corps, \u00e0 travers la marche d'une nature\" - Long po\u00e8me scand\u00e9 en dix carnets qui sont comme dix chants, l'arbre du corps raconte ses racinements et ses d\u00e9racinements, en parcourant les montagnes et les mers, au long de la d\u00e9couverte d'un autre corps, celui de l'Homme, \u00ab l'homme sera nomm\u00e9 en nature, comme une nature \u00bb ( - Carnets I \u00e0 VII  - ), ou de la qu\u00eate d'un autre pays ( - Carnets VIII, IX, X - ??????, Gr\u00e8ce -).\r\n- \u00ab  Mon recueil ce qui a eu lieu ce qui aura lieu ce qui sera lieu en mon corps Mes \u00e9crits tendent \u00e0 exprimer la vie \u00e0 travers le filtre des nerfs.\r\n \r\nL'\u00e9criture ici peut \u00eatre vue comme des nerfs, sensible, vive et n\u00e9vralgique, davantage de l'ordre de l'instinctif que de l'intellect, sillonn\u00e9e de courants, de noeuds, et poss\u00e9dant une multitude de terminaisons.\r\n \r\nUne \u00e9criture capable de provoquer des mouvements inconscients, anim\u00e9s de renouvellements, ponctu\u00e9e de tremblements, de rat\u00e9s, de reprises, de chutes, de convalescences, Une \u00e9criture en le texte, en la structure du texte, comme un corps, vivant, sensible, \u00e0 moins d'\u00eatre br\u00fbl\u00e9e.\r\n \r\nPour entendre le corps, les nerfs, je me tournerai vers la nature, y qu\u00eaterai mes sens.\r\n \u00bb Lara Dopff -","authors":["Lara Dopff"],"category_codes":["1000000","1090000","1090600"],"visuals":{"large":"https:\/\/quaidesbrumes.com\/img\/book-placeholder.png","medium":"https:\/\/quaidesbrumes.com\/img\/book-placeholder.png","thumbnail":"https:\/\/quaidesbrumes.com\/img\/book-placeholder.png"},"orderable":true,"show_badge":true,"formatted_price":"20,00&nbsp;\u20ac","formatted_published_date":"21 d\u00e9cembre 2015","publisher_availability_label":"Sur commande","short_details":"Lara Dopff \u2014 Phloeme","translator":null,"weight":470,"page_count":328,"readership":null,"editor":"Phloeme","price":2000,"published_date":"2015-12-20T23:00:00.000000Z","support":"Grand format","publisher_availability":1,"stock":0,"editions":[],"url":"https:\/\/quaidesbrumes.com\/ouvrage\/9791096199044\/larbre-de-nerfs-carnets-i-vii"},{"id":"9791095683056","title":"L'arbre de nerfs carnets VIII-X","description":"\" terre \u00e9trang\u00e8re, terre retourn\u00e9e\" - Long po\u00e8me scand\u00e9 en dix carnets qui sont comme dix chants, l'arbre du corps raconte ses racinements et ses d\u00e9racinements, en parcourant les montagnes et les mers, au long de la d\u00e9couverte d'un autre corps, celui de l'Homme, \u00ab l'homme sera nomm\u00e9 en nature, comme une nature \u00bb ( - Carnets I \u00e0 VII  - ), ou de la qu\u00eate d'un autre pays ( - Carnets VIII, IX, X - ??????, Gr\u00e8ce -).","authors":["Lara Dopff"],"category_codes":["1000000","1090000","1090600"],"visuals":{"large":"https:\/\/images.epagine.fr\/056\/9791095683056_1_75.jpg","medium":"https:\/\/images.epagine.fr\/056\/9791095683056_1_m.jpg","thumbnail":"https:\/\/images.epagine.fr\/056\/9791095683056_1_v.jpg"},"orderable":true,"show_badge":true,"formatted_price":"20,00&nbsp;\u20ac","formatted_published_date":"21 mars 2016","publisher_availability_label":"Sur commande","short_details":"Lara Dopff \u2014 Phloeme","translator":null,"weight":260,"page_count":180,"readership":null,"editor":"Phloeme","price":2000,"published_date":"2016-03-20T23:00:00.000000Z","support":"Grand format","publisher_availability":1,"stock":0,"editions":[],"url":"https:\/\/quaidesbrumes.com\/ouvrage\/9791095683056\/larbre-de-nerfs-carnets-viii-x"},{"id":"9782312018034","title":"Au-del\u00e0 des tableaux","description":"D\u00e9ambulations dans un mus\u00e9e et ce qu'inspire un certain nombre d'oeuvres comme po\u00e8mes. Entre r\u00e9flexions, dans tous les sens du terme, et imaginations.\r","authors":["Arthur Aur\u00e9lian"],"category_codes":["1000000","1090000"],"visuals":{"large":"https:\/\/images.epagine.fr\/034\/9782312018034_1_75.jpg","medium":"https:\/\/images.epagine.fr\/034\/9782312018034_1_m.jpg","thumbnail":"https:\/\/images.epagine.fr\/034\/9782312018034_1_v.jpg"},"orderable":true,"show_badge":true,"formatted_price":"15,00&nbsp;\u20ac","formatted_published_date":"31 octobre 2013","publisher_availability_label":"Sur commande","short_details":"Arthur Aur\u00e9lian \u2014 Editions du Net","translator":null,"weight":236,"page_count":236,"readership":null,"editor":"Editions du Net","price":1500,"published_date":"2013-10-30T23:00:00.000000Z","support":"Grand format","publisher_availability":1,"stock":0,"editions":[],"url":"https:\/\/quaidesbrumes.com\/ouvrage\/9782312018034\/au-dela-des-tableaux"},{"id":"9791096199082","title":"Le dit de la grande peur","description":"\u00ab Ancr\u00e9 dans les terres et les vents de Provence, \u00e9cho de voyages dans l'Asie imm\u00e9moriale, aux Indes, dans l'archipel indon\u00e9sien, par les routes et les fleuves de Chine, LE DIT DE LA GRANDE PEUR tisse un itin\u00e9raire o\u00f9 le souffle du monde entre en r\u00e9sonance avec le regard int\u00e9rieur, dans l'alternance des jours et des nuits. \r\n* J'\u00e9crivais au fil des jours et des nuits. Le po\u00e8me \u00e9tait un long voyage tiss\u00e9 de r\u00eaves et de visions qui s'incarnaient dans la chair du partage. Les mots donn\u00e9s \u00e0 tous s'aimantaient, aspiraient la v\u00e9rit\u00e9 des sens. Le dit de la grande peur est n\u00e9 de ce parcours.\r\n \r\n \u00bb","authors":["Guilhem Fabre"],"category_codes":["1000000","1090000","1090600"],"visuals":{"large":"https:\/\/images.epagine.fr\/082\/9791096199082_1_75.jpg","medium":"https:\/\/images.epagine.fr\/082\/9791096199082_1_m.jpg","thumbnail":"https:\/\/images.epagine.fr\/082\/9791096199082_1_v.jpg"},"orderable":true,"show_badge":true,"formatted_price":"23,00&nbsp;\u20ac","formatted_published_date":"26 janvier 2017","publisher_availability_label":"Sur commande","short_details":"Guilhem Fabre \u2014 Phloeme","translator":null,"weight":270,"page_count":164,"readership":null,"editor":"Phloeme","price":2300,"published_date":"2017-01-25T23:00:00.000000Z","support":"Grand format","publisher_availability":1,"stock":0,"editions":[],"url":"https:\/\/quaidesbrumes.com\/ouvrage\/9791096199082\/le-dit-de-la-grande-peur"},{"id":"9782368681053","title":"Oceano saxo solo","description":"Figure de proue elle enj\u00f4le.\r\nLa vague a des rondeurs de femme\r\nde flous rires d'\u00e9cume\r\ndes seins multiples sur sa gorge\r\nd'o\u00f9 surgissent et plongent\r\ndes oiseaux bleuis\r\npar le jour qui s'\u00e9loigne.\r\n\r\nInstant \u00e9lys\u00e9en.\r\n\r\nChuuuuuuuuuut cl\u00e9 d'ut\r\nlong \u00e9tirement du temps universel.","authors":["Guenane Cade","Didier Collobert"],"category_codes":["1000000","1090000","1090600"],"visuals":{"large":"https:\/\/images.epagine.fr\/053\/9782368681053_1_75.jpg","medium":"https:\/\/images.epagine.fr\/053\/9782368681053_1_m.jpg","thumbnail":"https:\/\/images.epagine.fr\/053\/9782368681053_1_v.jpg"},"orderable":true,"show_badge":true,"formatted_price":"13,00&nbsp;\u20ac","formatted_published_date":"11 d\u00e9cembre 2014","publisher_availability_label":"Sur commande","short_details":"Guenane Cade, Didier Collobert \u2014 Stellamaris","translator":null,"weight":102,"page_count":67,"readership":null,"editor":"Stellamaris","price":1300,"published_date":"2014-12-10T23:00:00.000000Z","support":"Grand format","publisher_availability":1,"stock":0,"editions":[],"url":"https:\/\/quaidesbrumes.com\/ouvrage\/9782368681053\/oceano-saxo-solo"},{"id":"9782322013692","title":"Fin de cycle ; recueil de po\u00e9sies","description":"Le recueil de G\u00e9rard Tournadre r\u00e9unit soixante-douze po\u00e8mes de m\u00eame structure : seize vers, des alexandrins le plus souvent, \u00e0 rimes plates, r\u00e9partis en deux strophes. Pas de titre. Pas de ponctuation non plus, hormis le point qui termine la strophe. La po\u00e9sie est grise, \u00e0 l'image du temps, rehauss\u00e9e parfois - trop rarement ? - par une jolie trouvaille : une image inattendue comme celle du linceul cach\u00e9 au creux des foins, une \u00e9vocation  gracieuse (La savane aux gazelles a perdu ses points d'eau), la vision cauchemardesque de cet homme qui court apr\u00e8s son ombre sur des tessons bris\u00e9s, ou cette autre vision, cosmique cette fois, comme un \u00e9cho du Bateau ivre de Rimbaud.\r","authors":["G\u00e9rard Tournadre"],"category_codes":["1000000","1090000","1090600"],"visuals":{"large":"https:\/\/images.epagine.fr\/692\/9782322013692_1_75.jpg","medium":"https:\/\/images.epagine.fr\/692\/9782322013692_1_m.jpg","thumbnail":"https:\/\/images.epagine.fr\/692\/9782322013692_1_v.jpg"},"orderable":true,"show_badge":true,"formatted_price":"9,50&nbsp;\u20ac","formatted_published_date":"27 janvier 2015","publisher_availability_label":"Sur commande","short_details":"G\u00e9rard Tournadre \u2014 Books on Demand","translator":null,"weight":201,"page_count":88,"readership":null,"editor":"Books on Demand","price":950,"published_date":"2015-01-26T23:00:00.000000Z","support":"Grand format","publisher_availability":1,"stock":0,"editions":[],"url":"https:\/\/quaidesbrumes.com\/ouvrage\/9782322013692\/fin-de-cycle-recueil-de-poesies"},{"id":"9782296548923","title":"La danse du saltiki","description":"Ce livre nous plonge dans les m\u00e9andres de la culture seereer. Il suit les traces d'un jeune homme du nom de Ndiig dont le fr\u00e8re jumeau a quitt\u00e9 leur m\u00e8re Wod\u00e9 sans jamais donner de raisons, am\u00e9nageant dans un village inconnu et tournant le dos \u00e0 Soob\u00e9 et autres pangool qui font trembler le village de Took Ngol. Une s\u00e9ance de divination aura lieu et voil\u00e0 qu'\u00e0 cause des visions du saltiki, le regard du village sur Ndiig et sa famille ne sera plus le m\u00eame...\r","authors":["Abdou Ngom"],"category_codes":["1000000","1090000"],"visuals":{"large":"https:\/\/images.epagine.fr\/923\/9782296548923_1_75.jpg","medium":"https:\/\/images.epagine.fr\/923\/9782296548923_1_m.jpg","thumbnail":"https:\/\/images.epagine.fr\/923\/9782296548923_1_v.jpg"},"orderable":true,"show_badge":true,"formatted_price":"19,50&nbsp;\u20ac","formatted_published_date":"28 d\u00e9cembre 2011","publisher_availability_label":"Sur commande","short_details":"Abdou Ngom \u2014 \u00c9ditions L'Harmattan","translator":null,"weight":250,"page_count":198,"readership":null,"editor":"\u00c9ditions L'Harmattan","price":1950,"published_date":"2011-12-27T23:00:00.000000Z","support":"Grand format","publisher_availability":1,"stock":0,"editions":[],"url":"https:\/\/quaidesbrumes.com\/ouvrage\/9782296548923\/la-danse-du-saltiki"},{"id":"9782812705410","title":"Le poids de la fumee...","description":null,"authors":["Fred Ciambellotti"],"category_codes":["1000000","1090000"],"visuals":{"large":"https:\/\/images.epagine.fr\/410\/9782812705410_1_75.jpg","medium":"https:\/\/images.epagine.fr\/410\/9782812705410_1_m.jpg","thumbnail":"https:\/\/images.epagine.fr\/410\/9782812705410_1_v.jpg"},"orderable":true,"show_badge":true,"formatted_price":"12,00&nbsp;\u20ac","formatted_published_date":"20 d\u00e9cembre 2013","publisher_availability_label":"Sur commande","short_details":"Fred Ciambellotti \u2014 Presses Du Midi","translator":null,"weight":59,"page_count":null,"readership":null,"editor":"Presses Du Midi","price":1200,"published_date":"2013-12-19T23:00:00.000000Z","support":"Grand format","publisher_availability":1,"stock":0,"editions":[],"url":"https:\/\/quaidesbrumes.com\/ouvrage\/9782812705410\/le-poids-de-la-fumee"},{"id":"9782970039105","title":"Balade \u00e0 mi-chemin","description":"Balade \u00e0 Mi-Chemin\u00c9crit sur le Parchemin,C'est un Sentier Po\u00e9tiqueNaturel et Authentique !Sur les plateaux du haut Jura, l'\u00e2me du po\u00e8te s'est inspir\u00e9e au fil du temps pour se retrouver \u00e0 Mi-Chemin sur la trajectoire de son destin !Ce recueil de po\u00e8mes est un ouvrage lumineux, tant par son contenu que par sa conception esth\u00e9tique. En trois chapitres, la po\u00e9sie vous entra\u00eene sur des chemins spirituels, romantiques et g\u00e9ographiques.\u00c9ditions ASSA, Christian Piaget","authors":["Christian Piaget"],"category_codes":["1000000","1090000","1090600"],"visuals":{"large":"https:\/\/images.epagine.fr\/105\/9782970039105_1_75.jpg","medium":"https:\/\/images.epagine.fr\/105\/9782970039105_1_m.jpg","thumbnail":"https:\/\/images.epagine.fr\/105\/9782970039105_1_v.jpg"},"orderable":true,"show_badge":true,"formatted_price":"13,00&nbsp;\u20ac","formatted_published_date":"30 juin 2004","publisher_availability_label":"Sur commande","short_details":"Christian Piaget \u2014 Assa","translator":null,"weight":150,"page_count":null,"readership":null,"editor":"Assa","price":1300,"published_date":"2004-06-29T22:00:00.000000Z","support":"Grand format","publisher_availability":1,"stock":0,"editions":[],"url":"https:\/\/quaidesbrumes.com\/ouvrage\/9782970039105\/balade-a-mi-chemin"}]}