{"data":[{"id":"9782847124569","title":"Miroir sans issue","description":null,"authors":["MICHEL PASSELERGUE"],"category_codes":["1000000","1090000","1090600"],"visuals":{"large":"https:\/\/images.epagine.fr\/569\/9782847124569_1_75.jpg","medium":"https:\/\/images.epagine.fr\/569\/9782847124569_1_m.jpg","thumbnail":"https:\/\/images.epagine.fr\/569\/9782847124569_1_v.jpg"},"orderable":true,"show_badge":true,"formatted_price":"10,00&nbsp;\u20ac","formatted_published_date":"15 mai 2015","publisher_availability_label":"Sur commande","short_details":"MICHEL PASSELERGUE \u2014 Petit Pave","translator":null,"weight":80,"page_count":null,"readership":null,"editor":"Petit Pave","price":1000,"published_date":"2015-05-14T22:00:00.000000Z","support":"Grand format","publisher_availability":1,"stock":0,"editions":[],"url":"https:\/\/quaidesbrumes.com\/ouvrage\/9782847124569\/miroir-sans-issue"},{"id":"9782312035963","title":"Palette de silhouettes","description":"Un recueil qui va du pire au meilleur, quelques textes qui d\u00e9noncent ... puis l'espoir : l'amour, la vie, la danse ...\r","authors":["Marie Manoukian"],"category_codes":["1000000","1090000"],"visuals":{"large":"https:\/\/images.epagine.fr\/963\/9782312035963_1_75.jpg","medium":"https:\/\/images.epagine.fr\/963\/9782312035963_1_m.jpg","thumbnail":"https:\/\/images.epagine.fr\/963\/9782312035963_1_v.jpg"},"orderable":true,"show_badge":true,"formatted_price":"14,00&nbsp;\u20ac","formatted_published_date":"6 novembre 2015","publisher_availability_label":"Sur commande","short_details":"Marie Manoukian \u2014 Editions du Net","translator":null,"weight":133,"page_count":74,"readership":null,"editor":"Editions du Net","price":1400,"published_date":"2015-11-05T23:00:00.000000Z","support":"Grand format","publisher_availability":1,"stock":0,"editions":[],"url":"https:\/\/quaidesbrumes.com\/ouvrage\/9782312035963\/palette-de-silhouettes"},{"id":"9782312038889","title":"D\u00e9ferlement","description":null,"authors":["Basamba Ekanga"],"category_codes":["1000000","1090000"],"visuals":{"large":"https:\/\/images.epagine.fr\/889\/9782312038889_1_75.jpg","medium":"https:\/\/images.epagine.fr\/889\/9782312038889_1_m.jpg","thumbnail":"https:\/\/images.epagine.fr\/889\/9782312038889_1_v.jpg"},"orderable":true,"show_badge":true,"formatted_price":"15,00&nbsp;\u20ac","formatted_published_date":"4 novembre 2015","publisher_availability_label":"Sur commande","short_details":"Basamba Ekanga \u2014 Editions du Net","translator":null,"weight":169,"page_count":94,"readership":null,"editor":"Editions du Net","price":1500,"published_date":"2015-11-03T23:00:00.000000Z","support":"Grand format","publisher_availability":1,"stock":0,"editions":[],"url":"https:\/\/quaidesbrumes.com\/ouvrage\/9782312038889\/deferlement"},{"id":"9782924097137","title":"Le paradis est un enfer","description":null,"authors":["Marck Konan Jean"],"category_codes":["1000000","1090000"],"visuals":{"large":"https:\/\/images.epagine.fr\/137\/9782924097137_1_75.jpg","medium":"https:\/\/images.epagine.fr\/137\/9782924097137_1_m.jpg","thumbnail":"https:\/\/images.epagine.fr\/137\/9782924097137_1_v.jpg"},"orderable":true,"show_badge":true,"formatted_price":"20,00&nbsp;\u20ac","formatted_published_date":"20 juin 2013","publisher_availability_label":"Sur commande","short_details":"Marck Konan Jean \u2014 Dhart","translator":null,"weight":132,"page_count":null,"readership":null,"editor":"Dhart","price":2000,"published_date":"2013-06-19T22:00:00.000000Z","support":"Grand format","publisher_availability":1,"stock":0,"editions":[],"url":"https:\/\/quaidesbrumes.com\/ouvrage\/9782924097137\/le-paradis-est-un-enfer"},{"id":"9782812704291","title":"Poemes pour les temps nouveaux","description":null,"authors":["Tsaphiel"],"category_codes":["1000000","1090000"],"visuals":{"large":"https:\/\/images.epagine.fr\/291\/9782812704291_1_75.jpg","medium":"https:\/\/images.epagine.fr\/291\/9782812704291_1_m.jpg","thumbnail":"https:\/\/images.epagine.fr\/291\/9782812704291_1_v.jpg"},"orderable":true,"show_badge":true,"formatted_price":"14,00&nbsp;\u20ac","formatted_published_date":"26 f\u00e9vrier 2013","publisher_availability_label":"Sur commande","short_details":"Tsaphiel \u2014 Presses Du Midi","translator":null,"weight":139,"page_count":null,"readership":null,"editor":"Presses Du Midi","price":1400,"published_date":"2013-02-25T23:00:00.000000Z","support":"Grand format","publisher_availability":1,"stock":0,"editions":[],"url":"https:\/\/quaidesbrumes.com\/ouvrage\/9782812704291\/poemes-pour-les-temps-nouveaux"},{"id":"9782312037172","title":"Conflits","description":"La mari\u00e9e Sa poup\u00e9e \u00e0 la main, Un enfant qui ne savait rien, Guid\u00e9e comme un mouton pour \u00eatre \u00e9gorg\u00e9e, Elle n'avait que huit ans, mais d\u00e9j\u00e0 mari\u00e9e, La nuit des noces, on entendait ses cris, On a continu\u00e9 \u00e0 danser sans se soucier, Le matin on est all\u00e9 \u00e0 ses fun\u00e9railles, Ce monde injuste ment, tue et d\u00e9raille.\r","authors":["Nadia Birouk"],"category_codes":["1000000","1090000"],"visuals":{"large":"https:\/\/images.epagine.fr\/172\/9782312037172_1_75.jpg","medium":"https:\/\/images.epagine.fr\/172\/9782312037172_1_m.jpg","thumbnail":"https:\/\/images.epagine.fr\/172\/9782312037172_1_v.jpg"},"orderable":true,"show_badge":true,"formatted_price":"12,00&nbsp;\u20ac","formatted_published_date":"4 novembre 2015","publisher_availability_label":"Sur commande","short_details":"Nadia Birouk \u2014 Editions du Net","translator":null,"weight":56,"page_count":52,"readership":null,"editor":"Editions du Net","price":1200,"published_date":"2015-11-03T23:00:00.000000Z","support":"Grand format","publisher_availability":1,"stock":0,"editions":[],"url":"https:\/\/quaidesbrumes.com\/ouvrage\/9782312037172\/conflits"},{"id":"9782332945549","title":"De l\u00e0 o\u00f9 naissent les nuages","description":"De l\u00e0 o\u00f9 naissent les nuages est la suite logique de L'Amour est enfant de po\u00e8me. Le premier recueil de l'auteur lui a servi de th\u00e9rapie, en lui permettant d'exprimer des choses tr\u00e8s personnelles. Ce deuxi\u00e8me recueil am\u00e8ne des personnages toujours ancr\u00e9s dans une r\u00e9alit\u00e9 crue.\r","authors":["Elderic"],"category_codes":["1000000","1090000"],"visuals":{"large":"https:\/\/images.epagine.fr\/549\/9782332945549_1_75.jpg","medium":"https:\/\/images.epagine.fr\/549\/9782332945549_1_m.jpg","thumbnail":"https:\/\/images.epagine.fr\/549\/9782332945549_1_v.jpg"},"orderable":true,"show_badge":true,"formatted_price":"9,50&nbsp;\u20ac","formatted_published_date":"11 juin 2015","publisher_availability_label":"Sur commande","short_details":"Elderic \u2014 Edilivre","translator":null,"weight":118,"page_count":null,"readership":null,"editor":"Edilivre","price":950,"published_date":"2015-06-10T22:00:00.000000Z","support":"Grand format","publisher_availability":1,"stock":0,"editions":[],"url":"https:\/\/quaidesbrumes.com\/ouvrage\/9782332945549\/de-la-ou-naissent-les-nuages"},{"id":"9782332740137","title":"\u00e9pique et rien","description":"\u00ab \u00c9pique et rien, Il a d\u00e9j\u00e0 eu Un orgasme en avion ?\r\nFantasme, penses-tu, illusion ?\r\nEt pourtant, non !\r\nIl touche pas terre mais le fond...\r\nEn substance, s'envoie en l'air Avec son crayon, r\u00e9alis\u00e9 Chute libre, il a l'art et...\r\nLa mani\u00e8re...\r\nDe mener une vie \u00e9pique et rien que des gal\u00e8res !\r\nIl est pique ou rien, De tel que le destin d'un po\u00e8te Balafre mais solitaire g\u00e2te...\r\nAlors go\u00fbtez !\r\nSa marginalit\u00e9, sa d\u00e9linquance, sa d\u00e9cadence...\r\nTouchez de pr\u00eat sa d\u00e9liquescence Mais sachez !\r\nQue l'auteur s'est bel et bien envol\u00e9 Car la vie est...\r\nUn risque qu'on ne mesure pas...\r\nUn accident, voil\u00e0...\r\n\u00c0 l'atterrissage ces quelques pages, marques de son passage... \u00bb\r","authors":["Benjamin Gatina"],"category_codes":["1000000","1090000"],"visuals":{"large":"https:\/\/images.epagine.fr\/137\/9782332740137_1_75.jpg","medium":"https:\/\/images.epagine.fr\/137\/9782332740137_1_m.jpg","thumbnail":"https:\/\/images.epagine.fr\/137\/9782332740137_1_v.jpg"},"orderable":true,"show_badge":true,"formatted_price":"22,00&nbsp;\u20ac","formatted_published_date":"28 mai 2014","publisher_availability_label":"Sur commande","short_details":"Benjamin Gatina \u2014 Edilivre","translator":null,"weight":150,"page_count":60,"readership":null,"editor":"Edilivre","price":2200,"published_date":"2014-05-27T22:00:00.000000Z","support":"Grand format","publisher_availability":1,"stock":0,"editions":[],"url":"https:\/\/quaidesbrumes.com\/ouvrage\/9782332740137\/epique-et-rien"},{"id":"9782343036656","title":"AFRIQUE LIBERTE : expressions de combat","description":"Ces vers ont \u00e9t\u00e9 inspir\u00e9s par un d\u00e9bat autour de la question du retour des exil\u00e9s ivoiriens dans leur pays et surtout celle de savoir si le pr\u00e9sident Laurent Gbagbo devait \u00eatre au centre des batailles de ses camarades de parti et des revendications du peuple de C\u00f4te d'Ivoire. Les postures \u00e9tranges de certains de ses concitoyens, militants du Fpi ou membres de la galaxie patriotique ou simplement se r\u00e9clamant proches du pr\u00e9sident Laurent Gbagbo, qui ont perturb\u00e9 l'auteur sont \u00e0 l'origine de ce recueil.\r","authors":["Lazare Koffi koffi"],"category_codes":["1000000","1090000"],"visuals":{"large":"https:\/\/images.epagine.fr\/656\/9782343036656_1_75.jpg","medium":"https:\/\/images.epagine.fr\/656\/9782343036656_1_m.jpg","thumbnail":"https:\/\/images.epagine.fr\/656\/9782343036656_1_v.jpg"},"orderable":true,"show_badge":true,"formatted_price":"19,50&nbsp;\u20ac","formatted_published_date":"27 juin 2014","publisher_availability_label":"Sur commande","short_details":"Lazare Koffi koffi \u2014 \u00c9ditions L'Harmattan","translator":null,"weight":234,"page_count":184,"readership":null,"editor":"\u00c9ditions L'Harmattan","price":1950,"published_date":"2014-06-26T22:00:00.000000Z","support":"Grand format","publisher_availability":1,"stock":0,"editions":[],"url":"https:\/\/quaidesbrumes.com\/ouvrage\/9782343036656\/afrique-liberte-expressions-de-combat"},{"id":"9782367391014","title":"Recul du trait de c\u00f4te","description":null,"authors":["Vincent Motard-avargues"],"category_codes":["1000000","1090000"],"visuals":{"large":"https:\/\/images.epagine.fr\/014\/9782367391014_1_75.jpg","medium":"https:\/\/images.epagine.fr\/014\/9782367391014_1_m.jpg","thumbnail":"https:\/\/images.epagine.fr\/014\/9782367391014_1_v.jpg"},"orderable":true,"show_badge":true,"formatted_price":"8,00&nbsp;\u20ac","formatted_published_date":"1er avril 2014","publisher_availability_label":"Sur commande","short_details":"Vincent Motard-avargues \u2014 DE LA CRYPTE","translator":null,"weight":100,"page_count":null,"readership":null,"editor":"DE LA CRYPTE","price":800,"published_date":"2014-03-31T22:00:00.000000Z","support":"Grand format","publisher_availability":1,"stock":0,"editions":[],"url":"https:\/\/quaidesbrumes.com\/ouvrage\/9782367391014\/recul-du-trait-de-cote"},{"id":"9782367391021","title":"Marasme","description":null,"authors":["B\u00e9atrice Mauri"],"category_codes":["1000000","1090000"],"visuals":{"large":"https:\/\/images.epagine.fr\/021\/9782367391021_1_75.jpg","medium":"https:\/\/images.epagine.fr\/021\/9782367391021_1_m.jpg","thumbnail":"https:\/\/images.epagine.fr\/021\/9782367391021_1_v.jpg"},"orderable":true,"show_badge":true,"formatted_price":"8,00&nbsp;\u20ac","formatted_published_date":"1er avril 2014","publisher_availability_label":"Sur commande","short_details":"B\u00e9atrice Mauri \u2014 DE LA CRYPTE","translator":null,"weight":100,"page_count":null,"readership":null,"editor":"DE LA CRYPTE","price":800,"published_date":"2014-03-31T22:00:00.000000Z","support":"Grand format","publisher_availability":1,"stock":0,"editions":[],"url":"https:\/\/quaidesbrumes.com\/ouvrage\/9782367391021\/marasme"},{"id":"9782343076133","title":"Si je n'ose... une randonn\u00e9e po\u00e9tique","description":"\"Des rives de la Casamance jusqu'aux plages bleues de Tahiti, ce recueil nous offre une randonn\u00e9e de pure beaut\u00e9 vers des horizons nouveaux. D'un po\u00e8me \u00e0 l'autre, nous d\u00e9couvrons le nouchi, un argot ivoirien, nous esquissons des pas de danse, nous revivons le temps fou de notre adolescence, nous ressentons la douleur du monde et son hypocrisie que met si bien \u00e0 nu le po\u00e8te. L'auteur y exprime sa jeunesse et son amour pour la nature et les peuples, connus ou inconnus. Surtout, il nous invite \u00e0 voyager...\"\r","authors":["Phil Nomel d'escally"],"category_codes":["1000000","1090000"],"visuals":{"large":"https:\/\/images.epagine.fr\/133\/9782343076133_1_75.jpg","medium":"https:\/\/images.epagine.fr\/133\/9782343076133_1_m.jpg","thumbnail":"https:\/\/images.epagine.fr\/133\/9782343076133_1_v.jpg"},"orderable":true,"show_badge":true,"formatted_price":"14,00&nbsp;\u20ac","formatted_published_date":"2 novembre 2015","publisher_availability_label":"Sur commande","short_details":"Phil Nomel d'escally \u2014 \u00c9ditions L'Harmattan","translator":null,"weight":140,"page_count":110,"readership":null,"editor":"\u00c9ditions L'Harmattan","price":1400,"published_date":"2015-11-01T23:00:00.000000Z","support":"Grand format","publisher_availability":1,"stock":0,"editions":[],"url":"https:\/\/quaidesbrumes.com\/ouvrage\/9782343076133\/si-je-nose-une-randonnee-poetique"},{"id":"9782343076201","title":"La nuit \u00e9tait notre seule arme","description":"\"Ce recueil fait de la nuit l'ingr\u00e9dient fondamental permettant gestations et gen\u00e8ses. Matrice, lieu d'abri par excellence, la nuit est le manteau derri\u00e8re lequel l'\u00eatre peut s'appr\u00eater \u00e0 rentrer dans un monde nouveau. Divis\u00e9 en trois parties auxquelles s'ajoutent un \u00e9pilogue, ce recueil se pr\u00e9sente comme une r\u00e9flexion sur la force qui r\u00e9side dans ce qui n'est pas visible et qui, ainsi, a toute la latitude pour surprendre.\"\r","authors":["Henri-Michel Y\u00e9r\u00e9"],"category_codes":["1000000","1090000"],"visuals":{"large":"https:\/\/images.epagine.fr\/201\/9782343076201_1_75.jpg","medium":"https:\/\/images.epagine.fr\/201\/9782343076201_1_m.jpg","thumbnail":"https:\/\/images.epagine.fr\/201\/9782343076201_1_v.jpg"},"orderable":true,"show_badge":true,"formatted_price":"13,50&nbsp;\u20ac","formatted_published_date":"2 novembre 2015","publisher_availability_label":"Sur commande","short_details":"Henri-Michel Y\u00e9r\u00e9 \u2014 \u00c9ditions L'Harmattan","translator":null,"weight":115,"page_count":86,"readership":null,"editor":"\u00c9ditions L'Harmattan","price":1350,"published_date":"2015-11-01T23:00:00.000000Z","support":"Grand format","publisher_availability":1,"stock":0,"editions":[],"url":"https:\/\/quaidesbrumes.com\/ouvrage\/9782343076201\/la-nuit-etait-notre-seule-arme"},{"id":"9782322033089","title":"Voies accores, livre VII ; S. 25-28","description":"Ceci n'est pas un livre d'Histoire. C'est un livre d'histoires au pluriel. \r\nC'est moi debout face \u00e0 ces histoires. C'est un face \u00e0 face entre eux, tous ces disparus, toute cette horreur et moi, \u00e9crivant. J'ai voulu dialoguer avec eux, ici, maintenant. \r\nC'est parti d'un r\u00e9el besoin, individuel et politique sans pr\u00e9tendre \u00e0 aucune v\u00e9rit\u00e9. C'est ce que je devais faire. C'est tout. Je crois, avec d'autres, que ce g\u00e9nocide central du XX\u00e8me si\u00e8cle est sans commune mesure dans l'histoire de l'humanit\u00e9 et qu'\u00e0 ce titre, en tant qu'artiste, je deviens t\u00e9moin des t\u00e9moins.\r\nRe-transcrire. R\u00e9-ordonner en d\u00e9sordonnant aussi. Peut-\u00eatre me fallait-il violenter la violence elle-m\u00eame, pour lui extirper autre chose que ce qu'on comprend ou ressent imm\u00e9diatement. \r\nLui r\u00e9sister \u00e0 cette violence des faits pour en r\u00e9chapper et offrir d'autres possibles par des ph\u00e9nom\u00e8nes de renversement.\r\nTout au long du travail qui a commenc\u00e9 en 1994, ce furent tour \u00e0 tour ou parall\u00e8lement, la Yougoslavie, le Rwanda, l'Alg\u00e9rie et \u00e9videmment beaucoup d'autres \u00e9v\u00e9nements. \r\nIl s'est agi de re-transcrire les perceptions de toutes ces r\u00e9alit\u00e9s m\u00eal\u00e9es, m\u00eal\u00e9es aussi avec ma propre histoire, soit tout ce qui se passe dans la vie de chacun en fonction de ses activit\u00e9s physiques et psychiques. \r\n\u00c7a s'entrecroise. C'est en mouvement. C'est un mouvement incessant d'affleurements et de retraits. Chris Meunier.\r\n\r\n\r\nDe ce temps-l\u00e0 \u00e0 ce temps-ci le livre se d\u00e9plie, s'invente, s'architecture.\r\nCinquante-deux livrets composent VOIES ACCORES, correspondant aux cinquante-deux semaines d'une ann\u00e9e.\r\nCes livrets rassembl\u00e9s forment un tout saisissant o\u00f9 l'Histoire, le r\u00e9cit, le t\u00e9moignage, l'actualit\u00e9, le po\u00e8me, la photographie se frottent, se superposent, se font face, se questionnent. \r\nUn c\u00e9notaphe o\u00f9 l'exc\u00e8s de t\u00e9n\u00e8bres et l'exc\u00e8s de lumi\u00e8res provoque les yeux, la t\u00eate, les jambes\u00bfet r\u00e9v\u00e8le la pr\u00e9sence d'absences.\r\nAujourd'hui. Pour demain. Ce qui s'est pass\u00e9 hier.\r\nO\u00f9 se situer dans les langues et leur vocabulaire ?\r\nInventer d'autres mots ou se contenter de ceux qui existent ?\r\nCes exp\u00e9riences engagent l'artiste, l'auteur, \u00e0 trouver sa propre parole dans le d\u00e9sir de transmettre \u00e0 son tour. Le livre alors se cr\u00e9e. Jean-Christophe Vermot-Gauchy.\r","authors":["Chris Meunier"],"category_codes":["1000000","1090000"],"visuals":{"large":"https:\/\/images.epagine.fr\/089\/9782322033089_1_75.jpg","medium":"https:\/\/images.epagine.fr\/089\/9782322033089_1_m.jpg","thumbnail":"https:\/\/images.epagine.fr\/089\/9782322033089_1_v.jpg"},"orderable":true,"show_badge":true,"formatted_price":"28,00&nbsp;\u20ac","formatted_published_date":"21 octobre 2013","publisher_availability_label":"Sur commande","short_details":"Chris Meunier \u2014 Books on Demand","translator":null,"weight":601,"page_count":188,"readership":null,"editor":"Books on Demand","price":2800,"published_date":"2013-10-20T22:00:00.000000Z","support":"Grand format","publisher_availability":1,"stock":0,"editions":[],"url":"https:\/\/quaidesbrumes.com\/ouvrage\/9782322033089\/voies-accores-livre-vii-s-25-28"},{"id":"9782343058115","title":"Jamila dit","description":"\"Ahmed Ben Dhiab plonge au coeur de son propre corps et de sources secr\u00e8tes dont il ne percevait que la vague fra\u00eecheur. Il d\u00e9lie lentement le fil d'Ariane qui le m\u00e8ne au point de d\u00e9part qui est la seule voie unissant le pass\u00e9 au futur et rend au miracle de vivre sa m\u00e9moire. Chant absolu \u00e0 sa m\u00e8re volatilis\u00e9e, c'est aussi la d\u00e9couverte de chaque parcelle de sa blessure, de son imaginaire.\" Michel Cassir. L'auteur porte en lui tous les arts du possible, en a fait sa respiration int\u00e9grale, son th\u00e9\u00e2tre du r\u00e9el revisit\u00e9 par le myst\u00e8re des entrailles.","authors":["Ahmed Ben Dhiab"],"category_codes":["1000000","1090000"],"visuals":{"large":"https:\/\/images.epagine.fr\/115\/9782343058115_1_75.jpg","medium":"https:\/\/images.epagine.fr\/115\/9782343058115_1_m.jpg","thumbnail":"https:\/\/images.epagine.fr\/115\/9782343058115_1_v.jpg"},"orderable":true,"show_badge":true,"formatted_price":"12,50&nbsp;\u20ac","formatted_published_date":"22 avril 2015","publisher_availability_label":"Sur commande","short_details":"Ahmed Ben Dhiab \u2014 \u00c9ditions L'Harmattan","translator":null,"weight":115,"page_count":82,"readership":null,"editor":"\u00c9ditions L'Harmattan","price":1250,"published_date":"2015-04-21T22:00:00.000000Z","support":"Grand format","publisher_availability":1,"stock":0,"editions":[],"url":"https:\/\/quaidesbrumes.com\/ouvrage\/9782343058115\/jamila-dit"},{"id":"9782354853945","title":"Impressions vagabondes","description":"Durant l'absence, dans les bribes de vide laiss\u00e9es par l'\u00eatre aim\u00e9, le coeur soliloque. Au fil d'une pens\u00e9e d\u00e9ambulatoire \u00e0 travers le paysage et les gestes du quotidien, Pierre de Sarrazin offre ses mots au silence de l'amante. Tendres hommages, souvenirs ou invitations sensuelles, les paroles surgissent et cristallisent la passion saisie dans l'instant, tressant la silhouette vive de celle qui manque, pour que s'\u00e9l\u00e8ve le chant charnel, universel, de l'amour.\r","authors":["Pierre Sarrazin"],"category_codes":["1000000","1090000"],"visuals":{"large":"https:\/\/images.epagine.fr\/945\/9782354853945_1_75.jpg","medium":"https:\/\/images.epagine.fr\/945\/9782354853945_1_m.jpg","thumbnail":"https:\/\/images.epagine.fr\/945\/9782354853945_1_v.jpg"},"orderable":true,"show_badge":true,"formatted_price":"12,00&nbsp;\u20ac","formatted_published_date":"1er juin 2013","publisher_availability_label":"Sur commande","short_details":"Pierre Sarrazin \u2014 JETS D'ENCRE","translator":null,"weight":64,"page_count":null,"readership":null,"editor":"JETS D'ENCRE","price":1200,"published_date":"2013-05-31T22:00:00.000000Z","support":"Grand format","publisher_availability":1,"stock":0,"editions":[],"url":"https:\/\/quaidesbrumes.com\/ouvrage\/9782354853945\/impressions-vagabondes"},{"id":"9782854465228","title":"Traductions \/ les autres","description":"Voil\u00e0 des po\u00e8mes qui pr\u00e9tendent \u00eatre des traductions de po\u00e8tes c\u00e9l\u00e8bres venus d'ailleurs John Wendell, Dom Pero, Yamanokuchi Ando, Sidney West,...\r\n\r\nUn ailleurs issu des quatre coins du monde.\r\n\r\nDes traductions de Juan Gelman se serait appropri\u00e9es, comme jadis Beaudelaire s'appropriait Edgar Allen Poe, \u00e0 tel point de les faire siennes.\r\n\r\nC'est la belle histoire du grand po\u00e8te qui d\u00e9couvre de grands po\u00e8tes.\r","authors":["Juan Gelman"],"category_codes":["1000000","1090000"],"visuals":{"large":"https:\/\/images.epagine.fr\/228\/9782854465228_1_75.jpg","medium":"https:\/\/images.epagine.fr\/228\/9782854465228_1_m.jpg","thumbnail":"https:\/\/images.epagine.fr\/228\/9782854465228_1_v.jpg"},"orderable":true,"show_badge":true,"formatted_price":"25,00&nbsp;\u20ac","formatted_published_date":"21 mars 2014","publisher_availability_label":"Sur commande","short_details":"Juan Gelman \u2014 Caracteres","translator":null,"weight":428,"page_count":null,"readership":null,"editor":"Caracteres","price":2500,"published_date":"2014-03-20T23:00:00.000000Z","support":"Grand format","publisher_availability":1,"stock":0,"editions":[],"url":"https:\/\/quaidesbrumes.com\/ouvrage\/9782854465228\/traductions-les-autres"},{"id":"9782312040837","title":"Un pas \u00e0 la fois","description":"Ecrire pour parcourir ma vie, poser chaque pens\u00e9e dans la lumi\u00e8re de mon coeur.\r\nQuand chaque mot caresse ma peau.\r\nC'est intense tout ce que je pense.\r\nJe viens ici et maintenant partager avec vous la vie, la vraie, sans faux semblant.\r\nAuthentique, tout ce que vous lirez est un ressenti v\u00e9ridique.\r\nSensible, troublant, passionnant, en traversant le temps je vous donne le pr\u00e9sent de chaque instant.\r","authors":["Claie Aventur"],"category_codes":["1000000","1090000"],"visuals":{"large":"https:\/\/images.epagine.fr\/837\/9782312040837_1_75.jpg","medium":"https:\/\/images.epagine.fr\/837\/9782312040837_1_m.jpg","thumbnail":"https:\/\/images.epagine.fr\/837\/9782312040837_1_v.jpg"},"orderable":true,"show_badge":true,"formatted_price":"12,00&nbsp;\u20ac","formatted_published_date":"12 novembre 2015","publisher_availability_label":"Sur commande","short_details":"Claie Aventur \u2014 Editions du Net","translator":null,"weight":58,"page_count":54,"readership":null,"editor":"Editions du Net","price":1200,"published_date":"2015-11-11T23:00:00.000000Z","support":"Grand format","publisher_availability":1,"stock":0,"editions":[],"url":"https:\/\/quaidesbrumes.com\/ouvrage\/9782312040837\/un-pas-a-la-fois"},{"id":"9782312035710","title":"Enfiler les mots ; une ann\u00e9e Br\u00e9sil","description":"Des mots enfil\u00e9s comme les perles des jours, voil\u00e0 ce que ce recueil vous propose. \r\nDes regards, des impressions, \u00e9crits avec l'\u00e9nergie du moment dans la d\u00e9couverte de ce pays immense, loin des clich\u00e9s du tourisme, parce le temps d'une expatriation laisse place \u00e0 la respiration.\r","authors":["Anelaine"],"category_codes":["1000000","1090000"],"visuals":{"large":"https:\/\/images.epagine.fr\/710\/9782312035710_1_75.jpg","medium":"https:\/\/images.epagine.fr\/710\/9782312035710_1_m.jpg","thumbnail":"https:\/\/images.epagine.fr\/710\/9782312035710_1_v.jpg"},"orderable":true,"show_badge":true,"formatted_price":"15,00&nbsp;\u20ac","formatted_published_date":"10 novembre 2015","publisher_availability_label":"Sur commande","short_details":"Anelaine \u2014 Editions du Net","translator":null,"weight":64,"page_count":60,"readership":null,"editor":"Editions du Net","price":1500,"published_date":"2015-11-09T23:00:00.000000Z","support":"Grand format","publisher_availability":1,"stock":0,"editions":[],"url":"https:\/\/quaidesbrumes.com\/ouvrage\/9782312035710\/enfiler-les-mots-une-annee-bresil"},{"id":"9782312046648","title":"Sous les ailes de l'aurore ; po\u00e9sie","description":"L'aurore appara\u00eet ici comme la pierre de fa\u00eete de l'architecture de cette oeuvre po\u00e9tique. Sans doute, elle occupe une place de choix dans la floraison po\u00e9tique de Prince Arnie Matoko. Par cette symbolisation cosmogonique, le po\u00e8te traduit ainsi l'id\u00e9e d'une rupture. Mais il s'agit d'une rupture rationnelle, qui nous permet de mieux comprendre les errements d'hier pour en faire les succ\u00e8s de demain. \u00c0 ce titre, l'aurore r\u00e9habilite notre \u00eatre apr\u00e8s des nuits insomniaques, m\u00e9lancoliques ou suicidaires. Des nuits qui deviennent cauchemardesques \u00e0 cause des r\u00e9percussions mortif\u00e8res des jours poignard\u00e9s, de victimisation arbitraire, d'emprisonnement de la raison ou tout simplement de lassitude, \u00e0 force de voir le \u00ab pays et l'humain \u00bb dans la pr\u00e9carit\u00e9. C'est ainsi qu'il faut comprendre \u00ab Sous les ailes de l'aurore \u00bb, dont l'instance titrologique r\u00e9v\u00e8le d\u00e9j\u00e0 une nouvelle mani\u00e8re de penser notre existence : saisir l'essence des choses pour \u00e9viter d'\u00eatre victime de l'ignorance et du d\u00e9sespoir.\r","authors":["Prince Arnie Matoko"],"category_codes":["1000000","1090000","1090600"],"visuals":{"large":"https:\/\/images.epagine.fr\/648\/9782312046648_1_75.jpg","medium":"https:\/\/images.epagine.fr\/648\/9782312046648_1_m.jpg","thumbnail":"https:\/\/images.epagine.fr\/648\/9782312046648_1_v.jpg"},"orderable":true,"show_badge":true,"formatted_price":"15,00&nbsp;\u20ac","formatted_published_date":"9 septembre 2016","publisher_availability_label":"Sur commande","short_details":"Prince Arnie Matoko \u2014 Editions du Net","translator":null,"weight":122,"page_count":68,"readership":null,"editor":"Editions du Net","price":1500,"published_date":"2016-09-08T22:00:00.000000Z","support":"Grand format","publisher_availability":1,"stock":0,"editions":[],"url":"https:\/\/quaidesbrumes.com\/ouvrage\/9782312046648\/sous-les-ailes-de-laurore-poesie"},{"id":"9782322013661","title":"All my worst seller","description":"Oeuvre compl\u00e8te 2013-2015 Tome 1 Anarchie, Meutres Sexe et Rock'n Roll Quand Passent les Pibales Dieu Cr\u00e9a le monde en \u00e9coutant les Rolling Stones Vivre en 2084\r","authors":["Alain-ren\u00e9 Poirier"],"category_codes":["1000000","1090000"],"visuals":{"large":"https:\/\/images.epagine.fr\/661\/9782322013661_1_75.jpg","medium":"https:\/\/images.epagine.fr\/661\/9782322013661_1_m.jpg","thumbnail":"https:\/\/images.epagine.fr\/661\/9782322013661_1_v.jpg"},"orderable":true,"show_badge":true,"formatted_price":"19,99&nbsp;\u20ac","formatted_published_date":"23 janvier 2015","publisher_availability_label":"Sur commande","short_details":"Alain-ren\u00e9 Poirier \u2014 Books on Demand","translator":null,"weight":501,"page_count":584,"readership":null,"editor":"Books on Demand","price":1999,"published_date":"2015-01-22T23:00:00.000000Z","support":"Grand format","publisher_availability":1,"stock":0,"editions":[],"url":"https:\/\/quaidesbrumes.com\/ouvrage\/9782322013661\/all-my-worst-seller"},{"id":"9782322030415","title":"Blockhaus atlantique ; po\u00e8me dramatique","description":"Jasper aura 17ans dans 8 jours, son amie Reinette en a 16 et demi.Le drame se d\u00e9roule aujourd'hui.Il fait partie de ceux dont on se dit apr\u00e8s-coup : \"C'est incompr\u00e9hensible ! Comment de telles horreurs peuvent-elles survenir ? Et sans que l'on n'ait rien vu venir ! Ces jeunes gens paraissaient si normaux...\" Jasper :\r\nFarine animale par matins pluvieux :\r\nUn snif !\r\nOn bossera tous l\u00e0-bas, ou dans un truc du m\u00eame genre Si on bosse !\r\n\r\nReinette Feu ! Feu !\r\n\r\nJasper Cervelet crach\u00e9 par le nez. Pauvre Reinette Ici, maintenant, bruine somnolente Echos d'arm\u00e9es dans le b\u00e9ton des blockhaus C'est ce que nous allons apprendre :\r\nL'alphabet des grenades.\r\n\r\nReinette Jasper sniper D'enfer, Foutue d\u00e9fonce !\r\nMa poudre d'os, vite, vite, ou j'cr\u00e8ve Jasper Feu ! Feu !\r","authors":["Marie Gerlaud"],"category_codes":["1000000","1090000"],"visuals":{"large":"https:\/\/images.epagine.fr\/415\/9782322030415_1_75.jpg","medium":"https:\/\/images.epagine.fr\/415\/9782322030415_1_m.jpg","thumbnail":"https:\/\/images.epagine.fr\/415\/9782322030415_1_v.jpg"},"orderable":true,"show_badge":true,"formatted_price":"9,50&nbsp;\u20ac","formatted_published_date":"5 mars 2013","publisher_availability_label":"Sur commande","short_details":"Marie Gerlaud \u2014 Books on Demand","translator":null,"weight":201,"page_count":72,"readership":null,"editor":"Books on Demand","price":950,"published_date":"2013-03-04T23:00:00.000000Z","support":"Grand format","publisher_availability":1,"stock":0,"editions":[],"url":"https:\/\/quaidesbrumes.com\/ouvrage\/9782322030415\/blockhaus-atlantique-poeme-dramatique"},{"id":"9782368682777","title":"Po\u00e9mitude t.onzi\u00e8me","description":"Instrument\r\n\r\nNos jours sont faits de troc, l'objet fait le tourment ; \r\nLe d\u00e9sir est plus fort pour flatter une chose\r\nQue pour vivre vraiment, si le monde est morose\r\nC'est que la vie est devenue un instrument !\r\n\r\nOn la r\u00e9pand, on la reprend affreusement,\r\nOn s'acharne sur elle \u00e9voquant la n\u00e9vrose, \r\nOn se redit que nul n'a su donner la cause,\r\nOn archive l'affaire, on se tait prudemment !\r\n\r\nMais saisi par la peur il faudra bien admettre\r\nQue le trouble est s\u00e9v\u00e8re, une fois qu'il p\u00e9n\u00e8tre\r\nLe ciboulot il est trop tard pour le saillir ! \r\n\r\nLorsque le mal s'incruste il ne l\u00e2che sa prise,\r\nN'importe qui pourrait un beau soir l'accueillir\r\nPour se lever de bon matin sous son emprise ! \r\n\r\nKhris Anthelme","authors":["Khris Anthelme"],"category_codes":["1000000","1090000"],"visuals":{"large":"https:\/\/images.epagine.fr\/777\/9782368682777_1_75.jpg","medium":"https:\/\/images.epagine.fr\/777\/9782368682777_1_m.jpg","thumbnail":"https:\/\/images.epagine.fr\/777\/9782368682777_1_v.jpg"},"orderable":true,"show_badge":true,"formatted_price":"12,00&nbsp;\u20ac","formatted_published_date":"9 mai 2014","publisher_availability_label":"Sur commande","short_details":"Khris Anthelme \u2014 Stellamaris","translator":null,"weight":110,"page_count":81,"readership":null,"editor":"Stellamaris","price":1200,"published_date":"2014-05-08T22:00:00.000000Z","support":"Grand format","publisher_availability":1,"stock":0,"editions":[],"url":"https:\/\/quaidesbrumes.com\/ouvrage\/9782368682777\/poemitude-tonzieme"},{"id":"9782322013180","title":"Pour elle ; po\u00e8mes et autres textes","description":"\u00ab Trouve-moi une place dans cette ville. Je cherche l'ardent soleil dans la nuit \u00bb. Une \u00e9paisse musique soul  Franchissait le seuil de mon \u00e2me. Peu \u00e0 peu, je basculai honteusement Dans une plaine neigeuse immacul\u00e9e. Elena avan\u00e7a lentement ses bras vers moi. Bulle de lumi\u00e8re, torche incendiaire, La magicienne aux pouvoirs divins m'offrait Miraculeusement une vie de passion.   Pour Elle  est le troisi\u00e8me ouvrage publi\u00e9 par l'auteur. Il propose un voyage po\u00e9tique dans un imaginaire singulier o\u00f9 pr\u00e9sence et absence f\u00e9minines viennent nourrir l'\u00e9criture. Un premier recueil de po\u00e8mes en prose o\u00f9 se m\u00ealent sensualit\u00e9, douceur et \u00e9motions.\r","authors":["Jean-luc Netter"],"category_codes":["1000000","1090000","1090600"],"visuals":{"large":"https:\/\/images.epagine.fr\/180\/9782322013180_1_75.jpg","medium":"https:\/\/images.epagine.fr\/180\/9782322013180_1_m.jpg","thumbnail":"https:\/\/images.epagine.fr\/180\/9782322013180_1_v.jpg"},"orderable":true,"show_badge":true,"formatted_price":"9,00&nbsp;\u20ac","formatted_published_date":"23 janvier 2015","publisher_availability_label":"Sur commande","short_details":"Jean-luc Netter \u2014 Books on Demand","translator":null,"weight":201,"page_count":92,"readership":null,"editor":"Books on Demand","price":900,"published_date":"2015-01-22T23:00:00.000000Z","support":"Grand format","publisher_availability":1,"stock":0,"editions":[],"url":"https:\/\/quaidesbrumes.com\/ouvrage\/9782322013180\/pour-elle-poemes-et-autres-textes"}]}