{"data":[{"id":"9791090267039","title":"L'Oral et Hardi","description":"L'Oral et Hardi, c'est d'abord la folle langue  de Jean-Pierre Verheggen, po\u00e8te concasseur, d\u00e9sint\u00e9grateur de tournures, collisionneur de mots, acc\u00e9l\u00e9rateur de syllabes. Une langue-lave, une langue-temp\u00eate, une langue qui \u00e9rupte, \u00e9ructe, explose, gicle, une langue o\u00f9 les mots naissent, vibrionnent, s'entrechoquent, ce ne sont plus des mots ce sont des battements, des vibrations, des fracas, une langue qui submerge, qui p\u00e9n\u00e8tre. L'Oral et Hardi, c'est ensuite Jacques Bonnaff\u00e9 par qui nous arrive cette langue, par qui cette langue, \u00e9crite sur papier, en deux dimensions, prend son volume, son mouvement, sa vie propre. \u00ab?La langue, c'est de la viande?!?\u00bb dit Verheggen. Jacques Bonnaff\u00e9 s'est nourri de cette viande-l\u00e0, il s'en est tapiss\u00e9 les muscles, les os, les cordes vocales, le myocarde, et son corps tout entier devient cette langue. Jacques Bonnaff\u00e9 verheggenise par tous les pores, avec un bonheur jouisseur et jouissif, et c'est comme si Verheggen bonnaffait lui aussi, \u00e0 tout va?! Et nous, embarqu\u00e9s, \u00e9berlu\u00e9s, sabord\u00e9s, nous coulons dans cette parole lib\u00e9ratrice. Vincent Roca Spectacle de Jacques Bonnaff\u00e9 avec des textes de Jean-Pierre Verheggen.","authors":["Jacques Bonnaff\u00e9","William Cliff","Andr\u00e9 Malraux","Jules Mousseron","Jean-Pierre Verheggen"],"category_codes":["1000000","1090000"],"visuals":{"large":"https:\/\/images.epagine.fr\/039\/9791090267039_1_75.jpg","medium":"https:\/\/images.epagine.fr\/039\/9791090267039_1_m.jpg","thumbnail":"https:\/\/images.epagine.fr\/039\/9791090267039_1_v.jpg"},"orderable":true,"show_badge":true,"formatted_price":"20,00&nbsp;\u20ac","formatted_published_date":"25 janvier 2013","publisher_availability_label":"Sur commande","short_details":"Jacques Bonnaff\u00e9, William Cliff, Andr\u00e9 Malraux, Jules Mousseron, Jean-Pierre Verheggen \u2014 CAMINO VERDE","translator":null,"weight":120,"page_count":60,"readership":null,"editor":"CAMINO VERDE","price":2000,"published_date":"2013-01-24T23:00:00.000000Z","support":"Livre + CD Audio","publisher_availability":1,"stock":0,"editions":[],"url":"https:\/\/quaidesbrumes.com\/ouvrage\/9791090267039\/loral-et-hardi"},{"id":"9791090267060","title":"La fleur au fusil","description":"Nom?: Bourcier. Pr\u00e9nom?: Fran\u00e7ois. Qualit\u00e9?: poilus. Avec un s. Car il les incarne tous, ces jeunes hommes partis la fleur au fusil dans la ti\u00e9deur de l'\u00e9t\u00e9 1914. Il raconte leur histoire, le front, les tranch\u00e9es. Il est la voix des anonymes broy\u00e9s par la machine de guerre. Certains s'\u00e9garent dans la folie, d'autres trouvent refuge dans la pri\u00e8re, d'autres encore fuient dans l'alcool. Les bless\u00e9s qu'on en vient \u00e0 envier, les mutilations volontaires, les fusill\u00e9s pour l'exemple... Il montre la d\u00e9shumanisation au quotidien. Alain Guyard a consacr\u00e9 trois ans \u00e0 \u00e9laborer ce texte \u00e0 partir de chroniques et de t\u00e9moignages. On retrouve le jeu bouleversant du com\u00e9dien de \u00ab R\u00e9sister c'est exister \u00bb. Le propos est rythm\u00e9, une utilisation d'infimes d\u00e9tails qui lui donnent le visage de tous les poilus pour une magistrale le\u00e7on d'histoire.\r\nSpectacle de Fran\u00e7ois Bourcier, texte d'Alain Guyard.","authors":["Alain Guyard"],"category_codes":["1000000","1090000"],"visuals":{"large":"https:\/\/images.epagine.fr\/060\/9791090267060_1_75.jpg","medium":"https:\/\/images.epagine.fr\/060\/9791090267060_1_m.jpg","thumbnail":"https:\/\/images.epagine.fr\/060\/9791090267060_1_v.jpg"},"orderable":true,"show_badge":true,"formatted_price":"20,00&nbsp;\u20ac","formatted_published_date":"17 mars 2013","publisher_availability_label":"Sur commande","short_details":"Alain Guyard \u2014 CAMINO VERDE","translator":null,"weight":120,"page_count":56,"readership":null,"editor":"CAMINO VERDE","price":2000,"published_date":"2013-03-16T23:00:00.000000Z","support":"Livre + CD Audio","publisher_availability":1,"stock":0,"editions":[],"url":"https:\/\/quaidesbrumes.com\/ouvrage\/9791090267060\/la-fleur-au-fusil"},{"id":"9791040611530","title":"Sang d'encre","description":"Ce recueil de po\u00e8mes parle de moi, de vous,\r\nDe nous,\r\nDe l'existence et de son essence,\r\nDe ses tourments et ses passions,\r\nDe nos sentiments et de leur \u00e9croulement,\r\nDe la vie, sa folie et ses d\u00e9bris.\r\n\r\nVous vous reconna\u00eetrez peut-\u00eatre dans des mots ou des maux\r\nO\u00f9 l'encre d\u00e9ferle tel du sang.\r\nOn saigne parfois d'aimer, de trop esp\u00e9rer,\r\nOn saigne de vivre,\r\nOn saigne d'\u00e9crire,\r\n\r\nSang d'encre.","authors":["Toscane Camoin"],"category_codes":["1000000","1090000"],"visuals":{"large":"https:\/\/images.epagine.fr\/530\/9791040611530_1_75.jpg","medium":"https:\/\/images.epagine.fr\/530\/9791040611530_1_m.jpg","thumbnail":"https:\/\/images.epagine.fr\/530\/9791040611530_1_v.jpg"},"orderable":true,"show_badge":true,"formatted_price":"13,50&nbsp;\u20ac","formatted_published_date":"23 juillet 2024","publisher_availability_label":"Sur commande","short_details":"Toscane Camoin \u2014 LES TROIS COLONNES","translator":null,"weight":173,"page_count":98,"readership":null,"editor":"LES TROIS COLONNES","price":1350,"published_date":"2024-07-22T22:00:00.000000Z","support":"Grand format","publisher_availability":1,"stock":0,"editions":[],"url":"https:\/\/quaidesbrumes.com\/ouvrage\/9791040611530\/sang-dencre"},{"id":"9782386470318","title":"Po\u00e8mes de Loire","description":"Journal d'\u00e9motions spontan\u00e9es au fil de l'eau, des saisons et des mots, hommage \u00e0 la Loire aux lumi\u00e8res changeantes et \u00e0 ses artistes, Po\u00e8mes de Loire en donnant la parole au fleuve et \u00e0 ses paysages embl\u00e9matiques, interroge la cr\u00e9ation artistique et nous fait entrevoir les fragiles vibrations du monde.  Au plus press\u00e9 des yeux brillants, de sa source \u00e0 la mer, De tout ce que je n'ai pu trouver autour, Mais toujours v\u00e9cu au fr\u00e9missement des caresses, Au sommet de l'amour, A la fourrure des b\u00eates amies, Pour le chant du lointain pays, Tu m'es conc\u00e9d\u00e9e par fragments, Refus\u00e9e au dehors, aux jours p\u00e2les de tristesse, Ecorch\u00e9e aux rochers, cygne de beaut\u00e9 blanche, Parfum\u00e9e de menthe et de vent, L'eau vivante te dessine en torrents, Po\u00e9sie","authors":["Delphine Fischer"],"category_codes":["1000000","1090000"],"visuals":{"large":"https:\/\/images.epagine.fr\/318\/9782386470318_1_75.jpg","medium":"https:\/\/images.epagine.fr\/318\/9782386470318_1_m.jpg","thumbnail":"https:\/\/images.epagine.fr\/318\/9782386470318_1_v.jpg"},"orderable":true,"show_badge":true,"formatted_price":"10,00&nbsp;\u20ac","formatted_published_date":"5 juillet 2024","publisher_availability_label":"Sur commande","short_details":"Delphine Fischer \u2014 COMPLICITES","translator":null,"weight":80,"page_count":68,"readership":null,"editor":"COMPLICITES","price":1000,"published_date":"2024-07-04T22:00:00.000000Z","support":"Grand format","publisher_availability":1,"stock":0,"editions":[],"url":"https:\/\/quaidesbrumes.com\/ouvrage\/9782386470318\/poemes-de-loire"},{"id":"9782372981378","title":"Nul n'est cens\u00e9 ignorer la m\u00e9t\u00e9o","description":"Le monde vient de loin\r\nLe monde vient\r\nDe si loin\r\n\r\nSi bien que personne\r\nNe peut vraiment dire\r\nD'o\u00f9 vient le monde\r\n\r\nComme une apostrophe po\u00e9tique, ce recueil emprunte le registre de l'ironie pour dire notre absence aux choses qui nous entourent. Devenu \"pauvre en monde\" \u00e0 force d'avoir voulu le r\u00e9duire \u00e0 la mesure de l'id\u00e9e, l'homme ne sait plus habiter po\u00e9tiquement la terre. Pourtant les \u00e9l\u00e9ments attendent encore notre attention. Pour nous, Jean-Pierre Denis s'est mis \u00e0 leur \u00e9couter. Car \"nul n'est cens\u00e9 ignorer la m\u00e9t\u00e9o\".\r\n\r\nEt si certains le savent\r\nIls se taisent\r\nPour ne froisser personne\r\n\r\nPour ne pas les offenser\r\nTous ceux qui croient\r\nLe monde n\u00e9 d'eux.","authors":["Jean-Pierre Denis"],"category_codes":["1000000","1090000"],"visuals":{"large":"https:\/\/images.epagine.fr\/378\/9782372981378_1_75.jpg","medium":"https:\/\/images.epagine.fr\/378\/9782372981378_1_m.jpg","thumbnail":"https:\/\/images.epagine.fr\/378\/9782372981378_1_v.jpg"},"orderable":true,"show_badge":true,"formatted_price":"14,00&nbsp;\u20ac","formatted_published_date":"3 juillet 2024","publisher_availability_label":"Sur commande","short_details":"Jean-Pierre Denis \u2014 AD SOLEM","translator":null,"weight":196,"page_count":112,"readership":null,"editor":"AD SOLEM","price":1400,"published_date":"2024-07-02T22:00:00.000000Z","support":"Grand format","publisher_availability":1,"stock":0,"editions":[],"url":"https:\/\/quaidesbrumes.com\/ouvrage\/9782372981378\/nul-nest-cense-ignorer-la-meteo"},{"id":"9782351202234","title":"Ode au coeur de pierres, d'eau et de sel","description":"Certaines r\u00e9alit\u00e9s magiques canalisent l'attention P\u00e9n\u00e9tr\u00e9 par elles pour une p\u00eache dans la paix du silence aux id\u00e9es engendr\u00e9es elles semblent f\u00e9es L'on ressasse avec mesure L'on scelle un pacte avec soi S\u00e9curisante optimiste et pond\u00e9r\u00e9e une voix d'eau ou de pierres rend doux le pr\u00e9sent de sa pr\u00e9sence Existence sigill\u00e9e.\r\n\r\n(La Cit\u00e9 de Carcassonne)\r","authors":["R\u00e9my Boyer"],"category_codes":["1000000","1090000"],"visuals":{"large":"https:\/\/images.epagine.fr\/234\/9782351202234_1_75.jpg","medium":"https:\/\/images.epagine.fr\/234\/9782351202234_1_m.jpg","thumbnail":"https:\/\/images.epagine.fr\/234\/9782351202234_1_v.jpg"},"orderable":true,"show_badge":true,"formatted_price":"12,00&nbsp;\u20ac","formatted_published_date":"5 novembre 2019","publisher_availability_label":"Sur commande","short_details":"R\u00e9my Boyer \u2014 COMPLICITES","translator":null,"weight":80,"page_count":54,"readership":null,"editor":"COMPLICITES","price":1200,"published_date":"2019-11-04T23:00:00.000000Z","support":"Grand format","publisher_availability":1,"stock":0,"editions":[],"url":"https:\/\/quaidesbrumes.com\/ouvrage\/9782351202234\/ode-au-coeur-de-pierres-deau-et-de-sel"},{"id":"9782914688826","title":"Passages du nord-ouest & cauda","description":"Long po\u00e8me \u00e9voquant l'acte d'\u00e9criture.","authors":["Andr\u00e9 Paillaugue"],"category_codes":["1000000","1090000"],"visuals":{"large":"https:\/\/images.epagine.fr\/826\/9782914688826_1_75.jpg","medium":"https:\/\/images.epagine.fr\/826\/9782914688826_1_m.jpg","thumbnail":"https:\/\/images.epagine.fr\/826\/9782914688826_1_v.jpg"},"orderable":true,"show_badge":true,"formatted_price":"5,00&nbsp;\u20ac","formatted_published_date":"1er mars 2009","publisher_availability_label":"Sur commande","short_details":"Andr\u00e9 Paillaugue \u2014 De L'Attente","translator":null,"weight":53,"page_count":null,"readership":null,"editor":"De L'Attente","price":500,"published_date":"2009-02-28T23:00:00.000000Z","support":"Grand format","publisher_availability":1,"stock":0,"editions":[],"url":"https:\/\/quaidesbrumes.com\/ouvrage\/9782914688826\/passages-du-nord-ouest-cauda"},{"id":"9782914688345","title":"Le seul jardin japonais \u00e0 port\u00e9e de vue","description":null,"authors":["Sandra Moussempes"],"category_codes":["1000000","1090000"],"visuals":{"large":"https:\/\/images.epagine.fr\/345\/9782914688345_1_75.jpg","medium":"https:\/\/images.epagine.fr\/345\/9782914688345_1_m.jpg","thumbnail":"https:\/\/images.epagine.fr\/345\/9782914688345_1_v.jpg"},"orderable":true,"show_badge":true,"formatted_price":"6,50&nbsp;\u20ac","formatted_published_date":"1er mai 2005","publisher_availability_label":"Sur commande","short_details":"Sandra Moussempes \u2014 De L'Attente","translator":null,"weight":52,"page_count":null,"readership":null,"editor":"De L'Attente","price":650,"published_date":"2005-04-30T22:00:00.000000Z","support":"Grand format","publisher_availability":1,"stock":0,"editions":[],"url":"https:\/\/quaidesbrumes.com\/ouvrage\/9782914688345\/le-seul-jardin-japonais-a-portee-de-vue"},{"id":"9782365980326","title":"Muda","description":"Sensibilit\u00e9 et amour, alors que l'\u00e8re num\u00e9rique dicte son conformisme aux \u00eatres humains...Retrouvons-nous \u00e0 bord de la muse de Joelle et de ses \u00abpens\u00e9es sauvages\u00bb, soyons un instant en r\u00e9sonnance avec l'\u00e9cho de notre terre nourrici\u00e8re.\r","authors":["Jo\u00eblle Soyer"],"category_codes":["1000000","1090000"],"visuals":{"large":"https:\/\/images.epagine.fr\/326\/9782365980326_1_75.jpg","medium":"https:\/\/images.epagine.fr\/326\/9782365980326_1_m.jpg","thumbnail":"https:\/\/images.epagine.fr\/326\/9782365980326_1_v.jpg"},"orderable":true,"show_badge":true,"formatted_price":"15,00&nbsp;\u20ac","formatted_published_date":"16 septembre 2013","publisher_availability_label":"Sur commande","short_details":"Jo\u00eblle Soyer \u2014 Abatos","translator":null,"weight":0,"page_count":100,"readership":null,"editor":"Abatos","price":1500,"published_date":"2013-09-15T22:00:00.000000Z","support":"Poche","publisher_availability":1,"stock":0,"editions":[],"url":"https:\/\/quaidesbrumes.com\/ouvrage\/9782365980326\/muda"},{"id":"9791038801844","title":"Musc","description":"Quel est le masculin de \u00ab muse \u00bb ? Il n'y en a pas. La muse est n\u00e9cessairement femme ; c'est ce que nous inculque la langue fran\u00e7aise. Et depuis P\u00e9trarque, c'est ce que l'histoire po\u00e9tique a choisi de garder.\r\nL'histoire de la po\u00e9sie a \u00e9t\u00e9 \u00e9crite par des hommes et avec des hommes. Les femmes sont les objets de l'amour, les muses, celles qui attendent patiemment leurs po\u00e8mes, sans fournir trop d'efforts si ce n'est celui d'\u00eatre belles et bien par\u00e9es. Mais o\u00f9 sont donc Sappho, Marceline Desbordes-Valmore, Rosemonde G\u00e9rard et Louise Michel ? Des femmes qui \u00e9crivaient l'amour et la libert\u00e9, des vivantes, pas des objets sur une \u00e9tag\u00e8re. Et si nous refusions de jouer le jeu ?\r\nQuel est le masculin de \u00ab muse \u00bb ? J'ai opt\u00e9 pour \u00ab musc \u00bb : le musc est un parfum animal, ent\u00eatant, curatif, excitant. Ce recueil est un ensemble de textes d\u00e9di\u00e9s \u00e0 quelques-uns des hommes qui ont jalonn\u00e9 ma vie : de la rencontre d'un soir \u00e0 l'amour passion, de l'\u00e9rotisme brut \u00e0 l'amour doux, j'ai voulu y t\u00e9moigner de mon histoire de femme. Je remercie mes muscs de m'avoir pr\u00eat\u00e9 leurs plumes.\r","authors":["Claire Poirson"],"category_codes":["1000000","1090000","1090600"],"visuals":{"large":"https:\/\/images.epagine.fr\/844\/9791038801844_1_75.jpg","medium":"https:\/\/images.epagine.fr\/844\/9791038801844_1_m.jpg","thumbnail":"https:\/\/images.epagine.fr\/844\/9791038801844_1_v.jpg"},"orderable":true,"show_badge":true,"formatted_price":"10,00&nbsp;\u20ac","formatted_published_date":"2 juillet 2021","publisher_availability_label":"Sur commande","short_details":"Claire Poirson \u2014 Ex Aequo","translator":null,"weight":120,"page_count":null,"readership":null,"editor":"Ex Aequo","price":1000,"published_date":"2021-07-01T22:00:00.000000Z","support":"Grand format","publisher_availability":1,"stock":0,"editions":[],"url":"https:\/\/quaidesbrumes.com\/ouvrage\/9791038801844\/musc"},{"id":"9782375311134","title":"Un silence dans le ventre","description":"C'est tout simple et d\u00e9finitif. C'est la mort de la m\u00e8re. C'est la mort qui trace une fronti\u00e8re absolue, qui nous laisse seul, d\u00e9finitivement.\r\n\r\nNous vivons tous cela, ou plut\u00f4t nous mourons tous de cela dans la vie que nous menons. Dans la vie qui nous m\u00e8ne. Vers. L\u00e0 c est toi. L\u00e0 c'est moi. Dans ce m\u00e9lange des temps, un chagrin se dit avec pudeur. Il se partage entre tous les chagrins du monde. Il se murmure pour que le souffle revienne. Il ne revient pas, il remue dans notre propre souffle.","authors":["Germain Roesz"],"category_codes":["1000000","1090000"],"visuals":{"large":"https:\/\/images.epagine.fr\/134\/9782375311134_1_75.jpg","medium":"https:\/\/images.epagine.fr\/134\/9782375311134_1_m.jpg","thumbnail":"https:\/\/images.epagine.fr\/134\/9782375311134_1_v.jpg"},"orderable":true,"show_badge":true,"formatted_price":"15,00&nbsp;\u20ac","formatted_published_date":"12 avril 2024","publisher_availability_label":"Sur commande","short_details":"Germain Roesz \u2014 Grand Tetras","translator":null,"weight":120,"page_count":70,"readership":null,"editor":"Grand Tetras","price":1500,"published_date":"2024-04-11T22:00:00.000000Z","support":"Grand format","publisher_availability":1,"stock":0,"editions":[],"url":"https:\/\/quaidesbrumes.com\/ouvrage\/9782375311134\/un-silence-dans-le-ventre"},{"id":"9791096646364","title":"Saussure a son pied - claudie lenzi","description":null,"authors":["Claudie Lenzi"],"category_codes":["1000000","1090000"],"visuals":{"large":"https:\/\/quaidesbrumes.com\/img\/book-placeholder.png","medium":"https:\/\/quaidesbrumes.com\/img\/book-placeholder.png","thumbnail":"https:\/\/quaidesbrumes.com\/img\/book-placeholder.png"},"orderable":true,"show_badge":true,"formatted_price":"10,00&nbsp;\u20ac","formatted_published_date":"27 mai 2022","publisher_availability_label":"Sur commande","short_details":"Claudie Lenzi \u2014 Plaine Page","translator":null,"weight":80,"page_count":null,"readership":null,"editor":"Plaine Page","price":1000,"published_date":"2022-05-26T22:00:00.000000Z","support":"Grand format","publisher_availability":1,"stock":0,"editions":[],"url":"https:\/\/quaidesbrumes.com\/ouvrage\/9791096646364\/saussure-a-son-pied-claudie-lenzi"},{"id":"9782365982283","title":"Cent fa\u00e7ons : Po\u00e8mes-b\u00eates","description":"Cent fa\u00e7ons : soit cent textes de dix vers chacun (des \u00ab dizains \u00bb disait l'autre...), lesquels, ind\u00e9pendants et autonomes, sont dits \u00ab b\u00eates \u00bb... Tous en effet ont en facteur commun le monde des animaux ; des noms, connus ou plus rares, porteurs d'interrogations, source de modulations souvent ludiques, souvent r\u00e9v\u00e9latrices : la cohabitation animal-homme reste d'un \u00e9quilibre complexe.\r\nLe rythme du dizain, quant \u00e0 lui, est en soi une forme d'harmonie interne : en supprimant les z\u00e9ros de \u00ab 10 \u00bb vers et de \u00ab 100 \u00bb textes, l'on retrouve le 1, ce Un d'origine et d'aboutissement d'une totalit\u00e9 cr\u00e9atrice symbolique ; tout un programme \u00e0 d\u00e9couvrir sans fa\u00e7on...","authors":["G\u00e9rard G\u00e2con"],"category_codes":["1000000","1090000"],"visuals":{"large":"https:\/\/images.epagine.fr\/283\/9782365982283_1_75.jpg","medium":"https:\/\/images.epagine.fr\/283\/9782365982283_1_m.jpg","thumbnail":"https:\/\/images.epagine.fr\/283\/9782365982283_1_v.jpg"},"orderable":true,"show_badge":true,"formatted_price":"16,00&nbsp;\u20ac","formatted_published_date":"13 juin 2024","publisher_availability_label":"Sur commande","short_details":"G\u00e9rard G\u00e2con \u2014 Abatos","translator":null,"weight":220,"page_count":180,"readership":null,"editor":"Abatos","price":1600,"published_date":"2024-06-12T22:00:00.000000Z","support":"Grand format","publisher_availability":1,"stock":0,"editions":[],"url":"https:\/\/quaidesbrumes.com\/ouvrage\/9782365982283\/cent-facons-poemes-betes"},{"id":"9782359631357","title":"Le lac (fac-simil\u00e9)","description":"Le lac (fac-simil\u00e9) prend racine dans un \u00e9v\u00e8nement familial, fait divers traumatique que l'auteur traite par flashs, r\u00e9miniscences, \u00e9clats sonores et visuels, ou s'intercalent ses propres r\u00eaves retranscrits, mais aussi des \u00e9l\u00e9ments m\u00e9diatiques et des donn\u00e9es num\u00e9riques. Ces associations et alliages impossibles nous plongent dans l'atmosph\u00e8re de diff\u00e9rentes \u00e9poques entrelac\u00e9es, donnant \u00e0 ce r\u00e9cit exp\u00e9rimental une rythmique po\u00e9tique d'une inqui\u00e9tante \u00e9tranget\u00e9. Derni\u00e8re publication : R\u00e9acteur 3 [Fukushima], Grand Prix de la po\u00e9sie SGDL 2022. ","authors":["Ludovic Bernhardt"],"category_codes":["1000000","1090000","1090600"],"visuals":{"large":"https:\/\/images.epagine.fr\/357\/9782359631357_1_75.jpg","medium":"https:\/\/images.epagine.fr\/357\/9782359631357_1_m.jpg","thumbnail":"https:\/\/images.epagine.fr\/357\/9782359631357_1_v.jpg"},"orderable":true,"show_badge":true,"formatted_price":"16,00&nbsp;\u20ac","formatted_published_date":"22 ao\u00fbt 2024","publisher_availability_label":"Sur commande","short_details":"Ludovic Bernhardt \u2014 EDITIONS LANSKINE","translator":null,"weight":155,"page_count":104,"readership":null,"editor":"EDITIONS LANSKINE","price":1600,"published_date":"2024-08-21T22:00:00.000000Z","support":"Grand format","publisher_availability":1,"stock":0,"editions":[],"url":"https:\/\/quaidesbrumes.com\/ouvrage\/9782359631357\/le-lac-fac-simile"},{"id":"9782910703011","title":"Le couronnement de l'\u00e9pouvantail","description":"Recueil de po\u00e9sie bilingue. R\u00e9\u00e9dition d'un titre de la collection Po\u00e9sie europ\u00e9enne : exemplaire original orn\u00e9 d'une nouvelle jaquette. \r\n\r\nPour justifier son choix judicieux de quelques dizaines de po\u00e8mes parmi les quelques milliers de l'oeuvre du po\u00e8te ukrainien Ihor Kalynets, le traducteur Roman Babowal explique : \u00ab [...] d\u00e8s ses premiers livres, Kalynets appara\u00eet comme un po\u00e8te-exp\u00e9rimentateur. Il renonce \u00e0 la ponctuation, le vers libre pr\u00e9domine, son po\u00e8me est court, bris\u00e9, filigran\u00e9, mais n'en est pas moins d\u00e9nu\u00e9 d'une densit\u00e9 \u00e9motionnelle, profonde, visc\u00e9rale. Il rompt ainsi non seulement avec la \u00ab tradition \u00bb de ses pr\u00e9d\u00e9cesseurs, mais \u00e9galement, avec la versification monocorde et docile des chantres professionnels de son \u00e9poque. Tant la forme que surtout le fond de son po\u00e8me le rendent d'embl\u00e9e suspect aux yeux du r\u00e9gime (\u00ab je n'ai pas plus au monde \u00bb) qui, lui refusant tout acc\u00e8s aux maisons d'\u00e9dition officielles, ne lui laisse d'autre choix que celui de recourir aux samvydav (publications clandestines), pour se faire entendre. \u00bb","authors":["Ihor Kalynets"],"category_codes":["1000000","1090000","1090600"],"visuals":{"large":"https:\/\/images.epagine.fr\/011\/9782910703011_1_75.jpg","medium":"https:\/\/images.epagine.fr\/011\/9782910703011_1_m.jpg","thumbnail":"https:\/\/images.epagine.fr\/011\/9782910703011_1_v.jpg"},"orderable":true,"show_badge":true,"formatted_price":"11,00&nbsp;\u20ac","formatted_published_date":"26 ao\u00fbt 2024","publisher_availability_label":"Sur commande","short_details":"Ihor Kalynets \u2014 Maison De La Poesie","translator":null,"weight":327,"page_count":220,"readership":null,"editor":"Maison De La Poesie","price":1100,"published_date":"2024-08-25T22:00:00.000000Z","support":"Grand format","publisher_availability":1,"stock":0,"editions":[],"url":"https:\/\/quaidesbrumes.com\/ouvrage\/9782910703011\/le-couronnement-de-lepouvantail"},{"id":"9782721009906","title":"La chanson de la beaut\u00e9 du temps","description":"Ce recueil rassemble 22 po\u00e8mes, dont certains in\u00e9dits, \u00e9crits des ann\u00e9es 1980 \u00e0 aujourd'hui et s\u00e9lectionn\u00e9s par la po\u00e9tesse pour le lectorat fran\u00e7ais. En 1984, Zhai Yongming \u00e9crit sa grande oeuvre \u00ab Des Femmes \u00bb qui bouleverse le monde de la po\u00e9sie et de la litt\u00e9rature chinoise par son contenu et son style d\u00e9cal\u00e9, empreint d'une forte certitude f\u00e9ministe. Son travail po\u00e9tique explore la complexit\u00e9 et l'incertitude de la vie ainsi que l'identit\u00e9 f\u00e9minine au-del\u00e0 du regard masculin. D\u00e9sireuse de maintenir le lien entre tradition et modernit\u00e9, elle compose le po\u00e8me \u00ab Une promenade sur la montagne Funchun, avec Huang Gongwang \u00bb, qui rend hommage aux artistes qui l'ont pr\u00e9c\u00e9d\u00e9e ainsi qu \u00e0 la culture chinoise. Adapt\u00e9 au th\u00e9\u00e2tre, il a rencontr\u00e9 un grand succ\u00e8s. Filant le th\u00e8me des femmes et des cr\u00e9ations f\u00e9minines, son po\u00e8me \u00ab L'affaire du Cercle de Craie \u00bb remporte quant \u00e0 lui le Poetry Award de la c\u00e9l\u00e8bre revue litt\u00e9raire \u00ab Octobre \u00bb, en 2020.\r\nCes deux po\u00e8mes sont \u00e0 lire dans le pr\u00e9sent recueil, compos\u00e9 par Zhai Yongming.","authors":["Zhai Yongming","He Yuhong"],"category_codes":["1000000","1090000"],"visuals":{"large":"https:\/\/images.epagine.fr\/906\/9782721009906_1_75.jpg","medium":"https:\/\/images.epagine.fr\/906\/9782721009906_1_m.jpg","thumbnail":"https:\/\/images.epagine.fr\/906\/9782721009906_1_v.jpg"},"orderable":true,"show_badge":true,"formatted_price":"15,00&nbsp;\u20ac","formatted_published_date":"2 f\u00e9vrier 2023","publisher_availability_label":"Sur commande","short_details":"Zhai Yongming, He Yuhong \u2014 \u00c9ditions des Femmes-Antoinette Fouque","translator":"HE YUHONG","weight":178,"page_count":128,"readership":null,"editor":"\u00c9ditions des Femmes-Antoinette Fouque","price":1500,"published_date":"2023-02-01T23:00:00.000000Z","support":"Grand format","publisher_availability":1,"stock":0,"editions":[],"url":"https:\/\/quaidesbrumes.com\/ouvrage\/9782721009906\/la-chanson-de-la-beaute-du-temps"},{"id":"9782915107623","title":"&crire","description":null,"authors":["Pierre Soletti"],"category_codes":["1000000","1090000"],"visuals":{"large":"https:\/\/quaidesbrumes.com\/img\/book-placeholder.png","medium":"https:\/\/quaidesbrumes.com\/img\/book-placeholder.png","thumbnail":"https:\/\/quaidesbrumes.com\/img\/book-placeholder.png"},"orderable":true,"show_badge":true,"formatted_price":"14,00&nbsp;\u20ac","formatted_published_date":"1er octobre 2011","publisher_availability_label":"Sur commande","short_details":"Pierre Soletti \u2014 Color Gang Editions","translator":null,"weight":113,"page_count":44,"readership":null,"editor":"Color Gang Editions","price":1400,"published_date":"2011-09-30T22:00:00.000000Z","support":"Poche","publisher_availability":1,"stock":0,"editions":[],"url":"https:\/\/quaidesbrumes.com\/ouvrage\/9782915107623\/crire"},{"id":"9782246733614","title":"Revanche des purs","description":"\u00ab Maintenant ce qui a \u00e9t\u00e9 moi est libre De recevoir la vraie neige Ouverte \u00e0 l'absence de moi Elu le voyageur qui chante Parce qu'il est attendu Mais plus heureux celui qui se perd D\u00e9j\u00e0 sans corps sans regard O bu\u00e9e de l'Imparfait Dans le puits de Dieu et du vide \u00bb Prosa\u00efsme et sublime, nature et humanit\u00e9 d\u00e9voy\u00e9e, Dieu et son absence, animaux et odeurs, plantes et cr\u00e2nes des vanit\u00e9s, ainsi va la po\u00e9sie de Jacques Chessex.","authors":["Jacques Chessex"],"category_codes":["1000000","1090000"],"visuals":{"large":"https:\/\/images.epagine.fr\/614\/9782246733614_1_75.jpg","medium":"https:\/\/images.epagine.fr\/614\/9782246733614_1_m.jpg","thumbnail":"https:\/\/images.epagine.fr\/614\/9782246733614_1_v.jpg"},"orderable":true,"show_badge":true,"formatted_price":"13,90&nbsp;\u20ac","formatted_published_date":"6 f\u00e9vrier 2008","publisher_availability_label":"Sur commande","short_details":"Jacques Chessex \u2014 \u00c9ditions Grasset","translator":null,"weight":156,"page_count":133,"readership":null,"editor":"\u00c9ditions Grasset","price":1390,"published_date":"2008-02-05T23:00:00.000000Z","support":"Grand format","publisher_availability":1,"stock":0,"editions":[],"url":"https:\/\/quaidesbrumes.com\/ouvrage\/9782246733614\/revanche-des-purs"},{"id":"9782494843202","title":"Parce que tu es de la po\u00e9sie : Sections po\u00e9tiques","description":"Un premier recueil de po\u00e9sie de la com\u00e9dienne Pauline Moingeon Vall\u00e8s, superbement illustr\u00e9 par son fr\u00e8re, l'artiste Xabier Moingeon, d\u00e9di\u00e9 aux amoureux de l'amour et de la po\u00e9sie.","authors":["Pauline Moingeon Vall\u00e8s"],"category_codes":["1000000","1090000","1090600"],"visuals":{"large":"https:\/\/images.epagine.fr\/202\/9782494843202_1_75.jpg","medium":"https:\/\/images.epagine.fr\/202\/9782494843202_1_m.jpg","thumbnail":"https:\/\/images.epagine.fr\/202\/9782494843202_1_v.jpg"},"orderable":true,"show_badge":true,"formatted_price":"15,00&nbsp;\u20ac","formatted_published_date":"20 ao\u00fbt 2024","publisher_availability_label":"Sur commande","short_details":"Pauline Moingeon Vall\u00e8s \u2014 Vox Scriba","translator":null,"weight":110,"page_count":102,"readership":null,"editor":"Vox Scriba","price":1500,"published_date":"2024-08-19T22:00:00.000000Z","support":"Grand format","publisher_availability":1,"stock":0,"editions":[],"url":"https:\/\/quaidesbrumes.com\/ouvrage\/9782494843202\/parce-que-tu-es-de-la-poesie-sections-poetiques"},{"id":"9782246767312","title":"L'esplanade","description":"Dans la continuit\u00e9 d'Images, mes catins, Le tremble et l'acacia, A quatre \u00e9pingles, A dire vrai, Faubourg des f\u00e9es, Oboles et Fen\u00eatre mon avenir, voici un nouveau volume des po\u00e8mes de Daniel Boulanger. Ces courts textes, \u00ab d\u00e9finitions imag\u00e9es \u00bb, selon leur auteur, nous touchent d'autant plus que leur sobri\u00e9t\u00e9 provoque le jaillissement des images dans une intensit\u00e9 rare.","authors":["Daniel Boulanger"],"category_codes":["1000000","1090000"],"visuals":{"large":"https:\/\/images.epagine.fr\/312\/9782246767312_1_75.jpg","medium":"https:\/\/images.epagine.fr\/312\/9782246767312_1_m.jpg","thumbnail":"https:\/\/images.epagine.fr\/312\/9782246767312_1_v.jpg"},"orderable":true,"show_badge":true,"formatted_price":"12,90&nbsp;\u20ac","formatted_published_date":"20 janvier 2010","publisher_availability_label":"Sur commande","short_details":"Daniel Boulanger \u2014 \u00c9ditions Grasset","translator":null,"weight":140,"page_count":122,"readership":null,"editor":"\u00c9ditions Grasset","price":1290,"published_date":"2010-01-19T23:00:00.000000Z","support":"Grand format","publisher_availability":1,"stock":0,"editions":[],"url":"https:\/\/quaidesbrumes.com\/ouvrage\/9782246767312\/lesplanade"},{"id":"9782925091134","title":"Une terre incertaine","description":"Ce recueil tout en tension joue sur les concepts d'\u00e9quilibre, d'\u00e9l\u00e9vation et de chute, et nous y suivons, dans un r\u00e9cit invers\u00e9, de la fin vers le d\u00e9but, le corps en marche d'un homme qui doute, cherche un sens et une voie m\u00e9taphysique le long d'un sentier m\u00e9taphorique. La voix po\u00e9tique qui habite Une terre incertaine oscille entre introspection et attention au vivant et aux \u00e9l\u00e9ments de la nature rencontr\u00e9s en chemin, pens\u00e9e et sensation, identit\u00e9 et alt\u00e9rit\u00e9, parole et silence, perception et savoir.","authors":["Robert Dion"],"category_codes":["1000000","1090000","1090600"],"visuals":{"large":"https:\/\/images.epagine.fr\/134\/9782925091134_1_75.jpg","medium":"https:\/\/images.epagine.fr\/134\/9782925091134_1_m.jpg","thumbnail":"https:\/\/images.epagine.fr\/134\/9782925091134_1_v.jpg"},"orderable":true,"show_badge":true,"formatted_price":"15,00&nbsp;\u20ac","formatted_published_date":"3 octobre 2024","publisher_availability_label":"Sur commande","short_details":"Robert Dion \u2014 DU PASSAGE","translator":null,"weight":129,"page_count":104,"readership":null,"editor":"DU PASSAGE","price":1500,"published_date":"2024-10-02T22:00:00.000000Z","support":"Grand format","publisher_availability":1,"stock":0,"editions":[],"url":"https:\/\/quaidesbrumes.com\/ouvrage\/9782925091134\/une-terre-incertaine"},{"id":"9782493651099","title":"L'ombre l'eau qui s'ecoule","description":"Lointaine est la m\u00e9lodie de mon coeur\r\nElle se perd jusqu'aux sables de l'enfance\r\nJusqu'au sel\r\nElle a m\u00eal\u00e9 nos souffles\r\nD\u00e8s mon plus jeune \u00e2ge\r\n\r\nPar elle j'entends le feu j'entends la joie\r\nLe jeu le rire chante la rudesse\r\n\r\nElle n'a ni allure ni visage\r\nNi un rien qui la nomme\r\nEt m'accompagne\r\n\r\nAvec elle s'en ira-t-elle mon \u00e2me\r\nLointaine m\u00e9lodie de mon coeur\r\nAux m\u00e9lodies immortelles","authors":["Philippe Lorrain-vesque","Sarah Stefanelli"],"category_codes":["1000000","1090000","1090600"],"visuals":{"large":"https:\/\/images.epagine.fr\/099\/9782493651099_1_75.jpg","medium":"https:\/\/images.epagine.fr\/099\/9782493651099_1_m.jpg","thumbnail":"https:\/\/images.epagine.fr\/099\/9782493651099_1_v.jpg"},"orderable":true,"show_badge":true,"formatted_price":"15,00&nbsp;\u20ac","formatted_published_date":"1er septembre 2024","publisher_availability_label":"Sur commande","short_details":"Philippe Lorrain-vesque, Sarah Stefanelli \u2014 Azoe","translator":null,"weight":90,"page_count":null,"readership":null,"editor":"Azoe","price":1500,"published_date":"2024-08-31T22:00:00.000000Z","support":"Grand format","publisher_availability":1,"stock":0,"editions":[],"url":"https:\/\/quaidesbrumes.com\/ouvrage\/9782493651099\/lombre-leau-qui-secoule"},{"id":"9791028434533","title":"Jin, J\u00eeyan, Azad\u00ee;Femme, vie, libert\u00e9","description":"J'aimerais comme vous m'exprimer \u00e0 l'oral,\r\nMais bizarrement la crainte des repr\u00e9sailles\r\nMe fait taire...\r\nLeurs regards me font muette... [...]\r\nLa honte, la peur\r\nDe mal r\u00e9pondre.\r\nPourtant, une fois derri\u00e8re mon ordinateur,\r\nJe n'ai ni crainte ni peur.\r\nJ'\u00e9cris comme je respire...\r\nSans trop r\u00e9fl\u00e9chir?! [...]\r\nPour que le fin fond de mes pens\u00e9es se retrouve ici,\r\nEn rime et en harmonie,\r\nAvec mon coeur...\r\nNi crainte ni peur,\r\nNi une ni deux,\r\nJe d\u00e9fais le noeud\r\nPr\u00e9sent dans ma gorge.\r\nEt j'\u00e9cris sans pression,\r\nSans peur ni intimidation,\r\nJe m'exprime \u00e0 l'aide de ma passion...","authors":["Siana Gulbeden"],"category_codes":["1000000","1090000"],"visuals":{"large":"https:\/\/images.epagine.fr\/533\/9791028434533_1_75.jpg","medium":"https:\/\/images.epagine.fr\/533\/9791028434533_1_m.jpg","thumbnail":"https:\/\/images.epagine.fr\/533\/9791028434533_1_v.jpg"},"orderable":true,"show_badge":true,"formatted_price":"13,50&nbsp;\u20ac","formatted_published_date":"29 ao\u00fbt 2024","publisher_availability_label":"Sur commande","short_details":"Siana Gulbeden \u2014 VERONE","translator":null,"weight":168,"page_count":94,"readership":null,"editor":"VERONE","price":1350,"published_date":"2024-08-28T22:00:00.000000Z","support":"Grand format","publisher_availability":1,"stock":0,"editions":[],"url":"https:\/\/quaidesbrumes.com\/ouvrage\/9791028434533\/jin-jiyan-azadifemme-vie-liberte"},{"id":"9782915107685","title":"Dabek se pr\u00e9cipite","description":"On lui a dit de creuser. Il ne sait pas pourquoi. Dans le doute, il creuse. Il creuse dans le doute. Il tourne ensuite autour du trou en se demandant si c'est vraiment le doute.","authors":["Bernard Deglet"],"category_codes":["1000000","1090000"],"visuals":{"large":"https:\/\/quaidesbrumes.com\/img\/book-placeholder.png","medium":"https:\/\/quaidesbrumes.com\/img\/book-placeholder.png","thumbnail":"https:\/\/quaidesbrumes.com\/img\/book-placeholder.png"},"orderable":true,"show_badge":true,"formatted_price":"13,00&nbsp;\u20ac","formatted_published_date":"1er juin 2012","publisher_availability_label":"Sur commande","short_details":"Bernard Deglet \u2014 Color Gang Editions","translator":null,"weight":158,"page_count":88,"readership":null,"editor":"Color Gang Editions","price":1300,"published_date":"2012-05-31T22:00:00.000000Z","support":"Poche","publisher_availability":1,"stock":0,"editions":[],"url":"https:\/\/quaidesbrumes.com\/ouvrage\/9782915107685\/dabek-se-precipite"}]}