{"data":[{"id":"9782720213793","title":"Lignes de fuite","description":"Lignes de fuite est un recueil de trente po\u00e9sies, entre rock et rap, \u00e0 lire \u00e0 haute voix, \u00e0 chantonner comme les po\u00e8mes de Pr\u00e9vert ou de Jim Morrison. Sur un tempo binaire, Serge Raffy traverse les champs \u00e9ternels de la douleur humaine, avec une lucidit\u00e9 glaciale et sensuelle. S\u00e9parations, pertes, d\u00e9lestages des amours impossibles, la po\u00e9sie reste une plong\u00e9e en apn\u00e9e dans les eaux troubles de la conscience des hommes.\r\nDans la tourmente des cybermondes, l'homme, fondamentalement, ne change pas. II tra\u00eene en lui les m\u00eames terreurs, les m\u00eames \u00ab lignes de fuite \u00bb, Alors, pour ne pas sombrer dans le n\u00e9ant, il se raccroche \u00e0 ses territoires indicibles, en forme de refuge, \u00ab l\u00e0 o\u00f9 la vip\u00e8re tremble \u00bb...","authors":["Serge Raffy"],"category_codes":["1000000","1090000"],"visuals":{"large":"https:\/\/images.epagine.fr\/793\/9782720213793_1_75.jpg","medium":"https:\/\/images.epagine.fr\/793\/9782720213793_1_m.jpg","thumbnail":"https:\/\/images.epagine.fr\/793\/9782720213793_1_v.jpg"},"orderable":true,"show_badge":true,"formatted_price":"7,80&nbsp;\u20ac","formatted_published_date":"6 octobre 1999","publisher_availability_label":"Sur commande","short_details":"Serge Raffy \u2014 PAUVERT","translator":null,"weight":89,"page_count":80,"readership":null,"editor":"PAUVERT","price":780,"published_date":"1999-10-05T22:00:00.000000Z","support":"Grand format","publisher_availability":1,"stock":0,"editions":[],"url":"https:\/\/quaidesbrumes.com\/ouvrage\/9782720213793\/lignes-de-fuite"},{"id":"9780008252625","title":"What was I scared of?","description":"A very special, spooky story from Dr. Seuss - with glow-in-the-dark cover!  Then I was deep within the woods When, suddenly, I spied them. I saw a pair of pale green pants With nobody inside them!  Turn out the lights and say hello to Dr. Seuss''s spookiest character... the pair of empty trousers, with nobody inside them! First published as part of The Sneetches and Other Stories collection, this all-time favourite story of Dr. Seuss''s is now published on its own in this very special edition with a glow-in-the-dark cover!  Make sure you hold the glow in the dark under a light source to charge up the cover, then enjoy a spooky surprise in the darkness!  A perfect present for boys and girls from ages three and up.","authors":["Dr seuss"],"category_codes":["1000000","1090000"],"visuals":{"large":"https:\/\/images.epagine.fr\/625\/9780008252625_1_75.jpg","medium":"https:\/\/images.epagine.fr\/625\/9780008252625_1_m.jpg","thumbnail":"https:\/\/images.epagine.fr\/625\/9780008252625_1_v.jpg"},"orderable":true,"show_badge":true,"formatted_price":"11,90&nbsp;\u20ac","formatted_published_date":"1er septembre 2018","publisher_availability_label":"Sur commande","short_details":"Dr seuss \u2014 Harper Collins Publishers","translator":null,"weight":90,"page_count":null,"readership":null,"editor":"Harper Collins Publishers","price":1190,"published_date":"2018-08-31T22:00:00.000000Z","support":"Grand format","publisher_availability":1,"stock":0,"editions":[],"url":"https:\/\/quaidesbrumes.com\/ouvrage\/9780008252625\/what-was-i-scared-of"},{"id":"9782378960568","title":"Portraits-robots","description":"De \u00ab L'\u00e9diteur de la Rive gauche \u00bb \u00e0 \u00ab Miss Fukushima \u00bb, 102 portraits-robots de personnes ou de professions en 10 expressions mises sous forme d'inventaire, regroup\u00e9s en 8 chapitres (\u00ab Profil grec \u00bb, \u00ab Ich bin ein Berliner \u00bb, \u00ab Gens d'Edenkoben \u00bb, \u00ab Viennoiserie \u00bb, \u00ab Les Marseillais, peuch\u00e8re ! \u00bb, \u00ab Le Tout-Paris \u00bb, \u00ab Helv\u00e9tisme \u00bb, \u00ab Estampes friponnes \u00bb).\r\n\r\nCes Po\u00e8mes figur\u00e9s au sens propre font suite \u00e0 un premier volume de Cinquante Portraits-Robots publi\u00e9 en 1982 \u00e0 150 exemplaires (biblioth\u00e8que oulipienne n\u00b021). Comme eux ils composent une \u00ab imagerie mentale \u00e0 la mani\u00e8re d'Arcimboldo et de Nicolas de Larmessin \u00bb. \r\nDe nombreuses allusions historiques et litt\u00e9raires se cachent derri\u00e8re ces personnages. Le lecteur reconna\u00eetra une citation de J.F. Kennedy et l'\u00e9vocation de F. Hessel, A. Einstein, A. D\u00f6blin, R. Musil, S. Freud, B. Tapie, A. Onassis, M. Callas, A. Tsipras, Rousseau, Voltaire, Guillaume Tell, du clown Dimitri et du grand collisionneur de Hadrons (LHC), de Pierre Loti sans oublier quelques philosophes de l'Antiquit\u00e9... \r\n\u00ab Gens d'Edenkoben \u00bb fut \u00e9crit durant une r\u00e9sidence de cinq mois dans la Maison des artistes (K\u00fcnstlerhaus) de cette petite ville de Rh\u00e9nanie-Westphalie situ\u00e9e au pied du Kesselberg. La Ludwigsh\u00f6he et le ch\u00e2teau de Hambach sont des sites historiques embl\u00e9matiques de la r\u00e9gion. Un festival de guitare se d\u00e9roule chaque ann\u00e9e \u00e0 la Ludwigsh\u00f6he.\r\nMarseille en treize portraits-robots repris ici avec quelques modifications sous le titre \u00ab Les Marseillais, peuch\u00e8re ! \u00bb r\u00e9pondait \u00e0 une commande des architectes Catherine Rouan et St\u00e9phane Raguenet dans le cadre de \u00ab Marseille 2013, capitale europ\u00e9enne de la culture \u00bb. Ils con\u00e7urent un phare bleu \u00e9mettant chaque nuit des textes transpos\u00e9s en morse lumineux. Ces treize portraits furent diffus\u00e9s de juin \u00e0 septembre, publi\u00e9s sur le site internet du phare bleu puis dans la revue Pro Memoria n\u00b06, 2014. Le minot et la cagole sont des personnages incontournables de la ville. \r\nLe Tout-Paris en vingt portraits-robots publi\u00e9 initialement dans Po\u00e9sie au coeur du monde. Anthologie 2013, Biennale internationale des po\u00e8tes en Val de Marne, 2013, est repris ici avec quelques modifications.\r\n\u00c0 Gen\u00e8ve, le sautier de la R\u00e9publique est un fonctionnaire qui a notamment pour charge de signaler l'\u00e9closion du premier bourgeon du marronnier officiel situ\u00e9 sur la Promenade de la Treille. Il d\u00e9clare ainsi chaque ann\u00e9e le d\u00e9but du printemps. \r\nDes extraits de \u00ab Profil grec \u00bb, \u00ab Ich bin ein Berliner \u00bb et \u00ab Viennoiserie \u00bb ont paru dans la revue L'intranquille n\u00b012, printemps-\u00e9t\u00e9 2017.\r\n\r\nEgalement disponible en \u00e9dition de t\u00eate, accompagn\u00e9e d'une oeuvre originale.","authors":["Mich\u00e8le M\u00e9tail"],"category_codes":["1000000","1090000","1090600"],"visuals":{"large":"https:\/\/images.epagine.fr\/568\/9782378960568_1_75.jpg","medium":"https:\/\/images.epagine.fr\/568\/9782378960568_1_m.jpg","thumbnail":"https:\/\/images.epagine.fr\/568\/9782378960568_1_v.jpg"},"orderable":true,"show_badge":true,"formatted_price":"10,00&nbsp;\u20ac","formatted_published_date":"5 mars 2019","publisher_availability_label":"Sur commande","short_details":"Mich\u00e8le M\u00e9tail \u2014 Les presses du r\u00e9el","translator":null,"weight":120,"page_count":80,"readership":null,"editor":"Les presses du r\u00e9el","price":1000,"published_date":"2019-03-04T23:00:00.000000Z","support":"Grand format","publisher_availability":1,"stock":0,"editions":[],"url":"https:\/\/quaidesbrumes.com\/ouvrage\/9782378960568\/portraits-robots"},{"id":"9782905817013","title":"13427 po\u00ebmes m\u00e9taphysiques","description":"La premi\u00e8re \u00e9dition des \u00ab po\u00e8mes m\u00e9taphysiques \u00bb de Julien Blaine.\r\nIci, le po\u00e8me est r\u00e9duit \u00e0 sa plus simple expression : deux \u00e9nonc\u00e9s bruts (un mot, une image) s\u00e9par\u00e9s d'un double trait. Le sens - multiple - de chaque po\u00e8me est dans ce qui ressort de la confrontation des deux \u00e9nonc\u00e9s. \r\nIci, M\u00e9taphysique est \u00e0 prendre dans un sens non pas mystique, mais de \u00ab philosophie premi\u00e8re \u00bb : l'\u00e9tude de ce que nous apprend (de certitude comme de myst\u00e8re - le myst\u00e8re \u00e9tant ici une forme de savoir) notre relation \u00e0 notre environnement. Le trait s\u00e9parant les mots est \u00e0 la fois s\u00e9paration et conjonction de coordination. \r\nPour Julien Blaine, ces po\u00e8mes m\u00e9taphysiques sont une m\u00e9thode pour lire le monde - m\u00e9thode qu'il offre au lecteur, comme exp\u00e9rience de lecture en partage : \r\n\r\nSimplement pour dire qu'en ouvrant l'oeil Simplement pour dire qu'en ouvrant l'oeil Vous verrez des Po\u00ebmes m\u00e9taphysiques - au quotidien - partout :\r\nDans les trains, dans les a\u00e9roports, dans les h\u00f4pitaux, dans les for\u00eats, sur les routes...\r\nDans les notices, les modes d'emploi, les posologies, les plans, les lexiques, les cartes, les guides...\r\nEt ailleurs encore...\r\n\r\nCette premi\u00e8re \u00e9dition retrouv\u00e9e a \u00e9t\u00e9 publi\u00e9e en 1986 aux \u00c9ditions \u00c9vidant. Quatre ans plus tard chez le m\u00eame \u00e9diteur, Julien Blaine publie Bimot, dans une continuit\u00e9 radicalis\u00e9e des po\u00e8mes m\u00e9taphysiques - \u00e9dition intimiste, puisque la diffusion de ce livre sera interrompue du fait de la faillite de l'\u00e9diteur. C'est en 2011 que fut publi\u00e9 la seconde \u00e9dition de Bimot (aux \u00e9ditions Al Dante), sorte de synth\u00e8se qui regroupe un choix des deux ouvrages, ainsi que certains po\u00ebmes m\u00e9taphysiques cr\u00e9\u00e9s ult\u00e9rieurement.","authors":["Julien Blaine"],"category_codes":["1000000","1090000","1090600"],"visuals":{"large":"https:\/\/images.epagine.fr\/013\/9782905817013_1_75.jpg","medium":"https:\/\/images.epagine.fr\/013\/9782905817013_1_m.jpg","thumbnail":"https:\/\/images.epagine.fr\/013\/9782905817013_1_v.jpg"},"orderable":true,"show_badge":true,"formatted_price":"12,00&nbsp;\u20ac","formatted_published_date":"1er janvier 1986","publisher_availability_label":"Sur commande","short_details":"Julien Blaine \u2014 Les presses du r\u00e9el","translator":null,"weight":1100,"page_count":366,"readership":null,"editor":"Les presses du r\u00e9el","price":1200,"published_date":"1985-12-31T23:00:00.000000Z","support":"Grand format","publisher_availability":1,"stock":0,"editions":[],"url":"https:\/\/quaidesbrumes.com\/ouvrage\/9782905817013\/13427-poemes-metaphysiques"},{"id":"9782840661689","title":"Avant la neige \/ je suis une mercedes 300sl \/ mario","description":null,"authors":["Merino Edouard"],"category_codes":["1000000","1090000"],"visuals":{"large":"https:\/\/quaidesbrumes.com\/img\/book-placeholder.png","medium":"https:\/\/quaidesbrumes.com\/img\/book-placeholder.png","thumbnail":"https:\/\/quaidesbrumes.com\/img\/book-placeholder.png"},"orderable":true,"show_badge":true,"formatted_price":"9,00&nbsp;\u20ac","formatted_published_date":"10 juillet 2006","publisher_availability_label":"Sur commande","short_details":"Merino Edouard \u2014 Les presses du r\u00e9el","translator":null,"weight":230,"page_count":null,"readership":null,"editor":"Les presses du r\u00e9el","price":900,"published_date":"2006-07-09T22:00:00.000000Z","support":"Grand format","publisher_availability":1,"stock":0,"editions":[],"url":"https:\/\/quaidesbrumes.com\/ouvrage\/9782840661689\/avant-la-neige-je-suis-une-mercedes-300sl-mario"},{"id":"9782493688040","title":"Si l'amour nous contait","description":"Je voudrais un livre sur l'amour\r\nQui s'offrirait comme une d\u00e9claration\r\nDe l'amour, de l'amiti\u00e9\r\nDe la vie\r\nUn livre vif\r\nUn livre creux et vaporeux\r\nUn livre dense et intense\r\nUn livre fard\r\nUn livre qui ferait rougir\r\nUn livre qui me ferait aimer.\r\n\r\nPetit ouvrage de po\u00e9sie \u00e0 offrir \u00e0 ceux qu'on aime : famille, amis et plus encore.","authors":["B\u00e9n\u00e9dicte Rousset","Camille Rousset"],"category_codes":["1000000","1090000","1090600"],"visuals":{"large":"https:\/\/images.epagine.fr\/040\/9782493688040_1_75.jpg","medium":"https:\/\/images.epagine.fr\/040\/9782493688040_1_m.jpg","thumbnail":"https:\/\/images.epagine.fr\/040\/9782493688040_1_v.jpg"},"orderable":true,"show_badge":true,"formatted_price":"9,90&nbsp;\u20ac","formatted_published_date":"1er juillet 2024","publisher_availability_label":"Sur commande","short_details":"B\u00e9n\u00e9dicte Rousset, Camille Rousset \u2014 Helichryse","translator":null,"weight":200,"page_count":88,"readership":null,"editor":"Helichryse","price":990,"published_date":"2024-06-30T22:00:00.000000Z","support":"Poche","publisher_availability":1,"stock":0,"editions":[],"url":"https:\/\/quaidesbrumes.com\/ouvrage\/9782493688040\/si-lamour-nous-contait"},{"id":"9782494959200","title":"\u00c2mes-en-ciel","description":"Cet ouvrage vous transportera vers des horizons inexplor\u00e9s. Il vous invitera \u00e0 lever les yeux vers le ciel et \u00e0 vous \u00e9merveiller de la magie qui l'anime. Ne vous \u00eates-vous jamais pris \u00e0 deviner des visages ou des formes famili\u00e8res en regardant attentivement des nuages ? Saviez-vous que l'on appelle ce ph\u00e9nom\u00e8ne la par\u00e9idolie ? Alors laissez vous guider en direction des \u00e9toiles et risquez-vous \u00e0 voyager avec l'auteure qui n'\u00e9crit pas plus haut que son coeur et d\u00e9couvrez... ses \u00e2mes-en-ciel.","authors":["Sylvie Fargepallet"],"category_codes":["1000000","1090000"],"visuals":{"large":"https:\/\/images.epagine.fr\/200\/9782494959200_1_75.jpg","medium":"https:\/\/images.epagine.fr\/200\/9782494959200_1_m.jpg","thumbnail":"https:\/\/images.epagine.fr\/200\/9782494959200_1_v.jpg"},"orderable":true,"show_badge":true,"formatted_price":"20,00&nbsp;\u20ac","formatted_published_date":"27 juin 2024","publisher_availability_label":"Sur commande","short_details":"Sylvie Fargepallet \u2014 EDITIONS DU CHIEN QUI PASSE","translator":null,"weight":299,"page_count":82,"readership":null,"editor":"EDITIONS DU CHIEN QUI PASSE","price":2000,"published_date":"2024-06-26T22:00:00.000000Z","support":"Grand format","publisher_availability":1,"stock":0,"editions":[],"url":"https:\/\/quaidesbrumes.com\/ouvrage\/9782494959200\/ames-en-ciel"},{"id":"9782959221613","title":"Rien n'est trop peu - (meme si ce n'est pas assez)","description":null,"authors":["Zamit Julien"],"category_codes":["1000000","1090000"],"visuals":{"large":"https:\/\/images.epagine.fr\/613\/9782959221613_1_75.jpg","medium":"https:\/\/images.epagine.fr\/613\/9782959221613_1_m.jpg","thumbnail":"https:\/\/images.epagine.fr\/613\/9782959221613_1_v.jpg"},"orderable":true,"show_badge":true,"formatted_price":"16,00&nbsp;\u20ac","formatted_published_date":"24 avril 2024","publisher_availability_label":"Sur commande","short_details":"Zamit Julien \u2014 Les Souffleurs de vers","translator":null,"weight":182,"page_count":null,"readership":null,"editor":"Les Souffleurs de vers","price":1600,"published_date":"2024-04-23T22:00:00.000000Z","support":"Grand format","publisher_availability":1,"stock":0,"editions":[],"url":"https:\/\/quaidesbrumes.com\/ouvrage\/9782959221613\/rien-nest-trop-peu-meme-si-ce-nest-pas-assez"},{"id":"9782378960384","title":"Cebrity cafe Tome 3 : Augusto de Campos","description":"Num\u00e9ro sp\u00e9cial de Celebrity Cafe consacr\u00e9 aux travaux r\u00e9cents du po\u00e8te br\u00e9silien Augusto de Campos. Au sommaire : deux pr\u00e9faces de Jacques Donguy et d'Augusto de Campos, une large s\u00e9lection d'oeuvres num\u00e9riques (po\u00e8mes, \u00ab intraductions \u00bb, \u00ab autraductions \u00bb, contrepo\u00e8mes), une postface de Jean-Fran\u00e7ois Bory et un ensemble d'annexes.\r\n\r\n\u00abOUTRO\u00bb, litt\u00e9ralement \u00abAUTRE\u00bb, titre du dernier recueil d'Augusto de Campos dont nous donnons ici de larges extraits, est un terme musical indiquant la conclusion, synonyme de \u00ab coda \u00bb, en opposition \u00e0 \u00abINTRO\u00bb. Il est aussi utilis\u00e9 tel quel (\u00abOUTRO\u00bb) \u00e0 la fin des disques de musique populaire am\u00e9ricaine, pour d\u00e9signer un \u00ab bonus \u00bb ou un \u00ab extra \u00bb, d'o\u00f9 notre choix de garder ce titre. Le terme sera repris pour ses \u00ab outradu\u00e7\u00f5es \u00bb, \u00ab autraductions \u00bb, qui ne sont pas des traductions, mais des \u00ab remix po\u00e9tiques \u00bb, des interpr\u00e9tations graphiques du texte original. [...] Les po\u00e8mes de ce recueil \u00ab OUTRO \u00bb sont \u00e0 la fois graphiques et s\u00e9mantiques, et se pr\u00e9sentent sous la forme de fichiers num\u00e9riques. Augusto de Campos utilise un Macintosh, un ordinateur personnel depuis 1992, date o\u00f9 il a \u00e9t\u00e9 possible d'en importer au Br\u00e9sil sans droits de douane prohibitifs cens\u00e9s prot\u00e9ger une industrie nationale inexistante. Un po\u00e8me de lui, \u00abPULSAR\u00bb, avait d\u00e9j\u00e0 \u00e9t\u00e9 retravaill\u00e9 \u00e0 l'ordinateur, gr\u00e2ce \u00e0 des amis de l'art technologique autour de Wagner Garcia, et avait \u00e9t\u00e9 pr\u00e9sent\u00e9 en 1984. \u00abPULSAR\u00bb avait \u00e9t\u00e9 mont\u00e9 lettre par lettre, avec les \u00e9toiles \u00e0 la fin. Cette utilisation d'un ordinateur portable personnel \u00e0 partir de 1992 lui a permis notamment de d\u00e9velopper, avec d'autres moyens, son travail typographique pionnier de \u00abPoetamenos\u00bb. Il travaille aussi avec son fils Cid Campos, musicien, pour la mise en musique de ses (non) po\u00e8mes, renouant avec la tradition d'un Arnaut Daniel.\r\nQuelle conception de la po\u00e9sie chez Augusto de Campos ? L\u00e0, nous nous inspirons de propos tenus lors d'une visite chez lui \u00e0 S\u00e3o Paulo en novembre 2016. Augusto de Campos regrette cette po\u00e9sie qui se pratique \u00e0 Rio de Janeiro, qui joue avec l'\u00e9motionnel, le sentimental, \u00e0 l'exception d'Andr\u00e9 Vallias, qui est paulista. Il rappelle cette phrase de Lautr\u00e9amont qui disait : \u00ab Oh math\u00e9matiques s\u00e9v\u00e8res, je ne vous ai pas oubli\u00e9es \u00bb. Tout un chant pour louer les math\u00e9matiques ! Pound disait aussi que la po\u00e9sie \u00e9tait une esp\u00e8ce de math\u00e9matique inspir\u00e9e qui nous fait arriver \u00e0 des \u00e9quations pour des \u00e9motions. Et Ma\u00efakovski a dit dans un de ses po\u00e8mes qu'il voulait pour sa po\u00e9sie une pr\u00e9cision et une concision math\u00e9matiques, sans oublier Edgar Allan Poe qui, pour son po\u00e8me \u00ab Le Corbeau \u00bb disait que dans la po\u00e9sie, 90%, c'est de la math\u00e9matique, et le reste, de la mati\u00e8re la plus banale. Donc neuf dixi\u00e8me de math\u00e9matique, et un dixi\u00e8me d'\u00e9thique. \r\nPr\u00e9face de Jacques Donguy (extraits).\r\n\r\nEdit\u00e9e par Jacques Donguy, Sarah Cassenti et Jean-Fran\u00e7ois Bory, Celebrity Cafe est une revue litt\u00e9raire au sens artistique du terme, ancrant la cr\u00e9ation d'aujourd'hui - en po\u00e9sie, en musique, en danse, dans les arts plastiques et les pratiques intermedia - dans les avant-gardes du d\u00e9but du XXe si\u00e8cle.\r\n\r\nAugusto de Campos (n\u00e9 en 1931 \u00e0 S\u00e3o Paulo) est une figure exemplaire de la Weltliteratur. Apr\u00e8s avoir co-fond\u00e9, avec son fr\u00e8re Haroldo, le mouvement historique de la Po\u00e9sie Concr\u00e8te au Br\u00e9sil dans les ann\u00e9es 1950, tr\u00e8s vite devenu international, il a su d\u00e9velopper une oeuvre sans concession s'inscrivant dans la lign\u00e9e du Coup de D\u00e9s de Mallarm\u00e9, des Cantos de Pound et des po\u00e8mes de Cummings, vers un questionnement de la langue au niveau typographique et iconique (Baboeil) jusqu'\u00e0 cette notion d'\u00ab Ex-Po\u00e8me \u00bb ou de \u00ab Non-Po\u00e8me \u00bb, retrouvant par l\u00e0 le concept boudhiste, mais aussi de physique contemporaine, d'\u00e9nergie du Vide.\r\nAugusto de Campos est \u00e9galement traducteur, critique de musique et artiste plasticien. Depuis 1980, il intensifie ses exp\u00e9riences avec les nouveaux m\u00e9dias, en pr\u00e9sentant ses po\u00e8mes \u00e0 l'aide de vid\u00e9o-texte, n\u00e9on, panneau \u00e9lectrique, hologramme et laser, infographie et \u00e9v\u00e9nements multim\u00e9dias. L'influence qu'il exerce encore aussi bien sur la musique et la po\u00e9sie que sur les arts plastiques contemporains est immense.\r\nAugusto de Campos a re\u00e7u le Grand Prix de Po\u00e9sie Janus Pannonius en Hongrie en 2017.","authors":["Collectif"],"category_codes":["1000000","1090000","1090600"],"visuals":{"large":"https:\/\/images.epagine.fr\/384\/9782378960384_1_75.jpg","medium":"https:\/\/images.epagine.fr\/384\/9782378960384_1_m.jpg","thumbnail":"https:\/\/images.epagine.fr\/384\/9782378960384_1_v.jpg"},"orderable":true,"show_badge":true,"formatted_price":"21,00&nbsp;\u20ac","formatted_published_date":"21 f\u00e9vrier 2018","publisher_availability_label":"Sur commande","short_details":"Collectif \u2014 Les presses du r\u00e9el","translator":null,"weight":254,"page_count":80,"readership":null,"editor":"Les presses du r\u00e9el","price":2100,"published_date":"2018-02-20T23:00:00.000000Z","support":"Grand format","publisher_availability":1,"stock":0,"editions":[],"url":"https:\/\/quaidesbrumes.com\/ouvrage\/9782378960384\/cebrity-cafe-tome-3-augusto-de-campos"},{"id":"9782378960216","title":"Po\u00e8mes en guerre ; 31 juillet 1914 - 9 novembre 1918","description":"L'ensemble des po\u00e8mes \u00e9crits par Apollinaire entre 1914 et 1918, r\u00e9unis pour la premi\u00e8re fois, m\u00e9ticuleusement retranscris d'apr\u00e8s les \u00ab manuprimes \u00bb, eux-m\u00eames reproduits en annexe.\r\n\r\nDes quelque trois cents po\u00e8mes \u00e9crits par Apollinaire entre la d\u00e9claration de guerre le 31 juillet 1914 et sa propre mort le 9 novembre 1918, seul environ un tiers fut publi\u00e9 de son vivant. Le reste n'a \u00e9t\u00e9 r\u00e9v\u00e9l\u00e9 que tardivement, comme les Po\u00e8mes \u00e0 Lou, ou a \u00e9t\u00e9 dispers\u00e9 dans des publications posthumes. Il manquait un ouvrage qui permette d'appr\u00e9hender l'ensemble de cette cr\u00e9ation. \r\nEn substituant aux rassemblements plus ou moins arbitraires une simple juxtaposition au jour le jour, les Po\u00e8mes en guerre d\u00e9roulent une histoire quotidienne o\u00f9 chaque destinataire reprend sa place et son r\u00f4le dans le drame v\u00e9cu par le po\u00e8te. Ainsi apparaissent plus clairement, mais souvent entre les lignes et dans le non-dit, la d\u00e9tresse, l'angoisse de mort et les recours qui permettent au soldat de \u00ab tenir \u00bb : l'amour, les amiti\u00e9s, la capacit\u00e9 de r\u00e9silience gr\u00e2ce \u00e0 l'\u00e9criture po\u00e9tique, toujours pr\u00eate \u00e0 cueillir \u00ab le myst\u00e8re en fleurs \u00bb. Celui qu'on a trop souvent d\u00e9peint comme un va-t-en guerre ne manque rien de la terrible r\u00e9alit\u00e9. Pontife et araign\u00e9e, il tisse les liens qui le retiennent en haut et en bas, impuissants cependant \u00e0 le d\u00e9tourner de son destin tragique.\r\nClaude Debon Professeur \u00e9m\u00e9rite \u00e0 l'universit\u00e9 de la Sorbonne Nouvelle, ancienne \u00e9l\u00e8ve de l'ENS, sp\u00e9cialiste de l'oeuvre de Guillaume Apollinaire, Claude Debon lui a consacr\u00e9 plusieurs ouvrages, dont Claude Debon commente \u00ab Calligrammes \u00bb (Gallimard, 2004).","authors":["Guillaume Apollinaire"],"category_codes":["1000000","1090000"],"visuals":{"large":"https:\/\/images.epagine.fr\/216\/9782378960216_1_75.jpg","medium":"https:\/\/images.epagine.fr\/216\/9782378960216_1_m.jpg","thumbnail":"https:\/\/images.epagine.fr\/216\/9782378960216_1_v.jpg"},"orderable":true,"show_badge":true,"formatted_price":"30,00&nbsp;\u20ac","formatted_published_date":"19 octobre 2018","publisher_availability_label":"Sur commande","short_details":"Guillaume Apollinaire \u2014 Les presses du r\u00e9el","translator":null,"weight":500,"page_count":512,"readership":null,"editor":"Les presses du r\u00e9el","price":3000,"published_date":"2018-10-18T22:00:00.000000Z","support":"Grand format","publisher_availability":1,"stock":0,"editions":[],"url":"https:\/\/quaidesbrumes.com\/ouvrage\/9782378960216\/poemes-en-guerre-31-juillet-1914-9-novembre-1918"},{"id":"9791042504489","title":"J'\u00e9cris : Recueil de po\u00e8mes chim\u00e9riques","description":"\u00ab Mon \u00e9quilibre se construit sur cela m\u00eame qui me d\u00e9truit Ma propre force est ma faiblesse Ma seule urgence cr\u00e9e ma richesse \u00bb Daniel Okroglic, po\u00e8te de l'ultime Anim\u00e9 par \u00ab ce danger permanent qui (lui) dit d'avancer \u00bb, Daniel Okroglic \u00e9crit dans l'urgence des po\u00e8mes de r\u00e9sistance, des po\u00e8mes de combat. Ces po\u00e8mes sont des ripostes \u00e0 une grave maladie orpheline, le syndrome de Mac Leod qui a fait du patient un humain puis un po\u00e8te atypique. Car ce qui touche chez lui au-del\u00e0 de sa carte g\u00e9n\u00e9tique, c'est son humanit\u00e9. L'\u00e9criture vient \u00e0 Daniel Okroglic tel un don du ciel, alors que la maladie se fait de plus en plus pr\u00e9sente en lui.\r\n","authors":["Daniel Okroglic"],"category_codes":["1000000","1090000","1090600"],"visuals":{"large":"https:\/\/images.epagine.fr\/489\/9791042504489_1_75.jpg","medium":"https:\/\/images.epagine.fr\/489\/9791042504489_1_m.jpg","thumbnail":"https:\/\/images.epagine.fr\/489\/9791042504489_1_v.jpg"},"orderable":true,"show_badge":true,"formatted_price":"17,00&nbsp;\u20ac","formatted_published_date":"28 mai 2024","publisher_availability_label":"Sur commande","short_details":"Daniel Okroglic \u2014 Editions Ma\u00efa","translator":null,"weight":350,"page_count":80,"readership":null,"editor":"Editions Ma\u00efa","price":1700,"published_date":"2024-05-27T22:00:00.000000Z","support":"Grand format","publisher_availability":1,"stock":0,"editions":[],"url":"https:\/\/quaidesbrumes.com\/ouvrage\/9791042504489\/jecris-recueil-de-poemes-chimeriques"},{"id":"9782900614174","title":"D\u00e9plier les jours","description":"D\u00e9plier les jours est un voyage po\u00e9tique inoubliable qui vous fera r\u00eaver, et vibrer au rythme de l'universalit\u00e9 de l'exp\u00e9rience humaine. \u00c0 l'aube, servez-vous une tisane, asseyez-vous confortablement et plongez dans ce recueil captivant.\r\nLaissez-vous emporter par cette voix po\u00e9tique, singuli\u00e8re, qui c\u00e9l\u00e8bre la diversit\u00e9 et la richesse de notre monde. Une invitation \u00e0 l'\u00e9vasion, \u00e0 la d\u00e9couverte et \u00e0 l'\u00e9merveillement \u00e0 travers les mots et les images qui transcendent les fronti\u00e8res et les diff\u00e9rences.\r\n\r\nOn cherche longtemps ce que le voyage a emmen\u00e9, d\u00e9plac\u00e9, ce qui r\u00e9sonne ici de l\u00e0-bas. On est l\u00e0 mais pas tout \u00e0 fait, comme le monde, incertain. Reste \u00e0 tracer l'itin\u00e9raire dans les souvenirs, \u00e9clairer l'exp\u00e9rience.\r\n\r\nOn part pour r\u00eaver, mais aussi\r\nPour arr\u00eater de r\u00eaver.\r\n\r\nEt puis, l'envie glissante d'\u00e9crire ce que raconte le voyage, laisser venir les images. \u00c9crire depuis l'\u00e9cart n\u00e9 avec les choses du quotidien, m\u00e9langer les pourquoi et les hasards et un jour m\u00e9langer les souvenirs. Dire le temps agrandi sur le bitume sec, les passages de lumi\u00e8re dans les branches nues, les bruits chauds de l'\u00e9t\u00e9 qui all\u00e8gent tout et le soleil qui toujours, revient br\u00fbler la neige","authors":["Ga\u00eblle Aubin"],"category_codes":["1000000","1090000"],"visuals":{"large":"https:\/\/images.epagine.fr\/174\/9782900614174_1_75.jpg","medium":"https:\/\/images.epagine.fr\/174\/9782900614174_1_m.jpg","thumbnail":"https:\/\/images.epagine.fr\/174\/9782900614174_1_v.jpg"},"orderable":true,"show_badge":true,"formatted_price":"14,00&nbsp;\u20ac","formatted_published_date":"14 juillet 2024","publisher_availability_label":"Sur commande","short_details":"Ga\u00eblle Aubin \u2014 La Kainfristanaise","translator":null,"weight":95,"page_count":98,"readership":null,"editor":"La Kainfristanaise","price":1400,"published_date":"2024-07-13T22:00:00.000000Z","support":"Grand format","publisher_availability":1,"stock":0,"editions":[],"url":"https:\/\/quaidesbrumes.com\/ouvrage\/9782900614174\/deplier-les-jours"},{"id":"9782924397817","title":"Te dire o\u00f9","description":"Apr\u00e8s Ce qui existe entre nous, ouvrage collectif dans lequel elle f\u00e9d\u00e9rait des voix de femmes autour de la question du lieu, la po\u00e8te Sara Dignard se lance en qu\u00eate de ses origines. Sur les traces de sa m\u00e8re et de sa grand-m\u00e8re qui s'est suicid\u00e9e avant sa naissance, Sara Dignard interroge son propre rapport \u00e0 la maternit\u00e9 et \u00e0 l'\u00e9puisement du corps et de l'esprit. Un second recueil d'une grande maturit\u00e9, qui rel\u00e8ve haut la main le pari de la mise en danger, et ose, sans pathos, parler d'anxi\u00e9t\u00e9 et de transmission interg\u00e9n\u00e9rationnelle.","authors":["Sara Dignard"],"category_codes":["1000000","1090000","1090600"],"visuals":{"large":"https:\/\/images.epagine.fr\/817\/9782924397817_1_75.jpg","medium":"https:\/\/images.epagine.fr\/817\/9782924397817_1_m.jpg","thumbnail":"https:\/\/images.epagine.fr\/817\/9782924397817_1_v.jpg"},"orderable":true,"show_badge":true,"formatted_price":"14,00&nbsp;\u20ac","formatted_published_date":"14 janvier 2021","publisher_availability_label":"Sur commande","short_details":"Sara Dignard \u2014 DU PASSAGE","translator":null,"weight":104,"page_count":74,"readership":null,"editor":"DU PASSAGE","price":1400,"published_date":"2021-01-13T23:00:00.000000Z","support":"Grand format","publisher_availability":1,"stock":0,"editions":[],"url":"https:\/\/quaidesbrumes.com\/ouvrage\/9782924397817\/te-dire-ou"},{"id":"9782757005231","title":"Avant cela il y avait l'ombre","description":"Maria Jo\u00e3o Cantinho ose et passe au-del\u00e0 de la lumi\u00e8re, voici ce qu'elle nous dit : la femme avance, et l'homme devra courir pour ne pas se laisser distancer.\r\n\r\nLa femme conna\u00eet le bruit\r\ndu coeur de la terre,\r\n\u00e9coute la parole des arbres, le saut du tigre.\r\nEt elle sait que seule la danse\r\nsauve le cri. Elle lutte.\r\nLe corps d\u00e9sarm\u00e9 et nu, \r\nla chanson sauvage\r\nqui na\u00eet d'elle-m\u00eame,\r\ndans son refus d\u00e9sempar\u00e9. Elle danse.\r\n\r\nle mot de l'\u00e9diteur\r\nUn souffle venu du fond des \u00e2ges balaie les immenses \u00e9tendues de ses po\u00e8mes. Elle ose le lyrisme, il y a du Victor Hugo dans la vibration de sa voix, on entend, dans les vagues de ses vers \u00e9nergiques, l'Oc\u00e9an qui frappe et les \u00e2mes et la c\u00f4te. \u00c9coutez cette voix chaude qui murmure son amour de la vie avec une telle intensit\u00e9 que les derni\u00e8res \u00e9toiles pourraient l'entendre.","authors":["Cantinho Maria Joao"],"category_codes":["1000000","1090000"],"visuals":{"large":"https:\/\/images.epagine.fr\/231\/9782757005231_1_75.jpg","medium":"https:\/\/images.epagine.fr\/231\/9782757005231_1_m.jpg","thumbnail":"https:\/\/images.epagine.fr\/231\/9782757005231_1_v.jpg"},"orderable":true,"show_badge":true,"formatted_price":"15,00&nbsp;\u20ac","formatted_published_date":"15 juillet 2024","publisher_availability_label":"Sur commande","short_details":"Cantinho Maria Joao \u2014 Jacques Andre","translator":null,"weight":164,"page_count":134,"readership":null,"editor":"Jacques Andre","price":1500,"published_date":"2024-07-14T22:00:00.000000Z","support":"Grand format","publisher_availability":1,"stock":0,"editions":[],"url":"https:\/\/quaidesbrumes.com\/ouvrage\/9782757005231\/avant-cela-il-y-avait-lombre"},{"id":"9782355772733","title":"La petite ouvri\u00e8re m\u00e9tisse","description":"La po\u00e9sie pour retrouver l'\u00e9motion qui nous a travers\u00e9s la premi\u00e8re fois que nous avons \u00e9cout\u00e9 telle strophe Dans le recueil de po\u00e8mes La petite ouvri\u00e8re m\u00e9tisse, Sandrine-Malika Charlemagne rend hommage aux femmes qui occupent un r\u00f4le essentiel dans les soci\u00e9t\u00e9s, mais qui sont souvent les premi\u00e8res victimes de guerres, de crimes, de viols ou de dogmes. Elle exhorte ses soeurs \u00e0 revendiquer leurs droits, \u00e0 acqu\u00e9rir la force d'une d\u00e9esse mythique. Son chant d'amour pour le f\u00e9minin prend parfois une dimension sensuelle et s'associe \u00e0 la c\u00e9l\u00e9bration d'un orient imagin\u00e9 et r\u00eav\u00e9.  Emprunts de lyrisme antique, ses vers convoquent des figures mythologiques comme les Als\u00e9ides, les H\u00e9liades, les M\u00e9nades... L'ouvrage pr\u00e9sente \u00e9galement des aspects militants :  l'auteure c\u00e9l\u00e8bre ses origines rurales ; loue le courage de ses fr\u00e8res \u00e9crou\u00e9s par la mis\u00e8re tandis qu'elle bl\u00e2me la tyrannie sous toutes ses formes.  Le recueil se compose de strophes en vers et se termine par un portrait en prose. La po\u00e9sie de Sandrine-Malika Charlemagne est fond\u00e9e sur le chant de la parole incantatoire o\u00f9 se m\u00eale mystique et impressions profanes. Librement inspir\u00e9 des ghazals orientaux, l'ouvrage est souvent parcouru d'anaphores aux allures de refrains venant rythmer et teinter les po\u00e8mes de sonorit\u00e9s musicales.   Extrait 1 :  \u00ab Moi j'ouvre grand la bouche Attendant qu'on vienne la recouvrir de feuilles d'eucalyptus Moi qui voudrais m'arracher la peau pour en rev\u00eatir une nouvelle Moi qui voudrais me terrer dans le sable br\u00fblant du d\u00e9sert O\u00f9 l'on gu\u00e9rit dit-on de ses maladies Moi qui voudrais pour l'\u00e9ternit\u00e9 que quelqu'un baise et s\u00e8che mes larmes Moi qui voudrais conna\u00eetre les noms de tous les parfums de l'Orient \u00bb Extrait 2 :  \u00ab Femmes... de toutes origines... Sortez vos miroirs de poche Maquillez vos l\u00e8vres de rouge Ici devant l'entr\u00e9e d'un commerce Ou l\u00e0 sous le d\u00f4me ocre d'une mosqu\u00e9e Lancez-vous dans la lumi\u00e8re sortie de son \u00e9crin Jetez vos bijoux sur le front des hommes Offrez au vent la cambrure de vos reins La mer a faim de vous, plongez-y nues Ne rasez les murs d'aucune cit\u00e9 Tant que votre beaut\u00e9 n'y sera c\u00e9l\u00e9br\u00e9e \u00bb Extrait 3 : \u00ab Aime-moi, \u00f4 lumi\u00e8re blanche d'Alg\u00e9rie Aime-moi et br\u00fble mon front, mes l\u00e8vres, ma gorge Mes seins, mon ventre, mon sexe, br\u00fble-moi Je veux conna\u00eetre les germes de cette terre \u00bb","authors":["Sandrine-Malika Charlemagne"],"category_codes":["1000000","1090000","1090600"],"visuals":{"large":"https:\/\/images.epagine.fr\/733\/9782355772733_1_75.jpg","medium":"https:\/\/images.epagine.fr\/733\/9782355772733_1_m.jpg","thumbnail":"https:\/\/images.epagine.fr\/733\/9782355772733_1_v.jpg"},"orderable":true,"show_badge":true,"formatted_price":"13,00&nbsp;\u20ac","formatted_published_date":"26 janvier 2023","publisher_availability_label":"Sur commande","short_details":"Sandrine-Malika Charlemagne \u2014 La Rumeur Libre","translator":null,"weight":100,"page_count":72,"readership":null,"editor":"La Rumeur Libre","price":1300,"published_date":"2023-01-25T23:00:00.000000Z","support":"Grand format","publisher_availability":1,"stock":0,"editions":[],"url":"https:\/\/quaidesbrumes.com\/ouvrage\/9782355772733\/la-petite-ouvriere-metisse"},{"id":"9782490628360","title":"MOUVEMENTS : Po\u00e9sies","description":"Mouvements d'un temps de ma vie.\r\nRegard de la beaut\u00e9 de mes exp\u00e9riences,\r\nde ma passion pour l'\u00eatre, l'humain en po\u00e9sie.\r\nUne danse entre les corps et la t\u00eate.\r\nDes mots de remerciements et d'envies.\r\nDes mots qui aiment et qui s\u00e8ment.\r\nDes r\u00e9flexions sinc\u00e8res, sondent\r\nune construction de soi dans un monde\r\naux bouleversements entre l'homme et la terre.","authors":["Luna Guenard"],"category_codes":["1000000","1090000","1090600"],"visuals":{"large":"https:\/\/images.epagine.fr\/360\/9782490628360_1_75.jpg","medium":"https:\/\/images.epagine.fr\/360\/9782490628360_1_m.jpg","thumbnail":"https:\/\/images.epagine.fr\/360\/9782490628360_1_v.jpg"},"orderable":true,"show_badge":true,"formatted_price":"12,00&nbsp;\u20ac","formatted_published_date":"4 avril 2023","publisher_availability_label":"Sur commande","short_details":"Luna Guenard \u2014 Hey","translator":null,"weight":125,"page_count":60,"readership":null,"editor":"Hey","price":1200,"published_date":"2023-04-03T22:00:00.000000Z","support":"Grand format","publisher_availability":1,"stock":0,"editions":[],"url":"https:\/\/quaidesbrumes.com\/ouvrage\/9782490628360\/mouvements-poesies"},{"id":"9782493049414","title":"L'achitecture verbale","description":"L'Architecture Verbale est un recueil de po\u00e9sie o\u00f9 les mots \u00e9mergent du chaos, cr\u00e9ant des images, lib\u00e9rant l'expression. Ces textes, puis\u00e9s dans l'actualit\u00e9, la vie quotidienne, les amours contrari\u00e9es et les voyages imaginaires de l'auteur, prennent une forme po\u00e9tique selon une ligne architecturale, sobre et \u00e9quilibr\u00e9e.  N\u00e9 \u00e0 St-Girons, Pierre Melendez vit aujourd'hui en famille \u00e0 Artagnan. Auteur de dizaines de textes de chansons, \u00e9crivain public \u00e0 l'occasion, un temps correspondant de presse au quotidien Sud-Ouest, il \u00e9crit d\u00e9sormais des romans, des nouvelles mais principalement des po\u00e9sies ! \u00ab Po\u00e8te associ\u00e9 \u00bb du Th\u00e9\u00e2tre des 7 Chandelles, il est membre actif des \u00e9ditions Arcane 17 depuis 2021 et ses Chemins de l'exil. Apr\u00e8s sa participation aux Nouvelles d'Ovalie (2023), Pierre nous propose L'Architecture verbale. ","authors":["Pierre Melendez"],"category_codes":["1000000","1090000"],"visuals":{"large":"https:\/\/images.epagine.fr\/414\/9782493049414_1_75.jpg","medium":"https:\/\/images.epagine.fr\/414\/9782493049414_1_m.jpg","thumbnail":"https:\/\/images.epagine.fr\/414\/9782493049414_1_v.jpg"},"orderable":true,"show_badge":true,"formatted_price":"13,00&nbsp;\u20ac","formatted_published_date":"20 juin 2024","publisher_availability_label":"Sur commande","short_details":"Pierre Melendez \u2014 ARCANE 17","translator":null,"weight":160,"page_count":142,"readership":null,"editor":"ARCANE 17","price":1300,"published_date":"2024-06-19T22:00:00.000000Z","support":"Grand format","publisher_availability":1,"stock":0,"editions":[],"url":"https:\/\/quaidesbrumes.com\/ouvrage\/9782493049414\/lachitecture-verbale"},{"id":"9782386481581","title":"La Minute Client...!","description":"\"\"\"Durant 14 ann\u00e9es, St\u00e9phanie et Bruno, g\u00e9rants au Restaurant le Belem \u00e0 Port-M\u00e9doc ont relev\u00e9 puis s\u00e9lectionn\u00e9 une s\u00e9rie d'anecdotes, toutes v\u00e9ritables et v\u00e9cues, toutes hilarantes et \u00e9tonnantes sur leur relation avec la client\u00e8le et le personnel.\r\nQue ce soit en famille , avec des amis, pour le travail ou pour le plaisir, le restaurant reste le lieu de partage pr\u00e9f\u00e9r\u00e9 des Fran\u00e7ais.\r\nCe livre aura sans aucun doute la facult\u00e9 de vous ressasser des souvenirs tir\u00e9s de votre exp\u00e9rience personnelle. \r\nIl vous fera passer par plusieurs sentiments que vous ne pourrez contr\u00f4ler.\r\nHilares vous boirez ces quelques lignes en vous demandant comment est ce possible ,puis la seconde suivante vous esquisserez un sourire en coin  en vous disant \"\"\"\"Mais c'est moi \u00e7a\"\"\"\"!.\r\nOui Mesdames et Messieurs nous avons tous notre MINUTE CLIENT et ce qui fait de nous tous des \u00eatres uniques et exceptionnels.\r\n Bonne lecture.\"\"\"","authors":["Bruno Lei Eva De Toques De Restauration"],"category_codes":["1000000","1090000","1090600"],"visuals":{"large":"https:\/\/images.epagine.fr\/581\/9782386481581_1_75.jpg","medium":"https:\/\/images.epagine.fr\/581\/9782386481581_1_m.jpg","thumbnail":"https:\/\/images.epagine.fr\/581\/9782386481581_1_v.jpg"},"orderable":true,"show_badge":true,"formatted_price":"20,20&nbsp;\u20ac","formatted_published_date":"20 juin 2024","publisher_availability_label":"Sur commande","short_details":"Bruno Lei Eva De Toques De Restauration \u2014 POESIE IO","translator":null,"weight":120,"page_count":80,"readership":null,"editor":"POESIE IO","price":2020,"published_date":"2024-06-19T22:00:00.000000Z","support":"Grand format","publisher_availability":1,"stock":0,"editions":[],"url":"https:\/\/quaidesbrumes.com\/ouvrage\/9782386481581\/la-minute-client"},{"id":"9782386481598","title":"Trois vies de femmes","description":"\"Trois vies de femmes est un recueil en trois parties.\r\nLa premi\u00e8re, N\u00e9gresse, \u00e9voque mes origines antillaises. L'esclavage pr\u00e9sent, car il est impossible de conna\u00eetre la Martinique sans parler de son histoire tout comme il est difficile de me conna\u00eetre sans savoir d'o\u00f9 je viens.\r\nDans la seconde, Tunnel, je relate une autre vie. Celle d'une femme malmen\u00e9e, \u00e0 travers le prisme de ses ressentis : sid\u00e9ration, acceptation, d\u00e9go\u00fbt, tristesse et r\u00e9demption.\r\nLa troisi\u00e8me partie, C'est tout un art, est plus initiatique. Il s'agit de po\u00e9tiser une renaissance \u00e0 travers des situations de la vie courante, r\u00e9elles ou fantasm\u00e9es; qu'il s'agisse d'amour, de sexualit\u00e9, de rupture ou d'amiti\u00e9.\r\nCe projet s'inscrit dans une d\u00e9marche r\u00e9fl\u00e9chie et choisie : m'int\u00e9resser aux femmes ainsi qu'aux hommes qui les aiment.\"","authors":["Magali Collet"],"category_codes":["1000000","1090000","1090600"],"visuals":{"large":"https:\/\/images.epagine.fr\/598\/9782386481598_1_75.jpg","medium":"https:\/\/images.epagine.fr\/598\/9782386481598_1_m.jpg","thumbnail":"https:\/\/images.epagine.fr\/598\/9782386481598_1_v.jpg"},"orderable":true,"show_badge":true,"formatted_price":"18,00&nbsp;\u20ac","formatted_published_date":"20 juin 2024","publisher_availability_label":"Sur commande","short_details":"Magali Collet \u2014 POESIE IO","translator":null,"weight":130,"page_count":90,"readership":null,"editor":"POESIE IO","price":1800,"published_date":"2024-06-19T22:00:00.000000Z","support":"Grand format","publisher_availability":1,"stock":0,"editions":[],"url":"https:\/\/quaidesbrumes.com\/ouvrage\/9782386481598\/trois-vies-de-femmes"},{"id":"9789931468561","title":"Po\u00e8mes en archipel","description":"SEPT QUESTIONS A FREDERIC JACQUES TEMPLE\r\n\r\n\r\n\r\n1\/ Une autobiographie en quelques mots.\r\n\r\nN\u00e9 \u00e0 Montpellier en 1921, en plein mois d'ao\u00fbt, un matin d'orage, j'ai pass\u00e9 ma jeunesse entre le Larzac ancestral et les marais en bordure de la mer o\u00f9 je jouais avec les dauphins. J'ai pass\u00e9 de nombreuses et grandes heures dans les roseli\u00e8res avec les oiseaux migrateurs, parmi les arbustes et chardons des Grands Causses, dans les grottes et les avens. Les ann\u00e9es scolaires m'ont permis de parler grec et latin, de chanter le gr\u00e9gorien, de jouer au football, de jardiner et de puiser dans les armoires \u00e0 livres du pensionnat pour d\u00e9couvrir Jules Verne, Chateaubriand, Jack London, Hom\u00e8re, Saadi, Fenimore Cooper, Omar Khayy\u00e2m ou Fran\u00e7ois Villon. Ce fut ensuite, en 1942, l'Alg\u00e9rie et la d\u00e9couverte du grand d\u00e9sert, mon r\u00eave obsessionnel depuis la lecture du M\u00e9har\u00e9es de Th\u00e9odore Monod ; la guerre, de 1943 \u00e0 1945, en Tunisie, Italie, France et Allemagne qui m'isola du monde ; puis le Maroc en 1947, pour un journalisme \u00e9ph\u00e9m\u00e8re ; de 1948 \u00e0 1954, agent commercial d'une compagnie p\u00e9troli\u00e8re ; et enfin, responsable pour le Languedoc-Roussillon de la Radio et de la T\u00e9l\u00e9vision. J'ai voyag\u00e9 : s\u00e9jours au Qu\u00e9bec, aux \u00c9tats-Unis, au Mexique, au Br\u00e9sil ; nomadisme dans toute l'Europe et en Alg\u00e9rie, Maroc, Cap Vert... En 2008, j'ai quitt\u00e9 ma ville natale pour un village entour\u00e9 d'oliviers. Dans le jardin, se plaignent des tourterelles, fol\u00e2trent m\u00e9sanges, bergeronnettes et rouges-queues, se tra\u00eene all\u00e8grement une tortue sous le regard \u00e9bahi d'un chat \u00e9thiopien.\r\n\r\n\r\n\r\n2\/ Comment r\u00e9pondre \u00e0 une injonction brusque : \u00ab D\u00e9finissez la po\u00e9sie. \u00bb\r\n\r\nLa bonne r\u00e9ponse, la plus courte, on la doit \u00e0 un po\u00e8te britannique, Robert Browning, je crois : Si on ne me le demande pas, je le sais ; si on me le demande, je ne le sais plus. On peut citer aussi Walt Whitman qui d\u00e9clare dans son Journal : Je n'aurai pas la t\u00e9m\u00e9rit\u00e9, ici ni ailleurs, dans un but personnel ou dans quelque but que ce soit, de chercher \u00e0 d\u00e9finir la po\u00e9sie, r\u00e9pondre \u00e0 la question : Qu'est-ce que la po\u00e9sie ? ... Aucune des d\u00e9finitions qui en ont \u00e9t\u00e9 offertes n'embrasse suffisamment, \u00e0 mon avis, le mot Po\u00e9sie. J'ai r\u00e9pondu, voil\u00e0 d\u00e9j\u00e0 longtemps, que si j'\u00e9cris de la po\u00e9sie, c'est, faute de mieux, pour trouver un refuge, pour remplacer un paradis condamn\u00e9 d\u00e8s l'aube du temps \u00e0 \u00eatre perdu.\r\n\r\n\r\n\r\n3\/ Prose et po\u00e9sie, la distinction a-t-elle un sens ?\r\n\r\nAvant de recevoir l'alphabet, donc de lire et d'\u00e9crire, l'homme, qui n'\u00e9tait pas encore sapiens, bredouillait, hurlait, chantait, g\u00e9missait. La musique de la voix \u00e9tait son premier moyen d'expression, avec la peinture. L'oral fut longtemps souverain. L'\u00e9criture vint donner une forme \u00e0 la voix, pour transmettre et conserver les fruits de l'esprit. Pour soutenir la m\u00e9moire, l'a\u00e8de inventa la versification, c'est-\u00e0-dire la r\u00e8gle, la cadence, le rythme, pour le meilleur et pour le pire. La prose vint cohabiter avec la po\u00e9sie. Il y eut des mariages, des m\u00e9tis, \u00e0 l'insu ou non des parents, et souvent \u00e0 contre-coeur. Le vers devenant une prose au pas cadenc\u00e9, la prose empruntant \u00e0 la po\u00e9sie un plus haut langage.\r\n\r\n \r\n\r\n4\/ De la forme (et du formel) en temps de crise.\r\n\r\nLa crise n'est-elle pas l'\u00e9tat constant en ce monde ? Que ce soit en \u00e9conomie, en g\u00e9opolitique ou en litt\u00e9rature. Si on oubliait les pr\u00e9occupations formelles en temps de crise au profit de pr\u00e9occupations \u00ab plus urgentes \u00bb il n'y aurait plus de po\u00e9sie, ni d'art en g\u00e9n\u00e9ral depuis longtemps. De toute fa\u00e7on, c'est la forme qui fait le fond.\r\n\r\n\r\n\r\n5\/ Quel avenir pour la po\u00e9sie ?\r\n\r\nL'avenir de la po\u00e9sie est li\u00e9 \u00e0 celui de la Terre, \u00e0 moins qu'elle soit pr\u00e9sente dans un autre coin de l'univers. Notre plan\u00e8te finira par exploser dans la profondeur de l'ab\u00eeme du temps. Ce sera \u00ab adieu \u00bb et non \u00ab au-revoir \u00bb. On peut lire, souvent, dans des revues et des journaux ce genre de question : La po\u00e9sie sauvera-t-elle le monde ?  Ou, ce qui est pire, cette phrase imbue de son bien fond\u00e9 : La po\u00e9sie sauvera le monde. Elle aurait pu le faire depuis des milliers d'ann\u00e9es. Comme je l'ai d\u00e9j\u00e0 dit plus haut, ce sont les humains qui ont invent\u00e9 la po\u00e9sie, faute de mieux, et elle partage leur destin.\r\n\r\n?\r\n\r\n6\/ La part de la prosodie dans l'\u00e9laboration du po\u00e8me.\r\n\r\nLa prosodie est essentielle pour moi, puisqu'il s'agit de rythme et de m\u00e9lodie et que je travaille surtout \u00e0 l'oreille. Mais si l'on veut donner un sens plus contraignant \u00e0 ce terme, alors je m'en d\u00e9solidarise.\r\n\r\n\r\n\r\n7\/ La place de la traduction dans l'\u00e9criture po\u00e9tique.\r\n\r\nD'abord, \u00e9crire c'est traduire, se traduire. La main, ce merveilleux instrument, mat\u00e9rialise et fixe ce que lui fournit l'esprit. Et si on traduit ce que les autres \u00e9crivent dans le monde entier, c'est pour ouvrir des routes inconnues, et aussi pour se retrouver ailleurs autrement, comparer, emprunter, \u00e9changer. Ainsi, lorsque je traduis un po\u00e8te \u00e9tranger, je puise dans sa langue de quoi abreuver la mienne, au point de pouvoir affirmer que le po\u00e8me que j'ai traduit est devenu le mien puisqu'il   est d\u00e9sormais dans ma langue, donc un texte original. Et s'il arrivait que le po\u00e8te en question traduise ma version de son po\u00e8me, cela donnerait encore une oeuvre nouvelle.","authors":["Fr\u00e9d\u00e9ric Jacques Temple"],"category_codes":["1000000","1090000","1090600"],"visuals":{"large":"https:\/\/images.epagine.fr\/561\/9789931468561_1_75.jpg","medium":"https:\/\/images.epagine.fr\/561\/9789931468561_1_m.jpg","thumbnail":"https:\/\/images.epagine.fr\/561\/9789931468561_1_v.jpg"},"orderable":true,"show_badge":true,"formatted_price":"13,00&nbsp;\u20ac","formatted_published_date":"1er mars 2019","publisher_availability_label":"Sur commande","short_details":"Fr\u00e9d\u00e9ric Jacques Temple \u2014 Apic Editions","translator":null,"weight":125,"page_count":124,"readership":null,"editor":"Apic Editions","price":1300,"published_date":"2019-02-28T23:00:00.000000Z","support":"Grand format","publisher_availability":1,"stock":0,"editions":[],"url":"https:\/\/quaidesbrumes.com\/ouvrage\/9789931468561\/poemes-en-archipel"},{"id":"9789969525113","title":"Retours de lignes","description":"SEPT QUESTIONS A HELENE TYRTOFF  \r\n\r\n\r\n\r\n1\/ Une autobiographie en quelques mots.\r\n\r\n\r\n\r\nMon \u00e9criture est lente et fragile, je cherche \u00e0 privil\u00e9gier ce qui s'av\u00e8re compatible avec elle dans ma vie, avec patience, plut\u00f4t retir\u00e9e. La pratique du taichi chuan en fait partie.\r\n\r\nIl y a eu des silences, comme celui qui a pr\u00e9c\u00e9d\u00e9 mon d\u00e9part de r\u00e9gion parisienne pour le Luxembourg - d'o\u00f9 entre-temps, apr\u00e8s dix ans, je suis revenue mais avec lequel j'ai conserv\u00e9 des liens importants. Le plurilinguisme du pays a jou\u00e9 comme catalyseur de mon \u00e9criture po\u00e9tique. J'y vois le germe dans ma langue \u00ab manquante \u00bb, celle de mon ascendance paternelle russe, non transmise mais marqu\u00e9e dans l'intime par des v\u00e9cus apatrides. \r\n\r\nChercher \u00e0 \u00e9tranger l'\u00e9criture retrouv\u00e9e ?\r\n\r\n   \r\n\r\n2\/ Comment r\u00e9pondre \u00e0 une injonction brusque : \u00ab D\u00e9finissez la po\u00e9sie. \u00bb\r\n\r\n\r\n\r\nCe serait pour moi une langue revenante, qui op\u00e8re par retours de p\u00e9riples o\u00f9 elle s'est charg\u00e9e d'Autre, reconnu ou non. Non pas reconstituer une m\u00e9moire, mais se projeter vers le futur en invitant limons, fragments, espaces, voix, images, figures, \u00e9v\u00e9nements, id\u00e9es, avec lesquels -et contre, tout autant- composer, avancer \u00e0 vue, \u00e0 t\u00e2tons.. \r\n\r\n\r\n\r\n3\/ Prose et po\u00e9sie, la distinction a-t-elle un sens ?\r\n\r\n\r\n\r\nSi l'on entend prose par d\u00e9roulement narratif en langue de sens commun, voire marqu\u00e9e d'un style personnel, elle peut \u00eatre po\u00e9sie par qualit\u00e9 de stases, ralentissements de lecture avec intensification des intentions, rythmes, sonorit\u00e9s, images, avec pouvoir d'\u00e9nigme parfois dans l'abouchement des mots, unis par vides devenus \u00e9loquents, relay\u00e9s ou non par les blancs de la page. Comme un rayonnement, une densit\u00e9, un changement de fr\u00e9quence.  \r\n\r\n\r\n\r\n4\/ De la forme (et du formel) en temps de crise.\r\n\r\n\r\n\r\nCrise, moment critique, moment d'agir : une forme est \u00e0 inventer, mission par excellence de la po\u00e9sie. Et ce qui peut m\u00eame para\u00eetre impossible \u00e0 \u00e9crire se double de n\u00e9cessit\u00e9. \r\n\r\nAinsi Celan \u00e9crivant dans la langue des bourreaux r\u00e9pond \u00e0 sa mani\u00e8re \u00e0 Adorno sur la barbarie d'\u00e9crire apr\u00e8s Auschwitz.\r\n\r\nPar la po\u00e9sie, tenter d'\u00e9chapper au projet mais pas \u00e0 la structure. Pour le po\u00e8te comme pour le lecteur, la d\u00e9licate et cruelle op\u00e9ration po\u00e9tique \u00e9carte les l\u00e8vres de la plaie, explore, travaille par et dans la langue, m\u00e9tabolise, trouve sa voix\/e sans abandonner le terrain. Elle formule (au sens presque sorcier) sans pourtant rien r\u00e9soudre et se remet sans cesse \u00e0 l'ouvrage.\r\n\r\nLa po\u00e9sie n'est pas \u00e0 chercher dans le message mais peut-\u00eatre pose-t-elle toujours la question-sans-question de Luca : \u00ab Comment s'en sortir sans sortir \u00bb.\r\n\r\n\r\n\r\n5\/ Quel avenir pour la po\u00e9sie ?\r\n\r\n\r\n\r\nQuel peuple, \u00e0 quelle \u00e9poque, n'a pas eu de po\u00e8tes ? Malgr\u00e9 les durcissements autoritaristes de notre monde (sachant que contre cela il y a aussi des po\u00e8tes \u00e0 d\u00e9fendre) la quasi invisibilit\u00e9 m\u00e9diatique et l'extension de la langue utilitaire et communicationnelle, je ne m'inqui\u00e8te pas pour la po\u00e9sie, elle trouvera ses relais. \r\n\r\nDans l'avenir, savoir quels supports et quelles formes elle adoptera...  \r\n\r\n\r\n\r\n6\/ La part de la prosodie dans l'\u00e9laboration du po\u00e8me.\r\n\r\n\r\n\r\nChaque po\u00e8me pour moi rec\u00e8le en lui-m\u00eame ses propres rythmes et ses sonorit\u00e9s, il me faut les manifester, je ne pratique aucun jeu de contrainte.\r\n\r\nCela se pose d'abord mentalement de fa\u00e7on spatiale et sonore. Il s'agit de balayer au radar de l'\u00e9coute un espace int\u00e9rieur vaguement bruissant, de localiser des zones plus denses, plus magn\u00e9tiques, puis projeter \u00e0 la main sur le papier souvent de fa\u00e7on \u00e9parse les sons, les mots venus du bruit de fond, avec le moins possible d'interf\u00e9rences personnelles. Des bribes s'aimantent, s'associent, se condensent sur la page. Se tissent des r\u00e9seaux de sens dans ce brouillage\/d\u00e9brouillage, souvent \u00e0 l'aide de couleurs. \r\n\r\nPo\u00e8me-constellation ? Progressivement l'intention assemble, d\u00e9veloppe et architecture, le diapason int\u00e9rieur m\u00e8ne la danse, allie les motifs et dose les justes perturbations dans l'harmonie. \r\n\r\n\r\n\r\n7\/ La place de la traduction dans l'\u00e9criture po\u00e9tique.\r\n\r\n\r\n\r\nN'\u00e9tant pas traductrice moi-m\u00eame, c'est avec une amie po\u00e8te qui assurait la traduction en anglais de certains de mes po\u00e8mes que s'est pr\u00e9sent\u00e9e l'occasion d'interroger sous un angle nouveau mes propres textes et d'appr\u00e9cier la qualit\u00e9 et l'inventivit\u00e9 des \u00e9quivalents. Je ne peux que r\u00eaver de devenir ainsi passeuse de voix, sauf peut-\u00eatre comme auxiliaire... \r\n\r\nQuant \u00e0 mon \u00e9criture, j'ai le sentiment que depuis toujours elle est travers\u00e9e, infus\u00e9e d'une langue fant\u00f4me qui demande en quelque sorte traduction.\r\n\r\nPlus que des sonorit\u00e9s \u00e9trang\u00e8res ou ma langue familiale non apprise, c'est ce qu'elle charrie pour moi d'\u00e9motions violentes et contradictoires, pi\u00e9geuses et f\u00e9condes, qui anime ce hantement. Une langue qui jamais ne pourrait se conna\u00eetre ni s'apprendre et oeuvre par transparence.\r\n\r\nPlus g\u00e9n\u00e9ralement la po\u00e9sie m'appara\u00eet, comme toute traduction, langue tierce entre notre monde int\u00e9rieur et la r\u00e9alit\u00e9, ni vraiment celle de l'un ni vraiment celle de l'autre, o\u00f9 ils se joignent et se trahissent.","authors":["H\u00e9l\u00e8ne Tyrtoff"],"category_codes":["1000000","1090000","1090600"],"visuals":{"large":"https:\/\/images.epagine.fr\/113\/9789969525113_1_75.jpg","medium":"https:\/\/images.epagine.fr\/113\/9789969525113_1_m.jpg","thumbnail":"https:\/\/images.epagine.fr\/113\/9789969525113_1_v.jpg"},"orderable":true,"show_badge":true,"formatted_price":"15,00&nbsp;\u20ac","formatted_published_date":"1er f\u00e9vrier 2024","publisher_availability_label":"Sur commande","short_details":"H\u00e9l\u00e8ne Tyrtoff \u2014 Apic Editions","translator":null,"weight":200,"page_count":156,"readership":null,"editor":"Apic Editions","price":1500,"published_date":"2024-01-31T23:00:00.000000Z","support":"Grand format","publisher_availability":1,"stock":0,"editions":[],"url":"https:\/\/quaidesbrumes.com\/ouvrage\/9789969525113\/retours-de-lignes"},{"id":"9782849542309","title":"Du corps du po\u00e8te au corps po\u00e9tique : Collectif d'auteurs - Anthologie dirig\u00e9e par Marilyne Bertoncini","description":"4\u00e8 de couverture : Quand j'\u00e9cris, quand je cr\u00e9e o\u00f9 est mon corps ? Une infinit\u00e9 de questions et de positionnements s'offre \u00e0 l'esprit, et les artistes ici r\u00e9unis tentent d'\u00e9baucher cette anatomie-fusion des corps cr\u00e9ateurs et cr\u00e9\u00e9s.","authors":["Bertoncini Marilyne"],"category_codes":["1000000","1090000","1090600"],"visuals":{"large":"https:\/\/images.epagine.fr\/309\/9782849542309_1_75.jpg","medium":"https:\/\/images.epagine.fr\/309\/9782849542309_1_m.jpg","thumbnail":"https:\/\/images.epagine.fr\/309\/9782849542309_1_v.jpg"},"orderable":true,"show_badge":true,"formatted_price":"14,00&nbsp;\u20ac","formatted_published_date":"21 juillet 2024","publisher_availability_label":"Sur commande","short_details":"Bertoncini Marilyne \u2014 Chemins De Plume","translator":null,"weight":190,"page_count":142,"readership":null,"editor":"Chemins De Plume","price":1400,"published_date":"2024-07-20T22:00:00.000000Z","support":"Grand format","publisher_availability":1,"stock":0,"editions":[],"url":"https:\/\/quaidesbrumes.com\/ouvrage\/9782849542309\/du-corps-du-poete-au-corps-poetique-collectif-dauteurs-anthologie-dirigee-par-marilyne-bertoncini"},{"id":"9791090267015","title":"La vie va o\u00f9?...","description":"Mich\u00e8le Guigon m\u00e8ne sa vie comme une (en)qu\u00eate. L'air de rien, ou d'un accord\u00e9on, par petites touches pleines de lucidit\u00e9 et de po\u00e9sie, elle s'interroge et ses questions nous emm\u00e8nent dans un voyage dr\u00f4le et bouleversant. Avec cette nouvelle escale, elle d\u00e9ploie des tr\u00e9sors de d\u00e9licatesse, de subtilit\u00e9, de fantaisie. Comme au sommet d'un art qu'elle peaufine depuis des ann\u00e9es, elle saisit ces brins de vie \u00e0 pleines dents, tire l'extraordinaire de l'ordinaire, met du soleil dans ses interrogations, ses \u00e9motions. L'humour pour balancier, l'accord\u00e9on comme comparse, elle \u00ab funambulise \u00bb sur le fil de la vie et nous fait passer du rire aux larmes. \r\nSpectacle de Mich\u00e8le Guigon, co\u00e9crit avec Susy Firth, mis en sc\u00e8ne par Anne Artigau et Susy Firth.","authors":["Anne Artigau","Susy Firth","Mich\u00e8le Guigon"],"category_codes":["1000000","1090000"],"visuals":{"large":"https:\/\/images.epagine.fr\/015\/9791090267015_1_75.jpg","medium":"https:\/\/images.epagine.fr\/015\/9791090267015_1_m.jpg","thumbnail":"https:\/\/images.epagine.fr\/015\/9791090267015_1_v.jpg"},"orderable":true,"show_badge":true,"formatted_price":"20,00&nbsp;\u20ac","formatted_published_date":"19 ao\u00fbt 2011","publisher_availability_label":"Sur commande","short_details":"Anne Artigau, Susy Firth, Mich\u00e8le Guigon \u2014 CAMINO VERDE","translator":null,"weight":120,"page_count":56,"readership":null,"editor":"CAMINO VERDE","price":2000,"published_date":"2011-08-18T22:00:00.000000Z","support":"Livre + CD Audio","publisher_availability":1,"stock":0,"editions":[],"url":"https:\/\/quaidesbrumes.com\/ouvrage\/9791090267015\/la-vie-va-ou"},{"id":"9791090267022","title":"Pieds nus, traverser mon coeur","description":"Qui a suivi Mich\u00e8le Guigon reconna\u00eet des bribes de sa vie, des histoires, des chemins, des carrefours essentiels sur sa route d'artiste, d'\u00eatre humain ultrasensible. Ici, on ne r\u00e9sumera pas - c'est d'ailleurs impossible - le propos et la mani\u00e8re, pr\u00e9cise, superbe, inattendue et all\u00e8gre en m\u00eame temps, dont l'\u00e9criture se d\u00e9ploie. On ne r\u00e9sumera pas le \u00ab ce que cela raconte \u00bb. Il faut passer cette heure et quelques minutes en compagnie de Mich\u00e8le Guigon. Elle s'adresse \u00e0 nous, elle nous prend \u00e0 t\u00e9moin, elle nous fait partager. On aimerait retenir toutes les phrases tant elles sont belles et inattendues, inventives. L'\u00e9criture, ici, est la puissance premi\u00e8re. Armelle H\u00e9liot - lefigaro.fr Spectacle de Mich\u00e8le Guigon, co\u00e9crit avec Susy Firth et mis en sc\u00e8ne par Anne Artigau.","authors":["Anne Artigau","Susy Firth","Mich\u00e8le Guigon"],"category_codes":["1000000","1090000"],"visuals":{"large":"https:\/\/images.epagine.fr\/022\/9791090267022_1_75.jpg","medium":"https:\/\/images.epagine.fr\/022\/9791090267022_1_m.jpg","thumbnail":"https:\/\/images.epagine.fr\/022\/9791090267022_1_v.jpg"},"orderable":true,"show_badge":true,"formatted_price":"20,00&nbsp;\u20ac","formatted_published_date":"23 mars 2012","publisher_availability_label":"Sur commande","short_details":"Anne Artigau, Susy Firth, Mich\u00e8le Guigon \u2014 CAMINO VERDE","translator":null,"weight":120,"page_count":56,"readership":null,"editor":"CAMINO VERDE","price":2000,"published_date":"2012-03-22T23:00:00.000000Z","support":"Livre + CD Audio","publisher_availability":1,"stock":0,"editions":[],"url":"https:\/\/quaidesbrumes.com\/ouvrage\/9791090267022\/pieds-nus-traverser-mon-coeur"}]}