{"data":[{"id":"9782490185184","title":"Jumeaux mais pas trop","description":null,"authors":["Ryan Allan"],"category_codes":["1000000","1090000","1090600"],"visuals":{"large":"https:\/\/quaidesbrumes.com\/img\/book-placeholder.png","medium":"https:\/\/quaidesbrumes.com\/img\/book-placeholder.png","thumbnail":"https:\/\/quaidesbrumes.com\/img\/book-placeholder.png"},"orderable":true,"show_badge":true,"formatted_price":"14,00&nbsp;\u20ac","formatted_published_date":"16 mars 2019","publisher_availability_label":"Sur commande","short_details":"Ryan Allan \u2014 Atelier Des Noyers","translator":null,"weight":120,"page_count":60,"readership":null,"editor":"Atelier Des Noyers","price":1400,"published_date":"2019-03-15T23:00:00.000000Z","support":"Grand format","publisher_availability":1,"stock":0,"editions":[],"url":"https:\/\/quaidesbrumes.com\/ouvrage\/9782490185184\/jumeaux-mais-pas-trop"},{"id":"9782490185221","title":"Les oublis du vent","description":"Fragments, \u00e9clats de cris et de rires,\r\nEclisses de bois tendres et us\u00e9es\r\nA l'ouest silencieux la vie s'oublie par morceaux.","authors":["Didier Meny","Dan Steffan"],"category_codes":["1000000","1090000"],"visuals":{"large":"https:\/\/quaidesbrumes.com\/img\/book-placeholder.png","medium":"https:\/\/quaidesbrumes.com\/img\/book-placeholder.png","thumbnail":"https:\/\/quaidesbrumes.com\/img\/book-placeholder.png"},"orderable":true,"show_badge":true,"formatted_price":"12,00&nbsp;\u20ac","formatted_published_date":"5 octobre 2019","publisher_availability_label":"Sur commande","short_details":"Didier Meny, Dan Steffan \u2014 Atelier Des Noyers","translator":null,"weight":70,"page_count":72,"readership":null,"editor":"Atelier Des Noyers","price":1200,"published_date":"2019-10-04T22:00:00.000000Z","support":"Grand format","publisher_availability":1,"stock":0,"editions":[],"url":"https:\/\/quaidesbrumes.com\/ouvrage\/9782490185221\/les-oublis-du-vent"},{"id":"9782490185283","title":"Gris de Payne : Gris de Payne","description":null,"authors":["Allan Ryan"],"category_codes":["1000000","1090000","1090600"],"visuals":{"large":"https:\/\/quaidesbrumes.com\/img\/book-placeholder.png","medium":"https:\/\/quaidesbrumes.com\/img\/book-placeholder.png","thumbnail":"https:\/\/quaidesbrumes.com\/img\/book-placeholder.png"},"orderable":true,"show_badge":true,"formatted_price":"15,00&nbsp;\u20ac","formatted_published_date":"15 mars 2000","publisher_availability_label":"Sur commande","short_details":"Allan Ryan \u2014 Atelier Des Noyers","translator":null,"weight":120,"page_count":54,"readership":null,"editor":"Atelier Des Noyers","price":1500,"published_date":"2000-03-14T23:00:00.000000Z","support":"Grand format","publisher_availability":1,"stock":0,"editions":["9782490185825"],"url":"https:\/\/quaidesbrumes.com\/ouvrage\/9782490185283\/gris-de-payne-gris-de-payne"},{"id":"9782490185405","title":"Sur la route...","description":null,"authors":["Christine Brioul","Olivier Delbard"],"category_codes":["1000000","1090000","1090600"],"visuals":{"large":"https:\/\/quaidesbrumes.com\/img\/book-placeholder.png","medium":"https:\/\/quaidesbrumes.com\/img\/book-placeholder.png","thumbnail":"https:\/\/quaidesbrumes.com\/img\/book-placeholder.png"},"orderable":true,"show_badge":true,"formatted_price":"12,00&nbsp;\u20ac","formatted_published_date":"8 juillet 2020","publisher_availability_label":"Sur commande","short_details":"Christine Brioul, Olivier Delbard \u2014 Atelier Des Noyers","translator":null,"weight":62,"page_count":60,"readership":null,"editor":"Atelier Des Noyers","price":1200,"published_date":"2020-07-07T22:00:00.000000Z","support":"Grand format","publisher_availability":1,"stock":0,"editions":[],"url":"https:\/\/quaidesbrumes.com\/ouvrage\/9782490185405\/sur-la-route"},{"id":"9782490185559","title":"Impressions Japon","description":"Aller voir ailleurs.\r\nLoin, tr\u00e8s loin.\r\nItoshima \r\npour un mois.","authors":["Cyrille Faivre","Micha Tauber"],"category_codes":["1000000","1090000","1090600"],"visuals":{"large":"https:\/\/quaidesbrumes.com\/img\/book-placeholder.png","medium":"https:\/\/quaidesbrumes.com\/img\/book-placeholder.png","thumbnail":"https:\/\/quaidesbrumes.com\/img\/book-placeholder.png"},"orderable":true,"show_badge":true,"formatted_price":"14,00&nbsp;\u20ac","formatted_published_date":"1er juin 2021","publisher_availability_label":"Sur commande","short_details":"Cyrille Faivre, Micha Tauber \u2014 Atelier Des Noyers","translator":null,"weight":60,"page_count":24,"readership":null,"editor":"Atelier Des Noyers","price":1400,"published_date":"2021-05-31T22:00:00.000000Z","support":"Grand format","publisher_availability":1,"stock":0,"editions":[],"url":"https:\/\/quaidesbrumes.com\/ouvrage\/9782490185559\/impressions-japon"},{"id":"9782490185641","title":"Sentiers","description":null,"authors":["Jean-Pierre Boulic","Anne Le Ma\u00eetre"],"category_codes":["1000000","1090000","1090600"],"visuals":{"large":"https:\/\/quaidesbrumes.com\/img\/book-placeholder.png","medium":"https:\/\/quaidesbrumes.com\/img\/book-placeholder.png","thumbnail":"https:\/\/quaidesbrumes.com\/img\/book-placeholder.png"},"orderable":true,"show_badge":true,"formatted_price":"12,00&nbsp;\u20ac","formatted_published_date":"25 octobre 2021","publisher_availability_label":"Sur commande","short_details":"Jean-Pierre Boulic, Anne Le Ma\u00eetre \u2014 Atelier Des Noyers","translator":null,"weight":120,"page_count":66,"readership":null,"editor":"Atelier Des Noyers","price":1200,"published_date":"2021-10-24T22:00:00.000000Z","support":"Grand format","publisher_availability":1,"stock":0,"editions":[],"url":"https:\/\/quaidesbrumes.com\/ouvrage\/9782490185641\/sentiers"},{"id":"9782490185542","title":"Les ombres douces","description":null,"authors":["Jean-marie Queneau","Edith De La H\u00e9ronni\u00e8re"],"category_codes":["1000000","1090000","1090600"],"visuals":{"large":"https:\/\/quaidesbrumes.com\/img\/book-placeholder.png","medium":"https:\/\/quaidesbrumes.com\/img\/book-placeholder.png","thumbnail":"https:\/\/quaidesbrumes.com\/img\/book-placeholder.png"},"orderable":true,"show_badge":true,"formatted_price":"15,00&nbsp;\u20ac","formatted_published_date":"25 octobre 2021","publisher_availability_label":"Sur commande","short_details":"Jean-marie Queneau, Edith De La H\u00e9ronni\u00e8re \u2014 Atelier Des Noyers","translator":null,"weight":120,"page_count":44,"readership":null,"editor":"Atelier Des Noyers","price":1500,"published_date":"2021-10-24T22:00:00.000000Z","support":"Grand format","publisher_availability":1,"stock":0,"editions":[],"url":"https:\/\/quaidesbrumes.com\/ouvrage\/9782490185542\/les-ombres-douces"},{"id":"9782490185580","title":"Voyage en pays celte","description":null,"authors":["Olivier Delbard","Henri Vincenot"],"category_codes":["1000000","1090000","1090600"],"visuals":{"large":"https:\/\/quaidesbrumes.com\/img\/book-placeholder.png","medium":"https:\/\/quaidesbrumes.com\/img\/book-placeholder.png","thumbnail":"https:\/\/quaidesbrumes.com\/img\/book-placeholder.png"},"orderable":true,"show_badge":true,"formatted_price":"15,00&nbsp;\u20ac","formatted_published_date":"24 octobre 2021","publisher_availability_label":"Sur commande","short_details":"Olivier Delbard, Henri Vincenot \u2014 Atelier Des Noyers","translator":null,"weight":120,"page_count":44,"readership":null,"editor":"Atelier Des Noyers","price":1500,"published_date":"2021-10-23T22:00:00.000000Z","support":"Grand format","publisher_availability":1,"stock":0,"editions":[],"url":"https:\/\/quaidesbrumes.com\/ouvrage\/9782490185580\/voyage-en-pays-celte"},{"id":"9782490185702","title":"Villa \u00c9mile Meyer","description":"Villa \u00c9mile Meyer\r\nTon souvenir\r\nM\u00e9lancolique \r\nEt doux..","authors":["Guy Bontemps","Claire Delbard"],"category_codes":["1000000","1090000","1090600"],"visuals":{"large":"https:\/\/quaidesbrumes.com\/img\/book-placeholder.png","medium":"https:\/\/quaidesbrumes.com\/img\/book-placeholder.png","thumbnail":"https:\/\/quaidesbrumes.com\/img\/book-placeholder.png"},"orderable":true,"show_badge":true,"formatted_price":"14,00&nbsp;\u20ac","formatted_published_date":"15 f\u00e9vrier 2022","publisher_availability_label":"Sur commande","short_details":"Guy Bontemps, Claire Delbard \u2014 Atelier Des Noyers","translator":null,"weight":90,"page_count":54,"readership":null,"editor":"Atelier Des Noyers","price":1400,"published_date":"2022-02-14T23:00:00.000000Z","support":"Grand format","publisher_availability":1,"stock":0,"editions":[],"url":"https:\/\/quaidesbrumes.com\/ouvrage\/9782490185702\/villa-emile-meyer"},{"id":"9782490185818","title":"L'autre pays","description":"Ce pays, ce n'est pas mon pays.\r\nC'est le pays de mes enfants.\r\nOn y vit d'autres vies, \r\non y fait d'autres r\u00eaves.","authors":["Didier Meny","Dan Stefan"],"category_codes":["1000000","1090000","1090600"],"visuals":{"large":"https:\/\/quaidesbrumes.com\/img\/book-placeholder.png","medium":"https:\/\/quaidesbrumes.com\/img\/book-placeholder.png","thumbnail":"https:\/\/quaidesbrumes.com\/img\/book-placeholder.png"},"orderable":true,"show_badge":true,"formatted_price":"15,00&nbsp;\u20ac","formatted_published_date":"13 septembre 2022","publisher_availability_label":"Sur commande","short_details":"Didier Meny, Dan Stefan \u2014 Atelier Des Noyers","translator":null,"weight":120,"page_count":54,"readership":null,"editor":"Atelier Des Noyers","price":1500,"published_date":"2022-09-12T22:00:00.000000Z","support":"Grand format","publisher_availability":1,"stock":0,"editions":[],"url":"https:\/\/quaidesbrumes.com\/ouvrage\/9782490185818\/lautre-pays"},{"id":"9782490185887","title":"Une ann\u00e9e de cerisier","description":"L'arbre m\u00e9dite en silence\r\nobservant un ciel\r\ntoujours inatteignable","authors":["Christian Sapin"],"category_codes":["1000000","1090000","1090600"],"visuals":{"large":"https:\/\/quaidesbrumes.com\/img\/book-placeholder.png","medium":"https:\/\/quaidesbrumes.com\/img\/book-placeholder.png","thumbnail":"https:\/\/quaidesbrumes.com\/img\/book-placeholder.png"},"orderable":true,"show_badge":true,"formatted_price":"14,00&nbsp;\u20ac","formatted_published_date":"10 d\u00e9cembre 2022","publisher_availability_label":"Sur commande","short_details":"Christian Sapin \u2014 Atelier Des Noyers","translator":null,"weight":65,"page_count":24,"readership":null,"editor":"Atelier Des Noyers","price":1400,"published_date":"2022-12-09T23:00:00.000000Z","support":"Grand format","publisher_availability":1,"stock":0,"editions":[],"url":"https:\/\/quaidesbrumes.com\/ouvrage\/9782490185887\/une-annee-de-cerisier"},{"id":"9782494676091","title":"Amours","description":"Petit \u00e0 petit\r\nJe vais \u00e9couter\r\nObserver\r\nJusqu'\u00e0 plus rien...","authors":["Thomas Pelletier","Mathilde Roy"],"category_codes":["1000000","1090000","1090600"],"visuals":{"large":"https:\/\/images.epagine.fr\/091\/9782494676091_1_75.jpg","medium":"https:\/\/images.epagine.fr\/091\/9782494676091_1_m.jpg","thumbnail":"https:\/\/images.epagine.fr\/091\/9782494676091_1_v.jpg"},"orderable":true,"show_badge":true,"formatted_price":"12,00&nbsp;\u20ac","formatted_published_date":"31 ao\u00fbt 2023","publisher_availability_label":"Sur commande","short_details":"Thomas Pelletier, Mathilde Roy \u2014 Atelier Des Noyers","translator":null,"weight":80,"page_count":46,"readership":null,"editor":"Atelier Des Noyers","price":1200,"published_date":"2023-08-30T22:00:00.000000Z","support":"Grand format","publisher_availability":1,"stock":0,"editions":[],"url":"https:\/\/quaidesbrumes.com\/ouvrage\/9782494676091\/amours"},{"id":"9782494676183","title":"Honky tonk blues","description":"Gaz en but\u00e9e.\r\nJ'ai laiss\u00e9.\r\nUn ciel d'orage.\r\nTirer le rideau.\r\nSur les odeurs.\r\nDe poudre.\r\nEt les soupirs.\r\nDe femmes.","authors":["Pascale Airault","Jean-claude Maille"],"category_codes":["1000000","1090000","1090600"],"visuals":{"large":"https:\/\/images.epagine.fr\/183\/9782494676183_1_75.jpg","medium":"https:\/\/images.epagine.fr\/183\/9782494676183_1_m.jpg","thumbnail":"https:\/\/images.epagine.fr\/183\/9782494676183_1_v.jpg"},"orderable":true,"show_badge":true,"formatted_price":"12,00&nbsp;\u20ac","formatted_published_date":"16 janvier 2024","publisher_availability_label":"Sur commande","short_details":"Pascale Airault, Jean-claude Maille \u2014 Atelier Des Noyers","translator":null,"weight":70,"page_count":48,"readership":null,"editor":"Atelier Des Noyers","price":1200,"published_date":"2024-01-15T23:00:00.000000Z","support":"Grand format","publisher_availability":1,"stock":0,"editions":[],"url":"https:\/\/quaidesbrumes.com\/ouvrage\/9782494676183\/honky-tonk-blues"},{"id":"9782494676251","title":"Au loup","description":"Le loup court\r\net vocalise\r\nil geint g\u00e9mit glapit\r\nil gronde grogne\r\nil jappe\r\nil aboie\r\nil hurle\r\nLe loup hurle avec les loups","authors":["Fabien Bruggmann","Jacques Moulin"],"category_codes":["1000000","1090000","1090600"],"visuals":{"large":"https:\/\/quaidesbrumes.com\/img\/book-placeholder.png","medium":"https:\/\/quaidesbrumes.com\/img\/book-placeholder.png","thumbnail":"https:\/\/quaidesbrumes.com\/img\/book-placeholder.png"},"orderable":true,"show_badge":true,"formatted_price":"14,00&nbsp;\u20ac","formatted_published_date":"26 mai 2024","publisher_availability_label":"Sur commande","short_details":"Fabien Bruggmann, Jacques Moulin \u2014 Atelier Des Noyers","translator":null,"weight":80,"page_count":28,"readership":null,"editor":"Atelier Des Noyers","price":1400,"published_date":"2024-05-25T22:00:00.000000Z","support":"Grand format","publisher_availability":1,"stock":0,"editions":[],"url":"https:\/\/quaidesbrumes.com\/ouvrage\/9782494676251\/au-loup"},{"id":"9782493214034","title":"Pertes et profits","description":"Leontia Flynn nous propose ici un double voyage dans l'Irlande contemporaine et dans son propre pass\u00e9. Sa po\u00e9sie parle de Belfast et de la d\u00e9mence de son p\u00e8re, de version de Catulle et de pr\u00e9carit\u00e9, de guerre et de maternit\u00e9, de crise financi\u00e8re et de ses illusions perdues. Ce recueil nostalgique, plein d'humour et de tendresse, r\u00e9fl\u00e9chit la prose du monde dans une langue virtuose et nerveuse.","authors":["Flynn Leontia"],"category_codes":["1000000","1090000","1090600"],"visuals":{"large":"https:\/\/images.epagine.fr\/034\/9782493214034_1_75.jpg","medium":"https:\/\/images.epagine.fr\/034\/9782493214034_1_m.jpg","thumbnail":"https:\/\/images.epagine.fr\/034\/9782493214034_1_v.jpg"},"orderable":true,"show_badge":true,"formatted_price":"18,00&nbsp;\u20ac","formatted_published_date":"23 juin 2024","publisher_availability_label":"Sur commande","short_details":"Flynn Leontia \u2014 Le Corridor Bleu","translator":null,"weight":200,"page_count":null,"readership":null,"editor":"Le Corridor Bleu","price":1800,"published_date":"2024-06-22T22:00:00.000000Z","support":"Grand format","publisher_availability":1,"stock":0,"editions":[],"url":"https:\/\/quaidesbrumes.com\/ouvrage\/9782493214034\/pertes-et-profits"},{"id":"9782490185085","title":"Blanc comme la neige","description":null,"authors":["Anne Le Ma\u00eetre"],"category_codes":["1000000","1090000","1090600"],"visuals":{"large":"https:\/\/quaidesbrumes.com\/img\/book-placeholder.png","medium":"https:\/\/quaidesbrumes.com\/img\/book-placeholder.png","thumbnail":"https:\/\/quaidesbrumes.com\/img\/book-placeholder.png"},"orderable":true,"show_badge":true,"formatted_price":"15,00&nbsp;\u20ac","formatted_published_date":"1er septembre 2018","publisher_availability_label":"Sur commande","short_details":"Anne Le Ma\u00eetre \u2014 Atelier Des Noyers","translator":null,"weight":120,"page_count":54,"readership":null,"editor":"Atelier Des Noyers","price":1500,"published_date":"2018-08-31T22:00:00.000000Z","support":"Grand format","publisher_availability":1,"stock":0,"editions":[],"url":"https:\/\/quaidesbrumes.com\/ouvrage\/9782490185085\/blanc-comme-la-neige"},{"id":"9782490185511","title":"Le dit des passeroses","description":"Demandez-nous\r\nLe poids du temps\r\nLe prix du vent\r\nEt des orages....\r\n\r\nUn livre-objet leporello.","authors":["Anne Le Ma\u00eetre"],"category_codes":["1000000","1090000","1090600"],"visuals":{"large":"https:\/\/quaidesbrumes.com\/img\/book-placeholder.png","medium":"https:\/\/quaidesbrumes.com\/img\/book-placeholder.png","thumbnail":"https:\/\/quaidesbrumes.com\/img\/book-placeholder.png"},"orderable":true,"show_badge":true,"formatted_price":"14,00&nbsp;\u20ac","formatted_published_date":"11 mai 2021","publisher_availability_label":"Sur commande","short_details":"Anne Le Ma\u00eetre \u2014 Atelier Des Noyers","translator":null,"weight":60,"page_count":48,"readership":null,"editor":"Atelier Des Noyers","price":1400,"published_date":"2021-05-10T22:00:00.000000Z","support":"Grand format","publisher_availability":1,"stock":0,"editions":[],"url":"https:\/\/quaidesbrumes.com\/ouvrage\/9782490185511\/le-dit-des-passeroses"},{"id":"9782752104007","title":"Delai","description":null,"authors":["Macaigne\/Guillaume"],"category_codes":["1000000","1090000"],"visuals":{"large":"https:\/\/quaidesbrumes.com\/img\/book-placeholder.png","medium":"https:\/\/quaidesbrumes.com\/img\/book-placeholder.png","thumbnail":"https:\/\/quaidesbrumes.com\/img\/book-placeholder.png"},"orderable":true,"show_badge":true,"formatted_price":"25,00&nbsp;\u20ac","formatted_published_date":"15 juin 2024","publisher_availability_label":"Sur commande","short_details":"Macaigne\/Guillaume \u2014 Delatour","translator":null,"weight":220,"page_count":null,"readership":null,"editor":"Delatour","price":2500,"published_date":"2024-06-14T22:00:00.000000Z","support":"Grand format","publisher_availability":1,"stock":0,"editions":[],"url":"https:\/\/quaidesbrumes.com\/ouvrage\/9782752104007\/delai"},{"id":"9782364692824","title":"Cheminer sur la terre","description":"Prix des Trouv\u00e8res 2024 (jur\u00e9s lyc\u00e9ens)\r\nCe vendredi 15 mars 2024, la d\u00e9lib\u00e9ration finale du jury lyc\u00e9en du Prix des Trouv\u00e8res se tient devant une assistance nombreuse...\r\nextrait de la pr\u00e9face de Jean Le Bo\u00ebl, secr\u00e9taire du Prix des Trouv\u00e8res","authors":["Emeline Ho\u00fcel"],"category_codes":["1000000","1090000","1090600"],"visuals":{"large":"https:\/\/images.epagine.fr\/824\/9782364692824_1_75.jpg","medium":"https:\/\/images.epagine.fr\/824\/9782364692824_1_m.jpg","thumbnail":"https:\/\/images.epagine.fr\/824\/9782364692824_1_v.jpg"},"orderable":true,"show_badge":true,"formatted_price":"12,00&nbsp;\u20ac","formatted_published_date":"19 juin 2024","publisher_availability_label":"Sur commande","short_details":"Emeline Ho\u00fcel \u2014 Editions Henry","translator":null,"weight":77,"page_count":48,"readership":null,"editor":"Editions Henry","price":1200,"published_date":"2024-06-18T22:00:00.000000Z","support":"Grand format","publisher_availability":1,"stock":0,"editions":[],"url":"https:\/\/quaidesbrumes.com\/ouvrage\/9782364692824\/cheminer-sur-la-terre"},{"id":"9782494676145","title":"Nuanciel","description":"On aimerait certains matins se faire nuage...","authors":["Anne Le Ma\u00eetre"],"category_codes":["1000000","1090000","1090600"],"visuals":{"large":"https:\/\/images.epagine.fr\/145\/9782494676145_1_75.jpg","medium":"https:\/\/images.epagine.fr\/145\/9782494676145_1_m.jpg","thumbnail":"https:\/\/images.epagine.fr\/145\/9782494676145_1_v.jpg"},"orderable":true,"show_badge":true,"formatted_price":"14,00&nbsp;\u20ac","formatted_published_date":"14 d\u00e9cembre 2023","publisher_availability_label":"Sur commande","short_details":"Anne Le Ma\u00eetre \u2014 Atelier Des Noyers","translator":null,"weight":40,"page_count":24,"readership":null,"editor":"Atelier Des Noyers","price":1400,"published_date":"2023-12-13T23:00:00.000000Z","support":"Grand format","publisher_availability":1,"stock":0,"editions":[],"url":"https:\/\/quaidesbrumes.com\/ouvrage\/9782494676145\/nuanciel"},{"id":"9791030705263","title":"Pourquoi \u00e7a fait si mal","description":"\u00ab Souple et simple, disant beaucoup en parlant peu, elle fait mouche avec une force peu commune. Les choses sont dites et bien dites, sans en rajouter. \u00c9conomie de moyens mais r\u00e9sultat lourd de sens, son \u00e9criture est un r\u00e9gal, comme celle de ses ma\u00eetres Bukowski ou bien Brautigan. [...] S\u00e9bastien Ayreault, avec ce recueil, s'inscrit comme l'un des meilleurs po\u00e8tes de sa g\u00e9n\u00e9ration. \u00c0 travers cette succession de courts po\u00e8mes narratifs ench\u00e2ss\u00e9s dans un ensemble qui a fi\u00e8re allure, S\u00e9bastien Ayreault \u00e9crit la po\u00e9sie d'aujourd'hui. \u00bb J\u00e9r\u00f4me Bertin.\r\nPo\u00e9sie du r\u00e9el, mat\u00e9rielle. Une l\u00e9g\u00e8ret\u00e9 et une simplicit\u00e9 des mots incomparable. M\u00e9taphores fil\u00e9es, pens\u00e9es fugaces et anecdotes du quotidien se lient pour dire la beaut\u00e9 tout autant que les vicissitudes de la vie, l'ali\u00e9nation et la dissolution de l'homme dans la soci\u00e9t\u00e9 moderne.\r\nDes fois j'y crois Des fois j'y crois plus du tout Des fois \u00e7a fait mal Des fois c'est comme du soleil Des fois des grands coups d'ailes Dans un grand ciel\r","authors":["S\u00e9bastien Ayreault"],"category_codes":["1000000","1090000"],"visuals":{"large":"https:\/\/images.epagine.fr\/263\/9791030705263_1_75.jpg","medium":"https:\/\/images.epagine.fr\/263\/9791030705263_1_m.jpg","thumbnail":"https:\/\/images.epagine.fr\/263\/9791030705263_1_v.jpg"},"orderable":true,"show_badge":true,"formatted_price":"7,00&nbsp;\u20ac","formatted_published_date":"9 juin 2022","publisher_availability_label":"Sur commande","short_details":"S\u00e9bastien Ayreault \u2014 Au Diable Vauvert","translator":null,"weight":96,"page_count":112,"readership":null,"editor":"Au Diable Vauvert","price":700,"published_date":"2022-06-08T22:00:00.000000Z","support":"Grand format","publisher_availability":1,"stock":0,"editions":[],"url":"https:\/\/quaidesbrumes.com\/ouvrage\/9791030705263\/pourquoi-ca-fait-si-mal"},{"id":"9782840665151","title":"Tapuscrits ; po\u00e8mes-partitions, biopsies, passe-partout","description":"L'ensemble des tapuscrits du pionnier de la po\u00e9sie sonore : un monument de quelque 1200 pages qui offre une approche in\u00e9dite de l'une des oeuvres po\u00e9tiques les plus inventives, les plus marquantes et les plus influentes de la seconde moiti\u00e9 du XXe si\u00e8cle, au travers de 120 \u00ab partitions \u00bb reproduites en fac-simil\u00e9, d\u00e9voilant pour la premi\u00e8re fois l'\u00e9criture, dans sa dimension visuelle et graphique, qui pr\u00e9c\u00e8de et d\u00e9termine la lecture publique.\r\nCette publication rassemble l'ensemble des tapuscrits des Po\u00e8mes-Partitions, des Biopsies et des Passe-Partout, textes con\u00e7us pour la plupart pour \u00eatre jou\u00e9s et \u00ab act\u00e9s \u00bb en public, tous num\u00e9ris\u00e9s un par un afin de les restituer de mani\u00e8re la plus litt\u00e9rale possible. De cette mati\u00e8re foisonnante \u00e9merge toute une longue vie de lectures et de performances, de festivals et de rencontres, une vie \u00e0 imaginer et \u00e0 construire une po\u00e9sie moderne et vivante qui continue \u00e0 marquer toute une g\u00e9n\u00e9ration de jeunes artistes. \r\n\r\n\u00ab Ce que je cherche toujours, c'est d'offrir la possibilit\u00e9 \u00e0 l'auditeur\/spectateur de trouver un point de focalisation et de fixation visuelle. Cela me parait essentiel. Sans aller jusqu'au happening loin de l\u00e0, je propose toujours un minimum d'action pour que le texte se pr\u00e9sente comme une chose vivante et imm\u00e9diate et prenne une texture quasiment physique. Il ne s'agit donc pas de lecture \u00e0 proprement parler, mais de donner \u00e0 voir le texte entendu. \u00bb  Bernard Heidsieck Publi\u00e9 suite \u00e0 l'exposition Bernard Heidsieck - Po\u00e9sie Action \u00e0 la Villa Arson, Nice, en 2011.\r","authors":["Bernard Heidsieck"],"category_codes":["1000000","1090000"],"visuals":{"large":"https:\/\/images.epagine.fr\/151\/9782840665151_1_75.jpg","medium":"https:\/\/images.epagine.fr\/151\/9782840665151_1_m.jpg","thumbnail":"https:\/\/images.epagine.fr\/151\/9782840665151_1_v.jpg"},"orderable":true,"show_badge":true,"formatted_price":"50,00&nbsp;\u20ac","formatted_published_date":"28 ao\u00fbt 2013","publisher_availability_label":"Sur commande","short_details":"Bernard Heidsieck \u2014 Les presses du r\u00e9el","translator":null,"weight":3500,"page_count":1184,"readership":null,"editor":"Les presses du r\u00e9el","price":5000,"published_date":"2013-08-27T22:00:00.000000Z","support":"Grand format","publisher_availability":1,"stock":0,"editions":[],"url":"https:\/\/quaidesbrumes.com\/ouvrage\/9782840665151\/tapuscrits-poemes-partitions-biopsies-passe-partout"},{"id":"9782917136997","title":"Ennemis des morts","description":null,"authors":["Chapelon Thomas"],"category_codes":["1000000","1090000"],"visuals":{"large":"https:\/\/quaidesbrumes.com\/img\/book-placeholder.png","medium":"https:\/\/quaidesbrumes.com\/img\/book-placeholder.png","thumbnail":"https:\/\/quaidesbrumes.com\/img\/book-placeholder.png"},"orderable":true,"show_badge":true,"formatted_price":"13,00&nbsp;\u20ac","formatted_published_date":"1er mars 2017","publisher_availability_label":"Sur commande","short_details":"Chapelon Thomas \u2014 Dernier Telegramme","translator":null,"weight":170,"page_count":null,"readership":null,"editor":"Dernier Telegramme","price":1300,"published_date":"2017-02-28T23:00:00.000000Z","support":"Grand format","publisher_availability":1,"stock":0,"editions":[],"url":"https:\/\/quaidesbrumes.com\/ouvrage\/9782917136997\/ennemis-des-morts"},{"id":"9782720213793","title":"Lignes de fuite","description":"Lignes de fuite est un recueil de trente po\u00e9sies, entre rock et rap, \u00e0 lire \u00e0 haute voix, \u00e0 chantonner comme les po\u00e8mes de Pr\u00e9vert ou de Jim Morrison. Sur un tempo binaire, Serge Raffy traverse les champs \u00e9ternels de la douleur humaine, avec une lucidit\u00e9 glaciale et sensuelle. S\u00e9parations, pertes, d\u00e9lestages des amours impossibles, la po\u00e9sie reste une plong\u00e9e en apn\u00e9e dans les eaux troubles de la conscience des hommes.\r\nDans la tourmente des cybermondes, l'homme, fondamentalement, ne change pas. II tra\u00eene en lui les m\u00eames terreurs, les m\u00eames \u00ab lignes de fuite \u00bb, Alors, pour ne pas sombrer dans le n\u00e9ant, il se raccroche \u00e0 ses territoires indicibles, en forme de refuge, \u00ab l\u00e0 o\u00f9 la vip\u00e8re tremble \u00bb...","authors":["Serge Raffy"],"category_codes":["1000000","1090000"],"visuals":{"large":"https:\/\/images.epagine.fr\/793\/9782720213793_1_75.jpg","medium":"https:\/\/images.epagine.fr\/793\/9782720213793_1_m.jpg","thumbnail":"https:\/\/images.epagine.fr\/793\/9782720213793_1_v.jpg"},"orderable":true,"show_badge":true,"formatted_price":"7,80&nbsp;\u20ac","formatted_published_date":"6 octobre 1999","publisher_availability_label":"Sur commande","short_details":"Serge Raffy \u2014 PAUVERT","translator":null,"weight":89,"page_count":80,"readership":null,"editor":"PAUVERT","price":780,"published_date":"1999-10-05T22:00:00.000000Z","support":"Grand format","publisher_availability":1,"stock":0,"editions":[],"url":"https:\/\/quaidesbrumes.com\/ouvrage\/9782720213793\/lignes-de-fuite"}]}