{"data":[{"id":"9782494708037","title":"Le bateau ivre","description":"Le po\u00e8me d'Arthur Rimbaud fait partie de ces \u00ab monuments \u00bb de la po\u00e9sie fran\u00e7aise du XIXe si\u00e8cle que l'on trouve dans toutes les biblioth\u00e8ques. Il a \u00e9veill\u00e9 et berc\u00e9 notre monde imaginaire int\u00e9rieur par ses d\u00e9rives oc\u00e9aniques et ultramarines. L'objet de cette \u00e9dition n'est pas de pr\u00e9senter ce texte sans autre effort mais de lui apporter une mise en sc\u00e8ne nouvelle afin de renforcer son pouvoir \u00abimaginatoire\u00bb. Cela a \u00e9t\u00e9 fait en l'immergeant dans un univers graphique particulier, celui de Christian Brantonne, celui du trait crayonn\u00e9 avec vivacit\u00e9 qui fait surgir un univers de lumi\u00e8re et de nuit dans lequel le bateau, ivre de mer et de soleil se perd en nos esprits \u00e9blouis. La structure du texte en 25 strophes est parfaitement connue mais pour les besoins de l'illustration de cette \u00e9dition, l'artiste a d\u00e9coup\u00e9 certaines strophes et pris parfois la libert\u00e9 de cr\u00e9er selon son inspiration sur un seul vers ou sur une partie de strophe. Nous prions donc le lecteur attentif de nous excuser pour cette licence qui, nous l'esp\u00e9rons, pourra ainsi aider \u00e0 poursuivre l'oeuvre po\u00e9tique en lui adjoignant un caract\u00e8re visuel nouveau et enrichir modestement l'imaginaire dans lequel Arthur Rimbaud a puis\u00e9 en 1871.","authors":["Arthur Rimbaud","Christian Brantonne"],"category_codes":["1000000","1090000"],"visuals":{"large":"https:\/\/images.epagine.fr\/037\/9782494708037_1_75.jpg","medium":"https:\/\/images.epagine.fr\/037\/9782494708037_1_m.jpg","thumbnail":"https:\/\/images.epagine.fr\/037\/9782494708037_1_v.jpg"},"orderable":true,"show_badge":true,"formatted_price":"20,00&nbsp;\u20ac","formatted_published_date":"28 juin 2024","publisher_availability_label":"Sur commande","short_details":"Arthur Rimbaud, Christian Brantonne \u2014 Le Voyageur Assis","translator":null,"weight":320,"page_count":76,"readership":null,"editor":"Le Voyageur Assis","price":2000,"published_date":"2024-06-27T22:00:00.000000Z","support":"Grand format","publisher_availability":1,"stock":0,"editions":[],"url":"https:\/\/quaidesbrumes.com\/ouvrage\/9782494708037\/le-bateau-ivre"},{"id":"9782874502255","title":"Comme elle s'obstine...","description":"Ecriture confront\u00e9e au langage du corps. Qu\u00eate de l'insaisissable, de l'innommable.","authors":["G\u00e9rard Titus-Carmel","Eliane Vernay"],"category_codes":["1000000","1090000","1090600"],"visuals":{"large":"https:\/\/images.epagine.fr\/255\/9782874502255_1_75.jpg","medium":"https:\/\/images.epagine.fr\/255\/9782874502255_1_m.jpg","thumbnail":"https:\/\/images.epagine.fr\/255\/9782874502255_1_v.jpg"},"orderable":true,"show_badge":true,"formatted_price":"17,00&nbsp;\u20ac","formatted_published_date":"10 juin 2024","publisher_availability_label":"Sur commande","short_details":"G\u00e9rard Titus-Carmel, Eliane Vernay \u2014 Taillis Pre","translator":null,"weight":227,"page_count":146,"readership":null,"editor":"Taillis Pre","price":1700,"published_date":"2024-06-09T22:00:00.000000Z","support":"Grand format","publisher_availability":1,"stock":0,"editions":[],"url":"https:\/\/quaidesbrumes.com\/ouvrage\/9782874502255\/comme-elle-sobstine"},{"id":"9782874502262","title":"L'Apparition","description":"L'apparition est en soi un long po\u00e8me en prose sur pr\u00e8s de 80 pages.\r\n\r\nPages o\u00f9 l'auteur s'adresse \u00e0 celle qui a quitt\u00e9 la vie, celle des amours.\r\n\r\n\"L'amour, \u00e9crira Dancot, comme une fin esseul\u00e9e\".\r\n\r\nUn poignant chant d'amour, au-del\u00e0 des apparences.","authors":["Pierre Dancot"],"category_codes":["1000000","1090000","1090600"],"visuals":{"large":"https:\/\/images.epagine.fr\/262\/9782874502262_1_75.jpg","medium":"https:\/\/images.epagine.fr\/262\/9782874502262_1_m.jpg","thumbnail":"https:\/\/images.epagine.fr\/262\/9782874502262_1_v.jpg"},"orderable":true,"show_badge":true,"formatted_price":"15,00&nbsp;\u20ac","formatted_published_date":"24 mai 2024","publisher_availability_label":"Sur commande","short_details":"Pierre Dancot \u2014 Taillis Pre","translator":null,"weight":139,"page_count":80,"readership":null,"editor":"Taillis Pre","price":1500,"published_date":"2024-05-23T22:00:00.000000Z","support":"Grand format","publisher_availability":1,"stock":0,"editions":[],"url":"https:\/\/quaidesbrumes.com\/ouvrage\/9782874502262\/lapparition"},{"id":"9782754769440","title":"D'un mec l'autre","description":"La sensualit\u00e9 d'une \u00e9paule, l'angle \u00e9mouvant d'une m\u00e2choire, Steeve Minder les d\u00e9peint d'un trait de plume, d'un mot de pastel. \u00c0 la recherche du mot juste, qui vibrera sur la toile et sur la page, il esquisse les contours du d\u00e9sir. Po\u00e9sie du trouble, du vertige, de la rime m\u00e9lodique qui fait tressaillir le coeur et qui permet d'\u00eatre pleinement en vie.","authors":["Steeve Minder"],"category_codes":["1000000","1090000","1090600"],"visuals":{"large":"https:\/\/images.epagine.fr\/440\/9782754769440_1_75.jpg","medium":"https:\/\/images.epagine.fr\/440\/9782754769440_1_m.jpg","thumbnail":"https:\/\/images.epagine.fr\/440\/9782754769440_1_v.jpg"},"orderable":true,"show_badge":true,"formatted_price":"13,50&nbsp;\u20ac","formatted_published_date":"18 juin 2024","publisher_availability_label":"Sur commande","short_details":"Steeve Minder \u2014 Editions du Panth\u00e9on","translator":null,"weight":135,"page_count":112,"readership":null,"editor":"Editions du Panth\u00e9on","price":1350,"published_date":"2024-06-17T22:00:00.000000Z","support":"Grand format","publisher_availability":1,"stock":0,"editions":[],"url":"https:\/\/quaidesbrumes.com\/ouvrage\/9782754769440\/dun-mec-lautre"},{"id":"9782378961428","title":"2019","description":"Le nouveau \u00ab Biennale-Bouquin \u00bb (BB) de Julien Blaine, recueil de po\u00e9sies lyriques et \u00e9piques, d'exp\u00e9rimentations visuelles et typographiques, de traductions de gravures pr\u00e9historiques, de t\u00e9moignages sur des performances et d\u00e9clarations, de carnets de voyages, etc.\r\n\r\nD\u00e8s le d\u00e9but des ann\u00e9es 1960, Julien Blaine (n\u00e9 en 1942 \u00e0 Rognac, vit et travaille \u00e0 Marseille) propose une po\u00e9sie s\u00e9miotique qui, au-del\u00e0 du mot et de la lettre, se construit \u00e0 partir de signes de toutes natures. Forc\u00e9ment multiple, il se situe \u00e0 la fois dans une lign\u00e9e post-concr\u00e8te (par son travail de multiplication des champs s\u00e9mantiques, en faisant se c\u00f4toyer dans un m\u00eame espace des signes - textuels, visuels, objectals - d'horizons diff\u00e9rents) et post-fluxus (dans cette attitude d'une po\u00e9sie comportementale, o\u00f9 est exp\u00e9riment\u00e9e \u00e0 chaque instant la po\u00e9sie comme partie int\u00e9grante du v\u00e9cu). Mais avant tout, la po\u00e9sie s'exp\u00e9rimente physiquement : elle est, d'\u00e9vidence, performative. Ses performances sont nombreuses, qui parfois le mettent physiquement en p\u00e9ril (Chute, en 1983, o\u00f9 il se jette du haut des escaliers de la gare Saint-Charles \u00e0 Marseille : violence de cette d\u00e9gringolade incontr\u00f4lable, et la r\u00e9ception, brutale, au sol, quelques centaines de marches plus bas... puis Julien Blaine met son doigt sur la bouche et, sous l'oeil d'une cam\u00e9ra complice cach\u00e9e parmi les badauds m\u00e9dus\u00e9s, murmure : \u00ab chuuuuut ! \u00bb). Mise en danger du corps, et mise en danger du po\u00e8te, qui toujours oscille entre grotesque et tragique, dans une posture des plus fragile, car \u00ab le po\u00e8te aujourd'hui est ridicule \u00bb. Performances, livres, affiches, disques, tract, mail-art, objets, films, revues, journaux... sa production est multiple, m\u00ealant \u00e9ph\u00e9m\u00e8re et durable, friable et solide. Pas un outil, un m\u00e9dium qui ne lui \u00e9chappe. Mais rien qui ne soit achev\u00e9, arr\u00eat\u00e9. Car pour Julien Blaine la po\u00e9sie est \u00e9l\u00e9mentaire, tout ce qu'il produit est fragment, indice d'un travail toujours en cours, document d'un chantier po\u00e9tique \u00e0 chaque instant renouvel\u00e9. Tous ces \u00ab r\u00e9sidus \u00bb doivent \u00eatre lus en soi et en regard de ce qui nous entoure.\r","authors":["Julien Blaine"],"category_codes":["1000000","1090000","1090600"],"visuals":{"large":"https:\/\/images.epagine.fr\/428\/9782378961428_1_75.jpg","medium":"https:\/\/images.epagine.fr\/428\/9782378961428_1_m.jpg","thumbnail":"https:\/\/images.epagine.fr\/428\/9782378961428_1_v.jpg"},"orderable":true,"show_badge":true,"formatted_price":"30,00&nbsp;\u20ac","formatted_published_date":"1er octobre 2020","publisher_availability_label":"Sur commande","short_details":"Julien Blaine \u2014 Les presses du r\u00e9el","translator":null,"weight":910,"page_count":256,"readership":null,"editor":"Les presses du r\u00e9el","price":3000,"published_date":"2020-09-30T22:00:00.000000Z","support":"Grand format","publisher_availability":1,"stock":0,"editions":[],"url":"https:\/\/quaidesbrumes.com\/ouvrage\/9782378961428\/2019"},{"id":"9782376730620","title":"Un air d'\u00e9ternit\u00e9 d\u00e9faite","description":" Je voyage au coeur de la pierre, Mon \u00e2me est appel\u00e9e. Elle transperce le monde normal Plonge au vif de l'oeil de feu. Par-del\u00e0 tous les arceaux et les faux ciels Dans un seul son. Par son \u00e9criture pr\u00e9cieuse comme ensorcelante, \u00c9lia Jalonde nous convie dans un monde de mati\u00e8re et de songes vertigineux. Elle nous emporte par son verbe charnel, sensoriel qu'accompagnent les magnifiques oeuvres de Sophie Martet pleines de mouvements et d'\u00e9nergies. Un recueil lumineux qui allie par les mots autant que les couleurs eau, air, terre et feu.\r\n","authors":["Elia Jalonde","Sophie Martet"],"category_codes":["1000000","1090000","1090600"],"visuals":{"large":"https:\/\/images.epagine.fr\/620\/9782376730620_1_75.jpg","medium":"https:\/\/images.epagine.fr\/620\/9782376730620_1_m.jpg","thumbnail":"https:\/\/images.epagine.fr\/620\/9782376730620_1_v.jpg"},"orderable":true,"show_badge":true,"formatted_price":"19,90&nbsp;\u20ac","formatted_published_date":"8 juillet 2024","publisher_availability_label":"Sur commande","short_details":"Elia Jalonde, Sophie Martet \u2014 La Lucarne Des Ecrivains","translator":null,"weight":501,"page_count":120,"readership":null,"editor":"La Lucarne Des Ecrivains","price":1990,"published_date":"2024-07-07T22:00:00.000000Z","support":"Grand format","publisher_availability":1,"stock":0,"editions":[],"url":"https:\/\/quaidesbrumes.com\/ouvrage\/9782376730620\/un-air-deternite-defaite"},{"id":"9782080708021","title":"La Renaissance bucolique ; po\u00e8mes choisis (1550-1600)","description":"Ces po\u00e8mes aux formes vari\u00e9es (\u00e9loges, odes, sonnets, sizains, chansons, discours...) disent les rapports de l'homme et de la nature, les travaux aux champs, des semailles \u00e0 la moisson, les passe-temps des humains, l'effet des saisons sur leur sant\u00e9 et leurs humeurs, l'attrait qu'exercent la for\u00eat ou la rivi\u00e8re.\r","authors":["Collectif"],"category_codes":["1000000","1090000"],"visuals":{"large":"https:\/\/images.epagine.fr\/021\/9782080708021_1_75.jpg","medium":"https:\/\/images.epagine.fr\/021\/9782080708021_1_m.jpg","thumbnail":"https:\/\/images.epagine.fr\/021\/9782080708021_1_v.jpg"},"orderable":true,"show_badge":true,"formatted_price":"7,00&nbsp;\u20ac","formatted_published_date":"25 janvier 1994","publisher_availability_label":"Sur commande","short_details":"Collectif \u2014 Flammarion","translator":null,"weight":203,"page_count":null,"readership":null,"editor":"Flammarion","price":700,"published_date":"1994-01-24T23:00:00.000000Z","support":"Poche","publisher_availability":1,"stock":0,"editions":[],"url":"https:\/\/quaidesbrumes.com\/ouvrage\/9782080708021\/la-renaissance-bucolique-poemes-choisis-1550-1600"},{"id":"9782390182962","title":"Du magma sur les doigts","description":"Printemps 2020, un crayon sort du sol et prend la route.\r\nLes po\u00e8mes gambadent sur le blanc des pages, \u00e9lanc\u00e9s, en libert\u00e9, au gr\u00e9 des saisons, au fil des excursions. \r\n","authors":["Caroline Biebuyck"],"category_codes":["1000000","1090000"],"visuals":{"large":"https:\/\/images.epagine.fr\/962\/9782390182962_1_75.jpg","medium":"https:\/\/images.epagine.fr\/962\/9782390182962_1_m.jpg","thumbnail":"https:\/\/images.epagine.fr\/962\/9782390182962_1_v.jpg"},"orderable":true,"show_badge":true,"formatted_price":"22,90&nbsp;\u20ac","formatted_published_date":"22 f\u00e9vrier 2024","publisher_availability_label":"Sur commande","short_details":"Caroline Biebuyck \u2014 Chlo\u00e9 des Lys","translator":null,"weight":150,"page_count":112,"readership":null,"editor":"Chlo\u00e9 des Lys","price":2290,"published_date":"2024-02-21T23:00:00.000000Z","support":"Grand format","publisher_availability":1,"stock":0,"editions":[],"url":"https:\/\/quaidesbrumes.com\/ouvrage\/9782390182962\/du-magma-sur-les-doigts"},{"id":"9782909417523","title":"Paysages de cerveau","description":"Les po\u00e8mes de Claude Ber se confrontent aux images photographiques d'Adrienne Arth","authors":["Adrienne Arth","Claude Ber"],"category_codes":["1000000","1090000"],"visuals":{"large":"https:\/\/images.epagine.fr\/523\/9782909417523_1_75.jpg","medium":"https:\/\/images.epagine.fr\/523\/9782909417523_1_m.jpg","thumbnail":"https:\/\/images.epagine.fr\/523\/9782909417523_1_v.jpg"},"orderable":true,"show_badge":true,"formatted_price":"22,00&nbsp;\u20ac","formatted_published_date":"28 juin 2024","publisher_availability_label":"Sur commande","short_details":"Adrienne Arth, Claude Ber \u2014 Art 3 - Galerie Plessis","translator":null,"weight":284,"page_count":56,"readership":null,"editor":"Art 3 - Galerie Plessis","price":2200,"published_date":"2024-06-27T22:00:00.000000Z","support":"Grand format","publisher_availability":1,"stock":0,"editions":[],"url":"https:\/\/quaidesbrumes.com\/ouvrage\/9782909417523\/paysages-de-cerveau"},{"id":"9782378965235","title":"2023","description":"Le sixi\u00e8me volume du \u00ab Biennale-Bouquin \u00bb (BB) ou \u00ab ALBUMANACH \u00bb (publication bisannuelle) de Julien Blaine, recueil de po\u00e9sies lyriques et \u00e9piques, d'exp\u00e9rimentations visuelles et typographiques, de t\u00e9moignages sur des performances et d\u00e9clarations, de carnets de voyages, etc. Ou comment le po\u00e8te total se r\u00e9invente dans le pr\u00e9sent au jour - au mois - \u00e0 l'ann\u00e9e - au si\u00e8cle...","authors":["Julien Blaine"],"category_codes":["1000000","1090000","1090600"],"visuals":{"large":"https:\/\/images.epagine.fr\/235\/9782378965235_1_75.jpg","medium":"https:\/\/images.epagine.fr\/235\/9782378965235_1_m.jpg","thumbnail":"https:\/\/images.epagine.fr\/235\/9782378965235_1_v.jpg"},"orderable":true,"show_badge":true,"formatted_price":"35,00&nbsp;\u20ac","formatted_published_date":"11 juin 2024","publisher_availability_label":"Sur commande","short_details":"Julien Blaine \u2014 Les presses du r\u00e9el","translator":null,"weight":922,"page_count":284,"readership":null,"editor":"Les presses du r\u00e9el","price":3500,"published_date":"2024-06-10T22:00:00.000000Z","support":"Grand format","publisher_availability":1,"stock":0,"editions":[],"url":"https:\/\/quaidesbrumes.com\/ouvrage\/9782378965235\/2023"},{"id":"9782490185504","title":"Papillons de nuit","description":"Sous la houle Des heures Sombres Se laisser porter Vers demain Rivages incertains\r","authors":["Matthieu Louvrier","Jean-claude Maille"],"category_codes":["1000000","1090000","1090600"],"visuals":{"large":"https:\/\/images.epagine.fr\/504\/9782490185504_1_75.jpg","medium":"https:\/\/images.epagine.fr\/504\/9782490185504_1_m.jpg","thumbnail":"https:\/\/images.epagine.fr\/504\/9782490185504_1_v.jpg"},"orderable":true,"show_badge":true,"formatted_price":"12,00&nbsp;\u20ac","formatted_published_date":"11 mai 2021","publisher_availability_label":"Sur commande","short_details":"Matthieu Louvrier, Jean-claude Maille \u2014 Atelier Des Noyers","translator":null,"weight":60,"page_count":50,"readership":null,"editor":"Atelier Des Noyers","price":1200,"published_date":"2021-05-10T22:00:00.000000Z","support":"Grand format","publisher_availability":1,"stock":0,"editions":[],"url":"https:\/\/quaidesbrumes.com\/ouvrage\/9782490185504\/papillons-de-nuit"},{"id":"9782490185498","title":"Ravages","description":null,"authors":["Allan Ryan","Sylvie Dekimpe"],"category_codes":["1000000","1090000","1090600"],"visuals":{"large":"https:\/\/quaidesbrumes.com\/img\/book-placeholder.png","medium":"https:\/\/quaidesbrumes.com\/img\/book-placeholder.png","thumbnail":"https:\/\/quaidesbrumes.com\/img\/book-placeholder.png"},"orderable":true,"show_badge":true,"formatted_price":"12,00&nbsp;\u20ac","formatted_published_date":"30 avril 2021","publisher_availability_label":"Sur commande","short_details":"Allan Ryan, Sylvie Dekimpe \u2014 Atelier Des Noyers","translator":null,"weight":60,"page_count":54,"readership":null,"editor":"Atelier Des Noyers","price":1200,"published_date":"2021-04-29T22:00:00.000000Z","support":"Grand format","publisher_availability":1,"stock":0,"editions":[],"url":"https:\/\/quaidesbrumes.com\/ouvrage\/9782490185498\/ravages"},{"id":"9782490185535","title":"Des fleurs sous les pieds : Des fleurs sous les pieds","description":null,"authors":["Anne Gautherot","Julie Rey"],"category_codes":["1000000","1090000","1090600"],"visuals":{"large":"https:\/\/quaidesbrumes.com\/img\/book-placeholder.png","medium":"https:\/\/quaidesbrumes.com\/img\/book-placeholder.png","thumbnail":"https:\/\/quaidesbrumes.com\/img\/book-placeholder.png"},"orderable":true,"show_badge":true,"formatted_price":"12,00&nbsp;\u20ac","formatted_published_date":"8 mars 2021","publisher_availability_label":"Sur commande","short_details":"Anne Gautherot, Julie Rey \u2014 Atelier Des Noyers","translator":null,"weight":60,"page_count":50,"readership":null,"editor":"Atelier Des Noyers","price":1200,"published_date":"2021-03-07T23:00:00.000000Z","support":"Grand format","publisher_availability":1,"stock":0,"editions":[],"url":"https:\/\/quaidesbrumes.com\/ouvrage\/9782490185535\/des-fleurs-sous-les-pieds-des-fleurs-sous-les-pieds"},{"id":"9782940055685","title":"Un visa donn\u00e9 \u00e0 la parole ; la Dogana 1981-2011","description":"Il fallait marquer le coup : La Dogana f\u00eate ses trente ans en 2011 ! C'est pourquoi ses animateurs ont d\u00e9cid\u00e9 de publier, sous le format de la collection des cahiers de proses, un catalogue extr\u00eamement soign\u00e9 et illustr\u00e9 qui reprend l'ensemble des titres publi\u00e9s. Chacun de ceux-ci est accompagn\u00e9 d'une br\u00e8ve pr\u00e9sentation, confi\u00e9e soit \u00e0 l'auteur lui-m\u00eame soit \u00e0 un autre po\u00e8te ami de la maison, histoire d'illustrer les affinit\u00e9s \u00e9lectives existant entre les \u00e9crivains ayant publi\u00e9 \u00e0 cette enseigne et de d\u00e9gager ce que l'on pourrait nommer l'esprit des Douaniers. En outre, ce volume de 136 pages, pr\u00e9fac\u00e9 par un des fondateurs des \u00e9ditions, comprend des textes in\u00e9dits, \u00e0 la fois semi-comiques et graves, de certains po\u00e8tes les plus repr\u00e9sentatifs de La Dogana : Jean-Pierre Lemaire, parce qu'il fut le premier auteur \u00e0 y \u00eatre publi\u00e9, Yves Bonnefoy et Philippe Jaccottet parce que tous deux accompagnent l'aventure depuis les limbes, enfin Jacques R\u00e9da, parce que c'est lui et que depuis toujours il aime les postes de douane et traverser les fronti\u00e8res.\r\nSoucieux d'\u00e9voquer les autres collections cr\u00e9\u00e9es au cours des ans - de critique litt\u00e9raire, de peinture et m\u00eame de musique - des contributions ont \u00e9t\u00e9 demand\u00e9es \u00e0 d'autres \u00e9crivains de La Dogana, comme Fr\u00e9d\u00e9ric Wandel\u00e8re, Pierre-Alain T\u00e2che ou Alain Madeleine-Perdrillat afin qu'ils \u00e9voquent librement l'un ou l'autre de ces domaines. Enfin, nous n'avons pas oubli\u00e9 ceux qui permettent que les textes que nous \u00e9ditons parviennent \u00e0 leurs lecteurs, les libraires : c'est pourquoi nous avons recueilli le t\u00e9moignage de l'une d'entre eux, Muriel Bonicel, animant les rayons de Tschann \u00e0 Paris.\r","authors":["Yves Bonnefoy","Philippe Jaccottet","Jean-Pierre Lemaire","Jacques R\u00e9da","Florian Rodari"],"category_codes":["1000000","1090000"],"visuals":{"large":"https:\/\/images.epagine.fr\/685\/9782940055685_1_75.jpg","medium":"https:\/\/images.epagine.fr\/685\/9782940055685_1_m.jpg","thumbnail":"https:\/\/images.epagine.fr\/685\/9782940055685_1_v.jpg"},"orderable":true,"show_badge":true,"formatted_price":"12,00&nbsp;\u20ac","formatted_published_date":"18 mai 2011","publisher_availability_label":"Sur commande","short_details":"Yves Bonnefoy, Philippe Jaccottet, Jean-Pierre Lemaire, Jacques R\u00e9da, Florian Rodari \u2014 Dogana","translator":null,"weight":200,"page_count":144,"readership":null,"editor":"Dogana","price":1200,"published_date":"2011-05-17T22:00:00.000000Z","support":"Grand format","publisher_availability":1,"stock":0,"editions":[],"url":"https:\/\/quaidesbrumes.com\/ouvrage\/9782940055685\/un-visa-donne-a-la-parole-la-dogana-1981-2011"},{"id":"9782490185375","title":"Ha\u00efkus d'amour et de neige","description":null,"authors":["Edith Azam","Isabelle Schneider"],"category_codes":["1000000","1090000","1090600"],"visuals":{"large":"https:\/\/quaidesbrumes.com\/img\/book-placeholder.png","medium":"https:\/\/quaidesbrumes.com\/img\/book-placeholder.png","thumbnail":"https:\/\/quaidesbrumes.com\/img\/book-placeholder.png"},"orderable":true,"show_badge":true,"formatted_price":"12,00&nbsp;\u20ac","formatted_published_date":"2 f\u00e9vrier 2021","publisher_availability_label":"Sur commande","short_details":"Edith Azam, Isabelle Schneider \u2014 Atelier Des Noyers","translator":null,"weight":60,"page_count":48,"readership":null,"editor":"Atelier Des Noyers","price":1200,"published_date":"2021-02-01T23:00:00.000000Z","support":"Grand format","publisher_availability":1,"stock":0,"editions":[],"url":"https:\/\/quaidesbrumes.com\/ouvrage\/9782490185375\/haikus-damour-et-de-neige"},{"id":"9782924031339","title":"L'eau des fontes","description":"Les recommencements qui font une vie et le refus de mourir entre quatre murs.","authors":["Michel X. C\u00f4t\u00e9"],"category_codes":["1000000","1090000"],"visuals":{"large":"https:\/\/images.epagine.fr\/339\/9782924031339_1_75.jpg","medium":"https:\/\/images.epagine.fr\/339\/9782924031339_1_m.jpg","thumbnail":"https:\/\/images.epagine.fr\/339\/9782924031339_1_v.jpg"},"orderable":true,"show_badge":true,"formatted_price":"13,50&nbsp;\u20ac","formatted_published_date":"21 mai 2019","publisher_availability_label":"Sur commande","short_details":"Michel X. C\u00f4t\u00e9 \u2014 Editions du Quartz","translator":null,"weight":301,"page_count":72,"readership":null,"editor":"Editions du Quartz","price":1350,"published_date":"2019-05-20T22:00:00.000000Z","support":"Grand format","publisher_availability":1,"stock":0,"editions":[],"url":"https:\/\/quaidesbrumes.com\/ouvrage\/9782924031339\/leau-des-fontes"},{"id":"9782924031407","title":"On ne sera pas \u00e9ternels alors soyons lents","description":"La po\u00e9sie de Madeleine Lefebvre sent la terre humide et l'air froid. Elle convoque la libert\u00e9 et le d\u00e9sir, habite les corps en mouvement et illumine leurs cicatrices. Les mots portent en eux tant\u00f4t une respiration profonde, tant\u00f4t une fougue et une \u00e9nergie \u00e0 perdre haleine, perdre pied, perdre le nord...","authors":["Madeleine Lefebvre"],"category_codes":["1000000","1090000"],"visuals":{"large":"https:\/\/images.epagine.fr\/407\/9782924031407_1_75.jpg","medium":"https:\/\/images.epagine.fr\/407\/9782924031407_1_m.jpg","thumbnail":"https:\/\/images.epagine.fr\/407\/9782924031407_1_v.jpg"},"orderable":true,"show_badge":true,"formatted_price":"14,50&nbsp;\u20ac","formatted_published_date":"15 mars 2021","publisher_availability_label":"Sur commande","short_details":"Madeleine Lefebvre \u2014 Editions du Quartz","translator":null,"weight":401,"page_count":100,"readership":null,"editor":"Editions du Quartz","price":1450,"published_date":"2021-03-14T23:00:00.000000Z","support":"Grand format","publisher_availability":1,"stock":0,"editions":[],"url":"https:\/\/quaidesbrumes.com\/ouvrage\/9782924031407\/on-ne-sera-pas-eternels-alors-soyons-lents"},{"id":"9782924031179","title":"Rivi\u00e8re errante","description":"Le recueil de po\u00e8mes Rivi\u00e8re errante, Kanientaratatie dans la langue mohawk, est divis\u00e9 en trois parties qui se r\u00e9pondent les unes aux autres. \u00ab Les voix au-dessus de l'Outaouais, la rivi\u00e8re errante du titre, voix du pass\u00e9 et d'aujourd'hui, voix heureuses ou bless\u00e9es, voix hurlantes et chuchot\u00e9es sont autant de pr\u00e9sences multipli\u00e9es par les miroitements du r\u00e9el...","authors":["Michel X. C\u00f4t\u00e9"],"category_codes":["1000000","1090000"],"visuals":{"large":"https:\/\/images.epagine.fr\/179\/9782924031179_1_75.jpg","medium":"https:\/\/images.epagine.fr\/179\/9782924031179_1_m.jpg","thumbnail":"https:\/\/images.epagine.fr\/179\/9782924031179_1_v.jpg"},"orderable":true,"show_badge":true,"formatted_price":"16,50&nbsp;\u20ac","formatted_published_date":"1er novembre 2014","publisher_availability_label":"Sur commande","short_details":"Michel X. C\u00f4t\u00e9 \u2014 Editions du Quartz","translator":null,"weight":401,"page_count":null,"readership":null,"editor":"Editions du Quartz","price":1650,"published_date":"2014-10-31T23:00:00.000000Z","support":"Grand format","publisher_availability":1,"stock":0,"editions":[],"url":"https:\/\/quaidesbrumes.com\/ouvrage\/9782924031179\/riviere-errante"},{"id":"9782924031452","title":"Vaste ciel : Des eskers de beaut\u00e9","description":"Michel X C\u00f4t\u00e9 nous fait entrer dans une forme de cahier de cr\u00e9ation, alliage de po\u00e8mes et de dessins qui fouillent tour \u00e0 tour les questions de la disparition, de l'enfance et du rapport au monde. Se c\u00f4toient l'immensit\u00e9 du ciel et la vigueur de la terre. Ici, ce sont le territoire et sa r\u00e9alit\u00e9 qui cr\u00e9ent le po\u00e8me, et peut-\u00eatre m\u00eame le po\u00e8te...","authors":["Michel X. C\u00f4t\u00e9"],"category_codes":["1000000","1090000"],"visuals":{"large":"https:\/\/quaidesbrumes.com\/img\/book-placeholder.png","medium":"https:\/\/quaidesbrumes.com\/img\/book-placeholder.png","thumbnail":"https:\/\/quaidesbrumes.com\/img\/book-placeholder.png"},"orderable":true,"show_badge":true,"formatted_price":"18,00&nbsp;\u20ac","formatted_published_date":"15 janvier 2022","publisher_availability_label":"Sur commande","short_details":"Michel X. C\u00f4t\u00e9 \u2014 Editions du Quartz","translator":null,"weight":401,"page_count":122,"readership":null,"editor":"Editions du Quartz","price":1800,"published_date":"2022-01-14T23:00:00.000000Z","support":"Grand format","publisher_availability":1,"stock":0,"editions":[],"url":"https:\/\/quaidesbrumes.com\/ouvrage\/9782924031452\/vaste-ciel-des-eskers-de-beaute"},{"id":"9782913376946","title":"Dans sa chambre","description":null,"authors":["Jean-luc Bouguereau"],"category_codes":["1000000","1090000"],"visuals":{"large":"https:\/\/images.epagine.fr\/946\/9782913376946_1_75.jpg","medium":"https:\/\/images.epagine.fr\/946\/9782913376946_1_m.jpg","thumbnail":"https:\/\/images.epagine.fr\/946\/9782913376946_1_v.jpg"},"orderable":true,"show_badge":true,"formatted_price":"11,00&nbsp;\u20ac","formatted_published_date":"10 avril 2007","publisher_availability_label":"Sur commande","short_details":"Jean-luc Bouguereau \u2014 Lucie","translator":null,"weight":74,"page_count":56,"readership":null,"editor":"Lucie","price":1100,"published_date":"2007-04-09T22:00:00.000000Z","support":"Grand format","publisher_availability":1,"stock":0,"editions":[],"url":"https:\/\/quaidesbrumes.com\/ouvrage\/9782913376946\/dans-sa-chambre"},{"id":"9782204088466","title":"Po\u00e8mes palestiniens ; chronique de la tristesse ordinaire","description":"D\u00e8s les ann\u00e9es 1960, Mahmoud Darwich chantait, dans une po\u00e9sie incisive, sans emphase, toujours m\u00e9taphysique, le r\u00e9cit mythique et utopique du douloureux passage d'une cohabitation hostile \u00e0 une convivialit\u00e9 digne : \" Mort, Vie, la route est une. \" Depuis 1970, ann\u00e9e o\u00f9 est parue pour la premi\u00e8re fois cette traduction des \" Po\u00e8mes palestiniens \" - po\u00e8mes d'avant l'exil qui ont soud\u00e9 l'identit\u00e9 palestinienne et inscrit le nom du po\u00e8te dans l'histoire de son pays -, la notori\u00e9t\u00e9 de Darwich n'a cess\u00e9 de cro\u00eetre, ses textes d'\u00eatre lus dans plus en plus de langues, ses r\u00e9citals de rassembler des foules, jusqu'aux hommages unanimes le jour de sa disparition, le 9 ao\u00fbt 2008. Longtemps \u00e9puis\u00e9, ce volume contient aussi les rares textes en prose de Darwich traduits en fran\u00e7ais : ces \" Chroniques de la tristesse ordinaire \" sont les \u00e9chos de la vie, tour \u00e0 tour r\u00e9volt\u00e9e, d\u00e9sesp\u00e9r\u00e9e, d'un Palestinien avant qu'il ne quitte, pour pr\u00e8s de vingt-cinq ans, sa terre natale. On y red\u00e9couvre les \u00e9bauches de dialogue avec l'occupant, une m\u00e9ditation sur la violence et sa place dans l'\u00e9mancipation des Palestiniens, d'amoureuses \u00e9vocations de la Terre sainte et de la ville \" b\u00e2tie sur des saphirs \" ... Darwich le Galil\u00e9en - il \u00e9tait n\u00e9 pr\u00e8s de Saint-Jean d'Acre en 1941 - d\u00e9clara un jour : \" J'\u00e9prouve une certaine fiert\u00e9 d'appartenir au pays qui a engendr\u00e9 J\u00e9sus. (...) Si le monde est t\u00e9moin chaque jour de plus d'un nouveau Golgotha, je note avec fiert\u00e9 que le premier Golgotha eut lieu en Palestine. Avoir cela en m\u00e9moire aiguise ma conscience personnelle, m'arme d'une grande force morale, ouvre devant moi un vaste horizon humain... \"","authors":["Mahmoud Darwich"],"category_codes":["1000000","1090000"],"visuals":{"large":"https:\/\/images.epagine.fr\/466\/9782204088466_1_75.jpg","medium":"https:\/\/images.epagine.fr\/466\/9782204088466_1_m.jpg","thumbnail":"https:\/\/images.epagine.fr\/466\/9782204088466_1_v.jpg"},"orderable":true,"show_badge":true,"formatted_price":"22,00&nbsp;\u20ac","formatted_published_date":"8 janvier 2009","publisher_availability_label":"Sur commande","short_details":"Mahmoud Darwich \u2014 Les \u00e9ditions du Cerf","translator":null,"weight":255,"page_count":null,"readership":null,"editor":"Les \u00e9ditions du Cerf","price":2200,"published_date":"2009-01-07T23:00:00.000000Z","support":"Grand format","publisher_availability":1,"stock":0,"editions":[],"url":"https:\/\/quaidesbrumes.com\/ouvrage\/9782204088466\/poemes-palestiniens-chronique-de-la-tristesse-ordinaire"},{"id":"9782955806630","title":"Au gre du gris des jours","description":"Le po\u00e8me \r\nau gr\u00e9 du gris des jours\r\nr\u00eaverie\r\nsur un soir\r\nqui enveloppe le jardin\r\no\u00f9 les oiseaux s'endorment.","authors":["Andriot"],"category_codes":["1000000","1090000","1090600"],"visuals":{"large":"https:\/\/images.epagine.fr\/630\/9782955806630_1_75.jpg","medium":"https:\/\/images.epagine.fr\/630\/9782955806630_1_m.jpg","thumbnail":"https:\/\/images.epagine.fr\/630\/9782955806630_1_v.jpg"},"orderable":true,"show_badge":true,"formatted_price":"12,00&nbsp;\u20ac","formatted_published_date":"2 ao\u00fbt 2017","publisher_availability_label":"Sur commande","short_details":"Andriot \u2014 Atelier Des Noyers","translator":null,"weight":66,"page_count":60,"readership":null,"editor":"Atelier Des Noyers","price":1200,"published_date":"2017-08-01T22:00:00.000000Z","support":"Grand format","publisher_availability":1,"stock":0,"editions":[],"url":"https:\/\/quaidesbrumes.com\/ouvrage\/9782955806630\/au-gre-du-gris-des-jours"},{"id":"9782955806685","title":"\u00c9clat(s)","description":null,"authors":["Nathalie Gu\u00e9raud"],"category_codes":["1000000","1090000","1090600"],"visuals":{"large":"https:\/\/quaidesbrumes.com\/img\/book-placeholder.png","medium":"https:\/\/quaidesbrumes.com\/img\/book-placeholder.png","thumbnail":"https:\/\/quaidesbrumes.com\/img\/book-placeholder.png"},"orderable":true,"show_badge":true,"formatted_price":"12,00&nbsp;\u20ac","formatted_published_date":"12 mars 2018","publisher_availability_label":"Sur commande","short_details":"Nathalie Gu\u00e9raud \u2014 Atelier Des Noyers","translator":null,"weight":68,"page_count":58,"readership":null,"editor":"Atelier Des Noyers","price":1200,"published_date":"2018-03-11T23:00:00.000000Z","support":"Grand format","publisher_availability":1,"stock":0,"editions":[],"url":"https:\/\/quaidesbrumes.com\/ouvrage\/9782955806685\/eclats"},{"id":"9782490185016","title":"Carnet Ocre","description":null,"authors":["Louise Dupr\u00e9"],"category_codes":["1000000","1090000","1090600"],"visuals":{"large":"https:\/\/quaidesbrumes.com\/img\/book-placeholder.png","medium":"https:\/\/quaidesbrumes.com\/img\/book-placeholder.png","thumbnail":"https:\/\/quaidesbrumes.com\/img\/book-placeholder.png"},"orderable":true,"show_badge":true,"formatted_price":"12,00&nbsp;\u20ac","formatted_published_date":"2 juin 1962","publisher_availability_label":"Sur commande","short_details":"Louise Dupr\u00e9 \u2014 Atelier Des Noyers","translator":null,"weight":68,"page_count":52,"readership":null,"editor":"Atelier Des Noyers","price":1200,"published_date":"1962-06-01T23:00:00.000000Z","support":"Grand format","publisher_availability":1,"stock":0,"editions":[],"url":"https:\/\/quaidesbrumes.com\/ouvrage\/9782490185016\/carnet-ocre"}]}