{"data":[{"id":"9782875052780","title":"L'arcane XI . la force ou le secret de l'escarboucle devoil\u00e9","description":"Cette carte nous dit aussi qu'une femme soigne la bouche du lion, et que pour trouver la vraie parole, il s'agit de rentrer dans cette bouche. Elle ajoute que la v\u00e9ritable force est de contr\u00f4ler sa peur pour glisser sa main dans la gueule de ce qu'on ne conna\u00eet pas.\r\nIl faut aussi donner sa main \u00e0 manger pour trouver la parole dans le couloir de ce qui parle.\r\nLa force n'est pas d'ouvrir cette gueule, mais de mettre cette main dedans.\r\nIl s'agit encore d'arracher la dent qui fait mal pour que la parole continue \u00e0 parler.\r\nCette gueule ouverte est celle de l'enfer.\r","authors":["Serge Pey"],"category_codes":["1000000","1090000"],"visuals":{"large":"https:\/\/images.epagine.fr\/780\/9782875052780_1_75.jpg","medium":"https:\/\/images.epagine.fr\/780\/9782875052780_1_m.jpg","thumbnail":"https:\/\/images.epagine.fr\/780\/9782875052780_1_v.jpg"},"orderable":true,"show_badge":true,"formatted_price":"3,00&nbsp;\u20ac","formatted_published_date":"19 mai 2017","publisher_availability_label":"Sur commande","short_details":"Serge Pey \u2014 Maelstr\u00d6m re\u00c9volution","translator":null,"weight":100,"page_count":36,"readership":null,"editor":"Maelstr\u00d6m re\u00c9volution","price":300,"published_date":"2017-05-18T22:00:00.000000Z","support":"Poche","publisher_availability":1,"stock":0,"editions":[],"url":"https:\/\/quaidesbrumes.com\/ouvrage\/9782875052780\/larcane-xi-la-force-ou-le-secret-de-lescarboucle-devoile"},{"id":"9782875052810","title":"Spiraliques","description":"Elle arrive elle se rapproche le portillon n'est pas loin elle arrive devant le portillon elle va passer le portillon c'est in\u00e9luctable on le sent on le sait c'est d'une logique imparable c'est \u00e9crit d'avance c'est pr\u00e9destin\u00e9 c'est r\u00e9gl\u00e9 rien ne peut l'emp\u00eacher c'est programm\u00e9 elle sort le ticket de son sac et le pr\u00e9sente \u00e0 la fente du bloc magn\u00e9tique pour le laisser avaler et d\u00e9gurgiter un peu plus loin (...) Difficile de ne pas \u00eatre emport\u00e9 par le... maelstr\u00f6m de ces \u00abSpiraliques\u00bb, dont le tourbillon nous entra\u00eene dans un rythme puissant. Il ne s'agit gu\u00e8re ici de po\u00e9sie tranquille pour r\u00eaveurs bucoliques, mais de souffle et d'ardeur, parfois m\u00eame d'un peu d'humour car n'est-il pas notre meilleure d\u00e9fense face \u00e0 l'absurde et au tragique ? Un ton tr\u00e8s personnel, en tout cas, une voix qui \u00ab r\u00e9sonne \u00bb en nous : voil\u00e0 sa meilleure \u00abraison\u00bb!\r","authors":["Patrick Le divenah"],"category_codes":["1000000","1090000","1090600"],"visuals":{"large":"https:\/\/images.epagine.fr\/810\/9782875052810_1_75.jpg","medium":"https:\/\/images.epagine.fr\/810\/9782875052810_1_m.jpg","thumbnail":"https:\/\/images.epagine.fr\/810\/9782875052810_1_v.jpg"},"orderable":true,"show_badge":true,"formatted_price":"3,00&nbsp;\u20ac","formatted_published_date":"19 mai 2017","publisher_availability_label":"Sur commande","short_details":"Patrick Le divenah \u2014 Maelstr\u00d6m re\u00c9volution","translator":null,"weight":100,"page_count":36,"readership":null,"editor":"Maelstr\u00d6m re\u00c9volution","price":300,"published_date":"2017-05-18T22:00:00.000000Z","support":"Poche","publisher_availability":1,"stock":0,"editions":[],"url":"https:\/\/quaidesbrumes.com\/ouvrage\/9782875052810\/spiraliques"},{"id":"9782378961107","title":"D\u00e9fense, illustration, impatience et \u00e9pluchures de la langue fran\u00e7aise","description":"D\u00e9fense, illustration, impatience et \u00e9pluchures de la langue fran\u00e7aise est un texte faussement simple, fait de mat\u00e9riaux bruts. Il pourrait \u00eatre lu comme la laisse d'une collision des mondes, leur usure, leurs rebonds. Il n'y a pas de d\u00e9cors, les acteurs ont disparus, les art\u00e8res s'agr\u00e8gent, la langue est faite par les invisibles qui la portent et s'en d\u00e9lestent, voix multiples, charge critique poudr\u00e9e d'ironie et de m\u00e9lancolie. Recevez cet amas d'\u00e9pluchures comme le futur engrais de la langue. Vous y trouverez La poursuite du mouvement, Des p\u00e9nuries ou des \u00e9meutes, Bruits de couloir, un rythme continu entre quelques craquelures.\r","authors":["Daniel Pozner"],"category_codes":["1000000","1090000","1090600"],"visuals":{"large":"https:\/\/images.epagine.fr\/107\/9782378961107_1_75.jpg","medium":"https:\/\/images.epagine.fr\/107\/9782378961107_1_m.jpg","thumbnail":"https:\/\/images.epagine.fr\/107\/9782378961107_1_v.jpg"},"orderable":true,"show_badge":true,"formatted_price":"10,00&nbsp;\u20ac","formatted_published_date":"6 septembre 2019","publisher_availability_label":"Sur commande","short_details":"Daniel Pozner \u2014 Les presses du r\u00e9el","translator":null,"weight":110,"page_count":72,"readership":null,"editor":"Les presses du r\u00e9el","price":1000,"published_date":"2019-09-05T22:00:00.000000Z","support":"Grand format","publisher_availability":1,"stock":0,"editions":[],"url":"https:\/\/quaidesbrumes.com\/ouvrage\/9782378961107\/defense-illustration-impatience-et-epluchures-de-la-langue-francaise"},{"id":"9782355771729","title":"T\u00f4le froiss\u00e9e","description":"T'as cri\u00e9 forc\u00e9ment. Tu serais pas l\u00e0 autrement.\r\n\r\n\u00c7a te ferait du bien de l'entendre le cri.\r\n\r\nDe l'entendre pour la premi\u00e8re fois le premier cri.\r\n\r\nT'as pas pu.\r\n\r\nLe cri d'embarquement dans l'Camion le cri d'arriv\u00e9e.\r\n\r\nT'as pas pu.\r\n\r\nLe cri d'aptitude. Bon pour le passage.\r\n\r\nT'as pas pu.\r\n\r\nT'as rien entendu. T'as senti. Le choc.\r\n\r\nL'air qui entre. La violence.\r\n\r\nT'as cri\u00e9 forc\u00e9ment. La violence.\r\n\r\nT'as cri\u00e9 pour respirer. Crier c'est pour respirer.\r\n\r\nRespirer c'est tout seul. La s\u00e9paration.\r\n\r\nCrier c'est pour respirer pas pour \u00e9couter.\r\n\r\nN'emp\u00eache que \u00e7a te ferait du bien de l'entendre le cri parce que toi tu peux plus.\r\n\r\nTu peux plus crier la vie ... La vie et rien que la vie. Le cri de la vie.\r\n\r\nTu peux plus.\r\n\r\nT'as plus le son. Plus le bon son.\r\n\r\nD\u00e8s que t'essayes de crier la vie et rien d'autre.\r\n\r\nUn autre cri arrive. Un cri modifi\u00e9.\r\n\r\nLe cri d'un autre et d'un autre et d'un autre ... Le cri de tous les autres.\r","authors":["Lili Frikh"],"category_codes":["1000000","1090000","1090600"],"visuals":{"large":"https:\/\/images.epagine.fr\/729\/9782355771729_1_75.jpg","medium":"https:\/\/images.epagine.fr\/729\/9782355771729_1_m.jpg","thumbnail":"https:\/\/images.epagine.fr\/729\/9782355771729_1_v.jpg"},"orderable":true,"show_badge":true,"formatted_price":"15,00&nbsp;\u20ac","formatted_published_date":"20 juillet 2018","publisher_availability_label":"Sur commande","short_details":"Lili Frikh \u2014 La Rumeur Libre","translator":null,"weight":93,"page_count":60,"readership":null,"editor":"La Rumeur Libre","price":1500,"published_date":"2018-07-19T22:00:00.000000Z","support":"Grand format","publisher_availability":1,"stock":0,"editions":[],"url":"https:\/\/quaidesbrumes.com\/ouvrage\/9782355771729\/tole-froissee"},{"id":"9782842423315","title":"La baignoire d'Archim\u00e8de ; anthologie de l'ob\u00e8riou","description":"La po\u00e9sie russe du XXe.. i\u00e8cle, exceptionnellement riche en \u00e9coles, m..uvements et grands nom.., s'est peu \u00e0 peu r\u00e9v\u00e9l\u00e9e aux lecteurs francophones au cours des derni\u00e8res d\u00e9cennies. Seule exception notable : les po\u00e8tes de l'OB\u00c8RIOU qui, aujourd'hui encore, de..murent m\u00e9connus, voire inconnus pour certains d'entre eux. En Russie m\u00eame, ils n'ont pas encore trouv\u00e9 toute la place q..uleiur revient ; les premi\u00e8res \u00e9ditions s\u00e9rieuses ne datent, dans la plupart des cas, que des ann\u00e9es 1990-2000... 'explication tient sans doute en partie au fait que, surgis sur la sc\u00e8ne litt\u00e9raire dans la seconde moiti\u00e9 des ann\u00e9es vingt en tant qu'ultime phalange du modernisme russe, ces po\u00e8tes furent pratiquement interdits de publication de leur vivant (2.. u 3 po\u00e9sies seulement pour Harms, Vv\u00e9denski, Ole\u00efnikov, aucune pour Bahkt\u00e9rev ou Tiouv\u00e9lev), avant de succomber \u00e0 une r\u00e9pression sans pr\u00e9c\u00e9dent qui pr\u00e9ludera \u00e0 leur absence prolong\u00e9e du paysage po\u00e9tique.\r\nCr\u00e9\u00e9e \u00e0 la fin de 1927, l'OB\u00c8RIOU (Association de l'ar..t\u00e9 el) avait pratiquement cess\u00e9 d'exister d\u00e8s 1931 et l'appartenance formelle au groupe, oppos\u00e9 \u00e0 tous les \u00ab ismes \u00bb, la participation \u00e0 ses happenings dans le droit fil de l'avant-garde russe \u00e9taient parfois al\u00e9atoires ; il n'en demeure pas moins que ces po\u00e8tes apparaissent li\u00e9s par une audace m\u00e9taphorique et s\u00e9mantique, une libert\u00e9 formelle et conceptuelle, un humour au registre tr\u00e8s \u00e9tendu qui leur permettaient d'exprimer leur \u00ab \u00e9cart \u00bb, leur d\u00e9calage certes souvent \u00ab infime \u00bb mais absolu - \u00e0 tous les niveaux de la langue, du style et du rappo..rut monde - vis-\u00e0-vis du r\u00e9alism.. socialiste, du nouvel univers \u00ab tragiquement optim..ste \u00bb qui finit par ..otrmpher dans les ann\u00e9es 1930. L'oeuvre des po\u00e8tes de l'OB\u00c8RIOU, malgr\u00e9 des pertes substantielles, a cependant travers\u00e9 les\r","authors":["Collectif"],"category_codes":["1000000","1090000"],"visuals":{"large":"https:\/\/images.epagine.fr\/315\/9782842423315_1_75.jpg","medium":"https:\/\/images.epagine.fr\/315\/9782842423315_1_m.jpg","thumbnail":"https:\/\/images.epagine.fr\/315\/9782842423315_1_v.jpg"},"orderable":true,"show_badge":true,"formatted_price":"24,50&nbsp;\u20ac","formatted_published_date":"16 ao\u00fbt 2012","publisher_availability_label":"Sur commande","short_details":"Collectif \u2014 CIRCE","translator":null,"weight":416,"page_count":420,"readership":null,"editor":"CIRCE","price":2450,"published_date":"2012-08-15T22:00:00.000000Z","support":"Grand format","publisher_availability":1,"stock":0,"editions":[],"url":"https:\/\/quaidesbrumes.com\/ouvrage\/9782842423315\/la-baignoire-darchimede-anthologie-de-loberiou"},{"id":"9782378962296","title":"Objet et sujet dans les miroirs de la po\u00e9sie","description":"Une analyse singuli\u00e8re de la modernit\u00e9 po\u00e9tique italienne et de son rapport au r\u00e9el par le po\u00e8te et th\u00e9oricien Gabriele Belletti. \r\nLe XXe si\u00e8cle a \u00e9t\u00e9 caract\u00e9ris\u00e9, en Italie comme ailleurs, par une production po\u00e9tique foisonnante et vari\u00e9e, aussi bien du c\u00f4t\u00e9 des courants artistiques et critiques que des revues. Luciano Anceschi, l'un des principaux repr\u00e9sentants de la n\u00e9o-ph\u00e9nom\u00e9nologie italienne, avait choisi d'appeler cela \u00ab une for\u00eat de for\u00eats \u00bb en constatant, d\u00e8s le d\u00e9but des ann\u00e9es 60, les limites de la d\u00e9marche \u00e9pist\u00e9mologique traditionnelle et crociana vis-\u00e0-vis de la production des n\u00e9o-avant-gardes : pour rendre compte de la complexit\u00e9 de cette production, le recours \u00e0 une recherche esth\u00e9tique compr\u00e9hensive aurait \u00e9touff\u00e9 la complexe h\u00e9t\u00e9rog\u00e9n\u00e9it\u00e9 de cette production. Autrement dit, il s'agissait, pour Anceschi, de mettre au point une m\u00e9thodologie pouvant concilier le militantisme critique, la rigueur de la d\u00e9marche scientifique et l'appr\u00e9hension d'une po\u00e9tique\/po\u00ef\u00e9tique se voulant r\u00e9solument transgressive et qui prendra le nom de n\u00e9oph\u00e9nom\u00e9nologie critique. \r\nGabriele Belletti propose ici une illustration de cet outil \u00e9pist\u00e9mologique original, par le biais duquel il questionne l'oeuvre de cinq po\u00e8tes italiens parmi les plus f\u00e9conds de la seconde moiti\u00e9 du XXe si\u00e8cle : Antonio Porta, Dario Bellezza, Fabio Pusterla, Tommaso Ottonieri et Elisa Biagini.\r","authors":["Gabriele Belletti"],"category_codes":["1000000","1090000","1090600"],"visuals":{"large":"https:\/\/images.epagine.fr\/296\/9782378962296_1_75.jpg","medium":"https:\/\/images.epagine.fr\/296\/9782378962296_1_m.jpg","thumbnail":"https:\/\/images.epagine.fr\/296\/9782378962296_1_v.jpg"},"orderable":true,"show_badge":true,"formatted_price":"30,00&nbsp;\u20ac","formatted_published_date":"12 mars 2021","publisher_availability_label":"Sur commande","short_details":"Gabriele Belletti \u2014 Les presses du r\u00e9el","translator":null,"weight":460,"page_count":328,"readership":null,"editor":"Les presses du r\u00e9el","price":3000,"published_date":"2021-03-11T23:00:00.000000Z","support":"Grand format","publisher_availability":1,"stock":0,"editions":[],"url":"https:\/\/quaidesbrumes.com\/ouvrage\/9782378962296\/objet-et-sujet-dans-les-miroirs-de-la-poesie"},{"id":"9782378962388","title":"Nuages dans les nuages","description":"Po\u00e8te de la d\u00e9licatesse et de la rigueur, Ghassan Alkhunaizi n'est pas un auteur prolifique - ce qui rend sa po\u00e9sie d'autant plus pr\u00e9cieuse et exigeante. Une voix de la po\u00e9sie saoudienne qui gagne \u00e0 \u00eatre connue au-del\u00e0 des fronti\u00e8res de sa langue d'\u00e9criture.\r\n\r\n...\r\nNous nous sommes tenus au chevet Du basilic \u00e0 votre s\u00e9pulture Et l'on a cru voir l'\u00e2me apais\u00e9e se mesurant aux oiseaux Nous y avons consenti \u00e0 l'envol\u00e9e de l'\u00e2me Et \u00e0 ce que dorment nos bien-aim\u00e9s Dans les profondeurs s\u00e9pulcrales de l'endroit.\r\n...\r","authors":["Ghassan Alkhunaizi","Mo\u00ebz Majed"],"category_codes":["1000000","1090000","1090600"],"visuals":{"large":"https:\/\/images.epagine.fr\/388\/9782378962388_1_75.jpg","medium":"https:\/\/images.epagine.fr\/388\/9782378962388_1_m.jpg","thumbnail":"https:\/\/images.epagine.fr\/388\/9782378962388_1_v.jpg"},"orderable":true,"show_badge":true,"formatted_price":"12,00&nbsp;\u20ac","formatted_published_date":"28 mai 2021","publisher_availability_label":"Sur commande","short_details":"Ghassan Alkhunaizi, Mo\u00ebz Majed \u2014 Les presses du r\u00e9el","translator":"MOEZ MAJED","weight":180,"page_count":128,"readership":null,"editor":"Les presses du r\u00e9el","price":1200,"published_date":"2021-05-27T22:00:00.000000Z","support":"Grand format","publisher_availability":1,"stock":0,"editions":[],"url":"https:\/\/quaidesbrumes.com\/ouvrage\/9782378962388\/nuages-dans-les-nuages"},{"id":"9782875054661","title":"Songes habitables","description":"Quand vient le soir nous empruntons les \u00e9chafaudages contrairement aux bourgeois qui prennent l'ascenseur Les bourgeois ne prennent jamais autre chose que l'ascenseur automatique Nous nous empruntons les \u00e9chafaudages et nous ne prenons pas l'ascenseur car seuls les \u00e9chafaudages permettent d'acc\u00e9der aux chantiers du ciel au-dessus des toits","authors":["Th\u00e9o Plantefol"],"category_codes":["1000000","1090000","1090600"],"visuals":{"large":"https:\/\/images.epagine.fr\/661\/9782875054661_1_75.jpg","medium":"https:\/\/images.epagine.fr\/661\/9782875054661_1_m.jpg","thumbnail":"https:\/\/images.epagine.fr\/661\/9782875054661_1_v.jpg"},"orderable":true,"show_badge":true,"formatted_price":"3,00&nbsp;\u20ac","formatted_published_date":"4 juin 2023","publisher_availability_label":"Sur commande","short_details":"Th\u00e9o Plantefol \u2014 Maelstr\u00d6m re\u00c9volution","translator":null,"weight":101,"page_count":56,"readership":null,"editor":"Maelstr\u00d6m re\u00c9volution","price":300,"published_date":"2023-06-03T22:00:00.000000Z","support":"Poche","publisher_availability":1,"stock":0,"editions":[],"url":"https:\/\/quaidesbrumes.com\/ouvrage\/9782875054661\/songes-habitables"},{"id":"9782875054654","title":"Nuits diphoniques ; contre-espaces","description":"Nuits diphoniques explore, au seuil d'une mythologie personnelle, la folie blanche du r\u00eave \u00e0 travers la voix d\u00e9doubl\u00e9e de po\u00e8mes schizo\u00efdes, la coh\u00e9rence d\u00e9routante du r\u00e9cit onirique, sa langue transgressive. Contre-Espaces rassemble des po\u00e8mes localis\u00e9s o\u00f9 la rationalit\u00e9 des donn\u00e9es g\u00e9ographiques coexiste avec le pouvoir alt\u00e9rant des lieux.","authors":["Hoda Hili"],"category_codes":["1000000","1090000","1090600"],"visuals":{"large":"https:\/\/images.epagine.fr\/654\/9782875054654_1_75.jpg","medium":"https:\/\/images.epagine.fr\/654\/9782875054654_1_m.jpg","thumbnail":"https:\/\/images.epagine.fr\/654\/9782875054654_1_v.jpg"},"orderable":true,"show_badge":true,"formatted_price":"3,00&nbsp;\u20ac","formatted_published_date":"7 juin 2023","publisher_availability_label":"Sur commande","short_details":"Hoda Hili \u2014 Maelstr\u00d6m re\u00c9volution","translator":null,"weight":101,"page_count":56,"readership":null,"editor":"Maelstr\u00d6m re\u00c9volution","price":300,"published_date":"2023-06-06T22:00:00.000000Z","support":"Poche","publisher_availability":1,"stock":0,"editions":[],"url":"https:\/\/quaidesbrumes.com\/ouvrage\/9782875054654\/nuits-diphoniques-contre-espaces"},{"id":"9782875054784","title":"Watcheutch ! : 31 flocons urbains","description":"Flocons de temps infiniment compt\u00e9 ondes souples en torsades d'ab\u00eemes ne compter que sur l'assise. D'instants aux cardinaux effac\u00e9s, permuter et trahir l'oubli. Dire pour ne plus mourir.\u00a0","authors":["Gauthier Keyaerts"],"category_codes":["1000000","1090000"],"visuals":{"large":"https:\/\/images.epagine.fr\/784\/9782875054784_1_75.jpg","medium":"https:\/\/images.epagine.fr\/784\/9782875054784_1_m.jpg","thumbnail":"https:\/\/images.epagine.fr\/784\/9782875054784_1_v.jpg"},"orderable":true,"show_badge":true,"formatted_price":"3,00&nbsp;\u20ac","formatted_published_date":"14 d\u00e9cembre 2023","publisher_availability_label":"Sur commande","short_details":"Gauthier Keyaerts \u2014 Maelstr\u00d6m re\u00c9volution","translator":null,"weight":101,"page_count":40,"readership":null,"editor":"Maelstr\u00d6m re\u00c9volution","price":300,"published_date":"2023-12-13T23:00:00.000000Z","support":"Poche","publisher_availability":1,"stock":0,"editions":[],"url":"https:\/\/quaidesbrumes.com\/ouvrage\/9782875054784\/watcheutch-31-flocons-urbains"},{"id":"9782958160906","title":"Sillon","description":"Un \u00ab r\u00e9cit-po\u00e8me \u00bb, constituant l'un des volets d'un projet de Jean-Guy Coulange comprenant aussi deux pi\u00e8ces radiophoniques et une exposition.\r\nLe narrateur est dans son petit appartement, face \u00e0 la mer \u00e0 Saint-Malo.\r\nSur Le Sillon.\r\nIl d\u00e9sirait cela depuis longtemps : \u00eatre ici, face \u00e0 la mer et se lever t\u00f4t.\r\nC'est ce qu'il va raconter. Il est six heures du matin. Il \u00e9coute. Il regarde. Est-il enferm\u00e9 ? Confin\u00e9 ? Derri\u00e8re la grande fen\u00eatre la lumi\u00e8re, les strates, le lointain. Et il y a les personnages-silhouettes. Le narrateur les observe. Peu \u00e0 peu ils entrent dans la pi\u00e8ce, la pi\u00e8ce de l'appartement et le r\u00e9cit, comme les promeneurs, les joggers, les surfeurs, comme le sable et les rochers.\r\nLe livre Sillon est un volet du projet \u00e9ponyme qui comporte aussi deux pi\u00e8ces sonores pour la RTBF et une exposition (du 12 juillet au 26 ao\u00fbt 2022 au S\u00e9maphore de la Pointe du Grouin en Bretagne).","authors":["Jean-Guy Coulange"],"category_codes":["1000000","1090000","1090600"],"visuals":{"large":"https:\/\/images.epagine.fr\/906\/9782958160906_1_75.jpg","medium":"https:\/\/images.epagine.fr\/906\/9782958160906_1_m.jpg","thumbnail":"https:\/\/images.epagine.fr\/906\/9782958160906_1_v.jpg"},"orderable":true,"show_badge":true,"formatted_price":"15,00&nbsp;\u20ac","formatted_published_date":"7 avril 2022","publisher_availability_label":"Sur commande","short_details":"Jean-Guy Coulange \u2014 Les presses du r\u00e9el","translator":null,"weight":240,"page_count":68,"readership":null,"editor":"Les presses du r\u00e9el","price":1500,"published_date":"2022-04-06T22:00:00.000000Z","support":"Grand format","publisher_availability":1,"stock":0,"editions":[],"url":"https:\/\/quaidesbrumes.com\/ouvrage\/9782958160906\/sillon"},{"id":"9782378963309","title":"Libellule","description":"Par le biais d'un message d'amour, l'\u00e9crivain convoque les souvenirs et les lieux de sa propre enfance et exprime, tout en suggestion, une pens\u00e9e pessimiste et douloureuse d'une Tunisie \u00e0 la d\u00e9rive, qui offre actuellement, \u00e0 sa jeunesse, un devenir sombre - tout en esp\u00e9rant que la lumi\u00e8re revienne.\r\nLe po\u00e8te prend les chemins de traverses, ceux de l'intime. \r\nLe lieu, la m\u00e9moire, le lien au pays, la parentalit\u00e9 donn\u00e9e et re\u00e7ue...\r\nLa culpabilit\u00e9. Celle de toute une g\u00e9n\u00e9ration qui a v\u00e9cu et subi les chaos id\u00e9ologiques, esth\u00e9tiques et politiques en Tunisie. \r\nEt si la culpabilit\u00e9 devenait po\u00e9tique ?\r\nEt si par le biais de quelques mots, de quelques vers, on revisitait les non-dits, ceux de l'\u00eatre et d'une soci\u00e9t\u00e9 d\u00e9pass\u00e9e par ses mutations ?\r\n\r\n\u00ab Je me tiens \u00e0 la disposition du souvenir Des grands vents des steppes sourdes Des longues et silencieuses nuits \u00e0 venir Et j'attends... \u00bb","authors":["Mo\u00ebz Majed"],"category_codes":["1000000","1090000","1090600"],"visuals":{"large":"https:\/\/images.epagine.fr\/309\/9782378963309_1_75.jpg","medium":"https:\/\/images.epagine.fr\/309\/9782378963309_1_m.jpg","thumbnail":"https:\/\/images.epagine.fr\/309\/9782378963309_1_v.jpg"},"orderable":true,"show_badge":true,"formatted_price":"10,00&nbsp;\u20ac","formatted_published_date":"30 mai 2022","publisher_availability_label":"Sur commande","short_details":"Mo\u00ebz Majed \u2014 Les presses du r\u00e9el","translator":null,"weight":110,"page_count":56,"readership":null,"editor":"Les presses du r\u00e9el","price":1000,"published_date":"2022-05-29T22:00:00.000000Z","support":"Grand format","publisher_availability":1,"stock":0,"editions":[],"url":"https:\/\/quaidesbrumes.com\/ouvrage\/9782378963309\/libellule"},{"id":"9782378963316","title":"Soleil la nuit","description":"Un po\u00e8me-fleuve qui interroge notre \u00eatre au monde avec une libert\u00e9 \u00e0 la fois nouvelle et atemporelle, comme si cette parole nous venait des origines.","authors":["Jean-Luc Parant"],"category_codes":["1000000","1090000","1090600"],"visuals":{"large":"https:\/\/images.epagine.fr\/316\/9782378963316_1_75.jpg","medium":"https:\/\/images.epagine.fr\/316\/9782378963316_1_m.jpg","thumbnail":"https:\/\/images.epagine.fr\/316\/9782378963316_1_v.jpg"},"orderable":true,"show_badge":true,"formatted_price":"9,00&nbsp;\u20ac","formatted_published_date":"30 mai 2022","publisher_availability_label":"Sur commande","short_details":"Jean-Luc Parant \u2014 Les presses du r\u00e9el","translator":null,"weight":106,"page_count":56,"readership":null,"editor":"Les presses du r\u00e9el","price":900,"published_date":"2022-05-29T22:00:00.000000Z","support":"Grand format","publisher_availability":1,"stock":0,"editions":[],"url":"https:\/\/quaidesbrumes.com\/ouvrage\/9782378963316\/soleil-la-nuit"},{"id":"9782390491040","title":"La petite robe noire du n\u00e9ant","description":"\u00ab Nous courons \u00e0 notre perte mais ce n'est pas une comp\u00e9tition. \u00bb\r\nCette inscription a \u00e9t\u00e9 retrouv\u00e9e, parmi des milliers d'autres, grav\u00e9e \u00e0 l'int\u00e9rieur d'une grande jarre exhum\u00e9e dans un champ de fouilles arch\u00e9ologiques pr\u00e8s de Corinthe.\r\nS'agit-il de Diog\u00e8ne de Sinope ? Peut-\u00eatre, mais d'autres inscriptions indiquent des \u00e9poques ant\u00e9rieures voire ant\u00e9diluviennes o\u00f9 il est question entre autres d'\u00e9lectricit\u00e9, de trottinettes, de t\u00e9l\u00e9ski, de grooms d'ascenseurs, de cabines et de d\u00e9marcheurs t\u00e9l\u00e9phoniques, de villes mythiques comme Paris, de majordomes et de managers, de virus publicitaires ou de tribus l\u00e9gendaires comme les redoutables Algorithmes et les effroyables Touristes.\r\nAu-del\u00e0 de leur int\u00e9r\u00eat patrimonial \u00e9vident, ces inscriptions que nous avons pu d\u00e9chiffrer et dont nous livrons au public un floril\u00e8ge, constituent le t\u00e9moignage \u00e9mouvant et parfois drolatique d'une civilisation certes primitive, mais consciente d\u00e9j\u00e0 de son in\u00e9luctable disparition sur la plan\u00e8te qu'elle appelait \u00ab Terre \u00bb.","authors":["Paul Lambda"],"category_codes":["1000000","1090000","1090600"],"visuals":{"large":"https:\/\/images.epagine.fr\/040\/9782390491040_1_75.jpg","medium":"https:\/\/images.epagine.fr\/040\/9782390491040_1_m.jpg","thumbnail":"https:\/\/images.epagine.fr\/040\/9782390491040_1_v.jpg"},"orderable":true,"show_badge":true,"formatted_price":"12,00&nbsp;\u20ac","formatted_published_date":"19 juin 2024","publisher_availability_label":"Sur commande","short_details":"Paul Lambda \u2014 Cactus In\u00e9branlable","translator":null,"weight":100,"page_count":96,"readership":null,"editor":"Cactus In\u00e9branlable","price":1200,"published_date":"2024-06-18T22:00:00.000000Z","support":"Grand format","publisher_availability":1,"stock":0,"editions":[],"url":"https:\/\/quaidesbrumes.com\/ouvrage\/9782390491040\/la-petite-robe-noire-du-neant"},{"id":"9782390491033","title":"Dechet homo","description":"Serge Basso de March est un individu litt\u00e9raro-compulsif compos\u00e9 de 80 % d'eau et de 20 % d'abattis divers. Fruit d'une rencontre maritale intentionn\u00e9e et conventionnelle entre son p\u00e8re et sa m\u00e8re, il a grandi dans la Meuse profonde avant de s'exiler, en sortant d'une adolescence acn\u00e9ique et paradoxale, ailleurs et m\u00eame plus loin. Et, s'il est commun\u00e9ment admis que les voyages forment la jeunesse, il a vieilli comme les autres. Aujourd'hui sex(e)ag\u00e9naire il continue, cependant, \u00e0 \u00eatre un homme affame. Depuis son premier livre, il aime les mots au point de s'en m\u00e9fier. On le dit po\u00e8te, c'est pourquoi fid\u00e8le \u00e0 la pens\u00e9e de Nabokov :\u00a0L'aphorisme est un sympt\u00f4me d'ath\u00e9roscl\u00e9rose, et par esprit de contradiction, il se pla\u00eet \u00e0 \u00e9crire des maximes bancroches et des pens\u00e9es bancales qui sont \u00e0 la philosophie ce que la saumure est au thon en bo\u00eete. Bref on ne peut que vous conseiller de les lire de haut en bas et m\u00eame de travers... c'est dire !","authors":["Serge Basso de march"],"category_codes":["1000000","1090000","1090600"],"visuals":{"large":"https:\/\/images.epagine.fr\/033\/9782390491033_1_75.jpg","medium":"https:\/\/images.epagine.fr\/033\/9782390491033_1_m.jpg","thumbnail":"https:\/\/images.epagine.fr\/033\/9782390491033_1_v.jpg"},"orderable":true,"show_badge":true,"formatted_price":"12,00&nbsp;\u20ac","formatted_published_date":"6 juin 2024","publisher_availability_label":"Sur commande","short_details":"Serge Basso de march \u2014 Cactus In\u00e9branlable","translator":null,"weight":100,"page_count":78,"readership":null,"editor":"Cactus In\u00e9branlable","price":1200,"published_date":"2024-06-05T22:00:00.000000Z","support":"Grand format","publisher_availability":1,"stock":0,"editions":[],"url":"https:\/\/quaidesbrumes.com\/ouvrage\/9782390491033\/dechet-homo"},{"id":"9782875055026","title":"Pestiaire","description":"Le 18 janvier 2024 paraissait dans le journal Lib\u00e9ration une tribune \/ p\u00e9tition r\u00e9clamant le retrait du parrainage du Printemps des po\u00e8tes par un \u00e9crivain reconnu.\r\nLa r\u00e9action, une lev\u00e9e d'insultes et d'invectives en grand nombre, \u00e0 travers toutes sortes de m\u00e9dias, me confirma le bien-fond\u00e9 de ma signature.\r\nL'id\u00e9e m'est venue de r\u00e9pondre \u00e0 chacune, mais sur un autre registre.\r\nL'insulte cafards m'a \u00e9voqu\u00e9 le Bestiaire d'Apollinaire. \r\nPestiaire s'est impos\u00e9 pour des raisons \u00e9videntes.","authors":["Antoine Simon"],"category_codes":["1000000","1090000"],"visuals":{"large":"https:\/\/images.epagine.fr\/026\/9782875055026_1_75.jpg","medium":"https:\/\/images.epagine.fr\/026\/9782875055026_1_m.jpg","thumbnail":"https:\/\/images.epagine.fr\/026\/9782875055026_1_v.jpg"},"orderable":true,"show_badge":true,"formatted_price":"3,00&nbsp;\u20ac","formatted_published_date":"19 juin 2024","publisher_availability_label":"Sur commande","short_details":"Antoine Simon \u2014 Maelstr\u00d6m re\u00c9volution","translator":null,"weight":5,"page_count":36,"readership":null,"editor":"Maelstr\u00d6m re\u00c9volution","price":300,"published_date":"2024-06-18T22:00:00.000000Z","support":"Poche","publisher_availability":1,"stock":0,"editions":[],"url":"https:\/\/quaidesbrumes.com\/ouvrage\/9782875055026\/pestiaire"},{"id":"9782378963323","title":"Enqu\u00eate de flagrance pour musique l\u00e9tale","description":"Un si\u00e8cle apr\u00e8s les fameux Souvenirs de la cour d'assises d'Andr\u00e9 Gide, Fr\u00e9d\u00e9ric Acquaviva nous livre le r\u00e9cit circonstanci\u00e9 de son devoir civique de jur\u00e9 populaire. Dans ce texte dense et grave, seul exemple connu d'art sonore judiciaire, Acquaviva, en Mozart de la cour d'assises, s'interroge sur la justice et son fonctionnement, mais surtout insiste sur la fragile barri\u00e8re qui s\u00e9pare les criminels des honn\u00eates compositeurs.","authors":["Fr\u00e9d\u00e9ric Acquaviva"],"category_codes":["1000000","1090000","1090600"],"visuals":{"large":"https:\/\/images.epagine.fr\/323\/9782378963323_1_75.jpg","medium":"https:\/\/images.epagine.fr\/323\/9782378963323_1_m.jpg","thumbnail":"https:\/\/images.epagine.fr\/323\/9782378963323_1_v.jpg"},"orderable":true,"show_badge":true,"formatted_price":"10,00&nbsp;\u20ac","formatted_published_date":"1er septembre 2022","publisher_availability_label":"Sur commande","short_details":"Fr\u00e9d\u00e9ric Acquaviva \u2014 Les presses du r\u00e9el","translator":null,"weight":84,"page_count":48,"readership":null,"editor":"Les presses du r\u00e9el","price":1000,"published_date":"2022-08-31T22:00:00.000000Z","support":"Grand format","publisher_availability":1,"stock":0,"editions":[],"url":"https:\/\/quaidesbrumes.com\/ouvrage\/9782378963323\/enquete-de-flagrance-pour-musique-letale"},{"id":"9782378963682","title":"Malo suivie","description":"En 132 fragments, Malo suivie publie le d\u00e9sir d'un homme, le Regardeur-Percevant, pour une femme dite Malo. Ce texte, en formulant le manque et l'attrait par le moyen de l'esquisse, prolonge le travail amorc\u00e9 plus t\u00f4t avec Neumes.\r\nPour dire le rapport en tension du Regardeur-Percevant avec Malo, l'auteur a fait le choix d'une phrase segment\u00e9e : id est la phrase, en partie ou dans son ensemble, est augment\u00e9e souvent de sa premi\u00e8re variation, et de sa correction quand elle se justifie, ou bien un mot de la phrase est accompagn\u00e9 quelquefois de son premier \u00e9quivalent. Mais le proc\u00e9d\u00e9 ne veut pas nuire au d\u00e9roul\u00e9 du propos. L'auteur souhaite que la totalit\u00e9 de ces 132 fragments, s'il ne respecte aucune logique narrative, puisse \u00eatre lu d'un seul mouvement.\r\n\r\n\u00ab Tout au long du r\u00e9cit, l'homme vit dans le simulacre d'une aventure impossible, voulant faire de son r\u00eave une r\u00e9alit\u00e9 provisoire. Le voici bient\u00f4t dans l'illusion qu'il ne sait plus distinguer de l'illusion, s'\u00e9tant compos\u00e9 une r\u00e9alit\u00e9 nouvelle o\u00f9 se m\u00eale l'ing\u00e9nuit\u00e9 \u00e0 quelques exc\u00e8s durables \u00bb.","authors":["Henri Lefebvre"],"category_codes":["1000000","1090000","1090600"],"visuals":{"large":"https:\/\/images.epagine.fr\/682\/9782378963682_1_75.jpg","medium":"https:\/\/images.epagine.fr\/682\/9782378963682_1_m.jpg","thumbnail":"https:\/\/images.epagine.fr\/682\/9782378963682_1_v.jpg"},"orderable":true,"show_badge":true,"formatted_price":"10,00&nbsp;\u20ac","formatted_published_date":"29 septembre 2022","publisher_availability_label":"Sur commande","short_details":"Henri Lefebvre \u2014 Les presses du r\u00e9el","translator":null,"weight":87,"page_count":48,"readership":null,"editor":"Les presses du r\u00e9el","price":1000,"published_date":"2022-09-28T22:00:00.000000Z","support":"Grand format","publisher_availability":1,"stock":0,"editions":[],"url":"https:\/\/quaidesbrumes.com\/ouvrage\/9782378963682\/malo-suivie"},{"id":"9782378964214","title":"Rilke Shake","description":"Rilke Shake - d\u00e9clinaison humoristique du milkshake - convoque une partie de la biblioth\u00e8que de l'auteure (Mallarm\u00e9, Ezra Pond, Gertrude Stein, etc.) dans des sc\u00e9nettes po\u00e9tiques tour \u00e0 tour cocasses, burlesques, absurdes... \u00c0 la fois trivial et \u00e9rudit, cette po\u00e9sie effr\u00e9n\u00e9e explose d'images de f\u00eates - et de lendemains de f\u00eates -, de flashs de la rue, et de rappels du Br\u00e9sil.","authors":["Ang\u00e9lica Freitas"],"category_codes":["1000000","1090000","1090600"],"visuals":{"large":"https:\/\/images.epagine.fr\/214\/9782378964214_1_75.jpg","medium":"https:\/\/images.epagine.fr\/214\/9782378964214_1_m.jpg","thumbnail":"https:\/\/images.epagine.fr\/214\/9782378964214_1_v.jpg"},"orderable":true,"show_badge":false,"formatted_price":"13,00&nbsp;\u20ac","formatted_published_date":"30 mars 2023","publisher_availability_label":"Sur commande","short_details":"Ang\u00e9lica Freitas \u2014 Les presses du r\u00e9el","translator":null,"weight":103,"page_count":64,"readership":null,"editor":"Les presses du r\u00e9el","price":1300,"published_date":"2023-03-29T22:00:00.000000Z","support":"Grand format","publisher_availability":1,"stock":1,"editions":[],"url":"https:\/\/quaidesbrumes.com\/ouvrage\/9782378964214\/rilke-shake"},{"id":"9782378964191","title":"Effracte","description":"Morcel\u00e9 par le travail, la douleur, l'enfance et la perte, Effracte se compose de trois s\u00e9quences g\u00e9n\u00e9rant chacune leur handicap \u00e0 exprimer l'\u00e9conomie comme ali\u00e9nation de la vie.","authors":["Julien Ladegaillerie"],"category_codes":["1000000","1090000","1090600"],"visuals":{"large":"https:\/\/images.epagine.fr\/191\/9782378964191_1_75.jpg","medium":"https:\/\/images.epagine.fr\/191\/9782378964191_1_m.jpg","thumbnail":"https:\/\/images.epagine.fr\/191\/9782378964191_1_v.jpg"},"orderable":true,"show_badge":true,"formatted_price":"13,00&nbsp;\u20ac","formatted_published_date":"30 mars 2023","publisher_availability_label":"Sur commande","short_details":"Julien Ladegaillerie \u2014 Les presses du r\u00e9el","translator":null,"weight":109,"page_count":72,"readership":null,"editor":"Les presses du r\u00e9el","price":1300,"published_date":"2023-03-29T22:00:00.000000Z","support":"Grand format","publisher_availability":1,"stock":0,"editions":[],"url":"https:\/\/quaidesbrumes.com\/ouvrage\/9782378964191\/effracte"},{"id":"9782378964443","title":"Au jour dit : Le 24 avril en France (1935-2022)","description":"Il s'agit ici, ann\u00e9e apr\u00e8s ann\u00e9e, de pr\u00e9l\u00e8vements effectu\u00e9s, chaque 24 avril, durant quatre-vingt-sept ans, \u00e0 partir des sources les plus diverses (articles de presse, \u00e9missions de t\u00e9l\u00e9vision, sorties de livres et de films, discours...). D'une masse d'informations. De ce qui, en somme, de l'infime \u00e0 l'imp\u00e9rieux, fait l'histoire d'un pays.","authors":["Jacques-henri Michot"],"category_codes":["1000000","1090000","1090600"],"visuals":{"large":"https:\/\/images.epagine.fr\/443\/9782378964443_1_75.jpg","medium":"https:\/\/images.epagine.fr\/443\/9782378964443_1_m.jpg","thumbnail":"https:\/\/images.epagine.fr\/443\/9782378964443_1_v.jpg"},"orderable":true,"show_badge":true,"formatted_price":"30,00&nbsp;\u20ac","formatted_published_date":"1er septembre 2023","publisher_availability_label":"Sur commande","short_details":"Jacques-henri Michot \u2014 Les presses du r\u00e9el","translator":null,"weight":627,"page_count":452,"readership":null,"editor":"Les presses du r\u00e9el","price":3000,"published_date":"2023-08-31T22:00:00.000000Z","support":"Grand format","publisher_availability":1,"stock":0,"editions":[],"url":"https:\/\/quaidesbrumes.com\/ouvrage\/9782378964443\/au-jour-dit-le-24-avril-en-france-1935-2022"},{"id":"9782378964788","title":"Les guerres polaires ; Les Chauffes de sang","description":"Ces textes, \u00e9crits en 1976, t\u00e9moignent de la singularit\u00e9 po\u00e9tique de F.J. Ossang, sorte de syncr\u00e9tisme entre la fin de la queue de com\u00e8te surr\u00e9aliste, la contre-culture Beat (son amiti\u00e9 avec Claude P\u00e9lieu, qui signe ici la pr\u00e9face, en atteste) et l'\u00e9nergie nihiliste punk (que l'on retrouve dans la musique du groupe MKB Provisoire initi\u00e9 par Ossang, mais \u00e9galement dans son cin\u00e9ma - o\u00f9 l'on retrouve, parmi les acteurs de Docteur Chance, Joe Strummer, leader du groupe anglais The Clash).","authors":["F.J. Ossang"],"category_codes":["1000000","1090000","1090600"],"visuals":{"large":"https:\/\/images.epagine.fr\/788\/9782378964788_1_75.jpg","medium":"https:\/\/images.epagine.fr\/788\/9782378964788_1_m.jpg","thumbnail":"https:\/\/images.epagine.fr\/788\/9782378964788_1_v.jpg"},"orderable":true,"show_badge":true,"formatted_price":"17,00&nbsp;\u20ac","formatted_published_date":"2 novembre 2023","publisher_availability_label":"Sur commande","short_details":"F.J. Ossang \u2014 Les presses du r\u00e9el","translator":null,"weight":169,"page_count":120,"readership":null,"editor":"Les presses du r\u00e9el","price":1700,"published_date":"2023-11-01T23:00:00.000000Z","support":"Grand format","publisher_availability":1,"stock":0,"editions":[],"url":"https:\/\/quaidesbrumes.com\/ouvrage\/9782378964788\/les-guerres-polaires-les-chauffes-de-sang"},{"id":"9782378965136","title":"Cynanthropie","description":"Ce livre prend le chien domestique comme \u00e9talon affectif, horizon pratique et indice d'une \u00e9conomie morale propre au capitaloc\u00e8ne.","authors":["Cyrille Bret"],"category_codes":["1000000","1090000","1090600"],"visuals":{"large":"https:\/\/images.epagine.fr\/136\/9782378965136_1_75.jpg","medium":"https:\/\/images.epagine.fr\/136\/9782378965136_1_m.jpg","thumbnail":"https:\/\/images.epagine.fr\/136\/9782378965136_1_v.jpg"},"orderable":true,"show_badge":true,"formatted_price":"10,00&nbsp;\u20ac","formatted_published_date":"7 juin 2024","publisher_availability_label":"Sur commande","short_details":"Cyrille Bret \u2014 Les presses du r\u00e9el","translator":null,"weight":100,"page_count":48,"readership":null,"editor":"Les presses du r\u00e9el","price":1000,"published_date":"2024-06-06T22:00:00.000000Z","support":"Grand format","publisher_availability":1,"stock":0,"editions":[],"url":"https:\/\/quaidesbrumes.com\/ouvrage\/9782378965136\/cynanthropie"},{"id":"9782959423901","title":"Confidences","description":"Julien Blaine, acteur et actant depuis plus d'un demi-si\u00e8cle dans la Po\u00e9sie-action, tente de cerner et de comprendre une parole ignoble et r\u00e9actionnaire qui s'est r\u00e9cemment d\u00e9velopp\u00e9e puis \u00e9panouie sur les ondes, les journaux et les magazines made in France, confisquant \u00e0 son seul profit toutes celles et ceux qui ont quelque chose d'autre \u00e0 dire. Jusqu'\u00e0 donner les r\u00e9sultats r\u00e9pugnants aux \u00e9lections europ\u00e9ennes du 9 juin 2024. Et cela devient cruel et criminel en cette p\u00e9riode de guerre imp\u00e9rialiste et coloniale en Ukraine et en Palestine.","authors":["Julien Blaine"],"category_codes":["1000000","1090000","1090600"],"visuals":{"large":"https:\/\/images.epagine.fr\/901\/9782959423901_1_75.jpg","medium":"https:\/\/images.epagine.fr\/901\/9782959423901_1_m.jpg","thumbnail":"https:\/\/images.epagine.fr\/901\/9782959423901_1_v.jpg"},"orderable":true,"show_badge":true,"formatted_price":"9,00&nbsp;\u20ac","formatted_published_date":"20 juin 2024","publisher_availability_label":"Sur commande","short_details":"Julien Blaine \u2014 Les presses du r\u00e9el","translator":null,"weight":165,"page_count":64,"readership":null,"editor":"Les presses du r\u00e9el","price":900,"published_date":"2024-06-19T22:00:00.000000Z","support":"Grand format","publisher_availability":1,"stock":0,"editions":[],"url":"https:\/\/quaidesbrumes.com\/ouvrage\/9782959423901\/confidences"}]}