{"data":[{"id":"9782336432212","title":"Errances","description":"On ne joue pas impun\u00e9ment avec sa m\u00e9moire.\r\n\u00abAu d\u00e9part,  je voulais simplement raconter une enfance, me souvenir de ceux qui m'entouraient, me rappeler des bons et moins bons moments que j'avais connus, petit et puis plus grand. Oui, simplement. Mais, je me suis compl\u00e8tement \u00e9gar\u00e9. Parfois m\u00eame, j'ai oubli\u00e9 ma pudeur et j'ai racont\u00e9 des moments que j'avais enfouis. Ce fut alors difficile mais il y eut aussi des \u00e9clairs de bonheur\u00bb.","authors":["Jean-Luc Nguyen Phuoc"],"category_codes":["1000000","1090000","1090600"],"visuals":{"large":"https:\/\/images.epagine.fr\/212\/9782336432212_1_75.jpg","medium":"https:\/\/images.epagine.fr\/212\/9782336432212_1_m.jpg","thumbnail":"https:\/\/images.epagine.fr\/212\/9782336432212_1_v.jpg"},"orderable":true,"show_badge":true,"formatted_price":"13,00&nbsp;\u20ac","formatted_published_date":"25 janvier 2024","publisher_availability_label":"Sur commande","short_details":"Jean-Luc Nguyen Phuoc \u2014 \u00c9ditions L'Harmattan","translator":null,"weight":143,"page_count":104,"readership":null,"editor":"\u00c9ditions L'Harmattan","price":1300,"published_date":"2024-01-24T23:00:00.000000Z","support":"Grand format","publisher_availability":1,"stock":0,"editions":[],"url":"https:\/\/quaidesbrumes.com\/ouvrage\/9782336432212\/errances"},{"id":"9782849247679","title":"Songe et fum\u00e9e","description":"Quand pour moi l'heure derni\u00e8re aura sonn\u00e9.\r\nqu'on me laisse en t\u00eate \u00e0 t\u00eate avec les nuages.\r\nils en savent plus sur mes secr\u00e8tes d\u00e9faites.\r\nque n'importe quel dieu n'importe quel humain.\r\n\r\nCes escarpements ces montagnes ces vall\u00e9es.\r\nces palais prodigieux ces temples gigantesques.\r\nces arbres sans oiseaux qui flottent dans les airs.\r\net dont la cime p\u00e2le flamboie un instant.\r\n\r\nr\u00e9v\u00e8lent la lueur de mondes en partance.\r\nqu'on entrevoit parfois quand le coeur fait silence.\r\nJe leur confie d\u00e9j\u00e0 mes intimes pens\u00e9es.\r\n\r\npour qu'au jour du d\u00e9part le chagrin de la vie.\r\nne p\u00e8se pas davantage dans le ca\u00efque.\r\nqu'une fum\u00e9e passant dans le ciel d'\u00e9t\u00e9.","authors":["Julien Estival"],"category_codes":["1000000","1090000"],"visuals":{"large":"https:\/\/images.epagine.fr\/679\/9782849247679_1_75.jpg","medium":"https:\/\/images.epagine.fr\/679\/9782849247679_1_m.jpg","thumbnail":"https:\/\/images.epagine.fr\/679\/9782849247679_1_v.jpg"},"orderable":true,"show_badge":true,"formatted_price":"10,00&nbsp;\u20ac","formatted_published_date":"16 janvier 2024","publisher_availability_label":"Sur commande","short_details":"Julien Estival \u2014 Editions Du Cygne","translator":null,"weight":80,"page_count":56,"readership":null,"editor":"Editions Du Cygne","price":1000,"published_date":"2024-01-15T23:00:00.000000Z","support":"Grand format","publisher_availability":1,"stock":0,"editions":[],"url":"https:\/\/quaidesbrumes.com\/ouvrage\/9782849247679\/songe-et-fumee"},{"id":"9782363440662","title":"Au-dela de l'intime","description":null,"authors":["Lo Pinto Guy"],"category_codes":["1000000","1090000"],"visuals":{"large":"https:\/\/quaidesbrumes.com\/img\/book-placeholder.png","medium":"https:\/\/quaidesbrumes.com\/img\/book-placeholder.png","thumbnail":"https:\/\/quaidesbrumes.com\/img\/book-placeholder.png"},"orderable":true,"show_badge":true,"formatted_price":"14,00&nbsp;\u20ac","formatted_published_date":"19 f\u00e9vrier 2024","publisher_availability_label":"Sur commande","short_details":"Lo Pinto Guy \u2014 Edilybris","translator":null,"weight":102,"page_count":null,"readership":null,"editor":"Edilybris","price":1400,"published_date":"2024-02-18T23:00:00.000000Z","support":"Grand format","publisher_availability":1,"stock":0,"editions":[],"url":"https:\/\/quaidesbrumes.com\/ouvrage\/9782363440662\/au-dela-de-lintime"},{"id":"9782958647117","title":"Sous nos \u00e9toiles","description":"\"Sous nos \u00e9toiles\" est un recueil de po\u00e9sie contemporaine. Sabine Blin \u00e9crit sur l'amour : sa beaut\u00e9, sa fatalit\u00e9, ses surprises. \r\nL'autrice confie intimement \u00e0 travers ces pages les souffrances et les joies qu'un coeur amoureux ressent.\r\nL'amour est sans aucun doute intime et personnel, mais les chemins qu'emprunte un coeur triste se croisent souvent au d\u00e9tour de larmes, d'espoir et de d\u00e9tresse.","authors":["Sabine Blin"],"category_codes":["1000000","1090000"],"visuals":{"large":"https:\/\/images.epagine.fr\/117\/9782958647117_1_75.jpg","medium":"https:\/\/images.epagine.fr\/117\/9782958647117_1_m.jpg","thumbnail":"https:\/\/images.epagine.fr\/117\/9782958647117_1_v.jpg"},"orderable":true,"show_badge":true,"formatted_price":"12,00&nbsp;\u20ac","formatted_published_date":"25 juillet 2023","publisher_availability_label":"Sur commande","short_details":"Sabine Blin \u2014 SABINE BLIN","translator":null,"weight":240,"page_count":172,"readership":null,"editor":"SABINE BLIN","price":1200,"published_date":"2023-07-24T22:00:00.000000Z","support":"Grand format","publisher_availability":1,"stock":0,"editions":["9782958647193"],"url":"https:\/\/quaidesbrumes.com\/ouvrage\/9782958647117\/sous-nos-etoiles"},{"id":"9782390520573","title":"Attendre","description":null,"authors":["Anne Bonhomme","Cathy Devylder"],"category_codes":["1000000","1090000"],"visuals":{"large":"https:\/\/images.epagine.fr\/573\/9782390520573_1_75.jpg","medium":"https:\/\/images.epagine.fr\/573\/9782390520573_1_m.jpg","thumbnail":"https:\/\/images.epagine.fr\/573\/9782390520573_1_v.jpg"},"orderable":true,"show_badge":true,"formatted_price":"16,00&nbsp;\u20ac","formatted_published_date":"14 juin 2024","publisher_availability_label":"Sur commande","short_details":"Anne Bonhomme, Cathy Devylder \u2014 LE COUDRIER","translator":null,"weight":401,"page_count":null,"readership":null,"editor":"LE COUDRIER","price":1600,"published_date":"2024-06-13T22:00:00.000000Z","support":"Grand format","publisher_availability":1,"stock":0,"editions":[],"url":"https:\/\/quaidesbrumes.com\/ouvrage\/9782390520573\/attendre"},{"id":"9782492867040","title":"Meutes","description":"En plus, Monsieur Bonan, vous \u00e9crivez ?\r\n- En plus de quoi, Monsieur ?\r\n- Ben, en plus de votre cin\u00e9ma, de vos dessins...\r\n- J'ai \u00e9crit bien avant. \u00c0 l'\u00e2ge de 6 ans, ma premi\u00e8re phrase, c'\u00e9tait \u00ab En vrai, la souris sourit \u00bb. Depuis, je n'ai jamais cess\u00e9 d'\u00e9crire.\r\n- Et cette fois-ci ?\r\n- L\u00e0, ce sont des sortes de nouvelles en po\u00e9sie, des textes rythm\u00e9s de dessins et de peintures ; j'ai retenu tout \u00e7a durant plus de cinquante ann\u00e9es. C'est sorti comme une r\u00eaverie qui aurait rompu ses cha\u00eenes. \r\n\r\nS'il fallait interviewer Jean-Denis Bonan sur cette premi\u00e8re publication litt\u00e9raire, voil\u00e0 le dialogue qui pourrait jaillir. Avec Meutes, le r\u00e9alisateur, producteur, acteur, plasticien Jean-Denis Bonan, distille une po\u00e9sie abstraite, imag\u00e9e, vivante. Une po\u00e9sie libre, teint\u00e9e de surr\u00e9alisme, d'\u00e9rotisme, de myst\u00e8re et de jeu.","authors":["Jean-Denis Bonan"],"category_codes":["1000000","1090000"],"visuals":{"large":"https:\/\/images.epagine.fr\/040\/9782492867040_1_75.jpg","medium":"https:\/\/images.epagine.fr\/040\/9782492867040_1_m.jpg","thumbnail":"https:\/\/images.epagine.fr\/040\/9782492867040_1_v.jpg"},"orderable":true,"show_badge":true,"formatted_price":"17,99&nbsp;\u20ac","formatted_published_date":"29 septembre 2021","publisher_availability_label":"Sur commande","short_details":"Jean-Denis Bonan \u2014 ABSTRACTIONS","translator":null,"weight":160,"page_count":120,"readership":null,"editor":"ABSTRACTIONS","price":1799,"published_date":"2021-09-28T22:00:00.000000Z","support":"Grand format","publisher_availability":1,"stock":0,"editions":[],"url":"https:\/\/quaidesbrumes.com\/ouvrage\/9782492867040\/meutes"},{"id":"9782754767149","title":"La clart\u00e9 des n\u00e9buleuses","description":"Rythm\u00e9s, anim\u00e9s de n\u00e9ologismes, explorant diverses formes, les po\u00e8mes de \u00ab La clart\u00e9 des n\u00e9buleuses \u00bb jouent \u00e0 faire s'entrechoquer mots, \u00e9motions et sensations et nous entra\u00eenent dans un monde clair-obscur aux accents lyriques. \u00c9crits entre 1977 et 2023, ils sont le reflet fid\u00e8le de leur auteure et une fen\u00eatre entrouverte sur ses r\u00eaves et ses d\u00e9mons.","authors":["Marie-Th\u00e9r\u00e8se Vinoy"],"category_codes":["1000000","1090000"],"visuals":{"large":"https:\/\/images.epagine.fr\/149\/9782754767149_1_75.jpg","medium":"https:\/\/images.epagine.fr\/149\/9782754767149_1_m.jpg","thumbnail":"https:\/\/images.epagine.fr\/149\/9782754767149_1_v.jpg"},"orderable":true,"show_badge":true,"formatted_price":"17,50&nbsp;\u20ac","formatted_published_date":"14 novembre 2023","publisher_availability_label":"Sur commande","short_details":"Marie-Th\u00e9r\u00e8se Vinoy \u2014 Editions du Panth\u00e9on","translator":null,"weight":200,"page_count":144,"readership":null,"editor":"Editions du Panth\u00e9on","price":1750,"published_date":"2023-11-13T23:00:00.000000Z","support":"Grand format","publisher_availability":1,"stock":0,"editions":[],"url":"https:\/\/quaidesbrumes.com\/ouvrage\/9782754767149\/la-clarte-des-nebuleuses"},{"id":"9791096646449","title":"4 de chiffre","description":null,"authors":["Guetat-Liviani F."],"category_codes":["1000000","1090000"],"visuals":{"large":"https:\/\/quaidesbrumes.com\/img\/book-placeholder.png","medium":"https:\/\/quaidesbrumes.com\/img\/book-placeholder.png","thumbnail":"https:\/\/quaidesbrumes.com\/img\/book-placeholder.png"},"orderable":true,"show_badge":true,"formatted_price":"10,00&nbsp;\u20ac","formatted_published_date":"20 mai 2022","publisher_availability_label":"Sur commande","short_details":"Guetat-Liviani F. \u2014 Plaine Page","translator":null,"weight":100,"page_count":null,"readership":null,"editor":"Plaine Page","price":1000,"published_date":"2022-05-19T22:00:00.000000Z","support":"Grand format","publisher_availability":1,"stock":0,"editions":[],"url":"https:\/\/quaidesbrumes.com\/ouvrage\/9791096646449\/4-de-chiffre"},{"id":"9782847619010","title":"Le pont du diable","description":"Gr\u00e2ce \u00e0 ses mots \u00e9tir\u00e9s, Julien blaine offre une lecture in\u00e9dite du Pont du Diable de Rudy Ricciotti, \u00e0 la fois esth\u00e9tique, radicale et v\u00e9ritable prouesse technologique.","authors":["Julien Blain","Rudy Ricciotti"],"category_codes":["1000000","1090000"],"visuals":{"large":"https:\/\/images.epagine.fr\/010\/9782847619010_1_75.jpg","medium":"https:\/\/images.epagine.fr\/010\/9782847619010_1_m.jpg","thumbnail":"https:\/\/images.epagine.fr\/010\/9782847619010_1_v.jpg"},"orderable":true,"show_badge":true,"formatted_price":"20,00&nbsp;\u20ac","formatted_published_date":"1er mai 2009","publisher_availability_label":"Sur commande","short_details":"Julien Blain, Rudy Ricciotti \u2014 Al Dante","translator":null,"weight":272,"page_count":88,"readership":null,"editor":"Al Dante","price":2000,"published_date":"2009-04-30T22:00:00.000000Z","support":"Grand format","publisher_availability":1,"stock":0,"editions":[],"url":"https:\/\/quaidesbrumes.com\/ouvrage\/9782847619010\/le-pont-du-diable"},{"id":"9787508527789","title":"Choix de poemes des tang (bilingue chinois - francais) - edition bilingue","description":null,"authors":["Xu Yuanc Yang Muzhi"],"category_codes":["1000000","1090000","1090200"],"visuals":{"large":"https:\/\/quaidesbrumes.com\/img\/book-placeholder.png","medium":"https:\/\/quaidesbrumes.com\/img\/book-placeholder.png","thumbnail":"https:\/\/quaidesbrumes.com\/img\/book-placeholder.png"},"orderable":true,"show_badge":true,"formatted_price":"31,00&nbsp;\u20ac","formatted_published_date":"1er juin 2014","publisher_availability_label":"Sur commande","short_details":"Xu Yuanc Yang Muzhi \u2014 China Intercontinental","translator":null,"weight":670,"page_count":null,"readership":null,"editor":"China Intercontinental","price":3100,"published_date":"2014-05-31T22:00:00.000000Z","support":"Grand format","publisher_availability":1,"stock":0,"editions":[],"url":"https:\/\/quaidesbrumes.com\/ouvrage\/9787508527789\/choix-de-poemes-des-tang-bilingue-chinois-francais-edition-bilingue"},{"id":"9782354852207","title":"Douleur et nostalgie","description":"Dans ce recueil de po\u00e9sies vari\u00e9es et intimistes, Abdou Djohar revient sur les th\u00e8mes qui lui sont chers : sa patrie, les Comores, dont il est fier d'\u00eatre originaire, mais aussi l'amour, l'islam, la libert\u00e9, la justice, la famille. Autant de sujets qui am\u00e8nent l'auteur \u00e0 se pencher avec nostalgie sur les bonheurs enfouis, \u00e0 regretter le manque de sinc\u00e9rit\u00e9 d'un monde en constante perte de valeurs, et \u00e0 nous livrer avec humanit\u00e9 et compr\u00e9hension une vision du monde \u00e0 la fois juste et distanci\u00e9e.","authors":["Abdou Djohar"],"category_codes":["1000000","1090000"],"visuals":{"large":"https:\/\/images.epagine.fr\/207\/9782354852207_1_75.jpg","medium":"https:\/\/images.epagine.fr\/207\/9782354852207_1_m.jpg","thumbnail":"https:\/\/images.epagine.fr\/207\/9782354852207_1_v.jpg"},"orderable":true,"show_badge":true,"formatted_price":"13,00&nbsp;\u20ac","formatted_published_date":"1er mars 2011","publisher_availability_label":"Sur commande","short_details":"Abdou Djohar \u2014 JETS D'ENCRE","translator":null,"weight":68,"page_count":78,"readership":null,"editor":"JETS D'ENCRE","price":1300,"published_date":"2011-02-28T23:00:00.000000Z","support":"Grand format","publisher_availability":1,"stock":0,"editions":[],"url":"https:\/\/quaidesbrumes.com\/ouvrage\/9782354852207\/douleur-et-nostalgie"},{"id":"9782352702399","title":"L'amour voyage","description":"\u00ab Tanger \u00bb :\r\nJe marche vers les hauteurs\/Les murs \u00e9clatent de jardins en furie\/Rejetant les murs\/ Troncs vivants cassant la pierre la terre\/Noirceur des frondaisons\/Odeurs suaves d'eucalyptus\/ Sous les arbres\/Les enfants de la nuit dorment de biais\/ Demi veille demi sommeil\/Le bras sur la poitrine\/Bouches ouvertes\/Ni jeunes ni vieux\/Si oubli\u00e9s\/ Un chien dort avec la horde\/Toujours les orties, les ronces\/Les magnolias en fleurs\/Ensemble\/Forts\/ Le parfum du jasmin quelque part.","authors":["Nicole de Pontcharra"],"category_codes":["1000000","1090000"],"visuals":{"large":"https:\/\/images.epagine.fr\/399\/9782352702399_1_75.jpg","medium":"https:\/\/images.epagine.fr\/399\/9782352702399_1_m.jpg","thumbnail":"https:\/\/images.epagine.fr\/399\/9782352702399_1_v.jpg"},"orderable":true,"show_badge":true,"formatted_price":"12,00&nbsp;\u20ac","formatted_published_date":"1er octobre 2016","publisher_availability_label":"Sur commande","short_details":"Nicole de Pontcharra \u2014 Non Lieu","translator":null,"weight":125,"page_count":64,"readership":null,"editor":"Non Lieu","price":1200,"published_date":"2016-09-30T22:00:00.000000Z","support":"Poche","publisher_availability":1,"stock":0,"editions":[],"url":"https:\/\/quaidesbrumes.com\/ouvrage\/9782352702399\/lamour-voyage"},{"id":"9782352702764","title":"Ulysse","description":"Ulysse, figure de l'\u00e9migrant, de l'errant, incarne le destin de l'homme, du po\u00e8te et du \u00ab juif naturellement et cependant Ulysse \u00bb.\r\nUlysse que nous publions ici est la premi\u00e8re version du po\u00e8me paru dans les Cahiers du Journal des Po\u00e8tes, \u00e0 Bruxelles, 1933. Cette version d'Ulysse que Fondane a maintes fois remani\u00e9e n'avait pas \u00e9t\u00e9 publi\u00e9e depuis 1933.","authors":["Benjamin Fondane"],"category_codes":["1000000","1090000"],"visuals":{"large":"https:\/\/images.epagine.fr\/764\/9782352702764_1_75.jpg","medium":"https:\/\/images.epagine.fr\/764\/9782352702764_1_m.jpg","thumbnail":"https:\/\/images.epagine.fr\/764\/9782352702764_1_v.jpg"},"orderable":true,"show_badge":true,"formatted_price":"12,00&nbsp;\u20ac","formatted_published_date":"16 mars 2019","publisher_availability_label":"Sur commande","short_details":"Benjamin Fondane \u2014 Non Lieu","translator":null,"weight":130,"page_count":96,"readership":null,"editor":"Non Lieu","price":1200,"published_date":"2019-03-15T23:00:00.000000Z","support":"Poche","publisher_availability":1,"stock":0,"editions":[],"url":"https:\/\/quaidesbrumes.com\/ouvrage\/9782352702764\/ulysse"},{"id":"9782352703464","title":"Les \u00eeles des bienheureux","description":"Apr\u00e8s les Vacances de Hegel (1992), le voyage po\u00e9tique continue avec Les Iles des Bienheureux. L'inventaire, en tain oraculaire : le m\u00e9dium Aladin embarque les coupures de journaux et de r\u00eaves \u00e9nigmatis\u00e9s, les d\u00e9dicaces famili\u00e8res. Les passions irraisonn\u00e9es s'accumulent dans le discours po\u00e9tique sur une histoire de l'enthousiasme. Tenir pr\u00e8s de soi dans l'\u00e9criture  la dispersion du monde  ce rapt de la pens\u00e9e  comme ravie de la condition utilitaire quotidienne :  prendre conscience d'un bouleversement en cours.  ?  La langue myst\u00e9rieuse s'y oppose  bien d\u00e9rangeante la langue des sept premiers jours de la cr\u00e9ation.","authors":["Branko Aleksic"],"category_codes":["1000000","1090000"],"visuals":{"large":"https:\/\/images.epagine.fr\/464\/9782352703464_1_75.jpg","medium":"https:\/\/images.epagine.fr\/464\/9782352703464_1_m.jpg","thumbnail":"https:\/\/images.epagine.fr\/464\/9782352703464_1_v.jpg"},"orderable":true,"show_badge":true,"formatted_price":"14,00&nbsp;\u20ac","formatted_published_date":"6 d\u00e9cembre 2023","publisher_availability_label":"Sur commande","short_details":"Branko Aleksic \u2014 Non Lieu","translator":null,"weight":178,"page_count":144,"readership":null,"editor":"Non Lieu","price":1400,"published_date":"2023-12-05T23:00:00.000000Z","support":"Grand format","publisher_availability":1,"stock":0,"editions":[],"url":"https:\/\/quaidesbrumes.com\/ouvrage\/9782352703464\/les-iles-des-bienheureux"},{"id":"9782959491108","title":"Bleu","description":"Ne trouve-t-on pas toujours une id\u00e9e qui co\u00efncide avec l'image ?","authors":["Alice Clisson"],"category_codes":["1000000","1090000"],"visuals":{"large":"https:\/\/images.epagine.fr\/108\/9782959491108_1_75.jpg","medium":"https:\/\/images.epagine.fr\/108\/9782959491108_1_m.jpg","thumbnail":"https:\/\/images.epagine.fr\/108\/9782959491108_1_v.jpg"},"orderable":true,"show_badge":true,"formatted_price":"17,00&nbsp;\u20ac","formatted_published_date":"22 ao\u00fbt 2024","publisher_availability_label":"Sur commande","short_details":"Alice Clisson \u2014 Maya Peters","translator":null,"weight":173,"page_count":120,"readership":null,"editor":"Maya Peters","price":1700,"published_date":"2024-08-21T22:00:00.000000Z","support":"Grand format","publisher_availability":1,"stock":0,"editions":[],"url":"https:\/\/quaidesbrumes.com\/ouvrage\/9782959491108\/bleu"},{"id":"9781526649942","title":"SONNETS FOR ALBERT - WINNER OF THE T.S.ELIOT POETRY PRIZE","description":"**WINNER OF THE T S ELIOT PRIZE FOR POETRY 2022**\r\n**SHORTLISTED FOR THE FORWARD PRIZE FOR POETRY 2022**\r\n**LONGLISTED FOR THE OCM BOCAS PRIZE 2023**\r\nWith Sonnets for Albert, Anthony Joseph returns to the autobiographical material explored in his earlier collection Bird Head Son. In this follow-up, he weighs the impact of being the son of an absent, or mostly absent, father, Though these poems threaten to break under the weight of their emotions, they are always masterfully poised as the stylish man they depict.\r","authors":["Anthony Joseph"],"category_codes":["1000000","1090000"],"visuals":{"large":"https:\/\/images.epagine.fr\/942\/9781526649942_1_75.jpg","medium":"https:\/\/images.epagine.fr\/942\/9781526649942_1_m.jpg","thumbnail":"https:\/\/images.epagine.fr\/942\/9781526649942_1_v.jpg"},"orderable":true,"show_badge":true,"formatted_price":"15,40&nbsp;\u20ac","formatted_published_date":"9 juin 2022","publisher_availability_label":"Sur commande","short_details":"Anthony Joseph \u2014 Bloomsbury UK","translator":null,"weight":118,"page_count":112,"readership":null,"editor":"Bloomsbury UK","price":1540,"published_date":"2022-06-08T22:00:00.000000Z","support":"Poche","publisher_availability":1,"stock":0,"editions":[],"url":"https:\/\/quaidesbrumes.com\/ouvrage\/9781526649942\/sonnets-for-albert-winner-of-the-tseliot-poetry-prize"},{"id":"9781526647931","title":"FOR THY GREAT PAIN HAVE MERCY ON MY LITTLE PAIN - WINNER OF THE SCOTTISH NATIONAL FIRST BOOK AWARDS 2023","description":"WINNER OF THE SCOTTISH BOOK AWARDS - FIRST BOOK OF THE YEAR\r\nA SUNDAY TIMES, GUARDIAN, SCOTSMAN AND IRISH TIMES BOOK OF THE YEAR\r\n'A beautiful book ... It warmed my heart' MAX PORTER\r\n'Electrifying ... A pocket epic' GUARDIAN\r\nAn astounding debut, both epic and intimate, about grief, trauma, revelation, and the hidden lives of women - by a major new talent\r\nIn the year of 1413, two women meet for the first time in Norwich.\r\nBefore they part, Julian will entrust Margery with a secret - one that will change the course of history.\r\n'You will read it in no time but be thinking about it for ages after' FRANK COTTRELL-BOYCE, GUARDIAN, Book of the day\r\n'Miraculously conjured ... Brilliantly done' THE TIMES, Book of the Month\r\n'The best first novel I've read in years ... So full and so vivid; it is amazing' RODDY DOYLE\r\n'A vibrant portrait of female courage' OBSERVER\r\n'A novel of rare brightness and clarity, concise and yet capacious: it illuminates like a shaft of sunlight' IMOGEN HERMES GOWAR\r","authors":["Victoria Mackenzie"],"category_codes":["1000000","1090000"],"visuals":{"large":"https:\/\/images.epagine.fr\/931\/9781526647931_1_75.jpg","medium":"https:\/\/images.epagine.fr\/931\/9781526647931_1_m.jpg","thumbnail":"https:\/\/images.epagine.fr\/931\/9781526647931_1_v.jpg"},"orderable":true,"show_badge":true,"formatted_price":"14,80&nbsp;\u20ac","formatted_published_date":"14 mars 2024","publisher_availability_label":"Sur commande","short_details":"Victoria Mackenzie \u2014 Bloomsbury UK","translator":null,"weight":136,"page_count":176,"readership":null,"editor":"Bloomsbury UK","price":1480,"published_date":"2024-03-13T23:00:00.000000Z","support":"Grand format","publisher_availability":1,"stock":0,"editions":[],"url":"https:\/\/quaidesbrumes.com\/ouvrage\/9781526647931\/for-thy-great-pain-have-mercy-on-my-little-pain-winner-of-the-scottish-national-first-book-awards-2023"},{"id":"9782493320575","title":"Des ailes au jardin","description":"A l'\u00e9coute de son cerisier trentenaire, entour\u00e9 de multiples \u00e9voluant chaque jour, Alain Berjon r\u00e9v\u00e8le l'amour de son jardin","authors":["Alain Berjon"],"category_codes":["1000000","1090000","1090600"],"visuals":{"large":"https:\/\/images.epagine.fr\/575\/9782493320575_1_75.jpg","medium":"https:\/\/images.epagine.fr\/575\/9782493320575_1_m.jpg","thumbnail":"https:\/\/images.epagine.fr\/575\/9782493320575_1_v.jpg"},"orderable":true,"show_badge":true,"formatted_price":"15,00&nbsp;\u20ac","formatted_published_date":"18 septembre 2023","publisher_availability_label":"Sur commande","short_details":"Alain Berjon \u2014 Vent-Des-Lettres","translator":null,"weight":100,"page_count":83,"readership":null,"editor":"Vent-Des-Lettres","price":1500,"published_date":"2023-09-17T22:00:00.000000Z","support":"Grand format","publisher_availability":1,"stock":0,"editions":[],"url":"https:\/\/quaidesbrumes.com\/ouvrage\/9782493320575\/des-ailes-au-jardin"},{"id":"9791040611141","title":"D'amour et d'eau fra\u00eeche","description":"Mes ch\u00e9ries, mes amoureuses, je vous ai aim\u00e9es avec ferveur et passion?! Certaines amours m'ont combl\u00e9 de bonheur et d'autres ont \u00e9t\u00e9 cruelles et m'ont laiss\u00e9 exsangue.\r\n\r\nMes ch\u00e9ries, mes amoureuses, j'ai tout connu avec vous?: flirt et drague, amours d\u00e9butantes, amour fou, grand amour, amour tragique, amour vache, d\u00e9samour, amours bless\u00e9es, avec toujours beaucoup d'eau fra\u00eeche?!\r\n\r\nNon, n'en d\u00e9plaise aux Rita Mitsouko, les histoires d'amour ne finissent pas toutes mal?! Le bonheur l'emporte sur le tragique.\r\n\r\nEt si on laisse toujours un peu de soi dans nos \u00e9crits, beaucoup de ces histoires d'amour sont invent\u00e9es...\r\n\r\nMes ch\u00e9ries, mes amoureuses, je vous ai aim\u00e9es, je vous aime, je reste votre \u00ab?embrassadeur?\u00bb.","authors":["G\u00e9rard Paturaud"],"category_codes":["1000000","1090000"],"visuals":{"large":"https:\/\/images.epagine.fr\/141\/9791040611141_1_75.jpg","medium":"https:\/\/images.epagine.fr\/141\/9791040611141_1_m.jpg","thumbnail":"https:\/\/images.epagine.fr\/141\/9791040611141_1_v.jpg"},"orderable":true,"show_badge":true,"formatted_price":"14,00&nbsp;\u20ac","formatted_published_date":"17 juin 2024","publisher_availability_label":"Sur commande","short_details":"G\u00e9rard Paturaud \u2014 LES TROIS COLONNES","translator":null,"weight":209,"page_count":126,"readership":null,"editor":"LES TROIS COLONNES","price":1400,"published_date":"2024-06-16T22:00:00.000000Z","support":"Grand format","publisher_availability":1,"stock":0,"editions":[],"url":"https:\/\/quaidesbrumes.com\/ouvrage\/9791040611141\/damour-et-deau-fraiche"},{"id":"9782875053718","title":"Slam-junk-contestaction ; ou l'outrecuidance de l'homme","description":"Les gens disent qu'ils p\u00e8sent leurs mots.\r\n\r\nCe n'est qu'une douceur sociale\r\nBien loin d'une mesure c'est un leurre\r\nUn euph\u00e9misme presque malhonn\u00eate.\r\n\r\nJe m'inqui\u00e8te du poids de chaque lettre.\r\n\r\nJe fais attention au gramme pr\u00e8s.\r\n\r\nJe p\u00e8se mon mot et calcule sa variable.\r\n\r\nSa port\u00e9e.\r\nSa trajectoire.\r\nSon impact.\r\n\r\nParler c'est de la balistique.\r\n\r\nIls font du bruit.\r\nIls tirent \u00e0 blanc\r\nNoyant le silence.\r\n\r\nBlanc sur noir\r\nMes paroles surnagent.\r\nJe parle \u00e0 balles r\u00e9elles.\r\n\r\nJe signe un pacte.","authors":["Kev La raj"],"category_codes":["1000000","1090000","1090600"],"visuals":{"large":"https:\/\/images.epagine.fr\/718\/9782875053718_1_75.jpg","medium":"https:\/\/images.epagine.fr\/718\/9782875053718_1_m.jpg","thumbnail":"https:\/\/images.epagine.fr\/718\/9782875053718_1_v.jpg"},"orderable":true,"show_badge":true,"formatted_price":"3,00&nbsp;\u20ac","formatted_published_date":"8 octobre 2020","publisher_availability_label":"Sur commande","short_details":"Kev La raj \u2014 Maelstr\u00d6m re\u00c9volution","translator":null,"weight":101,"page_count":null,"readership":null,"editor":"Maelstr\u00d6m re\u00c9volution","price":300,"published_date":"2020-10-07T22:00:00.000000Z","support":"Poche","publisher_availability":1,"stock":0,"editions":[],"url":"https:\/\/quaidesbrumes.com\/ouvrage\/9782875053718\/slam-junk-contestaction-ou-loutrecuidance-de-lhomme"},{"id":"9782875054647","title":"Exo patrida","description":"Certains mots contenus ici sont n\u00e9s il y a 10 ans. D'autres sont arriv\u00e9s quelques semaines \u00e0 peine avant la sortie de ce livre.\r\nIl y a ce qu'on traverse avec le temps, et il y a les traces de ce qui nous a travers\u00e9\u00b7e\u00b7s.\r\nQu'est ce qui nous pousse \u00e0 raconter ces traces, \u00e0 nommer ce qu'elles produisent en nous ?\r\nExo Patrida est l'\u00e9tymologie grecque du mot \u00ab expatri\u00e9 \u00bb. Litt\u00e9ralement : \u00ab hors\/en dehors de son pays. \u00bb Ils sont une infime minorit\u00e9 dans le monde, celles et ceux qui vivent hors de leurs pays de mani\u00e8re volontaire. Je suis de ceux-l\u00e0. \u00c9crire ne comble pas un tel privil\u00e8ge. Il l'aggrave peut-\u00eatre.\r\nMais je n'ai pas fini d'\u00e9crire. Et d'autres voix \u00e9bauchent en moi une cartographie mouvante o\u00f9 les pays ne sont pas trac\u00e9s par des lignes, mais par des langues et des liens.","authors":["Annabelle Giudice"],"category_codes":["1000000","1090000","1090600"],"visuals":{"large":"https:\/\/images.epagine.fr\/647\/9782875054647_1_75.jpg","medium":"https:\/\/images.epagine.fr\/647\/9782875054647_1_m.jpg","thumbnail":"https:\/\/images.epagine.fr\/647\/9782875054647_1_v.jpg"},"orderable":true,"show_badge":true,"formatted_price":"3,00&nbsp;\u20ac","formatted_published_date":"11 juillet 2013","publisher_availability_label":"Sur commande","short_details":"Annabelle Giudice \u2014 Maelstr\u00d6m re\u00c9volution","translator":null,"weight":101,"page_count":48,"readership":null,"editor":"Maelstr\u00d6m re\u00c9volution","price":300,"published_date":"2013-07-10T22:00:00.000000Z","support":"Poche","publisher_availability":1,"stock":0,"editions":[],"url":"https:\/\/quaidesbrumes.com\/ouvrage\/9782875054647\/exo-patrida"},{"id":"9782378960896","title":"Attaques Tome 2","description":"Une anthologie de po\u00e9sie politique.\r\n\r\nCette revue d'un genre nouveau regroupe des po\u00e8tes et artistes d'Europe, du monde Arabe et d'Am\u00e9rique Latine. Elle se r\u00e9fl\u00e9chit sur des bases d\u00e9coloniales, en confrontant les r\u00e9alit\u00e9s et les modernit\u00e9s des diff\u00e9rents continents, des diff\u00e9rent pays. Et surtout, elle r\u00e9fl\u00e9chit ses modernit\u00e9s en essayant d'\u00e9viter ce \u00e0 quoi l'institution travaille : les \u00ab formalismes d'avant-gardes \u00bb, et interroge la notion d'engagement (tout en \u00e9vitant celle d'art engag\u00e9), avec pour ambition de refabriquer des liens l\u00e0 o\u00f9 les r\u00e9flexes nationalistes voire identitaires se rajoutent aux fronti\u00e8res pour travailler la s\u00e9paration, et de re-forcer des possibilit\u00e9s de circulations des paroles, voire de circulation des personnes.\r\nAu sommaire : trois dossiers (Am\u00e9rique latine : l'art dans la rue ; Br\u00e9sil : po\u00e9sie politique ; Jeunes \u00e9trangers \u00e0 la rue : paroles ouvertes) ; des rubriques (th\u00e9oriques : avec quels outils se r\u00e9approprier le monde ; pol\u00e9miques : nourrir les d\u00e9bats ; historique : notre histoire est toujours demain) ; des parties \u00ab libres \u00bb de chantiers po\u00e9tiques.","authors":["Laurent Cauwet"],"category_codes":["1000000","1090000","1090600"],"visuals":{"large":"https:\/\/images.epagine.fr\/896\/9782378960896_1_75.jpg","medium":"https:\/\/images.epagine.fr\/896\/9782378960896_1_m.jpg","thumbnail":"https:\/\/images.epagine.fr\/896\/9782378960896_1_v.jpg"},"orderable":true,"show_badge":true,"formatted_price":"27,00&nbsp;\u20ac","formatted_published_date":"29 avril 2019","publisher_availability_label":"Sur commande","short_details":"Laurent Cauwet \u2014 Les presses du r\u00e9el","translator":null,"weight":770,"page_count":544,"readership":null,"editor":"Les presses du r\u00e9el","price":2700,"published_date":"2019-04-28T22:00:00.000000Z","support":"Grand format","publisher_availability":1,"stock":0,"editions":[],"url":"https:\/\/quaidesbrumes.com\/ouvrage\/9782378960896\/attaques-tome-2"},{"id":"9782875052841","title":"L'indien de Breizh","description":"Un homme, un indien de partout et nulle part, s\u00e9journe en r\u00e9sidence \u00e0 la Maison de la po\u00e9sie de Quimperl\u00e9 (Maison d'Hippolyte), en Bretagne, pendant l'hiver 2017.\r\nAu cours de cette p\u00e9riode aura lieu un grand pow-wow, le Festival de po\u00e9sie S\u00e9maphore.\r\nEn attendant, entre ateliers en \u00e9coles et d\u00e9ambulations dans les rues de Quimperl\u00e9 et environs jusqu'\u00e0 la mer, il saisit une image, un moment, une actualit\u00e9, une intemporan\u00e9it\u00e9, et \u00e9crit, directement sur sa page facebook, un po\u00e8me.\r\nL'\u00e9cume lui am\u00e8ne des mots de la langue des lieux, mots qui animent chaque texte ou qui en sont le point de d\u00e9part.\r\nLe fruit de ce travail se trouve ici, sans avoir \u00e9t\u00e9 retouch\u00e9 ou presque, pour rester au plus pr\u00e8s de ces instants v\u00e9cus en tant qu'indien... de Breizh...","authors":["David Giannoni"],"category_codes":["1000000","1090000"],"visuals":{"large":"https:\/\/images.epagine.fr\/841\/9782875052841_1_75.jpg","medium":"https:\/\/images.epagine.fr\/841\/9782875052841_1_m.jpg","thumbnail":"https:\/\/images.epagine.fr\/841\/9782875052841_1_v.jpg"},"orderable":true,"show_badge":true,"formatted_price":"3,00&nbsp;\u20ac","formatted_published_date":"18 mai 2017","publisher_availability_label":"Sur commande","short_details":"David Giannoni \u2014 Maelstr\u00d6m re\u00c9volution","translator":null,"weight":300,"page_count":null,"readership":null,"editor":"Maelstr\u00d6m re\u00c9volution","price":300,"published_date":"2017-05-17T22:00:00.000000Z","support":"Poche","publisher_availability":1,"stock":0,"editions":[],"url":"https:\/\/quaidesbrumes.com\/ouvrage\/9782875052841\/lindien-de-breizh"},{"id":"9782875052803","title":"Nostaljukebox","description":"Nostaljukebox  fumant de fulgurances, allons jaser sur les variations Nostaljukebox Sanctuaire des profanes pour quelques pi\u00e8ces de cristal, du c\u00e8dre d'\u00d4gygia pour les assoiff\u00e9s qui ne manquent jamais de s'engouffrer dans les bouquets, brumes orgues, les ravins des veilleurs du miroir aux souvenirs effluves irr\u00e9versibles - Vois les pendules aux griffes embarqu\u00e9es, Voil\u00e0 qu'ils arrivent, Ils viennent pour nous prendre.\r\nNostaljukebox fumant de fulgurances, allons jaser sur les variations \u00ab Buron repr\u00e9sente la contemporan\u00e9it\u00e9 de demain, ce qui nous agrippera tous dans les jours \u00e0 venir de la po\u00e9sie. \u00bb Jack Hirschman","authors":["Tom Buron"],"category_codes":["1000000","1090000","1090600"],"visuals":{"large":"https:\/\/images.epagine.fr\/803\/9782875052803_1_75.jpg","medium":"https:\/\/images.epagine.fr\/803\/9782875052803_1_m.jpg","thumbnail":"https:\/\/images.epagine.fr\/803\/9782875052803_1_v.jpg"},"orderable":true,"show_badge":true,"formatted_price":"3,00&nbsp;\u20ac","formatted_published_date":"19 mai 2017","publisher_availability_label":"Sur commande","short_details":"Tom Buron \u2014 Maelstr\u00d6m re\u00c9volution","translator":null,"weight":100,"page_count":36,"readership":null,"editor":"Maelstr\u00d6m re\u00c9volution","price":300,"published_date":"2017-05-18T22:00:00.000000Z","support":"Poche","publisher_availability":1,"stock":0,"editions":[],"url":"https:\/\/quaidesbrumes.com\/ouvrage\/9782875052803\/nostaljukebox"}]}