{"data":[{"id":"9782854520125","title":"Trembl\u00e9es, soul\u00e8vements, passages","description":"\u00ab Une suite de courts po\u00e8mes en prose comme autant de signes de reconnaissance entre un auteur et le monde qui l'entoure ou l'habite ; mais aussi - \u00e0 coup s\u00fbr - entre un po\u00e8te et ses lecteurs, sur la m\u00eame longueur d'onde, \u00e0 l'\u00e9cart des v\u00e9rit\u00e9s inscrites \u00bb. - Fran\u00e7ois de Corni\u00e8re.","authors":["Pierre Ziegelmeyer"],"category_codes":["1000000","1090000"],"visuals":{"large":"https:\/\/images.epagine.fr\/125\/9782854520125_1_75.jpg","medium":"https:\/\/images.epagine.fr\/125\/9782854520125_1_m.jpg","thumbnail":"https:\/\/images.epagine.fr\/125\/9782854520125_1_v.jpg"},"orderable":true,"show_badge":true,"formatted_price":"4,57&nbsp;\u20ac","formatted_published_date":"1er janvier 1982","publisher_availability_label":"Sur commande","short_details":"Pierre Ziegelmeyer \u2014 Plein Chant","translator":null,"weight":0,"page_count":80,"readership":null,"editor":"Plein Chant","price":457,"published_date":"1981-12-31T23:00:00.000000Z","support":"Grand format","publisher_availability":1,"stock":0,"editions":[],"url":"https:\/\/quaidesbrumes.com\/ouvrage\/9782854520125\/tremblees-soulevements-passages"},{"id":"9782854520033","title":"Trois paroles de vie (valent jeu), sept ann\u00e9es d'\u00e9criture","description":"Achev\u00e9 d'imprimer \u00e0 Bassac (Charente) par Edmond Thomas le 10 septembre 1976, le pr\u00e9sent ouvrage a \u00e9t\u00e9 tir\u00e9 \u00e0 300 exemplaires sur v\u00e9lin alfa blanc et 20 exemplaires num\u00e9rot\u00e9s sur verger ingres enrichis d'une gouache de Lell Boehm, d'un acrylic de JMP et d'une huile de Daniel Simonfaure. La vignette de couverture est de Fran\u00e7oise Faure. Dans ce recueil de po\u00e8mes,  d\u00e9di\u00e9 \u00e0 Edmond Humeau, on peut lire : Pape un enfant de choeur sur la touche, Mains ligot\u00e9es d'un chapelet alors ma plume, Un manoeuvre n'en fait qu'\u00e0 sa forte t\u00eate de par le luberon. Une belle occasion de d\u00e9couvrir ou de retrouver ce po\u00e8te m\u00e9connu, cheminant sans cesse entre nature et r\u00e9volte, entre la recherche de ses racines et l'angoisse de son devenir.","authors":["Henri Simon Faure"],"category_codes":["1000000","1090000"],"visuals":{"large":"https:\/\/images.epagine.fr\/033\/9782854520033_1_75.jpg","medium":"https:\/\/images.epagine.fr\/033\/9782854520033_1_m.jpg","thumbnail":"https:\/\/images.epagine.fr\/033\/9782854520033_1_v.jpg"},"orderable":true,"show_badge":true,"formatted_price":"4,57&nbsp;\u20ac","formatted_published_date":"1er janvier 1976","publisher_availability_label":"Sur commande","short_details":"Henri Simon Faure \u2014 Plein Chant","translator":null,"weight":0,"page_count":144,"readership":null,"editor":"Plein Chant","price":457,"published_date":"1975-12-31T23:00:00.000000Z","support":"Grand format","publisher_availability":1,"stock":0,"editions":[],"url":"https:\/\/quaidesbrumes.com\/ouvrage\/9782854520033\/trois-paroles-de-vie-valent-jeu-sept-annees-decriture"},{"id":"9791041530465","title":"Poemoscopes","description":null,"authors":["Segard Nicolas"],"category_codes":["1000000","1090000"],"visuals":{"large":"https:\/\/images.epagine.fr\/465\/9791041530465_1_75.jpg","medium":"https:\/\/images.epagine.fr\/465\/9791041530465_1_m.jpg","thumbnail":"https:\/\/images.epagine.fr\/465\/9791041530465_1_v.jpg"},"orderable":true,"show_badge":true,"formatted_price":"17,00&nbsp;\u20ac","formatted_published_date":"1er f\u00e9vrier 2024","publisher_availability_label":"Sur commande","short_details":"Segard Nicolas \u2014 Nicolas S\u00e9gard","translator":null,"weight":385,"page_count":null,"readership":null,"editor":"Nicolas S\u00e9gard","price":1700,"published_date":"2024-01-31T23:00:00.000000Z","support":"Grand format","publisher_availability":1,"stock":0,"editions":[],"url":"https:\/\/quaidesbrumes.com\/ouvrage\/9791041530465\/poemoscopes"},{"id":"9782954107417","title":"L'ecriture est mon combat","description":null,"authors":["Fevrier Sylviie"],"category_codes":["1000000","1090000","1090600"],"visuals":{"large":"https:\/\/quaidesbrumes.com\/img\/book-placeholder.png","medium":"https:\/\/quaidesbrumes.com\/img\/book-placeholder.png","thumbnail":"https:\/\/quaidesbrumes.com\/img\/book-placeholder.png"},"orderable":true,"show_badge":true,"formatted_price":"13,13&nbsp;\u20ac","formatted_published_date":"31 d\u00e9cembre 2012","publisher_availability_label":"Sur commande","short_details":"Fevrier Sylviie \u2014 Sylvie Aditi","translator":null,"weight":45,"page_count":null,"readership":null,"editor":"Sylvie Aditi","price":1313,"published_date":"2012-12-30T23:00:00.000000Z","support":"Grand format","publisher_availability":1,"stock":0,"editions":[],"url":"https:\/\/quaidesbrumes.com\/ouvrage\/9782954107417\/lecriture-est-mon-combat"},{"id":"9782957032822","title":"Mots d'elles modeles","description":null,"authors":["Rapp-Lutzernoff"],"category_codes":["1000000","1090000","1090600"],"visuals":{"large":"https:\/\/quaidesbrumes.com\/img\/book-placeholder.png","medium":"https:\/\/quaidesbrumes.com\/img\/book-placeholder.png","thumbnail":"https:\/\/quaidesbrumes.com\/img\/book-placeholder.png"},"orderable":true,"show_badge":true,"formatted_price":"35,00&nbsp;\u20ac","formatted_published_date":"31 mars 2023","publisher_availability_label":"Sur commande","short_details":"Rapp-Lutzernoff \u2014 Editions Entrelac\u00e9es","translator":null,"weight":200,"page_count":null,"readership":null,"editor":"Editions Entrelac\u00e9es","price":3500,"published_date":"2023-03-30T22:00:00.000000Z","support":"Grand format","publisher_availability":1,"stock":0,"editions":[],"url":"https:\/\/quaidesbrumes.com\/ouvrage\/9782957032822\/mots-delles-modeles"},{"id":"9782336451442","title":"La m\u00e9lodie de mon \u00eatre","description":"\u00ab La M\u00e9lodie de mon \u00eatre \u00bb constitue une exploration profonde et riche des multiples dimensions de l'exp\u00e9rience humaine. En mettant en lumi\u00e8re des th\u00e8mes tels que le courage, la r\u00e9silience, l'amour sous diff\u00e9rentes formes, la perte d'un \u00eatre cher, la sagesse, et l'\u00e9quilibre entre principes et libert\u00e9, ces po\u00e8mes forment une palette \u00e9motionnelle diversifi\u00e9e, capturant la complexit\u00e9 inh\u00e9rente \u00e0 la vie.\r\nLa vari\u00e9t\u00e9 des sujets abord\u00e9s refl\u00e8te avec subtilit\u00e9 la diversit\u00e9 des exp\u00e9riences humaines, offrant ainsi aux lecteurs une exploration nuanc\u00e9e des aspects fondamentaux de leur existence. Chaque th\u00e8me, soigneusement tiss\u00e9 dans la trame po\u00e9tique, porte en lui une le\u00e7on de vie, une source de force ou une invitation \u00e0 la r\u00e9flexion, enrichissant ainsi la port\u00e9e et la profondeur de chaque po\u00e8me.\r\nCette m\u00e9lodie po\u00e9tique se veut \u00eatre bien plus qu'une simple s\u00e9rie de vers ; elle aspire \u00e0 \u00eatre une v\u00e9ritable symphonie des \u00e9motions et des r\u00e9flexions humaines. En exprimant la complexit\u00e9 et la diversit\u00e9 de la vie, ce recueil offre aux lecteurs une exp\u00e9rience po\u00e9tique immersive, les invitant \u00e0 explorer et \u00e0 m\u00e9diter sur les multiples facettes de leur propre existence.","authors":["Seydi Sampiring Diallo"],"category_codes":["1000000","1090000","1090600"],"visuals":{"large":"https:\/\/images.epagine.fr\/442\/9782336451442_1_75.jpg","medium":"https:\/\/images.epagine.fr\/442\/9782336451442_1_m.jpg","thumbnail":"https:\/\/images.epagine.fr\/442\/9782336451442_1_v.jpg"},"orderable":true,"show_badge":true,"formatted_price":"15,00&nbsp;\u20ac","formatted_published_date":"11 avril 2024","publisher_availability_label":"Sur commande","short_details":"Seydi Sampiring Diallo \u2014 \u00c9ditions L'Harmattan","translator":null,"weight":165,"page_count":136,"readership":null,"editor":"\u00c9ditions L'Harmattan","price":1500,"published_date":"2024-04-10T22:00:00.000000Z","support":"Grand format","publisher_availability":1,"stock":0,"editions":[],"url":"https:\/\/quaidesbrumes.com\/ouvrage\/9782336451442\/la-melodie-de-mon-etre"},{"id":"9782355238901","title":"Mots au parfum d'\u00eele","description":"Dans cette ode \u00e0 la vie, les mots sont teint\u00e9s de sensations tendres et intimes, et l'existence est c\u00e9l\u00e9br\u00e9e dans toute sa complexit\u00e9, entre beaut\u00e9 et difficult\u00e9s, dans un mouvement virevoltant empli de couleurs d\u00e9licatement esquiss\u00e9es. \r\nD'une plume vive et harmonieuse, Nadiya Guichard peint d\u00e9licatement un monde enchant\u00e9 o\u00f9 ombre et lumi\u00e8re s'entrem\u00ealent et fusionnent, cr\u00e9ant un souffle po\u00e9tique qui emporte le lecteur dans un univers d'\u00e9motions aussi douces que profondes.","authors":["Nadiya Guichard"],"category_codes":["1000000","1090000"],"visuals":{"large":"https:\/\/images.epagine.fr\/901\/9782355238901_1_75.jpg","medium":"https:\/\/images.epagine.fr\/901\/9782355238901_1_m.jpg","thumbnail":"https:\/\/images.epagine.fr\/901\/9782355238901_1_v.jpg"},"orderable":true,"show_badge":true,"formatted_price":"17,70&nbsp;\u20ac","formatted_published_date":"1er avril 2024","publisher_availability_label":"Sur commande","short_details":"Nadiya Guichard \u2014 JETS D'ENCRE","translator":null,"weight":129,"page_count":160,"readership":null,"editor":"JETS D'ENCRE","price":1770,"published_date":"2024-03-31T22:00:00.000000Z","support":"Grand format","publisher_availability":1,"stock":0,"editions":[],"url":"https:\/\/quaidesbrumes.com\/ouvrage\/9782355238901\/mots-au-parfum-dile"},{"id":"9782355238963","title":"\u00c9clats de vers","description":"Le monde qui nous entoure entra\u00eene en chacun de nous un tourbillon d'\u00e9motions dont la temp\u00eate ass\u00e8ne notre \u00e2me. C'est dans la po\u00e9sie que Lahcene Bessikri trouve refuge et apaise ses tourments tout en choyant ses espoirs. Il transforme alors les soirs d'orage en nuit \u00e9toil\u00e9e et rend hommage \u00e0 de nombreux artistes tels que Van Gogh et Baudelaire dont il s'inspire dans son \u00e9criture. \r\nDans ce recueil intense et authentique, le po\u00e8te exprime son amour pour l'Hispanie et le Maghreb qui lui ont inspir\u00e9 de nombreux vers, offrant au lecteur un voyage onirique et sensuel.","authors":["Lahcene Bessikri"],"category_codes":["1000000","1090000"],"visuals":{"large":"https:\/\/images.epagine.fr\/963\/9782355238963_1_75.jpg","medium":"https:\/\/images.epagine.fr\/963\/9782355238963_1_m.jpg","thumbnail":"https:\/\/images.epagine.fr\/963\/9782355238963_1_v.jpg"},"orderable":true,"show_badge":true,"formatted_price":"16,60&nbsp;\u20ac","formatted_published_date":"1er f\u00e9vrier 2024","publisher_availability_label":"Sur commande","short_details":"Lahcene Bessikri \u2014 JETS D'ENCRE","translator":null,"weight":110,"page_count":136,"readership":null,"editor":"JETS D'ENCRE","price":1660,"published_date":"2024-01-31T23:00:00.000000Z","support":"Grand format","publisher_availability":1,"stock":0,"editions":[],"url":"https:\/\/quaidesbrumes.com\/ouvrage\/9782355238963\/eclats-de-vers"},{"id":"9782872821983","title":"La rapporteuse ; le bruit des r\u00eaves","description":null,"authors":["Pascale Tison"],"category_codes":["1000000","1090000"],"visuals":{"large":"https:\/\/images.epagine.fr\/983\/9782872821983_1_75.jpg","medium":"https:\/\/images.epagine.fr\/983\/9782872821983_1_m.jpg","thumbnail":"https:\/\/images.epagine.fr\/983\/9782872821983_1_v.jpg"},"orderable":true,"show_badge":true,"formatted_price":"7,93&nbsp;\u20ac","formatted_published_date":"22 avril 2002","publisher_availability_label":"Sur commande","short_details":"Pascale Tison \u2014 Lansman","translator":null,"weight":76,"page_count":null,"readership":null,"editor":"Lansman","price":793,"published_date":"2002-04-21T22:00:00.000000Z","support":"Grand format","publisher_availability":1,"stock":0,"editions":[],"url":"https:\/\/quaidesbrumes.com\/ouvrage\/9782872821983\/la-rapporteuse-le-bruit-des-reves"},{"id":"9782491462680","title":"Quintils pour une r\u00eaverie","description":"LE LIVRE Jean-Luc Despax emploie ici la forme br\u00e8ve pour saisir l'instant, s'abandonner \u00e0 la r\u00eaverie... Tout y est pr\u00e9texte?: les vieux films, la pluie, le ciel, les nuages, une convalescence... L'impossible sagesse se r\u00e9sout dans un bon mot, car la vie est plus grande que nous. \r\n\r\nLa meilleure chose que vous pouvez faire en lisant ce livre, c'est donc de relever, souvent, la t\u00eate.\r\n\r\n\r\nEXTRAIT Po\u00e8mes essentiels Ex tweets Ou faux quintils Mes r\u00eaveries En libert\u00e9","authors":["Jean-Luc Despax"],"category_codes":["1000000","1090000"],"visuals":{"large":"https:\/\/images.epagine.fr\/680\/9782491462680_1_75.jpg","medium":"https:\/\/images.epagine.fr\/680\/9782491462680_1_m.jpg","thumbnail":"https:\/\/images.epagine.fr\/680\/9782491462680_1_v.jpg"},"orderable":true,"show_badge":true,"formatted_price":"17,00&nbsp;\u20ac","formatted_published_date":"15 f\u00e9vrier 2024","publisher_availability_label":"Sur commande","short_details":"Jean-Luc Despax \u2014 L'Herbe Qui Tremble","translator":null,"weight":164,"page_count":118,"readership":null,"editor":"L'Herbe Qui Tremble","price":1700,"published_date":"2024-02-14T23:00:00.000000Z","support":"Grand format","publisher_availability":1,"stock":0,"editions":[],"url":"https:\/\/quaidesbrumes.com\/ouvrage\/9782491462680\/quintils-pour-une-reverie"},{"id":"9782385418267","title":"Une aimance ancestrale : Hommage \u00e0 mon fils","description":"Mohamed Amine, 29 ans, un jeune architecte marocain musulman, enseignant \u00e0 Paris, exposait \u00e0 la galerie du Crous de la rue des beaux-arts son travail sur le th\u00e8me : P\u00e8lerinage \u00e0 la Mecque.\r\nLe dernier jour de son exposition, l'architecte n'y retournera pas. Il est rafl\u00e9 par les moussons des actes terroristes du 13  novembre 2015, une nuit \u00e0 Paris.\r\nL'auteur endeuill\u00e9 de son fils se soumet \u00e0 l'\u00e9preuve de l'\u00e9criture apr\u00e8s sept ann\u00e9es de cette disparition tragique. Il donne \u00e0 son fils la parole en le ressuscitant \u00e0 travers une plume posthume qui se verse dans un r\u00e9cit po\u00e9tique : un tissage de p\u00e9r\u00e9grinations spirituelles, des voyages de l'enfant \u00e0 la Mecque et le jour de sa mort \u00e0 Paris et ses heures posthumes. Le r\u00e9cit raconte ces \u00e9v\u00e9nements \u00e0 travers une aimance po\u00e9tique d'une appartenance ancestrale.","authors":["Taoufiq Ibnolmobarak"],"category_codes":["1000000","1090000","1090600"],"visuals":{"large":"https:\/\/images.epagine.fr\/267\/9782385418267_1_75.jpg","medium":"https:\/\/images.epagine.fr\/267\/9782385418267_1_m.jpg","thumbnail":"https:\/\/images.epagine.fr\/267\/9782385418267_1_v.jpg"},"orderable":true,"show_badge":true,"formatted_price":"18,00&nbsp;\u20ac","formatted_published_date":"10 janvier 2024","publisher_availability_label":"Sur commande","short_details":"Taoufiq Ibnolmobarak \u2014 LES IMPLIQUES","translator":null,"weight":207,"page_count":172,"readership":null,"editor":"LES IMPLIQUES","price":1800,"published_date":"2024-01-09T23:00:00.000000Z","support":"Grand format","publisher_availability":1,"stock":0,"editions":[],"url":"https:\/\/quaidesbrumes.com\/ouvrage\/9782385418267\/une-aimance-ancestrale-hommage-a-mon-fils"},{"id":"9782487346031","title":"Esp\u00e8ce invasive","description":"S\u00e9rie de fragments efficaces. Parodie d'\u00e9cologie politique qui s'autorise la solution g\u00e9nocidaire idoine : en \u00e9radiquant l'esp\u00e8ce humaine avec art, la plan\u00e8te se portera mieux. Humour inadmissible et autres rires crisp\u00e9s (ou vivants). \u00ab Soyez au courant \/ De la catastrophe \/ Avant tout le monde \/ \u00c9voluez au coeur de l'\u00e9v\u00e9nement \u00bb La photographie de couverture est sign\u00e9e Aur\u00e9lia B\u00e9cuwe.\r\n","authors":["Christophe Esnault"],"category_codes":["1000000","1090000","1090600"],"visuals":{"large":"https:\/\/images.epagine.fr\/031\/9782487346031_1_75.jpg","medium":"https:\/\/images.epagine.fr\/031\/9782487346031_1_m.jpg","thumbnail":"https:\/\/images.epagine.fr\/031\/9782487346031_1_v.jpg"},"orderable":true,"show_badge":true,"formatted_price":"10,00&nbsp;\u20ac","formatted_published_date":"1er avril 2024","publisher_availability_label":"Sur commande","short_details":"Christophe Esnault \u2014 Milagro","translator":null,"weight":126,"page_count":78,"readership":null,"editor":"Milagro","price":1000,"published_date":"2024-03-31T22:00:00.000000Z","support":"Grand format","publisher_availability":1,"stock":0,"editions":[],"url":"https:\/\/quaidesbrumes.com\/ouvrage\/9782487346031\/espece-invasive"},{"id":"9782493320780","title":"Po\u00e8mes au naturel","description":"L'auteur dispose ici des mots comme on dresse des bordures de fleurs autour du monument Nature, pour l'aur\u00e9oler et la prot\u00e9ger.","authors":["Marcel Godreau"],"category_codes":["1000000","1090000"],"visuals":{"large":"https:\/\/images.epagine.fr\/780\/9782493320780_1_75.jpg","medium":"https:\/\/images.epagine.fr\/780\/9782493320780_1_m.jpg","thumbnail":"https:\/\/images.epagine.fr\/780\/9782493320780_1_v.jpg"},"orderable":true,"show_badge":true,"formatted_price":"15,00&nbsp;\u20ac","formatted_published_date":"2 avril 2024","publisher_availability_label":"Sur commande","short_details":"Marcel Godreau \u2014 Vent-Des-Lettres","translator":null,"weight":46,"page_count":54,"readership":null,"editor":"Vent-Des-Lettres","price":1500,"published_date":"2024-04-01T22:00:00.000000Z","support":"Grand format","publisher_availability":1,"stock":0,"editions":[],"url":"https:\/\/quaidesbrumes.com\/ouvrage\/9782493320780\/poemes-au-naturel"},{"id":"9791042501822","title":"Po\u00e8mes atout coeur : 37,5","description":"C'est un recueil po\u00e9tiquement correct, au m\u00e9lange subtil, au parfum ind\u00e9l\u00e9bile de deux mondes qui se c\u00f4toient. La po\u00e9sie et la peinture ! Imag\u00e9 et color\u00e9 \u00e0 souhait au rythme des envies et des songes, ce recueil est n\u00e9 de l'imaginaire, sorti tout droit d'une pri\u00e8re d'un monde r\u00eaveur, d'un monde meilleur ! Recueil m\u00e9lodieux \u00e0 d\u00e9couvrir, \u00e0 lire, \u00e0 partager sans mod\u00e9ration ! Comme dans une partition jou\u00e9e \u00e0 quatre mains, ses notes se colorent peu \u00e0 peu... \u00ab telle une palette rose de bleu \u00f4 coeur \u00bb ! Peu \u00e0 peu, la couleur d'Elle a envahi les pages de Lui... et la couleur des mots prit vie ! \u00ab Le bleu, le rose... La rose en prose ! Et la plume devint pinceau... Colorant ainsi vents et maux ! \u00bb","authors":["Lo\u00efc Courtois","Brigitte Marie Dos Santos"],"category_codes":["1000000","1090000"],"visuals":{"large":"https:\/\/images.epagine.fr\/822\/9791042501822_1_75.jpg","medium":"https:\/\/images.epagine.fr\/822\/9791042501822_1_m.jpg","thumbnail":"https:\/\/images.epagine.fr\/822\/9791042501822_1_v.jpg"},"orderable":true,"show_badge":true,"formatted_price":"24,00&nbsp;\u20ac","formatted_published_date":"11 janvier 2024","publisher_availability_label":"Sur commande","short_details":"Lo\u00efc Courtois, Brigitte Marie Dos Santos \u2014 Editions Ma\u00efa","translator":null,"weight":350,"page_count":146,"readership":null,"editor":"Editions Ma\u00efa","price":2400,"published_date":"2024-01-10T23:00:00.000000Z","support":"Grand format","publisher_availability":1,"stock":0,"editions":[],"url":"https:\/\/quaidesbrumes.com\/ouvrage\/9791042501822\/poemes-atout-coeur-375"},{"id":"9782940410576","title":"Echapper a l'obscur - poemes","description":null,"authors":["Claudine Houriet"],"category_codes":["1000000","1090000"],"visuals":{"large":"https:\/\/quaidesbrumes.com\/img\/book-placeholder.png","medium":"https:\/\/quaidesbrumes.com\/img\/book-placeholder.png","thumbnail":"https:\/\/quaidesbrumes.com\/img\/book-placeholder.png"},"orderable":true,"show_badge":true,"formatted_price":"14,00&nbsp;\u20ac","formatted_published_date":"31 octobre 2022","publisher_availability_label":"Sur commande","short_details":"Claudine Houriet \u2014 La Maison Rose","translator":null,"weight":163,"page_count":null,"readership":null,"editor":"La Maison Rose","price":1400,"published_date":"2022-10-30T23:00:00.000000Z","support":"Grand format","publisher_availability":1,"stock":0,"editions":[],"url":"https:\/\/quaidesbrumes.com\/ouvrage\/9782940410576\/echapper-a-lobscur-poemes"},{"id":"9791092910995","title":"Resilience is she = la resilience, c'est elle","description":null,"authors":["Serau Camari"],"category_codes":["1000000","1090000"],"visuals":{"large":"https:\/\/images.epagine.fr\/995\/9791092910995_1_75.jpg","medium":"https:\/\/images.epagine.fr\/995\/9791092910995_1_m.jpg","thumbnail":"https:\/\/images.epagine.fr\/995\/9791092910995_1_v.jpg"},"orderable":true,"show_badge":true,"formatted_price":"9,00&nbsp;\u20ac","formatted_published_date":"12 mars 2024","publisher_availability_label":"Sur commande","short_details":"Serau Camari \u2014 LES PETITES ALLEES","translator":null,"weight":40,"page_count":null,"readership":null,"editor":"LES PETITES ALLEES","price":900,"published_date":"2024-03-11T23:00:00.000000Z","support":"Grand format","publisher_availability":1,"stock":0,"editions":[],"url":"https:\/\/quaidesbrumes.com\/ouvrage\/9791092910995\/resilience-is-she-la-resilience-cest-elle"},{"id":"9782874067457","title":"Sortir du cadre","description":"Sortons du cadre, nos voix sont libres ! Libres, depuis le printemps dernier, d'interroger les normes, les marges, les balises, d'\u00e9viter les chemins tout trac\u00e9s, de casser les angles droits, de refuser le convenu, le contenu, de traverser les murs, de bondir au-dessus des barri\u00e8res, de br\u00fbler les fronti\u00e8res... Libres les voix d'\u00eatre enfin entendues, du fond des \u00ab trous \u00bb du monde : les voix des sans-voix, des invisibles, des recul\u00e9.es, des oubli\u00e9.es, celles qui montent des caves et des cages, des cavernes, des prisons, des abris de brindilles, des sentiers d\u00e9vast\u00e9s de \u00ab la folie \u00bb et de l'exil. Celles qui \u00ab br\u00fblent encore \u00bb et celles qui tra\u00eenent leurs derniers souffles... Libres aussi de franchir les murs des biblioth\u00e8ques et des habitudes pour appeler la po\u00e9sie vie dans des lieux o\u00f9 l'art se dit, se dresse, s'insurge, se vit, soul\u00e8ve les \u00e9motions et d\u00e9nouent les voix. Dans ce recueil collectif, vous d\u00e9couvrirez des po\u00e8mes, du slam, des dessins, des collages et des bas-reliefs r\u00e9alis\u00e9s au coeur des diff\u00e9rents ateliers propos\u00e9s par la Maison de la po\u00e9sie d'Amay, entre ses murs et \u00e0 l'ext\u00e9rieur, toutes voiles dehors !","authors":["Collectif"],"category_codes":["1000000","1090000"],"visuals":{"large":"https:\/\/images.epagine.fr\/457\/9782874067457_1_75.jpg","medium":"https:\/\/images.epagine.fr\/457\/9782874067457_1_m.jpg","thumbnail":"https:\/\/images.epagine.fr\/457\/9782874067457_1_v.jpg"},"orderable":true,"show_badge":true,"formatted_price":"15,00&nbsp;\u20ac","formatted_published_date":"23 mars 2024","publisher_availability_label":"Sur commande","short_details":"Collectif \u2014 L'Arbre A Paroles","translator":null,"weight":401,"page_count":242,"readership":null,"editor":"L'Arbre A Paroles","price":1500,"published_date":"2024-03-22T23:00:00.000000Z","support":"Grand format","publisher_availability":1,"stock":0,"editions":[],"url":"https:\/\/quaidesbrumes.com\/ouvrage\/9782874067457\/sortir-du-cadre"},{"id":"9782958841201","title":"Tu ne tarderas gu\u00e8re","description":"\"Tu ne tarderas gu\u00e8re\" renferme douze po\u00e8mes en prose qui tentent d'esquisser un d\u00e9but de r\u00e9ponse \u00e0 cette question : comment vivre au XXIe si\u00e8cle malgr\u00e9 tout ? \u00c0 travers deux th\u00e8mes centraux, la mort et la fin du monde, l'auteur s'en remet aux possibilit\u00e9s qu'offre le langage pour d\u00e9passer l'insurmontable. On y apprend notamment comment trouver une aiguille dans une botte de foin. C'est un objet r\u00e9solument graphique, avec les oeuvres originales de trois artistes, o\u00f9 m\u00eame le texte est envahi par l'image. Le livre cache un jeu de piste : tout n'est pas dit, et tout ce qui est dit n'est pas visible.","authors":["Un Enfant Du Siecle"],"category_codes":["1000000","1090000","1090600"],"visuals":{"large":"https:\/\/images.epagine.fr\/201\/9782958841201_1_75.jpg","medium":"https:\/\/images.epagine.fr\/201\/9782958841201_1_m.jpg","thumbnail":"https:\/\/images.epagine.fr\/201\/9782958841201_1_v.jpg"},"orderable":true,"show_badge":true,"formatted_price":"15,00&nbsp;\u20ac","formatted_published_date":"22 f\u00e9vrier 2024","publisher_availability_label":"Sur commande","short_details":"Un Enfant Du Siecle \u2014 Editions Passe Passe","translator":null,"weight":150,"page_count":64,"readership":null,"editor":"Editions Passe Passe","price":1500,"published_date":"2024-02-21T23:00:00.000000Z","support":"Grand format","publisher_availability":1,"stock":0,"editions":[],"url":"https:\/\/quaidesbrumes.com\/ouvrage\/9782958841201\/tu-ne-tarderas-guere"},{"id":"9782336451749","title":"La harde de cerfs meurt de soif","description":"Ce recueil est universel car il se tient du c\u00f4t\u00e9 de la libert\u00e9 et de l'humanit\u00e9. L'\u00e9criture de Hussein Habasch est celle d'un d\u00e9racin\u00e9 d'une patrie d\u00e9vast\u00e9e par les guerres et les massacres, morcel\u00e9e, d\u00e9truite. Exil et douleur mais aussi r\u00e9sistance et lucidit\u00e9. Sa po\u00e9sie n'exclut ni les f\u00ealures, ni les revendications, ni les larmes, ni l'espoir.\r\nFace aux drames de la guerre et des existences, il se tient en observateur de sa propre vie et questionne le pr\u00e9sent, tente d'envisager l'avenir. Sa po\u00e9sie est le t\u00e9moignage du martyr du peuple kurde, et celui de la condition des exil\u00e9s.\r\nIl lit et \u00e9crit son exil non pas avec nostalgie mais avec la lucidit\u00e9 des perdants dans un jeu o\u00f9 les r\u00e8gles profitent toujours aux riches. Seul espoir  : l'amour et la tendresse envers ses enfants auxquels il transmet ses valeurs, leur invente un avenir, tout en tentant de leur \u00e9pargner l'angoisse.","authors":["Hussein Habasch"],"category_codes":["1000000","1090000","1090600"],"visuals":{"large":"https:\/\/images.epagine.fr\/749\/9782336451749_1_75.jpg","medium":"https:\/\/images.epagine.fr\/749\/9782336451749_1_m.jpg","thumbnail":"https:\/\/images.epagine.fr\/749\/9782336451749_1_v.jpg"},"orderable":true,"show_badge":true,"formatted_price":"13,00&nbsp;\u20ac","formatted_published_date":"25 avril 2024","publisher_availability_label":"Sur commande","short_details":"Hussein Habasch \u2014 \u00c9ditions L'Harmattan","translator":null,"weight":118,"page_count":96,"readership":null,"editor":"\u00c9ditions L'Harmattan","price":1300,"published_date":"2024-04-24T22:00:00.000000Z","support":"Grand format","publisher_availability":1,"stock":0,"editions":[],"url":"https:\/\/quaidesbrumes.com\/ouvrage\/9782336451749\/la-harde-de-cerfs-meurt-de-soif"},{"id":"9782874502187","title":"Comme un livre ouvert \u00e0 la crois\u00e9e des doutes","description":"Pr\u00e9sence au monde, m\u00e9ditation sur les saisons, les sources d'\u00e9nergie et de lumi\u00e8re, la qu\u00eate d'une paix int\u00e9rieure, il y a tout cela dans ce livre dont la premi\u00e8re \u00e9dition \u00e9tait accompagn\u00e9e de 56 photos de Laurence Toussaint. Ce volume a re\u00e7u, en 2023, le prix du Parlement de la F\u00e9d\u00e9ration Wallonie-Bruxelles. Accompagn\u00e9 de 5 photos en couleur de L. Toussaint","authors":["Beatrice Libert"],"category_codes":["1000000","1090000","1090600"],"visuals":{"large":"https:\/\/images.epagine.fr\/187\/9782874502187_1_75.jpg","medium":"https:\/\/images.epagine.fr\/187\/9782874502187_1_m.jpg","thumbnail":"https:\/\/images.epagine.fr\/187\/9782874502187_1_v.jpg"},"orderable":true,"show_badge":true,"formatted_price":"15,00&nbsp;\u20ac","formatted_published_date":"24 janvier 2024","publisher_availability_label":"Sur commande","short_details":"Beatrice Libert \u2014 Taillis Pre","translator":null,"weight":150,"page_count":96,"readership":null,"editor":"Taillis Pre","price":1500,"published_date":"2024-01-23T23:00:00.000000Z","support":"Grand format","publisher_availability":1,"stock":0,"editions":[],"url":"https:\/\/quaidesbrumes.com\/ouvrage\/9782874502187\/comme-un-livre-ouvert-a-la-croisee-des-doutes"},{"id":"9782918566793","title":"TEMPS REEL","description":"Voici un recueil de po\u00e8mes rompant en visi\u00e8re avec le trop de pr\u00e9sents indicatifs, peu communs et neutralisants, ainsi qu'avec le r\u00eave vicieux de la vitesse.\r\nC'est donc en nous offrant ses mots, et, avec ceux-ci le temps (il n'est jamais trop tard) que Malo Berthelot, jeune po\u00e8te breton (et d\u00e9serteur) d\u00e9cide de laisser ses premi\u00e8res traces.","authors":["Malo Berthelot"],"category_codes":["1000000","1090000","1090600"],"visuals":{"large":"https:\/\/images.epagine.fr\/793\/9782918566793_1_75.jpg","medium":"https:\/\/images.epagine.fr\/793\/9782918566793_1_m.jpg","thumbnail":"https:\/\/images.epagine.fr\/793\/9782918566793_1_v.jpg"},"orderable":true,"show_badge":true,"formatted_price":"15,00&nbsp;\u20ac","formatted_published_date":"15 mai 2024","publisher_availability_label":"Sur commande","short_details":"Malo Berthelot \u2014 Filosphere","translator":null,"weight":80,"page_count":50,"readership":null,"editor":"Filosphere","price":1500,"published_date":"2024-05-14T22:00:00.000000Z","support":"Grand format","publisher_availability":1,"stock":0,"editions":[],"url":"https:\/\/quaidesbrumes.com\/ouvrage\/9782918566793\/temps-reel"},{"id":"9782336444017","title":"Le jardin des valeurs : pens\u00e9es po\u00e9tiques","description":"Dans un Monde en sursis sur les plans humanitaire et climatique, \u00ab Le temps aux vents mauvais, brise r\u00eaves et projets \u00bb pendant qu'une guerre permanente ruine les espoirs de l'humanit\u00e9. Refonder notre soci\u00e9t\u00e9 devient le prix \u00e0 payer si on veut envisager \u00ab Les jours heureux \u00bb. Dans ce dessein, l'ouvrage tire des \u00ab balles de lumi\u00e8re \u00bb vers les petits et contre tout ce qui rabougrit l'humain pendant qu'il esquisse malgr\u00e9 le climat hostile, un projet de grandeur. L'arme choisie est la po\u00e9sie. Comme la gravit\u00e9 attire les corps, la po\u00e9sie rapproche les esprits gr\u00e2ce \u00e0 sa beaut\u00e9 et sa force. Elle offre un espace propice pour un nouveau d\u00e9part. N'a-t-elle pas \u00e9t\u00e9 un guide pour nos \u00e2mes depuis les pharaons et Hom\u00e8re ? Vingt po\u00e8mes tracent Le jardin des valeurs, l'espace o\u00f9 nos d\u00e9sirs de grandeur et nos nostalgies pourront fleurir.","authors":["Mo\u00efse Dipoko"],"category_codes":["1000000","1090000","1090600"],"visuals":{"large":"https:\/\/images.epagine.fr\/017\/9782336444017_1_75.jpg","medium":"https:\/\/images.epagine.fr\/017\/9782336444017_1_m.jpg","thumbnail":"https:\/\/images.epagine.fr\/017\/9782336444017_1_v.jpg"},"orderable":true,"show_badge":true,"formatted_price":"12,00&nbsp;\u20ac","formatted_published_date":"2 mai 2024","publisher_availability_label":"Sur commande","short_details":"Mo\u00efse Dipoko \u2014 \u00c9ditions L'Harmattan","translator":null,"weight":107,"page_count":86,"readership":null,"editor":"\u00c9ditions L'Harmattan","price":1200,"published_date":"2024-05-01T22:00:00.000000Z","support":"Grand format","publisher_availability":1,"stock":0,"editions":[],"url":"https:\/\/quaidesbrumes.com\/ouvrage\/9782336444017\/le-jardin-des-valeurs-pensees-poetiques"},{"id":"9782845876408","title":"Le scribe et son th\u00e9\u00e2tre","description":"Br\u00e8ve r\u00e9trospective \/ Po\u00e8mes de 1976 \u00e0 2022 \/ R\u00e9conciliation. Cadre en place. Couperet des photos. L'esp\u00e8ce dodue des fauteuils de famille s'endort dans la chaleur des textes.","authors":["Marie Etienne"],"category_codes":["1000000","1090000","1090600"],"visuals":{"large":"https:\/\/images.epagine.fr\/408\/9782845876408_1_75.jpg","medium":"https:\/\/images.epagine.fr\/408\/9782845876408_1_m.jpg","thumbnail":"https:\/\/images.epagine.fr\/408\/9782845876408_1_v.jpg"},"orderable":true,"show_badge":true,"formatted_price":"13,00&nbsp;\u20ac","formatted_published_date":"13 janvier 2024","publisher_availability_label":"Sur commande","short_details":"Marie Etienne \u2014 Tarabuste","translator":null,"weight":250,"page_count":120,"readership":null,"editor":"Tarabuste","price":1300,"published_date":"2024-01-12T23:00:00.000000Z","support":"Grand format","publisher_availability":1,"stock":0,"editions":[],"url":"https:\/\/quaidesbrumes.com\/ouvrage\/9782845876408\/le-scribe-et-son-theatre"},{"id":"9791093692692","title":"Cantic","description":"Livre-CD po\u00e8mes en occitan de Gerard Zuchetto et Max Rouquette, et en espagnol de Miguel Hern\u00e1ndez et Antonio Machado.\r\nCompositions, chant et piano Sandra Hurtado-R\u00f2s. Cr\u00e9ation pour chant, piano et orchestre de chambre, pr\u00e9sent\u00e9e pour la premi\u00e8re fois \u00e0 Narbonne Salle des Synodes du Palais des Archev\u00eaques le 30 avril 2022 au profit de l'association Narbonne-Ukraine, et d'Aude Solidarit\u00e9 \u00e0 l'initiative de l'association Trob'Art Productions, Gerard Zuchetto et Sandra Hurtado R\u00f2s.","authors":["Sandra Hurtado-R\u00f3s","G\u00e9rard Zuchetto"],"category_codes":["1000000","1090000","1090200"],"visuals":{"large":"https:\/\/images.epagine.fr\/692\/9791093692692_1_75.jpg","medium":"https:\/\/images.epagine.fr\/692\/9791093692692_1_m.jpg","thumbnail":"https:\/\/images.epagine.fr\/692\/9791093692692_1_v.jpg"},"orderable":true,"show_badge":true,"formatted_price":"20,00&nbsp;\u20ac","formatted_published_date":"8 avril 2024","publisher_availability_label":"Sur commande","short_details":"Sandra Hurtado-R\u00f3s, G\u00e9rard Zuchetto \u2014 Troba Vox","translator":null,"weight":380,"page_count":76,"readership":null,"editor":"Troba Vox","price":2000,"published_date":"2024-04-07T22:00:00.000000Z","support":"Livre + CD Audio","publisher_availability":1,"stock":0,"editions":[],"url":"https:\/\/quaidesbrumes.com\/ouvrage\/9791093692692\/cantic"}]}