{"data":[{"id":"9782958868529","title":"Chant nuptial","description":"Dans ce po\u00e8me-conte, l'autrice nous r\u00e9v\u00e8le une danse initiatique o\u00f9 principes masculin et f\u00e9minin s'unissent au feu cr\u00e9ateur ; une danse des origines. Un voyage magique dans la for\u00eat imaginaire du langage riche et onirique de Laurence L\u00e9pine. Envo\u00fbtant ! \u00ab Habit\u00e9e par plus anciennes que moi je m'interroge sur mes gestes les d\u00e9shabille d'un regard les enlace \u00e0 d'autres gestes les arrime corps \u00e0 plus haut firmament \u00bb ","authors":["Laurence L\u00e9pine"],"category_codes":["1000000","1090000","1090600"],"visuals":{"large":"https:\/\/images.epagine.fr\/529\/9782958868529_1_75.jpg","medium":"https:\/\/images.epagine.fr\/529\/9782958868529_1_m.jpg","thumbnail":"https:\/\/images.epagine.fr\/529\/9782958868529_1_v.jpg"},"orderable":true,"show_badge":true,"formatted_price":"8,00&nbsp;\u20ac","formatted_published_date":"1er mars 2024","publisher_availability_label":"Sur commande","short_details":"Laurence L\u00e9pine \u2014 Editions De L'Entrevers","translator":null,"weight":40,"page_count":32,"readership":null,"editor":"Editions De L'Entrevers","price":800,"published_date":"2024-02-29T23:00:00.000000Z","support":"Grand format","publisher_availability":1,"stock":0,"editions":[],"url":"https:\/\/quaidesbrumes.com\/ouvrage\/9782958868529\/chant-nuptial"},{"id":"9782368687406","title":"Je suis noir de monde","description":"De l'hommage rendu \u00e0 un po\u00e8te disparu \u00e0 l'expression de la n\u00e9cessit\u00e9 du renouveau succ\u00e9dant \u00e0 celle de la lassitude face au monde ancien, le tout avec une musicalit\u00e9 singuli\u00e8re ainsi que des images crues, tranchantes, servies par un fulgurant syst\u00e8me m\u00e9taphorique et m\u00e9tonymique quelquefois d\u00e9tourn\u00e9 de sa fonction classique mais instituant des fresques saisissantes, l'auteur, conjuguant po\u00e9sie et m\u00e9ta-po\u00e9sie, dans l'alliage parfait du signifi\u00e9 et du signifiant, commet une fois de plus un recueil de po\u00e8mes o\u00f9, tout en se d\u00e9voilant, il d\u00e9voile le r\u00e9el d'une mani\u00e8re originale, le verbe insurg\u00e9 toujours aux aguets, les mots saignants et soignants pour une ode \u00e0 la vie triomphante, des mots enflamm\u00e9s par la saine fougue et l'ardeur de la l\u00e9gitimit\u00e9 de cette parole exalt\u00e9e, invitant \u00e0 l'\u00e9vasion et \u00e0 l'action positive. Qu'on l'accepte ou qu'on la refuse, sa po\u00e9sie ne laisse pas indemne ; on ne la quitte pas indiff\u00e9rent. \r\n\r\nDes \u00e9toiles filantes d\u00e9chirent\r\nle tissu de la nuit. Une nuit de guerre\r\nqui tranche le cou au sourire majuscule !","authors":["Chrystom"],"category_codes":["1000000","1090000","1090600"],"visuals":{"large":"https:\/\/images.epagine.fr\/406\/9782368687406_1_75.jpg","medium":"https:\/\/images.epagine.fr\/406\/9782368687406_1_m.jpg","thumbnail":"https:\/\/images.epagine.fr\/406\/9782368687406_1_v.jpg"},"orderable":true,"show_badge":true,"formatted_price":"11,00&nbsp;\u20ac","formatted_published_date":"17 d\u00e9cembre 2023","publisher_availability_label":"Sur commande","short_details":"Chrystom \u2014 Stellamaris","translator":null,"weight":198,"page_count":130,"readership":null,"editor":"Stellamaris","price":1100,"published_date":"2023-12-16T23:00:00.000000Z","support":"Grand format","publisher_availability":1,"stock":0,"editions":[],"url":"https:\/\/quaidesbrumes.com\/ouvrage\/9782368687406\/je-suis-noir-de-monde"},{"id":"9791042500627","title":"Approchez-vous des personnes handicap\u00e9es","description":"Le but de ces messages po\u00e9tiques et ha\u00efkus est d'amener le lecteur \u00e0 s'approcher des personnes handicap\u00e9es, en lisant ces messages pour mieux conna\u00eetre et comprendre les personnes touch\u00e9es par diff\u00e9rentes pathologies handicapantes, de la naissance en passant par l'annonce du handicap, la scolarit\u00e9 et la vie en g\u00e9n\u00e9ral avec les difficult\u00e9s rencontr\u00e9es. La vie d'une personne handicap\u00e9e peut \u00eatre unique et vari\u00e9e, tout comme celle de toute autre personne. Le fil rouge de ce livre via ces messages po\u00e9tiques a pour volont\u00e9 de d\u00e9montrer que le handicap ne d\u00e9finit pas une personne. Il est \u00e9galement important de souligner que chaque personne handicap\u00e9e a des besoins diff\u00e9rents, et que les ressources et les soutiens n\u00e9cessaires varient d'une personne \u00e0 l'autre selon l'\u00e9volution et le handicap de la personne.","authors":["Jacques Costils"],"category_codes":["1000000","1090000","1090600"],"visuals":{"large":"https:\/\/images.epagine.fr\/627\/9791042500627_1_75.jpg","medium":"https:\/\/images.epagine.fr\/627\/9791042500627_1_m.jpg","thumbnail":"https:\/\/images.epagine.fr\/627\/9791042500627_1_v.jpg"},"orderable":true,"show_badge":true,"formatted_price":"18,00&nbsp;\u20ac","formatted_published_date":"18 d\u00e9cembre 2023","publisher_availability_label":"Sur commande","short_details":"Jacques Costils \u2014 Editions Ma\u00efa","translator":null,"weight":350,"page_count":118,"readership":null,"editor":"Editions Ma\u00efa","price":1800,"published_date":"2023-12-17T23:00:00.000000Z","support":"Grand format","publisher_availability":1,"stock":0,"editions":[],"url":"https:\/\/quaidesbrumes.com\/ouvrage\/9791042500627\/approchez-vous-des-personnes-handicapees"},{"id":"9782368688458","title":"Le parfum des saisons suivi de Fleurs en mots","description":"Le cycle de la vie s'inscrit dans celui des saisons, les jours ensoleill\u00e9s succ\u00e8dent aux journ\u00e9es de pluie ou de froid, les aubes belles aux soirs de brouillard. Dans le premier recueil, Claude Watel parcourt le chemin de l'enfance \u00e0 la vieillesse et nous invite \u00e0 respirer le \u00ab parfum des saisons \u00bb. Dans le second recueil, les fleurs ont la part belle, qu'elles soient cultiv\u00e9es ou sauvages, et chacune nous conte son histoire en un sizain\r\n\r\n\u00ab Rouges coquelicots\r\nDes terres de la Somme,\r\nP\u00e9tales calicots\r\nEncore empreints des r\u00e2les\r\nDe tant de jeunes hommes\r\nVenus du monde austral ! \u00bb","authors":["Claude Watel"],"category_codes":["1000000","1090000","1090600"],"visuals":{"large":"https:\/\/images.epagine.fr\/458\/9782368688458_1_75.jpg","medium":"https:\/\/images.epagine.fr\/458\/9782368688458_1_m.jpg","thumbnail":"https:\/\/images.epagine.fr\/458\/9782368688458_1_v.jpg"},"orderable":true,"show_badge":true,"formatted_price":"18,00&nbsp;\u20ac","formatted_published_date":"4 mars 2024","publisher_availability_label":"Sur commande","short_details":"Claude Watel \u2014 Stellamaris","translator":null,"weight":209,"page_count":134,"readership":null,"editor":"Stellamaris","price":1800,"published_date":"2024-03-03T23:00:00.000000Z","support":"Grand format","publisher_availability":1,"stock":0,"editions":[],"url":"https:\/\/quaidesbrumes.com\/ouvrage\/9782368688458\/le-parfum-des-saisons-suivi-de-fleurs-en-mots"},{"id":"9791042300791","title":"Et si tout allait...","description":"D\u00e9couvrez un recueil singulier o\u00f9 l'\u00e9criture se fait exploration sans contrainte de trame narrative. Entre sc\u00e8nes du quotidien et r\u00e9flexions universelles, ces r\u00e9cits courts tiss\u00e9s au gr\u00e9 des inspirations de l'auteur vous invitent \u00e0 un voyage litt\u00e9raire hors du commun. Sans d\u00e9but ni fin, chaque page est une invitation \u00e0 la libert\u00e9, un espace o\u00f9 joie, myst\u00e8re et contemplation se m\u00ealent en une danse de mots.\r\nLaissez-vous porter par la plume cr\u00e9ative et devenez un lecteur sans attache, engag\u00e9 uniquement dans l'art de lire. Embarquez pour une aventure o\u00f9 la r\u00e9alit\u00e9 flirte avec la fiction, et o\u00f9 votre imagination sera votre seule guide.\r\nBelle lecture et bon voyage dans l'univers de l'\u00e9criture sans fronti\u00e8res !","authors":["Betty Martial"],"category_codes":["1000000","1090000"],"visuals":{"large":"https:\/\/images.epagine.fr\/791\/9791042300791_1_75.jpg","medium":"https:\/\/images.epagine.fr\/791\/9791042300791_1_m.jpg","thumbnail":"https:\/\/images.epagine.fr\/791\/9791042300791_1_v.jpg"},"orderable":true,"show_badge":true,"formatted_price":"10,50&nbsp;\u20ac","formatted_published_date":"15 mars 2024","publisher_availability_label":"Sur commande","short_details":"Betty Martial \u2014 VERONE","translator":null,"weight":105,"page_count":44,"readership":null,"editor":"VERONE","price":1050,"published_date":"2024-03-14T23:00:00.000000Z","support":"Grand format","publisher_availability":1,"stock":0,"editions":[],"url":"https:\/\/quaidesbrumes.com\/ouvrage\/9791042300791\/et-si-tout-allait"},{"id":"9782336423289","title":"Balades en blues sur la Venise du Sud","description":"Balades en blues sur la Venise du Sud est un v\u00e9ritable ravissement port\u00e9 par un style et une langue exquis et \u00e9blouissants. \u00c0 travers de la pure po\u00e9sie imag\u00e9e au langage inventif et de la prose po\u00e9tique, l'auteure, nourrie \u00e0 l'exil de voyages lointains, nous dresse le portrait empreint de nostalgie de sa ville de naissance, Saint-Louis du S\u00e9n\u00e9gal, o\u00f9 se cristallisent les images, les valeurs, les actes qui font de l'enfance un royaume id\u00e9al. La po\u00e9tesse retrouve ici les accents de la nostalgie senghorienne ainsi que celle, c\u00e9sairienne, du retour au pays natal.\r\nPlus qu'un texte, c'est une ode \u00e0 Saint-Louis du S\u00e9n\u00e9gal, espace de m\u00e9tissages et de rencontres. M\u00e9tissage biologique (les signares), culturelle (int\u00e9gration des cultures africaines, europ\u00e9ennes, arabes, mauresques) ; rencontres des langues (langues africaines et europ\u00e9ennes), des religions (musulmane, chr\u00e9tienne, pratiques traditionnelles).","authors":["Faye-Diagne K F."],"category_codes":["1000000","1090000"],"visuals":{"large":"https:\/\/images.epagine.fr\/289\/9782336423289_1_75.jpg","medium":"https:\/\/images.epagine.fr\/289\/9782336423289_1_m.jpg","thumbnail":"https:\/\/images.epagine.fr\/289\/9782336423289_1_v.jpg"},"orderable":true,"show_badge":true,"formatted_price":"14,00&nbsp;\u20ac","formatted_published_date":"22 d\u00e9cembre 2023","publisher_availability_label":"Sur commande","short_details":"Faye-Diagne K F. \u2014 \u00c9ditions L'Harmattan","translator":null,"weight":167,"page_count":138,"readership":null,"editor":"\u00c9ditions L'Harmattan","price":1400,"published_date":"2023-12-21T23:00:00.000000Z","support":"Grand format","publisher_availability":1,"stock":0,"editions":[],"url":"https:\/\/quaidesbrumes.com\/ouvrage\/9782336423289\/balades-en-blues-sur-la-venise-du-sud"},{"id":"9782494676190","title":"Celles qui demeurent","description":"Il fait donc toujours beau \u00e0 Ouessant\r\nsauf en pleine temp\u00eate\r\nquand les mouettes\r\nrenoncent au ciel\r\ns'abattent au sol\r\nvolent \u00e0 l'envers","authors":["Benjamin Bozonnet","Fr\u00e9d\u00e9ric Ohlen"],"category_codes":["1000000","1090000","1090600"],"visuals":{"large":"https:\/\/quaidesbrumes.com\/img\/book-placeholder.png","medium":"https:\/\/quaidesbrumes.com\/img\/book-placeholder.png","thumbnail":"https:\/\/quaidesbrumes.com\/img\/book-placeholder.png"},"orderable":true,"show_badge":true,"formatted_price":"15,00&nbsp;\u20ac","formatted_published_date":"6 mars 2024","publisher_availability_label":"Sur commande","short_details":"Benjamin Bozonnet, Fr\u00e9d\u00e9ric Ohlen \u2014 Atelier Des Noyers","translator":null,"weight":120,"page_count":76,"readership":null,"editor":"Atelier Des Noyers","price":1500,"published_date":"2024-03-05T23:00:00.000000Z","support":"Grand format","publisher_availability":1,"stock":0,"editions":[],"url":"https:\/\/quaidesbrumes.com\/ouvrage\/9782494676190\/celles-qui-demeurent"},{"id":"9791041988112","title":"Jubilate Agno","description":"\"Jubilate Agno\" by Christopher Smart is an affirmative and distinctive poetic work that reflects the author's deep religious fervor and his unique approach to expressing devotion. Written during the 18th century, Smart's poem is a testament to his creativity and spiritual introspection during a challenging period in his life.\r\n\r\nIn \"Jubilate Agno,\" readers can expect a complex and expansive exploration of religious themes, praising and glorifying God in a manner that is both fervent and unconventional. The title, meaning \"Rejoice in the Lamb\" in Latin, suggests a jubilant and celebratory tone, emphasizing praise and worship.","authors":["Christopher Smart"],"category_codes":["1000000","1090000"],"visuals":{"large":"https:\/\/images.epagine.fr\/112\/9791041988112_1_75.jpg","medium":"https:\/\/images.epagine.fr\/112\/9791041988112_1_m.jpg","thumbnail":"https:\/\/images.epagine.fr\/112\/9791041988112_1_v.jpg"},"orderable":true,"show_badge":true,"formatted_price":"19,00&nbsp;\u20ac","formatted_published_date":"6 mars 2024","publisher_availability_label":"Sur commande","short_details":"Christopher Smart \u2014 CULTUREA","translator":null,"weight":197,"page_count":118,"readership":null,"editor":"CULTUREA","price":1900,"published_date":"2024-03-05T23:00:00.000000Z","support":"Grand format","publisher_availability":1,"stock":0,"editions":[],"url":"https:\/\/quaidesbrumes.com\/ouvrage\/9791041988112\/jubilate-agno"},{"id":"9780060514488","title":"New and Collected Poems 1931-2001","description":"New and Collected Poems: 1931--2001 celebrates seven decades of Czeslaw Milosz's exceptional career. Widely regarded as one of the greatest poets of our time, Milosz is a master of probing inquiry and graceful expression. His poetry is infused with a tireless spirit and penetrating insight into fundamental human dilemmas and the staggering yet simple truth that \"to exist on the earth is beyond any power to name.\"Czeslaw Milosz worked with the Polish Resistance movement in Warsaw during World War II and defected to France in 1951. His work brings to bear the political awareness of an exile--most notably in A Treatise on Poetry, a forty-page exploration of the world wars that rocked the first half of the twentieth century. His later poems also reflect the sharp political focus through which this Nobel Laureate never fails to bear witness to the events that stir the world.Digging among the rubble of the past, Milosz forges a vision that encompasses pain as well as joy. His work, wrote Edward Hirsch in the New York Times Book Review, is \"one of the monumental splendors of poetry in our age.\" With more than fifty poems from the end of Milosz's career, this is an essential collection from one of the most important voices in contemporary poetry.","authors":["Czeslaw Milosz"],"category_codes":[],"visuals":{"large":"https:\/\/images.epagine.fr\/488\/9780060514488_1_75.jpg","medium":"https:\/\/images.epagine.fr\/488\/9780060514488_1_m.jpg","thumbnail":"https:\/\/images.epagine.fr\/488\/9780060514488_1_v.jpg"},"orderable":true,"show_badge":true,"formatted_price":"21,30&nbsp;\u20ac","formatted_published_date":"4 avril 2017","publisher_availability_label":"Sur commande","short_details":"Czeslaw Milosz \u2014 Ecco Press","translator":null,"weight":898,"page_count":800,"readership":null,"editor":"Ecco Press","price":2130,"published_date":"2017-04-03T22:00:00.000000Z","support":"Grand format","publisher_availability":1,"stock":0,"editions":[],"url":"https:\/\/quaidesbrumes.com\/ouvrage\/9780060514488\/new-and-collected-poems-1931-2001"},{"id":"9782366131536","title":"Le c(h)oeur des choses","description":"\u00ab Nous sommes des fragments, l'amour est le tout \u00bb. C'est \u00e0 partir de cette citation du po\u00e8te persan Djal\u00e2l ad-D\u00een Rumi que Dominique Errante a construit son r\u00e9cit. Un battement de coeur venu de huit si\u00e8cles r\u00e9veiller la conscience de notre unit\u00e9 et en enchanter le choeur... Dominique Errante, dont de nombreux lecteurs soulignent la proximit\u00e9 d'\u00e9criture avec le regrett\u00e9 Christian Bobin, nous livre avec Le c(h)oeur des choses son recueil le plus fraternel. \u00ab C'est parce que je crois en la lumi\u00e8re de vos yeux que la douceur de la phrase va venir. Tout printemps est \u00e0 venir. Lire, c'est tenir dans ses mains un jardin que l'on fait refleurir \u00bb","authors":["Dominique Errante"],"category_codes":["1000000","1090000"],"visuals":{"large":"https:\/\/images.epagine.fr\/536\/9782366131536_1_75.jpg","medium":"https:\/\/images.epagine.fr\/536\/9782366131536_1_m.jpg","thumbnail":"https:\/\/images.epagine.fr\/536\/9782366131536_1_v.jpg"},"orderable":true,"show_badge":true,"formatted_price":"14,90&nbsp;\u20ac","formatted_published_date":"5 juin 2024","publisher_availability_label":"Sur commande","short_details":"Dominique Errante \u2014 Peuple Libre","translator":null,"weight":170,"page_count":128,"readership":null,"editor":"Peuple Libre","price":1490,"published_date":"2024-06-04T22:00:00.000000Z","support":"Grand format","publisher_availability":1,"stock":0,"editions":[],"url":"https:\/\/quaidesbrumes.com\/ouvrage\/9782366131536\/le-choeur-des-choses"},{"id":"9782889780112","title":"Terminus","description":"Courts textes con\u00e7us pour la radio, \u00e0 dire mais \u00e0 lire \u00e9galement, qui saisissent un moment suspendu de la vie d'un personnage\u00e2??: une impasse, un terminus. Terminus. Un mot qui appelle la finalit\u00e9, la terminaison, le deuil, l'aboutissement plus ou moins heureux de quelque chose. Justement\u00e2??: envie d'y aller voir - dans les recoins de la ville o\u00f9 se tordent les cous et les espoirs, o\u00f9 un \u00eatre se sent mis \u00e0 nu sous le regard d'un autre. Envie de capter des instantan\u00e9s de vie intime, tragiques ou ridicules.  Cette \u00e9dition augment\u00e9e, avec douze voix de plus par rapport \u00e0 la premi\u00e8re publication, comporte une pr\u00e9face in\u00e9dite de Jean-Marie F\u00e9lix.","authors":["Odile Cornuz"],"category_codes":["1000000","1090000","1090600"],"visuals":{"large":"https:\/\/images.epagine.fr\/112\/9782889780112_1_75.jpg","medium":"https:\/\/images.epagine.fr\/112\/9782889780112_1_m.jpg","thumbnail":"https:\/\/images.epagine.fr\/112\/9782889780112_1_v.jpg"},"orderable":true,"show_badge":true,"formatted_price":"8,00&nbsp;\u20ac","formatted_published_date":"1er mars 2024","publisher_availability_label":"Sur commande","short_details":"Odile Cornuz \u2014 LA VEILLEUSE","translator":null,"weight":185,"page_count":208,"readership":null,"editor":"LA VEILLEUSE","price":800,"published_date":"2024-02-29T23:00:00.000000Z","support":"Poche","publisher_availability":1,"stock":0,"editions":[],"url":"https:\/\/quaidesbrumes.com\/ouvrage\/9782889780112\/terminus"},{"id":"9782374051086","title":"Pays perp\u00e9tuel","description":"\"As-tu regard\u00e9 L'insigne maison\r\net les lieux du po\u00e8te ?...\"","authors":["Gilles Lades"],"category_codes":["1000000","1090000","1090600"],"visuals":{"large":"https:\/\/images.epagine.fr\/086\/9782374051086_1_75.jpg","medium":"https:\/\/images.epagine.fr\/086\/9782374051086_1_m.jpg","thumbnail":"https:\/\/images.epagine.fr\/086\/9782374051086_1_v.jpg"},"orderable":true,"show_badge":true,"formatted_price":"21,00&nbsp;\u20ac","formatted_published_date":"20 mars 2024","publisher_availability_label":"Sur commande","short_details":"Gilles Lades \u2014 Alcyone","translator":null,"weight":0,"page_count":89,"readership":null,"editor":"Alcyone","price":2100,"published_date":"2024-03-19T23:00:00.000000Z","support":"Grand format","publisher_availability":1,"stock":0,"editions":[],"url":"https:\/\/quaidesbrumes.com\/ouvrage\/9782374051086\/pays-perpetuel"},{"id":"9782364300736","title":"DE GR\u00c2CE Anthologie po\u00e9tique de po\u00e8mes in\u00e9dits dirig\u00e9e par Suzanne Dracius","description":"PROL\u00c9GOM\u00c8NES\r\n\r\nSur le th\u00e8me du Printemps des Po\u00e8tes, qui est, cette ann\u00e9e, LA GR\u00c2CE, nous vous pr\u00e9sentons cette anthologie intitul\u00e9e De gr\u00e2ce, \u00e0 comprendre \u00ab litt\u00e9ralement et dans tous les sens \u00bb, dixit l'ami Rimbaud, avec un jeu de mots dans ce titre, ouvrant le champ des possibles, sur la locution adverbiale \u00ab de gr\u00e2ce \u00bb au sens de \u00ab je vous en prie \u00bb, formule de supplication, et le De au sens de \u00ab au sujet de \u00bb employ\u00e9 dans la formule consacr\u00e9e des titres \u00e0 la latine comportant la pr\u00e9position De + ablatif, par exemple De rerum natura de Lucr\u00e8ce (litt\u00e9ralement De la nature des choses) ou De l'amour, de Stendhal, avec l'id\u00e9e que l'on envisage diverses sortes de gr\u00e2ce.\r\nIl \u00e9tait trop tentant de jouer sur la prodigieuse polys\u00e9mie du mot \u00ab gr\u00e2ce \u00bb en pratiquant cette plaisante figure de style qu'est l'antanaclase (r\u00e9p\u00e9tition, dans une phrase, d'un m\u00eame mot pris dans des sens diff\u00e9rents) dont je suis friande, \u00e0 l'instar de Platon, Saint Augustin, Pascal, Moli\u00e8re, Hugo, Vian etc. En fervente action de gr\u00e2ce, je rends gr\u00e2ce aux po\u00e8tes qui m'ont envoy\u00e9 leurs po\u00e8mes pleins de gr\u00e2ce pour figurer dans cet ouvrage gr\u00e2ce auquel nous c\u00e9l\u00e9brons le Printemps des Po\u00e8tes en cet an de gr\u00e2ce 2024.\r\nToutes & tous ayant le privil\u00e8ge d'\u00eatre entr\u00e9s dans les bonnes gr\u00e2ces des Muses, toutes & tous ont accept\u00e9 de se plier sans mauvaise gr\u00e2ce aux consignes. Pour cr\u00e9er de telles oeuvres, il faut avoir la gr\u00e2ce. En \u00e9tat de gr\u00e2ce, ni le don ni l'inspiration ne leur ont fait d\u00e9faut. L'une n'a de cesse de rendre gr\u00e2ce \u00e0 la vie et \u00e0 la po\u00e9sie, l'autre prononce une action de gr\u00e2ce exprimant sa gratitude envers la Nature et c\u00e9l\u00e9brant les l\u00e9gumes oubli\u00e9s, l'autre scande un recours en gr\u00e2ce pour la plan\u00e8te condamn\u00e9e par la folie des hommes, les autres, in fine, \u00ab Implorant \/ De gr\u00e2ce \/ Une derni\u00e8re chance \u00bb, un \u00ab D\u00e9lai de gr\u00e2ce \/ Entre deux rivages en sursis \u00bb, affirmant qu' \u00ab appara\u00eet la Gr\u00e2ce \/ Une danse qui t'emporte au-del\u00e0 des corps \u00bb, rappelant, en anamn\u00e9sie propitiatoire, que \u00ab la gr\u00e2ce du pardon n'efface pas le souvenir \u00bb, qu' \u00ab On oubliera cet homme \/ qui savait aimer la campagne \/ et ses gr\u00e2ces furtives \u00bb, donnent le coup de gr\u00e2ce aux violences de tout acabit et aux aberrations. \r\nJe vous ferai gr\u00e2ce des d\u00e9tails et indiquerai seulement que cette anthologie r\u00e9unit des po\u00e8tes qui nous ont fait la gr\u00e2ce de composer des po\u00e8mes totalement in\u00e9dits dont les gr\u00e2ces vari\u00e9es ne manqueront pas de vous charmer, 67 po\u00e8tes de multiples origines, de diverses contr\u00e9es et r\u00e9gions qui sont pr\u00e9cis\u00e9es dans les biobibliographies succinctes en fin de volume. Ces biobibliographies figurent ind\u00e9pendamment des po\u00e8mes, toutes r\u00e9unies \u00e0 la fin de l'ouvrage en une m\u00eame et unique rubrique, afin de ne pas rompre le flux po\u00e9tique en interrompant chaque lecture de po\u00e8me par une bio, et afin que les diff\u00e9rents lieux de naissance, de vie et d'activit\u00e9s des po\u00e8tes apparaissent c\u00f4te \u00e0 c\u00f4te, dans leur visible diversit\u00e9, cr\u00e9ant du po\u00e9tique en soi.","authors":["Suzanne Dracius"],"category_codes":["1000000","1090000"],"visuals":{"large":"https:\/\/images.epagine.fr\/736\/9782364300736_1_75.jpg","medium":"https:\/\/images.epagine.fr\/736\/9782364300736_1_m.jpg","thumbnail":"https:\/\/images.epagine.fr\/736\/9782364300736_1_v.jpg"},"orderable":true,"show_badge":true,"formatted_price":"16,85&nbsp;\u20ac","formatted_published_date":"20 mars 2024","publisher_availability_label":"Sur commande","short_details":"Suzanne Dracius \u2014 Idem","translator":null,"weight":456,"page_count":178,"readership":null,"editor":"Idem","price":1685,"published_date":"2024-03-19T23:00:00.000000Z","support":"Grand format","publisher_availability":1,"stock":0,"editions":[],"url":"https:\/\/quaidesbrumes.com\/ouvrage\/9782364300736\/de-grace-anthologie-poetique-de-poemes-inedits-dirigee-par-suzanne-dracius"},{"id":"9782390520603","title":"Statues ombellif\u00e8res","description":"Il suffit parfois du silence des statues et de leur p\u00e9rennit\u00e9 pour que leur po\u00e9sie nous en apprenne beaucoup sur nous-m\u00eames ou la fa\u00e7on dont les autres les regardent. Leurs grandes, pures et fascinantes attitudes de marbre projettent sur notre humanit\u00e9 leurs ombres parfois recherch\u00e9es \u00e0 la fronti\u00e8re de ce qu'il est possible de dire, d'\u00e9crire ou de se souvenir. Emp\u00each\u00e9es d'\u00e9treindre ou oblig\u00e9es de voler sans t\u00eate, leur vivance sophrologique r\u00e9elle ou suppos\u00e9e nous offre l'empathie de leurs ombres tandis que leur silence oblig\u00e9 nous rappelle nos manques. Les toucher rend nos \u00e2mes vivantes. La po\u00e9sie, elle, leur donne la parole.","authors":["Patrick Devaux","Catherine Berael"],"category_codes":["1000000","1090000"],"visuals":{"large":"https:\/\/images.epagine.fr\/603\/9782390520603_1_75.jpg","medium":"https:\/\/images.epagine.fr\/603\/9782390520603_1_m.jpg","thumbnail":"https:\/\/images.epagine.fr\/603\/9782390520603_1_v.jpg"},"orderable":true,"show_badge":true,"formatted_price":"16,00&nbsp;\u20ac","formatted_published_date":"1er mars 2024","publisher_availability_label":"Sur commande","short_details":"Patrick Devaux, Catherine Berael \u2014 LE COUDRIER","translator":null,"weight":401,"page_count":62,"readership":null,"editor":"LE COUDRIER","price":1600,"published_date":"2024-02-29T23:00:00.000000Z","support":"Grand format","publisher_availability":1,"stock":0,"editions":[],"url":"https:\/\/quaidesbrumes.com\/ouvrage\/9782390520603\/statues-ombelliferes"},{"id":"9782390520610","title":"\u00c0 l'angle des ancolies sauvages","description":"Des r\u00e9alit\u00e9s ? Des \u00e9vidences ? Quelques-unes : un jardin, Venise, un amour pr\u00e9cis et les mots. Mais le jardin peut cro\u00eetre \u00e0 l'int\u00e9rieur de qui l'aime, l'eau de Venise irriguer qui aime l'\u00eele, l'amour \u00eatre un appel r\u00e9p\u00e9t\u00e9 \u00e0 un visage ou \u00e0 l'absence d'un visage. Quant aux mots, ils seraient le lieu qui permettrait de resserrer le fatal fardeau d'\u00eatre, ou de chercher \u00e0 \u00eatre. Les mots de Marie-Claire Verdure ne flattent rien ni personne. Il s'agit de mots heurt\u00e9s, urgents, sans projet autre que de formuler le d\u00e9sir d'une respiration, pendant qu'il est encore temps. Pendant que les mots se battent, appellent le jardin, Venise, l'amour, des oiseaux s'envolent ici et l\u00e0, dessinent le plus parfait vide du ciel. Ils sont semblables aux po\u00e8tes vrais : ils affrontent les vents les plus contraires, font signe, puis disparaissent. Les po\u00e8tes vrais ne r\u00e9clament aucune justification. - Tristan Sautier","authors":["Marie-Claire Verdure","Michel Audouard"],"category_codes":["1000000","1090000"],"visuals":{"large":"https:\/\/images.epagine.fr\/610\/9782390520610_1_75.jpg","medium":"https:\/\/images.epagine.fr\/610\/9782390520610_1_m.jpg","thumbnail":"https:\/\/images.epagine.fr\/610\/9782390520610_1_v.jpg"},"orderable":true,"show_badge":true,"formatted_price":"20,00&nbsp;\u20ac","formatted_published_date":"1er mars 2024","publisher_availability_label":"Sur commande","short_details":"Marie-Claire Verdure, Michel Audouard \u2014 LE COUDRIER","translator":null,"weight":501,"page_count":92,"readership":null,"editor":"LE COUDRIER","price":2000,"published_date":"2024-02-29T23:00:00.000000Z","support":"Grand format","publisher_availability":1,"stock":0,"editions":[],"url":"https:\/\/quaidesbrumes.com\/ouvrage\/9782390520610\/a-langle-des-ancolies-sauvages"},{"id":"9782492908309","title":"G\u00e9n\u00e9ration manifeste!","description":"\u00ab La parole que lib\u00e8rent ces nouveaux po\u00e8tes, vous le verrez, plus qu'un souffle, est une parole engag\u00e9e dot\u00e9e d'un pouvoir de d\u00e9flagration in\u00e9dit capable de ruiner et d'adouber le r\u00e9el et son double dans le m\u00eame mouvement. Nous y d\u00e9couvrons \u00e7\u00e0 et l\u00e0 la force d'un langage cisel\u00e9, muscl\u00e9, ironique, satirique, parfois d\u00e9senchant\u00e9 mais toujours beau et consolant. Tant\u00f4t nous sommes saisis par des po\u00e8mes qui mordent la poussi\u00e8re et le sang, tant\u00f4t nous voici happ\u00e9s par des textes fous et \u00e9rotiques quand la qu\u00eate des plaisirs se met aussi \u00e0 nu pour dire \"l'autre monde\", ce qui donne \u00e0 cette anthologie une vari\u00e9t\u00e9 de ton et donc une saveur tout \u00e0 fait remarquable. \u00bb Fabien Mellado. Cette anthologie regroupe des po\u00e8mes de : Gr\u00e9gory Rateau, Antoine Geniaut, Victoria Gerontasiou, Mathilde Groselle \u00e2?\u00a2 Paul Roussy \u00e2?\u00a2 Mila Tisserant Carine Valette, Aur\u00e9lie Muller, Meriem Selmani","authors":["Fabien Mellado","Gr\u00e9gory Rateau"],"category_codes":["1000000","1090000"],"visuals":{"large":"https:\/\/images.epagine.fr\/309\/9782492908309_1_75.jpg","medium":"https:\/\/images.epagine.fr\/309\/9782492908309_1_m.jpg","thumbnail":"https:\/\/images.epagine.fr\/309\/9782492908309_1_v.jpg"},"orderable":true,"show_badge":true,"formatted_price":"13,00&nbsp;\u20ac","formatted_published_date":"21 mars 2024","publisher_availability_label":"Sur commande","short_details":"Fabien Mellado, Gr\u00e9gory Rateau \u2014 Manifeste !","translator":null,"weight":160,"page_count":120,"readership":null,"editor":"Manifeste !","price":1300,"published_date":"2024-03-20T23:00:00.000000Z","support":"Grand format","publisher_availability":1,"stock":0,"editions":[],"url":"https:\/\/quaidesbrumes.com\/ouvrage\/9782492908309\/generation-manifeste"},{"id":"9782385417451","title":"Ma plume","description":"Ce recueil de po\u00e9sie captivant explore les nuances de l'\u00e2me humaine \u00e0 travers des vers d\u00e9licats. L'auteur navigue avec habilet\u00e9 entre les \u00e9motions, tissant des mots qui r\u00e9sonnent avec la beaut\u00e9 de la vie et les d\u00e9fis de l'existence.  \r\nChaque po\u00e8me offre une fen\u00eatre \u00e9motionnelle, invitant le lecteur \u00e0 contempler la complexit\u00e9 des sentiments et \u00e0 s'immerger dans un voyage po\u00e9tique profond\u00e9ment introspectif.","authors":["Younoussa Hassani"],"category_codes":["1000000","1090000","1090600"],"visuals":{"large":"https:\/\/images.epagine.fr\/451\/9782385417451_1_75.jpg","medium":"https:\/\/images.epagine.fr\/451\/9782385417451_1_m.jpg","thumbnail":"https:\/\/images.epagine.fr\/451\/9782385417451_1_v.jpg"},"orderable":true,"show_badge":true,"formatted_price":"12,00&nbsp;\u20ac","formatted_published_date":"18 janvier 2024","publisher_availability_label":"Sur commande","short_details":"Younoussa Hassani \u2014 LES IMPLIQUES","translator":null,"weight":102,"page_count":82,"readership":null,"editor":"LES IMPLIQUES","price":1200,"published_date":"2024-01-17T23:00:00.000000Z","support":"Grand format","publisher_availability":1,"stock":0,"editions":[],"url":"https:\/\/quaidesbrumes.com\/ouvrage\/9782385417451\/ma-plume"},{"id":"9782915684032","title":"Le Go\u00fbt du sel gemme","description":"Enfermement, \u00e9touffement, asphyxie... \u00c0 nouveau, la situation des marges du monde est mise en sc\u00e8ne par Hawad dans cet ouvrage \u00e9crit \u00e0 la lumi\u00e8re \u00ab baveuse \u00bb de l'hiver 1995, au-dessus des \u00ab toits caboss\u00e9s \u00bb de la ville. L'auteur revient \u00e0 une question qui parcourt tous ses \u00e9crits : quels stratag\u00e8mes peuvent inventer les habitants du d\u00e9sert - d\u00e9sert min\u00e9ral des nomades autant que d\u00e9sert humain des cit\u00e9s - pour seulement exister face \u00e0 l'ordre politique moderne qui les exclut ? Quelles parades restent aux laiss\u00e9s pour compte, aux oubli\u00e9s de l'opulence, aux d\u00e9sh\u00e9rit\u00e9s perclus de solitude, de nostalgie et d'impuissante r\u00e9volte, contre le rejet et l'oubli ? Comment les peuples qui, comme les Touaregs, ont \u00e9t\u00e9 mis \u00e0 la p\u00e9riph\u00e9rie des \u00c9tats et de leur logique, peuvent-ils encore se mouvoir dans les costumes \u00e9troits de l'ordre impos\u00e9 qui les engonce et les comprime ?\r\nPour faire sauter les coutures et les verrous, pour \u00e9chapper \u00e0 l'encerclement, pour refuser la raison coloniale et le d\u00e9pe\u00e7age du tiers et du quart-monde, pour contourner le mod\u00e8le unique de la modernit\u00e9 politique avec ses \u00ab arm\u00e9e armes remparts \/ fronti\u00e8res flammes \/ chiffres d\u00e9crets \/ religion p\u00each\u00e9s gr\u00e2ces \/ qui excluent \u00e9cartent balaient \/ jettent tranchent taillent ch\u00e2trent \/ d\u00e9p\u00e8cent broient moulinent \/ br\u00fblent toute vision \/ qui refuse de s'acoquiner \/ au regard du boucher\u00ab , Hawad d\u00e9cha\u00eene sa plume \u00ab furigraphique \u00bb.\r\nIl ne s'agit pas d'une riposte mim\u00e9tique face \u00e0 l'agression, ni d'un recours aux balises de l'adversaire, \u00e0 son d\u00e9sir de fronti\u00e8re et de drapeau, de capitale ou de chef supr\u00eame. La furigraphie est l'\u00e9criture du \u00ab D\u00e9tournement d'horizon \u00bb (titre paru chez Gr\u00e8ges en 2002), du refus du fait accompli, du d\u00e9bordement des cadres fig\u00e9s, du d\u00e9passement de la douleur en tirant tout azimut des rafales de mots capables de remettre la situation en mouvement et de trouver des alternatives d'une autre nature. Le but est de casser la syntaxe dominante et de rassembler autrement les morceaux de la fragmentation, de raccommoder selon une autre logique les lambeaux de la d\u00e9chirure.","authors":["Hawad","H\u00e9l\u00e8ne Claudot-hawad"],"category_codes":["1000000","1090000"],"visuals":{"large":"https:\/\/images.epagine.fr\/032\/9782915684032_1_75.jpg","medium":"https:\/\/images.epagine.fr\/032\/9782915684032_1_m.jpg","thumbnail":"https:\/\/images.epagine.fr\/032\/9782915684032_1_v.jpg"},"orderable":true,"show_badge":true,"formatted_price":"14,00&nbsp;\u20ac","formatted_published_date":"1er janvier 2006","publisher_availability_label":"Sur commande","short_details":"Hawad, H\u00e9l\u00e8ne Claudot-hawad \u2014 Greges","translator":"HELENE CLAUDOT-HAWAD","weight":0,"page_count":64,"readership":null,"editor":"Greges","price":1400,"published_date":"2005-12-31T23:00:00.000000Z","support":"Grand format","publisher_availability":1,"stock":0,"editions":[],"url":"https:\/\/quaidesbrumes.com\/ouvrage\/9782915684032\/le-gout-du-sel-gemme"},{"id":"9782824113555","title":"Demeure de paroles","description":null,"authors":["Jacques Renucci"],"category_codes":["1000000","1090000"],"visuals":{"large":"https:\/\/images.epagine.fr\/555\/9782824113555_1_75.jpg","medium":"https:\/\/images.epagine.fr\/555\/9782824113555_1_m.jpg","thumbnail":"https:\/\/images.epagine.fr\/555\/9782824113555_1_v.jpg"},"orderable":true,"show_badge":true,"formatted_price":"13,00&nbsp;\u20ac","formatted_published_date":"20 mars 2024","publisher_availability_label":"Sur commande","short_details":"Jacques Renucci \u2014 Albiana","translator":null,"weight":160,"page_count":null,"readership":null,"editor":"Albiana","price":1300,"published_date":"2024-03-19T23:00:00.000000Z","support":"Grand format","publisher_availability":1,"stock":0,"editions":[],"url":"https:\/\/quaidesbrumes.com\/ouvrage\/9782824113555\/demeure-de-paroles"},{"id":"9782490445103","title":"Je vomis du nez, le sang bleu de la nuit","description":"Un livre de textes po\u00e9tiques de l'artiste performeuse chor\u00e9graphe, musicienne et \u00e9crivaine.","authors":["Anna Gaiotti"],"category_codes":["1000000","1090000","1090600"],"visuals":{"large":"https:\/\/images.epagine.fr\/103\/9782490445103_1_75.jpg","medium":"https:\/\/images.epagine.fr\/103\/9782490445103_1_m.jpg","thumbnail":"https:\/\/images.epagine.fr\/103\/9782490445103_1_v.jpg"},"orderable":true,"show_badge":true,"formatted_price":"12,00&nbsp;\u20ac","formatted_published_date":"2 janvier 2024","publisher_availability_label":"Sur commande","short_details":"Anna Gaiotti \u2014 Artderien","translator":null,"weight":127,"page_count":84,"readership":null,"editor":"Artderien","price":1200,"published_date":"2024-01-01T23:00:00.000000Z","support":"Grand format","publisher_availability":1,"stock":0,"editions":[],"url":"https:\/\/quaidesbrumes.com\/ouvrage\/9782490445103\/je-vomis-du-nez-le-sang-bleu-de-la-nuit"},{"id":"9782490445127","title":"\u00c9coute voir","description":"Recueil de 16 textes po\u00e9tiques \u00e9crits essentiellement pour l'oralit\u00e9.","authors":["Patricia Favreau"],"category_codes":["1000000","1090000","1090600"],"visuals":{"large":"https:\/\/images.epagine.fr\/127\/9782490445127_1_75.jpg","medium":"https:\/\/images.epagine.fr\/127\/9782490445127_1_m.jpg","thumbnail":"https:\/\/images.epagine.fr\/127\/9782490445127_1_v.jpg"},"orderable":true,"show_badge":true,"formatted_price":"15,00&nbsp;\u20ac","formatted_published_date":"2 janvier 2024","publisher_availability_label":"Sur commande","short_details":"Patricia Favreau \u2014 Artderien","translator":null,"weight":125,"page_count":72,"readership":null,"editor":"Artderien","price":1500,"published_date":"2024-01-01T23:00:00.000000Z","support":"Grand format","publisher_availability":1,"stock":0,"editions":[],"url":"https:\/\/quaidesbrumes.com\/ouvrage\/9782490445127\/ecoute-voir"},{"id":"9782854521757","title":"Au bord des mortes eaux ; Qui m\u00e8ne au soir","description":"\u00ab C'est \u00e0 Georges Hyvernaud que l'on doit le choix, le titre, et m\u00eame l'avant-propos du premier de ces deux ensembles de po\u00e8mes : \u00ab Qui m\u00e8ne au soir \u00bb - au soir de notre vie o\u00f9, rangeant des papiers divers dans notre petite maison de Saint-Valery-sur- Somme, il les avait relus et class\u00e9s. Mais ils y rest\u00e8rent dans un tiroir jusqu'\u00e0 sa mort. Depuis, c'est la pr\u00e9cieuse m\u00e9moire de ce qui fut, de ce qu'il fut, que les derniers po\u00e8mes \u00ab Au bord des mortes eaux \u00bb tentent de faire revivre encore un peu. \u00bb - A. H., 20 mai 1999.","authors":["Andr\u00e9 Hyvernaud"],"category_codes":["1000000","1090000"],"visuals":{"large":"https:\/\/images.epagine.fr\/757\/9782854521757_1_75.jpg","medium":"https:\/\/images.epagine.fr\/757\/9782854521757_1_m.jpg","thumbnail":"https:\/\/images.epagine.fr\/757\/9782854521757_1_v.jpg"},"orderable":true,"show_badge":true,"formatted_price":"10,98&nbsp;\u20ac","formatted_published_date":"1er juin 1999","publisher_availability_label":"Sur commande","short_details":"Andr\u00e9 Hyvernaud \u2014 Plein Chant","translator":null,"weight":0,"page_count":96,"readership":null,"editor":"Plein Chant","price":1098,"published_date":"1999-05-31T22:00:00.000000Z","support":"Grand format","publisher_availability":1,"stock":0,"editions":[],"url":"https:\/\/quaidesbrumes.com\/ouvrage\/9782854521757\/au-bord-des-mortes-eaux-qui-mene-au-soir"},{"id":"9782854520248","title":"Le Th\u00e9\u00e2tre G\u00e9mir","description":"Un recueil de \u00ab proses po\u00e9tiques \u00bb qui sont autant de petits tableaux de la vie quotidienne observ\u00e9s et v\u00e9cus \u00e0 travers les prismes de la d\u00e9rision, du tragique, de l'onirisme. La r\u00e9alit\u00e9 y appara\u00eet sous la forme d'objets en perp\u00e9tuel mouvement, tour \u00e0 tour agressifs ou insaisissables. Dans cet univers \u00e0 la fois hostile, mouvant et grotesque, le narrateur, s'aidant d'un trop encombrant balancier, \u00e9volue comme un baladin incertain, transformant son existence en une sorte de \u00ab grand art funambulistique \u00bb permanent dont l'humour grin\u00e7ant constituerait en quelque sorte le point d'orgue.","authors":["Jean-Beno\u00eet Thirion"],"category_codes":["1000000","1090000"],"visuals":{"large":"https:\/\/images.epagine.fr\/248\/9782854520248_1_75.jpg","medium":"https:\/\/images.epagine.fr\/248\/9782854520248_1_m.jpg","thumbnail":"https:\/\/images.epagine.fr\/248\/9782854520248_1_v.jpg"},"orderable":true,"show_badge":true,"formatted_price":"5,95&nbsp;\u20ac","formatted_published_date":"15 juin 1986","publisher_availability_label":"Sur commande","short_details":"Jean-Beno\u00eet Thirion \u2014 Plein Chant","translator":null,"weight":0,"page_count":80,"readership":null,"editor":"Plein Chant","price":595,"published_date":"1986-06-14T22:00:00.000000Z","support":"Grand format","publisher_availability":1,"stock":0,"editions":[],"url":"https:\/\/quaidesbrumes.com\/ouvrage\/9782854520248\/le-theatre-gemir"},{"id":"9782854521436","title":"Les d\u00e9liquescences : po\u00e8mes d\u00e9cadents","description":"Habile mystification des d\u00e9buts du symbolisme, subtil pastiche qui raille les manies de l'avant-garde du moment, le caract\u00e8re \u00e9ph\u00e9m\u00e8re des modes litt\u00e9raires, les ma\u00eetres de la nouvelle \u00e9cole (\u00c9tienne Arsenal et Bleucoton !), ce petit livre connut un franc succ\u00e8s et provoqua bien des pol\u00e9miques lors de sa parution. Il n'a aujourd'hui rien perdu de sa dr\u00f4lerie, de sa finesse ni de sa pertinence. Il demeure un pamphlet charmant qui nous replonge sans transition dans l'atmosph\u00e8re bouillonnante d'une fin de si\u00e8cle encore singuli\u00e8rement proche.","authors":["Ador\u00e9e Floupette"],"category_codes":["1000000","1090000"],"visuals":{"large":"https:\/\/images.epagine.fr\/436\/9782854521436_1_75.jpg","medium":"https:\/\/images.epagine.fr\/436\/9782854521436_1_m.jpg","thumbnail":"https:\/\/images.epagine.fr\/436\/9782854521436_1_v.jpg"},"orderable":true,"show_badge":true,"formatted_price":"16,00&nbsp;\u20ac","formatted_published_date":"15 juin 2012","publisher_availability_label":"Sur commande","short_details":"Ador\u00e9e Floupette \u2014 Plein Chant","translator":null,"weight":0,"page_count":116,"readership":null,"editor":"Plein Chant","price":1600,"published_date":"2012-06-14T22:00:00.000000Z","support":"Grand format","publisher_availability":1,"stock":0,"editions":[],"url":"https:\/\/quaidesbrumes.com\/ouvrage\/9782854521436\/les-deliquescences-poemes-decadents"}]}