{"data":[{"id":"9791096556687","title":"En roue libre : 12 lettres \u00e0 la mer","description":"Un jour, une petite bouteille est venue s'\u00e9chouer sur le sable ou peut-\u00eatre un poisson dans le ventre transparent duquel s'enroulait un message visc\u00e9ral. Il provenait de Jean-Claude Goiri. Je me suis dit : c'est important, il est temps de lui faire pousser une douzaine de pattes \u00e0 ce petit poisson pour qu'il remonte la pente o\u00f9 nous glissons inexorablement, en roue libre, sans plus aucune retenue, et la contrainte de la langue est un salut possible. Alors j'ai exp\u00e9di\u00e9 douze lettres \u00e0 la mer, dans l'espoir qu'elles seront lues.\r\n","authors":["Tristan F\u00e9lix"],"category_codes":["1000000","1090000","1090600"],"visuals":{"large":"https:\/\/images.epagine.fr\/687\/9791096556687_1_75.jpg","medium":"https:\/\/images.epagine.fr\/687\/9791096556687_1_m.jpg","thumbnail":"https:\/\/images.epagine.fr\/687\/9791096556687_1_v.jpg"},"orderable":true,"show_badge":true,"formatted_price":"10,00&nbsp;\u20ac","formatted_published_date":"15 avril 2024","publisher_availability_label":"Sur commande","short_details":"Tristan F\u00e9lix \u2014 Tarmac","translator":null,"weight":100,"page_count":70,"readership":null,"editor":"Tarmac","price":1000,"published_date":"2024-04-14T22:00:00.000000Z","support":"Grand format","publisher_availability":1,"stock":0,"editions":[],"url":"https:\/\/quaidesbrumes.com\/ouvrage\/9791096556687\/en-roue-libre-12-lettres-a-la-mer"},{"id":"9782954308920","title":"M\u00e9jean au coeur Mejan al c\u00f2r","description":"Le Causse M\u00e9jean en Loz\u00e8re a inspir\u00e9 l'auteur qui au travers de 57 photos exprime la po\u00e9sie de ce pays de hauts plateaux si particulier. Les po\u00e9sies sont en fran\u00e7ais et en espagnol, pour certaines. Elles ont \u00e9t\u00e9 adapt\u00e9es partiellement, d'autres fois int\u00e9gralement en occitan pour inviter le lecteur \u00e0 se fondre encore davantage dans l'ambiance des lieux.","authors":["Solange Tellier"],"category_codes":["1000000","1090000"],"visuals":{"large":"https:\/\/images.epagine.fr\/920\/9782954308920_1_75.jpg","medium":"https:\/\/images.epagine.fr\/920\/9782954308920_1_m.jpg","thumbnail":"https:\/\/images.epagine.fr\/920\/9782954308920_1_v.jpg"},"orderable":true,"show_badge":true,"formatted_price":"22,00&nbsp;\u20ac","formatted_published_date":"30 mars 2022","publisher_availability_label":"Sur commande","short_details":"Solange Tellier \u2014 Le Theil","translator":null,"weight":400,"page_count":122,"readership":null,"editor":"Le Theil","price":2200,"published_date":"2022-03-29T22:00:00.000000Z","support":"Grand format","publisher_availability":1,"stock":0,"editions":[],"url":"https:\/\/quaidesbrumes.com\/ouvrage\/9782954308920\/mejean-au-coeur-mejan-al-cor"},{"id":"9782110807878","title":"Les destinees","description":null,"authors":["Alfred de Vigny"],"category_codes":["1000000","1090000"],"visuals":{"large":"https:\/\/images.epagine.fr\/878\/9782110807878_1_75.jpg","medium":"https:\/\/images.epagine.fr\/878\/9782110807878_1_m.jpg","thumbnail":"https:\/\/images.epagine.fr\/878\/9782110807878_1_v.jpg"},"orderable":true,"show_badge":true,"formatted_price":"23,10&nbsp;\u20ac","formatted_published_date":"1er avril 1983","publisher_availability_label":"Sur commande","short_details":"Alfred de Vigny \u2014 Actes Sud","translator":null,"weight":1029,"page_count":368,"readership":null,"editor":"Actes Sud","price":2310,"published_date":"1983-03-31T22:00:00.000000Z","support":"Grand format","publisher_availability":1,"stock":0,"editions":["9791041974313","9782600023658"],"url":"https:\/\/quaidesbrumes.com\/ouvrage\/9782110807878\/les-destinees"},{"id":"9782492957024","title":"Rencontres oniriques","description":"Elle d\u00e9ploya ses ailes silencieusement ;\r\nS'\u00e9levant dans les airs comme par magie ;\r\nQuelques plumes se d\u00e9tach\u00e8rent lentement ;\r\nPour me dire \"reprends ta marche et \u00e9cris\".\r\n\r\nCe message r\u00e9sonna dans mon \u00e2me.\r\nMon coeur anim\u00e9 par cette flamme ;\r\nRemercie encore aujourd'hui ;\r\nCette chouette effraie, d\u00e9esse de la nuit.","authors":["L\u00e9a Martin"],"category_codes":["1000000","1090000"],"visuals":{"large":"https:\/\/images.epagine.fr\/024\/9782492957024_1_75.jpg","medium":"https:\/\/images.epagine.fr\/024\/9782492957024_1_m.jpg","thumbnail":"https:\/\/images.epagine.fr\/024\/9782492957024_1_v.jpg"},"orderable":true,"show_badge":true,"formatted_price":"15,00&nbsp;\u20ac","formatted_published_date":"30 d\u00e9cembre 2021","publisher_availability_label":"Sur commande","short_details":"L\u00e9a Martin \u2014 La Plume De Leonie","translator":null,"weight":220,"page_count":128,"readership":null,"editor":"La Plume De Leonie","price":1500,"published_date":"2021-12-29T23:00:00.000000Z","support":"Grand format","publisher_availability":1,"stock":0,"editions":[],"url":"https:\/\/quaidesbrumes.com\/ouvrage\/9782492957024\/rencontres-oniriques"},{"id":"9782492957079","title":"Abondants vestiges","description":"Bertrand Lan\u00e7on pr\u00e9sente ici son premier recueil de po\u00e8mes et textes p\u00e9otiques. Les Abondants vestiges sont une fl\u00e2nerie pensive dans ce qui reste du pass\u00e9 dans le pr\u00e9sent, dans un pr\u00e9sent mouchet\u00e9 par le pass\u00e9 comme autant de taches de rousseur sur un visage. Ce n'est pas tant remuer les nostalgies que d'assumer les r\u00f4les du souvenir dans le fa\u00e7onnement du pr\u00e9sent et la fa\u00e7on d'envisager le temps qui reste.","authors":["Bertrand Lan\u00e7on"],"category_codes":["1000000","1090000"],"visuals":{"large":"https:\/\/images.epagine.fr\/079\/9782492957079_1_75.jpg","medium":"https:\/\/images.epagine.fr\/079\/9782492957079_1_m.jpg","thumbnail":"https:\/\/images.epagine.fr\/079\/9782492957079_1_v.jpg"},"orderable":true,"show_badge":true,"formatted_price":"13,00&nbsp;\u20ac","formatted_published_date":"1er septembre 2022","publisher_availability_label":"Sur commande","short_details":"Bertrand Lan\u00e7on \u2014 La Plume De Leonie","translator":null,"weight":200,"page_count":172,"readership":null,"editor":"La Plume De Leonie","price":1300,"published_date":"2022-08-31T22:00:00.000000Z","support":"Grand format","publisher_availability":1,"stock":0,"editions":[],"url":"https:\/\/quaidesbrumes.com\/ouvrage\/9782492957079\/abondants-vestiges"},{"id":"9782492957062","title":"Arr\u00eate-toi l\u00e0","description":null,"authors":["Bernard Victor Chartier"],"category_codes":["1000000","1090000"],"visuals":{"large":"https:\/\/images.epagine.fr\/062\/9782492957062_1_75.jpg","medium":"https:\/\/images.epagine.fr\/062\/9782492957062_1_m.jpg","thumbnail":"https:\/\/images.epagine.fr\/062\/9782492957062_1_v.jpg"},"orderable":true,"show_badge":true,"formatted_price":"13,00&nbsp;\u20ac","formatted_published_date":"1er juillet 2022","publisher_availability_label":"Sur commande","short_details":"Bernard Victor Chartier \u2014 La Plume De Leonie","translator":null,"weight":210,"page_count":138,"readership":null,"editor":"La Plume De Leonie","price":1300,"published_date":"2022-06-30T22:00:00.000000Z","support":"Grand format","publisher_availability":1,"stock":0,"editions":[],"url":"https:\/\/quaidesbrumes.com\/ouvrage\/9782492957062\/arrete-toi-la"},{"id":"9791096556625","title":"De mon sous-sol","description":"Enfance en banlieue, humiliations, violences pour s'affirmer, solitude, incompr\u00e9hension de sa famille, la rage de l'\u00e9criture, la qu\u00eate de fraternit\u00e9, la po\u00e9sie et la litt\u00e9rature sans concession pour traverser ce tunnel... Gr\u00e9gory Rateau trouve ici sa catharsis dans un long po\u00e8me \u00e0 bout de souffle et tranche \u00e0 vif...","authors":["Gr\u00e9gory Rateau"],"category_codes":["1000000","1090000","1090600"],"visuals":{"large":"https:\/\/images.epagine.fr\/625\/9791096556625_1_75.jpg","medium":"https:\/\/images.epagine.fr\/625\/9791096556625_1_m.jpg","thumbnail":"https:\/\/images.epagine.fr\/625\/9791096556625_1_v.jpg"},"orderable":true,"show_badge":true,"formatted_price":"10,00&nbsp;\u20ac","formatted_published_date":"24 janvier 2024","publisher_availability_label":"Sur commande","short_details":"Gr\u00e9gory Rateau \u2014 Tarmac","translator":null,"weight":100,"page_count":52,"readership":null,"editor":"Tarmac","price":1000,"published_date":"2024-01-23T23:00:00.000000Z","support":"Grand format","publisher_availability":1,"stock":0,"editions":[],"url":"https:\/\/quaidesbrumes.com\/ouvrage\/9791096556625\/de-mon-sous-sol"},{"id":"9782874502231","title":"Tant que le po\u00e8me n'aura pas dit son dernier mot : frontispice de Julius Baltazar","description":"Ces po\u00e8mes sont des \"condensations du sens\" de la propre vie de l'auteur.Longue m\u00e9ditation sur le po\u00e8me et son intrusion dans notre vie.","authors":["Julius Baltazar","Marc Baron"],"category_codes":["1000000","1090000","1090600"],"visuals":{"large":"https:\/\/images.epagine.fr\/231\/9782874502231_1_75.jpg","medium":"https:\/\/images.epagine.fr\/231\/9782874502231_1_m.jpg","thumbnail":"https:\/\/images.epagine.fr\/231\/9782874502231_1_v.jpg"},"orderable":true,"show_badge":true,"formatted_price":"17,00&nbsp;\u20ac","formatted_published_date":"14 mai 2024","publisher_availability_label":"Sur commande","short_details":"Julius Baltazar, Marc Baron \u2014 Taillis Pre","translator":null,"weight":240,"page_count":156,"readership":null,"editor":"Taillis Pre","price":1700,"published_date":"2024-05-13T22:00:00.000000Z","support":"Grand format","publisher_availability":1,"stock":0,"editions":[],"url":"https:\/\/quaidesbrumes.com\/ouvrage\/9782874502231\/tant-que-le-poeme-naura-pas-dit-son-dernier-mot-frontispice-de-julius-baltazar"},{"id":"9782845876453","title":"UN MORCEAU DE CIEL - Laurent Fourcaut","description":"Concentr\u00e9s de sonnet. Ces po\u00e8mes sont autant de morceaux de ciel, c'est-\u00e0-dire, comme l'explique tr\u00e8s bien Baudelaire dans le texte plac\u00e9 en \u00e9pigraphe, des fragments pr\u00e9lev\u00e9s sur le visible, fragments resserr\u00e9s, d\u00e9limit\u00e9s par le dessin m\u00eame du quatorzain qu'on appelle sonnet : une sorte de rectangle dont seul le c\u00f4t\u00e9 droit n'est pas rectiligne, \u00e9tant comme crev\u00e9 par ce dehors sur lequel il est cens\u00e9 avoir \u00e9t\u00e9 pr\u00e9lev\u00e9 comme \u00e0 l'emporte-pi\u00e8ce, et qui vient le p\u00e9n\u00e9trer alors amoureusement. Chacun d'eux est comme un petit temple, au sens que les Romains donnaient \u00e0 ce mot : la projection sur le sol, d\u00e9terminant un espace sacr\u00e9, du carr\u00e9 dessin\u00e9 au ciel par le b\u00e2ton de l'augure.  Ces sonnets sont, peu ou prou, des zones fa\u00e7onn\u00e9es pour qu'on y entre en contact avec leur dehors, le divin et inhumain monde r\u00e9el, ce \" monde muet \" qui est \" notre seule patrie \", comme \u00e9crivait Francis Ponge. De l\u00e0 vient qu'ils sont des concentr\u00e9s. Car chacun tente de contenir, dans ses \u00e9troites limites bourr\u00e9es \u00e0 craquer, le plus possible de ce monde r\u00e9el, qu'il s'agisse de la nature - ce qui reste de la nature sur une plan\u00e8te de plus en plus urbanis\u00e9e et industrialis\u00e9e -, des animaux, les vrais vivants, des arbres, de la mer, de la terre, du soleil et du vent : des \u00e9l\u00e9ments.","authors":["Laurent Fourcaut"],"category_codes":["1000000","1090000","1090600"],"visuals":{"large":"https:\/\/images.epagine.fr\/453\/9782845876453_1_75.jpg","medium":"https:\/\/images.epagine.fr\/453\/9782845876453_1_m.jpg","thumbnail":"https:\/\/images.epagine.fr\/453\/9782845876453_1_v.jpg"},"orderable":true,"show_badge":true,"formatted_price":"16,00&nbsp;\u20ac","formatted_published_date":"25 janvier 2024","publisher_availability_label":"Sur commande","short_details":"Laurent Fourcaut \u2014 Tarabuste","translator":null,"weight":500,"page_count":191,"readership":null,"editor":"Tarabuste","price":1600,"published_date":"2024-01-24T23:00:00.000000Z","support":"Grand format","publisher_availability":1,"stock":0,"editions":[],"url":"https:\/\/quaidesbrumes.com\/ouvrage\/9782845876453\/un-morceau-de-ciel-laurent-fourcaut"},{"id":"9782322506361","title":"Jardin d'enfant","description":"Adress\u00e9 \u00e0 l'enfant int\u00e9rieur, \"Jardin d'enfant\" est le r\u00e9cit po\u00e9tique d'un voyage vers les souvenirs d'enfance, la gu\u00e9rison et la d\u00e9couverte de soi. \r\nIllustr\u00e9 avec des aquarelles en couleurs.","authors":["Fialaix Mathilde"],"category_codes":["1000000","1090000"],"visuals":{"large":"https:\/\/images.epagine.fr\/361\/9782322506361_1_75.jpg","medium":"https:\/\/images.epagine.fr\/361\/9782322506361_1_m.jpg","thumbnail":"https:\/\/images.epagine.fr\/361\/9782322506361_1_v.jpg"},"orderable":true,"show_badge":true,"formatted_price":"17,00&nbsp;\u20ac","formatted_published_date":"14 novembre 2023","publisher_availability_label":"Sur commande","short_details":"Fialaix Mathilde \u2014 Books on Demand","translator":null,"weight":204,"page_count":186,"readership":null,"editor":"Books on Demand","price":1700,"published_date":"2023-11-13T23:00:00.000000Z","support":"Grand format","publisher_availability":1,"stock":0,"editions":[],"url":"https:\/\/quaidesbrumes.com\/ouvrage\/9782322506361\/jardin-denfant"},{"id":"9782384418152","title":"\u00c2mes \u00e9dit\u00e9es","description":"N'oubliez jamais \u00e7a : on fait ce que l'on peut dans la vie... On fait ce que l'on peut avec ce que l'on a et ce que l'on est.\r\nTout comme celle ou celui qui est assis en face de vous. Tout comme celle ou celui que vous croisez en voiture \u00e0 la m\u00eame heure tous les jours en allant au travail. Tout comme celle ou celui qui vous \u00e9nerve et que, d\u00e9cid\u00e9ment, vous ne comprendrez jamais.\r\nNous sommes amen\u00e9s \u00e0 ressentir les m\u00eames \u00e9motions, mais dans des circonstances tout \u00e0 fait diff\u00e9rentes : on est unique, mais on n'est pas si diff\u00e9rent. Eh bien oui, apr\u00e8s tout, qui d'entre nous ne cherche pas un peu de bonheur ? \u00c0 m\u00e9diter.","authors":["Alex Bocat"],"category_codes":["1000000","1090000","1090600"],"visuals":{"large":"https:\/\/images.epagine.fr\/152\/9782384418152_1_75.jpg","medium":"https:\/\/images.epagine.fr\/152\/9782384418152_1_m.jpg","thumbnail":"https:\/\/images.epagine.fr\/152\/9782384418152_1_v.jpg"},"orderable":true,"show_badge":true,"formatted_price":"20,00&nbsp;\u20ac","formatted_published_date":"14 novembre 2023","publisher_availability_label":"Sur commande","short_details":"Alex Bocat \u2014 Editions Ma\u00efa","translator":null,"weight":350,"page_count":86,"readership":null,"editor":"Editions Ma\u00efa","price":2000,"published_date":"2023-11-13T23:00:00.000000Z","support":"Grand format","publisher_availability":1,"stock":0,"editions":[],"url":"https:\/\/quaidesbrumes.com\/ouvrage\/9782384418152\/ames-editees"},{"id":"9782849542286","title":"Abords","description":"Un po\u00e8te rare et un peintre d'exception croisent les mots de l'amour et la lumi\u00e8re.","authors":["Jean-Pierre Geay","Alain Suby"],"category_codes":["1000000","1090000"],"visuals":{"large":"https:\/\/images.epagine.fr\/286\/9782849542286_1_75.jpg","medium":"https:\/\/images.epagine.fr\/286\/9782849542286_1_m.jpg","thumbnail":"https:\/\/images.epagine.fr\/286\/9782849542286_1_v.jpg"},"orderable":true,"show_badge":true,"formatted_price":"25,00&nbsp;\u20ac","formatted_published_date":"31 janvier 2024","publisher_availability_label":"Sur commande","short_details":"Jean-Pierre Geay, Alain Suby \u2014 Chemins De Plume","translator":null,"weight":500,"page_count":86,"readership":null,"editor":"Chemins De Plume","price":2500,"published_date":"2024-01-30T23:00:00.000000Z","support":"Grand format","publisher_availability":1,"stock":0,"editions":[],"url":"https:\/\/quaidesbrumes.com\/ouvrage\/9782849542286\/abords"},{"id":"9782917621547","title":"\u00c9tchilibe instabe \/ \u00c9quilibre instable \/ Unstable Balance \/ Unstabiles Gleichgewicht","description":"Les 70 ha\u00efkus qui suivent retracent comment je me suis adapt\u00e9 depuis 2018 \u00e0 ma nouvelle vie en Allemagne mais aussi comment les \u00e9v\u00e9nements p\u00e9nibles affectant mon entreprise et le monde \u00e0 partir d'octobre 2023 ont rendu \u00ab instable \u00bb l'\u00e9quilibre dans lequel je me trouvais apr\u00e8s 5 ann\u00e9es sur place. Enfin ces ha\u00efkus pr\u00e9sentent comment j'ai pu survivre \u00e0 la douleur g\u00e9n\u00e9r\u00e9e par les \u00e9v\u00e9nements pr\u00e9c\u00e9demment cit\u00e9s, gr\u00e2ce \u00e0 la nature, gr\u00e2ce \u00e0 la Picardie et gr\u00e2ce \u00e0 l'Allemagne.\r\n\r\n70 ha\u00efkus en picard, traduits en fran\u00e7ais, anglais et allemand.","authors":["R\u00e9gis Lesieux"],"category_codes":["1000000","1090000","1090700"],"visuals":{"large":"https:\/\/images.epagine.fr\/547\/9782917621547_1_75.jpg","medium":"https:\/\/images.epagine.fr\/547\/9782917621547_1_m.jpg","thumbnail":"https:\/\/images.epagine.fr\/547\/9782917621547_1_v.jpg"},"orderable":true,"show_badge":true,"formatted_price":"10,00&nbsp;\u20ac","formatted_published_date":"28 avril 2024","publisher_availability_label":"Sur commande","short_details":"R\u00e9gis Lesieux \u2014 Engelaere","translator":null,"weight":114,"page_count":144,"readership":null,"editor":"Engelaere","price":1000,"published_date":"2024-04-27T22:00:00.000000Z","support":"Grand format","publisher_availability":1,"stock":0,"editions":[],"url":"https:\/\/quaidesbrumes.com\/ouvrage\/9782917621547\/etchilibe-instabe-equilibre-instable-unstable-balance-unstabiles-gleichgewicht"},{"id":"9782358633147","title":"Art animalier \u00e0 quatre mains","description":"- \"Mollement alanguie au fond d'un coussin moelleux, je te susurre quelques litanies gutturales dont les vibrations font frissonner la r\u00e9alit\u00e9 du pr\u00e9sent. Je suis l\u00e0 et ailleurs \u00e0 la fois ; ici, et de l'autre c\u00f4t\u00e9. D\u00e9sincarn\u00e9e...\"\r\n- Au travers de cette fresque d'images et de po\u00e9sie m\u00eal\u00e9es, Opportune Coste et B\u00e9atrice Boisseau-Chapuis apprivoisent les animaux de nos for\u00eats, de nos \u00e9tangs, mais aussi d'ailleurs lointains ou imaginaires. Elles nous invitent \u00e0 visiter le monde animal et \u00e0 explorer le myst\u00e8re de nos diff\u00e9rences en laissant libre cours \u00e0 la parole fascinante de cette faune si clairvoyante. Qui sont ces animaux qui percent notre \u00e2me de leur regard p\u00e9n\u00e9trant et tissent un lien subtil entre nos deux univers ?\r\n- Tout Public","authors":["Opportune Coste","B\u00e9atrice Boisseau-Chapuis"],"category_codes":["1000000","1090000"],"visuals":{"large":"https:\/\/images.epagine.fr\/147\/9782358633147_1_75.jpg","medium":"https:\/\/images.epagine.fr\/147\/9782358633147_1_m.jpg","thumbnail":"https:\/\/images.epagine.fr\/147\/9782358633147_1_v.jpg"},"orderable":true,"show_badge":true,"formatted_price":"15,00&nbsp;\u20ac","formatted_published_date":"27 avril 2024","publisher_availability_label":"Sur commande","short_details":"Opportune Coste, B\u00e9atrice Boisseau-Chapuis \u2014 Le Pre Du Plain","translator":null,"weight":200,"page_count":98,"readership":"Tout public","editor":"Le Pre Du Plain","price":1500,"published_date":"2024-04-26T22:00:00.000000Z","support":"Grand format","publisher_availability":1,"stock":0,"editions":[],"url":"https:\/\/quaidesbrumes.com\/ouvrage\/9782358633147\/art-animalier-a-quatre-mains"},{"id":"9782958388171","title":"Les \u00e9toiles s'allument la nuit : Po\u00e8mes","description":"Toi\r\nMot qui manque\r\nTe voil\u00e0 enfin\r\n\r\nApproche\r\nEntre dans cette strophe\r\nInachev\u00e9e\r\n\r\nEntre\r\nIl ne manque que toi\r\nPour rendre accessible\r\nCe qui est impossible","authors":["Mohamed Aouine"],"category_codes":["1000000","1090000"],"visuals":{"large":"https:\/\/images.epagine.fr\/171\/9782958388171_1_75.jpg","medium":"https:\/\/images.epagine.fr\/171\/9782958388171_1_m.jpg","thumbnail":"https:\/\/images.epagine.fr\/171\/9782958388171_1_v.jpg"},"orderable":true,"show_badge":true,"formatted_price":"8,00&nbsp;\u20ac","formatted_published_date":"2 mai 2024","publisher_availability_label":"Sur commande","short_details":"Mohamed Aouine \u2014 LA VINA","translator":null,"weight":70,"page_count":66,"readership":null,"editor":"LA VINA","price":800,"published_date":"2024-05-01T22:00:00.000000Z","support":"Grand format","publisher_availability":1,"stock":0,"editions":[],"url":"https:\/\/quaidesbrumes.com\/ouvrage\/9782958388171\/les-etoiles-sallument-la-nuit-poemes"},{"id":"9782494843110","title":"SEULS LES VIVANTS ONT RAISON : Nouvelle \u00e9dition","description":"Les quatre volets de ce recueil sont le fruit de rencontres avec autant de disciplines artistiques . Danse, cin\u00e9ma, musique offrent des terrains d'exploration o\u00f9 la langue se d\u00e9ploie, en \u00e9pouse les richesses et les particularit\u00e9s. Au contact de l'autre, l'\u00e9criture se nourrit de la contrainte pour mieux s'en affranchir, infiniment libre, r\u00e9solument vivante.","authors":["Mehdi Kr\u00fcger"],"category_codes":["1000000","1090000","1090600"],"visuals":{"large":"https:\/\/quaidesbrumes.com\/img\/book-placeholder.png","medium":"https:\/\/quaidesbrumes.com\/img\/book-placeholder.png","thumbnail":"https:\/\/quaidesbrumes.com\/img\/book-placeholder.png"},"orderable":true,"show_badge":true,"formatted_price":"15,00&nbsp;\u20ac","formatted_published_date":"1er avril 2024","publisher_availability_label":"Sur commande","short_details":"Mehdi Kr\u00fcger \u2014 Vox Scriba","translator":null,"weight":90,"page_count":128,"readership":null,"editor":"Vox Scriba","price":1500,"published_date":"2024-03-31T22:00:00.000000Z","support":"Grand format","publisher_availability":1,"stock":0,"editions":[],"url":"https:\/\/quaidesbrumes.com\/ouvrage\/9782494843110\/seuls-les-vivants-ont-raison-nouvelle-edition"},{"id":"9782378279844","title":"Quand la nuit se fait chant","description":"'Quand la nuit se fait chant' est un recueil de po\u00e8mes en vers r\u00e9dig\u00e9 sur une longue p\u00e9riode et o\u00f9 chaque chapitre a une r\u00e9sonance particuli\u00e8re. Du grincement de la douleur \u00e0 la danse de l'amour, du soupir du temps \u00e0 l'harmonie de la nature. Les textes c\u00e9l\u00e8brent aussi la symphonie de la vie et se pr\u00eatent au jeu de diff\u00e9rents personnages. Chaque po\u00e8me a sa propre musicalit\u00e9 et est porteur d'un message qui \u00e9veille diverses \u00e9motions. Le titre lui-m\u00eame \u00e9voque ces instants de pure inspiration, survenant dans le silence enveloppant de la nuit, o\u00f9 l'\u00e9crivain, en harmonie avec une fr\u00e9quence int\u00e9rieure, laisse couler les mots de mani\u00e8re presque instinctive. Ce processus cr\u00e9atif myst\u00e9rieux se r\u00e9v\u00e8le \u00e0 l'auteur au r\u00e9veil, red\u00e9couvrant avec \u00e9tonnement les \u00e9chos de son \u00e2me inscrits dans le carnet d\u00e9pos\u00e9 \u00e0 cet effet sur sa table de nuit.","authors":["Sophie Dubois"],"category_codes":["1000000","1090000"],"visuals":{"large":"https:\/\/images.epagine.fr\/844\/9782378279844_1_75.jpg","medium":"https:\/\/images.epagine.fr\/844\/9782378279844_1_m.jpg","thumbnail":"https:\/\/images.epagine.fr\/844\/9782378279844_1_v.jpg"},"orderable":true,"show_badge":true,"formatted_price":"13,00&nbsp;\u20ac","formatted_published_date":"3 mai 2024","publisher_availability_label":"Sur commande","short_details":"Sophie Dubois \u2014 SPINELLE","translator":null,"weight":186,"page_count":114,"readership":null,"editor":"SPINELLE","price":1300,"published_date":"2024-05-02T22:00:00.000000Z","support":"Grand format","publisher_availability":1,"stock":0,"editions":[],"url":"https:\/\/quaidesbrumes.com\/ouvrage\/9782378279844\/quand-la-nuit-se-fait-chant"},{"id":"9782336438429","title":"La po\u00e9sie contemporaine albanaise","description":"Soixante-quinze po\u00e8tes de langue albanaise sont rassembl\u00e9s dans cette anthologie contemporaine pour nous faire connaitre un art po\u00e9tique tr\u00e8s populaire, embrassant les id\u00e9es et les sentiments des peuples d'Albanie, du Kosovo et de Mac\u00e9doine du Nord.\r\nContre l'oppression et la censure des p\u00e9riodes ant\u00e9rieures, la libert\u00e9 d'expression retrouv\u00e9e pousse de nombreux et nouveaux po\u00e8tes \u00e0 \u00e9crire. Un esprit de libert\u00e9 et de renouveau flotte sur ces po\u00e8mes et ouvre de vraies possibilit\u00e9s de coop\u00e9ration entre po\u00e8tes de langue albanaise et avec d'autres pays d'Europe. Les grands th\u00e8mes po\u00e9tiques sont pr\u00e9sents mais \u00e9galement des sujets \u00e9mergents comme la place des femmes ou la m\u00e9ditation sur l'avenir. Les po\u00e8tes albanais appellent \u00e0 l'\u00e9veil des consciences face aux d\u00e9mons de notre \u00e9poque en insufflant \u00e0 leur po\u00e9sie des intuitions originales o\u00f9 les vers respirent les rythmes et la sensibilit\u00e9 modernes.","authors":["Reshat Sahitaj"],"category_codes":["1000000","1090000","1090600"],"visuals":{"large":"https:\/\/images.epagine.fr\/429\/9782336438429_1_75.jpg","medium":"https:\/\/images.epagine.fr\/429\/9782336438429_1_m.jpg","thumbnail":"https:\/\/images.epagine.fr\/429\/9782336438429_1_v.jpg"},"orderable":true,"show_badge":true,"formatted_price":"14,00&nbsp;\u20ac","formatted_published_date":"29 f\u00e9vrier 2024","publisher_availability_label":"Sur commande","short_details":"Reshat Sahitaj \u2014 \u00c9ditions L'Harmattan","translator":null,"weight":165,"page_count":136,"readership":null,"editor":"\u00c9ditions L'Harmattan","price":1400,"published_date":"2024-02-28T23:00:00.000000Z","support":"Grand format","publisher_availability":1,"stock":0,"editions":[],"url":"https:\/\/quaidesbrumes.com\/ouvrage\/9782336438429\/la-poesie-contemporaine-albanaise"},{"id":"9782845876477","title":"LE ROMAN DE MARA - G\u00e9rard Cartier","description":"Ce livre, comme l'indique son titre, est une mani\u00e8re de roman : celui d'une enfant qui grandit, d\u00e9couvre le monde et s'\u00e9mancipe ; c'est aussi le roman de son p\u00e8re, qui l'\u00e9l\u00e8ve seul et \u00e0 qui elle \u00e9chappe peu \u00e0 peu. Deux vies m\u00eal\u00e9es (et m\u00eame trois, car c'est en creux le roman de \"l'absente\", la m\u00e8re de Mara, disparue peu apr\u00e8s la naissance de sa fille), o\u00f9 la fiction sert une autre v\u00e9rit\u00e9 que celle des \u00e9v\u00e9nements, et que l'on se gardera de r\u00e9duire \u00e0 une composante autobiographique. S'il s'agit d'un roman quant au r\u00e9cit, c'est bien un livre de po\u00e9sie, affranchi de tout prosa\u00efsme, multipliant les formes et les rythmes, aux vers souvent trou\u00e9s par des blancs, comme autant de pauses pour la voix et de suspension du sens.","authors":["G\u00e9rard Cartier"],"category_codes":["1000000","1090000"],"visuals":{"large":"https:\/\/images.epagine.fr\/477\/9782845876477_1_75.jpg","medium":"https:\/\/images.epagine.fr\/477\/9782845876477_1_m.jpg","thumbnail":"https:\/\/images.epagine.fr\/477\/9782845876477_1_v.jpg"},"orderable":true,"show_badge":true,"formatted_price":"14,00&nbsp;\u20ac","formatted_published_date":"10 mai 2024","publisher_availability_label":"Sur commande","short_details":"G\u00e9rard Cartier \u2014 Tarabuste","translator":null,"weight":500,"page_count":140,"readership":null,"editor":"Tarabuste","price":1400,"published_date":"2024-05-09T22:00:00.000000Z","support":"Grand format","publisher_availability":1,"stock":0,"editions":[],"url":"https:\/\/quaidesbrumes.com\/ouvrage\/9782845876477\/le-roman-de-mara-gerard-cartier"},{"id":"9782847433258","title":"Toldi","description":null,"authors":["Janos Arany"],"category_codes":["1000000","1090000","1090300"],"visuals":{"large":"https:\/\/quaidesbrumes.com\/img\/book-placeholder.png","medium":"https:\/\/quaidesbrumes.com\/img\/book-placeholder.png","thumbnail":"https:\/\/quaidesbrumes.com\/img\/book-placeholder.png"},"orderable":true,"show_badge":true,"formatted_price":"18,00&nbsp;\u20ac","formatted_published_date":"6 d\u00e9cembre 2023","publisher_availability_label":"Sur commande","short_details":"Janos Arany \u2014 Petra","translator":null,"weight":190,"page_count":180,"readership":null,"editor":"Petra","price":1800,"published_date":"2023-12-05T23:00:00.000000Z","support":"Grand format","publisher_availability":1,"stock":0,"editions":[],"url":"https:\/\/quaidesbrumes.com\/ouvrage\/9782847433258\/toldi"},{"id":"9782924968208","title":"Les dons de dieu : Po\u00e8mes de l'autrice qui a transcrit un cours en miracles","description":"Voici un recueil de po\u00e8mes mystiques de l'autrice Helen Schucman qui a transcrit le c\u00e9l\u00e8bre livre, Un cours en miracles. Ces cent quatorze po\u00e8mes, \u00e9crits sur une p\u00e9riode d'une dizaine d'ann\u00e9es, sont empreints de cette spiritualit\u00e9 universelle si particuli\u00e8re au Cours. Helen Schucman, Ph.D., \u00e9tait \u00e9galement psychologue clinicienne et professeure titulaire de psychologie m\u00e9dicale. Soucieuse de sa r\u00e9putation de scientifique aux yeux de ses coll\u00e8gues, amis et famille, elle a pr\u00e9f\u00e9r\u00e9 laisser dans l'ombre son cheminement personnel et spirituel. Agnostique assum\u00e9e, elle r\u00e9v\u00e8le dans ses po\u00e8mes intemporels une expression antith\u00e9tique \u00e9mouvante d'un lien profond cach\u00e9 avec Dieu et J\u00e9sus. Les dons de Dieu \u00e9voquent une authenticit\u00e9 poignante qui touche l'\u00e2me et le coeur.","authors":["Helen Schucman"],"category_codes":["1000000","1090000"],"visuals":{"large":"https:\/\/images.epagine.fr\/208\/9782924968208_1_75.jpg","medium":"https:\/\/images.epagine.fr\/208\/9782924968208_1_m.jpg","thumbnail":"https:\/\/images.epagine.fr\/208\/9782924968208_1_v.jpg"},"orderable":true,"show_badge":true,"formatted_price":"19,00&nbsp;\u20ac","formatted_published_date":"9 avril 2024","publisher_availability_label":"Sur commande","short_details":"Helen Schucman \u2014 Octave","translator":null,"weight":163,"page_count":190,"readership":null,"editor":"Octave","price":1900,"published_date":"2024-04-08T22:00:00.000000Z","support":"Grand format","publisher_availability":1,"stock":0,"editions":[],"url":"https:\/\/quaidesbrumes.com\/ouvrage\/9782924968208\/les-dons-de-dieu-poemes-de-lautrice-qui-a-transcrit-un-cours-en-miracles"},{"id":"9782896454488","title":"Pi\u00e8ces \u00e0 convictions","description":"Pi\u00e8ces \u00e0 convictions fait na\u00eetre un univers compos\u00e9 d'\u00e9l\u00e9ments familiers auxquels d'\u00e9tranges pouvoirs sont attribu\u00e9s. Ainsi en va-t-il de l'amour, pr\u00e9sent\u00e9 comme une recherche incessante, sans limite, aux multiples facettes. Comment chacun peut-il faire vivre ce sentiment dans un monde de tous les dangers, de tous les extr\u00eames ?\r\n\r\nLe lecteur trouvera aussi dans ces po\u00e8mes aux images d\u00e9brid\u00e9es et aux emportements po\u00e9tiques, tout en fulgurance, un appel \u00e0 \u00eatre soi-m\u00eame l\u00e0 o\u00f9 l'on pr\u00e9f\u00e8re l'uniformit\u00e9 et o\u00f9 l'on fuit toute id\u00e9e de cacophonie.\r\n\r\nUn labyrinthe de dentelle laisse pousser l'espoir vers les zones sinistr\u00e9es coups et blessures sur les for\u00eats vierges largu\u00e9es le coeur polaire la langue sur l'aubier gel\u00e9s jusqu'au noyau ancr\u00e9s par les rhizomes mari\u00e9s \u00e0 l'amour bor\u00e9al","authors":["Marco Geoffroy"],"category_codes":["1000000","1090000"],"visuals":{"large":"https:\/\/images.epagine.fr\/488\/9782896454488_1_75.jpg","medium":"https:\/\/images.epagine.fr\/488\/9782896454488_1_m.jpg","thumbnail":"https:\/\/images.epagine.fr\/488\/9782896454488_1_v.jpg"},"orderable":true,"show_badge":true,"formatted_price":"20,00&nbsp;\u20ac","formatted_published_date":"15 janvier 2024","publisher_availability_label":"Sur commande","short_details":"Marco Geoffroy \u2014 Ecrits Des Forges","translator":null,"weight":400,"page_count":80,"readership":null,"editor":"Ecrits Des Forges","price":2000,"published_date":"2024-01-14T23:00:00.000000Z","support":"Grand format","publisher_availability":1,"stock":0,"editions":[],"url":"https:\/\/quaidesbrumes.com\/ouvrage\/9782896454488\/pieces-a-convictions"},{"id":"9782958201104","title":"Vox feminae","description":null,"authors":["Les Editions De Lhor"],"category_codes":["1000000","1090000"],"visuals":{"large":"https:\/\/images.epagine.fr\/104\/9782958201104_1_75.jpg","medium":"https:\/\/images.epagine.fr\/104\/9782958201104_1_m.jpg","thumbnail":"https:\/\/images.epagine.fr\/104\/9782958201104_1_v.jpg"},"orderable":true,"show_badge":true,"formatted_price":"11,00&nbsp;\u20ac","formatted_published_date":"16 novembre 2023","publisher_availability_label":"Sur commande","short_details":"Les Editions De Lhor \u2014 Editions De L'Horloge","translator":null,"weight":155,"page_count":null,"readership":null,"editor":"Editions De L'Horloge","price":1100,"published_date":"2023-11-15T23:00:00.000000Z","support":"Grand format","publisher_availability":1,"stock":0,"editions":[],"url":"https:\/\/quaidesbrumes.com\/ouvrage\/9782958201104\/vox-feminae"},{"id":"9782378278878","title":"Vertiges d\u00e9licieux d'une valse","description":"Fermez les yeux, renaissez un instant mais restez petit, vous verrez grand... Alors... avec vos yeux d'enfants, contemplez la danse de la mar\u00e9e sur le sable mouill\u00e9, les branches enlac\u00e9es des arbres amoureux... doutez avec les nuages et appr\u00e9ciez les caresses de la musique du vent...\r\nCes po\u00e8mes sont une invitation \u00e0 s'envoler, \u00e0 r\u00eaver, \u00e0 danser, \u00e0 se relever, \u00e0 recommencer... \u00e0 valser sans jamais pouvoir s'arr\u00eater.\r\nTour \u00e0 tour cavaliers de nos histoires d'amour et d'amiti\u00e9s, entre puissance et l\u00e9g\u00e8ret\u00e9, valsons avec nos d\u00e9sirs, nos peurs, nos doutes ! Et de ce tourbillon langoureux, appel\u00e9s par les profondeurs du vide, savourons de d\u00e9licieux vertiges. Dans nos veines, la musique vibre, nous \u00e9tourdit, nous emporte pour vivre la sage ivresse de nos amours et peu importe que la danse soit rat\u00e9e, avort\u00e9e, tourment\u00e9e, pleur\u00e9e, passionn\u00e9e ou r\u00eav\u00e9e, remerciez la valse parfaitement imparfaite de vos histoires car hier, aujourd'hui et demain, nous valsions, nous valsons et nous valserons... C. Canis","authors":["C\u00e9line Canis"],"category_codes":["1000000","1090000"],"visuals":{"large":"https:\/\/images.epagine.fr\/878\/9782378278878_1_75.jpg","medium":"https:\/\/images.epagine.fr\/878\/9782378278878_1_m.jpg","thumbnail":"https:\/\/images.epagine.fr\/878\/9782378278878_1_v.jpg"},"orderable":true,"show_badge":true,"formatted_price":"14,00&nbsp;\u20ac","formatted_published_date":"17 novembre 2023","publisher_availability_label":"Sur commande","short_details":"C\u00e9line Canis \u2014 SPINELLE","translator":null,"weight":192,"page_count":122,"readership":null,"editor":"SPINELLE","price":1400,"published_date":"2023-11-16T23:00:00.000000Z","support":"Grand format","publisher_availability":1,"stock":0,"editions":[],"url":"https:\/\/quaidesbrumes.com\/ouvrage\/9782378278878\/vertiges-delicieux-dune-valse"}]}