{"data":[{"id":"9782336412634","title":"Mine de rien","description":"Plonger dans la d\u00e9couverte et une exp\u00e9rience quasi particuli\u00e8re des th\u00e9matiques contemporaines li\u00e9es \u00e0 la ville, l'entrepreneuriat, la qu\u00eate du bonheur, les stress quotidiens, les in\u00e9galit\u00e9s sociales. Dans un recueil d'\u00e9veils, guid\u00e9s par le verbe et au rythme des vers.\r\n  \u00ab  Que fait-on d'une bonne id\u00e9e  ?\r\nOn lui trouve un petit nom  ;\r\nPour qu'elle soit notre beau b\u00e9b\u00e9  !\r\nOn lui fait un beau dessin  ;\r\nPour qu'il soit son identit\u00e9  !\r\nOn lui consacre plus de temps  ;\r\nPour qu'elle soit notre propri\u00e9t\u00e9  !\r\nJusqu'au jour o\u00f9 on la con\u00e7oit  ;\r\nEt qu'elle soit notre priorit\u00e9  !  \u00bb","authors":["Igor Du Badamier"],"category_codes":["1000000","1090000","1090200"],"visuals":{"large":"https:\/\/images.epagine.fr\/634\/9782336412634_1_75.jpg","medium":"https:\/\/images.epagine.fr\/634\/9782336412634_1_m.jpg","thumbnail":"https:\/\/images.epagine.fr\/634\/9782336412634_1_v.jpg"},"orderable":true,"show_badge":true,"formatted_price":"13,00&nbsp;\u20ac","formatted_published_date":"2 novembre 2023","publisher_availability_label":"Sur commande","short_details":"Igor Du Badamier \u2014 \u00c9ditions L'Harmattan","translator":null,"weight":120,"page_count":98,"readership":null,"editor":"\u00c9ditions L'Harmattan","price":1300,"published_date":"2023-11-01T23:00:00.000000Z","support":"Grand format","publisher_availability":1,"stock":0,"editions":[],"url":"https:\/\/quaidesbrumes.com\/ouvrage\/9782336412634\/mine-de-rien"},{"id":"9782896454471","title":"L'entr\u00e9e rouge","description":"Avec L'entr\u00e9e rouge, Cristina Montescu nous fait une fois de plus la d\u00e9monstration de la puissance de l'\u00e9criture comme instrument de survie, comme extraction \u00e0 pratiquer sur les souffrances d'un pass\u00e9 destructeur. L'auteure y aborde un sujet d\u00e9licat, l'hyperphagie boulimique. En abordant un sujet qui touche d'autres individus, le plus souvent laiss\u00e9s \u00e0 eux-m\u00eames, elle souhaite se lib\u00e9rer, mais \u00e9galement aider ceux qui trouveront du r\u00e9confort dans cette catharsis.. comment t'asseoir \u00e0 la m\u00eame table . avec l'\u00e9trang\u00e8re qui t'habite . consulter le menu de ton existence . et t'entendre sur le partage \u00e9quitable . des douleurs \u00e0 la carte . Native de Craiova (Roumanie), Cristina Montescu habite Montr\u00e9al depuis plusieurs ann\u00e9es. Elle a fait des \u00e9tudes de langue et de litt\u00e9rature fran\u00e7aises en Roumanie et au Maroc et elle a obtenu une Ma\u00eetrise en \u00e9tudes fran\u00e7aises, option Cr\u00e9ation, \u00e0 l'Universit\u00e9 de Montr\u00e9al. Son premier recueil, Larmes cadenass\u00e9es, est paru en 2003 aux \u00c9ditions L'Harmattan (France). Par la suite, elle a sign\u00e9 cinq autres recueils aux \u00c9crits des Forges : Tristesse \u00e0 chien mauve (2009), La Margelle du soleil (2010), Qui ne na\u00eetra pas (2012), Lettres \u00e0 l'assassin (2014) et Concerto pour gouttes \u00e0 venir (2018)..","authors":["Cristina Montescu"],"category_codes":["1000000","1090000"],"visuals":{"large":"https:\/\/images.epagine.fr\/471\/9782896454471_1_75.jpg","medium":"https:\/\/images.epagine.fr\/471\/9782896454471_1_m.jpg","thumbnail":"https:\/\/images.epagine.fr\/471\/9782896454471_1_v.jpg"},"orderable":true,"show_badge":true,"formatted_price":"20,00&nbsp;\u20ac","formatted_published_date":"15 d\u00e9cembre 2023","publisher_availability_label":"Sur commande","short_details":"Cristina Montescu \u2014 Ecrits Des Forges","translator":null,"weight":400,"page_count":92,"readership":null,"editor":"Ecrits Des Forges","price":2000,"published_date":"2023-12-14T23:00:00.000000Z","support":"Grand format","publisher_availability":1,"stock":0,"editions":[],"url":"https:\/\/quaidesbrumes.com\/ouvrage\/9782896454471\/lentree-rouge"},{"id":"9782918065494","title":"De blanc et de bleu","description":"De blanc et de bleu Ce recueil est mon histoire, celle d'un homme qui, lors d'un bref s\u00e9jour en Catalogne, va cueillir - ah ! l'inspiration - une collection de textes aux th\u00e9matiques diverses. Si \u00e9crire porte une fonction lib\u00e9ratrice, l\u00e0 c'est l'entr\u00e9e dans un temps nouveau de ma vie qui ouvre l'acc\u00e8s \u00e0 une \u00e9criture. \r\n\r\nAlors tout devient pr\u00e9texte \u00e0 peindre de mots les rues blanches de L'Escala, les restaurants ferm\u00e9s, les heures du temps d'avant, d'ombres et de murmures. Aussi, le pr\u00e9sent de la vie qui se donne, et donne ce qu'elle a de meilleur : la permanence, le magn\u00e9tisme de la mer, du ciel, ces bleus immenses et incontournables, comme des visages qui ne demandent qu'\u00e0 \u00eatre tutoy\u00e9s.\r\n\r\nAu coeur de la vieille ville, mon refuge est tour de guet, observation des climats et flots du monde environnant. Je n'\u00e9chappe pas moi-m\u00eame aux questionnements du passager embarqu\u00e9 d'un rendez-vous inattendu, n'imaginant pas les territoires qui se pr\u00e9senteraient \u00e0 lui, en un septembre 2019 de lumi\u00e8re, comme un \u00e9chouage pour mieux se relever.","authors":["Philippe Yves Bataille"],"category_codes":["1000000","1090000"],"visuals":{"large":"https:\/\/images.epagine.fr\/494\/9782918065494_1_75.jpg","medium":"https:\/\/images.epagine.fr\/494\/9782918065494_1_m.jpg","thumbnail":"https:\/\/images.epagine.fr\/494\/9782918065494_1_v.jpg"},"orderable":true,"show_badge":true,"formatted_price":"12,00&nbsp;\u20ac","formatted_published_date":"14 octobre 2023","publisher_availability_label":"Sur commande","short_details":"Philippe Yves Bataille \u2014 Le Jarosset","translator":null,"weight":105,"page_count":68,"readership":null,"editor":"Le Jarosset","price":1200,"published_date":"2023-10-13T22:00:00.000000Z","support":"Grand format","publisher_availability":1,"stock":0,"editions":[],"url":"https:\/\/quaidesbrumes.com\/ouvrage\/9782918065494\/de-blanc-et-de-bleu"},{"id":"9782322500642","title":"Odes Ioniennes : R\u00e9cits po\u00e9tiques o\u00f9 chantent les m\u00e9taphores","description":"Odes Ioniennes est un voyage po\u00e9tique qui retrace 36 ann\u00e9es de beaux souvenirs et de r\u00eaveries autour du petit port de Parga, en Gr\u00e8ce. Cette \u00e9dition comporte la version originale en fran\u00e7ais ainsi que les po\u00e8mes traduits en grec. \r\nL'auteure, Mirta Dubischar Panagiotopoulos, artiste plasticienne, accompagne ses textes d'une vingtaine de superbes illustrations de sa cr\u00e9ation. C'est un recueil teint\u00e9 d'onirisme aux parfums de la Gr\u00e8ce.","authors":["Mirta Dubischar Panagiotopoulos"],"category_codes":["1000000","1090000"],"visuals":{"large":"https:\/\/images.epagine.fr\/642\/9782322500642_1_75.jpg","medium":"https:\/\/images.epagine.fr\/642\/9782322500642_1_m.jpg","thumbnail":"https:\/\/images.epagine.fr\/642\/9782322500642_1_v.jpg"},"orderable":true,"show_badge":true,"formatted_price":"19,99&nbsp;\u20ac","formatted_published_date":"4 septembre 2023","publisher_availability_label":"Sur commande","short_details":"Mirta Dubischar Panagiotopoulos \u2014 Books on Demand","translator":null,"weight":312,"page_count":86,"readership":null,"editor":"Books on Demand","price":1999,"published_date":"2023-09-03T22:00:00.000000Z","support":"Grand format","publisher_availability":1,"stock":0,"editions":[],"url":"https:\/\/quaidesbrumes.com\/ouvrage\/9782322500642\/odes-ioniennes-recits-poetiques-ou-chantent-les-metaphores"},{"id":"9782896454464","title":"Ce qu'elles nous laissent","description":"Dans son tout premier recueil, Ce qu'elles nous laissent, Kareen Martel aborde un th\u00e8me incontournable pour tout parent qui se questionne sur son r\u00f4le : la filiation et ses effets. Ici, c'est la relation m\u00e8re-fille, si souvent fusionnelle, que l'auteure observe sans complaisance. D'avant la naissance jusqu'\u00e0 l'\u00e2ge adulte, en passant par les r\u00e9voltes adolescentes, la po\u00e8te nous pr\u00e9sente un \u00eatre en formation, dans un univers de femmes, \u00e9maillant le parcours de nombreuses citations de femmes po\u00e8tes. Avec audace, Kareen Martel va jusqu'\u00e0 projeter dans l'avenir cette enfant qui lui ressemble sans lui ressembler.\r\n\r\nPuis un jour j'aurai mal \u00e0 ton enfance \/ je voudrai y retourner un instant \/ et si tu le souhaites aussi \/ c'est qu'il y aura finalement eu du beau du bon.\r\n\r\nOriginaire du Lac-Saint-Jean, Kareen Martel a v\u00e9cu \u00e0 Qu\u00e9bec et habite maintenant en Outaouais. Apr\u00e8s des \u00e9tudes en litt\u00e9rature, elle est devenue fonctionnaire \u00e0 temps partiel, ce qui lui laisse du temps pour lire beaucoup et \u00e9crire un peu. Elle a publi\u00e9 des po\u00e8mes, entre autres dans les revues Le Sabord, Moebius, M\u00e9ninge et 17 secondes et des r\u00e9cits, notamment dans le collectif Des nouvelles de Gatineau ! aux \u00e9ditions Vent d'Ouest. En 2022, elle a fait para\u00eetre le r\u00e9cit Laideronnie aux \u00e9ditions Somme toute.","authors":["Kareen Martel"],"category_codes":["1000000","1090000"],"visuals":{"large":"https:\/\/images.epagine.fr\/464\/9782896454464_1_75.jpg","medium":"https:\/\/images.epagine.fr\/464\/9782896454464_1_m.jpg","thumbnail":"https:\/\/images.epagine.fr\/464\/9782896454464_1_v.jpg"},"orderable":true,"show_badge":true,"formatted_price":"15,00&nbsp;\u20ac","formatted_published_date":"15 d\u00e9cembre 2023","publisher_availability_label":"Sur commande","short_details":"Kareen Martel \u2014 Ecrits Des Forges","translator":null,"weight":400,"page_count":58,"readership":null,"editor":"Ecrits Des Forges","price":1500,"published_date":"2023-12-14T23:00:00.000000Z","support":"Grand format","publisher_availability":1,"stock":0,"editions":[],"url":"https:\/\/quaidesbrumes.com\/ouvrage\/9782896454464\/ce-quelles-nous-laissent"},{"id":"9782384417346","title":"\u00c9cumes et fragments","description":"Ce recueil est compos\u00e9 de po\u00e8mes qui sont des fragments de pens\u00e9es et d'\u00e9motions. Une po\u00e9sie d'avant le saut. D'avant l'endormissement, d'avant la passion et la r\u00e9volte. Un reflet des moments o\u00f9 l'on s'arr\u00eate, ceux o\u00f9 l'on observe, avant d'avancer, avant d'agir avant m\u00eame la r\u00e9flexion. C'est une po\u00e9sie des instants qui s'impriment inexorablement derri\u00e8re nos paupi\u00e8res, derri\u00e8re nos r\u00e9tines et sous notre peau. Chaque po\u00e8me est une fen\u00eatre, une vitrine, o\u00f9 l'on peut voir les sensations du quotidien tant\u00f4t fig\u00e9es, tant\u00f4t dansantes.","authors":["Th\u00e9odore Efstratiadis"],"category_codes":["1000000","1090000","1090600"],"visuals":{"large":"https:\/\/images.epagine.fr\/346\/9782384417346_1_75.jpg","medium":"https:\/\/images.epagine.fr\/346\/9782384417346_1_m.jpg","thumbnail":"https:\/\/images.epagine.fr\/346\/9782384417346_1_v.jpg"},"orderable":true,"show_badge":true,"formatted_price":"17,00&nbsp;\u20ac","formatted_published_date":"7 septembre 2023","publisher_availability_label":"Sur commande","short_details":"Th\u00e9odore Efstratiadis \u2014 Editions Ma\u00efa","translator":null,"weight":350,"page_count":66,"readership":null,"editor":"Editions Ma\u00efa","price":1700,"published_date":"2023-09-06T22:00:00.000000Z","support":"Grand format","publisher_availability":1,"stock":0,"editions":[],"url":"https:\/\/quaidesbrumes.com\/ouvrage\/9782384417346\/ecumes-et-fragments"},{"id":"9791090951273","title":"Court trait\u00e9-po\u00e8me de m\u00e9taphysique moniste","description":"Un manuscrit myst\u00e9rieux (\u00ab retrouv\u00e9 \u00bb, \u00e9dit\u00e9 et pr\u00e9sent\u00e9 par Alessandro De Francesco), dont la prose, oscillant entre po\u00e9sie, philosophie et art conceptuel, interroge l'infinit\u00e9 du cosmos et de l'\u00eatre. Un flux de conscience et de pens\u00e9e qui se transforme en prose po\u00e9tique et en r\u00e9flexion philosophique, sans solution de continuit\u00e9 entre les deux. Une auteure \u00e9vanescente, immerg\u00e9e dans le contemporain avec des outils conceptuels et un style d'\u00e9criture qui rappellent les trait\u00e9s de m\u00e9taphysique du XXVIIe si\u00e8cle. Court trait\u00e9-po\u00e8me de m\u00e9taphysique moniste est un texte hybride, complexe, fuyant et en m\u00eame temps imm\u00e9diat, lyrique, passionn\u00e9, explorant courageusement et ing\u00e9nument les grandes questions irr\u00e9solues de l'humanit\u00e9 et de la nature.\r\n\r\nIl y a des gens autour de nous, mais en arri\u00e8re-fond, comme en deux dimensions, projet\u00e9s sur les parois du couloir. Nous suivons l'insecte qui vole librement \u00e0 des hauteurs diff\u00e9rentes dans l'espace et autour de nous. Tu as le courage de l'attraper, moi je ne l'aurais jamais fait, par peur de blesser cet \u00eatre pr\u00e9cieux. Tu le tiens un instant entre tes mains ferm\u00e9es en bo\u00eete sph\u00e9rique puis tu les rouvres et il recommence \u00e0 voler. Un peu plus loin, dans un autre couloir, tu le rattrapes et cette fois-ci le tiens m\u00eame serr\u00e9 gentiment entre tes doigts, pendant qu'il continue de bouger ses ailes transparentes. Je peux ainsi le regarder de pr\u00e8s : il est plut\u00f4t grand et charnu pour \u00eatre un insecte, et enti\u00e8rement couvert par une fourrure courte et tr\u00e8s serr\u00e9e, de couleur changeante entre bleu et vert brillants. La surface uniforme de son corps bomb\u00e9 et poilu pr\u00e9sente toutefois trois bosses, une plus grande, oblongue et centrale vers l'arri\u00e8re, deux autres lat\u00e9rales au devant, plus rondes, en correspondance des yeux, qui sont cependant invisibles car eux aussi sont totalement couverts par la fourrure bleue-verte. Tu le rel\u00e2ches \u00e0 nouveau et l'insecte continue son cours. Il y a de l'amour dans l'air.","authors":["Margaret de Asbaje"],"category_codes":["1000000","1090000","1090600"],"visuals":{"large":"https:\/\/images.epagine.fr\/273\/9791090951273_1_75.jpg","medium":"https:\/\/images.epagine.fr\/273\/9791090951273_1_m.jpg","thumbnail":"https:\/\/images.epagine.fr\/273\/9791090951273_1_v.jpg"},"orderable":true,"show_badge":true,"formatted_price":"14,00&nbsp;\u20ac","formatted_published_date":"13 octobre 2023","publisher_availability_label":"Sur commande","short_details":"Margaret de Asbaje \u2014 Editions Mix","translator":null,"weight":153,"page_count":136,"readership":null,"editor":"Editions Mix","price":1400,"published_date":"2023-10-12T22:00:00.000000Z","support":"Grand format","publisher_availability":1,"stock":0,"editions":[],"url":"https:\/\/quaidesbrumes.com\/ouvrage\/9791090951273\/court-traite-poeme-de-metaphysique-moniste"},{"id":"9782494282292","title":"De l'ombre \u00e0 la lumi\u00e8re","description":"Apr\u00e8s \u00ab Simon et les fous de Bassan \u00bb, son premier roman, J\u00e9r\u00f4me Brual nous livre ici une s\u00e9lection de ses textes, parfois engag\u00e9s, parfois imag\u00e9s mais toujours tr\u00e8s profonds.  Ils nous invitent \u00e0 travers leur lecture \u00e0 une sage r\u00e9flexion sur le sens de notre existence. Sans jamais se voiler la face, l'auteur nous dresse un tableau plut\u00f4t alarmiste de notre Soci\u00e9t\u00e9 Humaine (De l'ombre...) sans toutefois oublier de laisser une place \u00e0 l'espoir d'un monde meilleur dans un univers po\u00e9tique qui lui est propre (... \u00e0 la lumi\u00e8re... ).","authors":["J\u00e9r\u00f4me Brual"],"category_codes":["1000000","1090000","1090600"],"visuals":{"large":"https:\/\/images.epagine.fr\/292\/9782494282292_1_75.jpg","medium":"https:\/\/images.epagine.fr\/292\/9782494282292_1_m.jpg","thumbnail":"https:\/\/images.epagine.fr\/292\/9782494282292_1_v.jpg"},"orderable":true,"show_badge":true,"formatted_price":"16,00&nbsp;\u20ac","formatted_published_date":"23 octobre 2023","publisher_availability_label":"Sur commande","short_details":"J\u00e9r\u00f4me Brual \u2014 Il Est Midi","translator":null,"weight":245,"page_count":126,"readership":null,"editor":"Il Est Midi","price":1600,"published_date":"2023-10-22T22:00:00.000000Z","support":"Grand format","publisher_availability":1,"stock":0,"editions":[],"url":"https:\/\/quaidesbrumes.com\/ouvrage\/9782494282292\/de-lombre-a-la-lumiere"},{"id":"9782390550280","title":"\u00c9l\u00e9mentaires","description":"\u00c9l\u00e9mentaires est un recueil sur l'\u00e9cole primaire mais qui n'est pas pour autant r\u00e9serv\u00e9 aux humains \u00e2g\u00e9s de 7 \u00e0 11 ans. Les textes, class\u00e9s en rubriques issues des apprentissages, activit\u00e9s libres et \u00e9v\u00e9nements ponctuant une ann\u00e9e scolaire, empruntent des formes tr\u00e8s diff\u00e9rentes qui parcourent l'histoire de la litt\u00e9rature, du Moyen \u00c2ge \u00e0 nos jours : po\u00e8mes (en vers ou pas) et proses (liste, chanson, comptine, dialogue, petites annonces, consignes, questionnaire, etc.). Il s'agit avant tout de s'amuser avec la langue mais s\u00e9rieusement, comme le font les enfants quand ils jouent.","authors":["Fern\/Durand"],"category_codes":["1000000","1090000","1090600"],"visuals":{"large":"https:\/\/images.epagine.fr\/280\/9782390550280_1_75.jpg","medium":"https:\/\/images.epagine.fr\/280\/9782390550280_1_m.jpg","thumbnail":"https:\/\/images.epagine.fr\/280\/9782390550280_1_v.jpg"},"orderable":true,"show_badge":true,"formatted_price":"12,00&nbsp;\u20ac","formatted_published_date":"7 novembre 2023","publisher_availability_label":"Sur commande","short_details":"Fern\/Durand \u2014 LES CARNETS DU DESSERT DE LUNE","translator":null,"weight":244,"page_count":75,"readership":null,"editor":"LES CARNETS DU DESSERT DE LUNE","price":1200,"published_date":"2023-11-06T23:00:00.000000Z","support":"Grand format","publisher_availability":1,"stock":0,"editions":[],"url":"https:\/\/quaidesbrumes.com\/ouvrage\/9782390550280\/elementaires"},{"id":"9782140493812","title":"\u00c9ph\u00e9m\u00e9ride. Recueil de po\u00e8mes","description":"Ce recueil de po\u00e8mes est un floril\u00e8ge, un voyage au bout du monde, une invitation \u00e0 une r\u00e9flexion introspective. C'est une satire sociale o\u00f9 l'auteur sonne le tocsin et d\u00e9nonce la turpitude de l'homme, sa fatuit\u00e9 et l'incartade qui semblent le conduire \u00e0 son an\u00e9antissement. Avec ses po\u00e8mes \u00e9l\u00e9giaques, d'anthologie proche du spleen, un peu de prose et de rimes riches, l'auteur insiste sur la sauvegarde de la valeur universelle qui se perd. Un cri de d\u00e9tresse pour amener une soci\u00e9t\u00e9 aveugle \u00e0 son mal \u00e0 sortir de son cycle neurasth\u00e9nique, quitte \u00e0 \u00e9veiller une conscience.","authors":["Mohamed Kamil Issa"],"category_codes":["1000000","1090000","1090600"],"visuals":{"large":"https:\/\/images.epagine.fr\/812\/9782140493812_1_75.jpg","medium":"https:\/\/images.epagine.fr\/812\/9782140493812_1_m.jpg","thumbnail":"https:\/\/images.epagine.fr\/812\/9782140493812_1_v.jpg"},"orderable":true,"show_badge":true,"formatted_price":"10,00&nbsp;\u20ac","formatted_published_date":"4 juillet 2023","publisher_availability_label":"Sur commande","short_details":"Mohamed Kamil Issa \u2014 \u00c9ditions L'Harmattan","translator":null,"weight":87,"page_count":58,"readership":null,"editor":"\u00c9ditions L'Harmattan","price":1000,"published_date":"2023-07-03T22:00:00.000000Z","support":"Grand format","publisher_availability":1,"stock":0,"editions":[],"url":"https:\/\/quaidesbrumes.com\/ouvrage\/9782140493812\/ephemeride-recueil-de-poemes"},{"id":"9782364692510","title":"Zhang-Fu disait","description":"En Chine, la p\u00e9riode allant de 960 \u00e0 1279 est la p\u00e9riode Song. Elle fait suite \u00e0 la p\u00e9riode Tang durant laquelle la litt\u00e9rature, en particulier la po\u00e9sie, a pris un essor consid\u00e9rable qui s'est poursuivi pendant la p\u00e9riode Song. De nombreux textes de ces p\u00e9riodes ont \u00e9t\u00e9 conserv\u00e9s, et plusieurs po\u00e8tes sont rest\u00e9s c\u00e9l\u00e8bres, comme Li Ba\u00ef, Du Fu, Wang Wei, Li Qingzhao ou Su Shi. D'autres ont sans doute aussi marqu\u00e9 cette p\u00e9riode sans que nous n'en ayons gard\u00e9 une trace. \r\nDes textes datant du XI\u00e8me si\u00e8cle furent retrouv\u00e9s en1982 dans la province du Sichuan, pr\u00e8s de sa capitale, Chengdu. Sur les mieux conserv\u00e9s des manuscrits \u00e9taient calligraphi\u00e9s des po\u00e8mes d'un certain Zhang Fu, un po\u00e8te Song inconnu jusqu'alors. \r\nComme de nombreux lettr\u00e9s de cette \u00e9poque, la po\u00e9sie de Zhang Fu est impr\u00e9gn\u00e9e des \u00ab trois enseignements \u00bb,confucianisme, tao\u00efsme et bouddhisme. Elle est aussi teint\u00e9e de modernit\u00e9, qui peut cependant, selon les textes, avoir \u00e9t\u00e9 magnifi\u00e9e ou gomm\u00e9e par la restauration, la traduction et l'adaptation. Les th\u00e8mes majeurs, sans qu'il y ait de classification particuli\u00e8re dans son oeuvre, sont universels, comme la nature, le passage du temps et la mort, les rapports des hommes avec le pouvoir, des hommes entre eux, et entre hommes et femmes.\r\nPrix des Trouv\u00e8res 2023 (jur\u00e9s lyc\u00e9ens)","authors":["Daniel Birnbaum"],"category_codes":["1000000","1090000","1090600"],"visuals":{"large":"https:\/\/images.epagine.fr\/510\/9782364692510_1_75.jpg","medium":"https:\/\/images.epagine.fr\/510\/9782364692510_1_m.jpg","thumbnail":"https:\/\/images.epagine.fr\/510\/9782364692510_1_v.jpg"},"orderable":true,"show_badge":true,"formatted_price":"12,00&nbsp;\u20ac","formatted_published_date":"10 juin 2023","publisher_availability_label":"Sur commande","short_details":"Daniel Birnbaum \u2014 Editions Henry","translator":null,"weight":95,"page_count":48,"readership":null,"editor":"Editions Henry","price":1200,"published_date":"2023-06-09T22:00:00.000000Z","support":"Grand format","publisher_availability":1,"stock":0,"editions":[],"url":"https:\/\/quaidesbrumes.com\/ouvrage\/9782364692510\/zhang-fu-disait"},{"id":"9782378278212","title":"La madone des t\u00e9n\u00e8bres","description":"Un long p\u00e9riple riche de 201 po\u00e8mes \u00e0 travers les obsessions sensuelles de l'auteur.\r\nDes textes m\u00eal\u00e9s d'\u00e9rotisme, de passion, d'exotisme et m\u00eame d'orientalisme.\r\nUne odyss\u00e9e vers la gr\u00e2ce d'un si\u00e8cle oubli\u00e9 (le 19\u00e8me).\r\n\u00abL'ogresse sensualit\u00e9\u00bb baigne ici dans un nectar mystique.\r\nUn recueil o\u00f9 l'\u00e9vanescence amoureuse trouve sa juste mesure \u00e0 travers une pl\u00e9thore de quatrains.\r\nL'auteur hisse l'\u00e9tendard romantique dans des vers inspir\u00e9s par sa propre exp\u00e9rience ainsi que ses nombreux voyages.","authors":["R-F Lefort"],"category_codes":["1000000","1090000"],"visuals":{"large":"https:\/\/images.epagine.fr\/212\/9782378278212_1_75.jpg","medium":"https:\/\/images.epagine.fr\/212\/9782378278212_1_m.jpg","thumbnail":"https:\/\/images.epagine.fr\/212\/9782378278212_1_v.jpg"},"orderable":true,"show_badge":true,"formatted_price":"18,00&nbsp;\u20ac","formatted_published_date":"7 juillet 2023","publisher_availability_label":"Sur commande","short_details":"R-F Lefort \u2014 SPINELLE","translator":null,"weight":253,"page_count":210,"readership":null,"editor":"SPINELLE","price":1800,"published_date":"2023-07-06T22:00:00.000000Z","support":"Grand format","publisher_availability":1,"stock":0,"editions":[],"url":"https:\/\/quaidesbrumes.com\/ouvrage\/9782378278212\/la-madone-des-tenebres"},{"id":"9782956197140","title":"Dans les agates","description":"Voici un po\u00e8me extrait du recueil qui vous permettra de retomber \"Dans les agates\" :\r\n\r\n\r\n\"CES VISAGES Ces visages qui montent en ligne, sont le feu, Le pain blanc des jeunes soleils.\r\n\r\nLes attendre au tournant, leur dire les mots des \u00e9toiles, la beaut\u00e9 de l'all\u00e9e du ch\u00e2teau.\r\n\r\nD\u00e9filent les mannequins, La clart\u00e9 du jour en fait des fleurs.\r\nAu premier d\u00e9tour que croisent les regards qui s'invitent au parfum d'or au passage de la pluie.\"","authors":["Michel Talon"],"category_codes":["1000000","1090000","1090600"],"visuals":{"large":"https:\/\/images.epagine.fr\/140\/9782956197140_1_75.jpg","medium":"https:\/\/images.epagine.fr\/140\/9782956197140_1_m.jpg","thumbnail":"https:\/\/images.epagine.fr\/140\/9782956197140_1_v.jpg"},"orderable":true,"show_badge":true,"formatted_price":"10,00&nbsp;\u20ac","formatted_published_date":"21 juillet 2020","publisher_availability_label":"Sur commande","short_details":"Michel Talon \u2014 Le Citron Gare","translator":null,"weight":86,"page_count":92,"readership":null,"editor":"Le Citron Gare","price":1000,"published_date":"2020-07-20T22:00:00.000000Z","support":"Grand format","publisher_availability":1,"stock":0,"editions":[],"url":"https:\/\/quaidesbrumes.com\/ouvrage\/9782956197140\/dans-les-agates"},{"id":"9782956197195","title":"Dimanche sans bigoudis","description":"Extraits de \"Dimanche sans bigoudis\", de Basile Rouchin :\r\n\r\n\"Malala avait renonc\u00e9 \u00e0 certaines choses pour se  forger une sagesse : laisser sa place, se contenter  de peu, vivre \u00e0 port\u00e9e de l'instant... \u00c9corch\u00e9e  vive, sa fille, poursuit son infatigable qu\u00eate : celle d'un vase sans fond pour fleurs en plastique.\" \"\u00c9mile s'imagine occuper la piste de danse o\u00f9 sa belle se d\u00e9hanche. Celle-ci livr\u00e9e aux cavaliers, manie tourbillons, virevoltes et figures acrobatiques. lui - m\u00e9canique gripp\u00e9e - verres \u00e9pais, genoux en kevlar, n'a de cesse de fixer cet effeuillage, de son fauteuil. Une chor\u00e9graphie de p\u00e9tales rouges s'emballe sous ses pupilles d\u00e9boulonn\u00e9es. \u00c9close, elle est heureuse. La main verte, il lui sourit au loin.\" \"Octave ne se souvient pas de la couleur du ciel, le jour o\u00f9 un de ses oncles, vif comme l'\u00e9clair, l'a ramen\u00e9 au monde. Un caillou dans la trach\u00e9e, la mine bleue.\"","authors":["Basile Rouchin","Jeanne Besnard-Chaty"],"category_codes":["1000000","1090000","1090600"],"visuals":{"large":"https:\/\/images.epagine.fr\/195\/9782956197195_1_75.jpg","medium":"https:\/\/images.epagine.fr\/195\/9782956197195_1_m.jpg","thumbnail":"https:\/\/images.epagine.fr\/195\/9782956197195_1_v.jpg"},"orderable":true,"show_badge":true,"formatted_price":"10,00&nbsp;\u20ac","formatted_published_date":"9 juin 2023","publisher_availability_label":"Sur commande","short_details":"Basile Rouchin, Jeanne Besnard-Chaty \u2014 Le Citron Gare","translator":null,"weight":85,"page_count":89,"readership":null,"editor":"Le Citron Gare","price":1000,"published_date":"2023-06-08T22:00:00.000000Z","support":"Grand format","publisher_availability":1,"stock":0,"editions":[],"url":"https:\/\/quaidesbrumes.com\/ouvrage\/9782956197195\/dimanche-sans-bigoudis"},{"id":"9782847433173","title":"P\u00e9nombre et variations","description":null,"authors":["Granjabiel","Louise Lambrichs L."],"category_codes":["1000000","1090000","1090600"],"visuals":{"large":"https:\/\/quaidesbrumes.com\/img\/book-placeholder.png","medium":"https:\/\/quaidesbrumes.com\/img\/book-placeholder.png","thumbnail":"https:\/\/quaidesbrumes.com\/img\/book-placeholder.png"},"orderable":true,"show_badge":true,"formatted_price":"18,00&nbsp;\u20ac","formatted_published_date":"3 avril 2023","publisher_availability_label":"Sur commande","short_details":"Granjabiel, Louise Lambrichs L. \u2014 Petra","translator":null,"weight":210,"page_count":96,"readership":null,"editor":"Petra","price":1800,"published_date":"2023-04-02T22:00:00.000000Z","support":"Grand format","publisher_availability":1,"stock":0,"editions":[],"url":"https:\/\/quaidesbrumes.com\/ouvrage\/9782847433173\/penombre-et-variations"},{"id":"9782956197102","title":"Des abribus pour l'exode","description":"\"Les neiges des baronnies Nous avons oubli\u00e9 les neiges d'avril sur les baronnies.\r\nEt l'envol des milans au z\u00e9nith.\r\nS'ensuivent des tra\u00eetrises d'abandon dans la campagne en novembre.\r\nTerreuse, \u00e9paisse, lourde aux pieds.\r\nOn marche moins bien. alors on se prend \u00e0 penser \u00e0 s'asseoir puis \u00e0 s'allonger. et attendre un signe, un autobus pour la mer, quelque chose qui n'arrivera pas. On le sait pourtant.\"","authors":["Marc Tison","Raymond Majchrzak"],"category_codes":["1000000","1090000","1090600"],"visuals":{"large":"https:\/\/images.epagine.fr\/102\/9782956197102_1_75.jpg","medium":"https:\/\/images.epagine.fr\/102\/9782956197102_1_m.jpg","thumbnail":"https:\/\/images.epagine.fr\/102\/9782956197102_1_v.jpg"},"orderable":true,"show_badge":true,"formatted_price":"10,00&nbsp;\u20ac","formatted_published_date":"9 novembre 2017","publisher_availability_label":"Sur commande","short_details":"Marc Tison, Raymond Majchrzak \u2014 Le Citron Gare","translator":null,"weight":77,"page_count":null,"readership":null,"editor":"Le Citron Gare","price":1000,"published_date":"2017-11-08T23:00:00.000000Z","support":"Grand format","publisher_availability":1,"stock":0,"editions":[],"url":"https:\/\/quaidesbrumes.com\/ouvrage\/9782956197102\/des-abribus-pour-lexode"},{"id":"9781350245778","title":"THE CRUCIBLE","description":"Because it is my name! Because I cannot have another in my life! Because I lie and sign myself to lies! Because I am not worth the dust on the feet of them that hang! How may I live without my name? I have given you my soul; leave me my name!\r\nIn a small tight-knit community, gossip and rumour spread like wildfire, inflaming personal grievances until no-one is safe from accusation and vengeance. \r\nThe Crucible is Arthur Miller's classic dramatisation of the witch-hunt and trials that besieged the Puritan community of Salem in 1692. Seen as a chilling parallel to the McCarthyism and repressive culture of fear that gripped America in the 1950s, the play's timeless relevance and appeal remains as strong as when the play opened on Broadway in 1953.\r\nThis new edition includes an introduction by Soyica Diggs Colbert, that explores the play's production history as well as the dramatic, thematic, and academic debates that surround it; a must-have resource for any student exploring The Crucible.","authors":["Arthur Miller"],"category_codes":["1000000","1090000"],"visuals":{"large":"https:\/\/images.epagine.fr\/778\/9781350245778_1_75.jpg","medium":"https:\/\/images.epagine.fr\/778\/9781350245778_1_m.jpg","thumbnail":"https:\/\/images.epagine.fr\/778\/9781350245778_1_v.jpg"},"orderable":true,"show_badge":true,"formatted_price":"14,80&nbsp;\u20ac","formatted_published_date":"16 juin 2022","publisher_availability_label":"Sur commande","short_details":"Arthur Miller \u2014 Bloomsbury UK","translator":null,"weight":136,"page_count":168,"readership":null,"editor":"Bloomsbury UK","price":1480,"published_date":"2022-06-15T22:00:00.000000Z","support":"Grand format","publisher_availability":1,"stock":0,"editions":["9780140481389"],"url":"https:\/\/quaidesbrumes.com\/ouvrage\/9781350245778\/the-crucible"},{"id":"9782849247686","title":"Destins bris\u00e9s","description":"Ce recueil s'articule sur des th\u00e8mes relevant de l'engagement. On y trouve des univers marqu\u00e9s par la guerre, le totalitarisme, la famine, la s\u00e9cheresse et la d\u00e9ch\u00e9ance humaine. Mais, le po\u00e8te ne s'arr\u00eate pas l\u00e0. Il scande l'amour, la beaut\u00e9, la mer et la joie de vivre. Que dire de l'exil et des souvenirs d'enfance foisonnant dans ce recueil faisant de Kader Mourtadhoi l'un des po\u00e8tes majeures de l'oc\u00e9an Indien ?","authors":["Mourtadhoi Kader"],"category_codes":["1000000","1090000"],"visuals":{"large":"https:\/\/images.epagine.fr\/686\/9782849247686_1_75.jpg","medium":"https:\/\/images.epagine.fr\/686\/9782849247686_1_m.jpg","thumbnail":"https:\/\/images.epagine.fr\/686\/9782849247686_1_v.jpg"},"orderable":true,"show_badge":true,"formatted_price":"10,00&nbsp;\u20ac","formatted_published_date":"21 janvier 2024","publisher_availability_label":"Sur commande","short_details":"Mourtadhoi Kader \u2014 Editions Du Cygne","translator":null,"weight":80,"page_count":50,"readership":null,"editor":"Editions Du Cygne","price":1000,"published_date":"2024-01-20T23:00:00.000000Z","support":"Grand format","publisher_availability":1,"stock":0,"editions":[],"url":"https:\/\/quaidesbrumes.com\/ouvrage\/9782849247686\/destins-brises"},{"id":"9782954772424","title":"Le nuancier","description":"Floril\u00e8ge de po\u00e8mes rim\u00e9s, des mots d'\u00e9maux mis bout tabou","authors":["Michel Flandin"],"category_codes":["1000000","1090000","1090600"],"visuals":{"large":"https:\/\/quaidesbrumes.com\/img\/book-placeholder.png","medium":"https:\/\/quaidesbrumes.com\/img\/book-placeholder.png","thumbnail":"https:\/\/quaidesbrumes.com\/img\/book-placeholder.png"},"orderable":true,"show_badge":true,"formatted_price":"7,00&nbsp;\u20ac","formatted_published_date":"28 f\u00e9vrier 2016","publisher_availability_label":"Sur commande","short_details":"Michel Flandin \u2014 Les Sentiers De L'Ecume","translator":null,"weight":80,"page_count":50,"readership":null,"editor":"Les Sentiers De L'Ecume","price":700,"published_date":"2016-02-27T23:00:00.000000Z","support":"Grand format","publisher_availability":1,"stock":0,"editions":[],"url":"https:\/\/quaidesbrumes.com\/ouvrage\/9782954772424\/le-nuancier"},{"id":"9782493696434","title":"Les bleus du jour - avant les blancs de la nuit","description":null,"authors":["Baudouin Blanche"],"category_codes":["1000000","1090000","1090600"],"visuals":{"large":"https:\/\/quaidesbrumes.com\/img\/book-placeholder.png","medium":"https:\/\/quaidesbrumes.com\/img\/book-placeholder.png","thumbnail":"https:\/\/quaidesbrumes.com\/img\/book-placeholder.png"},"orderable":true,"show_badge":true,"formatted_price":"20,00&nbsp;\u20ac","formatted_published_date":"22 septembre 2023","publisher_availability_label":"Sur commande","short_details":"Baudouin Blanche \u2014 Les Editions Du Carnet D'Or","translator":null,"weight":501,"page_count":null,"readership":null,"editor":"Les Editions Du Carnet D'Or","price":2000,"published_date":"2023-09-21T22:00:00.000000Z","support":"Grand format","publisher_availability":1,"stock":0,"editions":[],"url":"https:\/\/quaidesbrumes.com\/ouvrage\/9782493696434\/les-bleus-du-jour-avant-les-blancs-de-la-nuit"},{"id":"9782363440563","title":"L'amuserie (et pleure parfois) - magasin de poemes a chanter","description":null,"authors":["Brandao Pierre"],"category_codes":["1000000","1090000"],"visuals":{"large":"https:\/\/quaidesbrumes.com\/img\/book-placeholder.png","medium":"https:\/\/quaidesbrumes.com\/img\/book-placeholder.png","thumbnail":"https:\/\/quaidesbrumes.com\/img\/book-placeholder.png"},"orderable":true,"show_badge":true,"formatted_price":"15,00&nbsp;\u20ac","formatted_published_date":"15 f\u00e9vrier 2023","publisher_availability_label":"Sur commande","short_details":"Brandao Pierre \u2014 Edilybris","translator":null,"weight":188,"page_count":null,"readership":null,"editor":"Edilybris","price":1500,"published_date":"2023-02-14T23:00:00.000000Z","support":"Grand format","publisher_availability":1,"stock":0,"editions":[],"url":"https:\/\/quaidesbrumes.com\/ouvrage\/9782363440563\/lamuserie-et-pleure-parfois-magasin-de-poemes-a-chanter"},{"id":"9782312140117","title":"Des maux \u00e0 la plume","description":"Allong\u00e9e sur le sol de sa chambre, Recroquevill\u00e9e de tous ses membres, Elle tremble.\r\nFatigu\u00e9e de contenir sa douleur, Les blessures de son esprit, Ses tourments d'enfants et malheurs, Elle refoule un cri.\r\nSon corps est froid, Elle ferme les yeux.\r\nSon \u00e2me bless\u00e9e aimerait s'envoler.\r\nUne perle s'\u00e9chappe, elle fait un voeux, D'un battement d'aile pouvoir s'\u00e9clipser.\r\n\r\n\u00c9crire m'a aid\u00e9 \u00e0 \u00e9quilibrer la balance de mes souffrances et d\u00e9sormais je vous offre la possibilit\u00e9 de tourner les pages de ces peines. Une symbiose entre la haine de soi et l'amour de l'autre.","authors":["Elena Kowal"],"category_codes":["1000000","1090000"],"visuals":{"large":"https:\/\/images.epagine.fr\/117\/9782312140117_1_75.jpg","medium":"https:\/\/images.epagine.fr\/117\/9782312140117_1_m.jpg","thumbnail":"https:\/\/images.epagine.fr\/117\/9782312140117_1_v.jpg"},"orderable":true,"show_badge":true,"formatted_price":"13,00&nbsp;\u20ac","formatted_published_date":"3 novembre 2023","publisher_availability_label":"Sur commande","short_details":"Elena Kowal \u2014 Editions du Net","translator":null,"weight":79,"page_count":74,"readership":null,"editor":"Editions du Net","price":1300,"published_date":"2023-11-02T23:00:00.000000Z","support":"Poche","publisher_availability":1,"stock":0,"editions":[],"url":"https:\/\/quaidesbrumes.com\/ouvrage\/9782312140117\/des-maux-a-la-plume"},{"id":"9782385418977","title":"Une rose de printemps","description":"Une rose de printemps est une invitation \u00e0 cheminer avec l'auteur dans son univers artistique, tel un exutoire au sein duquel le lecteur s'\u00e9panouirait dans l'exaltation d'un panorama po\u00e9tique, entre harmonie et \u00e9motion. \r\n\u00c0 travers ce recueil scind\u00e9 en trois parties, qui placent toutes l'humain au coeur de la science des belles-lettres, Khadim Gu\u00e8ye convie \u00e0 son lectorat \u00e0 cueillir les plus belles roses de la vie dans un magnifique jardin de printemps.","authors":["Khadim Gu\u00e8ye"],"category_codes":["1000000","1090000","1090600"],"visuals":{"large":"https:\/\/images.epagine.fr\/977\/9782385418977_1_75.jpg","medium":"https:\/\/images.epagine.fr\/977\/9782385418977_1_m.jpg","thumbnail":"https:\/\/images.epagine.fr\/977\/9782385418977_1_v.jpg"},"orderable":true,"show_badge":true,"formatted_price":"13,00&nbsp;\u20ac","formatted_published_date":"29 janvier 2024","publisher_availability_label":"Sur commande","short_details":"Khadim Gu\u00e8ye \u2014 LES IMPLIQUES","translator":null,"weight":139,"page_count":114,"readership":null,"editor":"LES IMPLIQUES","price":1300,"published_date":"2024-01-28T23:00:00.000000Z","support":"Grand format","publisher_availability":1,"stock":0,"editions":[],"url":"https:\/\/quaidesbrumes.com\/ouvrage\/9782385418977\/une-rose-de-printemps"},{"id":"9791091145329","title":"Noires, chaque nuit reinvente le monde - poemes","description":"Noires, chaque nuit r\u00e9invente le monde po\u00e8mes avec illustrations de l'auteure Sybille de Bollardi\u00e8re Extraits : Un soir sans fen\u00eatre Les larmes des Draconides sur le velours bleu-noir de la nuit Un silence plein de craquements et d'effroi Et soudain Quelque chose d'autre La neige noire des indigents * * * L'autre versant des nuits Ses prairies de calcite, l'an\u00e9mone versatile Et le vol amn\u00e9sique d'un Adonis bleu Image revisit\u00e9e de son battement d'ailes Sur l'envers des sentiments La nuit pour absoudre, acquitter, amnistier, distraire","authors":["De Bollardiere S."],"category_codes":["1000000","1090000","1090600"],"visuals":{"large":"https:\/\/images.epagine.fr\/329\/9791091145329_1_75.jpg","medium":"https:\/\/images.epagine.fr\/329\/9791091145329_1_m.jpg","thumbnail":"https:\/\/images.epagine.fr\/329\/9791091145329_1_v.jpg"},"orderable":true,"show_badge":true,"formatted_price":"14,00&nbsp;\u20ac","formatted_published_date":"16 avril 2024","publisher_availability_label":"Sur commande","short_details":"De Bollardiere S. \u2014 La Passagere","translator":null,"weight":190,"page_count":100,"readership":null,"editor":"La Passagere","price":1400,"published_date":"2024-04-15T22:00:00.000000Z","support":"Grand format","publisher_availability":1,"stock":0,"editions":[],"url":"https:\/\/quaidesbrumes.com\/ouvrage\/9791091145329\/noires-chaque-nuit-reinvente-le-monde-poemes"}]}