{"data":[{"id":"9782494195417","title":"Filigranes","description":"Comme un diamant pos\u00e9 sur un oc\u00e9an de mots. Filigranes rend hommage aux po\u00e8tes, aux peintres, mais aussi \u00e0 des proches.\r\nLe lecteur observe un espace ext\u00e9rieur envo\u00fbtant pour mieux contempler un monde int\u00e9rieur myst\u00e9rieux.","authors":["Paul Tojean"],"category_codes":["1000000","1090000"],"visuals":{"large":"https:\/\/images.epagine.fr\/417\/9782494195417_1_75.jpg","medium":"https:\/\/images.epagine.fr\/417\/9782494195417_1_m.jpg","thumbnail":"https:\/\/images.epagine.fr\/417\/9782494195417_1_v.jpg"},"orderable":true,"show_badge":true,"formatted_price":"10,00&nbsp;\u20ac","formatted_published_date":"30 septembre 2023","publisher_availability_label":"Sur commande","short_details":"Paul Tojean \u2014 SINOPE","translator":null,"weight":90,"page_count":76,"readership":null,"editor":"SINOPE","price":1000,"published_date":"2023-09-29T22:00:00.000000Z","support":"Grand format","publisher_availability":1,"stock":0,"editions":[],"url":"https:\/\/quaidesbrumes.com\/ouvrage\/9782494195417\/filigranes"},{"id":"9782390550181","title":"Toolonlahti la baie d'Helsinki","description":"Courir, jour apr\u00e8s jour, saison apr\u00e8s saison. Regarder le paysage se transformer, tout comme la ville. Enfiler ses baskets, r\u00e9p\u00e9ter les foul\u00e9es, r\u00e9fl\u00e9chir au rythme du sang qui afflue.\r\n Anja Er\u00e4maja trace un chemin de pens\u00e9es rapides. Tout ce qui lui passe par la t\u00eate devient po\u00e8me et calligramme : l'\u00e9criture ondule, \u00e9pouse les saccades du footing.\r\n Apr\u00e8s quoi court-elle ? Apr\u00e8s qui ? Le pass\u00e9 d'une rupture ind\u00e9l\u00e9bile qui refait surface entre les lignes, le futur d'un d\u00e9sir pour un inconnu crois\u00e9 qui court lui aussi, chaque jour, autour de la baie d'Helsinki ? Courir pour se vider la t\u00eate, savoir qui l'on est, ce que l'on pourrait encore devenir, ou se r\u00e9inventer ? La motivation du premier pas dehors devient m\u00e9taphore d'une femme qui ne veut plus \u00eatre perdue et qui cherche tout enti\u00e8re \u00e0 se reconstruire.","authors":["Anja Er\u00e4maja","Marja Nykanen"],"category_codes":["1000000","1090000","1090600"],"visuals":{"large":"https:\/\/images.epagine.fr\/181\/9782390550181_1_75.jpg","medium":"https:\/\/images.epagine.fr\/181\/9782390550181_1_m.jpg","thumbnail":"https:\/\/images.epagine.fr\/181\/9782390550181_1_v.jpg"},"orderable":true,"show_badge":true,"formatted_price":"15,00&nbsp;\u20ac","formatted_published_date":"7 novembre 2023","publisher_availability_label":"Sur commande","short_details":"Anja Er\u00e4maja, Marja Nykanen \u2014 LES CARNETS DU DESSERT DE LUNE","translator":"MARJA NYKANEN","weight":217,"page_count":184,"readership":null,"editor":"LES CARNETS DU DESSERT DE LUNE","price":1500,"published_date":"2023-11-06T23:00:00.000000Z","support":"Poche","publisher_availability":1,"stock":0,"editions":[],"url":"https:\/\/quaidesbrumes.com\/ouvrage\/9782390550181\/toolonlahti-la-baie-dhelsinki"},{"id":"9782390550242","title":"Largo","description":"Largo s'organise en six temps musicaux : classique ou jazzy, il enchaine les tableaux, tout en m\u00eame temps danses ou r\u00eaves, prouesses d'allit\u00e9ration. Rendre la musique par les mots, en ad\u00e9quation avec l'objet plus chant\u00e9 que d\u00e9crit, c'est ainsi qu'Ilpo Tiihonen \u00e9crit.\r\n Rimbaldien, forgeur d'images troublantes, il parle de tout, des autres, de l'aim\u00e9e, de lui. Il d\u00e9clare sa flamme \u00e0 l'\u00e9criture autant qu'\u00e0 la lecture, ses vieilles compagnes fid\u00e8les : \u00ab lis ! \u00bb. Il sait encore s'\u00e9tonner, caricaturer, s'attendrir.\r\n Impossible de ne pas tomber sous le charme de ce verbe parfois d'une limpidit\u00e9 cristalline, parfois d\u00e9licieusement sibyllin.","authors":["Ilpo Tiihonen","Marja Nykanen"],"category_codes":["1000000","1090000","1090600"],"visuals":{"large":"https:\/\/images.epagine.fr\/242\/9782390550242_1_75.jpg","medium":"https:\/\/images.epagine.fr\/242\/9782390550242_1_m.jpg","thumbnail":"https:\/\/images.epagine.fr\/242\/9782390550242_1_v.jpg"},"orderable":true,"show_badge":true,"formatted_price":"15,00&nbsp;\u20ac","formatted_published_date":"7 novembre 2023","publisher_availability_label":"Sur commande","short_details":"Ilpo Tiihonen, Marja Nykanen \u2014 LES CARNETS DU DESSERT DE LUNE","translator":"MARJA NYKANEN","weight":170,"page_count":160,"readership":null,"editor":"LES CARNETS DU DESSERT DE LUNE","price":1500,"published_date":"2023-11-06T23:00:00.000000Z","support":"Grand format","publisher_availability":1,"stock":0,"editions":[],"url":"https:\/\/quaidesbrumes.com\/ouvrage\/9782390550242\/largo"},{"id":"9782491438227","title":"La nuit que la nuit \u00e9claire","description":"La voix po\u00e9tique de la nuit que la nuit \u00e9claire explore par ses d\u00e9tours et ses associations les m\u00e9andres d'une plong\u00e9e psychique dans l'inconscient. Les images et les r\u00e9sonances peuplent un univers nocturne qui est aussi la sc\u00e8ne d'une transformation du langage.La po\u00e9sie de Sandrine Lascaux est une po\u00e9sie inventive, fluide et farouche. Elle est inscrite dans la contemporan\u00e9it\u00e9.","authors":["Sandrine Lascaux"],"category_codes":["1000000","1090000"],"visuals":{"large":"https:\/\/images.epagine.fr\/227\/9782491438227_1_75.jpg","medium":"https:\/\/images.epagine.fr\/227\/9782491438227_1_m.jpg","thumbnail":"https:\/\/images.epagine.fr\/227\/9782491438227_1_v.jpg"},"orderable":true,"show_badge":true,"formatted_price":"15,00&nbsp;\u20ac","formatted_published_date":"11 janvier 2024","publisher_availability_label":"Sur commande","short_details":"Sandrine Lascaux \u2014 SANS ESCALE","translator":null,"weight":200,"page_count":100,"readership":null,"editor":"SANS ESCALE","price":1500,"published_date":"2024-01-10T23:00:00.000000Z","support":"Grand format","publisher_availability":1,"stock":0,"editions":[],"url":"https:\/\/quaidesbrumes.com\/ouvrage\/9782491438227\/la-nuit-que-la-nuit-eclaire"},{"id":"9782874067280","title":"Amay.3X21","description":"Mots, dessins \u00e0 l'encre de Chine et photographies sont les mati\u00e8res premi\u00e8res utilis\u00e9es afin de construire un r\u00e9cit multiforme de mon s\u00e9jour \u00e0 Amay en r\u00e9sidence \u00e0 la Maison de la po\u00e9sie. Les trois \u00e9l\u00e9ments ci-dessus s'articulent au sein du livre en compl\u00e9mentarit\u00e9, en opposition et en friction afin de rappeler les moments pleins d'intensit\u00e9 et de joie li\u00e9s \u00e0 la recherche d'un pr\u00e9sent possible. Les trois entit\u00e9s fonctionnent comme des dispositifs afin de saisir les situations, les passions et les rythmes de la ville en pleine mutation due aux \u00e9v\u00e9nements turbulents de la vie socio-\u00e9conomique en Wallonie. Ces trois constituants qui correspondent aux trois pratiques (po\u00e9sie, peinture, photographie) sont mobilis\u00e9s afin de marquer les 21 jours d'exploration d'un lieu (re)trouv\u00e9.","authors":["D\u00e9mosth\u00e8ne Agrafiotis"],"category_codes":["1000000","1090000"],"visuals":{"large":"https:\/\/images.epagine.fr\/280\/9782874067280_1_75.jpg","medium":"https:\/\/images.epagine.fr\/280\/9782874067280_1_m.jpg","thumbnail":"https:\/\/images.epagine.fr\/280\/9782874067280_1_v.jpg"},"orderable":true,"show_badge":true,"formatted_price":"13,00&nbsp;\u20ac","formatted_published_date":"8 juin 2023","publisher_availability_label":"Sur commande","short_details":"D\u00e9mosth\u00e8ne Agrafiotis \u2014 L'Arbre A Paroles","translator":null,"weight":400,"page_count":60,"readership":null,"editor":"L'Arbre A Paroles","price":1300,"published_date":"2023-06-07T22:00:00.000000Z","support":"Grand format","publisher_availability":1,"stock":0,"editions":[],"url":"https:\/\/quaidesbrumes.com\/ouvrage\/9782874067280\/amay3x21"},{"id":"9782359630756","title":"Cailloux !","description":"Qu'est-ce que la po\u00e9sie prend, r\u00e9colte, collecte de la langue d'une \u00e9poque ?\r\n Cailloux : quand le po\u00e8te-g\u00e9ologue - ou le petit Poucet - collectionne les langues... \u00c9chos d'ancien fran\u00e7ais, concision r\u00e9solue, densit\u00e9 min\u00e9rale. Ailleurs, la multitude, les contradictions, les cris, les objets, les paysages, les fragments et les horizons contemporains. Un autre monde ou le m\u00eame ?\r\n Il faut livre ce livre comme on ramasse des galets, comme on observe la diffraction de la lumi\u00e8re \u00e0 travers un cristal, comme on pr\u00e9l\u00e8ve une carotte dans la roche-m\u00e8re, comme on se br\u00fble \u00e0 une coul\u00e9e de lave, comme on lance un pav\u00e9 !","authors":["Daniel Pozner"],"category_codes":["1000000","1090000"],"visuals":{"large":"https:\/\/images.epagine.fr\/756\/9782359630756_1_75.jpg","medium":"https:\/\/images.epagine.fr\/756\/9782359630756_1_m.jpg","thumbnail":"https:\/\/images.epagine.fr\/756\/9782359630756_1_v.jpg"},"orderable":true,"show_badge":true,"formatted_price":"14,00&nbsp;\u20ac","formatted_published_date":"3 juillet 2023","publisher_availability_label":"Sur commande","short_details":"Daniel Pozner \u2014 EDITIONS LANSKINE","translator":null,"weight":130,"page_count":76,"readership":null,"editor":"EDITIONS LANSKINE","price":1400,"published_date":"2023-07-02T22:00:00.000000Z","support":"Grand format","publisher_availability":1,"stock":0,"editions":[],"url":"https:\/\/quaidesbrumes.com\/ouvrage\/9782359630756\/cailloux"},{"id":"9782919376995","title":"Mais un peu de ta gr\u00e2ce \/ ma un po' della tua grazia","description":"La po\u00e9sie de Filippo de Pisis joue d'une tension constante entre la retenue et un lyrisme chantant, parfaitement assum\u00e9. Elle se caract\u00e9rise par un souci de clart\u00e9, de limpidit\u00e9, de pr\u00e9cision, qui sert au mieux la complexit\u00e9 des situations et des sentiments. \u00c9dition bilingue italien \/ fran\u00e7ais.","authors":["Filippo De Pisis","Franck Merger"],"category_codes":["1000000","1090000","1090600"],"visuals":{"large":"https:\/\/images.epagine.fr\/995\/9782919376995_1_75.jpg","medium":"https:\/\/images.epagine.fr\/995\/9782919376995_1_m.jpg","thumbnail":"https:\/\/images.epagine.fr\/995\/9782919376995_1_v.jpg"},"orderable":true,"show_badge":true,"formatted_price":"6,00&nbsp;\u20ac","formatted_published_date":"20 juin 2023","publisher_availability_label":"Sur commande","short_details":"Filippo De Pisis, Franck Merger \u2014 Alidades","translator":"FRANCK MERGER","weight":80,"page_count":44,"readership":null,"editor":"Alidades","price":600,"published_date":"2023-06-19T22:00:00.000000Z","support":"Grand format","publisher_availability":1,"stock":0,"editions":[],"url":"https:\/\/quaidesbrumes.com\/ouvrage\/9782919376995\/mais-un-peu-de-ta-grace-ma-un-po-della-tua-grazia"},{"id":"9782911427862","title":"Un cerf en larmes sur mon lit","description":null,"authors":["Dimitris Angelis"],"category_codes":["1000000","1090000","1090600"],"visuals":{"large":"https:\/\/quaidesbrumes.com\/img\/book-placeholder.png","medium":"https:\/\/quaidesbrumes.com\/img\/book-placeholder.png","thumbnail":"https:\/\/quaidesbrumes.com\/img\/book-placeholder.png"},"orderable":true,"show_badge":true,"formatted_price":"19,00&nbsp;\u20ac","formatted_published_date":"7 juin 2023","publisher_availability_label":"Sur commande","short_details":"Dimitris Angelis \u2014 Desmos","translator":null,"weight":173,"page_count":104,"readership":null,"editor":"Desmos","price":1900,"published_date":"2023-06-06T22:00:00.000000Z","support":"Grand format","publisher_availability":1,"stock":0,"editions":[],"url":"https:\/\/quaidesbrumes.com\/ouvrage\/9782911427862\/un-cerf-en-larmes-sur-mon-lit"},{"id":"9782378630553","title":"Tu  \/ Toi","description":"Les 17 po\u00e8mes occitans de J.-L. Viguier sont une c\u00e9l\u00e9bration incandescente et ent\u00eat\u00e9e de la femme aim\u00e9e.\r\nDans un d\u00e9luge br\u00fblant de mots et de sonorit\u00e9s qui se rencontrent ou s'entrechoquent, le po\u00e8te dit et redit son amour au rythme des pulsations de sa passion.\r\n\r\nTraduction fran\u00e7aise d'\u00c9ric Fraj.\r\n\r\nPo\u00e8mes  dits par \u00c9ric Fraj avec acompagnement musical de S. Lopez, J.-L. Amestoy, L. Navarro e I. Gonzalez (enregistrement int\u00e9gral).","authors":["Jean-Louis Viguier"],"category_codes":["1000000","1090000"],"visuals":{"large":"https:\/\/images.epagine.fr\/553\/9782378630553_1_75.jpg","medium":"https:\/\/images.epagine.fr\/553\/9782378630553_1_m.jpg","thumbnail":"https:\/\/images.epagine.fr\/553\/9782378630553_1_v.jpg"},"orderable":true,"show_badge":true,"formatted_price":"18,00&nbsp;\u20ac","formatted_published_date":"1er juin 2023","publisher_availability_label":"Sur commande","short_details":"Jean-Louis Viguier \u2014 Letras D'Oc","translator":null,"weight":222,"page_count":80,"readership":null,"editor":"Letras D'Oc","price":1800,"published_date":"2023-05-31T22:00:00.000000Z","support":"Grand format","publisher_availability":1,"stock":0,"editions":[],"url":"https:\/\/quaidesbrumes.com\/ouvrage\/9782378630553\/tu-toi"},{"id":"9782955849187","title":"L'\u00e9pingle acide, La montagne des g\u00e9ants, suivis de Sept exercices d'adieu & une carte postale","description":"De l'ennui les rades et la toujours m\u00eame gare la toujours \u00e9gale station essence \u00e0 l'\u00e9picentre du continent Le po\u00e8te convoque, \u00e0 travers plusieurs parties, les souvenirs d'errance et de voyage, sublime l'amiti\u00e9 et tente de r\u00e9sister au passage in\u00e9luctable du temps. Accompagn\u00e9 des photographies de Lucas Boirat.","authors":["Lucas Boirat","Alain Henri"],"category_codes":["1000000","1090000","1090600"],"visuals":{"large":"https:\/\/images.epagine.fr\/187\/9782955849187_1_75.jpg","medium":"https:\/\/images.epagine.fr\/187\/9782955849187_1_m.jpg","thumbnail":"https:\/\/images.epagine.fr\/187\/9782955849187_1_v.jpg"},"orderable":true,"show_badge":true,"formatted_price":"19,00&nbsp;\u20ac","formatted_published_date":"28 mai 2023","publisher_availability_label":"Sur commande","short_details":"Lucas Boirat, Alain Henri \u2014 Blancs Volants","translator":null,"weight":128,"page_count":80,"readership":null,"editor":"Blancs Volants","price":1900,"published_date":"2023-05-27T22:00:00.000000Z","support":"Grand format","publisher_availability":1,"stock":0,"editions":[],"url":"https:\/\/quaidesbrumes.com\/ouvrage\/9782955849187\/lepingle-acide-la-montagne-des-geants-suivis-de-sept-exercices-dadieu-une-carte-postale"},{"id":"9782364300675","title":"MEMORIES","description":"Anim\u00e9e d'une volont\u00e9 anamn\u00e9sique, cette anthologie, publi\u00e9e la premi\u00e8re fois en 2007 \u00e0 l'occasion du Centenaire de Jacques Roumain, r\u00e9unit des po\u00e8mes du grand auteur ha\u00eftien en compagnie du Cubain Nicolas Guill\u00e9n et de Langston Hughes, l'\u00e9crivain afro-am\u00e9ricain. Cette r\u00e9\u00e9dition en poche c\u00e9l\u00e8bre les 10 ans de la disparition de l'\u00e9crivain, po\u00e8te et traducteur fran\u00e7ais Claude Couffon (1926-2013), n\u00e9 \u00e0 Caen, hispaniste, auteur de livres critiques publi\u00e9s chez Gallimard sur les \u00e9crivains espagnols et latino-am\u00e9ricains (Pablo Neruda, Miguel Angel Asturias, Nicolas Guill\u00e9n, et Gabriel Garcia Marquez dont il a traduit (Chronique d'une mort annonc\u00e9e). Ces trois po\u00e8tes (Nicolas Guill\u00e9n, Langston Hughes, Jacques Roumain), en des destins singuliers, ont v\u00e9cu des engagements cruciaux dans l'Histoire de l'Humanit\u00e9. Po\u00e9tique et politique se sont souvent entrem\u00eal\u00e9es pour entretenir de tumultueuses et fructueuses interactions : tous trois partis en exil, que ce soit au Mexique, en Am\u00e9rique du Sud ou en Europe, tous trois se sont souvent crois\u00e9s, tous trois se sont li\u00e9s d'amiti\u00e9, tous trois se sont affirm\u00e9s \u00e0 travers leurs luttes en faveur des pauvres et des opprim\u00e9s, tous trois les ont exprim\u00e9es dans leurs cr\u00e9ations. Leurs textes, dans le monde entier, ont permis \u00e0 un large public de mieux conna\u00eetre leurs cultures respectives. La ma\u00efeutique de leurs oeuvres a pour toujours le pouvoir d'op\u00e9rer bien des changements dans les profondeurs de l'Humain.","authors":["Nicolas Guill\u00e8n |","Langston Hughes","Jacques Roumain"],"category_codes":["1000000","1090000"],"visuals":{"large":"https:\/\/images.epagine.fr\/675\/9782364300675_1_75.jpg","medium":"https:\/\/images.epagine.fr\/675\/9782364300675_1_m.jpg","thumbnail":"https:\/\/images.epagine.fr\/675\/9782364300675_1_v.jpg"},"orderable":true,"show_badge":true,"formatted_price":"7,75&nbsp;\u20ac","formatted_published_date":"2 juin 2023","publisher_availability_label":"Sur commande","short_details":"Nicolas Guill\u00e8n |, Langston Hughes, Jacques Roumain \u2014 Idem","translator":null,"weight":178,"page_count":74,"readership":null,"editor":"Idem","price":775,"published_date":"2023-06-01T22:00:00.000000Z","support":"Poche","publisher_availability":1,"stock":0,"editions":[],"url":"https:\/\/quaidesbrumes.com\/ouvrage\/9782364300675\/memories"},{"id":"9782896454440","title":"L'absolu jeu du temps","description":"Pour son cinqui\u00e8me recueil aux \u00c9crits des Forges, intitul\u00e9 L'absolu jeu du temps, Serge Mongrain offre une po\u00e9sie qui pr\u00e9sente des panoramas vibrants se d\u00e9ployant peu \u00e0 peu, de po\u00e8me en po\u00e8me, pour le lecteur. L'auteur \u00e9tant aussi photographe, ses images surgissent avec la force des visions qui l'habitent. Ainsi, Serge Mongrain utilise les contrastes pour faire na\u00eetre les \u00e9motions qu'il souhaite transmettre : par exemple l'ext\u00e9rieur et l'int\u00e9rieur, la musique et le silence, la couleur et l'absence de couleur, la m\u00e9moire et le pr\u00e9sent. L'univers de ce recueil se d\u00e9ploie en ayant comme axe principal le po\u00e8me :\r\n\r\nEntre dire et non-dit le po\u00e8me clame sa pr\u00e9sence palpable un soleil chatoyant trop grand pour lui-m\u00eame \u00c0 la crois\u00e9e des plaines les couleurs statiques et le g\u00e9missement du grand large Tant de paroles \u00e9trang\u00e8res \u00e0 nous-m\u00eames Ici, le texte bat comme un cur. Il cr\u00e9e l'unit\u00e9 du recueil, donnant vie au r\u00e9cit qui se d\u00e9roule sous nos yeux.\r\n\r\nLe parcours que le langage applique \u00e0 la r\u00e9sonance de toutes les langues cette chose \u00e9trange qui dialogue en chacun de nous parle d'un livre sans m\u00e9moire que nous laissons vivre par la magie de la s\u00e9duction","authors":["Serge Mongrain"],"category_codes":["1000000","1090000"],"visuals":{"large":"https:\/\/images.epagine.fr\/440\/9782896454440_1_75.jpg","medium":"https:\/\/images.epagine.fr\/440\/9782896454440_1_m.jpg","thumbnail":"https:\/\/images.epagine.fr\/440\/9782896454440_1_v.jpg"},"orderable":true,"show_badge":true,"formatted_price":"15,00&nbsp;\u20ac","formatted_published_date":"1er ao\u00fbt 2023","publisher_availability_label":"Sur commande","short_details":"Serge Mongrain \u2014 Ecrits Des Forges","translator":null,"weight":401,"page_count":60,"readership":null,"editor":"Ecrits Des Forges","price":1500,"published_date":"2023-07-31T22:00:00.000000Z","support":"Grand format","publisher_availability":1,"stock":0,"editions":[],"url":"https:\/\/quaidesbrumes.com\/ouvrage\/9782896454440\/labsolu-jeu-du-temps"},{"id":"9782896454457","title":"Nef de pierre","description":"Dans un langage po\u00e9tique finement cisel\u00e9 et pleinement ma\u00eetris\u00e9, France Boucher nous offre Nef de pierre, un recueil hommage au courage f\u00e9minin et un appel au d\u00e9passement de soi, tant comme individu que comme membre d'une collectivit\u00e9.\r\n\r\nS'adressant tout d'abord \u00e0 la part f\u00e9minine de l'humanit\u00e9, l'auteure fait un \u00e9tat des lieux : \u00e0 partir d'espaces imaginaires ou r\u00e9els, la narratrice en appelle \u00e0 se rem\u00e9morer les catastrophes, les d\u00e9nis d'\u00eatre, les emp\u00eachements \u00e0 cr\u00e9er ou m\u00eame \u00e0 se rem\u00e9morer les luttes pass\u00e9es des femmes. Elle invite le lecteur \u00e0 s'en servir comme d'un tremplin pour s'affirmer pleinement et inscrire sa voix lib\u00e9ratrice dans la chorale des artisans, femmes et hommes du changement.\r\n\r\nTout au long du recueil, l'auteure illustre son propos par des r\u00e9f\u00e9rences artistiques, musicales, visuelles et litt\u00e9raires, ainsi que par des allusions au r\u00f4le po\u00e9tique du fleuve Saint-Laurent, qui nourrit la contemplation par ses vastes images imbriqu\u00e9es au plus profond de nos origines :\r\n\r\nChant de la source \u00e0 l'embouchure conqu\u00eate d'une g\u00e9n\u00e9ration \u00e0 l'autre   le fleuve ic\u00f4ne   \u00e9piphanie                                              \u00e0 la fois promesse   compagnon r\u00e9miniscence Transformer les mentalit\u00e9s par les cr\u00e9ations culturelles et la beaut\u00e9 de la nature, \u00ab tisons gu\u00e9risseurs au fond du d\u00e9sarroi \u00bb. Voil\u00e0 ce que propose Nef de pierre.","authors":["France Boucher"],"category_codes":["1000000","1090000"],"visuals":{"large":"https:\/\/images.epagine.fr\/457\/9782896454457_1_75.jpg","medium":"https:\/\/images.epagine.fr\/457\/9782896454457_1_m.jpg","thumbnail":"https:\/\/images.epagine.fr\/457\/9782896454457_1_v.jpg"},"orderable":true,"show_badge":true,"formatted_price":"15,00&nbsp;\u20ac","formatted_published_date":"1er ao\u00fbt 2023","publisher_availability_label":"Sur commande","short_details":"France Boucher \u2014 Ecrits Des Forges","translator":null,"weight":401,"page_count":94,"readership":null,"editor":"Ecrits Des Forges","price":1500,"published_date":"2023-07-31T22:00:00.000000Z","support":"Grand format","publisher_availability":1,"stock":0,"editions":[],"url":"https:\/\/quaidesbrumes.com\/ouvrage\/9782896454457\/nef-de-pierre"},{"id":"9791093732718","title":"Miettes","description":"Brigitte Mugel poursuit une oeuvre po\u00e9tique d\u00e9j\u00e0 couronn\u00e9e par le prix sp\u00e9cial du Quai en po\u00e9sie.","authors":["Brigitte Mugel"],"category_codes":["1000000","1090000","1090600"],"visuals":{"large":"https:\/\/quaidesbrumes.com\/img\/book-placeholder.png","medium":"https:\/\/quaidesbrumes.com\/img\/book-placeholder.png","thumbnail":"https:\/\/quaidesbrumes.com\/img\/book-placeholder.png"},"orderable":true,"show_badge":true,"formatted_price":"10,00&nbsp;\u20ac","formatted_published_date":"4 juin 2023","publisher_availability_label":"Sur commande","short_details":"Brigitte Mugel \u2014 Phb Editions","translator":null,"weight":100,"page_count":78,"readership":null,"editor":"Phb Editions","price":1000,"published_date":"2023-06-03T22:00:00.000000Z","support":"Grand format","publisher_availability":1,"stock":0,"editions":[],"url":"https:\/\/quaidesbrumes.com\/ouvrage\/9791093732718\/miettes"},{"id":"9782355238093","title":"Le soleil vu de dos","description":"L'humour, Je le d\u00e9clare en votre pr\u00e9sence, Est le footing quotidien De l'intelligence Jouer avec les mots pour rire de la mort et se moquer de la vie. Ce recueil de po\u00e8mes \u00e0 la tonalit\u00e9 rafra\u00eechissante ouvre une fen\u00eatre color\u00e9e sur un monde qui en manque.\r\n\r\nAvec l\u00e9g\u00e8ret\u00e9 et humour, habilement, G\u00e9rard Montmasson jongle avec les mots, s'amuse du quotidien et offre au lecteur une po\u00e9sie p\u00e9tillante et lumineuse, pleine de dynamisme et de bonne humeur. Une po\u00e9sie \u00e0 consommer sans mod\u00e9ration !","authors":["G\u00e9rard Montmasson"],"category_codes":["1000000","1090000","1090600"],"visuals":{"large":"https:\/\/images.epagine.fr\/093\/9782355238093_1_75.jpg","medium":"https:\/\/images.epagine.fr\/093\/9782355238093_1_m.jpg","thumbnail":"https:\/\/images.epagine.fr\/093\/9782355238093_1_v.jpg"},"orderable":true,"show_badge":true,"formatted_price":"16,30&nbsp;\u20ac","formatted_published_date":"1er ao\u00fbt 2023","publisher_availability_label":"Sur commande","short_details":"G\u00e9rard Montmasson \u2014 JETS D'ENCRE","translator":null,"weight":110,"page_count":134,"readership":null,"editor":"JETS D'ENCRE","price":1630,"published_date":"2023-07-31T22:00:00.000000Z","support":"Grand format","publisher_availability":1,"stock":0,"editions":[],"url":"https:\/\/quaidesbrumes.com\/ouvrage\/9782355238093\/le-soleil-vu-de-dos"},{"id":"9782140497902","title":"Une autre mer, une autre terre","description":"Dans son recueil de po\u00e9sie Une autre mer, une autre terre, Nilo Palenzuela nous convie \u00e0 accompagner ses pas sur une terre ind\u00e9termin\u00e9e, circonscrite par deux oc\u00e9ans, l'Atlantique et l'oc\u00e9an Indien, et dont les deux versants vont nous d\u00e9couvrir, d'Est en Ouest, l'\u00eele de la R\u00e9union et les \u00eeles Canaries.\r\n\r\nBient\u00f4t, l'Afrique \u00e9merge. Le po\u00e8te arpenteur \u00e9tablit sa propre cartographie \u00e0 l'aune d'une multitude de noms propres convertis en rep\u00e8res topographiques. Un ancrage o\u00f9 le r\u00e9el \u00e9pouse l'imaginaire. Un temps subjectif transgresse alors la chronologie pour donner lieu \u00e0 des r\u00e9flexions philosophiques et ontologiques dans un monde de questionnements.","authors":["Nilo Palenzuela","Marie-claire Durand guiziou"],"category_codes":["1000000","1090000","1090600"],"visuals":{"large":"https:\/\/images.epagine.fr\/902\/9782140497902_1_75.jpg","medium":"https:\/\/images.epagine.fr\/902\/9782140497902_1_m.jpg","thumbnail":"https:\/\/images.epagine.fr\/902\/9782140497902_1_v.jpg"},"orderable":true,"show_badge":true,"formatted_price":"13,00&nbsp;\u20ac","formatted_published_date":"28 ao\u00fbt 2023","publisher_availability_label":"Sur commande","short_details":"Nilo Palenzuela, Marie-claire Durand guiziou \u2014 \u00c9ditions L'Harmattan","translator":"MARIE-CLAIRE DURAND GUIZIOU","weight":147,"page_count":112,"readership":null,"editor":"\u00c9ditions L'Harmattan","price":1300,"published_date":"2023-08-27T22:00:00.000000Z","support":"Grand format","publisher_availability":1,"stock":0,"editions":[],"url":"https:\/\/quaidesbrumes.com\/ouvrage\/9782140497902\/une-autre-mer-une-autre-terre"},{"id":"9782336402611","title":"L'indiff\u00e9rence","description":"Christian Dumotier \u00e9crit sur l'actualit\u00e9 des injustices qui touchent les femmes battues, exploit\u00e9es, viol\u00e9es, excis\u00e9es, celles qui luttent en Iran, sur les enfants qui se prostituent, qui survivent dans les bidonvilles, pour les agriculteurs qui se suicident, les ch\u00f4meurs, pour les soignants d\u00e9sesp\u00e9r\u00e9s dans un syst\u00e8me de sant\u00e9 agonisant, pour ceux qui vivent dans la rue. Il \u00e9crit pour les oubli\u00e9s, les pas-grand-chose, les gens de peu, mais toujours avec une note d'espoir.\r\nIl parle aussi de la beaut\u00e9 des choses, des belles initiatives solidaires comme ces femmes qui ont cr\u00e9\u00e9 des \u00e9coles clandestines \u00e0 Kaboul ou cet institut de beaut\u00e9 qui redonne aux femmes SDF une autre image d'elles-m\u00eames.\r\nSes po\u00e8mes sont souvent \u00e9crits \u00e0 la premi\u00e8re personne pour ressentir les choses et pour que le lecteur les ressente. Odile Vidal","authors":["Christian Dumotier"],"category_codes":["1000000","1090000","1090600"],"visuals":{"large":"https:\/\/images.epagine.fr\/611\/9782336402611_1_75.jpg","medium":"https:\/\/images.epagine.fr\/611\/9782336402611_1_m.jpg","thumbnail":"https:\/\/images.epagine.fr\/611\/9782336402611_1_v.jpg"},"orderable":true,"show_badge":true,"formatted_price":"12,00&nbsp;\u20ac","formatted_published_date":"28 ao\u00fbt 2023","publisher_availability_label":"Sur commande","short_details":"Christian Dumotier \u2014 \u00c9ditions L'Harmattan","translator":null,"weight":112,"page_count":84,"readership":null,"editor":"\u00c9ditions L'Harmattan","price":1200,"published_date":"2023-08-27T22:00:00.000000Z","support":"Grand format","publisher_availability":1,"stock":0,"editions":[],"url":"https:\/\/quaidesbrumes.com\/ouvrage\/9782336402611\/lindifference"},{"id":"9782351206164","title":"Po\u00e9sie pour la fraternit\u00e9 et la paix","description":"D'Alexandrie \u00e0 Chicago, via Bruxelles, de l'exil \u00e0 la paix. C'est le voyage d'une voix.\r\n\r\n\u00c9lie est un phare qui \u00e9claire. \u00c9lie est un messager, un passeur. La po\u00e9sie est sa colombe qui, comme celle de No\u00e9, trouve la terre b\u00e9nie, la premi\u00e8re terre sortie du d\u00e9luge d'un monde corrompu, d\u00e9chir\u00e9 par l'ignorance.\r\n\r\nR\u00e9silience, Esp\u00e9rance, Tol\u00e9rance. C'est un flambeau de lumi\u00e8re que le ciseleur de mots dresse au coeur des t\u00e9n\u00e8bres.\r\n\r\nJamais de col\u00e8re, mais de la s\u00e9r\u00e9nit\u00e9. Jamais de d\u00e9sespoir, mais de la compassion. Une compassion faite d'arabesques de contemplation.\r\n\r\nCependant, m\u00eame si le jasmin des rives m\u00e9diterran\u00e9ennes r\u00e9veille la nostalgie, c'est toujours pour se ressourcer, pour maintenir vivace la m\u00e9moire des souvenirs. Pour ne pas oublier les souffrances, la Shoah et toutes les barbaries perp\u00e9tr\u00e9es par des hommes assoiff\u00e9s de sang et de larmes.\r\n\r\n\r\n\r\n\r\n\r\nMais, malgr\u00e9 les nuages de plomb qui menacent notre humanit\u00e9, Elie c\u00e9l\u00e8bre la fraternit\u00e9, l'amour, la femme et la vie. Son hymne nous encourage. Son chant d'oiseau de paradis nous incite \u00e0 ouvrir les yeux et \u00e0 poursuivre notre r\u00eave parce qu'apr\u00e8s la nuit, l'aurore accueille le r\u00e9veil...\r\n\r\nYann Noirot","authors":["Elie Mangoubi"],"category_codes":["1000000","1090000","1090600"],"visuals":{"large":"https:\/\/images.epagine.fr\/164\/9782351206164_1_75.jpg","medium":"https:\/\/images.epagine.fr\/164\/9782351206164_1_m.jpg","thumbnail":"https:\/\/images.epagine.fr\/164\/9782351206164_1_v.jpg"},"orderable":true,"show_badge":true,"formatted_price":"12,00&nbsp;\u20ac","formatted_published_date":"9 juin 2023","publisher_availability_label":"Sur commande","short_details":"Elie Mangoubi \u2014 COMPLICITES","translator":null,"weight":124,"page_count":84,"readership":null,"editor":"COMPLICITES","price":1200,"published_date":"2023-06-08T22:00:00.000000Z","support":"Grand format","publisher_availability":1,"stock":0,"editions":[],"url":"https:\/\/quaidesbrumes.com\/ouvrage\/9782351206164\/poesie-pour-la-fraternite-et-la-paix"},{"id":"9782390520535","title":"Patience de l'infime","description":"\u00ab C'est mon chemin d'inviter la lumi\u00e8re \u00bb, m'avait un jour confi\u00e9 Pascal Feyaerts. Voil\u00e0 une phrase qui pourrait r\u00e9sumer le contenu de ce recueil ! En peu de vers, il nous emm\u00e8ne dans son univers existentiel, avec humilit\u00e9, lucidit\u00e9 et enthousiasme ! Ses po\u00e8mes traversent l'\u00e9ph\u00e9m\u00e8re tout en questionnant le doute et ses r\u00e9pliques famili\u00e8res, les f\u00ealures aux allures d\u00e9bonnaires.  Extrait de la pr\u00e9face d'Anne-Marielle Wilwerth","authors":["Pascal Feyaerts"],"category_codes":["1000000","1090000","1090600"],"visuals":{"large":"https:\/\/images.epagine.fr\/535\/9782390520535_1_75.jpg","medium":"https:\/\/images.epagine.fr\/535\/9782390520535_1_m.jpg","thumbnail":"https:\/\/images.epagine.fr\/535\/9782390520535_1_v.jpg"},"orderable":true,"show_badge":true,"formatted_price":"18,00&nbsp;\u20ac","formatted_published_date":"30 ao\u00fbt 2023","publisher_availability_label":"Sur commande","short_details":"Pascal Feyaerts \u2014 LE COUDRIER","translator":null,"weight":401,"page_count":null,"readership":null,"editor":"LE COUDRIER","price":1800,"published_date":"2023-08-29T22:00:00.000000Z","support":"Grand format","publisher_availability":1,"stock":0,"editions":[],"url":"https:\/\/quaidesbrumes.com\/ouvrage\/9782390520535\/patience-de-linfime"},{"id":"9782490127269","title":"Terre d'accueil","description":"En cartographe sensorielle, Doroth\u00e9e Coll trace en reliefs les contours olfactifs des parcelles de l'\u00eele de la Corse en chair et en osmose avec sa plume. Elle reSense des instantan\u00e9s de mati\u00e8res, de textures, de sons dans une chromologie polarohydre. Un recueillage po\u00e9tique en iOde tellurique \u00e0 sa terre d'accueil.","authors":["Doroth\u00e9e Coll"],"category_codes":["1000000","1090000","1090600"],"visuals":{"large":"https:\/\/images.epagine.fr\/269\/9782490127269_1_75.jpg","medium":"https:\/\/images.epagine.fr\/269\/9782490127269_1_m.jpg","thumbnail":"https:\/\/images.epagine.fr\/269\/9782490127269_1_v.jpg"},"orderable":true,"show_badge":true,"formatted_price":"11,00&nbsp;\u20ac","formatted_published_date":"28 ao\u00fbt 2023","publisher_availability_label":"Sur commande","short_details":"Doroth\u00e9e Coll \u2014 Fabulla","translator":null,"weight":102,"page_count":62,"readership":null,"editor":"Fabulla","price":1100,"published_date":"2023-08-27T22:00:00.000000Z","support":"Grand format","publisher_availability":1,"stock":0,"editions":[],"url":"https:\/\/quaidesbrumes.com\/ouvrage\/9782490127269\/terre-daccueil"},{"id":"9782896454389","title":"Ce qui v\u00eat d\u00e9nude","description":"Dans Ce qui v\u00eat d\u00e9nude, premier recueil de Guy Cloutier aux Ecrits des Forges, l'auteur nous fait traverser les \u00e9garements et les d\u00e9couvertes de l'existence humaine, posant un regard universel sur la douleur de la perte et la constance de la recherche de soi. Gr\u00e2ce \u00e0 un riche vocabulaire emprunt\u00e9 au lexique musical, il fait chanter sa po\u00e9sie sur des images qui nous ram\u00e8nent au centre de l'\u00eatre. De quel cri de quel chant Serais-tu l'\u00e9cho De quel silence Pour donner chair Au rocher perc\u00e9 de ta m\u00e9moire Une pr\u00e9sence aviaire \u00e9maille le recueil, celle du milan, oiseau de proie dont le vol baigne l'\u00e9criture de Cloutier d'une aura a\u00e9rienne et mena\u00e7ante. Dans un chant d\u00e9cousu que le vent r\u00e9p\u00e8te A l'infini le milan s'appr\u00eate \u00e0 d\u00e9poser ses ailes Gr\u00e2ce \u00e0 l'accompagnement d'oeuvres du peintre, graveur et lithographe Bernard Filippi, ce recueil de Guy Cloutier est \u00e0 la fois po\u00e9tique et visuel. Filippi, artiste corse reconnu, participe depuis 1970 \u00e0 plusieurs salons et manifestations en France et \u00e0 l'\u00e9tranger. Il est aujourd'hui repr\u00e9sentant des cr\u00e9ateurs en arts plastiques au conseil \u00e9conomique, social, environnemental et culturel de Corse.","authors":["Guy Cloutier"],"category_codes":["1000000","1090000"],"visuals":{"large":"https:\/\/images.epagine.fr\/389\/9782896454389_1_75.jpg","medium":"https:\/\/images.epagine.fr\/389\/9782896454389_1_m.jpg","thumbnail":"https:\/\/images.epagine.fr\/389\/9782896454389_1_v.jpg"},"orderable":true,"show_badge":true,"formatted_price":"20,00&nbsp;\u20ac","formatted_published_date":"29 ao\u00fbt 2023","publisher_availability_label":"Sur commande","short_details":"Guy Cloutier \u2014 Ecrits Des Forges","translator":null,"weight":501,"page_count":80,"readership":null,"editor":"Ecrits Des Forges","price":2000,"published_date":"2023-08-28T22:00:00.000000Z","support":"Grand format","publisher_availability":1,"stock":0,"editions":[],"url":"https:\/\/quaidesbrumes.com\/ouvrage\/9782896454389\/ce-qui-vet-denude"},{"id":"9782358633079","title":"Dindin le Dodo","description":"La collection Plain-Po\u00e8mes s'adresse \u00e0 tous ceux qui aiment \u00e9couter les mots et les images vibrer, virevolter... \r\n- Ce livre est le fruit d'une rencontre... Front de mer de Saint-Pierre, La R\u00e9union, Salon du livre Ath\u00e9na, mai 2022. Je d\u00e9dicace mon dernier recueil, Je t'\u00e9cris, lorsque, levant les yeux, j'aper\u00e7ois sur une table voisine la pile d'un livre jaune et noir : le Lexikr\u00e9ol Fran\u00e7ais-Kr\u00e9ol de C\u00e9line Huet. Hasard objectif cher \u00e0 Andr\u00e9 Breton et aux surr\u00e9alistes ? Je m'\u00e9chinais depuis trois jours \u00e0 essayer de traduire en kr\u00e9ol certains de mes po\u00e8mes en utilisant \u00e0 chaque instant... le Lexikr\u00e9ol ! L'occasion est trop belle de saluer C\u00e9line Huet, que je n'ai jamais rencontr\u00e9e. C'est alors que, miracle de la po\u00e9sie, non contente d'am\u00e9liorer la traduction du po\u00e8me que je lui pr\u00e9sente, elle se propose d'en traduire un autre, puis un autre, puis tous ceux que vous lirez au fil de ces pages... Je vous souhaite de trouver autant de plaisir que moi-m\u00eame \u00e0 d\u00e9couvrir la magnifique kr\u00e9olizasion de mes mots. Fran\u00e7ois Seine  - Les mots des po\u00e8tes ne glissent pas toujours ais\u00e9ment d'une langue \u00e0 l'autre, il faut ici tout le talent de traductrice et adaptatrice de C\u00e9line Huet. Voici maintenant une invitation \u00e0 savourer les po\u00e8mes de Fran\u00e7ois Seine glan\u00e9s dans ses recueils,en fran\u00e7ais et en kr\u00e9ol, accompagn\u00e9s de leurs illustrations d'origine de Jo\u00eblle Ginoux-Duvivier, C\u00e9cile Hajji Froidurot et Hugo Soares. Bonne d\u00e9gustation !","authors":["Fran\u00e7ois Seine"],"category_codes":["1000000","1090000","1090600"],"visuals":{"large":"https:\/\/images.epagine.fr\/079\/9782358633079_1_75.jpg","medium":"https:\/\/images.epagine.fr\/079\/9782358633079_1_m.jpg","thumbnail":"https:\/\/images.epagine.fr\/079\/9782358633079_1_v.jpg"},"orderable":true,"show_badge":true,"formatted_price":"12,00&nbsp;\u20ac","formatted_published_date":"5 ao\u00fbt 2023","publisher_availability_label":"Sur commande","short_details":"Fran\u00e7ois Seine \u2014 Le Pre Du Plain","translator":null,"weight":140,"page_count":66,"readership":null,"editor":"Le Pre Du Plain","price":1200,"published_date":"2023-08-04T22:00:00.000000Z","support":"Grand format","publisher_availability":1,"stock":0,"editions":[],"url":"https:\/\/quaidesbrumes.com\/ouvrage\/9782358633079\/dindin-le-dodo"},{"id":"9782493109071","title":"Les mots cest pas une sin\u00e9cure","description":null,"authors":["Francoise Mingot-Tauran","Mathilde Poirson"],"category_codes":["1000000","1090000","1090600"],"visuals":{"large":"https:\/\/images.epagine.fr\/071\/9782493109071_1_75.jpg","medium":"https:\/\/images.epagine.fr\/071\/9782493109071_1_m.jpg","thumbnail":"https:\/\/images.epagine.fr\/071\/9782493109071_1_v.jpg"},"orderable":true,"show_badge":true,"formatted_price":"8,00&nbsp;\u20ac","formatted_published_date":"30 ao\u00fbt 2023","publisher_availability_label":"Sur commande","short_details":"Francoise Mingot-Tauran, Mathilde Poirson \u2014 Wallada","translator":null,"weight":63,"page_count":84,"readership":null,"editor":"Wallada","price":800,"published_date":"2023-08-29T22:00:00.000000Z","support":"Grand format","publisher_availability":1,"stock":0,"editions":[],"url":"https:\/\/quaidesbrumes.com\/ouvrage\/9782493109071\/les-mots-cest-pas-une-sinecure"},{"id":"9782140495960","title":"La suture des r\u00eaves","description":"Entre la Syrie et le Qu\u00e9bec, dans une aventure visant \u00e0 poursuivre les r\u00eaves personnels ainsi que les r\u00eaves de justice, de libert\u00e9 et de paix, dans l'exp\u00e9rience de l'immigration, la po\u00e8te pensait, ressentait et agissait en langue arabe, tout en vivant et en se faisant des amis de toutes les nationalit\u00e9s en fran\u00e7ais. Elle partageait avec eux des r\u00eaves et des espoirs.\r\nElle balan\u00e7ait entre le fran\u00e7ais et l'arabe, \u00e9voluant dans ce m\u00e9lange, une forme d'hybridit\u00e9. Elle ne ressemblait \u00e0 personne et, en m\u00eame temps, elle ressemblait \u00e0 beaucoup d'autres. Ce recueil exprime cette exp\u00e9rience unique en trois parties : \u00ab Tentatives de sutures \u00bb, \u00ab Entre deux blessures \u00bb et \u00ab La saign\u00e9e des r\u00eaves \u00bb.\r\n\r\nQui interrogera l'\u00e9toile de son isolement ?\r\nTout le monde pense qu'elle est entour\u00e9e d'amis Seule, elle absorbe l'obscurit\u00e9 comme un trou lumineux \u00c0 bout - de souffle - de lumi\u00e8re Passant son temps \u00e0 attendre.","authors":["Soheir Fouzat","Salah El Khalfa Beddiari"],"category_codes":["1000000","1090000","1090100"],"visuals":{"large":"https:\/\/images.epagine.fr\/960\/9782140495960_1_75.jpg","medium":"https:\/\/images.epagine.fr\/960\/9782140495960_1_m.jpg","thumbnail":"https:\/\/images.epagine.fr\/960\/9782140495960_1_v.jpg"},"orderable":true,"show_badge":true,"formatted_price":"14,00&nbsp;\u20ac","formatted_published_date":"2 novembre 2023","publisher_availability_label":"Sur commande","short_details":"Soheir Fouzat, Salah El Khalfa Beddiari \u2014 \u00c9ditions L'Harmattan","translator":"SALAH EL KHALFA BEDDIARI","weight":150,"page_count":124,"readership":null,"editor":"\u00c9ditions L'Harmattan","price":1400,"published_date":"2023-11-01T23:00:00.000000Z","support":"Grand format","publisher_availability":1,"stock":0,"editions":[],"url":"https:\/\/quaidesbrumes.com\/ouvrage\/9782140495960\/la-suture-des-reves"}]}