{"data":[{"id":"9782491791063","title":"Passions vibrantes et inebranlables","description":null,"authors":["Valerius Robert"],"category_codes":["1000000","1090000","1090600"],"visuals":{"large":"https:\/\/quaidesbrumes.com\/img\/book-placeholder.png","medium":"https:\/\/quaidesbrumes.com\/img\/book-placeholder.png","thumbnail":"https:\/\/quaidesbrumes.com\/img\/book-placeholder.png"},"orderable":true,"show_badge":true,"formatted_price":"15,00&nbsp;\u20ac","formatted_published_date":"1er avril 2021","publisher_availability_label":"Sur commande","short_details":"Valerius Robert \u2014 Neg Mawon","translator":null,"weight":150,"page_count":null,"readership":null,"editor":"Neg Mawon","price":1500,"published_date":"2021-03-31T22:00:00.000000Z","support":"Grand format","publisher_availability":1,"stock":0,"editions":[],"url":"https:\/\/quaidesbrumes.com\/ouvrage\/9782491791063\/passions-vibrantes-et-inebranlables"},{"id":"9782491791056","title":"R\u00e9silience tch\u00f2","description":"Ce recueil de po\u00e8mes, R\u00e9silience Tch\u00f2, est \u00e0 la fois un voyage dans des paysages et une introspection. Ainsi, Patrisya s\u00e8me par-ci par-l\u00e0 des indices et des cl\u00e9s, elle nous prend par la main et nous guide pour nous \u00e9viter de nous perdre dans cette exploration et ces r\u00e9v\u00e9lations. Bienveillante, elle nous en donne la source, avec Ma m\u00e8re, mon p\u00e8re, mon peuple. Et sans que le chemin en soit rectiligne, elle nous avoue sa fascination pour ce Souffle de la vie, puis les vertiges que lui procure Tourne-monde qui passe par les fonds danbwa de si \u00e9trange fa\u00e7on.\r\nComme pour sceller un pacte quand nous entrons dans les tourments de cette plume, Patrisya partage g\u00e9n\u00e9reusement l'un des secrets de cette force qui l'habite et qui puise chez L'ange marron que l'on peut encore prier. Ainsi vont ses d\u00e9ambulations, y compris par les langues, Y\u00e8g, dont l'amertume nous est si famili\u00e8re. Puis elle s'envole, des mythes sexistes de la cr\u00e9ation jusqu'aux chagrins d'amour, faisant escale par Les pestif\u00e9r\u00e9s de la capitale, avant de s'engager sur Le chemin du bonheur.\r\nCe recueil est surtout un magnifique cadeau !\r\nChristiane Taubira","authors":["Patrisya Triplet"],"category_codes":["1000000","1090000","1090600"],"visuals":{"large":"https:\/\/images.epagine.fr\/056\/9782491791056_1_75.jpg","medium":"https:\/\/images.epagine.fr\/056\/9782491791056_1_m.jpg","thumbnail":"https:\/\/images.epagine.fr\/056\/9782491791056_1_v.jpg"},"orderable":true,"show_badge":true,"formatted_price":"15,00&nbsp;\u20ac","formatted_published_date":"1er avril 2021","publisher_availability_label":"Sur commande","short_details":"Patrisya Triplet \u2014 Neg Mawon","translator":null,"weight":175,"page_count":176,"readership":null,"editor":"Neg Mawon","price":1500,"published_date":"2021-03-31T22:00:00.000000Z","support":"Grand format","publisher_availability":1,"stock":0,"editions":[],"url":"https:\/\/quaidesbrumes.com\/ouvrage\/9782491791056\/resilience-tcho"},{"id":"9782491462024","title":"En d\u00e9coudre","description":"C'est de la nuit, comme du blanc de la neige, que viennent les po\u00e8mes d'\u00ab En d\u00e9coudre \u00bb. Ils chantent l'amour, un don de la vie qu'il faut sans cesse raviver, enflammer, pour que la nuit et le froid, comme la nature au printemps, \u00ab empoign(ent) ce qui serait lumi\u00e8re \u00bb et en perp\u00e9tuent l'\u00e9cho dans les corps amoureux le temps d'une vie.","authors":["Isabelle L\u00e9vesque"],"category_codes":["1000000","1090000","1090600"],"visuals":{"large":"https:\/\/images.epagine.fr\/024\/9782491462024_1_75.jpg","medium":"https:\/\/images.epagine.fr\/024\/9782491462024_1_m.jpg","thumbnail":"https:\/\/images.epagine.fr\/024\/9782491462024_1_v.jpg"},"orderable":true,"show_badge":true,"formatted_price":"14,00&nbsp;\u20ac","formatted_published_date":"20 avril 2021","publisher_availability_label":"Sur commande","short_details":"Isabelle L\u00e9vesque \u2014 L'Herbe Qui Tremble","translator":null,"weight":106,"page_count":70,"readership":null,"editor":"L'Herbe Qui Tremble","price":1400,"published_date":"2021-04-19T22:00:00.000000Z","support":"Grand format","publisher_availability":1,"stock":0,"editions":[],"url":"https:\/\/quaidesbrumes.com\/ouvrage\/9782491462024\/en-decoudre"},{"id":"9782491462062","title":"Gr\u00fcnewald, le temps d\u00e9chir\u00e9","description":"Fran\u00e7oise Ascal est po\u00e8te. Sa d\u00e9couverte du retable d'Issenheim \u00e0 Colmar, oeuvre du peintre Mathias Gr\u00fcnewald, fut un \u00e9v\u00e8nement marquant. Gr\u00fcnewald, le temps d\u00e9chir\u00e9 en est le po\u00e8me. \r\nEntre 1994 et 1996, le peintre G\u00e9rard Titus-Carmel, avec lequel Fran\u00e7oise Ascal a d\u00e9j\u00e0 collabor\u00e9, r\u00e9alise un vaste ensemble de dessins intitul\u00e9 Suite Gr\u00fcnewald. Quelques-uns d'entre eux accompagnent le po\u00e8me. Ces deux lectures-\u00e9crite et picturale- entrent ici en r\u00e9sonance. L'une comme l'autre t\u00e9moignent d'une \u00e2pre confrontation avec la radicalit\u00e9 du chef-d'oeuvre de Gr\u00fcnewald.\r\n\r\nEXTRAIT \u00ab je vous \u00e9cris du haut d'un promontoire de cinq si\u00e8cles un promontoire sans horizon cern\u00e9 de barbel\u00e9s de miradors de drones survolant des terres occup\u00e9es des villes d\u00e9truites un promontoire habit\u00e9 par des luttes fratricides gouvern\u00e9 par des appels aux meurtres  de votre si\u00e8cle au n\u00f4tre l'humanit\u00e9 n'a pas grandi  [...] \u00bb","authors":["Fran\u00e7oise Ascal"],"category_codes":["1000000","1090000","1090600"],"visuals":{"large":"https:\/\/images.epagine.fr\/062\/9782491462062_1_75.jpg","medium":"https:\/\/images.epagine.fr\/062\/9782491462062_1_m.jpg","thumbnail":"https:\/\/images.epagine.fr\/062\/9782491462062_1_v.jpg"},"orderable":true,"show_badge":true,"formatted_price":"15,00&nbsp;\u20ac","formatted_published_date":"15 avril 2021","publisher_availability_label":"Sur commande","short_details":"Fran\u00e7oise Ascal \u2014 L'Herbe Qui Tremble","translator":null,"weight":189,"page_count":98,"readership":null,"editor":"L'Herbe Qui Tremble","price":1500,"published_date":"2021-04-14T22:00:00.000000Z","support":"Grand format","publisher_availability":1,"stock":0,"editions":[],"url":"https:\/\/quaidesbrumes.com\/ouvrage\/9782491462062\/grunewald-le-temps-dechire"},{"id":"9782491462215","title":"Quand nous regardions depuis notre terre","description":"Quand Jean-Louis Rambour, po\u00e8te, rencontre l'oeuvre peinte de J\u00e9r\u00f4me Del\u00e9pine, au d\u00e9tour de 31 peintures, 31 po\u00e8mes \u00e9closent, au coeur de 31 po\u00e8mes, 31 peintures s'ouvrent.\r\n\r\nEXTRAIT On le sait : tout ce qui se passe derri\u00e8re l'horizon n'a aucune possibilit\u00e9  d'en sortir. Mais, quand on se contente de peindre et \u00e9crire, les trous noirs  blanchissent alors, deviennent des yeux d'homme noir qui s'observe dans le miroir.\r\nEt la trame d\u00e9chir\u00e9e de l'espace et du temps se trouve donc recousue de mots, de pinceaux. Le physicien de la vitesse se met aussit\u00f4t \u00e0 parler des lumi\u00e8res des ann\u00e9es et surtout, nous cessons d'avoir peur,  nous prenons le ciel comme il est, en simple drap gliss\u00e9 sur nos corps. \r\nNous n'avons plus peur de l'\u00e9ternit\u00e9","authors":["J\u00e9r\u00f4me Del\u00e9pine","Jean-Louis Rambour"],"category_codes":["1000000","1090000","1090600"],"visuals":{"large":"https:\/\/images.epagine.fr\/215\/9782491462215_1_75.jpg","medium":"https:\/\/images.epagine.fr\/215\/9782491462215_1_m.jpg","thumbnail":"https:\/\/images.epagine.fr\/215\/9782491462215_1_v.jpg"},"orderable":true,"show_badge":true,"formatted_price":"16,00&nbsp;\u20ac","formatted_published_date":"1er juin 2021","publisher_availability_label":"Sur commande","short_details":"J\u00e9r\u00f4me Del\u00e9pine, Jean-Louis Rambour \u2014 L'Herbe Qui Tremble","translator":null,"weight":150,"page_count":80,"readership":null,"editor":"L'Herbe Qui Tremble","price":1600,"published_date":"2021-05-31T22:00:00.000000Z","support":"Grand format","publisher_availability":1,"stock":0,"editions":[],"url":"https:\/\/quaidesbrumes.com\/ouvrage\/9782491462215\/quand-nous-regardions-depuis-notre-terre"},{"id":"9782322257942","title":"L'Afrique en vrac","description":"Les auteurs sont tous deux amoureux de l'Afrique.\r\nDidier Innocenti vit au Burkina Faso depuis plus de 35 ans. Il r\u00e9side actuellement \u00e0 Bobo-Dioulasso.\r\nPierre Rauscher a v\u00e9cu et travaill\u00e9 dans diff\u00e9rents pays pendant 15 ans et continue \u00e0 y effectuer de nombreux voyages.","authors":["Pierre Rauscher","Didier Innocenti"],"category_codes":["1000000","1090000"],"visuals":{"large":"https:\/\/images.epagine.fr\/942\/9782322257942_1_75.jpg","medium":"https:\/\/images.epagine.fr\/942\/9782322257942_1_m.jpg","thumbnail":"https:\/\/images.epagine.fr\/942\/9782322257942_1_v.jpg"},"orderable":true,"show_badge":true,"formatted_price":"20,00&nbsp;\u20ac","formatted_published_date":"7 d\u00e9cembre 2020","publisher_availability_label":"Sur commande","short_details":"Pierre Rauscher, Didier Innocenti \u2014 Books on Demand","translator":null,"weight":411,"page_count":146,"readership":null,"editor":"Books on Demand","price":2000,"published_date":"2020-12-06T23:00:00.000000Z","support":"Grand format","publisher_availability":1,"stock":0,"editions":[],"url":"https:\/\/quaidesbrumes.com\/ouvrage\/9782322257942\/lafrique-en-vrac"},{"id":"9782491560102","title":"Vir\u00e9e slovaque","description":"\u00ab C'est le pas qu'il faut faire & rapporter le sol \u00e0 la note m\u00e9diane entre deux coins de terre :\r\n\r\nAu coeur de cette gamme dont on bouche les sept trous tour \u00e0 tour sur la route o\u00f9 l'on roule ;\r\n\r\nOn pense au fifre de Manet, s'il est en ut ?\r\n\r\nPantalon rouge & veste noire, la plaine est un enfant de troupe \u00e0 moins qu'un merle, un rossignol au moment qu'on s'arr\u00eate \u00e0 l'aire de repos - c'est sur la carte \u00e0 sol ou la qu'un cr\u00e9puscule empourpre. \u00bb","authors":["Veronique Lafont","Lionel-\u00e9douard Martin"],"category_codes":["1000000","1090000"],"visuals":{"large":"https:\/\/images.epagine.fr\/102\/9782491560102_1_75.jpg","medium":"https:\/\/images.epagine.fr\/102\/9782491560102_1_m.jpg","thumbnail":"https:\/\/images.epagine.fr\/102\/9782491560102_1_v.jpg"},"orderable":true,"show_badge":true,"formatted_price":"18,00&nbsp;\u20ac","formatted_published_date":"4 d\u00e9cembre 2020","publisher_availability_label":"Sur commande","short_details":"Veronique Lafont, Lionel-\u00e9douard Martin \u2014 LE REALGAR","translator":null,"weight":220,"page_count":96,"readership":null,"editor":"LE REALGAR","price":1800,"published_date":"2020-12-03T23:00:00.000000Z","support":"Grand format","publisher_availability":1,"stock":0,"editions":[],"url":"https:\/\/quaidesbrumes.com\/ouvrage\/9782491560102\/viree-slovaque"},{"id":"9782845875906","title":"Les poetes que j'ai connus - claude adelen","description":"Et je ne sais ce qu'on pensera de ces choses de caract\u00e8re intime comme disait Aragon, que j'ai \u00e9voqu\u00e9es pour chacun de ces proches compagnons de route. Ce que d'une certaine fa\u00e7on j'ai voulu, c'est montrer que le rapport d'amiti\u00e9 qui unit les po\u00e8tes est fond\u00e9 sur l'estime r\u00e9ciproque, et que la lecture de la po\u00e9sie, est aussi une lecture \u00ab affective \u00bb. Oui, \u00ab Il faut \u00eatre fid\u00e8le \u00bb comme l'a dit le po\u00e8te Holderlin ! Tel est l'objet de ce petit opuscule. - C. AdelenTable : Aragon \/ Henry Deluy \/ Maurice Regnault \/ Pierre Lartigue \/ Alain Lance \/ Bernard Vargaftig \/ Charles Dobzynski \/ Lionel Ray \/ Paul Louis Rossi \/ Marie Etienne \/ Joseph Julien Guglielmi \/ Emmanuel Hocquard \/ G\u00e9rard Noiret \/ Yves Boudier \/ Bernard No\u00ebl \/ Jacques R\u00e9da \/ Jacques Darras \/ Gil Jouanard \/ Marie Clairebancquart \/ Yves di Manno \/ Franck Venaille \/ Mathieu B\u00e9n\u00e9zet \/ Esther Tellermann \/ Jean Portante \/ Jean-Baptiste Para \/ H\u00e9l\u00e8ne Sanguinetti \/ G\u00e9rard Cartier","authors":["Claude Adelen"],"category_codes":["1000000","1090000","1090600"],"visuals":{"large":"https:\/\/quaidesbrumes.com\/img\/book-placeholder.png","medium":"https:\/\/quaidesbrumes.com\/img\/book-placeholder.png","thumbnail":"https:\/\/quaidesbrumes.com\/img\/book-placeholder.png"},"orderable":true,"show_badge":true,"formatted_price":"12,00&nbsp;\u20ac","formatted_published_date":"23 mai 2022","publisher_availability_label":"Sur commande","short_details":"Claude Adelen \u2014 Tarabuste","translator":null,"weight":250,"page_count":null,"readership":null,"editor":"Tarabuste","price":1200,"published_date":"2022-05-22T22:00:00.000000Z","support":"Grand format","publisher_availability":1,"stock":0,"editions":[],"url":"https:\/\/quaidesbrumes.com\/ouvrage\/9782845875906\/les-poetes-que-jai-connus-claude-adelen"},{"id":"9782844184146","title":"Po\u00e8mes chamaniques","description":"Une premi\u00e8re traduction de po\u00e8mes de Howard McCord faisant ressortir les in\u00e9puisables espaces d\u00e9sol\u00e9s et les waste lands du Midwest de l\u00b4Am\u00e9rique mythique qu\u00b4il a arpent\u00e9 et dont il conna\u00eet le caract\u00e8re habit\u00e9.","authors":["Howard McCord"],"category_codes":["1000000","1090000"],"visuals":{"large":"https:\/\/images.epagine.fr\/146\/9782844184146_1_75.jpg","medium":"https:\/\/images.epagine.fr\/146\/9782844184146_1_m.jpg","thumbnail":"https:\/\/images.epagine.fr\/146\/9782844184146_1_v.jpg"},"orderable":true,"show_badge":true,"formatted_price":"15,00&nbsp;\u20ac","formatted_published_date":"24 juin 2021","publisher_availability_label":"Sur commande","short_details":"Howard McCord \u2014 La Part Commune","translator":null,"weight":200,"page_count":180,"readership":null,"editor":"La Part Commune","price":1500,"published_date":"2021-06-23T22:00:00.000000Z","support":"Grand format","publisher_availability":1,"stock":0,"editions":[],"url":"https:\/\/quaidesbrumes.com\/ouvrage\/9782844184146\/poemes-chamaniques"},{"id":"9782956516255","title":"Mes vers... et des pas m\u00fbrs","description":"Dans ce nouvel opus, Pierre Carayon d\u00e9cide cette fois de nous emmener faire une petite balade \u00e0 travers son imagination. Puisant son inspiration dans son environnement proche, comme sa jolie ville d'Albi, ou dans l'actualit\u00e9, avec la pand\u00e9mie de la Covid-19, le laur\u00e9at du prix 2020 du livre d'art et de po\u00e9sie nous fait red\u00e9couvrir, avec l\u00e9g\u00e8ret\u00e9 et humour, le monde avec ses propres yeux. Gr\u00e2ce \u00e0 lui, vous aurez presque l'impression de voyager depuis votre canap\u00e9 !\r\n\r\nAutod\u00e9rision et humour sont les ma\u00eetres mots de Pierre Carayon ; mais ce ne sont pas les seuls qui le d\u00e9finissent. Dans cet ouvrage, un nouveau mot s'ajoute \u00e0 son palmar\u00e8s : joueur ! Que ce soit pour les d\u00e9partements fran\u00e7ais ou en compagnie de stars, Pierre ne cesse de lancer des d\u00e9fis et de s'amuser, sans pour autant perdre pied, toujours en flirtant avec les mots et les vers. Le tout dans le seul but de vous divertir, car c'est un besoin essentiel, surtout en ces temps difficiles.\r\n\r\nDe mes vastes divagations albigeoises \u00e0 mes simples \u00e9lucubrations saint-serninoises, J'essaye de tout mon coeur de vous apporter du plaisir plut\u00f4t que des noises !\r\n\r\nSouvenez-vous : quelques fois, les mots rendent les cris vains ;\r\n\r\nMais rappelez-vous, aussi, que jamais ils ne rendent l'\u00e9crit vain !\r\n\r\n\r\n\r\n\u00c0 force de sacrifier l'essentiel \u00e0 l'urgence,  On oublie l'urgence de l'essentiel.","authors":["Pierre Carayon"],"category_codes":["1000000","1090000"],"visuals":{"large":"https:\/\/images.epagine.fr\/255\/9782956516255_1_75.jpg","medium":"https:\/\/images.epagine.fr\/255\/9782956516255_1_m.jpg","thumbnail":"https:\/\/images.epagine.fr\/255\/9782956516255_1_v.jpg"},"orderable":true,"show_badge":true,"formatted_price":"20,00&nbsp;\u20ac","formatted_published_date":"10 mai 2021","publisher_availability_label":"Sur commande","short_details":"Pierre Carayon \u2014 Pierre Carayon","translator":null,"weight":800,"page_count":120,"readership":null,"editor":"Pierre Carayon","price":2000,"published_date":"2021-05-09T22:00:00.000000Z","support":"Grand format","publisher_availability":1,"stock":0,"editions":[],"url":"https:\/\/quaidesbrumes.com\/ouvrage\/9782956516255\/mes-vers-et-des-pas-murs"},{"id":"9782954725420","title":"Pirates ; petit glossaire essentiel et fantasque","description":"Recueil de po\u00e9sie sur la piraterie, les femmes pirates. Textes, dessins et po\u00e9sie visuelle","authors":["Emilie Legouic","Damien Lu\u00e7on","Anne-lise Vacher"],"category_codes":["1000000","1090000","1090600"],"visuals":{"large":"https:\/\/images.epagine.fr\/420\/9782954725420_1_75.jpg","medium":"https:\/\/images.epagine.fr\/420\/9782954725420_1_m.jpg","thumbnail":"https:\/\/images.epagine.fr\/420\/9782954725420_1_v.jpg"},"orderable":true,"show_badge":true,"formatted_price":"20,00&nbsp;\u20ac","formatted_published_date":"1er f\u00e9vrier 2021","publisher_availability_label":"Sur commande","short_details":"Emilie Legouic, Damien Lu\u00e7on, Anne-lise Vacher \u2014 Azerty-Ti","translator":null,"weight":130,"page_count":56,"readership":null,"editor":"Azerty-Ti","price":2000,"published_date":"2021-01-31T23:00:00.000000Z","support":"Grand format","publisher_availability":1,"stock":0,"editions":[],"url":"https:\/\/quaidesbrumes.com\/ouvrage\/9782954725420\/pirates-petit-glossaire-essentiel-et-fantasque"},{"id":"9782383980063","title":"Voyage(s)","description":"\u00c9prise de libert\u00e9, Charlotte Mon\u00e9gier a toujours voyag\u00e9, avec pour seul compagnon de route, un carnet dans lequel \u00e9crire, raconter ce qu'elle vivait : \u00eatre sur la route, ne pas savoir o\u00f9 dormir le soir, faire des rencontres toutes plus improbables les unes que les autres. Au bout du monde, tout est plus fort, tout est plus intense, surtout quand on est seul et que les rep\u00e8res habituels ne sont plus que des points de bateaux \u00e0 l'horizon.\r\nL'\u00e9criture de Voyage(s) s'est termin\u00e9e \u00e0 Clichy, au d\u00e9but de l'ann\u00e9e 2021, et ces po\u00e8mes traduisent l'\u00e9motion qu'elle a pu ressentir sur le moment, quand elle foulait le sol de tous ces lieux visit\u00e9s. Une \u00e9motion retranscrite en d\u00e9calage, amplifi\u00e9e peut-\u00eatre aussi, et m\u00e2tin\u00e9e de nostalgie pour cette jeunesse et cette libert\u00e9 qu'elle aura d\u00e9sormais du mal \u00e0 retrouver.","authors":["Charlotte Mon\u00e9gier"],"category_codes":["1000000","1090000"],"visuals":{"large":"https:\/\/images.epagine.fr\/063\/9782383980063_1_75.jpg","medium":"https:\/\/images.epagine.fr\/063\/9782383980063_1_m.jpg","thumbnail":"https:\/\/images.epagine.fr\/063\/9782383980063_1_v.jpg"},"orderable":true,"show_badge":true,"formatted_price":"10,00&nbsp;\u20ac","formatted_published_date":"10 juin 2021","publisher_availability_label":"Sur commande","short_details":"Charlotte Mon\u00e9gier \u2014 Lunatique","translator":null,"weight":114,"page_count":92,"readership":null,"editor":"Lunatique","price":1000,"published_date":"2021-06-09T22:00:00.000000Z","support":"Grand format","publisher_availability":1,"stock":0,"editions":[],"url":"https:\/\/quaidesbrumes.com\/ouvrage\/9782383980063\/voyages"},{"id":"9782900940877","title":"Fragments des cris : anthologie personnelle","description":"La po\u00e9sie reste omnipr\u00e9sente dans ma pens\u00e9e, dans ma cr\u00e9ation. Un amour de plus d'un demi-si\u00e8cle. Une quinzaine d'ouvrages ou d'ensembles divers. Des plaquettes rares, petits tirages, ouvrages confidentiels, hors commerce ou de bibliophilie. Des recueils pour la plupart totalement \u00e9puis\u00e9s, sans lecteur. Sans partage. Sans \u00e9cho. Comme mort-n\u00e9s.\r\n \r\nEt l'envie de leur donner une nouvelle vie, et l'id\u00e9e de cette \u00ab?anthologie personnelle?\u00bb, ces fragments d'\u00e9crits.\r\n \r\nParlant de la po\u00e9sie, Jean Joubert \u00e9crivait?: \u00ab elle est faite pour le partage, et le po\u00e8me n'existe vraiment qu'\u00e0 l'instant o\u00f9 il est saisi par le regard et la sensibilit\u00e9 du lecteur. Alors, entre lecteur et auteur, s'\u00e9tablit, dans l'\u00e9motion, une complicit\u00e9 secr\u00e8te.?\u00bb.\r\n \r\nPuissent ces po\u00e8mes, pour la plupart oubli\u00e9s, trac\u00e9s au long d'un parcours de cinquante ann\u00e9es, trouver aujourd'hui ce regard et cette sensibilit\u00e9 du partage...\r\n \r\nDidier Giroud-Piffoz","authors":["Didier Giroud-Piffoz"],"category_codes":["1000000","1090000","1090600"],"visuals":{"large":"https:\/\/images.epagine.fr\/877\/9782900940877_1_75.jpg","medium":"https:\/\/images.epagine.fr\/877\/9782900940877_1_m.jpg","thumbnail":"https:\/\/images.epagine.fr\/877\/9782900940877_1_v.jpg"},"orderable":true,"show_badge":true,"formatted_price":"12,00&nbsp;\u20ac","formatted_published_date":"17 mai 2021","publisher_availability_label":"Sur commande","short_details":"Didier Giroud-Piffoz \u2014 Vent-Des-Lettres","translator":null,"weight":170,"page_count":136,"readership":null,"editor":"Vent-Des-Lettres","price":1200,"published_date":"2021-05-16T22:00:00.000000Z","support":"Grand format","publisher_availability":1,"stock":0,"editions":[],"url":"https:\/\/quaidesbrumes.com\/ouvrage\/9782900940877\/fragments-des-cris-anthologie-personnelle"},{"id":"9782845875920","title":"Triages anthologie vol. i (2022)","description":"Voix unes & premi\u00e8res, po\u00e8mes in\u00e9dits d'auteurs contemporains.Sommaire : G\u00e9raldine Geay - Loin et souvent (po\u00e8mes virtuels) \/ Jean-Claude Leroy - Corrige... \/ Veronica Michel - Journal \u00e9clair l'heure de l'herbe qui pousse \/ Jacques Vincent - Le parti-pris des songes.","authors":["Collectif"],"category_codes":["1000000","1090000","1090600"],"visuals":{"large":"https:\/\/quaidesbrumes.com\/img\/book-placeholder.png","medium":"https:\/\/quaidesbrumes.com\/img\/book-placeholder.png","thumbnail":"https:\/\/quaidesbrumes.com\/img\/book-placeholder.png"},"orderable":true,"show_badge":true,"formatted_price":"20,00&nbsp;\u20ac","formatted_published_date":"23 mai 2022","publisher_availability_label":"Sur commande","short_details":"Collectif \u2014 Tarabuste","translator":null,"weight":500,"page_count":null,"readership":null,"editor":"Tarabuste","price":2000,"published_date":"2022-05-22T22:00:00.000000Z","support":"Grand format","publisher_availability":1,"stock":0,"editions":[],"url":"https:\/\/quaidesbrumes.com\/ouvrage\/9782845875920\/triages-anthologie-vol-i-2022"},{"id":"9782896454235","title":"Ins\u00e9parables distances","description":"Ins\u00e9parables distances est le premier recueil de po\u00e9sie de M\u00e9lanie No\u00ebl aux \u00c9crits des Forges. Entre le fils au sous-sol les \u00ab doigts viss\u00e9s \u00e0 sa console \u00bb, l'homme \u00ab deux \u00e9tages plus haut \u00bb qui \u00ab se noie\/au large de moi \u00bb et ce p\u00e8re de qui \u00abje conserverai ces \u00e9t\u00e9s o\u00f9 on a march\u00e9 les m\u00eames plages\u00bb, une narratrice, comme tant d'autres femmes, contemple les jours qui passent avec les fins, les adieux, les deuils qui les composent. Les souffrances desquelles on s'efforce de cr\u00e9er une distance se m\u00e9langent aux amours qui s'\u00e9loignent sans notre permission et \u00e0 la force de certains liens qui demeurent au-del\u00e0 des absences. \u00c0 travers les solitudes, la lumi\u00e8re se faufile.\r\n\r\nDerri\u00e8re les murs \/ des regrets bouchent les fen\u00eatres \/ des v\u00e9rit\u00e9s jouent \u00e0 cache-cache \/ mais \/ derri\u00e8re les murs \/ des adultes s'escaladent \/ \u00e0 l'horizontal \/ des enfants se construisent \/ en hauteur \/ des po\u00e8mes jamais articul\u00e9s se vivent \/ - Viens !\r\nDes amours ressuscitent \/ De son point de vue critique mais sans apitoiement, avec des images justes mais jamais acerbes, la po\u00e8te entra\u00eene ses lectrices et ses lecteurs dans les m\u00e9andres d'une vie de couple o\u00f9 les amoureux se perdent \u00e0 force d'habiter les m\u00eames pi\u00e8ces. Comment peut-on s'ennuyer de l'\u00eatre humain avec qui on partage son quotidien? Constatant que les enfants ne viennent pas au monde pour tenir compagnie \u00e0 leurs parents, la maman tentera, un instant, de le nier : \u00ab ton p\u00e8re dit que tu iras loin\/ contredis-le pour moi\/ reste proche \u00bb. Cet enfant saura-t-il, lui, \u00ab s'habituer \u00e0 survivre aux peines qui tuent \u00bb? Tout en le regardant s'amuser, l'esquisse d'une r\u00e9ponse appara\u00eet :\r\n\r\nJe n'ai aucun regret de t'avoir conduit jusqu'\u00e0 cette vie \/ te voir la courir dans tous les sens \/ me vire les id\u00e9es cimeti\u00e8res \u00e0 l'envers \/ j'ai le go\u00fbt de vivre jusqu'au coin de la rue \/ avec toi \/ L'humour de M\u00e9lanie No\u00ebl, la tendresse qui se d\u00e9gage de ce portrait sans compromis, apportent une fra\u00eecheur vivifiante \u00e0 la r\u00e9flexion.","authors":["M\u00e9lanie No\u00ebl"],"category_codes":["1000000","1090000"],"visuals":{"large":"https:\/\/images.epagine.fr\/235\/9782896454235_1_75.jpg","medium":"https:\/\/images.epagine.fr\/235\/9782896454235_1_m.jpg","thumbnail":"https:\/\/images.epagine.fr\/235\/9782896454235_1_v.jpg"},"orderable":true,"show_badge":true,"formatted_price":"15,00&nbsp;\u20ac","formatted_published_date":"1er juillet 2022","publisher_availability_label":"Sur commande","short_details":"M\u00e9lanie No\u00ebl \u2014 Ecrits Des Forges","translator":null,"weight":401,"page_count":null,"readership":null,"editor":"Ecrits Des Forges","price":1500,"published_date":"2022-06-30T22:00:00.000000Z","support":"Grand format","publisher_availability":1,"stock":0,"editions":[],"url":"https:\/\/quaidesbrumes.com\/ouvrage\/9782896454235\/inseparables-distances"},{"id":"9782322198610","title":"Le sentimental du carc\u00e9ral","description":"Pour s'\u00e9vader, pour tourner la page et surtout, pour faire la paix avec lui-m\u00eame, l'auteur s'appuie sur son stylo-bille et \u00e9crit, d\u00e9crit ses maux. L'encre agit comme une th\u00e9rapie dont on per\u00e7oit les \u00e9lectrochocs ou les analg\u00e9siques selon le cas.  Le lecteur per\u00e7oit ce qui fut la d\u00e9tresse et la solitude d'un taiseux, les volutes infernales des id\u00e9es noires qui tournent et tournent dans la t\u00eate, avant de trouver l'issue par o\u00f9 s'extraire enfin.  Si elle ne chante pas, sa po\u00e9sie est rythm\u00e9e et son tempo s'impose ais\u00e9ment. Le phras\u00e9 est m\u00e9ridional, quelques expressions typiquement proven\u00e7ales, le tout sent bon la garrigue ou la banlieue de Marseille, l'une et l'autre si souvent voisines.  Cette lecture propose de d\u00e9couvrir le parcours atypique d'un homme tomb\u00e9 et qui se rel\u00e8ve apr\u00e8s avoir accept\u00e9 une main tendue, puis d'autres ensuite. Une v\u00e9ritable le\u00e7on d'optimisme.","authors":["Vincent Munaro"],"category_codes":["1000000","1090000"],"visuals":{"large":"https:\/\/images.epagine.fr\/610\/9782322198610_1_75.jpg","medium":"https:\/\/images.epagine.fr\/610\/9782322198610_1_m.jpg","thumbnail":"https:\/\/images.epagine.fr\/610\/9782322198610_1_v.jpg"},"orderable":true,"show_badge":true,"formatted_price":"12,00&nbsp;\u20ac","formatted_published_date":"13 mai 2021","publisher_availability_label":"Sur commande","short_details":"Vincent Munaro \u2014 Books on Demand","translator":null,"weight":301,"page_count":380,"readership":null,"editor":"Books on Demand","price":1200,"published_date":"2021-05-12T22:00:00.000000Z","support":"Grand format","publisher_availability":1,"stock":0,"editions":[],"url":"https:\/\/quaidesbrumes.com\/ouvrage\/9782322198610\/le-sentimental-du-carceral"},{"id":"9782355234460","title":"L'ardoise des songes","description":"Avec la craie des songes, le po\u00e8te dessine sur son ardoise la fugitive destin\u00e9e de tout \u00eatre humain. Parce qu'il sait que son temps de parole est compt\u00e9, il livre ici sa qu\u00eate de v\u00e9rit\u00e9, d\u00e9non\u00e7ant l'absurdit\u00e9 de notre condition sur un ton souvent grave, teint\u00e9 d'un humour salutaire. Aux visions fulgurantes d'une voisine de Marie r\u00e9pond l'errance d'un marin d\u00e9froqu\u00e9, sous la garde attentive d'arbres en majest\u00e9. L'albatros survole amoureusement un univers tiss\u00e9 de drames, tandis que la pluie baigne l'enfance pos\u00e9e comme un grain de beaut\u00e9 sur l'\u00e2pre tissu de nos vies...\r\nEn d\u00e9passant la simple introspection pour honorer les humbles ou les victimes de l'histoire, Jean-Ren\u00e9 Massaille installe sa po\u00e9sie vibrante au coeur du myst\u00e8re humain.","authors":["Massaille Jean-Rene"],"category_codes":["1000000","1090000"],"visuals":{"large":"https:\/\/images.epagine.fr\/460\/9782355234460_1_75.jpg","medium":"https:\/\/images.epagine.fr\/460\/9782355234460_1_m.jpg","thumbnail":"https:\/\/images.epagine.fr\/460\/9782355234460_1_v.jpg"},"orderable":true,"show_badge":true,"formatted_price":"14,50&nbsp;\u20ac","formatted_published_date":"1er mai 2021","publisher_availability_label":"Sur commande","short_details":"Massaille Jean-Rene \u2014 JETS D'ENCRE","translator":null,"weight":142,"page_count":null,"readership":null,"editor":"JETS D'ENCRE","price":1450,"published_date":"2021-04-30T22:00:00.000000Z","support":"Grand format","publisher_availability":1,"stock":0,"editions":[],"url":"https:\/\/quaidesbrumes.com\/ouvrage\/9782355234460\/lardoise-des-songes"},{"id":"9782849246535","title":"Objets de pouvoir","description":null,"authors":["Mourtadhoi Kader"],"category_codes":["1000000","1090000"],"visuals":{"large":"https:\/\/quaidesbrumes.com\/img\/book-placeholder.png","medium":"https:\/\/quaidesbrumes.com\/img\/book-placeholder.png","thumbnail":"https:\/\/quaidesbrumes.com\/img\/book-placeholder.png"},"orderable":true,"show_badge":true,"formatted_price":"10,00&nbsp;\u20ac","formatted_published_date":"9 avril 2021","publisher_availability_label":"Sur commande","short_details":"Mourtadhoi Kader \u2014 Editions Du Cygne","translator":null,"weight":80,"page_count":null,"readership":null,"editor":"Editions Du Cygne","price":1000,"published_date":"2021-04-08T22:00:00.000000Z","support":"Grand format","publisher_availability":1,"stock":0,"editions":[],"url":"https:\/\/quaidesbrumes.com\/ouvrage\/9782849246535\/objets-de-pouvoir"},{"id":"9782854466522","title":"Purgatoire","description":"Ra\u00fal Zurita (1950), po\u00e8te chilien multiprim\u00e9 et internationalement reconnu, publie Purgatorio, recueil renouvelant en profondeur la cr\u00e9ation po\u00e9tique, en 1979, en pleine dictature de Pinochet. La pr\u00e9sence de vaches perdues dans la logique, d'aires vertes, d'un d\u00e9sert d'Atacama bleut\u00e9, d\u00e9concertent le lecteur. \u00c0 cela s'ajoutent la pr\u00e9sence de l'image, de la bri\u00e9vet\u00e9 et de la concision formelles. Le lecteur d\u00e9couvre un sujet lyrique scind\u00e9 dans nombre de po\u00e8mes et un r\u00e9f\u00e9rent g\u00e9ographique chilien - le d\u00e9sert - dot\u00e9 d'une dimension onirique et fantasmagorique. S'entrem\u00ealent \u00e9galement po\u00e8mes brefs, construits autour de d\u00e9monstrations logiques et de la th\u00e9orie des ensembles, et documents visuels, avant que ne s'ach\u00e8ve le recueil par \u00ab La vida nueva \u00bb, s\u00e9rie d'enc\u00e9phalogrammes assortis de vers qui leur sont superpos\u00e9s et dont le titre est inspir\u00e9 de Dante Alighieri tout comme celui du recueil. Entre les diff\u00e9rentes sections de Purgatorio font irruption d'autres documents antipo\u00e9tiques, tel l'\u00e9lectroenc\u00e9phalogramme figurant sur la couverture du recueil, rappelant au lecteur que la po\u00e9sie ne se r\u00e9duit pas aux vers et aux strophes : le parcours litt\u00e9raire de Zurita fait s'entrecroiser impact visuel, cr\u00e9ation langagi\u00e8re et pluralit\u00e9 des supports. Ces choix esth\u00e9tiques produisent de nouveaux effets et r\u00e9v\u00e8lent la fracture personnelle du po\u00e8te et la fracture collective v\u00e9cue par la population chilienne au cours des ann\u00e9es noires de la dictature. Par cette traduction en fran\u00e7ais, l'esprit zuritien, fait d'originalit\u00e9, de cr\u00e9ation permanente, de jeux linguistiques, de colloquialisme que v\u00e9hicule un langage vivant et mouvant, est pr\u00e9serv\u00e9.","authors":["Ra\u00fal Zurita","La\u00ebtitia Boussard"],"category_codes":["1000000","1090000","1090600"],"visuals":{"large":"https:\/\/images.epagine.fr\/522\/9782854466522_1_75.jpg","medium":"https:\/\/images.epagine.fr\/522\/9782854466522_1_m.jpg","thumbnail":"https:\/\/images.epagine.fr\/522\/9782854466522_1_v.jpg"},"orderable":true,"show_badge":true,"formatted_price":"25,00&nbsp;\u20ac","formatted_published_date":"26 mai 2021","publisher_availability_label":"Sur commande","short_details":"Ra\u00fal Zurita, La\u00ebtitia Boussard \u2014 Caracteres","translator":"LAETITIA BOUSSARD","weight":286,"page_count":130,"readership":null,"editor":"Caracteres","price":2500,"published_date":"2021-05-25T22:00:00.000000Z","support":"Grand format","publisher_availability":1,"stock":0,"editions":[],"url":"https:\/\/quaidesbrumes.com\/ouvrage\/9782854466522\/purgatoire"},{"id":"9782874501807","title":"Les miroirs du d\u00e9sordre","description":"Livre de spiritualit\u00e9 autour des grands th\u00e8mes: le temps,l'invisible ou l'indicible.\r\nPo\u00e8mes brefs qui suscitent le questionnement.","authors":["Anne-Marielle Wilwerth"],"category_codes":["1000000","1090000","1090600"],"visuals":{"large":"https:\/\/images.epagine.fr\/807\/9782874501807_1_75.jpg","medium":"https:\/\/images.epagine.fr\/807\/9782874501807_1_m.jpg","thumbnail":"https:\/\/images.epagine.fr\/807\/9782874501807_1_v.jpg"},"orderable":true,"show_badge":true,"formatted_price":"16,00&nbsp;\u20ac","formatted_published_date":"10 mai 2021","publisher_availability_label":"Sur commande","short_details":"Anne-Marielle Wilwerth \u2014 Taillis Pre","translator":null,"weight":140,"page_count":102,"readership":null,"editor":"Taillis Pre","price":1600,"published_date":"2021-05-09T22:00:00.000000Z","support":"Grand format","publisher_availability":1,"stock":0,"editions":[],"url":"https:\/\/quaidesbrumes.com\/ouvrage\/9782874501807\/les-miroirs-du-desordre"},{"id":"9782919141555","title":"Fleurs d'insomnies","description":null,"authors":["Verin Alain"],"category_codes":["1000000","1090000","1090600"],"visuals":{"large":"https:\/\/quaidesbrumes.com\/img\/book-placeholder.png","medium":"https:\/\/quaidesbrumes.com\/img\/book-placeholder.png","thumbnail":"https:\/\/quaidesbrumes.com\/img\/book-placeholder.png"},"orderable":true,"show_badge":true,"formatted_price":"15,00&nbsp;\u20ac","formatted_published_date":"12 janvier 2021","publisher_availability_label":"Sur commande","short_details":"Verin Alain \u2014 Neg Mawon","translator":null,"weight":235,"page_count":null,"readership":null,"editor":"Neg Mawon","price":1500,"published_date":"2021-01-11T23:00:00.000000Z","support":"Grand format","publisher_availability":1,"stock":0,"editions":[],"url":"https:\/\/quaidesbrumes.com\/ouvrage\/9782919141555\/fleurs-dinsomnies"},{"id":"9782919141548","title":"Tit andriv","description":null,"authors":["Rutil Alen"],"category_codes":["1000000","1090000","1090600"],"visuals":{"large":"https:\/\/quaidesbrumes.com\/img\/book-placeholder.png","medium":"https:\/\/quaidesbrumes.com\/img\/book-placeholder.png","thumbnail":"https:\/\/quaidesbrumes.com\/img\/book-placeholder.png"},"orderable":true,"show_badge":true,"formatted_price":"10,00&nbsp;\u20ac","formatted_published_date":"12 janvier 2021","publisher_availability_label":"Sur commande","short_details":"Rutil Alen \u2014 Neg Mawon","translator":null,"weight":150,"page_count":null,"readership":null,"editor":"Neg Mawon","price":1000,"published_date":"2021-01-11T23:00:00.000000Z","support":"Grand format","publisher_availability":1,"stock":0,"editions":[],"url":"https:\/\/quaidesbrumes.com\/ouvrage\/9782919141548\/tit-andriv"},{"id":"9782355772184","title":"Couple","description":"Arnaud Savoye semble \u00e9crire depuis toujours. On l'imagine marchant dans les bois, au bord d'une rivi\u00e8re, arpentant une vieille colline, un stylo et une feuille blanche \u00e0 la main. Arnaud Savoye est l\u00e9g\u00e8rement d\u00e9cal\u00e9, non pas au coeur du paysage, mais sur le c\u00f4t\u00e9 ou en contrebas. Il a la parole inventive mais n\u00e9anmoins discr\u00e8te, voire secr\u00e8te par endroits. Couple est un recueil de po\u00e8mes dont l'ensemble des \u00ab morceaux \u00bb compose un recueil coh\u00e9rent.\r\nDans Couple, Arnaud Savoye se d\u00e9voile en nous offrant une \u00ab autre \u00bb lecture du monde o\u00f9 nous sommes. Et, surtout, il nous parle de l'autre et de l'amour.","authors":["Arnaud Savoye"],"category_codes":["1000000","1090000","1090600"],"visuals":{"large":"https:\/\/images.epagine.fr\/184\/9782355772184_1_75.jpg","medium":"https:\/\/images.epagine.fr\/184\/9782355772184_1_m.jpg","thumbnail":"https:\/\/images.epagine.fr\/184\/9782355772184_1_v.jpg"},"orderable":true,"show_badge":true,"formatted_price":"10,00&nbsp;\u20ac","formatted_published_date":"6 avril 2021","publisher_availability_label":"Sur commande","short_details":"Arnaud Savoye \u2014 La Rumeur Libre","translator":null,"weight":199,"page_count":144,"readership":null,"editor":"La Rumeur Libre","price":1000,"published_date":"2021-04-05T22:00:00.000000Z","support":"Grand format","publisher_availability":1,"stock":0,"editions":[],"url":"https:\/\/quaidesbrumes.com\/ouvrage\/9782355772184\/couple"},{"id":"9782956331476","title":"Ouvriere duree","description":null,"authors":["Gilles Lades"],"category_codes":["1000000","1090000","1090600"],"visuals":{"large":"https:\/\/images.epagine.fr\/476\/9782956331476_1_75.jpg","medium":"https:\/\/images.epagine.fr\/476\/9782956331476_1_m.jpg","thumbnail":"https:\/\/images.epagine.fr\/476\/9782956331476_1_v.jpg"},"orderable":true,"show_badge":true,"formatted_price":"15,00&nbsp;\u20ac","formatted_published_date":"7 avril 2021","publisher_availability_label":"Sur commande","short_details":"Gilles Lades \u2014 Le Silence Qui Roule","translator":null,"weight":137,"page_count":null,"readership":null,"editor":"Le Silence Qui Roule","price":1500,"published_date":"2021-04-06T22:00:00.000000Z","support":"Grand format","publisher_availability":1,"stock":0,"editions":[],"url":"https:\/\/quaidesbrumes.com\/ouvrage\/9782956331476\/ouvriere-duree"}]}