{"data":[{"id":"9782845875937","title":"Triages anthologie vol. ii (2022)","description":"Voix unes & premi\u00e8res, po\u00e8mes in\u00e9dits d'auteurs contemporains.Sommaire : Antoine Bertot - Les boucles d'automne \/ Myl\u00e8ne Duc - Cendre indivise \/ Franck Lahbib - Ton sourire d\u00e9borde au-del\u00e0 du chemin \/ Hisashi Okuyama - Et \u00e0 Et \u00e0 Et \u00e0 Andante pour deux voix en \u00e9coutant Pr\u00e9lude et fugue en si mineur de J.-S. Bach.","authors":["Collectif"],"category_codes":["1000000","1090000","1090600"],"visuals":{"large":"https:\/\/quaidesbrumes.com\/img\/book-placeholder.png","medium":"https:\/\/quaidesbrumes.com\/img\/book-placeholder.png","thumbnail":"https:\/\/quaidesbrumes.com\/img\/book-placeholder.png"},"orderable":true,"show_badge":true,"formatted_price":"20,00&nbsp;\u20ac","formatted_published_date":"23 mai 2022","publisher_availability_label":"Sur commande","short_details":"Collectif \u2014 Tarabuste","translator":null,"weight":500,"page_count":null,"readership":null,"editor":"Tarabuste","price":2000,"published_date":"2022-05-22T22:00:00.000000Z","support":"Grand format","publisher_availability":1,"stock":0,"editions":[],"url":"https:\/\/quaidesbrumes.com\/ouvrage\/9782845875937\/triages-anthologie-vol-ii-2022"},{"id":"9782841373673","title":"P\u00e9trarque et la po\u00e9sie europ\u00e9enne ; anthologie p\u00e9trarquiste","description":"\u00c0 l'origine, une source, unique, pr\u00e9cise. Le p\u00e9trarquisme jaillit de l'oeuvre et du nom de P\u00e9trarque. Philosophe, linguiste, homme d'\u00c9glise et de pouvoir, humaniste, il est aussi l'un des plus grands po\u00e8tes occidentaux. Conquis par une Laure entrevue dans l'\u00e9glise Sainte-Claire d'Avignon en avril 1327, le po\u00e8te florentin d\u00e9veloppe une nouvelle po\u00e9sie d'amour o\u00f9 sa dame assume une dimension que l'on peut dire \u00ab moderne \u00bb. Laure meurt pr\u00e9matur\u00e9ment, la po\u00e9sie de P\u00e9trarque se lib\u00e8re de la menace d'amours trop sensuelles et laisse transpara\u00eetre la beaut\u00e9 et la douleur de la passion d'un po\u00e8te humain. Il perfectionne le sonnet dont il r\u00e9v\u00e8le toute l'\u00e9l\u00e9gance et la richesse. En m\u00eame temps, son patriotisme et son attachement \u00e0 sa langue maternelle le poussent \u00e0 composer des po\u00e9sies en langue Vulgaire, \u00e9levant les langues vernaculaires au rang des mod\u00e8les antiques.\r\n\r\nLe succ\u00e8s de la po\u00e9sie de P\u00e9trarque est tel que, de sa source, se r\u00e9pand un courant litt\u00e9raire p\u00e9trarquiste. L'oeuvre du Toscan se propage partout en Italie d\u00e8s le xve si\u00e8cle. Dans chaque ville, de nombreux po\u00e8tes y puisent avant d'en renforcer le cours par de multiples productions qui rendent hommage au mod\u00e8le imit\u00e9. Et le courant est si fort qu'il d\u00e9passe les fronti\u00e8res. Il inonde les po\u00e9sies fran\u00e7aise et espagnole d\u00e8s le xvie si\u00e8cle. Et les plus grands po\u00e8tes s'y abreuvent, tandis qu'en Italie l'imitation est si diffuse qu'il est d\u00e9licat, parfois, de savoir si les nouveaux po\u00e8tes s'inspirent du Florentin ou des p\u00e9trarquistes locaux. Il en va bient\u00f4t de m\u00eame en France o\u00f9 d'aucuns renient leur source d'inspiration premi\u00e8re, forgent des courants nationaux, pour ne pas dire nationalistes. L'oeuvre de P\u00e9trarque atteint le Portugal, les rives de l'Angleterre, puis remonte, au xviie si\u00e8cle, le cours des fleuves vers l'Allemagne.\r\n\r\nLa vague de la mode p\u00e9trarquiste n'est pas une onde r\u00e9guli\u00e8re, et tandis qu'elle appara\u00eet ici, elle est ailleurs au plus bas ; puis resurgit plus loin, dans le temps. Quelles sont ces voies suivies par les multiples courants p\u00e9trarquistes ? Quels po\u00e8tes les empruntent ? Que reste-t-il, si loin de leur source, des vers du po\u00e8te toscan ? Le livre tente de r\u00e9pondre \u00e0 ces interrogations pour souligner, dans le m\u00eame temps, la dimension pluriculturelle et \u00e9volutive de la po\u00e9sie d'amour de la Renaissance - au sens large du terme -, dans une Europe en qu\u00eate de langues nationales reconnues, de formes po\u00e9tiques nouvelles, mais aussi, plus largement, d'identit\u00e9s politiques et religieuses, affermies.","authors":["Jean-luc Nardone"],"category_codes":["1000000","1090000","1090100"],"visuals":{"large":"https:\/\/images.epagine.fr\/673\/9782841373673_1_75.jpg","medium":"https:\/\/images.epagine.fr\/673\/9782841373673_1_m.jpg","thumbnail":"https:\/\/images.epagine.fr\/673\/9782841373673_1_v.jpg"},"orderable":true,"show_badge":true,"formatted_price":"26,00&nbsp;\u20ac","formatted_published_date":"21 mai 2021","publisher_availability_label":"Sur commande","short_details":"Jean-luc Nardone \u2014 MILLON","translator":null,"weight":498,"page_count":320,"readership":null,"editor":"MILLON","price":2600,"published_date":"2021-05-20T22:00:00.000000Z","support":"Grand format","publisher_availability":1,"stock":0,"editions":[],"url":"https:\/\/quaidesbrumes.com\/ouvrage\/9782841373673\/petrarque-et-la-poesie-europeenne-anthologie-petrarquiste"},{"id":"9782372981262","title":"M\u00e9moire de terres","description":"Nous venons des terres aurif\u00e8res, p\u00e9tris d'arguments, br\u00fbl\u00e9s de soleil. Nous venons de la grande terre des conqu\u00e9rants assoupis, qui n'ont rien perdu de leur morgue, dans le faste des ruines.\r\n\r\nEt nous emportons le chant des bardes et les \u00e9pop\u00e9es des chefferies qui parcouraient la terre \u00e0 dos de cheval, couvertes de givre et de lichens, comme bois de rennes \u00e0 l'automne.\r\n\r\nNous venons de la longue nuit du monde, dans la nudit\u00e9 du silence parfaire nos r\u00eaves d'infini et de conqu\u00eate.\r\n\r\nTerres devant nous, hautes terres magellaniques des d\u00e9couvreurs de caps et d'embruns !\r\n\r\nNous venons \u00e0 la mer dans l'\u00e9blouissement d'une rencontre, le vol d'un p\u00e9trel, l'\u00e9cume d'une vague, le destin amur\u00e9 \u00e0 l'horizon. Nous venons avec nos mains d'hommes recevoir le sacre du vent et de l'eau, veilleurs de longue haleine \u00e0 l'histoire effeuill\u00e9e.\r\n\r\nEt nous inventerons les portants qui nous m\u00e8neront aux rivages inconnus travers\u00e9s d'oiseaux et d'\u00e9nigmes, coureurs de vents, cartographiant les terres inconnues dans le sillon du jour.\r\n\r\nC'\u00e9tait de grandes m\u00e9har\u00e9es et de grands vaisseaux charg\u00e9s d'hommes et de r\u00eaves.","authors":["Nathalie Nabert"],"category_codes":["1000000","1090000"],"visuals":{"large":"https:\/\/images.epagine.fr\/262\/9782372981262_1_75.jpg","medium":"https:\/\/images.epagine.fr\/262\/9782372981262_1_m.jpg","thumbnail":"https:\/\/images.epagine.fr\/262\/9782372981262_1_v.jpg"},"orderable":true,"show_badge":true,"formatted_price":"20,00&nbsp;\u20ac","formatted_published_date":"13 juillet 2022","publisher_availability_label":"Sur commande","short_details":"Nathalie Nabert \u2014 AD SOLEM","translator":null,"weight":272,"page_count":80,"readership":null,"editor":"AD SOLEM","price":2000,"published_date":"2022-07-12T22:00:00.000000Z","support":"Grand format","publisher_availability":1,"stock":0,"editions":[],"url":"https:\/\/quaidesbrumes.com\/ouvrage\/9782372981262\/memoire-de-terres"},{"id":"9782845871953","title":"L'adresse - francoise cledat","description":null,"authors":["Fran\u00e7oise Cl\u00e9dat"],"category_codes":["1000000","1090000","1090600"],"visuals":{"large":"https:\/\/images.epagine.fr\/953\/9782845871953_1_75.jpg","medium":"https:\/\/images.epagine.fr\/953\/9782845871953_1_m.jpg","thumbnail":"https:\/\/images.epagine.fr\/953\/9782845871953_1_v.jpg"},"orderable":true,"show_badge":true,"formatted_price":"13,00&nbsp;\u20ac","formatted_published_date":"1er janvier 2010","publisher_availability_label":"Sur commande","short_details":"Fran\u00e7oise Cl\u00e9dat \u2014 Tarabuste","translator":null,"weight":500,"page_count":null,"readership":null,"editor":"Tarabuste","price":1300,"published_date":"2009-12-31T23:00:00.000000Z","support":"Grand format","publisher_availability":1,"stock":0,"editions":[],"url":"https:\/\/quaidesbrumes.com\/ouvrage\/9782845871953\/ladresse-francoise-cledat"},{"id":"9782359630473","title":"Gazelle, je t'enverrai","description":"\u00ab Gazelle, je t'enverrai \u00bb, publi\u00e9 en 1972, est un recueil qui a fait date dans la po\u00e9sie isra\u00e9lienne moderne tant par son originalit\u00e9 que par sa radicalit\u00e9. Compos\u00e9 de brefs textes sans titre qui font tant\u00f4t penser \u00e0 des notes arrach\u00e9es \u00e0 un journal intime et tant\u00f4t \u00e0 des sc\u00e8nes oniriques, dans une langue extr\u00eamement contrast\u00e9e o\u00f9 le registre biblique s'articule \u00e0 l'h\u00e9breu idiomatique, il est \u00e9galement marqu\u00e9 par une syntaxe bris\u00e9e, comme fut bris\u00e9e toute une g\u00e9n\u00e9ration, traumatis\u00e9e par la Shoah et les guerres successives du jeune \u00e9tat d'Isra\u00ebl.","authors":["Amir Gilboa"],"category_codes":["1000000","1090000"],"visuals":{"large":"https:\/\/images.epagine.fr\/473\/9782359630473_1_75.jpg","medium":"https:\/\/images.epagine.fr\/473\/9782359630473_1_m.jpg","thumbnail":"https:\/\/images.epagine.fr\/473\/9782359630473_1_v.jpg"},"orderable":true,"show_badge":true,"formatted_price":"14,00&nbsp;\u20ac","formatted_published_date":"17 mars 2021","publisher_availability_label":"Sur commande","short_details":"Amir Gilboa \u2014 EDITIONS LANSKINE","translator":null,"weight":112,"page_count":null,"readership":null,"editor":"EDITIONS LANSKINE","price":1400,"published_date":"2021-03-16T23:00:00.000000Z","support":"Grand format","publisher_availability":1,"stock":0,"editions":[],"url":"https:\/\/quaidesbrumes.com\/ouvrage\/9782359630473\/gazelle-je-tenverrai"},{"id":"9782359630497","title":"P'tit bonhomme de chemin","description":"Florence Trocm\u00e9 reprend ici \u00e0 son compte un r\u00e9cit m\u00e9connu de Jules Verne, P'tit Bonhomme, qui relate le p\u00e9riple d'un orphelin au temps de la domination anglaise et des famines en Irlande, au XIXe si\u00e8cle. Elle en r\u00e9\u00e9crit l'histoire en vers justifi\u00e9s et fait entendre en contrepoint toutes sortes de voix, personnelles et documentaires.","authors":["Florence Trocm\u00e9"],"category_codes":["1000000","1090000"],"visuals":{"large":"https:\/\/images.epagine.fr\/497\/9782359630497_1_75.jpg","medium":"https:\/\/images.epagine.fr\/497\/9782359630497_1_m.jpg","thumbnail":"https:\/\/images.epagine.fr\/497\/9782359630497_1_v.jpg"},"orderable":true,"show_badge":true,"formatted_price":"14,00&nbsp;\u20ac","formatted_published_date":"17 mars 2021","publisher_availability_label":"Sur commande","short_details":"Florence Trocm\u00e9 \u2014 EDITIONS LANSKINE","translator":null,"weight":93,"page_count":null,"readership":null,"editor":"EDITIONS LANSKINE","price":1400,"published_date":"2021-03-16T23:00:00.000000Z","support":"Grand format","publisher_availability":1,"stock":0,"editions":[],"url":"https:\/\/quaidesbrumes.com\/ouvrage\/9782359630497\/ptit-bonhomme-de-chemin"},{"id":"9782918220688","title":"Noeuds \/ nudos","description":"Noeuds est compos\u00e9 de deux parties : \u00ab Noeuds \u00bb et \u00ab Cultures \u00bb. Y sont encore \u00e9voqu\u00e9s la m\u00e9moire et le pass\u00e9, mais le mouvement vers la vie est plus brusque. Plus serr\u00e9 est le noeud plus fort est le mouvement qui le d\u00e9noue, et si l'on \u00e9choue, tout appelle \u00e0 recommencer. Nouer, d\u00e9nouer c'est faire et suivre des traces, des marques, des blessures. Toucher la blessure avec les mots pour se demander pourquoi elle saigne, vers qui. Toucher la blessure avec les mots pour la gu\u00e9rir, pour lui redonner vie, une autre vie.","authors":["Teresa Soto","Saberi Hud\u00e9lieau"],"category_codes":["1000000","1090000","1090600"],"visuals":{"large":"https:\/\/images.epagine.fr\/688\/9782918220688_1_75.jpg","medium":"https:\/\/images.epagine.fr\/688\/9782918220688_1_m.jpg","thumbnail":"https:\/\/images.epagine.fr\/688\/9782918220688_1_v.jpg"},"orderable":true,"show_badge":true,"formatted_price":"15,00&nbsp;\u20ac","formatted_published_date":"1er novembre 2018","publisher_availability_label":"Sur commande","short_details":"Teresa Soto, Saberi Hud\u00e9lieau \u2014 L'Herbe Qui Tremble","translator":"SABERI HUDLIEAU","weight":115,"page_count":82,"readership":null,"editor":"L'Herbe Qui Tremble","price":1500,"published_date":"2018-10-31T23:00:00.000000Z","support":"Grand format","publisher_availability":1,"stock":0,"editions":[],"url":"https:\/\/quaidesbrumes.com\/ouvrage\/9782918220688\/noeuds-nudos"},{"id":"9782376720577","title":"Qui t'es Ky\u00efv ?","description":"Qui quoi o\u00f9 comment pourquoi me battre ?\r\n Pour qui ?\r\n Pour nous, oui mais comment ?\r\n Qui\u00e2\u20ac\u2030? Eux oui mais o\u00f9 ?\r\n Comment ? Avec \u00e7a oui mais quand ?\r\n Parce que l\u00e0 maintenant \u00e7a ici.\r\n Avec \u00e7a !\r\n Avec eux !\r\n \r\n Entre 2013 et 2022, la chanteuse Cora Laba, autrice et compositrice, vit place Ma\u00efdan \u00e0 Ky\u00efv ce qu'on appelle la R\u00e9volution de la dignit\u00e9, puis l'arriv\u00e9e de la guerre qui la chasse de la ville aim\u00e9e.\r\n Voici ses po\u00e8mes et chants, carnets intimes et photos, formules magiques pour exorciser l'impuissance et t\u00e9moigner en un premier recueil sensible.\r\n Trouver le mot, le son, l'impact.\r\n \r\n \r\n Comme le sniper qu'il y avait sur mon toit, mais pour faire na\u00eetre une fleur dans la poitrine.\r\n \r\n [cahier de photos]","authors":["Cora Laba"],"category_codes":["1000000","1090000"],"visuals":{"large":"https:\/\/images.epagine.fr\/577\/9782376720577_1_75.jpg","medium":"https:\/\/images.epagine.fr\/577\/9782376720577_1_m.jpg","thumbnail":"https:\/\/images.epagine.fr\/577\/9782376720577_1_v.jpg"},"orderable":true,"show_badge":true,"formatted_price":"20,00&nbsp;\u20ac","formatted_published_date":"9 ao\u00fbt 2023","publisher_availability_label":"Sur commande","short_details":"Cora Laba \u2014 Eoliennes","translator":null,"weight":168,"page_count":104,"readership":null,"editor":"Eoliennes","price":2000,"published_date":"2023-08-08T22:00:00.000000Z","support":"Grand format","publisher_availability":1,"stock":0,"editions":[],"url":"https:\/\/quaidesbrumes.com\/ouvrage\/9782376720577\/qui-tes-kyiv"},{"id":"9782856680704","title":"La chasse d'eau","description":null,"authors":["Jean L'anselme"],"category_codes":["1000000","1090000"],"visuals":{"large":"https:\/\/images.epagine.fr\/704\/9782856680704_1_75.jpg","medium":"https:\/\/images.epagine.fr\/704\/9782856680704_1_m.jpg","thumbnail":"https:\/\/images.epagine.fr\/704\/9782856680704_1_v.jpg"},"orderable":true,"show_badge":true,"formatted_price":"13,00&nbsp;\u20ac","formatted_published_date":"1er mars 2001","publisher_availability_label":"Sur commande","short_details":"Jean L'anselme \u2014 Rougerie","translator":null,"weight":200,"page_count":null,"readership":null,"editor":"Rougerie","price":1300,"published_date":"2001-02-28T23:00:00.000000Z","support":"Grand format","publisher_availability":1,"stock":0,"editions":[],"url":"https:\/\/quaidesbrumes.com\/ouvrage\/9782856680704\/la-chasse-deau"},{"id":"9782930998008","title":"V\u00e9cu","description":"Fragments de vie, d'amour et d'amiti\u00e9... Blessures du temps ineffa\u00e7ables... Choix douloureux et solitude... Culpabilit\u00e9 et innocence... Silences contrits, rires et larmes... Insouciante jeunesse... Vieillissante sagesse... Espoirs d\u00e9\u00e7us, abn\u00e9gation... Le chemin des sentiments nous conduit toutes et tous vers cette qu\u00eate du bonheur qui semble toujours nous \u00e9chapper tant ce m\u00eame chemin est sem\u00e9 d'emb\u00fbches et d'interdits.\r\nDes obstacles \u00e0 la pl\u00e9nitude que certains parviennent \u00e0 surmonter mais sur lesquels d'autres \u00e9chouent, sans en comprendre les raisons. Mais, pour tous, ind\u00e9niablement... la vie est trop courte ! ...","authors":["Armel Timmerman"],"category_codes":["1000000","1090000","1090600"],"visuals":{"large":"https:\/\/images.epagine.fr\/008\/9782930998008_1_75.jpg","medium":"https:\/\/images.epagine.fr\/008\/9782930998008_1_m.jpg","thumbnail":"https:\/\/images.epagine.fr\/008\/9782930998008_1_v.jpg"},"orderable":true,"show_badge":true,"formatted_price":"20,00&nbsp;\u20ac","formatted_published_date":"22 mai 2018","publisher_availability_label":"Sur commande","short_details":"Armel Timmerman \u2014 Nouveau Regard","translator":null,"weight":250,"page_count":38,"readership":null,"editor":"Nouveau Regard","price":2000,"published_date":"2018-05-21T22:00:00.000000Z","support":"Grand format","publisher_availability":1,"stock":0,"editions":[],"url":"https:\/\/quaidesbrumes.com\/ouvrage\/9782930998008\/vecu"},{"id":"9791093300054","title":"Complainte sur la place Gu\u00e9rin","description":"L'histoire (farfelue) de la place Gu\u00e9rin \u00e0 Brest enfin mise en quatrains, depuis l'origine de l'humanit\u00e9 jusqu'\u00e0 l'ann\u00e9e prochaine.","authors":["Herv\u00e9 El\u00e9ouet"],"category_codes":["1000000","1090000"],"visuals":{"large":"https:\/\/images.epagine.fr\/054\/9791093300054_1_75.jpg","medium":"https:\/\/images.epagine.fr\/054\/9791093300054_1_m.jpg","thumbnail":"https:\/\/images.epagine.fr\/054\/9791093300054_1_v.jpg"},"orderable":true,"show_badge":true,"formatted_price":"4,00&nbsp;\u20ac","formatted_published_date":"14 avril 2018","publisher_availability_label":"Sur commande","short_details":"Herv\u00e9 El\u00e9ouet \u2014 Le Fantome Des Hortensias","translator":null,"weight":22,"page_count":40,"readership":null,"editor":"Le Fantome Des Hortensias","price":400,"published_date":"2018-04-13T22:00:00.000000Z","support":"Grand format","publisher_availability":1,"stock":0,"editions":[],"url":"https:\/\/quaidesbrumes.com\/ouvrage\/9791093300054\/complainte-sur-la-place-guerin"},{"id":"9791093300061","title":"Il arrive parfois que mes tableaux me manquent","description":"Pour composer ce livre, Mathias, artiste peintre, a soumis des fragments de ses tableaux \u00e0 Anne Jullien, po\u00e8te. Le r\u00e9sultat : un petit ouvrage en 32 vignettes et autant de surprenantes variations litt\u00e9raires.","authors":["Anne Jullien","Mathias"],"category_codes":["1000000","1090000"],"visuals":{"large":"https:\/\/images.epagine.fr\/061\/9791093300061_1_75.jpg","medium":"https:\/\/images.epagine.fr\/061\/9791093300061_1_m.jpg","thumbnail":"https:\/\/images.epagine.fr\/061\/9791093300061_1_v.jpg"},"orderable":true,"show_badge":true,"formatted_price":"8,00&nbsp;\u20ac","formatted_published_date":"27 f\u00e9vrier 2019","publisher_availability_label":"Sur commande","short_details":"Anne Jullien, Mathias \u2014 Le Fantome Des Hortensias","translator":null,"weight":40,"page_count":84,"readership":null,"editor":"Le Fantome Des Hortensias","price":800,"published_date":"2019-02-26T23:00:00.000000Z","support":"Grand format","publisher_availability":1,"stock":0,"editions":[],"url":"https:\/\/quaidesbrumes.com\/ouvrage\/9791093300061\/il-arrive-parfois-que-mes-tableaux-me-manquent"},{"id":"9782923926049","title":"De la paix en jach\u00e8re","description":"De la paix en jach\u00e8re\u00a0\/ et si nous chantions encore un peu ?\u00a0\/ et si nous partagions nos grands r\u00e9cits ?\u00a0\/ et si notre m\u00e9moire rassasi\u00e9e\u00a0\/ nous allumions un doux brasier\u00a0\/ en hommage aux Anciens ?\u00a0\/ et si nous arborions toujours leurs noms\u00a0\/ sous l'oeil bienveillant de Petite Tortue ?\u00a0\/ nous n'aurions rien perdu\u00a0\/ de notre noblesse\u00a0\/ Au creux de grands d\u00e9rangements,\u00a0\/ Louis-Karl Picard-Sioui propose aux Wendats\u00a0\/ de relever le mat.\u00a0\/ Il \u00e9crit dans ce recueil une po\u00e9sie guerri\u00e8re\u00a0\/ pour vaincre les doutes l\u00e9gu\u00e9s.","authors":["Louis-Karl Picard-Sioui"],"category_codes":["1000000","1090000"],"visuals":{"large":"https:\/\/images.epagine.fr\/049\/9782923926049_1_75.jpg","medium":"https:\/\/images.epagine.fr\/049\/9782923926049_1_m.jpg","thumbnail":"https:\/\/images.epagine.fr\/049\/9782923926049_1_v.jpg"},"orderable":true,"show_badge":true,"formatted_price":"16,00&nbsp;\u20ac","formatted_published_date":"1er avril 2012","publisher_availability_label":"Sur commande","short_details":"Louis-Karl Picard-Sioui \u2014 Hannenorak","translator":null,"weight":401,"page_count":null,"readership":null,"editor":"Hannenorak","price":1600,"published_date":"2012-03-31T22:00:00.000000Z","support":"Grand format","publisher_availability":1,"stock":0,"editions":[],"url":"https:\/\/quaidesbrumes.com\/ouvrage\/9782923926049\/de-la-paix-en-jachere"},{"id":"9780571365869","title":"TWO BESIDES","description":"Two brand-new monologues in the Talking Heads series, as seen on BBC1 and iPlayer \r\n'Given the opportunity to revisit the characters from Talking Heads I've added a couple more, both of them ordinary women whom life takes by surprise. They just about end up on top and go on, but without quite knowing how. Still, they're in good company, and at least they've made it into print.' \r\nAlan Bennett's twelve Talking Heads are acknowledged masterworks by one of our most highly acclaimed writers. Some thirty years after the original six, Bennett has written Two Besides, a pair of monologues. Each, in its way, is a devastating portrait of grief. In An Ordinary Woman, a mother suffers the inevitable consequences when she makes life intolerable for herself and her family by falling for her own flesh and blood; while The Shrine tells the story behind a makeshift roadside shrine, introducing us to Lorna, bearing witness in her high-vis jacket, the bereft partner of a dedicated biker with a surprising private life.  \r\nThe two new Talking Heads were recorded for the BBC during the exceptional circumstances of coronavirus lockdown in the spring of 2020, directed by Nicholas Hytner and performed by Sarah Lancashire and Monica Dolan.\r\nThe book contains a substantial preface by Nicholas Hytner and an introduction to each, by Alan Bennett.\r","authors":["Alan Bennett"],"category_codes":["1000000","1090000"],"visuals":{"large":"https:\/\/images.epagine.fr\/869\/9780571365869_1_75.jpg","medium":"https:\/\/images.epagine.fr\/869\/9780571365869_1_m.jpg","thumbnail":"https:\/\/images.epagine.fr\/869\/9780571365869_1_v.jpg"},"orderable":true,"show_badge":true,"formatted_price":"12,90&nbsp;\u20ac","formatted_published_date":"15 octobre 2021","publisher_availability_label":"Sur commande","short_details":"Alan Bennett \u2014 Profile Books","translator":null,"weight":76,"page_count":93,"readership":null,"editor":"Profile Books","price":1290,"published_date":"2021-10-14T22:00:00.000000Z","support":"Poche","publisher_availability":1,"stock":0,"editions":[],"url":"https:\/\/quaidesbrumes.com\/ouvrage\/9780571365869\/two-besides"},{"id":"9782845875203","title":"Un tombeau pour Sylvie","description":"Avec des gouaches de Djamel Meskache \/ \"J'aurais voulu b\u00e2tir un tombeau pour SYLVIE, mais il n'y a plus de place dans la ville des morts, aussi surpeupl\u00e9e que celle des vivants. Elle a d\u00fb se contenter d'une case minuscule au columbarium, et son nom n'a pu \u00eatre grav\u00e9 dans le marbre: il est \u00e0 peine lisible sur la plaque administrative scell\u00e9e dans le pl\u00e2tre qui bouche l'entr\u00e9e de sa cellule.\r\nIl est interdit de d\u00e9poser des fleurs au pied du mur. On ne peut m\u00eame plus lui rendre visite, le cimeti\u00e8re \u00e9tant ferm\u00e9 pour cause de confinement. Du moins aurai-je pu inscrire son pr\u00e9nom dans ces pages, pour qu'il vive dans la m\u00e9moire de ceux qui auront envie de les parcourir et pour en accentuer la seconde syllabe, qu'elle aimait d\u00e9tacher pour mieux y faire entendre l'appel de la vie.\" M. COLLOT","authors":["Michel Collot"],"category_codes":["1000000","1090000","1090600"],"visuals":{"large":"https:\/\/images.epagine.fr\/203\/9782845875203_1_75.jpg","medium":"https:\/\/images.epagine.fr\/203\/9782845875203_1_m.jpg","thumbnail":"https:\/\/images.epagine.fr\/203\/9782845875203_1_v.jpg"},"orderable":true,"show_badge":true,"formatted_price":"15,00&nbsp;\u20ac","formatted_published_date":"21 d\u00e9cembre 2020","publisher_availability_label":"Sur commande","short_details":"Michel Collot \u2014 Tarabuste","translator":null,"weight":500,"page_count":50,"readership":null,"editor":"Tarabuste","price":1500,"published_date":"2020-12-20T23:00:00.000000Z","support":"Grand format","publisher_availability":1,"stock":0,"editions":[],"url":"https:\/\/quaidesbrumes.com\/ouvrage\/9782845875203\/un-tombeau-pour-sylvie"},{"id":"9782490353484","title":"Basalte et javel","description":"Recueil de po\u00e9sie influenc\u00e9 par la po\u00e9sie exp\u00e9rimentale (Tarkos, Pennequin, Quintane...).\r\nLe recueil Basalte et Javel traverse le sens dans une sorte de dysfonction de la machine symbolique (bien loin des recherches surr\u00e9alistes). Il cherche par ce biais \u00e0 construire des po\u00e8mes a priori, c'est-\u00e0-dire qui n'ont de sens qu'au-dedans de l'id\u00e9e (non du concept), sans r\u00e9f\u00e9rence au monde r\u00e9el si ce n'est que pour mieux agencer le po\u00e8me dans une parole parl\u00e9e, but qui n'a de r\u00e9f\u00e9rent qu'elle-m\u00eame.\r\nCe qui frappe dans Basalte et Javel, en premier lieu, c'est sa force d'\u00e9mergence quasi paradoxale, parce qu'elle est \u00e0 la fois affirmation et questionnement. Il y a l\u00e0, dans cette tension pleine de doute et d'incertitude, de belles intuitions : \u00ab Mais je me pose la question \/ Parce qu'un texte \u00e7a doit se poser des questions \/ En revenant un peu en arri\u00e8re \u00bb.   Ou encore : \u00ab Je sais que le fort c'est de dire \/ Avec des forces que l'on a pas \u00bb. On per\u00e7oit une sensibilit\u00e9 en \u00e9veil, encore fr\u00e9missante, qui trouve peut-\u00eatre son expression la plus sinc\u00e8re lorsque le po\u00e8te \u00e9voque la \u00ab m\u00e8re lorsqu'elle a bu \u00bb. Aussi quelque chose comme une rage douloureuse, fi\u00e9vreuse plut\u00f4t, mais tr\u00e8s n\u00e9cessaire, qui cherche et trouve sa voie (et sa voix) dans l'\u00e9criture. Ainsi, oui, il semble bien que rien de ce qui est humain ne lui soit \u00e9tranger.","authors":["Antonin Veyrac"],"category_codes":["1000000","1090000","1090600"],"visuals":{"large":"https:\/\/images.epagine.fr\/484\/9782490353484_1_75.jpg","medium":"https:\/\/images.epagine.fr\/484\/9782490353484_1_m.jpg","thumbnail":"https:\/\/images.epagine.fr\/484\/9782490353484_1_v.jpg"},"orderable":true,"show_badge":true,"formatted_price":"12,00&nbsp;\u20ac","formatted_published_date":"4 janvier 2021","publisher_availability_label":"Sur commande","short_details":"Antonin Veyrac \u2014 Supernova Project","translator":null,"weight":145,"page_count":64,"readership":null,"editor":"Supernova Project","price":1200,"published_date":"2021-01-03T23:00:00.000000Z","support":"Grand format","publisher_availability":1,"stock":0,"editions":[],"url":"https:\/\/quaidesbrumes.com\/ouvrage\/9782490353484\/basalte-et-javel"},{"id":"9782918065401","title":"Fleurs d'\u00e2me","description":"Chaill\u00e9-sous-les-Omeaux et Paris, du bocage yonnais \u00e0 l'Exposition Universelle (1899), quel rapport ? Un homme, Edmond Bocquier, n\u00e9 dans le village au bord de l'Yon qu'il prend pour sujet d'une Monographie et qu'il pr\u00e9sente lors de la fameuse manifestation. En effet, \u00e0 la charni\u00e8re des XIXe et XXe si\u00e8cles, l'instituteur Edmond Bocquier manifeste une curiosit\u00e9 et une comp\u00e9tence scientifiques remarquables dans les domaines de ce que l'on appelle les Sciences de la Vie et de la Terre : biologie, g\u00e9ologie, botanique, arch\u00e9ologie, malacologie, etc., auxquelles on pourrait ajouter l'\u00e9cologie dont il para\u00eet \u00eatre un \u00e9vident pr\u00e9curseur. Son terrain d'\u00e9tudes privil\u00e9gi\u00e9, ce sont les vall\u00e9es de l'Yon, du Marillet et du Graon (depuis, engloutie sous les eaux d'un barrage) si bien que, chemin faisant, le jeune savant rencontre la po\u00e9sie.","authors":["Edmond Bocquier"],"category_codes":["1000000","1090000"],"visuals":{"large":"https:\/\/images.epagine.fr\/401\/9782918065401_1_75.jpg","medium":"https:\/\/images.epagine.fr\/401\/9782918065401_1_m.jpg","thumbnail":"https:\/\/images.epagine.fr\/401\/9782918065401_1_v.jpg"},"orderable":true,"show_badge":true,"formatted_price":"15,00&nbsp;\u20ac","formatted_published_date":"26 mars 2021","publisher_availability_label":"Sur commande","short_details":"Edmond Bocquier \u2014 Le Jarosset","translator":null,"weight":246,"page_count":160,"readership":null,"editor":"Le Jarosset","price":1500,"published_date":"2021-03-25T23:00:00.000000Z","support":"Grand format","publisher_availability":1,"stock":0,"editions":[],"url":"https:\/\/quaidesbrumes.com\/ouvrage\/9782918065401\/fleurs-dame"},{"id":"9782911136139","title":"( !? x : ..? x!","description":"Un po\u00e8me \u00e9crit par l'artiste pour l'espace du livre compos\u00e9 seulement de signes de ponctuations.","authors":["Olaf Nicolai"],"category_codes":["1000000","1090000"],"visuals":{"large":"https:\/\/images.epagine.fr\/139\/9782911136139_1_75.jpg","medium":"https:\/\/images.epagine.fr\/139\/9782911136139_1_m.jpg","thumbnail":"https:\/\/images.epagine.fr\/139\/9782911136139_1_v.jpg"},"orderable":true,"show_badge":true,"formatted_price":"12,00&nbsp;\u20ac","formatted_published_date":"26 mars 2021","publisher_availability_label":"Sur commande","short_details":"Olaf Nicolai \u2014 Florence Loewy","translator":null,"weight":105,"page_count":24,"readership":null,"editor":"Florence Loewy","price":1200,"published_date":"2021-03-25T23:00:00.000000Z","support":"Grand format","publisher_availability":1,"stock":0,"editions":[],"url":"https:\/\/quaidesbrumes.com\/ouvrage\/9782911136139\/x-x"},{"id":"9782896984640","title":"Empar\u00e9e","description":"Laurette Gagnon, n\u00e9e T\u00e9treault, est venue au monde en 1916. Elle a port\u00e9 plus d'enfants qu'elle n'en a \u00e9lev\u00e9. Treize. Elle a fait rouler la maisonn\u00e9e. Son mari Arthur travaillait comme dessinateur de plans de maisons pour la Ville de Grand-M\u00e8re. Laurette a v\u00e9cu le deuil d'un enfant, frapp\u00e9 par une voiture dans la fleur de l'\u00e2ge. Elle mesurait environ cinq pieds et n'a jamais mis de talons hauts. Sa porte \u00e9tait toujours ouverte. Elle a partag\u00e9 sa vie presque jusqu'\u00e0 la fin avec trois de ses filles, qui habitent toujours la maison familiale. Elle est d\u00e9c\u00e9d\u00e9e des suites d'un trouble cognitif \u00e0 l'\u00e2ge de quatre-vingt-sept ans. Elle aimait et \u00e9tait aim\u00e9e. Je suis l'une de ses douze petites-filles et petits-fils. Ce livre en est un de fiction, de souvenirs et de faits. - R. G","authors":["Ren\u00e9e Gagnon"],"category_codes":["1000000","1090000","1090600"],"visuals":{"large":"https:\/\/images.epagine.fr\/640\/9782896984640_1_75.jpg","medium":"https:\/\/images.epagine.fr\/640\/9782896984640_1_m.jpg","thumbnail":"https:\/\/images.epagine.fr\/640\/9782896984640_1_v.jpg"},"orderable":true,"show_badge":true,"formatted_price":"14,00&nbsp;\u20ac","formatted_published_date":"11 d\u00e9cembre 2020","publisher_availability_label":"Sur commande","short_details":"Ren\u00e9e Gagnon \u2014 LE QUARTANIER","translator":null,"weight":401,"page_count":112,"readership":null,"editor":"LE QUARTANIER","price":1400,"published_date":"2020-12-10T23:00:00.000000Z","support":"Grand format","publisher_availability":1,"stock":0,"editions":[],"url":"https:\/\/quaidesbrumes.com\/ouvrage\/9782896984640\/emparee"},{"id":"9782896985005","title":"Pomp\u00e9i","description":"Proche des oeuvres d'H\u00e9l\u00e8ne Monette, de Patrice Desbiens et de Michel Beaulieu, Pomp\u00e9i donne \u00e0 entendre une voix o\u00f9 r\u00e9sonnent hantises et peurs communes, deuils et passages \u00e0 vide - une voix qui \u00e9coute et voit, attentive aux gestes, aux choses, \u00e0 ce qui est vou\u00e9 \u00e0 dispara\u00eetre.\r\n \r\nChaque fois que je sors de moi-m\u00eame, je me liqu\u00e9fie, au gr\u00e9 des journ\u00e9es de travail et des villes o\u00f9 je m'\u00e9gare, \u00e9tranger. Je m'arrache du lit le matin pour retomber en enfance ou en convulsion devant les cadences d'un monde durci. Partout l'avenir passe pour mort et j'essaie d'habiter le pr\u00e9sent dans un univers d'algorithmes o\u00f9 r\u00e8gnent l'\u00e9vasion et l'exp\u00e9rience client - pour un peu, j'y croirais encore. Il y a les voix de mes parents et tous mes \u00e2ges emm\u00eal\u00e9s, il y a des nu\u00e9es d'oiseaux jaseurs et mon corps couvert de cendres. Il y a les signes multiples que nous courons \u00e0 notre perte et l'\u00e9vidence de ma bonne fortune. Je sais bien qu'on dort toujours sur le V\u00e9suve, n'emp\u00eache : j'apprends \u00e0 \u00eatre l\u00e0 pour ceux que j'aime. - P.R.","authors":["Patrice Roy"],"category_codes":["1000000","1090000","1090600"],"visuals":{"large":"https:\/\/images.epagine.fr\/005\/9782896985005_1_75.jpg","medium":"https:\/\/images.epagine.fr\/005\/9782896985005_1_m.jpg","thumbnail":"https:\/\/images.epagine.fr\/005\/9782896985005_1_v.jpg"},"orderable":true,"show_badge":true,"formatted_price":"14,00&nbsp;\u20ac","formatted_published_date":"11 d\u00e9cembre 2020","publisher_availability_label":"Sur commande","short_details":"Patrice Roy \u2014 LE QUARTANIER","translator":null,"weight":401,"page_count":120,"readership":null,"editor":"LE QUARTANIER","price":1400,"published_date":"2020-12-10T23:00:00.000000Z","support":"Grand format","publisher_availability":1,"stock":0,"editions":[],"url":"https:\/\/quaidesbrumes.com\/ouvrage\/9782896985005\/pompei"},{"id":"9782824113494","title":"Chants pour rien et de nulle part : Ce qui murmure au bord du temps","description":"La po\u00e9sie de Philippe Ottavy est une g\u00e9ode, brute, sombre et resplendissante. Le po\u00e8te est ici un joaillier, taillant un diamant noir, au rythme musical et ent\u00eatant des maux de l'\u00e2me... \r\n\r\nVous enfants du triste matin \r\n\r\nDe?s la naissance abasourdis \r\n\r\nD\u00e9j\u00e0 d\u00e9faits d\u00e9j\u00e0 fl\u00e9tris\r\n\r\nQui vous a mis sur le chemin ?","authors":["Philippe Ottavy"],"category_codes":["1000000","1090000"],"visuals":{"large":"https:\/\/images.epagine.fr\/494\/9782824113494_1_75.jpg","medium":"https:\/\/images.epagine.fr\/494\/9782824113494_1_m.jpg","thumbnail":"https:\/\/images.epagine.fr\/494\/9782824113494_1_v.jpg"},"orderable":true,"show_badge":true,"formatted_price":"13,00&nbsp;\u20ac","formatted_published_date":"19 mars 2024","publisher_availability_label":"Sur commande","short_details":"Philippe Ottavy \u2014 Albiana","translator":null,"weight":147,"page_count":72,"readership":null,"editor":"Albiana","price":1300,"published_date":"2024-03-18T23:00:00.000000Z","support":"Grand format","publisher_availability":1,"stock":0,"editions":[],"url":"https:\/\/quaidesbrumes.com\/ouvrage\/9782824113494\/chants-pour-rien-et-de-nulle-part-ce-qui-murmure-au-bord-du-temps"},{"id":"9782491791940","title":"KABOUYA A LAVI","description":"Dans ce beau recueil de po\u00e8mes, avec la participation d'Artwhos-Garin Jules, artiste peintre Guadeloup\u00e9en, je viens en toute simplicit\u00e9 parler de la vie au pays, \u00e0 travers quelques vers. Ma petite \u00eele est remplie d'hommes et de femmes indigents. Nous ne serons jamais tout seul. Les mis\u00e9rables avec tous les d\u00e9boires de la vie, ne peuvent prendre le pouvoir. Les marins-p\u00e9cheurs font tout ce qu'ils peuvent. P\u00e8re \u00eates-vous, debout ! Les femmes d'antan ont annonc\u00e9 que le criquet, le merle et le racoon vont chanter ensemble : \u00ab Je t'aime mon n\u00e8gre et il ne suffit pas \u00bb Apr\u00e8s quoi, vous \u00e9couterez le ressac de la mer avec moi avant de se mettre au lit.","authors":["Nicole Garin Penture"],"category_codes":["1000000","1090000","1090600"],"visuals":{"large":"https:\/\/images.epagine.fr\/940\/9782491791940_1_75.jpg","medium":"https:\/\/images.epagine.fr\/940\/9782491791940_1_m.jpg","thumbnail":"https:\/\/images.epagine.fr\/940\/9782491791940_1_v.jpg"},"orderable":true,"show_badge":true,"formatted_price":"14,00&nbsp;\u20ac","formatted_published_date":"1er juin 2023","publisher_availability_label":"Sur commande","short_details":"Nicole Garin Penture \u2014 Neg Mawon","translator":null,"weight":157,"page_count":76,"readership":null,"editor":"Neg Mawon","price":1400,"published_date":"2023-05-31T22:00:00.000000Z","support":"Grand format","publisher_availability":1,"stock":0,"editions":[],"url":"https:\/\/quaidesbrumes.com\/ouvrage\/9782491791940\/kabouya-a-lavi"},{"id":"9782490353354","title":"SNI","description":"Dans le texte po\u00e9tique le SNI n'est pas \u00e9lucid\u00e9, on ne sait qui il est, d'o\u00f9 il vient. Une sorte d'expatri\u00e9 apatride. Il reste une \u00e9nigme, un trou noir, un trou de m\u00e9moire, un souvenir diffus confus, sans corps, qui cherche un corps. Peut-\u00eatre. Il n'est circonscrit que par ses sympt\u00f4mes. Il est innommable. Mais pas intouchable. Innommable conceptuellement, mais palpable. Car il s'agit bien l\u00e0 de palpations.S, N, et I sont les corps dissoci\u00e9s du corps d'origine du SNI. Chaque corps existe pour activer\/d\u00e9sactiver le trou noir qu'est le SNI. Il fut un temps o\u00f9 ces corps dissoci\u00e9s n'\u00e9taient qu'un. L'un d'eux sera le po\u00e8te. Le \u00ab I \u00bb, assur\u00e9ment c'est-\u00e0-dire Julie Coutureau.Le sni, le S-N-I, c'est une charade, une aventure po\u00e9tique exp\u00e9rimentale et phon\u00e9tique, un rhizome litt\u00e9raire, une enqu\u00eate abusive, une lecture auditive, des sons dans le sens et des sens dans le son, une crise auditive, un Que-sais-je en choeur, une anarchie en forme, un d\u00e9fi \u00e0 la case, un trop-plein en d\u00e9rive, des racines de flux \u00e9motionnels, de la m\u00e9moire charcuti\u00e8re dans une culture de jach\u00e8re, un poussoir \u00e0 rester vivant, du jambon, des gu\u00eapes, des trous noirs de corps et d'arbres, un essai en for\u00eat dans l'hippocampe, l'amygdale \u00e0 ses trousses, c'est l'arbre de la for\u00eat poussant dans la plaie, de la vie dans la plaie, et du rire au sommet et du rire dans les creux des patates en forme de coeur et dans les creux des fesses et des montagnes.Ce livre est un jardin, en somme. Une d\u00e9-culture multi-culture dans un \u00e9tat revendiqu\u00e9 de jach\u00e8re g\u00e9ante. Que \u00e7a pousse. Co\u00fbte que co\u00fbte.","authors":["Julie Coutureau"],"category_codes":["1000000","1090000","1090600"],"visuals":{"large":"https:\/\/images.epagine.fr\/354\/9782490353354_1_75.jpg","medium":"https:\/\/images.epagine.fr\/354\/9782490353354_1_m.jpg","thumbnail":"https:\/\/images.epagine.fr\/354\/9782490353354_1_v.jpg"},"orderable":true,"show_badge":true,"formatted_price":"15,00&nbsp;\u20ac","formatted_published_date":"27 ao\u00fbt 2021","publisher_availability_label":"Sur commande","short_details":"Julie Coutureau \u2014 Supernova Project","translator":null,"weight":245,"page_count":144,"readership":null,"editor":"Supernova Project","price":1500,"published_date":"2021-08-26T22:00:00.000000Z","support":"Grand format","publisher_availability":1,"stock":0,"editions":[],"url":"https:\/\/quaidesbrumes.com\/ouvrage\/9782490353354\/sni"},{"id":"9782952598040","title":"Variations sur les mots ; Sion","description":"Mi-prose, mi-po\u00e9sie, ces dissertations n'ont d'autre ambition, sans exclure l'apologie ni la distraction, que jouer sur le mot Sion et ses variations, avec ou sans rimes, en prenant le vent d'une humble cogitation, en suivant son rythme et ses fluctuations...","authors":["Fr\u00e9d\u00e9ric Baudin"],"category_codes":["1000000","1090000"],"visuals":{"large":"https:\/\/images.epagine.fr\/040\/9782952598040_1_75.jpg","medium":"https:\/\/images.epagine.fr\/040\/9782952598040_1_m.jpg","thumbnail":"https:\/\/images.epagine.fr\/040\/9782952598040_1_v.jpg"},"orderable":true,"show_badge":true,"formatted_price":"15,00&nbsp;\u20ac","formatted_published_date":"1er janvier 2021","publisher_availability_label":"Sur commande","short_details":"Fr\u00e9d\u00e9ric Baudin \u2014 Culture Environnement Medias","translator":null,"weight":355,"page_count":256,"readership":null,"editor":"Culture Environnement Medias","price":1500,"published_date":"2020-12-31T23:00:00.000000Z","support":"Grand format","publisher_availability":1,"stock":0,"editions":[],"url":"https:\/\/quaidesbrumes.com\/ouvrage\/9782952598040\/variations-sur-les-mots-sion"}]}