{"data":[{"id":"9791096199242","title":"Ailleurs debout","description":"Composition: 28 photographies couleurs et noir-blanc de l'auteur, 28 textes in\u00e9dits et une postface de l'auteur.\r\n\r\nDans nos yeux, dans le cadre, les spectacles du monde croisent nos propres obsessions et ce que nous voyons alors, c'est notre th\u00e9\u00e2tre d'images intimes...\r\nOn est soi-m\u00eame dans ce que l'on voit. Et simultan\u00e9ment quelque chose d'autre, d'irr\u00e9ductible, est l\u00e0 devant nous et nous d\u00e9cale, nous invite ailleurs - un ailleurs o\u00f9 l'on se sent bien ; o\u00f9 nous nous sentons parfois plus int\u00e8gres que dans nos d\u00e9cors assign\u00e9s.\r\nCe qui importe alors, ce n'est pas l'anecdote du voyage, ni les circonstances, mais bien la singularit\u00e9 de ce que nous rencontrons, ce qu'elle r\u00e9v\u00e8le en nous - et cette sensation d'innocence retrouv\u00e9e lorsque nous sentons nos sens \u00e0 nouveau \u00e9carquill\u00e9s.\r\nCe livre donne peut-\u00eatre corps \u00e0 cette impression de nous reconna\u00eetre en l'autre, d'y toucher une dimension que nous n'avions pas d\u00e9velopp\u00e9e mais nous est intime - et qui s'ouvre dans la rencontre, nous \u00e9largit.","authors":["Jean-Marc Barrier"],"category_codes":["1000000","1090000","1090600"],"visuals":{"large":"https:\/\/images.epagine.fr\/242\/9791096199242_1_75.jpg","medium":"https:\/\/images.epagine.fr\/242\/9791096199242_1_m.jpg","thumbnail":"https:\/\/images.epagine.fr\/242\/9791096199242_1_v.jpg"},"orderable":true,"show_badge":true,"formatted_price":"23,00&nbsp;\u20ac","formatted_published_date":"1er octobre 2019","publisher_availability_label":"Sur commande","short_details":"Jean-Marc Barrier \u2014 Phloeme","translator":null,"weight":300,"page_count":80,"readership":null,"editor":"Phloeme","price":2300,"published_date":"2019-09-30T22:00:00.000000Z","support":"Grand format","publisher_availability":1,"stock":0,"editions":[],"url":"https:\/\/quaidesbrumes.com\/ouvrage\/9791096199242\/ailleurs-debout"},{"id":"9782954818054","title":"Tanieres de lunes","description":null,"authors":["Maria-Merc\u00e9 Mar\u00e7al"],"category_codes":["1000000","1090000","1090600"],"visuals":{"large":"https:\/\/images.epagine.fr\/054\/9782954818054_1_75.jpg","medium":"https:\/\/images.epagine.fr\/054\/9782954818054_1_m.jpg","thumbnail":"https:\/\/images.epagine.fr\/054\/9782954818054_1_v.jpg"},"orderable":true,"show_badge":true,"formatted_price":"13,00&nbsp;\u20ac","formatted_published_date":"1er mai 2016","publisher_availability_label":"Sur commande","short_details":"Maria-Merc\u00e9 Mar\u00e7al \u2014 Supernova Project","translator":null,"weight":230,"page_count":null,"readership":null,"editor":"Supernova Project","price":1300,"published_date":"2016-04-30T22:00:00.000000Z","support":"Grand format","publisher_availability":1,"stock":0,"editions":[],"url":"https:\/\/quaidesbrumes.com\/ouvrage\/9782954818054\/tanieres-de-lunes"},{"id":"9783036101231","title":"Contre la mort","description":"Suivre les pas d'Orph\u00e9e, devenir son ombre, son souffle, emprunter sa voix. Aller contre la mort, \u00e0 sa rencontre, tout contre. Des hautes for\u00eats de Thrace aux marais soufreux des enfers, de la source qui enfanta Eurydice \u00e0 la rive qui donna naissance \u00e0 l'orphisme.\r\n\t\t\t\t\r\n\t\t\t\tOrph\u00e9e, un nom qui d\u00e9finit la po\u00e9sie, et dont la destin\u00e9e se r\u00e9sume au d\u00e9chirement : d\u00e9chirer la langue, fouiller sa d\u00e9chirure, \u00e0 la mani\u00e8re de sorciers jugeant du foie de leurs victimes, d\u00e9chirer la chair, pour chercher le d\u00e9sir absent ou r\u00e9ifier ses r\u00eaves.\r\n\t\t\t\t\r\n\t\t\t\tInitiation aux arcanes de l'int\u00e9riorit\u00e9, \u00e0 notre propre obscurit\u00e9. Formule de l'\u00e9ternit\u00e9 qui luit sur les lamelles enfouies dans les tombes. Paroles du fond des \u00e2ges qui r\u00e9sonnent jusqu'ici et maintenant, nous obligeant \u00e0 nous retourner, \u00e0 faire face \u00e0 la fatalit\u00e9.\r\n\t\t\t\t\r\n\t\t\t\tMyst\u00e8res : une s\u00e9rie autour du mythe, dont le sens ne s'\u00e9puise pas, non parce qu'il serait illusoire et au final absent, mais parce qu'il est mobile et multiple. La r\u00e9\u00e9criture est une r\u00e9surrection.","authors":["Jos\u00e9phine Lanesem"],"category_codes":["1000000","1090000","1090600"],"visuals":{"large":"https:\/\/images.epagine.fr\/231\/9783036101231_1_75.jpg","medium":"https:\/\/images.epagine.fr\/231\/9783036101231_1_m.jpg","thumbnail":"https:\/\/images.epagine.fr\/231\/9783036101231_1_v.jpg"},"orderable":true,"show_badge":true,"formatted_price":"7,00&nbsp;\u20ac","formatted_published_date":"12 novembre 2020","publisher_availability_label":"Sur commande","short_details":"Jos\u00e9phine Lanesem \u2014 ABRUPT","translator":null,"weight":201,"page_count":60,"readership":null,"editor":"ABRUPT","price":700,"published_date":"2020-11-11T23:00:00.000000Z","support":"Grand format","publisher_availability":1,"stock":0,"editions":[],"url":"https:\/\/quaidesbrumes.com\/ouvrage\/9783036101231\/contre-la-mort"},{"id":"9782374050744","title":"La gloire des poussi\u00e8res","description":"Pourquoi veut-on que les poussi\u00e8res ne soient que d'infimes fragments de choses et de vies d\u00e9faites, ce que l'oubli d\u00e9pose sur des meubles abstraits, des livres sans regards et des miroirs \u00e9teints ?\r\n\r\nDestin de toute mati\u00e8re ne sont-elles pas aussi la preuve \u00e9vidente d'une dynamique \u00e9l\u00e9mentaire, vivantes parcelles capables d'\u00e9lan, de turbulence, de fougue ? Enfant, souvent je les vis jaillir en trombe des \u00e9cailles d'une terre esp\u00e9rant la pluie. Tourbillon diabolique, aimant\u00e9 \u00e0 la fois par le ciel et par le lointain, elles traversaient, en quelques secondes, ce paysage qu'\u00e9puisait la tyrannie des soleils, avant de dispara\u00eetre, fascinante vision trop vite devenue m\u00e9moire.\r\n\r\nPlus tard, une fois de plus sur le versant de ce qui s'anime et anime, elles m'ont aid\u00e9 \u00e0 concevoir la fabuleuse activit\u00e9  de la grande Fabrique de l'\u00catre qui d'invisibles particules tombant dans le vide fait la pierre et le miel, fait la terre et le feu, et m\u00eame le corps et l'\u00e2me des humains qui peuplent le monde. C'\u00e9tait dans Lucr\u00e8ce, je crois, dont le latin m'\u00e9clairait sur les secr\u00e8tes combinaisons d'atomes, devenus, dans son r\u00eave et le mien,  minuscules grains de soleil dansant dans la lumi\u00e8re.\r\n\r\nAujourd'hui les poussi\u00e8res reviennent dans mes po\u00e8mes. Elles pardonnent, sans se forcer, \u00e0 un passant de l'Infini, \u00abd'\u00e9pousseter le grand silence \/ qui s'installe entre les \u00e9toiles \u00bb ; elles oublient ce que, dans l'or d'un paysage, au seuil de ce recueil, elles ont doucement r\u00e9v\u00e9l\u00e9, avec la complicit\u00e9 d'un bouffon, au vieux Roi arm\u00e9nien, anobli par l'exil : la fragilit\u00e9 des royaumes, la facticit\u00e9 de sa gloire.\r\n\r\nR. F.","authors":["Raymond Farina"],"category_codes":["1000000","1090000","1090600"],"visuals":{"large":"https:\/\/images.epagine.fr\/744\/9782374050744_1_75.jpg","medium":"https:\/\/images.epagine.fr\/744\/9782374050744_1_m.jpg","thumbnail":"https:\/\/images.epagine.fr\/744\/9782374050744_1_v.jpg"},"orderable":true,"show_badge":true,"formatted_price":"16,00&nbsp;\u20ac","formatted_published_date":"31 ao\u00fbt 2020","publisher_availability_label":"Sur commande","short_details":"Raymond Farina \u2014 Alcyone","translator":null,"weight":0,"page_count":62,"readership":null,"editor":"Alcyone","price":1600,"published_date":"2020-08-30T22:00:00.000000Z","support":"Grand format","publisher_availability":1,"stock":0,"editions":[],"url":"https:\/\/quaidesbrumes.com\/ouvrage\/9782374050744\/la-gloire-des-poussieres"},{"id":"9782845903104","title":"Dis-moi quelque chose","description":"Un livre en quatre saisons : qui commence \u00e0 l'automne et finit \u00e0 l'\u00e9t\u00e9. \u00ab Dis-moi quelque chose \u00bb :\r\nUn titre tout simple, presque celui d'une chanson. Et d'embl\u00e9e une interrogation. Cette demande, \u00e0 qui s'adresse-t-elle ? Au lecteur, ou \u00e0 quel autre interlocuteur ? Et quel est ce \u00ab quelque chose\u00bb qui serait \u00e0 dire ? Ou peut-\u00eatre n'y a-t-il rien \u00e0 dire, seulement \u00e0 rompre le silence pour t\u00e9moigner qu'on est l\u00e0 ?\r\n\u00ab Dis-moi quelque chose \/ Qui comblerait le manque \/\/ Ferait de nos yeux vides \/ Une for\u00eat de coeurs orageux \/ Une pluie \u00e9toil\u00e9e \/\/ Un po\u00e8me entrouvert \u00bb C'est ainsi que commence le livre. Et c'est donc cela : ce qui est \u00e0 dire n'est l\u00e0 que pour \u00ab combler le manque \u00bb. Est-ce au lecteur de le dire ?\r\nEst-ce \u00e0 lui de faire surgir dans les \u00ab yeux vides \u00bb du po\u00e8te \u00ab un po\u00e8me entrouvert \u00bb ?\r\nCes po\u00e8mes, pr\u00e9cise l'auteur, dans une note finale, \u00ab ne sont rien d'autre qu'une pri\u00e8re adress\u00e9e \u00e0 l'inconnu, au lecteur \u00e9ventuel et probablement \u00e0 moi-m\u00eame. \u00bb D'un po\u00e8me \u00e0 l'autre, l'interlocuteur est toujours incertain, comme toujours la r\u00e9ponse qui s'esquisse.\r\n\u00ab Dis-moi quelque chose \/ M\u00eame si cela ne sert peut-\u00eatre \u00e0 rien \/\/ Parce qu'il y a ici trop de ciel \/ \u00c0 regarder trop d'oiseaux \/ \u00c0 entendre \/\/ Trop de tout en fin de compte \u00bb Pire que le manque, il y a l'exc\u00e8s, que rien ne peut combler. Pire que le silence, l'aveuglement. Mais l'espoir reste toujours que ce \u00ab quelque chose \u00bb, le \u00ab po\u00e8me entrouvert \u00bb, \u00ab peut\u00eatre \u00bb ne serve pas \u00ab \u00e0 rien \u00bb.","authors":["Yves Namur"],"category_codes":["1000000","1090000","1090600"],"visuals":{"large":"https:\/\/images.epagine.fr\/104\/9782845903104_1_75.jpg","medium":"https:\/\/images.epagine.fr\/104\/9782845903104_1_m.jpg","thumbnail":"https:\/\/images.epagine.fr\/104\/9782845903104_1_v.jpg"},"orderable":true,"show_badge":true,"formatted_price":"14,00&nbsp;\u20ac","formatted_published_date":"11 mars 2021","publisher_availability_label":"Sur commande","short_details":"Yves Namur \u2014 \u00c9ditions Arfuyen","translator":null,"weight":198,"page_count":156,"readership":null,"editor":"\u00c9ditions Arfuyen","price":1400,"published_date":"2021-03-10T23:00:00.000000Z","support":"Grand format","publisher_availability":1,"stock":0,"editions":[],"url":"https:\/\/quaidesbrumes.com\/ouvrage\/9782845903104\/dis-moi-quelque-chose"},{"id":"9782940700073","title":"La grande salle \u00e0 manger","description":"Laure Federiconi livre une s\u00e9rie de fragments en prose po\u00e9tique autour du tableau de Pierre Bonard \"Grande salle \u00e0 manger dans le jardin\". Entre \u00e9vocation des souvenirs d'enfance et de r\u00e9cits de voyage, ce recueil explore les ambiances et les errances d'un quotidien qui se compose et se d\u00e9compose comme une s\u00e9rie de tableaux.","authors":["Laure Federiconi"],"category_codes":["1000000","1090000"],"visuals":{"large":"https:\/\/images.epagine.fr\/073\/9782940700073_1_75.jpg","medium":"https:\/\/images.epagine.fr\/073\/9782940700073_1_m.jpg","thumbnail":"https:\/\/images.epagine.fr\/073\/9782940700073_1_v.jpg"},"orderable":true,"show_badge":true,"formatted_price":"8,00&nbsp;\u20ac","formatted_published_date":"5 novembre 2021","publisher_availability_label":"Sur commande","short_details":"Laure Federiconi \u2014 Helice Helas","translator":null,"weight":201,"page_count":64,"readership":null,"editor":"Helice Helas","price":800,"published_date":"2021-11-04T23:00:00.000000Z","support":"Grand format","publisher_availability":1,"stock":0,"editions":[],"url":"https:\/\/quaidesbrumes.com\/ouvrage\/9782940700073\/la-grande-salle-a-manger"},{"id":"9782874501692","title":"De but en blanc","description":"Chaque page parcourue le confirme, la po\u00e9sie est l\u00e0, dans son \u00e9crin de blancheur. JM Corbusier parle au coeur.\r\n\r\nUn po\u00e8te dans la lign\u00e9e des du Bouchet ou Dupin.","authors":["Jean-marie Corbusier"],"category_codes":["1000000","1090000","1090600"],"visuals":{"large":"https:\/\/images.epagine.fr\/692\/9782874501692_1_75.jpg","medium":"https:\/\/images.epagine.fr\/692\/9782874501692_1_m.jpg","thumbnail":"https:\/\/images.epagine.fr\/692\/9782874501692_1_v.jpg"},"orderable":true,"show_badge":true,"formatted_price":"14,00&nbsp;\u20ac","formatted_published_date":"13 juillet 2020","publisher_availability_label":"Sur commande","short_details":"Jean-marie Corbusier \u2014 Taillis Pre","translator":null,"weight":192,"page_count":124,"readership":null,"editor":"Taillis Pre","price":1400,"published_date":"2020-07-12T22:00:00.000000Z","support":"Grand format","publisher_availability":1,"stock":0,"editions":[],"url":"https:\/\/quaidesbrumes.com\/ouvrage\/9782874501692\/de-but-en-blanc"},{"id":"9782854466461","title":"En cette nuit \u00e9toil\u00e9e","description":"Zelda chante son \u00e9merveillement devant la nature, paysage, oiseaux sur le rebord de sa fen\u00eatre. Elle d\u00e9plore la perte de son amour, confesse avec pudeur sa tristesse et se r\u00e9f\u00e8re constamment \u00e0 la tradition de ses p\u00e8res, ancr\u00e9s dans une foi vibrante.","authors":["Zelda","Emmanuel Moses"],"category_codes":["1000000","1090000","1090600"],"visuals":{"large":"https:\/\/images.epagine.fr\/461\/9782854466461_1_75.jpg","medium":"https:\/\/images.epagine.fr\/461\/9782854466461_1_m.jpg","thumbnail":"https:\/\/images.epagine.fr\/461\/9782854466461_1_v.jpg"},"orderable":true,"show_badge":true,"formatted_price":"15,00&nbsp;\u20ac","formatted_published_date":"10 d\u00e9cembre 2020","publisher_availability_label":"Sur commande","short_details":"Zelda, Emmanuel Moses \u2014 Caracteres","translator":"EMMANUEL MOSES","weight":155,"page_count":97,"readership":null,"editor":"Caracteres","price":1500,"published_date":"2020-12-09T23:00:00.000000Z","support":"Grand format","publisher_availability":1,"stock":0,"editions":[],"url":"https:\/\/quaidesbrumes.com\/ouvrage\/9782854466461\/en-cette-nuit-etoilee"},{"id":"9782845875197","title":"Les chants de la victoire","description":"\"... Le Portefeuille, les trous \u00e0 p\u00eache, rue Grande, Place de l'Ench\u00e8re, le beffroi, l'\u00e9picerie, le coiffeur... pas la peine d'\u00eatre fin limier pour deviner en ce jeune homme un enfant du pays : un pur \"b\u00e9n\u00e9dictin\". C'est pas mal : une chaleur excessive - bien mieux que la canicule -, celle des souvenirs d'enfance, celle de l'\u00e9t\u00e9 en gloire et en m\u00e9moire, du temps arr\u00eat\u00e9, des vieilles pierres br\u00fblantes. On sent \u00e7a tr\u00e8s bien, qui vous tombe sur la nuque en quelques mots. Sans compter le premier chagrin d'amour, lancinant \u00e0 souhait, comme premier sympt\u00f4me \u00e9clatant de \u00ab l'irr\u00e9alisable \u00bb qui deviendra vite le lot quotidien. La forme est \u00e9minemment sensitive (ce qui vaut mieux pour la po\u00e9sie !) et m\u00eame souvent narrative tout en n'excluant pas l'ellipse, le po\u00e8me ramass\u00e9 ou des notations \u00e0 l'accent \u00e9mazien : On n'efface pas ; On n'oublie pas. C'est vari\u00e9 en somme, il faut simplement que les mots r\u00e9ussissent, et notre auteur reprend l'id\u00e9e... la met en pratique avec un certain bonheur, il faut le dire.\" JEAN-PIERRE GEORGES","authors":["Maxime Lavisky"],"category_codes":["1000000","1090000","1090600"],"visuals":{"large":"https:\/\/images.epagine.fr\/197\/9782845875197_1_75.jpg","medium":"https:\/\/images.epagine.fr\/197\/9782845875197_1_m.jpg","thumbnail":"https:\/\/images.epagine.fr\/197\/9782845875197_1_v.jpg"},"orderable":true,"show_badge":true,"formatted_price":"18,00&nbsp;\u20ac","formatted_published_date":"7 d\u00e9cembre 2020","publisher_availability_label":"Sur commande","short_details":"Maxime Lavisky \u2014 Tarabuste","translator":null,"weight":1000,"page_count":94,"readership":null,"editor":"Tarabuste","price":1800,"published_date":"2020-12-06T23:00:00.000000Z","support":"Grand format","publisher_availability":1,"stock":0,"editions":[],"url":"https:\/\/quaidesbrumes.com\/ouvrage\/9782845875197\/les-chants-de-la-victoire"},{"id":"9782375310625","title":"Le dit du grand secret et autres dits","description":null,"authors":["Michel Derenbourg"],"category_codes":["1000000","1090000"],"visuals":{"large":"https:\/\/quaidesbrumes.com\/img\/book-placeholder.png","medium":"https:\/\/quaidesbrumes.com\/img\/book-placeholder.png","thumbnail":"https:\/\/quaidesbrumes.com\/img\/book-placeholder.png"},"orderable":true,"show_badge":true,"formatted_price":"12,00&nbsp;\u20ac","formatted_published_date":"16 janvier 2021","publisher_availability_label":"Sur commande","short_details":"Michel Derenbourg \u2014 Grand Tetras","translator":null,"weight":105,"page_count":null,"readership":null,"editor":"Grand Tetras","price":1200,"published_date":"2021-01-15T23:00:00.000000Z","support":"Grand format","publisher_availability":1,"stock":0,"editions":[],"url":"https:\/\/quaidesbrumes.com\/ouvrage\/9782375310625\/le-dit-du-grand-secret-et-autres-dits"},{"id":"9782343214269","title":"Opinion po\u00e9tique","description":"C'est la rencontre de deux po\u00e8tes, l'un vit au Cameroun, l'une en Suisse. Sous une impulsion m\u00e9taphysique ils \u00e9crivent \u00e0 distance, sur l'existence, les insidieux rapports entre le Nord et le Sud, les corps, les qu\u00eates, le chocolat, la difficult\u00e9 d'\u00eatre dans ce monde consum\u00e9riste et les souvenirs d'enfance qui, finalement, ont le m\u00eame parfum quelle que soit la terre d'appartenance. Ensemble, ils cheminent, dans une multitude de possibles dialogues et ignorent le concept de diff\u00e9rence. Leurs mots jubilent au fil d'un processus cr\u00e9atif potentialis\u00e9 par l'autre, qui en devient muse. Cela donne naissance \u00e0 un ouvrage Coeuritorial, engag\u00e9, qui s'inscrit comme un pont culturel vers un d\u00e9veloppement durable de l'humanit\u00e9 par la recherche d'un \u00e9cosyst\u00e8me intime.","authors":["Caroline Despont","Samy Manga"],"category_codes":["1000000","1090000","1090200"],"visuals":{"large":"https:\/\/images.epagine.fr\/269\/9782343214269_1_75.jpg","medium":"https:\/\/images.epagine.fr\/269\/9782343214269_1_m.jpg","thumbnail":"https:\/\/images.epagine.fr\/269\/9782343214269_1_v.jpg"},"orderable":true,"show_badge":true,"formatted_price":"11,50&nbsp;\u20ac","formatted_published_date":"17 d\u00e9cembre 2020","publisher_availability_label":"Sur commande","short_details":"Caroline Despont, Samy Manga \u2014 \u00c9ditions L'Harmattan","translator":null,"weight":100,"page_count":72,"readership":null,"editor":"\u00c9ditions L'Harmattan","price":1150,"published_date":"2020-12-16T23:00:00.000000Z","support":"Grand format","publisher_availability":1,"stock":0,"editions":[],"url":"https:\/\/quaidesbrumes.com\/ouvrage\/9782343214269\/opinion-poetique"},{"id":"9782896985241","title":"Nature morte au couteau","description":"Tu quitteras sans retour la ville d\u00e9vast\u00e9e pour t'enfoncer dans la for\u00eat. Tu marcheras vers le nord. Tu fuiras la lumi\u00e8re et tomberas du c\u00f4t\u00e9 foisonnant du miroir. Tu verras, encore debout, les animaux et les plantes. Eux aussi te verront. Car ce livre est un pont, une cassure, une all\u00e9gorie qui se replie sur elle-m\u00eame. Un exil, une r\u00e9sistance. Tu fuiras et, dans ta fuite, tu entrem\u00ealeras ta destin\u00e9e \u00e0 celle d'autres humains.\r\nAvec eux, tu lutteras contre le froid, la faim, la promiscuit\u00e9, les pilleurs. Bient\u00f4t vous ne serez plus qu'un noyau minuscule dans l'immensit\u00e9 des plateaux de gneiss mang\u00e9s par les aulnes et le myrique baumier. Avec eux, tu devras tout reconstruire. Dans les glaces bris\u00e9es du territoire, tu croiseras peut-\u00eatre un reflet autre. Aff\u00fbte tes lames et pars. Le monde est une gorge \u00e0 trancher.","authors":["Anne-Marie Desmeules"],"category_codes":["1000000","1090000","1090600"],"visuals":{"large":"https:\/\/images.epagine.fr\/241\/9782896985241_1_75.jpg","medium":"https:\/\/images.epagine.fr\/241\/9782896985241_1_m.jpg","thumbnail":"https:\/\/images.epagine.fr\/241\/9782896985241_1_v.jpg"},"orderable":true,"show_badge":true,"formatted_price":"16,00&nbsp;\u20ac","formatted_published_date":"27 f\u00e9vrier 2021","publisher_availability_label":"Sur commande","short_details":"Anne-Marie Desmeules \u2014 LE QUARTANIER","translator":null,"weight":198,"page_count":168,"readership":null,"editor":"LE QUARTANIER","price":1600,"published_date":"2021-02-26T23:00:00.000000Z","support":"Grand format","publisher_availability":1,"stock":0,"editions":[],"url":"https:\/\/quaidesbrumes.com\/ouvrage\/9782896985241\/nature-morte-au-couteau"},{"id":"9791092448306","title":"Poete en cavale","description":null,"authors":["Ben\/Laredj"],"category_codes":["1000000","1090000","1090600"],"visuals":{"large":"https:\/\/quaidesbrumes.com\/img\/book-placeholder.png","medium":"https:\/\/quaidesbrumes.com\/img\/book-placeholder.png","thumbnail":"https:\/\/quaidesbrumes.com\/img\/book-placeholder.png"},"orderable":true,"show_badge":true,"formatted_price":"15,00&nbsp;\u20ac","formatted_published_date":"3 octobre 2020","publisher_availability_label":"Sur commande","short_details":"Ben\/Laredj \u2014 Marsa","translator":null,"weight":200,"page_count":null,"readership":null,"editor":"Marsa","price":1500,"published_date":"2020-10-02T22:00:00.000000Z","support":"Grand format","publisher_availability":1,"stock":0,"editions":[],"url":"https:\/\/quaidesbrumes.com\/ouvrage\/9791092448306\/poete-en-cavale"},{"id":"9782343218229","title":"La nuit abolie","description":"Qu'est-ce que La nuit abolie ?\r\nUn lyrisme d\u00e9volu d'abord \u00e0 la figuration du monde ; un lyrisme qui s'att\u00e9nue, se fait plus fragmentaire, \u00e9voquant une sorte de \u00ab Mal \u00bb (celui, inexorable, de vivre \u00e0 travers l'\u00e9crit) - un lyrisme qui s'\u00e9prend, pour finir, d'une m\u00e9trique qui canalise un ordre arbitraire et lui offre des rives.","authors":["Simon-gabriel Bonnot"],"category_codes":["1000000","1090000","1090200"],"visuals":{"large":"https:\/\/images.epagine.fr\/229\/9782343218229_1_75.jpg","medium":"https:\/\/images.epagine.fr\/229\/9782343218229_1_m.jpg","thumbnail":"https:\/\/images.epagine.fr\/229\/9782343218229_1_v.jpg"},"orderable":true,"show_badge":true,"formatted_price":"16,50&nbsp;\u20ac","formatted_published_date":"27 novembre 2020","publisher_availability_label":"Sur commande","short_details":"Simon-gabriel Bonnot \u2014 \u00c9ditions L'Harmattan","translator":null,"weight":179,"page_count":144,"readership":null,"editor":"\u00c9ditions L'Harmattan","price":1650,"published_date":"2020-11-26T23:00:00.000000Z","support":"Grand format","publisher_availability":1,"stock":0,"editions":[],"url":"https:\/\/quaidesbrumes.com\/ouvrage\/9782343218229\/la-nuit-abolie"},{"id":"9782842424886","title":"La guerre des chats","description":"Transports ardents, rixes, jalousie f\u00e9roce, ruses, tourments, prostration et r\u00e9volte de l'amant d\u00e9laiss\u00e9, La Gatomaquia (1634), titre original de l'oeuvre, passe en revue toutes les sauvages turbulences du sentiment amoureux. Parodie de l'\u00e9pop\u00e9e classique, depuis l'Illiade jusqu'au Roland furieux, ce po\u00e8me narratif h\u00e9ro\u00ef-comique, qui joue avec un humour burlesque sur les ressorts de la comedia du Si\u00e8cle d'or, t\u00e9moigne aussi d'un regard passionn\u00e9 : celui de son auteur, le c\u00e9l\u00e8bre dramaturge Lope de Vega, sur la r\u00e9alit\u00e9 des errances f\u00e9lines par les toits et dans les cuisines, au point du jour ou au coeur des nuits \u00e9toil\u00e9es de la Villa y Corte, le Madrid populaire et pittoresque du XVIIe si\u00e8cle.","authors":["F\u00e9lix Lope de vega","Annick Le sco\u00ebzec masson"],"category_codes":["1000000","1090000","1090200"],"visuals":{"large":"https:\/\/images.epagine.fr\/886\/9782842424886_1_75.jpg","medium":"https:\/\/images.epagine.fr\/886\/9782842424886_1_m.jpg","thumbnail":"https:\/\/images.epagine.fr\/886\/9782842424886_1_v.jpg"},"orderable":true,"show_badge":true,"formatted_price":"13,00&nbsp;\u20ac","formatted_published_date":"22 avril 2021","publisher_availability_label":"Sur commande","short_details":"F\u00e9lix Lope de vega, Annick Le sco\u00ebzec masson \u2014 CIRCE","translator":"ANNICK LE SCOEZEC MASSON","weight":152,"page_count":128,"readership":null,"editor":"CIRCE","price":1300,"published_date":"2021-04-21T22:00:00.000000Z","support":"Grand format","publisher_availability":1,"stock":0,"editions":[],"url":"https:\/\/quaidesbrumes.com\/ouvrage\/9782842424886\/la-guerre-des-chats"},{"id":"9782322259526","title":"Libres po\u00e8mes, traits de plume","description":"En traversant la vie, Jean-Claude Cassen en a saisi la douceur parfois piquante et souvent dr\u00f4le au cours de ses rencontres et de ses voyages.\r\nSon oeuvre : des instantan\u00e9s, des images, des sc\u00e8nes de vie traduites dans la musique de ses mots choisis, invent\u00e9s, mis en rythme.","authors":["Jean-claude Cassen"],"category_codes":["1000000","1090000"],"visuals":{"large":"https:\/\/images.epagine.fr\/526\/9782322259526_1_75.jpg","medium":"https:\/\/images.epagine.fr\/526\/9782322259526_1_m.jpg","thumbnail":"https:\/\/images.epagine.fr\/526\/9782322259526_1_v.jpg"},"orderable":true,"show_badge":true,"formatted_price":"20,00&nbsp;\u20ac","formatted_published_date":"22 d\u00e9cembre 2020","publisher_availability_label":"Sur commande","short_details":"Jean-claude Cassen \u2014 Books on Demand","translator":null,"weight":342,"page_count":232,"readership":null,"editor":"Books on Demand","price":2000,"published_date":"2020-12-21T23:00:00.000000Z","support":"Grand format","publisher_availability":1,"stock":0,"editions":[],"url":"https:\/\/quaidesbrumes.com\/ouvrage\/9782322259526\/libres-poemes-traits-de-plume"},{"id":"9782752104113","title":"Il y a trace de nous","description":null,"authors":["Alain Bancquart"],"category_codes":["1000000","1090000"],"visuals":{"large":"https:\/\/images.epagine.fr\/113\/9782752104113_1_75.jpg","medium":"https:\/\/images.epagine.fr\/113\/9782752104113_1_m.jpg","thumbnail":"https:\/\/images.epagine.fr\/113\/9782752104113_1_v.jpg"},"orderable":true,"show_badge":true,"formatted_price":"19,00&nbsp;\u20ac","formatted_published_date":"15 juin 2015","publisher_availability_label":"Sur commande","short_details":"Alain Bancquart \u2014 Delatour","translator":null,"weight":300,"page_count":188,"readership":null,"editor":"Delatour","price":1900,"published_date":"2015-06-14T22:00:00.000000Z","support":"Grand format","publisher_availability":1,"stock":0,"editions":[],"url":"https:\/\/quaidesbrumes.com\/ouvrage\/9782752104113\/il-y-a-trace-de-nous"},{"id":"9782849246436","title":"Ardentes patiences","description":null,"authors":["Brassart Sophie"],"category_codes":["1000000","1090000"],"visuals":{"large":"https:\/\/quaidesbrumes.com\/img\/book-placeholder.png","medium":"https:\/\/quaidesbrumes.com\/img\/book-placeholder.png","thumbnail":"https:\/\/quaidesbrumes.com\/img\/book-placeholder.png"},"orderable":true,"show_badge":true,"formatted_price":"10,00&nbsp;\u20ac","formatted_published_date":"25 janvier 2021","publisher_availability_label":"Sur commande","short_details":"Brassart Sophie \u2014 Editions Du Cygne","translator":null,"weight":80,"page_count":null,"readership":null,"editor":"Editions Du Cygne","price":1000,"published_date":"2021-01-24T23:00:00.000000Z","support":"Grand format","publisher_availability":1,"stock":0,"editions":[],"url":"https:\/\/quaidesbrumes.com\/ouvrage\/9782849246436\/ardentes-patiences"},{"id":"9782874500558","title":"Sable d'aphasie","description":"\"Ce mascaret de l'aire qui nous allaite, \u00e0 chaque passage du souffle, \u00e0 chaque empreinte ou scarification, on peut l'entendre qui se meurt - et dans le souffle sentir ce feu qui lui survit.\" Alternance de po\u00e8mes en proses et vers libres, dans la proximit\u00e9 d'un Andr\u00e9 du Bouchet.","authors":["Harry Szpilmann"],"category_codes":["1000000","1090000","1090600"],"visuals":{"large":"https:\/\/images.epagine.fr\/558\/9782874500558_1_75.jpg","medium":"https:\/\/images.epagine.fr\/558\/9782874500558_1_m.jpg","thumbnail":"https:\/\/images.epagine.fr\/558\/9782874500558_1_v.jpg"},"orderable":true,"show_badge":true,"formatted_price":"12,00&nbsp;\u20ac","formatted_published_date":"30 juin 2011","publisher_availability_label":"Sur commande","short_details":"Harry Szpilmann \u2014 Taillis Pre","translator":null,"weight":150,"page_count":98,"readership":null,"editor":"Taillis Pre","price":1200,"published_date":"2011-06-29T22:00:00.000000Z","support":"Grand format","publisher_availability":1,"stock":0,"editions":[],"url":"https:\/\/quaidesbrumes.com\/ouvrage\/9782874500558\/sable-daphasie"},{"id":"9782874501760","title":"Arbracadabrants","description":"Le proc\u00e9d\u00e9 stylistique des Arbracadabrants est proche de celui qu'utilise Paul Coli-net, (.) dans ses po\u00e8mes dada\u00efstes de l'Humour vert. (.) On pourra aussi penser aux fables ou peuplades imaginaires cr\u00e9\u00e9es par Henri Michaux, notamment dans son Voyage en Grande Garabagne. Mais l\u00e0 o\u00f9 Colinet fait preuve de dynamitage brutal et l\u00e0 o\u00f9 Michaux laisse sourdre une atmosph\u00e8re d'humour grin\u00e7ant et d'angoisse qui lui est famili\u00e8re, B\u00e9atrice Libert pratique souvent un humour l\u00e9ger, primesautier, par touches \u00e9vocatrices.\r\n\u00c9ric Brogniet, Extrait de la pr\u00e9face.","authors":["B\u00e9atrice Libert"],"category_codes":["1000000","1090000","1090600"],"visuals":{"large":"https:\/\/images.epagine.fr\/760\/9782874501760_1_75.jpg","medium":"https:\/\/images.epagine.fr\/760\/9782874501760_1_m.jpg","thumbnail":"https:\/\/images.epagine.fr\/760\/9782874501760_1_v.jpg"},"orderable":true,"show_badge":true,"formatted_price":"13,00&nbsp;\u20ac","formatted_published_date":"27 f\u00e9vrier 2021","publisher_availability_label":"Sur commande","short_details":"B\u00e9atrice Libert \u2014 Taillis Pre","translator":null,"weight":150,"page_count":98,"readership":null,"editor":"Taillis Pre","price":1300,"published_date":"2021-02-26T23:00:00.000000Z","support":"Grand format","publisher_availability":1,"stock":0,"editions":[],"url":"https:\/\/quaidesbrumes.com\/ouvrage\/9782874501760\/arbracadabrants"},{"id":"9782909656892","title":"Moments","description":null,"authors":["Christine Diard"],"category_codes":["1000000","1090000"],"visuals":{"large":"https:\/\/images.epagine.fr\/892\/9782909656892_1_75.jpg","medium":"https:\/\/images.epagine.fr\/892\/9782909656892_1_m.jpg","thumbnail":"https:\/\/images.epagine.fr\/892\/9782909656892_1_v.jpg"},"orderable":true,"show_badge":true,"formatted_price":"10,00&nbsp;\u20ac","formatted_published_date":"6 d\u00e9cembre 2020","publisher_availability_label":"Sur commande","short_details":"Christine Diard \u2014 A Editions","translator":null,"weight":0,"page_count":80,"readership":null,"editor":"A Editions","price":1000,"published_date":"2020-12-05T23:00:00.000000Z","support":"Grand format","publisher_availability":1,"stock":0,"editions":[],"url":"https:\/\/quaidesbrumes.com\/ouvrage\/9782909656892\/moments"},{"id":"9782844184122","title":"L'offrande des lieux","description":"Les po\u00e8mes en prose ici recueillis jalonnent une longue part de la vie de l'auteur. Aussi traduisent-ils et mettent en lumi\u00e8re le creusement des th\u00e8mes d'une exp\u00e9rience po\u00e9tique originale, souvent empreinte d'\u00e9preuves, mais marqu\u00e9e par un nouvel enchantement d'univers : laisser respirer la mati\u00e8re et l'esprit dans le souffle invisible du po\u00e8me - sa pr\u00e9sence - dire le myst\u00e8re qui habite chaque personne, chaque chose, la chair de chaque \u00e9v\u00e9nement, la terre, l'oc\u00e9an et leur au-del\u00e0 - la vie \u00e0 vivre, \u00e0 embrasser de tout coeur, une vie \u00e0 aimer, partager et dont le secret ne s'\u00e9puise - l\u00e0 o\u00f9 selon l'expression de Philippe Mac Leod \u00ab tout s'\u00e9claire et devient po\u00e9sie. \u00bb","authors":["Jean-Pierre Boulic"],"category_codes":["1000000","1090000"],"visuals":{"large":"https:\/\/images.epagine.fr\/122\/9782844184122_1_75.jpg","medium":"https:\/\/images.epagine.fr\/122\/9782844184122_1_m.jpg","thumbnail":"https:\/\/images.epagine.fr\/122\/9782844184122_1_v.jpg"},"orderable":true,"show_badge":true,"formatted_price":"13,00&nbsp;\u20ac","formatted_published_date":"4 mars 2021","publisher_availability_label":"Sur commande","short_details":"Jean-Pierre Boulic \u2014 La Part Commune","translator":null,"weight":85,"page_count":96,"readership":null,"editor":"La Part Commune","price":1300,"published_date":"2021-03-03T23:00:00.000000Z","support":"Grand format","publisher_availability":1,"stock":0,"editions":[],"url":"https:\/\/quaidesbrumes.com\/ouvrage\/9782844184122\/loffrande-des-lieux"},{"id":"9782875933324","title":"Po\u00e8tes, jouons P\u00e9gase contre la banque","description":"Apr\u00e8s la publication des grotesques, nous rassemblons dans le pr\u00e9sent recueil toutes les proses courtes que Paul van Ostaijen avait publi\u00e9es dans des revues, ainsi que quelques-unes posthumes, \u00e9crites dans la m\u00eame veine. La nature de ces textes est tr\u00e8s diverse : les uns se rattachent aux \u00e9crits grotesques et satiriques, les autres s'apparentent au po\u00e8me en prose, d'autres encore s'engagent dans l'absurdisme ou s'inscrivent dans une approche ph\u00e9nom\u00e9nologique de la r\u00e9alit\u00e9. Ceci dit, tous ont en commun \u00ab le pur jeu de l'esprit \u00bb, pour reprendre la formule heureuse du professeur Herman Uyttersprot. C'est la traduction de quelques proses courtes de Franz Kafka - qu'il pr\u00e9sentait comme des \u00ab po\u00ebmata \u00bb - qui lui a ouvert un sentier de traverse. Son \u00e9diteur Jozef Muls appr\u00e9ciait particuli\u00e8rement cette nouvelle voie : \u00ab C'est beau pour ce qui reste inexprim\u00e9. Les successions de mots deviennent une mince pellicule derri\u00e8re laquelle le lecteur attentif et empathique devine l'essentiel.","authors":["Paul Van Ostaijen","Jan Mysjkin"],"category_codes":["1000000","1090000"],"visuals":{"large":"https:\/\/images.epagine.fr\/324\/9782875933324_1_75.jpg","medium":"https:\/\/images.epagine.fr\/324\/9782875933324_1_m.jpg","thumbnail":"https:\/\/images.epagine.fr\/324\/9782875933324_1_v.jpg"},"orderable":true,"show_badge":true,"formatted_price":"16,00&nbsp;\u20ac","formatted_published_date":"23 f\u00e9vrier 2021","publisher_availability_label":"Sur commande","short_details":"Paul Van Ostaijen, Jan Mysjkin \u2014 SAMSA","translator":"JAN MYSJKIN","weight":250,"page_count":88,"readership":null,"editor":"SAMSA","price":1600,"published_date":"2021-02-22T23:00:00.000000Z","support":"Grand format","publisher_availability":1,"stock":0,"editions":[],"url":"https:\/\/quaidesbrumes.com\/ouvrage\/9782875933324\/poetes-jouons-pegase-contre-la-banque"},{"id":"9782752103666","title":"Cantos de t\u00e9","description":null,"authors":["Chung-hing"],"category_codes":["1000000","1090000"],"visuals":{"large":"https:\/\/quaidesbrumes.com\/img\/book-placeholder.png","medium":"https:\/\/quaidesbrumes.com\/img\/book-placeholder.png","thumbnail":"https:\/\/quaidesbrumes.com\/img\/book-placeholder.png"},"orderable":true,"show_badge":true,"formatted_price":"14,00&nbsp;\u20ac","formatted_published_date":"15 juin 2018","publisher_availability_label":"Sur commande","short_details":"Chung-hing \u2014 Delatour","translator":null,"weight":0,"page_count":72,"readership":null,"editor":"Delatour","price":1400,"published_date":"2018-06-14T22:00:00.000000Z","support":"Grand format","publisher_availability":1,"stock":0,"editions":[],"url":"https:\/\/quaidesbrumes.com\/ouvrage\/9782752103666\/cantos-de-te"}]}