{"data":[{"id":"9782874501647","title":"Plein-champ","description":"Plein-Champ est un livre consacr\u00e9 \u00e0 un jardin saisi dans toute son \u00e9paisseur temporelle: son pass\u00e9 toujours vsible, son avenir incertain.\r","authors":["Pascale Auraix-Jonchi\u00e8re"],"category_codes":["1000000","1090000","1090600"],"visuals":{"large":"https:\/\/images.epagine.fr\/647\/9782874501647_1_75.jpg","medium":"https:\/\/images.epagine.fr\/647\/9782874501647_1_m.jpg","thumbnail":"https:\/\/images.epagine.fr\/647\/9782874501647_1_v.jpg"},"orderable":true,"show_badge":true,"formatted_price":"15,00&nbsp;\u20ac","formatted_published_date":"22 mai 2020","publisher_availability_label":"Sur commande","short_details":"Pascale Auraix-Jonchi\u00e8re \u2014 Taillis Pre","translator":null,"weight":210,"page_count":140,"readership":null,"editor":"Taillis Pre","price":1500,"published_date":"2020-05-21T22:00:00.000000Z","support":"Grand format","publisher_availability":1,"stock":0,"editions":[],"url":"https:\/\/quaidesbrumes.com\/ouvrage\/9782874501647\/plein-champ"},{"id":"9782378640378","title":"Signes","description":"La mort est un d\u00e9nouement heureux Une simple croche Qui nous \u00e9vite les anicroches Et nous restons Avec la pr\u00e9sence Du secret Ta pr\u00e9sence \u00d4 Mn\u00e9mosyne !\r","authors":["Claudine Hermant"],"category_codes":["1000000","1090000"],"visuals":{"large":"https:\/\/images.epagine.fr\/378\/9782378640378_1_75.jpg","medium":"https:\/\/images.epagine.fr\/378\/9782378640378_1_m.jpg","thumbnail":"https:\/\/images.epagine.fr\/378\/9782378640378_1_v.jpg"},"orderable":true,"show_badge":true,"formatted_price":"14,00&nbsp;\u20ac","formatted_published_date":"12 janvier 2021","publisher_availability_label":"Sur commande","short_details":"Claudine Hermant \u2014 Portaparole","translator":null,"weight":90,"page_count":72,"readership":null,"editor":"Portaparole","price":1400,"published_date":"2021-01-11T23:00:00.000000Z","support":"Grand format","publisher_availability":1,"stock":0,"editions":[],"url":"https:\/\/quaidesbrumes.com\/ouvrage\/9782378640378\/signes"},{"id":"9782845875050","title":"Lapidaire","description":"Des textes po\u00e9tiques en vers libres qui \u00e9voquent l'\u00e9nur\u00e9sie infantile, la mort des chemins, un ciel obscurci par l'orage, l'\u00e9vanescence des mots, l'estompage des souvenirs, le l\u00e9chage d'une flamm\u00e8che, des \u00e9clats de lumi\u00e8re, le poids du silence ou le hennissement d'un cheval bleu.\r","authors":["Gabriel Zimmermann"],"category_codes":["1000000","1090000","1090600"],"visuals":{"large":"https:\/\/images.epagine.fr\/050\/9782845875050_1_75.jpg","medium":"https:\/\/images.epagine.fr\/050\/9782845875050_1_m.jpg","thumbnail":"https:\/\/images.epagine.fr\/050\/9782845875050_1_v.jpg"},"orderable":true,"show_badge":true,"formatted_price":"15,00&nbsp;\u20ac","formatted_published_date":"30 juin 2020","publisher_availability_label":"Sur commande","short_details":"Gabriel Zimmermann \u2014 Tarabuste","translator":null,"weight":800,"page_count":174,"readership":null,"editor":"Tarabuste","price":1500,"published_date":"2020-06-29T22:00:00.000000Z","support":"Grand format","publisher_availability":1,"stock":0,"editions":[],"url":"https:\/\/quaidesbrumes.com\/ouvrage\/9782845875050\/lapidaire"},{"id":"9782854466393","title":"Les olivades","description":null,"authors":["Fr\u00e9d\u00e9ric Mistral"],"category_codes":["1000000","1090000"],"visuals":{"large":"https:\/\/quaidesbrumes.com\/img\/book-placeholder.png","medium":"https:\/\/quaidesbrumes.com\/img\/book-placeholder.png","thumbnail":"https:\/\/quaidesbrumes.com\/img\/book-placeholder.png"},"orderable":true,"show_badge":true,"formatted_price":"18,00&nbsp;\u20ac","formatted_published_date":"10 juin 2020","publisher_availability_label":"Sur commande","short_details":"Fr\u00e9d\u00e9ric Mistral \u2014 Caracteres","translator":null,"weight":200,"page_count":null,"readership":null,"editor":"Caracteres","price":1800,"published_date":"2020-06-09T22:00:00.000000Z","support":"Grand format","publisher_availability":1,"stock":0,"editions":[],"url":"https:\/\/quaidesbrumes.com\/ouvrage\/9782854466393\/les-olivades"},{"id":"9782955893845","title":"L'aveugle et sa chandelle","description":null,"authors":["Tassos Livaditis"],"category_codes":["1000000","1090000"],"visuals":{"large":"https:\/\/quaidesbrumes.com\/img\/book-placeholder.png","medium":"https:\/\/quaidesbrumes.com\/img\/book-placeholder.png","thumbnail":"https:\/\/quaidesbrumes.com\/img\/book-placeholder.png"},"orderable":true,"show_badge":true,"formatted_price":"10,00&nbsp;\u20ac","formatted_published_date":"30 mars 2017","publisher_availability_label":"Sur commande","short_details":"Tassos Livaditis \u2014 Monemvassia","translator":null,"weight":240,"page_count":null,"readership":null,"editor":"Monemvassia","price":1000,"published_date":"2017-03-29T22:00:00.000000Z","support":"Grand format","publisher_availability":1,"stock":0,"editions":[],"url":"https:\/\/quaidesbrumes.com\/ouvrage\/9782955893845\/laveugle-et-sa-chandelle"},{"id":"9782322211975","title":"Les v\u00e9rit\u00e9es int\u00e9rieures ; po\u00e8mes et autolouanges \u00e0 la rencontre de soi","description":"Au-del\u00e0 de ce qu'elle pensait savoir d'elle-m\u00eame, Juliette Anne partage dans ce recueil les po\u00e8mes qui lui sont venus lorsqu'elle se demanda qui elle \u00e9tait vraiment.  R\u00e9pondant \u00e0 l'appel du sauvage et des forces vives en elle, ses mots pulsent au rythme du cosmos. Des mots qui poussent \u00e0 quitter la s\u00e9curit\u00e9 du connu pour oser \u00eatre soi-m\u00eame. Des mots qui parlent d'amour, d'audace, de courage et de joie.   Destin\u00e9s \u00e0 celles et ceux qui s'interrogent sur le sens de leur vie, ce recueil est une invitation \u00e0 reconna\u00eetre et assumer la singuli\u00e8re beaut\u00e9 de nos existences.\r","authors":["Juliette Anne"],"category_codes":["1000000","1090000"],"visuals":{"large":"https:\/\/images.epagine.fr\/975\/9782322211975_1_75.jpg","medium":"https:\/\/images.epagine.fr\/975\/9782322211975_1_m.jpg","thumbnail":"https:\/\/images.epagine.fr\/975\/9782322211975_1_v.jpg"},"orderable":true,"show_badge":true,"formatted_price":"7,99&nbsp;\u20ac","formatted_published_date":"18 juillet 2020","publisher_availability_label":"Sur commande","short_details":"Juliette Anne \u2014 Books on Demand","translator":null,"weight":201,"page_count":76,"readership":null,"editor":"Books on Demand","price":799,"published_date":"2020-07-17T22:00:00.000000Z","support":"Grand format","publisher_availability":1,"stock":0,"editions":[],"url":"https:\/\/quaidesbrumes.com\/ouvrage\/9782322211975\/les-veritees-interieures-poemes-et-autolouanges-a-la-rencontre-de-soi"},{"id":"9782849246245","title":"Et plus si affinites","description":null,"authors":["Werner Lambersy"],"category_codes":["1000000","1090000"],"visuals":{"large":"https:\/\/quaidesbrumes.com\/img\/book-placeholder.png","medium":"https:\/\/quaidesbrumes.com\/img\/book-placeholder.png","thumbnail":"https:\/\/quaidesbrumes.com\/img\/book-placeholder.png"},"orderable":true,"show_badge":true,"formatted_price":"10,00&nbsp;\u20ac","formatted_published_date":"3 juillet 2020","publisher_availability_label":"Sur commande","short_details":"Werner Lambersy \u2014 Editions Du Cygne","translator":null,"weight":80,"page_count":null,"readership":null,"editor":"Editions Du Cygne","price":1000,"published_date":"2020-07-02T22:00:00.000000Z","support":"Grand format","publisher_availability":1,"stock":0,"editions":[],"url":"https:\/\/quaidesbrumes.com\/ouvrage\/9782849246245\/et-plus-si-affinites"},{"id":"9782312075020","title":"Oraisons pa\u00efennes et autres textes","description":"Po\u00e8mes de plumes, plume de Ma\u00e2t, po\u00e8mes du passage des dieux... Tout au long de ce recueil, la pr\u00e9sence d'une d\u00e9esse-m\u00e8re, grande protectrice et inspiratrice, ayant voyag\u00e9 d'Oc en O\u00efl.\r","authors":["Magali Andr\u00e9-souli\u00e9"],"category_codes":["1000000","1090000"],"visuals":{"large":"https:\/\/images.epagine.fr\/020\/9782312075020_1_75.jpg","medium":"https:\/\/images.epagine.fr\/020\/9782312075020_1_m.jpg","thumbnail":"https:\/\/images.epagine.fr\/020\/9782312075020_1_v.jpg"},"orderable":true,"show_badge":true,"formatted_price":"15,00&nbsp;\u20ac","formatted_published_date":"28 juillet 2020","publisher_availability_label":"Sur commande","short_details":"Magali Andr\u00e9-souli\u00e9 \u2014 Editions du Net","translator":null,"weight":302,"page_count":168,"readership":null,"editor":"Editions du Net","price":1500,"published_date":"2020-07-27T22:00:00.000000Z","support":"Grand format","publisher_availability":1,"stock":0,"editions":[],"url":"https:\/\/quaidesbrumes.com\/ouvrage\/9782312075020\/oraisons-paiennes-et-autres-textes"},{"id":"9782343208879","title":"Les langues cannibales","description":"Se servant avec virtuosit\u00e9 des rythmes du langage et de l'\u00e9criture pour s'impliquer personnellement, d\u00e9barrass\u00e9 des r\u00e8gles relatives aux structures historiques de la po\u00e9sie, Pierre Melendez avance dans son nouveau recueil, Les langues cannibales, ses th\u00e8mes de pr\u00e9dilection : les vies sacr\u00e9es et massacr\u00e9es, les amours contrari\u00e9es, les femmes fatales, l'actualit\u00e9 de passage, les r\u00eaves de toujours et l'espoir d'un monde meilleur.","authors":["Pierre Melendez"],"category_codes":["1000000","1090000"],"visuals":{"large":"https:\/\/images.epagine.fr\/879\/9782343208879_1_75.jpg","medium":"https:\/\/images.epagine.fr\/879\/9782343208879_1_m.jpg","thumbnail":"https:\/\/images.epagine.fr\/879\/9782343208879_1_v.jpg"},"orderable":true,"show_badge":true,"formatted_price":"14,50&nbsp;\u20ac","formatted_published_date":"29 juillet 2020","publisher_availability_label":"Sur commande","short_details":"Pierre Melendez \u2014 \u00c9ditions L'Harmattan","translator":null,"weight":155,"page_count":120,"readership":null,"editor":"\u00c9ditions L'Harmattan","price":1450,"published_date":"2020-07-28T22:00:00.000000Z","support":"Grand format","publisher_availability":1,"stock":0,"editions":[],"url":"https:\/\/quaidesbrumes.com\/ouvrage\/9782343208879\/les-langues-cannibales"},{"id":"9782955311684","title":"F\u00e2mes","description":"Dixi\u00e8me recueil de po\u00e8mes de Bruno Arts, F\u00e2mes contient 52 po\u00e8mes \u00e9voquants avec \u00e9motion et sensibilit\u00e9, parfois humour, les th\u00e8mes r\u00e9currents de la po\u00e9sie (amour, voyage, nature, deuil,...). La plume toujours aussi juste et imag\u00e9e de l'auteur et mise en relief par chaque illustration (couleur ou noir & blanc) accompagnant chaque po\u00e8me. Les illustrations ont \u00e9t\u00e9 r\u00e9alis\u00e9es par Bruno Arts lui-m\u00eame, avec des techniques vari\u00e9es : aquarelle, encre de chine, mine de plomb, huile, techniques mixtes et illustration vectorielle.\r","authors":["Bruno Arts"],"category_codes":["1000000","1090000"],"visuals":{"large":"https:\/\/images.epagine.fr\/684\/9782955311684_1_75.jpg","medium":"https:\/\/images.epagine.fr\/684\/9782955311684_1_m.jpg","thumbnail":"https:\/\/images.epagine.fr\/684\/9782955311684_1_v.jpg"},"orderable":true,"show_badge":true,"formatted_price":"22,00&nbsp;\u20ac","formatted_published_date":"22 ao\u00fbt 2020","publisher_availability_label":"Sur commande","short_details":"Bruno Arts \u2014 Arthur'R","translator":null,"weight":349,"page_count":104,"readership":null,"editor":"Arthur'R","price":2200,"published_date":"2020-08-21T22:00:00.000000Z","support":"Grand format","publisher_availability":1,"stock":0,"editions":[],"url":"https:\/\/quaidesbrumes.com\/ouvrage\/9782955311684\/fames"},{"id":"9782490185351","title":"Horizons haikus","description":null,"authors":["Puyalet\/Raynal"],"category_codes":["1000000","1090000","1090600"],"visuals":{"large":"https:\/\/quaidesbrumes.com\/img\/book-placeholder.png","medium":"https:\/\/quaidesbrumes.com\/img\/book-placeholder.png","thumbnail":"https:\/\/quaidesbrumes.com\/img\/book-placeholder.png"},"orderable":true,"show_badge":true,"formatted_price":"15,00&nbsp;\u20ac","formatted_published_date":"8 juillet 2020","publisher_availability_label":"Sur commande","short_details":"Puyalet\/Raynal \u2014 Atelier Des Noyers","translator":null,"weight":130,"page_count":null,"readership":null,"editor":"Atelier Des Noyers","price":1500,"published_date":"2020-07-07T22:00:00.000000Z","support":"Grand format","publisher_availability":1,"stock":0,"editions":[],"url":"https:\/\/quaidesbrumes.com\/ouvrage\/9782490185351\/horizons-haikus"},{"id":"9782912093660","title":"Les Hommes sans \u00c9paules n\u00b050, Dossier : Ren\u00e9 DEPESTRE ou l'Odyss\u00e9e de l'Homme-Rage de vivre","description":"Sommaire du num\u00e9ro : Hommage \u00e0 l'Espagnole, Maria la Femme sans \u00c9paules, par Christophe DAUPHIN, Po\u00e8mes de Henri RODE \/ \u00c9ditorial d'une col\u00e8re coronavirienne, qui a tu\u00e9 le po\u00e8te Guy Chaty ?, par Christophe DAUPHIN, Po\u00e8mes de Guy CHATY, Yves NAMUR \/ Les Porteurs de Feu : Ren\u00e9 DEPESTRE, par Christophe DAUPHIN, Pierre-Alain T\u00c2CHE, par Paul FARELLIER \/ Ainsi furent les Wah 1 : Po\u00e8mes de Christian VIGUIE, Jean-Pierre OTTE, Philippe BARMA, Philippe MONNEVEUX, B\u00e9atrice PAILLER, Denis PETIT-BENOPOULOS, Anne PESLIER, Kouam TAWA \/ Dossier : Ren\u00e9 DEPESTRE ou l'Odyss\u00e9e de l'Homme-Rage de vivre (\u00c9loge de l'Homme Banyan), par Christophe DAUPHIN, avec des textes de Fr\u00e9d\u00e9ric Jacques TEMPLE, Po\u00e8mes de Ren\u00e9 DEPESTRE \/ Une Voix, une oeuvre : G\u00e9rard Mordillat, le r\u00e9el \u00e0 nu, dessins de Patrice Giorda, par Thomas DEMOULIN, Po\u00e8mes de G\u00e9rard MORDILLAT \/ Ainsi furent les Wah 2, Po\u00e8tes \u00e0 l'h\u00f4pital : Po\u00e8mes de Arthur RIMBAUD, Antonio TABUCCHI, Richard ROGNET, Paul VERLAINE, Madeleine RIFFAUD, Henri MICHAUX, Jean ROUSSELOT, Stanislas RODANSKI, Antonin ARTAUD, Paul ELUARD, Yves MARTIN, Lo\u00efc HERRY, Alain MORIN, Michel MERLEN, Jacques SIMONOMIS, Jacques TAURAND, Jean-Michel ROBERT, Tristan CABRAL \/ Vers les Terres Libres : Dans la gueule du jour, Po\u00e8mes de ELEUSIS \/ Dans les cheveux d'Ao\u00fbn, proses : Minuscules II, par Fr\u00e9d\u00e9ric TISON, RER Migration, par Lionel LATHUILLE \/ Les pages libres des Hommes sans Epaules : Po\u00e8mes de Jean CHATARD, Paul FARELLIER, Alain BRETON, Christophe DAUPHIN \/ Avec la moelle des arbres, notes de lecture : par Odile COHEN-ABBAS, Branko ALEKSIC, Monique W. LABIDOIRE, Claire BOITEL, Claude LUEZIOR \/ Infos \/ \u00c9chos des Hommes sans Epaules, Po\u00e8mes, textes, dessins et sculptures, par Virginia TENTINDO, Karel HADEK, C\u00e9sar BIR\u00c8NE, Kiki DIMOULA, Claude ARG\u00c8S, Adeline BALDACCHINO, Christophe DAUPHIN, Ernesto CARDENAL, Alain BRETON, Ilarie VORONCA, Anne PESLIER.","authors":["Les Hommes Sans Epaules"],"category_codes":["1000000","1090000","1090600"],"visuals":{"large":"https:\/\/images.epagine.fr\/660\/9782912093660_1_75.jpg","medium":"https:\/\/images.epagine.fr\/660\/9782912093660_1_m.jpg","thumbnail":"https:\/\/images.epagine.fr\/660\/9782912093660_1_v.jpg"},"orderable":true,"show_badge":true,"formatted_price":"17,00&nbsp;\u20ac","formatted_published_date":"13 juillet 2020","publisher_availability_label":"Sur commande","short_details":"Les Hommes Sans Epaules \u2014 Hommes Sans Epaules","translator":null,"weight":390,"page_count":354,"readership":null,"editor":"Hommes Sans Epaules","price":1700,"published_date":"2020-07-12T22:00:00.000000Z","support":"Grand format","publisher_availability":1,"stock":0,"editions":[],"url":"https:\/\/quaidesbrumes.com\/ouvrage\/9782912093660\/les-hommes-sans-epaules-n50-dossier-rene-depestre-ou-lodyssee-de-lhomme-rage-de-vivre"},{"id":"9789523902367","title":"Absences","description":"Absent \u00e0 soi. L'\u00eatre essentiel a manqu\u00e9. L'\u00eatre aim\u00e9 s'est dissip\u00e9. Chaque fois pourtant la vie a continu\u00e9, elle s'est fray\u00e9 un chemin.\r\nCe recueil de po\u00e8mes parle de l'abandon et de la difficult\u00e9 d'exister. Le temps est \u00e0 l'oeuvre, celui des cycles imperceptibles d'o\u00f9 filtrent des r\u00e9surgences inattendues, m\u00e9taphores d'une renaissance toujours possible.","authors":["Fred Cimbao"],"category_codes":["1000000","1090000","1090600"],"visuals":{"large":"https:\/\/images.epagine.fr\/367\/9789523902367_1_75.jpg","medium":"https:\/\/images.epagine.fr\/367\/9789523902367_1_m.jpg","thumbnail":"https:\/\/images.epagine.fr\/367\/9789523902367_1_v.jpg"},"orderable":true,"show_badge":true,"formatted_price":"12,00&nbsp;\u20ac","formatted_published_date":"13 ao\u00fbt 2022","publisher_availability_label":"Sur commande","short_details":"Fred Cimbao \u2014 Atramenta","translator":null,"weight":60,"page_count":64,"readership":null,"editor":"Atramenta","price":1200,"published_date":"2022-08-12T22:00:00.000000Z","support":"Grand format","publisher_availability":1,"stock":0,"editions":[],"url":"https:\/\/quaidesbrumes.com\/ouvrage\/9789523902367\/absences"},{"id":"9782351281772","title":"Femme asym\u00e9trique ; aperceptions","description":null,"authors":["Tomasz Cichawa"],"category_codes":["1000000","1090000"],"visuals":{"large":"https:\/\/images.epagine.fr\/772\/9782351281772_1_75.jpg","medium":"https:\/\/images.epagine.fr\/772\/9782351281772_1_m.jpg","thumbnail":"https:\/\/images.epagine.fr\/772\/9782351281772_1_v.jpg"},"orderable":true,"show_badge":true,"formatted_price":"18,00&nbsp;\u20ac","formatted_published_date":"14 juillet 2020","publisher_availability_label":"Sur commande","short_details":"Tomasz Cichawa \u2014 Voix D'Encre","translator":null,"weight":200,"page_count":74,"readership":null,"editor":"Voix D'Encre","price":1800,"published_date":"2020-07-13T22:00:00.000000Z","support":"Grand format","publisher_availability":1,"stock":0,"editions":[],"url":"https:\/\/quaidesbrumes.com\/ouvrage\/9782351281772\/femme-asymetrique-aperceptions"},{"id":"9782850890161","title":"Nuire & poesie visuelle = visual poetry = fonnker pou lo zie, n  7","description":null,"authors":["Andre Rober Directeu"],"category_codes":["1000000","1090000"],"visuals":{"large":"https:\/\/quaidesbrumes.com\/img\/book-placeholder.png","medium":"https:\/\/quaidesbrumes.com\/img\/book-placeholder.png","thumbnail":"https:\/\/quaidesbrumes.com\/img\/book-placeholder.png"},"orderable":true,"show_badge":true,"formatted_price":"12,00&nbsp;\u20ac","formatted_published_date":"15 juin 2020","publisher_availability_label":"Sur commande","short_details":"Andre Rober Directeu \u2014 Paraules","translator":null,"weight":70,"page_count":null,"readership":null,"editor":"Paraules","price":1200,"published_date":"2020-06-14T22:00:00.000000Z","support":"Grand format","publisher_availability":1,"stock":0,"editions":[],"url":"https:\/\/quaidesbrumes.com\/ouvrage\/9782850890161\/nuire-poesie-visuelle-visual-poetry-fonnker-pou-lo-zie-n-7"},{"id":"9782850890185","title":"Derniere demonstr'action sous ma gouverne","description":null,"authors":["Julien Blaine"],"category_codes":["1000000","1090000"],"visuals":{"large":"https:\/\/quaidesbrumes.com\/img\/book-placeholder.png","medium":"https:\/\/quaidesbrumes.com\/img\/book-placeholder.png","thumbnail":"https:\/\/quaidesbrumes.com\/img\/book-placeholder.png"},"orderable":true,"show_badge":true,"formatted_price":"10,00&nbsp;\u20ac","formatted_published_date":"15 juillet 2020","publisher_availability_label":"Sur commande","short_details":"Julien Blaine \u2014 Paraules","translator":null,"weight":70,"page_count":null,"readership":null,"editor":"Paraules","price":1000,"published_date":"2020-07-14T22:00:00.000000Z","support":"Grand format","publisher_availability":1,"stock":0,"editions":[],"url":"https:\/\/quaidesbrumes.com\/ouvrage\/9782850890185\/derniere-demonstraction-sous-ma-gouverne"},{"id":"9782850890178","title":"Juste un mauvais moment","description":null,"authors":["Rober Andre"],"category_codes":["1000000","1090000"],"visuals":{"large":"https:\/\/quaidesbrumes.com\/img\/book-placeholder.png","medium":"https:\/\/quaidesbrumes.com\/img\/book-placeholder.png","thumbnail":"https:\/\/quaidesbrumes.com\/img\/book-placeholder.png"},"orderable":true,"show_badge":true,"formatted_price":"10,00&nbsp;\u20ac","formatted_published_date":"15 juin 2020","publisher_availability_label":"Sur commande","short_details":"Rober Andre \u2014 Paraules","translator":null,"weight":70,"page_count":null,"readership":null,"editor":"Paraules","price":1000,"published_date":"2020-06-14T22:00:00.000000Z","support":"Grand format","publisher_availability":1,"stock":0,"editions":[],"url":"https:\/\/quaidesbrumes.com\/ouvrage\/9782850890178\/juste-un-mauvais-moment"},{"id":"9782917621448","title":"Busiaches et ramintuvries","description":"Pierre Delannoy est un vrai Art\u00e9sien. Art\u00e9jien ti\u00eate ed kien, oserait-on dire car l'auteur est comme les Arrageois assi\u00e9g\u00e9s par les troupes de Louis XIV qui r\u00e9pondaient aux Fran\u00e7ais qui les sommaient de se rendre \u00ab Quand les Fran\u00e7ais prindront Arras les souris mingeront les cats \u00bb : il r\u00e9siste pour ne pas perdre sa libert\u00e9 et sa fiert\u00e9.\r\nCe qui frappe de suite dans la po\u00e9sie de Pierre Delannoy, c'est la v\u00e9rit\u00e9 du discours, la volont\u00e9 d'\u00eatre honn\u00eate avec soi-m\u00eame. Tout ce qui compte et a compt\u00e9 pour lui est ici r\u00e9uni.\r\nPierre Delannoy est historien, linguiste, sociologue, psychologue, voire m\u00eame entomologiste. Il est avant tout un humaniste et surtout un honn\u00eate homme, un \u00ab brafe \u00bb comme on dit en Artois.","authors":["Pierre Delannoy"],"category_codes":["1000000","1090000","1090600"],"visuals":{"large":"https:\/\/images.epagine.fr\/448\/9782917621448_1_75.jpg","medium":"https:\/\/images.epagine.fr\/448\/9782917621448_1_m.jpg","thumbnail":"https:\/\/images.epagine.fr\/448\/9782917621448_1_v.jpg"},"orderable":true,"show_badge":true,"formatted_price":"15,00&nbsp;\u20ac","formatted_published_date":"12 d\u00e9cembre 2020","publisher_availability_label":"Sur commande","short_details":"Pierre Delannoy \u2014 Engelaere","translator":null,"weight":377,"page_count":184,"readership":null,"editor":"Engelaere","price":1500,"published_date":"2020-12-11T23:00:00.000000Z","support":"Grand format","publisher_availability":1,"stock":0,"editions":[],"url":"https:\/\/quaidesbrumes.com\/ouvrage\/9782917621448\/busiaches-et-ramintuvries"},{"id":"9782312077963","title":"Les chroniques d'un parapluie rose ; po\u00e8mes et petites nouvelles","description":"Les chroniques d'un parapluie rose est un recueil de po\u00e8mes et de nouvelles d\u00e9crivant le monde tel qu'il est aujourd'hui. Au travers des mots pos\u00e9s sur le papier, on est transport\u00e9 dans un monde o\u00f9 tout est d\u00e9voil\u00e9 et rien n'est cach\u00e9 laissant un go\u00fbt d'enchantement \u00e0 son lecteur.\r\nC'est aussi toute la question de l'Engagisme \u00e0 l'\u00eele de la R\u00e9union qui y est racont\u00e9e et se d\u00e9voile l'envie d'en savoir plus.\r","authors":["Kali Cy"],"category_codes":["1000000","1090000"],"visuals":{"large":"https:\/\/images.epagine.fr\/963\/9782312077963_1_75.jpg","medium":"https:\/\/images.epagine.fr\/963\/9782312077963_1_m.jpg","thumbnail":"https:\/\/images.epagine.fr\/963\/9782312077963_1_v.jpg"},"orderable":true,"show_badge":true,"formatted_price":"16,00&nbsp;\u20ac","formatted_published_date":"5 novembre 2020","publisher_availability_label":"Sur commande","short_details":"Kali Cy \u2014 Editions du Net","translator":null,"weight":108,"page_count":60,"readership":null,"editor":"Editions du Net","price":1600,"published_date":"2020-11-04T23:00:00.000000Z","support":"Grand format","publisher_availability":1,"stock":0,"editions":[],"url":"https:\/\/quaidesbrumes.com\/ouvrage\/9782312077963\/les-chroniques-dun-parapluie-rose-poemes-et-petites-nouvelles"},{"id":"9782364692312","title":"Le miroir amn\u00e9sique","description":"Mais, au dernier moment, au moment m\u00eame o\u00f9 je finissais d'\u00e9crire ce livre (qui ne sera jamais achev\u00e9), je re\u00e7ois un coup de t\u00e9l\u00e9phone de l'abbaye de Saint Gu\u00e9nol\u00e9 : c'est Gilles Baudry ! Il me donne l'autorisation d'utiliser le vers de son po\u00e8mes \u00ab Pl\u00e9nitude des heures creuses \u00bb pour en faire le titre de mon livre : ce sera donc \u00ab Le Miroir amn\u00e9sique \u00bb.\r\n\u00c0 toi, lecteur, lectrice, en solitude ou en public, intime ou sur ta sc\u00e8ne, de choisir l'ordre de tes lectures. Le d\u00e9sordre nous reconstruit.","authors":["Roland Nadaus"],"category_codes":["1000000","1090000","1090600"],"visuals":{"large":"https:\/\/images.epagine.fr\/312\/9782364692312_1_75.jpg","medium":"https:\/\/images.epagine.fr\/312\/9782364692312_1_m.jpg","thumbnail":"https:\/\/images.epagine.fr\/312\/9782364692312_1_v.jpg"},"orderable":true,"show_badge":true,"formatted_price":"12,00&nbsp;\u20ac","formatted_published_date":"4 novembre 2020","publisher_availability_label":"Sur commande","short_details":"Roland Nadaus \u2014 Editions Henry","translator":null,"weight":180,"page_count":132,"readership":null,"editor":"Editions Henry","price":1200,"published_date":"2020-11-03T23:00:00.000000Z","support":"Grand format","publisher_availability":1,"stock":0,"editions":[],"url":"https:\/\/quaidesbrumes.com\/ouvrage\/9782364692312\/le-miroir-amnesique"},{"id":"9782312076966","title":"Deux saisons en enfer","description":"L'enfer qu'on se figure d\u00e9sert de feu et de solitude, est parfois tapiss\u00e9 de sable et bord\u00e9 de mer, est parfois peupl\u00e9 de visages souriants, ceux qu'on aime, ceux qu'on voudrait aimer encore.\r\nL'enfer, je l'ai connu, une fois, deux fois au moins.\r\nVoici captur\u00e9es, en mots, en vers :\r\nDeux saisons en enfer.\r","authors":["Ketty Steward"],"category_codes":["1000000","1090000"],"visuals":{"large":"https:\/\/images.epagine.fr\/966\/9782312076966_1_75.jpg","medium":"https:\/\/images.epagine.fr\/966\/9782312076966_1_m.jpg","thumbnail":"https:\/\/images.epagine.fr\/966\/9782312076966_1_v.jpg"},"orderable":true,"show_badge":true,"formatted_price":"13,00&nbsp;\u20ac","formatted_published_date":"24 octobre 2020","publisher_availability_label":"Sur commande","short_details":"Ketty Steward \u2014 Editions du Net","translator":null,"weight":150,"page_count":140,"readership":null,"editor":"Editions du Net","price":1300,"published_date":"2020-10-23T22:00:00.000000Z","support":"Grand format","publisher_availability":1,"stock":0,"editions":[],"url":"https:\/\/quaidesbrumes.com\/ouvrage\/9782312076966\/deux-saisons-en-enfer"},{"id":"9782919376735","title":"Un palmier dans un champ de mines","description":"Deux po\u00e8mes narratifs marqu\u00e9s par les th\u00e9matiques de l'exil, de la guerre et du d\u00e9racinement.","authors":["Abdulrahman Khallouf"],"category_codes":["1000000","1090000","1090600"],"visuals":{"large":"https:\/\/images.epagine.fr\/735\/9782919376735_1_75.jpg","medium":"https:\/\/images.epagine.fr\/735\/9782919376735_1_m.jpg","thumbnail":"https:\/\/images.epagine.fr\/735\/9782919376735_1_v.jpg"},"orderable":true,"show_badge":true,"formatted_price":"5,70&nbsp;\u20ac","formatted_published_date":"10 ao\u00fbt 2020","publisher_availability_label":"Sur commande","short_details":"Abdulrahman Khallouf \u2014 Alidades","translator":null,"weight":80,"page_count":36,"readership":null,"editor":"Alidades","price":570,"published_date":"2020-08-09T22:00:00.000000Z","support":"Grand format","publisher_availability":1,"stock":0,"editions":[],"url":"https:\/\/quaidesbrumes.com\/ouvrage\/9782919376735\/un-palmier-dans-un-champ-de-mines"},{"id":"9782874501661","title":"Anamn\u00e8se !","description":"Ce volume rassemble l'essentiel de son oeuvre po\u00e9tique.\r\nVolume augment\u00e9 d'un cahier de reproductions de tableaux Po\u00e8te r\u00e9volt\u00e9 voire r\u00e9volutionnaire au coeur de la mouvance mai 68!\r","authors":["Yvon Vandycke"],"category_codes":["1000000","1090000","1090600"],"visuals":{"large":"https:\/\/images.epagine.fr\/661\/9782874501661_1_75.jpg","medium":"https:\/\/images.epagine.fr\/661\/9782874501661_1_m.jpg","thumbnail":"https:\/\/images.epagine.fr\/661\/9782874501661_1_v.jpg"},"orderable":true,"show_badge":true,"formatted_price":"18,00&nbsp;\u20ac","formatted_published_date":"7 septembre 2020","publisher_availability_label":"Sur commande","short_details":"Yvon Vandycke \u2014 Taillis Pre","translator":null,"weight":336,"page_count":202,"readership":null,"editor":"Taillis Pre","price":1800,"published_date":"2020-09-06T22:00:00.000000Z","support":"Grand format","publisher_availability":1,"stock":0,"editions":[],"url":"https:\/\/quaidesbrumes.com\/ouvrage\/9782874501661\/anamnese"},{"id":"9782312075631","title":"Dans le souffle des fleurs ; po\u00e9sie de confinement","description":"Les premiers textes composant ce recueil de po\u00e9sie de confinement ont \u00e9t\u00e9 \u00e9crits en r\u00e9ponse \u00e0 l'appel \u00e0 textes de deux maisons d'\u00e9dition des Hauts de France, les autres ont suivi, r\u00e9dig\u00e9s dans une sorte de fr\u00e9n\u00e9sie po\u00e9tique.\r\n\r\nExtrait de \u00ab Derniers jours... J-5 \u00bb Je m'enfonce dans les renoncules des pr\u00e9s un m\u00eame pr\u00e9 de boutons d'or peut-\u00eatre aujourd'hui encore fleuri \u00e0 Amherst le pr\u00e9 de \u00ab La dame blanche \u00bb le livre commence par ses derni\u00e8res volont\u00e9s faire faire la travers\u00e9e de son cercueil par le pr\u00e9 de boutons d'or\r","authors":["Magali Andr\u00e9-souli\u00e9"],"category_codes":["1000000","1090000"],"visuals":{"large":"https:\/\/images.epagine.fr\/631\/9782312075631_1_75.jpg","medium":"https:\/\/images.epagine.fr\/631\/9782312075631_1_m.jpg","thumbnail":"https:\/\/images.epagine.fr\/631\/9782312075631_1_v.jpg"},"orderable":true,"show_badge":true,"formatted_price":"15,00&nbsp;\u20ac","formatted_published_date":"17 ao\u00fbt 2020","publisher_availability_label":"Sur commande","short_details":"Magali Andr\u00e9-souli\u00e9 \u2014 Editions du Net","translator":null,"weight":93,"page_count":52,"readership":null,"editor":"Editions du Net","price":1500,"published_date":"2020-08-16T22:00:00.000000Z","support":"Grand format","publisher_availability":1,"stock":0,"editions":[],"url":"https:\/\/quaidesbrumes.com\/ouvrage\/9782312075631\/dans-le-souffle-des-fleurs-poesie-de-confinement"}]}