{"data":[{"id":"9782488846189","title":"Berenice - la reine de cesaree","description":null,"authors":["Brasillach","Tame"],"category_codes":["1000000","1080000","1080200"],"visuals":{"large":"https:\/\/images.epagine.fr\/189\/9782488846189_1_75.jpg","medium":"https:\/\/images.epagine.fr\/189\/9782488846189_1_m.jpg","thumbnail":"https:\/\/images.epagine.fr\/189\/9782488846189_1_v.jpg"},"orderable":true,"show_badge":true,"formatted_price":"9,00&nbsp;\u20ac","formatted_published_date":"30 d\u00e9cembre 2025","publisher_availability_label":"Sur commande","short_details":"Brasillach, Tame \u2014 Lif","translator":null,"weight":140,"page_count":null,"readership":null,"editor":"Lif","price":900,"published_date":"2025-12-29T23:00:00.000000Z","support":"Grand format","publisher_availability":1,"stock":0,"editions":[],"url":"https:\/\/quaidesbrumes.com\/ouvrage\/9782488846189\/berenice-la-reine-de-cesaree"},{"id":"9782749817194","title":"Revue L'Avant-sc\u00e8ne th\u00e9\u00e2tre : Les Rochambelles","description":"En 1943, apr\u00e8s avoir d\u00e9couvert qu'une certaine Florence Conrad cherche des jeunes filles pour conduire des ambulances sur le front, Jacqueline int\u00e8gre le groupe Rochambeau. Une pi\u00e8ce de th\u00e9\u00e2tre chorale qui met en lumi\u00e8re les actions, le courage et la sororit\u00e9 de ces ambulanci\u00e8res volontaires au cours de la Seconde Guerre mondiale.","authors":["Val\u00e9rie Demay"],"category_codes":["1000000","1080000"],"visuals":{"large":"https:\/\/quaidesbrumes.com\/img\/book-placeholder.png","medium":"https:\/\/quaidesbrumes.com\/img\/book-placeholder.png","thumbnail":"https:\/\/quaidesbrumes.com\/img\/book-placeholder.png"},"orderable":false,"show_badge":true,"formatted_price":"16,00&nbsp;\u20ac","formatted_published_date":"5 juin 2026","publisher_availability_label":"\u00c0 para\u00eetre","short_details":"Val\u00e9rie Demay \u2014 Avant sc\u00e8ne th\u00e9\u00e2tre","translator":null,"weight":0,"page_count":80,"readership":null,"editor":"Avant sc\u00e8ne th\u00e9\u00e2tre","price":1600,"published_date":"2026-06-04T22:00:00.000000Z","support":"Revue","publisher_availability":2,"stock":0,"editions":[],"url":"https:\/\/quaidesbrumes.com\/ouvrage\/9782749817194\/revue-lavant-scene-theatre-les-rochambelles"},{"id":"9782487746367","title":"A deep in a night. Suivi de Elvis is not dad","description":"A DEEP IN A NIGHT\r\n\r\nComment faire dans un monde en d\u00e9composition permanente?? Comment compose-t-on dans un monde o\u00f9 le manich\u00e9isme fait rage, de plus en plus?? Il est question d'un personnage en lutte avec son histoire, des ambigu\u00eft\u00e9s que lui propose le Monde. Il n'y a pas de m\u00e9chant et de gentil puisque LE DEEP et FATE sont un m\u00eame personnage. FATE est sa voix int\u00e9rieure, son Faust, son fasciste int\u00e9rieur, son DJ, son chien noir, son \u00e2me d'enfant tordu par la vie. Ensemble ils arpentent le chemin des ruines, pour entamer le chant d'un possible.\r\n\r\nELVIS IS NOT DAD\r\n\r\nElvis est mort \u00e0 42 ans. Jean-Paul est mort \u00e0 42 ans. C'\u00e9tait le 16?ao\u00fbt. Elvis joue \u00e0 Hawa\u00ef un concert retransmis \u00e0 la t\u00e9l\u00e9 en mondovision pour des millions de personnes le 14?janvier 1973. Neuf mois plus tard, le 9?septembre son fils Antony naissait.\r\nDe ce fait indiscutable le po\u00e8me convoque les fils, les clones, dans un texte po\u00e9tique n\u00e9o psych\u00e9d\u00e9lique avec des tubes cathodiques en trois accords, des jouets sacrifi\u00e9s jusqu'\u00e0 l'os et des photos d'outre-r\u00eave.\r\n","authors":["Antony Quenet"],"category_codes":["1000000","1080000"],"visuals":{"large":"https:\/\/images.epagine.fr\/367\/9782487746367_1_75.jpg","medium":"https:\/\/images.epagine.fr\/367\/9782487746367_1_m.jpg","thumbnail":"https:\/\/images.epagine.fr\/367\/9782487746367_1_v.jpg"},"orderable":false,"show_badge":true,"formatted_price":"12,00&nbsp;\u20ac","formatted_published_date":"7 mai 2026","publisher_availability_label":"\u00c0 para\u00eetre","short_details":"Antony Quenet \u2014 Esse que","translator":null,"weight":89,"page_count":64,"readership":null,"editor":"Esse que","price":1200,"published_date":"2026-05-06T22:00:00.000000Z","support":"Grand format","publisher_availability":2,"stock":0,"editions":[],"url":"https:\/\/quaidesbrumes.com\/ouvrage\/9782487746367\/a-deep-in-a-night-suivi-de-elvis-is-not-dad"},{"id":"9782373934069","title":"Bienvenue dans l'immeuble","description":"Transportant meubles et cartons, la famille Mercier emm\u00e9nage. Elle ne va pas tarder \u00e0 s'apercevoir que l'immeuble est peupl\u00e9 de voisins hauts en couleur et que l'installation ne sera pas aussi tranquille que pr\u00e9vu !\r\nAinsi d\u00e9barquent M\u00e9m\u00e8re, \u00e0 l'\u00ab Alzheimer \u00bb impr\u00e9visible, Mlle Laroche, professeur de musique pr\u00eachant l'harmonie, Gautier de Courcelles et sa fi anc\u00e9e Roxane de la Buzardi\u00e8re, qui ne lui laisse aucun r\u00e9pit, sans oublier Jeremy Fassol, infatigable repr\u00e9sentant dragueur et tenace.\r\nCette situation, d\u00e9j\u00e0 bien effervescente, est en passe de devenir carr\u00e9ment explosive lorsque Roxane d\u00e9couvre que Gautier n'est pas du tout insensible au charme de Brigitte, la fille Mercier...\r\nUne bouillonnante com\u00e9die, rythm\u00e9e \u00e0 cent \u00e0 l'heure. Les dialogues et les situations mettant en valeur les caract\u00e8res tr\u00e8s contrast\u00e9s des personnages provoqueront des cascades de rire et permettront aux acteursd'\u00e9voluer aussi bien sur sc\u00e8ne que dans la salle.","authors":["Yvon Taburet"],"category_codes":["6000000","6080000","6080200"],"visuals":{"large":"https:\/\/images.epagine.fr\/069\/9782373934069_1_75.jpg","medium":"https:\/\/images.epagine.fr\/069\/9782373934069_1_m.jpg","thumbnail":"https:\/\/images.epagine.fr\/069\/9782373934069_1_v.jpg"},"orderable":true,"show_badge":true,"formatted_price":"12,00&nbsp;\u20ac","formatted_published_date":"4 juillet 2025","publisher_availability_label":"Sur commande","short_details":"Yvon Taburet \u2014 ART ET COMEDIE","translator":null,"weight":103,"page_count":78,"readership":null,"editor":"ART ET COMEDIE","price":1200,"published_date":"2025-07-03T22:00:00.000000Z","support":"Grand format","publisher_availability":1,"stock":0,"editions":[],"url":"https:\/\/quaidesbrumes.com\/ouvrage\/9782373934069\/bienvenue-dans-limmeuble"},{"id":"9782844227416","title":"Tout le plaisir est pour nous !","description":"Dans un appartement bourgeois, trois couples ill\u00e9gitimes ont d\u00e9cid\u00e9 de s'\u00e9battre clandestinement. Bien entendu, aucun d'eux n'a pr\u00e9vu la pr\u00e9sence des autres et l'escapade c\u00e2line vire au cauchemar.\r\nL'arriv\u00e9e inopin\u00e9e d'une vieille dame tr\u00e8s puritaine n'arrange pas les choses...","authors":["S\u00e9bastien Castro","John Chapman","Ray Cooney"],"category_codes":["1000000","1080000"],"visuals":{"large":"https:\/\/images.epagine.fr\/416\/9782844227416_1_75.jpg","medium":"https:\/\/images.epagine.fr\/416\/9782844227416_1_m.jpg","thumbnail":"https:\/\/images.epagine.fr\/416\/9782844227416_1_v.jpg"},"orderable":true,"show_badge":true,"formatted_price":"14,00&nbsp;\u20ac","formatted_published_date":"30 avril 2010","publisher_availability_label":"Sur commande","short_details":"S\u00e9bastien Castro, John Chapman, Ray Cooney \u2014 ART ET COMEDIE","translator":null,"weight":112,"page_count":100,"readership":null,"editor":"ART ET COMEDIE","price":1400,"published_date":"2010-04-29T22:00:00.000000Z","support":"Poche","publisher_availability":1,"stock":0,"editions":[],"url":"https:\/\/quaidesbrumes.com\/ouvrage\/9782844227416\/tout-le-plaisir-est-pour-nous"},{"id":"9782807104464","title":"Vent de bout","description":"Sur ce bout de terre entour\u00e9 par la mer, un adolescent est tomb\u00e9 de la pointe d'une falaise et a disparu dans les flots sous les yeux de ses amis Edj, Uta, Elie et La Petite. \r\nSon p\u00e8re, an\u00e9anti, refuse d'assurer son pr\u00e9cieux travail de passeur, son bateau \u00e9tant le seul lien quotidien entre l'\u00eele et le continent. Tout le monde est donc bloqu\u00e9 ici en une sorte de huis-clos qui attise les tensions, les non-dits, les secrets, les remords aussi. \r\nMalgr\u00e9 le contexte et les liens contrari\u00e9s, les adolescents se sont fait la promesse de rester solidaires. Et surtout de ne pas parler du jeu de r\u00f4les qu'ils ont construit tout au long de l'enfance et qui est peut-\u00eatre \u00e0 l'origine du drame. Tous tentent aussi de cacher La Petite dans la cabane secr\u00e8te qui les a vus grandir pour qu'elle ne parte pas l\u00e0-bas, dans une institution. \r\nPlus le temps passe, plus la tension monte, plus la parole se lib\u00e8re, plus les vieilles histoires remontent et les lignes bougent. La disparition du jeune homme redessine le groupe et ouvre de nouvelles voies o\u00f9 le d\u00e9sir et l'amour deviennent essentiels.","authors":["Tiphaine Piffault Guitton"],"category_codes":["1000000","1080000"],"visuals":{"large":"https:\/\/images.epagine.fr\/464\/9782807104464_1_75.jpg","medium":"https:\/\/images.epagine.fr\/464\/9782807104464_1_m.jpg","thumbnail":"https:\/\/images.epagine.fr\/464\/9782807104464_1_v.jpg"},"orderable":true,"show_badge":true,"formatted_price":"12,00&nbsp;\u20ac","formatted_published_date":"13 octobre 2025","publisher_availability_label":"Sur commande","short_details":"Tiphaine Piffault Guitton \u2014 Lansman","translator":null,"weight":92,"page_count":68,"readership":null,"editor":"Lansman","price":1200,"published_date":"2025-10-12T22:00:00.000000Z","support":"Grand format","publisher_availability":1,"stock":0,"editions":[],"url":"https:\/\/quaidesbrumes.com\/ouvrage\/9782807104464\/vent-de-bout"},{"id":"9782898780820","title":"Jenon, pas moi","description":"L'adolescence, un chemin d\u00e9j\u00e0 tout trac\u00e9 d'avance. Un parcours ardu, jalonn\u00e9 d'\u00e9preuves et d'incertitudes avec \u00e0 la solde, comme prix \u00e0 payer, une identit\u00e9 impos\u00e9 et l'obligation de s'y conformer. Pourtant, parmi les milliards d'humains sur terre, chaque individu est unique, donc diff\u00e9rent. Pourquoi est-il si difficile d'accepter la diff\u00e9rence ? Priv\u00e9 de ses rep\u00e8res habituels, tragiquement propuls\u00e9 dans son adolescence, Sunny doit affronter seul les \u00e9vidences qui lui font craindre d'\u00eatre tributaire d'une maladie mentale transmise par son p\u00e8re. Surprot\u00e9g\u00e9 par des parents qui croyaient bien faire, il n'est pas pr\u00e9par\u00e9 \u00e0 affronter les vicissitudes de la vie. Constatant que sa m\u00e8re lui a toujours menti depuis l'enfance, jumel\u00e9 \u00e0 la perte de son p\u00e8re, il se voit contraint de reconna\u00eetre ses pr\u00e9f\u00e9rences sexuelles tant m\u00e9pris\u00e9es dans son milieu scolaire sans personne pour le soutenir. \u00c0 l'approche de l'\u00e2ge adulte, le d\u00e9ni de son attirance vers les hommes matures lui fait poser des actes qui renforcent ses convictions qu'il n'est rien de plus qu'un pervers mentalement d\u00e9s\u00e9quilibr\u00e9. Trouvera-t-il son \u00e9quilibre mental dans un entra\u00eenement excessif qui le prot\u00e8ge des soup\u00e7ons de son entourage ? ","authors":["Millaire Rejean"],"category_codes":["1000000","1080000","1080500"],"visuals":{"large":"https:\/\/images.epagine.fr\/820\/9782898780820_1_75.jpg","medium":"https:\/\/images.epagine.fr\/820\/9782898780820_1_m.jpg","thumbnail":"https:\/\/images.epagine.fr\/820\/9782898780820_1_v.jpg"},"orderable":true,"show_badge":true,"formatted_price":"18,36&nbsp;\u20ac","formatted_published_date":"27 octobre 2025","publisher_availability_label":"Sur commande","short_details":"Millaire Rejean \u2014 Distribulivre","translator":null,"weight":490,"page_count":300,"readership":null,"editor":"Distribulivre","price":1836,"published_date":"2025-10-26T23:00:00.000000Z","support":"Grand format","publisher_availability":1,"stock":0,"editions":[],"url":"https:\/\/quaidesbrumes.com\/ouvrage\/9782898780820\/jenon-pas-moi"},{"id":"9791042246655","title":"La valeur des notes","description":"En 1961, quinze ann\u00e9es se sont \u00e9coul\u00e9es depuis l'adoption de la loi de d\u00e9partementalisation. Pourtant, les attentes plac\u00e9es en elle se sont \u00e9vanouies, laissant place \u00e0 une stagnation sociale dans les anciennes colonies fran\u00e7aises. La gr\u00e8ve de mars de cette m\u00eame ann\u00e9e, qui enflamme la Martinique, s'ach\u00e8ve au Lamentin dans une trag\u00e9die sanglante, comme tant d'autres avant elle. Trois jeunes hommes y trouvent la mort, et Georges Gratiant, avocat et compagnon de lutte d'Aim\u00e9 C\u00e9saire, alors maire du Lamentin, s'appr\u00eate \u00e0 marquer les esprits. Son discours, Sur trois tombes, r\u00e9sonnera \u00e0 travers l'Histoire, un hommage vibrant aux victimes de ce bain de sang.","authors":["Francine Nar\u00e8ce"],"category_codes":["1000000","1080000"],"visuals":{"large":"https:\/\/images.epagine.fr\/655\/9791042246655_1_75.jpg","medium":"https:\/\/images.epagine.fr\/655\/9791042246655_1_m.jpg","thumbnail":"https:\/\/images.epagine.fr\/655\/9791042246655_1_v.jpg"},"orderable":true,"show_badge":true,"formatted_price":"12,00&nbsp;\u20ac","formatted_published_date":"1er octobre 2024","publisher_availability_label":"Sur commande","short_details":"Francine Nar\u00e8ce \u2014 Le Lys Bleu","translator":null,"weight":140,"page_count":108,"readership":null,"editor":"Le Lys Bleu","price":1200,"published_date":"2024-09-30T22:00:00.000000Z","support":"Grand format","publisher_availability":1,"stock":0,"editions":[],"url":"https:\/\/quaidesbrumes.com\/ouvrage\/9791042246655\/la-valeur-des-notes"},{"id":"9782807104617","title":"Azaline se tait","description":"Dans la cour de l'\u00e9cole, il y a le loup, la princesse, les trois petits cochons... autant de r\u00e9f\u00e9rences aux contes traditionnels qui pourraient faire croire \u00e0 d'innocents jeux d'enfants. Mais les contes, souvent cruels et violents, recoupent parfois les bleus au coeur et les blessures de la vie. \r\nC'est le cas pour Azaline qui porte un lourd et douloureux secret : son p\u00e8re, tous les soirs, ouvre la porte de sa chambre. Et ce n'est pas pour lui raconter des histoires...\r\nQuelqu'un va-t-il enfin comprendre ce que cache le comportement d'Azaline quand elle est \u00e0 l'\u00e9cole ?","authors":["Lise Martin"],"category_codes":["1000000","1080000"],"visuals":{"large":"https:\/\/images.epagine.fr\/617\/9782807104617_1_75.jpg","medium":"https:\/\/images.epagine.fr\/617\/9782807104617_1_m.jpg","thumbnail":"https:\/\/images.epagine.fr\/617\/9782807104617_1_v.jpg"},"orderable":true,"show_badge":true,"formatted_price":"7,00&nbsp;\u20ac","formatted_published_date":"18 d\u00e9cembre 2025","publisher_availability_label":"Sur commande","short_details":"Lise Martin \u2014 Lansman","translator":null,"weight":20,"page_count":32,"readership":null,"editor":"Lansman","price":700,"published_date":"2025-12-17T23:00:00.000000Z","support":"Grand format","publisher_availability":1,"stock":0,"editions":[],"url":"https:\/\/quaidesbrumes.com\/ouvrage\/9782807104617\/azaline-se-tait"},{"id":"9782386277436","title":"Mains tendues","description":"Ce recueil r\u00e9unit sept pi\u00e8ces de th\u00e9\u00e2tre sur l'adolescence, cette courte mais intense p\u00e9riode de la vie. Quelques ann\u00e9es qui laissent une trace ind\u00e9l\u00e9bile dans nos esprits. C'est l'\u00e2ge hybride de la terrible bascule ! Arrach\u00e9 du monde de l'enfance, on te projette dans un univers de bouleversements physiques, psychiques et sociaux. Tr\u00e8s vite, tu dois choisir : ton style, tes amis, ton avenir... alors que tu ne sais pas encore vraiment qui tu es. Tu te sens perdu, simplement pas pr\u00eat ! L'adolescence, c'est la construction fragile de l'adulte \u00e0 venir, un passage souvent sem\u00e9 d'obstacles : crise identitaire, harc\u00e8lement, rejet, violence, d\u00e9pression, addictions, deuil... \u00c0 travers ces textes, des jeunes ab\u00eem\u00e9s livrent leurs combats, leurs blessures, mais aussi leur force et leur espoir. Car m\u00eame dans l'obscurit\u00e9, il suffit parfois d'une main tendue pour ouvrir un chemin vers la lumi\u00e8re.","authors":["Pam\u00e9la Boutin Fournier"],"category_codes":["1000000","1080000"],"visuals":{"large":"https:\/\/images.epagine.fr\/436\/9782386277436_1_75.jpg","medium":"https:\/\/images.epagine.fr\/436\/9782386277436_1_m.jpg","thumbnail":"https:\/\/images.epagine.fr\/436\/9782386277436_1_v.jpg"},"orderable":true,"show_badge":true,"formatted_price":"18,90&nbsp;\u20ac","formatted_published_date":"20 f\u00e9vrier 2026","publisher_availability_label":"Sur commande","short_details":"Pam\u00e9la Boutin Fournier \u2014 Hello Editions","translator":null,"weight":235,"page_count":188,"readership":null,"editor":"Hello Editions","price":1890,"published_date":"2026-02-19T23:00:00.000000Z","support":"Grand format","publisher_availability":1,"stock":0,"editions":[],"url":"https:\/\/quaidesbrumes.com\/ouvrage\/9782386277436\/mains-tendues"},{"id":"9782490431120","title":"Manuel \u00e0 l'usage des Non-Adultes","description":"Une conf\u00e9renci\u00e8re entame son sujet devant un public d'enfants : une sorte de manuel \u00e0 l'usage des Non-Adultes. Elle s'attache \u00e0 d\u00e9montrer les surprenants m\u00e9canismes qui r\u00e9gissent les comportements inadapt\u00e9s des adultes quand soudain, au beau milieu d'une phrase, la conf\u00e9rence prend un tour tout \u00e0 fait impr\u00e9vu. Fanny a un service \u00e0 demander, la sc\u00e8ne se couvre d'une multitude de sacs et d'accessoires en tous genres, le discours organis\u00e9 devient un dialogue d\u00e9brid\u00e9, on ne sait plus qui est l'adulte, qui ne l'est plus et qui fait quoi, tandis que le fil du discours se d\u00e9tricote de plus belle autour de la myst\u00e9rieuse figure de l'Adulte. Car il faut bien l'admettre, l'Adulte est une cr\u00e9ature tr\u00e8s attachante mais r\u00e9solument d\u00e9routante. Ses codes sont crypt\u00e9s, ses col\u00e8res sont impr\u00e9visibles, ses r\u00e9actions inattendues, ses attentes incongrues, ses peurs et ses contradictions innombrables... Comment g\u00e9rer et rassurer son adulte ? Voici le mode d'emploi !","authors":["B\u00e9n\u00e9dicte Auzias"],"category_codes":["1000000","1080000","1080300","1080305"],"visuals":{"large":"https:\/\/images.epagine.fr\/120\/9782490431120_1_75.jpg","medium":"https:\/\/images.epagine.fr\/120\/9782490431120_1_m.jpg","thumbnail":"https:\/\/images.epagine.fr\/120\/9782490431120_1_v.jpg"},"orderable":true,"show_badge":true,"formatted_price":"14,00&nbsp;\u20ac","formatted_published_date":"16 avril 2024","publisher_availability_label":"Sur commande","short_details":"B\u00e9n\u00e9dicte Auzias \u2014 Theatre En Poche","translator":null,"weight":80,"page_count":52,"readership":null,"editor":"Theatre En Poche","price":1400,"published_date":"2024-04-15T22:00:00.000000Z","support":"Grand format","publisher_availability":1,"stock":0,"editions":[],"url":"https:\/\/quaidesbrumes.com\/ouvrage\/9782490431120\/manuel-a-lusage-des-non-adultes"},{"id":"9791042241414","title":"Bounty Rhapsodie","description":"Bounty Rhapsodie offre une r\u00e9interpr\u00e9tation th\u00e9\u00e2trale et captivante du mythe de l'\u00eele paradisiaque, o\u00f9 humour et profondeur se m\u00ealent habilement. Cet ouvrage interroge le destin de Tahiti \u00e0 travers une lentille moderne et fascinante, mettant en sc\u00e8ne le capitaine Bligh, son second Fletcher Christian et son \u00e9pouse indig\u00e8ne Maimiti dans une aventure inoubliable qui retrace la plus c\u00e9l\u00e8bre mutinerie de l'histoire maritime.","authors":["Jean Rasther"],"category_codes":["1000000","1080000"],"visuals":{"large":"https:\/\/images.epagine.fr\/414\/9791042241414_1_75.jpg","medium":"https:\/\/images.epagine.fr\/414\/9791042241414_1_m.jpg","thumbnail":"https:\/\/images.epagine.fr\/414\/9791042241414_1_v.jpg"},"orderable":true,"show_badge":true,"formatted_price":"11,00&nbsp;\u20ac","formatted_published_date":"9 ao\u00fbt 2024","publisher_availability_label":"Sur commande","short_details":"Jean Rasther \u2014 Le Lys Bleu","translator":null,"weight":72,"page_count":72,"readership":null,"editor":"Le Lys Bleu","price":1100,"published_date":"2024-08-08T22:00:00.000000Z","support":"Poche","publisher_availability":1,"stock":0,"editions":[],"url":"https:\/\/quaidesbrumes.com\/ouvrage\/9791042241414\/bounty-rhapsodie"},{"id":"9782330222727","title":"Les Petites Filles modernes : [titre provisoire]","description":"Avec Les Petites Filles modernes, Jo\u00ebl Pommerat explore l'amiti\u00e9 comme une force de r\u00e9sistance face au r\u00e9el. Comme dans Cendrillon ou Le Petit Chaperon rouge, sous la forme du conte et en m\u00ealant r\u00e9el et fantastique, l'auteur interroge l'adolescence, au coeur d'un texte \u00e0 la fois sensible et troublant qui explore la puissance de l'imaginaire, de l'amiti\u00e9 et du d\u00e9sir d'\u00e9chapper \u00e0 un destin impos\u00e9 par d'autres.","authors":["Jo\u00ebl Pommerat"],"category_codes":["1000000","1080000"],"visuals":{"large":"https:\/\/images.epagine.fr\/727\/9782330222727_1_75.jpg","medium":"https:\/\/images.epagine.fr\/727\/9782330222727_1_m.jpg","thumbnail":"https:\/\/images.epagine.fr\/727\/9782330222727_1_v.jpg"},"orderable":false,"show_badge":true,"formatted_price":"14,00&nbsp;\u20ac","formatted_published_date":"3 juin 2026","publisher_availability_label":"\u00c0 para\u00eetre","short_details":"Jo\u00ebl Pommerat \u2014 Actes Sud","translator":null,"weight":0,"page_count":88,"readership":"+ de 18 ans","editor":"Actes Sud","price":1400,"published_date":"2026-06-02T22:00:00.000000Z","support":"Grand format","publisher_availability":2,"stock":0,"editions":[],"url":"https:\/\/quaidesbrumes.com\/ouvrage\/9782330222727\/les-petites-filles-modernes-titre-provisoire"},{"id":"9782812151705","title":"Un juste","description":"Le 9 juillet 1944, un diplomate arrive \u00e0 la l\u00e9gation su\u00e9doise de Budapest. En \u00e0 peine plus de six mois, il va sauver 130.000 \u00eatres humains d'une mort certaine dans les camps de la mort... Le 17 janvier 1945, arr\u00eat\u00e9 par le NKVD dans la capitale hongroise, il va dispara\u00eetre \u00e0 jamais. Il se nommait Raoul Wallenberg... L'histoire v\u00e9ridique et \u00e9mouvante de Raoul Wallenberg qui, gr\u00e2ce \u00e0 ses faux passeports, permit le sauvetage de nombreux juifs hongrois lors de la seconde guerre mondiale. Un livre d'histoire qui se lit comme un roman.\r","authors":["Daniel Pierrejean"],"category_codes":["1000000","1080000"],"visuals":{"large":"https:\/\/images.epagine.fr\/705\/9782812151705_1_75.jpg","medium":"https:\/\/images.epagine.fr\/705\/9782812151705_1_m.jpg","thumbnail":"https:\/\/images.epagine.fr\/705\/9782812151705_1_v.jpg"},"orderable":true,"show_badge":true,"formatted_price":"18,50&nbsp;\u20ac","formatted_published_date":"11 mars 2010","publisher_availability_label":"Sur commande","short_details":"Daniel Pierrejean \u2014 Edilivre","translator":null,"weight":200,"page_count":null,"readership":null,"editor":"Edilivre","price":1850,"published_date":"2010-03-10T23:00:00.000000Z","support":"Grand format","publisher_availability":1,"stock":0,"editions":["9782812189081"],"url":"https:\/\/quaidesbrumes.com\/ouvrage\/9782812151705\/un-juste"},{"id":"9782332637253","title":"2 minutes 13","description":"Franky Sotane, le challenger par d\u00e9faut du champion du monde se pr\u00e9pare \u00e0 boxer pour le titre. Son entra\u00eeneur a accept\u00e9 le d\u00e9fi mais il semble que Franky soit le seul \u00e0 y croire. \r\n Apr\u00e8s deux minutes treize dans le premier round, il prend un crochet qui le met au tapis et l'arbitre le compte.","authors":["Benjamin Kauffmann"],"category_codes":["1000000","1080000"],"visuals":{"large":"https:\/\/images.epagine.fr\/253\/9782332637253_1_75.jpg","medium":"https:\/\/images.epagine.fr\/253\/9782332637253_1_m.jpg","thumbnail":"https:\/\/images.epagine.fr\/253\/9782332637253_1_v.jpg"},"orderable":true,"show_badge":true,"formatted_price":"9,50&nbsp;\u20ac","formatted_published_date":"17 f\u00e9vrier 2014","publisher_availability_label":"Sur commande","short_details":"Benjamin Kauffmann \u2014 Edilivre","translator":null,"weight":70,"page_count":46,"readership":null,"editor":"Edilivre","price":950,"published_date":"2014-02-16T23:00:00.000000Z","support":"Grand format","publisher_availability":1,"stock":0,"editions":[],"url":"https:\/\/quaidesbrumes.com\/ouvrage\/9782332637253\/2-minutes-13"},{"id":"9782332591029","title":"Th\u00e9\u00e2tre","description":"I) Trag\u00e9die : Salom\u00e9 \u00e0 J\u00e9rusalem.\r\nIsra\u00ebl et la Palestine sont en guerre. De part et d'autre, on ne compte plus les morts sur les champs de bataille. Comment arr\u00eater cette folie meurtri\u00e8re, qui fait rage dans les deux camps ennemis ? L'aube se l\u00e8vera-t-elle sur une paix prochaine ? Une paix tant souhait\u00e9e en fin de compte par les deux pays, sur laquelle cependant des terroristes se plaisent \u00e0 jeter et \u00e0 nourrir les flammes de la discorde !\r\n\r\nII) Com\u00e9die en trois actes : Le nez de Madame la Marquise.\r\nUn nez de travers. Un chien affreux. Deux valets coquins. Et une agr\u00e9able et divertissante intrigue se met \u00e0 p\u00e9tiller pour le plaisir des lecteurs.\r\nUn antidote bienvenu en ces temps de morosit\u00e9 ambiante.","authors":["Pierre Valente"],"category_codes":["1000000","1080000"],"visuals":{"large":"https:\/\/images.epagine.fr\/029\/9782332591029_1_75.jpg","medium":"https:\/\/images.epagine.fr\/029\/9782332591029_1_m.jpg","thumbnail":"https:\/\/images.epagine.fr\/029\/9782332591029_1_v.jpg"},"orderable":true,"show_badge":true,"formatted_price":"13,00&nbsp;\u20ac","formatted_published_date":"3 octobre 2013","publisher_availability_label":"Sur commande","short_details":"Pierre Valente \u2014 Edilivre","translator":null,"weight":143,"page_count":112,"readership":null,"editor":"Edilivre","price":1300,"published_date":"2013-10-02T22:00:00.000000Z","support":"Grand format","publisher_availability":1,"stock":0,"editions":[],"url":"https:\/\/quaidesbrumes.com\/ouvrage\/9782332591029\/theatre"},{"id":"9782332997944","title":"Moi, Georges et Mozart","description":"Corinne rencontre Georges un bel \u00e9t\u00e9. Elle tombe amoureuse et Georges aussi. Mais ce que ne sait pas Corinne, c'est que Georges souffre d'une phobie terrible, celle de l'engagement. Et si en plus Mozart est de la partie, alors l\u00e0, tout se complique.","authors":["Thierry Barrier"],"category_codes":["1000000","1080000"],"visuals":{"large":"https:\/\/images.epagine.fr\/944\/9782332997944_1_75.jpg","medium":"https:\/\/images.epagine.fr\/944\/9782332997944_1_m.jpg","thumbnail":"https:\/\/images.epagine.fr\/944\/9782332997944_1_v.jpg"},"orderable":true,"show_badge":true,"formatted_price":"13,00&nbsp;\u20ac","formatted_published_date":"16 octobre 2015","publisher_availability_label":"Sur commande","short_details":"Thierry Barrier \u2014 Edilivre","translator":null,"weight":150,"page_count":120,"readership":null,"editor":"Edilivre","price":1300,"published_date":"2015-10-15T22:00:00.000000Z","support":"Grand format","publisher_availability":1,"stock":0,"editions":[],"url":"https:\/\/quaidesbrumes.com\/ouvrage\/9782332997944\/moi-georges-et-mozart"},{"id":"9782332841131","title":"F\u00e9lin pour l'autre","description":"Deux jeunes com\u00e9diens r\u00e9p\u00e8tent une pi\u00e8ce de th\u00e9\u00e2tre et s'accordent des temps de pause durant lesquels ils parlent de choses et d'autres. Sujet de la pi\u00e8ce qu'ils r\u00e9p\u00e8tent : un jeune inspecteur de police interroge une jeune femme soup\u00e7onn\u00e9e d'\u00eatre complice d'un casse. Mais voil\u00e0 que la jeune femme confond \" l'action \" de la pi\u00e8ce qu'elle r\u00e9p\u00e8te et celle des temps de pause.","authors":["Pierre-luc Inesta"],"category_codes":["1000000","1080000"],"visuals":{"large":"https:\/\/images.epagine.fr\/131\/9782332841131_1_75.jpg","medium":"https:\/\/images.epagine.fr\/131\/9782332841131_1_m.jpg","thumbnail":"https:\/\/images.epagine.fr\/131\/9782332841131_1_v.jpg"},"orderable":true,"show_badge":true,"formatted_price":"12,50&nbsp;\u20ac","formatted_published_date":"6 novembre 2014","publisher_availability_label":"Sur commande","short_details":"Pierre-luc Inesta \u2014 Edilivre","translator":null,"weight":138,"page_count":108,"readership":null,"editor":"Edilivre","price":1250,"published_date":"2014-11-05T23:00:00.000000Z","support":"Grand format","publisher_availability":1,"stock":0,"editions":[],"url":"https:\/\/quaidesbrumes.com\/ouvrage\/9782332841131\/felin-pour-lautre"},{"id":"9782334084314","title":"Variations sur Alice ; pi\u00e8ce avec conduite musicale","description":"\u00abCertes Variations sur Alice peut se concevoir comme une pi\u00e8ce de th\u00e9\u00e2tre, et c'est ainsi qu' elle a d'ailleurs \u00e9t\u00e9 lue dans le cadre de France Culture \u00e0 plusieurs reprises. Repr\u00e9sent\u00e9e en 2004 lors du festival des ch\u00e2teaux d'Aquitaine, elle a \u00e9t\u00e9 mise en sc\u00e8ne de mani\u00e8re exp\u00e9rimentale, avec un accompagnement musical, des d\u00e9cors et costumes fantaisistes par la troupe d'Axel Petersen, au ch\u00e2teau Cheval Blanc pour des repr\u00e9sentations priv\u00e9es.\r\n\r\nMais l'optique de la pr\u00e9sente, pour Marie-Jos\u00e8phe Guers, est avant tout un projet d'op\u00e9ra ou de danse, ou les deux m\u00eal\u00e9s, comme r\u00e9cemment \u00e0 l'Op\u00e9ra Garnier avec le Plat\u00e9e de Rameau. Projet qui allierait ainsi th\u00e9\u00e2tre, musique, chant et art du costume, tel une sorte de Gesamtkunstwerk. \u00bb... (Marie-Jos\u00e8phe Guers)","authors":["Marie-jos\u00e8phe Guers"],"category_codes":["1000000","1080000"],"visuals":{"large":"https:\/\/images.epagine.fr\/314\/9782334084314_1_75.jpg","medium":"https:\/\/images.epagine.fr\/314\/9782334084314_1_m.jpg","thumbnail":"https:\/\/images.epagine.fr\/314\/9782334084314_1_v.jpg"},"orderable":true,"show_badge":true,"formatted_price":"12,50&nbsp;\u20ac","formatted_published_date":"26 f\u00e9vrier 2016","publisher_availability_label":"Sur commande","short_details":"Marie-jos\u00e8phe Guers \u2014 Edilivre","translator":null,"weight":136,"page_count":106,"readership":null,"editor":"Edilivre","price":1250,"published_date":"2016-02-25T23:00:00.000000Z","support":"Grand format","publisher_availability":1,"stock":0,"editions":[],"url":"https:\/\/quaidesbrumes.com\/ouvrage\/9782334084314\/variations-sur-alice-piece-avec-conduite-musicale"},{"id":"9782334131759","title":"Un jour que j'\u00e9tais seul ; 1988","description":"Un soir de novembre, Paris.\r\nUn homme, Fran\u00e7ois, ex-conseiller financier au Cr\u00e9dit Agricole et chroniqueur-\u00e9clair d'une \u00e9mission t\u00e9l\u00e9vis\u00e9e, se retrouve dans un campement de sans-abris ; il raconte comment une s\u00e9rie d'\u00e9v\u00e8nements l'a conduit \u00e0 \u00eatre l\u00e0, un soir de novembre, sous les ponts.\r\nEt puis, il y a aussi les autres, les habitu\u00e9s, les sans-abris. Trois voix - on imagine un marginal, une jeune punk avec son chien et un ancien prof. Qui sont-ils ?\r\nIl y a aussi une conteuse... Autre voix ; voix chaleureuse, voix d'esp\u00e9rance. Elle vient nous parler du courage.\r\nC'est l'histoire d'un homme seul, un soir de novembre, sur un quai de la Seine, \u00e0 Paris, qui se voit oblig\u00e9 de faire le bilan.","authors":["Marjolaine Humbert"],"category_codes":["1000000","1080000"],"visuals":{"large":"https:\/\/images.epagine.fr\/759\/9782334131759_1_75.jpg","medium":"https:\/\/images.epagine.fr\/759\/9782334131759_1_m.jpg","thumbnail":"https:\/\/images.epagine.fr\/759\/9782334131759_1_v.jpg"},"orderable":true,"show_badge":true,"formatted_price":"14,00&nbsp;\u20ac","formatted_published_date":"20 avril 2016","publisher_availability_label":"Sur commande","short_details":"Marjolaine Humbert \u2014 Edilivre","translator":null,"weight":169,"page_count":136,"readership":null,"editor":"Edilivre","price":1400,"published_date":"2016-04-19T22:00:00.000000Z","support":"Grand format","publisher_availability":1,"stock":0,"editions":[],"url":"https:\/\/quaidesbrumes.com\/ouvrage\/9782334131759\/un-jour-que-jetais-seul-1988"},{"id":"9782414059362","title":"Gaboche et Polm\u00e8ne","description":"Gaboche et Polm\u00e8ne sont deux personnages clownesques, habill\u00e9s en marins du bassin d'Arcachon. Les sayn\u00e8tes de ce recueil ont \u00e9t\u00e9 mises en sc\u00e8ne \u00e0 Bordeaux en 2006 par Anne-Caroline d'Arnaudy elle-m\u00eame, \u00e0 la Halle des Chartrons, pour une vingtaine de repr\u00e9sentations et elles ont re\u00e7u un si bon accueil que Christelle Jean, com\u00e9dienne et metteur en sc\u00e8ne, a d\u00e9sir\u00e9 reprendre ce spectacle en l'agr\u00e9mentant de chansons originales ; il a \u00e9t\u00e9 jou\u00e9 pendant dix ans, notamment au th\u00e9\u00e2tre des Salini\u00e8res et au Trianon, et dans la r\u00e9gion Aquitaine \u00e0 l'occasion de spectacles pour les f\u00eates des fin d'ann\u00e9e.\r\n Ces sayn\u00e8tes courtes et humoristiques sont id\u00e9ales pour apprendre le th\u00e9\u00e2tre aux enfants.","authors":["Anne-Caroline D' Arnaudy-Baudart"],"category_codes":["1000000","1080000"],"visuals":{"large":"https:\/\/images.epagine.fr\/362\/9782414059362_1_75.jpg","medium":"https:\/\/images.epagine.fr\/362\/9782414059362_1_m.jpg","thumbnail":"https:\/\/images.epagine.fr\/362\/9782414059362_1_v.jpg"},"orderable":true,"show_badge":true,"formatted_price":"13,50&nbsp;\u20ac","formatted_published_date":"13 juillet 2017","publisher_availability_label":"Sur commande","short_details":"Anne-Caroline D' Arnaudy-Baudart \u2014 Edilivre","translator":null,"weight":180,"page_count":146,"readership":null,"editor":"Edilivre","price":1350,"published_date":"2017-07-12T22:00:00.000000Z","support":"Grand format","publisher_availability":1,"stock":0,"editions":[],"url":"https:\/\/quaidesbrumes.com\/ouvrage\/9782414059362\/gaboche-et-polmene"},{"id":"9782414085576","title":"Fran\u00e7ois sous la lumi\u00e8re d'Assise","description":"Fran\u00e7ois d'Assise (1182-1226) est un personnage fascinant. On le d\u00e9couvre f\u00eatard, r\u00eaveur, vaniteux, puis converti, humble, pauvre, contemplatif et pr\u00e9dicateur, respectueux de la nature, tout en ayant une bonne compr\u00e9hension de l'\u00eatre humain dans toute sa complexit\u00e9. L'auteur vous invite \u00e0 marcher avec Fran\u00e7ois sous la lumi\u00e8re d'Assise.","authors":["Denis Morin"],"category_codes":["1000000","1080000"],"visuals":{"large":"https:\/\/images.epagine.fr\/576\/9782414085576_1_75.jpg","medium":"https:\/\/images.epagine.fr\/576\/9782414085576_1_m.jpg","thumbnail":"https:\/\/images.epagine.fr\/576\/9782414085576_1_v.jpg"},"orderable":true,"show_badge":true,"formatted_price":"13,50&nbsp;\u20ac","formatted_published_date":"13 juin 2017","publisher_availability_label":"Sur commande","short_details":"Denis Morin \u2014 Edilivre","translator":null,"weight":182,"page_count":148,"readership":null,"editor":"Edilivre","price":1350,"published_date":"2017-06-12T22:00:00.000000Z","support":"Grand format","publisher_availability":1,"stock":0,"editions":[],"url":"https:\/\/quaidesbrumes.com\/ouvrage\/9782414085576\/francois-sous-la-lumiere-dassise"},{"id":"9782332752079","title":"La roulette russe","description":"\u00ab Le p\u00e8re du joueur :\r\nRien ! Ne me dis rien ! Quitte ce lieu sinistre, oublie cette id\u00e9e de roulette russe et vis ta vie, mon fils !\r\nLe joueur :\r\nAh ! Ah ! Ah ! Pour vivre une vie pr\u00e9caire ? Jamais ! Vous m'entendez ? Jamais ! La pauvret\u00e9 ne m'int\u00e9resse pas !\r\nLe p\u00e8re du joueur :\r\nMais voyons ! La pauvret\u00e9 n'int\u00e9resse personne, mais elle est moins d\u00e9finitive que la mort !\r\nLe joueur :\r\nEtre pauvre et esp\u00e9rer toute ma vie devenir riche ? Non ! Merci, p\u00e8re, mais non ! \u00bb","authors":["Micha\u00ebl Frison"],"category_codes":["1000000","1080000"],"visuals":{"large":"https:\/\/images.epagine.fr\/079\/9782332752079_1_75.jpg","medium":"https:\/\/images.epagine.fr\/079\/9782332752079_1_m.jpg","thumbnail":"https:\/\/images.epagine.fr\/079\/9782332752079_1_v.jpg"},"orderable":true,"show_badge":true,"formatted_price":"16,00&nbsp;\u20ac","formatted_published_date":"10 octobre 2014","publisher_availability_label":"Sur commande","short_details":"Micha\u00ebl Frison \u2014 Edilivre","translator":null,"weight":223,"page_count":186,"readership":null,"editor":"Edilivre","price":1600,"published_date":"2014-10-09T22:00:00.000000Z","support":"Grand format","publisher_availability":1,"stock":0,"editions":[],"url":"https:\/\/quaidesbrumes.com\/ouvrage\/9782332752079\/la-roulette-russe"},{"id":"9782332774859","title":"Gonzalo Guerrero ou le conquistador ren\u00e9gat","description":"Nous sommes \u00e0 S\u00e9ville en l'an de gr\u00e2ce 1511 dans le palais de Don Pedro, grand d'Espagne, qui se meurt soucieux de marier sa fille unique Paloma. Gonzalo Guerrero est l'heureux \u00e9lu mais Montejo, son fr\u00e8re d'armes qui le jalouse, ourdit un complot et l'accuse d'avoir vol\u00e9 au roi un pr\u00e9cieux reliquaire en or. Banni par tous, Don Pedro ordonnant \u00e0 sa fille d\u00e9sesp\u00e9r\u00e9e d'\u00e9pouser le tra\u00eetre Montejo, Gonzalo Guerrero s'enfuit \u00e0 bord d'une caravelle qui fait naufrage sur une plage du Yucatan peupl\u00e9e d'anthropophages. Sur le point d'\u00eatre d\u00e9vor\u00e9 avec deux de ses compagnons d'infortune, le P\u00e8re Aguilar et Do\u00f1a Consuela, il est enfin sauv\u00e9 et fait esclave par le grand Cacique Maya Na Chan Can. Pleurant Paloma mais esp\u00e9rant Zazil, la fille de Na Chan Can, adoptant au fil du temps la culture maya au grand dam de P\u00e8re Aguilar, notre h\u00e9ros part combattre les Espagnols command\u00e9s par Montejo. Conquistador ren\u00e9gat en Espagne, p\u00e8re des m\u00e9tis au Mexique, il est le Maya blanc.","authors":["Yvan Puybareau"],"category_codes":["1000000","1080000"],"visuals":{"large":"https:\/\/images.epagine.fr\/859\/9782332774859_1_75.jpg","medium":"https:\/\/images.epagine.fr\/859\/9782332774859_1_m.jpg","thumbnail":"https:\/\/images.epagine.fr\/859\/9782332774859_1_v.jpg"},"orderable":true,"show_badge":true,"formatted_price":"16,00&nbsp;\u20ac","formatted_published_date":"20 ao\u00fbt 2014","publisher_availability_label":"Sur commande","short_details":"Yvan Puybareau \u2014 Edilivre","translator":null,"weight":223,"page_count":186,"readership":null,"editor":"Edilivre","price":1600,"published_date":"2014-08-19T22:00:00.000000Z","support":"Grand format","publisher_availability":1,"stock":0,"editions":[],"url":"https:\/\/quaidesbrumes.com\/ouvrage\/9782332774859\/gonzalo-guerrero-ou-le-conquistador-renegat"}]}