{"data":[{"id":"9782020409124","title":"Chaillot ; histoire d'un th\u00e9\u00e2tre populaire","description":"\" Depuis le XVIIe si\u00e8cle, le th\u00e9\u00e2tre ne s'adresse qu'\u00e0 une seule classe : c'est un th\u00e9\u00e2tre essentiellement bourgeois.\r\nLe propre d'une oeuvre forte est de s'adresser \u00e0 l'humanit\u00e9 enti\u00e8re. Il n'y a pas de chef-d'oeuvre pour dix personnes et vingt p\u00e9dants. \" Cette d\u00e9claration provocatrice de Firmin G\u00e9mier vient saluer la cr\u00e9ation du Th\u00e9\u00e2tre national populaire, qu'il inaugurera le 11 novembre 1920 en tant que directeur. Et qu'il s'agisse de J\u00e9r\u00f4me Savary, avec la m\u00eame verve et un \u00e9gal plaisir du jeu, d'Antoine Vitez, intellectuel et homme de sc\u00e8ne scrupuleux d\u00e9fendant l'aid\u00e9e d'un \" th\u00e9\u00e2tre \u00e9litaire pour tous \", ou de Jean Vilar et son \" th\u00e9\u00e2tre service public \", ceux qui se succ\u00e9deront \u00e0 la t\u00eate du Th\u00e9\u00e2tre national de Chaillot ne diront jamais autre chose : le th\u00e9\u00e2tre doit \u00eatre partag\u00e9 par tous.\r\nCette fid\u00e9lit\u00e9 aux principes fondateurs du th\u00e9\u00e2tre populaire serait anecdotique si elle n'avait donn\u00e9 lieu \u00e0 l'une des aventures th\u00e9\u00e2trales majeures de ce si\u00e8cle.\r\nC'est cette histoire que relate Colette Godard. Accompagn\u00e9 d'une iconographie abondante et vari\u00e9e, ce r\u00e9cit est \u00e9clair\u00e9 par les interviews de quelques-unes des personnalit\u00e9s qui auront contribu\u00e9 \u00e0 la l\u00e9gende de ce lieu - de Christiane Minazzoli et Didier Sandre \u00e0 Yannis Kokkos et Michel Dussarrat, qui d\u00e9montrent que cette histoire fut \u00e9crite avant tout par des hommes et des femmes d'exception.","authors":["Colette Godard"],"category_codes":["1000000","1080000"],"visuals":{"large":"https:\/\/images.epagine.fr\/124\/9782020409124_1_75.jpg","medium":"https:\/\/images.epagine.fr\/124\/9782020409124_1_m.jpg","thumbnail":"https:\/\/images.epagine.fr\/124\/9782020409124_1_v.jpg"},"orderable":true,"show_badge":true,"formatted_price":"37,50&nbsp;\u20ac","formatted_published_date":"5 mai 2000","publisher_availability_label":"Sur commande","short_details":"Colette Godard \u2014 Le Seuil","translator":null,"weight":970,"page_count":null,"readership":null,"editor":"Le Seuil","price":3750,"published_date":"2000-05-04T22:00:00.000000Z","support":"Beaux-livres","publisher_availability":1,"stock":0,"editions":[],"url":"https:\/\/quaidesbrumes.com\/ouvrage\/9782020409124\/chaillot-histoire-dun-theatre-populaire"},{"id":"9782373930108","title":"Jeanne et Marguerite","description":"Marguerite aime Eug\u00e8ne, et l'attend ; Jeanne aime James, et l'attend. Lettre apr\u00e8s lettre, chacune \u00e9crit sa passion ardente, douce, imp\u00e9tueuse, \u00e9perdue ; les m\u00eames mots, les m\u00eames joies, le m\u00eame chagrin, le m\u00eame amour fou.\r\n\r\nUn si\u00e8cle s\u00e9pare Jeanne et Marguerite. Mais quel fil invisible les relie l'une \u00e0 l'autre.","authors":["Val\u00e9rie P\u00e9ronnet"],"category_codes":["1000000","1080000"],"visuals":{"large":"https:\/\/images.epagine.fr\/108\/9782373930108_1_75.jpg","medium":"https:\/\/images.epagine.fr\/108\/9782373930108_1_m.jpg","thumbnail":"https:\/\/images.epagine.fr\/108\/9782373930108_1_v.jpg"},"orderable":true,"show_badge":true,"formatted_price":"10,00&nbsp;\u20ac","formatted_published_date":"1er janvier 2015","publisher_availability_label":"Sur commande","short_details":"Val\u00e9rie P\u00e9ronnet \u2014 ART ET COMEDIE","translator":null,"weight":65,"page_count":58,"readership":null,"editor":"ART ET COMEDIE","price":1000,"published_date":"2014-12-31T23:00:00.000000Z","support":"Grand format","publisher_availability":1,"stock":0,"editions":[],"url":"https:\/\/quaidesbrumes.com\/ouvrage\/9782373930108\/jeanne-et-marguerite"},{"id":"9782842609955","title":"V\u00e9rit\u00e9 et r\u00e9conciliation","description":null,"authors":["Debbie Tucker Green","Yasmine Modestine"],"category_codes":["1000000","1080000"],"visuals":{"large":"https:\/\/quaidesbrumes.com\/img\/book-placeholder.png","medium":"https:\/\/quaidesbrumes.com\/img\/book-placeholder.png","thumbnail":"https:\/\/quaidesbrumes.com\/img\/book-placeholder.png"},"orderable":false,"show_badge":true,"formatted_price":"17,00&nbsp;\u20ac","formatted_published_date":"2 juillet 2026","publisher_availability_label":"\u00c0 para\u00eetre","short_details":"Debbie Tucker Green, Yasmine Modestine \u2014 \u00e9ditions Th\u00e9\u00e2trales","translator":"YASMINE MODESTINE","weight":0,"page_count":null,"readership":null,"editor":"\u00e9ditions Th\u00e9\u00e2trales","price":1700,"published_date":"2026-07-01T22:00:00.000000Z","support":"Grand format","publisher_availability":2,"stock":0,"editions":[],"url":"https:\/\/quaidesbrumes.com\/ouvrage\/9782842609955\/verite-et-reconciliation"},{"id":"9791041917440","title":"L'oiseau bleu : Une pi\u00e8ce de th\u00e9\u00e2tre de Maurice Maeterlinck","description":"L'Oiseau bleu est une pi\u00e8ce de th\u00e9\u00e2tre en six actes et douze tableaux \u00e9crite par l'\u00e9crivain belge Maurice Maeterlinck en 1908. Elle fut jou\u00e9e pour la premi\u00e8re fois au th\u00e9\u00e2tre d'art de Moscou de Constantin Stanislavski. Le 2 mars 1911, R\u00e9jane donna la premi\u00e8re fran\u00e7aise au th\u00e9\u00e2tre R\u00e9jane \u00e0 Paris. Maurice Maeterlinck a \u00e9crit une suite relativement courte \u00e0 L'Oiseau bleu, qu'il a intitul\u00e9e L'Oiseau bleu et les Fian\u00e7ailles. \r\nLes fictions de Maurice Maeterlinck (prix Nobel 1911), \u00e9crivain symboliste belge du d\u00e9but du XXe si\u00e8cle, aiment jouer avec les mondes parall\u00e8les, ceux que sa po\u00e9sie invente et auxquels son th\u00e9\u00e2tre donne vie pour mieux montrer l'invisible. C'est cette exp\u00e9rience que vont faire Tyltyl et Mytyl, enfants d'un pauvre b\u00fbcheron. Une nuit, ces deux enfants observent depuis la fen\u00eatre de leur chambre, les yeux brillants d'envie, les nourritures que mangent les riches, et qu'ils ne go\u00fbteront jamais. Appara\u00eet alors la F\u00e9e B\u00e9rylune. Elle leur offre un Diamant, qui, quand on le tourne, fait appara\u00eetre et dispara\u00eetre des mondes invisibles... En \u00e9change, elle les charge de trouver l'Oiseau Bleu qui seul peut gu\u00e9rir sa fille malade... Cette pi\u00e8ce f\u00e9erique nous raconte l'odyss\u00e9e de ces deux jeunes \u00e2mes qui apprennent, gr\u00e2ce aux lieux symboliques qu'ils fr\u00e9quentent, \u00e0 voir l'essence de toutes choses cach\u00e9e derri\u00e8re les apparences.","authors":["Maurice Maeterlinck"],"category_codes":["1000000","1080000"],"visuals":{"large":"https:\/\/images.epagine.fr\/440\/9791041917440_1_75.jpg","medium":"https:\/\/images.epagine.fr\/440\/9791041917440_1_m.jpg","thumbnail":"https:\/\/images.epagine.fr\/440\/9791041917440_1_v.jpg"},"orderable":true,"show_badge":true,"formatted_price":"16,90&nbsp;\u20ac","formatted_published_date":"14 d\u00e9cembre 2022","publisher_availability_label":"Sur commande","short_details":"Maurice Maeterlinck \u2014 Culturea","translator":null,"weight":297,"page_count":164,"readership":null,"editor":"Culturea","price":1690,"published_date":"2022-12-13T23:00:00.000000Z","support":"Grand format","publisher_availability":1,"stock":0,"editions":[],"url":"https:\/\/quaidesbrumes.com\/ouvrage\/9791041917440\/loiseau-bleu-une-piece-de-theatre-de-maurice-maeterlinck"},{"id":"9791041959488","title":"Lorenzaccio","description":"L'intrigue se d\u00e9roule \u00e0 Florence au XVIe si\u00e8cle. Lorenzo de M\u00e9dicis, surnomm\u00e9 Lorenzaccio, est un jeune homme complexe et tourment\u00e9, confront\u00e9 \u00e0 la corruption politique et \u00e0 la tyrannie du duc Alexandre de M\u00e9dicis, son cousin. Envoy\u00e9 par sa m\u00e8re \u00e0 la cour pour prot\u00e9ger la famille, Lorenzo est profond\u00e9ment choqu\u00e9 par la d\u00e9cadence qui y r\u00e8gne. Face \u00e0 la brutalit\u00e9 et \u00e0 la d\u00e9mence du duc, il d\u00e9cide de l'assassiner pour lib\u00e9rer la ville. Pourtant, son plan \u00e9choue : il se d\u00e9guise en duc et usurpe sa place, menant une vie de d\u00e9bauche afin de tromper le peuple. Cette double identit\u00e9 et son dilemme moral sont au coeur de la trag\u00e9die. Oscillant entre bien et mal, folie et lucidit\u00e9, Lorenzaccio incarne une figure d'une profonde complexit\u00e9 psychologique, et la pi\u00e8ce explore avec intensit\u00e9 les th\u00e8mes du pouvoir corrompu, de la tyrannie et des conflits int\u00e9rieurs, faisant de cette oeuvre l'un des chefs-d'oeuvre d'Alfred de Musset.","authors":["Alfred De Musset"],"category_codes":["1000000","1010000"],"visuals":{"large":"https:\/\/images.epagine.fr\/488\/9791041959488_1_75.jpg","medium":"https:\/\/images.epagine.fr\/488\/9791041959488_1_m.jpg","thumbnail":"https:\/\/images.epagine.fr\/488\/9791041959488_1_v.jpg"},"orderable":true,"show_badge":true,"formatted_price":"17,00&nbsp;\u20ac","formatted_published_date":"18 f\u00e9vrier 2024","publisher_availability_label":"Sur commande","short_details":"Alfred De Musset \u2014 Culturea","translator":null,"weight":244,"page_count":182,"readership":null,"editor":"Culturea","price":1700,"published_date":"2024-02-17T23:00:00.000000Z","support":"Grand format","publisher_availability":1,"stock":0,"editions":["9782266357791"],"url":"https:\/\/quaidesbrumes.com\/ouvrage\/9791041959488\/lorenzaccio"},{"id":"9782846818179","title":"Un proc\u00e8s apr\u00e8s l'ennemi du peuple","description":"Henrik Ibsen situe son Ennemi du peuple dans une station thermale o\u00f9, apr\u00e8s des ann\u00e9es de crise, les habitants commencent \u00e0 profiter des b\u00e9n\u00e9fices du tourisme. Mais Thomas Stockmann, le m\u00e9decin du centre thermal, d\u00e9couvre une importante pollution de l'eau et d\u00e9cide d'\u00e9crire un article dans la presse, mettant en p\u00e9ril l'\u00e9conomie locale. Ses relations avec la presse, les politiciens - son fr\u00e8re Peter est le maire de la ville - et la population se transforment en conflits d'int\u00e9r\u00eats et de r\u00e9cits. Refusant tout compromis, Thomas persiste \u00e0 ne pas abandonner ses id\u00e9es et, lors d'une r\u00e9union publique et dans un acc\u00e8s de fureur, se proclame \u00eatre la seule personne capable de d\u00e9cider ce qui est le mieux pour le peuple?: \u00ab?La majorit\u00e9 n'a jamais le droit de son c\u00f4t\u00e9.?\u00bb La ville d\u00e9clare alors Thomas Stockman ennemi du peuple, et la pi\u00e8ce se termine par un lynchage public et conduit \u00e0 l'exil du m\u00e9decin et de sa famille.\r\nUn proc\u00e8s apr\u00e8s un ennemi du peuple, reprend l'histoire quelques ann\u00e9es plus tard. Il met en sc\u00e8ne le th\u00e9\u00e2tre comme une salle d'audience publique o\u00f9, en l'absence d'avocats ou de juges, Thomas Stockmann demande une seconde chance?: le droit \u00e0 sa d\u00e9fense, le droit \u00e0 un proc\u00e8s neutre et impartial jugeant ses attitudes, ses actions et ses choix. Ses actes et ses paroles ont-ils port\u00e9 atteinte \u00e0 la d\u00e9mocratie?? Thomas Stockmann est-il ou non l'ennemi du peuple?? Il assumera sa propre d\u00e9fense, tandis que son fr\u00e8re Peter endossera le r\u00f4le de l'accusation. D'autres personnages de la pi\u00e8ce pr\u00e9senteront leur version des faits. La pi\u00e8ce d'Ibsen appara\u00eetra in\u00e9vitablement comme un \u00e9l\u00e9ment de preuve dans ce proc\u00e8s?; cependant, l'histoire sera lue sous un angle diff\u00e9rent, faisant \u00e9clater les conflits familiaux et r\u00e9v\u00e9lant de nouvelles relations.\r\n","authors":["Wagner Moura","Lucas Paraizo","Christiane Jatahy","Claudia Petagna","Thomas Walgrave"],"category_codes":["1000000","1080000"],"visuals":{"large":"https:\/\/images.epagine.fr\/179\/9782846818179_1_75.jpg","medium":"https:\/\/images.epagine.fr\/179\/9782846818179_1_m.jpg","thumbnail":"https:\/\/images.epagine.fr\/179\/9782846818179_1_v.jpg"},"orderable":false,"show_badge":true,"formatted_price":"15,00&nbsp;\u20ac","formatted_published_date":"9 juillet 2026","publisher_availability_label":"\u00c0 para\u00eetre","short_details":"Wagner Moura, Lucas Paraizo, Christiane Jatahy, Claudia Petagna, Thomas Walgrave \u2014 \u00c9ditions Les Solitaires Intempestifs","translator":"CLAUDIA PETAGNA","weight":0,"page_count":84,"readership":null,"editor":"\u00c9ditions Les Solitaires Intempestifs","price":1500,"published_date":"2026-07-08T22:00:00.000000Z","support":"Grand format","publisher_availability":2,"stock":0,"editions":[],"url":"https:\/\/quaidesbrumes.com\/ouvrage\/9782846818179\/un-proces-apres-lennemi-du-peuple"},{"id":"9782847053265","title":"Zoologie","description":null,"authors":["Didier-Georges Gabily"],"category_codes":["1000000","1080000","1080500"],"visuals":{"large":"https:\/\/quaidesbrumes.com\/img\/book-placeholder.png","medium":"https:\/\/quaidesbrumes.com\/img\/book-placeholder.png","thumbnail":"https:\/\/quaidesbrumes.com\/img\/book-placeholder.png"},"orderable":false,"show_badge":true,"formatted_price":"14,00&nbsp;\u20ac","formatted_published_date":"11 juin 2026","publisher_availability_label":"\u00c0 para\u00eetre","short_details":"Didier-Georges Gabily \u2014 Espaces 34","translator":null,"weight":0,"page_count":64,"readership":null,"editor":"Espaces 34","price":1400,"published_date":"2026-06-10T22:00:00.000000Z","support":"Grand format","publisher_availability":2,"stock":0,"editions":[],"url":"https:\/\/quaidesbrumes.com\/ouvrage\/9782847053265\/zoologie"},{"id":"9782846818162","title":"Trilogie des chiennes Tome 3 : Chaleureuse lumi\u00e8re","description":"Apr\u00e8s avoir senti la pr\u00e9sence du mal, tu commences \u00e0 lire des mots mal\u00e9fiques, tu commences \u00e0 \u00e9crire des mots mal\u00e9fiques. Toute cette trilogie est n\u00e9e de la confusion. D'un tourment de m\u00e9moire - car elle commence par un toast de Boa Noite Cinderela (La Mari\u00e9e et Bonne nuit Cendrillon). Et une gueule de bois, qui laisse toutes sortes de traces. Et puis tu te r\u00e9veilles comme un fant\u00f4me, enchant\u00e9 par les paroles du Ma\u00eetre (The Brotherhood). Au coeur d'une crise d'identit\u00e9. J'\u00e9cris ces mots depuis un autre endroit peut-\u00eatre que j'\u00e9cris depuis mon enfance, depuis un paradis sans muse ni loi. Peut-\u00eatre que je dors encore. Au-del\u00e0 de l'enfer sensible parmi les arbres qui ne sont pas des arbres dans le th\u00e9\u00e2tre et toute sa douleur je vois mon reflet dans les canines d'un vieux chien et je ne peux pas dire qui j'\u00e9tais. Un r\u00eave?? Ou une version \u00e9crivain \u00e9crivant comme si cette nuit pouvait finir et que le matin pouvait nous sauver de la connaissance. Une fois de plus. Je ne sais toujours pas comment tout cela va finir. Ou plut\u00f4t, je le sais. Il n'y a pas de fin. C'est douloureux \u00e0 accepter, mes amis. Et cela a \u00e9t\u00e9 mon calvaire. Marcher progressivement vers ce soleil sombre de l'angoisse, en \u00e9crivant. \u00ab?\u00c9crire, c'est se juger soi-m\u00eame, disait Ibsen, c'est un travail de d\u00e9molition.?\u00bb \u00ab?\u00c9crire, c'est essayer de ne pas mourir?\u00bb, disait Marguerite Duras. Ou faut-il accepter que nous sommes morts pour pouvoir \u00e9crire?? Voir exactement ce qu'une personne morte peut voir, est-ce l\u00e0 le fondement de l'\u00e9criture?? \u00ab?Revenir \u00e0 la surface les yeux inject\u00e9s de sang?\u00bb, comme disait Melville. [Carolina Bianchi]\r\n","authors":["Carolina Bianchi","Thomas Resendes"],"category_codes":["1000000","1080000"],"visuals":{"large":"https:\/\/images.epagine.fr\/162\/9782846818162_1_75.jpg","medium":"https:\/\/images.epagine.fr\/162\/9782846818162_1_m.jpg","thumbnail":"https:\/\/images.epagine.fr\/162\/9782846818162_1_v.jpg"},"orderable":false,"show_badge":true,"formatted_price":"15,00&nbsp;\u20ac","formatted_published_date":"2 juillet 2026","publisher_availability_label":"\u00c0 para\u00eetre","short_details":"Carolina Bianchi, Thomas Resendes \u2014 \u00c9ditions Les Solitaires Intempestifs","translator":"THOMAS RESENDES","weight":0,"page_count":80,"readership":"\u00e0 partir de 16 ans","editor":"\u00c9ditions Les Solitaires Intempestifs","price":1500,"published_date":"2026-07-01T22:00:00.000000Z","support":"Grand format","publisher_availability":2,"stock":0,"editions":[],"url":"https:\/\/quaidesbrumes.com\/ouvrage\/9782846818162\/trilogie-des-chiennes-tome-3-chaleureuse-lumiere"},{"id":"9782487746329","title":"SarkHollande (com\u00e9die identitaire)","description":"Dans \u00ab?le Stand-Up de N. Sarkozy?\u00bb, l'ancien Pr\u00e9sident entre sur la sc\u00e8ne d'un Comedy club et traverse les moments- cl\u00e9s de son quinquennat (le k\u00e4rcher, la campagne identitaire, la crise \u00e9conomique, la rencontre avec Carla Bruni). Alors qu'il cherche \u00e0 tout prix \u00e0 rester sur sc\u00e8ne, il est chass\u00e9 par le public. Entre alors \u00ab?le Clown de F. Hollande?\u00bb. Tout juste \u00e9lu, il a un grand d\u00e9sir d'am\u00e9liorer la vie des gens, mais il \u00e9choue toujours. Et puis il y a Le\u00efla Merabet qui fait le r\u00e9cit \u00e9pique, intime et comique de son impossible qu\u00eate du grand Amour. Avec Le\u00efla, Nicolas et Fran\u00e7ois, SarkHollande brosse le portrait de la France de 2007 \u00e0 2017 et de ses bouleversements politiques et identitaires.\r\n","authors":["L\u00e9o Cohen-Paperman","Clovis Fouin","Julien Campani"],"category_codes":["1000000","1080000"],"visuals":{"large":"https:\/\/images.epagine.fr\/329\/9782487746329_1_75.jpg","medium":"https:\/\/images.epagine.fr\/329\/9782487746329_1_m.jpg","thumbnail":"https:\/\/images.epagine.fr\/329\/9782487746329_1_v.jpg"},"orderable":false,"show_badge":true,"formatted_price":"12,00&nbsp;\u20ac","formatted_published_date":"4 juin 2026","publisher_availability_label":"\u00c0 para\u00eetre","short_details":"L\u00e9o Cohen-Paperman, Clovis Fouin, Julien Campani \u2014 Esse que","translator":null,"weight":0,"page_count":null,"readership":null,"editor":"Esse que","price":1200,"published_date":"2026-06-03T22:00:00.000000Z","support":"Grand format","publisher_availability":2,"stock":0,"editions":[],"url":"https:\/\/quaidesbrumes.com\/ouvrage\/9782487746329\/sarkhollande-comedie-identitaire"},{"id":"9782487746336","title":"Notre histoire (se r\u00e9p\u00e8te)","description":"Notre histoire parlait de leur rencontre amoureuse et des \u00e9cueils de leur vie de couple mixte, travers\u00e9e par les fracas du 20e si\u00e8cle et notamment ceux de la Shoah. Aujourd'hui, l'actualit\u00e9 g\u00e9opolitique, la mont\u00e9e de l'antis\u00e9mitisme et la post-v\u00e9rit\u00e9 ont balay\u00e9 leurs rep\u00e8res.\r\n\r\nCette pi\u00e8ce est une plong\u00e9e dans le vertige de nos m\u00e9moires collectives et de nos tentatives de r\u00e9paration. C'est une farce amoureuse sur la fa\u00e7on dont l'actualit\u00e9 impacte l'intimit\u00e9 d'un couple et change notre rapport \u00e0 l'histoire.\r\n\r\nJana Klein et St\u00e9phane Schoukroun explorent les effets de la d\u00e9sinformation, des dogmatismes et de la m\u00e9moire s\u00e9lective, ces formes d'aveuglement (volontaires ou subies) qui traversent nos soci\u00e9t\u00e9s autant que nos amours.\r\n","authors":["Jana Klein","St\u00e9phane Schoukroun"],"category_codes":["1000000","1080000"],"visuals":{"large":"https:\/\/images.epagine.fr\/336\/9782487746336_1_75.jpg","medium":"https:\/\/images.epagine.fr\/336\/9782487746336_1_m.jpg","thumbnail":"https:\/\/images.epagine.fr\/336\/9782487746336_1_v.jpg"},"orderable":false,"show_badge":true,"formatted_price":"12,00&nbsp;\u20ac","formatted_published_date":"4 juin 2026","publisher_availability_label":"\u00c0 para\u00eetre","short_details":"Jana Klein, St\u00e9phane Schoukroun \u2014 Esse que","translator":null,"weight":0,"page_count":72,"readership":null,"editor":"Esse que","price":1200,"published_date":"2026-06-03T22:00:00.000000Z","support":"Grand format","publisher_availability":2,"stock":0,"editions":[],"url":"https:\/\/quaidesbrumes.com\/ouvrage\/9782487746336\/notre-histoire-se-repete"},{"id":"9782846818155","title":"Le Tremblement magnifique","description":"\u00ab?C'est une histoire qui parle de fant\u00f4mes, de vampires, de femmes furieuses, d'hommes r\u00e9pugnants et de sorci\u00e8res qui ont cr\u00e9\u00e9 ce que nous appelons le \u00ab?monde?\u00bb en volant au-dessus de nos t\u00eates. C'est une histoire de t\u00eates qui roulent, de femmes fatigu\u00e9es et d'un enfant qui conna\u00eet le secret du visage de Dieu, du visage du diable. C'est une histoire sur la relation sadique, la relation SM que nous entretenons avec les personnes qui nous ont historiquement bais\u00e9s. C'est aussi une histoire d'amour.?\u00bb [Carolina Bianchi]\r\n\r\nLe texte s'articule autour de deux points cruciaux. Le premier concerne les notions de pass\u00e9 et de temps qui sont inscrites dans nos corps. Comment g\u00e9rons-nous cette accumulation d'informations issues de diff\u00e9rentes \u00e9poques, ces fragments du pass\u00e9 dans notre corps et dans notre subjectivit\u00e9?? L'autre point qui a guid\u00e9 la recherche pour Tremblements magnifiques est la mani\u00e8re dont l'Histoire ne rend pas compte des femmes consid\u00e9r\u00e9es comme violentes.\r\nIl semble contradictoire qu'une femme soit cruelle, car le r\u00e9cit historique h\u00e9g\u00e9monique est patriarcal et tr\u00e8s dangereux pour les femmes. Les femmes devraient \u00eatre dociles pour ne pas \u00eatre an\u00e9anties. Tout ce qui est consid\u00e9r\u00e9 comme monstrueux chez la femme est ce que l'homme ne parvient pas \u00e0 dominer, explique Carolina Bianchi.\r\n","authors":["Carolina Bianchi","Thomas Resendes","Alexandra Moreira da Silva"],"category_codes":["1000000","1080000"],"visuals":{"large":"https:\/\/images.epagine.fr\/155\/9782846818155_1_75.jpg","medium":"https:\/\/images.epagine.fr\/155\/9782846818155_1_m.jpg","thumbnail":"https:\/\/images.epagine.fr\/155\/9782846818155_1_v.jpg"},"orderable":false,"show_badge":true,"formatted_price":"15,00&nbsp;\u20ac","formatted_published_date":"18 juin 2026","publisher_availability_label":"\u00c0 para\u00eetre","short_details":"Carolina Bianchi, Thomas Resendes, Alexandra Moreira da Silva \u2014 \u00c9ditions Les Solitaires Intempestifs","translator":"THOMAS RESENDES","weight":0,"page_count":72,"readership":null,"editor":"\u00c9ditions Les Solitaires Intempestifs","price":1500,"published_date":"2026-06-17T22:00:00.000000Z","support":"Grand format","publisher_availability":2,"stock":0,"editions":[],"url":"https:\/\/quaidesbrumes.com\/ouvrage\/9782846818155\/le-tremblement-magnifique"},{"id":"9782847053272","title":"L'Orestiade di Eschilo","description":null,"authors":["Pier Paolo Pasolini","Jean-Paul Manganaro"],"category_codes":["1000000","1080000","1080500"],"visuals":{"large":"https:\/\/images.epagine.fr\/272\/9782847053272_1_75.jpg","medium":"https:\/\/images.epagine.fr\/272\/9782847053272_1_m.jpg","thumbnail":"https:\/\/images.epagine.fr\/272\/9782847053272_1_v.jpg"},"orderable":false,"show_badge":true,"formatted_price":"19,00&nbsp;\u20ac","formatted_published_date":"11 juin 2026","publisher_availability_label":"\u00c0 para\u00eetre","short_details":"Pier Paolo Pasolini, Jean-Paul Manganaro \u2014 Espaces 34","translator":"JEAN-PAUL MANGANARO","weight":0,"page_count":180,"readership":null,"editor":"Espaces 34","price":1900,"published_date":"2026-06-10T22:00:00.000000Z","support":"Grand format","publisher_availability":2,"stock":0,"editions":[],"url":"https:\/\/quaidesbrumes.com\/ouvrage\/9782847053272\/lorestiade-di-eschilo"},{"id":"9782493307217","title":"Merveille ; Petit quelqu'un","description":"Merveille est l'histoire de Marie, \u00e9leveuse, perdue dans ses pr\u00e9occupations mat\u00e9rielles, sa solitude, son d\u00e9sarroi, ses combats et surtout sa transformation. La proximit\u00e9 animale, la familiarit\u00e9 induite par le travail journalier aupr\u00e8s de la b\u00eate, vont petit \u00e0 petit plonger Marie dans une autre repr\u00e9sentation du r\u00e9el, dans une autre conception des importances. Merveille, sa vache, va la pousser un peu de la corne pour rentrer dans un monde ralenti, consolant, \u00e9largi, \u00e9trangement plus riche. R\u00e9parateur. L'animal, attach\u00e9 au piquet du pr\u00e9sent, invitera \u00e0 une autre temporalit\u00e9, une vision aux images surprenantes. Des sensations in\u00e9dites, d'autres odeurs, d'autres couleurs... Une visite qui d\u00e9voilera un langage, un \u00e9change, une humanit\u00e9 m\u00eame.","authors":["Catherine Monin","Claudine Galea"],"category_codes":["1000000","1080000"],"visuals":{"large":"https:\/\/images.epagine.fr\/217\/9782493307217_1_75.jpg","medium":"https:\/\/images.epagine.fr\/217\/9782493307217_1_m.jpg","thumbnail":"https:\/\/images.epagine.fr\/217\/9782493307217_1_v.jpg"},"orderable":false,"show_badge":true,"formatted_price":"16,00&nbsp;\u20ac","formatted_published_date":"14 mai 2026","publisher_availability_label":"\u00c0 para\u00eetre","short_details":"Catherine Monin, Claudine Galea \u2014 Quartett \u00e9ditions","translator":null,"weight":102,"page_count":128,"readership":null,"editor":"Quartett \u00e9ditions","price":1600,"published_date":"2026-05-13T22:00:00.000000Z","support":"Grand format","publisher_availability":2,"stock":0,"editions":[],"url":"https:\/\/quaidesbrumes.com\/ouvrage\/9782493307217\/merveille-petit-quelquun"},{"id":"9782375720905","title":"1989, une odyss\u00e9e","description":null,"authors":["MIR Caravane","Nicolas Peskine"],"category_codes":["1000000","1080000"],"visuals":{"large":"https:\/\/quaidesbrumes.com\/img\/book-placeholder.png","medium":"https:\/\/quaidesbrumes.com\/img\/book-placeholder.png","thumbnail":"https:\/\/quaidesbrumes.com\/img\/book-placeholder.png"},"orderable":false,"show_badge":true,"formatted_price":"20,00&nbsp;\u20ac","formatted_published_date":"25 juin 2026","publisher_availability_label":"\u00c0 para\u00eetre","short_details":"MIR Caravane, Nicolas Peskine \u2014 \u00c9ditions L'Espace d'un instant","translator":null,"weight":0,"page_count":150,"readership":"Tout public","editor":"\u00c9ditions L'Espace d'un instant","price":2000,"published_date":"2026-06-24T22:00:00.000000Z","support":"Grand format","publisher_availability":2,"stock":0,"editions":[],"url":"https:\/\/quaidesbrumes.com\/ouvrage\/9782375720905\/1989-une-odyssee"},{"id":"9782375720967","title":"Moi, quelque part ailleurs","description":null,"authors":["Ana Trpenoska","Frosa Pejoska"],"category_codes":["1000000","1080000"],"visuals":{"large":"https:\/\/images.epagine.fr\/967\/9782375720967_1_75.jpg","medium":"https:\/\/images.epagine.fr\/967\/9782375720967_1_m.jpg","thumbnail":"https:\/\/images.epagine.fr\/967\/9782375720967_1_v.jpg"},"orderable":false,"show_badge":true,"formatted_price":"13,00&nbsp;\u20ac","formatted_published_date":"28 mai 2026","publisher_availability_label":"\u00c0 para\u00eetre","short_details":"Ana Trpenoska, Frosa Pejoska \u2014 \u00c9ditions L'Espace d'un instant","translator":"FROSA PEJOSKA","weight":0,"page_count":100,"readership":null,"editor":"\u00c9ditions L'Espace d'un instant","price":1300,"published_date":"2026-05-27T22:00:00.000000Z","support":"Grand format","publisher_availability":2,"stock":0,"editions":[],"url":"https:\/\/quaidesbrumes.com\/ouvrage\/9782375720967\/moi-quelque-part-ailleurs"},{"id":"9782322844173","title":"Cathares en 2026 invention de heresie et - theatre d intervention et de d","description":null,"authors":["Laplagne Jocelyne","La"],"category_codes":[],"visuals":{"large":"https:\/\/quaidesbrumes.com\/img\/book-placeholder.png","medium":"https:\/\/quaidesbrumes.com\/img\/book-placeholder.png","thumbnail":"https:\/\/quaidesbrumes.com\/img\/book-placeholder.png"},"orderable":true,"show_badge":true,"formatted_price":"25,99&nbsp;\u20ac","formatted_published_date":"23 avril 2026","publisher_availability_label":"Sur commande","short_details":"Laplagne Jocelyne, La \u2014 Books on Demand","translator":null,"weight":0,"page_count":null,"readership":null,"editor":"Books on Demand","price":2599,"published_date":"2026-04-22T22:00:00.000000Z","support":"Grand format","publisher_availability":1,"stock":0,"editions":[],"url":"https:\/\/quaidesbrumes.com\/ouvrage\/9782322844173\/cathares-en-2026-invention-de-heresie-et-theatre-d-intervention-et-de-d"},{"id":"9791041944552","title":"Orphelin de chine - la tragedie d un empire sous l","description":null,"authors":["Voltaire"],"category_codes":[],"visuals":{"large":"https:\/\/quaidesbrumes.com\/img\/book-placeholder.png","medium":"https:\/\/quaidesbrumes.com\/img\/book-placeholder.png","thumbnail":"https:\/\/quaidesbrumes.com\/img\/book-placeholder.png"},"orderable":true,"show_badge":true,"formatted_price":"19,90&nbsp;\u20ac","formatted_published_date":"28 avril 2026","publisher_availability_label":"Sur commande","short_details":"Voltaire \u2014 Culturea","translator":null,"weight":0,"page_count":null,"readership":null,"editor":"Culturea","price":1990,"published_date":"2026-04-27T22:00:00.000000Z","support":"Grand format","publisher_availability":1,"stock":0,"editions":[],"url":"https:\/\/quaidesbrumes.com\/ouvrage\/9791041944552\/orphelin-de-chine-la-tragedie-d-un-empire-sous-l"},{"id":"9791043147074","title":"Almaviva et rosine - une pantomime theatrale en trois actes de beaumarchais, melant danse et intrigu","description":null,"authors":["De Beaumarchais P-A."],"category_codes":[],"visuals":{"large":"https:\/\/quaidesbrumes.com\/img\/book-placeholder.png","medium":"https:\/\/quaidesbrumes.com\/img\/book-placeholder.png","thumbnail":"https:\/\/quaidesbrumes.com\/img\/book-placeholder.png"},"orderable":true,"show_badge":true,"formatted_price":"19,90&nbsp;\u20ac","formatted_published_date":"25 avril 2026","publisher_availability_label":"Sur commande","short_details":"De Beaumarchais P-A. \u2014 Culturea","translator":null,"weight":0,"page_count":null,"readership":null,"editor":"Culturea","price":1990,"published_date":"2026-04-24T22:00:00.000000Z","support":"Grand format","publisher_availability":1,"stock":0,"editions":[],"url":"https:\/\/quaidesbrumes.com\/ouvrage\/9791043147074\/almaviva-et-rosine-une-pantomime-theatrale-en-trois-actes-de-beaumarchais-melant-danse-et-intrigu"},{"id":"9782351051252","title":"Stand up","description":"1f. 3h. - D\u00e9cor : un salon - Dur\u00e9e : 1h30.\r\nCyril, un tueur \u00e0 gages, d\u00e9cide d'abandonner son lucratif m\u00e9tier de tueur \u00e0 gages pour s'adonner \u00e0 sa passion : devenir com\u00e9dien et faire un one-man-show. Avec l'aide plus ou moins volontaire de Laurent Berthier (un com\u00e9dien c\u00e9l\u00e8bre) et de Maurice (le metteur en sc\u00e8ne du Festival du Rire de Morlaix), Cyril d\u00e9couvre le monde du th\u00e9\u00e2tre. Un monde o\u00f9 tout peut arriver, la gloire, l'\u00e9chec et des cadavres.\r","authors":["G\u00e9rald Sibleyras"],"category_codes":["1000000","1080000","1080300"],"visuals":{"large":"https:\/\/images.epagine.fr\/252\/9782351051252_1_75.jpg","medium":"https:\/\/images.epagine.fr\/252\/9782351051252_1_m.jpg","thumbnail":"https:\/\/images.epagine.fr\/252\/9782351051252_1_v.jpg"},"orderable":true,"show_badge":true,"formatted_price":"12,00&nbsp;\u20ac","formatted_published_date":"27 f\u00e9vrier 2015","publisher_availability_label":"Sur commande","short_details":"G\u00e9rald Sibleyras \u2014 L'Oeil du Prince","translator":null,"weight":10,"page_count":null,"readership":null,"editor":"L'Oeil du Prince","price":1200,"published_date":"2015-02-26T23:00:00.000000Z","support":"Grand format","publisher_availability":1,"stock":0,"editions":[],"url":"https:\/\/quaidesbrumes.com\/ouvrage\/9782351051252\/stand-up"},{"id":"9782846817844","title":"Pas de yaourt pour les morts","description":"Lorsque le p\u00e8re de Tiago Rodrigues \u00e9tait \u00e0 l'h\u00f4pital, il recevait r\u00e9guli\u00e8rement la visite d'une femme appel\u00e9e Teresa. Elle travaillait comme b\u00e9n\u00e9vole \u00e0 l'h\u00f4pital et prenait le temps de parler aux patients pour rompre leur solitude. Plus tard, Tiago Rodrigues a d\u00e9couvert que Teresa \u00e9tait une actrice qu'il connaissait bien.\r\nDepuis son lit de malade, son p\u00e8re, r\u00e9alisant qu'il allait mourir, a commenc\u00e9 \u00e0 \u00e9crire un livre. Selon Teresa, il voulait m\u00e9langer ses exp\u00e9riences de patient en phase terminale \u00e0 l'h\u00f4pital avec des souvenirs de sa vie, en particulier des histoires li\u00e9es \u00e0 son travail de journaliste. Par exemple, il a pens\u00e9 \u00e0 l'histoire d'une autre Teresa, Teresa Torga, une obscure actrice et chanteuse de fado, souffrant de troubles mentaux, qui s'est d\u00e9shabill\u00e9e et s'est promen\u00e9e nue, r\u00e9citant des po\u00e8mes et chantant dans l'une des rues les plus anim\u00e9es de Lisbonne, lors d'une manifestation.\r\nApr\u00e8s la mort de son p\u00e8re, Tiago Rodrigues a ouvert le carnet. Il ne contenait que quelques lignes et points, quelques gribouillis, comme les dessins abstraits d'un enfant en bas \u00e2ge.\r\nDans Pas de yaourt pour les morts (No Yogurt for the Dead), Tiago Rodrigues cr\u00e9e une pi\u00e8ce de th\u00e9\u00e2tre pour imaginer ce que son p\u00e8re aurait pu souhaiter \u00e9crire dans les derniers jours de sa vie.","authors":["Tiago Rodrigues","Thomas Resendes"],"category_codes":["1000000","1080000"],"visuals":{"large":"https:\/\/images.epagine.fr\/844\/9782846817844_1_75.jpg","medium":"https:\/\/images.epagine.fr\/844\/9782846817844_1_m.jpg","thumbnail":"https:\/\/images.epagine.fr\/844\/9782846817844_1_v.jpg"},"orderable":false,"show_badge":true,"formatted_price":"14,00&nbsp;\u20ac","formatted_published_date":"4 juin 2026","publisher_availability_label":"\u00c0 para\u00eetre","short_details":"Tiago Rodrigues, Thomas Resendes \u2014 \u00c9ditions Les Solitaires Intempestifs","translator":"THOMAS RESENDES","weight":0,"page_count":80,"readership":null,"editor":"\u00c9ditions Les Solitaires Intempestifs","price":1400,"published_date":"2026-06-03T22:00:00.000000Z","support":"Grand format","publisher_availability":2,"stock":0,"editions":[],"url":"https:\/\/quaidesbrumes.com\/ouvrage\/9782846817844\/pas-de-yaourt-pour-les-morts"},{"id":"9782492986314","title":"On s'inqui\u00e9tera en janvier","description":"Camille Rebetez, Rebecca Vaissermann, Daniel Vuataz et Fanny Wobmann ont \u00e9crit un texte \u00e0 huit mains, une v\u00e9ritable partition de mots. Sous leurs plumes apparaissent les contours d'un cabaret, avec ses artistes et leurs personnalit\u00e9s color\u00e9es, ancr\u00e9 dans un futur proche dans lequel le monde que nous connaissons a disparu. Exit l'\u00e9lectricit\u00e9 illimit\u00e9e et la connexion internet instantan\u00e9e, envol\u00e9e la profusion constante de nos soci\u00e9t\u00e9s, finie la nature verdoyante. L'environnement ext\u00e9rieur de cet avenir inqui\u00e9tant est gris, enfoui sous les cendres d'un temps r\u00e9volu. Dans cet espace sc\u00e9nique aux allures de refuge se d\u00e9ploie alors un petit monde clos bouscul\u00e9 par l'urgence, et les num\u00e9ros s'y encha\u00eenent dans un foisonnement vertigineux de chansons et de danses.","authors":["Camille Rebetez","Rebecca Waissermann","Daniel Vuataz","Fanny Wobmann"],"category_codes":["1000000","1080000"],"visuals":{"large":"https:\/\/images.epagine.fr\/314\/9782492986314_1_75.jpg","medium":"https:\/\/images.epagine.fr\/314\/9782492986314_1_m.jpg","thumbnail":"https:\/\/images.epagine.fr\/314\/9782492986314_1_v.jpg"},"orderable":false,"show_badge":true,"formatted_price":"10,00&nbsp;\u20ac","formatted_published_date":"4 juin 2026","publisher_availability_label":"\u00c0 para\u00eetre","short_details":"Camille Rebetez, Rebecca Waissermann, Daniel Vuataz, Fanny Wobmann \u2014 Passages","translator":null,"weight":144,"page_count":84,"readership":null,"editor":"Passages","price":1000,"published_date":"2026-06-03T22:00:00.000000Z","support":"Grand format","publisher_availability":2,"stock":0,"editions":[],"url":"https:\/\/quaidesbrumes.com\/ouvrage\/9782492986314\/on-sinquietera-en-janvier"},{"id":"9782807101500","title":"Fant\u00f4me","description":"Fant\u00f4me raconte l'histoire d'un match de foot. Et aussi l'histoire d'une Princesse et d'un Prince, enfin d'un Roat, enfin du Fant\u00f4me. Mais Fant\u00f4me \u00e9voque aussi l'histoire d'un des secrets les mieux gard\u00e9s d'Ecosse : le sort peu enviable d'enfants, s\u00e9par\u00e9s de leur milieu familial, qui \u00e9chouent dans des institutions qui ont perdu toute humanit\u00e9. Fant\u00f4me est une pri\u00e8re pour hanter les lieux que les hommes ont abandonn\u00e9s : les usines, les cimeti\u00e8res, les \u00e9glises, l'Angleterre, les petites \u00e9piceries, les rues et, pourquoi pas, les th\u00e9\u00e2tres.\r","authors":["Nicolas Turon"],"category_codes":["1000000","1080000"],"visuals":{"large":"https:\/\/images.epagine.fr\/500\/9782807101500_1_75.jpg","medium":"https:\/\/images.epagine.fr\/500\/9782807101500_1_m.jpg","thumbnail":"https:\/\/images.epagine.fr\/500\/9782807101500_1_v.jpg"},"orderable":true,"show_badge":true,"formatted_price":"11,00&nbsp;\u20ac","formatted_published_date":"3 juillet 2017","publisher_availability_label":"Sur commande","short_details":"Nicolas Turon \u2014 Lansman","translator":null,"weight":55,"page_count":38,"readership":null,"editor":"Lansman","price":1100,"published_date":"2017-07-02T22:00:00.000000Z","support":"Grand format","publisher_availability":1,"stock":0,"editions":[],"url":"https:\/\/quaidesbrumes.com\/ouvrage\/9782807101500\/fantome"},{"id":"9782487746374","title":"Hchouma Blues","description":"Moha d\u00e9teste se taper la honte. Pour sa premi\u00e8re ann\u00e9e \u00e0 la fac, son d\u00e9fi, c'est d'arriver premier aux partiels. Quand un adolescent de son quartier est tu\u00e9 par un policier, une vague de protestation menace d'annuler les examens et les habitant\u00b7e\u00b7s de son quartier grondent leur col\u00e8re. Tiraill\u00e9 par des injonctions multiples, Moha zigzague pour trouver sa place.\r\nAfin d'\u00e9crire cette fiction, vingt ans apr\u00e8s la mort de Zyed Benna et Bouna Traor\u00e9 et les premi\u00e8res grandes r\u00e9voltes des quartiers populaires, l'auteur a men\u00e9 des entretiens avec des chercheurs en sciences sociales, des policiers et des avocats sp\u00e9cialis\u00e9s dans les violences polici\u00e8res.\r\n","authors":["Hicham Boutahar"],"category_codes":["1000000","1080000"],"visuals":{"large":"https:\/\/images.epagine.fr\/374\/9782487746374_1_75.jpg","medium":"https:\/\/images.epagine.fr\/374\/9782487746374_1_m.jpg","thumbnail":"https:\/\/images.epagine.fr\/374\/9782487746374_1_v.jpg"},"orderable":false,"show_badge":true,"formatted_price":"12,00&nbsp;\u20ac","formatted_published_date":"7 mai 2026","publisher_availability_label":"\u00c0 para\u00eetre","short_details":"Hicham Boutahar \u2014 Esse que","translator":null,"weight":99,"page_count":64,"readership":null,"editor":"Esse que","price":1200,"published_date":"2026-05-06T22:00:00.000000Z","support":"Grand format","publisher_availability":2,"stock":0,"editions":[],"url":"https:\/\/quaidesbrumes.com\/ouvrage\/9782487746374\/hchouma-blues"},{"id":"9782810702909","title":"Ultima casa \/ la derniere demeure","description":null,"authors":["Tiziano Scarpa"],"category_codes":["1000000","1080000"],"visuals":{"large":"https:\/\/images.epagine.fr\/909\/9782810702909_1_75.jpg","medium":"https:\/\/images.epagine.fr\/909\/9782810702909_1_m.jpg","thumbnail":"https:\/\/images.epagine.fr\/909\/9782810702909_1_v.jpg"},"orderable":true,"show_badge":true,"formatted_price":"11,00&nbsp;\u20ac","formatted_published_date":"20 mars 2014","publisher_availability_label":"Sur commande","short_details":"Tiziano Scarpa \u2014 Pu Du Midi","translator":null,"weight":252,"page_count":200,"readership":null,"editor":"Pu Du Midi","price":1100,"published_date":"2014-03-19T23:00:00.000000Z","support":"Grand format","publisher_availability":1,"stock":0,"editions":[],"url":"https:\/\/quaidesbrumes.com\/ouvrage\/9782810702909\/ultima-casa-la-derniere-demeure"}]}