{"data":[{"id":"9782851946010","title":"Chants de la lumi\u00e8re et de l'\u00e9nigme","description":"Patiemment, au fil de nombreux livres s'\u00e9difie cette oeuvre dense, o\u00f9 l'on a cru entendre des \u00e9chos de Char et de Bonnefoy, mais qui, par sa rigueur m\u00e9diterran\u00e9enne, est d'abord grecque : la Gr\u00e8ce de Pindare comme celle d'Elytis. Ici, le rythme domin\u00e9 et le verbe cisel\u00e9 tissent un chant nouveau,  autant qu'intemporel.","authors":["Pierre Torreilles","Jacques Clauzel"],"category_codes":["1000000","1080000"],"visuals":{"large":"https:\/\/images.epagine.fr\/010\/9782851946010_1_75.jpg","medium":"https:\/\/images.epagine.fr\/010\/9782851946010_1_m.jpg","thumbnail":"https:\/\/images.epagine.fr\/010\/9782851946010_1_v.jpg"},"orderable":true,"show_badge":true,"formatted_price":"15,00&nbsp;\u20ac","formatted_published_date":"4 septembre 2003","publisher_availability_label":"Sur commande","short_details":"Pierre Torreilles, Jacques Clauzel \u2014 \u00c9ditions Fata Morgana","translator":null,"weight":174,"page_count":null,"readership":null,"editor":"\u00c9ditions Fata Morgana","price":1500,"published_date":"2003-09-03T22:00:00.000000Z","support":"Grand format","publisher_availability":1,"stock":0,"editions":[],"url":"https:\/\/quaidesbrumes.com\/ouvrage\/9782851946010\/chants-de-la-lumiere-et-de-lenigme"},{"id":"9782912927552","title":"Double Hache 1990-2001 \/ Anthologie","description":null,"authors":["Collectif"],"category_codes":["1000000","1080000"],"visuals":{"large":"https:\/\/images.epagine.fr\/552\/9782912927552_1_75.jpg","medium":"https:\/\/images.epagine.fr\/552\/9782912927552_1_m.jpg","thumbnail":"https:\/\/images.epagine.fr\/552\/9782912927552_1_v.jpg"},"orderable":true,"show_badge":true,"formatted_price":"11,60&nbsp;\u20ac","formatted_published_date":"19 octobre 2001","publisher_availability_label":"Sur commande","short_details":"Collectif \u2014 Dumerchez","translator":null,"weight":320,"page_count":null,"readership":null,"editor":"Dumerchez","price":1160,"published_date":"2001-10-18T22:00:00.000000Z","support":"Grand format","publisher_availability":1,"stock":0,"editions":[],"url":"https:\/\/quaidesbrumes.com\/ouvrage\/9782912927552\/double-hache-1990-2001-anthologie"},{"id":"9782900130674","title":"Sortie de Scene","description":"Pierre Monceau - la soixantaine, auteur de com\u00e9dies \u00e0 succ\u00e8s - a d\u00e9cid\u00e9 de ne plus \u00e9crire \"du th\u00e9\u00e2tre digestif\" ! Il consacre son fiel \u00e0 des essais pol\u00e9miques et autres lettres ouvertes aux grands patrons, aux directeurs de cha\u00eenes et aux hommes politiques. La maladie lui laisse assez de souffle pour se disputer avec sa gouvernante-secr\u00e9taire-infirmi\u00e8re qui ne craint pas de lui r\u00e9pondre. L'arriv\u00e9e inattendue d'une jeune ni\u00e8ce d\u00e9pressive va obliger ce misanthrope professionnel \u00e0 aller refaire un tour du c\u00f4t\u00e9 de l'humour, le temps d'une nuit - sa derni\u00e8re peut-\u00eatre.","authors":["Nicolas Bedos"],"category_codes":["1000000","1080000"],"visuals":{"large":"https:\/\/images.epagine.fr\/674\/9782900130674_1_75.jpg","medium":"https:\/\/images.epagine.fr\/674\/9782900130674_1_m.jpg","thumbnail":"https:\/\/images.epagine.fr\/674\/9782900130674_1_v.jpg"},"orderable":true,"show_badge":true,"formatted_price":"10,00&nbsp;\u20ac","formatted_published_date":"1er octobre 2004","publisher_availability_label":"Sur commande","short_details":"Nicolas Bedos \u2014 Avant sc\u00e8ne th\u00e9\u00e2tre","translator":null,"weight":138,"page_count":null,"readership":null,"editor":"Avant sc\u00e8ne th\u00e9\u00e2tre","price":1000,"published_date":"2004-09-30T22:00:00.000000Z","support":"Revue","publisher_availability":1,"stock":0,"editions":[],"url":"https:\/\/quaidesbrumes.com\/ouvrage\/9782900130674\/sortie-de-scene"},{"id":"9782807102477","title":"Au commencement . il y avait une chaise","description":null,"authors":["Laurent Van wetter"],"category_codes":["1000000","1080000"],"visuals":{"large":"https:\/\/images.epagine.fr\/477\/9782807102477_1_75.jpg","medium":"https:\/\/images.epagine.fr\/477\/9782807102477_1_m.jpg","thumbnail":"https:\/\/images.epagine.fr\/477\/9782807102477_1_v.jpg"},"orderable":true,"show_badge":true,"formatted_price":"10,00&nbsp;\u20ac","formatted_published_date":"6 juin 2019","publisher_availability_label":"Sur commande","short_details":"Laurent Van wetter \u2014 Lansman","translator":null,"weight":55,"page_count":null,"readership":null,"editor":"Lansman","price":1000,"published_date":"2019-06-05T22:00:00.000000Z","support":"Grand format","publisher_availability":1,"stock":0,"editions":[],"url":"https:\/\/quaidesbrumes.com\/ouvrage\/9782807102477\/au-commencement-il-y-avait-une-chaise"},{"id":"9782490198078","title":"Comme des soeurs","description":"Elles ont pour habitude de comm\u00e9morer l'anniversaire de leur meilleure amie disparue. Ce trio de presque soeurs se retrouvent, chaque ann\u00e9e, entre fous rires et \u00e9motions au bord des larmes. Au nom de l'amiti\u00e9, elles affronteront les plus attendus et les plus improbables al\u00e9as de la vie.\r\nSpectacle cr\u00e9e au Th\u00e9\u00e2tre de la Boussole \u00e0 Paris avec Ariane Massenet, Marie Parouty et Alexandra Simon.","authors":["B\u00e9atrice Massenet"],"category_codes":["1000000","1080000","1080300"],"visuals":{"large":"https:\/\/images.epagine.fr\/078\/9782490198078_1_75.jpg","medium":"https:\/\/images.epagine.fr\/078\/9782490198078_1_m.jpg","thumbnail":"https:\/\/images.epagine.fr\/078\/9782490198078_1_v.jpg"},"orderable":true,"show_badge":true,"formatted_price":"10,00&nbsp;\u20ac","formatted_published_date":"12 avril 2019","publisher_availability_label":"Sur commande","short_details":"B\u00e9atrice Massenet \u2014 Triartis","translator":null,"weight":108,"page_count":122,"readership":null,"editor":"Triartis","price":1000,"published_date":"2019-04-11T22:00:00.000000Z","support":"Grand format","publisher_availability":1,"stock":0,"editions":[],"url":"https:\/\/quaidesbrumes.com\/ouvrage\/9782490198078\/comme-des-soeurs"},{"id":"9782226208545","title":"Le rattachement","description":"On est en 1920, l'imp\u00e9ratrice Eug\u00e9nie d\u00e9jeune face \u00e0 l'assiette vide du d\u00e9funt Louis-Napol\u00e9on quand soudain apparaissent l'Empereur en personne et une conseill\u00e8re qui cherche \u00e0 savoir ce qu'il changerait \u00e0 sa vie en cas de retour sur terre.\r\nS'il ne veut rien changer, ni \u00e0 son coup d'Etat, ni \u00e0 la guerre contre la Prusse, ni au fait d'avoir exil\u00e9 Victor Hugo, il a un seul souhait\u00a0: revoir le rattachement de Nice \u00e0 la France en 1860. Faisant un plaidoyer pro domo, l'Empereur des Fran\u00e7ais explique sa strat\u00e9gie paradoxale qui consiste \u00e0 se faire d\u00e9tester pour mieux faire avancer ses id\u00e9es et \u00e0 \u00eatre fid\u00e8le en multipliant ses relations amoureuses. Et du reste Eug\u00e9nie et lui ont l'air d'amoureux transis, heureux finalement de leur sort...","authors":["Didier Van Cauwelaert"],"category_codes":["1000000","1080000"],"visuals":{"large":"https:\/\/images.epagine.fr\/545\/9782226208545_1_75.jpg","medium":"https:\/\/images.epagine.fr\/545\/9782226208545_1_m.jpg","thumbnail":"https:\/\/images.epagine.fr\/545\/9782226208545_1_v.jpg"},"orderable":true,"show_badge":true,"formatted_price":"10,00&nbsp;\u20ac","formatted_published_date":"9 juin 2010","publisher_availability_label":"Sur commande","short_details":"Didier Van Cauwelaert \u2014 Albin Michel","translator":null,"weight":134,"page_count":96,"readership":null,"editor":"Albin Michel","price":1000,"published_date":"2010-06-08T22:00:00.000000Z","support":"Grand format","publisher_availability":1,"stock":0,"editions":[],"url":"https:\/\/quaidesbrumes.com\/ouvrage\/9782226208545\/le-rattachement"},{"id":"9782872828500","title":"Pierre laroche : conversation d'arriere scene","description":null,"authors":["Duque \/ Istace \/ Reu"],"category_codes":["1000000","1080000"],"visuals":{"large":"https:\/\/images.epagine.fr\/500\/9782872828500_1_75.jpg","medium":"https:\/\/images.epagine.fr\/500\/9782872828500_1_m.jpg","thumbnail":"https:\/\/images.epagine.fr\/500\/9782872828500_1_v.jpg"},"orderable":true,"show_badge":true,"formatted_price":"12,00&nbsp;\u20ac","formatted_published_date":"4 octobre 2011","publisher_availability_label":"Sur commande","short_details":"Duque \/ Istace \/ Reu \u2014 Lansman","translator":null,"weight":235,"page_count":null,"readership":null,"editor":"Lansman","price":1200,"published_date":"2011-10-03T22:00:00.000000Z","support":"Grand format","publisher_availability":1,"stock":0,"editions":[],"url":"https:\/\/quaidesbrumes.com\/ouvrage\/9782872828500\/pierre-laroche-conversation-darriere-scene"},{"id":"9782872828494","title":"Theatre congolais contemporain","description":null,"authors":["Ilunga \/ Kasongo \/ K"],"category_codes":["1000000","1080000"],"visuals":{"large":"https:\/\/images.epagine.fr\/494\/9782872828494_1_75.jpg","medium":"https:\/\/images.epagine.fr\/494\/9782872828494_1_m.jpg","thumbnail":"https:\/\/images.epagine.fr\/494\/9782872828494_1_v.jpg"},"orderable":true,"show_badge":true,"formatted_price":"12,00&nbsp;\u20ac","formatted_published_date":"15 septembre 2011","publisher_availability_label":"Sur commande","short_details":"Ilunga \/ Kasongo \/ K \u2014 Lansman","translator":null,"weight":150,"page_count":null,"readership":null,"editor":"Lansman","price":1200,"published_date":"2011-09-14T22:00:00.000000Z","support":"Grand format","publisher_availability":1,"stock":0,"editions":[],"url":"https:\/\/quaidesbrumes.com\/ouvrage\/9782872828494\/theatre-congolais-contemporain"},{"id":"9782872827640","title":"Garbo n'a plus le sourire","description":null,"authors":["Vinciane Moeschler"],"category_codes":["1000000","1080000"],"visuals":{"large":"https:\/\/images.epagine.fr\/640\/9782872827640_1_75.jpg","medium":"https:\/\/images.epagine.fr\/640\/9782872827640_1_m.jpg","thumbnail":"https:\/\/images.epagine.fr\/640\/9782872827640_1_v.jpg"},"orderable":true,"show_badge":true,"formatted_price":"9,00&nbsp;\u20ac","formatted_published_date":"2 avril 2010","publisher_availability_label":"Sur commande","short_details":"Vinciane Moeschler \u2014 Lansman","translator":null,"weight":80,"page_count":null,"readership":null,"editor":"Lansman","price":900,"published_date":"2010-04-01T22:00:00.000000Z","support":"Grand format","publisher_availability":1,"stock":0,"editions":[],"url":"https:\/\/quaidesbrumes.com\/ouvrage\/9782872827640\/garbo-na-plus-le-sourire"},{"id":"9782872826636","title":"5 courtes pieces pour une comedie","description":"Sixi\u00e8me fruit de notre collaboration avec La Com\u00e9die de Saint-Etienne, cet ouvrage renoue (apr\u00e8s deux ann\u00e9es consacr\u00e9es \u00e0 un seul auteur) avec cinq petites pi\u00e8ces de cinq auteurs francophones... certains d\u00e9j\u00e0 publi\u00e9s chez nous comme Marie-Line Laplante (Qu\u00e9bec), Nicole Malinconi (Belgique) et Jean-Yves Picq (France) ; deux autres apparaissant pour la premi\u00e8re fois dans notre catalogue : Marcel Zahnd (Suisse) et Alain Kamal Martial(Mayotte). Bienvenue \u00e0 eux.","authors":["Laplante Malinconi M"],"category_codes":["1000000","1080000"],"visuals":{"large":"https:\/\/images.epagine.fr\/636\/9782872826636_1_75.jpg","medium":"https:\/\/images.epagine.fr\/636\/9782872826636_1_m.jpg","thumbnail":"https:\/\/images.epagine.fr\/636\/9782872826636_1_v.jpg"},"orderable":true,"show_badge":true,"formatted_price":"10,00&nbsp;\u20ac","formatted_published_date":"1er septembre 2008","publisher_availability_label":"Sur commande","short_details":"Laplante Malinconi M \u2014 Lansman","translator":null,"weight":140,"page_count":null,"readership":null,"editor":"Lansman","price":1000,"published_date":"2008-08-31T22:00:00.000000Z","support":"Grand format","publisher_availability":1,"stock":0,"editions":[],"url":"https:\/\/quaidesbrumes.com\/ouvrage\/9782872826636\/5-courtes-pieces-pour-une-comedie"},{"id":"9782875934925","title":"L'arche et la tour","description":"Une tour arrogante g\u00e9r\u00e9e par la Compagnie Babil-One, un climat qui se d\u00e9r\u00e8gle et le niveau des eaux qui monte, une troupe de com\u00e9diens ambulants qui embarque dans une arche... cela vous rappelle quelque chose ?  Et que viennent faire l'ours et la cyborg dans cette gal\u00e8re ? Et o\u00f9 iront Zouc et les locataires submerg\u00e9s des \u00e9tages inf\u00e9rieurs ?\r\n \u00c0 la fois conte philosophique, fable \u00e9cologique et farce h\u00e9-naurme \u00e0 la mani\u00e8re du p\u00e8re Ubu, cette pi\u00e8ce, dr\u00f4le et profonde, nous plonge (litt\u00e9ralement) au coeur de l'actualit\u00e9.\r\n  Cette pi\u00e8ce traite de questions \u00e9cologiques et \u00e9conomiques tr\u00e8s actuelles, en mobilisant de fa\u00e7on tr\u00e8s libre des th\u00e8mes de la Bible (l'Arche  de No\u00e9 et la Tour de Babel)  et d'autres textes mythologiques (L'Atlantide, Tristan et Yseult). Ces sujets graves, elle entend en parler sur un mode tour \u00e0 tour critique, ludique et po\u00e9tique. \r\n \r\n Quand un ing\u00e9nieur doubl\u00e9 d'un philosophe rencontre un juriste doubl\u00e9 d'un philosophe, r\u00e9sultat : L'Arche et la Tour, une pi\u00e8ce \u00e0 convictions, un spectacle tout public, pour rire et r\u00e9fl\u00e9chir car il est trop tard pour pleurer et que les larmes feraient encore monter les eaux.","authors":["Rancois Ost","Edwin Zacca\u00ef"],"category_codes":["1000000","1080000"],"visuals":{"large":"https:\/\/images.epagine.fr\/925\/9782875934925_1_75.jpg","medium":"https:\/\/images.epagine.fr\/925\/9782875934925_1_m.jpg","thumbnail":"https:\/\/images.epagine.fr\/925\/9782875934925_1_v.jpg"},"orderable":true,"show_badge":true,"formatted_price":"14,00&nbsp;\u20ac","formatted_published_date":"11 octobre 2023","publisher_availability_label":"Sur commande","short_details":"Rancois Ost, Edwin Zacca\u00ef \u2014 SAMSA","translator":null,"weight":250,"page_count":70,"readership":null,"editor":"SAMSA","price":1400,"published_date":"2023-10-10T22:00:00.000000Z","support":"Grand format","publisher_availability":1,"stock":0,"editions":[],"url":"https:\/\/quaidesbrumes.com\/ouvrage\/9782875934925\/larche-et-la-tour"},{"id":"9782917758427","title":"Le plaisir de rompre","description":null,"authors":["Jules Renard"],"category_codes":["1000000","1080000"],"visuals":{"large":"https:\/\/quaidesbrumes.com\/img\/book-placeholder.png","medium":"https:\/\/quaidesbrumes.com\/img\/book-placeholder.png","thumbnail":"https:\/\/quaidesbrumes.com\/img\/book-placeholder.png"},"orderable":true,"show_badge":true,"formatted_price":"3,50&nbsp;\u20ac","formatted_published_date":"2 juin 2004","publisher_availability_label":"Sur commande","short_details":"Jules Renard \u2014 La Traverse","translator":null,"weight":45,"page_count":null,"readership":null,"editor":"La Traverse","price":350,"published_date":"2004-06-01T22:00:00.000000Z","support":"Grand format","publisher_availability":1,"stock":0,"editions":[],"url":"https:\/\/quaidesbrumes.com\/ouvrage\/9782917758427\/le-plaisir-de-rompre"},{"id":"9782375720769","title":"Par temps troubl\u00e9s, des familles ordinaires","description":"Ils se pr\u00e9nommaient Szlama ou Kalman, Schiffra ou Rivka, et leurs noms aussi \u00e9taient difficiles \u00e0 prononcer. Tailleurs, casquettiers, maroquiniers, ils vinrent tenter leur chance en France, de la Belle \u00c9poque aux Ann\u00e9es folles, fuyant l'antis\u00e9mitisme et la mis\u00e8re qui s\u00e9vissaient en Pologne. Ils avaient foi dans la France, et pour seule ambition l'espoir d'une vie meilleure, en travaillant sans rel\u00e2che, comme tous les immigr\u00e9s depuis que le monde est monde. C'\u00e9taient des hommes et des femmes ordinaires, des familles ordinaires.\r\nDe fait, ils se mari\u00e8rent, firent des enfants et t\u00e2ch\u00e8rent d'\u00eatre heureux, mais le conte de f\u00e9es prit fin. En octobre 1940, la R\u00e9publique se transforma en une dictature antis\u00e9mite et x\u00e9nophobe qui allait les pourchasser puis les livrer aux nazis.\r\nCe sont, pendant ces temps extraordinaires, leurs fortunes diverses qui sont racont\u00e9es ici, o\u00f9 la chance joua le r\u00f4le principal, mais aussi leur instinct, leur lucidit\u00e9. Chez les g\u00e9n\u00e9rations suivantes, leurs silences ou leurs r\u00e9cits parcellaires ont laiss\u00e9 beaucoup de questions sans r\u00e9ponses, des manques, des b\u00e9ances.\r\n\r\nFr\u00e9d\u00e9ric Pluskwa est n\u00e9 en 1953, \u00e0 Paris. M\u00e9decin retrait\u00e9, il vit dans un hameau du Larzac m\u00e9ridional. Par temps troubl\u00e9s, des familles ordinaires est sa premi\u00e8re exp\u00e9rience dans le domaine de l'\u00e9criture.","authors":["Fr\u00e9d\u00e9ric Pluskwa"],"category_codes":["1000000","1080000"],"visuals":{"large":"https:\/\/images.epagine.fr\/769\/9782375720769_1_75.jpg","medium":"https:\/\/images.epagine.fr\/769\/9782375720769_1_m.jpg","thumbnail":"https:\/\/images.epagine.fr\/769\/9782375720769_1_v.jpg"},"orderable":true,"show_badge":true,"formatted_price":"15,00&nbsp;\u20ac","formatted_published_date":"31 janvier 2025","publisher_availability_label":"Sur commande","short_details":"Fr\u00e9d\u00e9ric Pluskwa \u2014 \u00c9ditions L'Espace d'un instant","translator":null,"weight":270,"page_count":124,"readership":null,"editor":"\u00c9ditions L'Espace d'un instant","price":1500,"published_date":"2025-01-30T23:00:00.000000Z","support":"Grand format","publisher_availability":1,"stock":0,"editions":[],"url":"https:\/\/quaidesbrumes.com\/ouvrage\/9782375720769\/par-temps-troubles-des-familles-ordinaires"},{"id":"9782915459975","title":"Grand guignol","description":null,"authors":["Renard"],"category_codes":["1000000","1080000"],"visuals":{"large":"https:\/\/images.epagine.fr\/975\/9782915459975_1_75.jpg","medium":"https:\/\/images.epagine.fr\/975\/9782915459975_1_m.jpg","thumbnail":"https:\/\/images.epagine.fr\/975\/9782915459975_1_v.jpg"},"orderable":true,"show_badge":true,"formatted_price":"10,00&nbsp;\u20ac","formatted_published_date":"15 mars 2013","publisher_availability_label":"Sur commande","short_details":"Renard \u2014 Les Cygnes","translator":null,"weight":140,"page_count":null,"readership":null,"editor":"Les Cygnes","price":1000,"published_date":"2013-03-14T23:00:00.000000Z","support":"Grand format","publisher_availability":1,"stock":0,"editions":[],"url":"https:\/\/quaidesbrumes.com\/ouvrage\/9782915459975\/grand-guignol"},{"id":"9782343235882","title":"Comment Virginie D. a sauv\u00e9 ma vie","description":"\"\u00ab \u00c9crire c'est gagner sur la honte. Cela demande au pr\u00e9alable de la comprendre. J'ai ce projet au fond de moi et sur le bout des doigts depuis des ann\u00e9es. Une parole que je souhaite faire sortir de ma gorge. Ma parole, la parole des femmes qui m'habitent et qu'il faut faire entendre. Le proverbe populaire dit que le silence est d'or et la parole d'argent. C'est faux quand il s'agit de viol. Quand il s'agit de viol le silence est une arme l\u00e9tale. Rien \u00e0 voir avec de l'or. La lecture du King Kong th\u00e9orie de Virginie Despentes, m'a r\u00e9ellement sauv\u00e9 la vie. Gr\u00e2ce \u00e0 ces mots je n'\u00e9tais plus seule et puisqu'elle pouvait en parler et l'\u00e9crire, je pouvais aussi le faire. \u00bb\"","authors":["Corinne Merle"],"category_codes":["1000000","1080000"],"visuals":{"large":"https:\/\/images.epagine.fr\/882\/9782343235882_1_75.jpg","medium":"https:\/\/images.epagine.fr\/882\/9782343235882_1_m.jpg","thumbnail":"https:\/\/images.epagine.fr\/882\/9782343235882_1_v.jpg"},"orderable":true,"show_badge":true,"formatted_price":"11,00&nbsp;\u20ac","formatted_published_date":"22 juin 2021","publisher_availability_label":"Sur commande","short_details":"Corinne Merle \u2014 \u00c9ditions L'Harmattan","translator":null,"weight":70,"page_count":48,"readership":null,"editor":"\u00c9ditions L'Harmattan","price":1100,"published_date":"2021-06-21T22:00:00.000000Z","support":"Grand format","publisher_availability":1,"stock":0,"editions":[],"url":"https:\/\/quaidesbrumes.com\/ouvrage\/9782343235882\/comment-virginie-d-a-sauve-ma-vie"},{"id":"9791042308605","title":"Le choix de Pierre","description":"Pierre a la charge, depuis toujours, d'orienter les nouveaux arrivants. Il a vu d\u00e9filer l'humanit\u00e9 tout enti\u00e8re dans son bureau. Il ma\u00eetrise son sujet, en tant que premier pape de l'Histoire. Et ce n'est pas \u00ab Lui \u00bb, dans le bureau juste au-dessus du sien, qui dira le contraire. Mais quelle n'est pas sa stup\u00e9faction de d\u00e9couvrir que cette humanit\u00e9, justement, n'est pas du m\u00eame avis, lorsque se pr\u00e9sente devant lui Samuel, mandat\u00e9 par ses semblables pour lui signifier une plainte pour escroquerie !\r\nCette rencontre in\u00e9dite, teint\u00e9e d'humour, d'esprit et de philosophie, est alors le th\u00e9\u00e2tre d'une r\u00e9flexion jubilatoire sur ce que sont les Hommes et am\u00e8ne le lecteur \u00e0 s'interroger sur sa propre condition.\r\n \r\nFascin\u00e9 par l'\u00e9criture et la litt\u00e9rature, Aymeric Castelli produit depuis l'enfance avec la complicit\u00e9 de Cyrielle Griffon, des po\u00e8mes, des chansons et des pi\u00e8ces de th\u00e9\u00e2tre. C'est la nuit qu'il trouve l'inspiration afin de combler la superficialit\u00e9 des interactions quotidiennes avec ses semblables. Il cr\u00e9e un univers dans lequel ses personnages, parfois hauts en couleur, essaient, souvent \u00e0 leur insu, de questionner avec humour et autod\u00e9rision, des principes et des th\u00e8mes qui lui semblent essentiels : la vie, la mort, le sacr\u00e9, l'Homme, l'humour et la musique.","authors":["Aymeric Castelli"],"category_codes":["1000000","1080000"],"visuals":{"large":"https:\/\/images.epagine.fr\/605\/9791042308605_1_75.jpg","medium":"https:\/\/images.epagine.fr\/605\/9791042308605_1_m.jpg","thumbnail":"https:\/\/images.epagine.fr\/605\/9791042308605_1_v.jpg"},"orderable":true,"show_badge":true,"formatted_price":"13,50&nbsp;\u20ac","formatted_published_date":"25 juin 2025","publisher_availability_label":"Sur commande","short_details":"Aymeric Castelli \u2014 VERONE","translator":null,"weight":131,"page_count":98,"readership":"Tout public","editor":"VERONE","price":1350,"published_date":"2025-06-24T22:00:00.000000Z","support":"Grand format","publisher_availability":1,"stock":0,"editions":[],"url":"https:\/\/quaidesbrumes.com\/ouvrage\/9791042308605\/le-choix-de-pierre"},{"id":"9782734901129","title":"Notre futur : com\u00e9die en un acte","description":"NOTRE FUTUR com\u00e9die de Georges FEYDEAU 2 femmes - Dur\u00e9e : 30 mn Henriette de Tr\u00e9ville, jeune veuve, a organis\u00e9 un bal au cours duquel elle esp\u00e8re que Monsieur de Neyriss osera se d\u00e9clarer. Valentine, sa jeune cousine y arrive en avance pour lui confier son secret : elle est amoureuse et demande conseil \u00e0 son a\u00een\u00e9e sans dire le nom de son pr\u00e9tendant. Quand elle s'y r\u00e9sout Henriette d\u00e9couvre naturellement qu'il s'agit du m\u00eame homme. Sc\u00e8nes de jalousie, dispute. Mais le journal annonce de Monsieur de Neyriss \u00e9pouse une riche h\u00e9riti\u00e8re. Les deux femmes se r\u00e9concilient et se promettent de s'amuser le plus possible pour oublier leur futur.","authors":["Georges Feydeau"],"category_codes":["1000000","1080000","1080300","1080303"],"visuals":{"large":"https:\/\/images.epagine.fr\/129\/9782734901129_1_75.jpg","medium":"https:\/\/images.epagine.fr\/129\/9782734901129_1_m.jpg","thumbnail":"https:\/\/images.epagine.fr\/129\/9782734901129_1_v.jpg"},"orderable":true,"show_badge":true,"formatted_price":"3,00&nbsp;\u20ac","formatted_published_date":"1er janvier 1958","publisher_availability_label":"Sur commande","short_details":"Georges Feydeau \u2014 Librairie th\u00e9\u00e2trale","translator":null,"weight":20,"page_count":22,"readership":null,"editor":"Librairie th\u00e9\u00e2trale","price":300,"published_date":"1957-12-31T23:00:00.000000Z","support":"Grand format","publisher_availability":1,"stock":0,"editions":[],"url":"https:\/\/quaidesbrumes.com\/ouvrage\/9782734901129\/notre-futur-comedie-en-un-acte"},{"id":"9782734905301","title":"On a tout rat\u00e9","description":"ON A TOUT RAT\u00c9, c'est la rencontre de deux femmes compl\u00e8tement d\u00e9jant\u00e9es, de deux solitudes en mal d'amour. L'une, Violette se prend pour Jackie Kennedy en qu\u00eate de son chat Oswald, est madame \" Pipi \" au Ch\u00e2telet, a un mari John -qu'elle surnomme J.F.K - qui la trompe avec une Diva. L'autre, P\u00e2querette vit sur les quais. Sa fille, videuse dans une bo\u00eete de nuit, l'a vid\u00e9e  de chez elle. Elle voudrait se tuer pour ne pas affronter son pass\u00e9. Violette l'en emp\u00eache. P\u00e2querette insiste pour que Violette l'adopte et l'emm\u00e8ne chez elle... mais cette derni\u00e8re, par crainte d'\u00eatre, peut-\u00eatre, confront\u00e9e avec sa r\u00e9alit\u00e9 pr\u00e9f\u00e8re rester sur ce quai malgr\u00e9 sa m\u00e9fiance envers cette femme \u00e9trange. Pendant qu'elles argumentent, se disputent, d\u00e9lirent m\u00eame, une ombre sur une p\u00e9niche les observe. Qui est elle, que veut- elle, que sait elle ? Est-ce le mari, la fille ou la police ? Elles vont peu \u00e0 peu se d\u00e9voiler jusqu'\u00e0 ce que l'inconnu d\u00e9barque et...","authors":["Catherine Th\u00e9veneau"],"category_codes":["1000000","1080000"],"visuals":{"large":"https:\/\/images.epagine.fr\/301\/9782734905301_1_75.jpg","medium":"https:\/\/images.epagine.fr\/301\/9782734905301_1_m.jpg","thumbnail":"https:\/\/images.epagine.fr\/301\/9782734905301_1_v.jpg"},"orderable":true,"show_badge":true,"formatted_price":"8,50&nbsp;\u20ac","formatted_published_date":"27 septembre 2012","publisher_availability_label":"Sur commande","short_details":"Catherine Th\u00e9veneau \u2014 Librairie th\u00e9\u00e2trale","translator":null,"weight":50,"page_count":56,"readership":null,"editor":"Librairie th\u00e9\u00e2trale","price":850,"published_date":"2012-09-26T22:00:00.000000Z","support":"Poche","publisher_availability":1,"stock":0,"editions":[],"url":"https:\/\/quaidesbrumes.com\/ouvrage\/9782734905301\/on-a-tout-rate"},{"id":"9782384625260","title":"Dialogue avec...","description":"Cette pi\u00e8ce met en sc\u00e8ne un(e) jeune adulte en pleine interrogation face aux contraintes du monde, avec toutes les col\u00e8res et frustrations g\u00e9n\u00e9r\u00e9es par des questions sans r\u00e9ponse. Cette col\u00e8re hurle \u00e0 l'int\u00e9rieur. Une myst\u00e9rieuse Pr\u00e9sence s'invite sur sc\u00e8ne. S'instaure alors un dialogue entre le\/la jeune et la Pr\u00e9sence. Le lecteur-spectateur assiste \u00e0 ce dialogue improbable et plein d'humour, qui oscille entre col\u00e8re, doute et apaisement  pour finir sur une d\u00e9couverte de Soi pleine d'esp\u00e9rance et sur l'apprentissage de ce que veut dire \u00ab \u00eatre \u00bb.\r","authors":["C\u00e9cile Caillibotte","Sama"],"category_codes":["1000000","1080000"],"visuals":{"large":"https:\/\/images.epagine.fr\/260\/9782384625260_1_75.jpg","medium":"https:\/\/images.epagine.fr\/260\/9782384625260_1_m.jpg","thumbnail":"https:\/\/images.epagine.fr\/260\/9782384625260_1_v.jpg"},"orderable":true,"show_badge":true,"formatted_price":"11,00&nbsp;\u20ac","formatted_published_date":"27 octobre 2023","publisher_availability_label":"Sur commande","short_details":"C\u00e9cile Caillibotte, Sama \u2014 Hello Editions","translator":null,"weight":68,"page_count":62,"readership":null,"editor":"Hello Editions","price":1100,"published_date":"2023-10-26T22:00:00.000000Z","support":"Grand format","publisher_availability":1,"stock":0,"editions":[],"url":"https:\/\/quaidesbrumes.com\/ouvrage\/9782384625260\/dialogue-avec"},{"id":"9782384625857","title":"La solitude des mues","description":"Kiki, adolescente, vit seule avec son p\u00e8re. F\u00e9rues de la culture japonaise kawaii, Kiki et son amie Past\u00e8que changent d'apparence au rythme de leurs humeurs et se donnent \u00e0 voir quotidiennement sur les r\u00e9seaux sociaux. Un \u00e9v\u00e9nement traumatique conduit Kiki \u00e0 se retirer, abandonnant brutalement sa vie familiale, scolaire et amicale. D\u00e9muni face \u00e0 l'isolement de sa fille, Pierre, dit Le P\u00e8re, essaie de maintenir un \u00e9quilibre financier fragile. En perte de rep\u00e8res et de sens, il part r\u00e9guli\u00e8rement en for\u00eat afin de se livrer \u00e0 un \u00e9trange rituel. Il se couche sous un lit de feuilles. Un jour, une b\u00eate lui rend visite.\r","authors":["Na\u00e9ma Boudoumi","Arnaud Dupont"],"category_codes":["1000000","1080000"],"visuals":{"large":"https:\/\/images.epagine.fr\/857\/9782384625857_1_75.jpg","medium":"https:\/\/images.epagine.fr\/857\/9782384625857_1_m.jpg","thumbnail":"https:\/\/images.epagine.fr\/857\/9782384625857_1_v.jpg"},"orderable":true,"show_badge":true,"formatted_price":"10,00&nbsp;\u20ac","formatted_published_date":"12 janvier 2024","publisher_availability_label":"Sur commande","short_details":"Na\u00e9ma Boudoumi, Arnaud Dupont \u2014 Hello Editions","translator":null,"weight":59,"page_count":52,"readership":null,"editor":"Hello Editions","price":1000,"published_date":"2024-01-11T23:00:00.000000Z","support":"Grand format","publisher_availability":1,"stock":0,"editions":[],"url":"https:\/\/quaidesbrumes.com\/ouvrage\/9782384625857\/la-solitude-des-mues"},{"id":"9782492381898","title":"Mon Premier Prix Nobel : Bottom","description":"Mon Premier Nobel : Bottom, cristallise la passion de TDK pour le Tango, le Kloon, le Baroque, et l'Herm\u00e9tisme de la Renaissance. Tradaptation du Songe de Shakespeare, dans le sens d'une traduction de Picasso d'un tableau de Velasquez recelant ses traductions de fragmes de la po\u00e9sie du flamboyant John Wilmot, alias 2\u00e8me Comte de Rochester, cette oeuvre se collette \u00e0 la magie et \u00e0 la danse dans sa dimension politique, voire \u00e9cologique, ainsi qu'aux questions d'animalit\u00e9 et d'identit\u00e9. Elle aborde le d\u00e9sir dans toutes ses dimensions ; et d'un trompe-l'oeil l'autre, soul\u00e8ve moult questions : \u00ab Qu'est-ce que le th\u00e9\u00e2tre ? , \u00ab Qu'est-ce que la litt\u00e9rature ?   Who's there? , comme l'ass\u00e8ne l'ouverture de Hamlet   \u00ab Pourquoi cesse-t-on de parler pour chanter ? \u00bb et \u00ab Quelle sainte folie nous pique de sa tarentule et ainsi nous pousse \u00e0 danser ? \u00bb Premier volet d'une trilogie qui revisite La Temp\u00eate, La Nuit des Rois ainsi que Les Sonnets, c'est \u00e0 la fois une sauvagerie qui cligne de l'oeil \u00e0 Rimbaud   entre autres  , une fluidit\u00e9 qui entend faire jouir les plumes de Shakespeare et Rochester en fran\u00e7ais d'une tendre et respectueuse irr\u00e9v\u00e9rence, et une musicalit\u00e9 qui ne cessera de tambouriner un cri r\u00e9fractaire.\r","authors":["Narjisse Tdk Moumna"],"category_codes":["1000000","1080000"],"visuals":{"large":"https:\/\/images.epagine.fr\/898\/9782492381898_1_75.jpg","medium":"https:\/\/images.epagine.fr\/898\/9782492381898_1_m.jpg","thumbnail":"https:\/\/images.epagine.fr\/898\/9782492381898_1_v.jpg"},"orderable":true,"show_badge":true,"formatted_price":"16,00&nbsp;\u20ac","formatted_published_date":"1er juillet 2021","publisher_availability_label":"Sur commande","short_details":"Narjisse Tdk Moumna \u2014 Douro","translator":null,"weight":114,"page_count":84,"readership":null,"editor":"Douro","price":1600,"published_date":"2021-06-30T22:00:00.000000Z","support":"Grand format","publisher_availability":1,"stock":0,"editions":[],"url":"https:\/\/quaidesbrumes.com\/ouvrage\/9782492381898\/mon-premier-prix-nobel-bottom"},{"id":"9782807102392","title":"50 ans, \u00e7a se joue !","description":"A l'occasion du cinquanti\u00e8me anniversaire de l'Atelier Th\u00e9\u00e2tre Jean Vilar \u00e0 Louvain-la-Neuve, la direction a souhait\u00e9 mettre en \u00e9vidence des auteur(e)s belges contemporain(e)s. Il faut dire que, dans ce th\u00e9\u00e2tre au projet singulier, les dramaturges wallons et bruxellois ont toujours eu largement droit de cit\u00e9.\r\nUne commande a donc \u00e9t\u00e9 pass\u00e9e aupr\u00e8s de huit auteur(e)s d'une pi\u00e8ce d'un quart d'heure \u00e0 deux personnages, destin\u00e9e \u00e0 \u00eatre jou\u00e9e lors de la soir\u00e9e d'ouverture du festival du cinquantenaire. Le th\u00e8me retenu \u00e9tait, bien s\u00fbr, \"la cinquantaine\", proposition suffisamment polys\u00e9mique pour permettre \u00e0 chacun et chacune d'y investir sa sensibilit\u00e9 et ses obsessions ou ses recherches personnelles.\r\nCet ouvrage, coproduit par le th\u00e9\u00e2tre, reprend ces huit courtes pi\u00e8ces qui devraient ensuite poursuivre leur chemin dans d'autres cadres et sous d'autres cieux.","authors":["Collectif"],"category_codes":["1000000","1080000"],"visuals":{"large":"https:\/\/images.epagine.fr\/392\/9782807102392_1_75.jpg","medium":"https:\/\/images.epagine.fr\/392\/9782807102392_1_m.jpg","thumbnail":"https:\/\/images.epagine.fr\/392\/9782807102392_1_v.jpg"},"orderable":true,"show_badge":true,"formatted_price":"12,00&nbsp;\u20ac","formatted_published_date":"8 mai 2019","publisher_availability_label":"Sur commande","short_details":"Collectif \u2014 Lansman","translator":null,"weight":145,"page_count":96,"readership":null,"editor":"Lansman","price":1200,"published_date":"2019-05-07T22:00:00.000000Z","support":"Grand format","publisher_availability":1,"stock":0,"editions":[],"url":"https:\/\/quaidesbrumes.com\/ouvrage\/9782807102392\/50-ans-ca-se-joue"},{"id":"9782492381980","title":"La Guerre de Troie Actualis\u00e9e : I Avant l'Iliade","description":"Pour la toute premi\u00e8re fois, un auteur raconte la guerre de Troie au complet, sous la forme de cinquante-et-un chants regroupant pr\u00e8s de deux mille strophes. Dans ce premier tome : La construction des murs, la pomme de la discorde, la capture de Th\u00e9tis, le talon d'Achille, la mal\u00e9diction de Cassandre, le jugement de P\u00e2ris, l'enl\u00e8vement d'H\u00e9l\u00e8ne de Sparte, la folie d'Ulysse, l'entr\u00e9e en sc\u00e8ne d'Achille, le sacrifice d'Agamemnon, le duel entre Achille et Cycnos - entre autres !\r","authors":["Fran\u00e7ois Bellavance"],"category_codes":["1000000","1080000","1080200","1080202"],"visuals":{"large":"https:\/\/images.epagine.fr\/980\/9782492381980_1_75.jpg","medium":"https:\/\/images.epagine.fr\/980\/9782492381980_1_m.jpg","thumbnail":"https:\/\/images.epagine.fr\/980\/9782492381980_1_v.jpg"},"orderable":true,"show_badge":true,"formatted_price":"18,00&nbsp;\u20ac","formatted_published_date":"2 novembre 2021","publisher_availability_label":"Sur commande","short_details":"Fran\u00e7ois Bellavance \u2014 Douro","translator":null,"weight":138,"page_count":104,"readership":null,"editor":"Douro","price":1800,"published_date":"2021-11-01T23:00:00.000000Z","support":"Grand format","publisher_availability":1,"stock":0,"editions":[],"url":"https:\/\/quaidesbrumes.com\/ouvrage\/9782492381980\/la-guerre-de-troie-actualisee-i-avant-liliade"},{"id":"9782384060139","title":"La Guerre de Troie Actualis\u00e9e : II Avant l'Iliade","description":"Pour la toute premi\u00e8re fois, un auteur raconte la guerre de Troie au complet, sous la forme de cinquante-et-un chants regroupant pr\u00e8s de deux mille strophes.\r","authors":["Fran\u00e7ois Bellavance"],"category_codes":["1000000","1080000","1080200","1080202"],"visuals":{"large":"https:\/\/images.epagine.fr\/139\/9782384060139_1_75.jpg","medium":"https:\/\/images.epagine.fr\/139\/9782384060139_1_m.jpg","thumbnail":"https:\/\/images.epagine.fr\/139\/9782384060139_1_v.jpg"},"orderable":true,"show_badge":true,"formatted_price":"18,00&nbsp;\u20ac","formatted_published_date":"20 janvier 2022","publisher_availability_label":"Sur commande","short_details":"Fran\u00e7ois Bellavance \u2014 Douro","translator":null,"weight":306,"page_count":202,"readership":null,"editor":"Douro","price":1800,"published_date":"2022-01-19T23:00:00.000000Z","support":"Grand format","publisher_availability":1,"stock":0,"editions":[],"url":"https:\/\/quaidesbrumes.com\/ouvrage\/9782384060139\/la-guerre-de-troie-actualisee-ii-avant-liliade"}]}