{"data":[{"id":"9782846212335","title":"Ubu sultan ; trag\u00e9die burlesque en 3 actes","description":"Parvenu au pouvoir en 1876 dans le sang du sultan Abdulaziz, son oncle, assassin\u00e9 apr\u00e8s deux ans de r\u00e8gne, Abdulhamid v\u00e9cut trente ann\u00e9es dans la crainte d'un guet-apens ou d'un attentat, ne quittant sa cit\u00e9 palatiale de Yldiz, sur les hauteurs de Constantinople, que pour se rendre \u00e0 la pri\u00e8re du vendredi dans une mosqu\u00e9e toute proche. Il r\u00e9pond \u00e0 ses terreurs par des ex\u00e9cutions sommaires de suppos\u00e9s comploteurs, des h\u00e9catombes de hasard, avant de d\u00e9couvrir dans le peuple arm\u00e9nien son ennemi phantasmatique. Il en initiera le massacre, que la junte militaire qui le d\u00e9posera en 1908 amplifiera jusqu'au g\u00e9nocide de 1915. Il mourra dans son lit en 1917.\r\nEn 1898, l'homme de lettres Edmond Fazy, qui vivait \u00e0 Constantinople, imagine dans quelques pages d'un roman baroque, l'envoi \u00e0 Constantinople du P\u00e8re Ubu et de Vacher l'\u00c9ventreur, pour liquider le sultan. De la rencontre entre ces deux monstres va na\u00eetre, sous la plume de Cl\u00e9ment Maraud, une pi\u00e8ce burlesque dont l'humour f\u00e9roce dynamite la cruaut\u00e9 et la bigoterie d'Hamid le fourbe. En pr\u00e9lude au drame, une \u00e9tude tente de cerner la personnalit\u00e9 d'Hamid le Saigneur, cet assassin m\u00e9thodique... Une pi\u00e8ce d'actualit\u00e9 dans une p\u00e9riode o\u00f9 la Turquie d'Erdogan renoue avec les vieux d\u00e9mons : r\u00e9islamisation de la soci\u00e9t\u00e9, grignotage des libert\u00e9s la\u00efques et d\u00e9mocratiques, acharnement contre l'opposition...","authors":["Cl\u00e9ment Maraud"],"category_codes":["1000000","1080000","1080200","1080201"],"visuals":{"large":"https:\/\/images.epagine.fr\/335\/9782846212335_1_75.jpg","medium":"https:\/\/images.epagine.fr\/335\/9782846212335_1_m.jpg","thumbnail":"https:\/\/images.epagine.fr\/335\/9782846212335_1_v.jpg"},"orderable":true,"show_badge":true,"formatted_price":"12,00&nbsp;\u20ac","formatted_published_date":"25 ao\u00fbt 2016","publisher_availability_label":"Sur commande","short_details":"Cl\u00e9ment Maraud \u2014 Paris","translator":null,"weight":136,"page_count":80,"readership":null,"editor":"Paris","price":1200,"published_date":"2016-08-24T22:00:00.000000Z","support":"Grand format","publisher_availability":1,"stock":0,"editions":[],"url":"https:\/\/quaidesbrumes.com\/ouvrage\/9782846212335\/ubu-sultan-tragedie-burlesque-en-3-actes"},{"id":"9782246152811","title":"Th\u00e9\u00e2tre T05","description":"Le cinqui\u00e8me tome des Oeuvres Compl\u00e8tes pour le th\u00e9\u00e2tre de Ren\u00e9 de Obaldia.","authors":["Obaldia Rene"],"category_codes":["1000000","1010000"],"visuals":{"large":"https:\/\/images.epagine.fr\/811\/9782246152811_1_75.jpg","medium":"https:\/\/images.epagine.fr\/811\/9782246152811_1_m.jpg","thumbnail":"https:\/\/images.epagine.fr\/811\/9782246152811_1_v.jpg"},"orderable":true,"show_badge":true,"formatted_price":"18,90&nbsp;\u20ac","formatted_published_date":"23 octobre 1973","publisher_availability_label":"Sur commande","short_details":"Obaldia Rene \u2014 \u00c9ditions Grasset","translator":null,"weight":249,"page_count":242,"readership":null,"editor":"\u00c9ditions Grasset","price":1890,"published_date":"1973-10-22T23:00:00.000000Z","support":"Grand format","publisher_availability":1,"stock":0,"editions":[],"url":"https:\/\/quaidesbrumes.com\/ouvrage\/9782246152811\/theatre-t05"},{"id":"9782889560929","title":"Les Troyennes","description":"Apr\u00e8s la prise de Troie par les Grecs, femmes et enfants des vaincus se voient livr\u00e9s aux mains des vainqueurs.\r\nInspiratrices de celles de S\u00e9n\u00e8que, de Sartre et de Vinaver, \u00abLes Troyennes\u00bb d'Euripide ont conserv\u00e9 intacte la cruelle beaut\u00e9 de leur d\u00e9nonciation de toute entreprise guerri\u00e8re.\r","authors":["Euripide","Bastien Fournier"],"category_codes":["1000000","1080000"],"visuals":{"large":"https:\/\/images.epagine.fr\/929\/9782889560929_1_75.jpg","medium":"https:\/\/images.epagine.fr\/929\/9782889560929_1_m.jpg","thumbnail":"https:\/\/images.epagine.fr\/929\/9782889560929_1_v.jpg"},"orderable":true,"show_badge":true,"formatted_price":"10,00&nbsp;\u20ac","formatted_published_date":"18 juin 2020","publisher_availability_label":"Sur commande","short_details":"Euripide, Bastien Fournier \u2014 Editions De L'Aire","translator":"BASTIEN FOURNIER","weight":124,"page_count":120,"readership":null,"editor":"Editions De L'Aire","price":1000,"published_date":"2020-06-17T22:00:00.000000Z","support":"Grand format","publisher_availability":1,"stock":0,"editions":[],"url":"https:\/\/quaidesbrumes.com\/ouvrage\/9782889560929\/les-troyennes"},{"id":"9782343006208","title":"Le chien dans l'arbre","description":"\"Excuse-moi si tout est m\u00e9lang\u00e9 dans ma t\u00eate, mais je n'ai jamais vraiment su qui \u00e9tait la m\u00e8re, qui \u00e9tait la fille. Tu aurais d\u00fb me l'expliquer quand j'avais dix ans et que je lui pr\u00e9parais son d\u00eener, et quand je l'aidais \u00e0 se d\u00e9shabiller certains soirs, et quand je la tenais par la main dans la rue parce qu'elle titubait un peu trop. Au fait, o\u00f9 \u00e9tais-tu \u00e0 ce moment-l\u00e0 ?\" Cette pi\u00e8ce interroge les liens qui unissent une fille et sa m\u00e8re alcoolique, face \u00e0 l'absence du p\u00e8re.\r","authors":["Jacqueline Zinetti"],"category_codes":["1000000","1080000"],"visuals":{"large":"https:\/\/images.epagine.fr\/208\/9782343006208_1_75.jpg","medium":"https:\/\/images.epagine.fr\/208\/9782343006208_1_m.jpg","thumbnail":"https:\/\/images.epagine.fr\/208\/9782343006208_1_v.jpg"},"orderable":true,"show_badge":true,"formatted_price":"12,00&nbsp;\u20ac","formatted_published_date":"14 mai 2013","publisher_availability_label":"Sur commande","short_details":"Jacqueline Zinetti \u2014 \u00c9ditions L'Harmattan","translator":null,"weight":105,"page_count":76,"readership":null,"editor":"\u00c9ditions L'Harmattan","price":1200,"published_date":"2013-05-13T22:00:00.000000Z","support":"Grand format","publisher_availability":1,"stock":0,"editions":[],"url":"https:\/\/quaidesbrumes.com\/ouvrage\/9782343006208\/le-chien-dans-larbre"},{"id":"9782807104259","title":"Etang de Thau, miroir de vies","description":"M\u00e8ze est une commune de l'H\u00e9rault riveraine de l'\u00e9tang de Thau, plus grand plan d'eau de la R\u00e9gion Occitanie. Cet \u00e9tang grouille de vie(s) depuis toujours. La population, qui a rapidement peupl\u00e9 ses rives, y a trouv\u00e9 les ressources qui l'ont mise \u00e0 l'abri des besoins. Mais, de l'avis de beaucoup, cet \u00e9tang n'est pas seulement source de biens mat\u00e9riels. Il est aussi un lieu singulier dont l'harmonie est propice \u00e0 la convivialit\u00e9, la solidarit\u00e9, l'humilit\u00e9, la fraternit\u00e9, la sororit\u00e9... C'est en tout cas ce que laissent transpara\u00eetre les d\u00e9couvertes que C\u00e9line De Bo a pu y faire dans le cadre d'une r\u00e9sidence d'\u00e9criture de pr\u00e8s d'un mois. Au fil de ce s\u00e9jour peupl\u00e9 de balades, d'entretiens, d'ateliers, de rencontres \u00e9tonnantes et de complicit\u00e9s, elle a tenu un journal de bord. Puis s'en est inspir\u00e9e pour proposer une pi\u00e8ce \u00e0 mi-chemin entre th\u00e9\u00e2tre documentaire et pure fiction. Avec le talent qu'on lui connait, C\u00e9line De Bo dresse, \u00e0 travers ce texte, le portrait vivant et color\u00e9 d'une communaut\u00e9 singuli\u00e8re et attachante. Difficile de ne pas avoir envie, apr\u00e8s cette lecture, d'aller faire un tour par l\u00e0-bas, avec l'espoir de croiser l'un ou l'autre personnage qu'elle met en sc\u00e8ne.","authors":["C\u00e9line De Bo"],"category_codes":["1000000","1080000"],"visuals":{"large":"https:\/\/images.epagine.fr\/259\/9782807104259_1_75.jpg","medium":"https:\/\/images.epagine.fr\/259\/9782807104259_1_m.jpg","thumbnail":"https:\/\/images.epagine.fr\/259\/9782807104259_1_v.jpg"},"orderable":true,"show_badge":true,"formatted_price":"11,00&nbsp;\u20ac","formatted_published_date":"14 novembre 2024","publisher_availability_label":"Sur commande","short_details":"C\u00e9line De Bo \u2014 Lansman","translator":null,"weight":80,"page_count":64,"readership":null,"editor":"Lansman","price":1100,"published_date":"2024-11-13T23:00:00.000000Z","support":"Grand format","publisher_availability":1,"stock":0,"editions":[],"url":"https:\/\/quaidesbrumes.com\/ouvrage\/9782807104259\/etang-de-thau-miroir-de-vies"},{"id":"9782867448959","title":"Vanghel ; th\u00e9\u00e2tre IV","description":"Les amours de Mina de Vanghel, fille d'un g\u00e9n\u00e9ral comte prussien vainqueur des arm\u00e9es napol\u00e9oniennes, usurpent le pluriel. Mais la seule fois de l'amour, dont elle est une h\u00e9ro\u00efne extr\u00eame, en fait une figure de d\u00e9cision et de fermet\u00e9 fatales que Jacques Jouet admire au point qu'il l'a emprunt\u00e9e \u00e0 Stendhal, comme Stendhal lui-m\u00eame affirmait l'avoir emprunt\u00e9e \u00e0 Adam Oehlenschl\u00e4ger. Du p\u00e8re \u00e0 la fille se pose aussi la question des conqu\u00eates : \u00abUn peuple a-t-il le droit de changer la mani\u00e8re intime et rationnelle suivant laquelle un autre peuple veut r\u00e9gler son existence mat\u00e9rielle et morale ?\u00bb (Stendhal), devenant : \u00abUn \u00eatre a-t-il le droit de changer la mani\u00e8re intime et pas toujours rationnelle suivant laquelle un \u00eatre diff\u00e9rent para\u00eet avoir r\u00e9gl\u00e9 son existence affective et sexuelle ?\u00bb Vanghel est une pi\u00e8ce de th\u00e9\u00e2tre en trois actes et une soixantaine de personnages.","authors":["Jacques Jouet"],"category_codes":["1000000","1080000"],"visuals":{"large":"https:\/\/images.epagine.fr\/959\/9782867448959_1_75.jpg","medium":"https:\/\/images.epagine.fr\/959\/9782867448959_1_m.jpg","thumbnail":"https:\/\/images.epagine.fr\/959\/9782867448959_1_v.jpg"},"orderable":true,"show_badge":true,"formatted_price":"17,25&nbsp;\u20ac","formatted_published_date":"19 juin 2003","publisher_availability_label":"Sur commande","short_details":"Jacques Jouet \u2014 P.O.L.","translator":null,"weight":466,"page_count":342,"readership":null,"editor":"P.O.L.","price":1725,"published_date":"2003-06-18T22:00:00.000000Z","support":"Grand format","publisher_availability":1,"stock":0,"editions":[],"url":"https:\/\/quaidesbrumes.com\/ouvrage\/9782867448959\/vanghel-theatre-iv"},{"id":"9782867449956","title":"Une pi\u00e8ce \u00e9crite en collaboration","description":"Ils sont l\u00e0, encore et toujours, ces personnages que depuis plusieurs des livres de Danielle M\u00e9moire on retrouve : habitants du ch\u00e2teau de Brioine, qui s'agitent et parlent, vivent et meurent et \u00e9changent leurs r\u00f4les et jusqu'\u00e0 leur propre histoire, cette fois sous la forme th\u00e9\u00e2trale. Et l'on retrouve ici certaine sc\u00e8ne inaugurale de la saga du Corpus : le manuscrit \u00e0 moiti\u00e9 br\u00fbl\u00e9, abandonn\u00e9 sous la pluie \u00e0 l'or\u00e9e du domaine et qui, \u00e9crit d'une encre curieusement ind\u00e9l\u00e9bile, lacunaire, et cependant corrig\u00e9 par quelle main ?, raconte l'histoire des habitants du ch\u00e2teau de Brioine. \r\n\r\nLa forme th\u00e9\u00e2trale convient parfaitement \u00e0 ces jeux de miroir et de reflets, \u00e0 ces \u00e9changes rapides, \u00e0 ces dispositifs en \u00e9chos o\u00f9 de bien plus sombres enjeux que ceux dont il semble \u00eatre question viennent donner profondeur et gravit\u00e9 \u00e0 ce qui se donne l'\u00e9l\u00e9gance insolente d'un divertissement.\r","authors":["Danielle M\u00e9moire"],"category_codes":["1000000","1080000"],"visuals":{"large":"https:\/\/images.epagine.fr\/956\/9782867449956_1_75.jpg","medium":"https:\/\/images.epagine.fr\/956\/9782867449956_1_m.jpg","thumbnail":"https:\/\/images.epagine.fr\/956\/9782867449956_1_v.jpg"},"orderable":true,"show_badge":true,"formatted_price":"12,15&nbsp;\u20ac","formatted_published_date":"12 f\u00e9vrier 2004","publisher_availability_label":"Sur commande","short_details":"Danielle M\u00e9moire \u2014 P.O.L.","translator":null,"weight":100,"page_count":95,"readership":"Tout public","editor":"P.O.L.","price":1215,"published_date":"2004-02-11T23:00:00.000000Z","support":"Grand format","publisher_availability":1,"stock":0,"editions":[],"url":"https:\/\/quaidesbrumes.com\/ouvrage\/9782867449956\/une-piece-ecrite-en-collaboration"},{"id":"9782846821131","title":"Laissez Baude buissonner","description":"Ceci est un texte de th\u00e9\u00e2tre. Ou plus exactement un texte qui met le th\u00e9\u00e2tre en sc\u00e8ne puisque la pi\u00e8ce est aussi une pi\u00e8ce qu'un narrateur tr\u00e8s changeant raconte. On ne s'en \u00e9tonnera pas, l'action se d\u00e9roule \u00e0 Brioine, et tout autour, ce lieu mythique et central de la grande entreprise litt\u00e9raire de Danielle M\u00e9moire : le corpus. Elle s'en donne \u00e0 coeur joie, jouant comme \u00e0 l'accoutum\u00e9e, mais servie au del\u00e0 du descriptible par le dispositif th\u00e9\u00e2tral, des niveaux de repr\u00e9sentation, des illusions et des changements de r\u00f4le. L'\u00e9criture y est sans doute plus \u00abraisonnable\u00bb, apparemment, que dans ses autres textes, elle n'en est pas moins inventive et efficace quand il s'agit de prendre le lecteur dans ses r\u00eats invisibles.","authors":["Danielle M\u00e9moire"],"category_codes":["1000000","1080000"],"visuals":{"large":"https:\/\/images.epagine.fr\/131\/9782846821131_1_75.jpg","medium":"https:\/\/images.epagine.fr\/131\/9782846821131_1_m.jpg","thumbnail":"https:\/\/images.epagine.fr\/131\/9782846821131_1_v.jpg"},"orderable":true,"show_badge":true,"formatted_price":"13,20&nbsp;\u20ac","formatted_published_date":"17 novembre 2005","publisher_availability_label":"Sur commande","short_details":"Danielle M\u00e9moire \u2014 P.O.L.","translator":null,"weight":85,"page_count":75,"readership":null,"editor":"P.O.L.","price":1320,"published_date":"2005-11-16T23:00:00.000000Z","support":"Grand format","publisher_availability":1,"stock":0,"editions":[],"url":"https:\/\/quaidesbrumes.com\/ouvrage\/9782846821131\/laissez-baude-buissonner"},{"id":"9782847881318","title":"Nuits","description":"Nuits est compos\u00e9 de deux pi\u00e8ces - la nuit de montagnacet la nuit de bellelande - dont les intrigues se d\u00e9roulent simultan\u00e9ment (entre le soir du 24 d\u00e9cembre et le matin du 25), \u00e0 l'int\u00e9rieur d'un m\u00eame cadre spatial (l'adret et l'ubac d'une haute vall\u00e9e), entre des personnages qui, pour certains d'entre eux, participent aux deux cours d'action.\r\n Dans l'une et l'autre, le diable m\u00e8ne le jeu et retourne le souci d'humanit\u00e9 et l'esprit d'abn\u00e9gation en folie inhumaine. dans la nuit de montagnac, il endosse la figure, traditionnelle, de l'accusateur et am\u00e8ne des responsables de \"l'action humanitaire\", retir\u00e9s dans une ferme isol\u00e9e pour un moment de r\u00e9flexion et de retraite, \u00e0 se soup\u00e7onner les uns les autres et \u00e0 se ha\u00efr jusqu'\u00e0 vouloir se d\u00e9truire.\r\n Dans la nuit de bellelande, le malin adopte la figure - dont les trag\u00e9dies du xxe si\u00e8cle ont r\u00e9v\u00e9l\u00e9 le caract\u00e8re parfois diabolique -, de l'organisateur. les habitants de bellelande pr\u00e9tendent d'abord venir en aide \u00e0 un convoi de malheureux en perdition (des sans-papiers ? des tziganes venus de l'est ? existent-ils vraiment ? la pi\u00e8ce ne le dit pas). mais, sous l'impulsion du diable, l'organisation des secours se transforme en entreprise de destruction.\r\n Le ressort de la pi\u00e8ce est ainsi constitu\u00e9 par l'engagement progressif de personnes ordinaires, se pr\u00e9sentant d'abord comme bien intentionn\u00e9es, dans le crime collectif.\r","authors":["Luc Boltanski"],"category_codes":["1000000","1080000"],"visuals":{"large":"https:\/\/images.epagine.fr\/318\/9782847881318_1_75.jpg","medium":"https:\/\/images.epagine.fr\/318\/9782847881318_1_m.jpg","thumbnail":"https:\/\/images.epagine.fr\/318\/9782847881318_1_v.jpg"},"orderable":true,"show_badge":true,"formatted_price":"14,00&nbsp;\u20ac","formatted_published_date":"16 juin 2008","publisher_availability_label":"Sur commande","short_details":"Luc Boltanski \u2014 Ens Lyon","translator":null,"weight":215,"page_count":176,"readership":null,"editor":"Ens Lyon","price":1400,"published_date":"2008-06-15T22:00:00.000000Z","support":"Grand format","publisher_availability":1,"stock":0,"editions":[],"url":"https:\/\/quaidesbrumes.com\/ouvrage\/9782847881318\/nuits"},{"id":"9782355391255","title":"Maxa, la femme la plus assassin\u00e9e du monde","description":"Maxa fut la diva du Grand-Guignol \u00e0 la Belle \u00c9poque et dans les ann\u00e9es folles, la Sarah Bernhardt de l'impasse Chaptal \u00e0 paris. Elle sut crier le r\u00e9pertoire d'\u00e9pouvante d'Andr\u00e9 de Lorde..-..alors conservateur de la biblioth\u00e8que de l'Arsenal..-..comme La Champsmesl\u00e9 sut chanter Racine.\r\nElle-m\u00eame se d\u00e9finissait comme la femme la plus assassin\u00e9e du monde et poussait les plus beaux cris de gorges de l'histoire du th\u00e9\u00e2tre.\r\nIl n'emp\u00eache qu'apr\u00e8s la Deuxi\u00e8me Guerre mondiale, elle \u00e9tait tomb\u00e9e dans un oubli total. Vilain petit canard de sa famille, elle n'eut personne pour la rappeler aux bons souvenirs des historiens du th\u00e9\u00e2tre.\r\n\u00c0 partir de la presse de l'\u00e9poque, des programmes et aussi de t\u00e9moignages personnels, Agn\u00e8s Pierron, fascin\u00e9e par elle depuis bient\u00f4t une vingtaine d'ann\u00e9es, propose la premi\u00e8re biographie la plus compl\u00e8te possible de la Rachel de tous les martyrs.\r","authors":["Agn\u00e8s Pierron"],"category_codes":["1000000","1080000"],"visuals":{"large":"https:\/\/images.epagine.fr\/255\/9782355391255_1_75.jpg","medium":"https:\/\/images.epagine.fr\/255\/9782355391255_1_m.jpg","thumbnail":"https:\/\/images.epagine.fr\/255\/9782355391255_1_v.jpg"},"orderable":true,"show_badge":true,"formatted_price":"27,00&nbsp;\u20ac","formatted_published_date":"7 avril 2011","publisher_availability_label":"Sur commande","short_details":"Agn\u00e8s Pierron \u2014 L'ENTRETEMPS","translator":null,"weight":530,"page_count":384,"readership":null,"editor":"L'ENTRETEMPS","price":2700,"published_date":"2011-04-06T22:00:00.000000Z","support":"Grand format","publisher_availability":1,"stock":0,"editions":[],"url":"https:\/\/quaidesbrumes.com\/ouvrage\/9782355391255\/maxa-la-femme-la-plus-assassinee-du-monde"},{"id":"9782355391521","title":"Cr\u00e9er ensemble ; points de vue sur les communaut\u00e9s artistiques","description":null,"authors":["Marie-Christine Autant-Matthieu"],"category_codes":["1000000","1080000"],"visuals":{"large":"https:\/\/images.epagine.fr\/521\/9782355391521_1_75.jpg","medium":"https:\/\/images.epagine.fr\/521\/9782355391521_1_m.jpg","thumbnail":"https:\/\/images.epagine.fr\/521\/9782355391521_1_v.jpg"},"orderable":true,"show_badge":true,"formatted_price":"29,00&nbsp;\u20ac","formatted_published_date":"7 mars 2013","publisher_availability_label":"Sur commande","short_details":"Marie-Christine Autant-Matthieu \u2014 L'ENTRETEMPS","translator":null,"weight":635,"page_count":472,"readership":null,"editor":"L'ENTRETEMPS","price":2900,"published_date":"2013-03-06T23:00:00.000000Z","support":"Grand format","publisher_availability":1,"stock":0,"editions":[],"url":"https:\/\/quaidesbrumes.com\/ouvrage\/9782355391521\/creer-ensemble-points-de-vue-sur-les-communautes-artistiques"},{"id":"9782226188793","title":"Bont\u00e9 divine !","description":"Au sortir d'une conf\u00e9rence inter religieuse, un pr\u00eatre, un rabbin, un imam et un bonze se retrouvent enferm\u00e9s dans une pi\u00e8ce sans communication possible avec l'ext\u00e9rieur. Prisonniers d'un in\u00e9luctable face \u00e0 face, ils engagent un d\u00e9bat aussi vif que savoureux o\u00f9 croyances et diff\u00e9rences s'affrontent, tandis que mijote une poularde qui saura peut-\u00eatre pacifier les esprits et transformer ce huis clos en une irr\u00e9sistible com\u00e9die.","authors":["Lenoir-F+Colla-L.M"],"category_codes":["1000000","1080000"],"visuals":{"large":"https:\/\/images.epagine.fr\/793\/9782226188793_1_75.jpg","medium":"https:\/\/images.epagine.fr\/793\/9782226188793_1_m.jpg","thumbnail":"https:\/\/images.epagine.fr\/793\/9782226188793_1_v.jpg"},"orderable":true,"show_badge":true,"formatted_price":"11,90&nbsp;\u20ac","formatted_published_date":"28 janvier 2009","publisher_availability_label":"Sur commande","short_details":"Lenoir-F+Colla-L.M \u2014 Albin Michel","translator":null,"weight":156,"page_count":126,"readership":null,"editor":"Albin Michel","price":1190,"published_date":"2009-01-27T23:00:00.000000Z","support":"Grand format","publisher_availability":1,"stock":0,"editions":[],"url":"https:\/\/quaidesbrumes.com\/ouvrage\/9782226188793\/bonte-divine"},{"id":"9782226317285","title":"Th\u00e9\u00e2tre sans fin","description":"Pour la premi\u00e8re fois, voici r\u00e9uni ici son th\u00e9\u00e2tre complet : 7 pi\u00e8ces dont \u00c9cole de ventriloques, qui commence le recueil et a \u00e9t\u00e9 un des succ\u00e8s du Festival off d'Avignon en 2014. Suivie de : Trois vieilles, Un r\u00eave sans fin, Le Gorille, Hypermarch\u00e9, Zarathustra. \r\n \r\nJodorowsky, qui a fond\u00e9 avec Arrabal la notion de \u00ab th\u00e9\u00e2tre panique \u00bb, a toujours trouv\u00e9 vital de parvenir \u00e0 un th\u00e9\u00e2tre non exhibitionniste et narcissique mais apte \u00e0 cr\u00e9er un affrontement avec soi-m\u00eame. Il dit en conclusion de son introduction : \u00ab Au moment d'\u00e9crire je me suis toujours pos\u00e9 la question suivante : \u00ab Qu'ai-je \u00e0 dire, comme derni\u00e8res paroles ? \u00bb Les r\u00e9ponses qui me sont venues ont toutes \u00e0 voir avec cet \u00e9ternel recommencement. Le th\u00e9\u00e2tre authentique aborde en effet nos grandes interrogations et les conduit vers une catharsis positive. \u00bb  Ce th\u00e9\u00e2tre veut r\u00e9soudre le dilemme originel de l'\u00eatre humain, son incertitude, sa faiblesse et ses terreurs fondamentales afin que, port\u00e9s \u00e0 la conscience, ils deviennent certitude, assurance, force et compassion.\r","authors":["Alexandro Jodorowsky"],"category_codes":["1000000","1080000"],"visuals":{"large":"https:\/\/images.epagine.fr\/285\/9782226317285_1_75.jpg","medium":"https:\/\/images.epagine.fr\/285\/9782226317285_1_m.jpg","thumbnail":"https:\/\/images.epagine.fr\/285\/9782226317285_1_v.jpg"},"orderable":true,"show_badge":true,"formatted_price":"27,00&nbsp;\u20ac","formatted_published_date":"27 mai 2015","publisher_availability_label":"Sur commande","short_details":"Alexandro Jodorowsky \u2014 Albin Michel","translator":null,"weight":444,"page_count":384,"readership":null,"editor":"Albin Michel","price":2700,"published_date":"2015-05-26T22:00:00.000000Z","support":"Grand format","publisher_availability":1,"stock":0,"editions":[],"url":"https:\/\/quaidesbrumes.com\/ouvrage\/9782226317285\/theatre-sans-fin"},{"id":"9782343240015","title":"La nuit de transit : com\u00e9die dramatique en trois sc\u00e8nes","description":"Quelques jours avant son d\u00e9c\u00e8s, un p\u00e8re \u00e9crit un testament exigeant que le jour qui marquera sa disparition, son fils Adrien dorme une nuit chez sa m\u00e8re pour ne pas la laisser seule ce jour-l\u00e0. La m\u00e8re de son c\u00f4t\u00e9 accepte \u00e0 contrecoeur cette mascarade. Elle vit dans un parfait h\u00e9donisme depuis la mort de son mari. Ce dernier lui a laiss\u00e9 un pactole prodigieux. Elle se compla\u00eet \u00e0 passer ses soir\u00e9es avec Pierre, un ex-associ\u00e9 de son mari, et Myl\u00e8ne, une remarquable beaut\u00e9... Adrien en tombera \u00e9perdument amoureux.\r","authors":["Ga\u00ebtan Faucer"],"category_codes":["1000000","1080000"],"visuals":{"large":"https:\/\/images.epagine.fr\/015\/9782343240015_1_75.jpg","medium":"https:\/\/images.epagine.fr\/015\/9782343240015_1_m.jpg","thumbnail":"https:\/\/images.epagine.fr\/015\/9782343240015_1_v.jpg"},"orderable":true,"show_badge":true,"formatted_price":"11,50&nbsp;\u20ac","formatted_published_date":"27 ao\u00fbt 2021","publisher_availability_label":"Sur commande","short_details":"Ga\u00ebtan Faucer \u2014 \u00c9ditions L'Harmattan","translator":null,"weight":102,"page_count":72,"readership":null,"editor":"\u00c9ditions L'Harmattan","price":1150,"published_date":"2021-08-26T22:00:00.000000Z","support":"Grand format","publisher_availability":1,"stock":0,"editions":[],"url":"https:\/\/quaidesbrumes.com\/ouvrage\/9782343240015\/la-nuit-de-transit-comedie-dramatique-en-trois-scenes"},{"id":"9782378270087","title":"Le sourire de rodin","description":null,"authors":["Ga\u00ebtan Faucer"],"category_codes":["1000000","1080000","1080400"],"visuals":{"large":"https:\/\/images.epagine.fr\/087\/9782378270087_1_75.jpg","medium":"https:\/\/images.epagine.fr\/087\/9782378270087_1_m.jpg","thumbnail":"https:\/\/images.epagine.fr\/087\/9782378270087_1_v.jpg"},"orderable":true,"show_badge":true,"formatted_price":"12,00&nbsp;\u20ac","formatted_published_date":"13 octobre 2017","publisher_availability_label":"Sur commande","short_details":"Ga\u00ebtan Faucer \u2014 Spinelle","translator":null,"weight":93,"page_count":null,"readership":null,"editor":"Spinelle","price":1200,"published_date":"2017-10-12T22:00:00.000000Z","support":"Grand format","publisher_availability":1,"stock":0,"editions":[],"url":"https:\/\/quaidesbrumes.com\/ouvrage\/9782378270087\/le-sourire-de-rodin"},{"id":"9782749816074","title":"Mozart, mon amour","description":"Ao\u00fbt 1804. Pour donner du lustre \u00e0 son nouveau titre d'empereur d'Autriche, Fran\u00e7ois Ier veut cr\u00e9er un \u00e9v\u00e9nement artistique d'ampleur. Georg Nikolaus Von Nissen, diplomate danois en poste \u00e0 Vienne, voudrait bien en profiter pour restaurer la gloire de Wolfgang Amadeus Mozart, dont il est un profond admirateur. Afin de convaincre le Conseil imp\u00e9rial des musiques et des r\u00e9jouissances de la Couronne, qui doit choisir entre les diff\u00e9rents projets, Von Nissen demande \u00e0 S\u00fcssmayer, ancien \u00e9l\u00e8ve et assistant du compositeur et \u00e0 la veuve de Mozart, Constanze, de venir avec lui pr\u00e9senter la vie et l'oeuvre du g\u00e9nial musicien. La cr\u00e9ation de Mozart, mon amour a eu lieu le 24 avril 2023 au Th\u00e9\u00e2tre de Poche-Montparnasse dans une mise en sc\u00e8ne de Christophe Barbier avec Pauline Courtin (chanteuse lyrique) et Vadim Sher (pianiste).","authors":["Christophe Barbier"],"category_codes":["1000000","1080000"],"visuals":{"large":"https:\/\/images.epagine.fr\/074\/9782749816074_1_75.jpg","medium":"https:\/\/images.epagine.fr\/074\/9782749816074_1_m.jpg","thumbnail":"https:\/\/images.epagine.fr\/074\/9782749816074_1_v.jpg"},"orderable":true,"show_badge":true,"formatted_price":"13,00&nbsp;\u20ac","formatted_published_date":"26 avril 2023","publisher_availability_label":"Sur commande","short_details":"Christophe Barbier \u2014 Avant sc\u00e8ne th\u00e9\u00e2tre","translator":null,"weight":64,"page_count":64,"readership":null,"editor":"Avant sc\u00e8ne th\u00e9\u00e2tre","price":1300,"published_date":"2023-04-25T22:00:00.000000Z","support":"Poche","publisher_availability":1,"stock":0,"editions":[],"url":"https:\/\/quaidesbrumes.com\/ouvrage\/9782749816074\/mozart-mon-amour"},{"id":"9782749815916","title":"Qui est Monsieur Schmitt ?","description":"M. et Mme Be\u00b4lier di^nent dans leur salle a` manger quand ils sont interrompus par la sonnerie du te\u00b4le\u00b4phone. Or, les Be\u00b4liers n'ont pas d'abonnement te\u00b4le\u00b4phonique. Le myste\u00b4rieux interlocuteur insiste et affirme me^me parler a` un certain M. Schmitt. Puis M. et Mme Be\u00b4lier de\u00b4couvrent que l'inte\u00b4rieur de leur appartement a change\u00b4 : les cadres accroche\u00b4s aux murs ont e\u00b4te\u00b4 remplace\u00b4s et les livres et les ve^tements ne sont pas les leurs... Sont-ils, sans le savoir, M. et Mme Schmitt ?","authors":["S\u00e9bastien Thi\u00e9ry"],"category_codes":["1000000","1080000","1080300","1080303"],"visuals":{"large":"https:\/\/images.epagine.fr\/916\/9782749815916_1_75.jpg","medium":"https:\/\/images.epagine.fr\/916\/9782749815916_1_m.jpg","thumbnail":"https:\/\/images.epagine.fr\/916\/9782749815916_1_v.jpg"},"orderable":true,"show_badge":true,"formatted_price":"13,00&nbsp;\u20ac","formatted_published_date":"13 janvier 2023","publisher_availability_label":"Sur commande","short_details":"S\u00e9bastien Thi\u00e9ry \u2014 Avant sc\u00e8ne th\u00e9\u00e2tre","translator":null,"weight":94,"page_count":96,"readership":null,"editor":"Avant sc\u00e8ne th\u00e9\u00e2tre","price":1300,"published_date":"2023-01-12T23:00:00.000000Z","support":"Poche","publisher_availability":1,"stock":0,"editions":[],"url":"https:\/\/quaidesbrumes.com\/ouvrage\/9782749815916\/qui-est-monsieur-schmitt"},{"id":"9782851946003","title":"Les cinq points cardinaux","description":"Ce volume constitue, sur le double mode de la sensualit\u00e9 et de l'action, une mani\u00e8re de table d'orientation dans l'univers du po\u00e8te. La ville aim\u00e9e, omnipr\u00e9sente cependant, c\u00e8de pour cette fois le premier plan \u00e0 de plus intimes passions : le tabac, le jazz, la parfaite beaut\u00e9 du marron d'Inde et, centre g\u00e9od\u00e9sique des affections litt\u00e9raires, l'oeuvre de Cingria. La philosophie n'est pas absente de ces d\u00e9ambulations, notamment lorsqu'il s'agit d'y d\u00e9m\u00ealer les vertus de l'ennui et celles du travail, d'y comparer les m\u00e9rites respectifs et inextricables de l'habitude et de l'\u00e9v\u00e9nement.","authors":["Jacques R\u00e9da"],"category_codes":["1000000","1080000"],"visuals":{"large":"https:\/\/images.epagine.fr\/003\/9782851946003_1_75.jpg","medium":"https:\/\/images.epagine.fr\/003\/9782851946003_1_m.jpg","thumbnail":"https:\/\/images.epagine.fr\/003\/9782851946003_1_v.jpg"},"orderable":true,"show_badge":true,"formatted_price":"18,00&nbsp;\u20ac","formatted_published_date":"4 septembre 2003","publisher_availability_label":"Sur commande","short_details":"Jacques R\u00e9da \u2014 \u00c9ditions Fata Morgana","translator":null,"weight":184,"page_count":85,"readership":null,"editor":"\u00c9ditions Fata Morgana","price":1800,"published_date":"2003-09-03T22:00:00.000000Z","support":"Grand format","publisher_availability":1,"stock":0,"editions":[],"url":"https:\/\/quaidesbrumes.com\/ouvrage\/9782851946003\/les-cinq-points-cardinaux"},{"id":"9782851945648","title":"Le palais de cristal","description":"\u00c9crit en 1902 et jamais publi\u00e9 en volume (m\u00eame pas dans les dix volumes d'\u00aboeuvres compl\u00e8tes\u00bb), ce texte de Valery Larbaud nous entra\u00eene, entre r\u00eaverie po\u00e9tique et r\u00e9flexion litt\u00e9raire, dans les jardins du Cristal Palace. Le temps privil\u00e9gi\u00e9 d'une promenade solitaire, s'op\u00e8re le balancement de l'\u00eatre entre la chaleur de l'intime, la douce fr\u00e9quentation des po\u00e8tes, et \u00abla r\u00e9elle amertume de la vie\u00bb : les rumeurs de la ville. La parfaite appr\u00e9hension de ce mouvement des profondeurs fait du Palais de Cristal l'une des pi\u00e8ces rares et pr\u00e9cieuses de notre litt\u00e9rature.\r\nCe petit volume, illustr\u00e9 lui aussi par Jean Cortot, forme une sorte de diptyque avec Venise \u00d4 ! ma jolie de Fargue, publi\u00e9 en septembre 2000.","authors":["Val\u00e9ry Larbaud","Jean Cortot"],"category_codes":["1000000","1080000"],"visuals":{"large":"https:\/\/images.epagine.fr\/648\/9782851945648_1_75.jpg","medium":"https:\/\/images.epagine.fr\/648\/9782851945648_1_m.jpg","thumbnail":"https:\/\/images.epagine.fr\/648\/9782851945648_1_v.jpg"},"orderable":true,"show_badge":true,"formatted_price":"13,00&nbsp;\u20ac","formatted_published_date":"10 avril 2002","publisher_availability_label":"Sur commande","short_details":"Val\u00e9ry Larbaud, Jean Cortot \u2014 \u00c9ditions Fata Morgana","translator":null,"weight":68,"page_count":37,"readership":null,"editor":"\u00c9ditions Fata Morgana","price":1300,"published_date":"2002-04-09T22:00:00.000000Z","support":"Grand format","publisher_availability":1,"stock":0,"editions":[],"url":"https:\/\/quaidesbrumes.com\/ouvrage\/9782851945648\/le-palais-de-cristal"},{"id":"9782748900392","title":"P\u00e9ch\u00e9s Mortels Ed. 2004 : Sept Pieces en un Acte","description":"\" Comme de nombreux autres \u00e9crivains de th\u00e9\u00e2tre de la g\u00e9n\u00e9ration d'apr\u00e8s-guerre, Felix Mitterer continue d'oeuvrer malgr\u00e9 tout \u00e0 cette (re)mise en examen d'un r\u00e9el drap\u00e9 dans l'amn\u00e9sie et la mauvaise foi. Car il y a encore \u00e0 dire, puisqu'il y a encore \u00e0 souffrir. \" Enzo Cormann (extrait de la postface).\r","authors":["Felix Mitterer"],"category_codes":["1000000","1080000"],"visuals":{"large":"https:\/\/quaidesbrumes.com\/img\/book-placeholder.png","medium":"https:\/\/quaidesbrumes.com\/img\/book-placeholder.png","thumbnail":"https:\/\/quaidesbrumes.com\/img\/book-placeholder.png"},"orderable":true,"show_badge":true,"formatted_price":"12,20&nbsp;\u20ac","formatted_published_date":"19 octobre 2004","publisher_availability_label":"Sur commande","short_details":"Felix Mitterer \u2014 Agone","translator":null,"weight":132,"page_count":112,"readership":null,"editor":"Agone","price":1220,"published_date":"2004-10-18T22:00:00.000000Z","support":"Grand format","publisher_availability":1,"stock":0,"editions":[],"url":"https:\/\/quaidesbrumes.com\/ouvrage\/9782748900392\/peches-mortels-ed-2004-sept-pieces-en-un-acte"},{"id":"9782911914607","title":"Bouch\u00e8res","description":null,"authors":["Pascal Comm\u00e8re"],"category_codes":["1000000","1080000"],"visuals":{"large":"https:\/\/images.epagine.fr\/607\/9782911914607_1_75.jpg","medium":"https:\/\/images.epagine.fr\/607\/9782911914607_1_m.jpg","thumbnail":"https:\/\/images.epagine.fr\/607\/9782911914607_1_v.jpg"},"orderable":true,"show_badge":true,"formatted_price":"14,20&nbsp;\u20ac","formatted_published_date":"10 juin 2003","publisher_availability_label":"Sur commande","short_details":"Pascal Comm\u00e8re \u2014 Obsidiane","translator":null,"weight":190,"page_count":106,"readership":null,"editor":"Obsidiane","price":1420,"published_date":"2003-06-09T22:00:00.000000Z","support":"Grand format","publisher_availability":1,"stock":0,"editions":[],"url":"https:\/\/quaidesbrumes.com\/ouvrage\/9782911914607\/boucheres"},{"id":"9782749804927","title":"Alarmes,Etc","description":"Des humains sont confront\u00e9s \u00e0 l hostilit\u00e9 des appareils m\u00e9nagers et quotidiens qui n en font plus qu \u00e0 leur t\u00eate. Ou comment la technologie peut rendre fou de rire...","authors":["Michael Frayn"],"category_codes":["1000000","1080000"],"visuals":{"large":"https:\/\/images.epagine.fr\/927\/9782749804927_1_75.jpg","medium":"https:\/\/images.epagine.fr\/927\/9782749804927_1_m.jpg","thumbnail":"https:\/\/images.epagine.fr\/927\/9782749804927_1_v.jpg"},"orderable":true,"show_badge":true,"formatted_price":"10,00&nbsp;\u20ac","formatted_published_date":"1er janvier 2000","publisher_availability_label":"Sur commande","short_details":"Michael Frayn \u2014 Avant sc\u00e8ne th\u00e9\u00e2tre","translator":null,"weight":158,"page_count":null,"readership":null,"editor":"Avant sc\u00e8ne th\u00e9\u00e2tre","price":1000,"published_date":"1999-12-31T23:00:00.000000Z","support":"Revue","publisher_availability":1,"stock":0,"editions":[],"url":"https:\/\/quaidesbrumes.com\/ouvrage\/9782749804927\/alarmesetc"},{"id":"9782851811080","title":"Theatre complet t.3","description":"Diff\u00e9rents \/ Le Premier Homme \/ Le Singe velu \/ La Fontaine","authors":["Eug\u00e8ne O'neill"],"category_codes":["1000000","1080000"],"visuals":{"large":"https:\/\/images.epagine.fr\/080\/9782851811080_1_75.jpg","medium":"https:\/\/images.epagine.fr\/080\/9782851811080_1_m.jpg","thumbnail":"https:\/\/images.epagine.fr\/080\/9782851811080_1_v.jpg"},"orderable":true,"show_badge":true,"formatted_price":"26,00&nbsp;\u20ac","formatted_published_date":"13 juin 1997","publisher_availability_label":"Sur commande","short_details":"Eug\u00e8ne O'neill \u2014 L'Arche","translator":null,"weight":501,"page_count":null,"readership":null,"editor":"L'Arche","price":2600,"published_date":"1997-06-12T22:00:00.000000Z","support":"Grand format","publisher_availability":1,"stock":0,"editions":[],"url":"https:\/\/quaidesbrumes.com\/ouvrage\/9782851811080\/theatre-complet-t3"},{"id":"9782851945983","title":"Les yeux au monde","description":"Jean-Luc Parant poursuit dans ce volume son \u00e9pop\u00e9e-ritournelle des yeux. Ces boules porteuses d'\u00e2me se font ici globes pour donner, apr\u00e8s avoir scrut\u00e9 le monde animal (Les animaux, le retour (2001), L'oeil-n\u00e9 (2002)), un tour cosmogonique \u00e0 la r\u00eaverie de cet artiste singulier.","authors":["Jean-Luc Parant","Titi Parant"],"category_codes":["1000000","1080000"],"visuals":{"large":"https:\/\/images.epagine.fr\/983\/9782851945983_1_75.jpg","medium":"https:\/\/images.epagine.fr\/983\/9782851945983_1_m.jpg","thumbnail":"https:\/\/images.epagine.fr\/983\/9782851945983_1_v.jpg"},"orderable":true,"show_badge":true,"formatted_price":"15,00&nbsp;\u20ac","formatted_published_date":"20 octobre 2003","publisher_availability_label":"Sur commande","short_details":"Jean-Luc Parant, Titi Parant \u2014 \u00c9ditions Fata Morgana","translator":null,"weight":110,"page_count":null,"readership":null,"editor":"\u00c9ditions Fata Morgana","price":1500,"published_date":"2003-10-19T22:00:00.000000Z","support":"Grand format","publisher_availability":1,"stock":0,"editions":[],"url":"https:\/\/quaidesbrumes.com\/ouvrage\/9782851945983\/les-yeux-au-monde"}]}