{"data":[{"id":"9782492986291","title":"La montagne","description":"Quatre personnages, sur trois continents.\r\n\r\nIls n'ont rien en commun (ou si peu), si ce n'est qu'ils f\u00eatent tous un anniversaire. En tout cas, ils ne devraient jamais se rencontrer. Trois implants, ou trois petites pierres blanches, vont, cependant, tout changer, \u00e9branler leur vie, et \u00ab troubler la musique parfaite du monde \u00bb. Petits arrangements, bonne conscience et volont\u00e9s de changements se t\u00e9lescopent, s'entrechoquent, se catapultent jusqu'au vertige. Une fable grin\u00e7ante sur un monde global, o\u00f9 tout se paie.","authors":["Ren\u00e9 Bizac"],"category_codes":["1000000","1080000"],"visuals":{"large":"https:\/\/images.epagine.fr\/291\/9782492986291_1_75.jpg","medium":"https:\/\/images.epagine.fr\/291\/9782492986291_1_m.jpg","thumbnail":"https:\/\/images.epagine.fr\/291\/9782492986291_1_v.jpg"},"orderable":false,"show_badge":true,"formatted_price":"10,00&nbsp;\u20ac","formatted_published_date":"14 mai 2026","publisher_availability_label":"\u00c0 para\u00eetre","short_details":"Ren\u00e9 Bizac \u2014 Passages","translator":null,"weight":250,"page_count":96,"readership":null,"editor":"Passages","price":1000,"published_date":"2026-05-13T22:00:00.000000Z","support":"Grand format","publisher_availability":2,"stock":0,"editions":[],"url":"https:\/\/quaidesbrumes.com\/ouvrage\/9782492986291\/la-montagne"},{"id":"9782492986307","title":"Koufaltom","description":"Koufaltom suit le destin tragique de Yombo, dont le village est attaqu\u00e9 et d\u00e9truit par des hommes arm\u00e9s.\r\n\r\n\u00c0 Koufaltom, un village quelque part, tout allait bien jusqu'au jour o\u00f9 d\u00e9barque de nulle part une meute d'hommes arm\u00e9s sans pareil, scandant des m\u00e9contentements contre le gouvernement. La meute a tir\u00e9, tu\u00e9 et r\u00e9duit Koufaltom au n\u00e9ant pendant que Yombo, petite fille, grimpe aux arbres pour atteindre des nids d'oiseaux.\r\n\r\n","authors":["Jeannine Bessoga"],"category_codes":["1000000","1080000"],"visuals":{"large":"https:\/\/images.epagine.fr\/307\/9782492986307_1_75.jpg","medium":"https:\/\/images.epagine.fr\/307\/9782492986307_1_m.jpg","thumbnail":"https:\/\/images.epagine.fr\/307\/9782492986307_1_v.jpg"},"orderable":false,"show_badge":true,"formatted_price":"5,00&nbsp;\u20ac","formatted_published_date":"2 juillet 2026","publisher_availability_label":"\u00c0 para\u00eetre","short_details":"Jeannine Bessoga \u2014 Passages","translator":null,"weight":60,"page_count":36,"readership":null,"editor":"Passages","price":500,"published_date":"2026-07-01T22:00:00.000000Z","support":"Grand format","publisher_availability":2,"stock":0,"editions":[],"url":"https:\/\/quaidesbrumes.com\/ouvrage\/9782492986307\/koufaltom"},{"id":"9782296992771","title":"La rose des sables","description":"Simon a 45 ans, il est ouvrier comme son p\u00e8re. Un jour, son usine ferme et c'est le d\u00e9but de sa histoire. Elle, c'est Lucie. Tout le monde l'appelle Emma parce qu'un jour, elle a vol\u00e9 un livre dans un supermarch\u00e9. Le livre ? Madame Bovary. Et puis il y a Amira. El\u00e8ve dans un coll\u00e8ge professionnel, elle va faire la d\u00e9couverte du hip-hop.","authors":["Thierry Tachang-Tchong"],"category_codes":["1000000","1080000"],"visuals":{"large":"https:\/\/images.epagine.fr\/771\/9782296992771_1_75.jpg","medium":"https:\/\/images.epagine.fr\/771\/9782296992771_1_m.jpg","thumbnail":"https:\/\/images.epagine.fr\/771\/9782296992771_1_v.jpg"},"orderable":true,"show_badge":true,"formatted_price":"12,50&nbsp;\u20ac","formatted_published_date":"11 juillet 2012","publisher_availability_label":"Sur commande","short_details":"Thierry Tachang-Tchong \u2014 \u00c9ditions L'Harmattan","translator":null,"weight":115,"page_count":84,"readership":null,"editor":"\u00c9ditions L'Harmattan","price":1250,"published_date":"2012-07-10T22:00:00.000000Z","support":"Grand format","publisher_availability":1,"stock":0,"editions":[],"url":"https:\/\/quaidesbrumes.com\/ouvrage\/9782296992771\/la-rose-des-sables"},{"id":"9782745325006","title":"Le Th\u00e9\u00e2tre de la R\u00e9volution de Romain Rolland ; th\u00e9\u00e2tre populaire et r\u00e9cit national","description":"Le Th\u00e9\u00e2tre de la R\u00e9volution de Romain Rolland, compos\u00e9 de huit pi\u00e8ces \u00e9crites entre 1898 et 1938, para\u00eet oubli\u00e9 des sc\u00e8nes contemporaines et d\u00e9laiss\u00e9 par les \u00e9tudes litt\u00e9raires et th\u00e9\u00e2trales, alors que Le Th\u00e9\u00e2tre du Peuple, paru en 1903, forme une r\u00e9f\u00e9rence th\u00e9orique dans l'histoire du th\u00e9\u00e2tre populaire. Le pr\u00e9sent ouvrage se propose de r\u00e9parer cet oubli, en abordant ce vaste cycle dramatique dans ses dimensions esth\u00e9tiques, socio-historiques et culturelles. Au-del\u00e0 d'une tentative de r\u00e9alisation pratique d'une exp\u00e9rience de th\u00e9\u00e2tre populaire, le Th\u00e9\u00e2tre de la R\u00e9volution rend compte d'une pens\u00e9e de la nation et de l'unit\u00e9 nationale, mais aussi d'une conception vitaliste et id\u00e9aliste du th\u00e9\u00e2tre, charg\u00e9e de renouveler une soci\u00e9t\u00e9 d\u00e9cadente. Cet \u00e9clairage permet alors de mieux comprendre la g\u00e9n\u00e9alogie du th\u00e9\u00e2tre public en France, qui revendique, apr\u00e8s la Seconde guerre mondiale, son h\u00e9ritage avec le th\u00e9\u00e2tre populaire.","authors":["Marion Denizot"],"category_codes":["1000000","1080000"],"visuals":{"large":"https:\/\/images.epagine.fr\/006\/9782745325006_1_75.jpg","medium":"https:\/\/images.epagine.fr\/006\/9782745325006_1_m.jpg","thumbnail":"https:\/\/images.epagine.fr\/006\/9782745325006_1_v.jpg"},"orderable":true,"show_badge":true,"formatted_price":"45,00&nbsp;\u20ac","formatted_published_date":"27 septembre 2013","publisher_availability_label":"Sur commande","short_details":"Marion Denizot \u2014 Honore Champion","translator":null,"weight":540,"page_count":296,"readership":null,"editor":"Honore Champion","price":4500,"published_date":"2013-09-26T22:00:00.000000Z","support":"Grand format","publisher_availability":1,"stock":0,"editions":[],"url":"https:\/\/quaidesbrumes.com\/ouvrage\/9782745325006\/le-theatre-de-la-revolution-de-romain-rolland-theatre-populaire-et-recit-national"},{"id":"9782020950244","title":"Icare & I don't ; drames contemplatifs","description":"Icare & I don't, vaudeville m\u00e9taphysique, se compose de trois pi\u00e8ces organiquement li\u00e9es : Paul des Oiseaux, Le Chant du rien visible et Le Quadrige invectif.\r\n\r\nQuatre personnages - avec pour accessoire suffisant une \u00e9chelle, retourn\u00e9e en bolide spatial puis en automobile - reviennent dans chaque pi\u00e8ce avec des r\u00f4les diff\u00e9rents mais analogues.\r\n\r\nPaul des Oiseaux, qui reprend un synopsis abandonn\u00e9 d'Antonin Artaud, pr\u00e9sente un dialogue sur la \u00ab perspective \u00bb entre les deux grands ma\u00eetres de la Renaissance, Paolo Uccello et Brunelleschi, et un jeune peintre contemporain, Antoniucci ; la seconde pi\u00e8ce raconte ou chante la course intersid\u00e9rale de deux autres chercheurs d'absolu, Giotto et Bill Halley, qui chevauchent la sonde \u00e9ponyme (Giotto) de l'Agence Spatiale Europ\u00e9enne \u00e0 la rencontre de la com\u00e8te de Haley ; dans la troisi\u00e8me les coureurs s'interpellent comme sur la route du Tour, Richard Mille dans sa Bugatti, Fausto Coppi sur son v\u00e9locip\u00e8de, P\u00e9gase et sa jument Let's go Darling - la course du quadrige du soleil contre le temps.\r\n\r\n\u00ab De toute oeuvre, assure l'auteur, il n'y a au fond qu'une chose \u00e0 savoir : est-ce qu'elle est abyssale ou p\u00e9tillante ? \u00bb Ces pi\u00e8ces - qui seraient \u00e0 voir par dessous, en levant les yeux : ce sont des \u00ab drames contemplatifs \u00bb - r\u00e9unissent deux types de personnages dramatiques, les icariens (qui chutent magnifiquement) et les d\u00e9daliens (qui r\u00e9ussissent le vol mais assistent \u00e0 la chute). L'ambition de Icare & I don't ne serait rien moins que d'atteindre \u00e0 un alliage tr\u00e8s rare de po\u00e9sie et d'humour, de l\u00e9g\u00e8ret\u00e9 et de profondeur. \u00ab En sorte que le th\u00e9\u00e2tre, vu par dessous et s'il \u00e9tait dr\u00f4le (allegro serioso), pourrait se faire renversant. \u00bb","authors":["Alain Borer"],"category_codes":["1000000","1080000"],"visuals":{"large":"https:\/\/images.epagine.fr\/244\/9782020950244_1_75.jpg","medium":"https:\/\/images.epagine.fr\/244\/9782020950244_1_m.jpg","thumbnail":"https:\/\/images.epagine.fr\/244\/9782020950244_1_v.jpg"},"orderable":true,"show_badge":true,"formatted_price":"18,30&nbsp;\u20ac","formatted_published_date":"7 juin 2007","publisher_availability_label":"Sur commande","short_details":"Alain Borer \u2014 Le Seuil","translator":null,"weight":220,"page_count":176,"readership":null,"editor":"Le Seuil","price":1830,"published_date":"2007-06-06T22:00:00.000000Z","support":"Grand format","publisher_availability":1,"stock":0,"editions":[],"url":"https:\/\/quaidesbrumes.com\/ouvrage\/9782020950244\/icare-i-dont-drames-contemplatifs"},{"id":"9782958177720","title":"Apr\u00e8s la chair","description":"Voil\u00e0 d\u00e9j\u00e0 un an que le p\u00e8re de Zo\u00e9 est d\u00e9c\u00e9d\u00e9 dans un accident de voiture. \u00c9corch\u00e9e par cette trag\u00e9die, elle ne parvient pas \u00e0 juguler sa souffrance et s'effondre chaque jour un peu plus. S'abandonnant \u00e0 la noirceur de ses tourments. \r\nDans l'immat\u00e9riel, Marc son p\u00e8re, est dans la frustration de ne pouvoir communiquer avec son enfant... \r\nAccompagn\u00e9 par un ange de lumi\u00e8re, il d\u00e9couvre sa nouvelle r\u00e9alit\u00e9, tentant de l'accepter. \r\nCependant...dans l'ombre, des esprits malfaisants guettent l'opportunit\u00e9 de ravir une \u00e2me de plus... \r\nSe pourrait-il que Zo\u00e9 devienne un enjeu? \r\nSon naufrage \u00e9motionnel ne personne indiff\u00e9rent, encore moins les Forces C\u00e9lestes ou les Anges de l'Ab\u00eeme...","authors":["H.K Bronson"],"category_codes":["1000000","1080000"],"visuals":{"large":"https:\/\/images.epagine.fr\/720\/9782958177720_1_75.jpg","medium":"https:\/\/images.epagine.fr\/720\/9782958177720_1_m.jpg","thumbnail":"https:\/\/images.epagine.fr\/720\/9782958177720_1_v.jpg"},"orderable":true,"show_badge":true,"formatted_price":"15,00&nbsp;\u20ac","formatted_published_date":"13 avril 2023","publisher_availability_label":"Sur commande","short_details":"H.K Bronson \u2014 Thebookedition.Com","translator":null,"weight":88,"page_count":80,"readership":null,"editor":"Thebookedition.Com","price":1500,"published_date":"2023-04-12T22:00:00.000000Z","support":"Grand format","publisher_availability":1,"stock":0,"editions":[],"url":"https:\/\/quaidesbrumes.com\/ouvrage\/9782958177720\/apres-la-chair"},{"id":"9782211357838","title":"Qu'est-ce qui cloche chez toi ?","description":null,"authors":["Papin Nathalie"],"category_codes":["1000000","1080000"],"visuals":{"large":"https:\/\/quaidesbrumes.com\/img\/book-placeholder.png","medium":"https:\/\/quaidesbrumes.com\/img\/book-placeholder.png","thumbnail":"https:\/\/quaidesbrumes.com\/img\/book-placeholder.png"},"orderable":false,"show_badge":true,"formatted_price":"11,00&nbsp;\u20ac","formatted_published_date":"26 ao\u00fbt 2026","publisher_availability_label":"\u00c0 para\u00eetre","short_details":"Papin Nathalie \u2014 L'\u00c9cole des loisirs","translator":null,"weight":0,"page_count":null,"readership":null,"editor":"L'\u00c9cole des loisirs","price":1100,"published_date":"2026-08-25T22:00:00.000000Z","support":"Grand format","publisher_availability":2,"stock":0,"editions":[],"url":"https:\/\/quaidesbrumes.com\/ouvrage\/9782211357838\/quest-ce-qui-cloche-chez-toi"},{"id":"9791042815653","title":"Androm\u00e8de : Tragi-com\u00e9die en cinq actes","description":"Pers\u00e9e, revenu des enfers o\u00f9 il a tu\u00e9 la Gorgone, s'arr\u00eate \u00e0 Lopp\u00e9. Il y sauvera Androm\u00e8de, qui doit \u00eatre sacrifi\u00e9e \u00e0 Neptune car sa m\u00e8re Cassiop\u00e9e a insult\u00e9 H\u00e9ra, la m\u00e8re des dieux, en se comparant \u00e0 elle par sa beaut\u00e9. \r\nAndrom\u00e8de est une tragi-com\u00e9die, c'est-\u00e0-dire une trag\u00e9die qui se termine bien. Son \u00e9criture, commenc\u00e9e il y a pr\u00e8s de trente ans, reprend les codes du th\u00e9\u00e2tre classique : les 1200 \u00a0vers sont en alexandrins n\u00e9o-classiques, et l'unit\u00e9 de lieu, de temps et d'action est respect\u00e9e. L'histoire s'inspire des textes anciens d'Ovide et de Corneille mais les personnages sont plus modernes, comme les sujets trait\u00e9s, notamment la condition de la femme. \r\nEn 1996, Androm\u00e8de s'est vue d\u00e9cerner le Prix d'Honneur lors du Grand concours litt\u00e9raire international de l'Acad\u00e9mie po\u00e9tique et litt\u00e9raire de Provence.","authors":["Thierry Fusalba"],"category_codes":["1000000","1080000"],"visuals":{"large":"https:\/\/images.epagine.fr\/653\/9791042815653_1_75.jpg","medium":"https:\/\/images.epagine.fr\/653\/9791042815653_1_m.jpg","thumbnail":"https:\/\/images.epagine.fr\/653\/9791042815653_1_v.jpg"},"orderable":false,"show_badge":true,"formatted_price":"18,00&nbsp;\u20ac","formatted_published_date":"7 mai 2026","publisher_availability_label":"\u00c0 para\u00eetre","short_details":"Thierry Fusalba \u2014 Les Impliques","translator":null,"weight":204,"page_count":170,"readership":null,"editor":"Les Impliques","price":1800,"published_date":"2026-05-06T22:00:00.000000Z","support":"Grand format","publisher_availability":2,"stock":0,"editions":[],"url":"https:\/\/quaidesbrumes.com\/ouvrage\/9791042815653\/andromede-tragi-comedie-en-cinq-actes"},{"id":"9782740310014","title":"Myst\u00e8re de la compassion de Genevi\u00e8ve pour Paris suivi du Cri de la mis\u00e9ricorde","description":"Compassion et mis\u00e9ricorde, deux mots qui claquent comme des \u00e9tendards de feu au-dessus des d\u00e9sespoirs qui broient l'humanit\u00e9.Expriment-ils un r\u00eave impossible ou une r\u00e9alit\u00e9 concr\u00e8te, palpable ? Sainte Genevi\u00e8ve et sainte Marguerite-Marie, extraordinaires t\u00e9moins de leur v\u00e9rit\u00e9, ont donn\u00e9 leur personne et leur vie pour que compassion et mis\u00e9ricorde consolent, rel\u00e8vent, restaurent et vivifient non seulement leurs contemporains, mais nous aussi qui leur demandons de joindre leurs suppliques \u00e0 notre cri. \u00c0 qui s'adressent-elles ? \u00c0 quelle source ont-elles puis\u00e9, puisent-elles inlassablement ? Plongez-vous dans leur myst\u00e8re. Ouvrez largement votre coeur. Lisez, \u00e9coutez, go\u00fbtez...","authors":[],"category_codes":["1000000","1080000"],"visuals":{"large":"https:\/\/images.epagine.fr\/014\/9782740310014_1_75.jpg","medium":"https:\/\/images.epagine.fr\/014\/9782740310014_1_m.jpg","thumbnail":"https:\/\/images.epagine.fr\/014\/9782740310014_1_v.jpg"},"orderable":true,"show_badge":true,"formatted_price":"7,00&nbsp;\u20ac","formatted_published_date":"1er f\u00e9vrier 2005","publisher_availability_label":"Sur commande","short_details":"Pierre T\u00e9qui \u00c9diteur","translator":null,"weight":238,"page_count":183,"readership":null,"editor":"Pierre T\u00e9qui \u00c9diteur","price":700,"published_date":"2005-01-31T23:00:00.000000Z","support":"Grand format","publisher_availability":1,"stock":0,"editions":[],"url":"https:\/\/quaidesbrumes.com\/ouvrage\/9782740310014\/mystere-de-la-compassion-de-genevieve-pour-paris-suivi-du-cri-de-la-misericorde"},{"id":"9791095081296","title":"Th\u00e9\u00e2tre et Po\u00e9sies","description":"Je m'appelle Louis Geandreau. \r\n \r\n\tDepuis ma plus tendre enfance, j'ai toujours \u00e9crit?  Je me suis d\u00e9fini comme po\u00e8te et dramaturge. \r\n \r\n\tVoici deux pi\u00e8ces de th\u00e9\u00e2tre parmi celles que j'ai \u00e9crites et mon recueil de po\u00e8mes, \u00e9dit\u00e9 \u00e0 titre posthume en 1917, r\u00e9\u00e9dit\u00e9 aujourd'hui, gr\u00e2ce \u00e0 mon sylphe, Lisa ; recueil qui fut pr\u00e9fac\u00e9 par mon mentor et ami, Edmond Rostand. \r\n \r\n\tBienvenue dans mon univers po\u00e9tique. \r\n \r\n \r\n \r\nPr\u00e9face Edmond Rostand \/ Postface Michel Forrier \r\n \r\nAvec l'aimable autorisation de \u00a9 Editions Grasset & Fasquelle","authors":["Louis Geandreau"],"category_codes":["1000000","1080000"],"visuals":{"large":"https:\/\/images.epagine.fr\/296\/9791095081296_1_75.jpg","medium":"https:\/\/images.epagine.fr\/296\/9791095081296_1_m.jpg","thumbnail":"https:\/\/images.epagine.fr\/296\/9791095081296_1_v.jpg"},"orderable":true,"show_badge":true,"formatted_price":"18,00&nbsp;\u20ac","formatted_published_date":"12 octobre 2022","publisher_availability_label":"Sur commande","short_details":"Louis Geandreau \u2014 Thebookedition.Com","translator":null,"weight":572,"page_count":432,"readership":null,"editor":"Thebookedition.Com","price":1800,"published_date":"2022-10-11T22:00:00.000000Z","support":"Grand format","publisher_availability":1,"stock":0,"editions":[],"url":"https:\/\/quaidesbrumes.com\/ouvrage\/9791095081296\/theatre-et-poesies"},{"id":"9782336606330","title":"Coeur serr\u00e9","description":"Comment la domination se d\u00e9ploie dans sa forme la plus banale, la plus sourde et la plus indolore ?\r\nInspir\u00e9e d'une histoire vraie, cette pi\u00e8ce bouleversante et drolatique explore les liens complexes de l'amour, de la peur et de la manipulation, \u00e0 travers huit personnages en qu\u00eate de libert\u00e9.\r\nUne immersion dans les m\u00e9canismes de l'emprise qui s'insinuent dans toutes les facettes de nos vies : amoureuse, amicale, familiale, professionnelle...\r\n\u00ab Coeur serr\u00e9 interroge, bouscule, fait rire... et questionne chacun sur sa propre capacit\u00e9 \u00e0 dire non. \u00bb - Avignon et moi","authors":["Val\u00e9rie Durin"],"category_codes":["1000000","1080000"],"visuals":{"large":"https:\/\/images.epagine.fr\/330\/9782336606330_1_75.jpg","medium":"https:\/\/images.epagine.fr\/330\/9782336606330_1_m.jpg","thumbnail":"https:\/\/images.epagine.fr\/330\/9782336606330_1_v.jpg"},"orderable":true,"show_badge":true,"formatted_price":"13,00&nbsp;\u20ac","formatted_published_date":"15 avril 2026","publisher_availability_label":"Sur commande","short_details":"Val\u00e9rie Durin \u2014 \u00c9ditions L'Harmattan","translator":null,"weight":125,"page_count":102,"readership":null,"editor":"\u00c9ditions L'Harmattan","price":1300,"published_date":"2026-04-14T22:00:00.000000Z","support":"Grand format","publisher_availability":1,"stock":0,"editions":[],"url":"https:\/\/quaidesbrumes.com\/ouvrage\/9782336606330\/coeur-serre"},{"id":"9782745326904","title":"Le th\u00e9\u00e2tre du g\u00e9nocide ; Shoah et g\u00e9nocides arm\u00e9nien, rwandais et bosniaque","description":"\u00ab Le Th\u00e9\u00e2tre du g\u00e9nocide \u00bb croise l'Histoire collective et le drame individuel. Cet ouvrage rend compte de toute une orientation du th\u00e9\u00e2tre depuis la deuxi\u00e8me moiti\u00e9 du XXe si\u00e8cle. Espace du t\u00e9moignage, dans les adaptations d'oeuvres fondatrices, de Primo Levi, de Wladyslaw Szpilman et d'Imre Kertesz entre autres, le th\u00e9\u00e2tre du g\u00e9nocide se situe parfois aux fronti\u00e8res du genre incluant d'autres arts, notamment la musique. Eug\u00e8ne Ionesco a ainsi recours \u00e0 l'op\u00e9ra pour repr\u00e9senter Auschwitz. Le th\u00e9\u00e2tre documentaire de Peter Weiss \u00e0 Olivier Py, dans une esth\u00e9tique de la totalisation, r\u00e9pond \u00e0 l'exigence de v\u00e9rit\u00e9 qui sous-tend toute tentative pour r\u00e9v\u00e9ler et interroger l'\u00e9v\u00e9nement. Quand il s'agit de montrer l'extermination, le th\u00e9\u00e2tre est tent\u00e9 de renoncer. Plusieurs dispositifs jalonnent cependant le paysage th\u00e9\u00e2tral : Charlotte Delbo, Jerzy Grotowski, Jorge Semprun convoquent l'ob-sc\u00e8ne et dressent sur sc\u00e8ne l'espace-camp. Au-del\u00e0 de cette dichotomie, s'ouvre une r\u00e9flexion sur un th\u00e9\u00e2tre de la survivance chez Jean-Claude Grumberg, Richard Kalinoski, George Tabori. Le v\u00e9cu s'\u00e9nonce par bribes, le trauma est exhum\u00e9, l'humour est d\u00e9port\u00e9. Le camp universel, le non-lieu que constitue Tatenberg, imagin\u00e9 par Armand Gatti, cl\u00f4t le parcours. Touchant \u00e0 tous les tabous, le th\u00e9\u00e2tre r\u00e9tablit la qualification m\u00eame des faits, retourne le terme de \u00ab trag\u00e9die\u00bb appliqu\u00e9 \u00e0 tort au fait de g\u00e9nocide, proclame le verdict d'imprescriptibilit\u00e9, milite pour la reconnaissance d'un crime hors normes. Tour \u00e0 tour tribune, tribunal et m\u00e9morial, il confronte les victimes et les bourreaux, les vivants et les disparus, r\u00e9alisant le paradoxe de dire et de repr\u00e9senter l'inhumanit\u00e9 pour nous rendre \u00e9galement plus humains.","authors":["Annick Asso"],"category_codes":["1000000","1080000"],"visuals":{"large":"https:\/\/images.epagine.fr\/904\/9782745326904_1_75.jpg","medium":"https:\/\/images.epagine.fr\/904\/9782745326904_1_m.jpg","thumbnail":"https:\/\/images.epagine.fr\/904\/9782745326904_1_v.jpg"},"orderable":true,"show_badge":true,"formatted_price":"95,00&nbsp;\u20ac","formatted_published_date":"26 novembre 2013","publisher_availability_label":"Sur commande","short_details":"Annick Asso \u2014 Honore Champion","translator":null,"weight":880,"page_count":544,"readership":null,"editor":"Honore Champion","price":9500,"published_date":"2013-11-25T23:00:00.000000Z","support":"Grand format","publisher_availability":1,"stock":0,"editions":[],"url":"https:\/\/quaidesbrumes.com\/ouvrage\/9782745326904\/le-theatre-du-genocide-shoah-et-genocides-armenien-rwandais-et-bosniaque"},{"id":"9782745357939","title":"La constitution du r\u00e9pertoire th\u00e9\u00e2tral en France du XVIIe au XXIe siecle","description":"En 1629, se met en place une vie th\u00e9\u00e2trale parisienne. En 1680, la cr\u00e9ation de la Com\u00e9die-Fran\u00e7aise par une d\u00e9cision de Louis XIV accorde l'h\u00e9g\u00e9monie \u00e0 celle-ci jusqu'en 1791. Une loi prise par l'Assembl\u00e9e nationale instaure alors la libert\u00e9 des th\u00e9\u00e2tres et par cons\u00e9quent lui enl\u00e8ve son privil\u00e8ge : l'exclusivit\u00e9 du r\u00e9pertoire qu'elle a constitu\u00e9. Elle autorise la constitution d'un secteur priv\u00e9, dont une autre loi de 1864 facilite l'expansion. On \u00e9tudiera l'\u00e9volution des r\u00e9pertoires de la Com\u00e9die-Fran\u00e7aise, de l'Od\u00e9on, du Th\u00e9\u00e2tre national populaire et enfin de la pal\u00e9o-t\u00e9l\u00e9vision publique. Quelques constantes apparaissent : les interventions du pouvoir, l'existence d'un national-classicisme, la pr\u00e9dominance jamais entam\u00e9e de Moli\u00e8re, les longues r\u00e9sistances oppos\u00e9es au th\u00e9\u00e2tre \u00e9tranger, qu'il soit anglais, espagnol, allemand ou scandinave, la concentration progressive du grand r\u00e9pertoire et l'int\u00e9gration \u00e0 celui-ci de Marivaux, Musset et Feydeau.","authors":["Jeanyves Gu\u00e9rin"],"category_codes":["1000000","1080000"],"visuals":{"large":"https:\/\/images.epagine.fr\/939\/9782745357939_1_75.jpg","medium":"https:\/\/images.epagine.fr\/939\/9782745357939_1_m.jpg","thumbnail":"https:\/\/images.epagine.fr\/939\/9782745357939_1_v.jpg"},"orderable":true,"show_badge":true,"formatted_price":"95,00&nbsp;\u20ac","formatted_published_date":"30 ao\u00fbt 2022","publisher_availability_label":"Sur commande","short_details":"Jeanyves Gu\u00e9rin \u2014 Honore Champion","translator":null,"weight":1701,"page_count":756,"readership":null,"editor":"Honore Champion","price":9500,"published_date":"2022-08-29T22:00:00.000000Z","support":"Grand format","publisher_availability":1,"stock":0,"editions":[],"url":"https:\/\/quaidesbrumes.com\/ouvrage\/9782745357939\/la-constitution-du-repertoire-theatral-en-france-du-xviie-au-xxie-siecle"},{"id":"9782371586031","title":"Les ing\u00e9nus","description":"Dans l'euphorie collective et l'enivrante chaleur d'une f\u00eate de village, la jeune Hilarie \u00e9changea accidentellement un baiser avec Cyr, un ami de son p\u00e8re. Un acte anodin en apparence qui conditionnera \u00e0 jamais la destin\u00e9e de ces deux protagonistes. Entre trahison familiale et pression soci\u00e9tale, cet amour interdit parviendra t-il \u00e0 s'\u00e9manciper de la bien-pensance collective et \u00e0 se r\u00e9v\u00e9ler au grand jour dans un paysage qui aspire \u00e0 sa perdition...","authors":["Vincent Lagarde"],"category_codes":["1000000","1080000"],"visuals":{"large":"https:\/\/images.epagine.fr\/031\/9782371586031_1_75.jpg","medium":"https:\/\/images.epagine.fr\/031\/9782371586031_1_m.jpg","thumbnail":"https:\/\/images.epagine.fr\/031\/9782371586031_1_v.jpg"},"orderable":true,"show_badge":true,"formatted_price":"15,00&nbsp;\u20ac","formatted_published_date":"1er juillet 2025","publisher_availability_label":"Sur commande","short_details":"Vincent Lagarde \u2014 \u00c9ditions de l'Onde","translator":null,"weight":101,"page_count":72,"readership":null,"editor":"\u00c9ditions de l'Onde","price":1500,"published_date":"2025-06-30T22:00:00.000000Z","support":"Grand format","publisher_availability":1,"stock":0,"editions":[],"url":"https:\/\/quaidesbrumes.com\/ouvrage\/9782371586031\/les-ingenus"},{"id":"9782381981086","title":"Tout est calme dans les hauteurs","description":"Un portrait acerbe des affaires culturelles, l'ironie de Thomas Bernhard \u00e0 son comble.","authors":["Thomas Bernhard"],"category_codes":["1000000","1080000"],"visuals":{"large":"https:\/\/images.epagine.fr\/086\/9782381981086_1_75.jpg","medium":"https:\/\/images.epagine.fr\/086\/9782381981086_1_m.jpg","thumbnail":"https:\/\/images.epagine.fr\/086\/9782381981086_1_v.jpg"},"orderable":true,"show_badge":true,"formatted_price":"15,00&nbsp;\u20ac","formatted_published_date":"20 mars 2026","publisher_availability_label":"Sur commande","short_details":"Thomas Bernhard \u2014 L'Arche","translator":null,"weight":170,"page_count":144,"readership":null,"editor":"L'Arche","price":1500,"published_date":"2026-03-19T23:00:00.000000Z","support":"Grand format","publisher_availability":1,"stock":0,"editions":[],"url":"https:\/\/quaidesbrumes.com\/ouvrage\/9782381981086\/tout-est-calme-dans-les-hauteurs"},{"id":"9782875935984","title":"Depuis je prends des trains","description":"Otto Silbermann est un homme d'affaires en vue \u00e0 Berlin, il est contraint de fuir la barbarie \u00e0 la d\u00e9claration des Nuits de Cristal par les nazis en 1938. Il va tout perdre. En trois jours\u00c2\u00a0: sa femme, ses affaires, ses amis, sa fortune... Comme Stefan Zweig (qui fuira quelques ann\u00e9es plus t\u00f4t en 1934), Silbermann n'entrevoit aucune issue en Europe. Que faire ?\r\n Il d\u00e9cide de prendre des trains...\r\n \r\n La fuite d'Otto Silbermann r\u00e9v\u00e8le des questions existentielles, une catharsis \u00e0 travers le temps et l'espace qui nous interpelle, il est question : de la valeur de l'amiti\u00e9, de la faiblesse des riches, de la pertinence de l'Histoire et de l'Ego, de l'absurde, de son acceptation, du triomphe de la b\u00eatise ?\r\n \r\n Depuis je prends des trains est librement inspir\u00e9, traduit et adapat\u00e9 pour le th\u00e9\u00e2tre du roman d'U. A. Boschwitz, The\u00a0Man who took trains (Hamish Hamilton, 1939 ; en fran\u00e7ais Le Voyageur). Boschwitz r\u00e9dige probablement son roman au Luxembourg et\/ou \u00e0 Bruxelles durant sa propre fuite face aux nazis.","authors":["Christian Lutz"],"category_codes":["1000000","1080000"],"visuals":{"large":"https:\/\/images.epagine.fr\/984\/9782875935984_1_75.jpg","medium":"https:\/\/images.epagine.fr\/984\/9782875935984_1_m.jpg","thumbnail":"https:\/\/images.epagine.fr\/984\/9782875935984_1_v.jpg"},"orderable":false,"show_badge":true,"formatted_price":"18,00&nbsp;\u20ac","formatted_published_date":"12 mai 2026","publisher_availability_label":"\u00c0 para\u00eetre","short_details":"Christian Lutz \u2014 Samsa","translator":null,"weight":250,"page_count":168,"readership":"Tout public","editor":"Samsa","price":1800,"published_date":"2026-05-11T22:00:00.000000Z","support":"Grand format","publisher_availability":2,"stock":0,"editions":[],"url":"https:\/\/quaidesbrumes.com\/ouvrage\/9782875935984\/depuis-je-prends-des-trains"},{"id":"9782251071152","title":"Au-del\u00e0 des forces Tome 1 et Tome 2","description":"C\u00e9l\u00e9br\u00e9e au m\u00eame titre qu'Ibsen dans la France litt\u00e9raire de la fin du XIXe et du d\u00e9but du XXe si\u00e8cle, l'oeuvre de Bjornstjerne Bjornson (1832-1910) prix Nobel 1903 comporte d'authentiques chefs-d'oeuvre, notamment les deux pi\u00e8ces intitul\u00e9es Au-del\u00e0 des forces (I et II).\r\nRomantique champion de la \" norv\u00e9gianit\u00e9 \" \u00e0 ses d\u00e9buts, l'effervescent Bjornson s'est ensuite mu\u00e9 en contempteur d'une soci\u00e9t\u00e9 fig\u00e9e dans les conventions et les pr\u00e9jug\u00e9s. Et c'est ainsi qu'apr\u00e8s s'en \u00eatre pris au monde de la presse, \u00e0 l'affairisme ou \u00e0 l'institution monarchique, il aborde la question religieuse dans Au-del\u00e0 des forces I (1883), un drame qui t\u00e9moigne d'un sens tr\u00e8s s\u00fbr de la progression dramatique.\r\nSon h\u00e9ros est le pasteur Adolf Sang, un homme de charit\u00e9 et d'abn\u00e9gation dont les efforts pour gu\u00e9rir sa femme par le pouvoir miraculeux de la pri\u00e8re n'auront d'autre r\u00e9sultat que de provoquer la mort des conjoints. Drame contemporain tout \u00e0 fait r\u00e9aliste, l'oeuvre baigne en m\u00eame temps dans une atmosph\u00e8re de mysticisme et d'irr\u00e9alit\u00e9 qui s'accorde parfaitement avec le cadre envo\u00fbtant de la Norv\u00e8ge septentrionale.\r\nDans Au-del\u00e0 des forces II (1895), le milieu est tout autre et la probl\u00e9matique enti\u00e8rement diff\u00e9rente. N\u00e9anmoins, dans les deux cas, l'auteur combat la croyance illusoire en quelque chose d'irr\u00e9alisable. En la circonstance, s'inqui\u00e9tant des effets d\u00e9vastateurs de la lutte des classes dans une Norv\u00e8ge r\u00e9cemment industrialis\u00e9e, il d\u00e9nonce \u00e0 la fois l'oppression \u00e9conomique et l'emploi de la violence r\u00e9volutionnaire, toute forme d'extr\u00e9misme qui, \u00e9tant \" au-del\u00e0 des forces \", se r\u00e9v\u00e8le vaine.\r\nPr\u00f4nant le rapprochement des classes sociales, il demande \u00e0 celles-ci d'oeuvrer conjointement pour r\u00e9tablir la solidarit\u00e9 de l'avenir.","authors":["Bj\u00f8rnstjerne Bj\u00f8rnson","Eric Eydoux"],"category_codes":["1000000","1080000"],"visuals":{"large":"https:\/\/images.epagine.fr\/152\/9782251071152_1_75.jpg","medium":"https:\/\/images.epagine.fr\/152\/9782251071152_1_m.jpg","thumbnail":"https:\/\/images.epagine.fr\/152\/9782251071152_1_v.jpg"},"orderable":true,"show_badge":true,"formatted_price":"31,00&nbsp;\u20ac","formatted_published_date":"18 juin 2010","publisher_availability_label":"Sur commande","short_details":"Bj\u00f8rnstjerne Bj\u00f8rnson, Eric Eydoux \u2014 Les Belles Lettres","translator":"ERIC EYDOUX","weight":302,"page_count":240,"readership":null,"editor":"Les Belles Lettres","price":3100,"published_date":"2010-06-17T22:00:00.000000Z","support":"Grand format","publisher_availability":1,"stock":0,"editions":[],"url":"https:\/\/quaidesbrumes.com\/ouvrage\/9782251071152\/au-dela-des-forces-tome-1-et-tome-2"},{"id":"9782745322470","title":"Le mythe de Troie dans le th\u00e9\u00e2tre francais (1562-1715)","description":"La fortune connue par le mythe de Troie dans le th\u00e9\u00e2tre fran\u00e7ais des XVIe et XVIIe si\u00e8cles d\u00e9passe celle de toutes les autres fables antiques. Sans doute n'y a-t-il pas lieu de s'en \u00e9tonner au regard du succ\u00e8s intertextuel de cette l\u00e9gende \u00e0 travers les si\u00e8cles. Cette \u00e9tude s'attache cependant \u00e0 d\u00e9gager les traits sp\u00e9cifiques de sa r\u00e9ception en France \u00e0 l'\u00e9poque moderne pour mieux cerner les enjeux de son utilisation dans ce cadre historique et esth\u00e9tique pr\u00e9cis. Le syst\u00e8me s\u00e9miotique mythologique appara\u00eet alors comme un objet historique, charg\u00e9 du poids des discours qui ont accompagn\u00e9 et filtr\u00e9 sa transmission au fil du temps. La mati\u00e8re troyenne offre en l'occurrence aux auteurs dramatiques de l'\u00e9poque moderne une matrice apte \u00e0 traduire les probl\u00e9matiques singuli\u00e8res d'un moment marqu\u00e9 par une transformation profonde des mod\u00e8les culturel et politique fran\u00e7ais : dans la deuxi\u00e8me moiti\u00e9 du XVIe si\u00e8cle naissent \u00e0 la fois le th\u00e9\u00e2tre et l'\u00c9tat modernes. L'utilisation du mythe de Troie dans les diff\u00e9rentes formes dramatiques au cours du si\u00e8cle et demi suivant cette double naissance s'\u00e9claire ainsi \u00e0 la lumi\u00e8re de l'\u00e9volution des d\u00e9bats esth\u00e9tiques, politiques et \u00e9thico-th\u00e9ologiques qui accompagnent la transition culturelle alors \u00e0 l'oeuvre.","authors":["Tiphaine Karsenti"],"category_codes":["1000000","1080000"],"visuals":{"large":"https:\/\/images.epagine.fr\/470\/9782745322470_1_75.jpg","medium":"https:\/\/images.epagine.fr\/470\/9782745322470_1_m.jpg","thumbnail":"https:\/\/images.epagine.fr\/470\/9782745322470_1_v.jpg"},"orderable":true,"show_badge":true,"formatted_price":"210,00&nbsp;\u20ac","formatted_published_date":"23 avril 2012","publisher_availability_label":"Sur commande","short_details":"Tiphaine Karsenti \u2014 Honore Champion","translator":null,"weight":1540,"page_count":null,"readership":null,"editor":"Honore Champion","price":21000,"published_date":"2012-04-22T22:00:00.000000Z","support":"Grand format","publisher_availability":1,"stock":0,"editions":[],"url":"https:\/\/quaidesbrumes.com\/ouvrage\/9782745322470\/le-mythe-de-troie-dans-le-theatre-francais-1562-1715"},{"id":"9782745323934","title":"Le th\u00e9\u00e2tre du po\u00e8te ; correspondances dramatiques et dossier de r\u00e9ception","description":"Durant les ann\u00e9es cinquante et soixante, l'oeuvre th\u00e9\u00e2trale de Georges Schehad\u00e9 a compt\u00e9 parmi les plus reconnues du Nouveau Th\u00e9\u00e2tre.\r\nCompos\u00e9e de six pi\u00e8ces et d'une pantomime, elle tient son charme de la po\u00e9sie qui y donne \u00e0 entendre une voix singuli\u00e8re dans la cr\u00e9ation dramatique du XXe si\u00e8cle. La r\u00e9ception de ce th\u00e9\u00e2tre de po\u00e8te a toutefois donn\u00e9 lieu \u00e0 des pol\u00e9miques dont on s'explique mal aujourd'hui la virulence. Le pr\u00e9sent ouvrage propose de p\u00e9n\u00e9trer dans les coulisses d'une cr\u00e9ation et de retracer la r\u00e9ception du th\u00e9\u00e2tre de Schehad\u00e9 en France.\r\nDans cette perspective, les principales correspondances dramatiques de l'auteur de La Soir\u00e9e des proverbes sont ici publi\u00e9es pour la premi\u00e8re fois dans leur int\u00e9gralit\u00e9. Cet ensemble est en outre accompagn\u00e9 d'un choix d'articles t\u00e9moignant de la r\u00e9ception, parfois houleuse, des pi\u00e8ces de Schehad\u00e9 en France. Pr\u00e9sentant un ensemble t\u00e9moignant de plus de quinze ans de cr\u00e9ation th\u00e9\u00e2trale, cette \u00e9dition permet de retracer l'aventure th\u00e9\u00e2trale de Schehad\u00e9 en France de la petite salle de la Huchette (Monsieur Bob'le, 1951) \u00e0 la Com\u00e9die-Fran\u00e7aise (L'\u00c9migr\u00e9 de Brisbane, 1967).\r\nElle repr\u00e9sente ainsi une invitation \u00e0 la lecture de l'oeuvre dramatique de celui qui appara\u00eet comme la principale figure de la modernit\u00e9 litt\u00e9raire libanaise au Xxe si\u00e8cle.","authors":["Georges Schehad\u00e9","Robert Abirached"],"category_codes":["1000000","1080000"],"visuals":{"large":"https:\/\/images.epagine.fr\/934\/9782745323934_1_75.jpg","medium":"https:\/\/images.epagine.fr\/934\/9782745323934_1_m.jpg","thumbnail":"https:\/\/images.epagine.fr\/934\/9782745323934_1_v.jpg"},"orderable":true,"show_badge":true,"formatted_price":"96,00&nbsp;\u20ac","formatted_published_date":"28 f\u00e9vrier 2012","publisher_availability_label":"Sur commande","short_details":"Georges Schehad\u00e9, Robert Abirached \u2014 Honore Champion","translator":null,"weight":960,"page_count":528,"readership":null,"editor":"Honore Champion","price":9600,"published_date":"2012-02-27T23:00:00.000000Z","support":"Grand format","publisher_availability":1,"stock":0,"editions":[],"url":"https:\/\/quaidesbrumes.com\/ouvrage\/9782745323934\/le-theatre-du-poete-correspondances-dramatiques-et-dossier-de-reception"},{"id":"9782810702954","title":"Playhouse creatures \/ filles de sc\u00e8nes","description":null,"authors":["G\u00e9rard Arnal"],"category_codes":["1000000","1080000"],"visuals":{"large":"https:\/\/images.epagine.fr\/954\/9782810702954_1_75.jpg","medium":"https:\/\/images.epagine.fr\/954\/9782810702954_1_m.jpg","thumbnail":"https:\/\/images.epagine.fr\/954\/9782810702954_1_v.jpg"},"orderable":true,"show_badge":true,"formatted_price":"14,00&nbsp;\u20ac","formatted_published_date":"20 mars 2014","publisher_availability_label":"Sur commande","short_details":"G\u00e9rard Arnal \u2014 Pu Du Midi","translator":null,"weight":280,"page_count":180,"readership":null,"editor":"Pu Du Midi","price":1400,"published_date":"2014-03-19T23:00:00.000000Z","support":"Grand format","publisher_availability":1,"stock":0,"editions":[],"url":"https:\/\/quaidesbrumes.com\/ouvrage\/9782810702954\/playhouse-creatures-filles-de-scenes"},{"id":"9782890919372","title":"Chronologies","description":"\u00abJe suis all\u00e9e au Burundi pour \u00e9crire cette histoire. Tu m'as demand\u00e9 sur quoi j'\u00e9crivais, tu m'as dit que tu aimerais me lire. Mais j'ai eu peur de te montrer. Qui suis-je, apr\u00e8s tout, pour forcer les miens \u00e0 affronter un pass\u00e9 qu'ils refusent de regarder en face?\u00bb Deuxi\u00e8me pi\u00e8ce de la com\u00e9dienne et artiste canadienne d'origine burundaise Stephie Mazunya, Chronologies raconte l'histoire parall\u00e8le de Muco, de Kaneza et d'Antoinette, trois femmes dont le destin a \u00e9t\u00e9 marqu\u00e9 par le g\u00e9nocide des Tutsis au Burundi dans les ann\u00e9es 1990. Un texte compos\u00e9 de puissants monologues, comme une tentative de rouvrir humblement les cicatrices d'un peuple pouss\u00e9 au mutisme.","authors":["Stephie Mazunya"],"category_codes":["1000000","1080000"],"visuals":{"large":"https:\/\/images.epagine.fr\/372\/9782890919372_1_75.jpg","medium":"https:\/\/images.epagine.fr\/372\/9782890919372_1_m.jpg","thumbnail":"https:\/\/images.epagine.fr\/372\/9782890919372_1_v.jpg"},"orderable":false,"show_badge":true,"formatted_price":"16,00&nbsp;\u20ac","formatted_published_date":null,"publisher_availability_label":"\u00c0 para\u00eetre","short_details":"Stephie Mazunya \u2014 Remue Menage","translator":null,"weight":0,"page_count":108,"readership":null,"editor":"Remue Menage","price":1600,"published_date":null,"support":"Poche","publisher_availability":2,"stock":0,"editions":[],"url":"https:\/\/quaidesbrumes.com\/ouvrage\/9782890919372\/chronologies"},{"id":"9791034303922","title":"Les Sanglots de la Libert\u00e9","description":"D'un c\u00f4t\u00e9, il y a Louise, survivante de la Seconde Guerre mondiale, qui se rend \u00e0 Washington pour d\u00e9dicacer son t\u00e9moignage. De l'autre, le souvenir de sa jeunesse en 1944 en Normandie : l'Occupation allemande, le D\u00e9barquement, mais surtout, la rencontre fortuite avec trois parachutistes en d\u00e9tresse la nuit du 5 au 6 juin. Cet \u00e9pisode de la guerre bouleversera \u00e0 jamais sa vie ainsi que celle de ses parents, Andr\u00e9e et Lucien, et changera l'essence m\u00eame de ceux qu'ils \u00e9taient jusque-l\u00e0.","authors":["Fran\u00e7ois Kufs"],"category_codes":["1000000","1080000"],"visuals":{"large":"https:\/\/images.epagine.fr\/922\/9791034303922_1_75.jpg","medium":"https:\/\/images.epagine.fr\/922\/9791034303922_1_m.jpg","thumbnail":"https:\/\/images.epagine.fr\/922\/9791034303922_1_v.jpg"},"orderable":true,"show_badge":true,"formatted_price":"13,50&nbsp;\u20ac","formatted_published_date":"29 juin 2023","publisher_availability_label":"Sur commande","short_details":"Fran\u00e7ois Kufs \u2014 Thebookedition.Com","translator":null,"weight":124,"page_count":147,"readership":null,"editor":"Thebookedition.Com","price":1350,"published_date":"2023-06-28T22:00:00.000000Z","support":"Grand format","publisher_availability":1,"stock":0,"editions":[],"url":"https:\/\/quaidesbrumes.com\/ouvrage\/9791034303922\/les-sanglots-de-la-liberte"},{"id":"9782355395390","title":"Sc\u00e9nographies #2 : Sc\u00e9nographies contemporaines \u00e0 travers le Monde","description":"D\u00e9couvrir les sc\u00e9nographies du XXI\u00e8me si\u00e8cle dans le monde\r\nFond\u00e9 en 2023 par Romain Fohr, le Laboratoire International de Recherche sur les Images et la Sc\u00e9nographie (axe 3\u00a0:\u00a0Lieux,\u00a0espaces\u00a0et institutions du spectacle vivant. Programme \u00ab\u00a0Espaces et Sc\u00e9nographie\u00a0\u00bb) s'organise autour de diff\u00e9rents chercheurs en Afrique, Am\u00e9rique du nord, Am\u00e9rique du sud, Asie, Cara\u00efbes, Europe, Eurasie, Moyen-Orient et Afrique du nord, et Oc\u00e9anie.\r\nIl s'agit de cr\u00e9er des passerelles entre les diff\u00e9rents continents, cultures et esth\u00e9tiques autour du th\u00e8me de la sc\u00e9nographie. Nous travaillons sur l'histoire de la sc\u00e9nographie ainsi que sur les pratiques contemporaines dans le monde. Nos s\u00e9minaires se donnent pour objectif d'explorer les enjeux dramaturgiques et rh\u00e9toriques, esth\u00e9tiques et historiques, sociologiques et philosophiques.\r\nNous travaillons \u00e0 valoriser les \u00e9changes d'\u00e9tudiants entre nos diff\u00e9rentes formations ou les rencontres entre apprentis et professionnels. Nous proposons des publications (en fran\u00e7ais, anglais, allemand, espagnol, portugais, italien, chinois, cor\u00e9en, russe, arabe) pour diffuser le plus largement possible le fruit de nos recherches.\r\nUn colloque international est organis\u00e9 \u00e0 tour de r\u00f4le entre les universit\u00e9s partenaires\u00a0pour faire le point sur nos recherches respectives : Sorbonne Nouvelle Paris (Europe) en 2024, New-York University (Am\u00e9rique du nord) en 2025, Universit\u00e9 Le Cap Afrique du sud (Afrique) en 2026, Universit\u00e9 de P\u00e9kin (Asie) en 2027, Universit\u00e9 Libanaise (Moyen-Orient) en 2028...\r\nNous comptons d\u00e9sormais 368 membres r\u00e9partis dans 9 zones du monde dans 84 pays.\r\n\r\nLe nouveau volume de la s\u00e9rie Sc\u00e9nographies# publie les actes du dernier colloque du Laboratoire International de la Recherche sur les Images et la Sc\u00e9nographie qui s'est tenu \u00e0 New-York University qui a donn\u00e9 la parole \u00e0 des sc\u00e9nographes et enseignants-chercheurs du monde entier. \r\n\r\n\u00a0\r\nMembre de l'IRET, Romain Fohr est ma\u00eetre de conf\u00e9rences \u00e0 l'Institut d'\u00c9tudes Th\u00e9\u00e2trales de la Sorbonne Nouvelle dont il a \u00e9t\u00e9 directeur adjoint entre 2019 et 2021. Il fonde le LIRIS (Laboratoire International de Recherche sur les Images et la Sc\u00e9nographie) en 2023. Il a enseign\u00e9 dans les \u00e9coles nationales sup\u00e9rieures d'arts visuels de Bruxelles (La Cambre), Lyon (ENSATT), Monaco (Pavillon Bosio), Paris (Arts d\u00e9coratifs). Sp\u00e9cialiste de la sc\u00e9nographie, il a publi\u00e9 de nombreux articles, entretiens et ouvrages en France et \u00e0 l'\u00e9tranger. Il a publi\u00e9 successivement \u00e0 L'Entretemps\u00a0: Sc\u00e9nographie, 40 ans de cr\u00e9ation (2010), Du d\u00e9cor \u00e0 la sc\u00e9nographie. Anthologie comment\u00e9e de textes sur l'espace sc\u00e9nique Vol.1 (2014) et Vol. 2 (2021), La Sc\u00e8ne circulaire aujourd'hui (2015), Sc\u00e9nographies#1 (2025), aux Presses Sorbonne Nouvelle\u00a0: Sc\u00e9nographies \u00e0 l'aube du 21\u00e8me si\u00e8cle (2024), chez Actes Sud Papiers\u00a0: Jean-Marie Serreau (2025). Il a co-organis\u00e9 avec Sylvie Chalaye le projet d'\u00e9tablissement \u00ab\u00a0Les Nouvelles Humanit\u00e9s \u00e0 l'origine de la Sorbonne Nouvelle \u00e0 travers l'aventure th\u00e9\u00e2trale de Jean-Marie Serreau\u00a0\u00bb (2021-2026). Il est laur\u00e9at de la commission europ\u00e9enne du programme Europe Creative qui vise \u00e0 soutenir les secteurs de la culture et de l'audiovisuel, en finan\u00e7ant des organisations de la culture et de la cr\u00e9ation, des cin\u00e9mas et des films (2026-2028).","authors":["Romain Fohr"],"category_codes":["1000000","1080000"],"visuals":{"large":"https:\/\/images.epagine.fr\/390\/9782355395390_1_75.jpg","medium":"https:\/\/images.epagine.fr\/390\/9782355395390_1_m.jpg","thumbnail":"https:\/\/images.epagine.fr\/390\/9782355395390_1_v.jpg"},"orderable":false,"show_badge":true,"formatted_price":"22,90&nbsp;\u20ac","formatted_published_date":"10 septembre 2026","publisher_availability_label":"\u00c0 para\u00eetre","short_details":"Romain Fohr \u2014 L'Entretemps","translator":null,"weight":0,"page_count":null,"readership":null,"editor":"L'Entretemps","price":2290,"published_date":"2026-09-09T22:00:00.000000Z","support":"Grand format","publisher_availability":2,"stock":0,"editions":[],"url":"https:\/\/quaidesbrumes.com\/ouvrage\/9782355395390\/scenographies-2-scenographies-contemporaines-a-travers-le-monde"},{"id":"9782414011315","title":"Monologues \u00e0 Boutillier","description":"Une pi\u00e8ce de th\u00e9\u00e2tre en deux actes, \u00e9crite en rem\u00e9morant des souvenirs joyeux de ma tendre jeunesse en terre natale, Ha\u00efti, mon \u00eele montagneuse.","authors":["Edy Laraque"],"category_codes":["1000000","1080000"],"visuals":{"large":"https:\/\/images.epagine.fr\/315\/9782414011315_1_75.jpg","medium":"https:\/\/images.epagine.fr\/315\/9782414011315_1_m.jpg","thumbnail":"https:\/\/images.epagine.fr\/315\/9782414011315_1_v.jpg"},"orderable":true,"show_badge":true,"formatted_price":"8,50&nbsp;\u20ac","formatted_published_date":"11 janvier 2017","publisher_availability_label":"Sur commande","short_details":"Edy Laraque \u2014 Edilivre","translator":null,"weight":88,"page_count":62,"readership":null,"editor":"Edilivre","price":850,"published_date":"2017-01-10T23:00:00.000000Z","support":"Grand format","publisher_availability":1,"stock":0,"editions":[],"url":"https:\/\/quaidesbrumes.com\/ouvrage\/9782414011315\/monologues-a-boutillier"}]}