{"data":[{"id":"9782707811905","title":"Cixous\/Mesguich. Reprises d'amour","description":"Ouvrage en forme de \"journal de bord\", par Roger-Daniel Bensky, d'une r\u00e9p\u00e9tition de la pi\u00e8ce de th\u00e9\u00e2tre L'Histoire qu'on ne conna\u00eetra jamais, avec H\u00e9l\u00e8ne Cixous et Daniel Mesguich\r","authors":["Roger-Daniel Bensky","Robert Abirached"],"category_codes":["1000000","1080000","1080200","1080204"],"visuals":{"large":"https:\/\/images.epagine.fr\/905\/9782707811905_1_75.jpg","medium":"https:\/\/images.epagine.fr\/905\/9782707811905_1_m.jpg","thumbnail":"https:\/\/images.epagine.fr\/905\/9782707811905_1_v.jpg"},"orderable":true,"show_badge":true,"formatted_price":"25,00&nbsp;\u20ac","formatted_published_date":"1er janvier 1994","publisher_availability_label":"Sur commande","short_details":"Roger-Daniel Bensky, Robert Abirached \u2014 Nizet","translator":null,"weight":214,"page_count":152,"readership":null,"editor":"Nizet","price":2500,"published_date":"1993-12-31T23:00:00.000000Z","support":"Grand format","publisher_availability":1,"stock":0,"editions":[],"url":"https:\/\/quaidesbrumes.com\/ouvrage\/9782707811905\/cixousmesguich-reprises-damour"},{"id":"9782322641611","title":"Les passions de l'admirable Jos\u00e9 Cabanis, des jardins toujours secrets : Th\u00e9\u00e2tre des passions","description":"Titre : Les passions de l'admirable Jos\u00e9 Cabanis : des jardins encore secrets\r\nCe titre souligne la dimension charnelle et myst\u00e9rieuse de l'homme.\r\nTout commence par une fugue vers Dieu \u00e0 Bagn\u00e8res-de-Bigorre, dans l'ombre d'une m\u00e8re et d'une foi incandescente. Mais tr\u00e8s vite, la vie de Jos\u00e9 Cabanis se fissure : il y a la d\u00e9couverte brutale de la chair avec Gilbert, l'\u00e9veil des d\u00e9sirs et la morsure de l'Occupation. Puis il y a les romans du toulousain diss\u00e9quant les vanit\u00e9s d'un monde souvent barbare qui bascule. \r\nDe l'exil forc\u00e9 dans la For\u00eat-Noire aux biblioth\u00e8ques de Toulouse, de l'aust\u00e9rit\u00e9 du droit \u00e0 la volupt\u00e9 des jardins de Nollet, cette pi\u00e8ce met en sc\u00e8ne un homme hant\u00e9. Entre ses romans o\u00f9 se d\u00e9chirent des \u00eatres en qu\u00eate d'absolu et ses essais litt\u00e9raires et historiques parfois cinglants, Cabanis navigue entre la reconnaissance de ses amis et lecteurs, celle des prix et de l'Acad\u00e9mie et le pire venin des critiques parisiens.\r\nMais au-del\u00e0 de l'habit vert, que reste-t-il ? Le silence final de 1998 n'est pas un aveu de faiblesse, mais l'ultime secret d'un jardinier qui a fini par comprendre que les plus belles v\u00e9rit\u00e9s sont celles que l'on ne livre pas. Un hommage sans fard \u00e0 un \u00e9crivain qui a pass\u00e9 sa vie \u00e0 ausculter les passions des autres pour mieux prot\u00e9ger les siennes.\r\nCe manuscrit contient de tr\u00e8s nombreux appuis pour la mise en sc\u00e8ne de la pi\u00e8ce.\r","authors":["Guy Laplagne","Jocelyne Laplagne"],"category_codes":["1000000","1080000"],"visuals":{"large":"https:\/\/images.epagine.fr\/611\/9782322641611_1_75.jpg","medium":"https:\/\/images.epagine.fr\/611\/9782322641611_1_m.jpg","thumbnail":"https:\/\/images.epagine.fr\/611\/9782322641611_1_v.jpg"},"orderable":true,"show_badge":true,"formatted_price":"19,99&nbsp;\u20ac","formatted_published_date":"23 mars 2026","publisher_availability_label":"Sur commande","short_details":"Guy Laplagne, Jocelyne Laplagne \u2014 Books on Demand","translator":null,"weight":484,"page_count":160,"readership":null,"editor":"Books on Demand","price":1999,"published_date":"2026-03-22T23:00:00.000000Z","support":"Grand format","publisher_availability":1,"stock":0,"editions":[],"url":"https:\/\/quaidesbrumes.com\/ouvrage\/9782322641611\/les-passions-de-ladmirable-jose-cabanis-des-jardins-toujours-secrets-theatre-des-passions"},{"id":"9782351052440","title":"Keshi. Suivi de Les d\u00e9buts n'ont pas d'importance, ils sont toujours parfaits","description":"Keshi c'est l'histoire du jeune Hereau, en route vers le monde des adultes, qui pour r\u00e9ussir \u00e0 se tenir droit \u00e0 l'int\u00e9rieur d'une famille hant\u00e9e par les silences doit d\u00e9couvrir quelles sont ses racines, quel qu'en soit le prix.\r\nSecrets, mutismes, d\u00e9sirs de vengeance, cette pi\u00e8ce explore comment, sournoisement, se transmettent nos h\u00e9ritages. Hereau nous entra\u00eene avec lui dans son \u00e9pique combat pour devenir un homme libre. Mais faut-il \u00eatre guerrier pour devenir un homme ? Doit-on, pour aller droit, venger ceux que l'on aime ? Comment \u00eatre p\u00e8re quand on ne conna\u00eet pas le sien ?\r\n\r\nLes d\u00e9buts n'ont pas d'importance, ils sont toujours parfaits - Doudou aime B\u00e9b\u00e9. Sa sinc\u00e9rit\u00e9 est indiscutable. Mais il ne sait aimer sans poss\u00e9der et soumettre l'autre \u00e0 ses volont\u00e9s. C'est son petit script d'homme et il le suit, banalement, comme des milliers de milliers d'hommes. B\u00e9b\u00e9 est folle de Doudou et trouve tout \u00e7a normal. C'est son petit script \u00e0 elle, la docilit\u00e9 et la compr\u00e9hension toute f\u00e9minine. Les situations ici sont tellement \u00e9cul\u00e9es qu'on ne se m\u00e9fie de rien. Mais, peu \u00e0 peu, naviguant de l'amour \u00e0 la sid\u00e9ration, en passant par le syndrome d'accommodation \u00e0 la douleur, par les larmes et la peur qui deviennent routine, B\u00e9b\u00e9 finit par r\u00e9aliser l'emprise. Finira-t-elle par se d\u00e9faire du fardeau mortif\u00e8re d'\u00eatre une femme soumise aux d\u00e9sirs et \u00e0 la jalousie d'un homme - que l'on confond si souvent avec l'amour ? Et si B\u00e9b\u00e9 quittait Doudou, pourra-t-il l'accepter ? Si Doudou ne peut pas vivre sans B\u00e9b\u00e9, la laissera-t-il vivre sans lui ? La laissera-t-il vivre ? La laissera-t-il seulement en vie ?\r","authors":["Solenn Denis"],"category_codes":["1000000","1080000"],"visuals":{"large":"https:\/\/images.epagine.fr\/440\/9782351052440_1_75.jpg","medium":"https:\/\/images.epagine.fr\/440\/9782351052440_1_m.jpg","thumbnail":"https:\/\/images.epagine.fr\/440\/9782351052440_1_v.jpg"},"orderable":false,"show_badge":true,"formatted_price":"15,00&nbsp;\u20ac","formatted_published_date":"27 ao\u00fbt 2026","publisher_availability_label":"\u00c0 para\u00eetre","short_details":"Solenn Denis \u2014 L'Oeil du Prince","translator":null,"weight":0,"page_count":100,"readership":null,"editor":"L'Oeil du Prince","price":1500,"published_date":"2026-08-26T22:00:00.000000Z","support":"Grand format","publisher_availability":2,"stock":0,"editions":[],"url":"https:\/\/quaidesbrumes.com\/ouvrage\/9782351052440\/keshi-suivi-de-les-debuts-nont-pas-dimportance-ils-sont-toujours-parfaits"},{"id":"9782701119496","title":"No wonder : Po\u00e8mes","description":"No Wonder - mais c'est une merveille de pr\u00e9cision, d'horlogerie lexicale, rythmique, de pi\u00e8ces fines, de diction prompte et pos\u00e9e qui dit le temps, le pr\u00e9sent, qu'il a fait et qu'il fait - met aux prises des mensonges possibles touchant l'identit\u00e9, la po\u00e9sie, l'enfance - des r\u00e9flexes de crainte et d'idol\u00e2trie, ici rendus \u00e0 \"leur autre chair\", celle des mots, la conscience \u00e9tonn\u00e9e, oui, qu'un po\u00e8me se donne.\r","authors":["Fran\u00e7ois Cornilliat","Michel Deguy"],"category_codes":["1000000","1080000"],"visuals":{"large":"https:\/\/images.epagine.fr\/496\/9782701119496_1_75.jpg","medium":"https:\/\/images.epagine.fr\/496\/9782701119496_1_m.jpg","thumbnail":"https:\/\/images.epagine.fr\/496\/9782701119496_1_v.jpg"},"orderable":true,"show_badge":true,"formatted_price":"16,70&nbsp;\u20ac","formatted_published_date":"3 octobre 1995","publisher_availability_label":"Sur commande","short_details":"Fran\u00e7ois Cornilliat, Michel Deguy \u2014 Belin \u00c9diteur","translator":null,"weight":128,"page_count":96,"readership":null,"editor":"Belin \u00c9diteur","price":1670,"published_date":"1995-10-02T23:00:00.000000Z","support":"Grand format","publisher_availability":1,"stock":0,"editions":[],"url":"https:\/\/quaidesbrumes.com\/ouvrage\/9782701119496\/no-wonder-poemes"},{"id":"9782757437261","title":"La mise en sc\u00e8ne de la nation","description":"Dans l'Europe post-napol\u00e9onienne, le th\u00e9\u00e2tre appara\u00eet comme un moyen privil\u00e9gi\u00e9 pour expliquer aux populations le concept encore r\u00e9cent de la nation. Dans les pays europ\u00e9ens, on produit alors des drames consacr\u00e9s aux \u00e9pisodes cruciaux des histoires nationales respectives. Mais les mati\u00e8res \u00e9piques d\u00e9fient la sc\u00e8ne \u00e0 l'italienne : excessivement longs, les drames pr\u00e9voient la pr\u00e9sence sur sc\u00e8ne d'arm\u00e9es enti\u00e8res et comprennent des passages narratifs. L'appel de l'\u00e9pop\u00e9e transforme paradoxalement en spectacles dans un fauteuil des drames destin\u00e9s aux populations encore largement illettr\u00e9es. Une g\u00e9n\u00e9ration plus tard cependant, des mises en sc\u00e8ne r\u00e9ductrices et pompeuses \u00e9l\u00e8vent les m\u00eames oeuvres au rang de drames nationaux.\r\n\r\nEn croisant des approches litt\u00e9raires et historiques, cet ouvrage d\u00e9gage un corpus europ\u00e9en qui d\u00e9voile le r\u00f4le de la fiction pour la formation des nations, mais aussi les empreintes que les interpr\u00e9tations politiques laissent sur les oeuvres litt\u00e9raires.\r","authors":["Charlotte Krauss"],"category_codes":["1000000","1080000"],"visuals":{"large":"https:\/\/images.epagine.fr\/261\/9782757437261_1_75.jpg","medium":"https:\/\/images.epagine.fr\/261\/9782757437261_1_m.jpg","thumbnail":"https:\/\/images.epagine.fr\/261\/9782757437261_1_v.jpg"},"orderable":true,"show_badge":true,"formatted_price":"26,00&nbsp;\u20ac","formatted_published_date":"8 septembre 2022","publisher_availability_label":"Sur commande","short_details":"Charlotte Krauss \u2014 Pu Du Septentrion","translator":null,"weight":690,"page_count":418,"readership":null,"editor":"Pu Du Septentrion","price":2600,"published_date":"2022-09-07T22:00:00.000000Z","support":"Grand format","publisher_availability":1,"stock":0,"editions":[],"url":"https:\/\/quaidesbrumes.com\/ouvrage\/9782757437261\/la-mise-en-scene-de-la-nation"},{"id":"9782847050844","title":"\"atys\" burlesque parodies de l'op\u00e9ra de Quinault et Lully \u00e0 la foire et \u00e0 la com\u00e9die-italienne, 1726","description":"Parodies de l'op\u00e9ra de Quinault et Lully \u00e0 la Foire et \u00e0 la Com\u00e9die-Italienne 1726-1738.\r\n\r\nPr\u00e9fac\u00e9, annot\u00e9 et \u00e9dit\u00e9 par Fran\u00e7oise Rubellin, cet ouvrage comprend sept parodies de l'op\u00e9ra : \r\n- Arlequin Atys, 1726 de Pontau  - Atys, 1726 de Piron  - La Grand-m\u00e8re amoureuse , 1726 de Fuzelier et d'Orneval  - Atys travesti, 1736 de Carolet  - Cyb\u00e8le amoureuse, 1738 de Sticotti  - Atys, 1738 de Romagnesi et Riccoboni  - Parodie d'Atys sur l'air de la b\u00e9quille, 1780, Anonyme En annexe, figurent un tableau des sc\u00e8nes parodi\u00e9es, des \u00e9chantillons de vaudevilles, par Lo\u00efc Chahine, et un index des airs employ\u00e9s.\r\n\r\n\r\n-------------------------------------------------------------------------------- Le succ\u00e8s d'Atys fut si consid\u00e9rable que l'Op\u00e9ra ne cessa de le programmer, apr\u00e8s la mort de Lully et de Quinault, jusqu'\u00e0 la R\u00e9volution. \u00c0 chaque reprise, on vit appara\u00eetre \u00e0 la Com\u00e9die-Italienne comme sur les th\u00e9\u00e2tres de la Foire (Op\u00e9ra-Comique et marionnettes) des parodies dramatiques, r\u00e9crivant l'histoire de la mani\u00e8re la plus burlesque.\r\n\r\nTout Paris court voir Atys prendre les traits d'Arlequin, de Pierrot, de Polichinelle. On go\u00fbtera dans les sept parodies ici rassembl\u00e9es la saveur de la r\u00e9\u00e9criture, souvent grivoise mais aussi critique ; on verra Atys se transformer en pin, en tonneau, en chapon, en chou, en m\u00e9tromane. Chaque pi\u00e8ce est en partie chant\u00e9e sur des airs populaires, les vaudevilles, dont certains sont donn\u00e9s en fin de volume.\r\n\r\nApr\u00e8s la red\u00e9couverte de l'op\u00e9ra baroque, c'est \u00e0 la d\u00e9couverte de l'inventivit\u00e9 parodique, en marge de la culture officielle, que ce recueil invite.\r","authors":["Fran\u00e7oise Rubellin"],"category_codes":["1000000","1080000"],"visuals":{"large":"https:\/\/images.epagine.fr\/844\/9782847050844_1_75.jpg","medium":"https:\/\/images.epagine.fr\/844\/9782847050844_1_m.jpg","thumbnail":"https:\/\/images.epagine.fr\/844\/9782847050844_1_v.jpg"},"orderable":true,"show_badge":true,"formatted_price":"24,50&nbsp;\u20ac","formatted_published_date":"22 ao\u00fbt 2011","publisher_availability_label":"Sur commande","short_details":"Fran\u00e7oise Rubellin \u2014 Espaces 34","translator":null,"weight":716,"page_count":480,"readership":null,"editor":"Espaces 34","price":2450,"published_date":"2011-08-21T22:00:00.000000Z","support":"Grand format","publisher_availability":1,"stock":0,"editions":[],"url":"https:\/\/quaidesbrumes.com\/ouvrage\/9782847050844\/atys-burlesque-parodies-de-lopera-de-quinault-et-lully-a-la-foire-et-a-la-comedie-italienne-1726"},{"id":"9791044033116","title":"Il est temps d'en finir","description":"Que reste-t-il de l'amour quand tout s'effondre ?\r\n Construite comme un carrefour o\u00f9 se croisent, se retrouvent, se heurtent et se dispersent les histoires des diff\u00e9rents personnages, cette pi\u00e8ce de th\u00e9\u00e2tre vous propose d'explorer la sempiternelle th\u00e9matique de l'amour sous le prisme polymorphe de la rupture. Ce puzzle de destins et d'\u00e9motions vous transporte dans l'intimit\u00e9 des amours bless\u00e9es dans une langue m\u00e9tiss\u00e9e, rude et profonde, comme une travers\u00e9e lucide au coeur de ce moment universel o\u00f9 aimer signifie aussi perdre.\r","authors":["Cyril Hornoy"],"category_codes":["1000000","1080000"],"visuals":{"large":"https:\/\/images.epagine.fr\/116\/9791044033116_1_75.jpg","medium":"https:\/\/images.epagine.fr\/116\/9791044033116_1_m.jpg","thumbnail":"https:\/\/images.epagine.fr\/116\/9791044033116_1_v.jpg"},"orderable":true,"show_badge":true,"formatted_price":"14,50&nbsp;\u20ac","formatted_published_date":"9 avril 2026","publisher_availability_label":"Sur commande","short_details":"Cyril Hornoy \u2014 Le Lys Bleu","translator":null,"weight":152,"page_count":128,"readership":null,"editor":"Le Lys Bleu","price":1450,"published_date":"2026-04-08T22:00:00.000000Z","support":"Grand format","publisher_availability":1,"stock":0,"editions":[],"url":"https:\/\/quaidesbrumes.com\/ouvrage\/9791044033116\/il-est-temps-den-finir"},{"id":"9782957252176","title":"La Gloire pour tout le monde","description":"Quand la Grande Guerre am\u00e8ne les femmes \u00e0 prendre une place que les hommes ne veulent pas leur c\u00e9der.\r\nDe 1914 \u00e0 1918, La Gloire pour tout le monde retrace le destin de femmes tour \u00e0 tour engag\u00e9es, r\u00e9sistantes ou victimes collat\u00e9rales de la guerre. Alors que les hommes sont envoy\u00e9s au front, elles investissent des domaines jusque-l\u00e0 r\u00e9serv\u00e9s \u00e0 la gent masculine : usines de munitions, travaux agricoles, h\u00f4pitaux, missions d'espionnage... Mais cette prise de responsabilit\u00e9s se heurte aux r\u00e9ticences et aux pr\u00e9jug\u00e9s d'une soci\u00e9t\u00e9 encore tr\u00e8s patriarcale.\r\nOscillant entre drame et com\u00e9die, la pi\u00e8ce propose un kal\u00e9idoscope de sc\u00e8nes qui donnent chair aux multiples visages f\u00e9minins d'une \u00e9poque boulevers\u00e9e, entre courage, d\u00e9rision et qu\u00eate de reconnaissance.\r\nL'ouvrage est compl\u00e9t\u00e9 par un dossier historique retra\u00e7ant le r\u00f4le des femmes pendant la Grande Guerre et un dossier p\u00e9dagogique destin\u00e9 aux enseignants et metteurs en sc\u00e8ne qui souhaitent approfondir le travail autour de la pi\u00e8ce.\r","authors":["Anne-Sophie N\u00e9d\u00e9lec"],"category_codes":["1000000","1080000","1080400"],"visuals":{"large":"https:\/\/images.epagine.fr\/176\/9782957252176_1_75.jpg","medium":"https:\/\/images.epagine.fr\/176\/9782957252176_1_m.jpg","thumbnail":"https:\/\/images.epagine.fr\/176\/9782957252176_1_v.jpg"},"orderable":true,"show_badge":true,"formatted_price":"15,00&nbsp;\u20ac","formatted_published_date":"10 novembre 2025","publisher_availability_label":"Sur commande","short_details":"Anne-Sophie N\u00e9d\u00e9lec \u2014 Le Lezard Bleu","translator":null,"weight":213,"page_count":104,"readership":null,"editor":"Le Lezard Bleu","price":1500,"published_date":"2025-11-09T23:00:00.000000Z","support":"Grand format","publisher_availability":1,"stock":0,"editions":[],"url":"https:\/\/quaidesbrumes.com\/ouvrage\/9782957252176\/la-gloire-pour-tout-le-monde"},{"id":"9791044033741","title":"Viva la Vida ou la vie d'apr\u00e8s-confinement","description":"Printemps 2021. Dans une France vacillante au lendemain des restrictions sanitaires, Victoria T\u00e0pies saisit l'instant fragile o\u00f9 renaissent les \u00e9lans, tandis que persistent l'angoisse, la suspicion et l'incertitude. \u00c0 travers Vicky, Max, Juliette, Emma, ainsi qu'un entourage aussi discret qu'indispensable, Viva la Vida ou la vie d'apr\u00e8s-confinement d\u00e9voile les failles intimes qu'exacerbent les crises collectives. Entre d\u00e9sir d'apaisement, peur d'une rechute et vertige sentimental, cette oeuvre entra\u00eene le lecteur dans une travers\u00e9e intense de l'apr\u00e8s-crise, l\u00e0 o\u00f9 la libert\u00e9 retrouv\u00e9e pourrait n'\u00eatre qu'une illusion.\r","authors":["Victoria T\u00e0pies"],"category_codes":["1000000","1080000"],"visuals":{"large":"https:\/\/images.epagine.fr\/741\/9791044033741_1_75.jpg","medium":"https:\/\/images.epagine.fr\/741\/9791044033741_1_m.jpg","thumbnail":"https:\/\/images.epagine.fr\/741\/9791044033741_1_v.jpg"},"orderable":true,"show_badge":true,"formatted_price":"10,50&nbsp;\u20ac","formatted_published_date":"3 avril 2026","publisher_availability_label":"Sur commande","short_details":"Victoria T\u00e0pies \u2014 Le Lys Bleu","translator":null,"weight":71,"page_count":52,"readership":null,"editor":"Le Lys Bleu","price":1050,"published_date":"2026-04-02T22:00:00.000000Z","support":"Grand format","publisher_availability":1,"stock":0,"editions":[],"url":"https:\/\/quaidesbrumes.com\/ouvrage\/9791044033741\/viva-la-vida-ou-la-vie-dapres-confinement"},{"id":"9791091273619","title":"Abri(version en Ukrainien)","description":"Abri() \r\nBien s\u00fbr il y eut, il y a, il y aura d'autres guerres et d'autres bellig\u00e9rants; ici les agresseurs sont Russes, les agress\u00e9s Ukrainiens, vous pourriez imaginer des Marines et des Vi\u00eatC\u00f4ngs, des Paras et des Fellouzes et je vous laisse trouver vous-m\u00eames, \u00f4 sublimes lecteurs de nombreux autres exemples... \r\n???????? \r\n????????, ????, ? ? ?????? ???? ????? ?? ???? ?????? ???????; ??? ?????????? ? ???????, ? ???????? ? ????????, ??? ?? ?????? ?????? ???? ????????????? ???????? ?????????? ? ?'????????, ??????????? ??????????? ? ????????, ?, ??????? ??????, ?????? ?????? ????? ?????????...\r","authors":["Daniel Faggiano"],"category_codes":["1000000","1080000"],"visuals":{"large":"https:\/\/images.epagine.fr\/619\/9791091273619_1_75.jpg","medium":"https:\/\/images.epagine.fr\/619\/9791091273619_1_m.jpg","thumbnail":"https:\/\/images.epagine.fr\/619\/9791091273619_1_v.jpg"},"orderable":true,"show_badge":true,"formatted_price":"8,00&nbsp;\u20ac","formatted_published_date":"7 f\u00e9vrier 2026","publisher_availability_label":"Sur commande","short_details":"Daniel Faggiano \u2014 Thebookedition.Com","translator":null,"weight":51,"page_count":56,"readership":null,"editor":"Thebookedition.Com","price":800,"published_date":"2026-02-06T23:00:00.000000Z","support":"Grand format","publisher_availability":1,"stock":0,"editions":[],"url":"https:\/\/quaidesbrumes.com\/ouvrage\/9791091273619\/abriversion-en-ukrainien"},{"id":"9791098016509","title":"Adolphe Ier","description":"Du th\u00e9\u00e2tre burlesque, \u00e0 la fois tragique et comique. Adolphe Thiers est un personnage cynique, cruel mais aussi ridicule, une sorte d'Ubu roi avant la lettre. Non content d'avoir tous les pouvoirs et de les exercer avec tyranie, Adolphe Thiers veut aussi devenir roi.\r\n Du dimanche 21 au dimanche 28 mai 1871, la Semaine sanglante marque les \u00e9v\u00e9nements les plus tragiques et les plus meurtriers de la guerre civile de 1871. Install\u00e9 \u00e0 la pr\u00e9fecture de Versailles, Adolphe affiche sa volont\u00e9 d'\u00e9craser d\u00e9finitivement la Commune. Tout est bon pour broyer les \u00ab sc\u00e9l\u00e9rats \u00bb : manipulation du d\u00e9vou\u00e9 Mar\u00e9chal Mac Mahon, missions de la police secr\u00e8te, envoi d'espions, infiltration de partisans versaillais, soudoiement des dirigeants de la Commune...\r\n Une femme, Th\u00e9r\u00e8se, lui demande d'\u00e9pargner sa fille, Alice. Pendant ce temps, \u00e0 Paris, dans un atelier de typographie, Arthur et sa fianc\u00e9e Louise pensent \u00e0 leur futur bonheur.\r","authors":["Fran\u00e7ois Thiery-Mourelet","Honor\u00e9 Daumier","G\u00e9rald Aubert"],"category_codes":["1000000","1080000"],"visuals":{"large":"https:\/\/images.epagine.fr\/509\/9791098016509_1_75.jpg","medium":"https:\/\/images.epagine.fr\/509\/9791098016509_1_m.jpg","thumbnail":"https:\/\/images.epagine.fr\/509\/9791098016509_1_v.jpg"},"orderable":false,"show_badge":true,"formatted_price":"13,00&nbsp;\u20ac","formatted_published_date":"9 juin 2026","publisher_availability_label":"\u00c0 para\u00eetre","short_details":"Fran\u00e7ois Thiery-Mourelet, Honor\u00e9 Daumier, G\u00e9rald Aubert \u2014 Posidonia Litteratures","translator":null,"weight":200,"page_count":300,"readership":null,"editor":"Posidonia Litteratures","price":1300,"published_date":"2026-06-08T22:00:00.000000Z","support":"Grand format","publisher_availability":2,"stock":0,"editions":[],"url":"https:\/\/quaidesbrumes.com\/ouvrage\/9791098016509\/adolphe-ier"},{"id":"9782351050248","title":"Une nuit au poste","description":"Dramatique de Eric ROUQUETTE, 0h. - 2f.\r\nDur\u00e9e 1h20 - Plac\u00e9es en garde \u00e0 vue dans une anonyme cellule de commissariat, Diane et Isabelle sont contraintes de passer une nuit ensemble avant de conna\u00eetre le sort qui les attend. Dans ce huit-clos au silence perc\u00e9 par la voix peu am\u00e8ne des gardiennes, il faudra apprendre \u00e0 \u00e9couter l'autre, \u00e0 livrer les secrets qui \u00e9touffent, pour que s'\u00e9panouissent les richesses que chacune porte en elle.\r","authors":["Eric Rouquette"],"category_codes":["1000000","1080000"],"visuals":{"large":"https:\/\/images.epagine.fr\/248\/9782351050248_1_75.jpg","medium":"https:\/\/images.epagine.fr\/248\/9782351050248_1_m.jpg","thumbnail":"https:\/\/images.epagine.fr\/248\/9782351050248_1_v.jpg"},"orderable":true,"show_badge":true,"formatted_price":"11,16&nbsp;\u20ac","formatted_published_date":"28 d\u00e9cembre 2006","publisher_availability_label":"Sur commande","short_details":"Eric Rouquette \u2014 L'Oeil du Prince","translator":null,"weight":92,"page_count":80,"readership":null,"editor":"L'Oeil du Prince","price":1116,"published_date":"2006-12-27T23:00:00.000000Z","support":"Poche","publisher_availability":1,"stock":0,"editions":[],"url":"https:\/\/quaidesbrumes.com\/ouvrage\/9782351050248\/une-nuit-au-poste"},{"id":"9782754759847","title":"La complainte du virus","description":"Comm\u00e9morer la naissance de Moli\u00e8re en laissant libre cours \u00e0 une com\u00e9die en vers sur le th\u00e8me du f\u00e2cheux virus, c'est le d\u00e9fi relev\u00e9 par Christian Micouleau.\r\nDans cette pi\u00e8ce en trois actes, et en alexandrins, il d\u00e9crit le quotidien de personnes vivant dans le creux de la vague \u00abcoronavirus\u00bb. \u00c0 travers des conversations dans lesquelles tout un chacun se reconna\u00eetra en ces temps pand\u00e9miques, il dresse un portrait humoristique de la soci\u00e9t\u00e9 contemporaine.\r","authors":["Christian Micouleau"],"category_codes":["1000000","1080000"],"visuals":{"large":"https:\/\/images.epagine.fr\/847\/9782754759847_1_75.jpg","medium":"https:\/\/images.epagine.fr\/847\/9782754759847_1_m.jpg","thumbnail":"https:\/\/images.epagine.fr\/847\/9782754759847_1_v.jpg"},"orderable":true,"show_badge":true,"formatted_price":"11,90&nbsp;\u20ac","formatted_published_date":"14 juin 2022","publisher_availability_label":"Sur commande","short_details":"Christian Micouleau \u2014 Editions du Panth\u00e9on","translator":null,"weight":78,"page_count":64,"readership":null,"editor":"Editions du Panth\u00e9on","price":1190,"published_date":"2022-06-13T22:00:00.000000Z","support":"Grand format","publisher_availability":1,"stock":0,"editions":[],"url":"https:\/\/quaidesbrumes.com\/ouvrage\/9782754759847\/la-complainte-du-virus"},{"id":"9789523905412","title":"Naomi","description":"En cette for\u00eat fra\u00eeche, secr\u00e8te\r\nHaut-lieu de saillies discr\u00e8tes\r\n[?]\r\nJe pensais \u00eatre tranquille?\r\nSurvient cet inutile,\r\nQue le diable l'emporte,\r\nCe cr\u00e9tinus, ce cloporte\u00a0!\r\n- Acte PREMIER, sc\u00e8ne premi\u00e8re.\r\n\u00a0\r\nAinsi s'enclenche cette com\u00e9die en vers, satire d'une soci\u00e9t\u00e9 r\u00e9gressive qui solde ses comportements humains en tristes pantalonnades avant liquidation\u00a0!? sans effacer l'espoir d'une Renaissance?\r\n\u00a0\r\nL'auteur\r\nDan Kin est n\u00e9 en 1956 \u00e0 Saint-\u00c9tienne o\u00f9 il vit.\r\nPr\u00e9c\u00e9demment auteur de diff\u00e9rents contes, il fait \u00e9galement appel \u00e0 la narration dramatique pour approcher du cheminement chaotique d'Homos sapiens contemporain.\r\n\u00a0\r","authors":["Dan Kin"],"category_codes":["1000000","1080000","1080300","1080305"],"visuals":{"large":"https:\/\/images.epagine.fr\/412\/9789523905412_1_75.jpg","medium":"https:\/\/images.epagine.fr\/412\/9789523905412_1_m.jpg","thumbnail":"https:\/\/images.epagine.fr\/412\/9789523905412_1_v.jpg"},"orderable":true,"show_badge":true,"formatted_price":"13,00&nbsp;\u20ac","formatted_published_date":"24 d\u00e9cembre 2023","publisher_availability_label":"Sur commande","short_details":"Dan Kin \u2014 Atramenta","translator":null,"weight":140,"page_count":134,"readership":null,"editor":"Atramenta","price":1300,"published_date":"2023-12-23T23:00:00.000000Z","support":"Grand format","publisher_availability":1,"stock":0,"editions":[],"url":"https:\/\/quaidesbrumes.com\/ouvrage\/9789523905412\/naomi"},{"id":"9782488868075","title":"L'Exp\u00e9rience interdite","description":"Et si vous \u00e9tiez d\u00e9j\u00e0 en train de basculer... sans vous en rendre compte ?\r\n\r\nEn 1967, au lyc\u00e9e Cubberley de Palo Alto, un jeune professeur d'histoire, Ron Jones, est interpell\u00e9 par une question br\u00fblante de ses \u00e9l\u00e8ves : comment le peuple allemand a-t-il pu laisser le nazisme s'imposer et conduire au g\u00e9nocide sans se r\u00e9volter ?\r\n\r\nPour leur r\u00e9pondre, il d\u00e9cide de leur faire vivre l'Histoire de l'int\u00e9rieur en mettant en place une exp\u00e9rience p\u00e9dagogique qui sera bient\u00f4t connue sous le nom de Troisi\u00e8me Vague. Discipline, slogans, sentiment d'appartenance, exaltation du groupe : peu \u00e0 peu, l'exercice prend une ampleur inattendue. L'enthousiasme laisse vite place \u00e0 l'aveuglement, la coh\u00e9sion devient soumission... et l'exp\u00e9rience \u00e9chappe peu \u00e0 peu \u00e0 tout contr\u00f4le.\r\n\r\nInspir\u00e9e d'une histoire vraie, L'Exp\u00e9rience interdite nous plonge au coeur d'un m\u00e9canisme d'embrigadement aussi fascinant qu'effrayant. En explorant les m\u00e9canismes d'adh\u00e9sion collective, la puissance du groupe et la fragilit\u00e9 de nos libert\u00e9s, elle r\u00e9v\u00e8le combien la tentation de l'autorit\u00e9 peut surgir l\u00e0 o\u00f9 on ne l'attend pas.\r\n\r\nUne pi\u00e8ce troublante et actuelle, qui interroge notre rapport \u00e0 l'autorit\u00e9, \u00e0 la manipulation et \u00e0 la responsabilit\u00e9 individuelle.\r\nUne exp\u00e9rience dont personne ne sort indemne et qui continue, aujourd'hui encore, de nous tendre un miroir profond\u00e9ment d\u00e9rangeant...\r\n\r\nL'ouvrage est compl\u00e9t\u00e9 par un dossier sur les grandes exp\u00e9riences de psychologie des ann\u00e9es 60-70, destin\u00e9 aux enseignants et metteurs en sc\u00e8ne qui souhaitent approfondir le travail autour de la pi\u00e8ce.\r","authors":["Anne-Sophie N\u00e9d\u00e9lec"],"category_codes":["1000000","1080000","1080500"],"visuals":{"large":"https:\/\/images.epagine.fr\/075\/9782488868075_1_75.jpg","medium":"https:\/\/images.epagine.fr\/075\/9782488868075_1_m.jpg","thumbnail":"https:\/\/images.epagine.fr\/075\/9782488868075_1_v.jpg"},"orderable":true,"show_badge":true,"formatted_price":"15,00&nbsp;\u20ac","formatted_published_date":"7 avril 2026","publisher_availability_label":"Sur commande","short_details":"Anne-Sophie N\u00e9d\u00e9lec \u2014 Le Lezard Bleu","translator":null,"weight":213,"page_count":104,"readership":null,"editor":"Le Lezard Bleu","price":1500,"published_date":"2026-04-06T22:00:00.000000Z","support":"Grand format","publisher_availability":1,"stock":0,"editions":[],"url":"https:\/\/quaidesbrumes.com\/ouvrage\/9782488868075\/lexperience-interdite"},{"id":"9791098016585","title":"La barge de Marseille","description":"\u00c0 Marseille, Louise inaugure la p\u00e9niche qu'elle voudrait transformer en restaurant. Ses invit\u00e9s l'aident \u00e0 pr\u00e9parer le repas et lancent une discussion autour de l'origine de l'\u00e9trange bateau. Certains d'entre eux semblent souffrir de troubles de la personnalit\u00e9. Tous ils cachent comme ils peuvent leurs faiblesses, leurs vanit\u00e9s et leurs l\u00e2chet\u00e9s derri\u00e8re des histoires de pirates, des intrigues amoureuses et des blagues souvent d\u00e9cal\u00e9es. Un incendie, une temp\u00eate et un naufrage s'emm\u00ealent.\r","authors":["Fran\u00e7ois Thiery-Mourelet"],"category_codes":["1000000","1080000"],"visuals":{"large":"https:\/\/images.epagine.fr\/585\/9791098016585_1_75.jpg","medium":"https:\/\/images.epagine.fr\/585\/9791098016585_1_m.jpg","thumbnail":"https:\/\/images.epagine.fr\/585\/9791098016585_1_v.jpg"},"orderable":false,"show_badge":true,"formatted_price":"13,00&nbsp;\u20ac","formatted_published_date":"15 mars 2027","publisher_availability_label":"\u00c0 para\u00eetre","short_details":"Fran\u00e7ois Thiery-Mourelet \u2014 Posidonia Litteratures","translator":null,"weight":200,"page_count":120,"readership":null,"editor":"Posidonia Litteratures","price":1300,"published_date":"2027-03-14T23:00:00.000000Z","support":"Grand format","publisher_availability":2,"stock":0,"editions":[],"url":"https:\/\/quaidesbrumes.com\/ouvrage\/9791098016585\/la-barge-de-marseille"},{"id":"9782336544595","title":"La Trilogie du Troisi\u00e8me Type","description":"Apr\u00e8s avoir interrog\u00e9 le genre et ses limites manifestes avec Le Premier Sexe, ou la Grosse Arnaque de la Virilit\u00e9, Micka\u00ebl D\u00e9lis resserre la focale sur le sexe biologique masculin pour questionner la performance, et donner \u00e0 d\u00e9couvrir les vertus de la tendresse (La F\u00eate du Slip, ou le Pipeau de la Puissance). L'ensemble du volume poursuit la plong\u00e9e au coeur du m\u00e2le \u00e0 travers une r\u00e9flexion sur les testicules et leur contenu, en suivant un parcours de don de sperme (Les Paillettes de Leur Vie, ou la Paix D\u00e9m\u00e9nage).\r\nLa Trilogie du Troisi\u00e8me Type questionne avec humour le parcours d'un homme \u00e0 qui on n'a cess\u00e9 de r\u00e9p\u00e9ter que les \u00ab vrais \u00bb n'avaient rien \u00e0 voir avec lui, et qui s'est alors jur\u00e9 de r\u00e9habiliter la cohorte des \u00ab faux \u00bb. \r\nUne trilogie, trois seuls-en-sc\u00e8ne, un com\u00e9dien pour incarner une quarantaine de personnages, au service d'une enqu\u00eate aussi th\u00e9\u00e2trale que sociologique.\r\nMonologues pour un com\u00e9dien\r\n\u00ab Une r\u00e9flexion salutaire terriblement dr\u00f4le \u00bb - Le Monde\r\n\u00ab Intelligence folle, dr\u00f4lerie rare, le spectacle de Micka\u00ebl D\u00e9lis est une r\u00e9v\u00e9lation \u00bb - TTTT T\u00e9l\u00e9rama\r\n\u00ab Aussi dr\u00f4le que piquant \u00bb - L'Humanit\u00e9\r","authors":["Micka\u00ebl D\u00e9lis"],"category_codes":["1000000","1080000","1080500"],"visuals":{"large":"https:\/\/images.epagine.fr\/595\/9782336544595_1_75.jpg","medium":"https:\/\/images.epagine.fr\/595\/9782336544595_1_m.jpg","thumbnail":"https:\/\/images.epagine.fr\/595\/9782336544595_1_v.jpg"},"orderable":true,"show_badge":true,"formatted_price":"15,00&nbsp;\u20ac","formatted_published_date":"20 mai 2025","publisher_availability_label":"Sur commande","short_details":"Micka\u00ebl D\u00e9lis \u2014 \u00c9ditions L'Harmattan","translator":null,"weight":167,"page_count":138,"readership":"Tout public","editor":"\u00c9ditions L'Harmattan","price":1500,"published_date":"2025-05-19T22:00:00.000000Z","support":"Grand format","publisher_availability":1,"stock":0,"editions":[],"url":"https:\/\/quaidesbrumes.com\/ouvrage\/9782336544595\/la-trilogie-du-troisieme-type"},{"id":"9782757419281","title":"Andr\u00e9 Engel. OEuvre th\u00e9\u00e2trale","description":"Metteur en sc\u00e8ne fran\u00e7ais atypique, Andr\u00e9 Engel travaille depuis 1972 pour le th\u00e9\u00e2tre et l'op\u00e9ra. Venu au th\u00e9\u00e2tre par hasard, il cr\u00e9e d'abord ses spectacles \"hors les murs\" (haras, usine, hangar) avec une m\u00eame \u00e9quipe de cr\u00e9ation, les dramaturges Bernard Pautrat puis Dominique Muller, le d\u00e9corateur Nicky Rieti et 1'\u00e9clairagiste Andr\u00e9 Diot.\r\n\r\nNourri de philosophie allemande et de lectures situationnistes, Andr\u00e9 Engel a propos\u00e9 un renouvellement du statut du spectateur. Son oeuvre port\u00e9e par la tentation du cin\u00e9ma est une aventure th\u00e9\u00e2trale soutenue par une po\u00e9sie de l'errance, du voyage et de la d\u00e9rive. V\u00e9ritable machine de guerre contre \"la soci\u00e9t\u00e9 du spectacle\", le th\u00e9\u00e2tre est pour lui le lieu et le moyen d'un combat contre le monde ali\u00e9n\u00e9, pour la reconqu\u00eate de l'authenticit\u00e9 du r\u00e9el.\r\n\r\nEtay\u00e9 par des analyses de spectacles, cet ouvrage biographique vient combler une lacune manifeste dans l'histoire th\u00e9\u00e2trale du dernier quart du vingti\u00e8me si\u00e8cle en faisant place \u00e0 un de ses artistes majeurs.\r","authors":["V\u00e9ronique Perruchon"],"category_codes":["1000000","1080000","1080100"],"visuals":{"large":"https:\/\/images.epagine.fr\/281\/9782757419281_1_75.jpg","medium":"https:\/\/images.epagine.fr\/281\/9782757419281_1_m.jpg","thumbnail":"https:\/\/images.epagine.fr\/281\/9782757419281_1_v.jpg"},"orderable":true,"show_badge":true,"formatted_price":"25,00&nbsp;\u20ac","formatted_published_date":"17 mai 2018","publisher_availability_label":"Sur commande","short_details":"V\u00e9ronique Perruchon \u2014 Pu Du Septentrion","translator":null,"weight":492,"page_count":304,"readership":null,"editor":"Pu Du Septentrion","price":2500,"published_date":"2018-05-16T22:00:00.000000Z","support":"Grand format","publisher_availability":1,"stock":0,"editions":[],"url":"https:\/\/quaidesbrumes.com\/ouvrage\/9782757419281\/andre-engel-oeuvre-theatrale"},{"id":"9782808340076","title":"279 bols de yogourt","description":null,"authors":["Zovi Marine"],"category_codes":["1000000","1080000"],"visuals":{"large":"https:\/\/quaidesbrumes.com\/img\/book-placeholder.png","medium":"https:\/\/quaidesbrumes.com\/img\/book-placeholder.png","thumbnail":"https:\/\/quaidesbrumes.com\/img\/book-placeholder.png"},"orderable":true,"show_badge":true,"formatted_price":"10,00&nbsp;\u20ac","formatted_published_date":"23 f\u00e9vrier 2026","publisher_availability_label":"Sur commande","short_details":"Zovi Marine \u2014 Le Livre En Papier","translator":null,"weight":146,"page_count":null,"readership":null,"editor":"Le Livre En Papier","price":1000,"published_date":"2026-02-22T23:00:00.000000Z","support":"Grand format","publisher_availability":1,"stock":0,"editions":[],"url":"https:\/\/quaidesbrumes.com\/ouvrage\/9782808340076\/279-bols-de-yogourt"},{"id":"9782846818117","title":"L'avenir des reflets","description":"L'auteur et metteur en sc\u00e8ne Lazare ouvre, avec L'Avenir des reflets, un nouveau cycle de cr\u00e9ation pour le th\u00e9\u00e2tre intitul\u00e9 La Com\u00e9die du mauvais sang. La troupe traverse le temps et l'histoire, des mythes antiques \u00e0 la R\u00e9volution fran\u00e7aise, pour mieux interroger notre \u00e9poque. Gorgone et Pers\u00e9e croisent Marat, journaliste et savant, ainsi que la femme de lettres Olympe de Gouges, dans un th\u00e9\u00e2tre peupl\u00e9 de fant\u00f4mes et de musiques. L'Histoire y devient un espace de r\u00e9invention po\u00e9tique, un territoire o\u00f9 se m\u00ealent m\u00e9moire et imaginaire.\r\nLazare sonde notre capacit\u00e9 \u00e0 r\u00eaver d'autres mondes, la sc\u00e8ne devient lieu de m\u00e9tamorphose o\u00f9 les voix du pass\u00e9 dialoguent avec les utopies d'aujourd'hui. Une odyss\u00e9e o\u00f9 paroles, chants et mouvements tissent la promesse d'un avenir en reflets.\r\n\r","authors":["Lazare"],"category_codes":["1000000","1080000"],"visuals":{"large":"https:\/\/images.epagine.fr\/117\/9782846818117_1_75.jpg","medium":"https:\/\/images.epagine.fr\/117\/9782846818117_1_m.jpg","thumbnail":"https:\/\/images.epagine.fr\/117\/9782846818117_1_v.jpg"},"orderable":false,"show_badge":true,"formatted_price":"15,00&nbsp;\u20ac","formatted_published_date":"3 d\u00e9cembre 2026","publisher_availability_label":"\u00c0 para\u00eetre","short_details":"Lazare \u2014 \u00c9ditions Les Solitaires Intempestifs","translator":null,"weight":0,"page_count":84,"readership":null,"editor":"\u00c9ditions Les Solitaires Intempestifs","price":1500,"published_date":"2026-12-02T23:00:00.000000Z","support":"Grand format","publisher_availability":2,"stock":0,"editions":[],"url":"https:\/\/quaidesbrumes.com\/ouvrage\/9782846818117\/lavenir-des-reflets"},{"id":"9782384625338","title":"\u00c0 notre r\u00eave","description":"Dina est une jeune \u00e9tudiante pleine de r\u00eave qui n'aspire qu'\u00e0 une seule chose : devenir actrice et jouer les plus grands r\u00f4les. Mais quand le nazisme frappe sa vie et celle de son entourage, elle ne peut s'emp\u00eacher de d\u00e9fendre son prochain \u00e0 travers son art au risque de tout perdre. Entre amiti\u00e9, amour et haine, plongez dans l'incroyable histoire d'un groupe d'ami pr\u00eat \u00e0 tout pour sauver ceux qu'ils aiment.\r","authors":["Maria Thomab\u00e9rice"],"category_codes":["1000000","1080000"],"visuals":{"large":"https:\/\/images.epagine.fr\/338\/9782384625338_1_75.jpg","medium":"https:\/\/images.epagine.fr\/338\/9782384625338_1_m.jpg","thumbnail":"https:\/\/images.epagine.fr\/338\/9782384625338_1_v.jpg"},"orderable":true,"show_badge":true,"formatted_price":"11,00&nbsp;\u20ac","formatted_published_date":"5 avril 2024","publisher_availability_label":"Sur commande","short_details":"Maria Thomab\u00e9rice \u2014 Hello Editions","translator":null,"weight":301,"page_count":56,"readership":null,"editor":"Hello Editions","price":1100,"published_date":"2024-04-04T22:00:00.000000Z","support":"Grand format","publisher_availability":1,"stock":0,"editions":[],"url":"https:\/\/quaidesbrumes.com\/ouvrage\/9782384625338\/a-notre-reve"},{"id":"9782958369699","title":"Mein fuhrer - (double je)","description":null,"authors":["Mariel Henri"],"category_codes":["1000000","1080000"],"visuals":{"large":"https:\/\/quaidesbrumes.com\/img\/book-placeholder.png","medium":"https:\/\/quaidesbrumes.com\/img\/book-placeholder.png","thumbnail":"https:\/\/quaidesbrumes.com\/img\/book-placeholder.png"},"orderable":true,"show_badge":true,"formatted_price":"15,00&nbsp;\u20ac","formatted_published_date":"1er avril 2026","publisher_availability_label":"Sur commande","short_details":"Mariel Henri \u2014 La Fabrique du livre","translator":null,"weight":250,"page_count":null,"readership":null,"editor":"La Fabrique du livre","price":1500,"published_date":"2026-03-31T22:00:00.000000Z","support":"Grand format","publisher_availability":1,"stock":0,"editions":[],"url":"https:\/\/quaidesbrumes.com\/ouvrage\/9782958369699\/mein-fuhrer-double-je"},{"id":"9782343031163","title":"Corde raide ; tragi-com\u00e9die","description":"Le parking du Aldi. C'est l\u00e0 qu'elle s'est arr\u00eat\u00e9e. A bout de souffle, un peu comme un poisson qui serait sorti d'son bocal. L'autoradio laisse \u00e9chapper les douces litanies d'une chanson de Lhasa. Cette femme ressemble \u00e0 cette foule d'anonymes jusqu'au jour o\u00f9 elle choisit de changer tout \u00e7a, de ne plus avoir les pieds sur terre, et d'aller carresser les \u00e9toiles sur un fil. Un fil tendu entre deux tours, pour regarder le monde d'en haut, de rire de le voir si petit alors que la vie...\r","authors":["Thierry Tachang-Tchong"],"category_codes":["1000000","1080000"],"visuals":{"large":"https:\/\/images.epagine.fr\/163\/9782343031163_1_75.jpg","medium":"https:\/\/images.epagine.fr\/163\/9782343031163_1_m.jpg","thumbnail":"https:\/\/images.epagine.fr\/163\/9782343031163_1_v.jpg"},"orderable":true,"show_badge":true,"formatted_price":"12,50&nbsp;\u20ac","formatted_published_date":"11 avril 2014","publisher_availability_label":"Sur commande","short_details":"Thierry Tachang-Tchong \u2014 \u00c9ditions L'Harmattan","translator":null,"weight":115,"page_count":86,"readership":null,"editor":"\u00c9ditions L'Harmattan","price":1250,"published_date":"2014-04-10T22:00:00.000000Z","support":"Grand format","publisher_availability":1,"stock":0,"editions":[],"url":"https:\/\/quaidesbrumes.com\/ouvrage\/9782343031163\/corde-raide-tragi-comedie"},{"id":"9782846818261","title":"Je meurs de ne pas mourir (Les vies de Th\u00e9r\u00e8se)","description":"Cinq cents ans apr\u00e8s sa mort, Sainte Th\u00e9r\u00e8se d'Avila revient \u00e0 la vie. Mais, contrairement \u00e0 J\u00e9sus-Christ ressuscit\u00e9, elle d\u00e9couvre qu'elle n'a pas de corps dans lequel s'incarner. Et pour cause : son cadavre a \u00e9t\u00e9 d\u00e9pec\u00e9, transform\u00e9 en de nombreuses reliques et \u00e9parpill\u00e9 \u00e0 travers le monde. Alors qu'elle part \u00e0 sa propre recherche et tandis qu'elle se trouve confront\u00e9e au monde actuel, Th\u00e9r\u00e8se essaie de comprendre pour quelle raison elle a \u00e9t\u00e9 renvoy\u00e9e sur Terre.\r\n\r\nAvec ce texte dr\u00f4le et insolent, l'auteur Paco Bezerra tente de raviver la subversion de la religieuse carm\u00e9lite et l'imagine arpenter l'Espagne contemporaine, entre marginalit\u00e9, d\u00e9couverte du LSD, d\u00e9but de carri\u00e8re dans le stand-up et nouvelles r\u00e9v\u00e9lations mystiques.\r\n\r\nLa pi\u00e8ce de Paco Bezerra a re\u00e7u le XXXe prix SGAE\/Jardiel Poncela  en 2021, et a \u00e9t\u00e9 \u00e9lue Coup de coeur du public du bureau des lectures de la Com\u00e9die-Fran\u00e7aise en 2025.\r\n\r","authors":["Paco Bezerra","Clarice Plasteig"],"category_codes":["1000000","1080000"],"visuals":{"large":"https:\/\/images.epagine.fr\/261\/9782846818261_1_75.jpg","medium":"https:\/\/images.epagine.fr\/261\/9782846818261_1_m.jpg","thumbnail":"https:\/\/images.epagine.fr\/261\/9782846818261_1_v.jpg"},"orderable":false,"show_badge":true,"formatted_price":"15,00&nbsp;\u20ac","formatted_published_date":"10 septembre 2026","publisher_availability_label":"\u00c0 para\u00eetre","short_details":"Paco Bezerra, Clarice Plasteig \u2014 \u00c9ditions Les Solitaires Intempestifs","translator":"CLARICE PLASTEIG","weight":0,"page_count":72,"readership":null,"editor":"\u00c9ditions Les Solitaires Intempestifs","price":1500,"published_date":"2026-09-09T22:00:00.000000Z","support":"Grand format","publisher_availability":2,"stock":0,"editions":[],"url":"https:\/\/quaidesbrumes.com\/ouvrage\/9782846818261\/je-meurs-de-ne-pas-mourir-les-vies-de-therese"}]}