{"data":[{"id":"9782372950145","title":"Le coeur \u00e0 droite","description":"Deux familles se rencontrent lors d'une r\u00e9ception destin\u00e9e \u00e0 sceller un projet de mariage entre leurs enfants Wolfram et Minna. Pour l'occasion, a \u00e9t\u00e9 convi\u00e9 le nouveau m\u00e9decin du pays que ne conna\u00eet pas encore le p\u00e8re de Minna, la jeune fianc\u00e9e. Au cours de la soir\u00e9e, ce docteur Dust\u00e9rius accepte d'\u00e9voquer une \u00e9trange histoire, celle d'un homme qui avait le coeur \u00e0 droite et son r\u00e9cit bouleverse le p\u00e8re de Minna qui finit par se trouver mal... Nous ne tarderons pas \u00e0 comprendre pourquoi...\r","authors":["Louis Bouilhet"],"category_codes":["1000000","1080000"],"visuals":{"large":"https:\/\/images.epagine.fr\/145\/9782372950145_1_75.jpg","medium":"https:\/\/images.epagine.fr\/145\/9782372950145_1_m.jpg","thumbnail":"https:\/\/images.epagine.fr\/145\/9782372950145_1_v.jpg"},"orderable":true,"show_badge":true,"formatted_price":"13,00&nbsp;\u20ac","formatted_published_date":"11 octobre 2016","publisher_availability_label":"Sur commande","short_details":"Louis Bouilhet \u2014 \u00c9ditions Le Fanal","translator":null,"weight":300,"page_count":96,"readership":null,"editor":"\u00c9ditions Le Fanal","price":1300,"published_date":"2016-10-10T22:00:00.000000Z","support":"Grand format","publisher_availability":1,"stock":0,"editions":[],"url":"https:\/\/quaidesbrumes.com\/ouvrage\/9782372950145\/le-coeur-a-droite"},{"id":"9782386274558","title":"Les Voix du Prince - La L\u00e9gende Antoine de Saint-Exup\u00e9ry Tome 1 : Naissance du mythe","description":"Que sait-on vraiment de ce personnage illustre ? Son nom r\u00e9sonne en nous, il fait partie de nos vies, nous avons tous ce sentiment de le conna\u00eetre. Il est toujours associ\u00e9 \u00e0 ce conte merveilleux, LE PETIT PRINCE, lu dans le monde entier... Et pourtant, la vie d'Antoine de Saint-Exup\u00e9ry est entour\u00e9e de myst\u00e8res. L'homme aux mille vies dont le mythe occulte la personnalit\u00e9... Qui est-il ? Auteur, aristocrate, charmeur, aviateur, inventeur, dessinateur, journaliste, aventurier, reporter de guerre ? Il a brav\u00e9 tous les dangers, travers\u00e9 les continents, il a fait preuve d'audace et de courage, le propulsant au rang des \u00eatres d'exception qui ont transform\u00e9 le monde en laissant un h\u00e9ritage consid\u00e9rable, gr\u00e2ce aux exploits r\u00e9alis\u00e9s, ses \u00e9crits et sa pens\u00e9e humaniste aussi. Ce tome 1 dresse le portrait d'un homme dont l'authenticit\u00e9 se r\u00e9v\u00e8lera \u00e0 travers sa famille, ses amiti\u00e9s, ses amours, ses ambitions, ses \u00e9checs, les drames et les rencontres qui vont compter et constituer ses voix int\u00e9rieures. LES VOIX DU PRINCE retrace cette \u00e9pop\u00e9e romanesque incroyable et montre comment la l\u00e9gende s'est construite.\r","authors":["Raffaele Salis"],"category_codes":["1000000","1080000"],"visuals":{"large":"https:\/\/images.epagine.fr\/558\/9782386274558_1_75.jpg","medium":"https:\/\/images.epagine.fr\/558\/9782386274558_1_m.jpg","thumbnail":"https:\/\/images.epagine.fr\/558\/9782386274558_1_v.jpg"},"orderable":true,"show_badge":true,"formatted_price":"20,00&nbsp;\u20ac","formatted_published_date":"10 octobre 2025","publisher_availability_label":"Sur commande","short_details":"Raffaele Salis \u2014 Hello Editions","translator":null,"weight":542,"page_count":456,"readership":null,"editor":"Hello Editions","price":2000,"published_date":"2025-10-09T22:00:00.000000Z","support":"Grand format","publisher_availability":1,"stock":0,"editions":[],"url":"https:\/\/quaidesbrumes.com\/ouvrage\/9782386274558\/les-voix-du-prince-la-legende-antoine-de-saint-exupery-tome-1-naissance-du-mythe"},{"id":"9782336603001","title":"Comme un rat mort","description":"Comme un rat mort est une pi\u00e8ce intime explorant la violence des sentiments r\u00e9prim\u00e9s et l'attente d\u00e9vastatrice de l'Autre.\r\nUne femme rentre chez elle et appelle un ami, presque par r\u00e9flexe. Une fois ensemble, ils parlent de tout, de rien. Peu \u00e0 peu, les silences se chargent. Les confidences surgissent. Elle avoue sa peur du vide. Lui raconte un amour naissant pour une autre. L'insupportable advient.\r\nAmoureuse en secret, elle tente d'exister dans son regard. Mais il est trop tard. Quand elle se livre enfin, il ne comprend pas.\r\nIl part. Elle reste seule.\r\nLe temps reprend alors sa marche cruelle, oppressante, incarn\u00e9e par le tic-tac d'une horloge qui envahit l'appartement vide...\r","authors":["Ianis Duchamp"],"category_codes":["1000000","1080000"],"visuals":{"large":"https:\/\/images.epagine.fr\/001\/9782336603001_1_75.jpg","medium":"https:\/\/images.epagine.fr\/001\/9782336603001_1_m.jpg","thumbnail":"https:\/\/images.epagine.fr\/001\/9782336603001_1_v.jpg"},"orderable":true,"show_badge":true,"formatted_price":"10,00&nbsp;\u20ac","formatted_published_date":"26 mars 2026","publisher_availability_label":"Sur commande","short_details":"Ianis Duchamp \u2014 \u00c9ditions L'Harmattan","translator":null,"weight":65,"page_count":50,"readership":null,"editor":"\u00c9ditions L'Harmattan","price":1000,"published_date":"2026-03-25T23:00:00.000000Z","support":"Grand format","publisher_availability":1,"stock":0,"editions":[],"url":"https:\/\/quaidesbrumes.com\/ouvrage\/9782336603001\/comme-un-rat-mort"},{"id":"9782492986321","title":"La maison qui pleurait","description":"Florence a 6 ans. Elle habite toute en dedans d'elle, dans une petite maison bleue avec un toit plein de cheveux bruns m\u00eal\u00e9s et deux grandes fen\u00eatres qu'on dirait des yeux. \u00c7a sent le chaud bonheur d'\u00eatre heureuse, comme les sourires de Maman. Quand son p\u00e8re se transforme en Grizzloup, elle s'y r\u00e9fugie avec Bredouille, son ami imaginaire. Elle ferme ses fen\u00eatres pour pas qu'elles deviennent toutes tristes et elle attend que l'orage passe. Des parfois, \u00e7a reste un tonnerre de cris remplis de gros mots mais d'autres parfois, l'orage fait pleuvoir des mains sur Maman et sur elle. Florence r\u00eave du jour o\u00f9 elle partira dans un autre ailleurs plus loin. Juste avec Bredouille et Maman. Sa petite valise remplie d'espoir est d\u00e9j\u00e0 toute pr\u00eate.\r\n\r\n\r","authors":["Patric Saucier"],"category_codes":["1000000","1080000"],"visuals":{"large":"https:\/\/quaidesbrumes.com\/img\/book-placeholder.png","medium":"https:\/\/quaidesbrumes.com\/img\/book-placeholder.png","thumbnail":"https:\/\/quaidesbrumes.com\/img\/book-placeholder.png"},"orderable":false,"show_badge":true,"formatted_price":"10,00&nbsp;\u20ac","formatted_published_date":"13 ao\u00fbt 2026","publisher_availability_label":"\u00c0 para\u00eetre","short_details":"Patric Saucier \u2014 Passages","translator":null,"weight":106,"page_count":64,"readership":null,"editor":"Passages","price":1000,"published_date":"2026-08-12T22:00:00.000000Z","support":"Grand format","publisher_availability":2,"stock":0,"editions":[],"url":"https:\/\/quaidesbrumes.com\/ouvrage\/9782492986321\/la-maison-qui-pleurait"},{"id":"9782371775183","title":"Jusqu'\u00e0 ce que...","description":"C'est un voyage : non dans l'espace, mais dans le temps et la m\u00e9moire d'un homme. Lui parlera, immobile, pour dire sa travers\u00e9e d'hier, d'aujourd'hui, de demain. Il parlera jusqu'\u00e0 l'essoufflement. Quand il cesse de parler, une femme est l\u00e0 comme en chaque moment de sa vie, pour dire ce moment, ou nommer ce qui a lieu. La femme en bleu, la femme en blanc, la femme en noir. Dans ce ballet des voix et des corps, cet homme seul au milieu de sa vie travers\u00e9e par trois femmes, se donne \u00e0 entendre le prix de cette travers\u00e9e, dans le souffle d'une voix qui tente d'aller jusqu'au bout de lui, jusqu'\u00e0 ce que... C'est le premier texte de th\u00e9\u00e2tre de JY. Pr\u00e9face de Claude R\u00e9gy. Arnaud Ma\u00efsetti\r","authors":["Jy."],"category_codes":["1000000","1080000"],"visuals":{"large":"https:\/\/images.epagine.fr\/183\/9782371775183_1_75.jpg","medium":"https:\/\/images.epagine.fr\/183\/9782371775183_1_m.jpg","thumbnail":"https:\/\/images.epagine.fr\/183\/9782371775183_1_v.jpg"},"orderable":true,"show_badge":true,"formatted_price":"11,00&nbsp;\u20ac","formatted_published_date":"1er novembre 2017","publisher_availability_label":"Sur commande","short_details":"Jy. \u2014 Publie.Net","translator":null,"weight":86,"page_count":72,"readership":null,"editor":"Publie.Net","price":1100,"published_date":"2017-10-31T23:00:00.000000Z","support":"Grand format","publisher_availability":1,"stock":0,"editions":[],"url":"https:\/\/quaidesbrumes.com\/ouvrage\/9782371775183\/jusqua-ce-que"},{"id":"9782371775190","title":"Balivernes hivernales","description":"Balivernes Hivernales na\u00eet d'une rencontre : avec la ville et le d\u00e9sarroi qu'on y trouve \u00e0 chaque pas. Dans le hall d'une gare, sur le clavier d'un piano d\u00e9sormais dispos\u00e9 dans chacune de nos gares et livr\u00e9 \u00e0 tous, quelqu'un joue en virtuose. Soudain un homme en haillons - un SDF peut-\u00eatre - se l\u00e8ve et danse. La pi\u00e8ce puise l\u00e0, dans le mouvement terrible d'un corps, dans la foule autour qui passe toujours \u00e0 c\u00f4t\u00e9, dans la ville qui bat, dans la musique d\u00e9saccord\u00e9e : une image et son d\u00e9sir. L'image d'un tournoiement qui remet le monde \u00e0 sa place. Le d\u00e9sir d'approcher le monde dans la brutalit\u00e9 \u00e9l\u00e9gante qui pourrait lui r\u00e9sister. Dans cette pi\u00e8ce, autour de cette ville qui est la n\u00f4tre - et qui pourtant est inacceptable -, dix monologues dialoguent avec leur vie, leur voix, leur arr\u00eat ici, sur la sc\u00e8ne lev\u00e9e par ce texte.\r\n\r\nBalivernes Hivernales poursuit le dialogue de JY avec le th\u00e9\u00e2tre et cette esth\u00e9tique du d\u00e9sarroi qu'il a entrepris avec Jusqu'\u00e0 ce que, sa premi\u00e8re pi\u00e8ce, publi\u00e9e chez publie.net en 2014. C'est la deuxi\u00e8me saison : l'hiver. Elle n'est pas sans \u00e2pret\u00e9 ni sans son envers, l'humour, cette \u00e9l\u00e9gance du d\u00e9sespoir.\r","authors":["Jy."],"category_codes":["1000000","1080000"],"visuals":{"large":"https:\/\/images.epagine.fr\/190\/9782371775190_1_75.jpg","medium":"https:\/\/images.epagine.fr\/190\/9782371775190_1_m.jpg","thumbnail":"https:\/\/images.epagine.fr\/190\/9782371775190_1_v.jpg"},"orderable":true,"show_badge":true,"formatted_price":"11,00&nbsp;\u20ac","formatted_published_date":"1er novembre 2017","publisher_availability_label":"Sur commande","short_details":"Jy. \u2014 Publie.Net","translator":null,"weight":118,"page_count":104,"readership":null,"editor":"Publie.Net","price":1100,"published_date":"2017-10-31T23:00:00.000000Z","support":"Grand format","publisher_availability":1,"stock":0,"editions":[],"url":"https:\/\/quaidesbrumes.com\/ouvrage\/9782371775190\/balivernes-hivernales"},{"id":"9782371775251","title":"Les encombrants","description":"Dans nos villes, il existe des endroits \u00e0 l'abri des regards qui sont destin\u00e9s au d\u00e9p\u00f4t de ce qui ne sert plus, objets trop us\u00e9s ou inutiles. Le soir, il suffit de les d\u00e9poser l\u00e0, et le matin, ils ont \u00e9t\u00e9 emport\u00e9s. Les encombrants, ce pourrait \u00eatre une all\u00e9gorie, oui, mais de quoi ? De ce d\u00e9but de si\u00e8cle, des corps que le monde juge inutiles et \u00e9vacue, ou du th\u00e9\u00e2tre lui-m\u00eame ? Dans cette troisi\u00e8me pi\u00e8ce, JY. poursuit sa plong\u00e9e dans les franges dissidentes de notre r\u00e9el. Apr\u00e8s l'\u00e9rotique Jusqu'\u00e0 ce que... et l'\u00e9l\u00e9giaque Balivernes hivernales, c'est le troisi\u00e8me temps : celui politique des corps abandonn\u00e9s dont la d\u00e9faite n'a pas dit le dernier mot. Les figures qui hantent les deux premi\u00e8res pi\u00e8ces sont toujours l\u00e0, et leurs ombres. Entre eux passent les encombrants : des corps \u00e9tendus, abandonn\u00e9s, \u00e0 la surface desquels \u00e9crire. \u00ab Et cette heure venue \/ o\u00f9 la ligne est le reflet \/ de la vie d\u00e9finitive \/ qui s'impose par coeur... \/ au calepin se substitua l'alcool de sant\u00e9 \/ celui o\u00f9 se noie \/ la vie \u00e0 l'eau de rose. \u00bb C'est un texte qui voudrait traverser l'abandon et l'alcool, la joie d'\u00eatre un vivant sur le cadavre de l'\u00e9poque. \u00ab Il faudrait de temps en temps, avec un peu d'entra\u00eenement, que l'homme croie savoir pourquoi il existe. \u00bb C'est une pi\u00e8ce enfin comme un crachat sur le th\u00e9\u00e2tre, mais lanc\u00e9 avec tendresse, avec piti\u00e9, avec la f\u00e9rocit\u00e9 des doux, l'intransigeance des terribles. \u00ab Il ne manque point, parmi nous, aujourd'hui, de ces hommes qui ont le droit de se nommer sans-patrie, sans travail, sans lit, sans plus rien qui les greffe \u00e0 l'\u00e9lan de la vie. \u00bb Arnaud Ma\u00efsetti\r","authors":["Jy."],"category_codes":["1000000","1080000"],"visuals":{"large":"https:\/\/images.epagine.fr\/251\/9782371775251_1_75.jpg","medium":"https:\/\/images.epagine.fr\/251\/9782371775251_1_m.jpg","thumbnail":"https:\/\/images.epagine.fr\/251\/9782371775251_1_v.jpg"},"orderable":true,"show_badge":true,"formatted_price":"14,00&nbsp;\u20ac","formatted_published_date":"1er novembre 2017","publisher_availability_label":"Sur commande","short_details":"Jy. \u2014 Publie.Net","translator":null,"weight":154,"page_count":144,"readership":null,"editor":"Publie.Net","price":1400,"published_date":"2017-10-31T23:00:00.000000Z","support":"Grand format","publisher_availability":1,"stock":0,"editions":[],"url":"https:\/\/quaidesbrumes.com\/ouvrage\/9782371775251\/les-encombrants"},{"id":"9782847053302","title":"Une pr\u00e9sence","description":"Une Pr\u00e9sence ne s'attache pas \u00e0 une fable traditionnelle, mais aux mouvements en \u00e9clats d'une rencontre amoureuse entre deux \u00eatres, Nao et Gerry, et du couple singulier qu'ils finissent par former jusqu'\u00e0 la mort de Gerry. C'est par le dialogue que l'on per\u00e7oit le passage des ann\u00e9es, les conflits demeurant hors champ. Le texte explore un continuum, plac\u00e9 sous le signe d'un absent qui hante Gerry, un \u00eatre pr\u00e9nomm\u00e9 Malo, associ\u00e9 \u00e0 une langue disparue dont ne nous parviennent que quelques mots. Malo est une pr\u00e9sence. Cette pr\u00e9sence hante le couple et semble le renforcer.  \r\n\r","authors":["Christophe Pellet"],"category_codes":["1000000","1080000"],"visuals":{"large":"https:\/\/quaidesbrumes.com\/img\/book-placeholder.png","medium":"https:\/\/quaidesbrumes.com\/img\/book-placeholder.png","thumbnail":"https:\/\/quaidesbrumes.com\/img\/book-placeholder.png"},"orderable":false,"show_badge":true,"formatted_price":"14,00&nbsp;\u20ac","formatted_published_date":"10 septembre 2026","publisher_availability_label":"\u00c0 para\u00eetre","short_details":"Christophe Pellet \u2014 Espaces 34","translator":null,"weight":110,"page_count":64,"readership":null,"editor":"Espaces 34","price":1400,"published_date":"2026-09-09T22:00:00.000000Z","support":"Grand format","publisher_availability":2,"stock":0,"editions":[],"url":"https:\/\/quaidesbrumes.com\/ouvrage\/9782847053302\/une-presence"},{"id":"9782846818285","title":"L'Enfant unique","description":"Une femme et un homme attendent la naissance de leur enfant.\r\nEt tandis qu'ils l'attendent, ils se demandent comment ils le prot\u00e9geront de tous les p\u00e9rils du monde.\r\nPuis l'enfant na\u00eet, grandit, est ador\u00e9, apprend ce qu'un enfant doit savoir et ce qu'il doit savoir faire.\r\nEt il grandit encore.\r\nSon p\u00e8re et sa m\u00e8re se s\u00e9parent. Il vit tant\u00f4t avec l'une et tant\u00f4t avec l'autre.\r\nEt plus il grandit, plus il se r\u00e9volte.\r\nEt il devient la voix terrible qui dit tous les mensonges, tous les arrangements, tous les\r\nrenoncements et toutes les failles des deux \u00eatres qui l'ont enfant\u00e9.\r\nEt l'on ne sait plus du tout comment lui parler ni quoi lui dire.\r\nEt l'on ne sait m\u00eame plus qui il est, cet enfant qu'on avait fait, et qui \u00e9chappe maintenant\r\n\u00e0 toutes les protections qu'on avait pr\u00e9vues pour lui, et qui \u00e9chappe \u00e0 tout.\r\n\r\nLe sujet de cette pi\u00e8ce, cette histoire tr\u00e8s universelle d'un enfant et de ses parents, est pour beaucoup une affaire de langages. Il y a autant de langues qu'il y a de relations dans nos vies : celle que l'on parle en famille, et qui change \u00e0 mesure que l'enfant fait l'apprentissage du langage (et qui les premi\u00e8res ann\u00e9es, est d'une invention incomparable), celles de l'\u00e9cole, qui diff\u00e8rent en classe et dans la cour, celles aussi que l'on se cr\u00e9e avec chacun de nos amis et de nos amours, et aussi la langue que l'on se parle \u00e0 soi-m\u00eame. \r\n\r","authors":["David Lescot"],"category_codes":["1000000","1080000"],"visuals":{"large":"https:\/\/quaidesbrumes.com\/img\/book-placeholder.png","medium":"https:\/\/quaidesbrumes.com\/img\/book-placeholder.png","thumbnail":"https:\/\/quaidesbrumes.com\/img\/book-placeholder.png"},"orderable":false,"show_badge":true,"formatted_price":"15,00&nbsp;\u20ac","formatted_published_date":"17 septembre 2026","publisher_availability_label":"\u00c0 para\u00eetre","short_details":"David Lescot \u2014 \u00c9ditions Les Solitaires Intempestifs","translator":null,"weight":0,"page_count":84,"readership":null,"editor":"\u00c9ditions Les Solitaires Intempestifs","price":1500,"published_date":"2026-09-16T22:00:00.000000Z","support":"Grand format","publisher_availability":2,"stock":0,"editions":[],"url":"https:\/\/quaidesbrumes.com\/ouvrage\/9782846818285\/lenfant-unique"},{"id":"9782336534978","title":"Dans le bruissement des arbres : F\u00e9\u00e9rie th\u00e9\u00e2tre suivi de Shakuntala(s) (premi\u00e8res pages)","description":"Le grand patron Mitto poursuit jusque dans les plantations de th\u00e9 o\u00f9 elle a trouv\u00e9 refuge la jeune Shakuntala qui a refus\u00e9 de se courber devant lui. Aziz, son amoureux, essaie de convaincre Thierry Peugeot en conflit avec Carlos Tavares, d'implanter une usine en Tunisie, car il veut du travail. Son copain S\u00e9bastien, ballot\u00e9 par Peugeot-Stellantis d'Aulnay en Poissy et Sochaux, veut l'aider \u00e0 retrouver Shakuntala en usant d'un drone sp\u00e9cial fabriqu\u00e9 par son coll\u00e8gue le vieux Mokhtar. Ce drone, \u00e9vitant Damas, passera par Tehr\u00e2n, o\u00f9 Mokhtar retrouve sa fianc\u00e9e arabe Aaliyah.\r\nDans les for\u00eats \u00e9paisses de l'Inde du nord, \u00e0 plusieurs milliers d'ann\u00e9es de l\u00e0, Shakuntala voit son \u00e9poux d'une nuit partir en l'oubliant, parce qu'elle a omis de se courber devant le mage qui l'a crois\u00e9e au petit matin, sans savoir encore que d'elle sera issue la lign\u00e9e de rois qui b\u00e2tiront l'Inde et s'entretueront ...\r\nC'est dans le bruissement des arbres que se raconte cette histoire, arbres des for\u00eats de Darjeeling et de Tehr\u00e2n, psalmodi\u00e9s en choeur par de jeunes apprentis en th\u00e9\u00e2tre.\r\nS'ajoutent dans cette \u00e9dition les premi\u00e8res pages de la \u00ab suite \u00bb : Shakuntala(s)...\r","authors":["G\u00e9rard Astor"],"category_codes":["1000000","1080000"],"visuals":{"large":"https:\/\/images.epagine.fr\/978\/9782336534978_1_75.jpg","medium":"https:\/\/images.epagine.fr\/978\/9782336534978_1_m.jpg","thumbnail":"https:\/\/images.epagine.fr\/978\/9782336534978_1_v.jpg"},"orderable":true,"show_badge":true,"formatted_price":"21,00&nbsp;\u20ac","formatted_published_date":"23 mars 2026","publisher_availability_label":"Sur commande","short_details":"G\u00e9rard Astor \u2014 \u00c9ditions L'Harmattan","translator":null,"weight":228,"page_count":190,"readership":null,"editor":"\u00c9ditions L'Harmattan","price":2100,"published_date":"2026-03-22T23:00:00.000000Z","support":"Grand format","publisher_availability":1,"stock":0,"editions":[],"url":"https:\/\/quaidesbrumes.com\/ouvrage\/9782336534978\/dans-le-bruissement-des-arbres-feerie-theatre-suivi-de-shakuntalas-premieres-pages"},{"id":"9782390660590","title":"Funeral Planner","description":"\u00ab Ce vaudeville fun\u00e9raire est une d\u00e9claration d'amour \u00e0 la grande mise en sc\u00e8ne de nos vies, il ne s'agit pas de manquer de respect aux morts, juste de rappeler aux vivants que tout cela est, au fond (et six pieds sous terre, c'est bien au fond), une com\u00e9die magnifiquement absurde. \u00bb. (J\u00e9r\u00f4me de Warz\u00e9e) \r\nDepuis l'enfance, Charlotte r\u00eave de devenir wedding planner. Mais dans sa famille, on cultive plut\u00f4t le silence des cimeti\u00e8res et le velours des cercueils: elle est l'h\u00e9riti\u00e8re d'une entreprise de pompes fun\u00e8bres. Refusant d'enterrer ses r\u00eaves, Charlotte tranche : elle sera Funeral Planner. Des fleurs de lys aux petits fours, elle transforme le dernier voyage en \u00e9v\u00e9nement mondain.\r","authors":["Claudie Rion","J\u00e9r\u00f4me de Warz\u00e9e"],"category_codes":["1000000","1080000"],"visuals":{"large":"https:\/\/images.epagine.fr\/590\/9782390660590_1_75.jpg","medium":"https:\/\/images.epagine.fr\/590\/9782390660590_1_m.jpg","thumbnail":"https:\/\/images.epagine.fr\/590\/9782390660590_1_v.jpg"},"orderable":false,"show_badge":true,"formatted_price":"16,00&nbsp;\u20ac","formatted_published_date":null,"publisher_availability_label":"\u00c0 para\u00eetre","short_details":"Claudie Rion, J\u00e9r\u00f4me de Warz\u00e9e \u2014 Le Lion Z'Aile De Waterloo","translator":null,"weight":0,"page_count":156,"readership":null,"editor":"Le Lion Z'Aile De Waterloo","price":1600,"published_date":null,"support":"Grand format","publisher_availability":2,"stock":0,"editions":[],"url":"https:\/\/quaidesbrumes.com\/ouvrage\/9782390660590\/funeral-planner"},{"id":"9782847053296","title":"M\u00e9canismes","description":"Un homme attend une femme. Lorsqu'elle arrive, il l'accueille avec joie, lui parle avec tendresse et l'appelle par le nom de sa femme - qui est pourtant d\u00e9c\u00e9d\u00e9e l'ann\u00e9e pr\u00e9c\u00e9dente. Ensemble, ils retracent leur extraordinaire histoire d'amour, revivant ses moments les plus intenses et d\u00e9cisifs, de leur premi\u00e8re rencontre \u00e0 son dernier adieu.\r\nMais cette femme n'est ni vraiment son \u00e9pouse, ni un fant\u00f4me : c'est un \u00eatre artificiel cr\u00e9\u00e9 pour aider ceux qui ont perdu un \u00eatre cher et ne parviennent pas \u00e0 supporter le vide laiss\u00e9 par son d\u00e9part.\r\n\r","authors":["Fabrizio Sinisi","Pietro Pizzuti"],"category_codes":["1000000","1080000"],"visuals":{"large":"https:\/\/quaidesbrumes.com\/img\/book-placeholder.png","medium":"https:\/\/quaidesbrumes.com\/img\/book-placeholder.png","thumbnail":"https:\/\/quaidesbrumes.com\/img\/book-placeholder.png"},"orderable":false,"show_badge":true,"formatted_price":"14,00&nbsp;\u20ac","formatted_published_date":"10 septembre 2026","publisher_availability_label":"\u00c0 para\u00eetre","short_details":"Fabrizio Sinisi, Pietro Pizzuti \u2014 Espaces 34","translator":"PIETRO PIZZUTI","weight":0,"page_count":74,"readership":null,"editor":"Espaces 34","price":1400,"published_date":"2026-09-09T22:00:00.000000Z","support":"Grand format","publisher_availability":2,"stock":0,"editions":[],"url":"https:\/\/quaidesbrumes.com\/ouvrage\/9782847053296\/mecanismes"},{"id":"9782849521137","title":"Va, ne te retourne pas ; fleurir-faner, fleurir-faner, \u00e9teignez, s'il-vous pla\u00eet !","description":"Ce recueil de Lee Man-hee comprend trois pi\u00e8ces :\r\nVa, ne te retourne pas : Cette pi\u00e8ce met en sc\u00e8ne des retrouvailles entre un voyou, un vrai, un dur, emprisonn\u00e9, et sa ma\u00eetresse, entr\u00e9e au couvent, qui lui rend visite au parloir. Ensemble, ils refont leur histoire, revivent leur pass\u00e9, m\u00ealant les propos les plus triviaux \u00e0 une r\u00e9flexion sur la vertu. Ils parviennent finalement \u00e0 accepter de se s\u00e9parer : va, ne te retourne pas.\r\nEpanouissement, d\u00e9fra\u00eechissement : Cette pi\u00e8ce tr\u00e8s dr\u00f4le met en sc\u00e8ne un trio de vieillards, sorte de Pieds nickel\u00e9s charg\u00e9s par une myst\u00e9rieuse femme - qu'on ne verra jamais - de creuser un tunnel entre une masure isol\u00e9e et un temple bouddhiste qui cacherait un fabuleux tr\u00e9sor. \r\n\u00c9teignez, s'il vous pla\u00eet : Jou\u00e9e durant pr\u00e8s de quatre ans, cette pi\u00e8ce a rendu c\u00e9l\u00e8bre Lee Man-hee. Elle porte sur la th\u00e9matique des doubles, en mat\u00e9rialisant cette partie de nous-m\u00eames dont les motivations ne sont pas toujours avouables et avec lesquels nous sommes en conflit permanent. Ces \" six personnages en qu\u00eate d'eux-m\u00eames \", un homme et une femme pourvus chacun d'un double simple et d'un double \u00e0 r\u00f4les multiples, nous entra\u00eenent dans un labyrinthe o\u00f9 les situations  sont tout \u00e0 la fois comiques et catastrophiques.\r\nN\u00e9 en 1954, Lee Man-hee est des auteurs majeurs du th\u00e9\u00e2tre cor\u00e9en. Il a re\u00e7u de nombreux prix litt\u00e9raires et ces pi\u00e8ces re\u00e7oivent toujours un tr\u00e8s bon accueil du public. Sous forme de fable philosophique, son th\u00e9\u00e2tre porte sur l'angoisse existentielle, en utilisant une \u00e9criture originale, employant des effets de th\u00e9\u00e2tre dans le th\u00e9\u00e2tre, des techniques de montage elliptique et des dialogues qui jouent sur plusieurs niveaux diff\u00e9rents.\r","authors":["Lee Man-hee","Kim Jung-Hee"],"category_codes":["1000000","1080000"],"visuals":{"large":"https:\/\/images.epagine.fr\/137\/9782849521137_1_75.jpg","medium":"https:\/\/images.epagine.fr\/137\/9782849521137_1_m.jpg","thumbnail":"https:\/\/images.epagine.fr\/137\/9782849521137_1_v.jpg"},"orderable":true,"show_badge":true,"formatted_price":"22,50&nbsp;\u20ac","formatted_published_date":"12 f\u00e9vrier 2011","publisher_availability_label":"Sur commande","short_details":"Lee Man-hee, Kim Jung-Hee \u2014 Imago","translator":"KIM JUNG-HEE","weight":270,"page_count":232,"readership":null,"editor":"Imago","price":2250,"published_date":"2011-02-11T23:00:00.000000Z","support":"Grand format","publisher_availability":1,"stock":0,"editions":[],"url":"https:\/\/quaidesbrumes.com\/ouvrage\/9782849521137\/va-ne-te-retourne-pas-fleurir-faner-fleurir-faner-eteignez-sil-vous-plait"},{"id":"9782745325358","title":"Repr\u00e9sentations et symboliques du feu dans les th\u00e9\u00e2tres europ\u00e9ens (XVIe-XXe si\u00e8cle)","description":"Parmi les quatre \u00e9l\u00e9ments, le feu occupe, dans la mythologie (Prom\u00e9th\u00e9e), la religion et le th\u00e9\u00e2tre parl\u00e9 et chant\u00e9 une place singuli\u00e8re, due aussi, dans la repr\u00e9sentation dramatique, \u00e0 son efficacit\u00e9 spectaculaire. Partant de la nature ambivalente que lui reconnaissent les traditions interpr\u00e9tatives (Bachelard !), les intervenants au Colloque de Montalbano Elicona (Sicile, 2009) en ont examin\u00e9 les figures majeures depuis le XVIe si\u00e8cle.\r\nDu Baroque religieux \u00e0 l'extr\u00eame pointe des avant-gardes de la fin du XXe si\u00e8cle, le feu se manifeste dans ses multiples m\u00e9tamorphoses. Destructeur ou r\u00e9g\u00e9n\u00e9rateur, il est partout - en Italie, en Espagne, en Pologne, en Angleterre, en Hongrie, en Roumanie, en France dans le Saint Empire... - intimement li\u00e9 aux passions et aspirations humaines ainsi qu'\u00e0 l'essence vivante, spirituelle et mat\u00e9rielle, du monde de la sc\u00e8ne.\r","authors":["Collectif"],"category_codes":["1000000","1080000"],"visuals":{"large":"https:\/\/images.epagine.fr\/358\/9782745325358_1_75.jpg","medium":"https:\/\/images.epagine.fr\/358\/9782745325358_1_m.jpg","thumbnail":"https:\/\/images.epagine.fr\/358\/9782745325358_1_v.jpg"},"orderable":true,"show_badge":true,"formatted_price":"55,00&nbsp;\u20ac","formatted_published_date":"4 novembre 2013","publisher_availability_label":"Sur commande","short_details":"Collectif \u2014 Honore Champion","translator":null,"weight":540,"page_count":304,"readership":null,"editor":"Honore Champion","price":5500,"published_date":"2013-11-03T23:00:00.000000Z","support":"Grand format","publisher_availability":1,"stock":0,"editions":[],"url":"https:\/\/quaidesbrumes.com\/ouvrage\/9782745325358\/representations-et-symboliques-du-feu-dans-les-theatres-europeens-xvie-xxe-siecle"},{"id":"9782252015353","title":"Japon, th\u00e9\u00e2tre mill\u00e9naire vivant","description":null,"authors":["Collectif"],"category_codes":["1000000","1080000"],"visuals":{"large":"https:\/\/images.epagine.fr\/353\/9782252015353_1_75.jpg","medium":"https:\/\/images.epagine.fr\/353\/9782252015353_1_m.jpg","thumbnail":"https:\/\/images.epagine.fr\/353\/9782252015353_1_v.jpg"},"orderable":true,"show_badge":true,"formatted_price":"27,50&nbsp;\u20ac","formatted_published_date":"4 avril 2003","publisher_availability_label":"Sur commande","short_details":"Collectif \u2014 Klincksieck","translator":null,"weight":192,"page_count":80,"readership":null,"editor":"Klincksieck","price":2750,"published_date":"2003-04-03T22:00:00.000000Z","support":"Grand format","publisher_availability":1,"stock":0,"editions":[],"url":"https:\/\/quaidesbrumes.com\/ouvrage\/9782252015353\/japon-theatre-millenaire-vivant"},{"id":"9782252039755","title":"Le Th\u00e9\u00e2tre \u00e0 Strasbourg de Brant \u00e0 Voltaire (1512-1781)","description":"La ville de Strasbourg est, au XVIe si\u00e8cle, une R\u00e9publique urbaine et bourgeoise, qui trouve son unit\u00e9 dans la foi luth\u00e9rienne. D\u00e8s le d\u00e9but du XVIIe si\u00e8cle, la contre-offensive catholique se d\u00e9veloppe. Elle est dirig\u00e9e par l'Autriche qui cr\u00e9e l'universit\u00e9 de Molsheim et l'actif coll\u00e8ge d'Ensisheim. Apr\u00e8s 1681, ann\u00e9e o\u00f9 Strasbourg est rattach\u00e9e \u00e0 la couronne de France, la dualit\u00e9 confessionnelle, linguistique, dynastique (Bourbons et Habsbourg) et culturelle devient la loi g\u00e9n\u00e9rale de la province. Cet ouvrage utilise le th\u00e9\u00e2tre comme outil pour \u00e9tudier une \u00e9volution qui va de l'humanisme pr\u00e9r\u00e9form\u00e9 (S\u00e9bastien Brant) \u00e0 la fin de l'Ancien R\u00e9gime dont l'oeuvre tragique de Voltaire en est la traduction la plus symbolique. Cette p\u00e9riode voit, au d\u00e9but du XVIIIe si\u00e8cle, le remplacement progressif du th\u00e9\u00e2tre des coll\u00e8ges par celui d'acteurs professionnels.\r\nR\u00e9pertoire, lieux des repr\u00e9sentations, statut et jeu des acteurs, composition sociologique du public, se modifient du tout au tout. Si la dualit\u00e9 linguistique subsiste, l'incorporation \u00e0 la culture fran\u00e7aise est, d\u00e8s les ann\u00e9es 1760-1770, largement \u00e9vidente. L'\u00e9tude est fond\u00e9e sur l'exploitation des archives locales (BNUS, Archives Municipales de Strasbourg), r\u00e9gionales (Fribourg-en-Brisgau), allemandes (Munich) et j\u00e9suites fran\u00e7aises (ex.- Chantilly). L'ouvrage reproduit des documents, in\u00e9dits \u00e0 une exception pr\u00e8s (Brant) et les regroupe en 7 livres et 19 chapitres en en fournissant \u00e0 chaque fois les introductions et analyses scientifiques n\u00e9cessaires. La perspective est historique, elle est contextualis\u00e9e : rivalit\u00e9s entre luth\u00e9riens et catholiques, la Maison des Bourbons et la dynastie imp\u00e9riale des Habsbourg de Vienne et d'Innsbruck, la chute de Strasbourg (1681) constituant un tournant chronologique d\u00e9cisif. Ce livre est donc une contribution \u00e0 la vie th\u00e9\u00e2trale d'Ancien R\u00e9gime (Strasbourg appara\u00eet comme \u00e9tant au m\u00eame niveau que Bordeaux ou Lyon). Il met en \u00e9vidence la place d'une ville dont il fait saillir les \u00e9l\u00e9ments constitutifs d'une biculturalit\u00e9 \u00e0 fondement linguistique persistant. De ce point de vue, Strasbourg se distingue des deux autres grandes villes de garnison de l'\u00e9poque, Besan\u00e7on et Lille, qui sont monolingues et ne pr\u00e9sentent pas d'organisation complexe comparable.\r","authors":["Jean-Marie Valentin"],"category_codes":["1000000","1080000"],"visuals":{"large":"https:\/\/images.epagine.fr\/755\/9782252039755_1_75.jpg","medium":"https:\/\/images.epagine.fr\/755\/9782252039755_1_m.jpg","thumbnail":"https:\/\/images.epagine.fr\/755\/9782252039755_1_v.jpg"},"orderable":true,"show_badge":true,"formatted_price":"75,00&nbsp;\u20ac","formatted_published_date":"22 avril 2015","publisher_availability_label":"Sur commande","short_details":"Jean-Marie Valentin \u2014 Klincksieck","translator":null,"weight":701,"page_count":875,"readership":null,"editor":"Klincksieck","price":7500,"published_date":"2015-04-21T22:00:00.000000Z","support":"Grand format","publisher_availability":1,"stock":0,"editions":[],"url":"https:\/\/quaidesbrumes.com\/ouvrage\/9782252039755\/le-theatre-a-strasbourg-de-brant-a-voltaire-1512-1781"},{"id":"9782959627712","title":"Quand l'Amour vous passera dessus! : Dans les mots du fou les femmes sont plus belles!","description":"Quelque part, dans un jardin public, la rencontre incongrue de deux hommes en promenade avec leurs poussettes. Fragiles comme des hommes et sensibles comme des b\u00eates, leur manque d'Amour m\u00eal\u00e9 \u00e0 leur besoin de communiquer nous livre une vision toute particuli\u00e8re du couple, de la vie conjugale, de la famille... et des rapports humains... S'installe alors entre ces deux personnages si originaux, une relation dangereusement loufoque et sympathique. On assiste aux confidences surprenantes d'un grand d\u00e9pressif et d'un l\u00e9ger psychopathe... \r\nUne joute verbale violente, \u00e0 l'humour d\u00e9capant et pleine de po\u00e9sie fait mouche sur ces vies d\u00e9labr\u00e9es... \r\nCes deux naufrag\u00e9s de la vie vont trouver enfin une raison de vivre... ou plut\u00f4t de rena\u00eetre.\r\nCette pi\u00e8ce s'est cr\u00e9\u00e9e simultan\u00e9ment \u00e0 Paris et \u00e0 Lyon en 2015.\r\nElle propose un th\u00e9\u00e2tre de divertissement pertinent, sensible. Au ton tr\u00e8s particulier, ni caf\u00e9-th\u00e9\u00e2tre ou boulevard, ni th\u00e9\u00e2tre \u00ab intellectuel \u00bb mais parfois tout \u00e7a, cette aventure surprendra forc\u00e9ment les habitu\u00e9s du th\u00e9\u00e2tre et les spectateurs curieux en qu\u00eate d'\u00e9motion. \r\nLa qualit\u00e9 des dialogues illustre un m\u00e9lange de parodie et de gravit\u00e9, proche parfois de la sensiblerie du comique de cirque, sur fond d'humour et d'absurde. Il y a des sc\u00e8nes de com\u00e9die pures mais aussi des moments tragiques.\r\nLes premi\u00e8res r\u00e9pliques de la pi\u00e8ce :\r\nGUS : Quel \u00e2ge il  a votre enfant ?\r\nNOURS :  Je ne sais pas !... C'est pas le mien !... Je l'ai trouv\u00e9 au bout du parc !\r","authors":["Matthieu Becker"],"category_codes":["1000000","1080000","1080300","1080305"],"visuals":{"large":"https:\/\/quaidesbrumes.com\/img\/book-placeholder.png","medium":"https:\/\/quaidesbrumes.com\/img\/book-placeholder.png","thumbnail":"https:\/\/quaidesbrumes.com\/img\/book-placeholder.png"},"orderable":true,"show_badge":true,"formatted_price":"18,00&nbsp;\u20ac","formatted_published_date":"24 mars 2026","publisher_availability_label":"Sur commande","short_details":"Matthieu Becker \u2014 Buzzaro\u00efd Studio","translator":null,"weight":154,"page_count":94,"readership":null,"editor":"Buzzaro\u00efd Studio","price":1800,"published_date":"2026-03-23T23:00:00.000000Z","support":"Poche","publisher_availability":1,"stock":0,"editions":[],"url":"https:\/\/quaidesbrumes.com\/ouvrage\/9782959627712\/quand-lamour-vous-passera-dessus-dans-les-mots-du-fou-les-femmes-sont-plus-belles"},{"id":"9782959627729","title":"Over taken by Love ! : In the words of the mad man, women are prettier.","description":"Quelque part, dans un jardin public, la rencontre incongrue de deux hommes en promenade avec leurs poussettes. Fragiles comme des hommes et sensibles comme des b\u00eates, leur manque d'Amour m\u00eal\u00e9 \u00e0 leur besoin de communiquer nous livre une vision toute particuli\u00e8re du couple, de la vie conjugale, de la famille... et des rapports humains... S'installe alors entre ces deux personnages si originaux, une relation dangereusement loufoque et sympathique. On assiste aux confidences surprenantes d'un grand d\u00e9pressif et d'un l\u00e9ger psychopathe... \r\nUne joute verbale violente, \u00e0 l'humour d\u00e9capant et pleine de po\u00e9sie fait mouche sur ces vies d\u00e9labr\u00e9es... \r\nCes deux naufrag\u00e9s de la vie vont trouver enfin une raison de vivre... ou plut\u00f4t de rena\u00eetre.\r\nCette pi\u00e8ce s'est cr\u00e9\u00e9e simultan\u00e9ment \u00e0 Paris et \u00e0 Lyon en 2015.\r\nElle propose un th\u00e9\u00e2tre de divertissement pertinent, sensible. Au ton tr\u00e8s particulier, ni caf\u00e9-th\u00e9\u00e2tre ou boulevard, ni th\u00e9\u00e2tre \u00ab intellectuel \u00bb mais parfois tout \u00e7a, cette aventure surprendra forc\u00e9ment les habitu\u00e9s du th\u00e9\u00e2tre et les spectateurs curieux en qu\u00eate d'\u00e9motion. \r\nLa qualit\u00e9 des dialogues illustre un m\u00e9lange de parodie et de gravit\u00e9, proche parfois de la sensiblerie du comique de cirque, sur fond d'humour et d'absurde. Il y a des sc\u00e8nes de com\u00e9die pures mais aussi des moments tragiques.\r\nLes premi\u00e8res r\u00e9pliques de la pi\u00e8ce :\r\nGUS : How old is yours ?\r\nNOURS :  I don't know he is not mine !... I found him somewhere in a parc !\r","authors":["Matthieu Becker"],"category_codes":["1000000","1080000","1080300"],"visuals":{"large":"https:\/\/quaidesbrumes.com\/img\/book-placeholder.png","medium":"https:\/\/quaidesbrumes.com\/img\/book-placeholder.png","thumbnail":"https:\/\/quaidesbrumes.com\/img\/book-placeholder.png"},"orderable":true,"show_badge":true,"formatted_price":"18,00&nbsp;\u20ac","formatted_published_date":"26 mars 2026","publisher_availability_label":"Sur commande","short_details":"Matthieu Becker \u2014 Buzzaro\u00efd Studio","translator":null,"weight":154,"page_count":103,"readership":null,"editor":"Buzzaro\u00efd Studio","price":1800,"published_date":"2026-03-25T23:00:00.000000Z","support":"Poche","publisher_availability":1,"stock":0,"editions":[],"url":"https:\/\/quaidesbrumes.com\/ouvrage\/9782959627729\/over-taken-by-love-in-the-words-of-the-mad-man-women-are-prettier"},{"id":"9791042811129","title":"Sheridan : la derni\u00e8re pi\u00e8ce","description":"Dramaturge et homme politique majeur de la Grande-Bretagne de la fin du XVIIIe si\u00e8cle, Richard Brinsley Sheridan (1751-1816) suit une trajectoire qui touche au traitement des femmes, aux performances th\u00e9\u00e2trales, mais aussi au r\u00f4le de l'humour et aux rapports de l'Angleterre avec d'autres (l'Irlande, les Indes, et l'Am\u00e9rique du nord). \u00a0\r\nL'intrigue de cette pi\u00e8ce retrace sa vie dans des d\u00e9cors th\u00e9\u00e2traux et politiques associ\u00e9s au personnage.\r","authors":["Micha\u00ebl Palmer"],"category_codes":["1000000","1080000"],"visuals":{"large":"https:\/\/images.epagine.fr\/129\/9791042811129_1_75.jpg","medium":"https:\/\/images.epagine.fr\/129\/9791042811129_1_m.jpg","thumbnail":"https:\/\/images.epagine.fr\/129\/9791042811129_1_v.jpg"},"orderable":true,"show_badge":true,"formatted_price":"10,00&nbsp;\u20ac","formatted_published_date":"26 mars 2026","publisher_availability_label":"Sur commande","short_details":"Micha\u00ebl Palmer \u2014 Les Impliques","translator":null,"weight":77,"page_count":60,"readership":null,"editor":"Les Impliques","price":1000,"published_date":"2026-03-25T23:00:00.000000Z","support":"Grand format","publisher_availability":1,"stock":0,"editions":[],"url":"https:\/\/quaidesbrumes.com\/ouvrage\/9791042811129\/sheridan-la-derniere-piece"},{"id":"9791040599333","title":"Th\u00e9\u00e2tre de la cruaut\u00e9 : (ne pas ouvrir)","description":"A tant de jeux se livrent les soci\u00e9t\u00e9s humaines. Ne pas devenir un mort-vivant ! Tu bl\u00e2mes la sentence, clame le vivant en toi, \u00e0 la place ! Ne pas rater sa mort, ne pas devenir une vie silencieuse, une nature morte. Et si les morts vivaient, le vivant...\r","authors":["Claudy Guillaume"],"category_codes":["1000000","1080000","1080500"],"visuals":{"large":"https:\/\/images.epagine.fr\/333\/9791040599333_1_75.jpg","medium":"https:\/\/images.epagine.fr\/333\/9791040599333_1_m.jpg","thumbnail":"https:\/\/images.epagine.fr\/333\/9791040599333_1_v.jpg"},"orderable":true,"show_badge":true,"formatted_price":"13,90&nbsp;\u20ac","formatted_published_date":"8 janvier 2026","publisher_availability_label":"Sur commande","short_details":"Claudy Guillaume \u2014 Librinova","translator":null,"weight":107,"page_count":80,"readership":null,"editor":"Librinova","price":1390,"published_date":"2026-01-07T23:00:00.000000Z","support":"Grand format","publisher_availability":1,"stock":0,"editions":[],"url":"https:\/\/quaidesbrumes.com\/ouvrage\/9791040599333\/theatre-de-la-cruaute-ne-pas-ouvrir"},{"id":"9782130495390","title":"Esth\u00e9tique du tableau dans le th\u00e9\u00e2tre du XVIII\u00e8me si\u00e8cle","description":"Ce livre trace l'un des chemins au long desquels le th\u00e9\u00e2tre du XVIIIe si\u00e8cle est parti d'illusion et d'\u00e9motion, au travers de la th\u00e9orie, de l'architecture et de l'\u00e9criture dramatique, et les a trouv\u00e9es avec la peinture.\r\nPhilosophe et \u00e9crivain, passionn\u00e9 de th\u00e9\u00e2tre aussi bien que de peinture, Diderot fut le th\u00e9oricien de cette rencontre. Le \"tableau dramatique\" est la formule qui lui permit, pr\u00e8s de trois quarts de si\u00e8cle \u00e0 l'art dramatique une seconde fondation quand trop fortement menac\u00e9 par l'acad\u00e9misme. R\u00e9solument interdiciplinaire, cette \u00e9tude propose la premi\u00e8re synth\u00e8se sur la naissance d'un th\u00e9\u00e2tre de l'image.\r","authors":["Pierre Frantz"],"category_codes":["1000000","1080000"],"visuals":{"large":"https:\/\/images.epagine.fr\/390\/9782130495390_1_75.jpg","medium":"https:\/\/images.epagine.fr\/390\/9782130495390_1_m.jpg","thumbnail":"https:\/\/images.epagine.fr\/390\/9782130495390_1_v.jpg"},"orderable":true,"show_badge":true,"formatted_price":"19,00&nbsp;\u20ac","formatted_published_date":"3 novembre 1998","publisher_availability_label":"Sur commande","short_details":"Pierre Frantz \u2014 PUF","translator":null,"weight":370,"page_count":272,"readership":null,"editor":"PUF","price":1900,"published_date":"1998-11-02T23:00:00.000000Z","support":"Grand format","publisher_availability":1,"stock":0,"editions":[],"url":"https:\/\/quaidesbrumes.com\/ouvrage\/9782130495390\/esthetique-du-tableau-dans-le-theatre-du-xviiieme-siecle"},{"id":"9782336611990","title":"Nos seins","description":"Quand Fran\u00e7oise apprend qu'elle est atteinte d'un cancer du sein, sa vie bascule.\r\nNos seins raconte, entre humour et col\u00e8re, la travers\u00e9e de son cancer, son parcours intime et singulier : les rendez-vous m\u00e9dicaux, l'accompagnement de sa Belle, les r\u00e9miniscences du pass\u00e9, le corps en transformation, la perte du genre... et l'apparition de Sainte Agathe de Catane, figure mythologique supplici\u00e9e par les seins.\r\nNos seins met en lumi\u00e8re et en po\u00e9sie cette odyss\u00e9e queer et f\u00e9ministe, qui en dit beaucoup sur la place des femmes et le traitement de leur corps dans notre soci\u00e9t\u00e9. Une parole n\u00e9cessaire, un combat pour la vie.\r","authors":["Fran\u00e7oise Lorente"],"category_codes":["1000000","1080000"],"visuals":{"large":"https:\/\/images.epagine.fr\/990\/9782336611990_1_75.jpg","medium":"https:\/\/images.epagine.fr\/990\/9782336611990_1_m.jpg","thumbnail":"https:\/\/images.epagine.fr\/990\/9782336611990_1_v.jpg"},"orderable":true,"show_badge":true,"formatted_price":"12,00&nbsp;\u20ac","formatted_published_date":"30 mars 2026","publisher_availability_label":"Sur commande","short_details":"Fran\u00e7oise Lorente \u2014 \u00c9ditions L'Harmattan","translator":null,"weight":98,"page_count":78,"readership":null,"editor":"\u00c9ditions L'Harmattan","price":1200,"published_date":"2026-03-29T22:00:00.000000Z","support":"Grand format","publisher_availability":1,"stock":0,"editions":[],"url":"https:\/\/quaidesbrumes.com\/ouvrage\/9782336611990\/nos-seins"},{"id":"9782351052488","title":"Match retour","description":null,"authors":["F\u00e9licien Juttner"],"category_codes":["1000000","1080000"],"visuals":{"large":"https:\/\/quaidesbrumes.com\/img\/book-placeholder.png","medium":"https:\/\/quaidesbrumes.com\/img\/book-placeholder.png","thumbnail":"https:\/\/quaidesbrumes.com\/img\/book-placeholder.png"},"orderable":false,"show_badge":true,"formatted_price":"14,00&nbsp;\u20ac","formatted_published_date":"10 septembre 2026","publisher_availability_label":"\u00c0 para\u00eetre","short_details":"F\u00e9licien Juttner \u2014 L'Oeil du Prince","translator":null,"weight":0,"page_count":null,"readership":null,"editor":"L'Oeil du Prince","price":1400,"published_date":"2026-09-09T22:00:00.000000Z","support":"Grand format","publisher_availability":2,"stock":0,"editions":[],"url":"https:\/\/quaidesbrumes.com\/ouvrage\/9782351052488\/match-retour"},{"id":"9782359351484","title":"Mise en texte et mise en scene d'un intime public - une lecture de \"corpo di stato\" de marco baliani","description":null,"authors":["Froment Mireille"],"category_codes":["1000000","1080000"],"visuals":{"large":"https:\/\/images.epagine.fr\/484\/9782359351484_1_75.jpg","medium":"https:\/\/images.epagine.fr\/484\/9782359351484_1_m.jpg","thumbnail":"https:\/\/images.epagine.fr\/484\/9782359351484_1_v.jpg"},"orderable":true,"show_badge":true,"formatted_price":"18,00&nbsp;\u20ac","formatted_published_date":"20 octobre 2015","publisher_availability_label":"Sur commande","short_details":"Froment Mireille \u2014 Lambert-Lucas","translator":null,"weight":185,"page_count":null,"readership":null,"editor":"Lambert-Lucas","price":1800,"published_date":"2015-10-19T22:00:00.000000Z","support":"Grand format","publisher_availability":1,"stock":0,"editions":[],"url":"https:\/\/quaidesbrumes.com\/ouvrage\/9782359351484\/mise-en-texte-et-mise-en-scene-dun-intime-public-une-lecture-de-corpo-di-stato-de-marco-baliani"}]}