{"data":[{"id":"9782296017894","title":"Portrait dramatique : L'utopie dans le th\u00e9\u00e2tre contemporain Th\u00e9\u00e2tre Jean-Vilar, Vitry-sur-Seine, 30 ans - Th\u00e9\u00e2tre Jean-Vilar, Vitry-sur-Seine, 30 ans","description":"\"A l'occasion du trenti\u00e8me anniversaire du Th\u00e9\u00e2tre Jean Vilar, l'association du \"Centre d'animation culturel (CAC)\" se demandait \"Comment faire pour que notre travail puisse \u00eatre partag\u00e9 par d'autres aujourd'hui et demain ?\" Le CAC a donc d\u00e9cid\u00e9 de commander une oeuvre \u00e0 Kazem Shahryari. Depuis janvier 2003, il a men\u00e9 son enqu\u00eate sur le terrain, fouill\u00e9, fouin\u00e9 dans les archives et s'est entretenu avec ceux qui ont particip\u00e9 \u00e0 cette tranche de vie du th\u00e9\u00e2tre. Le but n'\u00e9tait pas de r\u00e9aliser un recueil historique mais une v\u00e9ritable oeuvre qui s'inscrive dans la programmation du th\u00e9\u00e2tre.\"(Extrait de l'avant-propos)","authors":["Kazem Shahryari"],"category_codes":["1000000","1080000"],"visuals":{"large":"https:\/\/images.epagine.fr\/894\/9782296017894_1_75.jpg","medium":"https:\/\/images.epagine.fr\/894\/9782296017894_1_m.jpg","thumbnail":"https:\/\/images.epagine.fr\/894\/9782296017894_1_v.jpg"},"orderable":true,"show_badge":true,"formatted_price":"26,00&nbsp;\u20ac","formatted_published_date":"2 d\u00e9cembre 2006","publisher_availability_label":"Sur commande","short_details":"Kazem Shahryari \u2014 \u00c9ditions L'Harmattan","translator":null,"weight":300,"page_count":280,"readership":null,"editor":"\u00c9ditions L'Harmattan","price":2600,"published_date":"2006-12-01T23:00:00.000000Z","support":"Grand format","publisher_availability":1,"stock":0,"editions":[],"url":"https:\/\/quaidesbrumes.com\/ouvrage\/9782296017894\/portrait-dramatique-lutopie-dans-le-theatre-contemporain-theatre-jean-vilar-vitry-sur-seine-30-ans-theatre-jean-vilar-vitry-sur-seine-30-ans"},{"id":"9782738430021","title":"Portrait","description":null,"authors":["Reza Ghassemi","Monique Picard"],"category_codes":["1000000","1080000"],"visuals":{"large":"https:\/\/images.epagine.fr\/021\/9782738430021_1_75.jpg","medium":"https:\/\/images.epagine.fr\/021\/9782738430021_1_m.jpg","thumbnail":"https:\/\/images.epagine.fr\/021\/9782738430021_1_v.jpg"},"orderable":true,"show_badge":true,"formatted_price":"11,00&nbsp;\u20ac","formatted_published_date":"1er mars 1995","publisher_availability_label":"Sur commande","short_details":"Reza Ghassemi, Monique Picard \u2014 \u00c9ditions L'Harmattan","translator":"MONIQUE PICARD","weight":120,"page_count":82,"readership":null,"editor":"\u00c9ditions L'Harmattan","price":1100,"published_date":"1995-02-28T23:00:00.000000Z","support":"Grand format","publisher_availability":1,"stock":0,"editions":[],"url":"https:\/\/quaidesbrumes.com\/ouvrage\/9782738430021\/portrait"},{"id":"9782747538039","title":"Les th\u00e9\u00e2tres francophones et cr\u00e9olophones de la Cara\u00efbe ; Ha\u00efti, Guadeloupe, Guyane, Martinique, Sainte-Lucie","description":"Cet ensemble d'\u00e9tudes consacr\u00e9es aux th\u00e9\u00e2tres francophones et cr\u00e9olophones  la r\u00e9gion caraib\u00e9enne tire son originalit\u00e9 de la mise en \u00e9vidence des composantes de la pratique th\u00e9\u00e2trale en tant que domaine distinct de la litt\u00e9rature. L'ouvrage analyse la dramaturgie , la mise en sc\u00e8ne, la r\u00e9ception critique et populaire, de m\u00eame que le jeu, tels qu'ils se manifestent en Guadeloupe, en Guyane, en Ha\u00efti, en Martinique, et \u00e0 Sainte-Lucie.","authors":["Alvina Ruprecht"],"category_codes":["1000000","1080000"],"visuals":{"large":"https:\/\/images.epagine.fr\/039\/9782747538039_1_75.jpg","medium":"https:\/\/images.epagine.fr\/039\/9782747538039_1_m.jpg","thumbnail":"https:\/\/images.epagine.fr\/039\/9782747538039_1_v.jpg"},"orderable":true,"show_badge":true,"formatted_price":"21,50&nbsp;\u20ac","formatted_published_date":"1er novembre 2003","publisher_availability_label":"Sur commande","short_details":"Alvina Ruprecht \u2014 \u00c9ditions L'Harmattan","translator":null,"weight":328,"page_count":252,"readership":null,"editor":"\u00c9ditions L'Harmattan","price":2150,"published_date":"2003-10-31T23:00:00.000000Z","support":"Grand format","publisher_availability":1,"stock":0,"editions":[],"url":"https:\/\/quaidesbrumes.com\/ouvrage\/9782747538039\/les-theatres-francophones-et-creolophones-de-la-caraibe-haiti-guadeloupe-guyane-martinique-sainte-lucie"},{"id":"9782406188520","title":"Th\u00e9\u00e2tre complet : Pi\u00e8ces in\u00e9dites Tome 2","description":"Ce deuxi\u00e8me volume du Th\u00e9\u00e2tre in\u00e9dit de Dumas est consacr\u00e9 \u00e0 sa production des ann\u00e9es 1853-1868. Comme celle des d\u00e9cennies pr\u00e9c\u00e9dentes, elle se distingue par sa vari\u00e9t\u00e9. Ces oeuvres jusque-l\u00e0 inconnues offrent un \u00e9clairage indispensable sur l'ensemble du corpus dumasien.","authors":["Alexandre Dumas","Fran\u00e7ois-Xavier Rahier","Sylvain Ledda","El\u00e9onore Reverzy","Pierre Glaudes","Anne-Marie Callet-Bianco"],"category_codes":["1000000","1080000"],"visuals":{"large":"https:\/\/images.epagine.fr\/520\/9782406188520_1_75.jpg","medium":"https:\/\/images.epagine.fr\/520\/9782406188520_1_m.jpg","thumbnail":"https:\/\/images.epagine.fr\/520\/9782406188520_1_v.jpg"},"orderable":true,"show_badge":true,"formatted_price":"119,00&nbsp;\u20ac","formatted_published_date":"28 janvier 2026","publisher_availability_label":"Sur commande","short_details":"Alexandre Dumas, Fran\u00e7ois-Xavier Rahier, Sylvain Ledda, El\u00e9onore Reverzy, Pierre Glaudes, Anne-Marie Callet-Bianco \u2014 CLASSIQUES GARNIER","translator":null,"weight":1420,"page_count":961,"readership":null,"editor":"CLASSIQUES GARNIER","price":11900,"published_date":"2026-01-27T23:00:00.000000Z","support":"Grand format","publisher_availability":1,"stock":0,"editions":["9782406188513"],"url":"https:\/\/quaidesbrumes.com\/ouvrage\/9782406188520\/theatre-complet-pieces-inedites-tome-2"},{"id":"9782406188551","title":"Th\u00e9\u00e2tre complet : Pi\u00e8ces in\u00e9dites Tome 1","description":"Cette \u00e9dition propose de mettre en lumi\u00e8re le th\u00e9\u00e2tre inconnu de Dumas, constitu\u00e9 de pi\u00e8ces non \u00e9dit\u00e9es et\/ou non repr\u00e9sent\u00e9es, qui dessinent une autre vue de son corpus officiel. Ce volume regroupe la premi\u00e8re partie de cette production inconnue (1832-1852).","authors":["Alexandre Dumas","Fran\u00e7ois-Xavier Rahier","Sylvain Ledda","El\u00e9onore Reverzy","Anne-Marie Callet-Bianco","Pierre Glaudes"],"category_codes":["1000000","1080000"],"visuals":{"large":"https:\/\/images.epagine.fr\/551\/9782406188551_1_75.jpg","medium":"https:\/\/images.epagine.fr\/551\/9782406188551_1_m.jpg","thumbnail":"https:\/\/images.epagine.fr\/551\/9782406188551_1_v.jpg"},"orderable":true,"show_badge":true,"formatted_price":"119,00&nbsp;\u20ac","formatted_published_date":"28 janvier 2026","publisher_availability_label":"Sur commande","short_details":"Alexandre Dumas, Fran\u00e7ois-Xavier Rahier, Sylvain Ledda, El\u00e9onore Reverzy, Anne-Marie Callet-Bianco, Pierre Glaudes \u2014 CLASSIQUES GARNIER","translator":null,"weight":1420,"page_count":962,"readership":null,"editor":"CLASSIQUES GARNIER","price":11900,"published_date":"2026-01-27T23:00:00.000000Z","support":"Grand format","publisher_availability":1,"stock":0,"editions":["9782406188544"],"url":"https:\/\/quaidesbrumes.com\/ouvrage\/9782406188551\/theatre-complet-pieces-inedites-tome-1"},{"id":"9782851819871","title":"Je ne marcherai plus dans les traces de tes pas","description":"Trois sociologues partent en mission de recherche en Afrique de l'Ouest pour y \u00e9tudier l'impact des programmes humanitaires sur les populations.\r\nTr\u00e8s vite surgissent entre eux d'inattendus rapports de force, qui viennent miner le travail d'\u00e9quipe. Paul D revendique son statut de chef de projet et tente de diviser les deux femmes, Laura L, brillante universitaire, et Doris M, son \u00e9tudiante en th\u00e8se, pour mieux r\u00e9gner. Quand Laura remet en question le rapport de force unilat\u00e9ral instaur\u00e9 par l'ONG sur place et expose la n\u00e9cessit\u00e9 de repenser leur angle d'\u00e9tude, Paul D se sent menac\u00e9 et rejette sa proposition. Laisser Laura L prendre les r\u00eanes de l'enqu\u00eate serait un simple aveu de faiblesse. Le d\u00e9saveu de toute une carri\u00e8re. Il chavire. Une honte profonde l'assaille.\r\nJuin 2020 - 05\/06\/2020 - 96 pages - 11,6 cm x 18,7 cm - 13 \u20ac ISBN : 978-2-85181-987-1 Chacun \u00e0 sa mani\u00e8re se retrouve confront\u00e9 \u00e0 son histoire, son enfance et la fragilit\u00e9 de sa construction sociale. Cette partition \u00e0 plusieurs voix explore les ressorts du psychisme, de la confiance en soi au sentiment d'imposture, et la mani\u00e8re dont le d\u00e9sir de pouvoir nous fait mentir \u00e0 nous-m\u00eames.\r\nEntre questionnements politiques et plong\u00e9e dans les g\u00e9ographie","authors":["Alexandra Bad\u00e9a"],"category_codes":["1000000","1080000"],"visuals":{"large":"https:\/\/images.epagine.fr\/871\/9782851819871_1_75.jpg","medium":"https:\/\/images.epagine.fr\/871\/9782851819871_1_m.jpg","thumbnail":"https:\/\/images.epagine.fr\/871\/9782851819871_1_v.jpg"},"orderable":false,"show_badge":true,"formatted_price":"15,00&nbsp;\u20ac","formatted_published_date":"5 juin 2026","publisher_availability_label":"\u00c0 para\u00eetre","short_details":"Alexandra Bad\u00e9a \u2014 L'Arche","translator":null,"weight":0,"page_count":112,"readership":null,"editor":"L'Arche","price":1500,"published_date":"2026-06-04T22:00:00.000000Z","support":"Grand format","publisher_availability":2,"stock":0,"editions":[],"url":"https:\/\/quaidesbrumes.com\/ouvrage\/9782851819871\/je-ne-marcherai-plus-dans-les-traces-de-tes-pas"},{"id":"9782343097787","title":"Pays des d\u00e9mocrates ; \"la d\u00e9brouillardise\"","description":"En Afrique, la d\u00e9mocratisation ayant accouch\u00e9 de la libert\u00e9 d'expression, elle s'est aussi inscrite dans des clivages structuraux : le tribalisme, le clanisme ou le n\u00e9potisme. Voil\u00e0 pourquoi l'\u00e9closion des partis politiques n'a donn\u00e9 naissance qu'\u00e0 des partis ethniques, qui ne s'occupent que des leurs en abandonnant le reste du peuple. Alors, les citoyens ordinaires sont tenus \u00e0 la d\u00e9brouillardise, seule possibilit\u00e9 pour survivre. Abdoulaye-Service et Faty-H\u00e9l\u00e8ne sont la cristallisation du peuple d'un Etat africain qui continue \u00e0 croire encore \u00e0 un espoir futur.","authors":["Ahmad Taboye"],"category_codes":["1000000","1080000"],"visuals":{"large":"https:\/\/images.epagine.fr\/787\/9782343097787_1_75.jpg","medium":"https:\/\/images.epagine.fr\/787\/9782343097787_1_m.jpg","thumbnail":"https:\/\/images.epagine.fr\/787\/9782343097787_1_v.jpg"},"orderable":true,"show_badge":true,"formatted_price":"13,50&nbsp;\u20ac","formatted_published_date":"15 septembre 2016","publisher_availability_label":"Sur commande","short_details":"Ahmad Taboye \u2014 \u00c9ditions L'Harmattan","translator":null,"weight":140,"page_count":106,"readership":null,"editor":"\u00c9ditions L'Harmattan","price":1350,"published_date":"2016-09-14T22:00:00.000000Z","support":"Grand format","publisher_availability":1,"stock":0,"editions":[],"url":"https:\/\/quaidesbrumes.com\/ouvrage\/9782343097787\/pays-des-democrates-la-debrouillardise"},{"id":"9782343099187","title":"Le march\u00e9 de Saint-Pierre ; m\u00e9lodrame en cinq actes suivi de nombreux documents in\u00e9dits","description":"Le March\u00e9 de Saint-Pierre est un drame qui, \u00e0 l'encontre d'autres oeuvres dramatiques de la m\u00eame \u00e9poque, est reconnu pour les rapports qu'il entretient avec l'actualit\u00e9 politique. Ce n'est pas parce que la pi\u00e8ce aborde directement la question de l'abolition de l'esclavage et des abus du syst\u00e8me esclavagiste qu'on lui attribue cette pertinence exceptionnelle. C'est parce que, \u00e0 l'instar de la nouvelle de Mme Reybaud dont elle est tir\u00e9e, l'oeuvre d'Antier et Decomberousse se sert de conventions litt\u00e9raires pour rendre ces questions philosophico-politiques plus concr\u00e8tes, plus sensibles et donc plus \u00e0 la port\u00e9e du public.\r\nAujourd'hui, quand des films comme 12 Years A Slave (Steve McQueen, 2013) ou Chocolat (Roschdy Zem, 2015) ont su toucher le coeur de tant de spectateurs, l'on ne s'\u00e9tonnera pas de l'efficacit\u00e9 de cette pi\u00e8ce de 1839 et on lira Le March\u00e9 de Saint-Pierre avec un int\u00e9r\u00eat \u00e0 peine diminu\u00e9 par le passage du temps.","authors":["Benjamin Antier","Alexis De Comberousse"],"category_codes":["1000000","1080000"],"visuals":{"large":"https:\/\/images.epagine.fr\/187\/9782343099187_1_75.jpg","medium":"https:\/\/images.epagine.fr\/187\/9782343099187_1_m.jpg","thumbnail":"https:\/\/images.epagine.fr\/187\/9782343099187_1_v.jpg"},"orderable":true,"show_badge":true,"formatted_price":"24,50&nbsp;\u20ac","formatted_published_date":"25 juillet 2016","publisher_availability_label":"Sur commande","short_details":"Benjamin Antier, Alexis De Comberousse \u2014 \u00c9ditions L'Harmattan","translator":null,"weight":260,"page_count":224,"readership":null,"editor":"\u00c9ditions L'Harmattan","price":2450,"published_date":"2016-07-24T22:00:00.000000Z","support":"Grand format","publisher_availability":1,"stock":0,"editions":[],"url":"https:\/\/quaidesbrumes.com\/ouvrage\/9782343099187\/le-marche-de-saint-pierre-melodrame-en-cinq-actes-suivi-de-nombreux-documents-inedits"},{"id":"9782343111346","title":"Au temps de P\u00e9ricl\u00e8s ou le desabus\u00e9 ; com\u00e9die en trois actes","description":"\"Dans Au temps de P\u00e9ricl\u00e8s ou Le d\u00e9sabus\u00e9, St\u00e9phane Scrive d\u00e9peint l \u00e9volution d une soci\u00e9t\u00e9 qui l a vu na\u00eetre en trois grands moments : les \u00e9meutes de mai 68, la prise du pouvoir par les socialistes en 1981 et la mont\u00e9e du Front National en 2002. Cette pi\u00e8ce de caract\u00e8re met en sc\u00e8ne deux visions qui se confrontent, celle du p\u00e8re et de son fils, deux g\u00e9n\u00e9rations en d\u00e9saccord. Si Philippe est un homme sceptique, sa femme Elisabeth, son fils Antoine et sa petite fille Mahaut viennent bouscouler cet homme vivant dans le pass\u00e9.\"","authors":["St\u00e9phane Scrive"],"category_codes":["1000000","1080000"],"visuals":{"large":"https:\/\/images.epagine.fr\/346\/9782343111346_1_75.jpg","medium":"https:\/\/images.epagine.fr\/346\/9782343111346_1_m.jpg","thumbnail":"https:\/\/images.epagine.fr\/346\/9782343111346_1_v.jpg"},"orderable":true,"show_badge":true,"formatted_price":"14,00&nbsp;\u20ac","formatted_published_date":"26 octobre 2017","publisher_availability_label":"Sur commande","short_details":"St\u00e9phane Scrive \u2014 \u00c9ditions L'Harmattan","translator":null,"weight":140,"page_count":106,"readership":null,"editor":"\u00c9ditions L'Harmattan","price":1400,"published_date":"2017-10-25T22:00:00.000000Z","support":"Grand format","publisher_availability":1,"stock":0,"editions":[],"url":"https:\/\/quaidesbrumes.com\/ouvrage\/9782343111346\/au-temps-de-pericles-ou-le-desabuse-comedie-en-trois-actes"},{"id":"9791020390806","title":"Un s\u00e9jour de tout repos : Pi\u00e8ce de th\u00e9\u00e2tre en trois actes","description":"Des amis se retrouvent dans un lieu retir\u00e9 pour partager un moment de convivialit\u00e9, mais un message gla\u00e7ant fait basculer la rencontre. Coup\u00e9s du monde, ils se retrouvent enferm\u00e9s dans un huis clos o\u00f9 les apparences se fissurent et les certitudes vacillent. Une menace mortelle plane, for\u00e7ant chacun \u00e0 affronter ses peurs, ses failles et des choix aussi intimes que tragiques.\r\n \r\nCatherine Georges-Jeannin est n\u00e9e en Lorraine en 1963. Apr\u00e8s des \u00e9tudes de lettres, elle devient professeur d'histoire-g\u00e9ographie mais reste tr\u00e8s attach\u00e9e \u00e0 la litt\u00e9rature. Elle est \u00e9galement l'auteure de Sous emprise paru aux \u00e9ditions Baudelaire en 2024.","authors":["Catherine Georges-Jeannin"],"category_codes":["1000000","1080000"],"visuals":{"large":"https:\/\/images.epagine.fr\/806\/9791020390806_1_75.jpg","medium":"https:\/\/images.epagine.fr\/806\/9791020390806_1_m.jpg","thumbnail":"https:\/\/images.epagine.fr\/806\/9791020390806_1_v.jpg"},"orderable":true,"show_badge":true,"formatted_price":"13,00&nbsp;\u20ac","formatted_published_date":"26 janvier 2026","publisher_availability_label":"Sur commande","short_details":"Catherine Georges-Jeannin \u2014 Baudelaire","translator":null,"weight":119,"page_count":88,"readership":null,"editor":"Baudelaire","price":1300,"published_date":"2026-01-25T23:00:00.000000Z","support":"Grand format","publisher_availability":1,"stock":0,"editions":[],"url":"https:\/\/quaidesbrumes.com\/ouvrage\/9791020390806\/un-sejour-de-tout-repos-piece-de-theatre-en-trois-actes"},{"id":"9782332948908","title":"Le th\u00e9\u00e2tre d'Alphonse Allais ; 29 contes adapt\u00e9s pour la sc\u00e8ne","description":"Alphonse Allais est un humoriste distingu\u00e9 et \u00e9l\u00e9gant. N\u00e9 en 1854 \u00e0 Honfleur, mort \u00e0 Paris en 1905, il publie des nouvelles dans la presse avant de les r\u00e9unir en recueil. Il associe le burlesque et le fantastique, le cocasse et l'absurde, l'humour noir et l'extravagance. Ces contes peuvent \u00eatre jou\u00e9s dans le cadre d'un spectacle d\u00e9di\u00e9 \u00e0 Alphonse Allais, pour faire ou refaire d\u00e9couvrir cet auteur qui en a inspir\u00e9 tant d'autres.\r\n\r\n Bonne lecture et bon jeu !","authors":["Anne-caroline d' Arnaudy"],"category_codes":["1000000","1080000","1080100"],"visuals":{"large":"https:\/\/images.epagine.fr\/908\/9782332948908_1_75.jpg","medium":"https:\/\/images.epagine.fr\/908\/9782332948908_1_m.jpg","thumbnail":"https:\/\/images.epagine.fr\/908\/9782332948908_1_v.jpg"},"orderable":true,"show_badge":true,"formatted_price":"14,50&nbsp;\u20ac","formatted_published_date":"20 juillet 2015","publisher_availability_label":"Sur commande","short_details":"Anne-caroline d' Arnaudy \u2014 Edilivre","translator":null,"weight":184,"page_count":150,"readership":null,"editor":"Edilivre","price":1450,"published_date":"2015-07-19T22:00:00.000000Z","support":"Grand format","publisher_availability":1,"stock":0,"editions":[],"url":"https:\/\/quaidesbrumes.com\/ouvrage\/9782332948908\/le-theatre-dalphonse-allais-29-contes-adaptes-pour-la-scene"},{"id":"9791040620716","title":"Mauvaise rencontre : Monologue \u00e0 deux voix","description":"\u00ab Vous vous demandez ce que c'est que cette histoire, ou m\u00eame si cela en est une... Je vais vous le dire :\r\n Une transgression, une transgression que j'ai voulu d\u00e9fier, d\u00e9truire, annihiler et \u00e0 laquelle je me suis br\u00fbl\u00e9e, consum\u00e9e. Une imprudence, une folie, dans laquelle je me suis jet\u00e9e, me suis ab\u00eem\u00e9e...  \u00bb\r\nEn faisant entendre le combat int\u00e9rieur avec son Moi, Barbara revient sur une passion qui aurait pu tout avoir d'une belle rencontre et qu'un lien indissoluble garde toujours vivante.\r\n \r\nHilda Himberg, passionn\u00e9e d'\u00e9criture depuis l'enfance, a d'abord men\u00e9 une carri\u00e8re universitaire marqu\u00e9e par de nombreux articles et ouvrages scientifiques. Lib\u00e9r\u00e9e de ses engagements acad\u00e9miques, elle s'est tourn\u00e9e vers la litt\u00e9rature et le th\u00e9\u00e2tre, explorant avec jubilation la cr\u00e9ation romanesque et dramatique. Son oeuvre interroge les myst\u00e8res de l'\u00e9criture, o\u00f9 \u00e9motion et urgence guident ses choix entre roman et sc\u00e8ne.","authors":["Hilda Himberg"],"category_codes":["1000000","1080000"],"visuals":{"large":"https:\/\/images.epagine.fr\/716\/9791040620716_1_75.jpg","medium":"https:\/\/images.epagine.fr\/716\/9791040620716_1_m.jpg","thumbnail":"https:\/\/images.epagine.fr\/716\/9791040620716_1_v.jpg"},"orderable":true,"show_badge":true,"formatted_price":"13,50&nbsp;\u20ac","formatted_published_date":"22 janvier 2026","publisher_availability_label":"Sur commande","short_details":"Hilda Himberg \u2014 Les Trois Colonnes","translator":null,"weight":99,"page_count":70,"readership":null,"editor":"Les Trois Colonnes","price":1350,"published_date":"2026-01-21T23:00:00.000000Z","support":"Grand format","publisher_availability":1,"stock":0,"editions":[],"url":"https:\/\/quaidesbrumes.com\/ouvrage\/9791040620716\/mauvaise-rencontre-monologue-a-deux-voix"},{"id":"9791043700606","title":"La ch\u00e8vre et le Pr\u00e9sident","description":"La ch\u00e8vre et le Pr\u00e9sident raconte l'histoire de trois personnages aux trajectoires oppos\u00e9es : un pr\u00e9sident populiste pr\u00eat \u00e0 tout pour conserver son pouvoir, un g\u00e9n\u00e9ral d\u00e9cor\u00e9 \u00e0 la t\u00eate d'une guerre dont il ignore le sens et une responsable humanitaire en qu\u00eate d'id\u00e9aux inaccessibles. Au milieu de ce trio, une ch\u00e8vre abandonn\u00e9e surgit dans des montagnes enneig\u00e9es. Rien ne laissait pr\u00e9sager une rencontre entre ces destins disparates, et pourtant... \u00c0 travers des situations absurdes et des p\u00e9rip\u00e9ties improbables, leurs vies vont se croiser.\r\nMais jusqu'o\u00f9 cette collision des mondes les m\u00e8nera-t-elle ?","authors":["Pierre Antille"],"category_codes":["1000000","1080000","1080400"],"visuals":{"large":"https:\/\/images.epagine.fr\/606\/9791043700606_1_75.jpg","medium":"https:\/\/images.epagine.fr\/606\/9791043700606_1_m.jpg","thumbnail":"https:\/\/images.epagine.fr\/606\/9791043700606_1_v.jpg"},"orderable":true,"show_badge":true,"formatted_price":"23,00&nbsp;\u20ac","formatted_published_date":"26 janvier 2026","publisher_availability_label":"Sur commande","short_details":"Pierre Antille \u2014 Le Lys Bleu","translator":null,"weight":299,"page_count":264,"readership":null,"editor":"Le Lys Bleu","price":2300,"published_date":"2026-01-25T23:00:00.000000Z","support":"Grand format","publisher_availability":1,"stock":0,"editions":[],"url":"https:\/\/quaidesbrumes.com\/ouvrage\/9791043700606\/la-chevre-et-le-president"},{"id":"9782070704118","title":"Un flingue sous les roses","description":"C'est le coeur de l'\u00e9t\u00e9\u00a0! Sous les platanes, le temps s'arr\u00eate et on parle... avant d'aller \u00e0 la plage\u00a0! On parle encore dans cet ascenseur tomb\u00e9 en panne, la nuit, au 47e \u00e9tage\u00a0:\u00a0deux inconnus, un homme, une femme s'y d\u00e9fendent contre la peur et le d\u00e9sir qu'ils ont soudain l'un de l'autre. Ou alors c'est une auguste dame du Femina qui ouvre sa porte, \u00e0 minuit, \u00e0 un jeune \u00e9crivain les bras charg\u00e9s de roses, le manuscrit de son prochain roman dans sa poche. Que vont-ils se dire\u00a0? Que va-t-il arriver \u00e0 ce couple ill\u00e9gitime le soir\r\no\u00f9 lui, qui est mari\u00e9, apprend qu'elle, qui ne l'est pas, vient de gagner le gros lot au loto\u00a0? Quant \u00e0 la grande com\u00e9dienne, la sublime star, venue rendre visite \u00e0 son metteur en sc\u00e8ne pour lui dire qu'elle se sent incapable de dire \u00e0 l'\u00e9cran \u00abmon amour... mon amour...\u00bb, que cherche-t-elle, au juste\u00a0? Voici encore l'\u00e9pouse du num\u00e9ro 1 du tennis mondial qui console \u00e0 sa mani\u00e8re son champion de mari qui vient de perdre sa finale... L'abonn\u00e9 du t\u00e9l\u00e9phone qui se trompe de num\u00e9ro et communique son angoisse de la mort \u00e0 l'inconnu qui lui r\u00e9pond... Tous ces r\u00f4les, si multiples, ont d\u00e9j\u00e0 \u00e9t\u00e9 jou\u00e9s par les plus grands. Claude Pi\u00e9plu, Guy Tr\u00e9jan, Fran\u00e7oise Fabian, Marcel Bozzuffi, Andr\u00e9 Falcon, Nicole Garcia, Jean-Luc Bideau ont incarn\u00e9, \u00e0 la radio, les personnages terribles et follement dr\u00f4les des onze pi\u00e8ces \u00e9crites par Madeleine Chapsal. Au lecteur, maintenant, de bien s'amuser.","authors":["Madeleine Chapsal"],"category_codes":["1000000","1080000"],"visuals":{"large":"https:\/\/images.epagine.fr\/118\/9782070704118_1_75.jpg","medium":"https:\/\/images.epagine.fr\/118\/9782070704118_1_m.jpg","thumbnail":"https:\/\/images.epagine.fr\/118\/9782070704118_1_v.jpg"},"orderable":true,"show_badge":true,"formatted_price":"14,70&nbsp;\u20ac","formatted_published_date":"2 mai 1985","publisher_availability_label":"Sur commande","short_details":"Madeleine Chapsal \u2014 Gallimard","translator":null,"weight":365,"page_count":304,"readership":null,"editor":"Gallimard","price":1470,"published_date":"1985-05-01T22:00:00.000000Z","support":"Grand format","publisher_availability":1,"stock":0,"editions":[],"url":"https:\/\/quaidesbrumes.com\/ouvrage\/9782070704118\/un-flingue-sous-les-roses"},{"id":"9782226087621","title":"Th\u00e9\u00e2tre ; conversations apr\u00e8s un enterrement ; la travers\u00e9e de l'hiver ; art","description":"Yasmina Reza a d\u00e9cid\u00e9 d'\u00eatre elle-m\u00eame : dr\u00f4le, nerveuse, impertinente, impatiente, autant de qualit\u00e9s r\u00e9unies dans \" Art \", com\u00e9die hilarante et sensible.\r\nLe Monde Une com\u00e9die remarquablement intelligente, profonde et spirituelle. \" Art \" touche \u00e0 l'universel. The Times Un miracle. La plus haute \u00e9cole de la com\u00e9die. Die Welt Conversations apr\u00e8s un enterrement, une pi\u00e8ce violente, noire, dr\u00f4le. Yasmina Reza est parmi ces \u00e9crivains qui manient en virtuoses une ironie onirique. Le Nouvel Observateur La Travers\u00e9e de l'hiver, un des plus beaux imbroglios d'amour que j'aie vu depuis longtemps.\r\nLe Canard encha\u00een\u00e9","authors":["Yasmina Reza"],"category_codes":["1000000","1080000"],"visuals":{"large":"https:\/\/images.epagine.fr\/621\/9782226087621_1_75.jpg","medium":"https:\/\/images.epagine.fr\/621\/9782226087621_1_m.jpg","thumbnail":"https:\/\/images.epagine.fr\/621\/9782226087621_1_v.jpg"},"orderable":true,"show_badge":true,"formatted_price":"20,90&nbsp;\u20ac","formatted_published_date":"2 janvier 1998","publisher_availability_label":"Sur commande","short_details":"Yasmina Reza \u2014 Albin Michel","translator":null,"weight":322,"page_count":288,"readership":null,"editor":"Albin Michel","price":2090,"published_date":"1998-01-01T23:00:00.000000Z","support":"Grand format","publisher_availability":1,"stock":0,"editions":[],"url":"https:\/\/quaidesbrumes.com\/ouvrage\/9782226087621\/theatre-conversations-apres-un-enterrement-la-traversee-de-lhiver-art"},{"id":"9791042814755","title":"Donc Dieu n'existe pas : D'apr\u00e8s Andrzej Nowicki sur l'affaire Lyszczynski","description":"Le 30 mars 1689, Kazimierz Lyszczynski est ex\u00e9cut\u00e9 \u00e0 Varsovie pour avoir \u00e9crit Sur la non-existence de Dieu. Son manuscrit est livr\u00e9 aux flammes, sa pens\u00e9e r\u00e9duite au silence. Ce fait, presque effac\u00e9 de la m\u00e9moire collective, m\u00e9rite d'\u00eatre rappel\u00e9 pour faire revivre une parole libre, lucide et profond\u00e9ment subversive, \u00e0 l'\u00e9gal de celle de Giordano Bruno.\r\n\u00c0 travers des dialogues vifs et tendus, cette pi\u00e8ce retrace le cheminement intellectuel de Lyszczynski o\u00f9 s'expriment toute la richesse et la complexit\u00e9 de sa r\u00e9flexion. Au-del\u00e0 de l'ath\u00e9isme, il interroge la foi, le langage, le pouvoir, la morale, et les fondements de l'ordre \u00e9tabli. Au fil de l'intrigue, la confrontation avec l'institution religieuse s'intensifie jusqu'au proc\u00e8s dans un affrontement plus id\u00e9ologique que judiciaire, r\u00e9v\u00e9lant que ce n'est pas ce qu'il dit qui d\u00e9range, mais le fait m\u00eame de penser autrement.\r\nPlus qu'une \u00e9vocation historique, cette pi\u00e8ce est une m\u00e9ditation sur la libert\u00e9 de conscience, les dangers du dogme et la persistance des voix qu'on tente de faire taire.","authors":["Luc Leguerinel"],"category_codes":["1000000","1080000"],"visuals":{"large":"https:\/\/images.epagine.fr\/755\/9791042814755_1_75.jpg","medium":"https:\/\/images.epagine.fr\/755\/9791042814755_1_m.jpg","thumbnail":"https:\/\/images.epagine.fr\/755\/9791042814755_1_v.jpg"},"orderable":true,"show_badge":true,"formatted_price":"12,00&nbsp;\u20ac","formatted_published_date":"30 janvier 2026","publisher_availability_label":"Sur commande","short_details":"Luc Leguerinel \u2014 LES IMPLIQUES","translator":null,"weight":98,"page_count":78,"readership":null,"editor":"LES IMPLIQUES","price":1200,"published_date":"2026-01-29T23:00:00.000000Z","support":"Grand format","publisher_availability":1,"stock":0,"editions":[],"url":"https:\/\/quaidesbrumes.com\/ouvrage\/9791042814755\/donc-dieu-nexiste-pas-dapres-andrzej-nowicki-sur-laffaire-lyszczynski"},{"id":"9782490429172","title":"COMPLEXES","description":"Iris et Cl\u00e9mentine, l'une est grande, l'autre petite, l'une blonde, l'autre brune. Elles se retrouvent apr\u00e8s plusieurs ann\u00e9es et se souviennent de leur enfance ; leurs histoires familiales, histoires d'amiti\u00e9s, de rivalit\u00e9s, de complicit\u00e9s, de jalousie, et parfois d'humiliation. C'est ainsi qu'elles se sont construites, en tant qu'adultes et en tant que femmes\u00a0: entre petites anecdotes et grands bouleversements de la vie...\r\nEn filigrane cette pi\u00e8ce d\u00e9peint l'enjeu de la performance, symbole de r\u00e9ussite sociale, la norme et l'image de soi.","authors":["Cl\u00e9mence Barbier","In\u00e8s Fehner"],"category_codes":["1000000","1080000","1080300","1080305"],"visuals":{"large":"https:\/\/images.epagine.fr\/172\/9782490429172_1_75.jpg","medium":"https:\/\/images.epagine.fr\/172\/9782490429172_1_m.jpg","thumbnail":"https:\/\/images.epagine.fr\/172\/9782490429172_1_v.jpg"},"orderable":true,"show_badge":true,"formatted_price":"9,90&nbsp;\u20ac","formatted_published_date":"18 septembre 2019","publisher_availability_label":"Sur commande","short_details":"Cl\u00e9mence Barbier, In\u00e8s Fehner \u2014 Tapabord","translator":null,"weight":120,"page_count":60,"readership":null,"editor":"Tapabord","price":990,"published_date":"2019-09-17T22:00:00.000000Z","support":"Grand format","publisher_availability":1,"stock":0,"editions":[],"url":"https:\/\/quaidesbrumes.com\/ouvrage\/9782490429172\/complexes"},{"id":"9791038810952","title":"Louise et Louis","description":"Louise et Louis sont divorc\u00e9s depuis une vingtaine d'ann\u00e9es. \u00c0 leur s\u00e9paration, Am\u00e9lie, leur fille, a choisi de vivre chez son p\u00e8re. Ce qui, \u00e9videmment, a cr\u00e9\u00e9 une tension suppl\u00e9mentaire dans la famille. Maintenant Am\u00e9lie est mari\u00e9e, a un enfant et est rest\u00e9e en bon terme avec ses deux parents, m\u00eame si l'attachement \u00e0 son p\u00e8re est le plus fort. Mais Louis va mal, tr\u00e8s mal. Avant de mourir, il fait une r\u00e9v\u00e9lation \u00e0 sa fille. Un secret dont Louise a la cl\u00e9. Mais il y a des secrets plus difficiles que d'autres \u00e0 r\u00e9v\u00e9ler.\r\n\r\n\u00ab Un secret a toujours la forme d'une oreille. \u00bb Jean Cocteau\r\n\u00ab Recevoir, prendre et demander, voil\u00e0 le secret en trois mots. \u00bb Beaumarchais.\r\n\r\nInformations sc\u00e9niques :\r\nCom\u00e9die dramatique\r\n2 femmes\r\n1 d\u00e9cor\r\nDur\u00e9e : 1h10","authors":["G\u00e9rard Levoyer"],"category_codes":["1000000","1080000"],"visuals":{"large":"https:\/\/images.epagine.fr\/952\/9791038810952_1_75.jpg","medium":"https:\/\/images.epagine.fr\/952\/9791038810952_1_m.jpg","thumbnail":"https:\/\/images.epagine.fr\/952\/9791038810952_1_v.jpg"},"orderable":true,"show_badge":true,"formatted_price":"10,00&nbsp;\u20ac","formatted_published_date":"29 janvier 2026","publisher_availability_label":"Sur commande","short_details":"G\u00e9rard Levoyer \u2014 Ex Aequo","translator":null,"weight":105,"page_count":72,"readership":null,"editor":"Ex Aequo","price":1000,"published_date":"2026-01-28T23:00:00.000000Z","support":"Grand format","publisher_availability":1,"stock":0,"editions":[],"url":"https:\/\/quaidesbrumes.com\/ouvrage\/9791038810952\/louise-et-louis"},{"id":"9782740309612","title":"Th\u00e9atre - Le souffle de l' Esprit","description":"Auteur, critique au Figaro, directeur de la Compagnie de l'Elan... Jean-Luc Jeener nous offre depuis 30 ans un th\u00e9atre chr\u00e9tien, \u00e0 contre-courant de l'absurde et du d\u00e9sespoir trop souvent montr\u00e9s.  Les pi\u00e8ces qu'il propose ici sont gr\u00e2ce et force, expression de la fid\u00e9lit\u00e9 \u00e0 sa vocation d'auteur dramatique. Cet ouvrage fait suite au th\u00e9\u00e2tre, regard d'aujourd'huiIl contient : Les derniers hommes, Bapt\u00eame, Le territoire, Dialogue \u00e0 trois voix, Histoire de roi, Spartacus, Les parfaits.   Le th\u00e9\u00e2tre est une mer. \u00c0 son horizon, l'insaisissable mot. Il est l\u00e0-bas irradi\u00e9 par le soleil. Pur. \u00c9ternel. Seuls les po\u00e8tes \u00e0 flot d'\u00e2me parviennent \u00e0 l'atteindre et, comme Icare, y br\u00fbler leur raison d'\u00eatre. [...] \u00catre face \u00e0 ce miroir qu'est le th\u00e9\u00e2tre est une redoutable \u00e9preuve, car seuls les auteurs qui ancrent leur \u00e2me en v\u00e9rit\u00e9, en pleine conscience, \u00e0 nu, seuls ceux-l\u00e0 sont dignes de rester pour les temps et les temps. Il suffit d'\u00eatre vrai. Il suffit de refuser le mensonge, la mode, le  comme tout le monde . Jean-Luc Jeener est une araign\u00e9e du th\u00e9\u00e2tre. Il a tiss\u00e9 sa toile d'\u00e2me et on s'y laisse prendre et on s'y laisse d\u00e9vorer. Il a l'humilit\u00e9 des grands qui s'ignorent et qui, eux, ne cessent de revenir sur leurs pas sans cesse. Ceux qui m\u00e8nent au monde d'amour dont ne cesse de nous parler Jean-Luc Jeener et qu'il atteindra de l'autre c\u00f4t\u00e9 du miroir sans surprise d'ailleurs, car c'est ce c\u00f4t\u00e9-l\u00e0 dont il nous fait gr\u00e2ce en son oeuvre, pr\u00e9cise, s\u00e8che, pure et si lumineuse. Comme lui, elle a la gr\u00e2ce. (Extrait de la pr\u00e9face de Francis Huster)","authors":["Jean-Luc Jeener"],"category_codes":["1000000","1080000"],"visuals":{"large":"https:\/\/images.epagine.fr\/612\/9782740309612_1_75.jpg","medium":"https:\/\/images.epagine.fr\/612\/9782740309612_1_m.jpg","thumbnail":"https:\/\/images.epagine.fr\/612\/9782740309612_1_v.jpg"},"orderable":true,"show_badge":true,"formatted_price":"5,00&nbsp;\u20ac","formatted_published_date":"30 d\u00e9cembre 1999","publisher_availability_label":"Sur commande","short_details":"Jean-Luc Jeener \u2014 Pierre T\u00e9qui \u00c9diteur","translator":null,"weight":543,"page_count":468,"readership":null,"editor":"Pierre T\u00e9qui \u00c9diteur","price":500,"published_date":"1999-12-29T23:00:00.000000Z","support":"Grand format","publisher_availability":1,"stock":0,"editions":[],"url":"https:\/\/quaidesbrumes.com\/ouvrage\/9782740309612\/theatre-le-souffle-de-l-esprit"},{"id":"9782493304285","title":"La vierge habitait sur le trottoir d'en face !","description":"Victoria, actrice un peu oubli\u00e9e des m\u00e9dias et du public, pensait que seules les plages priv\u00e9es pouvaient lui garantir une qui\u00e9tude totale avec pour unique bruit les all\u00e9es et venues des vagues... C'\u00e9tait sans compter sur l'arriv\u00e9e de Denis et trois petits mouflets... Pourquoi, quand on est install\u00e9 paisiblement sur un transat \u00e0 siroter un petit cocktail, les pieds dans le sable, avec pour seul panorama la mer, faut-il toujours quelqu'un pour venir parasiter ce moment de tranquillit\u00e9 ?","authors":["Anouk Franchini-Belle"],"category_codes":["1000000","1080000","1080300","1080305"],"visuals":{"large":"https:\/\/images.epagine.fr\/285\/9782493304285_1_75.jpg","medium":"https:\/\/images.epagine.fr\/285\/9782493304285_1_m.jpg","thumbnail":"https:\/\/images.epagine.fr\/285\/9782493304285_1_v.jpg"},"orderable":true,"show_badge":true,"formatted_price":"12,95&nbsp;\u20ac","formatted_published_date":"15 octobre 2025","publisher_availability_label":"Sur commande","short_details":"Anouk Franchini-Belle \u2014 Caspersen","translator":null,"weight":120,"page_count":88,"readership":null,"editor":"Caspersen","price":1295,"published_date":"2025-10-14T22:00:00.000000Z","support":"Grand format","publisher_availability":1,"stock":0,"editions":[],"url":"https:\/\/quaidesbrumes.com\/ouvrage\/9782493304285\/la-vierge-habitait-sur-le-trottoir-den-face"},{"id":"9782493304322","title":"Je suis un ours bipolaire ! \/ Faut arr\u00eater un tout p'tit peu d'me faire chier !","description":"Je suis un ours bipolaire ! Coupable ou non coupable ? \u00c0 la barre d'un tribunal, un homme plaide sa d\u00e9fense. Et si le coupable n'\u00e9tait pas celui que vous croyez ? Pouvez-vous vraiment accuser un seul homme quand c'est toute une soci\u00e9t\u00e9 qui l'a pouss\u00e9 \u00e0 bout ? Face \u00e0 ce personnage \u00e9trangement attachant, contradictoire et culott\u00e9, le spectateur gliss\u00e9 dans la peau d'un jur\u00e9 le temps d'une folle soir\u00e9e, devra se faire sa propre id\u00e9e... Mais finalement serions-nous tous des ours bipolaires ? Faut arr\u00eater un tout p'tit peu d'me faire chier ! Elle en a marre Julia ! Marre de ce monde qui ne tourne pas rond, marre de la violence aux coins des rues, marre des in\u00e9galit\u00e9s ! Elle voudrait un peu de douceur. Elle le dit, mais personne ne l'\u00e9coute, m\u00eame pas \u00c9douard...","authors":["Anouk Franchini-Belle"],"category_codes":["1000000","1080000"],"visuals":{"large":"https:\/\/images.epagine.fr\/322\/9782493304322_1_75.jpg","medium":"https:\/\/images.epagine.fr\/322\/9782493304322_1_m.jpg","thumbnail":"https:\/\/images.epagine.fr\/322\/9782493304322_1_v.jpg"},"orderable":true,"show_badge":true,"formatted_price":"14,95&nbsp;\u20ac","formatted_published_date":"15 octobre 2025","publisher_availability_label":"Sur commande","short_details":"Anouk Franchini-Belle \u2014 Caspersen","translator":null,"weight":120,"page_count":84,"readership":null,"editor":"Caspersen","price":1495,"published_date":"2025-10-14T22:00:00.000000Z","support":"Grand format","publisher_availability":1,"stock":0,"editions":[],"url":"https:\/\/quaidesbrumes.com\/ouvrage\/9782493304322\/je-suis-un-ours-bipolaire-faut-arreter-un-tout-ptit-peu-dme-faire-chier"},{"id":"9782343127910","title":"Pour l'honneur ; la guerre froide vue par les europ\u00e9ens","description":"En 1954, en Europe de l'Ouest, dans une prison clandestine am\u00e9ricaine, deux officiers, deux personnalit\u00e9s brillantes, un Russe et une Am\u00e9ricaine, font une partie d'\u00e9checs d\u00e9moniaque qui entra\u00eene la mort \u00e0 chaque pi\u00e8ce perdue. Cette partie d'\u00e9checs est un affrontement m\u00e9taphorique pour la domination du monde. Le choc des deux nations. Un affrontement humain mais surtout id\u00e9ologique. Un combat strat\u00e9gique, silencieux, pi\u00e8ce par pi\u00e8ce, pour afin obtenir la capitulation de l'adversaire.","authors":["Pascal Coureau"],"category_codes":["1000000","1080000"],"visuals":{"large":"https:\/\/images.epagine.fr\/910\/9782343127910_1_75.jpg","medium":"https:\/\/images.epagine.fr\/910\/9782343127910_1_m.jpg","thumbnail":"https:\/\/images.epagine.fr\/910\/9782343127910_1_v.jpg"},"orderable":true,"show_badge":true,"formatted_price":"12,00&nbsp;\u20ac","formatted_published_date":"28 septembre 2017","publisher_availability_label":"Sur commande","short_details":"Pascal Coureau \u2014 \u00c9ditions L'Harmattan","translator":null,"weight":100,"page_count":74,"readership":null,"editor":"\u00c9ditions L'Harmattan","price":1200,"published_date":"2017-09-27T22:00:00.000000Z","support":"Grand format","publisher_availability":1,"stock":0,"editions":[],"url":"https:\/\/quaidesbrumes.com\/ouvrage\/9782343127910\/pour-lhonneur-la-guerre-froide-vue-par-les-europeens"},{"id":"9782867442506","title":"Je suis","description":"\u00abJe suis\u00bb : les mots les plus us\u00e9s qui soient. Cette pi\u00e8ce reprend, avec ses trois acteurs, ses trois actrices, plus trois musiciennes et trois machines bruyantes, tout ce qui s'\u00e9crit dans Pendant la mati\u00e8re et notamment que la po\u00e9sie, le th\u00e9\u00e2tre sont l\u00e0 pour rompre notre ensorcellement, pour lutter contre notre capture par les images, en ne repr\u00e9sentant plus rien, en nous ouvrant sur la parole qui nous saisit et reste incompr\u00e9hensible, en nous montrant \u00abce qui est certain parce que c'est impossible\u00bb : la r\u00e9surrection. C'est la suite de Pendant la mati\u00e8re mais en rapides, en flots de mots, en syncopes, en comique. En vomique de la mati\u00e8re brute chut\u00e9e brusquement dans des dialogues descendus tout droit de Platon... En un combat de chaque syllabe contre nos perp\u00e9tuelles id\u00e9es m\u00e9canistes qui toujours se reconstituent. En un combat qui se dit dans l'action, dans la danse, dans le chant des acteurs.","authors":["Val\u00e8re Novarina"],"category_codes":["1000000","1080000"],"visuals":{"large":"https:\/\/images.epagine.fr\/506\/9782867442506_1_75.jpg","medium":"https:\/\/images.epagine.fr\/506\/9782867442506_1_m.jpg","thumbnail":"https:\/\/images.epagine.fr\/506\/9782867442506_1_v.jpg"},"orderable":true,"show_badge":true,"formatted_price":"17,00&nbsp;\u20ac","formatted_published_date":"1er septembre 1991","publisher_availability_label":"Sur commande","short_details":"Val\u00e8re Novarina \u2014 P.O.L.","translator":null,"weight":255,"page_count":230,"readership":null,"editor":"P.O.L.","price":1700,"published_date":"1991-08-31T22:00:00.000000Z","support":"Grand format","publisher_availability":1,"stock":0,"editions":[],"url":"https:\/\/quaidesbrumes.com\/ouvrage\/9782867442506\/je-suis"},{"id":"9782377590674","title":"Au-del\u00e0 du songe","description":"Alban a toujours eu des difficult\u00e9s \u00e0 supporter son mal-\u00eatre.\r\nComme beaucoup d'hommes de son \u00e2ge, il est confront\u00e9 \u00e0 la crise de la quarantaine.\r\nIl voudrait bien mettre des mots sur ses maux pour sortir du cycle implacable des d\u00e9primes, mais il n'y parvient pas.\r\nPourquoi sa vie est-elle si terne ? Pourquoi cette inertie quand tout bouge autour de lui ?\r\nPourquoi n'a-t-il pas le droit \u00e0 sa part de bonheur ?\r\nAutant de questions rest\u00e9es sans r\u00e9ponse jusqu'au jour o\u00f9 un psychoth\u00e9rapeute lui propose des s\u00e9ances d'hypnose r\u00e9gressive afin d'acc\u00e9der \u00e0 ses vies ant\u00e9rieures.\r\nCes incursions dans le pass\u00e9 vont l'aider \u00e0 d\u00e9crypter le pr\u00e9sent pour mieux dessiner l'avenir en r\u00e9alisant son r\u00eave :\r\ndevenir com\u00e9dien.\r\nSon cheminement int\u00e9rieur est le th\u00e8me \u00e0 cette pi\u00e8ce initiatique et ludique dans laquelle la spiritualit\u00e9 transcende sa passion pour le th\u00e9\u00e2tre.\r\nAvec amour et humour, tel un montreur de chemin, Alban nous r\u00e9v\u00e8le ses m\u00e9tamorphoses en nous invitant \u00e0 devenir ce que nous sommes vraiment.","authors":["G\u00e9rard Poteau"],"category_codes":["1000000","1080000"],"visuals":{"large":"https:\/\/images.epagine.fr\/674\/9782377590674_1_75.jpg","medium":"https:\/\/images.epagine.fr\/674\/9782377590674_1_m.jpg","thumbnail":"https:\/\/images.epagine.fr\/674\/9782377590674_1_v.jpg"},"orderable":true,"show_badge":true,"formatted_price":"10,00&nbsp;\u20ac","formatted_published_date":"14 avril 2025","publisher_availability_label":"Sur commande","short_details":"G\u00e9rard Poteau \u2014 In Octavo","translator":null,"weight":72,"page_count":60,"readership":null,"editor":"In Octavo","price":1000,"published_date":"2025-04-13T22:00:00.000000Z","support":"Grand format","publisher_availability":1,"stock":0,"editions":[],"url":"https:\/\/quaidesbrumes.com\/ouvrage\/9782377590674\/au-dela-du-songe"}]}