{"data":[{"id":"9782376050728","title":"Revue fr\u00e9quence th\u00e9\u00e2tre n.83 : la b\u00eate du G\u00e9vaudan, personnages en qu\u00eate d'auteur, si nous en \u00e9tions, farce extra-lucide","description":"Personnages en qu\u00eate d'auteur.\r\n(1 homme, trois femmes).\r\nParodiant Pirandello, quatre com\u00e9diens attendent en vain la pi\u00e8ce que doit leur fournir leur auteur. Celui-ci ne vient pas. Pour sauver une situation cauchemardesque, ils d\u00e9cident d'improviser eux-m\u00eames la pi\u00e8ce. Mais est-ce r\u00e9ellement leur d\u00e9cision ?\r\n\r\nFarce extra lucide.\r\n(2 hommes, 1 femme).\r\nFanfon se d\u00e9sesp\u00e8re : Juliette dont il est amoureux, acceptera-t-elle de l'\u00e9pouser ? Une pseudo-voyante, Madame P\u00f4, saura-t-elle lui apporter la r\u00e9ponse, moyennent quelques belles liasses de billet ?\r\n\r\nSi nous en \u00e9tions.\r\n(1 homme, 3 femmes).\r\nDeux jeunes filles assistent au d\u00e9part des marins pour la p\u00eache. Elles r\u00eavent de les accompagner mais une superstition interdit aux femmes de monter sur un bateau car elles portent malheur. L'arriv\u00e9e inattendue de Fernand La Poisse risque de changer la donne...\r\n\r\nLa B\u00eate du G\u00e9vaudan.\r\n(Distribution multiple).\r\nSous le r\u00e8gne de Louis XV, aux portes de l'Auvergne, la l\u00e9gende raconte qu'un monstre (Loup ? B\u00eate ? Homme ?), surnomm\u00e9 \u00ab La B\u00eate du G\u00e9vaudan \u00bb, multiplie ses victimes choisies en priorit\u00e9 parmi les femmes et les enfants. Il faut tuer la B\u00eate.\r\nNi le Capitaine Duhamel et son r\u00e9giment de dragons, ni les pri\u00e8res de l'\u00c9v\u00eaque, ni le sieur d'Enneval, ni le lieutenant des Chasses, n'y r\u00e9ussiront.\r\nLe myst\u00e8re reste entier. Mais quelle belle et sanglante l\u00e9gende !","authors":["Fran\u00e7ois Sauvanot"],"category_codes":["1000000","1080000"],"visuals":{"large":"https:\/\/images.epagine.fr\/728\/9782376050728_1_75.jpg","medium":"https:\/\/images.epagine.fr\/728\/9782376050728_1_m.jpg","thumbnail":"https:\/\/images.epagine.fr\/728\/9782376050728_1_v.jpg"},"orderable":true,"show_badge":true,"formatted_price":"14,00&nbsp;\u20ac","formatted_published_date":"6 f\u00e9vrier 2023","publisher_availability_label":"Sur commande","short_details":"Fran\u00e7ois Sauvanot \u2014 La Traverse","translator":null,"weight":0,"page_count":null,"readership":null,"editor":"La Traverse","price":1400,"published_date":"2023-02-05T23:00:00.000000Z","support":"Revue","publisher_availability":1,"stock":0,"editions":[],"url":"https:\/\/quaidesbrumes.com\/ouvrage\/9782376050728\/revue-frequence-theatre-n83-la-bete-du-gevaudan-personnages-en-quete-dauteur-si-nous-en-etions-farce-extra-lucide"},{"id":"9791041830084","title":"Clitandre : Une trag\u00e9die classique de Pierre Corneille","description":"\"Clitandre\" est une trag\u00e9die \u00e9crite par Pierre Corneille, publi\u00e9e en 1910 dans une \u00e9dition \u00e9tablie par Ch. Marty-Laveaux pour la collection \"Les Grands \u00c9crivains de la France\" chez Hachette. Cette oeuvre, bien que moins connue que d'autres pi\u00e8ces de Corneille, illustre son talent pour le drame et la complexit\u00e9 des relations humaines. La pi\u00e8ce se d\u00e9roule dans un cadre aristocratique et explore les th\u00e8mes de l'amour, de l'honneur et de la trahison. Clitandre, le protagoniste, est pris dans un r\u00e9seau de passions et de rivalit\u00e9s qui mettent \u00e0 l'\u00e9preuve sa loyaut\u00e9 et son int\u00e9grit\u00e9. \u00c0 travers des dialogues poignants et une intrigue bien ficel\u00e9e, Corneille examine les dilemmes moraux auxquels sont confront\u00e9s ses personnages, tout en offrant une critique subtile des moeurs de son temps. La pr\u00e9face et l'examen de l'oeuvre fournissent un contexte pr\u00e9cieux sur les intentions de l'auteur et les r\u00e9actions contemporaines \u00e0 la pi\u00e8ce. L'argument et le compl\u00e9ment des variantes enrichissent la compr\u00e9hension de l'\u00e9volution du texte et des choix artistiques de Corneille. \"Clitandre\" est une oeuvre qui, bien que moins souvent mise en avant, m\u00e9rite d'\u00eatre red\u00e9couverte pour sa profondeur et sa ma\u00eetrise du genre tragique.","authors":["Pierre Corneille"],"category_codes":["1000000","1010000"],"visuals":{"large":"https:\/\/images.epagine.fr\/084\/9791041830084_1_75.jpg","medium":"https:\/\/images.epagine.fr\/084\/9791041830084_1_m.jpg","thumbnail":"https:\/\/images.epagine.fr\/084\/9791041830084_1_v.jpg"},"orderable":true,"show_badge":true,"formatted_price":"12,99&nbsp;\u20ac","formatted_published_date":"17 juillet 2023","publisher_availability_label":"Sur commande","short_details":"Pierre Corneille \u2014 Culturea","translator":null,"weight":149,"page_count":86,"readership":null,"editor":"Culturea","price":1299,"published_date":"2023-07-16T22:00:00.000000Z","support":"Grand format","publisher_availability":1,"stock":0,"editions":["9791041925469"],"url":"https:\/\/quaidesbrumes.com\/ouvrage\/9791041830084\/clitandre-une-tragedie-classique-de-pierre-corneille"},{"id":"9782381271859","title":"Le roman en pi\u00e8ce ou les petites cuill\u00e8res de porcelaine rouge","description":"Objet litt\u00e9raire non identifi\u00e9 venu de Mars pour habiller V\u00e9nus. \r\nJean-David Haddad - \u00c9diteur","authors":["Yoann Laurent-Rouault"],"category_codes":["1000000","1080000"],"visuals":{"large":"https:\/\/images.epagine.fr\/859\/9782381271859_1_75.jpg","medium":"https:\/\/images.epagine.fr\/859\/9782381271859_1_m.jpg","thumbnail":"https:\/\/images.epagine.fr\/859\/9782381271859_1_v.jpg"},"orderable":true,"show_badge":true,"formatted_price":"17,50&nbsp;\u20ac","formatted_published_date":"9 ao\u00fbt 2021","publisher_availability_label":"Sur commande","short_details":"Yoann Laurent-Rouault \u2014 Jdh","translator":null,"weight":401,"page_count":268,"readership":null,"editor":"Jdh","price":1750,"published_date":"2021-08-08T22:00:00.000000Z","support":"Grand format","publisher_availability":1,"stock":0,"editions":[],"url":"https:\/\/quaidesbrumes.com\/ouvrage\/9782381271859\/le-roman-en-piece-ou-les-petites-cuilleres-de-porcelaine-rouge"},{"id":"9782386023965","title":"Des animaux et des hommes","description":"Fables contemporaines sur le monde comme il va... et surtout comme il ne va pas.\r\nEn une succession de sayn\u00e8tes apparemment autonomes, mais qui font \u00e9cho l'une \u00e0 l'autre, des animaux \u00e9trangement humains et des hommes en passe de perdre leur humanit\u00e9 s'interrogent sur leur existence probl\u00e9matique et sur leur devenir incertain. Une r\u00e9flexion politique et n\u00e9anmoins humoristique sur la fragilit\u00e9 de la condition humaine et sur les dangers qui menacent aujourd'hui notre d\u00e9mocratie.\r\n1 - Les termites\r\n2 - Les poissons rouges\r\n3 - Les bourrins\r\n4 - Les paresseux\r\n5 - L'hydre\r\n6 - Les pigeons\r\n7 - L'ours\r\n8 - Les colombes\r\n9 - Le meilleur ami de l'homme\r\n10 - Les blaireaux\r\n11 - Les rapaces\r\n12 - Les papillons\r\n13 - Les charognards\r\n14 - Les poules\r\n15 - Les tourteaux\r\n16 - Les carpes\r\n17 - Les abeilles\r\n18 - Les migrateurs\r\n19 - Les pr\u00e9dateurs\r\n20 - Les crapauds\r\n21 - Les corbeaux\r\n22 - Les proies\r\n23 - Les perroquets","authors":["Jean-Pierre Martinez"],"category_codes":["1000000","1080000","1080300","1080306"],"visuals":{"large":"https:\/\/images.epagine.fr\/965\/9782386023965_1_75.jpg","medium":"https:\/\/images.epagine.fr\/965\/9782386023965_1_m.jpg","thumbnail":"https:\/\/images.epagine.fr\/965\/9782386023965_1_v.jpg"},"orderable":true,"show_badge":true,"formatted_price":"12,00&nbsp;\u20ac","formatted_published_date":"15 janvier 2026","publisher_availability_label":"Sur commande","short_details":"Jean-Pierre Martinez \u2014 La Comediatheque","translator":null,"weight":70,"page_count":59,"readership":null,"editor":"La Comediatheque","price":1200,"published_date":"2026-01-14T23:00:00.000000Z","support":"Grand format","publisher_availability":1,"stock":0,"editions":[],"url":"https:\/\/quaidesbrumes.com\/ouvrage\/9782386023965\/des-animaux-et-des-hommes"},{"id":"9791041912643","title":"Cyrano de Bergerac : Une com\u00e9die h\u00e9ro\u00efque en cinq actes explorant l'amour, l'honneur et l'esprit dans la France du XVIIe si\u00e8cle.","description":"\"Cyrano de Bergerac\" est une com\u00e9die h\u00e9ro\u00efque en cinq actes \u00e9crite par Edmond Rostand, se d\u00e9roulant principalement \u00e0 Paris en 1640. L'histoire suit Cyrano, un po\u00e8te et bretteur au grand nez, connu pour son esprit ac\u00e9r\u00e9 et son courage. Cyrano est secr\u00e8tement amoureux de sa cousine Roxane, mais il n'ose lui avouer ses sentiments \u00e0 cause de son apparence. Roxane, quant \u00e0 elle, est \u00e9prise de Christian de Neuvillette, un jeune et beau cadet qui manque d'\u00e9loquence. Cyrano, par amour pour Roxane, d\u00e9cide d'aider Christian \u00e0 conqu\u00e9rir son coeur en lui pr\u00eatant ses mots et son esprit. \u00c0 travers des lettres et des discours, Cyrano exprime ses propres sentiments \u00e0 Roxane sous le nom de Christian. Le r\u00e9cit explore les th\u00e8mes de l'amour non r\u00e9ciproque, de l'honneur et de l'identit\u00e9, tout en offrant des moments de bravoure et de com\u00e9die. Le d\u00e9nouement tragique r\u00e9v\u00e8le la profondeur des sacrifices de Cyrano et la v\u00e9rit\u00e9 de ses sentiments, laissant Roxane d\u00e9couvrir trop tard qui se cachait derri\u00e8re l'identit\u00e9 amoureuse de son pr\u00e9tendant.","authors":["Edmond Rostand"],"category_codes":["1000000","1080000"],"visuals":{"large":"https:\/\/images.epagine.fr\/643\/9791041912643_1_75.jpg","medium":"https:\/\/images.epagine.fr\/643\/9791041912643_1_m.jpg","thumbnail":"https:\/\/images.epagine.fr\/643\/9791041912643_1_v.jpg"},"orderable":true,"show_badge":true,"formatted_price":"25,90&nbsp;\u20ac","formatted_published_date":"1er f\u00e9vrier 2023","publisher_availability_label":"Sur commande","short_details":"Edmond Rostand \u2014 Culturea","translator":null,"weight":648,"page_count":372,"readership":null,"editor":"Culturea","price":2590,"published_date":"2023-01-31T23:00:00.000000Z","support":"Grand format","publisher_availability":1,"stock":0,"editions":[],"url":"https:\/\/quaidesbrumes.com\/ouvrage\/9791041912643\/cyrano-de-bergerac-une-comedie-heroique-en-cinq-actes-explorant-lamour-lhonneur-et-lesprit-dans-la-france-du-xviie-siecle"},{"id":"9791041912650","title":"Chantecler : Une com\u00e9die po\u00e9tique sur la qu\u00eate de l'identit\u00e9 et la beaut\u00e9 de la nature","description":"\"Chantecler\" est une pi\u00e8ce de th\u00e9\u00e2tre en quatre actes \u00e9crite par Edmond Rostand, qui explore les th\u00e8mes de la qu\u00eate de l'identit\u00e9, la beaut\u00e9 de la nature, et la lutte entre tradition et modernit\u00e9. L'histoire se d\u00e9roule dans une basse-cour o\u00f9 Chantecler, un coq fier et charismatique, est convaincu que son chant fait lever le soleil. Entour\u00e9 de divers animaux, chacun avec ses propres pr\u00e9occupations et personnalit\u00e9s, Chantecler doit naviguer \u00e0 travers les d\u00e9fis pos\u00e9s par la jalousie, le doute et la moquerie. Le chien Patou, fid\u00e8le et sage, met en garde Chantecler contre les dangers de l'orgueil et de l'influence des autres, rempla\u00e7ant le Merle moqueur et le Paon vaniteux. La pi\u00e8ce met en sc\u00e8ne une vari\u00e9t\u00e9 de personnages animaliers, chacun symbolisant des traits humains, et utilise l'humour et la po\u00e9sie pour aborder des questions philosophiques d'\u00e9volution. \u00c0 travers ses interactions avec les autres animaux, Chantecler apprend des le\u00e7ons sur l'humilit\u00e9, l'amour et le sens de son r\u00f4le dans le monde. La pi\u00e8ce est une c\u00e9l\u00e9bration de la nature et de la simplicit\u00e9, tout en critiquant les artifices et les pr\u00e9tentions de la soci\u00e9t\u00e9 moderne.","authors":["Edmond Rostand"],"category_codes":["1000000","1080000"],"visuals":{"large":"https:\/\/images.epagine.fr\/650\/9791041912650_1_75.jpg","medium":"https:\/\/images.epagine.fr\/650\/9791041912650_1_m.jpg","thumbnail":"https:\/\/images.epagine.fr\/650\/9791041912650_1_v.jpg"},"orderable":true,"show_badge":true,"formatted_price":"25,90&nbsp;\u20ac","formatted_published_date":"22 f\u00e9vrier 2023","publisher_availability_label":"Sur commande","short_details":"Edmond Rostand \u2014 Culturea","translator":null,"weight":614,"page_count":352,"readership":null,"editor":"Culturea","price":2590,"published_date":"2023-02-21T23:00:00.000000Z","support":"Grand format","publisher_availability":1,"stock":0,"editions":[],"url":"https:\/\/quaidesbrumes.com\/ouvrage\/9791041912650\/chantecler-une-comedie-poetique-sur-la-quete-de-lidentite-et-la-beaute-de-la-nature"},{"id":"9791041913428","title":"Le Roi s'amuse : Un drame de cour et de vengeance sous le r\u00e8gne de Fran\u00e7ois Ier","description":"\"Le Roi s'amuse\" est une pi\u00e8ce de th\u00e9\u00e2tre \u00e9crite par Victor Hugo en 1832, qui se d\u00e9roule \u00e0 la cour de Fran\u00e7ois Ier. Le drame s'ouvre sur une f\u00eate au Louvre, o\u00f9 le roi, entour\u00e9 de ses courtisans, s'amuse des intrigues amoureuses et des jeux de pouvoir. Triboulet, le bouffon du roi, joue un r\u00f4le central en manipulant les situations et en se moquant des seigneurs. Cependant, l'arriv\u00e9e de Monsieur de Saint-Vallier, un vieillard en deuil, vient troubler la f\u00eate. Il accuse le roi d'avoir d\u00e9shonor\u00e9 sa fille, Diane de Poitiers, en \u00e9change de sa gr\u00e2ce. Cette confrontation met en lumi\u00e8re les abus de pouvoir et les cons\u00e9quences tragiques des d\u00e9cisions royales. Le drame explore les th\u00e8mes de la vengeance, de l'honneur et de la justice. Triboulet, bien que cynique et moqueur, est lui-m\u00eame pris au pi\u00e8ge de ses manipulations lorsque sa propre fille devient victime des intrigues de la cour. La pi\u00e8ce est marqu\u00e9e par une tension entre le pouvoir absolu du roi et les r\u00e9percussions morales de ses actions. L'interdiction de la pi\u00e8ce apr\u00e8s sa premi\u00e8re repr\u00e9sentation souligne les tensions politiques de l'\u00e9poque et la censure exerc\u00e9e sur les oeuvres litt\u00e9raires.","authors":["Victor Hugo"],"category_codes":["1000000","1080000"],"visuals":{"large":"https:\/\/images.epagine.fr\/428\/9791041913428_1_75.jpg","medium":"https:\/\/images.epagine.fr\/428\/9791041913428_1_m.jpg","thumbnail":"https:\/\/images.epagine.fr\/428\/9791041913428_1_v.jpg"},"orderable":true,"show_badge":true,"formatted_price":"22,90&nbsp;\u20ac","formatted_published_date":"19 janvier 2023","publisher_availability_label":"Sur commande","short_details":"Victor Hugo \u2014 Culturea","translator":null,"weight":436,"page_count":246,"readership":null,"editor":"Culturea","price":2290,"published_date":"2023-01-18T23:00:00.000000Z","support":"Grand format","publisher_availability":1,"stock":0,"editions":[],"url":"https:\/\/quaidesbrumes.com\/ouvrage\/9791041913428\/le-roi-samuse-un-drame-de-cour-et-de-vengeance-sous-le-regne-de-francois-ier"},{"id":"9791041913466","title":"Les Burgraves : Une exploration du drame romantique et de la f\u00e9odalit\u00e9 dans \"Les Burgraves\" de Victor Hugo","description":"Les Burgraves\" de Victor Hugo est une oeuvre th\u00e9\u00e2trale qui s'inscrit dans le mouvement romantique, cherchant \u00e0 revitaliser le drame fran\u00e7ais en s'\u00e9loignant des conventions classiques. La pi\u00e8ce, qualifi\u00e9e de trilogie par Hugo, se d\u00e9roule dans un cadre f\u00e9odal et met en sc\u00e8ne des personnages symbolisant la lutte entre l'individualisme f\u00e9odal et l'id\u00e9e d'unit\u00e9 nationale. Le drame s'articule autour de deux intrigues principales: d'une part, la repr\u00e9sentation de la d\u00e9cadence de la f\u00e9odalit\u00e9 allemande \u00e0 travers la famille des burgraves, et d'autre part, une l\u00e9gende personnelle impliquant des crimes pass\u00e9s et des amours contrari\u00e9es. Hugo utilise des personnages historiques et l\u00e9gendaires, tels que Fr\u00e9d\u00e9ric Barberousse, pour incarner les forces sociales et politiques de l'\u00e9poque. La pi\u00e8ce est marqu\u00e9e par une tension entre le merveilleux et le r\u00e9el, avec des \u00e9l\u00e9ments surnaturels et des figures fantomatiques qui enrichissent le r\u00e9cit. Cependant, la complexit\u00e9 de l'intrigue et l'obscurit\u00e9 de certains \u00e9l\u00e9ments narratifs ont \u00e9t\u00e9 critiqu\u00e9es pour nuire \u00e0 la clart\u00e9 et \u00e0 l'int\u00e9r\u00eat dramatique. Malgr\u00e9 ces d\u00e9fauts, \"Les Burgraves\" est salu\u00e9 pour sa grandeur \u00e9pique et sa capacit\u00e9 \u00e0 \u00e9voquer des souvenirs de la trag\u00e9die grecque, tout en offrant une r\u00e9flexion sur l'\u00e9volution de la soci\u00e9t\u00e9 et de l'art dramatique.","authors":["Victor Hugo"],"category_codes":["1000000","1080000"],"visuals":{"large":"https:\/\/images.epagine.fr\/466\/9791041913466_1_75.jpg","medium":"https:\/\/images.epagine.fr\/466\/9791041913466_1_m.jpg","thumbnail":"https:\/\/images.epagine.fr\/466\/9791041913466_1_v.jpg"},"orderable":true,"show_badge":true,"formatted_price":"17,90&nbsp;\u20ac","formatted_published_date":"13 janvier 2023","publisher_availability_label":"Sur commande","short_details":"Victor Hugo \u2014 Culturea","translator":null,"weight":331,"page_count":184,"readership":null,"editor":"Culturea","price":1790,"published_date":"2023-01-12T23:00:00.000000Z","support":"Grand format","publisher_availability":1,"stock":0,"editions":[],"url":"https:\/\/quaidesbrumes.com\/ouvrage\/9791041913466\/les-burgraves-une-exploration-du-drame-romantique-et-de-la-feodalite-dans-les-burgraves-de-victor-hugo"},{"id":"9791041921096","title":"Cyrano de Bergerac : L'h\u00e9ro\u00efsme et l'amour dans la France du XVIIe si\u00e8cle","description":"\"Cyrano de Bergerac\" est une com\u00e9die h\u00e9ro\u00efque en cinq actes \u00e9crite par Edmond Rostand, qui se d\u00e9roule principalement \u00e0 Paris en 1640. L'histoire suit Cyrano, un po\u00e8te et bretteur au grand nez, qui est secr\u00e8tement amoureux de sa cousine Roxane. Cependant, il n'ose pas lui avouer ses sentiments \u00e0 cause de son apparence. Roxane, quant \u00e0 elle, est amoureuse de Christian de Neuvillette, un jeune et beau cadet qui manque d'esprit. Cyrano, par loyaut\u00e9 et amour pour Roxane, accepte d'aider Christian \u00e0 la conqu\u00e9rir en lui pr\u00eatant ses mots et son \u00e9loquence. Le r\u00e9cit explore les th\u00e8mes de l'amour non partag\u00e9, de l'h\u00e9ro\u00efsme, et de l'importance de l'esprit et de l'apparence. Le premier acte s'ouvre sur une sc\u00e8ne de th\u00e9\u00e2tre o\u00f9 Cyrano interrompt une repr\u00e9sentation pour chasser un acteur qu'il d\u00e9teste. Ce geste audacieux attire l'attention de Roxane, qui demande \u00e0 le rencontrer. Le deuxi\u00e8me acte se d\u00e9roule dans la r\u00f4tisserie de Ragueneau, o\u00f9 Cyrano attend nerveusement son rendez-vous avec Roxane. L'oeuvre est c\u00e9l\u00e8bre pour ses dialogues brillants, ses vers po\u00e9tiques, et son exploration des complexit\u00e9s de l'amour et de l'identit\u00e9.","authors":["Edmond Rostand"],"category_codes":["1000000","1080000"],"visuals":{"large":"https:\/\/images.epagine.fr\/096\/9791041921096_1_75.jpg","medium":"https:\/\/images.epagine.fr\/096\/9791041921096_1_m.jpg","thumbnail":"https:\/\/images.epagine.fr\/096\/9791041921096_1_v.jpg"},"orderable":true,"show_badge":true,"formatted_price":"29,00&nbsp;\u20ac","formatted_published_date":"13 avril 2023","publisher_availability_label":"Sur commande","short_details":"Edmond Rostand \u2014 Shs Editions","translator":null,"weight":720,"page_count":564,"readership":null,"editor":"Shs Editions","price":2900,"published_date":"2023-04-12T22:00:00.000000Z","support":"Grand format","publisher_availability":1,"stock":0,"editions":[],"url":"https:\/\/quaidesbrumes.com\/ouvrage\/9791041921096\/cyrano-de-bergerac-lheroisme-et-lamour-dans-la-france-du-xviie-siecle"},{"id":"9791041925483","title":"La Galerie du Palais : Une com\u00e9die classique de Pierre Corneille explorant les intrigues amoureuses et sociales du XVIIe si\u00e8cle.","description":"\"La Galerie du Palais\" est une com\u00e9die en cinq actes \u00e9crite par Pierre Corneille en 1634. Cette pi\u00e8ce se d\u00e9roule dans le cadre anim\u00e9 et mondain de la galerie du Palais de Justice \u00e0 Paris, un lieu de rencontre pris\u00e9 par la soci\u00e9t\u00e9 parisienne de l'\u00e9poque. L'intrigue principale tourne autour des amours et des malentendus entre plusieurs personnages, notamment Lysandre, un jeune homme amoureux de C\u00e9lid\u00e9e, et sa rivale, Clarice, qui est \u00e9galement courtis\u00e9e par le m\u00eame pr\u00e9tendant. Les quiproquos et les jeux de s\u00e9duction s'encha\u00eenent, mettant en lumi\u00e8re les moeurs et les conventions sociales du XVIIe si\u00e8cle. Corneille utilise l'humour et la satire pour critiquer les comportements superficiels et les changements sociaux de ses contemporains. La pi\u00e8ce est \u00e9galement marqu\u00e9e par des dialogues vifs et spirituels, caract\u00e9ristiques du style de Corneille, qui capturent l'essence des relations humaines et des jeux de pouvoir. \u00c0 travers \"La Galerie du Palais\", Corneille d\u00e9montre son talent pour la com\u00e9die tout en offrant une r\u00e9flexion sur les mutations sociales et amoureuses de son temps.","authors":["Pierre Corneille"],"category_codes":["1000000","1080000"],"visuals":{"large":"https:\/\/images.epagine.fr\/483\/9791041925483_1_75.jpg","medium":"https:\/\/images.epagine.fr\/483\/9791041925483_1_m.jpg","thumbnail":"https:\/\/images.epagine.fr\/483\/9791041925483_1_v.jpg"},"orderable":true,"show_badge":true,"formatted_price":"17,90&nbsp;\u20ac","formatted_published_date":"25 f\u00e9vrier 2023","publisher_availability_label":"Sur commande","short_details":"Pierre Corneille \u2014 Culturea","translator":null,"weight":247,"page_count":134,"readership":null,"editor":"Culturea","price":1790,"published_date":"2023-02-24T23:00:00.000000Z","support":"Grand format","publisher_availability":1,"stock":0,"editions":[],"url":"https:\/\/quaidesbrumes.com\/ouvrage\/9791041925483\/la-galerie-du-palais-une-comedie-classique-de-pierre-corneille-explorant-les-intrigues-amoureuses-et-sociales-du-xviie-siecle"},{"id":"9791041943074","title":"L'Affaire de la rue de Lourcine : Une com\u00e9die d'erreurs et de quiproquos dans le Paris du XIXe si\u00e8cle","description":"\"L'Affaire de la rue de Lourcine\" est une com\u00e9die en un acte \u00e9crite par Eug\u00e8ne Labiche, Albert Monnier et \u00c9douard Martin, repr\u00e9sent\u00e9e pour la premi\u00e8re fois en 1857 au th\u00e9\u00e2tre du Palais-Royal \u00e0 Paris. L'intrigue se d\u00e9roule dans la chambre \u00e0 coucher de Lenglum\u00e9, un rentier parisien, qui se r\u00e9veille apr\u00e8s une nuit de beuverie sans se souvenir des \u00e9v\u00e9nements de la veille. \u00c0 son grand \u00e9tonnement, il d\u00e9couvre un inconnu, Mistingue, dans son lit. Les deux hommes, anciens camarades de l'institution Labadens, tentent de reconstituer les \u00e9v\u00e9nements de la nuit pass\u00e9e. Ils sont rapidement confront\u00e9s \u00e0 une s\u00e9rie de quiproquos et de malentendus, au moment o\u00f9 ils d\u00e9couvrent dans le journal qu'une jeune charbonni\u00e8re a \u00e9t\u00e9 assassin\u00e9e et que les indices semblent les incriminer. Pris de panique, Lenglum\u00e9 et Mistingue essaient de dissimuler les preuves qui pourraient les lier au crime, tout en jonglant avec les visites de Norine, la femme de Lenglum\u00e9, et de Potard, un cousin. La situation se complique davantage lorsque Potard r\u00e9v\u00e8le qu'il a vu Lenglum\u00e9 et Mistingue la veille, mais dans un contexte qui les disculpe. Finalement, un vieux journal r\u00e9v\u00e8le que l'affaire de la charbonni\u00e8re date de vingt ans, innocentant ainsi les deux protagonistes. La pi\u00e8ce se termine sur une note humoristique, avec Lenglum\u00e9 et Mistingue soulag\u00e9s de ne pas \u00eatre coupables, mais toujours embourb\u00e9s dans leurs propres maladresses.","authors":["Eug\u00e8ne Labiche"],"category_codes":["1000000","1080000"],"visuals":{"large":"https:\/\/images.epagine.fr\/074\/9791041943074_1_75.jpg","medium":"https:\/\/images.epagine.fr\/074\/9791041943074_1_m.jpg","thumbnail":"https:\/\/images.epagine.fr\/074\/9791041943074_1_v.jpg"},"orderable":true,"show_badge":true,"formatted_price":"11,00&nbsp;\u20ac","formatted_published_date":"13 f\u00e9vrier 2023","publisher_availability_label":"Sur commande","short_details":"Eug\u00e8ne Labiche \u2014 Culturea","translator":null,"weight":102,"page_count":68,"readership":null,"editor":"Culturea","price":1100,"published_date":"2023-02-12T23:00:00.000000Z","support":"Grand format","publisher_availability":1,"stock":0,"editions":[],"url":"https:\/\/quaidesbrumes.com\/ouvrage\/9791041943074\/laffaire-de-la-rue-de-lourcine-une-comedie-derreurs-et-de-quiproquos-dans-le-paris-du-xixe-siecle"},{"id":"9791041999491","title":"Justice : The Struggle for Redemption in a World of Injustice","description":"\"Justice\" by John Galsworthy is a compelling exploration of the legal and moral dilemmas faced by individuals caught in the web of societal and personal conflicts. The play centers around William Falder, a young clerk who, driven by desperation and love for a woman named Ruth Honeywill, commits forgery. Ruth is trapped in an abusive marriage, and Falder's act is an attempt to secure a future for them both. The narrative unfolds in a courtroom setting, where Falder's actions are scrutinized, and his mental state is questioned. The defense argues that Falder was temporarily insane due to the emotional turmoil caused by Ruth's plight, while the prosecution maintains that his actions were deliberate and calculated. The play delves into themes of justice, mercy, and the harsh realities of the legal system, highlighting the struggle between human compassion and the rigid application of the law. Galsworthy's work is a poignant critique of the societal structures that often fail to account for the complexities of human behavior and the circumstances that drive individuals to commit acts of desperation. Through the character of Falder, the play questions the true nature of justice and whether it can be achieved within the confines of an unforgiving legal system.","authors":["John Galsworthy"],"category_codes":["1000000","1080000"],"visuals":{"large":"https:\/\/images.epagine.fr\/491\/9791041999491_1_75.jpg","medium":"https:\/\/images.epagine.fr\/491\/9791041999491_1_m.jpg","thumbnail":"https:\/\/images.epagine.fr\/491\/9791041999491_1_v.jpg"},"orderable":true,"show_badge":true,"formatted_price":"15,00&nbsp;\u20ac","formatted_published_date":"24 avril 2024","publisher_availability_label":"Sur commande","short_details":"John Galsworthy \u2014 Culturea","translator":null,"weight":147,"page_count":84,"readership":null,"editor":"Culturea","price":1500,"published_date":"2024-04-23T22:00:00.000000Z","support":"Grand format","publisher_availability":1,"stock":0,"editions":[],"url":"https:\/\/quaidesbrumes.com\/ouvrage\/9791041999491\/justice-the-struggle-for-redemption-in-a-world-of-injustice"},{"id":"9791042812928","title":"Triche !","description":"Leila tient par la main son oncle aveugle Karl Zio, tous deux marchent vers l'atelier du peintre Manuel o\u00f9 une s\u00e9ance de pose s'organise dans le patio. \r\nSur le sable Vera invente une danse cosmique prof\u00e9rant d'\u00e9tranges sons en forme d'incantation.\r\n \u00a0\u00ab D'la triche, j'te connais, t'as traficot\u00e9 le jeu avant \u00bb lance Leda qui, complice et provocante, invective son partenaire de jeu Malo quand Mira s'\u00e9loigne s'enfon\u00e7ant seule dans le sous-bois.\r\n \u00a0Ayant regagn\u00e9 Menton, Delphe profite des plaisirs de la mer apr\u00e8s les secousses fantasques dues au trop-plein de travail endoss\u00e9 dans son cabinet de recherches sur le globe oculaire.\r\nEmport\u00e9e par Fantin sur la piste, Rita danse sa premi\u00e8re valse et, tout \u00e9gay\u00e9e rejoint Magali, Rebecca, St\u00e9phane et Ludo attabl\u00e9s.\r\nAssise devant une feuille blanche Luiza pleure : \u00ab Tout doit recommencer, tout, ma vie enti\u00e8re \u00bb. Une ceinture \u00e0 explosif est toujours pos\u00e9e au sol devant l'armoire \u00e0 glace.\r\n\u00ab J'ai souffert, tu m'as tellement manqu\u00e9 \u00bb murmure Chantal quand Pedro d'un geste ample l'entraine sur le lit, enfin les deux amants cruellement s\u00e9par\u00e9s se retrouvent.\r\nLa rivi\u00e8re de diamant d\u00e9rob\u00e9e, les amants voleurs Dilene et Alfred s'envolent vers Praia, soudain un vertige emporte Dilene, quelque chose se passe.\r\n \u00a0En un kal\u00e9idoscope battant de surprise, Triche ! d\u00e9plie les intensit\u00e9s de vie d'une kyrielle de personnages saisis au coeur de situations aussi \u00e9tonnantes que vari\u00e9es.","authors":["Isabelle Nhidi"],"category_codes":["1000000","1080000"],"visuals":{"large":"https:\/\/images.epagine.fr\/928\/9791042812928_1_75.jpg","medium":"https:\/\/images.epagine.fr\/928\/9791042812928_1_m.jpg","thumbnail":"https:\/\/images.epagine.fr\/928\/9791042812928_1_v.jpg"},"orderable":true,"show_badge":true,"formatted_price":"12,00&nbsp;\u20ac","formatted_published_date":"15 janvier 2026","publisher_availability_label":"Sur commande","short_details":"Isabelle Nhidi \u2014 LES IMPLIQUES","translator":null,"weight":102,"page_count":82,"readership":null,"editor":"LES IMPLIQUES","price":1200,"published_date":"2026-01-14T23:00:00.000000Z","support":"Grand format","publisher_availability":1,"stock":0,"editions":[],"url":"https:\/\/quaidesbrumes.com\/ouvrage\/9791042812928\/triche"},{"id":"9782322101023","title":"Up' magazine n.1 : la revue 12.17 de up' magazine","description":"Chaque jour de nouvelles informations apportent leur pierre \u00e0 l'\u00e9difice de ce que sera notre futur imm\u00e9diat. Nos journalistes et chroniqueurs tentent de d\u00e9crypter ce mouvement, de pointer pour vous, les signaux faibles ou forts de ces mutations.\r\nOn a coutume de le dire : l'information chasse l'information. Dans notre \u00e9poque d'hyperinformation, les innovations technologiques, scientifiques, m\u00e9dicales, les nouvelles pratiques soci\u00e9tales, les regards neufs ou effar\u00e9s sur notre plan\u00e8te s'encha\u00eenent \u00e0 vitesse acc\u00e9l\u00e9r\u00e9e. UP' Magazine est le t\u00e9moin de ces temps qui changent. Et qui annoncent un monde nouveau.\r\nMais le maelstr\u00f6m de l'information va toujours plus vite, encourag\u00e9 par la temporalit\u00e9 des m\u00e9dias num\u00e9riques. Nombreux sont nos lecteurs qui appr\u00e9cient cette \"caverne d'Ali Baba\" qu'est le site. Mais nombreux sont aussi ceux qui nous demandent plus de temps pour s'approprier cette information, hors du tumulte des flux en ligne.\r\nC'est pourquoi notre r\u00e9daction a d\u00e9cid\u00e9 d'\u00e9diter, sous forme de livre, une s\u00e9lection des articles publi\u00e9s dans le mois. Ceux qui vous permettront d'aller \u00e0 l'essentiel pour comprendre ce monde en mutation. De gagner du temps en prenant votre temps.\r\nDans ce num\u00e9ro 1 de LAREVUE du mois de novembre 2017, plusieurs pierres s'inscrivent dans l'\u00e9difice du futur. Une COP 23 rat\u00e9e, qui cherche encore et encore de nouvelles solutions pour sauver la plan\u00e8te, des d\u00e9couvertes prometteuses mais gla\u00e7antes dans les laboratoires de biotechnologies, la recherche d'un nouveau souffle pour le ph\u00e9nom\u00e8ne start-up, cette vague de prise de conscience, dans les soci\u00e9t\u00e9s occidentales, sur les violences faites aux femmes. Mutation profonde aussi que celle des villes, de leur architecture et urbanisme. Et puis, en signal faible, ces nouvelles de plus en plus r\u00e9p\u00e9t\u00e9es qui nous viennent de tr\u00e8s loin, nous parlent d'exoplan\u00e8tes et d'extraterrestres.  Elles annoncent, peut-\u00eatre, de grands bouleversements mais elles trahissent sans doute aussi notre pulsion incorrigible vers toujours plus d'espaces nouveaux et, au fond, cette qu\u00eate d'immortalit\u00e9 qui est une des signatures de notre temps.","authors":["Up' Magazine"],"category_codes":["1000000","1080000","1080100"],"visuals":{"large":"https:\/\/images.epagine.fr\/023\/9782322101023_1_75.jpg","medium":"https:\/\/images.epagine.fr\/023\/9782322101023_1_m.jpg","thumbnail":"https:\/\/images.epagine.fr\/023\/9782322101023_1_v.jpg"},"orderable":true,"show_badge":true,"formatted_price":"24,80&nbsp;\u20ac","formatted_published_date":"6 d\u00e9cembre 2017","publisher_availability_label":"Sur commande","short_details":"Up' Magazine \u2014 Books on Demand","translator":null,"weight":501,"page_count":292,"readership":null,"editor":"Books on Demand","price":2480,"published_date":"2017-12-05T23:00:00.000000Z","support":"Revue","publisher_availability":1,"stock":0,"editions":[],"url":"https:\/\/quaidesbrumes.com\/ouvrage\/9782322101023\/up-magazine-n1-la-revue-1217-de-up-magazine"},{"id":"9782953296846","title":"Le\u00e7ons de choses ; com\u00e9die en un acte","description":"Un premier livret pour la com\u00e9die :\r\nEn soulignant l'importance de l'humour, la pi\u00e8ce Le\u00e7on de choses explore en un acte les pistes du genre en m\u00ealant le divertissement, la sensibilit\u00e9 et l'ironie. \r\nSur sc\u00e8ne, neuf \u00e9minents savants, opini\u00e2tres mais non despotes, sont d\u00e9di\u00e9s \u00e0 donner un bon enseignement scientifique \u00e0 un seul enfant. Voila qui n'est pas courant...\r\nLa charge d'enseigner est-elle plus lourde que celle d'avoir neuf vieilles chouettes et vieux barbons sur le dos ?\r\nRien d'\u00e9vident ici, surtout que l'enfant est agit\u00e9 et que les savants sont sages, voire parfois l'inverse.","authors":["Frederic Paquet"],"category_codes":["1000000","1080000"],"visuals":{"large":"https:\/\/images.epagine.fr\/846\/9782953296846_1_75.jpg","medium":"https:\/\/images.epagine.fr\/846\/9782953296846_1_m.jpg","thumbnail":"https:\/\/images.epagine.fr\/846\/9782953296846_1_v.jpg"},"orderable":true,"show_badge":true,"formatted_price":"12,50&nbsp;\u20ac","formatted_published_date":"1er f\u00e9vrier 2012","publisher_availability_label":"Sur commande","short_details":"Frederic Paquet \u2014 Abordo","translator":null,"weight":153,"page_count":40,"readership":null,"editor":"Abordo","price":1250,"published_date":"2012-01-31T23:00:00.000000Z","support":"Revue","publisher_availability":1,"stock":0,"editions":[],"url":"https:\/\/quaidesbrumes.com\/ouvrage\/9782953296846\/lecons-de-choses-comedie-en-un-acte"},{"id":"9782953296853","title":"La vie malgre tout ; com\u00e9die dramatique en 3 actes","description":"Deuxi\u00e8me livret pour la com\u00e9die dramatique :\r\n\r\nAvec cette pi\u00e8ce en trois actes, l'\u00e9tude des caract\u00e8res s'amplifie. Nous irons de l'\u00e9vacuation du chagrin au sentiment d'esp\u00e9rance, en passant par le glissement de la routine, la lassitude, la provocation, la fraternit\u00e9, l'amour et la prise de conscience de la fragilit\u00e9 de l'\u00catre.\r\n\r\n\r\nDans le camp de r\u00e9fugi\u00e9s 33300, il y a de la vie avec ses hauts et ses bas, on n'en fait pas une maladie. De rebond en rebond, nous apprenons qu'elle passe, la vie, et que malgr\u00e9 tout, elle est \u00e0 vivre.","authors":["Frederic Paquet"],"category_codes":["1000000","1080000","1080400"],"visuals":{"large":"https:\/\/images.epagine.fr\/853\/9782953296853_1_75.jpg","medium":"https:\/\/images.epagine.fr\/853\/9782953296853_1_m.jpg","thumbnail":"https:\/\/images.epagine.fr\/853\/9782953296853_1_v.jpg"},"orderable":true,"show_badge":true,"formatted_price":"14,50&nbsp;\u20ac","formatted_published_date":"1er f\u00e9vrier 2012","publisher_availability_label":"Sur commande","short_details":"Frederic Paquet \u2014 Abordo","translator":null,"weight":153,"page_count":70,"readership":null,"editor":"Abordo","price":1450,"published_date":"2012-01-31T23:00:00.000000Z","support":"Revue","publisher_availability":1,"stock":0,"editions":[],"url":"https:\/\/quaidesbrumes.com\/ouvrage\/9782953296853\/la-vie-malgre-tout-comedie-dramatique-en-3-actes"},{"id":"9782352701996","title":"SEINE ET DANUBE n.1","description":"Notre revue vise \u00e0 montrer que la Seine et le Danube sont proches, et pas seulement leurs sources.\r\nEn d\u00e9pit de la diversit\u00e9 linguistique, la litt\u00e9rature europ\u00e9enne a des origines communes, qu'elles soient grecques, latines ou jud\u00e9o-chr\u00e9tiennes. Le soi-disant communisme n'a jamais r\u00e9ussi \u00e0 provoquer une division irr\u00e9versible entre l'Ouest et l'Est. Le capitalisme ne r\u00e9ussira pas non plus.\r\nNotre projet se poursuit : faire une revue culturelle europ\u00e9enne sans complexe et sans d\u00e9magogie.\r\nVirgil Tanase, dans le dossier th\u00e9\u00e2tre, apr\u00e8s un long hommage \u00e0 Eug\u00e8ne Ionesco, pr\u00e9sente plusieurs auteurs de th\u00e9\u00e2tre roumains et donne en traduction :\r\nUne com\u00e9die de Mat\u00e9i Visniec : Orient et Occident Quatre pi\u00e8ces en un acte de Th\u00e9odor Mazilu et encore Mme Bovary c'est les autres d'Horia G\u00e2rbea","authors":["Seine Et Danube"],"category_codes":["1000000","1080000"],"visuals":{"large":"https:\/\/images.epagine.fr\/996\/9782352701996_1_75.jpg","medium":"https:\/\/images.epagine.fr\/996\/9782352701996_1_m.jpg","thumbnail":"https:\/\/images.epagine.fr\/996\/9782352701996_1_v.jpg"},"orderable":true,"show_badge":true,"formatted_price":"18,00&nbsp;\u20ac","formatted_published_date":"1er f\u00e9vrier 2015","publisher_availability_label":"Sur commande","short_details":"Seine Et Danube \u2014 Non Lieu","translator":null,"weight":330,"page_count":258,"readership":null,"editor":"Non Lieu","price":1800,"published_date":"2015-01-31T23:00:00.000000Z","support":"Revue","publisher_availability":1,"stock":0,"editions":[],"url":"https:\/\/quaidesbrumes.com\/ouvrage\/9782352701996\/seine-et-danube-n1"},{"id":"9782355391224","title":"REVUE PUCK : la parole aux critiques, la parole aux cr\u00e9ateurs","description":"Ce num\u00e9ro se propose de r\u00e9fl\u00e9chir sur les difficult\u00e9s et les pr\u00e9jug\u00e9s que la critique th\u00e9\u00e2trale a toujours rencontr\u00e9s \u00e0 approcher la marionnette, difficult\u00e9s grandissantes au vu des changements apport\u00e9s par les relations interdisciplinaires qui ont plac\u00e9 la marionnette au croisement de recherches th\u00e9\u00e2trales contemporaines. Les spectacles de marionnettes, vite class\u00e9s dans lacat\u00e9gorie \u00ab enfance \u00bb souffrent de cette \u00e9tiquette, mais aussi de la crise qui a investi la presse \u00e9crite avec la cons\u00e9quence que la place consacr\u00e9e aux comptes-rendus de spectacles s'est r\u00e9duite comme une peau de chagrin. Cette situation est en train de transformer ou d\u00e9former aussi la fonction des critiques qui, devant le risque de perdre le contact avec un public stable et fid\u00e9lis\u00e9, donnent parfoisl'impression de devoir (ou de vouloir) plaire ou peut \u00eatre ne pas d\u00e9plaire, sinon complaire. De nouvelles formes de critique sont en train de se mettre en place sur le net : les blogs, les forums, le bouche-\u00e0-oreille sont un moyen de partager l'information et faire circuler les id\u00e9es, mais ces formes peuvent-elles remplacer l'une des fonctions essentielles de la critique : celle d'accompagner les artistes dans leur recherche, d'approcher la cr\u00e9ation, l'innovation d'un large public ?","authors":["Revue Puck"],"category_codes":["1000000","1080000"],"visuals":{"large":"https:\/\/images.epagine.fr\/224\/9782355391224_1_75.jpg","medium":"https:\/\/images.epagine.fr\/224\/9782355391224_1_m.jpg","thumbnail":"https:\/\/images.epagine.fr\/224\/9782355391224_1_v.jpg"},"orderable":true,"show_badge":true,"formatted_price":"24,00&nbsp;\u20ac","formatted_published_date":"4 juillet 2012","publisher_availability_label":"Sur commande","short_details":"Revue Puck \u2014 L'Entretemps","translator":null,"weight":570,"page_count":168,"readership":null,"editor":"L'Entretemps","price":2400,"published_date":"2012-07-03T22:00:00.000000Z","support":"Revue","publisher_availability":1,"stock":0,"editions":[],"url":"https:\/\/quaidesbrumes.com\/ouvrage\/9782355391224\/revue-puck-la-parole-aux-critiques-la-parole-aux-createurs"},{"id":"9782355391460","title":"REVUE PUCK n.19 : revue puck Tome 19; marionnette et les autres arts","description":null,"authors":["Revue Puck"],"category_codes":["1000000","1080000"],"visuals":{"large":"https:\/\/images.epagine.fr\/460\/9782355391460_1_75.jpg","medium":"https:\/\/images.epagine.fr\/460\/9782355391460_1_m.jpg","thumbnail":"https:\/\/images.epagine.fr\/460\/9782355391460_1_v.jpg"},"orderable":true,"show_badge":true,"formatted_price":"24,00&nbsp;\u20ac","formatted_published_date":"29 novembre 2012","publisher_availability_label":"Sur commande","short_details":"Revue Puck \u2014 L'Entretemps","translator":null,"weight":550,"page_count":200,"readership":null,"editor":"L'Entretemps","price":2400,"published_date":"2012-11-28T23:00:00.000000Z","support":"Revue","publisher_availability":1,"stock":0,"editions":[],"url":"https:\/\/quaidesbrumes.com\/ouvrage\/9782355391460\/revue-puck-n19-revue-puck-tome-19-marionnette-et-les-autres-arts"},{"id":"9782878542714","title":"Registres n.7 : la parabole ou le th\u00e9\u00e2tre qui pense","description":"Ce dossier est consacr\u00e9 \u00e0 l'ouvrage de Jean-Pierre Sarrazac La parabole ou L'enfance du th\u00e9\u00e2tre (Circ\u00e9, 2002). Il propose \u00e9galement une rencontre avec J.-P. Morel, professeur de litt\u00e9rature compar\u00e9e ainsi qu'une r\u00e9flexion sur l'\u00e9criture d\u00e9di\u00e9e au th\u00e9\u00e2tre.","authors":["Collectif"],"category_codes":["1000000","1080000"],"visuals":{"large":"https:\/\/images.epagine.fr\/714\/9782878542714_1_75.jpg","medium":"https:\/\/images.epagine.fr\/714\/9782878542714_1_m.jpg","thumbnail":"https:\/\/images.epagine.fr\/714\/9782878542714_1_v.jpg"},"orderable":true,"show_badge":true,"formatted_price":"15,24&nbsp;\u20ac","formatted_published_date":"1er f\u00e9vrier 2003","publisher_availability_label":"Sur commande","short_details":"Collectif \u2014 Presses De La Sorbonne Nouvelle","translator":null,"weight":285,"page_count":210,"readership":null,"editor":"Presses De La Sorbonne Nouvelle","price":1524,"published_date":"2003-01-31T23:00:00.000000Z","support":"Revue","publisher_availability":1,"stock":0,"editions":[],"url":"https:\/\/quaidesbrumes.com\/ouvrage\/9782878542714\/registres-n7-la-parabole-ou-le-theatre-qui-pense"},{"id":"9782878543254","title":"Registres n.9\/10 : le th\u00e9\u00e2tre et le mal","description":"Dossier consacr\u00e9 \u00e0 la repr\u00e9sentation du mal au th\u00e9\u00e2tre. Analyse les lieux du drame, la notion du mal par rapport \u00e0 la fa\u00e7on dont est trait\u00e9e la notion du bien, les symboles de cruaut\u00e9 dans la litt\u00e9rature th\u00e9\u00e2trale de S\u00e9n\u00e8que \u00e0 Kane, la po\u00e9tique de la violence dans le th\u00e9\u00e2tre de Sarah Kane, les perversions de la vengeance dans la trag\u00e9die baroque fran\u00e7aise...","authors":["Collectif"],"category_codes":["1000000","1080000"],"visuals":{"large":"https:\/\/images.epagine.fr\/254\/9782878543254_1_75.jpg","medium":"https:\/\/images.epagine.fr\/254\/9782878543254_1_m.jpg","thumbnail":"https:\/\/images.epagine.fr\/254\/9782878543254_1_v.jpg"},"orderable":true,"show_badge":true,"formatted_price":"15,24&nbsp;\u20ac","formatted_published_date":"1er septembre 2005","publisher_availability_label":"Sur commande","short_details":"Collectif \u2014 Presses De La Sorbonne Nouvelle","translator":null,"weight":328,"page_count":200,"readership":null,"editor":"Presses De La Sorbonne Nouvelle","price":1524,"published_date":"2005-08-31T22:00:00.000000Z","support":"Revue","publisher_availability":1,"stock":0,"editions":[],"url":"https:\/\/quaidesbrumes.com\/ouvrage\/9782878543254\/registres-n910-le-theatre-et-le-mal"},{"id":"9782878544114","title":"Registres n.13 : th\u00e9\u00e2tre et interdisciplinarit\u00e9","description":"Dossier Marie-Christine Lesage, \" L'interartistique : une dynamique de la complexit\u00e9 \" ; Daniel Urrutiaguer, \" Interdisciplinarit\u00e9 artistique et construction de l'identit\u00e9 \" ; Marie-Madeleine Mervant-Roux, \" De la r\u00e9alisation sonore historiquement interm\u00e9diale \u00e0 l'activation par le son des sc\u00e8nes interdisciplinaires \" ; Sandrine Le Pors, \" Les technologies de l'image en Allemagne : une entr\u00e9e en sc\u00e8ne contrast\u00e9e \" ; Oph\u00e9lie Landrin, \" La pr\u00e9sence-absence et la m\u00e9diation technologique dans les travaux du Big Art Group et du Wooster Group \" ; Bernadette Bost, \" Lire Jan Fabre \u00e0 la lumi\u00e8re de Joseph Beuys. Un h\u00e9ritage de transgressions \" ; Cl\u00e9mence Coconnier, \" Nadj ou l'indisciplinarit\u00e9 des corps de cirque \" ; Laure Fernandez, \" \u00c9loge de l'indisciplinaire : du th\u00e9\u00e2tral (ou non) dans le solo chor\u00e9graphique contemporain, suivi d'un Entretien avec Gis\u00e8le Vienne \" ; Gis\u00e8le Vienne, \" \u00c9rotisme, mort et m\u00e9canique. Sur une exp\u00e9rience de travail autour des rapports du corps au corps artificiel \" ; Jean-Fran\u00e7ois Peyret, Julie Val\u00e9ro, \" Jean- Fran\u00e7ois Peyret ou la strat\u00e9gie de l'invitation \". Modernit\u00e9 d'ibsen Jean- Pierre Sarrazac, \" Actualit\u00e9 d'Ibsen \" ; Renaud Serraz, \" Cher Henrik \" ;\r\nPerrine Malinge, \" Rencontrer Ibsen \" ; Salom\u00e9 Roth, Alice Zeniter, \" Ibsen misanthrope ? \" ; Nausicaa Giavarra, \" Divine trag\u00e9die \" ; Jonathan Ch\u00e2tel, \" Que dire de la maladie d'Osvald ? \" ; Jean-Pierre Sarrazac, \" Quelques fins de partie. Quatre notes sur le drame-de-la-vie \".   Comptes rendus Histoire de l'op\u00e9ra italien en France (1752-1815) : H\u00e9ros et h\u00e9ro\u00efnes d'un roman th\u00e9\u00e2tral, Andrea Fabiano (Anne-Laetitia Garcia).   Travaux Ariane Martinez, \" Le Th\u00e9\u00e2tre aux prises avec la pantomime \". Petite anthologie Andr\u00e9 Boll, \" Th\u00e9\u00e2tre chor\u00e9graphique \" (Texte pr\u00e9sent\u00e9 par Anne-Laetitia Garcia).","authors":["Collectif"],"category_codes":["1000000","1080000"],"visuals":{"large":"https:\/\/images.epagine.fr\/114\/9782878544114_1_75.jpg","medium":"https:\/\/images.epagine.fr\/114\/9782878544114_1_m.jpg","thumbnail":"https:\/\/images.epagine.fr\/114\/9782878544114_1_v.jpg"},"orderable":true,"show_badge":true,"formatted_price":"15,25&nbsp;\u20ac","formatted_published_date":"16 juin 2008","publisher_availability_label":"Sur commande","short_details":"Collectif \u2014 Presses De La Sorbonne Nouvelle","translator":null,"weight":233,"page_count":168,"readership":null,"editor":"Presses De La Sorbonne Nouvelle","price":1525,"published_date":"2008-06-15T22:00:00.000000Z","support":"Revue","publisher_availability":1,"stock":0,"editions":[],"url":"https:\/\/quaidesbrumes.com\/ouvrage\/9782878544114\/registres-n13-theatre-et-interdisciplinarite"},{"id":"9782382742495","title":"Comme il vous plaira : une com\u00e9die de William Shakespeare","description":"Comme il vous plaira (As You Like It) est une com\u00e9die de William Shakespeare \u00e9crite en 1599, initialement publi\u00e9e dans le Premier Folio, en 1623. Les circonstances de la premi\u00e8re repr\u00e9sentation sont incertaines, l'une des possibilit\u00e9s envisag\u00e9es serait \u00e0 Wilton House, en 1603. La pi\u00e8ce est notamment connue pour le monologue de Jaques, commen\u00e7ant par All the world's a stage.\r\nPr\u00e9sentation\r\nL'h\u00e9ro\u00efne Rosalinde se r\u00e9fugie dans la for\u00eat des Ardennes, accompagn\u00e9e de sa cousine C\u00e9lia, fuyant la cour de son oncle, dans la qu\u00eate de trouver la s\u00e9curit\u00e9 et, \u00e9ventuellement, l'amour. Elles sont amen\u00e9es \u00e0 rencontrer diff\u00e9rents personnages, notamment Jacques, voyageur m\u00e9lancolique pr\u00e9sent dans plusieurs pi\u00e8ces de Shakespeare, et dont le discours \"All the world's a stage\" est tr\u00e8s connu.\r\nR\u00e9ception de la pi\u00e8ce\r\nLa r\u00e9ception critique de la pi\u00e8ce est diverse : certains critiques trouvent que cette pi\u00e8ce est mineure en comparaison d'autres oeuvres de Shakespeare, mais d'autres lui portent une grande estime. Elle est l'une des pi\u00e8ces favorites du public et est souvent adapt\u00e9e \u00e0 la radio, au cin\u00e9ma et en com\u00e9die musicale. Des actrices c\u00e9l\u00e8bres ont interpr\u00e9t\u00e9 le r\u00f4le de Rosalinde, sur sc\u00e8ne et \u00e0 l'\u00e9cran, notamment Vanessa Redgrave, Juliet Stevenson, Rebecca Hall, Helen Mirren, et Patti LuPone, tandis qu'Alan Rickman, Stephen Spinella, Kevin Kline et Stephen Dillane tenaient le r\u00f4le de Jacques.","authors":["William Shakespeare"],"category_codes":["1000000","1080000","1080300"],"visuals":{"large":"https:\/\/images.epagine.fr\/495\/9782382742495_1_75.jpg","medium":"https:\/\/images.epagine.fr\/495\/9782382742495_1_m.jpg","thumbnail":"https:\/\/images.epagine.fr\/495\/9782382742495_1_v.jpg"},"orderable":true,"show_badge":true,"formatted_price":"16,00&nbsp;\u20ac","formatted_published_date":"2 mai 2022","publisher_availability_label":"Sur commande","short_details":"William Shakespeare \u2014 Culturea","translator":null,"weight":176,"page_count":104,"readership":null,"editor":"Culturea","price":1600,"published_date":"2022-05-01T22:00:00.000000Z","support":"Grand format","publisher_availability":1,"stock":0,"editions":[],"url":"https:\/\/quaidesbrumes.com\/ouvrage\/9782382742495\/comme-il-vous-plaira-une-comedie-de-william-shakespeare"},{"id":"9782382743737","title":"Le Roi Henri VIII : La Fameuse Histoire de la vie du roi Henri le huiti\u00e8me (The Famous History of the Life of King Henry the Eighth)","description":"La Fameuse Histoire de la vie du roi Henri le huiti\u00e8me (The Famous History of the Life of King Henry the Eighth) est l'une des derni\u00e8res pi\u00e8ces \u00e9crites par William Shakespeare en collaboration avec John Fletcher, bas\u00e9e sur la vie d'Henri VIII d'Angleterre.\r\nUn autre titre All Is True est r\u00e9pertori\u00e9 dans les documents de l'\u00e9poque ; le titre Henry VIII n'appara\u00eet que dix ans plus tard, lors de la publication de la pi\u00e8ce dans le Premier Folio en 1623. C'est d'ailleurs sous le titre All Is True que la pi\u00e8ce est publi\u00e9e dans The Oxford Shakespeare. The Complete Works.\r\nPendant l'une des premi\u00e8res repr\u00e9sentations, l'apr\u00e8s-midi du 29 juin 1613, la bourre enflamm\u00e9e d'un canon de th\u00e9\u00e2tre, utilis\u00e9 pour des effets sp\u00e9ciaux, a mis le feu au toit du th\u00e9\u00e2tre du Globe qui \u00e9tait couvert de chaume, provoquant l'incendie de tout le b\u00e2timent. L'accident est relat\u00e9 dans une lettre du 2 juillet par Sir Henry Wotton, ambassadeur \u00e0 Venise qui se trouvait alors \u00e0 Londres. Selon une autre source, le th\u00e9\u00e2tre \u00e9tait noir de monde, qui venait voir une pi\u00e8ce \u00ab qui n'avait \u00e9t\u00e9 jou\u00e9e que deux ou trois fois auparavant \u00bb. Personne ne fut bless\u00e9, sauf un homme l\u00e9g\u00e8rement br\u00fbl\u00e9 en sauvant un enfant qui aurait p\u00e9ri dans les flammes sans son intervention.","authors":["William Shakespeare"],"category_codes":["1000000","1080000","1080500"],"visuals":{"large":"https:\/\/images.epagine.fr\/737\/9782382743737_1_75.jpg","medium":"https:\/\/images.epagine.fr\/737\/9782382743737_1_m.jpg","thumbnail":"https:\/\/images.epagine.fr\/737\/9782382743737_1_v.jpg"},"orderable":true,"show_badge":true,"formatted_price":"11,00&nbsp;\u20ac","formatted_published_date":"1er mai 2022","publisher_availability_label":"Sur commande","short_details":"William Shakespeare \u2014 Culturea","translator":null,"weight":182,"page_count":108,"readership":null,"editor":"Culturea","price":1100,"published_date":"2022-04-30T22:00:00.000000Z","support":"Grand format","publisher_availability":1,"stock":0,"editions":[],"url":"https:\/\/quaidesbrumes.com\/ouvrage\/9782382743737\/le-roi-henri-viii-la-fameuse-histoire-de-la-vie-du-roi-henri-le-huitieme-the-famous-history-of-the-life-of-king-henry-the-eighth"}]}