{"data":[{"id":"9782386023576","title":"La robe de chambre","description":"Franck et Clara, respectivement employ\u00e9 de banque et infirmi\u00e8re, m\u00e8nent une petite vie tranquille dans leur appartement de banlieue. Jusqu'au jour o\u00f9 Franck d\u00e9cide de s'offrir, avec les 400 euros qu'il a gagn\u00e9 au loto, une magnifique... robe de chambre.\r\nAvez-vous d\u00e9j\u00e0 entendu parler de \u00ab l'effet Diderot \u00bb ? Il peut \u00eatre d\u00e9vastateur...\r\nCom\u00e9die pour 1 com\u00e9dien et 1 com\u00e9dienne.","authors":["Jean-Pierre Martinez"],"category_codes":["1000000","1080000","1080300","1080305"],"visuals":{"large":"https:\/\/images.epagine.fr\/576\/9782386023576_1_75.jpg","medium":"https:\/\/images.epagine.fr\/576\/9782386023576_1_m.jpg","thumbnail":"https:\/\/images.epagine.fr\/576\/9782386023576_1_v.jpg"},"orderable":true,"show_badge":true,"formatted_price":"12,00&nbsp;\u20ac","formatted_published_date":"30 ao\u00fbt 2025","publisher_availability_label":"Sur commande","short_details":"Jean-Pierre Martinez \u2014 La Comediatheque","translator":null,"weight":66,"page_count":49,"readership":null,"editor":"La Comediatheque","price":1200,"published_date":"2025-08-29T22:00:00.000000Z","support":"Grand format","publisher_availability":1,"stock":0,"editions":[],"url":"https:\/\/quaidesbrumes.com\/ouvrage\/9782386023576\/la-robe-de-chambre"},{"id":"9782386023743","title":"Requiem pour un Stradivarius","description":"Clara est une jeune violoniste virtuose au sommet de sa gloire, tandis que la carri\u00e8re de pianiste de L\u00e9o, un peu plus \u00e2g\u00e9 qu'elle, est d\u00e9j\u00e0 derri\u00e8re lui. Il a \u00e9t\u00e9 autrefois son Pygmalion, il est maintenant surtout son accompagnateur et son impresario. Aujourd'hui, le couple qu'ils forment \u00e0 la sc\u00e8ne comme \u00e0 la ville est en crise. Une dispute \u00e9clate alors qu'ils s'appr\u00eatent \u00e0 partir donner un concert. Pour l'occasion, un m\u00e9c\u00e8ne a accept\u00e9 de pr\u00eater \u00e0 Clara un Stradivarius d'une valeur inestimable. C'est alors que d\u00e9barque dans leur salon un couple de braqueurs pour un home-jacking...\r\nDistribution : Les personnages de braqueurs \u00e9tant de sexe indiff\u00e9rent, les distributions possibles sont 2 H\/2F, 3H\/1F, 3F\/1H","authors":["Jean-Pierre Martinez"],"category_codes":["1000000","1080000","1080300","1080305"],"visuals":{"large":"https:\/\/images.epagine.fr\/743\/9782386023743_1_75.jpg","medium":"https:\/\/images.epagine.fr\/743\/9782386023743_1_m.jpg","thumbnail":"https:\/\/images.epagine.fr\/743\/9782386023743_1_v.jpg"},"orderable":true,"show_badge":true,"formatted_price":"12,00&nbsp;\u20ac","formatted_published_date":"30 octobre 2025","publisher_availability_label":"Sur commande","short_details":"Jean-Pierre Martinez \u2014 La Comediatheque","translator":null,"weight":60,"page_count":51,"readership":null,"editor":"La Comediatheque","price":1200,"published_date":"2025-10-29T23:00:00.000000Z","support":"Grand format","publisher_availability":1,"stock":0,"editions":[],"url":"https:\/\/quaidesbrumes.com\/ouvrage\/9782386023743\/requiem-pour-un-stradivarius"},{"id":"9782386023859","title":"Horizons","description":"Dans un no man's land aux allures de purgatoire, trois personnages qui ont perdu la m\u00e9moire fixent l'horizon en qu\u00eate de r\u00e9ponses \u00e0 leurs questions existentielles. Mais de quel horizon s'agit-il exactement ? Une tragi-com\u00e9die en forme de r\u00e9flexion scientifique et philosophique sur le cycle \u00e9ternel de la vie et de la mort.","authors":["Jean-Pierre Martinez"],"category_codes":["1000000","1080000","1080400"],"visuals":{"large":"https:\/\/images.epagine.fr\/859\/9782386023859_1_75.jpg","medium":"https:\/\/images.epagine.fr\/859\/9782386023859_1_m.jpg","thumbnail":"https:\/\/images.epagine.fr\/859\/9782386023859_1_v.jpg"},"orderable":true,"show_badge":true,"formatted_price":"12,00&nbsp;\u20ac","formatted_published_date":"31 octobre 2025","publisher_availability_label":"Sur commande","short_details":"Jean-Pierre Martinez \u2014 La Comediatheque","translator":null,"weight":54,"page_count":42,"readership":null,"editor":"La Comediatheque","price":1200,"published_date":"2025-10-30T23:00:00.000000Z","support":"Grand format","publisher_availability":1,"stock":0,"editions":[],"url":"https:\/\/quaidesbrumes.com\/ouvrage\/9782386023859\/horizons"},{"id":"9782336583402","title":"Ce que tu ne dis pas","description":"\u00c0 la suite d'un \u00e9v\u00e9nement tragique, Jean et son fils Nathan voient leur relation se d\u00e9t\u00e9riorer. Le fils ne parle plus \u00e0 son p\u00e8re et le p\u00e8re a l'impression que son fils s'emmure dans le silence. Vivant dans la culpabilit\u00e9, Jean a une image de son fils d\u00e9cal\u00e9e par rapport \u00e0 leur entourage, leur incapacit\u00e9 \u00e0 communiquer devenant un mur presque infranchissable.\r\nLors des f\u00eates de fin d'ann\u00e9e, la relation douloureuse entre le p\u00e8re et le fils \u00e9clate au grand jour.\r\nCe drame en trois actes est l'adaptation du roman Le cri du silence, du m\u00eame auteur, paru aux \u00e9ditions La P'tite H\u00e9l\u00e8ne. Il aborde le poids du silence dans une famille marqu\u00e9e par le drame et la culpabilit\u00e9.","authors":["Guillaume Roux"],"category_codes":["1000000","1080000"],"visuals":{"large":"https:\/\/images.epagine.fr\/402\/9782336583402_1_75.jpg","medium":"https:\/\/images.epagine.fr\/402\/9782336583402_1_m.jpg","thumbnail":"https:\/\/images.epagine.fr\/402\/9782336583402_1_v.jpg"},"orderable":true,"show_badge":true,"formatted_price":"13,00&nbsp;\u20ac","formatted_published_date":"18 d\u00e9cembre 2025","publisher_availability_label":"Sur commande","short_details":"Guillaume Roux \u2014 \u00c9ditions L'Harmattan","translator":null,"weight":111,"page_count":90,"readership":null,"editor":"\u00c9ditions L'Harmattan","price":1300,"published_date":"2025-12-17T23:00:00.000000Z","support":"Grand format","publisher_availability":1,"stock":0,"editions":[],"url":"https:\/\/quaidesbrumes.com\/ouvrage\/9782336583402\/ce-que-tu-ne-dis-pas"},{"id":"9782268109237","title":"Oeuvres compl\u00e8tes Tome 11 : th\u00e9\u00e2tre Tome 3","description":null,"authors":["Oskar wladislaw de lubicz Milosz"],"category_codes":["1000000","1080000"],"visuals":{"large":"https:\/\/quaidesbrumes.com\/img\/book-placeholder.png","medium":"https:\/\/quaidesbrumes.com\/img\/book-placeholder.png","thumbnail":"https:\/\/quaidesbrumes.com\/img\/book-placeholder.png"},"orderable":false,"show_badge":true,"formatted_price":"27,70&nbsp;\u20ac","formatted_published_date":null,"publisher_availability_label":"\u00c0 para\u00eetre","short_details":"Oskar wladislaw de lubicz Milosz \u2014 \u00c9ditions du Rocher","translator":null,"weight":601,"page_count":220,"readership":null,"editor":"\u00c9ditions du Rocher","price":2770,"published_date":null,"support":"Grand format","publisher_availability":2,"stock":0,"editions":[],"url":"https:\/\/quaidesbrumes.com\/ouvrage\/9782268109237\/oeuvres-completes-tome-11-theatre-tome-3"},{"id":"9782343218847","title":"Exp\u00e9riences th\u00e9\u00e2trales et r\u00e9cits de soi ; une universit\u00e9 populaire sous confinement Covid-19","description":"Ce livre propose une r\u00e9flexion collective sur le rapport au th\u00e9\u00e2tre de plusieurs membres de l'Universit\u00e9 populaire de Bobigny \u00e0 la Maison de la Culture de Seine-Saint-Denis (MC93). Il est le r\u00e9sultat du travail d'un atelier de r\u00e9cits de vie de spectateurs de th\u00e9\u00e2tre cr\u00e9\u00e9 au sein de cette Universit\u00e9 populaire au d\u00e9but de l'ann\u00e9e 2020, qui s'est tr\u00e8s vite trouv\u00e9 pris dans la tourmente de la pand\u00e9mie de Covid-19. L'originalit\u00e9 de la conception de ce travail donne \u00e0 penser que les Universit\u00e9s populaires et l'\u00e9ducation populaire sont aptes \u00e0 proposer des r\u00e9flexions riches et impliqu\u00e9es, produites par un dispositif coop\u00e9ratif, simple et interactif, enti\u00e8rement b\u00e9n\u00e9vole et gratuit.","authors":["Collectif"],"category_codes":["1000000","1080000","1080100"],"visuals":{"large":"https:\/\/images.epagine.fr\/847\/9782343218847_1_75.jpg","medium":"https:\/\/images.epagine.fr\/847\/9782343218847_1_m.jpg","thumbnail":"https:\/\/images.epagine.fr\/847\/9782343218847_1_v.jpg"},"orderable":true,"show_badge":true,"formatted_price":"25,00&nbsp;\u20ac","formatted_published_date":"31 d\u00e9cembre 2020","publisher_availability_label":"Sur commande","short_details":"Collectif \u2014 \u00c9ditions L'Harmattan","translator":null,"weight":295,"page_count":226,"readership":null,"editor":"\u00c9ditions L'Harmattan","price":2500,"published_date":"2020-12-30T23:00:00.000000Z","support":"Grand format","publisher_availability":1,"stock":0,"editions":[],"url":"https:\/\/quaidesbrumes.com\/ouvrage\/9782343218847\/experiences-theatrales-et-recits-de-soi-une-universite-populaire-sous-confinement-covid-19"},{"id":"9782367580012","title":"Armorica Breizh","description":"\" La Bretagne est incontestablement l'une des r\u00e9gions europ\u00e9ennes qui offrent la plus grande originalit\u00e9. La vari\u00e9t\u00e9 de ses paysages, la diversit\u00e9 de ses monuments, la richesse de sa culture, aussi bien dans la zone de langue bretonne que dans celle de langue gall\u00e8se, ne peuvent se comprendre et s'appr\u00e9cier sans le recours \u00e0 l'histoire \". \r\nAndr\u00e9 Ch\u00e9deville.\r\nLe spectacle Armorica Breizh met en sc\u00e8ne quelques pages de l'Histoire de Bretagne, de l'arriv\u00e9e des Celtes vers 500 ans avant J\u00e9sus-Christ, jusqu'au royaume breton fond\u00e9 en 851 par Erispo\u00eb.","authors":["Ar Vro Bagan","Goulc'han Kervella","Marc Letissier"],"category_codes":["1000000","1080000"],"visuals":{"large":"https:\/\/images.epagine.fr\/012\/9782367580012_1_75.jpg","medium":"https:\/\/images.epagine.fr\/012\/9782367580012_1_m.jpg","thumbnail":"https:\/\/images.epagine.fr\/012\/9782367580012_1_v.jpg"},"orderable":true,"show_badge":true,"formatted_price":"15,00&nbsp;\u20ac","formatted_published_date":"19 septembre 2012","publisher_availability_label":"Sur commande","short_details":"Ar Vro Bagan, Goulc'han Kervella, Marc Letissier \u2014 Skol Vreizh","translator":null,"weight":401,"page_count":96,"readership":null,"editor":"Skol Vreizh","price":1500,"published_date":"2012-09-18T22:00:00.000000Z","support":"Grand format","publisher_availability":1,"stock":0,"editions":[],"url":"https:\/\/quaidesbrumes.com\/ouvrage\/9782367580012\/armorica-breizh"},{"id":"9782367580029","title":"Armorica Breizh ; e dero\u00f9 istor hor bro","description":"Pinvidik-mor eo istor Breizh. N'eo ket gwall anavezet gant an dud avat ! Ne vez ket desket kalz er skolio\u00f9 ! Ar pep brasa\u00f1 eus ar Vretoned, hag eus an dud diavaez-bro, ne ouzont ket he deus bet Breizh un istor dishe\u00f1vel diouzh hini Bro-C'hall. Evit kompren petra eo Breizh en dervezh a hirio eo ret anaout istor bras ar vro. Gant Armorica Breizh e klaskomp degas ur banne skl\u00earijenn war an istor-se, etre mare ar Gelted, ar Romaned, ar Franked hag Erispoe, mab Nominoe, roue kenta\u00f1 rouantelezh Breizh, e 851.","authors":["Ar Vro Bagan","Goulc'han Kervella","Marc Letissier"],"category_codes":["1000000","1080000"],"visuals":{"large":"https:\/\/images.epagine.fr\/029\/9782367580029_1_75.jpg","medium":"https:\/\/images.epagine.fr\/029\/9782367580029_1_m.jpg","thumbnail":"https:\/\/images.epagine.fr\/029\/9782367580029_1_v.jpg"},"orderable":true,"show_badge":true,"formatted_price":"15,00&nbsp;\u20ac","formatted_published_date":"19 septembre 2012","publisher_availability_label":"Sur commande","short_details":"Ar Vro Bagan, Goulc'han Kervella, Marc Letissier \u2014 Skol Vreizh","translator":null,"weight":401,"page_count":96,"readership":null,"editor":"Skol Vreizh","price":1500,"published_date":"2012-09-18T22:00:00.000000Z","support":"Grand format","publisher_availability":1,"stock":0,"editions":[],"url":"https:\/\/quaidesbrumes.com\/ouvrage\/9782367580029\/armorica-breizh-e-derou-istor-hor-bro"},{"id":"9782367581347","title":"Mont a raio kuit","description":"War c'houlenn un tad a familh eo em eus skrivet ar pezh-c'hoari-man~ : e vab, 18 vloaz, a oa klan~vet trumm diwar ar c'hlen~ved skizofreni. Seizh vloaz war-lerc'h e oa en em zistrujet. C'hoant en doa an tad e vefe savet ur pezh-c'hoari diwar an istor trist-se. Evit sikour anezhan~ da harpan~ ouzh ar glac'har hag ivez, marteze, ar re yaouank, klan~v o spered ha darev d'en em zistrujan~. Goulc'han Kervella Er ge^r, e-barzh an ti, war-dro unnek eur vintin, eman~ an tad hag ar vamm, oc'h aozan~ o zraou` evit mont d'an aod. Reverdi vras a zo. Evit klask gweltrez ha kregin, e-penn kentan~ an han~v. Laouen int. Ar pellgomz o senin~. O mab triwec'h vloaz eo, echu e studiou` keginerezh e Kemper, bet e vachelouriezh, eman~ o labourat en ur pred-ti e Kastellin.\r\nKomzou` iskis a zo gantan~ : tud a zo o klask lazhan~ anezhan~. Mantret eo ar vamm hag an tad. Kerkent ez eont da Gastellin. Pennfollet eo ar mab, ur gontell vras a zo gantan~, kuzhet dindan e chupenn. Evit en em zifenn. Trumm eo c'hoarvezet e varrad follentez. Mestr ar pred-ti n'en doa merzhet netra ken ha neuze, panefe e oa bresk ar paotr yaouank. Kalet eo ar vicher-se, emezan~. Kaset eo ar mab d'ar ge^r gant e dud. Galvet ar medisin. O klevet e gomzou` hag e zoareou` iskis e laka ar medisin da vezan~ degemeret en ospital Boharz, ur c'hlan~vdi evit ar c'hlen~vedou`-spered. \u00ab Gant ar c'hlen~ved skizofreni eman~ ho mab ! \u00bb","authors":["Goulc'han Kervella"],"category_codes":["1000000","1080000","1080500"],"visuals":{"large":"https:\/\/images.epagine.fr\/347\/9782367581347_1_75.jpg","medium":"https:\/\/images.epagine.fr\/347\/9782367581347_1_m.jpg","thumbnail":"https:\/\/images.epagine.fr\/347\/9782367581347_1_v.jpg"},"orderable":true,"show_badge":true,"formatted_price":"9,00&nbsp;\u20ac","formatted_published_date":"17 novembre 2021","publisher_availability_label":"Sur commande","short_details":"Goulc'han Kervella \u2014 Skol Vreizh","translator":null,"weight":100,"page_count":96,"readership":null,"editor":"Skol Vreizh","price":900,"published_date":"2021-11-16T23:00:00.000000Z","support":"Grand format","publisher_availability":1,"stock":0,"editions":[],"url":"https:\/\/quaidesbrumes.com\/ouvrage\/9782367581347\/mont-a-raio-kuit"},{"id":"9782381980966","title":"La bonne \u00e2me du Sichuan","description":"Trois dieux parcourent la Chine en qu\u00eate d'une bonne \u00e2me. Dans la capitale du Sichuan, pauvre et \u00ab \u00e0 moiti\u00e9 europ\u00e9anis\u00e9e \u00bb, seule la prostitu\u00e9e Shen Te accepte de les h\u00e9berger pour la nuit. Pour la remercier de son hospitalit\u00e9, ils lui offrent une tr\u00e8s g\u00e9n\u00e9reuse somme d'argent et l'encouragent \u00e0 pers\u00e9v\u00e9rer dans sa bont\u00e9. Ce gain inesp\u00e9r\u00e9 lui permet d'acheter un petit d\u00e9bit de tabac. Or, la solidarit\u00e9 n'attire que jalousie dans un monde mercantile et corrompu. M\u00eame l'aviateur sans emploi Sun dont elle tombe amoureuse profite lui aussi de sa g\u00e9n\u00e9rosit\u00e9. Croyant faire le bien, Shen Te se fait peu \u00e0 peu dilapider par d'opportunistes voisins et d\u00e9pense pour les aider sa maigre fortune. C'\u00e9tait sans compter la venue de son cousin Shui Ta, sorte de double masculin rus\u00e9 en affaires, qui saura mettre fin \u00e0 cette situation en usant de proc\u00e9d\u00e9s moins louables. Peut-on \u00eatre bon avec autrui sans oublier ses propres int\u00e9r\u00eats ? Peut-on p\u00e9cher par exc\u00e8s de bont\u00e9 ?\r\nUne saisissante parabole sur l'altruisme et la probit\u00e9, \u00e9crite par Brecht en exil, horrifi\u00e9 par l'incapacit\u00e9 des peuples \u00e0 mettre en \u00e9chec les syst\u00e8mes de domination, une fois corrompus par le pouvoir de l'argent. \r\n\u00ab La province du Sichuan, d\u00e9peinte dans cette parabole, symbolise tous les lieux o\u00f9 les hommes furent exploit\u00e9s par d'autres hommes ; aujourd'hui elle ne fait plus partie de ces lieux. \u00bb renseigne Brecht dans la didascalie introductive.","authors":["Bertolt Brecht","Sobottke Mathilde"],"category_codes":["1000000","1080000"],"visuals":{"large":"https:\/\/images.epagine.fr\/966\/9782381980966_1_75.jpg","medium":"https:\/\/images.epagine.fr\/966\/9782381980966_1_m.jpg","thumbnail":"https:\/\/images.epagine.fr\/966\/9782381980966_1_v.jpg"},"orderable":false,"show_badge":true,"formatted_price":"13,00&nbsp;\u20ac","formatted_published_date":"18 juin 2026","publisher_availability_label":"\u00c0 para\u00eetre","short_details":"Bertolt Brecht, Sobottke Mathilde \u2014 L'Arche","translator":"Sobottke Mathilde","weight":0,"page_count":144,"readership":null,"editor":"L'Arche","price":1300,"published_date":"2026-06-17T22:00:00.000000Z","support":"Grand format","publisher_availability":2,"stock":0,"editions":[],"url":"https:\/\/quaidesbrumes.com\/ouvrage\/9782381980966\/la-bonne-ame-du-sichuan"},{"id":"9782382748831","title":"Les Femmes savantes : Une com\u00e9die satirique sur l'\u00e9rudition f\u00e9minine et les moeurs du XVIIe si\u00e8cle","description":"\"Les Femmes savantes\" est une com\u00e9die en cinq actes \u00e9crite par Moli\u00e8re et pr\u00e9sent\u00e9e pour la premi\u00e8re fois en 1672. Cette pi\u00e8ce met en sc\u00e8ne les tensions au sein d'une famille bourgeoise o\u00f9 certaines femmes, influenc\u00e9es par les id\u00e9es nouvelles de l'\u00e9poque, aspirent \u00e0 une \u00e9rudition excessive. Le personnage central, Philaminte, est une femme passionn\u00e9e par la connaissance et la philosophie, au point de n\u00e9gliger les aspects pratiques de la vie quotidienne. Elle est entour\u00e9e de sa fille Armande, qui partage ses aspirations intellectuelles, et de sa soeur B\u00e9lise, qui se perd dans des r\u00eaveries amoureuses. En opposition \u00e0 ces femmes savantes, Chrysale, le mari de Philaminte, et sa fille Henriette, repr\u00e9sentent le bon sens et la simplicit\u00e9. Le conflit principal de la pi\u00e8ce tourne autour du mariage d'Henriette, que Philaminte souhaite marier \u00e0 Trissotin, un po\u00e8te p\u00e9dant et opportuniste, tandis qu'Henriette aime Clitandre, un jeune homme sinc\u00e8re. \u00c0 travers des dialogues vifs et des situations comiques, Moli\u00e8re critique l'hypocrisie et le snobisme intellectuel, tout en soulignant l'importance de l'\u00e9quilibre entre savoir et vie pratique. La pi\u00e8ce se termine par la victoire du bon sens, avec le mariage d'Henriette et Clitandre, et la d\u00e9faite des pr\u00e9tentions intellectuelles de Trissotin.","authors":["Moli\u00e8re"],"category_codes":["1000000","1080000"],"visuals":{"large":"https:\/\/images.epagine.fr\/831\/9782382748831_1_75.jpg","medium":"https:\/\/images.epagine.fr\/831\/9782382748831_1_m.jpg","thumbnail":"https:\/\/images.epagine.fr\/831\/9782382748831_1_v.jpg"},"orderable":true,"show_badge":true,"formatted_price":"12,99&nbsp;\u20ac","formatted_published_date":"15 septembre 2022","publisher_availability_label":"Sur commande","short_details":"Moli\u00e8re \u2014 Culturea","translator":null,"weight":162,"page_count":116,"readership":null,"editor":"Culturea","price":1299,"published_date":"2022-09-14T22:00:00.000000Z","support":"Grand format","publisher_availability":1,"stock":0,"editions":[],"url":"https:\/\/quaidesbrumes.com\/ouvrage\/9782382748831\/les-femmes-savantes-une-comedie-satirique-sur-lerudition-feminine-et-les-moeurs-du-xviie-siecle"},{"id":"9782385089986","title":"Fantasio : une com\u00e9die en deux actes","description":"\u00ab Fantasio \u00bb est une com\u00e9die en deux actes d'Alfred de Musset. Elle fut publi\u00e9e en 1834 mais seulement repr\u00e9sent\u00e9e en 1866, apr\u00e8s la mort de Musset, qui avait d\u00e9cid\u00e9, \u00e0 la suite de l'\u00e9chec de sa premi\u00e8re com\u00e9die, de ne plus \u00e9crire pour la sc\u00e8ne mais \u00ab Un spectacle dans un fauteuil \u00bb. Elle deviendra encore six ans apr\u00e8s un op\u00e9ra d'Offenbach, dont Paul, le fr\u00e8re d'Alfred, \u00e9crivit le livret. Le jeune bourgeois Fantasio, dans une Allemagne imaginaire, est blas\u00e9, cynique, et s'ennuie tandis que Elsbeth, la fille du roi de Bavi\u00e8re, doit \u00e9pouser l'imb\u00e9cile prince de Mantoue. Pour \u00e9chapper \u00e0 la fois \u00e0 son d\u00e9soeuvrement et \u00e0 ses cr\u00e9anciers, Fantasio d\u00e9cide de prendre la place du bouffon du roi d\u00e9c\u00e9d\u00e9. Ainsi d\u00e9guis\u00e9 il tente de convaincre la jeune princesse de ne pas se marier. Alors qu'elle h\u00e9site, il commet un acte qui le m\u00e8ne en prison mais qui met fin aux projets d'alliance avec le prince de Mantoue. Cette f\u00e9erie renvoie dos \u00e0 dos la trag\u00e9die et le drame romantique en proposant un th\u00e9\u00e2tre magique proche du conte.","authors":["Alfred de Musset"],"category_codes":["1000000","1080000"],"visuals":{"large":"https:\/\/images.epagine.fr\/986\/9782385089986_1_75.jpg","medium":"https:\/\/images.epagine.fr\/986\/9782385089986_1_m.jpg","thumbnail":"https:\/\/images.epagine.fr\/986\/9782385089986_1_v.jpg"},"orderable":true,"show_badge":true,"formatted_price":"23,00&nbsp;\u20ac","formatted_published_date":"14 septembre 2022","publisher_availability_label":"Sur commande","short_details":"Alfred de Musset \u2014 Culturea","translator":null,"weight":87,"page_count":56,"readership":null,"editor":"Culturea","price":2300,"published_date":"2022-09-13T22:00:00.000000Z","support":"Grand format","publisher_availability":1,"stock":0,"editions":[],"url":"https:\/\/quaidesbrumes.com\/ouvrage\/9782385089986\/fantasio-une-comedie-en-deux-actes"},{"id":"9782382744321","title":"Oedipe roi : Trag\u00e9die grecque classique de Sophocle","description":"\"Oedipe roi\" est une trag\u00e9die grecque \u00e9crite par Sophocle, qui a \u00e9t\u00e9 pr\u00e9sent\u00e9e pour la premi\u00e8re fois en 425 av. J.-C. au th\u00e9\u00e2tre de Dionysos \u00e0 Ath\u00e8nes. Cette oeuvre dramatique, consid\u00e9r\u00e9e comme un chef-d'oeuvre du genre, explore les th\u00e8mes du destin, de la v\u00e9rit\u00e9 et de la connaissance de soi. L'intrigue se d\u00e9roule \u00e0 Th\u00e8bes, o\u00f9 le roi Oedipe cherche \u00e0 sauver sa cit\u00e9 d'une peste d\u00e9vastatrice. Pour ce faire, il doit d\u00e9couvrir le meurtrier de l'ancien roi, La\u00efos. Au fil de son enqu\u00eate, Oedipe d\u00e9couvre progressivement la terrible v\u00e9rit\u00e9 de son propre pass\u00e9: il est lui-m\u00eame le meurtrier de La\u00efos, qui \u00e9tait son p\u00e8re, et il a \u00e9pous\u00e9 sa propre m\u00e8re, Jocaste. Cette r\u00e9v\u00e9lation conduit \u00e0 une s\u00e9rie d'\u00e9v\u00e9nements tragiques, culminant avec le suicide de Jocaste et l'auto-aveuglement d'Oedipe. La pi\u00e8ce est c\u00e9l\u00e8bre pour sa structure dramatique impeccable et son exploration des dilemmes moraux et psychologiques. Elle a \u00e9t\u00e9 traduite et adapt\u00e9e dans de nombreuses langues et cultures, t\u00e9moignant de son influence mondiale sur la litt\u00e9rature. Les personnages principaux incluent Oedipe, Jocaste, Cr\u00e9on et Tir\u00e9sias, chacun jouant un r\u00f4le fondamental dans le d\u00e9veloppement de l'intrigue et l'exploration des th\u00e8mes centraux de la pi\u00e8ce.","authors":["Sophocle"],"category_codes":["1000000","1080000"],"visuals":{"large":"https:\/\/images.epagine.fr\/321\/9782382744321_1_75.jpg","medium":"https:\/\/images.epagine.fr\/321\/9782382744321_1_m.jpg","thumbnail":"https:\/\/images.epagine.fr\/321\/9782382744321_1_v.jpg"},"orderable":true,"show_badge":true,"formatted_price":"13,00&nbsp;\u20ac","formatted_published_date":"27 septembre 2022","publisher_availability_label":"Sur commande","short_details":"Sophocle \u2014 Culturea","translator":null,"weight":79,"page_count":50,"readership":null,"editor":"Culturea","price":1300,"published_date":"2022-09-26T22:00:00.000000Z","support":"Grand format","publisher_availability":1,"stock":0,"editions":[],"url":"https:\/\/quaidesbrumes.com\/ouvrage\/9782382744321\/oedipe-roi-tragedie-grecque-classique-de-sophocle"},{"id":"9782382747193","title":"George Dandin : Les d\u00e9boires d'un mariage entre classes sociales","description":"Texte \u00e0 corriger :\r\n\"George Dandin ou Le Mari confondu\" est une com\u00e9die de Moli\u00e8re, \u00e9crite en 1668, qui explore les tensions et les malentendus dans un mariage entre un paysan en mutation sociale, George Dandin, et une jeune femme noble, Ang\u00e9lique. Dandin, qui a \u00e9pous\u00e9 Ang\u00e9lique pour s'\u00e9lever socialement, se retrouve pi\u00e9g\u00e9 dans une union o\u00f9 il est constamment m\u00e9pris\u00e9 par sa femme et ses beaux-parents, Monsieur et Madame de Sotenville. Ang\u00e9lique, de son c\u00f4t\u00e9, ne cache pas son m\u00e9pris pour Dandin et entretient une relation secr\u00e8te avec Clitandre, un jeune courtisan. Tout au long de la pi\u00e8ce, Dandin tente d\u00e9sesp\u00e9r\u00e9ment de prouver l'infid\u00e9lit\u00e9 de sa femme \u00e0 ses beaux-parents, mais ses efforts sont syst\u00e9matiquement contrecarr\u00e9s par l'habilet\u00e9 d'Ang\u00e9lique \u00e0 manipuler les apparences et \u00e0 se faire passer pour une \u00e9pouse vertueuse. Les serviteurs, Claudine et Lubin, ajoutent une dimension comique \u00e0 l'intrigue par leurs maladresses et leurs quiproquos. La pi\u00e8ce se termine sans r\u00e9solution pour Dandin, qui reste pi\u00e9g\u00e9 dans son mariage malheureux, soulignant ainsi la critique sociale de Moli\u00e8re sur les mariages arrang\u00e9s et les in\u00e9galit\u00e9s de classe.","authors":["Moli\u00e8re"],"category_codes":["1000000","1080000"],"visuals":{"large":"https:\/\/images.epagine.fr\/193\/9782382747193_1_75.jpg","medium":"https:\/\/images.epagine.fr\/193\/9782382747193_1_m.jpg","thumbnail":"https:\/\/images.epagine.fr\/193\/9782382747193_1_v.jpg"},"orderable":true,"show_badge":true,"formatted_price":"13,00&nbsp;\u20ac","formatted_published_date":"19 septembre 2022","publisher_availability_label":"Sur commande","short_details":"Moli\u00e8re \u2014 Culturea","translator":null,"weight":112,"page_count":76,"readership":null,"editor":"Culturea","price":1300,"published_date":"2022-09-18T22:00:00.000000Z","support":"Grand format","publisher_availability":1,"stock":0,"editions":[],"url":"https:\/\/quaidesbrumes.com\/ouvrage\/9782382747193\/george-dandin-les-deboires-dun-mariage-entre-classes-sociales"},{"id":"9782382748930","title":"Le M\u00e9decin malgr\u00e9 lui : Une com\u00e9die de quiproquos et de satire sociale","description":"Texte \u00e0 corriger :  \r\n\"Le M\u00e9decin malgr\u00e9 lui\" est une com\u00e9die en trois actes de Moli\u00e8re, centr\u00e9e sur le personnage de Sganarelle, un b\u00fbcheron ivrogne et querelleur, qui se retrouve malgr\u00e9 lui dans le r\u00f4le d'un m\u00e9decin. L'intrigue d\u00e9bute avec une dispute entre Sganarelle et sa femme Martine, qui, pour se venger des coups re\u00e7us, d\u00e9cide de faire passer son mari pour un m\u00e9decin improvis\u00e9. Deux serviteurs, Val\u00e8re et Lucas, \u00e0 la recherche d'un m\u00e9decin pour soigner la fille de leur ma\u00eetre G\u00e9ronte, tombent dans le pi\u00e8ge tendu par Martine. Sganarelle, d'abord r\u00e9ticent, finit par accepter ce r\u00f4le sous la contrainte des coups de b\u00e2ton. Arriv\u00e9 chez G\u00e9ronte, Sganarelle, avec son bagout et son ignorance, parvient \u00e0 convaincre tout le monde de ses comp\u00e9tences m\u00e9dicales. Il d\u00e9couvre que la fille de G\u00e9ronte, Lucinde, feint d'\u00eatre muette pour \u00e9viter un mariage arrang\u00e9. L\u00e9andre, l'amoureux de Lucinde, se d\u00e9guise en apothicaire pour approcher sa bien-aim\u00e9e, et avec l'aide de Sganarelle, il parvient \u00e0 la rencontrer. La pi\u00e8ce se termine par une s\u00e9rie de quiproquos et de situations comiques, o\u00f9 Sganarelle, malgr\u00e9 son ignorance, r\u00e9ussit \u00e0 maintenir son imposture, tout en aidant les jeunes amoureux \u00e0 se retrouver.","authors":["Moli\u00e8re"],"category_codes":["1000000","1080000"],"visuals":{"large":"https:\/\/images.epagine.fr\/930\/9782382748930_1_75.jpg","medium":"https:\/\/images.epagine.fr\/930\/9782382748930_1_m.jpg","thumbnail":"https:\/\/images.epagine.fr\/930\/9782382748930_1_v.jpg"},"orderable":true,"show_badge":true,"formatted_price":"14,00&nbsp;\u20ac","formatted_published_date":"15 septembre 2022","publisher_availability_label":"Sur commande","short_details":"Moli\u00e8re \u2014 Culturea","translator":null,"weight":97,"page_count":64,"readership":null,"editor":"Culturea","price":1400,"published_date":"2022-09-14T22:00:00.000000Z","support":"Grand format","publisher_availability":1,"stock":0,"editions":[],"url":"https:\/\/quaidesbrumes.com\/ouvrage\/9782382748930\/le-medecin-malgre-lui-une-comedie-de-quiproquos-et-de-satire-sociale"},{"id":"9782385082611","title":"Les Caprices de Marianne : Une tragi-com\u00e9die de l'amour et du destin","description":"\"Les Caprices de Marianne\" est une pi\u00e8ce de th\u00e9\u00e2tre \u00e9crite par Alfred de Musset, class\u00e9e dans le genre de la tragi-com\u00e9die. Publi\u00e9e pour la premi\u00e8re fois en 1833 dans la \"Revue des Deux Mondes\", cette oeuvre explore les th\u00e8mes de l'amour, de la jalousie et du destin \u00e0 travers les interactions complexes entre ses personnages principaux. L'intrigue se d\u00e9roule \u00e0 Naples et met en sc\u00e8ne Marianne, une jeune femme mari\u00e9e \u00e0 Claudio, un juge s\u00e9v\u00e8re et jaloux. Coelio, un jeune homme passionn\u00e9, est \u00e9pris de Marianne et cherche \u00e0 gagner son affection avec l'aide de son ami Octave, un personnage d\u00e9sabus\u00e9 et cynique. La pi\u00e8ce est marqu\u00e9e par des dialogues vifs et spirituels, typiques du style de Musset, qui mettent en lumi\u00e8re les contradictions et les caprices du coeur humain. Le d\u00e9nouement tragique de l'histoire souligne la fragilit\u00e9 des relations humaines et l'in\u00e9luctabilit\u00e9 du destin. \"Les Caprices de Marianne\" est une oeuvre qui continue de r\u00e9sonner par sa profondeur psychologique et sa capacit\u00e9 \u00e0 capturer les nuances de l'\u00e2me humaine.","authors":["Alfred De Musset"],"category_codes":["1000000","1080000"],"visuals":{"large":"https:\/\/images.epagine.fr\/611\/9782385082611_1_75.jpg","medium":"https:\/\/images.epagine.fr\/611\/9782385082611_1_m.jpg","thumbnail":"https:\/\/images.epagine.fr\/611\/9782385082611_1_v.jpg"},"orderable":true,"show_badge":true,"formatted_price":"14,00&nbsp;\u20ac","formatted_published_date":"29 ao\u00fbt 2022","publisher_availability_label":"Sur commande","short_details":"Alfred De Musset \u2014 Culturea","translator":null,"weight":97,"page_count":64,"readership":null,"editor":"Culturea","price":1400,"published_date":"2022-08-28T22:00:00.000000Z","support":"Grand format","publisher_availability":1,"stock":0,"editions":[],"url":"https:\/\/quaidesbrumes.com\/ouvrage\/9782385082611\/les-caprices-de-marianne-une-tragi-comedie-de-lamour-et-du-destin"},{"id":"9791041918737","title":"La jalousie du Barbouill\u00e9 : Une farce sur les m\u00e9saventures conjugales et les conseils absurdes d'un docteur.","description":"\"La jalousie du Barbouill\u00e9\" est une farce comique attribu\u00e9e \u00e0 Moli\u00e8re qui explore les th\u00e8mes de la jalousie et des conflits conjugaux \u00e0 travers le personnage principal, Le Barbouill\u00e9. Ce dernier est un mari jaloux et col\u00e9rique, exasp\u00e9r\u00e9 par le comportement de sa femme Ang\u00e9lique, qu'il accuse de le tromper. Le Barbouill\u00e9 cherche conseil aupr\u00e8s d'un docteur, dont les conseils se r\u00e9v\u00e8lent \u00eatre un encha\u00eenement de discours p\u00e9dants et inutiles. Le docteur, personnage caricatural, se perd dans des explications alambiqu\u00e9es et des d\u00e9monstrations de son \u00e9rudition, sans jamais apporter de solution concr\u00e8te aux probl\u00e8mes du Barbouill\u00e9. Pendant ce temps, Ang\u00e9lique, lass\u00e9e des accusations de son mari, cherche \u00e0 s'amuser et \u00e0 \u00e9chapper \u00e0 son quotidien ennuyeux. La pi\u00e8ce met en sc\u00e8ne une s\u00e9rie de quiproquos et de malentendus, exacerb\u00e9s par l'intervention de personnages secondaires tels que Gorgibus, le p\u00e8re d'Ang\u00e9lique, et Val\u00e8re, l'amant potentiel. \u00c0 travers cette oeuvre, Moli\u00e8re critique les travers de la soci\u00e9t\u00e9 de son temps, l'inefficacit\u00e9 des m\u00e9decins et l'hypocrisie des relations sociales. La pi\u00e8ce se termine sans r\u00e9elle r\u00e9solution, laissant les personnages dans leurs situations initiales, soulignant ainsi l'absurdit\u00e9 de leurs actions et de leurs pr\u00e9occupations.","authors":["Moli\u00e8re"],"category_codes":["1000000","1080000"],"visuals":{"large":"https:\/\/images.epagine.fr\/737\/9791041918737_1_75.jpg","medium":"https:\/\/images.epagine.fr\/737\/9791041918737_1_m.jpg","thumbnail":"https:\/\/images.epagine.fr\/737\/9791041918737_1_v.jpg"},"orderable":true,"show_badge":true,"formatted_price":"14,99&nbsp;\u20ac","formatted_published_date":"17 janvier 2023","publisher_availability_label":"Sur commande","short_details":"Moli\u00e8re \u2014 Culturea","translator":null,"weight":75,"page_count":32,"readership":null,"editor":"Culturea","price":1499,"published_date":"2023-01-16T23:00:00.000000Z","support":"Grand format","publisher_availability":1,"stock":0,"editions":[],"url":"https:\/\/quaidesbrumes.com\/ouvrage\/9791041918737\/la-jalousie-du-barbouille-une-farce-sur-les-mesaventures-conjugales-et-les-conseils-absurdes-dun-docteur"},{"id":"9791041919253","title":"Il ne faut jurer de rien : Une exploration th\u00e9\u00e2trale des incertitudes de la vie","description":"Texte \u00e0 corriger :  \r\n\"Il ne faut jurer de rien\" est une pi\u00e8ce de th\u00e9\u00e2tre \u00e9crite par Alfred de Musset, class\u00e9e dans le genre du proverbe. Cr\u00e9\u00e9e en 1836 et repr\u00e9sent\u00e9e pour la premi\u00e8re fois en 1848, cette oeuvre se compose de trois actes. Elle explore les th\u00e8mes de l'incertitude et de l'impr\u00e9visibilit\u00e9 de la vie, soulignant l'id\u00e9e que l'on ne peut jamais \u00eatre certain de ce que l'avenir nous r\u00e9serve. La pi\u00e8ce a \u00e9t\u00e9 initialement publi\u00e9e dans la \"Revue des Deux Mondes\" et fait partie des \"Oeuvres compl\u00e8tes\" de Musset, \u00e9dit\u00e9es par Charpentier en 1888. \u00c0 travers des dialogues vifs et des situations comiques, Musset met en sc\u00e8ne des personnages confront\u00e9s \u00e0 des dilemmes amoureux et sociaux, illustrant ainsi la complexit\u00e9 des relations humaines et la fragilit\u00e9 des promesses. L'oeuvre est ancr\u00e9e dans le contexte culturel et social de la France du XIXe si\u00e8cle, refl\u00e9tant les pr\u00e9occupations de l'\u00e9poque tout en restant intemporelle par sa port\u00e9e universelle. Le titre lui-m\u00eame, \"Il ne faut jurer de rien\", est devenu une expression courante, t\u00e9moignant de l'impact de la pi\u00e8ce sur la langue et la culture fran\u00e7aises.","authors":["Alfred de Musset"],"category_codes":["1000000","1080000"],"visuals":{"large":"https:\/\/images.epagine.fr\/253\/9791041919253_1_75.jpg","medium":"https:\/\/images.epagine.fr\/253\/9791041919253_1_m.jpg","thumbnail":"https:\/\/images.epagine.fr\/253\/9791041919253_1_v.jpg"},"orderable":true,"show_badge":true,"formatted_price":"19,90&nbsp;\u20ac","formatted_published_date":"5 f\u00e9vrier 2023","publisher_availability_label":"Sur commande","short_details":"Alfred de Musset \u2014 Culturea","translator":null,"weight":237,"page_count":128,"readership":null,"editor":"Culturea","price":1990,"published_date":"2023-02-04T23:00:00.000000Z","support":"Grand format","publisher_availability":1,"stock":0,"editions":[],"url":"https:\/\/quaidesbrumes.com\/ouvrage\/9791041919253\/il-ne-faut-jurer-de-rien-une-exploration-theatrale-des-incertitudes-de-la-vie"},{"id":"9791041928781","title":"Le malade imaginaire : Une com\u00e9die-ballet satirique sur l'hypocondrie et la m\u00e9decine du XVIIe si\u00e8cle","description":"\"Le Malade imaginaire\" est une com\u00e9die-ballet en trois actes \u00e9crite par Moli\u00e8re et pr\u00e9sent\u00e9e pour la premi\u00e8re fois en 1673. Cette oeuvre met en sc\u00e8ne Argan, un hypocondriaque obs\u00e9d\u00e9 par sa sant\u00e9 et entour\u00e9 de m\u00e9decins plus int\u00e9ress\u00e9s par son argent que par son bien-\u00eatre. Argan souhaite marier sa fille Ang\u00e9lique \u00e0 Thomas Diafoirus, un jeune m\u00e9decin, pour avoir un praticien dans la famille. Cependant, Ang\u00e9lique est amoureuse de Cl\u00e9ante, un jeune homme sans fortune. La servante Toinette, personnage central et astucieux, s'efforce de d\u00e9jouer les plans d'Argan et de favoriser l'union des deux jeunes amoureux. La pi\u00e8ce est une satire mordante de la m\u00e9decine de l'\u00e9poque, mettant en lumi\u00e8re l'ignorance et la cupidit\u00e9 des m\u00e9decins. Moli\u00e8re utilise l'humour et la musique pour critiquer les pratiques m\u00e9dicales et les travers humains, tout en explorant des th\u00e8mes universels tels que l'amour, la famille et la cr\u00e9dulit\u00e9. Le d\u00e9nouement voit Argan, gr\u00e2ce \u00e0 une ruse de Toinette, r\u00e9aliser l'absurdit\u00e9 de ses obsessions et accepter le mariage d'Ang\u00e9lique avec Cl\u00e9ante. \"Le Malade imaginaire\" est \u00e9galement connu pour \u00eatre la derni\u00e8re oeuvre de Moli\u00e8re, qui est d\u00e9c\u00e9d\u00e9 peu apr\u00e8s la quatri\u00e8me repr\u00e9sentation, ajoutant une dimension tragique \u00e0 cette com\u00e9die.","authors":["Moli\u00e8re"],"category_codes":["1000000","1080000"],"visuals":{"large":"https:\/\/images.epagine.fr\/781\/9791041928781_1_75.jpg","medium":"https:\/\/images.epagine.fr\/781\/9791041928781_1_m.jpg","thumbnail":"https:\/\/images.epagine.fr\/781\/9791041928781_1_v.jpg"},"orderable":true,"show_badge":true,"formatted_price":"23,00&nbsp;\u20ac","formatted_published_date":"11 avril 2023","publisher_availability_label":"Sur commande","short_details":"Moli\u00e8re \u2014 Culturea","translator":null,"weight":306,"page_count":232,"readership":null,"editor":"Culturea","price":2300,"published_date":"2023-04-10T22:00:00.000000Z","support":"Grand format","publisher_availability":1,"stock":0,"editions":[],"url":"https:\/\/quaidesbrumes.com\/ouvrage\/9791041928781\/le-malade-imaginaire-une-comedie-ballet-satirique-sur-lhypocondrie-et-la-medecine-du-xviie-siecle"},{"id":"9782903313562","title":"A-dreuz ar bed - pezhiou-c'hoari...","description":null,"authors":["Kervella"],"category_codes":["1000000","1080000"],"visuals":{"large":"https:\/\/quaidesbrumes.com\/img\/book-placeholder.png","medium":"https:\/\/quaidesbrumes.com\/img\/book-placeholder.png","thumbnail":"https:\/\/quaidesbrumes.com\/img\/book-placeholder.png"},"orderable":true,"show_badge":true,"formatted_price":"6,96&nbsp;\u20ac","formatted_published_date":"1er d\u00e9cembre 1993","publisher_availability_label":"Sur commande","short_details":"Kervella \u2014 Skol Vreizh","translator":null,"weight":200,"page_count":null,"readership":null,"editor":"Skol Vreizh","price":696,"published_date":"1993-11-30T23:00:00.000000Z","support":"Grand format","publisher_availability":1,"stock":0,"editions":[],"url":"https:\/\/quaidesbrumes.com\/ouvrage\/9782903313562\/a-dreuz-ar-bed-pezhiou-choari"},{"id":"9791041943067","title":"Kean : Un voyage \u00e0 travers les r\u00eaves et les r\u00e9alit\u00e9s","description":"Dans \"Kean\" d'Alexandre Dumas, l'auteur nous plonge dans un univers o\u00f9 les r\u00eaves et la r\u00e9alit\u00e9 s'entrem\u00ealent, explorant les th\u00e8mes de l'amour, des changements et de la qu\u00eate de soi. Le r\u00e9cit suit plusieurs personnages, chacun confront\u00e9 \u00e0 ses propres d\u00e9fis et d\u00e9sirs. Un jeune urkujenrakentaja (constructeur d'orgues) cr\u00e9e un instrument si parfait qu'il ne joue que pour les couples vertueux, mais son orgueil le conduit \u00e0 abandonner sa fianc\u00e9e. Plus tard, il d\u00e9couvre que l'amour \u00e9volutif transcende les r\u00e9alisations mat\u00e9rielles. Un autre conte met en sc\u00e8ne un talonpoika (paysan) qui re\u00e7oit une bague magique capable d'exaucer un voeu. Cependant, il apprend que la patience et le travail acharn\u00e9 apportent plus de satisfaction que la magie. Dans un autre r\u00e9cit, un kuninkaanpoika (prince) nomm\u00e9 Heino est d\u00e9chir\u00e9 entre son amour pour Sinisilm\u00e4 et les attentes de son p\u00e8re, le roi. Les histoires de Dumas sont peupl\u00e9es de personnages qui doivent naviguer entre leurs r\u00eaves et la dure r\u00e9alit\u00e9, souvent avec l'aide d'\u00e9l\u00e9ments fantastiques comme des animaux parlants ou des objets enchant\u00e9s. \u00c0 travers ces r\u00e9cits, Dumas explore la complexit\u00e9 des \u00e9motions humaines et la tension entre le d\u00e9sir personnel et les obligations sociales.","authors":["Alexandre Dumas"],"category_codes":["1000000","1080000"],"visuals":{"large":"https:\/\/images.epagine.fr\/067\/9791041943067_1_75.jpg","medium":"https:\/\/images.epagine.fr\/067\/9791041943067_1_m.jpg","thumbnail":"https:\/\/images.epagine.fr\/067\/9791041943067_1_v.jpg"},"orderable":true,"show_badge":true,"formatted_price":"23,00&nbsp;\u20ac","formatted_published_date":"13 f\u00e9vrier 2023","publisher_availability_label":"Sur commande","short_details":"Alexandre Dumas \u2014 Culturea","translator":null,"weight":229,"page_count":170,"readership":null,"editor":"Culturea","price":2300,"published_date":"2023-02-12T23:00:00.000000Z","support":"Grand format","publisher_availability":1,"stock":0,"editions":[],"url":"https:\/\/quaidesbrumes.com\/ouvrage\/9791041943067\/kean-un-voyage-a-travers-les-reves-et-les-realites"},{"id":"9782911447341","title":"Lubaner kreiz breizh","description":null,"authors":["Synge","Favereau"],"category_codes":["1000000","1080000"],"visuals":{"large":"https:\/\/quaidesbrumes.com\/img\/book-placeholder.png","medium":"https:\/\/quaidesbrumes.com\/img\/book-placeholder.png","thumbnail":"https:\/\/quaidesbrumes.com\/img\/book-placeholder.png"},"orderable":true,"show_badge":true,"formatted_price":"7,61&nbsp;\u20ac","formatted_published_date":"1er mars 2000","publisher_availability_label":"Sur commande","short_details":"Synge, Favereau \u2014 Skol Vreizh","translator":null,"weight":200,"page_count":null,"readership":null,"editor":"Skol Vreizh","price":761,"published_date":"2000-02-29T23:00:00.000000Z","support":"Grand format","publisher_availability":1,"stock":0,"editions":[],"url":"https:\/\/quaidesbrumes.com\/ouvrage\/9782911447341\/lubaner-kreiz-breizh"},{"id":"9782911447822","title":"Ur wech e oa - [tri fezh-c'hoari]","description":"Savet 'oa bet daou eus pezhio\u00f9 al levr-ma\u00f1 gant Albert Deshayes ewid beza\u00f1 c'hoariet e-kerz gouel ar skol a veze e fin ar bloaz e Kemper","authors":["Deshayes Albert"],"category_codes":["1000000","1080000"],"visuals":{"large":"https:\/\/images.epagine.fr\/822\/9782911447822_1_75.jpg","medium":"https:\/\/images.epagine.fr\/822\/9782911447822_1_m.jpg","thumbnail":"https:\/\/images.epagine.fr\/822\/9782911447822_1_v.jpg"},"orderable":true,"show_badge":true,"formatted_price":"6,09&nbsp;\u20ac","formatted_published_date":"20 juin 2005","publisher_availability_label":"Sur commande","short_details":"Deshayes Albert \u2014 Skol Vreizh","translator":null,"weight":77,"page_count":null,"readership":null,"editor":"Skol Vreizh","price":609,"published_date":"2005-06-19T22:00:00.000000Z","support":"Grand format","publisher_availability":1,"stock":0,"editions":[],"url":"https:\/\/quaidesbrumes.com\/ouvrage\/9782911447822\/ur-wech-e-oa-tri-fezh-choari"},{"id":"9782915623024","title":"Maro evit ar vro","description":" Mort pour la patrie ! Voil\u00e0 ce qu'on lit sur les monuments aux morts construits dans les paroisses de la Basse-Bretagne apr\u00e8s la guerre 14. \r\nLa boucherie durera quatre ans. 130000 bretons seront tu\u00e9s. \r\nPendant ces 4 ann\u00e9es, les soldats ont envoy\u00e9s des lettres \u00e0 leur proches; et \u00e9crit des cahiers de souvenirs, dans la fange et le sang, la boue et les larmes. C'est \u00e0 partir de ces lettres et de ces cahiers qu'\u00e0 \u00e9t\u00e9 r\u00e9dig\u00e9e cette pi\u00e8ce, les soldats \u00e9crivant, les femmes lisant leurs lettres, alternativement.\r\n\r\n\"Pa so\u00f1jan ez oa tud a grede lavaret en defe graet vad ar brezel ! Diskouezet em eus, gwir eo, an tu-enep, an tu-enep, an tu-gin eus ar brezel : rak kaer em eus bet sellet ha kompren n'em eus ket gwelet an tu brao anezha\u00f1... (Loeiz Herrieu ; \"Kammdro an ankou\")\r\n","authors":["Kervella Goulc'Han"],"category_codes":["1000000","1080000"],"visuals":{"large":"https:\/\/quaidesbrumes.com\/img\/book-placeholder.png","medium":"https:\/\/quaidesbrumes.com\/img\/book-placeholder.png","thumbnail":"https:\/\/quaidesbrumes.com\/img\/book-placeholder.png"},"orderable":true,"show_badge":true,"formatted_price":"6,09&nbsp;\u20ac","formatted_published_date":"10 d\u00e9cembre 2004","publisher_availability_label":"Sur commande","short_details":"Kervella Goulc'Han \u2014 Skol Vreizh","translator":null,"weight":90,"page_count":72,"readership":null,"editor":"Skol Vreizh","price":609,"published_date":"2004-12-09T23:00:00.000000Z","support":"Grand format","publisher_availability":1,"stock":0,"editions":[],"url":"https:\/\/quaidesbrumes.com\/ouvrage\/9782915623024\/maro-evit-ar-vro"}]}