{"data":[{"id":"9782379120695","title":"Le Oups op\u00e9ra","description":"Il y a des th\u00e9\u00e2tres qui ferment.\r\nPas seulement un soir apr\u00e8s le spectacle pour que tout le monde puisse se reposer. Ils ferment pour toujours.  Parce qu'un peu trop vieux, parce que plus \u00e0 la mode. Parfois m\u00eame parce qu'ils n'ont plus de spectateurs.\r\nOn dit souvent, lorsque les th\u00e9\u00e2tres dorment qu'on peut entendre encore, en \u00e9cho, les bravos, les applaudissements. Comme des bruits fant\u00f4mes. Un violon qui s'accorde. Les pas des artistes qui ont le trac dans les coulisses.\r\nMais ce qui se r\u00e9veille le plus, quand un th\u00e9\u00e2tre dort. Ce sont les anges.\r\nLes angelots grav\u00e9s dans le marbre, ceux qui sont peints sur les fresques et qui ornent les d\u00e9corations de toute la salle. On les appelle les Angelots, mais ils ont plein d'autres noms : les Puttini, les Ch\u00e9rubins, les Cupidon... \r\nEh bien, lorsqu'un th\u00e9\u00e2tre est ferm\u00e9, ce sont eux qui s'emparent du lieu. Cet endroit devient le leur. Ils ont toujours \u00e9t\u00e9 chez eux mais maintenant que plus un artiste, plus un spectateur n'entre dans ces lieux, les angelots se le sont appropri\u00e9...","authors":["Nicolas Pelacy","Aur\u00e9lie Ramel"],"category_codes":["1000000","1080000"],"visuals":{"large":"https:\/\/images.epagine.fr\/695\/9782379120695_1_75.jpg","medium":"https:\/\/images.epagine.fr\/695\/9782379120695_1_m.jpg","thumbnail":"https:\/\/images.epagine.fr\/695\/9782379120695_1_v.jpg"},"orderable":true,"show_badge":true,"formatted_price":"35,00&nbsp;\u20ac","formatted_published_date":"21 novembre 2025","publisher_availability_label":"Sur commande","short_details":"Nicolas Pelacy, Aur\u00e9lie Ramel \u2014 Et Le Bruit De Ses Talons","translator":null,"weight":200,"page_count":158,"readership":null,"editor":"Et Le Bruit De Ses Talons","price":3500,"published_date":"2025-11-20T23:00:00.000000Z","support":"Grand format","publisher_availability":1,"stock":0,"editions":[],"url":"https:\/\/quaidesbrumes.com\/ouvrage\/9782379120695\/le-oups-opera"},{"id":"9791038810563","title":"Mes joies iront d'elles-m\u00eames faire un printemps","description":"Deux personnes sont en train de discuter, de faire l'amour et d'en discuter. Ce texte est en r\u00e9f\u00e9rence au Cantique des Cantiques. Pas de lieu d\u00e9fini. \r\n\r\nLa photo de couverture est issue d'une version \u00e0 la Maison des Arts de l'Universit\u00e9 Bordeaux Montaigne, avec Sabine Samba et Philippe Rousseau \u00e0 la voix, Mariele Baraziol \u00e0 la basse et la trompette et Mathieu Gil Yaquero \u00e0 la guitare. Les photos sont de Marie Escorne. Des images sont visibles sur la chaine Youtube de l'auteur.\r\n\r\n\u00ab Lors d'une performance du texte, je me souviens des regards qu'un couple se donnait, en particulier celui en entendant la phrase : \u00ab il est sage qu'un massage ne soit pas sage \u00bb. Ce qu'ils ont fait par la suite ne me regarde pas mais me met en joie. (Philippe Rousseau).","authors":["Philippe Rousseau"],"category_codes":["1000000","1080000"],"visuals":{"large":"https:\/\/images.epagine.fr\/563\/9791038810563_1_75.jpg","medium":"https:\/\/images.epagine.fr\/563\/9791038810563_1_m.jpg","thumbnail":"https:\/\/images.epagine.fr\/563\/9791038810563_1_v.jpg"},"orderable":true,"show_badge":true,"formatted_price":"6,00&nbsp;\u20ac","formatted_published_date":"10 octobre 2025","publisher_availability_label":"Sur commande","short_details":"Philippe Rousseau \u2014 Ex Aequo","translator":null,"weight":45,"page_count":32,"readership":null,"editor":"Ex Aequo","price":600,"published_date":"2025-10-09T22:00:00.000000Z","support":"Grand format","publisher_availability":1,"stock":0,"editions":[],"url":"https:\/\/quaidesbrumes.com\/ouvrage\/9791038810563\/mes-joies-iront-delles-memes-faire-un-printemps"},{"id":"3260050373647","title":"Prom\u00e9th\u00e9e foudroy\u00e9","description":null,"authors":["Roger Desaise"],"category_codes":["1000000","1080000","1080200"],"visuals":{"large":"https:\/\/images.epagine.fr\/647\/3260050373647_1_75.jpg","medium":"https:\/\/images.epagine.fr\/647\/3260050373647_1_m.jpg","thumbnail":"https:\/\/images.epagine.fr\/647\/3260050373647_1_v.jpg"},"orderable":true,"show_badge":true,"formatted_price":"15,30&nbsp;\u20ac","formatted_published_date":"1er janvier 1998","publisher_availability_label":"Sur commande","short_details":"Roger Desaise \u2014 \u00c9ditions du Rocher","translator":null,"weight":132,"page_count":null,"readership":null,"editor":"\u00c9ditions du Rocher","price":1530,"published_date":"1997-12-31T23:00:00.000000Z","support":"Grand format","publisher_availability":1,"stock":0,"editions":[],"url":"https:\/\/quaidesbrumes.com\/ouvrage\/3260050373647\/promethee-foudroye"},{"id":"9782386271847","title":"Alceste et Cyrano","description":"Com\u00e9die en actes et en vers de Patrick Royer \/ d'apr\u00e8s les textes de Moli\u00e8re, Edmond Rostand, Georges Courteline et Guy de Maupassant. Et si un jour, dans une auberge, Alceste avait crois\u00e9 Cyrano de Bergerac ?Les deux versificateurs de g\u00e9nie, misanthropes chacun \u00e0 leur mani\u00e8re, vont faire s'entrechoquer leurs verres et leurs vers pour vivre c\u00f4te \u00e0 c\u00f4te une belle et grande aventure, enjou\u00e9e et passionn\u00e9e. Pour l'amour de celles qu'ardemment ou secr\u00e8tement ils portent dans leur coeur, ils vont s'unir et s'\u00e9pauler. Cyrano devra-t-il toujours seconder Christian, C\u00e9lim\u00e8ne ob\u00e9ir aux principes d'Alceste et Roxane continuer de sublimer un amour chim\u00e9rique ? Quel poids aura l'orgueil de Fleuronte ? L'amiti\u00e9 d'Eliante ? Les destins s'entrecroisent, se m\u00ealent, se heurtent ou se confondent dans une com\u00e9die romantique enlev\u00e9e, magnifi\u00e9e par les vers centenaires du th\u00e9\u00e2tre fran\u00e7ais. Alceste et Cyrano est une pi\u00e8ce in\u00e9dite, d\u00e9tournant certaines grandes sc\u00e8nes d'auteurs illustres au service d'un nouveau r\u00e9cit, enlev\u00e9, joyeux et captivant. Le rire y c\u00f4toie le drame, le romantisme et la po\u00e9sie. La po\u00e9sie, pour toujours, continue de nous nourrir. Heureusement, le rire aussi.","authors":["Patrick Royer"],"category_codes":["1000000","1080000"],"visuals":{"large":"https:\/\/images.epagine.fr\/847\/9782386271847_1_75.jpg","medium":"https:\/\/images.epagine.fr\/847\/9782386271847_1_m.jpg","thumbnail":"https:\/\/images.epagine.fr\/847\/9782386271847_1_v.jpg"},"orderable":true,"show_badge":true,"formatted_price":"10,00&nbsp;\u20ac","formatted_published_date":"20 d\u00e9cembre 2024","publisher_availability_label":"Sur commande","short_details":"Patrick Royer \u2014 Hello Editions","translator":null,"weight":140,"page_count":140,"readership":null,"editor":"Hello Editions","price":1000,"published_date":"2024-12-19T23:00:00.000000Z","support":"Grand format","publisher_availability":1,"stock":0,"editions":[],"url":"https:\/\/quaidesbrumes.com\/ouvrage\/9782386271847\/alceste-et-cyrano"},{"id":"9782386271892","title":"N\u00e9ron et le r\u00e8gne du Feu","description":"La vie et la mort de N\u00e9ron. Rien ne le pr\u00e9destinait \u00e0 acc\u00e9der au pouvoir, et pourtant... Sa domination est devenue l\u00e9gendaire. Personne ne pouvait imaginer les horreurs qu'il ferait subir \u00e0 son peuple. Personne, pas m\u00eame son entourage. C'est \u00e0 travers le proc\u00e8s de ses proches, tous accus\u00e9s de r\u00e9gicide, que vous pourrez d\u00e9couvrir comment ce jeune artiste en herbe est devenu le monstre qui a su faire trembler une cit\u00e9 enti\u00e8re...","authors":["Clark James"],"category_codes":["1000000","1080000"],"visuals":{"large":"https:\/\/images.epagine.fr\/892\/9782386271892_1_75.jpg","medium":"https:\/\/images.epagine.fr\/892\/9782386271892_1_m.jpg","thumbnail":"https:\/\/images.epagine.fr\/892\/9782386271892_1_v.jpg"},"orderable":true,"show_badge":true,"formatted_price":"14,00&nbsp;\u20ac","formatted_published_date":"31 janvier 2025","publisher_availability_label":"Sur commande","short_details":"Clark James \u2014 Hello Editions","translator":null,"weight":401,"page_count":104,"readership":null,"editor":"Hello Editions","price":1400,"published_date":"2025-01-30T23:00:00.000000Z","support":"Poche","publisher_availability":1,"stock":0,"editions":[],"url":"https:\/\/quaidesbrumes.com\/ouvrage\/9782386271892\/neron-et-le-regne-du-feu"},{"id":"9782386271939","title":"La famille, c'est pas de la tarte","description":"Ah ! La famille, quelle histoire ! Bienvenue entre po\u00e9sie, th\u00e9\u00e2tre et nouvelle. Entrez au sein des familles Maffre et Lumy\u00e8res. Mangez \u00e0 la table du cousin et de l'a\u00efeul. Vous verrez... La famille, c'est pas de la tarte !","authors":["Magali Gasnault"],"category_codes":["1000000","1080000"],"visuals":{"large":"https:\/\/images.epagine.fr\/939\/9782386271939_1_75.jpg","medium":"https:\/\/images.epagine.fr\/939\/9782386271939_1_m.jpg","thumbnail":"https:\/\/images.epagine.fr\/939\/9782386271939_1_v.jpg"},"orderable":true,"show_badge":true,"formatted_price":"13,90&nbsp;\u20ac","formatted_published_date":"7 f\u00e9vrier 2025","publisher_availability_label":"Sur commande","short_details":"Magali Gasnault \u2014 Hello Editions","translator":null,"weight":89,"page_count":84,"readership":null,"editor":"Hello Editions","price":1390,"published_date":"2025-02-06T23:00:00.000000Z","support":"Poche","publisher_availability":1,"stock":0,"editions":[],"url":"https:\/\/quaidesbrumes.com\/ouvrage\/9782386271939\/la-famille-cest-pas-de-la-tarte"},{"id":"9782386273001","title":"Ali\u00e9nor","description":"Ali\u00e9nor d'Aquitaine ou la duchesse qui fit chavirer les deux plus grands rois d'Europe... Ali\u00e9nor, pi\u00e8ce inspir\u00e9e de la vie d'Ali\u00e9nor d'Aquitaine, retrace le destin hors du commun de cette femme d'exception, doublement reine de France et d'Angleterre au XIIe si\u00e8cle. Trop libre pour son \u00e9poque, elle incarne la femme moderne confront\u00e9e \u00e0 la misogynie des soci\u00e9t\u00e9s m\u00e9di\u00e9vales. Loin d'\u00eatre une simple biographie historique, Ali\u00e9nor est une pi\u00e8ce engag\u00e9e, dr\u00f4le et \u00e9mouvante, mettant en lumi\u00e8re le mod\u00e8le d'\u00e9mancipation f\u00e9minine qu'\u00e9tait, et est toujours, celle que l'on nomme \u00ab la grand-m\u00e8re de l'Europe \u00bb.","authors":["Camille Deheppe"],"category_codes":["1000000","1080000"],"visuals":{"large":"https:\/\/images.epagine.fr\/001\/9782386273001_1_75.jpg","medium":"https:\/\/images.epagine.fr\/001\/9782386273001_1_m.jpg","thumbnail":"https:\/\/images.epagine.fr\/001\/9782386273001_1_v.jpg"},"orderable":true,"show_badge":true,"formatted_price":"12,00&nbsp;\u20ac","formatted_published_date":"20 juin 2025","publisher_availability_label":"Sur commande","short_details":"Camille Deheppe \u2014 Hello Editions","translator":null,"weight":67,"page_count":66,"readership":"Tout public","editor":"Hello Editions","price":1200,"published_date":"2025-06-19T22:00:00.000000Z","support":"Grand format","publisher_availability":1,"stock":0,"editions":[],"url":"https:\/\/quaidesbrumes.com\/ouvrage\/9782386273001\/alienor"},{"id":"9782140345739","title":"Les nouveaux beaufs ou les tartuffes modernes","description":"Une jeune Fran\u00e7aise musulmane pratiquante cherche \u00e0 venger son jeune fr\u00e8re homosexuel victime d'une agression homophobe par deux d\u00e9linquants de la banlieue parisienne. Pour l'aider, un ami d'enfance, \u00c9ric, qui conna\u00eet les deux individus en question, va les inviter chez lui pour regarder des matchs de foot. Trois matchs pour trois rencontres lors desquelles Nadia va les confronter de diff\u00e9rentes fa\u00e7ons, montrant les accointances entre une certaine d\u00e9linquance et une certaine vision radicale de l'islam, notamment par rapport \u00e0 la femme, premi\u00e8re victime d'une id\u00e9ologie patriarcale machiste. Sa vengeance sera soutenue par la petite-amie d'\u00c9ric et surtout la soeur transgenre de cette derni\u00e8re.","authors":["Guillaume Roux"],"category_codes":["1000000","1080000","1080500"],"visuals":{"large":"https:\/\/images.epagine.fr\/739\/9782140345739_1_75.jpg","medium":"https:\/\/images.epagine.fr\/739\/9782140345739_1_m.jpg","thumbnail":"https:\/\/images.epagine.fr\/739\/9782140345739_1_v.jpg"},"orderable":true,"show_badge":true,"formatted_price":"12,00&nbsp;\u20ac","formatted_published_date":"26 avril 2023","publisher_availability_label":"Sur commande","short_details":"Guillaume Roux \u2014 \u00c9ditions L'Harmattan","translator":null,"weight":109,"page_count":80,"readership":null,"editor":"\u00c9ditions L'Harmattan","price":1200,"published_date":"2023-04-25T22:00:00.000000Z","support":"Grand format","publisher_availability":1,"stock":0,"editions":[],"url":"https:\/\/quaidesbrumes.com\/ouvrage\/9782140345739\/les-nouveaux-beaufs-ou-les-tartuffes-modernes"},{"id":"9782386274886","title":"\u00c9velyne, Jeff et quelques autres... Sketchs et pi\u00e8ce de th\u00e9\u00e2tre","description":"Mari\u00e9s un jour, amis le lendemain, \u00e9trangers parfois, \u00c9velyne et Jeff passent leur temps \u00e0 s'aimer, se d\u00e9tester, se provoquer... et recommencer. Entre joutes verbales, absurdit\u00e9s savoureuses et r\u00e9conciliations impr\u00e9visibles, ils ne cessent de se retrouver, malgr\u00e9 tout. \u00c0 travers une s\u00e9rie de sc\u00e8nes pleines d'humour et d'ironie, ce livre donne vie \u00e0 un duo aussi attachant qu'impossible, qui ne peut se passer l'un de l'autre, pour le meilleur et pour le pire. Un concentr\u00e9 de dialogues vifs, d'\u00e9motions en montagnes russes et de situations d\u00e9licieusement d\u00e9cal\u00e9es.","authors":["St\u00e9phane Pinel"],"category_codes":["1000000","1080000"],"visuals":{"large":"https:\/\/images.epagine.fr\/886\/9782386274886_1_75.jpg","medium":"https:\/\/images.epagine.fr\/886\/9782386274886_1_m.jpg","thumbnail":"https:\/\/images.epagine.fr\/886\/9782386274886_1_v.jpg"},"orderable":true,"show_badge":true,"formatted_price":"19,90&nbsp;\u20ac","formatted_published_date":"19 septembre 2025","publisher_availability_label":"Sur commande","short_details":"St\u00e9phane Pinel \u2014 Hello Editions","translator":null,"weight":313,"page_count":256,"readership":"Tout public","editor":"Hello Editions","price":1990,"published_date":"2025-09-18T22:00:00.000000Z","support":"Grand format","publisher_availability":1,"stock":0,"editions":[],"url":"https:\/\/quaidesbrumes.com\/ouvrage\/9782386274886\/evelyne-jeff-et-quelques-autres-sketchs-et-piece-de-theatre"},{"id":"9782384620920","title":"Clochemerle.A4.1942","description":"Juillet 1941, l'arri\u00e8re-arri\u00e8re-grand-p\u00e8re de l'auteure, Ren\u00e9 D\u00e9sir\u00e9 Amand (1906-1942), r\u00e9sistant communiste de la Vienne, est intern\u00e9 au camp nazi de Royallieu (Compi\u00e8gne). Avec les camarades, il constitue une troupe de th\u00e9\u00e2tre qui adapte \u00e0 la sc\u00e8ne le c\u00e9l\u00e8bre roman de Gabriel Chevallier, Clochemerle (1934). Tandis que la com\u00e9die de moeurs prend vie autour d'un conflit villageois au sujet d'un urinoir public, l'agitation des com\u00e9diens masque les bruits de pioche qui r\u00e9sonnent inlassablement : le 23 juin 1942, dix-neuf t\u00e9nors du Parti communiste manquent \u00e0 l'appel.\r\nUne pi\u00e8ce \u00e9crite \u00e0 partir de faits historiques av\u00e9r\u00e9s, un hommage familial aux hommes d\u00e9port\u00e9s \u00e0 Auschwitz par le convoi des 45.000 qui partit de Compi\u00e8gne le 6 juillet 1942.","authors":["Ambre Genevois","Johann Chapoutot"],"category_codes":["1000000","1080000"],"visuals":{"large":"https:\/\/images.epagine.fr\/920\/9782384620920_1_75.jpg","medium":"https:\/\/images.epagine.fr\/920\/9782384620920_1_m.jpg","thumbnail":"https:\/\/images.epagine.fr\/920\/9782384620920_1_v.jpg"},"orderable":true,"show_badge":true,"formatted_price":"14,90&nbsp;\u20ac","formatted_published_date":"16 d\u00e9cembre 2022","publisher_availability_label":"Sur commande","short_details":"Ambre Genevois, Johann Chapoutot \u2014 Hello Editions","translator":null,"weight":164,"page_count":164,"readership":null,"editor":"Hello Editions","price":1490,"published_date":"2022-12-15T23:00:00.000000Z","support":"Grand format","publisher_availability":1,"stock":0,"editions":[],"url":"https:\/\/quaidesbrumes.com\/ouvrage\/9782384620920\/clochemerlea41942"},{"id":"9782384621187","title":"Mort \u00e0 Debbi","description":"Trois personnes en qu\u00eate d'inspiration.\r\nTrois auteurs de polars \u00e0 la recherche du crime parfait.\r\nTrois versions d'une pi\u00e8ce qui se joue sous nos yeux.\r\nTrois victimes ? Ou trois assassins ?\r\nMise en abyme et manipulation sont au menu de cet huis clos dr\u00f4le et inqui\u00e9tant qui multiplie les pi\u00e8ges, les fausses pistes et les faux semblants.","authors":["Lili Chane"],"category_codes":["1000000","1080000"],"visuals":{"large":"https:\/\/images.epagine.fr\/187\/9782384621187_1_75.jpg","medium":"https:\/\/images.epagine.fr\/187\/9782384621187_1_m.jpg","thumbnail":"https:\/\/images.epagine.fr\/187\/9782384621187_1_v.jpg"},"orderable":true,"show_badge":true,"formatted_price":"14,90&nbsp;\u20ac","formatted_published_date":"30 septembre 2022","publisher_availability_label":"Sur commande","short_details":"Lili Chane \u2014 Hello Editions","translator":null,"weight":89,"page_count":82,"readership":null,"editor":"Hello Editions","price":1490,"published_date":"2022-09-29T22:00:00.000000Z","support":"Grand format","publisher_availability":1,"stock":0,"editions":[],"url":"https:\/\/quaidesbrumes.com\/ouvrage\/9782384621187\/mort-a-debbi"},{"id":"9782384622801","title":"Le cou de la lune","description":"Jean \u00e9l\u00e8ve des chevaux en \u00c9quateur. Lorsque l'un de ses chevaux fait une rupture d'an\u00e9vrisme, sa vie s'acc\u00e9l\u00e8re en m\u00eame temps que la nature se r\u00e9veille : le volcan Cotopaxi entre en \u00e9ruption. \r\nIl fait alors un voyage, en \u00e9quilibre, sur le fil t\u00e9nu de la ligne imaginaire de l'\u00e9quateur. \r\nMais fait-il vraiment ce voyage ou n'est-il que le jouet de son imagination, d'une vie int\u00e9rieure provoqu\u00e9e par sa propre rupture ? Qui est Jean ? O\u00f9 vit-il ? Pr\u00e9sent, pass\u00e9, futur se m\u00ealent et nous font vivre une aventure humaine tendre et \u00e9mouvante, entre r\u00e9alit\u00e9 et r\u00eave. On ne fait pas un voyage, un voyage nous fait. Le cou de la lune est un voyage.","authors":["Christian Debi\u00e8ve"],"category_codes":["1000000","1080000"],"visuals":{"large":"https:\/\/images.epagine.fr\/801\/9782384622801_1_75.jpg","medium":"https:\/\/images.epagine.fr\/801\/9782384622801_1_m.jpg","thumbnail":"https:\/\/images.epagine.fr\/801\/9782384622801_1_v.jpg"},"orderable":true,"show_badge":true,"formatted_price":"15,50&nbsp;\u20ac","formatted_published_date":"13 janvier 2023","publisher_availability_label":"Sur commande","short_details":"Christian Debi\u00e8ve \u2014 Hello Editions","translator":null,"weight":168,"page_count":118,"readership":null,"editor":"Hello Editions","price":1550,"published_date":"2023-01-12T23:00:00.000000Z","support":"Grand format","publisher_availability":1,"stock":0,"editions":[],"url":"https:\/\/quaidesbrumes.com\/ouvrage\/9782384622801\/le-cou-de-la-lune"},{"id":"9782909160481","title":"Ulisse au flume \/ Ulysse au fleuve","description":"ULISSE AU FLUME - Bernat Manciet Ulisse au flume qu'ei la darr\u00e8ra p\u00e8\u00e7a de teatre de Bernat Manciet; que l'escriv\u00f3 ent\u00e0 la Companhia Tiberghein. Apr\u00e8s Los Emigrants o Ifegenia davant la gara, e Orf\u00e8n, aquesta p\u00e8\u00e7a, jogada en franc\u00e9s e en occitan, qu'ei lo parat de descobrir o de tornar descoberar la lenga tant atipica deu po\u00e8ta gascon. L'epop\u00e8ia que torna visitar lo raconte de Hom\u00e8re e lo pla\u00e7a hens l'estuari de Gironda :lo er\u00f3i, tornat \u00e0 casa, que va a contrabriu de cap a las soas originas en c\u00e8rca deu son hilh ULYSSE AU FLEUVE - Bernard Manciet Ulysse au fleuve est la derni\u00e8re pi\u00e8ce que Bernard Manciet a \u00e9crit pour la Compagnie Tiberghien. Apr\u00e8s Les Emigrants ou Iphig\u00e9nie devant la gare et Orph\u00e9e, cette pi\u00e8ce, jou\u00e9e en fran\u00e7ais et en occitan, est l'occasion de d\u00e9couvrir ou de red\u00e9couvrir la langue si atypique de ce po\u00e8te gascon.\r\nL'\u00e9pop\u00e9e revisite le mythe d'Hom\u00e8re et le situe sur l'estuaire de la Gironde : le h\u00e9ros, de retour, remonte le fleuve vers ses origines \u00e0 la recherche de son fils.","authors":["Bernard Manciet"],"category_codes":["1000000","1080000"],"visuals":{"large":"https:\/\/images.epagine.fr\/481\/9782909160481_1_75.jpg","medium":"https:\/\/images.epagine.fr\/481\/9782909160481_1_m.jpg","thumbnail":"https:\/\/images.epagine.fr\/481\/9782909160481_1_v.jpg"},"orderable":true,"show_badge":true,"formatted_price":"14,00&nbsp;\u20ac","formatted_published_date":"1er ao\u00fbt 2011","publisher_availability_label":"Sur commande","short_details":"Bernard Manciet \u2014 RECLAMS","translator":null,"weight":70,"page_count":84,"readership":null,"editor":"RECLAMS","price":1400,"published_date":"2011-07-31T22:00:00.000000Z","support":"Grand format","publisher_availability":1,"stock":0,"editions":[],"url":"https:\/\/quaidesbrumes.com\/ouvrage\/9782909160481\/ulisse-au-flume-ulysse-au-fleuve"},{"id":"9782384627042","title":"La famille s'agrandit","description":"C'est quoi la famille et comment inventer la sienne ? \r\nEn mettant en sc\u00e8ne deux femmes qui tentent chacune \u00e0 leur fa\u00e7on de \u00ab faire famille \u00bb - une m\u00e8re h\u00e9t\u00e9rosexuelle d'une tribu recompos\u00e9e et une m\u00e8re homosexuelle, La Famille s'agrandit tend, avec beaucoup d'autod\u00e9rision, \u00e0 l'universel, en questionnant l'exp\u00e9rience de la parentalit\u00e9.\r\nMarie, h\u00e9t\u00e9rosexuelle, m\u00e8re de trois enfants de p\u00e8res diff\u00e9rents, est taraud\u00e9e par une question :\r\nC'est quoi la famille ? Comment construire la sienne quand on a grandi dans un mod\u00e8le conflictuel aux sch\u00e9mas un peu trop archa\u00efques ? En qu\u00eate de r\u00e9ponses, elle d\u00e9cide de consulter son amie Josie, homosexuelle et m\u00e8re d'une famille homoparentale.\r\nLe dialogue singulier de nos h\u00e9ro\u00efnes les m\u00e8nera jusque dans la cuisine de l'anthropologue Fran\u00e7oise H\u00e9ritier. Elles y trouveront peut-\u00eatre des r\u00e9ponses et tr\u00e8s certainement la joie d'imaginer les familles qu'elles ont envie d'inventer.","authors":["Marie Desgranges","Marie Dompnier"],"category_codes":["1000000","1080000"],"visuals":{"large":"https:\/\/images.epagine.fr\/042\/9782384627042_1_75.jpg","medium":"https:\/\/images.epagine.fr\/042\/9782384627042_1_m.jpg","thumbnail":"https:\/\/images.epagine.fr\/042\/9782384627042_1_v.jpg"},"orderable":true,"show_badge":true,"formatted_price":"15,00&nbsp;\u20ac","formatted_published_date":"7 juillet 2023","publisher_availability_label":"Sur commande","short_details":"Marie Desgranges, Marie Dompnier \u2014 Hello Editions","translator":null,"weight":70,"page_count":64,"readership":null,"editor":"Hello Editions","price":1500,"published_date":"2023-07-06T22:00:00.000000Z","support":"Grand format","publisher_availability":1,"stock":0,"editions":[],"url":"https:\/\/quaidesbrumes.com\/ouvrage\/9782384627042\/la-famille-sagrandit"},{"id":"9782386270093","title":"Justine","description":"Nous sommes en mai 1888, dans une province du Br\u00e9sil. Justine est une esclave, issue d'une famille d'esclaves dont le grand-p\u00e8re est un ancien chef de village trahi et d\u00e9chu \u00e0 cause de la jalousie d'un pr\u00e9tendant de sa femme. Elle a \u00e9t\u00e9 condamn\u00e9e pour le meurtre de son ma\u00eetre. Elle attend son ex\u00e9cution. Le p\u00e8re Felipe vient \u00e9couter la confession de la prisonni\u00e8re. De leurs \u00e9changes sur la libert\u00e9, la condition humaine, vont se cr\u00e9er une relation et une \u00e9volution de leur pens\u00e9e, de leurs convictions. Conna\u00eetra-t-elle le salut ?","authors":["Bruno Tranchant"],"category_codes":["1000000","1080000"],"visuals":{"large":"https:\/\/images.epagine.fr\/093\/9782386270093_1_75.jpg","medium":"https:\/\/images.epagine.fr\/093\/9782386270093_1_m.jpg","thumbnail":"https:\/\/images.epagine.fr\/093\/9782386270093_1_v.jpg"},"orderable":true,"show_badge":true,"formatted_price":"12,00&nbsp;\u20ac","formatted_published_date":"6 septembre 2024","publisher_availability_label":"Sur commande","short_details":"Bruno Tranchant \u2014 Hello Editions","translator":null,"weight":55,"page_count":56,"readership":null,"editor":"Hello Editions","price":1200,"published_date":"2024-09-05T22:00:00.000000Z","support":"Grand format","publisher_availability":1,"stock":0,"editions":[],"url":"https:\/\/quaidesbrumes.com\/ouvrage\/9782386270093\/justine"},{"id":"9782386271557","title":"\u00c9tude pour un portrait","description":"Aim\u00e9e peint \u00e0 perdre la raison. Dans son atelier s'accumulent des autoportraits face auxquels la sentence s'abat comme un couperet : \u00ab Ce n'est pas toi. \u00bb Quand elle essaie de se peindre, elle fait face \u00e0 une inconnue. Quand elle photographie sa mod\u00e8le Rosa, elle la rend \u00e9trang\u00e8re \u00e0 elle-m\u00eame. Aim\u00e9e forge de ses mains les barreaux d'une cage dont elle garde obstin\u00e9ment la cl\u00e9. Menant une bataille de peintures et d'images, ce sont les autres qui s'attellent \u00e0 faire son autoportrait... Dans cette gamme de dix-huit tableaux, on sculpte la chair \u00e0 vif, on fa\u00e7onne la perception de soi. On cherche \u00e0 savoir \u00e0 qui confier la cl\u00e9. Et \u00e0 r\u00e9apprendre \u00e0 regarder l'autre, une fois pour toutes, droit dans les yeux.","authors":["Constance Parra"],"category_codes":["1000000","1080000"],"visuals":{"large":"https:\/\/images.epagine.fr\/557\/9782386271557_1_75.jpg","medium":"https:\/\/images.epagine.fr\/557\/9782386271557_1_m.jpg","thumbnail":"https:\/\/images.epagine.fr\/557\/9782386271557_1_v.jpg"},"orderable":true,"show_badge":true,"formatted_price":"14,00&nbsp;\u20ac","formatted_published_date":"14 f\u00e9vrier 2025","publisher_availability_label":"Sur commande","short_details":"Constance Parra \u2014 Hello Editions","translator":null,"weight":64,"page_count":62,"readership":null,"editor":"Hello Editions","price":1400,"published_date":"2025-02-13T23:00:00.000000Z","support":"Poche","publisher_availability":1,"stock":0,"editions":[],"url":"https:\/\/quaidesbrumes.com\/ouvrage\/9782386271557\/etude-pour-un-portrait"},{"id":"9782386271601","title":"L'Ombre de moi-m\u00eame","description":"Le monde est un th\u00e9\u00e2tre dans lequel nous jouons chacun un r\u00f4le. Nous sommes tous des com\u00e9diens sur une vaste sc\u00e8ne, cherchant \u00e0 persuader nos pairs que nous connaissons notre place dans cette pi\u00e8ce mesquine. Les r\u00f4les sont distribu\u00e9s \/ Les places sont donn\u00e9es \/ Les d\u00e9cors sont fix\u00e9s \/ Dans ce th\u00e9\u00e2tre, je ne suis qu'une ombre, \u00e9corch\u00e9e par la vie, je tombe inexorablement dans un puits sans fin, \u00e0 chaque m\u00e8tre que je fais, \u00e0 chaque fois que la lumi\u00e8re se tarit, mon coeur se serre, j'attends simplement de toucher le fond, de sentir que \u00e7a y est, c'est termin\u00e9, que je peux simplement fermer les yeux, tirer le rideau sans saluer, parce que la pi\u00e8ce de th\u00e9\u00e2tre est termin\u00e9e.","authors":["Marie-Lou Monlibert"],"category_codes":["1000000","1080000"],"visuals":{"large":"https:\/\/images.epagine.fr\/601\/9782386271601_1_75.jpg","medium":"https:\/\/images.epagine.fr\/601\/9782386271601_1_m.jpg","thumbnail":"https:\/\/images.epagine.fr\/601\/9782386271601_1_v.jpg"},"orderable":true,"show_badge":true,"formatted_price":"13,00&nbsp;\u20ac","formatted_published_date":"10 janvier 2025","publisher_availability_label":"Sur commande","short_details":"Marie-Lou Monlibert \u2014 Hello Editions","translator":null,"weight":73,"page_count":74,"readership":null,"editor":"Hello Editions","price":1300,"published_date":"2025-01-09T23:00:00.000000Z","support":"Grand format","publisher_availability":1,"stock":0,"editions":[],"url":"https:\/\/quaidesbrumes.com\/ouvrage\/9782386271601\/lombre-de-moi-meme"},{"id":"9782858161560","title":"Yo el Supremo - pieza esc\u00e9nica en 4 actos, pr\u00f3logo y epilogo","description":null,"authors":["Augusto Roa Bastos","Iris Gim\u00e9nez","Milagros Ezquerro"],"category_codes":["1000000","1080000"],"visuals":{"large":"https:\/\/quaidesbrumes.com\/img\/book-placeholder.png","medium":"https:\/\/quaidesbrumes.com\/img\/book-placeholder.png","thumbnail":"https:\/\/quaidesbrumes.com\/img\/book-placeholder.png"},"orderable":true,"show_badge":true,"formatted_price":"14,49&nbsp;\u20ac","formatted_published_date":"1er septembre 1998","publisher_availability_label":"Sur commande","short_details":"Augusto Roa Bastos, Iris Gim\u00e9nez, Milagros Ezquerro \u2014 Pu Du Midi","translator":null,"weight":375,"page_count":null,"readership":null,"editor":"Pu Du Midi","price":1449,"published_date":"1998-08-31T22:00:00.000000Z","support":"Grand format","publisher_availability":1,"stock":0,"editions":[],"url":"https:\/\/quaidesbrumes.com\/ouvrage\/9782858161560\/yo-el-supremo-pieza-escenica-en-4-actos-prologo-y-epilogo"},{"id":"9782336554242","title":"Les pestif\u00e9r\u00e9s : (Londres, 1665)","description":"En 1665, au coeur de Londres, l'\u00e9pid\u00e9mie de la Grande peste va brutalement se d\u00e9clarer.\r\nHenry Dickinson, ambitieux tr\u00e9sorier \u00e0 la Marine royale, r\u00e8gne en ma\u00eetre dans sa famille. Lui et sa femme se pr\u00e9parent \u00e0 c\u00e9l\u00e9brer le mariage de leur fille Isabella avec John Blake, acteur au th\u00e9\u00e2tre du Cockpit.\r\n\u00c0 son service, il peut compter sur Tom, son valet \u00e0 tout faire, et sur Clemence, dame de compagnie de son \u00e9pouse.\r\nMais, hormis le roi Charles et sa cour fuyant Londres, l'\u00e9pid\u00e9mie n'\u00e9pargnera ni les habitants des faubourgs ni les familles fortun\u00e9es du centre de la cit\u00e9. \r\nL'ordre social est aussi menac\u00e9 par un d\u00e9cret qui confie le rep\u00e9rage des pestif\u00e9r\u00e9s aux plus mis\u00e9reux de la capitale. Le sort de la famille Dickinson va d\u00e8s lors d\u00e9pendre d'une enqu\u00eatrice officielle, peu accommodante, venue directement des bas-fonds londoniens.","authors":["Madani Alioua"],"category_codes":["1000000","1080000"],"visuals":{"large":"https:\/\/images.epagine.fr\/242\/9782336554242_1_75.jpg","medium":"https:\/\/images.epagine.fr\/242\/9782336554242_1_m.jpg","thumbnail":"https:\/\/images.epagine.fr\/242\/9782336554242_1_v.jpg"},"orderable":true,"show_badge":true,"formatted_price":"13,00&nbsp;\u20ac","formatted_published_date":"11 d\u00e9cembre 2025","publisher_availability_label":"Sur commande","short_details":"Madani Alioua \u2014 \u00c9ditions L'Harmattan","translator":null,"weight":109,"page_count":88,"readership":null,"editor":"\u00c9ditions L'Harmattan","price":1300,"published_date":"2025-12-10T23:00:00.000000Z","support":"Grand format","publisher_availability":1,"stock":0,"editions":[],"url":"https:\/\/quaidesbrumes.com\/ouvrage\/9782336554242\/les-pestiferes-londres-1665"},{"id":"9782842424794","title":"Le m\u00e9decin hollandais","description":"\u00c0 la porte d'un c\u00e9l\u00e8bre m\u00e9decin hollandais philosophe autant que savant, arrive de Pologne \u00e0 cheval un jeune et riche n\u00e9gociant atteint d'une noire hypocondrie, dont les attaques, dit-il, le font mourir \u00e0 toute heure (un \u00e9tat que l'auteur conna\u00eet bien puisqu'il est lui-m\u00eame soumis r\u00e9guli\u00e8rement \u00e0 ce genre d'\u00e9preuve). Le m\u00e9decin ordonne au malade de profiter des plaisirs de la vie pour tenir son mal \u00e0 distance.\r\nM\u00eame, il l'h\u00e9berge et l'invite \u00e0 rencontrer sa ni\u00e8ce, qu'il aime infiniment et garde aupr\u00e8s de lui sans la marier. On l'a devin\u00e9, la jeune fille se prend de sympathie amoureuse pour le jeune patient qui se retrouve fou d'elle, et, le soir venu, un mariage impr\u00e9vu finit par contenter l'oncle, la ni\u00e8ce et l'\u00e9tranger hypocondre qui a recouvr\u00e9 la sant\u00e9.","authors":["Carlo Goldoni","Ginette Herry"],"category_codes":["1000000","1080000"],"visuals":{"large":"https:\/\/images.epagine.fr\/794\/9782842424794_1_75.jpg","medium":"https:\/\/images.epagine.fr\/794\/9782842424794_1_m.jpg","thumbnail":"https:\/\/images.epagine.fr\/794\/9782842424794_1_v.jpg"},"orderable":false,"show_badge":true,"formatted_price":"12,00&nbsp;\u20ac","formatted_published_date":null,"publisher_availability_label":"\u00c0 para\u00eetre","short_details":"Carlo Goldoni, Ginette Herry \u2014 CIRCE","translator":"GINETTE HERRY","weight":0,"page_count":176,"readership":null,"editor":"CIRCE","price":1200,"published_date":null,"support":"Grand format","publisher_availability":2,"stock":0,"editions":[],"url":"https:\/\/quaidesbrumes.com\/ouvrage\/9782842424794\/le-medecin-hollandais"},{"id":"9782869432710","title":"Veillee funebre","description":null,"authors":["Foissy Guy"],"category_codes":["1000000","1080000"],"visuals":{"large":"https:\/\/images.epagine.fr\/710\/9782869432710_1_75.jpg","medium":"https:\/\/images.epagine.fr\/710\/9782869432710_1_m.jpg","thumbnail":"https:\/\/images.epagine.fr\/710\/9782869432710_1_v.jpg"},"orderable":true,"show_badge":true,"formatted_price":"15,80&nbsp;\u20ac","formatted_published_date":"8 janvier 1992","publisher_availability_label":"Sur commande","short_details":"Foissy Guy \u2014 Actes Sud","translator":null,"weight":116,"page_count":null,"readership":null,"editor":"Actes Sud","price":1580,"published_date":"1992-01-07T23:00:00.000000Z","support":"Grand format","publisher_availability":1,"stock":0,"editions":[],"url":"https:\/\/quaidesbrumes.com\/ouvrage\/9782869432710\/veillee-funebre"},{"id":"9782386023255","title":"Une vocation contrari\u00e9e","description":"Ariel, jeune \u00e9tudiante, a rendez-vous avec le directeur de l'Acad\u00e9mie des Beaux-Arts de Vienne, qui doit statuer sur sa candidature. Plus d'un si\u00e8cle auparavant, le directeur de l'\u00e9poque, Christian Griepenkerl, rejetait celle d'un certain Adolf Hitler. Une vocation contrari\u00e9e qui devait indirectement entra\u00eener les cons\u00e9quences d\u00e9sastreuses que l'on sait. Une d\u00e9cision anodine, en modifiant un destin individuel, peut-elle changer le cours de l'Histoire ? On ne le saura jamais... \u00e0 moins de pouvoir revenir en arri\u00e8re pour exp\u00e9rimenter les suites d'un autre choix. Cette tragi-com\u00e9die pose avec humour les questions fondamentales qui hantent l'Humanit\u00e9 depuis toujours...\r\nCom\u00e9die pour 1 com\u00e9dien et 1 com\u00e9dienne.","authors":["Jean-Pierre Martinez"],"category_codes":["1000000","1080000","1080300","1080305"],"visuals":{"large":"https:\/\/images.epagine.fr\/255\/9782386023255_1_75.jpg","medium":"https:\/\/images.epagine.fr\/255\/9782386023255_1_m.jpg","thumbnail":"https:\/\/images.epagine.fr\/255\/9782386023255_1_v.jpg"},"orderable":true,"show_badge":true,"formatted_price":"12,00&nbsp;\u20ac","formatted_published_date":"20 mars 2003","publisher_availability_label":"Sur commande","short_details":"Jean-Pierre Martinez \u2014 La Comediatheque","translator":null,"weight":70,"page_count":50,"readership":null,"editor":"La Comediatheque","price":1200,"published_date":"2003-03-19T23:00:00.000000Z","support":"Grand format","publisher_availability":1,"stock":0,"editions":[],"url":"https:\/\/quaidesbrumes.com\/ouvrage\/9782386023255\/une-vocation-contrariee"},{"id":"9782386023354","title":"Br\u00e8ves de coulisses","description":"Les hauts et les bas de la noble profession d'acteur, \u00e0 travers une quinzaine de sayn\u00e8tes mettant en relief de fa\u00e7on humoristique les travers de ce qui pourrait aussi \u00eatre consid\u00e9r\u00e9 comme le plus vieux m\u00e9tier du monde.\r\n1 - Alimentaire\u00a0\r\n2 - Un baiser de cin\u00e9ma\u00a0\r\n3 - Distribution des r\u00f4les\u00a0\r\n4 - Direction d'acteurs\u00a0\r\n5 - Cadavre exquis\u00a0\r\n6 - Secrets de stars\u00a0\r\n7 - Mort de peur\u00a0\r\n8 - Figuration\u00a0\r\n9 - Revanche\u00a0\r\n10 - Rappel\u00a0\r\n11 - Silence, on tourne !\u00a0\r\n12 - Une t\u00eate d'assassin\u00a0\r\n13 - Version originale\u00a0\r\n14 - You talkin' to me ?\u00a0\r\n15 - Clap de fin\u00a0","authors":["Jean-Pierre Martinez"],"category_codes":["1000000","1080000","1080300","1080306"],"visuals":{"large":"https:\/\/images.epagine.fr\/354\/9782386023354_1_75.jpg","medium":"https:\/\/images.epagine.fr\/354\/9782386023354_1_m.jpg","thumbnail":"https:\/\/images.epagine.fr\/354\/9782386023354_1_v.jpg"},"orderable":true,"show_badge":true,"formatted_price":"12,00&nbsp;\u20ac","formatted_published_date":"30 avril 2025","publisher_availability_label":"Sur commande","short_details":"Jean-Pierre Martinez \u2014 La Comediatheque","translator":null,"weight":70,"page_count":61,"readership":null,"editor":"La Comediatheque","price":1200,"published_date":"2025-04-29T22:00:00.000000Z","support":"Grand format","publisher_availability":1,"stock":0,"editions":[],"url":"https:\/\/quaidesbrumes.com\/ouvrage\/9782386023354\/breves-de-coulisses"},{"id":"9782386023446","title":"Pas de panique !","description":"Une com\u00e9die \u00e0 sketchs en forme de jeu litt\u00e9raire. Chacune des quinze sayn\u00e8tes \u00e0 deux personnages composant ce recueil commence par la m\u00eame r\u00e9plique : Promets-moi de ne pas paniquer... L'occasion d'aborder avec humour les sujets les plus absurdes... souvent r\u00e9v\u00e9lateurs de notre plus profonde humanit\u00e9.\r\n1 - Bapt\u00eame de l'air\r\n2 - Fum\u00e9e rose\r\n3 - Les abeilles\r\n4 - C'est extra\r\n5 - Voyeurs\r\n6 - Le Roi des Cons\r\n7 - Naufrage\r\n8 - Chim\u00e8res\r\n9 - Cr\u00e2ne\r\n10 - Le secret de l'univers\r\n11 - Les h\u00e9ros\r\n12 - R\u00e9surrection\r\n13 - Ap\u00e9ro\r\n14 - Le temps\r\n15 - Les saltimbanques","authors":["Jean-Pierre Martinez"],"category_codes":["1000000","1080000","1080300","1080306"],"visuals":{"large":"https:\/\/images.epagine.fr\/446\/9782386023446_1_75.jpg","medium":"https:\/\/images.epagine.fr\/446\/9782386023446_1_m.jpg","thumbnail":"https:\/\/images.epagine.fr\/446\/9782386023446_1_v.jpg"},"orderable":true,"show_badge":true,"formatted_price":"12,00&nbsp;\u20ac","formatted_published_date":"30 mai 2025","publisher_availability_label":"Sur commande","short_details":"Jean-Pierre Martinez \u2014 La Comediatheque","translator":null,"weight":70,"page_count":71,"readership":null,"editor":"La Comediatheque","price":1200,"published_date":"2025-05-29T22:00:00.000000Z","support":"Grand format","publisher_availability":1,"stock":0,"editions":[],"url":"https:\/\/quaidesbrumes.com\/ouvrage\/9782386023446\/pas-de-panique"}]}