{"data":[{"id":"9782931101308","title":"La com\u00e9die des illusions","description":"Un homme et une femme, lors d'une s\u00e9ance de th\u00e9rapie, vont se m\u00e9tamorphoser selon les situations qu'ils vivent. Leur conception de la r\u00e9alit\u00e9 change ainsi que la mani\u00e8re dont ils se per\u00e7oivent... Qui entra\u00eene l'autre dans ce monde d'illusions ? Qui guide cet univers magique ? Cet \u00e9tonnant voyage initiatique nous emm\u00e8ne dans un p\u00e9riple, comme un jeu \u00e0 multiples facettes, aux possibilit\u00e9s infinies...","authors":["Delmotte-Weber C."],"category_codes":["1000000","1080000"],"visuals":{"large":"https:\/\/images.epagine.fr\/308\/9782931101308_1_75.jpg","medium":"https:\/\/images.epagine.fr\/308\/9782931101308_1_m.jpg","thumbnail":"https:\/\/images.epagine.fr\/308\/9782931101308_1_v.jpg"},"orderable":true,"show_badge":true,"formatted_price":"10,00&nbsp;\u20ac","formatted_published_date":"28 mars 2021","publisher_availability_label":"Sur commande","short_details":"Delmotte-Weber C. \u2014 Les Oiseaux De Nuit","translator":null,"weight":200,"page_count":86,"readership":null,"editor":"Les Oiseaux De Nuit","price":1000,"published_date":"2021-03-27T23:00:00.000000Z","support":"Grand format","publisher_availability":1,"stock":0,"editions":[],"url":"https:\/\/quaidesbrumes.com\/ouvrage\/9782931101308\/la-comedie-des-illusions"},{"id":"9782931101360","title":"Ici-hier","description":"En ao\u00fbt 2014, Peggy Thomas, directrice du Th\u00e9\u00e2tre de la Vie, complice artistique et surtout grande amie, me laissait les cl\u00e9s de son th\u00e9\u00e2tre pour m'inviter \u00e0 faire une carte blanche, en tant que sc\u00e9nographe, mais aussi plus largement en tant qu'artiste, au sein de ce lieu si particulier.\r\n\r\nIm August 2014 \u00fcberlie\u00df mir Peggy Thomas, Direktorin des Theatre de la Vie, k\u00fcnstlerische Komplizin und vor allem eine gute Freundin, die Schl\u00fcssel zu ihrem Theater und gab mir eine Carte Blanche. So konnte ich mich an diesem ganz besonderen Ort als K\u00fcnstlerin verwirklichen.","authors":["Emmanuelle Bischoff"],"category_codes":["1000000","1080000"],"visuals":{"large":"https:\/\/images.epagine.fr\/360\/9782931101360_1_75.jpg","medium":"https:\/\/images.epagine.fr\/360\/9782931101360_1_m.jpg","thumbnail":"https:\/\/images.epagine.fr\/360\/9782931101360_1_v.jpg"},"orderable":true,"show_badge":true,"formatted_price":"10,00&nbsp;\u20ac","formatted_published_date":"28 mars 2021","publisher_availability_label":"Sur commande","short_details":"Emmanuelle Bischoff \u2014 Les Oiseaux De Nuit","translator":null,"weight":201,"page_count":120,"readership":null,"editor":"Les Oiseaux De Nuit","price":1000,"published_date":"2021-03-27T23:00:00.000000Z","support":"Grand format","publisher_availability":1,"stock":0,"editions":[],"url":"https:\/\/quaidesbrumes.com\/ouvrage\/9782931101360\/ici-hier"},{"id":"9782931101285","title":"Going home","description":"L'histoire commence \u00e0 Hambourg.\r\nDans un parc et sous la neige.\r\nIl y a l\u00e0 un homme noir \u00e9gar\u00e9, avec 5.000 euros \u00e0 ses pieds.\r\nLe braquage a foir\u00e9, la police est venue l'arr\u00eater. Tout le monde le regarde. Il voudrait juste rentrer chez lui.\r\nMais c'est o\u00f9 \u00ab chez lui \u00bb ?\r\nPr\u00e9c\u00e9d\u00e9 de Directive Retour de Dorcy Rugamba.\r\nDorcy Ingeli Rugamba, n\u00e9 le 29 septembre 1969 \u00e0 Kigali (Rwanda), est un metteur en sc\u00e8ne, acteur et dramaturge rwandais.","authors":["Hennebicq Vincent"],"category_codes":["1000000","1080000"],"visuals":{"large":"https:\/\/images.epagine.fr\/285\/9782931101285_1_75.jpg","medium":"https:\/\/images.epagine.fr\/285\/9782931101285_1_m.jpg","thumbnail":"https:\/\/images.epagine.fr\/285\/9782931101285_1_v.jpg"},"orderable":true,"show_badge":true,"formatted_price":"10,00&nbsp;\u20ac","formatted_published_date":"28 mars 2021","publisher_availability_label":"Sur commande","short_details":"Hennebicq Vincent \u2014 Les Oiseaux De Nuit","translator":null,"weight":200,"page_count":124,"readership":null,"editor":"Les Oiseaux De Nuit","price":1000,"published_date":"2021-03-27T23:00:00.000000Z","support":"Grand format","publisher_availability":1,"stock":0,"editions":[],"url":"https:\/\/quaidesbrumes.com\/ouvrage\/9782931101285\/going-home"},{"id":"9782931101322","title":"Je mens, tu mens !","description":"Une soir\u00e9e chez un couple de la presque quarantaine : ils jouent au bridge avec un couple d'amis, puis la soir\u00e9e avan\u00e7ant, \u00e0 des jeux plus dangereux...\r\n\r\nAinsi, entre deux bons vins, ils parlent de tout et de rien : des premiers amours, des al\u00e9as de l'orgasme f\u00e9minin, des avanc\u00e9es de la psychanalyse, des mensonges autour de la sexualit\u00e9...\r\n\r\nAvec un humour anglo-saxon, la soi-disant \u00ab lib\u00e9ration \u00bb sexuelle est ironiquement mise en cause.","authors":["Heenen-Wolff Susann"],"category_codes":["1000000","1080000"],"visuals":{"large":"https:\/\/images.epagine.fr\/322\/9782931101322_1_75.jpg","medium":"https:\/\/images.epagine.fr\/322\/9782931101322_1_m.jpg","thumbnail":"https:\/\/images.epagine.fr\/322\/9782931101322_1_v.jpg"},"orderable":true,"show_badge":true,"formatted_price":"10,00&nbsp;\u20ac","formatted_published_date":"28 mars 2021","publisher_availability_label":"Sur commande","short_details":"Heenen-Wolff Susann \u2014 Les Oiseaux De Nuit","translator":null,"weight":200,"page_count":120,"readership":null,"editor":"Les Oiseaux De Nuit","price":1000,"published_date":"2021-03-27T23:00:00.000000Z","support":"Grand format","publisher_availability":1,"stock":0,"editions":[],"url":"https:\/\/quaidesbrumes.com\/ouvrage\/9782931101322\/je-mens-tu-mens"},{"id":"9782904201950","title":"Armide - drame baroque du 21e si\u00e8cle","description":"la litt\u00e9rature italienne du 16\u00e8me si\u00e8cle La J\u00e9rusalem d\u00e9livr\u00e9e du Tasse, et au livret de Quinault Armide pour l'op\u00e9ra de Lully, th\u00e8me qui avait d\u00e9j\u00e0 inspir\u00e9 Desmarets, Cocteau, Audiberti, Godard... La pi\u00e8ce d\u00e9crit le mouvement paradoxal des affects et des corps, leur inadaptation fatale \u00e0 toutes les cottes de maille mal taill\u00e9es qui voudraient leur imposer silence. L'histoire de la magicienne musulmane Armide et du crois\u00e9 Renaud tient de la trag\u00e9die grecque, le conflit entre le devoir\r\n d'\u00e9tat et l'amour, et du mythe d'Orph\u00e9e. Sous la plume de l'auteur, le r\u00e9cit est d'abord un drame baroque joyeux o\u00f9 l'intempestive volont\u00e9 de s\u00e9duire d'Armide se heurte \u00e0 l'h\u00e9ro\u00efsme militaire de Renaud longtemps fier d'\u00eatre le seul \u00e0 r\u00e9sister \u00e0 ses sortil\u00e8ges. \u00bb\r\n                                                                   Claude Tuduri","authors":["Francoise Mingot-Tauran","Christine Bonduelle"],"category_codes":["1000000","1080000"],"visuals":{"large":"https:\/\/images.epagine.fr\/950\/9782904201950_1_75.jpg","medium":"https:\/\/images.epagine.fr\/950\/9782904201950_1_m.jpg","thumbnail":"https:\/\/images.epagine.fr\/950\/9782904201950_1_v.jpg"},"orderable":true,"show_badge":true,"formatted_price":"14,00&nbsp;\u20ac","formatted_published_date":"15 juin 2021","publisher_availability_label":"Sur commande","short_details":"Francoise Mingot-Tauran, Christine Bonduelle \u2014 Wallada","translator":null,"weight":184,"page_count":120,"readership":null,"editor":"Wallada","price":1400,"published_date":"2021-06-14T22:00:00.000000Z","support":"Grand format","publisher_availability":1,"stock":0,"editions":[],"url":"https:\/\/quaidesbrumes.com\/ouvrage\/9782904201950\/armide-drame-baroque-du-21e-siecle"},{"id":"9782931101445","title":"La v\u00e9ritable histoire de Sigmund Freud \/ Die Wahre Geschichte von Sigmund Freud","description":"Dans cette \u00ab com\u00e9die scientifique \u00bb figurent Sigmund Freud, sa fille Anna - qui a un net penchant pour les filles - , Sandor Ferenczi, \u00e9l\u00e8ve le plus dou\u00e9 de Freud au point de faire peur au \u00ab Professeur \u00bb ! La Princesse Marie Bonaparte est hant\u00e9e par ce qu'elle croit \u00eatre sa frigidit\u00e9, Lou Andreas-Salom\u00e9 est selon Freud, la \u00ab  po\u00e9tesse \u00bb de la psychanalyse et une vraie \u00ab cocotte \u00bb, M\u00e9lanie Klein est analysante d\u00e9pressive de Ferenczi. Jacques Lacan, appartenant \u00e0 une autre g\u00e9n\u00e9ration, se prend pour Freud Le Second; contre toute \u00e9vidence, il met parfois son grain de sel dans les \u00e9changes. Cette pi\u00e8ce est bas\u00e9e sur les \u00e9crits scientifiques et les correspondances des protagonistes. \r\n\r\nIn dieser \"wissenschaftlichen Komodie\" erscheinen Sigmund Freud, seine Tochter Anna - die eine deutliche Vorliebe f\u00fcr Frauen hat, Sandor Ferenczi, Freuds derma\u00dfen begabter Sch\u00fcler, dass er dem \"Professor\" geradezu Angst einjagt. Die Prinzessin Marie Bonaparte ist wie besessen von ihrer vermeintlichen Frigidit\u00e4t. Lou Andreas-Salom\u00e9 ist laut Freud die \"Dichterin\" der Psychoanalyse und eine richtige \"Kokotte\". M\u00e9lanie Klein ist depressive Analysandin von Ferenczi. Jacques Lacan gehort einer anderen Generation an; er h\u00e4lt sich f\u00fcr Freud Nr. 2. Entgegen jeder Wahrscheinlichkeit kommentiert er hier und da die Ereignisse. Das St\u00fcck gr\u00fcndet auf den wissenschaftlichen Schriften und der Korrespondenz der Protagonisten.","authors":["Susann Heenen-Wolff"],"category_codes":["1000000","1080000"],"visuals":{"large":"https:\/\/images.epagine.fr\/445\/9782931101445_1_75.jpg","medium":"https:\/\/images.epagine.fr\/445\/9782931101445_1_m.jpg","thumbnail":"https:\/\/images.epagine.fr\/445\/9782931101445_1_v.jpg"},"orderable":true,"show_badge":true,"formatted_price":"10,00&nbsp;\u20ac","formatted_published_date":"24 avril 2022","publisher_availability_label":"Sur commande","short_details":"Susann Heenen-Wolff \u2014 Les Oiseaux De Nuit","translator":null,"weight":201,"page_count":180,"readership":null,"editor":"Les Oiseaux De Nuit","price":1000,"published_date":"2022-04-23T22:00:00.000000Z","support":"Grand format","publisher_availability":1,"stock":0,"editions":[],"url":"https:\/\/quaidesbrumes.com\/ouvrage\/9782931101445\/la-veritable-histoire-de-sigmund-freud-die-wahre-geschichte-von-sigmund-freud"},{"id":"9782931101407","title":"Descendre","description":"Montagnes. Eclosions printani\u00e8res. Glace, vent, soleil, temp\u00eate, oiseau, for\u00eat, village, torrent.\r\n\r\nComme personnages, un fr\u00e8re et une soeur, qui se voient pour la premi\u00e8re fois apr\u00e8s des ann\u00e9es de s\u00e9paration.\r\nLui, l'Aval\u00e9, a grandi chez les Bonnes Soeurs ; il ne savait pas qu'il avait une famille. Elle, la Sous-chienne, fut intern\u00e9e \u00e0 l'adolescence pour raisons \"administratives\". Sa famille, son pass\u00e9, elle les a aval\u00e9s, \u00e9touff\u00e9s, gard\u00e9s secret dans un coffre.\r\n\r\nPour se retrouver, ils devront descendre dans leurs m\u00e9moires, dire, se rappeler, aplatir les montagnes...\r\n\r\nDescendre est un po\u00e8me dramatique \u00e9crit \u00e0 partir de t\u00e9moignages li\u00e9s \u00e0 l'histoire des placements d'enfants et internements administratifs d'adultes en Suisse, de la fin du XIXe si\u00e8cle \u00e0 1981.","authors":["Badoud Francois"],"category_codes":["1000000","1080000"],"visuals":{"large":"https:\/\/images.epagine.fr\/407\/9782931101407_1_75.jpg","medium":"https:\/\/images.epagine.fr\/407\/9782931101407_1_m.jpg","thumbnail":"https:\/\/images.epagine.fr\/407\/9782931101407_1_v.jpg"},"orderable":true,"show_badge":true,"formatted_price":"10,00&nbsp;\u20ac","formatted_published_date":"13 septembre 2021","publisher_availability_label":"Sur commande","short_details":"Badoud Francois \u2014 Les Oiseaux De Nuit","translator":null,"weight":200,"page_count":90,"readership":null,"editor":"Les Oiseaux De Nuit","price":1000,"published_date":"2021-09-12T22:00:00.000000Z","support":"Grand format","publisher_availability":1,"stock":0,"editions":[],"url":"https:\/\/quaidesbrumes.com\/ouvrage\/9782931101407\/descendre"},{"id":"9782931101414","title":"R\u00e9trospective","description":"Un artiste de renomm\u00e9e internationale revient dans son village natal pour organiser une r\u00e9trospective de son oeuvre en vue de l'inauguration du nouveau centre culturel, premier maillon d'une politique culturelle ambitieuse pour la r\u00e9gion.\r\n\r\nLa directrice du centre, la r\u00e9gisseuse et le jeune stagiaire admiratif ne seront pas de trop pour tenter de canaliser, chacun.e \u00e0 sa mani\u00e8re, cet artiste paralys\u00e9 par les doutes, qui, revenu \u00e0 ses racines, ne parvient plus \u00e0 comprendre son oeuvre et \u00e0 lui trouver un sens dans le monde qui l'entoure. Et les murs du tout nouveau centre culturel n'emp\u00eachent pas les bruits du monde de se faire entendre \u00e0 l'int\u00e9rieur.","authors":["Cogniaux Bernard"],"category_codes":["1000000","1080000"],"visuals":{"large":"https:\/\/images.epagine.fr\/414\/9782931101414_1_75.jpg","medium":"https:\/\/images.epagine.fr\/414\/9782931101414_1_m.jpg","thumbnail":"https:\/\/images.epagine.fr\/414\/9782931101414_1_v.jpg"},"orderable":true,"show_badge":true,"formatted_price":"10,00&nbsp;\u20ac","formatted_published_date":"13 septembre 2021","publisher_availability_label":"Sur commande","short_details":"Cogniaux Bernard \u2014 Les Oiseaux De Nuit","translator":null,"weight":200,"page_count":140,"readership":null,"editor":"Les Oiseaux De Nuit","price":1000,"published_date":"2021-09-12T22:00:00.000000Z","support":"Grand format","publisher_availability":1,"stock":0,"editions":[],"url":"https:\/\/quaidesbrumes.com\/ouvrage\/9782931101414\/retrospective"},{"id":"9782931101438","title":"Recueil - festival volume 3","description":"Tino Caspanello - Traduction Pietro Pizzuti.\r\nSantiago X (version fran\u00e7aise).\r\n\u00ab ...Vous appelez tout le monde \u00ab mon ami \u00bb y compris vos pires ennemis. Et sur vos l\u00e8vres, croyez-moi, le mot \u00ab ami \u00bb a une sonorit\u00e9 toujours si douce... \u00bb.\r\nAVERTISSEMENT : la traduction fran\u00e7aise ci-publi\u00e9e est celle d'une version ant\u00e9rieure du texte italien, la nouvelle traduction est disponible sur demande et sera publi\u00e9e lors d'une r\u00e9\u00e9dition de l'ouvrage.\r\n\r\nTino Caspanello.\r\nSantiago X (version italienne).\r\n\"... Lei chiama tutti \"amici\", anche i suoi peggiori nemici. E sulle sue labbra, mi creda, la parola \"amico\" ha un suono sempre cos\u00ec dolce...\".\r\n\r\nDeborah Danblon.\r\nUne place \u00e0 soi.\r\nDeux appels t\u00e9l\u00e9phoniques pass\u00e9s de part et d'autre. Et l'affaire \u00e9tait boucl\u00e9e.\r\nIl reste. Elle part.\r\n\r\nSiham Najmi.\r\nTous les gar\u00e7ons s'appellent Alexandre.\r\nDans mon film \u00e0 moi, tous les gar\u00e7ons s'appellent Alexandre.\r\n\r\nClemens Van Nolloth.\r\nEt une cl\u00e9.\r\nJe connaissais ses transes soudaines qui l'emp\u00eachaient d'\u00eatre ici et l'emmenaient bien au-del\u00e0 de nous.","authors":["Caspanello","Pizzuti"],"category_codes":["1000000","1080000"],"visuals":{"large":"https:\/\/images.epagine.fr\/438\/9782931101438_1_75.jpg","medium":"https:\/\/images.epagine.fr\/438\/9782931101438_1_m.jpg","thumbnail":"https:\/\/images.epagine.fr\/438\/9782931101438_1_v.jpg"},"orderable":true,"show_badge":true,"formatted_price":"10,00&nbsp;\u20ac","formatted_published_date":"13 septembre 2021","publisher_availability_label":"Sur commande","short_details":"Caspanello, Pizzuti \u2014 Les Oiseaux De Nuit","translator":null,"weight":200,"page_count":160,"readership":null,"editor":"Les Oiseaux De Nuit","price":1000,"published_date":"2021-09-12T22:00:00.000000Z","support":"Grand format","publisher_availability":1,"stock":0,"editions":[],"url":"https:\/\/quaidesbrumes.com\/ouvrage\/9782931101438\/recueil-festival-volume-3"},{"id":"9782931101469","title":"Les chiens qui ont la rage font pas long feu","description":"\u00ab D\u00e9j\u00e0 les sir\u00e8nes de police r\u00e9sonnent - tu sais ce qui me rend dingue ? C'est quand un p\u00e9quenaud de parlementaire d\u00e9boule sur le boulevard dans sa Mercedes Benz et paralyse la circulation, escort\u00e9s par un escadron de motards, sir\u00e8nes hurlantes au vent. Le monde entier doit s'arr\u00eater pour laisser passer l'homme dans la berline aux vitres teint\u00e9es. Son existence pr\u00e9vaut sur celle des autres. \u00bb","authors":["Dumont David"],"category_codes":["1000000","1080000","1080500"],"visuals":{"large":"https:\/\/images.epagine.fr\/469\/9782931101469_1_75.jpg","medium":"https:\/\/images.epagine.fr\/469\/9782931101469_1_m.jpg","thumbnail":"https:\/\/images.epagine.fr\/469\/9782931101469_1_v.jpg"},"orderable":true,"show_badge":true,"formatted_price":"10,00&nbsp;\u20ac","formatted_published_date":"24 avril 2022","publisher_availability_label":"Sur commande","short_details":"Dumont David \u2014 Les Oiseaux De Nuit","translator":null,"weight":200,"page_count":80,"readership":null,"editor":"Les Oiseaux De Nuit","price":1000,"published_date":"2022-04-23T22:00:00.000000Z","support":"Grand format","publisher_availability":1,"stock":0,"editions":[],"url":"https:\/\/quaidesbrumes.com\/ouvrage\/9782931101469\/les-chiens-qui-ont-la-rage-font-pas-long-feu"},{"id":"9782889130016","title":"Histoires du royaume pour une r\u00e9publique Tome 1","description":"On a l'habitude de f\u00eater No\u00ebl et P\u00e2ques. Mais, souvent, on oublie ce que l'on f\u00eate et m\u00eame qui l'on f\u00eate. On se contente de faire un bon repas et de profiter des jours de cong\u00e9 suppl\u00e9mentaires. Auteur et metteur en sc\u00e8ne de th\u00e9\u00e2tre amateur install\u00e9 en r\u00e9gion parisienne, Herv\u00e9 Moulin nous fait red\u00e9couvrir avec humour et tendresse des histoires que nous croyons conna\u00eetre. Il nous invite \u00e0 tourner les regards, quelques instants au moins, vers J\u00e9sus, le Roi des coeurs. Huit pi\u00e8ces de th\u00e9\u00e2tre et sketches autour de No\u00ebl, de P\u00e2ques et du pardon:\r\n\r\nL'anniversaire d'Emmanuel, Une nuit \u00e0 Bethl\u00e9hem, L'\u00e9toile et toi, Nulle autre femme et toutes les m\u00e8res, Je t'ai trahi, Le t\u00e9moignage de la d\u00e9fense, De ma prison je vous \u00e9cris, Aaron.","authors":["Herv\u00e9 Moulin"],"category_codes":["6000000","6080000","6080200","6080204"],"visuals":{"large":"https:\/\/images.epagine.fr\/016\/9782889130016_1_75.jpg","medium":"https:\/\/images.epagine.fr\/016\/9782889130016_1_m.jpg","thumbnail":"https:\/\/images.epagine.fr\/016\/9782889130016_1_v.jpg"},"orderable":true,"show_badge":true,"formatted_price":"19,00&nbsp;\u20ac","formatted_published_date":"5 octobre 2011","publisher_availability_label":"Sur commande","short_details":"Herv\u00e9 Moulin \u2014 OURANIA","translator":null,"weight":336,"page_count":274,"readership":null,"editor":"OURANIA","price":1900,"published_date":"2011-10-04T22:00:00.000000Z","support":"Grand format","publisher_availability":1,"stock":0,"editions":[],"url":"https:\/\/quaidesbrumes.com\/ouvrage\/9782889130016\/histoires-du-royaume-pour-une-republique-tome-1"},{"id":"9782931101575","title":"On the road... a","description":"Au sens litt\u00e9ral, Roda est un homme du monde. D'origine libanaise, il est n\u00e9 au Maroc, il a grandi en Guin\u00e9e, il a la nationalit\u00e9 belge et se revendique d'une gueule d'Italien pour faciliter ses sorties en bo\u00eete. Immigr\u00e9 de la deuxi\u00e8me g\u00e9n\u00e9ration, c'est-\u00e0-dire, pour certains \u00ab plus vraiment comme eux \u00bb, mais \u00ab pas encore tout \u00e0 fait comme nous \u00bb, Roda a le cul coinc\u00e9 entre au moins quatre cultures.\r\n\r\nAvec On the Road... A, il raconte l'histoire de sa vie avec humour et autod\u00e9rision, mais aussi celles de ses potes Mohamed et Doroth\u00e9e, un p\u00e8re fantasm\u00e9, un prof de religion islamique - une vraie terreur -, ses familles d'ici et d'ailleurs... et d\u00e9construit, au passage tous les pr\u00e9jug\u00e9s.\r\n\r\n\u00ab Hilarant et touchant \u00e0 la fois, Roda nous rappelle qu'on est toujours l'\u00e9tranger de quelqu'un. \u00bb Le Soir","authors":["Fawaz Roda"],"category_codes":["1000000","1080000"],"visuals":{"large":"https:\/\/images.epagine.fr\/575\/9782931101575_1_75.jpg","medium":"https:\/\/images.epagine.fr\/575\/9782931101575_1_m.jpg","thumbnail":"https:\/\/images.epagine.fr\/575\/9782931101575_1_v.jpg"},"orderable":true,"show_badge":true,"formatted_price":"10,00&nbsp;\u20ac","formatted_published_date":"15 novembre 2022","publisher_availability_label":"Sur commande","short_details":"Fawaz Roda \u2014 Les Oiseaux De Nuit","translator":null,"weight":200,"page_count":90,"readership":null,"editor":"Les Oiseaux De Nuit","price":1000,"published_date":"2022-11-14T23:00:00.000000Z","support":"Grand format","publisher_availability":1,"stock":0,"editions":[],"url":"https:\/\/quaidesbrumes.com\/ouvrage\/9782931101575\/on-the-road-a"},{"id":"9782931101506","title":"Contes et l\u00e9gendes des bernard-l'hermite","description":"Que savez-vous sur les bernard-l'hermite ?\r\n\r\nVous savez peut-\u00eatre qu'ils vivent dans la mer, qu'ils empruntent des coquilles vides pour cacher leurs corps mous. Vous savez \u00e9ventuellement qu'ils ont dix pattes: quatre pour marcher, quatre pour maintenir leur coquille et deux pinces. C'est d\u00e9j\u00e0 pas mal.\r\n\r\nMais connaissez-vous leurs histoires ? Les bernard-l'hermite adorent les histoires, ils ont tout un stock de contes et, pour peu que vous acceptiez de barboter avec eux, ils s'empresseront de vous en conter un ou deux. Mais tout le monde ne vit pas en bord de mer. Ce livre recueille une partie de leurs contes et l\u00e9gendes. Ainsi, des humains pourront connaitre des histoires de bernard-l'hermite, ils pourront les dire et elles circuleront au-del\u00e0 des c\u00f4tes.","authors":["Berthon Capucine"],"category_codes":["1000000","1080000"],"visuals":{"large":"https:\/\/images.epagine.fr\/506\/9782931101506_1_75.jpg","medium":"https:\/\/images.epagine.fr\/506\/9782931101506_1_m.jpg","thumbnail":"https:\/\/images.epagine.fr\/506\/9782931101506_1_v.jpg"},"orderable":true,"show_badge":true,"formatted_price":"10,00&nbsp;\u20ac","formatted_published_date":"15 novembre 2022","publisher_availability_label":"Sur commande","short_details":"Berthon Capucine \u2014 Les Oiseaux De Nuit","translator":null,"weight":200,"page_count":88,"readership":null,"editor":"Les Oiseaux De Nuit","price":1000,"published_date":"2022-11-14T23:00:00.000000Z","support":"Grand format","publisher_availability":1,"stock":0,"editions":[],"url":"https:\/\/quaidesbrumes.com\/ouvrage\/9782931101506\/contes-et-legendes-des-bernard-lhermite"},{"id":"9782931101483","title":"Recueil - festival volume 4","description":"Anne Sylvain.\r\nLa Bo\u00eete : \u00ab Le mensonge, les m\u00e8res le sentent toujours. T\u00e2che de te souvenir de \u00e7a \u00bb.\r\nLa pi\u00e8ce \u00ab La bo\u00eete \u00bb a \u00e9t\u00e9 jou\u00e9e au th\u00e9\u00e2tre Le Public de Bruxelles du 17 mars au 29 avril 2023.\r\n\r\nDavid Dumont.\r\nCamino : \u00ab C'est compliqu\u00e9 de trouver la pens\u00e9e juste, je laisse ma bouche parler les mots \u00bb.\r\n\r\nDeborah Danblon.\r\nHybride : \u00ab Pour moi, il est Oon, le Roi des Elfes. Mais, je me rappelle qu'il a pas toujours \u00e9t\u00e9 comme \u00e7a \u00bb.\r\n\r\nMarine Yerl\u00e8s.\r\nShut up and smile : Nina, Lula et Ana\u00e9 ont 14 ans et sont amies \u00e0 l'\u00e9cole. Toutes, consciemment ou non, posent la question de leur rapport \u00e0 la f\u00e9minit\u00e9.\r\n\r\nEvelyne Guzy.\r\nJe ne suis pas le petit prince : \u00ab Ici, en classe, Ma\u00eetresse raconte l'histoire de ce petit blanc boucl\u00e9. Il ne me ressemble pas, c'est s\u00fbr. Sauf qu'il aime le d\u00e9sert d'Afrique, comme moi \u00bb.","authors":["Sylvain","Guzy","Yerles"],"category_codes":["1000000","1080000"],"visuals":{"large":"https:\/\/images.epagine.fr\/483\/9782931101483_1_75.jpg","medium":"https:\/\/images.epagine.fr\/483\/9782931101483_1_m.jpg","thumbnail":"https:\/\/images.epagine.fr\/483\/9782931101483_1_v.jpg"},"orderable":true,"show_badge":true,"formatted_price":"10,00&nbsp;\u20ac","formatted_published_date":"15 novembre 2022","publisher_availability_label":"Sur commande","short_details":"Sylvain, Guzy, Yerles \u2014 Les Oiseaux De Nuit","translator":null,"weight":200,"page_count":172,"readership":null,"editor":"Les Oiseaux De Nuit","price":1000,"published_date":"2022-11-14T23:00:00.000000Z","support":"Grand format","publisher_availability":1,"stock":0,"editions":[],"url":"https:\/\/quaidesbrumes.com\/ouvrage\/9782931101483\/recueil-festival-volume-4"},{"id":"9782931101490","title":"Le fils de Don Quichotte","description":"On pourrait dire que \u00ab Le Fils de Don Quichotte \u00bb est une revisite des romans de Cervant\u00e8s et de Avellaneda.\r\nLes grands exploits sont bien s\u00fbr au rendez-vous : les moulins, l'attaque des arm\u00e9es, la victoire contre le lion, et bien d'autres.\r\n\r\nAccompagn\u00e9 de la maladresse, de la clairvoyance, et du vocabulaire burlesque de Sancho, Don Quichotte remontera sur Rossinante et se choisira un nouveau combat.\r\nCar le h\u00e9ros doit continuer \u00e0 grandir comme ne cessent de s'\u00e9lever les montagnes.\r\nIl n'y a que l'espoir qui fasse avancer.\r\n\r\nLes deux amis t\u00e9lescoperont le r\u00e9el et l'imaginaire. Dans une confusion temporelle, leurs aventures du pass\u00e9 se m\u00ealeront au monde d'aujourd'hui. Car notre soci\u00e9t\u00e9 regorge d'hommes et de femmes qui se battent pour \u00ab un monde meilleur \u00bb. Comme C\u00e9dric Herrou, symbole de l'aide citoyenne aux migrants. Ou Greta Thunberg qui se bat pour le climat.\r\n\r\nPar nos combats, et nos r\u00eaves aussi petits soient-ils, nous sommes tous des enfants de Don Quichotte.","authors":["Sylvain Anne"],"category_codes":["1000000","1080000"],"visuals":{"large":"https:\/\/images.epagine.fr\/490\/9782931101490_1_75.jpg","medium":"https:\/\/images.epagine.fr\/490\/9782931101490_1_m.jpg","thumbnail":"https:\/\/images.epagine.fr\/490\/9782931101490_1_v.jpg"},"orderable":true,"show_badge":true,"formatted_price":"10,00&nbsp;\u20ac","formatted_published_date":"15 novembre 2022","publisher_availability_label":"Sur commande","short_details":"Sylvain Anne \u2014 Les Oiseaux De Nuit","translator":null,"weight":200,"page_count":96,"readership":null,"editor":"Les Oiseaux De Nuit","price":1000,"published_date":"2022-11-14T23:00:00.000000Z","support":"Grand format","publisher_availability":1,"stock":0,"editions":[],"url":"https:\/\/quaidesbrumes.com\/ouvrage\/9782931101490\/le-fils-de-don-quichotte"},{"id":"9782931101711","title":"Coco parachute","description":null,"authors":["De Staercke"],"category_codes":["1000000","1080000"],"visuals":{"large":"https:\/\/quaidesbrumes.com\/img\/book-placeholder.png","medium":"https:\/\/quaidesbrumes.com\/img\/book-placeholder.png","thumbnail":"https:\/\/quaidesbrumes.com\/img\/book-placeholder.png"},"orderable":true,"show_badge":true,"formatted_price":"10,00&nbsp;\u20ac","formatted_published_date":"10 d\u00e9cembre 2023","publisher_availability_label":"Sur commande","short_details":"De Staercke \u2014 Les Oiseaux De Nuit","translator":null,"weight":200,"page_count":null,"readership":null,"editor":"Les Oiseaux De Nuit","price":1000,"published_date":"2023-12-09T23:00:00.000000Z","support":"Grand format","publisher_availability":1,"stock":0,"editions":[],"url":"https:\/\/quaidesbrumes.com\/ouvrage\/9782931101711\/coco-parachute"},{"id":"9782931101698","title":"Nuisibles","description":null,"authors":["Bastin","Ledent"],"category_codes":["1000000","1080000","1080400"],"visuals":{"large":"https:\/\/quaidesbrumes.com\/img\/book-placeholder.png","medium":"https:\/\/quaidesbrumes.com\/img\/book-placeholder.png","thumbnail":"https:\/\/quaidesbrumes.com\/img\/book-placeholder.png"},"orderable":true,"show_badge":true,"formatted_price":"10,00&nbsp;\u20ac","formatted_published_date":"10 d\u00e9cembre 2023","publisher_availability_label":"Sur commande","short_details":"Bastin, Ledent \u2014 Les Oiseaux De Nuit","translator":null,"weight":200,"page_count":null,"readership":null,"editor":"Les Oiseaux De Nuit","price":1000,"published_date":"2023-12-09T23:00:00.000000Z","support":"Grand format","publisher_availability":1,"stock":0,"editions":[],"url":"https:\/\/quaidesbrumes.com\/ouvrage\/9782931101698\/nuisibles"},{"id":"9782931101728","title":"Dieu le pere","description":null,"authors":["Fawaz Roda"],"category_codes":["1000000","1080000"],"visuals":{"large":"https:\/\/quaidesbrumes.com\/img\/book-placeholder.png","medium":"https:\/\/quaidesbrumes.com\/img\/book-placeholder.png","thumbnail":"https:\/\/quaidesbrumes.com\/img\/book-placeholder.png"},"orderable":true,"show_badge":true,"formatted_price":"10,00&nbsp;\u20ac","formatted_published_date":"10 d\u00e9cembre 2023","publisher_availability_label":"Sur commande","short_details":"Fawaz Roda \u2014 Les Oiseaux De Nuit","translator":null,"weight":200,"page_count":null,"readership":null,"editor":"Les Oiseaux De Nuit","price":1000,"published_date":"2023-12-09T23:00:00.000000Z","support":"Grand format","publisher_availability":1,"stock":0,"editions":[],"url":"https:\/\/quaidesbrumes.com\/ouvrage\/9782931101728\/dieu-le-pere"},{"id":"9782931101667","title":"Fugue","description":null,"authors":["Pirard Stephane"],"category_codes":["1000000","1080000"],"visuals":{"large":"https:\/\/quaidesbrumes.com\/img\/book-placeholder.png","medium":"https:\/\/quaidesbrumes.com\/img\/book-placeholder.png","thumbnail":"https:\/\/quaidesbrumes.com\/img\/book-placeholder.png"},"orderable":true,"show_badge":true,"formatted_price":"10,00&nbsp;\u20ac","formatted_published_date":"10 d\u00e9cembre 2023","publisher_availability_label":"Sur commande","short_details":"Pirard Stephane \u2014 Les Oiseaux De Nuit","translator":null,"weight":200,"page_count":null,"readership":null,"editor":"Les Oiseaux De Nuit","price":1000,"published_date":"2023-12-09T23:00:00.000000Z","support":"Grand format","publisher_availability":1,"stock":0,"editions":[],"url":"https:\/\/quaidesbrumes.com\/ouvrage\/9782931101667\/fugue"},{"id":"9782406058182","title":"Th\u00e9\u00e2tre complet Tome 2 ; les six premi\u00e8res com\u00e9dies fac\u00e9cieuses (le morfondu, les jaloux, les escolliers)","description":"Ces trois com\u00e9dies de Larivey au canevas touffu mettent en sc\u00c3\u00a8ne des personnages anciens et modernes : le soldat fanfaron, la courtisane, l'\u00e9colier, l'aubergiste, le m\u00e9decin. Le recueil confie son unit\u00e9 \u00e0 une langue comique qui est l'expression des diff\u00e9rentes classes sociales se partageant les planches.","authors":["Pierre de Larivey"],"category_codes":["1000000","1080000"],"visuals":{"large":"https:\/\/images.epagine.fr\/182\/9782406058182_1_75.jpg","medium":"https:\/\/images.epagine.fr\/182\/9782406058182_1_m.jpg","thumbnail":"https:\/\/images.epagine.fr\/182\/9782406058182_1_v.jpg"},"orderable":true,"show_badge":true,"formatted_price":"49,00&nbsp;\u20ac","formatted_published_date":"27 septembre 2018","publisher_availability_label":"Sur commande","short_details":"Pierre de Larivey \u2014 CLASSIQUES GARNIER","translator":null,"weight":672,"page_count":494,"readership":null,"editor":"CLASSIQUES GARNIER","price":4900,"published_date":"2018-09-26T22:00:00.000000Z","support":"Grand format","publisher_availability":1,"stock":0,"editions":[],"url":"https:\/\/quaidesbrumes.com\/ouvrage\/9782406058182\/theatre-complet-tome-2-les-six-premieres-comedies-facecieuses-le-morfondu-les-jaloux-les-escolliers"},{"id":"9782406067597","title":"Th\u00e9\u00e2tre complet","description":"Cette \u00e9dition critique du Th\u00e9\u00e2tre complet le situe au sein des d\u00e9bats de son \u00e9poque. Vigny s'y r\u00e9v\u00e8le un v\u00e9ritable dramaturge, \u00e0 l'\u00e9coute de son temps, conscient de la r\u00e9novation des genres, mais aussi des limites de cette tribune. Le penseur y refl\u00e8te les id\u00e9aux romantiques et sa perception de la condition humaine.","authors":["Alfred de Vigny"],"category_codes":["1000000","1080000"],"visuals":{"large":"https:\/\/images.epagine.fr\/597\/9782406067597_1_75.jpg","medium":"https:\/\/images.epagine.fr\/597\/9782406067597_1_m.jpg","thumbnail":"https:\/\/images.epagine.fr\/597\/9782406067597_1_v.jpg"},"orderable":true,"show_badge":true,"formatted_price":"59,00&nbsp;\u20ac","formatted_published_date":"4 octobre 2018","publisher_availability_label":"Sur commande","short_details":"Alfred de Vigny \u2014 CLASSIQUES GARNIER","translator":null,"weight":1214,"page_count":1048,"readership":null,"editor":"CLASSIQUES GARNIER","price":5900,"published_date":"2018-10-03T22:00:00.000000Z","support":"Grand format","publisher_availability":1,"stock":0,"editions":["9782406067603","9782406169536"],"url":"https:\/\/quaidesbrumes.com\/ouvrage\/9782406067597\/theatre-complet"},{"id":"9782745319357","title":"Templum tragoediae 1734 ; la fabrique d'une trag\u00e9die","description":"Templum Tragoedi\u00e6 (1734) du P. Marsy, sj, raconte, dans un po\u00e8me en hexam\u00e8tres dactyliques, comment le po\u00e8te, lors d'une promenade sur les sommets du Parnasse, s'\u00e9gare et d\u00e9couvre le palais de la Trag\u00e9die. Invit\u00e9 \u00e0 entrer par la d\u00e9esse du lieu, Melpom\u00e8ne, le po\u00e8te est alors honor\u00e9 d'une visite guid\u00e9e du temple et d'un commentaire des nombreux tableaux qui d\u00e9corent les murs, avant de rencontrer trois personnages qui incarnent respectivement la Piti\u00e9, la Terreur et l'Amour. Ce texte int\u00e9ressera de nombreux \u00e9rudits : les historiens de l'\u00e9ducation \u00e9tudiant les coll\u00e8ges j\u00e9suites en premier lieu, mais aussi les historiens de l'art ou encore les litt\u00e9raires, en ce qu'il repr\u00e9sente un autre pan du XVIIIe si\u00e8cle, plut\u00f4t oppos\u00e9 aux Lumi\u00e8res, celui de la tradition docte.","authors":["Francois-maris de Marsy"],"category_codes":["1000000","1080000"],"visuals":{"large":"https:\/\/images.epagine.fr\/357\/9782745319357_1_75.jpg","medium":"https:\/\/images.epagine.fr\/357\/9782745319357_1_m.jpg","thumbnail":"https:\/\/images.epagine.fr\/357\/9782745319357_1_v.jpg"},"orderable":true,"show_badge":true,"formatted_price":"66,00&nbsp;\u20ac","formatted_published_date":"26 juin 2009","publisher_availability_label":"Sur commande","short_details":"Francois-maris de Marsy \u2014 HONORE CHAMPION","translator":null,"weight":510,"page_count":null,"readership":null,"editor":"HONORE CHAMPION","price":6600,"published_date":"2009-06-25T22:00:00.000000Z","support":"Grand format","publisher_availability":1,"stock":0,"editions":[],"url":"https:\/\/quaidesbrumes.com\/ouvrage\/9782745319357\/templum-tragoediae-1734-la-fabrique-dune-tragedie"},{"id":"9782406066866","title":"Th\u00e9\u00e2tre complet Tome 2","description":"Cet ouvrage est le second volume du nouveau Th\u00e9\u00e2tre complet de Moli\u00e8re, dont les textes sont \u00e9tablis sur les \u00e9ditions originales, pr\u00e9sent\u00e9s et largement annot\u00e9s. Les com\u00e9dies-ballets y sont donn\u00e9es avec leurs partitions.\r\nEdition enti\u00e8rement nouvelle.","authors":["Moli\u00e8re"],"category_codes":["1000000","1080000"],"visuals":{"large":"https:\/\/images.epagine.fr\/866\/9782406066866_1_75.jpg","medium":"https:\/\/images.epagine.fr\/866\/9782406066866_1_m.jpg","thumbnail":"https:\/\/images.epagine.fr\/866\/9782406066866_1_v.jpg"},"orderable":true,"show_badge":true,"formatted_price":"98,00&nbsp;\u20ac","formatted_published_date":"12 janvier 2019","publisher_availability_label":"Sur commande","short_details":"Moli\u00e8re \u2014 CLASSIQUES GARNIER","translator":null,"weight":1460,"page_count":998,"readership":null,"editor":"CLASSIQUES GARNIER","price":9800,"published_date":"2019-01-11T23:00:00.000000Z","support":"Grand format","publisher_availability":1,"stock":0,"editions":["9782406066859"],"url":"https:\/\/quaidesbrumes.com\/ouvrage\/9782406066866\/theatre-complet-tome-2"},{"id":"9782914258425","title":"L'homme qui courait sur les r\u00e9cifs","description":"Entre pass\u00e9 et pr\u00e9sent, un amour de jeunesse.\r\nDistribution : 2 homme\/2 femme (modulable).\r\n\u00ab Gabriel - YAAAAAA !!! Je suis le ma\u00eetre de tout ce que je veux, bordel de merde ! Putain, quel pied ! Et voil\u00e0 le bonheur, je rayonne, merde ! Je marche comme un d\u00e9rat\u00e9 sur ces roches, je prends des risques et je m'essouffle \u00e0 parler aussi fort, mais personne ne m'entend, juste la mer que j'emmerde et que j'aime et m\u00eame que je me suis mouill\u00e9 les pompes sur le passage le plus simple, je suis un con, mais c'est bon, tellement bon, je suis ivre bourr\u00e9 \u00e9clat\u00e9 d\u00e9fait la gueule \u00e0 l'envers compl\u00e8tement p\u00e9t\u00e9 et rond comme une queue de pelle... mais je suis (hurlant) BIEN ! (se reprenant) Putain, je suis tellement bien que cela en devient ind\u00e9cent. J'ai honte, mais \u00e7a va pas durer longtemps !... \u00bb","authors":["Lilian Lloyd"],"category_codes":["1000000","1080000"],"visuals":{"large":"https:\/\/images.epagine.fr\/425\/9782914258425_1_75.jpg","medium":"https:\/\/images.epagine.fr\/425\/9782914258425_1_m.jpg","thumbnail":"https:\/\/images.epagine.fr\/425\/9782914258425_1_v.jpg"},"orderable":true,"show_badge":true,"formatted_price":"12,00&nbsp;\u20ac","formatted_published_date":"15 octobre 2005","publisher_availability_label":"Sur commande","short_details":"Lilian Lloyd \u2014 Eclats D'Encre","translator":null,"weight":80,"page_count":null,"readership":null,"editor":"Eclats D'Encre","price":1200,"published_date":"2005-10-14T22:00:00.000000Z","support":"Grand format","publisher_availability":1,"stock":0,"editions":[],"url":"https:\/\/quaidesbrumes.com\/ouvrage\/9782914258425\/lhomme-qui-courait-sur-les-recifs"}]}