{"data":[{"id":"9782810705344","title":"Loin de delft","description":null,"authors":["Axel Kahn"],"category_codes":["1000000","1080000","1080200","1080204"],"visuals":{"large":"https:\/\/images.epagine.fr\/344\/9782810705344_1_75.jpg","medium":"https:\/\/images.epagine.fr\/344\/9782810705344_1_m.jpg","thumbnail":"https:\/\/images.epagine.fr\/344\/9782810705344_1_v.jpg"},"orderable":true,"show_badge":true,"formatted_price":"11,00&nbsp;\u20ac","formatted_published_date":"30 novembre 2017","publisher_availability_label":"Sur commande","short_details":"Axel Kahn \u2014 Pu Du Midi","translator":null,"weight":150,"page_count":135,"readership":null,"editor":"Pu Du Midi","price":1100,"published_date":"2017-11-29T23:00:00.000000Z","support":"Grand format","publisher_availability":1,"stock":0,"editions":[],"url":"https:\/\/quaidesbrumes.com\/ouvrage\/9782810705344\/loin-de-delft"},{"id":"9782373551877","title":"Lady Macbeth","description":"La pi\u00e8ce Lady Macbeth interroge notre capacit\u00e9 \u00e0 comprendre l'autre, celui qui est trop rapidement mis sur le banc des accus\u00e9s. Tout y est racont\u00e9 en puissance et en subtilit\u00e9. Les sentiments humains, avec leurs instantan\u00e9s d'orgueil, de cruaut\u00e9, de l\u00e2chet\u00e9, sont le moteur de cette pi\u00e8ce dont la force r\u00e9side dans sa bri\u00e8vet\u00e9 intense et dans une \u00e9criture \u00e0 la fois lyrique et r\u00e9aliste, tenant en haleine le lecteur. \u00ab Le texte de Lady Macbeth oscille ainsi entre reprise litt\u00e9rale de passages shakespeariens, tous fid\u00e8lement traduits, r\u00e9\u00e9criture et libre r\u00e9interpr\u00e9tation dans une direction qu'on pourrait qualifier de f\u00e9minine plus que de f\u00e9ministe. On retrouve ici la force des images, la pr\u00e9sence obs\u00e9dante du sang, des oiseaux pr\u00e9dateurs ou de mauvais augure, et de la t\u00e2che qui signe une culpabilit\u00e9 ind\u00e9l\u00e9bile. \u00bb - Extrait de la pr\u00e9face de Fran\u00e7ois Laroque.\r","authors":["Gaspare Dori","Pamella Edouard","Fran\u00e7ois Laroque"],"category_codes":["1000000","1080000"],"visuals":{"large":"https:\/\/images.epagine.fr\/877\/9782373551877_1_75.jpg","medium":"https:\/\/images.epagine.fr\/877\/9782373551877_1_m.jpg","thumbnail":"https:\/\/images.epagine.fr\/877\/9782373551877_1_v.jpg"},"orderable":true,"show_badge":true,"formatted_price":"13,00&nbsp;\u20ac","formatted_published_date":"5 mars 2018","publisher_availability_label":"Sur commande","short_details":"Gaspare Dori, Pamella Edouard, Fran\u00e7ois Laroque \u2014 \u00c9ditions Unicit\u00e9","translator":null,"weight":300,"page_count":64,"readership":null,"editor":"\u00c9ditions Unicit\u00e9","price":1300,"published_date":"2018-03-04T23:00:00.000000Z","support":"Grand format","publisher_availability":1,"stock":0,"editions":[],"url":"https:\/\/quaidesbrumes.com\/ouvrage\/9782373551877\/lady-macbeth"},{"id":"9782373558357","title":"Apollonie et Baudelaire : adaptation th\u00e9\u00e2trale C. Debayle et G.M. About","description":"Apollonie Sabatier reproche \u00e0 son amant, Alfred Mosselman, de l'avoir fait poser pour une sculpture sulfureuse, \u00ab Femme piqu\u00e9e par un serpent \u00bb, \u00e0 pr\u00e9sent au mus\u00e9e d'Orsay. Elle s'en confie \u00e0 sa jeune soeur, Ad\u00e8le, et \u00e0 l'ami \u00e9crivain, Th\u00e9ophile Gautier. Un mauvais souvenir qui la poursuivra jusqu'\u00e0 sa relation amoureuse avec Charles Baudelaire. Ce dernier idol\u00e2tre Apollo-nie, sa d\u00e9esse, qui lui inspirera dix po\u00e8mes. Peu apr\u00e8s le proc\u00e8s des \u00ab Fleurs du Mal \u00bb, ils vivront leur premi\u00e8re nuit d'amour. Mais avec Baudelaire, rien n'est simple. C'est sans compter l'imagination d'Apollonie Sabatier, pr\u00e9si-dente d'un salon litt\u00e9raire, femme brillante et libre. Une pi\u00e8ce grin\u00e7ante et souriante sur la passion amoureuse entre la muse et son po\u00e8te.","authors":["Georges-Marie About","C\u00e9line Debayle"],"category_codes":["1000000","1080000"],"visuals":{"large":"https:\/\/images.epagine.fr\/357\/9782373558357_1_75.jpg","medium":"https:\/\/images.epagine.fr\/357\/9782373558357_1_m.jpg","thumbnail":"https:\/\/images.epagine.fr\/357\/9782373558357_1_v.jpg"},"orderable":true,"show_badge":true,"formatted_price":"14,00&nbsp;\u20ac","formatted_published_date":"31 janvier 2023","publisher_availability_label":"Sur commande","short_details":"Georges-Marie About, C\u00e9line Debayle \u2014 \u00c9ditions Unicit\u00e9","translator":null,"weight":270,"page_count":132,"readership":null,"editor":"\u00c9ditions Unicit\u00e9","price":1400,"published_date":"2023-01-30T23:00:00.000000Z","support":"Grand format","publisher_availability":1,"stock":0,"editions":[],"url":"https:\/\/quaidesbrumes.com\/ouvrage\/9782373558357\/apollonie-et-baudelaire-adaptation-theatrale-c-debayle-et-gm-about"},{"id":"9782313005958","title":"La fleur jaune et l'arbre parlant - [Il fiore giallo e l'albero parlante], de Beniamino Joppolo","description":"La fleur jaune et l'arbre parlant est une com\u00e9die am\u00e8re. Structur\u00e9e en quatre tableaux compl\u00e9mentaires, elle pr\u00e9sente cinquante-trois personnages ou groupes de protagonistes. Elle met en sc\u00e8ne un photographe visionnaire, autrefois exploit\u00e9 par ses pairs pour ses qualit\u00e9s professionnelles, et d\u00e9sormais prot\u00e9g\u00e9 par deux secr\u00e9taires bienveillants. Le ma\u00eetre photographe finit par renier le monde dont il a pourtant dessin\u00e9 les contours gr\u00e2ce aux pouvoirs incantatoires dont seraient dot\u00e9s ses instruments. Ses deux jeunes assistants le secondent depuis qu'une c\u00e9cit\u00e9 la affect\u00e9. Le ma\u00eetre d\u00e9sire \u00e0 pr\u00e9sent tourner la page dun pass\u00e9 prometteur mais illusoire, et veut participer \u00e0 la gen\u00e8se dun nouveau monde domin\u00e9 par le cosmos. Un nouvel ordre social finit par \u00eatre mis sur pied autour de cr\u00e9atures mystiques et de personnages farfelus. Ce monde est pr\u00e9sid\u00e9 par deux plantes incroyables : un arbre argent\u00e9 et une fleur dor\u00e9e.","authors":["St\u00e9phane Resche","Beniamino Joppolo"],"category_codes":["1000000","1080000","1080400"],"visuals":{"large":"https:\/\/images.epagine.fr\/958\/9782313005958_1_75.jpg","medium":"https:\/\/images.epagine.fr\/958\/9782313005958_1_m.jpg","thumbnail":"https:\/\/images.epagine.fr\/958\/9782313005958_1_v.jpg"},"orderable":true,"show_badge":true,"formatted_price":"34,00&nbsp;\u20ac","formatted_published_date":"4 septembre 2019","publisher_availability_label":"Sur commande","short_details":"St\u00e9phane Resche, Beniamino Joppolo \u2014 Chemin de traverse","translator":null,"weight":360,"page_count":242,"readership":null,"editor":"Chemin de traverse","price":3400,"published_date":"2019-09-03T22:00:00.000000Z","support":"Grand format","publisher_availability":1,"stock":0,"editions":[],"url":"https:\/\/quaidesbrumes.com\/ouvrage\/9782313005958\/la-fleur-jaune-et-larbre-parlant-il-fiore-giallo-e-lalbero-parlante-de-beniamino-joppolo"},{"id":"9782313006030","title":"Abhumanisme, responsabilit\u00e9 sociale et chant de l'univers","description":"Premi\u00e8re \u00e9tude sp\u00e9cifiquement consacr\u00e9e \u00e0 Beniamino Joppolo (1906-1963), cet ouvrage cible l'oeuvre th\u00e9\u00e2trale compl\u00e8te du dramaturge et essayiste sicilien en prenant appui sur sa pens\u00e9e philosophique qui convergea vers les pr\u00e9ceptes abhumanistes. Le volume suit le cheminement biographique, esth\u00e9tique, po\u00e9tique, politique de l'auteur et sp\u00e9cifie la situation dans laquelle chacune des pi\u00e8ces a \u00e9t\u00e9 \u00e9labor\u00e9e, avant d'en questionner l'identit\u00e9 artistique et l'impact sc\u00e9nique.","authors":["St\u00e9phane Resche"],"category_codes":["1000000","1080000","1080300"],"visuals":{"large":"https:\/\/images.epagine.fr\/030\/9782313006030_1_75.jpg","medium":"https:\/\/images.epagine.fr\/030\/9782313006030_1_m.jpg","thumbnail":"https:\/\/images.epagine.fr\/030\/9782313006030_1_v.jpg"},"orderable":true,"show_badge":true,"formatted_price":"46,00&nbsp;\u20ac","formatted_published_date":"18 septembre 2019","publisher_availability_label":"Sur commande","short_details":"St\u00e9phane Resche \u2014 Chemin de traverse","translator":null,"weight":850,"page_count":618,"readership":null,"editor":"Chemin de traverse","price":4600,"published_date":"2019-09-17T22:00:00.000000Z","support":"Grand format","publisher_availability":1,"stock":0,"editions":[],"url":"https:\/\/quaidesbrumes.com\/ouvrage\/9782313006030\/abhumanisme-responsabilite-sociale-et-chant-de-lunivers"},{"id":"9782386382048","title":"Mon P\u00e8re et Van Gogh : Le dernier voyage","description":null,"authors":["Pablo Pobl\u00e8te"],"category_codes":["1000000","1080000"],"visuals":{"large":"https:\/\/images.epagine.fr\/048\/9782386382048_1_75.jpg","medium":"https:\/\/images.epagine.fr\/048\/9782386382048_1_m.jpg","thumbnail":"https:\/\/images.epagine.fr\/048\/9782386382048_1_v.jpg"},"orderable":true,"show_badge":true,"formatted_price":"13,00&nbsp;\u20ac","formatted_published_date":"30 mai 2025","publisher_availability_label":"Sur commande","short_details":"Pablo Pobl\u00e8te \u2014 \u00c9ditions Unicit\u00e9","translator":null,"weight":200,"page_count":126,"readership":"Tout public","editor":"\u00c9ditions Unicit\u00e9","price":1300,"published_date":"2025-05-29T22:00:00.000000Z","support":"Grand format","publisher_availability":1,"stock":0,"editions":[],"url":"https:\/\/quaidesbrumes.com\/ouvrage\/9782386382048\/mon-pere-et-van-gogh-le-dernier-voyage"},{"id":"9782373555295","title":"D\u00e9bris","description":"Dans un camp de r\u00e9fugi\u00e9s syriens \u00e0 la fronti\u00e8re du Liban, un couple de Sy-riens catholiques y r\u00e9side. Fuyant la guerre, il est h\u00e9berg\u00e9 dans cet espace clos ; \u00ab une tente \u00bb. L'homme, ancien enseignant, trompe son inactivit\u00e9 en r\u00e9digeant des lettres aux d\u00e9l\u00e9gu\u00e9s des Nations-Unis et au Commissariat des r\u00e9fugi\u00e9s pour d\u00e9crire sa condition d'existence, et la femme l'exhorte \u00e0 trouver un emploi. Les deux personnages sont hant\u00e9s par les souvenirs de l'avant-guerre, l'ins\u00e9curit\u00e9 et la peur m\u00eame au sein de ce camp qu'ils qualifient de \u00ab tremplin \u00bb. L'homme et la femme \u00e9voquent sans rel\u00e2che la disparition de leur fils, se soutiennent dans l'espoir de le retrouver, mais doivent aussi affronter la survie dans un camp, l'absence de perspectives. La r\u00e9alit\u00e9 des \u00ab barbares \u00bb les rejoint entre autres sous l'apparence d'une fille enlev\u00e9e, viol\u00e9e, meurtrie par les hommes aux drapeaux noirs. La pi\u00e8ce nous confronte avec l'\u00e9ternelle question : comment parler des atrocit\u00e9s de la guerre, des camps, de l'exil au th\u00e9\u00e2tre ? Les dialogues sont r\u00e9alistes, la forme est classique, la pi\u00e8ce commence de mani\u00e8re assez comique en citant les petites l\u00e2chet\u00e9s du quotidien, mais nous sommes dans un camp de r\u00e9fugi\u00e9s et on prend progressivement conscience du temps fig\u00e9, de l'absence de perspectives, de mani\u00e8re frontale. Cette pi\u00e8ce de th\u00e9\u00e2tre raconte de mani\u00e8re simple et \u00e9difiante la condition de n'importe quel r\u00e9fugi\u00e9.\r","authors":["Mountajab Sakr"],"category_codes":["1000000","1080000"],"visuals":{"large":"https:\/\/images.epagine.fr\/295\/9782373555295_1_75.jpg","medium":"https:\/\/images.epagine.fr\/295\/9782373555295_1_m.jpg","thumbnail":"https:\/\/images.epagine.fr\/295\/9782373555295_1_v.jpg"},"orderable":true,"show_badge":true,"formatted_price":"13,00&nbsp;\u20ac","formatted_published_date":"5 f\u00e9vrier 2021","publisher_availability_label":"Sur commande","short_details":"Mountajab Sakr \u2014 \u00c9ditions Unicit\u00e9","translator":null,"weight":170,"page_count":82,"readership":null,"editor":"\u00c9ditions Unicit\u00e9","price":1300,"published_date":"2021-02-04T23:00:00.000000Z","support":"Grand format","publisher_availability":1,"stock":0,"editions":[],"url":"https:\/\/quaidesbrumes.com\/ouvrage\/9782373555295\/debris"},{"id":"9782371440081","title":"Un japonais dans le rouergue - comedie en 4 actes","description":null,"authors":["Absous Francis"],"category_codes":["1000000","1080000"],"visuals":{"large":"https:\/\/quaidesbrumes.com\/img\/book-placeholder.png","medium":"https:\/\/quaidesbrumes.com\/img\/book-placeholder.png","thumbnail":"https:\/\/quaidesbrumes.com\/img\/book-placeholder.png"},"orderable":true,"show_badge":true,"formatted_price":"8,00&nbsp;\u20ac","formatted_published_date":"11 avril 2018","publisher_availability_label":"Sur commande","short_details":"Absous Francis \u2014 Abs","translator":null,"weight":103,"page_count":66,"readership":null,"editor":"Abs","price":800,"published_date":"2018-04-10T22:00:00.000000Z","support":"Grand format","publisher_availability":1,"stock":0,"editions":[],"url":"https:\/\/quaidesbrumes.com\/ouvrage\/9782371440081\/un-japonais-dans-le-rouergue-comedie-en-4-actes"},{"id":"9782373557046","title":"Hangb\u00e8","description":"\u00c0 la disparition du roi Akaba qui est son fr\u00e8re jumeau, Hangb\u00e8 se doit de porter la destin\u00e9e de son peuple et de faire face tout \u00e0 la fois aux invasions et \u00e0 l'hostilit\u00e9 d'une soci\u00e9t\u00e9 \u00e0 dominance patriarcale. Rythm\u00e9e et po\u00e9tique, cette \u00e9pop\u00e9e rend justice \u00e0 une femme l\u00e9gendaire qui r\u00e9gna de 1708 \u00e0 1711 et cr\u00e9a le corps des amazones du Danxom\u00e8.","authors":["Kokouvi Dzifa Galley"],"category_codes":["1000000","1080000"],"visuals":{"large":"https:\/\/images.epagine.fr\/046\/9782373557046_1_75.jpg","medium":"https:\/\/images.epagine.fr\/046\/9782373557046_1_m.jpg","thumbnail":"https:\/\/images.epagine.fr\/046\/9782373557046_1_v.jpg"},"orderable":true,"show_badge":true,"formatted_price":"13,00&nbsp;\u20ac","formatted_published_date":"24 octobre 2022","publisher_availability_label":"Sur commande","short_details":"Kokouvi Dzifa Galley \u2014 \u00c9ditions Unicit\u00e9","translator":null,"weight":150,"page_count":74,"readership":null,"editor":"\u00c9ditions Unicit\u00e9","price":1300,"published_date":"2022-10-23T22:00:00.000000Z","support":"Grand format","publisher_availability":1,"stock":0,"editions":[],"url":"https:\/\/quaidesbrumes.com\/ouvrage\/9782373557046\/hangbe"},{"id":"9782373558265","title":"Cuir ou violon pr\u00e9c\u00e9d\u00e9 de perch\u00e9 sur un banc","description":"\u00ab Au coeur du violon, cach\u00e9e dans le ventricule de bois creux, derri\u00e8re les boyaux des cordes, il y avait, dormant dans l'\u00e2me, une toute petite fille (...). Le chant du violon, c'\u00e9tait sa voix. \u00bb Claire veut \u00e0 tout prix prouver \u00e0 Antonio que sa veste n'est pas en cuir. Gagn\u00e9 par le doute, Antonio se met \u00e0 d\u00e9fendre le bienfait de l'illusion. Croyant ouvrir les yeux de Claire, il entame la narration d'un conte, l'histoire du violon, dont Claire voudra s'emparer \u00e0 son tour. Cette pi\u00e8ce, qui oscille entre disputes et moments de gr\u00e2ce, offre un d\u00e9bat vertigineux sur la question de la v\u00e9rit\u00e9, de l'illusion et du mensonge. L'histoire du violon, qui nous est racont\u00e9e \u00e0 deux voix, va elle-m\u00eame jusqu'\u00e0 nous donner l'impression d'une fiction aux choix multiples, qui serait en train de se cr\u00e9er sous nos yeux.","authors":["Jennifer Grousselas"],"category_codes":["1000000","1080000"],"visuals":{"large":"https:\/\/images.epagine.fr\/265\/9782373558265_1_75.jpg","medium":"https:\/\/images.epagine.fr\/265\/9782373558265_1_m.jpg","thumbnail":"https:\/\/images.epagine.fr\/265\/9782373558265_1_v.jpg"},"orderable":true,"show_badge":true,"formatted_price":"14,00&nbsp;\u20ac","formatted_published_date":"5 janvier 2023","publisher_availability_label":"Sur commande","short_details":"Jennifer Grousselas \u2014 \u00c9ditions Unicit\u00e9","translator":null,"weight":170,"page_count":82,"readership":null,"editor":"\u00c9ditions Unicit\u00e9","price":1400,"published_date":"2023-01-04T23:00:00.000000Z","support":"Grand format","publisher_availability":1,"stock":0,"editions":[],"url":"https:\/\/quaidesbrumes.com\/ouvrage\/9782373558265\/cuir-ou-violon-precede-de-perche-sur-un-banc"},{"id":"9782373558371","title":"Camille L'insoumise : Psycho-monologue th\u00e9\u00e2tral (Fran\u00e7ais, espagnol, anglais) Avec Psycho-portraits et un po\u00e8me Paris, France, Trois-Rivi\u00e8res, Qu\u00e9bec. 2021-2022","description":"Cette oeuvre est con\u00e7ue comme un Psycho-monologue. Tous les personnages avec leurs voix font partie d'une m\u00eame voix-d\u00e9lire-psycho pensante, exprim\u00e9e dans cette oeuvre th\u00e9\u00e2trale par le personnage de Camille Claudel, qui \u00e0 travers ses \u00ab voix int\u00e9rieures \u00bb essaie d'exorciser et de d\u00e9noncer une situation injuste dans une soci\u00e9t\u00e9 fran\u00e7aise conservatrice et castratrice envers les femmes du 19e si\u00e8cle. Camille Claudel ne cesse d'incarner les voix de ses proches, telles que celles de sa m\u00e8re, de son p\u00e8re, de Rodin, de son fr\u00e8re Paul, de sa soeur Louise et celle de son m\u00e9decin. Ainsi elle arrive \u00e0 projeter son drame humain, psychologique au milieu d'une effrayante incompr\u00e9hension familiale et d'une soci\u00e9t\u00e9 hypocrite, vivant dans une infernale solitude, jusqu'\u00e0 sa mort. Je salue vivement la cr\u00e9ation du merveilleux Mus\u00e9e Camille Claudel \u00e0 Nogent sur-Marne.","authors":["Pablo Pobl\u00e8te"],"category_codes":["1000000","1080000"],"visuals":{"large":"https:\/\/images.epagine.fr\/371\/9782373558371_1_75.jpg","medium":"https:\/\/images.epagine.fr\/371\/9782373558371_1_m.jpg","thumbnail":"https:\/\/images.epagine.fr\/371\/9782373558371_1_v.jpg"},"orderable":true,"show_badge":true,"formatted_price":"16,00&nbsp;\u20ac","formatted_published_date":"31 janvier 2023","publisher_availability_label":"Sur commande","short_details":"Pablo Pobl\u00e8te \u2014 \u00c9ditions Unicit\u00e9","translator":null,"weight":350,"page_count":172,"readership":null,"editor":"\u00c9ditions Unicit\u00e9","price":1600,"published_date":"2023-01-30T23:00:00.000000Z","support":"Grand format","publisher_availability":1,"stock":0,"editions":[],"url":"https:\/\/quaidesbrumes.com\/ouvrage\/9782373558371\/camille-linsoumise-psycho-monologue-theatral-francais-espagnol-anglais-avec-psycho-portraits-et-un-poeme-paris-france-trois-rivieres-quebec-2021-2022"},{"id":"9791042278069","title":"L'irresponsabilit\u00e9 du responsable","description":"En quittant son village natal pour embrasser les promesses de la ville, Amoin nourrit l'espoir d'un avenir lumineux. Mais ses illusions s'effritent face \u00e0 une r\u00e9alit\u00e9 implacable : trahie par ceux qui devaient l'aimer, exploit\u00e9e par ceux cens\u00e9s la prot\u00e9ger, elle se retrouve seule, broy\u00e9e par le tumulte d'un quotidien impitoyable et l'exigence d'\u00e9tudes sans r\u00e9pit. C'est dans cette fragilit\u00e9 que surgit Alain, \u00e9tudiant au charme enveloppant, mais dont les intentions se r\u00e9v\u00e8lent bien plus sombres qu'il n'y para\u00eet.\r\nDerri\u00e8re les apparences et les promesses, un pi\u00e8ge insidieux se referme. Amoin saura-t-elle \u00e9chapper \u00e0 l'engrenage et reconqu\u00e9rir sa libert\u00e9 ?","authors":["Konan Raoul Kouassi"],"category_codes":["1000000","1080000"],"visuals":{"large":"https:\/\/images.epagine.fr\/069\/9791042278069_1_75.jpg","medium":"https:\/\/images.epagine.fr\/069\/9791042278069_1_m.jpg","thumbnail":"https:\/\/images.epagine.fr\/069\/9791042278069_1_v.jpg"},"orderable":true,"show_badge":true,"formatted_price":"12,00&nbsp;\u20ac","formatted_published_date":"17 juillet 2025","publisher_availability_label":"Sur commande","short_details":"Konan Raoul Kouassi \u2014 Le Lys Bleu","translator":null,"weight":131,"page_count":100,"readership":null,"editor":"Le Lys Bleu","price":1200,"published_date":"2025-07-16T22:00:00.000000Z","support":"Grand format","publisher_availability":1,"stock":0,"editions":[],"url":"https:\/\/quaidesbrumes.com\/ouvrage\/9791042278069\/lirresponsabilite-du-responsable"},{"id":"9782371441002","title":"Le Grazziator","description":"Avec les pleins pouvoirs, le Grazziator g\u00e8re comme il l'entend - et donc sans piti\u00e9 pour son bon plaisir - la vie des citoyens. Quand il meurt, un autre lui succ\u00e8de, parfois pire, rarement meilleur. Et si, pour une fois, par un hasard incongru, un homme du peuple prenait sa place ? Pourrait-il rendre les gens heureux ? Le pouvoir lui tournerait-il la t\u00eate ? Une fable cyniquement dr\u00f4le et cruellement r\u00e9aliste, \u00e9crite en alexandrins contemporains.","authors":["Eric Beauvillain"],"category_codes":["1000000","1080000"],"visuals":{"large":"https:\/\/images.epagine.fr\/002\/9782371441002_1_75.jpg","medium":"https:\/\/images.epagine.fr\/002\/9782371441002_1_m.jpg","thumbnail":"https:\/\/images.epagine.fr\/002\/9782371441002_1_v.jpg"},"orderable":true,"show_badge":true,"formatted_price":"10,00&nbsp;\u20ac","formatted_published_date":"28 novembre 2024","publisher_availability_label":"Sur commande","short_details":"Eric Beauvillain \u2014 Abs","translator":null,"weight":201,"page_count":null,"readership":null,"editor":"Abs","price":1000,"published_date":"2024-11-27T23:00:00.000000Z","support":"Grand format","publisher_availability":1,"stock":0,"editions":[],"url":"https:\/\/quaidesbrumes.com\/ouvrage\/9782371441002\/le-grazziator"},{"id":"9782371441040","title":"198 jours","description":"N, B et P se connaissent depuis l'enfance, se sont suivis du coll\u00e8ge au lyc\u00e9e. Ce qu'ils aiment par-dessus tout ? \u00catre ensemble, ne faire qu'un bloc, exister en partageant leurs interrogations et leurs r\u00e9flexions sur cette p\u00e9riode qu'est l'adolescence. L'histoire se d\u00e9roule de d\u00e9but janvier jusqu'aux vacances d'\u00e9t\u00e9, avant leur entr\u00e9e en terminale Derri\u00e8re l'intimit\u00e9 de l'adolescence, cette p\u00e9riode o\u00f9 l'on se cherche, s'interroge, s'identifie au groupe avec ses codes et ses r\u00e8gles pour exister pleinement, se cache un drame qui va bouleverser le trio...","authors":["V\u00e9ronique Fortun\u00e9"],"category_codes":["1000000","1080000","1080500"],"visuals":{"large":"https:\/\/images.epagine.fr\/040\/9782371441040_1_75.jpg","medium":"https:\/\/images.epagine.fr\/040\/9782371441040_1_m.jpg","thumbnail":"https:\/\/images.epagine.fr\/040\/9782371441040_1_v.jpg"},"orderable":true,"show_badge":true,"formatted_price":"11,00&nbsp;\u20ac","formatted_published_date":"15 mai 2025","publisher_availability_label":"Sur commande","short_details":"V\u00e9ronique Fortun\u00e9 \u2014 Abs","translator":null,"weight":88,"page_count":50,"readership":"Tout public","editor":"Abs","price":1100,"published_date":"2025-05-14T22:00:00.000000Z","support":"Grand format","publisher_availability":1,"stock":0,"editions":[],"url":"https:\/\/quaidesbrumes.com\/ouvrage\/9782371441040\/198-jours"},{"id":"9782958791230","title":"Coming Ouf","description":null,"authors":["C\u00e9cile Gillet"],"category_codes":["1000000","1080000"],"visuals":{"large":"https:\/\/images.epagine.fr\/230\/9782958791230_1_75.jpg","medium":"https:\/\/images.epagine.fr\/230\/9782958791230_1_m.jpg","thumbnail":"https:\/\/images.epagine.fr\/230\/9782958791230_1_v.jpg"},"orderable":true,"show_badge":true,"formatted_price":"10,00&nbsp;\u20ac","formatted_published_date":"30 ao\u00fbt 2025","publisher_availability_label":"Sur commande","short_details":"C\u00e9cile Gillet \u2014 Cecile Gillet","translator":null,"weight":97,"page_count":76,"readership":null,"editor":"Cecile Gillet","price":1000,"published_date":"2025-08-29T22:00:00.000000Z","support":"Grand format","publisher_availability":1,"stock":0,"editions":[],"url":"https:\/\/quaidesbrumes.com\/ouvrage\/9782958791230\/coming-ouf"},{"id":"9791040619352","title":"Une jeunesse \u00e0 la recherche de son avenir : Mai 68","description":"Mars 1968. Dans une salle de permanence, une dispute \u00e9clate entre neuf lyc\u00e9ens, brisant leur amiti\u00e9 et les s\u00e9parant pour dix-huit longues ann\u00e9es. Chacun suit son chemin, emport\u00e9 par les bouleversements d'une \u00e9poque en effervescence. Mais un jour, l'un d'eux d\u00e9cide de les r\u00e9unir. Les retrouvailles r\u00e9veillent les liens du pass\u00e9, plus forts que jamais. Ensemble, ils choisissent de raviver leurs id\u00e9aux de jeunesse et de se lancer dans une nouvelle aventure, port\u00e9e par l'amiti\u00e9 retrouv\u00e9e et l'espoir d'un avenir \u00e0 r\u00e9inventer.\r\n \r\nStan GEORGES, n\u00e9 en 1951, a \u00e9t\u00e9 t\u00e9moin des bouleversements de mai 68 pendant ses \u00e9tudes d'histoire \u00e0 Nanterre. Sa carri\u00e8re \u00e9clectique l'a men\u00e9 \u00e0 diriger diverses entreprises en difficult\u00e9, de la publication \u00e0 la chaudronnerie industrielle, en passant par la gestion d'un h\u00f4pital priv\u00e9 et d'une entreprise de b\u00e2timent. Son exp\u00e9rience riche en sauvetages d'emplois a nourri son \u00e9criture, lui permettant de transmettre une vision authentique de la soci\u00e9t\u00e9 et de l'\u00e9conomie fran\u00e7aises dans son oeuvre litt\u00e9raire.","authors":["Stan Georges"],"category_codes":["1000000","1080000"],"visuals":{"large":"https:\/\/images.epagine.fr\/352\/9791040619352_1_75.jpg","medium":"https:\/\/images.epagine.fr\/352\/9791040619352_1_m.jpg","thumbnail":"https:\/\/images.epagine.fr\/352\/9791040619352_1_v.jpg"},"orderable":true,"show_badge":true,"formatted_price":"22,50&nbsp;\u20ac","formatted_published_date":"24 ao\u00fbt 2025","publisher_availability_label":"Sur commande","short_details":"Stan Georges \u2014 LES TROIS COLONNES","translator":null,"weight":477,"page_count":398,"readership":null,"editor":"LES TROIS COLONNES","price":2250,"published_date":"2025-08-23T22:00:00.000000Z","support":"Grand format","publisher_availability":1,"stock":0,"editions":[],"url":"https:\/\/quaidesbrumes.com\/ouvrage\/9791040619352\/une-jeunesse-a-la-recherche-de-son-avenir-mai-68"},{"id":"9782871066194","title":"20 ans de theatre en liberte","description":null,"authors":["Collectif"],"category_codes":["1000000","1080000"],"visuals":{"large":"https:\/\/quaidesbrumes.com\/img\/book-placeholder.png","medium":"https:\/\/quaidesbrumes.com\/img\/book-placeholder.png","thumbnail":"https:\/\/quaidesbrumes.com\/img\/book-placeholder.png"},"orderable":true,"show_badge":true,"formatted_price":"10,00&nbsp;\u20ac","formatted_published_date":"1er septembre 2012","publisher_availability_label":"Sur commande","short_details":"Collectif \u2014 Parole et Silence","translator":null,"weight":350,"page_count":null,"readership":null,"editor":"Parole et Silence","price":1000,"published_date":"2012-08-31T22:00:00.000000Z","support":"Grand format","publisher_availability":1,"stock":0,"editions":[],"url":"https:\/\/quaidesbrumes.com\/ouvrage\/9782871066194\/20-ans-de-theatre-en-liberte"},{"id":"9782868205872","title":"Th\u00e9\u00e2tre et m\u00e9tath\u00e9\u00e2tre dans l'oeuvre de Luis Riaza","description":"Partant du postulat de Michel Vinaver selon lequel comprendre une oeuvre dramatique, c'est comprendre son mode de fonctionnement dramaturgique, cet ouvrage propose une analyse des diff\u00e9rentes formes de m\u00e9tath\u00e9\u00e2tralit\u00e9 qui sont le fondement du processus cr\u00e9atif chez Luis Riaza, en particulier dans les quatre pi\u00e8ces qui constituent son \" cycle du pouvoir \". L'oeuvre de Luis Riaza Garnacho (Madrid, 1925) s'inscrit en effet dans une forme d'anti-th\u00e9\u00e2tre qui, depuis Calderon et Shakespeare, en passant par Pirandello, Beckett et Genet, s'ing\u00e9nie \u00e0 confondre, m\u00e9langer et estomper les fronti\u00e8res entre vie et th\u00e9\u00e2tre. \r\nAvec celles de Francisco Nieva et de Miguel Romero Esteo cette oeuvre appartient au \" Nuevo Teatro \" des ann\u00e9es 1960-1970, n\u00e9 de la volont\u00e9 de battre en br\u00e8che le r\u00e9alisme anachronique de la sc\u00e8ne espagnole de l'\u00e9poque. L'oeuvre dramatique et po\u00e9tique de Riaza, qui s'inscrit dans une modalit\u00e9 c\u00e9r\u00e9monielle et proc\u00e8de au d\u00e9montage et au recyclage permanent des dramaturgies du pass\u00e9, du myst\u00e8re m\u00e9di\u00e9val au th\u00e9\u00e2tre de l'absurde, en passant par la comedia, le drame romantique ou l'esperpento, est sans doute l'une des plus riches et des plus originales du r\u00e9pertoire espagnol contemporain depuis Valle-Inclan.\r","authors":["Carole Egger"],"category_codes":["1000000","1080000"],"visuals":{"large":"https:\/\/images.epagine.fr\/872\/9782868205872_1_75.jpg","medium":"https:\/\/images.epagine.fr\/872\/9782868205872_1_m.jpg","thumbnail":"https:\/\/images.epagine.fr\/872\/9782868205872_1_v.jpg"},"orderable":true,"show_badge":true,"formatted_price":"25,00&nbsp;\u20ac","formatted_published_date":"4 f\u00e9vrier 2015","publisher_availability_label":"Sur commande","short_details":"Carole Egger \u2014 Pu De Strasbourg","translator":null,"weight":522,"page_count":282,"readership":null,"editor":"Pu De Strasbourg","price":2500,"published_date":"2015-02-03T23:00:00.000000Z","support":"Grand format","publisher_availability":1,"stock":0,"editions":[],"url":"https:\/\/quaidesbrumes.com\/ouvrage\/9782868205872\/theatre-et-metatheatre-dans-loeuvre-de-luis-riaza"},{"id":"9782851945792","title":"Treize chansons de l'amour noir","description":"Le po\u00e8me d'amour, s'il est un genre, est \u00e0 jamais in\u00e9puisable. Mais n'est-il pas plut\u00f4t la source m\u00eame de la po\u00e9sie ? De cette source vive, Jacques R\u00e9da a rapport\u00e9 treize gorg\u00e9es de fra\u00eecheur et d'amertume qui d\u00e9routent par les forces conjugu\u00e9es de leur universalit\u00e9 et de leur tour familier. Le po\u00e8te se pla\u00eet d'ailleurs (par simple fac\u00e9tie ?) \u00e0 pr\u00e9senter ces chansons comme \u00abtraduites de diverses langues \"r\u00e9gionales\", en particulier du bas haut-marnais et du haut morvandiau\u00bb et leur pr\u00eate une \u00aborigine populaire souvent fort ancienne\u00bb.","authors":["Jacques R\u00e9da"],"category_codes":["1000000","1080000"],"visuals":{"large":"https:\/\/images.epagine.fr\/792\/9782851945792_1_75.jpg","medium":"https:\/\/images.epagine.fr\/792\/9782851945792_1_m.jpg","thumbnail":"https:\/\/images.epagine.fr\/792\/9782851945792_1_v.jpg"},"orderable":true,"show_badge":true,"formatted_price":"13,00&nbsp;\u20ac","formatted_published_date":"6 septembre 2002","publisher_availability_label":"Sur commande","short_details":"Jacques R\u00e9da \u2014 \u00c9ditions Fata Morgana","translator":null,"weight":90,"page_count":null,"readership":null,"editor":"\u00c9ditions Fata Morgana","price":1300,"published_date":"2002-09-05T22:00:00.000000Z","support":"Grand format","publisher_availability":1,"stock":0,"editions":[],"url":"https:\/\/quaidesbrumes.com\/ouvrage\/9782851945792\/treize-chansons-de-lamour-noir"},{"id":"9791094225202","title":"Tebas Land","description":"Tebas Land s'inspire du mythe antique d'oedipe et de la vie du saint europ\u00e9en Martin au IV\u00b0 si\u00e8cle ; c'est d'autre part une affaire judicaire cr\u00e9\u00e9e et imagin\u00e9e par l'auteur. Il est question du jugement et de l'emprisonnement d'un jeune parricide, Mart\u00edn Santos, figure centrale et prismatique. Mart\u00edn a tu\u00e9 son p\u00e8re de vingt-et-un coups de fourchette et porte un chapelet de p\u00e9tales de rose que lui a offert sa m\u00e8re. Le corps assassin, le corps abus\u00e9 et le corps \u00e9rotique forment un seul et m\u00eame lieu chez Blanco, celui d'une parole qu'il est sans cesse urgent de formuler. Ce texte est aussi le r\u00e9cit dramatique d'un auteur qui se rend en prison - o\u00f9 il retrouve r\u00e9guli\u00e8rement le jeune parricide sur un terrain de basket ball. Il s'entretient avec lui dans le but d'\u00e9crire son oeuvre mais aussi dans l'optique de le voir jouer son propre r\u00f4le. Progressivement, ce n'est pas tant la sc\u00e8ne du crime que sa repr\u00e9sentation sc\u00e9nique qui s'av\u00e8re invraisemblable. La question \u00ab comment peut-on tuer quelqu'un \u00bb devient \u00ab comment repr\u00e9senter un criminel, une personne qui tue une autre personne ? \u00bb Entre reconstitution d'un meurtre et enqu\u00eate sur l'amour filial, le labyrinthe des mots se d\u00e9ploie \u00e0 travers ce remarquable drame contemporain.","authors":["Sergio Blanco","Philippe Koscheleff"],"category_codes":["1000000","1080000","1080500"],"visuals":{"large":"https:\/\/images.epagine.fr\/202\/9791094225202_1_75.jpg","medium":"https:\/\/images.epagine.fr\/202\/9791094225202_1_m.jpg","thumbnail":"https:\/\/images.epagine.fr\/202\/9791094225202_1_v.jpg"},"orderable":true,"show_badge":true,"formatted_price":"12,50&nbsp;\u20ac","formatted_published_date":"19 ao\u00fbt 2019","publisher_availability_label":"Sur commande","short_details":"Sergio Blanco, Philippe Koscheleff \u2014 Actualites Editions","translator":"PHILIPPE KOSCHELEFF","weight":190,"page_count":182,"readership":null,"editor":"Actualites Editions","price":1250,"published_date":"2019-08-18T22:00:00.000000Z","support":"Grand format","publisher_availability":1,"stock":0,"editions":[],"url":"https:\/\/quaidesbrumes.com\/ouvrage\/9791094225202\/tebas-land"},{"id":"9791042810580","title":"L'\u00cele sans fin","description":"C'est une \u00eele isol\u00e9e au milieu d'une eau trouble. Une \u00eele o\u00f9 la vie est pr\u00e9cieuse et la mort confidentielle. Une \u00eele o\u00f9 l'on s'occupe des humains, ceux qui d\u00e9barquent, ceux qui s'\u00e9chouent, ceux qui accostent. On y vient parce qu'on souffre, parce qu'on croit en quelque chose, par d\u00e9sespoir ou par espoir, par hasard. C'est une \u00eele o\u00f9 chacun doit trouver sa place.\r\nC'est une \u00eele qui se dresse, s'organise pour la vie et qui lutte sans cesse contre son immersion. Et quand on la quitte, pour revivre ou pour mieux revenir, elle continue sans vous. C'est une \u00eele immobile qui ne s'arr\u00eate jamais. Une \u00eele sans fin.\r\nQuand L\u00e9lio d\u00e9barque sur \u00ab l'\u00eelopital \u00bb, c'est avec la fougue et la motivation d'un jeune m\u00e9decin tout juste sorti de l'\u00e9cole. Il va s'immerger dans un monde \u00e9trange et se confronter \u00e0 des situations complexes, inextricables, parfois absurdes. Mais chacune de ses rencontres, si improbables soient-elles, construit pas \u00e0 pas, dans la terre boueuse de l'\u00eele, son aventure humaine. \u00a0","authors":["S\u00e9bastien Turpault"],"category_codes":["1000000","1080000"],"visuals":{"large":"https:\/\/images.epagine.fr\/580\/9791042810580_1_75.jpg","medium":"https:\/\/images.epagine.fr\/580\/9791042810580_1_m.jpg","thumbnail":"https:\/\/images.epagine.fr\/580\/9791042810580_1_v.jpg"},"orderable":true,"show_badge":true,"formatted_price":"13,00&nbsp;\u20ac","formatted_published_date":"28 ao\u00fbt 2025","publisher_availability_label":"Sur commande","short_details":"S\u00e9bastien Turpault \u2014 LES IMPLIQUES","translator":null,"weight":139,"page_count":114,"readership":"Tout public","editor":"LES IMPLIQUES","price":1300,"published_date":"2025-08-27T22:00:00.000000Z","support":"Grand format","publisher_availability":1,"stock":0,"editions":[],"url":"https:\/\/quaidesbrumes.com\/ouvrage\/9791042810580\/lile-sans-fin"},{"id":"9791042810160","title":"Cran d'arr\u00eat","description":"Voici une pi\u00e8ce \u00e0 lire, mais aussi \u00e0 \u00e9couter, gr\u00e2ce \u00e0 un lien audio se trouvant au d\u00e9but de cet ouvrage.\r\nCran d'arr\u00eat raconte \u00e0 la fa\u00e7on d'un puzzle le passage marquant d'une jeune fille dans la vie de plusieurs personnages. Peu \u00e0 peu son destin se dessine par accumulation des pi\u00e8ces.\r\nLe contexte est celui de la r\u00e9volte sociale de la fin 2019, o\u00f9 tous les corps de m\u00e9tiers revendiquent une am\u00e9lioration de leurs conditions de vie et de travail...\r\nCette pi\u00e8ce est une fiction qui int\u00e8gre les mots des autres dans son texte.\r\nIl s'agit d'une anthologie incorpor\u00e9e, c'est-\u00e0-dire que la po\u00e9sie entre en rapport imm\u00e9diat avec ce que vivent et ressentent les personnages.","authors":["Cendrine Nuel"],"category_codes":["1000000","1080000"],"visuals":{"large":"https:\/\/images.epagine.fr\/160\/9791042810160_1_75.jpg","medium":"https:\/\/images.epagine.fr\/160\/9791042810160_1_m.jpg","thumbnail":"https:\/\/images.epagine.fr\/160\/9791042810160_1_v.jpg"},"orderable":true,"show_badge":true,"formatted_price":"12,00&nbsp;\u20ac","formatted_published_date":"28 ao\u00fbt 2025","publisher_availability_label":"Sur commande","short_details":"Cendrine Nuel \u2014 LES IMPLIQUES","translator":null,"weight":125,"page_count":102,"readership":"Tout public","editor":"LES IMPLIQUES","price":1200,"published_date":"2025-08-27T22:00:00.000000Z","support":"Grand format","publisher_availability":1,"stock":0,"editions":[],"url":"https:\/\/quaidesbrumes.com\/ouvrage\/9791042810160\/cran-darret"},{"id":"9782868101389","title":"Le Point de ros\u00e9e","description":null,"authors":["Heather Dohollau"],"category_codes":["1000000","1080000"],"visuals":{"large":"https:\/\/images.epagine.fr\/389\/9782868101389_1_75.jpg","medium":"https:\/\/images.epagine.fr\/389\/9782868101389_1_m.jpg","thumbnail":"https:\/\/images.epagine.fr\/389\/9782868101389_1_v.jpg"},"orderable":true,"show_badge":true,"formatted_price":"15,50&nbsp;\u20ac","formatted_published_date":"5 octobre 1999","publisher_availability_label":"Sur commande","short_details":"Heather Dohollau \u2014 Folle avoine","translator":null,"weight":218,"page_count":null,"readership":null,"editor":"Folle avoine","price":1550,"published_date":"1999-10-04T22:00:00.000000Z","support":"Grand format","publisher_availability":1,"stock":0,"editions":[],"url":"https:\/\/quaidesbrumes.com\/ouvrage\/9782868101389\/le-point-de-rosee"},{"id":"9782868101426","title":"Voix dans la nuit","description":null,"authors":["Jean-paul Hameury"],"category_codes":["1000000","1080000"],"visuals":{"large":"https:\/\/images.epagine.fr\/426\/9782868101426_1_75.jpg","medium":"https:\/\/images.epagine.fr\/426\/9782868101426_1_m.jpg","thumbnail":"https:\/\/images.epagine.fr\/426\/9782868101426_1_v.jpg"},"orderable":true,"show_badge":true,"formatted_price":"10,00&nbsp;\u20ac","formatted_published_date":"7 mars 2000","publisher_availability_label":"Sur commande","short_details":"Jean-paul Hameury \u2014 Folle avoine","translator":null,"weight":130,"page_count":null,"readership":null,"editor":"Folle avoine","price":1000,"published_date":"2000-03-06T23:00:00.000000Z","support":"Grand format","publisher_availability":1,"stock":0,"editions":[],"url":"https:\/\/quaidesbrumes.com\/ouvrage\/9782868101426\/voix-dans-la-nuit"}]}